{"id":109956,"date":"2024-01-08T16:46:33","date_gmt":"2024-01-08T18:46:33","guid":{"rendered":"https:\/\/www.boxrepsol.com\/?p=109956"},"modified":"2024-04-08T06:52:04","modified_gmt":"2024-04-08T08:52:04","slug":"resultados-de-la-tercera-etapa-del-rally-dakar-2024","status":"publish","type":"post","link":"https:\/\/www.boxrepsol.com\/es\/rally\/resultados-de-la-tercera-etapa-del-rally-dakar-2024\/","title":{"rendered":"Resultados de la tercera etapa del Rally Dakar 2024"},"content":{"rendered":"<figure class=\"wp-block-post-featured-image\"><img loading=\"lazy\" decoding=\"async\" width=\"1280\" height=\"600\" src=\"https:\/\/bxrepsol.s3.eu-west-1.amazonaws.com\/static\/2024\/01\/08170151\/m11-7659-1.png\" class=\"attachment-post-thumbnail size-post-thumbnail wp-post-image\" alt=\"\" style=\"object-fit:cover;\" srcset=\"https:\/\/bxrepsol.s3.eu-west-1.amazonaws.com\/static\/2024\/01\/08170151\/m11-7659-1.png 1280w, https:\/\/bxrepsol.s3.eu-west-1.amazonaws.com\/static\/2024\/01\/08170151\/m11-7659-1-300x141.png 300w, https:\/\/bxrepsol.s3.eu-west-1.amazonaws.com\/static\/2024\/01\/08170151\/m11-7659-1-1024x480.png 1024w, https:\/\/bxrepsol.s3.eu-west-1.amazonaws.com\/static\/2024\/01\/08170151\/m11-7659-1-768x360.png 768w\" sizes=\"auto, (max-width: 1280px) 100vw, 1280px\" \/><\/figure>\n\n\n<p><strong>Lucas Moraes <\/strong>se hace con una impecable <strong>victoria en la tercera etapa <\/strong>del Dakar 2024. El piloto del <strong>Toyota Gazoo Racing<\/strong> hace historia venciendo con <a href=\"https:\/\/www.boxrepsol.com\/es\/rally\/repsol-y-toyota-gazoo-racing-unen-fuerzas-a-traves-del-combustible-renovable-para-el-rally-dakar\/\">combustible renovable de Repsol<\/a> y siendo, adem\u00e1s, el primer piloto brasile\u00f1o en lograr tal haza\u00f1a.<\/p>\n\n\n\n<p>El <strong>Top10 <\/strong>de la etapa ha sido completado por Al Duwadimi &#8211; Al Salamiya lo han completado Al-Attiyah, Dumas, Sainz, Serradori, Peterhansel, Vanagas y Zala.<br><br>Cambian las tornas para Carlos Sainz que pierde el liderato tras la tercera etapa. El piloto saud\u00ed, Yazeed Al Rajhi, se coloca l\u00edder en la general ante la siguiente con destino Shubaytah.<\/p>\n\n\n\n<h3 class=\"wp-block-heading\"><strong>Tercera etapa positiva para los pilotos Repsol<\/strong><\/h3>\n\n\n\n<p>La dupla <strong>Isidre Esteve \u2013 Txema Villalobos<\/strong> ha finalizado una etapa complicada en Al Duwadimi. En el transcurso de la etapa el piloto del <strong>Repsol Toyota Rally Team<\/strong> ha sufrido problemas con el potenci\u00f3metro del acelerador, por lo que no ha podido protagonizar la remontada esperada en el d\u00eda de hoy y ha finalizado con una <strong>P38<\/strong>.<\/p>\n\n\n\n<p>El que fue mejor rookie en la edici\u00f3n pasada del Rally Dakar, <strong>Lucas Moraes <\/strong>ha rematado la faena de los primeros d\u00edas logrando una estelar <strong>primera posici\u00f3n<\/strong> en el primer d\u00eda de la semi marat\u00f3n. &nbsp;El piloto brasile\u00f1o ha llegado a destino en un tiempo de 4h 14\u201951\u2019\u2019, tan solo 9 segundos por delante de Mattias Ekstr\u00f6m. Con esta primera plaza, el piloto brasile\u00f1o escala en la general hasta la <strong>cuarta posici\u00f3n<\/strong>.<br><br>Por su parte, <strong>Quintero<\/strong>, junto a su copiloto Zenz, ha finalizado un d\u00eda s\u00f3lido, aunque con ciertos altibajos que le han impedido hacer una gran actuaci\u00f3n en esta tercera etapa. El rookie ha finalizado el d\u00eda con una <strong>P17<\/strong>. Con este resultado, el piloto del<strong> Toyota Gazoo Racing <\/strong>roza el Top10 de la clasificaci\u00f3n general con una P11. <\/p>\n\n\n\n<div id=\"aaf0a1b1-373f-4305-9173-79f81d54329d\" class=\"br-slider-box\"><div class=\"wp-block-create-block-repsol-carousel br-slider\"><a target=\"_blank\" href=\"https:\/\/bxrepsol.s3.eu-west-1.amazonaws.com\/static\/2024\/01\/08164834\/Dakar24_E3_Isidre_Esteve_1-1-scaled.jpg\" data-index=\"0\" rel=\"noopener\"><img decoding=\"async\" src=\"https:\/\/bxrepsol.s3.eu-west-1.amazonaws.com\/static\/2024\/01\/08164834\/Dakar24_E3_Isidre_Esteve_1-1-scaled.jpg\"\/><\/a><a target=\"_blank\" href=\"https:\/\/bxrepsol.s3.eu-west-1.amazonaws.com\/static\/2024\/01\/08164841\/GDU1hGbXwAA_vqw-scaled.jpg\" data-index=\"1\" rel=\"noopener\"><img decoding=\"async\" src=\"https:\/\/bxrepsol.s3.eu-west-1.amazonaws.com\/static\/2024\/01\/08164841\/GDU1hGbXwAA_vqw-scaled.jpg\"\/><\/a><a target=\"_blank\" href=\"https:\/\/bxrepsol.s3.eu-west-1.amazonaws.com\/static\/2024\/01\/08164849\/WhatsApp-Image-2024-01-08-at-17.53.20-1.jpeg\" data-index=\"2\" rel=\"noopener\"><img decoding=\"async\" src=\"https:\/\/bxrepsol.s3.eu-west-1.amazonaws.com\/static\/2024\/01\/08164849\/WhatsApp-Image-2024-01-08-at-17.53.20-1.jpeg\"\/><\/a><a target=\"_blank\" href=\"https:\/\/bxrepsol.s3.eu-west-1.amazonaws.com\/static\/2024\/01\/08164847\/GDU1Sn2XAAAmXMl-scaled.jpg\" data-index=\"3\" rel=\"noopener\"><img decoding=\"async\" src=\"https:\/\/bxrepsol.s3.eu-west-1.amazonaws.com\/static\/2024\/01\/08164847\/GDU1Sn2XAAAmXMl-scaled.jpg\"\/><\/a><a target=\"_blank\" href=\"https:\/\/bxrepsol.s3.eu-west-1.amazonaws.com\/static\/2024\/01\/08164851\/WhatsApp-Image-2024-01-08-at-17.53.20BFDGF-1.jpeg\" data-index=\"4\" rel=\"noopener\"><img decoding=\"async\" src=\"https:\/\/bxrepsol.s3.eu-west-1.amazonaws.com\/static\/2024\/01\/08164851\/WhatsApp-Image-2024-01-08-at-17.53.20BFDGF-1.jpeg\"\/><\/a><\/div><div class=\"br-slider-buttons\"><button class=\"arrow rds-icon arrow--left rds-icon-Arrow_left\"><\/button><button class=\"arrow rds-icon arrow--right rds-icon-Arrow_right\"><\/button><\/div><\/div>\n\n\n\n<p><strong>Clasificaci\u00f3n Etapa 2<\/strong><\/p>\n\n\n\n<p><strong>1. Lucas Moraes (Toyota) \u2013 4h 14\u201951\u2019\u2019<\/strong><\/p>\n\n\n\n<p>2. Mattias Ekstr\u00f6m (Audi) +0\u201909\u2019\u2019<\/p>\n\n\n\n<p>3. Yazeed Al Rajhi (Toyota) +1\u201909\u2019\u2019<\/p>\n\n\n\n<p>4. Nasser Al-Attiyah (Prodrive) +1\u201933\u2019\u2019<\/p>\n\n\n\n<p>5. Romain Dumas (Toyota) +2\u201901\u2019\u2019<\/p>\n\n\n\n<p>\u2026<\/p>\n\n\n\n<p><strong>17. Seth Quintero (Toyota) +22\u201942\u2019\u2019<\/strong><\/p>\n\n\n\n<p><strong>38. Isidre Esteve (Repsol Toyota) +35\u201930\u2019\u2019<\/strong><\/p>\n\n\n\n<p>_____________________<\/p>\n\n\n\n<p><strong>Clasificaci\u00f3n general<\/strong><\/p>\n\n\n\n<p>1. Yazeed Al Rajhi (Toyota) 13h07\u201929\u2019\u2019<\/p>\n\n\n\n<p>2. Carlos Sainz (Audi) +0\u201929\u2019\u2019<\/p>\n\n\n\n<p>3. Mattias Ekstr\u00f6m (Audi) +8\u201926\u2019\u2019<\/p>\n\n\n\n<p><strong>4. Lucas Moraes (Toyota) +09\u201917\u2019\u2019<\/strong><\/p>\n\n\n\n<p>5. Nasser Al-Attiyah (Prodrive) +10\u201949\u2019\u2019<\/p>\n\n\n\n<p>\u2026<\/p>\n\n\n\n<p><strong>11. Seth Quintero (Toyota) +7\u201936\u2019\u2019<\/strong><\/p>\n\n\n\n<p><strong>28. Isidre Esteve (Repsol Toyota) +1h 27\u201901\u2019\u2019<\/strong><\/p>\n","protected":false},"excerpt":{"rendered":"<p>Moraes consigue la victoria de la tercera etapa y hace historia ganando con combustible renovable de Repsol. Quintero es decimos\u00e9ptimo e Isidre cierra el d\u00eda con una P38 ante una ardua primera mitad de etapa semi marat\u00f3n. <\/p>\n","protected":false},"author":43146,"featured_media":109985,"comment_status":"open","ping_status":"open","sticky":false,"template":"","format":"standard","meta":{"footnotes":""},"categories":[27],"tags":[427,29],"class_list":["post-109956","post","type-post","status-publish","format-standard","hentry","category-rally","tag-dakar-2024","tag-isidre-esteve"],"yoast_head":"<!-- This site is optimized with the Yoast SEO plugin v27.3 - https:\/\/yoast.com\/product\/yoast-seo-wordpress\/ -->\n<title>Resultados de la tercera etapa del Rally Dakar 2024- Box Repsol<\/title>\n<meta name=\"description\" content=\"Consulta los resultados de la segunda etapa del Rally Dakar 2024 y la clasificaci\u00f3n general tras la jornada de hoy\" \/>\n<link rel=\"canonical\" href=\"https:\/\/www.boxrepsol.com\/es\/rally\/resultados-de-la-tercera-etapa-del-rally-dakar-2024\/\" \/>\n<meta property=\"og:locale\" content=\"es_ES\" \/>\n<meta property=\"og:type\" content=\"article\" \/>\n<meta property=\"og:title\" content=\"Resultados de la tercera etapa del Rally Dakar 2024- Box Repsol\" \/>\n<meta property=\"og:description\" content=\"Consulta los resultados de la segunda etapa del Rally Dakar 2024 y la clasificaci\u00f3n general tras la jornada de hoy\" \/>\n<meta property=\"og:url\" content=\"https:\/\/www.boxrepsol.com\/es\/rally\/resultados-de-la-tercera-etapa-del-rally-dakar-2024\/\" \/>\n<meta property=\"og:site_name\" content=\"Box Repsol\" \/>\n<meta property=\"article:publisher\" content=\"https:\/\/www.facebook.com\/BoxRepsol\" \/>\n<meta property=\"article:author\" content=\"https:\/\/www.facebook.com\/BoxRepsol\/\" \/>\n<meta property=\"article:published_time\" content=\"2024-01-08T18:46:33+00:00\" \/>\n<meta property=\"article:modified_time\" content=\"2024-04-08T08:52:04+00:00\" \/>\n<meta property=\"og:image\" content=\"https:\/\/bxrepsol.s3.eu-west-1.amazonaws.com\/static\/2024\/01\/08170151\/m11-7659-1.png\" \/>\n\t<meta property=\"og:image:width\" content=\"1280\" \/>\n\t<meta property=\"og:image:height\" content=\"600\" \/>\n\t<meta property=\"og:image:type\" content=\"image\/png\" \/>\n<meta name=\"author\" content=\"Redacci\u00f3n Box Repsol\" \/>\n<meta name=\"twitter:card\" content=\"summary_large_image\" \/>\n<meta name=\"twitter:creator\" content=\"@https:\/\/twitter.com\/box_repsol\" \/>\n<meta name=\"twitter:site\" content=\"@box_repsol\" \/>\n<meta name=\"twitter:label1\" content=\"Written by\" \/>\n\t<meta name=\"twitter:data1\" content=\"Redacci\u00f3n Box Repsol\" \/>\n\t<meta name=\"twitter:label2\" content=\"Est. reading time\" \/>\n\t<meta name=\"twitter:data2\" content=\"2 minutos\" \/>\n<script type=\"application\/ld+json\" class=\"yoast-schema-graph\">{\"@context\":\"https:\\\/\\\/schema.org\",\"@graph\":[{\"@type\":\"Article\",\"@id\":\"https:\\\/\\\/www.boxrepsol.com\\\/es\\\/rally\\\/resultados-de-la-tercera-etapa-del-rally-dakar-2024\\\/#article\",\"isPartOf\":{\"@id\":\"https:\\\/\\\/www.boxrepsol.com\\\/es\\\/rally\\\/resultados-de-la-tercera-etapa-del-rally-dakar-2024\\\/\"},\"author\":{\"name\":\"Redacci\u00f3n Box Repsol\",\"@id\":\"https:\\\/\\\/www.boxrepsol.com\\\/es\\\/#\\\/schema\\\/person\\\/c5c2138f2cca251b0ad92b7086bb60b7\"},\"headline\":\"Resultados de la tercera etapa del Rally Dakar 2024\",\"datePublished\":\"2024-01-08T18:46:33+00:00\",\"dateModified\":\"2024-04-08T08:52:04+00:00\",\"mainEntityOfPage\":{\"@id\":\"https:\\\/\\\/www.boxrepsol.com\\\/es\\\/rally\\\/resultados-de-la-tercera-etapa-del-rally-dakar-2024\\\/\"},\"wordCount\":373,\"commentCount\":0,\"publisher\":{\"@id\":\"https:\\\/\\\/www.boxrepsol.com\\\/es\\\/#organization\"},\"image\":{\"@id\":\"https:\\\/\\\/www.boxrepsol.com\\\/es\\\/rally\\\/resultados-de-la-tercera-etapa-del-rally-dakar-2024\\\/#primaryimage\"},\"thumbnailUrl\":\"https:\\\/\\\/bxrepsol.s3.eu-west-1.amazonaws.com\\\/static\\\/2024\\\/01\\\/08170151\\\/m11-7659-1.png\",\"keywords\":[\"Dakar 2024\",\"Isidre Esteve\"],\"articleSection\":[\"Rally\"],\"inLanguage\":\"es\",\"potentialAction\":[{\"@type\":\"CommentAction\",\"name\":\"Comment\",\"target\":[\"https:\\\/\\\/www.boxrepsol.com\\\/es\\\/rally\\\/resultados-de-la-tercera-etapa-del-rally-dakar-2024\\\/#respond\"]}]},{\"@type\":\"WebPage\",\"@id\":\"https:\\\/\\\/www.boxrepsol.com\\\/es\\\/rally\\\/resultados-de-la-tercera-etapa-del-rally-dakar-2024\\\/\",\"url\":\"https:\\\/\\\/www.boxrepsol.com\\\/es\\\/rally\\\/resultados-de-la-tercera-etapa-del-rally-dakar-2024\\\/\",\"name\":\"Resultados de la tercera etapa del Rally Dakar 2024- Box Repsol\",\"isPartOf\":{\"@id\":\"https:\\\/\\\/www.boxrepsol.com\\\/es\\\/#website\"},\"primaryImageOfPage\":{\"@id\":\"https:\\\/\\\/www.boxrepsol.com\\\/es\\\/rally\\\/resultados-de-la-tercera-etapa-del-rally-dakar-2024\\\/#primaryimage\"},\"image\":{\"@id\":\"https:\\\/\\\/www.boxrepsol.com\\\/es\\\/rally\\\/resultados-de-la-tercera-etapa-del-rally-dakar-2024\\\/#primaryimage\"},\"thumbnailUrl\":\"https:\\\/\\\/bxrepsol.s3.eu-west-1.amazonaws.com\\\/static\\\/2024\\\/01\\\/08170151\\\/m11-7659-1.png\",\"datePublished\":\"2024-01-08T18:46:33+00:00\",\"dateModified\":\"2024-04-08T08:52:04+00:00\",\"description\":\"Consulta los resultados de la segunda etapa del Rally Dakar 2024 y la clasificaci\u00f3n general tras la jornada de hoy\",\"breadcrumb\":{\"@id\":\"https:\\\/\\\/www.boxrepsol.com\\\/es\\\/rally\\\/resultados-de-la-tercera-etapa-del-rally-dakar-2024\\\/#breadcrumb\"},\"inLanguage\":\"es\",\"potentialAction\":[{\"@type\":\"ReadAction\",\"target\":[\"https:\\\/\\\/www.boxrepsol.com\\\/es\\\/rally\\\/resultados-de-la-tercera-etapa-del-rally-dakar-2024\\\/\"]}]},{\"@type\":\"ImageObject\",\"inLanguage\":\"es\",\"@id\":\"https:\\\/\\\/www.boxrepsol.com\\\/es\\\/rally\\\/resultados-de-la-tercera-etapa-del-rally-dakar-2024\\\/#primaryimage\",\"url\":\"https:\\\/\\\/bxrepsol.s3.eu-west-1.amazonaws.com\\\/static\\\/2024\\\/01\\\/08170151\\\/m11-7659-1.png\",\"contentUrl\":\"https:\\\/\\\/bxrepsol.s3.eu-west-1.amazonaws.com\\\/static\\\/2024\\\/01\\\/08170151\\\/m11-7659-1.png\",\"width\":1280,\"height\":600},{\"@type\":\"BreadcrumbList\",\"@id\":\"https:\\\/\\\/www.boxrepsol.com\\\/es\\\/rally\\\/resultados-de-la-tercera-etapa-del-rally-dakar-2024\\\/#breadcrumb\",\"itemListElement\":[{\"@type\":\"ListItem\",\"position\":1,\"name\":\"Home\",\"item\":\"https:\\\/\\\/www.boxrepsol.com\\\/es\\\/\"},{\"@type\":\"ListItem\",\"position\":2,\"name\":\"Resultados de la tercera etapa del Rally Dakar 2024\"}]},{\"@type\":\"WebSite\",\"@id\":\"https:\\\/\\\/www.boxrepsol.com\\\/es\\\/#website\",\"url\":\"https:\\\/\\\/www.boxrepsol.com\\\/es\\\/\",\"name\":\"Box Repsol\",\"description\":\"Box Repsol Site\",\"publisher\":{\"@id\":\"https:\\\/\\\/www.boxrepsol.com\\\/es\\\/#organization\"},\"potentialAction\":[{\"@type\":\"SearchAction\",\"target\":{\"@type\":\"EntryPoint\",\"urlTemplate\":\"https:\\\/\\\/www.boxrepsol.com\\\/es\\\/?s={search_term_string}\"},\"query-input\":{\"@type\":\"PropertyValueSpecification\",\"valueRequired\":true,\"valueName\":\"search_term_string\"}}],\"inLanguage\":\"es\"},{\"@type\":\"Organization\",\"@id\":\"https:\\\/\\\/www.boxrepsol.com\\\/es\\\/#organization\",\"name\":\"Box Repsol\",\"url\":\"https:\\\/\\\/www.boxrepsol.com\\\/es\\\/\",\"logo\":{\"@type\":\"ImageObject\",\"inLanguage\":\"es\",\"@id\":\"https:\\\/\\\/www.boxrepsol.com\\\/es\\\/#\\\/schema\\\/logo\\\/image\\\/\",\"url\":\"https:\\\/\\\/bxrepsol.s3.eu-west-1.amazonaws.com\\\/static\\\/2025\\\/07\\\/30083337\\\/favicon-96x96-1.png\",\"contentUrl\":\"https:\\\/\\\/bxrepsol.s3.eu-west-1.amazonaws.com\\\/static\\\/2025\\\/07\\\/30083337\\\/favicon-96x96-1.png\",\"width\":96,\"height\":96,\"caption\":\"Box Repsol\"},\"image\":{\"@id\":\"https:\\\/\\\/www.boxrepsol.com\\\/es\\\/#\\\/schema\\\/logo\\\/image\\\/\"},\"sameAs\":[\"https:\\\/\\\/www.facebook.com\\\/BoxRepsol\",\"https:\\\/\\\/x.com\\\/box_repsol\",\"http:\\\/\\\/instagram.com\\\/box_repsol\",\"https:\\\/\\\/www.youtube.com\\\/user\\\/RepsolCompeticion\",\"https:\\\/\\\/www.flickr.com\\\/photos\\\/box_repsol\\\/\"]},{\"@type\":\"Person\",\"@id\":\"https:\\\/\\\/www.boxrepsol.com\\\/es\\\/#\\\/schema\\\/person\\\/c5c2138f2cca251b0ad92b7086bb60b7\",\"name\":\"Redacci\u00f3n Box Repsol\",\"image\":{\"@type\":\"ImageObject\",\"inLanguage\":\"es\",\"@id\":\"https:\\\/\\\/secure.gravatar.com\\\/avatar\\\/adf7b77e38b4419baf32c7e9c21dde01f4e40df611f0978e3006fc4ba0aaab7e?s=96&d=mm&r=g\",\"url\":\"https:\\\/\\\/secure.gravatar.com\\\/avatar\\\/adf7b77e38b4419baf32c7e9c21dde01f4e40df611f0978e3006fc4ba0aaab7e?s=96&d=mm&r=g\",\"contentUrl\":\"https:\\\/\\\/secure.gravatar.com\\\/avatar\\\/adf7b77e38b4419baf32c7e9c21dde01f4e40df611f0978e3006fc4ba0aaab7e?s=96&d=mm&r=g\",\"caption\":\"Redacci\u00f3n Box Repsol\"},\"description\":\"Box Repsol lo forma un equipo de periodistas, community managers, dise\u00f1adores y fot\u00f3grafos con m\u00e1s de 20 a\u00f1os de experiencia en el mundo del motorsport. Hemos vivido el primer mundial de un espa\u00f1ol en la categor\u00eda reina de motociclismo con \u00c1lex Crivill\u00e9, estuvimos en las victorias de Pedrosa y los t\u00edtulos de M\u00e1rquez, acompa\u00f1amos en \u00c1frica a Nani Roma y Marc Coma en sus conquistas del Dakar y hemos vibrado con los t\u00edtulos de Toni Bou en Trial. Adem\u00e1s, en nuestro equipo contamos con expertos en el mundo de las dos y cuatro ruedas tanto de la calle y las carreteras, como de los circuitos. Periodistas que han trabajado en revistas y publicaciones para hacerte llegar desde rutas y consejos de mantenimiento, a curiosidades y trucos de pilotaje.\",\"sameAs\":[\"https:\\\/\\\/www.facebook.com\\\/BoxRepsol\\\/\",\"https:\\\/\\\/www.instagram.com\\\/box_repsol\\\/\",\"https:\\\/\\\/x.com\\\/https:\\\/\\\/twitter.com\\\/box_repsol\",\"https:\\\/\\\/www.youtube.com\\\/@Boxrepsol\"],\"url\":\"https:\\\/\\\/www.boxrepsol.com\\\/es\\\/author\\\/redaccion-box-repsol\\\/\"}]}<\/script>\n<!-- \/ Yoast SEO plugin. -->","yoast_head_json":{"title":"Resultados de la tercera etapa del Rally Dakar 2024- Box Repsol","description":"Consulta los resultados de la segunda etapa del Rally Dakar 2024 y la clasificaci\u00f3n general tras la jornada de hoy","canonical":"https:\/\/www.boxrepsol.com\/es\/rally\/resultados-de-la-tercera-etapa-del-rally-dakar-2024\/","og_locale":"es_ES","og_type":"article","og_title":"Resultados de la tercera etapa del Rally Dakar 2024- Box Repsol","og_description":"Consulta los resultados de la segunda etapa del Rally Dakar 2024 y la clasificaci\u00f3n general tras la jornada de hoy","og_url":"https:\/\/www.boxrepsol.com\/es\/rally\/resultados-de-la-tercera-etapa-del-rally-dakar-2024\/","og_site_name":"Box Repsol","article_publisher":"https:\/\/www.facebook.com\/BoxRepsol","article_author":"https:\/\/www.facebook.com\/BoxRepsol\/","article_published_time":"2024-01-08T18:46:33+00:00","article_modified_time":"2024-04-08T08:52:04+00:00","og_image":[{"width":1280,"height":600,"url":"https:\/\/bxrepsol.s3.eu-west-1.amazonaws.com\/static\/2024\/01\/08170151\/m11-7659-1.png","type":"image\/png"}],"author":"Redacci\u00f3n Box Repsol","twitter_card":"summary_large_image","twitter_creator":"@https:\/\/twitter.com\/box_repsol","twitter_site":"@box_repsol","twitter_misc":{"Written by":"Redacci\u00f3n Box Repsol","Est. reading time":"2 minutos"},"schema":{"@context":"https:\/\/schema.org","@graph":[{"@type":"Article","@id":"https:\/\/www.boxrepsol.com\/es\/rally\/resultados-de-la-tercera-etapa-del-rally-dakar-2024\/#article","isPartOf":{"@id":"https:\/\/www.boxrepsol.com\/es\/rally\/resultados-de-la-tercera-etapa-del-rally-dakar-2024\/"},"author":{"name":"Redacci\u00f3n Box Repsol","@id":"https:\/\/www.boxrepsol.com\/es\/#\/schema\/person\/c5c2138f2cca251b0ad92b7086bb60b7"},"headline":"Resultados de la tercera etapa del Rally Dakar 2024","datePublished":"2024-01-08T18:46:33+00:00","dateModified":"2024-04-08T08:52:04+00:00","mainEntityOfPage":{"@id":"https:\/\/www.boxrepsol.com\/es\/rally\/resultados-de-la-tercera-etapa-del-rally-dakar-2024\/"},"wordCount":373,"commentCount":0,"publisher":{"@id":"https:\/\/www.boxrepsol.com\/es\/#organization"},"image":{"@id":"https:\/\/www.boxrepsol.com\/es\/rally\/resultados-de-la-tercera-etapa-del-rally-dakar-2024\/#primaryimage"},"thumbnailUrl":"https:\/\/bxrepsol.s3.eu-west-1.amazonaws.com\/static\/2024\/01\/08170151\/m11-7659-1.png","keywords":["Dakar 2024","Isidre Esteve"],"articleSection":["Rally"],"inLanguage":"es","potentialAction":[{"@type":"CommentAction","name":"Comment","target":["https:\/\/www.boxrepsol.com\/es\/rally\/resultados-de-la-tercera-etapa-del-rally-dakar-2024\/#respond"]}]},{"@type":"WebPage","@id":"https:\/\/www.boxrepsol.com\/es\/rally\/resultados-de-la-tercera-etapa-del-rally-dakar-2024\/","url":"https:\/\/www.boxrepsol.com\/es\/rally\/resultados-de-la-tercera-etapa-del-rally-dakar-2024\/","name":"Resultados de la tercera etapa del Rally Dakar 2024- Box Repsol","isPartOf":{"@id":"https:\/\/www.boxrepsol.com\/es\/#website"},"primaryImageOfPage":{"@id":"https:\/\/www.boxrepsol.com\/es\/rally\/resultados-de-la-tercera-etapa-del-rally-dakar-2024\/#primaryimage"},"image":{"@id":"https:\/\/www.boxrepsol.com\/es\/rally\/resultados-de-la-tercera-etapa-del-rally-dakar-2024\/#primaryimage"},"thumbnailUrl":"https:\/\/bxrepsol.s3.eu-west-1.amazonaws.com\/static\/2024\/01\/08170151\/m11-7659-1.png","datePublished":"2024-01-08T18:46:33+00:00","dateModified":"2024-04-08T08:52:04+00:00","description":"Consulta los resultados de la segunda etapa del Rally Dakar 2024 y la clasificaci\u00f3n general tras la jornada de hoy","breadcrumb":{"@id":"https:\/\/www.boxrepsol.com\/es\/rally\/resultados-de-la-tercera-etapa-del-rally-dakar-2024\/#breadcrumb"},"inLanguage":"es","potentialAction":[{"@type":"ReadAction","target":["https:\/\/www.boxrepsol.com\/es\/rally\/resultados-de-la-tercera-etapa-del-rally-dakar-2024\/"]}]},{"@type":"ImageObject","inLanguage":"es","@id":"https:\/\/www.boxrepsol.com\/es\/rally\/resultados-de-la-tercera-etapa-del-rally-dakar-2024\/#primaryimage","url":"https:\/\/bxrepsol.s3.eu-west-1.amazonaws.com\/static\/2024\/01\/08170151\/m11-7659-1.png","contentUrl":"https:\/\/bxrepsol.s3.eu-west-1.amazonaws.com\/static\/2024\/01\/08170151\/m11-7659-1.png","width":1280,"height":600},{"@type":"BreadcrumbList","@id":"https:\/\/www.boxrepsol.com\/es\/rally\/resultados-de-la-tercera-etapa-del-rally-dakar-2024\/#breadcrumb","itemListElement":[{"@type":"ListItem","position":1,"name":"Home","item":"https:\/\/www.boxrepsol.com\/es\/"},{"@type":"ListItem","position":2,"name":"Resultados de la tercera etapa del Rally Dakar 2024"}]},{"@type":"WebSite","@id":"https:\/\/www.boxrepsol.com\/es\/#website","url":"https:\/\/www.boxrepsol.com\/es\/","name":"Box Repsol","description":"Box Repsol Site","publisher":{"@id":"https:\/\/www.boxrepsol.com\/es\/#organization"},"potentialAction":[{"@type":"SearchAction","target":{"@type":"EntryPoint","urlTemplate":"https:\/\/www.boxrepsol.com\/es\/?s={search_term_string}"},"query-input":{"@type":"PropertyValueSpecification","valueRequired":true,"valueName":"search_term_string"}}],"inLanguage":"es"},{"@type":"Organization","@id":"https:\/\/www.boxrepsol.com\/es\/#organization","name":"Box Repsol","url":"https:\/\/www.boxrepsol.com\/es\/","logo":{"@type":"ImageObject","inLanguage":"es","@id":"https:\/\/www.boxrepsol.com\/es\/#\/schema\/logo\/image\/","url":"https:\/\/bxrepsol.s3.eu-west-1.amazonaws.com\/static\/2025\/07\/30083337\/favicon-96x96-1.png","contentUrl":"https:\/\/bxrepsol.s3.eu-west-1.amazonaws.com\/static\/2025\/07\/30083337\/favicon-96x96-1.png","width":96,"height":96,"caption":"Box Repsol"},"image":{"@id":"https:\/\/www.boxrepsol.com\/es\/#\/schema\/logo\/image\/"},"sameAs":["https:\/\/www.facebook.com\/BoxRepsol","https:\/\/x.com\/box_repsol","http:\/\/instagram.com\/box_repsol","https:\/\/www.youtube.com\/user\/RepsolCompeticion","https:\/\/www.flickr.com\/photos\/box_repsol\/"]},{"@type":"Person","@id":"https:\/\/www.boxrepsol.com\/es\/#\/schema\/person\/c5c2138f2cca251b0ad92b7086bb60b7","name":"Redacci\u00f3n Box Repsol","image":{"@type":"ImageObject","inLanguage":"es","@id":"https:\/\/secure.gravatar.com\/avatar\/adf7b77e38b4419baf32c7e9c21dde01f4e40df611f0978e3006fc4ba0aaab7e?s=96&d=mm&r=g","url":"https:\/\/secure.gravatar.com\/avatar\/adf7b77e38b4419baf32c7e9c21dde01f4e40df611f0978e3006fc4ba0aaab7e?s=96&d=mm&r=g","contentUrl":"https:\/\/secure.gravatar.com\/avatar\/adf7b77e38b4419baf32c7e9c21dde01f4e40df611f0978e3006fc4ba0aaab7e?s=96&d=mm&r=g","caption":"Redacci\u00f3n Box Repsol"},"description":"Box Repsol lo forma un equipo de periodistas, community managers, dise\u00f1adores y fot\u00f3grafos con m\u00e1s de 20 a\u00f1os de experiencia en el mundo del motorsport. Hemos vivido el primer mundial de un espa\u00f1ol en la categor\u00eda reina de motociclismo con \u00c1lex Crivill\u00e9, estuvimos en las victorias de Pedrosa y los t\u00edtulos de M\u00e1rquez, acompa\u00f1amos en \u00c1frica a Nani Roma y Marc Coma en sus conquistas del Dakar y hemos vibrado con los t\u00edtulos de Toni Bou en Trial. Adem\u00e1s, en nuestro equipo contamos con expertos en el mundo de las dos y cuatro ruedas tanto de la calle y las carreteras, como de los circuitos. Periodistas que han trabajado en revistas y publicaciones para hacerte llegar desde rutas y consejos de mantenimiento, a curiosidades y trucos de pilotaje.","sameAs":["https:\/\/www.facebook.com\/BoxRepsol\/","https:\/\/www.instagram.com\/box_repsol\/","https:\/\/x.com\/https:\/\/twitter.com\/box_repsol","https:\/\/www.youtube.com\/@Boxrepsol"],"url":"https:\/\/www.boxrepsol.com\/es\/author\/redaccion-box-repsol\/"}]}},"_links":{"self":[{"href":"https:\/\/www.boxrepsol.com\/es\/wp-json\/wp\/v2\/posts\/109956","targetHints":{"allow":["GET"]}}],"collection":[{"href":"https:\/\/www.boxrepsol.com\/es\/wp-json\/wp\/v2\/posts"}],"about":[{"href":"https:\/\/www.boxrepsol.com\/es\/wp-json\/wp\/v2\/types\/post"}],"author":[{"embeddable":true,"href":"https:\/\/www.boxrepsol.com\/es\/wp-json\/wp\/v2\/users\/43146"}],"replies":[{"embeddable":true,"href":"https:\/\/www.boxrepsol.com\/es\/wp-json\/wp\/v2\/comments?post=109956"}],"version-history":[{"count":5,"href":"https:\/\/www.boxrepsol.com\/es\/wp-json\/wp\/v2\/posts\/109956\/revisions"}],"predecessor-version":[{"id":110299,"href":"https:\/\/www.boxrepsol.com\/es\/wp-json\/wp\/v2\/posts\/109956\/revisions\/110299"}],"wp:featuredmedia":[{"embeddable":true,"href":"https:\/\/www.boxrepsol.com\/es\/wp-json\/wp\/v2\/media\/109985"}],"wp:attachment":[{"href":"https:\/\/www.boxrepsol.com\/es\/wp-json\/wp\/v2\/media?parent=109956"}],"wp:term":[{"taxonomy":"category","embeddable":true,"href":"https:\/\/www.boxrepsol.com\/es\/wp-json\/wp\/v2\/categories?post=109956"},{"taxonomy":"post_tag","embeddable":true,"href":"https:\/\/www.boxrepsol.com\/es\/wp-json\/wp\/v2\/tags?post=109956"}],"curies":[{"name":"wp","href":"https:\/\/api.w.org\/{rel}","templated":true}]}}