{"id":109685,"date":"2024-01-03T08:07:04","date_gmt":"2024-01-03T10:07:04","guid":{"rendered":"https:\/\/www.boxrepsol.com\/?p=109685"},"modified":"2024-04-08T06:14:52","modified_gmt":"2024-04-08T08:14:52","slug":"luca-marini-estar-en-este-equipo-de-motogp-es-un-sueno","status":"publish","type":"post","link":"https:\/\/www.boxrepsol.com\/es\/motogp\/luca-marini-estar-en-este-equipo-de-motogp-es-un-sueno\/","title":{"rendered":"Luca Marini: \u00abEstar en este equipo de MotoGP es un sue\u00f1o\u00bb"},"content":{"rendered":"<figure class=\"wp-block-post-featured-image\"><img loading=\"lazy\" decoding=\"async\" width=\"1920\" height=\"1080\" src=\"https:\/\/bxrepsol.s3.eu-west-1.amazonaws.com\/static\/2024\/01\/03075530\/PortadaMarini.jpg\" class=\"attachment-post-thumbnail size-post-thumbnail wp-post-image\" alt=\"Luca Marini en su primera entrevista como piloto Repsol\" style=\"object-fit:cover;\" srcset=\"https:\/\/bxrepsol.s3.eu-west-1.amazonaws.com\/static\/2024\/01\/03075530\/PortadaMarini.jpg 1920w, https:\/\/bxrepsol.s3.eu-west-1.amazonaws.com\/static\/2024\/01\/03075530\/PortadaMarini-300x169.jpg 300w, https:\/\/bxrepsol.s3.eu-west-1.amazonaws.com\/static\/2024\/01\/03075530\/PortadaMarini-1024x576.jpg 1024w, https:\/\/bxrepsol.s3.eu-west-1.amazonaws.com\/static\/2024\/01\/03075530\/PortadaMarini-768x432.jpg 768w, https:\/\/bxrepsol.s3.eu-west-1.amazonaws.com\/static\/2024\/01\/03075530\/PortadaMarini-1536x864.jpg 1536w\" sizes=\"auto, (max-width: 1920px) 100vw, 1920px\" \/><\/figure>\n\n\n<p>Llegar al equipo m\u00e1s laureado de la historia de MotoGP es un sue\u00f1o que todo piloto de velocidad desea y as\u00ed lo reconoce <strong>Luca Marini<\/strong>. El joven piloto italiano de 26 a\u00f1os llega al equipo Repsol Honda con motivaci\u00f3n por volver a llevar a la moto del ala dorada a lo m\u00e1s alto del podio. <\/p>\n\n\n\n<p><strong>\u00bfDe d\u00f3nde nace tu pasi\u00f3n por el motociclismo?<\/strong><\/p>\n\n\n\n<p>\u00abEmpez\u00f3 <strong>cuando era peque\u00f1o<\/strong>, pero cada a\u00f1o ha ido creciendo porque al principio tienes una moto peque\u00f1a, que coge muy poca velocidad y despu\u00e9s va aumentando la cilindrada y los circuitos y hace que te diviertas m\u00e1s. Cuando llegu\u00e9 al Mundial, <strong>la emoci\u00f3n que sent\u00ed fue incre\u00edble<\/strong>; he intentado todo para hacer de mi pasi\u00f3n, mi vida y mi trabajo. Ahora que estoy en este equipo, en MotoGP, <strong>es un sue\u00f1o<\/strong>\u00bb.<\/p>\n\n\n\n<p><strong>\u00bfQu\u00e9 te ha llevado a querer unirte al equipo Repsol Honda?<\/strong><\/p>\n\n\n\n<p>\u00ab<strong>Fue un&nbsp;<em>shock<\/em>&nbsp;cuando Marc dijo <\/strong><a href=\"https:\/\/www.boxrepsol.com\/es\/motogp\/marc-marquez-el-repsol-honda-siempre-sera-el-equipo-de-mi-vida-y-por-el-que-sere-recordado\/?_gl=1*qy7z24*_up*MQ..&amp;gclid=CjwKCAiAqNSsBhAvEiwAn_tmxaUmUhYfxZDZ0pWqg49zP1SgkCnHL2Z7bjcdNgxxuYD-dFkqU8DKxxoCFIgQAvD_BwE\">que se iba de este equipo<\/a>, entonces intent\u00e9, junto a mi m\u00e1nager y el resto de personas que siempre me acompa\u00f1an, buscar un contacto con el equipo y ver qu\u00e9 posibilidades ten\u00eda en este nuevo proyecto de desarrollar una moto potente que <strong>pueda ganar carreras y t\u00edtulos de nuevo<\/strong>. Sali\u00f3 bien, as\u00ed que vamos a empezar esta nueva aventura del mejor modo posible\u00bb.<\/p>\n\n\n\n<figure class=\"wp-block-embed is-type-video is-provider-youtube wp-block-embed-youtube wp-embed-aspect-16-9 wp-has-aspect-ratio\"><div class=\"wp-block-embed__wrapper\">\n<iframe loading=\"lazy\" title=\"Luca Marini: \u201cEstar en este equipo de MotoGP es un sue\u00f1o\u201d\" width=\"500\" height=\"281\" src=\"https:\/\/www.youtube.com\/embed\/1qbuDmWDmik?feature=oembed\" frameborder=\"0\" allow=\"accelerometer; autoplay; clipboard-write; encrypted-media; gyroscope; picture-in-picture; web-share\" referrerpolicy=\"strict-origin-when-cross-origin\" allowfullscreen><\/iframe>\n<\/div><\/figure>\n\n\n\n<p><strong>\u00bfQu\u00e9 esperas sentir en este equipo?<\/strong><\/p>\n\n\n\n<p>\u00abCreo que <strong>vamos a trabajar much\u00edsimo<\/strong>, ya he podido ver y conocer a mucha gente dentro del box, me gusta mucho trabajar con los japoneses y su cultura. Con la moto vamos a empujar desde el primer momento porque <strong>Honda tiene que volver a ganar carreras lo antes posible<\/strong>\u00bb.<\/p>\n\n\n\n<p><strong>\u00bfCu\u00e1l es tu objetivo para 2024?<\/strong><\/p>\n\n\n\n<p>\u00abMejorar la moto, sacarle un buen rendimiento. En t\u00e9rminos de resultados, lo primero que tengo que hacer es <strong>ganar a mis compa\u00f1eros de Honda<\/strong>. No ser\u00e1 f\u00e1cil, de momento tengo poca experiencia con esta moto, pero voy a sacar lo mejor de m\u00ed para intentarlo todo\u00bb.<\/p>\n\n\n\n<p>Marini ya sabe lo que es pilotar la Honda tras completar su primer test en Valencia el pasado 28 de noviembre. Antes de arrancar la temporada en Catar, el #10 volver\u00e1 a subirse a la RC213V <strong>en los test de Sepang<\/strong> -1 al 3 de febrero y del 6 al 8 del mismo mes- <strong>y en los de Catar<\/strong> \u2013 el 19 y 20 de febrero-.<\/p>\n\n\n\n<div id=\"01a5af10-7318-4e85-a5fc-ee635fd9f250\" class=\"br-slider-box\"><div class=\"wp-block-create-block-repsol-carousel br-slider\"><a target=\"_blank\" href=\"https:\/\/bxrepsol.s3.eu-west-1.amazonaws.com\/static\/2024\/01\/03122440\/LM_Repsol3-1.png\" data-index=\"0\" rel=\"noopener\"><img decoding=\"async\" src=\"https:\/\/bxrepsol.s3.eu-west-1.amazonaws.com\/static\/2024\/01\/03122440\/LM_Repsol3-1.png\"\/><\/a><a target=\"_blank\" href=\"https:\/\/bxrepsol.s3.eu-west-1.amazonaws.com\/static\/2024\/01\/03122421\/A9X2500-scaled-2.jpg\" data-index=\"1\" rel=\"noopener\"><img decoding=\"async\" src=\"https:\/\/bxrepsol.s3.eu-west-1.amazonaws.com\/static\/2024\/01\/03122421\/A9X2500-scaled-2.jpg\"\/><\/a><a target=\"_blank\" href=\"https:\/\/bxrepsol.s3.eu-west-1.amazonaws.com\/static\/2024\/01\/03122436\/LM_Repsol-2-1.png\" data-index=\"2\" rel=\"noopener\"><img decoding=\"async\" src=\"https:\/\/bxrepsol.s3.eu-west-1.amazonaws.com\/static\/2024\/01\/03122436\/LM_Repsol-2-1.png\"\/><\/a><a target=\"_blank\" href=\"https:\/\/bxrepsol.s3.eu-west-1.amazonaws.com\/static\/2024\/01\/03122425\/JRB9322-scaled-2.jpg\" data-index=\"3\" rel=\"noopener\"><img decoding=\"async\" src=\"https:\/\/bxrepsol.s3.eu-west-1.amazonaws.com\/static\/2024\/01\/03122425\/JRB9322-scaled-2.jpg\"\/><\/a><a target=\"_blank\" href=\"https:\/\/bxrepsol.s3.eu-west-1.amazonaws.com\/static\/2024\/01\/03122431\/LM_Repsol-1.png\" data-index=\"4\" rel=\"noopener\"><img decoding=\"async\" src=\"https:\/\/bxrepsol.s3.eu-west-1.amazonaws.com\/static\/2024\/01\/03122431\/LM_Repsol-1.png\"\/><\/a><\/div><div class=\"br-slider-buttons\"><button class=\"arrow rds-icon arrow--left rds-icon-Arrow_left\"><\/button><button class=\"arrow rds-icon arrow--right rds-icon-Arrow_right\"><\/button><\/div><\/div>\n","protected":false},"excerpt":{"rendered":"<p>El piloto italiano ya viste los colores del equipo Repsol Honda y lo hace con la ilusi\u00f3n y el reto de volver a hacer ganadora su nueva moto<\/p>\n","protected":false},"author":43146,"featured_media":109688,"comment_status":"open","ping_status":"open","sticky":false,"template":"","format":"standard","meta":{"footnotes":""},"categories":[4],"tags":[422],"class_list":["post-109685","post","type-post","status-publish","format-standard","hentry","category-motogp","tag-luca-marini"],"yoast_head":"<!-- This site is optimized with the Yoast SEO plugin v27.3 - https:\/\/yoast.com\/product\/yoast-seo-wordpress\/ -->\n<title>Luca Marini: &quot;Estar en este equipo de MotoGP es un sue\u00f1o&quot; - Box Repsol<\/title>\n<meta name=\"description\" content=\"El nuevo piloto del Repsol Honda empieza una nueva etapa con el claro objetivo de devolver a la marca del ala dorada al lugar donde se merece\" \/>\n<link rel=\"canonical\" href=\"https:\/\/www.boxrepsol.com\/es\/motogp\/luca-marini-estar-en-este-equipo-de-motogp-es-un-sueno\/\" \/>\n<meta property=\"og:locale\" content=\"es_ES\" \/>\n<meta property=\"og:type\" content=\"article\" \/>\n<meta property=\"og:title\" content=\"Luca Marini: &quot;Estar en este equipo de MotoGP es un sue\u00f1o&quot; - Box Repsol\" \/>\n<meta property=\"og:description\" content=\"El nuevo piloto del Repsol Honda empieza una nueva etapa con el claro objetivo de devolver a la marca del ala dorada al lugar donde se merece\" \/>\n<meta property=\"og:url\" content=\"https:\/\/www.boxrepsol.com\/es\/motogp\/luca-marini-estar-en-este-equipo-de-motogp-es-un-sueno\/\" \/>\n<meta property=\"og:site_name\" content=\"Box Repsol\" \/>\n<meta property=\"article:publisher\" content=\"https:\/\/www.facebook.com\/BoxRepsol\" \/>\n<meta property=\"article:author\" content=\"https:\/\/www.facebook.com\/BoxRepsol\/\" \/>\n<meta property=\"article:published_time\" content=\"2024-01-03T10:07:04+00:00\" \/>\n<meta property=\"article:modified_time\" content=\"2024-04-08T08:14:52+00:00\" \/>\n<meta property=\"og:image\" content=\"https:\/\/bxrepsol.s3.eu-west-1.amazonaws.com\/static\/2024\/01\/03075530\/PortadaMarini.jpg\" \/>\n\t<meta property=\"og:image:width\" content=\"1920\" \/>\n\t<meta property=\"og:image:height\" content=\"1080\" \/>\n\t<meta property=\"og:image:type\" content=\"image\/jpeg\" \/>\n<meta name=\"author\" content=\"Redacci\u00f3n Box Repsol\" \/>\n<meta name=\"twitter:card\" content=\"summary_large_image\" \/>\n<meta name=\"twitter:creator\" content=\"@https:\/\/twitter.com\/box_repsol\" \/>\n<meta name=\"twitter:site\" content=\"@box_repsol\" \/>\n<meta name=\"twitter:label1\" content=\"Written by\" \/>\n\t<meta name=\"twitter:data1\" content=\"Redacci\u00f3n Box Repsol\" \/>\n\t<meta name=\"twitter:label2\" content=\"Est. reading time\" \/>\n\t<meta name=\"twitter:data2\" content=\"2 minutos\" \/>\n<script type=\"application\/ld+json\" class=\"yoast-schema-graph\">{\"@context\":\"https:\\\/\\\/schema.org\",\"@graph\":[{\"@type\":\"Article\",\"@id\":\"https:\\\/\\\/www.boxrepsol.com\\\/es\\\/motogp\\\/luca-marini-estar-en-este-equipo-de-motogp-es-un-sueno\\\/#article\",\"isPartOf\":{\"@id\":\"https:\\\/\\\/www.boxrepsol.com\\\/es\\\/motogp\\\/luca-marini-estar-en-este-equipo-de-motogp-es-un-sueno\\\/\"},\"author\":{\"name\":\"Redacci\u00f3n Box Repsol\",\"@id\":\"https:\\\/\\\/www.boxrepsol.com\\\/es\\\/#\\\/schema\\\/person\\\/c5c2138f2cca251b0ad92b7086bb60b7\"},\"headline\":\"Luca Marini: \u00abEstar en este equipo de MotoGP es un sue\u00f1o\u00bb\",\"datePublished\":\"2024-01-03T10:07:04+00:00\",\"dateModified\":\"2024-04-08T08:14:52+00:00\",\"mainEntityOfPage\":{\"@id\":\"https:\\\/\\\/www.boxrepsol.com\\\/es\\\/motogp\\\/luca-marini-estar-en-este-equipo-de-motogp-es-un-sueno\\\/\"},\"wordCount\":424,\"commentCount\":0,\"publisher\":{\"@id\":\"https:\\\/\\\/www.boxrepsol.com\\\/es\\\/#organization\"},\"image\":{\"@id\":\"https:\\\/\\\/www.boxrepsol.com\\\/es\\\/motogp\\\/luca-marini-estar-en-este-equipo-de-motogp-es-un-sueno\\\/#primaryimage\"},\"thumbnailUrl\":\"https:\\\/\\\/bxrepsol.s3.eu-west-1.amazonaws.com\\\/static\\\/2024\\\/01\\\/03075530\\\/PortadaMarini.jpg\",\"keywords\":[\"Luca Marini\"],\"articleSection\":[\"MotoGP\"],\"inLanguage\":\"es\",\"potentialAction\":[{\"@type\":\"CommentAction\",\"name\":\"Comment\",\"target\":[\"https:\\\/\\\/www.boxrepsol.com\\\/es\\\/motogp\\\/luca-marini-estar-en-este-equipo-de-motogp-es-un-sueno\\\/#respond\"]}]},{\"@type\":\"WebPage\",\"@id\":\"https:\\\/\\\/www.boxrepsol.com\\\/es\\\/motogp\\\/luca-marini-estar-en-este-equipo-de-motogp-es-un-sueno\\\/\",\"url\":\"https:\\\/\\\/www.boxrepsol.com\\\/es\\\/motogp\\\/luca-marini-estar-en-este-equipo-de-motogp-es-un-sueno\\\/\",\"name\":\"Luca Marini: \\\"Estar en este equipo de MotoGP es un sue\u00f1o\\\" - Box Repsol\",\"isPartOf\":{\"@id\":\"https:\\\/\\\/www.boxrepsol.com\\\/es\\\/#website\"},\"primaryImageOfPage\":{\"@id\":\"https:\\\/\\\/www.boxrepsol.com\\\/es\\\/motogp\\\/luca-marini-estar-en-este-equipo-de-motogp-es-un-sueno\\\/#primaryimage\"},\"image\":{\"@id\":\"https:\\\/\\\/www.boxrepsol.com\\\/es\\\/motogp\\\/luca-marini-estar-en-este-equipo-de-motogp-es-un-sueno\\\/#primaryimage\"},\"thumbnailUrl\":\"https:\\\/\\\/bxrepsol.s3.eu-west-1.amazonaws.com\\\/static\\\/2024\\\/01\\\/03075530\\\/PortadaMarini.jpg\",\"datePublished\":\"2024-01-03T10:07:04+00:00\",\"dateModified\":\"2024-04-08T08:14:52+00:00\",\"description\":\"El nuevo piloto del Repsol Honda empieza una nueva etapa con el claro objetivo de devolver a la marca del ala dorada al lugar donde se merece\",\"breadcrumb\":{\"@id\":\"https:\\\/\\\/www.boxrepsol.com\\\/es\\\/motogp\\\/luca-marini-estar-en-este-equipo-de-motogp-es-un-sueno\\\/#breadcrumb\"},\"inLanguage\":\"es\",\"potentialAction\":[{\"@type\":\"ReadAction\",\"target\":[\"https:\\\/\\\/www.boxrepsol.com\\\/es\\\/motogp\\\/luca-marini-estar-en-este-equipo-de-motogp-es-un-sueno\\\/\"]}]},{\"@type\":\"ImageObject\",\"inLanguage\":\"es\",\"@id\":\"https:\\\/\\\/www.boxrepsol.com\\\/es\\\/motogp\\\/luca-marini-estar-en-este-equipo-de-motogp-es-un-sueno\\\/#primaryimage\",\"url\":\"https:\\\/\\\/bxrepsol.s3.eu-west-1.amazonaws.com\\\/static\\\/2024\\\/01\\\/03075530\\\/PortadaMarini.jpg\",\"contentUrl\":\"https:\\\/\\\/bxrepsol.s3.eu-west-1.amazonaws.com\\\/static\\\/2024\\\/01\\\/03075530\\\/PortadaMarini.jpg\",\"width\":1920,\"height\":1080,\"caption\":\"Luca Marini en su primera entrevista como piloto Repsol\"},{\"@type\":\"BreadcrumbList\",\"@id\":\"https:\\\/\\\/www.boxrepsol.com\\\/es\\\/motogp\\\/luca-marini-estar-en-este-equipo-de-motogp-es-un-sueno\\\/#breadcrumb\",\"itemListElement\":[{\"@type\":\"ListItem\",\"position\":1,\"name\":\"Home\",\"item\":\"https:\\\/\\\/www.boxrepsol.com\\\/es\\\/\"},{\"@type\":\"ListItem\",\"position\":2,\"name\":\"Luca Marini: \u00abEstar en este equipo de MotoGP es un sue\u00f1o\u00bb\"}]},{\"@type\":\"WebSite\",\"@id\":\"https:\\\/\\\/www.boxrepsol.com\\\/es\\\/#website\",\"url\":\"https:\\\/\\\/www.boxrepsol.com\\\/es\\\/\",\"name\":\"Box Repsol\",\"description\":\"Box Repsol Site\",\"publisher\":{\"@id\":\"https:\\\/\\\/www.boxrepsol.com\\\/es\\\/#organization\"},\"potentialAction\":[{\"@type\":\"SearchAction\",\"target\":{\"@type\":\"EntryPoint\",\"urlTemplate\":\"https:\\\/\\\/www.boxrepsol.com\\\/es\\\/?s={search_term_string}\"},\"query-input\":{\"@type\":\"PropertyValueSpecification\",\"valueRequired\":true,\"valueName\":\"search_term_string\"}}],\"inLanguage\":\"es\"},{\"@type\":\"Organization\",\"@id\":\"https:\\\/\\\/www.boxrepsol.com\\\/es\\\/#organization\",\"name\":\"Box Repsol\",\"url\":\"https:\\\/\\\/www.boxrepsol.com\\\/es\\\/\",\"logo\":{\"@type\":\"ImageObject\",\"inLanguage\":\"es\",\"@id\":\"https:\\\/\\\/www.boxrepsol.com\\\/es\\\/#\\\/schema\\\/logo\\\/image\\\/\",\"url\":\"https:\\\/\\\/bxrepsol.s3.eu-west-1.amazonaws.com\\\/static\\\/2025\\\/07\\\/30083337\\\/favicon-96x96-1.png\",\"contentUrl\":\"https:\\\/\\\/bxrepsol.s3.eu-west-1.amazonaws.com\\\/static\\\/2025\\\/07\\\/30083337\\\/favicon-96x96-1.png\",\"width\":96,\"height\":96,\"caption\":\"Box Repsol\"},\"image\":{\"@id\":\"https:\\\/\\\/www.boxrepsol.com\\\/es\\\/#\\\/schema\\\/logo\\\/image\\\/\"},\"sameAs\":[\"https:\\\/\\\/www.facebook.com\\\/BoxRepsol\",\"https:\\\/\\\/x.com\\\/box_repsol\",\"http:\\\/\\\/instagram.com\\\/box_repsol\",\"https:\\\/\\\/www.youtube.com\\\/user\\\/RepsolCompeticion\",\"https:\\\/\\\/www.flickr.com\\\/photos\\\/box_repsol\\\/\"]},{\"@type\":\"Person\",\"@id\":\"https:\\\/\\\/www.boxrepsol.com\\\/es\\\/#\\\/schema\\\/person\\\/c5c2138f2cca251b0ad92b7086bb60b7\",\"name\":\"Redacci\u00f3n Box Repsol\",\"image\":{\"@type\":\"ImageObject\",\"inLanguage\":\"es\",\"@id\":\"https:\\\/\\\/secure.gravatar.com\\\/avatar\\\/adf7b77e38b4419baf32c7e9c21dde01f4e40df611f0978e3006fc4ba0aaab7e?s=96&d=mm&r=g\",\"url\":\"https:\\\/\\\/secure.gravatar.com\\\/avatar\\\/adf7b77e38b4419baf32c7e9c21dde01f4e40df611f0978e3006fc4ba0aaab7e?s=96&d=mm&r=g\",\"contentUrl\":\"https:\\\/\\\/secure.gravatar.com\\\/avatar\\\/adf7b77e38b4419baf32c7e9c21dde01f4e40df611f0978e3006fc4ba0aaab7e?s=96&d=mm&r=g\",\"caption\":\"Redacci\u00f3n Box Repsol\"},\"description\":\"Box Repsol lo forma un equipo de periodistas, community managers, dise\u00f1adores y fot\u00f3grafos con m\u00e1s de 20 a\u00f1os de experiencia en el mundo del motorsport. Hemos vivido el primer mundial de un espa\u00f1ol en la categor\u00eda reina de motociclismo con \u00c1lex Crivill\u00e9, estuvimos en las victorias de Pedrosa y los t\u00edtulos de M\u00e1rquez, acompa\u00f1amos en \u00c1frica a Nani Roma y Marc Coma en sus conquistas del Dakar y hemos vibrado con los t\u00edtulos de Toni Bou en Trial. Adem\u00e1s, en nuestro equipo contamos con expertos en el mundo de las dos y cuatro ruedas tanto de la calle y las carreteras, como de los circuitos. Periodistas que han trabajado en revistas y publicaciones para hacerte llegar desde rutas y consejos de mantenimiento, a curiosidades y trucos de pilotaje.\",\"sameAs\":[\"https:\\\/\\\/www.facebook.com\\\/BoxRepsol\\\/\",\"https:\\\/\\\/www.instagram.com\\\/box_repsol\\\/\",\"https:\\\/\\\/x.com\\\/https:\\\/\\\/twitter.com\\\/box_repsol\",\"https:\\\/\\\/www.youtube.com\\\/@Boxrepsol\"],\"url\":\"https:\\\/\\\/www.boxrepsol.com\\\/es\\\/author\\\/redaccion-box-repsol\\\/\"}]}<\/script>\n<!-- \/ Yoast SEO plugin. -->","yoast_head_json":{"title":"Luca Marini: \"Estar en este equipo de MotoGP es un sue\u00f1o\" - Box Repsol","description":"El nuevo piloto del Repsol Honda empieza una nueva etapa con el claro objetivo de devolver a la marca del ala dorada al lugar donde se merece","canonical":"https:\/\/www.boxrepsol.com\/es\/motogp\/luca-marini-estar-en-este-equipo-de-motogp-es-un-sueno\/","og_locale":"es_ES","og_type":"article","og_title":"Luca Marini: \"Estar en este equipo de MotoGP es un sue\u00f1o\" - Box Repsol","og_description":"El nuevo piloto del Repsol Honda empieza una nueva etapa con el claro objetivo de devolver a la marca del ala dorada al lugar donde se merece","og_url":"https:\/\/www.boxrepsol.com\/es\/motogp\/luca-marini-estar-en-este-equipo-de-motogp-es-un-sueno\/","og_site_name":"Box Repsol","article_publisher":"https:\/\/www.facebook.com\/BoxRepsol","article_author":"https:\/\/www.facebook.com\/BoxRepsol\/","article_published_time":"2024-01-03T10:07:04+00:00","article_modified_time":"2024-04-08T08:14:52+00:00","og_image":[{"width":1920,"height":1080,"url":"https:\/\/bxrepsol.s3.eu-west-1.amazonaws.com\/static\/2024\/01\/03075530\/PortadaMarini.jpg","type":"image\/jpeg"}],"author":"Redacci\u00f3n Box Repsol","twitter_card":"summary_large_image","twitter_creator":"@https:\/\/twitter.com\/box_repsol","twitter_site":"@box_repsol","twitter_misc":{"Written by":"Redacci\u00f3n Box Repsol","Est. reading time":"2 minutos"},"schema":{"@context":"https:\/\/schema.org","@graph":[{"@type":"Article","@id":"https:\/\/www.boxrepsol.com\/es\/motogp\/luca-marini-estar-en-este-equipo-de-motogp-es-un-sueno\/#article","isPartOf":{"@id":"https:\/\/www.boxrepsol.com\/es\/motogp\/luca-marini-estar-en-este-equipo-de-motogp-es-un-sueno\/"},"author":{"name":"Redacci\u00f3n Box Repsol","@id":"https:\/\/www.boxrepsol.com\/es\/#\/schema\/person\/c5c2138f2cca251b0ad92b7086bb60b7"},"headline":"Luca Marini: \u00abEstar en este equipo de MotoGP es un sue\u00f1o\u00bb","datePublished":"2024-01-03T10:07:04+00:00","dateModified":"2024-04-08T08:14:52+00:00","mainEntityOfPage":{"@id":"https:\/\/www.boxrepsol.com\/es\/motogp\/luca-marini-estar-en-este-equipo-de-motogp-es-un-sueno\/"},"wordCount":424,"commentCount":0,"publisher":{"@id":"https:\/\/www.boxrepsol.com\/es\/#organization"},"image":{"@id":"https:\/\/www.boxrepsol.com\/es\/motogp\/luca-marini-estar-en-este-equipo-de-motogp-es-un-sueno\/#primaryimage"},"thumbnailUrl":"https:\/\/bxrepsol.s3.eu-west-1.amazonaws.com\/static\/2024\/01\/03075530\/PortadaMarini.jpg","keywords":["Luca Marini"],"articleSection":["MotoGP"],"inLanguage":"es","potentialAction":[{"@type":"CommentAction","name":"Comment","target":["https:\/\/www.boxrepsol.com\/es\/motogp\/luca-marini-estar-en-este-equipo-de-motogp-es-un-sueno\/#respond"]}]},{"@type":"WebPage","@id":"https:\/\/www.boxrepsol.com\/es\/motogp\/luca-marini-estar-en-este-equipo-de-motogp-es-un-sueno\/","url":"https:\/\/www.boxrepsol.com\/es\/motogp\/luca-marini-estar-en-este-equipo-de-motogp-es-un-sueno\/","name":"Luca Marini: \"Estar en este equipo de MotoGP es un sue\u00f1o\" - Box Repsol","isPartOf":{"@id":"https:\/\/www.boxrepsol.com\/es\/#website"},"primaryImageOfPage":{"@id":"https:\/\/www.boxrepsol.com\/es\/motogp\/luca-marini-estar-en-este-equipo-de-motogp-es-un-sueno\/#primaryimage"},"image":{"@id":"https:\/\/www.boxrepsol.com\/es\/motogp\/luca-marini-estar-en-este-equipo-de-motogp-es-un-sueno\/#primaryimage"},"thumbnailUrl":"https:\/\/bxrepsol.s3.eu-west-1.amazonaws.com\/static\/2024\/01\/03075530\/PortadaMarini.jpg","datePublished":"2024-01-03T10:07:04+00:00","dateModified":"2024-04-08T08:14:52+00:00","description":"El nuevo piloto del Repsol Honda empieza una nueva etapa con el claro objetivo de devolver a la marca del ala dorada al lugar donde se merece","breadcrumb":{"@id":"https:\/\/www.boxrepsol.com\/es\/motogp\/luca-marini-estar-en-este-equipo-de-motogp-es-un-sueno\/#breadcrumb"},"inLanguage":"es","potentialAction":[{"@type":"ReadAction","target":["https:\/\/www.boxrepsol.com\/es\/motogp\/luca-marini-estar-en-este-equipo-de-motogp-es-un-sueno\/"]}]},{"@type":"ImageObject","inLanguage":"es","@id":"https:\/\/www.boxrepsol.com\/es\/motogp\/luca-marini-estar-en-este-equipo-de-motogp-es-un-sueno\/#primaryimage","url":"https:\/\/bxrepsol.s3.eu-west-1.amazonaws.com\/static\/2024\/01\/03075530\/PortadaMarini.jpg","contentUrl":"https:\/\/bxrepsol.s3.eu-west-1.amazonaws.com\/static\/2024\/01\/03075530\/PortadaMarini.jpg","width":1920,"height":1080,"caption":"Luca Marini en su primera entrevista como piloto Repsol"},{"@type":"BreadcrumbList","@id":"https:\/\/www.boxrepsol.com\/es\/motogp\/luca-marini-estar-en-este-equipo-de-motogp-es-un-sueno\/#breadcrumb","itemListElement":[{"@type":"ListItem","position":1,"name":"Home","item":"https:\/\/www.boxrepsol.com\/es\/"},{"@type":"ListItem","position":2,"name":"Luca Marini: \u00abEstar en este equipo de MotoGP es un sue\u00f1o\u00bb"}]},{"@type":"WebSite","@id":"https:\/\/www.boxrepsol.com\/es\/#website","url":"https:\/\/www.boxrepsol.com\/es\/","name":"Box Repsol","description":"Box Repsol Site","publisher":{"@id":"https:\/\/www.boxrepsol.com\/es\/#organization"},"potentialAction":[{"@type":"SearchAction","target":{"@type":"EntryPoint","urlTemplate":"https:\/\/www.boxrepsol.com\/es\/?s={search_term_string}"},"query-input":{"@type":"PropertyValueSpecification","valueRequired":true,"valueName":"search_term_string"}}],"inLanguage":"es"},{"@type":"Organization","@id":"https:\/\/www.boxrepsol.com\/es\/#organization","name":"Box Repsol","url":"https:\/\/www.boxrepsol.com\/es\/","logo":{"@type":"ImageObject","inLanguage":"es","@id":"https:\/\/www.boxrepsol.com\/es\/#\/schema\/logo\/image\/","url":"https:\/\/bxrepsol.s3.eu-west-1.amazonaws.com\/static\/2025\/07\/30083337\/favicon-96x96-1.png","contentUrl":"https:\/\/bxrepsol.s3.eu-west-1.amazonaws.com\/static\/2025\/07\/30083337\/favicon-96x96-1.png","width":96,"height":96,"caption":"Box Repsol"},"image":{"@id":"https:\/\/www.boxrepsol.com\/es\/#\/schema\/logo\/image\/"},"sameAs":["https:\/\/www.facebook.com\/BoxRepsol","https:\/\/x.com\/box_repsol","http:\/\/instagram.com\/box_repsol","https:\/\/www.youtube.com\/user\/RepsolCompeticion","https:\/\/www.flickr.com\/photos\/box_repsol\/"]},{"@type":"Person","@id":"https:\/\/www.boxrepsol.com\/es\/#\/schema\/person\/c5c2138f2cca251b0ad92b7086bb60b7","name":"Redacci\u00f3n Box Repsol","image":{"@type":"ImageObject","inLanguage":"es","@id":"https:\/\/secure.gravatar.com\/avatar\/adf7b77e38b4419baf32c7e9c21dde01f4e40df611f0978e3006fc4ba0aaab7e?s=96&d=mm&r=g","url":"https:\/\/secure.gravatar.com\/avatar\/adf7b77e38b4419baf32c7e9c21dde01f4e40df611f0978e3006fc4ba0aaab7e?s=96&d=mm&r=g","contentUrl":"https:\/\/secure.gravatar.com\/avatar\/adf7b77e38b4419baf32c7e9c21dde01f4e40df611f0978e3006fc4ba0aaab7e?s=96&d=mm&r=g","caption":"Redacci\u00f3n Box Repsol"},"description":"Box Repsol lo forma un equipo de periodistas, community managers, dise\u00f1adores y fot\u00f3grafos con m\u00e1s de 20 a\u00f1os de experiencia en el mundo del motorsport. Hemos vivido el primer mundial de un espa\u00f1ol en la categor\u00eda reina de motociclismo con \u00c1lex Crivill\u00e9, estuvimos en las victorias de Pedrosa y los t\u00edtulos de M\u00e1rquez, acompa\u00f1amos en \u00c1frica a Nani Roma y Marc Coma en sus conquistas del Dakar y hemos vibrado con los t\u00edtulos de Toni Bou en Trial. Adem\u00e1s, en nuestro equipo contamos con expertos en el mundo de las dos y cuatro ruedas tanto de la calle y las carreteras, como de los circuitos. Periodistas que han trabajado en revistas y publicaciones para hacerte llegar desde rutas y consejos de mantenimiento, a curiosidades y trucos de pilotaje.","sameAs":["https:\/\/www.facebook.com\/BoxRepsol\/","https:\/\/www.instagram.com\/box_repsol\/","https:\/\/x.com\/https:\/\/twitter.com\/box_repsol","https:\/\/www.youtube.com\/@Boxrepsol"],"url":"https:\/\/www.boxrepsol.com\/es\/author\/redaccion-box-repsol\/"}]}},"_links":{"self":[{"href":"https:\/\/www.boxrepsol.com\/es\/wp-json\/wp\/v2\/posts\/109685","targetHints":{"allow":["GET"]}}],"collection":[{"href":"https:\/\/www.boxrepsol.com\/es\/wp-json\/wp\/v2\/posts"}],"about":[{"href":"https:\/\/www.boxrepsol.com\/es\/wp-json\/wp\/v2\/types\/post"}],"author":[{"embeddable":true,"href":"https:\/\/www.boxrepsol.com\/es\/wp-json\/wp\/v2\/users\/43146"}],"replies":[{"embeddable":true,"href":"https:\/\/www.boxrepsol.com\/es\/wp-json\/wp\/v2\/comments?post=109685"}],"version-history":[{"count":13,"href":"https:\/\/www.boxrepsol.com\/es\/wp-json\/wp\/v2\/posts\/109685\/revisions"}],"predecessor-version":[{"id":109735,"href":"https:\/\/www.boxrepsol.com\/es\/wp-json\/wp\/v2\/posts\/109685\/revisions\/109735"}],"wp:featuredmedia":[{"embeddable":true,"href":"https:\/\/www.boxrepsol.com\/es\/wp-json\/wp\/v2\/media\/109688"}],"wp:attachment":[{"href":"https:\/\/www.boxrepsol.com\/es\/wp-json\/wp\/v2\/media?parent=109685"}],"wp:term":[{"taxonomy":"category","embeddable":true,"href":"https:\/\/www.boxrepsol.com\/es\/wp-json\/wp\/v2\/categories?post=109685"},{"taxonomy":"post_tag","embeddable":true,"href":"https:\/\/www.boxrepsol.com\/es\/wp-json\/wp\/v2\/tags?post=109685"}],"curies":[{"name":"wp","href":"https:\/\/api.w.org\/{rel}","templated":true}]}}