{"id":107808,"date":"2023-11-26T12:57:43","date_gmt":"2023-11-26T14:57:43","guid":{"rendered":"https:\/\/www.boxrepsol.com\/?p=107808"},"modified":"2024-04-08T06:15:53","modified_gmt":"2024-04-08T08:15:53","slug":"resultados-del-gp-de-valencia-de-motogp-2023","status":"publish","type":"post","link":"https:\/\/www.boxrepsol.com\/es\/motogp\/resultados-del-gp-de-valencia-de-motogp-2023\/","title":{"rendered":"Resultados del GP de Valencia de MotoGP 2023"},"content":{"rendered":"<figure class=\"wp-block-post-featured-image\"><img loading=\"lazy\" decoding=\"async\" width=\"1280\" height=\"600\" src=\"https:\/\/bxrepsol.s3.eu-west-1.amazonaws.com\/static\/2023\/11\/26071357\/JRB0166.png\" class=\"attachment-post-thumbnail size-post-thumbnail wp-post-image\" alt=\"\" style=\"object-fit:cover;\" srcset=\"https:\/\/bxrepsol.s3.eu-west-1.amazonaws.com\/static\/2023\/11\/26071357\/JRB0166.png 1280w, https:\/\/bxrepsol.s3.eu-west-1.amazonaws.com\/static\/2023\/11\/26071357\/JRB0166-300x141.png 300w, https:\/\/bxrepsol.s3.eu-west-1.amazonaws.com\/static\/2023\/11\/26071357\/JRB0166-1024x480.png 1024w, https:\/\/bxrepsol.s3.eu-west-1.amazonaws.com\/static\/2023\/11\/26071357\/JRB0166-768x360.png 768w\" sizes=\"auto, (max-width: 1280px) 100vw, 1280px\" \/><\/figure>\n\n\n<p>El <strong>Circuit Ricardo Tormo<\/strong> ha acogido la \u00faltima fiesta de la temporada 2023 de MotoGP donde <strong>Pecco Bagnaia<\/strong> se ha proclamado Campe\u00f3n del Mundo de la categor\u00eda reina por segunda vez, revalidando as\u00ed su t\u00edtulo de 2023. Fabio Di Giannantonio y Johann Zarco han cerrado las posiciones del Top 3.<\/p>\n\n\n\n<p><strong><div id=\"ez-toc-container\" class=\"ez-toc-v2_0_82_2 counter-hierarchy ez-toc-counter ez-toc-grey ez-toc-container-direction\">\n<div class=\"ez-toc-title-container\">\n<p class=\"ez-toc-title\" style=\"cursor:inherit\">\u00cdndice<\/p>\n<span class=\"ez-toc-title-toggle\"><a href=\"#\" class=\"ez-toc-pull-right ez-toc-btn ez-toc-btn-xs ez-toc-btn-default ez-toc-toggle\" aria-label=\"Toggle Table of Content\"><span class=\"ez-toc-js-icon-con\"><span class=\"\"><span class=\"eztoc-hide\" style=\"display:none;\">Toggle<\/span><span class=\"ez-toc-icon-toggle-span\"><svg style=\"fill: #999;color:#999\" xmlns=\"http:\/\/www.w3.org\/2000\/svg\" class=\"list-377408\" width=\"20px\" height=\"20px\" viewBox=\"0 0 24 24\" fill=\"none\"><path d=\"M6 6H4v2h2V6zm14 0H8v2h12V6zM4 11h2v2H4v-2zm16 0H8v2h12v-2zM4 16h2v2H4v-2zm16 0H8v2h12v-2z\" fill=\"currentColor\"><\/path><\/svg><svg style=\"fill: #999;color:#999\" class=\"arrow-unsorted-368013\" xmlns=\"http:\/\/www.w3.org\/2000\/svg\" width=\"10px\" height=\"10px\" viewBox=\"0 0 24 24\" version=\"1.2\" baseProfile=\"tiny\"><path d=\"M18.2 9.3l-6.2-6.3-6.2 6.3c-.2.2-.3.4-.3.7s.1.5.3.7c.2.2.4.3.7.3h11c.3 0 .5-.1.7-.3.2-.2.3-.5.3-.7s-.1-.5-.3-.7zM5.8 14.7l6.2 6.3 6.2-6.3c.2-.2.3-.5.3-.7s-.1-.5-.3-.7c-.2-.2-.4-.3-.7-.3h-11c-.3 0-.5.1-.7.3-.2.2-.3.5-.3.7s.1.5.3.7z\"\/><\/svg><\/span><\/span><\/span><\/a><\/span><\/div>\n<nav><ul class='ez-toc-list ez-toc-list-level-1 ' ><ul class='ez-toc-list-level-3' ><li class='ez-toc-heading-level-3'><a class=\"ez-toc-link ez-toc-heading-1\" href=\"https:\/\/www.boxrepsol.com\/es\/motogp\/resultados-del-gp-de-valencia-de-motogp-2023\/#Final_agridulce_para_Marc_Marquez_en_Valencia\" >Final agridulce para Marc M\u00e1rquez en Valencia<\/a><\/li><li class='ez-toc-page-1 ez-toc-heading-level-3'><a class=\"ez-toc-link ez-toc-heading-2\" href=\"https:\/\/www.boxrepsol.com\/es\/motogp\/resultados-del-gp-de-valencia-de-motogp-2023\/#Resultados_de_la_carrera_GP_de_Valencia_27_vueltas\" >Resultados de la carrera: GP de Valencia (27 vueltas)<\/a><\/li><li class='ez-toc-page-1 ez-toc-heading-level-3'><a class=\"ez-toc-link ez-toc-heading-3\" href=\"https:\/\/www.boxrepsol.com\/es\/motogp\/resultados-del-gp-de-valencia-de-motogp-2023\/#Clasificacion_General\" >Clasificaci\u00f3n General<\/a><\/li><\/ul><\/li><li class='ez-toc-page-1 ez-toc-heading-level-2'><a class=\"ez-toc-link ez-toc-heading-4\" href=\"https:\/\/www.boxrepsol.com\/es\/motogp\/resultados-del-gp-de-valencia-de-motogp-2023\/#Declaraciones\" >Declaraciones<\/a><ul class='ez-toc-list-level-3' ><li class='ez-toc-heading-level-3'><a class=\"ez-toc-link ez-toc-heading-5\" href=\"https:\/\/www.boxrepsol.com\/es\/motogp\/resultados-del-gp-de-valencia-de-motogp-2023\/#Marc_Marquez\" >Marc M\u00e1rquez<\/a><\/li><\/ul><\/li><\/ul><\/nav><\/div>\n<\/strong><\/p>\n\n\n\n<p>El<strong> Top 10 <\/strong>en esta \u00faltima cita de la <a href=\"https:\/\/www.boxrepsol.com\/es\/motogp\/calendario-motogp-2024-oficial\/\">temporada<\/a> ha sido completado por: Fabio Di Giannantonio, Johann Zarco, Brad Binder, Ra\u00fal Fern\u00e1ndez, \u00c1lex M\u00e1rquez, Franco Morbidelli, Aleix Espargar\u00f3, Luca Marini y Maverick Vi\u00f1ales.<\/p>\n\n\n\n<h3 class=\"wp-block-heading\"><span class=\"ez-toc-section\" id=\"Final_agridulce_para_Marc_Marquez_en_Valencia\"><\/span><strong>Final agridulce para Marc M\u00e1rquez en Valencia<\/strong><span class=\"ez-toc-section-end\"><\/span><\/h3>\n\n\n\n<p>Tras maravillarnos ayer con una tercera posici\u00f3n en la <a href=\"https:\/\/www.boxrepsol.com\/es\/motogp\/resultados-de-la-carrera-sprint-del-gp-de-valencia-de-motogp\/\">carrera al sprint<\/a>, <strong>Marc M\u00e1rquez <\/strong>ha salido a pista con el claro objetivo de repetir la haza\u00f1a para terminar un Gran Premio muy especial de la mejor manera posible. El piloto del <strong>equipo Repsol Honda <\/strong>ha protagonizado un buen inicio de carrera que le ha permitido pelear por las posiciones del Top 5. Sin embargo, mientras rodaba en la quinta posici\u00f3n, Jorge Mart\u00edn le ha tocado y se ha ido al suelo.<\/p>\n\n\n\n<h3 class=\"wp-block-heading\"><span class=\"ez-toc-section\" id=\"Resultados_de_la_carrera_GP_de_Valencia_27_vueltas\"><\/span><strong>Resultados de la carrera: GP de Valencia (27 vueltas)<\/strong><span class=\"ez-toc-section-end\"><\/span><\/h3>\n\n\n\n<figure class=\"wp-block-table is-style-stripes\"><table><tbody><tr><td><strong>PILOTO<\/strong><\/td><td><strong>EQUIPO<\/strong><\/td><td><strong>TIEMPO<\/strong><\/td><\/tr><tr><td>1. Pecco Bagnaia<\/td><td>DUCATI<\/td><td>40:58.535<\/td><\/tr><tr><td>2. Johann Zarco<\/td><td>DUCATI<\/td><td>+0.360<\/td><\/tr><tr><td>3. Brad Binder<\/td><td>KTM<\/td><td>+2.347<\/td><\/tr><tr><td>4. Fabio Di Giannantonio<\/td><td>DUCATI<\/td><td>+3.176<\/td><\/tr><tr><td>5. Ra\u00fal Fern\u00e1ndez<\/td><td>APRILIA<\/td><td>+4.636<\/td><\/tr><tr><td>6. \u00c1lex M\u00e1rquez<\/td><td>DUCATI<\/td><td>+4.708<\/td><\/tr><tr><td>7. Franco Morbidelli<\/td><td>YAMAHA<\/td><td>+4.736<\/td><\/tr><tr><td>8. Aleix Espargar\u00f3<\/td><td>APRILIA<\/td><td>+8.014<\/td><\/tr><tr><td>9. Luca Marini<\/td><td>DUCATI<\/td><td>+9.486<\/td><\/tr><tr><td>10. Maverick Vi\u00f1ales<\/td><td>APRILIA<\/td><td>+10.556<\/td><\/tr><tr><td><strong>Marc M\u00e1rquez<\/strong><\/td><td><strong>REPSOL HONDA<\/strong><\/td><td><strong>DNF<\/strong><\/td><\/tr><\/tbody><\/table><\/figure>\n\n\n\n<h3 class=\"wp-block-heading\"><span class=\"ez-toc-section\" id=\"Clasificacion_General\"><\/span><strong>Clasificaci\u00f3n General<\/strong><span class=\"ez-toc-section-end\"><\/span><\/h3>\n\n\n\n<figure class=\"wp-block-table is-style-stripes\"><table><tbody><tr><td><strong>PILOTO<\/strong><\/td><td><strong>EQUIPO<\/strong><\/td><td><strong>PUNTOS<\/strong><\/td><\/tr><tr><td>1. Pecco Bagnaia<\/td><td>DUCATI<\/td><td>467<\/td><\/tr><tr><td>2. Jorge Mart\u00edn<\/td><td>DUCATI<\/td><td>428<\/td><\/tr><tr><td>3. Marco Bezzecchi<\/td><td>DUCATI<\/td><td>329<\/td><\/tr><tr><td>4. Brad Binder<\/td><td>KTM<\/td><td>293<\/td><\/tr><tr><td>5. Johann Zarco<\/td><td>DUCATI<\/td><td>225<\/td><\/tr><tr><td>6. Aleix Espargar\u00f3<\/td><td>APRILIA<\/td><td>206<\/td><\/tr><tr><td>7. Maverick Vi\u00f1ales<\/td><td>DUCATI<\/td><td>204<\/td><\/tr><tr><td>8. Luca Marini<\/td><td>APRILIA<\/td><td>201<\/td><\/tr><tr><td>9. \u00c1lex M\u00e1rquez<\/td><td>DUCATI<\/td><td>177<\/td><\/tr><tr><td>10. Fabio Quartararo<\/td><td>YAMAHA<\/td><td>172<\/td><\/tr><tr><td><strong>14. Marc M\u00e1rquez<\/strong><\/td><td><strong>REPSOL HONDA<\/strong><\/td><td><strong>96<\/strong><\/td><\/tr><tr><td><strong>22. Joan Mir<\/strong><\/td><td><strong>REPSOL HONDA<\/strong><\/td><td><strong>26<\/strong><\/td><\/tr><\/tbody><\/table><\/figure>\n\n\n\n<div id=\"44b4bf1f-bf65-4f7c-b784-45ac570e5954\" class=\"br-slider-box\"><div class=\"wp-block-create-block-repsol-carousel br-slider\"><a target=\"_blank\" href=\"https:\/\/bxrepsol.s3.eu-west-1.amazonaws.com\/static\/2023\/11\/26141304\/JRB1192-scaled.jpg\" data-index=\"0\" rel=\"noopener\"><img decoding=\"async\" src=\"https:\/\/bxrepsol.s3.eu-west-1.amazonaws.com\/static\/2023\/11\/26141304\/JRB1192-scaled.jpg\"\/><\/a><a target=\"_blank\" href=\"https:\/\/bxrepsol.s3.eu-west-1.amazonaws.com\/static\/2023\/11\/26141309\/JRB0749-scaled.jpg\" data-index=\"1\" rel=\"noopener\"><img decoding=\"async\" src=\"https:\/\/bxrepsol.s3.eu-west-1.amazonaws.com\/static\/2023\/11\/26141309\/JRB0749-scaled.jpg\"\/><\/a><a target=\"_blank\" href=\"https:\/\/bxrepsol.s3.eu-west-1.amazonaws.com\/static\/2023\/11\/26141314\/JRB3284-scaled.jpg\" data-index=\"2\" rel=\"noopener\"><img decoding=\"async\" src=\"https:\/\/bxrepsol.s3.eu-west-1.amazonaws.com\/static\/2023\/11\/26141314\/JRB3284-scaled.jpg\"\/><\/a><a target=\"_blank\" href=\"https:\/\/bxrepsol.s3.eu-west-1.amazonaws.com\/static\/2023\/11\/26141319\/JRB3458-scaled.jpg\" data-index=\"3\" rel=\"noopener\"><img decoding=\"async\" src=\"https:\/\/bxrepsol.s3.eu-west-1.amazonaws.com\/static\/2023\/11\/26141319\/JRB3458-scaled.jpg\"\/><\/a><a target=\"_blank\" href=\"https:\/\/bxrepsol.s3.eu-west-1.amazonaws.com\/static\/2023\/11\/26141344\/JRB2779-scaled.jpg\" data-index=\"4\" rel=\"noopener\"><img decoding=\"async\" src=\"https:\/\/bxrepsol.s3.eu-west-1.amazonaws.com\/static\/2023\/11\/26141344\/JRB2779-scaled.jpg\"\/><\/a><\/div><div class=\"br-slider-buttons\"><button class=\"arrow rds-icon arrow--left rds-icon-Arrow_left\"><\/button><button class=\"arrow rds-icon arrow--right rds-icon-Arrow_right\"><\/button><\/div><\/div>\n\n\n\n<h2 class=\"wp-block-heading\"><span class=\"ez-toc-section\" id=\"Declaraciones\"><\/span><strong>Declaraciones<\/strong><span class=\"ez-toc-section-end\"><\/span><\/h2>\n\n\n\n<h3 class=\"wp-block-heading\"><span class=\"ez-toc-section\" id=\"Marc_Marquez\"><\/span><strong>Marc M\u00e1rquez<\/strong><span class=\"ez-toc-section-end\"><\/span><\/h3>\n\n\n\n<p>\u00abHa sido un domingo muy emotivo, una semana muy llena de emociones y, en algunos momentos, ha sido dif\u00edcil contener los sentimientos. Lamentablemente, hoy no hemos terminado la carrera. Me sent\u00eda muy fuerte y sinceramente creo que hoy era posible un podio e incluso puede que m\u00e1s. No ha sido un error nuestro y no culpo a Mart\u00edn porque estaba en modo ataque. Suele pasar cuando luchas por un campeonato. Pero lo m\u00e1s importante hoy es recordar todos los momentos incre\u00edbles que he pasado con HRC y el equipo Repsol Honda, ser\u00e1n siempre el equipo de mi vida. Hemos escrito una historia incre\u00edble juntos y se han convertido en algo m\u00e1s que mi equipo, se han convertido en mis amigos y mi familia. Gracias por todo desde 2013, no olvidar\u00e9 a ninguno de vosotros\u00bb.<\/p>\n","protected":false},"excerpt":{"rendered":"<p>Pecco Bagnaia se hace con una nueva victoria y se corona Campe\u00f3n del Mundo de MotoGP por segunda vez<\/p>\n","protected":false},"author":43146,"featured_media":107809,"comment_status":"open","ping_status":"open","sticky":false,"template":"","format":"standard","meta":{"footnotes":""},"categories":[4],"tags":[414,271,6,331],"class_list":["post-107808","post","type-post","status-publish","format-standard","hentry","category-motogp","tag-gp-valencia","tag-joan-mir","tag-marc-marquez","tag-motogp-2023"],"yoast_head":"<!-- This site is optimized with the Yoast SEO plugin v27.3 - https:\/\/yoast.com\/product\/yoast-seo-wordpress\/ -->\n<title>Resultados del GP de Valencia de MotoGP 2023 - Box Repsol<\/title>\n<meta name=\"description\" content=\"Cr\u00f3nica y resultados del GP de Valencia 2023 de MotoGP, disputado en el Circuit Ricardo Tormo.\" \/>\n<link rel=\"canonical\" href=\"https:\/\/www.boxrepsol.com\/es\/motogp\/resultados-del-gp-de-valencia-de-motogp-2023\/\" \/>\n<meta property=\"og:locale\" content=\"es_ES\" \/>\n<meta property=\"og:type\" content=\"article\" \/>\n<meta property=\"og:title\" content=\"Resultados del GP de Valencia de MotoGP 2023 - Box Repsol\" \/>\n<meta property=\"og:description\" content=\"Cr\u00f3nica y resultados del GP de Valencia 2023 de MotoGP, disputado en el Circuit Ricardo Tormo.\" \/>\n<meta property=\"og:url\" content=\"https:\/\/www.boxrepsol.com\/es\/motogp\/resultados-del-gp-de-valencia-de-motogp-2023\/\" \/>\n<meta property=\"og:site_name\" content=\"Box Repsol\" \/>\n<meta property=\"article:publisher\" content=\"https:\/\/www.facebook.com\/BoxRepsol\" \/>\n<meta property=\"article:author\" content=\"https:\/\/www.facebook.com\/BoxRepsol\/\" \/>\n<meta property=\"article:published_time\" content=\"2023-11-26T14:57:43+00:00\" \/>\n<meta property=\"article:modified_time\" content=\"2024-04-08T08:15:53+00:00\" \/>\n<meta property=\"og:image\" content=\"https:\/\/bxrepsol.s3.eu-west-1.amazonaws.com\/static\/2023\/11\/26071357\/JRB0166.png\" \/>\n\t<meta property=\"og:image:width\" content=\"1280\" \/>\n\t<meta property=\"og:image:height\" content=\"600\" \/>\n\t<meta property=\"og:image:type\" content=\"image\/png\" \/>\n<meta name=\"author\" content=\"Redacci\u00f3n Box Repsol\" \/>\n<meta name=\"twitter:card\" content=\"summary_large_image\" \/>\n<meta name=\"twitter:creator\" content=\"@https:\/\/twitter.com\/box_repsol\" \/>\n<meta name=\"twitter:site\" content=\"@box_repsol\" \/>\n<meta name=\"twitter:label1\" content=\"Written by\" \/>\n\t<meta name=\"twitter:data1\" content=\"Redacci\u00f3n Box Repsol\" \/>\n\t<meta name=\"twitter:label2\" content=\"Est. reading time\" \/>\n\t<meta name=\"twitter:data2\" content=\"2 minutos\" \/>\n<script type=\"application\/ld+json\" class=\"yoast-schema-graph\">{\"@context\":\"https:\\\/\\\/schema.org\",\"@graph\":[{\"@type\":\"Article\",\"@id\":\"https:\\\/\\\/www.boxrepsol.com\\\/es\\\/motogp\\\/resultados-del-gp-de-valencia-de-motogp-2023\\\/#article\",\"isPartOf\":{\"@id\":\"https:\\\/\\\/www.boxrepsol.com\\\/es\\\/motogp\\\/resultados-del-gp-de-valencia-de-motogp-2023\\\/\"},\"author\":{\"name\":\"Redacci\u00f3n Box Repsol\",\"@id\":\"https:\\\/\\\/www.boxrepsol.com\\\/es\\\/#\\\/schema\\\/person\\\/c5c2138f2cca251b0ad92b7086bb60b7\"},\"headline\":\"Resultados del GP de Valencia de MotoGP 2023\",\"datePublished\":\"2023-11-26T14:57:43+00:00\",\"dateModified\":\"2024-04-08T08:15:53+00:00\",\"mainEntityOfPage\":{\"@id\":\"https:\\\/\\\/www.boxrepsol.com\\\/es\\\/motogp\\\/resultados-del-gp-de-valencia-de-motogp-2023\\\/\"},\"wordCount\":434,\"commentCount\":2,\"publisher\":{\"@id\":\"https:\\\/\\\/www.boxrepsol.com\\\/es\\\/#organization\"},\"image\":{\"@id\":\"https:\\\/\\\/www.boxrepsol.com\\\/es\\\/motogp\\\/resultados-del-gp-de-valencia-de-motogp-2023\\\/#primaryimage\"},\"thumbnailUrl\":\"https:\\\/\\\/bxrepsol.s3.eu-west-1.amazonaws.com\\\/static\\\/2023\\\/11\\\/26071357\\\/JRB0166.png\",\"keywords\":[\"GP Valencia\",\"Joan Mir\",\"Marc M\u00e1rquez\",\"MotoGP 2023\"],\"articleSection\":[\"MotoGP\"],\"inLanguage\":\"es\",\"potentialAction\":[{\"@type\":\"CommentAction\",\"name\":\"Comment\",\"target\":[\"https:\\\/\\\/www.boxrepsol.com\\\/es\\\/motogp\\\/resultados-del-gp-de-valencia-de-motogp-2023\\\/#respond\"]}]},{\"@type\":\"WebPage\",\"@id\":\"https:\\\/\\\/www.boxrepsol.com\\\/es\\\/motogp\\\/resultados-del-gp-de-valencia-de-motogp-2023\\\/\",\"url\":\"https:\\\/\\\/www.boxrepsol.com\\\/es\\\/motogp\\\/resultados-del-gp-de-valencia-de-motogp-2023\\\/\",\"name\":\"Resultados del GP de Valencia de MotoGP 2023 - Box Repsol\",\"isPartOf\":{\"@id\":\"https:\\\/\\\/www.boxrepsol.com\\\/es\\\/#website\"},\"primaryImageOfPage\":{\"@id\":\"https:\\\/\\\/www.boxrepsol.com\\\/es\\\/motogp\\\/resultados-del-gp-de-valencia-de-motogp-2023\\\/#primaryimage\"},\"image\":{\"@id\":\"https:\\\/\\\/www.boxrepsol.com\\\/es\\\/motogp\\\/resultados-del-gp-de-valencia-de-motogp-2023\\\/#primaryimage\"},\"thumbnailUrl\":\"https:\\\/\\\/bxrepsol.s3.eu-west-1.amazonaws.com\\\/static\\\/2023\\\/11\\\/26071357\\\/JRB0166.png\",\"datePublished\":\"2023-11-26T14:57:43+00:00\",\"dateModified\":\"2024-04-08T08:15:53+00:00\",\"description\":\"Cr\u00f3nica y resultados del GP de Valencia 2023 de MotoGP, disputado en el Circuit Ricardo Tormo.\",\"breadcrumb\":{\"@id\":\"https:\\\/\\\/www.boxrepsol.com\\\/es\\\/motogp\\\/resultados-del-gp-de-valencia-de-motogp-2023\\\/#breadcrumb\"},\"inLanguage\":\"es\",\"potentialAction\":[{\"@type\":\"ReadAction\",\"target\":[\"https:\\\/\\\/www.boxrepsol.com\\\/es\\\/motogp\\\/resultados-del-gp-de-valencia-de-motogp-2023\\\/\"]}]},{\"@type\":\"ImageObject\",\"inLanguage\":\"es\",\"@id\":\"https:\\\/\\\/www.boxrepsol.com\\\/es\\\/motogp\\\/resultados-del-gp-de-valencia-de-motogp-2023\\\/#primaryimage\",\"url\":\"https:\\\/\\\/bxrepsol.s3.eu-west-1.amazonaws.com\\\/static\\\/2023\\\/11\\\/26071357\\\/JRB0166.png\",\"contentUrl\":\"https:\\\/\\\/bxrepsol.s3.eu-west-1.amazonaws.com\\\/static\\\/2023\\\/11\\\/26071357\\\/JRB0166.png\",\"width\":1280,\"height\":600},{\"@type\":\"BreadcrumbList\",\"@id\":\"https:\\\/\\\/www.boxrepsol.com\\\/es\\\/motogp\\\/resultados-del-gp-de-valencia-de-motogp-2023\\\/#breadcrumb\",\"itemListElement\":[{\"@type\":\"ListItem\",\"position\":1,\"name\":\"Home\",\"item\":\"https:\\\/\\\/www.boxrepsol.com\\\/es\\\/\"},{\"@type\":\"ListItem\",\"position\":2,\"name\":\"Resultados del GP de Valencia de MotoGP 2023\"}]},{\"@type\":\"WebSite\",\"@id\":\"https:\\\/\\\/www.boxrepsol.com\\\/es\\\/#website\",\"url\":\"https:\\\/\\\/www.boxrepsol.com\\\/es\\\/\",\"name\":\"Box Repsol\",\"description\":\"Box Repsol Site\",\"publisher\":{\"@id\":\"https:\\\/\\\/www.boxrepsol.com\\\/es\\\/#organization\"},\"potentialAction\":[{\"@type\":\"SearchAction\",\"target\":{\"@type\":\"EntryPoint\",\"urlTemplate\":\"https:\\\/\\\/www.boxrepsol.com\\\/es\\\/?s={search_term_string}\"},\"query-input\":{\"@type\":\"PropertyValueSpecification\",\"valueRequired\":true,\"valueName\":\"search_term_string\"}}],\"inLanguage\":\"es\"},{\"@type\":\"Organization\",\"@id\":\"https:\\\/\\\/www.boxrepsol.com\\\/es\\\/#organization\",\"name\":\"Box Repsol\",\"url\":\"https:\\\/\\\/www.boxrepsol.com\\\/es\\\/\",\"logo\":{\"@type\":\"ImageObject\",\"inLanguage\":\"es\",\"@id\":\"https:\\\/\\\/www.boxrepsol.com\\\/es\\\/#\\\/schema\\\/logo\\\/image\\\/\",\"url\":\"https:\\\/\\\/bxrepsol.s3.eu-west-1.amazonaws.com\\\/static\\\/2025\\\/07\\\/30083337\\\/favicon-96x96-1.png\",\"contentUrl\":\"https:\\\/\\\/bxrepsol.s3.eu-west-1.amazonaws.com\\\/static\\\/2025\\\/07\\\/30083337\\\/favicon-96x96-1.png\",\"width\":96,\"height\":96,\"caption\":\"Box Repsol\"},\"image\":{\"@id\":\"https:\\\/\\\/www.boxrepsol.com\\\/es\\\/#\\\/schema\\\/logo\\\/image\\\/\"},\"sameAs\":[\"https:\\\/\\\/www.facebook.com\\\/BoxRepsol\",\"https:\\\/\\\/x.com\\\/box_repsol\",\"http:\\\/\\\/instagram.com\\\/box_repsol\",\"https:\\\/\\\/www.youtube.com\\\/user\\\/RepsolCompeticion\",\"https:\\\/\\\/www.flickr.com\\\/photos\\\/box_repsol\\\/\"]},{\"@type\":\"Person\",\"@id\":\"https:\\\/\\\/www.boxrepsol.com\\\/es\\\/#\\\/schema\\\/person\\\/c5c2138f2cca251b0ad92b7086bb60b7\",\"name\":\"Redacci\u00f3n Box Repsol\",\"image\":{\"@type\":\"ImageObject\",\"inLanguage\":\"es\",\"@id\":\"https:\\\/\\\/secure.gravatar.com\\\/avatar\\\/adf7b77e38b4419baf32c7e9c21dde01f4e40df611f0978e3006fc4ba0aaab7e?s=96&d=mm&r=g\",\"url\":\"https:\\\/\\\/secure.gravatar.com\\\/avatar\\\/adf7b77e38b4419baf32c7e9c21dde01f4e40df611f0978e3006fc4ba0aaab7e?s=96&d=mm&r=g\",\"contentUrl\":\"https:\\\/\\\/secure.gravatar.com\\\/avatar\\\/adf7b77e38b4419baf32c7e9c21dde01f4e40df611f0978e3006fc4ba0aaab7e?s=96&d=mm&r=g\",\"caption\":\"Redacci\u00f3n Box Repsol\"},\"description\":\"Box Repsol lo forma un equipo de periodistas, community managers, dise\u00f1adores y fot\u00f3grafos con m\u00e1s de 20 a\u00f1os de experiencia en el mundo del motorsport. Hemos vivido el primer mundial de un espa\u00f1ol en la categor\u00eda reina de motociclismo con \u00c1lex Crivill\u00e9, estuvimos en las victorias de Pedrosa y los t\u00edtulos de M\u00e1rquez, acompa\u00f1amos en \u00c1frica a Nani Roma y Marc Coma en sus conquistas del Dakar y hemos vibrado con los t\u00edtulos de Toni Bou en Trial. Adem\u00e1s, en nuestro equipo contamos con expertos en el mundo de las dos y cuatro ruedas tanto de la calle y las carreteras, como de los circuitos. Periodistas que han trabajado en revistas y publicaciones para hacerte llegar desde rutas y consejos de mantenimiento, a curiosidades y trucos de pilotaje.\",\"sameAs\":[\"https:\\\/\\\/www.facebook.com\\\/BoxRepsol\\\/\",\"https:\\\/\\\/www.instagram.com\\\/box_repsol\\\/\",\"https:\\\/\\\/x.com\\\/https:\\\/\\\/twitter.com\\\/box_repsol\",\"https:\\\/\\\/www.youtube.com\\\/@Boxrepsol\"],\"url\":\"https:\\\/\\\/www.boxrepsol.com\\\/es\\\/author\\\/redaccion-box-repsol\\\/\"}]}<\/script>\n<!-- \/ Yoast SEO plugin. -->","yoast_head_json":{"title":"Resultados del GP de Valencia de MotoGP 2023 - Box Repsol","description":"Cr\u00f3nica y resultados del GP de Valencia 2023 de MotoGP, disputado en el Circuit Ricardo Tormo.","canonical":"https:\/\/www.boxrepsol.com\/es\/motogp\/resultados-del-gp-de-valencia-de-motogp-2023\/","og_locale":"es_ES","og_type":"article","og_title":"Resultados del GP de Valencia de MotoGP 2023 - Box Repsol","og_description":"Cr\u00f3nica y resultados del GP de Valencia 2023 de MotoGP, disputado en el Circuit Ricardo Tormo.","og_url":"https:\/\/www.boxrepsol.com\/es\/motogp\/resultados-del-gp-de-valencia-de-motogp-2023\/","og_site_name":"Box Repsol","article_publisher":"https:\/\/www.facebook.com\/BoxRepsol","article_author":"https:\/\/www.facebook.com\/BoxRepsol\/","article_published_time":"2023-11-26T14:57:43+00:00","article_modified_time":"2024-04-08T08:15:53+00:00","og_image":[{"width":1280,"height":600,"url":"https:\/\/bxrepsol.s3.eu-west-1.amazonaws.com\/static\/2023\/11\/26071357\/JRB0166.png","type":"image\/png"}],"author":"Redacci\u00f3n Box Repsol","twitter_card":"summary_large_image","twitter_creator":"@https:\/\/twitter.com\/box_repsol","twitter_site":"@box_repsol","twitter_misc":{"Written by":"Redacci\u00f3n Box Repsol","Est. reading time":"2 minutos"},"schema":{"@context":"https:\/\/schema.org","@graph":[{"@type":"Article","@id":"https:\/\/www.boxrepsol.com\/es\/motogp\/resultados-del-gp-de-valencia-de-motogp-2023\/#article","isPartOf":{"@id":"https:\/\/www.boxrepsol.com\/es\/motogp\/resultados-del-gp-de-valencia-de-motogp-2023\/"},"author":{"name":"Redacci\u00f3n Box Repsol","@id":"https:\/\/www.boxrepsol.com\/es\/#\/schema\/person\/c5c2138f2cca251b0ad92b7086bb60b7"},"headline":"Resultados del GP de Valencia de MotoGP 2023","datePublished":"2023-11-26T14:57:43+00:00","dateModified":"2024-04-08T08:15:53+00:00","mainEntityOfPage":{"@id":"https:\/\/www.boxrepsol.com\/es\/motogp\/resultados-del-gp-de-valencia-de-motogp-2023\/"},"wordCount":434,"commentCount":2,"publisher":{"@id":"https:\/\/www.boxrepsol.com\/es\/#organization"},"image":{"@id":"https:\/\/www.boxrepsol.com\/es\/motogp\/resultados-del-gp-de-valencia-de-motogp-2023\/#primaryimage"},"thumbnailUrl":"https:\/\/bxrepsol.s3.eu-west-1.amazonaws.com\/static\/2023\/11\/26071357\/JRB0166.png","keywords":["GP Valencia","Joan Mir","Marc M\u00e1rquez","MotoGP 2023"],"articleSection":["MotoGP"],"inLanguage":"es","potentialAction":[{"@type":"CommentAction","name":"Comment","target":["https:\/\/www.boxrepsol.com\/es\/motogp\/resultados-del-gp-de-valencia-de-motogp-2023\/#respond"]}]},{"@type":"WebPage","@id":"https:\/\/www.boxrepsol.com\/es\/motogp\/resultados-del-gp-de-valencia-de-motogp-2023\/","url":"https:\/\/www.boxrepsol.com\/es\/motogp\/resultados-del-gp-de-valencia-de-motogp-2023\/","name":"Resultados del GP de Valencia de MotoGP 2023 - Box Repsol","isPartOf":{"@id":"https:\/\/www.boxrepsol.com\/es\/#website"},"primaryImageOfPage":{"@id":"https:\/\/www.boxrepsol.com\/es\/motogp\/resultados-del-gp-de-valencia-de-motogp-2023\/#primaryimage"},"image":{"@id":"https:\/\/www.boxrepsol.com\/es\/motogp\/resultados-del-gp-de-valencia-de-motogp-2023\/#primaryimage"},"thumbnailUrl":"https:\/\/bxrepsol.s3.eu-west-1.amazonaws.com\/static\/2023\/11\/26071357\/JRB0166.png","datePublished":"2023-11-26T14:57:43+00:00","dateModified":"2024-04-08T08:15:53+00:00","description":"Cr\u00f3nica y resultados del GP de Valencia 2023 de MotoGP, disputado en el Circuit Ricardo Tormo.","breadcrumb":{"@id":"https:\/\/www.boxrepsol.com\/es\/motogp\/resultados-del-gp-de-valencia-de-motogp-2023\/#breadcrumb"},"inLanguage":"es","potentialAction":[{"@type":"ReadAction","target":["https:\/\/www.boxrepsol.com\/es\/motogp\/resultados-del-gp-de-valencia-de-motogp-2023\/"]}]},{"@type":"ImageObject","inLanguage":"es","@id":"https:\/\/www.boxrepsol.com\/es\/motogp\/resultados-del-gp-de-valencia-de-motogp-2023\/#primaryimage","url":"https:\/\/bxrepsol.s3.eu-west-1.amazonaws.com\/static\/2023\/11\/26071357\/JRB0166.png","contentUrl":"https:\/\/bxrepsol.s3.eu-west-1.amazonaws.com\/static\/2023\/11\/26071357\/JRB0166.png","width":1280,"height":600},{"@type":"BreadcrumbList","@id":"https:\/\/www.boxrepsol.com\/es\/motogp\/resultados-del-gp-de-valencia-de-motogp-2023\/#breadcrumb","itemListElement":[{"@type":"ListItem","position":1,"name":"Home","item":"https:\/\/www.boxrepsol.com\/es\/"},{"@type":"ListItem","position":2,"name":"Resultados del GP de Valencia de MotoGP 2023"}]},{"@type":"WebSite","@id":"https:\/\/www.boxrepsol.com\/es\/#website","url":"https:\/\/www.boxrepsol.com\/es\/","name":"Box Repsol","description":"Box Repsol Site","publisher":{"@id":"https:\/\/www.boxrepsol.com\/es\/#organization"},"potentialAction":[{"@type":"SearchAction","target":{"@type":"EntryPoint","urlTemplate":"https:\/\/www.boxrepsol.com\/es\/?s={search_term_string}"},"query-input":{"@type":"PropertyValueSpecification","valueRequired":true,"valueName":"search_term_string"}}],"inLanguage":"es"},{"@type":"Organization","@id":"https:\/\/www.boxrepsol.com\/es\/#organization","name":"Box Repsol","url":"https:\/\/www.boxrepsol.com\/es\/","logo":{"@type":"ImageObject","inLanguage":"es","@id":"https:\/\/www.boxrepsol.com\/es\/#\/schema\/logo\/image\/","url":"https:\/\/bxrepsol.s3.eu-west-1.amazonaws.com\/static\/2025\/07\/30083337\/favicon-96x96-1.png","contentUrl":"https:\/\/bxrepsol.s3.eu-west-1.amazonaws.com\/static\/2025\/07\/30083337\/favicon-96x96-1.png","width":96,"height":96,"caption":"Box Repsol"},"image":{"@id":"https:\/\/www.boxrepsol.com\/es\/#\/schema\/logo\/image\/"},"sameAs":["https:\/\/www.facebook.com\/BoxRepsol","https:\/\/x.com\/box_repsol","http:\/\/instagram.com\/box_repsol","https:\/\/www.youtube.com\/user\/RepsolCompeticion","https:\/\/www.flickr.com\/photos\/box_repsol\/"]},{"@type":"Person","@id":"https:\/\/www.boxrepsol.com\/es\/#\/schema\/person\/c5c2138f2cca251b0ad92b7086bb60b7","name":"Redacci\u00f3n Box Repsol","image":{"@type":"ImageObject","inLanguage":"es","@id":"https:\/\/secure.gravatar.com\/avatar\/adf7b77e38b4419baf32c7e9c21dde01f4e40df611f0978e3006fc4ba0aaab7e?s=96&d=mm&r=g","url":"https:\/\/secure.gravatar.com\/avatar\/adf7b77e38b4419baf32c7e9c21dde01f4e40df611f0978e3006fc4ba0aaab7e?s=96&d=mm&r=g","contentUrl":"https:\/\/secure.gravatar.com\/avatar\/adf7b77e38b4419baf32c7e9c21dde01f4e40df611f0978e3006fc4ba0aaab7e?s=96&d=mm&r=g","caption":"Redacci\u00f3n Box Repsol"},"description":"Box Repsol lo forma un equipo de periodistas, community managers, dise\u00f1adores y fot\u00f3grafos con m\u00e1s de 20 a\u00f1os de experiencia en el mundo del motorsport. Hemos vivido el primer mundial de un espa\u00f1ol en la categor\u00eda reina de motociclismo con \u00c1lex Crivill\u00e9, estuvimos en las victorias de Pedrosa y los t\u00edtulos de M\u00e1rquez, acompa\u00f1amos en \u00c1frica a Nani Roma y Marc Coma en sus conquistas del Dakar y hemos vibrado con los t\u00edtulos de Toni Bou en Trial. Adem\u00e1s, en nuestro equipo contamos con expertos en el mundo de las dos y cuatro ruedas tanto de la calle y las carreteras, como de los circuitos. Periodistas que han trabajado en revistas y publicaciones para hacerte llegar desde rutas y consejos de mantenimiento, a curiosidades y trucos de pilotaje.","sameAs":["https:\/\/www.facebook.com\/BoxRepsol\/","https:\/\/www.instagram.com\/box_repsol\/","https:\/\/x.com\/https:\/\/twitter.com\/box_repsol","https:\/\/www.youtube.com\/@Boxrepsol"],"url":"https:\/\/www.boxrepsol.com\/es\/author\/redaccion-box-repsol\/"}]}},"_links":{"self":[{"href":"https:\/\/www.boxrepsol.com\/es\/wp-json\/wp\/v2\/posts\/107808","targetHints":{"allow":["GET"]}}],"collection":[{"href":"https:\/\/www.boxrepsol.com\/es\/wp-json\/wp\/v2\/posts"}],"about":[{"href":"https:\/\/www.boxrepsol.com\/es\/wp-json\/wp\/v2\/types\/post"}],"author":[{"embeddable":true,"href":"https:\/\/www.boxrepsol.com\/es\/wp-json\/wp\/v2\/users\/43146"}],"replies":[{"embeddable":true,"href":"https:\/\/www.boxrepsol.com\/es\/wp-json\/wp\/v2\/comments?post=107808"}],"version-history":[{"count":12,"href":"https:\/\/www.boxrepsol.com\/es\/wp-json\/wp\/v2\/posts\/107808\/revisions"}],"predecessor-version":[{"id":114381,"href":"https:\/\/www.boxrepsol.com\/es\/wp-json\/wp\/v2\/posts\/107808\/revisions\/114381"}],"wp:featuredmedia":[{"embeddable":true,"href":"https:\/\/www.boxrepsol.com\/es\/wp-json\/wp\/v2\/media\/107809"}],"wp:attachment":[{"href":"https:\/\/www.boxrepsol.com\/es\/wp-json\/wp\/v2\/media?parent=107808"}],"wp:term":[{"taxonomy":"category","embeddable":true,"href":"https:\/\/www.boxrepsol.com\/es\/wp-json\/wp\/v2\/categories?post=107808"},{"taxonomy":"post_tag","embeddable":true,"href":"https:\/\/www.boxrepsol.com\/es\/wp-json\/wp\/v2\/tags?post=107808"}],"curies":[{"name":"wp","href":"https:\/\/api.w.org\/{rel}","templated":true}]}}