{"id":107702,"date":"2023-11-23T12:07:40","date_gmt":"2023-11-23T14:07:40","guid":{"rendered":"https:\/\/www.boxrepsol.com\/?p=107702"},"modified":"2024-04-08T06:17:35","modified_gmt":"2024-04-08T08:17:35","slug":"marc-marquez-el-repsol-honda-siempre-sera-el-equipo-de-mi-vida-y-por-el-que-sere-recordado","status":"publish","type":"post","link":"https:\/\/www.boxrepsol.com\/es\/motogp\/marc-marquez-el-repsol-honda-siempre-sera-el-equipo-de-mi-vida-y-por-el-que-sere-recordado\/","title":{"rendered":"Marc M\u00e1rquez: \u201cEl Repsol Honda siempre ser\u00e1 el equipo de mi vida y por el que ser\u00e9 recordado\u201d"},"content":{"rendered":"<figure class=\"wp-block-post-featured-image\"><img loading=\"lazy\" decoding=\"async\" width=\"1280\" height=\"600\" src=\"https:\/\/bxrepsol.s3.eu-west-1.amazonaws.com\/static\/2023\/11\/23120241\/JRB7560-scaledweb.png\" class=\"attachment-post-thumbnail size-post-thumbnail wp-post-image\" alt=\"\" style=\"object-fit:cover;\" srcset=\"https:\/\/bxrepsol.s3.eu-west-1.amazonaws.com\/static\/2023\/11\/23120241\/JRB7560-scaledweb.png 1280w, https:\/\/bxrepsol.s3.eu-west-1.amazonaws.com\/static\/2023\/11\/23120241\/JRB7560-scaledweb-300x141.png 300w, https:\/\/bxrepsol.s3.eu-west-1.amazonaws.com\/static\/2023\/11\/23120241\/JRB7560-scaledweb-1024x480.png 1024w, https:\/\/bxrepsol.s3.eu-west-1.amazonaws.com\/static\/2023\/11\/23120241\/JRB7560-scaledweb-768x360.png 768w\" sizes=\"auto, (max-width: 1280px) 100vw, 1280px\" \/><\/figure>\n\n\n<p><strong>Vas a disputar&nbsp;tu \u00faltimo Gran Premio con el equipo Repsol Honda, \u00bfc\u00f3mo lo afrontas?<\/strong><\/p>\n\n\n\n<p>\u201cEstamos a mi\u00e9rcoles del Gran Premio de Valencia, el \u00faltimo Gran Premio del a\u00f1o. Evidentemente ahora las gradas est\u00e1n vac\u00edas con una tranquilidad que luego no habr\u00e1, porque durante el fin de semana hay mucho ajetreo de normal. Siendo el \u00faltimo Gran Premio del a\u00f1o siempre es especial, pero este es diferente. No me gusta decir que es mi \u00faltimo Gran Premio con Honda, porque nunca se sabe en el futuro. Pero ser\u00e1 el punto y aparte de una etapa con el Repsol Honda Team donde hemos conseguido muchos \u00e9xitos y ser\u00e1 un fin de semana de muchas emociones\u201d.<\/p>\n\n\n\n<p><strong>\u00bfC\u00f3mo has trabajado mentalmente el fin de semana?<\/strong><\/p>\n\n\n\n<p>\u201cSiempre es muy dif\u00edcil trabajar en c\u00f3mo afrontar un Gran Premio, y m\u00e1s cuando se trata de emociones. Habr\u00e1 momentos seguramente inolvidables en este Gran Premio de Valencia, ya que quiero hacerlo lo mejor posible en pista y para ello necesito estar 100% concentrado\u201d.<\/p>\n\n\n\n<p><strong>\u00bfQu\u00e9 es el equipo Repsol Honda para ti?<\/strong><\/p>\n\n\n\n<p>\u201cEl Repsol Honda Team ha sido y siempre ser\u00e1 el equipo de mi carrera deportiva y de mi vida. He estado 11 a\u00f1os con ellos, donde hemos conseguido 6 t\u00edtulos mundiales, no voy a conseguirlo con otro equipo. Tengo 30 a\u00f1os y la carrera deportiva de cualquier deportista o piloto, en este caso, dura lo que dura y ser\u00e1 el equipo con el que haya conseguido m\u00e1s \u00e9xitos a nivel personal y a nivel colectivo\u201d.<\/p>\n\n\n\n<p><strong>\u00bfReconoces la moto que tienes detr\u00e1s? \u00bfQu\u00e9 recuerdos te trae?<\/strong><\/p>\n\n\n\n<p>\u201cAqu\u00ed es donde empez\u00f3 todo. Fue mi debut y fue un debut so\u00f1ado: primer a\u00f1o y ganar. Para m\u00ed fue el a\u00f1o m\u00e1s divertido porque hab\u00eda cero presi\u00f3n, todo val\u00eda y todo sal\u00eda bien. Tuve la oportunidad de subir al equipo donde hab\u00edan corrido mis \u00eddolos, adem\u00e1s de compartir box con uno de mis \u00eddolos que fue, y es, Dani Pedrosa.&nbsp; A partir de ah\u00ed empezaron estos 11 a\u00f1os que, si lo valoras bien, han sido exitosos\u201d.<\/p>\n\n\n\n<p><strong>\u00bfQu\u00e9 diferencia hay entre el Marc de 2013 y del 2023?<\/strong><\/p>\n\n\n\n<p>\u201cHemos aprendido m\u00e1s de los momentos dif\u00edciles y de los golpes que hemos recibido durante todos estos a\u00f1os, pero tambi\u00e9n hemos disfrutado y bailado mucho de los momentos buenos. No puedes comparar un chaval de 20 a\u00f1os con un \u201chombrecillo\u201d de 30, con todas las ideas m\u00e1s claras y m\u00e1s maduro. He aprendido muchas cosas y la decisi\u00f3n que he tomado ahora con 30 a\u00f1os hubiera sido incapaz de tomarla con 20, 22, 23, 24 o 25 a\u00f1os porque no era suficientemente maduro para hacerlo\u201d.<\/p>\n\n\n\n<p><strong>\u00bfQu\u00e9 no ha cambiado de ti en estos a\u00f1os?<\/strong><\/p>\n\n\n\n<p>\u201cNo ha cambiado el car\u00e1cter, la sonrisa y, sobre todo, la ambici\u00f3n, que sigue siendo la misma que cuando empec\u00e9. Estoy aqu\u00ed para intentar ser el mejor en pista y para ello tienes que intentar buscar la mejor soluci\u00f3n. Hay muchas veces que cuesta, pero no dormir\u00eda tranquilo si me retirara el d\u00eda de ma\u00f1ana con dudas o con \u201c\u00bfy si hubiera hecho esto o lo otro?\u201d. En todo momento soy un piloto que, tanto dentro como fuera de pista, hace lo que siente y lo que creo necesario para intentar luchar por los sitios de cabeza\u201d.<\/p>\n\n\n\n<figure class=\"wp-block-embed is-type-video is-provider-youtube wp-block-embed-youtube wp-embed-aspect-16-9 wp-has-aspect-ratio\"><div class=\"wp-block-embed__wrapper\">\n<iframe loading=\"lazy\" title=\"La \u00faltima entrevista de Marc M\u00e1rquez con el Repsol Honda Team\" width=\"500\" height=\"281\" src=\"https:\/\/www.youtube.com\/embed\/9Pyfl65MbrI?feature=oembed\" frameborder=\"0\" allow=\"accelerometer; autoplay; clipboard-write; encrypted-media; gyroscope; picture-in-picture; web-share\" referrerpolicy=\"strict-origin-when-cross-origin\" allowfullscreen><\/iframe>\n<\/div><\/figure>\n\n\n\n<h2 class=\"wp-block-heading\"><strong>\u201cTodo el paddock quiere ser piloto del equipo Repsol Honda\u201d<\/strong><\/h2>\n\n\n\n<p><strong>A lo largo de todos estos a\u00f1os con Repsol, \u00bfsabr\u00edas decir un momento con el que te quedar\u00edas?<\/strong><\/p>\n\n\n\n<p>\u201cCon Repsol hay muchos momentos y sobre todo se me quedan m\u00e1s los momentos de circuito. muchos detalles, me acuerdo cuando me subieron en su avioneta\u2026 hemos hecho much\u00edsimos eventos. Las cenas de los domingos de Valencia una vez terminada la temporada, hac\u00edan fiestas muy divertidas, son momentos que nunca se me olvidar\u00e1n. Como he estado tantos a\u00f1os he visto pasar a mucha gente dentro de Repsol, diferentes equipos como de comunicaci\u00f3n como de patrocinio, siempre han rendido de diez y me he sentido muy bien tratado, me siento un privilegiado\u201d.<\/p>\n\n\n\n<p><strong>\u00bfConsideras que contar con el apoyo de una marca as\u00ed te ha ayudado a nivel de reconocimiento en Espa\u00f1a?<\/strong><\/p>\n\n\n\n<p>\u201cTodo el paddock quiere ser piloto del equipo Repsol Honda y desea estar con Repsol porque es el patrocinador con m\u00e1s historia en MotoGP, que lleva m\u00e1s a\u00f1os ligado al motociclismo, a la competici\u00f3n\u2026 Y, obviamente, eres la envidia del paddock. A todos les gustar\u00eda tener una moto pintada de Repsol y estar por todos los sitios\u201d.<\/p>\n\n\n\n<p><strong>Cuando est\u00e1s solo y piensas en qui\u00e9n eres, lo que has conseguido y lo que significas para este deporte, \u00bfqu\u00e9 te viene a la cabeza? \u00bfQu\u00e9 sientes?<\/strong><\/p>\n\n\n\n<p>\u201cToda la gente que te est\u00e1 apoyando la valoras much\u00edsimo, no solo en los buenos momentos, tambi\u00e9n en los malos y para m\u00ed no tiene sentido dar vueltas solo en el circuito, para m\u00ed tiene sentido la competici\u00f3n, crear emociones a la gente, ver el paddock lleno, que venga una ni\u00f1a o un ni\u00f1o peque\u00f1o y se ponga a llorar o se quede parado, son reacciones que creas en la gente que nunca me hubiera imaginado. De peque\u00f1o te imaginas la vida de piloto, pero no te imaginas la vida de estrella\u201d.<\/p>\n\n\n\n<p><strong>\u00bfC\u00f3mo fue ese debut con pilotos como Lorenzo, Rossi y Pedrosa en pista?<\/strong><\/p>\n\n\n\n<p>\u201cLa primera carrera de Catar, cuando pude ir detr\u00e1s de Pedrosa y de Valentino. Fue incre\u00edble ver el nombre de Pedrosa, el de Rossi y el de Lorenzo cuando vas pilotando y es el que est\u00e1 delante tuyo\u2026 est\u00e1s en Moto3, luego en Moto2, pero son cosas con las que no eres realista. Luego, cuando llegas y lo ves, te das cuenta de que son palabras mayores\u201d.<\/p>\n\n\n\n<p><strong>\u00bfQu\u00e9 carrera recuerdas haber ganado con m\u00e1s soltura?<\/strong><\/p>\n\n\n\n<p>\u201cHay muchas que no gan\u00e9 siendo el m\u00e1s r\u00e1pido, gan\u00e9 siendo el m\u00e1s listo o gestionando la carrera de otra manera. Alguna de Montmel\u00f3 gan\u00e9 no siendo el m\u00e1s r\u00e1pido sino gestionando la carrera de la mejor manera, y muchas otras, gan\u00e9 en Holanda, que es un circuito que no se me da bien, pero he ganado muchas veces. Se te quedan grabadas, pero ha habido tantas&#8230; que es bueno que se te olvide\u201d.<\/p>\n\n\n\n<p><strong>\u00bfY cu\u00e1l fue la m\u00e1s sufrida?<\/strong><\/p>\n\n\n\n<p>\u201c\u00bfLa m\u00e1s sufrida? Creo que 2013 aqu\u00ed en Valencia. No fue la m\u00e1s sufrida, pero s\u00ed la m\u00e1s larga, con diferencia porque ten\u00eda que quedar cuarto si Lorenzo ganaba la carrera. Y fue muy larga porque cuando vas al l\u00edmite vas super concentrado y se te pasan las vueltas r\u00e1pidas, pero cuando vas con dudas, no vas al l\u00edmite, no te puedes caer, piensas m\u00e1s cosas\u2026 se me hizo eterna la carrera, pero me dio el t\u00edtulo en 2013\u201d.<\/p>\n\n\n\n<p><strong>Estamos en la curva 1 de Valencia, \u00bfno te recuerda a algo?<\/strong><\/p>\n\n\n\n<p>\u201cEn esta curva en el Mundial de 2017, la curva 1 de Valencia fue donde hice la m\u00edtica salvada de izquierda, una de las mejores salvadas que he tenido. Esa salvada fue el inconformismo, estaba en carrera tan tranquilo que intent\u00e9 liderar y escaparme para crear esa tensi\u00f3n y volver a concentrarme en la carrera y, en una de esas, casi me caigo\u201d.<\/p>\n\n\n\n<p><strong>\u00bfQu\u00e9 es lo que m\u00e1s vas a echar de menos de tu experiencia con Repsol?<\/strong><\/p>\n\n\n\n<p>\u201c\u00bfQu\u00e9 echar\u00e9 de menos del Repsol Honda? Lo echar\u00e9 todo de menos, desde la entrada al box, hasta los colores, la gente, la moto\u2026 no he hecho nada m\u00e1s. Desde que entr\u00e9 en 2013 he estado con la misma gente, los mismos colores, el mismo box, con todo igual\u2026 la pregunta es qu\u00e9 no echar\u00e9 de menos\u201d.<\/p>\n\n\n\n<p><strong>\u00bfQu\u00e9 mensaje le lanzas a los aficionados que te siguen y que visten con los mismos colores?<\/strong> \u201cCreo que muchos aficionados que son del Repsol Honda seguir\u00e1n apoyando al 93 tambi\u00e9n, porque como puse en mi post cuando se anunci\u00f3 y lo sigo creyendo: estamos separados, pero siempre unidos, de alguna manera estamos unidos. Ser\u00e1 el equipo, haga lo que haga, y vaya como vaya en mi nueva etapa, este ser\u00e1 el equipo de mi vida, de mi carrera deportiva y por el que ser\u00e9 recordado\u201d.<\/p>\n\n\n\n<div id=\"54da7a0c-32d2-4a3b-ba89-724f7630af2c\" class=\"br-slider-box\"><div class=\"wp-block-create-block-repsol-carousel br-slider\"><a target=\"_blank\" href=\"https:\/\/bxrepsol.s3.eu-west-1.amazonaws.com\/static\/2023\/11\/23120624\/JRB7126-scaled-1.jpg\" data-index=\"0\" rel=\"noopener\"><img decoding=\"async\" src=\"https:\/\/bxrepsol.s3.eu-west-1.amazonaws.com\/static\/2023\/11\/23120624\/JRB7126-scaled-1.jpg\"\/><\/a><a target=\"_blank\" href=\"https:\/\/bxrepsol.s3.eu-west-1.amazonaws.com\/static\/2023\/11\/23120627\/JRB7425-scaled-1.jpg\" data-index=\"1\" rel=\"noopener\"><img decoding=\"async\" src=\"https:\/\/bxrepsol.s3.eu-west-1.amazonaws.com\/static\/2023\/11\/23120627\/JRB7425-scaled-1.jpg\"\/><\/a><a target=\"_blank\" href=\"https:\/\/bxrepsol.s3.eu-west-1.amazonaws.com\/static\/2023\/11\/23120629\/JRB8167-scaled-1.jpg\" data-index=\"2\" rel=\"noopener\"><img decoding=\"async\" src=\"https:\/\/bxrepsol.s3.eu-west-1.amazonaws.com\/static\/2023\/11\/23120629\/JRB8167-scaled-1.jpg\"\/><\/a><a target=\"_blank\" href=\"https:\/\/bxrepsol.s3.eu-west-1.amazonaws.com\/static\/2023\/11\/23120632\/JRB8302-scaled-1.jpg\" data-index=\"3\" rel=\"noopener\"><img decoding=\"async\" src=\"https:\/\/bxrepsol.s3.eu-west-1.amazonaws.com\/static\/2023\/11\/23120632\/JRB8302-scaled-1.jpg\"\/><\/a><a target=\"_blank\" href=\"https:\/\/bxrepsol.s3.eu-west-1.amazonaws.com\/static\/2023\/11\/23120635\/JRB8341-scaled-1.jpg\" data-index=\"4\" rel=\"noopener\"><img decoding=\"async\" src=\"https:\/\/bxrepsol.s3.eu-west-1.amazonaws.com\/static\/2023\/11\/23120635\/JRB8341-scaled-1.jpg\"\/><\/a><\/div><div class=\"br-slider-buttons\"><button class=\"arrow rds-icon arrow--left rds-icon-Arrow_left\"><\/button><button class=\"arrow rds-icon arrow--right rds-icon-Arrow_right\"><\/button><\/div><\/div>\n","protected":false},"excerpt":{"rendered":"<p>El ocho veces Campe\u00f3n del Mundo repasa toda su trayectoria con el equipo Repsol Honda en una entrevista previa al fin de semana de Valencia <\/p>\n","protected":false},"author":43146,"featured_media":107703,"comment_status":"open","ping_status":"open","sticky":false,"template":"","format":"standard","meta":{"footnotes":""},"categories":[4],"tags":[414,6,331],"class_list":["post-107702","post","type-post","status-publish","format-standard","hentry","category-motogp","tag-gp-valencia","tag-marc-marquez","tag-motogp-2023"],"yoast_head":"<!-- This site is optimized with the Yoast SEO plugin v27.3 - https:\/\/yoast.com\/product\/yoast-seo-wordpress\/ -->\n<title>Marc M\u00e1rquez: \u201cEl Repsol Honda siempre ser\u00e1 el equipo de mi vida y por el que ser\u00e9 recordado\u201d - Box Repsol<\/title>\n<link rel=\"canonical\" href=\"https:\/\/www.boxrepsol.com\/es\/motogp\/marc-marquez-el-repsol-honda-siempre-sera-el-equipo-de-mi-vida-y-por-el-que-sere-recordado\/\" \/>\n<meta property=\"og:locale\" content=\"es_ES\" \/>\n<meta property=\"og:type\" content=\"article\" \/>\n<meta property=\"og:title\" content=\"Marc M\u00e1rquez: \u201cEl Repsol Honda siempre ser\u00e1 el equipo de mi vida y por el que ser\u00e9 recordado\u201d - Box Repsol\" \/>\n<meta property=\"og:description\" content=\"El ocho veces Campe\u00f3n del Mundo repasa toda su trayectoria con el equipo Repsol Honda en una entrevista previa al fin de semana de Valencia\" \/>\n<meta property=\"og:url\" content=\"https:\/\/www.boxrepsol.com\/es\/motogp\/marc-marquez-el-repsol-honda-siempre-sera-el-equipo-de-mi-vida-y-por-el-que-sere-recordado\/\" \/>\n<meta property=\"og:site_name\" content=\"Box Repsol\" \/>\n<meta property=\"article:publisher\" content=\"https:\/\/www.facebook.com\/BoxRepsol\" \/>\n<meta property=\"article:author\" content=\"https:\/\/www.facebook.com\/BoxRepsol\/\" \/>\n<meta property=\"article:published_time\" content=\"2023-11-23T14:07:40+00:00\" \/>\n<meta property=\"article:modified_time\" content=\"2024-04-08T08:17:35+00:00\" \/>\n<meta property=\"og:image\" content=\"https:\/\/bxrepsol.s3.eu-west-1.amazonaws.com\/static\/2023\/11\/23120241\/JRB7560-scaledweb.png\" \/>\n\t<meta property=\"og:image:width\" content=\"1280\" \/>\n\t<meta property=\"og:image:height\" content=\"600\" \/>\n\t<meta property=\"og:image:type\" content=\"image\/png\" \/>\n<meta name=\"author\" content=\"Redacci\u00f3n Box Repsol\" \/>\n<meta name=\"twitter:card\" content=\"summary_large_image\" \/>\n<meta name=\"twitter:creator\" content=\"@https:\/\/twitter.com\/box_repsol\" \/>\n<meta name=\"twitter:site\" content=\"@box_repsol\" \/>\n<meta name=\"twitter:label1\" content=\"Written by\" \/>\n\t<meta name=\"twitter:data1\" content=\"Redacci\u00f3n Box Repsol\" \/>\n\t<meta name=\"twitter:label2\" content=\"Est. reading time\" \/>\n\t<meta name=\"twitter:data2\" content=\"7 minutos\" \/>\n<script type=\"application\/ld+json\" class=\"yoast-schema-graph\">{\"@context\":\"https:\\\/\\\/schema.org\",\"@graph\":[{\"@type\":\"Article\",\"@id\":\"https:\\\/\\\/www.boxrepsol.com\\\/es\\\/motogp\\\/marc-marquez-el-repsol-honda-siempre-sera-el-equipo-de-mi-vida-y-por-el-que-sere-recordado\\\/#article\",\"isPartOf\":{\"@id\":\"https:\\\/\\\/www.boxrepsol.com\\\/es\\\/motogp\\\/marc-marquez-el-repsol-honda-siempre-sera-el-equipo-de-mi-vida-y-por-el-que-sere-recordado\\\/\"},\"author\":{\"name\":\"Redacci\u00f3n Box Repsol\",\"@id\":\"https:\\\/\\\/www.boxrepsol.com\\\/es\\\/#\\\/schema\\\/person\\\/c5c2138f2cca251b0ad92b7086bb60b7\"},\"headline\":\"Marc M\u00e1rquez: \u201cEl Repsol Honda siempre ser\u00e1 el equipo de mi vida y por el que ser\u00e9 recordado\u201d\",\"datePublished\":\"2023-11-23T14:07:40+00:00\",\"dateModified\":\"2024-04-08T08:17:35+00:00\",\"mainEntityOfPage\":{\"@id\":\"https:\\\/\\\/www.boxrepsol.com\\\/es\\\/motogp\\\/marc-marquez-el-repsol-honda-siempre-sera-el-equipo-de-mi-vida-y-por-el-que-sere-recordado\\\/\"},\"wordCount\":1437,\"commentCount\":2,\"publisher\":{\"@id\":\"https:\\\/\\\/www.boxrepsol.com\\\/es\\\/#organization\"},\"image\":{\"@id\":\"https:\\\/\\\/www.boxrepsol.com\\\/es\\\/motogp\\\/marc-marquez-el-repsol-honda-siempre-sera-el-equipo-de-mi-vida-y-por-el-que-sere-recordado\\\/#primaryimage\"},\"thumbnailUrl\":\"https:\\\/\\\/bxrepsol.s3.eu-west-1.amazonaws.com\\\/static\\\/2023\\\/11\\\/23120241\\\/JRB7560-scaledweb.png\",\"keywords\":[\"GP Valencia\",\"Marc M\u00e1rquez\",\"MotoGP 2023\"],\"articleSection\":[\"MotoGP\"],\"inLanguage\":\"es\",\"potentialAction\":[{\"@type\":\"CommentAction\",\"name\":\"Comment\",\"target\":[\"https:\\\/\\\/www.boxrepsol.com\\\/es\\\/motogp\\\/marc-marquez-el-repsol-honda-siempre-sera-el-equipo-de-mi-vida-y-por-el-que-sere-recordado\\\/#respond\"]}]},{\"@type\":\"WebPage\",\"@id\":\"https:\\\/\\\/www.boxrepsol.com\\\/es\\\/motogp\\\/marc-marquez-el-repsol-honda-siempre-sera-el-equipo-de-mi-vida-y-por-el-que-sere-recordado\\\/\",\"url\":\"https:\\\/\\\/www.boxrepsol.com\\\/es\\\/motogp\\\/marc-marquez-el-repsol-honda-siempre-sera-el-equipo-de-mi-vida-y-por-el-que-sere-recordado\\\/\",\"name\":\"Marc M\u00e1rquez: \u201cEl Repsol Honda siempre ser\u00e1 el equipo de mi vida y por el que ser\u00e9 recordado\u201d - Box Repsol\",\"isPartOf\":{\"@id\":\"https:\\\/\\\/www.boxrepsol.com\\\/es\\\/#website\"},\"primaryImageOfPage\":{\"@id\":\"https:\\\/\\\/www.boxrepsol.com\\\/es\\\/motogp\\\/marc-marquez-el-repsol-honda-siempre-sera-el-equipo-de-mi-vida-y-por-el-que-sere-recordado\\\/#primaryimage\"},\"image\":{\"@id\":\"https:\\\/\\\/www.boxrepsol.com\\\/es\\\/motogp\\\/marc-marquez-el-repsol-honda-siempre-sera-el-equipo-de-mi-vida-y-por-el-que-sere-recordado\\\/#primaryimage\"},\"thumbnailUrl\":\"https:\\\/\\\/bxrepsol.s3.eu-west-1.amazonaws.com\\\/static\\\/2023\\\/11\\\/23120241\\\/JRB7560-scaledweb.png\",\"datePublished\":\"2023-11-23T14:07:40+00:00\",\"dateModified\":\"2024-04-08T08:17:35+00:00\",\"breadcrumb\":{\"@id\":\"https:\\\/\\\/www.boxrepsol.com\\\/es\\\/motogp\\\/marc-marquez-el-repsol-honda-siempre-sera-el-equipo-de-mi-vida-y-por-el-que-sere-recordado\\\/#breadcrumb\"},\"inLanguage\":\"es\",\"potentialAction\":[{\"@type\":\"ReadAction\",\"target\":[\"https:\\\/\\\/www.boxrepsol.com\\\/es\\\/motogp\\\/marc-marquez-el-repsol-honda-siempre-sera-el-equipo-de-mi-vida-y-por-el-que-sere-recordado\\\/\"]}]},{\"@type\":\"ImageObject\",\"inLanguage\":\"es\",\"@id\":\"https:\\\/\\\/www.boxrepsol.com\\\/es\\\/motogp\\\/marc-marquez-el-repsol-honda-siempre-sera-el-equipo-de-mi-vida-y-por-el-que-sere-recordado\\\/#primaryimage\",\"url\":\"https:\\\/\\\/bxrepsol.s3.eu-west-1.amazonaws.com\\\/static\\\/2023\\\/11\\\/23120241\\\/JRB7560-scaledweb.png\",\"contentUrl\":\"https:\\\/\\\/bxrepsol.s3.eu-west-1.amazonaws.com\\\/static\\\/2023\\\/11\\\/23120241\\\/JRB7560-scaledweb.png\",\"width\":1280,\"height\":600},{\"@type\":\"BreadcrumbList\",\"@id\":\"https:\\\/\\\/www.boxrepsol.com\\\/es\\\/motogp\\\/marc-marquez-el-repsol-honda-siempre-sera-el-equipo-de-mi-vida-y-por-el-que-sere-recordado\\\/#breadcrumb\",\"itemListElement\":[{\"@type\":\"ListItem\",\"position\":1,\"name\":\"Home\",\"item\":\"https:\\\/\\\/www.boxrepsol.com\\\/es\\\/\"},{\"@type\":\"ListItem\",\"position\":2,\"name\":\"Marc M\u00e1rquez: \u201cEl Repsol Honda siempre ser\u00e1 el equipo de mi vida y por el que ser\u00e9 recordado\u201d\"}]},{\"@type\":\"WebSite\",\"@id\":\"https:\\\/\\\/www.boxrepsol.com\\\/es\\\/#website\",\"url\":\"https:\\\/\\\/www.boxrepsol.com\\\/es\\\/\",\"name\":\"Box Repsol\",\"description\":\"Box Repsol Site\",\"publisher\":{\"@id\":\"https:\\\/\\\/www.boxrepsol.com\\\/es\\\/#organization\"},\"potentialAction\":[{\"@type\":\"SearchAction\",\"target\":{\"@type\":\"EntryPoint\",\"urlTemplate\":\"https:\\\/\\\/www.boxrepsol.com\\\/es\\\/?s={search_term_string}\"},\"query-input\":{\"@type\":\"PropertyValueSpecification\",\"valueRequired\":true,\"valueName\":\"search_term_string\"}}],\"inLanguage\":\"es\"},{\"@type\":\"Organization\",\"@id\":\"https:\\\/\\\/www.boxrepsol.com\\\/es\\\/#organization\",\"name\":\"Box Repsol\",\"url\":\"https:\\\/\\\/www.boxrepsol.com\\\/es\\\/\",\"logo\":{\"@type\":\"ImageObject\",\"inLanguage\":\"es\",\"@id\":\"https:\\\/\\\/www.boxrepsol.com\\\/es\\\/#\\\/schema\\\/logo\\\/image\\\/\",\"url\":\"https:\\\/\\\/bxrepsol.s3.eu-west-1.amazonaws.com\\\/static\\\/2025\\\/07\\\/30083337\\\/favicon-96x96-1.png\",\"contentUrl\":\"https:\\\/\\\/bxrepsol.s3.eu-west-1.amazonaws.com\\\/static\\\/2025\\\/07\\\/30083337\\\/favicon-96x96-1.png\",\"width\":96,\"height\":96,\"caption\":\"Box Repsol\"},\"image\":{\"@id\":\"https:\\\/\\\/www.boxrepsol.com\\\/es\\\/#\\\/schema\\\/logo\\\/image\\\/\"},\"sameAs\":[\"https:\\\/\\\/www.facebook.com\\\/BoxRepsol\",\"https:\\\/\\\/x.com\\\/box_repsol\",\"http:\\\/\\\/instagram.com\\\/box_repsol\",\"https:\\\/\\\/www.youtube.com\\\/user\\\/RepsolCompeticion\",\"https:\\\/\\\/www.flickr.com\\\/photos\\\/box_repsol\\\/\"]},{\"@type\":\"Person\",\"@id\":\"https:\\\/\\\/www.boxrepsol.com\\\/es\\\/#\\\/schema\\\/person\\\/c5c2138f2cca251b0ad92b7086bb60b7\",\"name\":\"Redacci\u00f3n Box Repsol\",\"image\":{\"@type\":\"ImageObject\",\"inLanguage\":\"es\",\"@id\":\"https:\\\/\\\/secure.gravatar.com\\\/avatar\\\/adf7b77e38b4419baf32c7e9c21dde01f4e40df611f0978e3006fc4ba0aaab7e?s=96&d=mm&r=g\",\"url\":\"https:\\\/\\\/secure.gravatar.com\\\/avatar\\\/adf7b77e38b4419baf32c7e9c21dde01f4e40df611f0978e3006fc4ba0aaab7e?s=96&d=mm&r=g\",\"contentUrl\":\"https:\\\/\\\/secure.gravatar.com\\\/avatar\\\/adf7b77e38b4419baf32c7e9c21dde01f4e40df611f0978e3006fc4ba0aaab7e?s=96&d=mm&r=g\",\"caption\":\"Redacci\u00f3n Box Repsol\"},\"description\":\"Box Repsol lo forma un equipo de periodistas, community managers, dise\u00f1adores y fot\u00f3grafos con m\u00e1s de 20 a\u00f1os de experiencia en el mundo del motorsport. Hemos vivido el primer mundial de un espa\u00f1ol en la categor\u00eda reina de motociclismo con \u00c1lex Crivill\u00e9, estuvimos en las victorias de Pedrosa y los t\u00edtulos de M\u00e1rquez, acompa\u00f1amos en \u00c1frica a Nani Roma y Marc Coma en sus conquistas del Dakar y hemos vibrado con los t\u00edtulos de Toni Bou en Trial. Adem\u00e1s, en nuestro equipo contamos con expertos en el mundo de las dos y cuatro ruedas tanto de la calle y las carreteras, como de los circuitos. Periodistas que han trabajado en revistas y publicaciones para hacerte llegar desde rutas y consejos de mantenimiento, a curiosidades y trucos de pilotaje.\",\"sameAs\":[\"https:\\\/\\\/www.facebook.com\\\/BoxRepsol\\\/\",\"https:\\\/\\\/www.instagram.com\\\/box_repsol\\\/\",\"https:\\\/\\\/x.com\\\/https:\\\/\\\/twitter.com\\\/box_repsol\",\"https:\\\/\\\/www.youtube.com\\\/@Boxrepsol\"],\"url\":\"https:\\\/\\\/www.boxrepsol.com\\\/es\\\/author\\\/redaccion-box-repsol\\\/\"}]}<\/script>\n<!-- \/ Yoast SEO plugin. -->","yoast_head_json":{"title":"Marc M\u00e1rquez: \u201cEl Repsol Honda siempre ser\u00e1 el equipo de mi vida y por el que ser\u00e9 recordado\u201d - Box Repsol","canonical":"https:\/\/www.boxrepsol.com\/es\/motogp\/marc-marquez-el-repsol-honda-siempre-sera-el-equipo-de-mi-vida-y-por-el-que-sere-recordado\/","og_locale":"es_ES","og_type":"article","og_title":"Marc M\u00e1rquez: \u201cEl Repsol Honda siempre ser\u00e1 el equipo de mi vida y por el que ser\u00e9 recordado\u201d - Box Repsol","og_description":"El ocho veces Campe\u00f3n del Mundo repasa toda su trayectoria con el equipo Repsol Honda en una entrevista previa al fin de semana de Valencia","og_url":"https:\/\/www.boxrepsol.com\/es\/motogp\/marc-marquez-el-repsol-honda-siempre-sera-el-equipo-de-mi-vida-y-por-el-que-sere-recordado\/","og_site_name":"Box Repsol","article_publisher":"https:\/\/www.facebook.com\/BoxRepsol","article_author":"https:\/\/www.facebook.com\/BoxRepsol\/","article_published_time":"2023-11-23T14:07:40+00:00","article_modified_time":"2024-04-08T08:17:35+00:00","og_image":[{"width":1280,"height":600,"url":"https:\/\/bxrepsol.s3.eu-west-1.amazonaws.com\/static\/2023\/11\/23120241\/JRB7560-scaledweb.png","type":"image\/png"}],"author":"Redacci\u00f3n Box Repsol","twitter_card":"summary_large_image","twitter_creator":"@https:\/\/twitter.com\/box_repsol","twitter_site":"@box_repsol","twitter_misc":{"Written by":"Redacci\u00f3n Box Repsol","Est. reading time":"7 minutos"},"schema":{"@context":"https:\/\/schema.org","@graph":[{"@type":"Article","@id":"https:\/\/www.boxrepsol.com\/es\/motogp\/marc-marquez-el-repsol-honda-siempre-sera-el-equipo-de-mi-vida-y-por-el-que-sere-recordado\/#article","isPartOf":{"@id":"https:\/\/www.boxrepsol.com\/es\/motogp\/marc-marquez-el-repsol-honda-siempre-sera-el-equipo-de-mi-vida-y-por-el-que-sere-recordado\/"},"author":{"name":"Redacci\u00f3n Box Repsol","@id":"https:\/\/www.boxrepsol.com\/es\/#\/schema\/person\/c5c2138f2cca251b0ad92b7086bb60b7"},"headline":"Marc M\u00e1rquez: \u201cEl Repsol Honda siempre ser\u00e1 el equipo de mi vida y por el que ser\u00e9 recordado\u201d","datePublished":"2023-11-23T14:07:40+00:00","dateModified":"2024-04-08T08:17:35+00:00","mainEntityOfPage":{"@id":"https:\/\/www.boxrepsol.com\/es\/motogp\/marc-marquez-el-repsol-honda-siempre-sera-el-equipo-de-mi-vida-y-por-el-que-sere-recordado\/"},"wordCount":1437,"commentCount":2,"publisher":{"@id":"https:\/\/www.boxrepsol.com\/es\/#organization"},"image":{"@id":"https:\/\/www.boxrepsol.com\/es\/motogp\/marc-marquez-el-repsol-honda-siempre-sera-el-equipo-de-mi-vida-y-por-el-que-sere-recordado\/#primaryimage"},"thumbnailUrl":"https:\/\/bxrepsol.s3.eu-west-1.amazonaws.com\/static\/2023\/11\/23120241\/JRB7560-scaledweb.png","keywords":["GP Valencia","Marc M\u00e1rquez","MotoGP 2023"],"articleSection":["MotoGP"],"inLanguage":"es","potentialAction":[{"@type":"CommentAction","name":"Comment","target":["https:\/\/www.boxrepsol.com\/es\/motogp\/marc-marquez-el-repsol-honda-siempre-sera-el-equipo-de-mi-vida-y-por-el-que-sere-recordado\/#respond"]}]},{"@type":"WebPage","@id":"https:\/\/www.boxrepsol.com\/es\/motogp\/marc-marquez-el-repsol-honda-siempre-sera-el-equipo-de-mi-vida-y-por-el-que-sere-recordado\/","url":"https:\/\/www.boxrepsol.com\/es\/motogp\/marc-marquez-el-repsol-honda-siempre-sera-el-equipo-de-mi-vida-y-por-el-que-sere-recordado\/","name":"Marc M\u00e1rquez: \u201cEl Repsol Honda siempre ser\u00e1 el equipo de mi vida y por el que ser\u00e9 recordado\u201d - Box Repsol","isPartOf":{"@id":"https:\/\/www.boxrepsol.com\/es\/#website"},"primaryImageOfPage":{"@id":"https:\/\/www.boxrepsol.com\/es\/motogp\/marc-marquez-el-repsol-honda-siempre-sera-el-equipo-de-mi-vida-y-por-el-que-sere-recordado\/#primaryimage"},"image":{"@id":"https:\/\/www.boxrepsol.com\/es\/motogp\/marc-marquez-el-repsol-honda-siempre-sera-el-equipo-de-mi-vida-y-por-el-que-sere-recordado\/#primaryimage"},"thumbnailUrl":"https:\/\/bxrepsol.s3.eu-west-1.amazonaws.com\/static\/2023\/11\/23120241\/JRB7560-scaledweb.png","datePublished":"2023-11-23T14:07:40+00:00","dateModified":"2024-04-08T08:17:35+00:00","breadcrumb":{"@id":"https:\/\/www.boxrepsol.com\/es\/motogp\/marc-marquez-el-repsol-honda-siempre-sera-el-equipo-de-mi-vida-y-por-el-que-sere-recordado\/#breadcrumb"},"inLanguage":"es","potentialAction":[{"@type":"ReadAction","target":["https:\/\/www.boxrepsol.com\/es\/motogp\/marc-marquez-el-repsol-honda-siempre-sera-el-equipo-de-mi-vida-y-por-el-que-sere-recordado\/"]}]},{"@type":"ImageObject","inLanguage":"es","@id":"https:\/\/www.boxrepsol.com\/es\/motogp\/marc-marquez-el-repsol-honda-siempre-sera-el-equipo-de-mi-vida-y-por-el-que-sere-recordado\/#primaryimage","url":"https:\/\/bxrepsol.s3.eu-west-1.amazonaws.com\/static\/2023\/11\/23120241\/JRB7560-scaledweb.png","contentUrl":"https:\/\/bxrepsol.s3.eu-west-1.amazonaws.com\/static\/2023\/11\/23120241\/JRB7560-scaledweb.png","width":1280,"height":600},{"@type":"BreadcrumbList","@id":"https:\/\/www.boxrepsol.com\/es\/motogp\/marc-marquez-el-repsol-honda-siempre-sera-el-equipo-de-mi-vida-y-por-el-que-sere-recordado\/#breadcrumb","itemListElement":[{"@type":"ListItem","position":1,"name":"Home","item":"https:\/\/www.boxrepsol.com\/es\/"},{"@type":"ListItem","position":2,"name":"Marc M\u00e1rquez: \u201cEl Repsol Honda siempre ser\u00e1 el equipo de mi vida y por el que ser\u00e9 recordado\u201d"}]},{"@type":"WebSite","@id":"https:\/\/www.boxrepsol.com\/es\/#website","url":"https:\/\/www.boxrepsol.com\/es\/","name":"Box Repsol","description":"Box Repsol Site","publisher":{"@id":"https:\/\/www.boxrepsol.com\/es\/#organization"},"potentialAction":[{"@type":"SearchAction","target":{"@type":"EntryPoint","urlTemplate":"https:\/\/www.boxrepsol.com\/es\/?s={search_term_string}"},"query-input":{"@type":"PropertyValueSpecification","valueRequired":true,"valueName":"search_term_string"}}],"inLanguage":"es"},{"@type":"Organization","@id":"https:\/\/www.boxrepsol.com\/es\/#organization","name":"Box Repsol","url":"https:\/\/www.boxrepsol.com\/es\/","logo":{"@type":"ImageObject","inLanguage":"es","@id":"https:\/\/www.boxrepsol.com\/es\/#\/schema\/logo\/image\/","url":"https:\/\/bxrepsol.s3.eu-west-1.amazonaws.com\/static\/2025\/07\/30083337\/favicon-96x96-1.png","contentUrl":"https:\/\/bxrepsol.s3.eu-west-1.amazonaws.com\/static\/2025\/07\/30083337\/favicon-96x96-1.png","width":96,"height":96,"caption":"Box Repsol"},"image":{"@id":"https:\/\/www.boxrepsol.com\/es\/#\/schema\/logo\/image\/"},"sameAs":["https:\/\/www.facebook.com\/BoxRepsol","https:\/\/x.com\/box_repsol","http:\/\/instagram.com\/box_repsol","https:\/\/www.youtube.com\/user\/RepsolCompeticion","https:\/\/www.flickr.com\/photos\/box_repsol\/"]},{"@type":"Person","@id":"https:\/\/www.boxrepsol.com\/es\/#\/schema\/person\/c5c2138f2cca251b0ad92b7086bb60b7","name":"Redacci\u00f3n Box Repsol","image":{"@type":"ImageObject","inLanguage":"es","@id":"https:\/\/secure.gravatar.com\/avatar\/adf7b77e38b4419baf32c7e9c21dde01f4e40df611f0978e3006fc4ba0aaab7e?s=96&d=mm&r=g","url":"https:\/\/secure.gravatar.com\/avatar\/adf7b77e38b4419baf32c7e9c21dde01f4e40df611f0978e3006fc4ba0aaab7e?s=96&d=mm&r=g","contentUrl":"https:\/\/secure.gravatar.com\/avatar\/adf7b77e38b4419baf32c7e9c21dde01f4e40df611f0978e3006fc4ba0aaab7e?s=96&d=mm&r=g","caption":"Redacci\u00f3n Box Repsol"},"description":"Box Repsol lo forma un equipo de periodistas, community managers, dise\u00f1adores y fot\u00f3grafos con m\u00e1s de 20 a\u00f1os de experiencia en el mundo del motorsport. Hemos vivido el primer mundial de un espa\u00f1ol en la categor\u00eda reina de motociclismo con \u00c1lex Crivill\u00e9, estuvimos en las victorias de Pedrosa y los t\u00edtulos de M\u00e1rquez, acompa\u00f1amos en \u00c1frica a Nani Roma y Marc Coma en sus conquistas del Dakar y hemos vibrado con los t\u00edtulos de Toni Bou en Trial. Adem\u00e1s, en nuestro equipo contamos con expertos en el mundo de las dos y cuatro ruedas tanto de la calle y las carreteras, como de los circuitos. Periodistas que han trabajado en revistas y publicaciones para hacerte llegar desde rutas y consejos de mantenimiento, a curiosidades y trucos de pilotaje.","sameAs":["https:\/\/www.facebook.com\/BoxRepsol\/","https:\/\/www.instagram.com\/box_repsol\/","https:\/\/x.com\/https:\/\/twitter.com\/box_repsol","https:\/\/www.youtube.com\/@Boxrepsol"],"url":"https:\/\/www.boxrepsol.com\/es\/author\/redaccion-box-repsol\/"}]}},"_links":{"self":[{"href":"https:\/\/www.boxrepsol.com\/es\/wp-json\/wp\/v2\/posts\/107702","targetHints":{"allow":["GET"]}}],"collection":[{"href":"https:\/\/www.boxrepsol.com\/es\/wp-json\/wp\/v2\/posts"}],"about":[{"href":"https:\/\/www.boxrepsol.com\/es\/wp-json\/wp\/v2\/types\/post"}],"author":[{"embeddable":true,"href":"https:\/\/www.boxrepsol.com\/es\/wp-json\/wp\/v2\/users\/43146"}],"replies":[{"embeddable":true,"href":"https:\/\/www.boxrepsol.com\/es\/wp-json\/wp\/v2\/comments?post=107702"}],"version-history":[{"count":2,"href":"https:\/\/www.boxrepsol.com\/es\/wp-json\/wp\/v2\/posts\/107702\/revisions"}],"predecessor-version":[{"id":107716,"href":"https:\/\/www.boxrepsol.com\/es\/wp-json\/wp\/v2\/posts\/107702\/revisions\/107716"}],"wp:featuredmedia":[{"embeddable":true,"href":"https:\/\/www.boxrepsol.com\/es\/wp-json\/wp\/v2\/media\/107703"}],"wp:attachment":[{"href":"https:\/\/www.boxrepsol.com\/es\/wp-json\/wp\/v2\/media?parent=107702"}],"wp:term":[{"taxonomy":"category","embeddable":true,"href":"https:\/\/www.boxrepsol.com\/es\/wp-json\/wp\/v2\/categories?post=107702"},{"taxonomy":"post_tag","embeddable":true,"href":"https:\/\/www.boxrepsol.com\/es\/wp-json\/wp\/v2\/tags?post=107702"}],"curies":[{"name":"wp","href":"https:\/\/api.w.org\/{rel}","templated":true}]}}