{"id":107661,"date":"2023-11-21T14:28:12","date_gmt":"2023-11-21T16:28:12","guid":{"rendered":"https:\/\/www.boxrepsol.com\/?p=107661"},"modified":"2024-08-01T07:28:25","modified_gmt":"2024-08-01T09:28:25","slug":"retrovisor-obligatorio-moto","status":"publish","type":"post","link":"https:\/\/www.boxrepsol.com\/es\/cultura-motera\/retrovisor-obligatorio-moto\/","title":{"rendered":"\u00bfQu\u00e9 retrovisor es obligatorio en moto?"},"content":{"rendered":"<figure class=\"wp-block-post-featured-image\"><img loading=\"lazy\" decoding=\"async\" width=\"1200\" height=\"600\" src=\"https:\/\/bxrepsol.s3.eu-west-1.amazonaws.com\/static\/2023\/11\/21135434\/art2-cabecera.png\" class=\"attachment-post-thumbnail size-post-thumbnail wp-post-image\" alt=\"\" style=\"object-fit:cover;\" srcset=\"https:\/\/bxrepsol.s3.eu-west-1.amazonaws.com\/static\/2023\/11\/21135434\/art2-cabecera.png 1200w, https:\/\/bxrepsol.s3.eu-west-1.amazonaws.com\/static\/2023\/11\/21135434\/art2-cabecera-300x150.png 300w, https:\/\/bxrepsol.s3.eu-west-1.amazonaws.com\/static\/2023\/11\/21135434\/art2-cabecera-1024x512.png 1024w, https:\/\/bxrepsol.s3.eu-west-1.amazonaws.com\/static\/2023\/11\/21135434\/art2-cabecera-768x384.png 768w\" sizes=\"auto, (max-width: 1200px) 100vw, 1200px\" \/><\/figure>\n\n\n<p>No cabe duda de que podemos considerar al <strong>espejo retrovisor<\/strong> como el primer <a href=\"https:\/\/www.boxrepsol.com\/es\/tecnologia\/airbag-moto-elemento-clave-la-seguridad\/\">elemento de seguridad<\/a> pasivo de la historia. Algo tan sencillo como un peque\u00f1o espejo al que nos asomamos diariamente cuando circulamos o realizamos cualquier maniobra, tiene una <strong>importancia fundamental<\/strong> <strong>en nuestra seguridad<\/strong> cuando circulamos en moto.<\/p>\n\n\n\n<div id=\"ez-toc-container\" class=\"ez-toc-v2_0_82_2 counter-hierarchy ez-toc-counter ez-toc-grey ez-toc-container-direction\">\n<div class=\"ez-toc-title-container\">\n<p class=\"ez-toc-title\" style=\"cursor:inherit\">\u00cdndice<\/p>\n<span class=\"ez-toc-title-toggle\"><a href=\"#\" class=\"ez-toc-pull-right ez-toc-btn ez-toc-btn-xs ez-toc-btn-default ez-toc-toggle\" aria-label=\"Toggle Table of Content\"><span class=\"ez-toc-js-icon-con\"><span class=\"\"><span class=\"eztoc-hide\" style=\"display:none;\">Toggle<\/span><span class=\"ez-toc-icon-toggle-span\"><svg style=\"fill: #999;color:#999\" xmlns=\"http:\/\/www.w3.org\/2000\/svg\" class=\"list-377408\" width=\"20px\" height=\"20px\" viewBox=\"0 0 24 24\" fill=\"none\"><path d=\"M6 6H4v2h2V6zm14 0H8v2h12V6zM4 11h2v2H4v-2zm16 0H8v2h12v-2zM4 16h2v2H4v-2zm16 0H8v2h12v-2z\" fill=\"currentColor\"><\/path><\/svg><svg style=\"fill: #999;color:#999\" class=\"arrow-unsorted-368013\" xmlns=\"http:\/\/www.w3.org\/2000\/svg\" width=\"10px\" height=\"10px\" viewBox=\"0 0 24 24\" version=\"1.2\" baseProfile=\"tiny\"><path d=\"M18.2 9.3l-6.2-6.3-6.2 6.3c-.2.2-.3.4-.3.7s.1.5.3.7c.2.2.4.3.7.3h11c.3 0 .5-.1.7-.3.2-.2.3-.5.3-.7s-.1-.5-.3-.7zM5.8 14.7l6.2 6.3 6.2-6.3c.2-.2.3-.5.3-.7s-.1-.5-.3-.7c-.2-.2-.4-.3-.7-.3h-11c-.3 0-.5.1-.7.3-.2.2-.3.5-.3.7s.1.5.3.7z\"\/><\/svg><\/span><\/span><\/span><\/a><\/span><\/div>\n<nav><ul class='ez-toc-list ez-toc-list-level-1 ' ><li class='ez-toc-page-1 ez-toc-heading-level-2'><a class=\"ez-toc-link ez-toc-heading-1\" href=\"https:\/\/www.boxrepsol.com\/es\/cultura-motera\/retrovisor-obligatorio-moto\/#%C2%BFCual_fue_el_origen_de_los_retrovisores_en_moto\" >\u00bfCu\u00e1l fue el origen de los retrovisores en moto?<\/a><\/li><li class='ez-toc-page-1 ez-toc-heading-level-2'><a class=\"ez-toc-link ez-toc-heading-2\" href=\"https:\/\/www.boxrepsol.com\/es\/cultura-motera\/retrovisor-obligatorio-moto\/#%C2%BFCual_es_el_retrovisor_obligatorio_en_moto\" >\u00bfCu\u00e1l es el retrovisor obligatorio en moto?<\/a><ul class='ez-toc-list-level-3' ><li class='ez-toc-heading-level-3'><a class=\"ez-toc-link ez-toc-heading-3\" href=\"https:\/\/www.boxrepsol.com\/es\/cultura-motera\/retrovisor-obligatorio-moto\/#%C2%BFEs_necesario_llevar_retrovisor_en_un_ciclomotor\" >\u00bfEs necesario llevar retrovisor en un ciclomotor?<\/a><\/li><\/ul><\/li><li class='ez-toc-page-1 ez-toc-heading-level-2'><a class=\"ez-toc-link ez-toc-heading-4\" href=\"https:\/\/www.boxrepsol.com\/es\/cultura-motera\/retrovisor-obligatorio-moto\/#%C2%BFComo_debe_ser_el_espejo_retrovisor_de_una_moto\" >\u00bfC\u00f3mo debe ser el espejo retrovisor de una moto?<\/a><\/li><li class='ez-toc-page-1 ez-toc-heading-level-2'><a class=\"ez-toc-link ez-toc-heading-5\" href=\"https:\/\/www.boxrepsol.com\/es\/cultura-motera\/retrovisor-obligatorio-moto\/#%C2%BFCual_es_la_multa_por_ir_sin_el_retrovisor_obligatorio_en_moto\" >\u00bfCu\u00e1l es la multa por ir sin el retrovisor obligatorio en moto?<\/a><\/li><li class='ez-toc-page-1 ez-toc-heading-level-2'><a class=\"ez-toc-link ez-toc-heading-6\" href=\"https:\/\/www.boxrepsol.com\/es\/cultura-motera\/retrovisor-obligatorio-moto\/#Nuevas_tecnologias_para_los_espejos_de_la_moto\" >Nuevas tecnolog\u00edas para los espejos de la moto<\/a><\/li><\/ul><\/nav><\/div>\n<h2 class=\"wp-block-heading\"><span class=\"ez-toc-section\" id=\"%C2%BFCual_fue_el_origen_de_los_retrovisores_en_moto\"><\/span><strong>\u00bfCu\u00e1l fue el origen de los retrovisores en moto?<\/strong><span class=\"ez-toc-section-end\"><\/span><\/h2>\n\n\n\n<p>El empleo del espejo retrovisor en moto fue una invenci\u00f3n casi casual. Seg\u00fan varias fuentes, fue <strong>la brit\u00e1nica Dorothy Levitt,<\/strong> la primera mujer que particip\u00f3 en competiciones automovil\u00edsticas en Reino Unido, la que adopt\u00f3 este sistema en 1903. Levitt fue c\u00e9lebre por inmiscuirse sin reparos ni complejos en un universo completamente masculino, pero adem\u00e1s fue una excelente piloto de carreras que logr\u00f3 numerosos \u00e9xitos en su \u00e9poca. Y adopt\u00f3 la costumbre de <strong>llevar consigo un espejo que sacaba por la ventanilla de su coche para controlar a sus rivales.<\/strong> Los fabricantes pronto se dieron cuenta de la utilidad del espejo retrovisor, no s\u00f3lo para las competiciones sino tambi\u00e9n para el uso diario, y no tardaron en incorporarlo en los veh\u00edculos de venta al p\u00fablico.<\/p>\n\n\n\n<p>A finales de la d\u00e9cada de 1920, ya hab\u00eda unos cuantos <a href=\"https:\/\/www.boxrepsol.com\/es\/vive-tu-moto\/tipos-de-moto-cual-es-el-tuyo\/\">modelos de motos<\/a>, <strong>fundamentalmente de gran cilindrada, <\/strong>que incorporaban el espejo retrovisor como un elemento de serie, y ser\u00eda a partir de la d\u00e9cada de 1950 cuando ya se generaliz\u00f3 el uso del <strong>espejo retrovisor en todas las motos<\/strong>.<\/p>\n\n\n<div class=\"wp-block-image\">\n<figure class=\"aligncenter size-large\"><img loading=\"lazy\" decoding=\"async\" width=\"1024\" height=\"683\" src=\"https:\/\/bxrepsol.s3.eu-west-1.amazonaws.com\/static\/2023\/11\/21141334\/BMW_R_1300_GS_2024_Accion-12-1024x683.jpg\" alt=\"Motos con espejos retrovisores\" class=\"wp-image-107665\" srcset=\"https:\/\/bxrepsol.s3.eu-west-1.amazonaws.com\/static\/2023\/11\/21141334\/BMW_R_1300_GS_2024_Accion-12-1024x683.jpg 1024w, https:\/\/bxrepsol.s3.eu-west-1.amazonaws.com\/static\/2023\/11\/21141334\/BMW_R_1300_GS_2024_Accion-12-300x200.jpg 300w, https:\/\/bxrepsol.s3.eu-west-1.amazonaws.com\/static\/2023\/11\/21141334\/BMW_R_1300_GS_2024_Accion-12-768x512.jpg 768w, https:\/\/bxrepsol.s3.eu-west-1.amazonaws.com\/static\/2023\/11\/21141334\/BMW_R_1300_GS_2024_Accion-12-1536x1024.jpg 1536w, https:\/\/bxrepsol.s3.eu-west-1.amazonaws.com\/static\/2023\/11\/21141334\/BMW_R_1300_GS_2024_Accion-12-2048x1365.jpg 2048w\" sizes=\"auto, (max-width: 1024px) 100vw, 1024px\" \/><\/figure>\n<\/div>\n\n\n<h2 class=\"wp-block-heading\"><span class=\"ez-toc-section\" id=\"%C2%BFCual_es_el_retrovisor_obligatorio_en_moto\"><\/span><strong>\u00bfCu\u00e1l es el retrovisor obligatorio en moto?<\/strong><span class=\"ez-toc-section-end\"><\/span><\/h2>\n\n\n\n<p>Inicialmente las motos incorporaron inicialmente un solo espejo. Este se encontraba en el lado izquierdo  por aquello de las maniobras de adelantamiento, qued\u00e1ndose as\u00ed como el espejo obligatorio en moto. Sin embargo, enseguida se introdujo un segundo retrovisor en moto en el lado derecho, porque ayudaba a tener una completa visi\u00f3n de lo que suced\u00eda a nuestras espaldas, aunque <strong>no todos los modelos llegaron a ser equipados con ese segundo retrovisor.<\/strong><\/p>\n\n\n\n<p>Cuando finalmente lleg\u00f3 la l\u00f3gica regulaci\u00f3n, se establecieron una serie de normas muy b\u00e1sicas que <strong>establec\u00edan cu\u00e1les eran las motos que deb\u00edan llevar dos espejos<\/strong>, y cu\u00e1les las que les bastaban con solo uno.<\/p>\n\n\n<div class=\"wp-block-image\">\n<figure class=\"aligncenter size-large\"><img loading=\"lazy\" decoding=\"async\" width=\"1024\" height=\"683\" src=\"https:\/\/bxrepsol.s3.eu-west-1.amazonaws.com\/static\/2023\/11\/21141450\/cerrar-parabrisas-motocicleta-1024x683.jpg\" alt=\"Retrovisores de la moto \" class=\"wp-image-107667\" srcset=\"https:\/\/bxrepsol.s3.eu-west-1.amazonaws.com\/static\/2023\/11\/21141450\/cerrar-parabrisas-motocicleta-1024x683.jpg 1024w, https:\/\/bxrepsol.s3.eu-west-1.amazonaws.com\/static\/2023\/11\/21141450\/cerrar-parabrisas-motocicleta-300x200.jpg 300w, https:\/\/bxrepsol.s3.eu-west-1.amazonaws.com\/static\/2023\/11\/21141450\/cerrar-parabrisas-motocicleta-768x512.jpg 768w, https:\/\/bxrepsol.s3.eu-west-1.amazonaws.com\/static\/2023\/11\/21141450\/cerrar-parabrisas-motocicleta-1536x1024.jpg 1536w, https:\/\/bxrepsol.s3.eu-west-1.amazonaws.com\/static\/2023\/11\/21141450\/cerrar-parabrisas-motocicleta-2048x1365.jpg 2048w\" sizes=\"auto, (max-width: 1024px) 100vw, 1024px\" \/><\/figure>\n<\/div>\n\n\n<p>La norma fue muy sencilla. B\u00e1sicamente, aquellas <strong>motos que superaran los 100 km\/h de velocidad m\u00e1xima estaban obligadas a incorporar un segundo retrovisor obligatorio<\/strong>, que deb\u00edan ser de igual tama\u00f1o e id\u00e9nticas caracter\u00edsticas. <\/p>\n\n\n\n<p>De esta forma, las motos menos potentes, que rodaban a una velocidad inferior a 100 km\/h s\u00f3lo est\u00e1n obligadas a contar con <strong>un \u00fanico retrovisor obligatorio en el lado izquierdo<\/strong>, dejando el derecho de modo opcional. Muchos <a href=\"https:\/\/www.boxrepsol.com\/es\/cultura-motera\/mejores-marcas-de-motos\/\">fabricantes de motos<\/a>, con el af\u00e1n de ahorrar ese peque\u00f1o coste y mantener su moto de limitadas prestaciones dentro de un precio lo m\u00e1s ajustado posible, <strong>no incorporaban el espejo derecho.<\/strong><\/p>\n\n\n\n<p>Adem\u00e1s, en su momento la reglamentaci\u00f3n obligatoria estableci\u00f3 que los ciclomotores de tres ruedas y los cuadriciclos ligeros con carrocer\u00eda cubierta <strong>s\u00f3lo precisan disponer de retrovisores izquierdo e interior,<\/strong> mientras que\u00a0cualquier <a href=\"https:\/\/www.boxrepsol.com\/es\/tecnologia\/moto-tres-ruedas\/\">moto de tres ruedas<\/a> o m\u00e1s que no sea ligero\u00a0<strong>deber\u00e1 llevar obligatoriamente los dos espejos retrovisores exteriores<\/strong>, ubic\u00e1ndose uno a cada lado del veh\u00edculo.<\/p>\n\n\n\n<h3 class=\"wp-block-heading\"><span class=\"ez-toc-section\" id=\"%C2%BFEs_necesario_llevar_retrovisor_en_un_ciclomotor\"><\/span><strong>\u00bf<\/strong>Es necesario llevar retrovisor en un ciclomotor<strong>?<\/strong><span class=\"ez-toc-section-end\"><\/span><\/h3>\n\n\n\n<p>En los <a href=\"https:\/\/www.boxrepsol.com\/es\/vive-tu-moto\/todo-lo-que-necesitas-saber-sobre-ciclomotores-en-espana\/\">ciclomotores<\/a> la normativa es ligeramente diferente. Dado que se trata de un veh\u00edculo que no debe superar los 45 km\/h de velocidad m\u00e1xima, <strong>bastar\u00e1 con que emplee un solo espejo retrovisor obligatorio<\/strong>, en el lado derecho, pero ya es norma general entre los fabricantes incorporar un espejo en cada lado del manillar. Incluso las motos de campo matriculadas, las motos de enduro, han de disponer de un espejo retrovisor.<\/p>\n\n\n<div class=\"wp-block-image\">\n<figure class=\"aligncenter size-large\"><img loading=\"lazy\" decoding=\"async\" width=\"1024\" height=\"683\" src=\"https:\/\/bxrepsol.s3.eu-west-1.amazonaws.com\/static\/2023\/11\/21142355\/biker-timon-moto-1024x683.jpg\" alt=\"Motos en carretera con retrovisores \" class=\"wp-image-107679\" srcset=\"https:\/\/bxrepsol.s3.eu-west-1.amazonaws.com\/static\/2023\/11\/21142355\/biker-timon-moto-1024x683.jpg 1024w, https:\/\/bxrepsol.s3.eu-west-1.amazonaws.com\/static\/2023\/11\/21142355\/biker-timon-moto-300x200.jpg 300w, https:\/\/bxrepsol.s3.eu-west-1.amazonaws.com\/static\/2023\/11\/21142355\/biker-timon-moto-768x512.jpg 768w, https:\/\/bxrepsol.s3.eu-west-1.amazonaws.com\/static\/2023\/11\/21142355\/biker-timon-moto-1536x1024.jpg 1536w, https:\/\/bxrepsol.s3.eu-west-1.amazonaws.com\/static\/2023\/11\/21142355\/biker-timon-moto-2048x1365.jpg 2048w\" sizes=\"auto, (max-width: 1024px) 100vw, 1024px\" \/><\/figure>\n<\/div>\n\n\n<h2 class=\"wp-block-heading\"><span class=\"ez-toc-section\" id=\"%C2%BFComo_debe_ser_el_espejo_retrovisor_de_una_moto\"><\/span>\u00bfC\u00f3mo debe ser el espejo retrovisor de una moto?<span class=\"ez-toc-section-end\"><\/span><\/h2>\n\n\n\n<p>Todo lo relativo a los espejos est\u00e1 regulado por el <strong><em>Real Decreto 2822\/1998, de 23 de diciembre<\/em>,<\/strong> en el que se determinan una serie de caracter\u00edsticas t\u00e9cnicas que han de cumplir los retrovisores de una moto: el contorno de la superficie del espejo y la carcasa de protecci\u00f3n <strong>no han de tener una distancia superior a 2,5 mm a lo largo de todo su per\u00edmetro<\/strong>, y la normativa define adem\u00e1s dimensiones, \u00e1ngulos, carcasa y resistencia que debe tener el espejo. La pieza que fija el retrovisor al veh\u00edculo ha de estar dise\u00f1ada de tal forma que su eje de giro ceda f\u00e1cilmente en el sentido en el que se produzca el posible impacto.<\/p>\n\n\n\n<p>Es imprescindible que el <strong>espejo retrovisor est\u00e9 homologado y certificado<\/strong> para garantizar su \u00f3ptimo funcionamiento. Precisamente en las <a href=\"https:\/\/www.boxrepsol.com\/es\/vive-tu-moto\/cuando-debe-pasar-una-moto-la-primera-itv\/\">ITV<\/a> se pone especial atenci\u00f3n a los espejos retrovisores, y se comprueban todos los detalles, incluso si el espejo es compatible o no con esa moto, algo muy f\u00e1cil de descubrir <strong>comprobando el c\u00f3digo que aparece en la parte trasera de la carcasa del retrovisor <\/strong>que ven\u00eda de serie.<\/p>\n\n\n<div class=\"wp-block-image\">\n<figure class=\"aligncenter size-large\"><img loading=\"lazy\" decoding=\"async\" width=\"1024\" height=\"683\" src=\"https:\/\/bxrepsol.s3.eu-west-1.amazonaws.com\/static\/2023\/11\/21142423\/manillar-quad-atv-cuatro-ruedas-cerrar-1024x683.jpg\" alt=\"Retrovisor homologado para moto\" class=\"wp-image-107681\" srcset=\"https:\/\/bxrepsol.s3.eu-west-1.amazonaws.com\/static\/2023\/11\/21142423\/manillar-quad-atv-cuatro-ruedas-cerrar-1024x683.jpg 1024w, https:\/\/bxrepsol.s3.eu-west-1.amazonaws.com\/static\/2023\/11\/21142423\/manillar-quad-atv-cuatro-ruedas-cerrar-300x200.jpg 300w, https:\/\/bxrepsol.s3.eu-west-1.amazonaws.com\/static\/2023\/11\/21142423\/manillar-quad-atv-cuatro-ruedas-cerrar-768x512.jpg 768w, https:\/\/bxrepsol.s3.eu-west-1.amazonaws.com\/static\/2023\/11\/21142423\/manillar-quad-atv-cuatro-ruedas-cerrar-1536x1024.jpg 1536w, https:\/\/bxrepsol.s3.eu-west-1.amazonaws.com\/static\/2023\/11\/21142423\/manillar-quad-atv-cuatro-ruedas-cerrar-2048x1365.jpg 2048w\" sizes=\"auto, (max-width: 1024px) 100vw, 1024px\" \/><\/figure>\n<\/div>\n\n\n<h2 class=\"wp-block-heading\"><span class=\"ez-toc-section\" id=\"%C2%BFCual_es_la_multa_por_ir_sin_el_retrovisor_obligatorio_en_moto\"><\/span><strong>\u00bfCu\u00e1l es la multa por ir sin el retrovisor obligatorio en moto?<\/strong><span class=\"ez-toc-section-end\"><\/span><\/h2>\n\n\n\n<p>Es importante no descuidar el detalle del espejo retrovisor, porque si carecemos de \u00e9l o circulamos sin haber superado la inspecci\u00f3n de la ITV, esto nos puede acarrear una <strong>multa que conlleva una sanci\u00f3n econ\u00f3mica de 200\u20ac<\/strong> (100\u20ac por pronto pago) y p\u00e9rdida de puntos en nuestro <a href=\"https:\/\/www.boxrepsol.com\/es\/cultura-motera\/tipos-carnet-moto-explicados-uno-por-uno\/\">permiso de conducci\u00f3n<\/a> en algunos de los casos.<\/p>\n\n\n\n<h2 class=\"wp-block-heading\"><span class=\"ez-toc-section\" id=\"Nuevas_tecnologias_para_los_espejos_de_la_moto\"><\/span><strong>Nuevas tecnolog\u00edas para los espejos de la moto<\/strong><span class=\"ez-toc-section-end\"><\/span><\/h2>\n\n\n\n<p>Uno de los problemas de la circulaci\u00f3n y el uso del espejo retrovisor es que <strong>en ocasiones hay \u00e1ngulos muertos que no se reflejan <\/strong>en nuestro espejo retrovisor, y que pueden llegar a suponer un riesgo al realizar alguna maniobra. Hace unos a\u00f1os un inventor alicantino, Jos\u00e9 Catal\u00e1 Albors, patent\u00f3 un espejo retrovisor sin \u00e1ngulos muertos. El sistema \u201cpart\u00eda\u201d en dos el espejo, con una pieza fija y otra oblicua que <strong>permite tener dos \u00e1ngulos de visi\u00f3n<\/strong>: la visi\u00f3n directa y el \u00e1ngulo muerto.<\/p>\n\n\n<div class=\"wp-block-image\">\n<figure class=\"aligncenter size-large\"><img loading=\"lazy\" decoding=\"async\" width=\"1024\" height=\"683\" src=\"https:\/\/bxrepsol.s3.eu-west-1.amazonaws.com\/static\/2023\/11\/21142051\/motocicleta-encuentra-carretera-al-atardecer-1024x683.jpg\" alt=\"Espejo retrovisor de una moto al atardecer \" class=\"wp-image-107673\" srcset=\"https:\/\/bxrepsol.s3.eu-west-1.amazonaws.com\/static\/2023\/11\/21142051\/motocicleta-encuentra-carretera-al-atardecer-1024x683.jpg 1024w, https:\/\/bxrepsol.s3.eu-west-1.amazonaws.com\/static\/2023\/11\/21142051\/motocicleta-encuentra-carretera-al-atardecer-300x200.jpg 300w, https:\/\/bxrepsol.s3.eu-west-1.amazonaws.com\/static\/2023\/11\/21142051\/motocicleta-encuentra-carretera-al-atardecer-768x512.jpg 768w, https:\/\/bxrepsol.s3.eu-west-1.amazonaws.com\/static\/2023\/11\/21142051\/motocicleta-encuentra-carretera-al-atardecer-1536x1024.jpg 1536w, https:\/\/bxrepsol.s3.eu-west-1.amazonaws.com\/static\/2023\/11\/21142051\/motocicleta-encuentra-carretera-al-atardecer-2048x1365.jpg 2048w\" sizes=\"auto, (max-width: 1024px) 100vw, 1024px\" \/><\/figure>\n<\/div>\n\n\n<p>M\u00e1s recientemente, la incorporaci\u00f3n del radar posterior en algunos de los modelos m\u00e1s avanzados del mercado, permite <strong>disfrutar de las ventajas de los sistemas ADAS, c<\/strong>omo la detecci\u00f3n de \u00e1ngulos muertos. Cuando se acciona el intermitente para realizar una maniobra, el radar rastrea el lado hacia el que se va a girar y si detecta la presencia de un veh\u00edculo que no se refleja en el radar, <strong>enciende la se\u00f1al de avisador de \u00e1ngulos muertos <\/strong>\u2013un luminoso tri\u00e1ngulo amarillo- en el espejo correspondiente.<\/p>\n\n\n\n<p><strong>Este sistema suele estar activo de forma preventiva<\/strong>, y aunque se circule por un carril sin intenci\u00f3n de realizar maniobra alguna, encienda la se\u00f1al de aviso en cuanto detecta la entrada de un veh\u00edculo en la zona de \u00e1ngulo muerto, <strong>sirviendo de alerta y prevenci\u00f3n al conductor.\u00a0<\/strong><\/p>\n","protected":false},"excerpt":{"rendered":"<p>El retrovisor es un elemento de seguridad discreto pero fundamental para rodar seguro en moto en unos tiempos marcados por la tecnolog\u00eda y los avanzados sistemas de seguridad<\/p>\n","protected":false},"author":41268,"featured_media":107663,"comment_status":"open","ping_status":"open","sticky":false,"template":"","format":"standard","meta":{"footnotes":""},"categories":[160],"tags":[425],"class_list":["post-107661","post","type-post","status-publish","format-standard","hentry","category-cultura-motera","tag-consejos-de-trafico"],"yoast_head":"<!-- This site is optimized with the Yoast SEO plugin v27.3 - https:\/\/yoast.com\/product\/yoast-seo-wordpress\/ -->\n<title>\u00bfQu\u00e9 retrovisor es obligatorio en moto? - Box Repsol<\/title>\n<meta name=\"description\" content=\"\u00bfCu\u00e1l es el retrovisor obligatorio en tu moto? Conoce las normativas vigentes y garantiza tu seguridad en la carretera. Ent\u00e9rate de todo aqu\u00ed.\" \/>\n<link rel=\"canonical\" href=\"https:\/\/www.boxrepsol.com\/es\/cultura-motera\/retrovisor-obligatorio-moto\/\" \/>\n<meta property=\"og:locale\" content=\"es_ES\" \/>\n<meta property=\"og:type\" content=\"article\" \/>\n<meta property=\"og:title\" content=\"\u00bfQu\u00e9 retrovisor es obligatorio en moto? - Box Repsol\" \/>\n<meta property=\"og:description\" content=\"\u00bfCu\u00e1l es el retrovisor obligatorio en tu moto? Conoce las normativas vigentes y garantiza tu seguridad en la carretera. Ent\u00e9rate de todo aqu\u00ed.\" \/>\n<meta property=\"og:url\" content=\"https:\/\/www.boxrepsol.com\/es\/cultura-motera\/retrovisor-obligatorio-moto\/\" \/>\n<meta property=\"og:site_name\" content=\"Box Repsol\" \/>\n<meta property=\"article:publisher\" content=\"https:\/\/www.facebook.com\/BoxRepsol\" \/>\n<meta property=\"article:published_time\" content=\"2023-11-21T16:28:12+00:00\" \/>\n<meta property=\"article:modified_time\" content=\"2024-08-01T09:28:25+00:00\" \/>\n<meta property=\"og:image\" content=\"https:\/\/bxrepsol.s3.eu-west-1.amazonaws.com\/static\/2023\/11\/21135434\/art2-cabecera.png\" \/>\n\t<meta property=\"og:image:width\" content=\"1200\" \/>\n\t<meta property=\"og:image:height\" content=\"600\" \/>\n\t<meta property=\"og:image:type\" content=\"image\/png\" \/>\n<meta name=\"author\" content=\"Juan Pedro de la Torre\" \/>\n<meta name=\"twitter:card\" content=\"summary_large_image\" \/>\n<meta name=\"twitter:creator\" content=\"@https:\/\/twitter.com\/JPdelaTorre1965\" \/>\n<meta name=\"twitter:site\" content=\"@box_repsol\" \/>\n<meta name=\"twitter:label1\" content=\"Written by\" \/>\n\t<meta name=\"twitter:data1\" content=\"Juan Pedro de la Torre\" \/>\n\t<meta name=\"twitter:label2\" content=\"Est. reading time\" \/>\n\t<meta name=\"twitter:data2\" content=\"6 minutos\" \/>\n<script type=\"application\/ld+json\" class=\"yoast-schema-graph\">{\"@context\":\"https:\\\/\\\/schema.org\",\"@graph\":[{\"@type\":\"Article\",\"@id\":\"https:\\\/\\\/www.boxrepsol.com\\\/es\\\/cultura-motera\\\/retrovisor-obligatorio-moto\\\/#article\",\"isPartOf\":{\"@id\":\"https:\\\/\\\/www.boxrepsol.com\\\/es\\\/cultura-motera\\\/retrovisor-obligatorio-moto\\\/\"},\"author\":{\"name\":\"Juan Pedro de la Torre\",\"@id\":\"https:\\\/\\\/www.boxrepsol.com\\\/es\\\/#\\\/schema\\\/person\\\/26abce1d675df22d63ac9e9d5f23e4aa\"},\"headline\":\"\u00bfQu\u00e9 retrovisor es obligatorio en moto?\",\"datePublished\":\"2023-11-21T16:28:12+00:00\",\"dateModified\":\"2024-08-01T09:28:25+00:00\",\"mainEntityOfPage\":{\"@id\":\"https:\\\/\\\/www.boxrepsol.com\\\/es\\\/cultura-motera\\\/retrovisor-obligatorio-moto\\\/\"},\"wordCount\":1139,\"commentCount\":3,\"publisher\":{\"@id\":\"https:\\\/\\\/www.boxrepsol.com\\\/es\\\/#organization\"},\"image\":{\"@id\":\"https:\\\/\\\/www.boxrepsol.com\\\/es\\\/cultura-motera\\\/retrovisor-obligatorio-moto\\\/#primaryimage\"},\"thumbnailUrl\":\"https:\\\/\\\/bxrepsol.s3.eu-west-1.amazonaws.com\\\/static\\\/2023\\\/11\\\/21135434\\\/art2-cabecera.png\",\"keywords\":[\"Consejos tr\u00e1fico\"],\"articleSection\":[\"Cultura Motera\"],\"inLanguage\":\"es\",\"potentialAction\":[{\"@type\":\"CommentAction\",\"name\":\"Comment\",\"target\":[\"https:\\\/\\\/www.boxrepsol.com\\\/es\\\/cultura-motera\\\/retrovisor-obligatorio-moto\\\/#respond\"]}]},{\"@type\":\"WebPage\",\"@id\":\"https:\\\/\\\/www.boxrepsol.com\\\/es\\\/cultura-motera\\\/retrovisor-obligatorio-moto\\\/\",\"url\":\"https:\\\/\\\/www.boxrepsol.com\\\/es\\\/cultura-motera\\\/retrovisor-obligatorio-moto\\\/\",\"name\":\"\u00bfQu\u00e9 retrovisor es obligatorio en moto? - Box Repsol\",\"isPartOf\":{\"@id\":\"https:\\\/\\\/www.boxrepsol.com\\\/es\\\/#website\"},\"primaryImageOfPage\":{\"@id\":\"https:\\\/\\\/www.boxrepsol.com\\\/es\\\/cultura-motera\\\/retrovisor-obligatorio-moto\\\/#primaryimage\"},\"image\":{\"@id\":\"https:\\\/\\\/www.boxrepsol.com\\\/es\\\/cultura-motera\\\/retrovisor-obligatorio-moto\\\/#primaryimage\"},\"thumbnailUrl\":\"https:\\\/\\\/bxrepsol.s3.eu-west-1.amazonaws.com\\\/static\\\/2023\\\/11\\\/21135434\\\/art2-cabecera.png\",\"datePublished\":\"2023-11-21T16:28:12+00:00\",\"dateModified\":\"2024-08-01T09:28:25+00:00\",\"description\":\"\u00bfCu\u00e1l es el retrovisor obligatorio en tu moto? Conoce las normativas vigentes y garantiza tu seguridad en la carretera. Ent\u00e9rate de todo aqu\u00ed.\",\"breadcrumb\":{\"@id\":\"https:\\\/\\\/www.boxrepsol.com\\\/es\\\/cultura-motera\\\/retrovisor-obligatorio-moto\\\/#breadcrumb\"},\"inLanguage\":\"es\",\"potentialAction\":[{\"@type\":\"ReadAction\",\"target\":[\"https:\\\/\\\/www.boxrepsol.com\\\/es\\\/cultura-motera\\\/retrovisor-obligatorio-moto\\\/\"]}]},{\"@type\":\"ImageObject\",\"inLanguage\":\"es\",\"@id\":\"https:\\\/\\\/www.boxrepsol.com\\\/es\\\/cultura-motera\\\/retrovisor-obligatorio-moto\\\/#primaryimage\",\"url\":\"https:\\\/\\\/bxrepsol.s3.eu-west-1.amazonaws.com\\\/static\\\/2023\\\/11\\\/21135434\\\/art2-cabecera.png\",\"contentUrl\":\"https:\\\/\\\/bxrepsol.s3.eu-west-1.amazonaws.com\\\/static\\\/2023\\\/11\\\/21135434\\\/art2-cabecera.png\",\"width\":1200,\"height\":600},{\"@type\":\"BreadcrumbList\",\"@id\":\"https:\\\/\\\/www.boxrepsol.com\\\/es\\\/cultura-motera\\\/retrovisor-obligatorio-moto\\\/#breadcrumb\",\"itemListElement\":[{\"@type\":\"ListItem\",\"position\":1,\"name\":\"Home\",\"item\":\"https:\\\/\\\/www.boxrepsol.com\\\/es\\\/\"},{\"@type\":\"ListItem\",\"position\":2,\"name\":\"\u00bfQu\u00e9 retrovisor es obligatorio en moto?\"}]},{\"@type\":\"WebSite\",\"@id\":\"https:\\\/\\\/www.boxrepsol.com\\\/es\\\/#website\",\"url\":\"https:\\\/\\\/www.boxrepsol.com\\\/es\\\/\",\"name\":\"Box Repsol\",\"description\":\"Box Repsol Site\",\"publisher\":{\"@id\":\"https:\\\/\\\/www.boxrepsol.com\\\/es\\\/#organization\"},\"potentialAction\":[{\"@type\":\"SearchAction\",\"target\":{\"@type\":\"EntryPoint\",\"urlTemplate\":\"https:\\\/\\\/www.boxrepsol.com\\\/es\\\/?s={search_term_string}\"},\"query-input\":{\"@type\":\"PropertyValueSpecification\",\"valueRequired\":true,\"valueName\":\"search_term_string\"}}],\"inLanguage\":\"es\"},{\"@type\":\"Organization\",\"@id\":\"https:\\\/\\\/www.boxrepsol.com\\\/es\\\/#organization\",\"name\":\"Box Repsol\",\"url\":\"https:\\\/\\\/www.boxrepsol.com\\\/es\\\/\",\"logo\":{\"@type\":\"ImageObject\",\"inLanguage\":\"es\",\"@id\":\"https:\\\/\\\/www.boxrepsol.com\\\/es\\\/#\\\/schema\\\/logo\\\/image\\\/\",\"url\":\"https:\\\/\\\/bxrepsol.s3.eu-west-1.amazonaws.com\\\/static\\\/2025\\\/07\\\/30083337\\\/favicon-96x96-1.png\",\"contentUrl\":\"https:\\\/\\\/bxrepsol.s3.eu-west-1.amazonaws.com\\\/static\\\/2025\\\/07\\\/30083337\\\/favicon-96x96-1.png\",\"width\":96,\"height\":96,\"caption\":\"Box Repsol\"},\"image\":{\"@id\":\"https:\\\/\\\/www.boxrepsol.com\\\/es\\\/#\\\/schema\\\/logo\\\/image\\\/\"},\"sameAs\":[\"https:\\\/\\\/www.facebook.com\\\/BoxRepsol\",\"https:\\\/\\\/x.com\\\/box_repsol\",\"http:\\\/\\\/instagram.com\\\/box_repsol\",\"https:\\\/\\\/www.youtube.com\\\/user\\\/RepsolCompeticion\",\"https:\\\/\\\/www.flickr.com\\\/photos\\\/box_repsol\\\/\"]},{\"@type\":\"Person\",\"@id\":\"https:\\\/\\\/www.boxrepsol.com\\\/es\\\/#\\\/schema\\\/person\\\/26abce1d675df22d63ac9e9d5f23e4aa\",\"name\":\"Juan Pedro de la Torre\",\"image\":{\"@type\":\"ImageObject\",\"inLanguage\":\"es\",\"@id\":\"https:\\\/\\\/secure.gravatar.com\\\/avatar\\\/e81f780ee2930d7be330cb34304decf0e9bc66bec0158805a0fe2726f4517224?s=96&d=mm&r=g\",\"url\":\"https:\\\/\\\/secure.gravatar.com\\\/avatar\\\/e81f780ee2930d7be330cb34304decf0e9bc66bec0158805a0fe2726f4517224?s=96&d=mm&r=g\",\"contentUrl\":\"https:\\\/\\\/secure.gravatar.com\\\/avatar\\\/e81f780ee2930d7be330cb34304decf0e9bc66bec0158805a0fe2726f4517224?s=96&d=mm&r=g\",\"caption\":\"Juan Pedro de la Torre\"},\"description\":\"Se inici\u00f3 en el diario Marca en 1988 y posteriormente pas\u00f3 a la revista Motociclismo, donde llegar\u00eda a ser director de deporte. Despu\u00e9s fue editor y director de Motoworld.es y Sport Bikes y colabor\u00f3 con varios medios. Adem\u00e1s, ha publicado una docena de libros y actualmente trabaja como colaborador para Motociclismo, El Confidencial y Box Repsol.\",\"sameAs\":[\"https:\\\/\\\/x.com\\\/https:\\\/\\\/twitter.com\\\/JPdelaTorre1965\",\"https:\\\/\\\/youtube.com\\\/@juanpedrodelatorremotoworld\"],\"url\":\"https:\\\/\\\/www.boxrepsol.com\\\/es\\\/author\\\/juanpedro_delatorre\\\/\"}]}<\/script>\n<!-- \/ Yoast SEO plugin. -->","yoast_head_json":{"title":"\u00bfQu\u00e9 retrovisor es obligatorio en moto? - Box Repsol","description":"\u00bfCu\u00e1l es el retrovisor obligatorio en tu moto? Conoce las normativas vigentes y garantiza tu seguridad en la carretera. Ent\u00e9rate de todo aqu\u00ed.","canonical":"https:\/\/www.boxrepsol.com\/es\/cultura-motera\/retrovisor-obligatorio-moto\/","og_locale":"es_ES","og_type":"article","og_title":"\u00bfQu\u00e9 retrovisor es obligatorio en moto? - Box Repsol","og_description":"\u00bfCu\u00e1l es el retrovisor obligatorio en tu moto? Conoce las normativas vigentes y garantiza tu seguridad en la carretera. Ent\u00e9rate de todo aqu\u00ed.","og_url":"https:\/\/www.boxrepsol.com\/es\/cultura-motera\/retrovisor-obligatorio-moto\/","og_site_name":"Box Repsol","article_publisher":"https:\/\/www.facebook.com\/BoxRepsol","article_published_time":"2023-11-21T16:28:12+00:00","article_modified_time":"2024-08-01T09:28:25+00:00","og_image":[{"width":1200,"height":600,"url":"https:\/\/bxrepsol.s3.eu-west-1.amazonaws.com\/static\/2023\/11\/21135434\/art2-cabecera.png","type":"image\/png"}],"author":"Juan Pedro de la Torre","twitter_card":"summary_large_image","twitter_creator":"@https:\/\/twitter.com\/JPdelaTorre1965","twitter_site":"@box_repsol","twitter_misc":{"Written by":"Juan Pedro de la Torre","Est. reading time":"6 minutos"},"schema":{"@context":"https:\/\/schema.org","@graph":[{"@type":"Article","@id":"https:\/\/www.boxrepsol.com\/es\/cultura-motera\/retrovisor-obligatorio-moto\/#article","isPartOf":{"@id":"https:\/\/www.boxrepsol.com\/es\/cultura-motera\/retrovisor-obligatorio-moto\/"},"author":{"name":"Juan Pedro de la Torre","@id":"https:\/\/www.boxrepsol.com\/es\/#\/schema\/person\/26abce1d675df22d63ac9e9d5f23e4aa"},"headline":"\u00bfQu\u00e9 retrovisor es obligatorio en moto?","datePublished":"2023-11-21T16:28:12+00:00","dateModified":"2024-08-01T09:28:25+00:00","mainEntityOfPage":{"@id":"https:\/\/www.boxrepsol.com\/es\/cultura-motera\/retrovisor-obligatorio-moto\/"},"wordCount":1139,"commentCount":3,"publisher":{"@id":"https:\/\/www.boxrepsol.com\/es\/#organization"},"image":{"@id":"https:\/\/www.boxrepsol.com\/es\/cultura-motera\/retrovisor-obligatorio-moto\/#primaryimage"},"thumbnailUrl":"https:\/\/bxrepsol.s3.eu-west-1.amazonaws.com\/static\/2023\/11\/21135434\/art2-cabecera.png","keywords":["Consejos tr\u00e1fico"],"articleSection":["Cultura Motera"],"inLanguage":"es","potentialAction":[{"@type":"CommentAction","name":"Comment","target":["https:\/\/www.boxrepsol.com\/es\/cultura-motera\/retrovisor-obligatorio-moto\/#respond"]}]},{"@type":"WebPage","@id":"https:\/\/www.boxrepsol.com\/es\/cultura-motera\/retrovisor-obligatorio-moto\/","url":"https:\/\/www.boxrepsol.com\/es\/cultura-motera\/retrovisor-obligatorio-moto\/","name":"\u00bfQu\u00e9 retrovisor es obligatorio en moto? - Box Repsol","isPartOf":{"@id":"https:\/\/www.boxrepsol.com\/es\/#website"},"primaryImageOfPage":{"@id":"https:\/\/www.boxrepsol.com\/es\/cultura-motera\/retrovisor-obligatorio-moto\/#primaryimage"},"image":{"@id":"https:\/\/www.boxrepsol.com\/es\/cultura-motera\/retrovisor-obligatorio-moto\/#primaryimage"},"thumbnailUrl":"https:\/\/bxrepsol.s3.eu-west-1.amazonaws.com\/static\/2023\/11\/21135434\/art2-cabecera.png","datePublished":"2023-11-21T16:28:12+00:00","dateModified":"2024-08-01T09:28:25+00:00","description":"\u00bfCu\u00e1l es el retrovisor obligatorio en tu moto? Conoce las normativas vigentes y garantiza tu seguridad en la carretera. Ent\u00e9rate de todo aqu\u00ed.","breadcrumb":{"@id":"https:\/\/www.boxrepsol.com\/es\/cultura-motera\/retrovisor-obligatorio-moto\/#breadcrumb"},"inLanguage":"es","potentialAction":[{"@type":"ReadAction","target":["https:\/\/www.boxrepsol.com\/es\/cultura-motera\/retrovisor-obligatorio-moto\/"]}]},{"@type":"ImageObject","inLanguage":"es","@id":"https:\/\/www.boxrepsol.com\/es\/cultura-motera\/retrovisor-obligatorio-moto\/#primaryimage","url":"https:\/\/bxrepsol.s3.eu-west-1.amazonaws.com\/static\/2023\/11\/21135434\/art2-cabecera.png","contentUrl":"https:\/\/bxrepsol.s3.eu-west-1.amazonaws.com\/static\/2023\/11\/21135434\/art2-cabecera.png","width":1200,"height":600},{"@type":"BreadcrumbList","@id":"https:\/\/www.boxrepsol.com\/es\/cultura-motera\/retrovisor-obligatorio-moto\/#breadcrumb","itemListElement":[{"@type":"ListItem","position":1,"name":"Home","item":"https:\/\/www.boxrepsol.com\/es\/"},{"@type":"ListItem","position":2,"name":"\u00bfQu\u00e9 retrovisor es obligatorio en moto?"}]},{"@type":"WebSite","@id":"https:\/\/www.boxrepsol.com\/es\/#website","url":"https:\/\/www.boxrepsol.com\/es\/","name":"Box Repsol","description":"Box Repsol Site","publisher":{"@id":"https:\/\/www.boxrepsol.com\/es\/#organization"},"potentialAction":[{"@type":"SearchAction","target":{"@type":"EntryPoint","urlTemplate":"https:\/\/www.boxrepsol.com\/es\/?s={search_term_string}"},"query-input":{"@type":"PropertyValueSpecification","valueRequired":true,"valueName":"search_term_string"}}],"inLanguage":"es"},{"@type":"Organization","@id":"https:\/\/www.boxrepsol.com\/es\/#organization","name":"Box Repsol","url":"https:\/\/www.boxrepsol.com\/es\/","logo":{"@type":"ImageObject","inLanguage":"es","@id":"https:\/\/www.boxrepsol.com\/es\/#\/schema\/logo\/image\/","url":"https:\/\/bxrepsol.s3.eu-west-1.amazonaws.com\/static\/2025\/07\/30083337\/favicon-96x96-1.png","contentUrl":"https:\/\/bxrepsol.s3.eu-west-1.amazonaws.com\/static\/2025\/07\/30083337\/favicon-96x96-1.png","width":96,"height":96,"caption":"Box Repsol"},"image":{"@id":"https:\/\/www.boxrepsol.com\/es\/#\/schema\/logo\/image\/"},"sameAs":["https:\/\/www.facebook.com\/BoxRepsol","https:\/\/x.com\/box_repsol","http:\/\/instagram.com\/box_repsol","https:\/\/www.youtube.com\/user\/RepsolCompeticion","https:\/\/www.flickr.com\/photos\/box_repsol\/"]},{"@type":"Person","@id":"https:\/\/www.boxrepsol.com\/es\/#\/schema\/person\/26abce1d675df22d63ac9e9d5f23e4aa","name":"Juan Pedro de la Torre","image":{"@type":"ImageObject","inLanguage":"es","@id":"https:\/\/secure.gravatar.com\/avatar\/e81f780ee2930d7be330cb34304decf0e9bc66bec0158805a0fe2726f4517224?s=96&d=mm&r=g","url":"https:\/\/secure.gravatar.com\/avatar\/e81f780ee2930d7be330cb34304decf0e9bc66bec0158805a0fe2726f4517224?s=96&d=mm&r=g","contentUrl":"https:\/\/secure.gravatar.com\/avatar\/e81f780ee2930d7be330cb34304decf0e9bc66bec0158805a0fe2726f4517224?s=96&d=mm&r=g","caption":"Juan Pedro de la Torre"},"description":"Se inici\u00f3 en el diario Marca en 1988 y posteriormente pas\u00f3 a la revista Motociclismo, donde llegar\u00eda a ser director de deporte. Despu\u00e9s fue editor y director de Motoworld.es y Sport Bikes y colabor\u00f3 con varios medios. Adem\u00e1s, ha publicado una docena de libros y actualmente trabaja como colaborador para Motociclismo, El Confidencial y Box Repsol.","sameAs":["https:\/\/x.com\/https:\/\/twitter.com\/JPdelaTorre1965","https:\/\/youtube.com\/@juanpedrodelatorremotoworld"],"url":"https:\/\/www.boxrepsol.com\/es\/author\/juanpedro_delatorre\/"}]}},"_links":{"self":[{"href":"https:\/\/www.boxrepsol.com\/es\/wp-json\/wp\/v2\/posts\/107661","targetHints":{"allow":["GET"]}}],"collection":[{"href":"https:\/\/www.boxrepsol.com\/es\/wp-json\/wp\/v2\/posts"}],"about":[{"href":"https:\/\/www.boxrepsol.com\/es\/wp-json\/wp\/v2\/types\/post"}],"author":[{"embeddable":true,"href":"https:\/\/www.boxrepsol.com\/es\/wp-json\/wp\/v2\/users\/41268"}],"replies":[{"embeddable":true,"href":"https:\/\/www.boxrepsol.com\/es\/wp-json\/wp\/v2\/comments?post=107661"}],"version-history":[{"count":4,"href":"https:\/\/www.boxrepsol.com\/es\/wp-json\/wp\/v2\/posts\/107661\/revisions"}],"predecessor-version":[{"id":115898,"href":"https:\/\/www.boxrepsol.com\/es\/wp-json\/wp\/v2\/posts\/107661\/revisions\/115898"}],"wp:featuredmedia":[{"embeddable":true,"href":"https:\/\/www.boxrepsol.com\/es\/wp-json\/wp\/v2\/media\/107663"}],"wp:attachment":[{"href":"https:\/\/www.boxrepsol.com\/es\/wp-json\/wp\/v2\/media?parent=107661"}],"wp:term":[{"taxonomy":"category","embeddable":true,"href":"https:\/\/www.boxrepsol.com\/es\/wp-json\/wp\/v2\/categories?post=107661"},{"taxonomy":"post_tag","embeddable":true,"href":"https:\/\/www.boxrepsol.com\/es\/wp-json\/wp\/v2\/tags?post=107661"}],"curies":[{"name":"wp","href":"https:\/\/api.w.org\/{rel}","templated":true}]}}