{"id":107624,"date":"2023-11-20T14:09:30","date_gmt":"2023-11-20T16:09:30","guid":{"rendered":"https:\/\/www.boxrepsol.com\/?p=107624"},"modified":"2024-10-07T11:28:54","modified_gmt":"2024-10-07T13:28:54","slug":"motogp-valencia-horarios-y-como-ver-la-carrera","status":"publish","type":"post","link":"https:\/\/www.boxrepsol.com\/es\/motogp\/motogp-valencia-horarios-y-como-ver-la-carrera\/","title":{"rendered":"MotoGP Valencia 2023: Horarios y c\u00f3mo ver por televisi\u00f3n y online la actividad en el Circuit Ricardo Tormo"},"content":{"rendered":"<figure class=\"wp-block-post-featured-image\"><img loading=\"lazy\" decoding=\"async\" width=\"2560\" height=\"1707\" src=\"https:\/\/bxrepsol.s3.eu-west-1.amazonaws.com\/static\/2023\/11\/19181902\/JRB5897-scaled.jpg\" class=\"attachment-post-thumbnail size-post-thumbnail wp-post-image\" alt=\"\" style=\"object-fit:cover;\" srcset=\"https:\/\/bxrepsol.s3.eu-west-1.amazonaws.com\/static\/2023\/11\/19181902\/JRB5897-scaled.jpg 2560w, https:\/\/bxrepsol.s3.eu-west-1.amazonaws.com\/static\/2023\/11\/19181902\/JRB5897-300x200.jpg 300w, https:\/\/bxrepsol.s3.eu-west-1.amazonaws.com\/static\/2023\/11\/19181902\/JRB5897-1024x683.jpg 1024w, https:\/\/bxrepsol.s3.eu-west-1.amazonaws.com\/static\/2023\/11\/19181902\/JRB5897-768x512.jpg 768w, https:\/\/bxrepsol.s3.eu-west-1.amazonaws.com\/static\/2023\/11\/19181902\/JRB5897-1536x1024.jpg 1536w, https:\/\/bxrepsol.s3.eu-west-1.amazonaws.com\/static\/2023\/11\/19181902\/JRB5897-2048x1365.jpg 2048w\" sizes=\"auto, (max-width: 2560px) 100vw, 2560px\" \/><\/figure>\n\n\n<p>La \u00faltima cita del Mundial 2023 nos lleva de vuelta a casa, como ya es habitual, para celebrar en el <strong>Circuit Ricardo Tormo<\/strong> el vig\u00e9simo Gran Premio de la temporada. Consulta los horarios y no te pierdas nada de lo que pueda pasar en Valencia, donde estar\u00e1 en juego el <strong>t\u00edtulo de campe\u00f3n del mundo de MotoGP<\/strong>. Adem\u00e1s, puedes seguir este \u00faltimo Gran Premio de la temporada <strong>gratis y en abierto por RTVE<\/strong>.<\/p>\n\n\n\n<div id=\"ez-toc-container\" class=\"ez-toc-v2_0_82_2 counter-hierarchy ez-toc-counter ez-toc-grey ez-toc-container-direction\">\n<div class=\"ez-toc-title-container\">\n<p class=\"ez-toc-title\" style=\"cursor:inherit\">\u00cdndice<\/p>\n<span class=\"ez-toc-title-toggle\"><a href=\"#\" class=\"ez-toc-pull-right ez-toc-btn ez-toc-btn-xs ez-toc-btn-default ez-toc-toggle\" aria-label=\"Toggle Table of Content\"><span class=\"ez-toc-js-icon-con\"><span class=\"\"><span class=\"eztoc-hide\" style=\"display:none;\">Toggle<\/span><span class=\"ez-toc-icon-toggle-span\"><svg style=\"fill: #999;color:#999\" xmlns=\"http:\/\/www.w3.org\/2000\/svg\" class=\"list-377408\" width=\"20px\" height=\"20px\" viewBox=\"0 0 24 24\" fill=\"none\"><path d=\"M6 6H4v2h2V6zm14 0H8v2h12V6zM4 11h2v2H4v-2zm16 0H8v2h12v-2zM4 16h2v2H4v-2zm16 0H8v2h12v-2z\" fill=\"currentColor\"><\/path><\/svg><svg style=\"fill: #999;color:#999\" class=\"arrow-unsorted-368013\" xmlns=\"http:\/\/www.w3.org\/2000\/svg\" width=\"10px\" height=\"10px\" viewBox=\"0 0 24 24\" version=\"1.2\" baseProfile=\"tiny\"><path d=\"M18.2 9.3l-6.2-6.3-6.2 6.3c-.2.2-.3.4-.3.7s.1.5.3.7c.2.2.4.3.7.3h11c.3 0 .5-.1.7-.3.2-.2.3-.5.3-.7s-.1-.5-.3-.7zM5.8 14.7l6.2 6.3 6.2-6.3c.2-.2.3-.5.3-.7s-.1-.5-.3-.7c-.2-.2-.4-.3-.7-.3h-11c-.3 0-.5.1-.7.3-.2.2-.3.5-.3.7s.1.5.3.7z\"\/><\/svg><\/span><\/span><\/span><\/a><\/span><\/div>\n<nav><ul class='ez-toc-list ez-toc-list-level-1 ' ><li class='ez-toc-page-1 ez-toc-heading-level-2'><a class=\"ez-toc-link ez-toc-heading-1\" href=\"https:\/\/www.boxrepsol.com\/es\/motogp\/motogp-valencia-horarios-y-como-ver-la-carrera\/#Disfruta_del_GP_de_Valencia_2023_en_abierto_en_RTVE\" >Disfruta del GP de Valencia 2023 en abierto en RTVE<\/a><\/li><li class='ez-toc-page-1 ez-toc-heading-level-2'><a class=\"ez-toc-link ez-toc-heading-2\" href=\"https:\/\/www.boxrepsol.com\/es\/motogp\/motogp-valencia-horarios-y-como-ver-la-carrera\/#Sigue_en_directo_el_MotoGP_de_Valencia_2023_con_DAZN\" >Sigue en directo el MotoGP de Valencia 2023 con DAZN&nbsp;<\/a><\/li><li class='ez-toc-page-1 ez-toc-heading-level-2'><a class=\"ez-toc-link ez-toc-heading-3\" href=\"https:\/\/www.boxrepsol.com\/es\/motogp\/motogp-valencia-horarios-y-como-ver-la-carrera\/#Como_ver_el_GP_de_Valencia_en_Movistar_y_otras_plataformas\" >C\u00f3mo ver el GP de Valencia en Movistar+ y otras plataformas&nbsp;<\/a><\/li><li class='ez-toc-page-1 ez-toc-heading-level-2'><a class=\"ez-toc-link ez-toc-heading-4\" href=\"https:\/\/www.boxrepsol.com\/es\/motogp\/motogp-valencia-horarios-y-como-ver-la-carrera\/#Ver_MotoGP_Online_en_MotoGPcom\" >Ver MotoGP Online en MotoGP.com<\/a><ul class='ez-toc-list-level-3' ><li class='ez-toc-heading-level-3'><a class=\"ez-toc-link ez-toc-heading-5\" href=\"https:\/\/www.boxrepsol.com\/es\/motogp\/motogp-valencia-horarios-y-como-ver-la-carrera\/#Sigue_la_carrera_GP_Valencia_en_directo_en_la_APP_y_RRSS_de_Box_Repsol\" >Sigue la carrera GP Valencia en directo en la APP y RRSS de Box Repsol&nbsp;<\/a><\/li><\/ul><\/li><li class='ez-toc-page-1 ez-toc-heading-level-2'><a class=\"ez-toc-link ez-toc-heading-6\" href=\"https:\/\/www.boxrepsol.com\/es\/motogp\/motogp-valencia-horarios-y-como-ver-la-carrera\/#Horarios_del_MotoGP_de_Valencia_2023_Hora_CEST\" >Horarios del MotoGP de Valencia 2023 (Hora CEST)&nbsp;<\/a><\/li><li class='ez-toc-page-1 ez-toc-heading-level-2'><a class=\"ez-toc-link ez-toc-heading-7\" href=\"https:\/\/www.boxrepsol.com\/es\/motogp\/motogp-valencia-horarios-y-como-ver-la-carrera\/#Emotivo_ultimo_Gran_Premio_de_la_temporada_de_MotoGP\" >Emotivo \u00faltimo Gran Premio de la temporada de MotoGP<\/a><\/li><\/ul><\/nav><\/div>\n<h2 class=\"wp-block-heading\"><span class=\"ez-toc-section\" id=\"Disfruta_del_GP_de_Valencia_2023_en_abierto_en_RTVE\"><\/span><strong>Disfruta del GP de Valencia 2023 en abierto en RTVE<\/strong><span class=\"ez-toc-section-end\"><\/span><\/h2>\n\n\n\n<p>Tal y como sucedi\u00f3 con los Grandes Premios de Italia y Catalunya, <strong>RTVE<\/strong> <strong>retransmitir\u00e1 en directo<\/strong>, gratis en abierto, el <a href=\"https:\/\/www.rtve.es\/rtve\/20230417\/mundial-motogp-regresa-rtve\/2439121.shtml\">\u00faltimo Gran Premio de la temporada 2023<\/a> en el Circuit Ricardo Tormo.<\/p>\n\n\n\n<p>La cobertura incluir\u00e1 los <strong>entrenamientos libres del viernes, la clasificaci\u00f3n y la carrera al esprint del s\u00e1bado y las tres carreras del domingo<\/strong>. Adem\u00e1s, como ya es habitual en cada fin de semana de carreras, si no tienes tiempo de seguir las carreras en directo, puedes recuperar un amplio resumen de todo lo sucedido en Cheste a partir del domingo por la noche, en <strong>Teledeporte<\/strong> y <strong>RTVE Play<\/strong>.<\/p>\n\n\n\n<h2 class=\"wp-block-heading\"><span class=\"ez-toc-section\" id=\"Sigue_en_directo_el_MotoGP_de_Valencia_2023_con_DAZN\"><\/span><strong>Sigue en directo el MotoGP de Valencia 2023 con DAZN&nbsp;<\/strong><span class=\"ez-toc-section-end\"><\/span><\/h2>\n\n\n\n<p>Si quieres disfrutar del \u00faltimo fin de semana de la temporada en el Ricardo Tormo, una de las opciones a las que te puedes acoger <strong>para ver este Gran Premio de Valencia<\/strong>, es DAZN. La plataforma de streaming cuenta con los derechos de emisi\u00f3n del campeonato y <strong>ofrece una larga lista de contenidos<\/strong> antes, durante y despu\u00e9s de cada sesi\u00f3n. DAZN te permite escoger c\u00f3mo ver las carreras: a trav\u00e9s de <strong>TV, dispositivos m\u00f3viles o PC.<\/strong><\/p>\n\n\n\n<p>Desde su&nbsp;<a href=\"https:\/\/www.dazn.com\/es-ES\/account\/payment-plan\">p\u00e1gina web<\/a>&nbsp;podr\u00e1s consultar sus planes y escoger el que mejor te convenga. Incluyen dos planes diferentes que contienen MotoGP, Total y Esencial, desde 29,99\u20ac al mes y 19,99\u20ac, respectivamente, en sus modalidades con permanencia de 12 meses. Si deseas la opci\u00f3n de pago mensual sin permanencia, el importe final aumenta en 10\u20ac m\u00e1s al mes.<\/p>\n\n\n\n<h2 class=\"wp-block-heading\"><span class=\"ez-toc-section\" id=\"Como_ver_el_GP_de_Valencia_en_Movistar_y_otras_plataformas\"><\/span><strong>C\u00f3mo ver el GP de Valencia en Movistar+ y otras plataformas&nbsp;<\/strong><span class=\"ez-toc-section-end\"><\/span><\/h2>\n\n\n\n<p>De forma paralela e independiente a DAZN, tambi\u00e9n se puede seguir el fin de semana del GP de Valencia por otras v\u00edas. Una de ellas es <strong>hacerlo a trav\u00e9s de Movistar+<\/strong>, siempre y cuando cuentes con el paquete principal de Movistar Plus+ u otros que incluyan el paquete Motor o TV Selecci\u00f3n Deportes.<\/p>\n\n\n\n<p>Sin embargo, <strong>Amazon Prime Video,&nbsp;Yoigo,&nbsp;Orange TV,&nbsp;M\u00e1sM\u00f3vil,&nbsp;Virgin Telco&nbsp;y&nbsp;Telecable<\/strong> son otras de las plataformas disponibles para no quedarse desconectado y poder vivir de cerca la competici\u00f3n gracias a los acuerdos a los que han llegado con Dazn para reproducir su emisi\u00f3n.<\/p>\n\n\n\n<h2 class=\"wp-block-heading\"><span class=\"ez-toc-section\" id=\"Ver_MotoGP_Online_en_MotoGPcom\"><\/span><strong>Ver MotoGP Online en MotoGP.com<\/strong><span class=\"ez-toc-section-end\"><\/span><\/h2>\n\n\n\n<p>No podemos olvidar que tambi\u00e9n existe la opci\u00f3n de seguir el Gran Premio de Valencia de MotoGP a trav\u00e9s de su canal oficial: motogp.com. La organizaci\u00f3n del campeonato ofrece su propia plataforma en la que se <strong>emiten en directo y sin anuncios<\/strong> todas las sesiones del fin de semana, as\u00ed como contenido in\u00e9dito y mucho m\u00e1s exclusivo (declaraciones de los pilotos, reportajes, resultados, etc.). Aunque cada vez hay m\u00e1s contenido en castellano, cabe recordar que las retransmisiones en vivo de las sesiones<strong> solo se pueden escuchar en ingl\u00e9s.<\/strong><\/p>\n\n\n\n<h3 class=\"wp-block-heading\"><span class=\"ez-toc-section\" id=\"Sigue_la_carrera_GP_Valencia_en_directo_en_la_APP_y_RRSS_de_Box_Repsol\"><\/span><strong>Sigue la carrera GP Valencia en directo en la APP y RRSS de Box Repsol&nbsp;<\/strong><span class=\"ez-toc-section-end\"><\/span><\/h3>\n\n\n\n<p>Por supuesto, Box Repsol tambi\u00e9n te brinda la posibilidad de <strong>seguir en directo las carreras de MotoGP&nbsp; de Valencia<\/strong> y de mantenerte informado en cualquier momento y desde cualquier lugar. Sigue <a href=\"https:\/\/twitter.com\/box_repsol\">@Box_Repsol<\/a> en X (antes Twitter), para ver los resultados de cada sesi\u00f3n de entrenamientos, as\u00ed como las mejores im\u00e1genes del d\u00eda y declaraciones de nuestros pilotos. Adem\u00e1s, en la <a href=\"https:\/\/boxrepsol.page.link\/qL6j\">App de Box Repsol<\/a> puedes seguir en directo el \u2018vuelta a vuelta\u2019 de las carreras del s\u00e1bado y del domingo y encontrar<strong> todos los resultados, clasificaciones y horarios<\/strong>, adem\u00e1s de promociones y sorteos.<\/p>\n\n\n\n<h2 class=\"wp-block-heading\"><span class=\"ez-toc-section\" id=\"Horarios_del_MotoGP_de_Valencia_2023_Hora_CEST\"><\/span><strong>Horarios del MotoGP de Valencia 2023 (Hora CEST)&nbsp;<\/strong><span class=\"ez-toc-section-end\"><\/span><\/h2>\n\n\n\n<p>Llega la hora de poner el <strong>broche final al a\u00f1o deportivo m\u00e1s largo<\/strong> de la historia del Mundial. Con Pedro Acosta como campe\u00f3n confirmado en la categor\u00eda intermedia y con Jaume Masi\u00e1 en Moto3, el Ricardo Tormo quiere <a href=\"https:\/\/www.boxrepsol.com\/es\/motogp\/circuit-ricardo-tormo-la-traca-final-la-temporada\/\">dictar sentencia en MotoGP<\/a>.<\/p>\n\n\n\n<p>Tras un fin de semana sin ca\u00eddas y con los dos pilotos del equipo Repsol Honda llevando la moto al box en ambas carreras, <strong>Marc M\u00e1rquez y Joan Mir llegan al Ricardo Tormo<\/strong> con la misi\u00f3n de sumar puntos de nuevo.<strong>Ap\u00fantate los horarios<\/strong> para no perder detalle de todo lo que pase en el MotoGP de Valencia 2023. La <strong>carrera Sprint del s\u00e1bado ser\u00e1 a las 15:00<\/strong>, mientras que las carreras del domingo empezar\u00e1n una hora m\u00e1s tarde de lo habitual: <strong>Moto3<\/strong> ser\u00e1 a las 12:00, <strong>Moto2<\/strong> a las 13:15 y <strong>MotoGP<\/strong>, como colof\u00f3n final, a partir de las 15:00h.<\/p>\n\n\n\n<p><strong>VIERNES 24 DE NOVIEMBRE&nbsp;<\/strong><\/p>\n\n\n\n<p>09:00\u2013 09:35 P1 Moto3<\/p>\n\n\n\n<p>09:50 \u2013 10:30 P1 Moto2<\/p>\n\n\n\n<p>10:45 \u2013 11:30 FP1 MotoGP&nbsp;<\/p>\n\n\n\n<p>13:15 \u2013 13:50 P2 Moto3<\/p>\n\n\n\n<p>14:05 \u2013 14:45 P2 Moto2&nbsp;<\/p>\n\n\n\n<p>15:00 \u2013 16:00 P2 MotoGP&nbsp;<\/p>\n\n\n\n<p><strong>S\u00c1BADO 25 DE NOVIEMBRE&nbsp;<\/strong><\/p>\n\n\n\n<p>08:40 \u2013 09:10 P3 Moto3&nbsp;<\/p>\n\n\n\n<p>09:25 \u2013 09:55 P3 Moto2&nbsp;<\/p>\n\n\n\n<p>10:10 \u2013 10:40 FP2 MotoGP&nbsp;<\/p>\n\n\n\n<p>10:50 \u2013 11:05 Q1 MotoGP&nbsp;<\/p>\n\n\n\n<p>11:15 \u2013 11:30 Q2 MotoGP&nbsp;<\/p>\n\n\n\n<p>12:50 \u2013 13:05 Q1 Moto3&nbsp;<\/p>\n\n\n\n<p>13:30 \u2013 13:30 Q2 Moto3&nbsp;<\/p>\n\n\n\n<p>13:45 \u2013 14:00 Q1 Moto2&nbsp;<\/p>\n\n\n\n<p>14:10 \u2013 14:25 Q2 Moto2&nbsp;<\/p>\n\n\n\n<p>15:00 Sprint Race MotoGP&nbsp;(13 vueltas)<\/p>\n\n\n\n<p><strong>DOMINGO 26 DE NOVIEMBRE&nbsp;<\/strong><\/p>\n\n\n\n<p>10:40 \u2013 10:50 Warm Up MotoGP&nbsp;<\/p>\n\n\n\n<p>11:00 \u2013 11:35 MotoGP Rider Fan Parade&nbsp;<\/p>\n\n\n\n<p>12:00 Carrera Moto3&nbsp;(20 vueltas)<\/p>\n\n\n\n<p>13:15 Carrera Moto2&nbsp;(22 vueltas)<\/p>\n\n\n\n<p>15:00 Carrera MotoGP&nbsp;(27 vueltas)<\/p>\n\n\n\n<p><strong>HORARIOS MOTOGP CARRERAS COLOMBIA&nbsp;<\/strong><\/p>\n\n\n\n<p><strong>S\u00c1BADO\u202f25<\/strong><\/p>\n\n\n\n<p>09:00 Carrera Sprint&nbsp;<\/p>\n\n\n\n<p><strong>DOMINGO 26<\/strong><\/p>\n\n\n\n<p>06:00 Moto3&nbsp;<\/p>\n\n\n\n<p>07:15 Moto2&nbsp;<\/p>\n\n\n\n<p>09:00 MotoGP&nbsp;<\/p>\n\n\n\n<p><strong>HORARIOS MOTOGP CARRERAS M\u00c9XICO&nbsp;<\/strong><\/p>\n\n\n\n<p><strong>S\u00c1BADO 25<\/strong><\/p>\n\n\n\n<p>08:00 Carrera Sprint&nbsp;<\/p>\n\n\n\n<p><strong>DOMINGO 26<\/strong><\/p>\n\n\n\n<p>05:00 Moto3&nbsp;<\/p>\n\n\n\n<p>06:15 Moto2&nbsp;<\/p>\n\n\n\n<p>08:00 MotoGP&nbsp;<\/p>\n\n\n\n<p><strong>HORARIOS MOTOGP CARRERAS CHILE&nbsp;<\/strong><\/p>\n\n\n\n<p><strong>S\u00c1BADO 25<\/strong><\/p>\n\n\n\n<p>11:00 Carrera Sprint&nbsp;<\/p>\n\n\n\n<p><strong>DOMINGO 26<\/strong><\/p>\n\n\n\n<p>08:00 Moto3&nbsp;<\/p>\n\n\n\n<p>09:15 Moto2&nbsp;<\/p>\n\n\n\n<p>11:00 MotoGP&nbsp;<\/p>\n\n\n\n<p><strong>HORARIOS MOTOGP CARRERAS ARGENTINA Y URUGUAY&nbsp;<\/strong><\/p>\n\n\n\n<p><strong>S\u00c1BADO 25<\/strong><\/p>\n\n\n\n<p>11:00 Carrera Sprint&nbsp;<\/p>\n\n\n\n<p><strong>DOMINGO 26<\/strong><\/p>\n\n\n\n<p>08:00 Moto3&nbsp;<\/p>\n\n\n\n<p>09:15 Moto2&nbsp;<\/p>\n\n\n\n<p>11:00 MotoGP&nbsp;<\/p>\n\n\n\n<h2 class=\"wp-block-heading\"><span class=\"ez-toc-section\" id=\"Emotivo_ultimo_Gran_Premio_de_la_temporada_de_MotoGP\"><\/span><strong>Emotivo \u00faltimo Gran Premio de la temporada de MotoGP<\/strong><span class=\"ez-toc-section-end\"><\/span><\/h2>\n\n\n\n<p>campe\u00f3n del mundo y uno se despide de su equipo despu\u00e9s de m\u00e1s de una d\u00e9cada.<\/p>\n\n\n\n<p>El circuito valenciano es uno de los <strong>m\u00e1s peculiares del mundo<\/strong>: es el segundo m\u00e1s corto (4.005m) tras Sachsenring, el m\u00e1s estrecho en cuanto a anchura de pista se refiere (12m), y uno de los pocos que se corren direcci\u00f3n contraria a las agujas del reloj (junto a Sachsenring, COTA, MotorLand Arag\u00f3n y Phillip Island). Tanto es as\u00ed, que las nueve curvas a izquierdas obligan a Michelin a hacer <strong>neum\u00e1ticos asim\u00e9tricos<\/strong> para todos los pilotos.<\/p>\n\n\n\n<p>En cuanto a estad\u00edsticas previas, <strong>Marc M\u00e1rquez tiene grandes recuerdos de Cheste,<\/strong> donde ha conseguido tres victorias (2012 en Moto2 y 2014 y 2019 en MotoGP) y hasta cuatro podios m\u00e1s (2013, 2015, 2016 y 2017). Adem\u00e1s, Marc ha conseguido proclamarse Campe\u00f3n del Mundo hasta en 3 ocasiones en el Ricardo Tormo: en <strong>2010<\/strong> con su primer t\u00edtulo (125cc), en <strong>2013<\/strong>, consiguiendo as\u00ed su primer t\u00edtulo en la categor\u00eda reina, y en <strong>2017<\/strong> tras ganar la \u00faltima carrera de la temporada.<\/p>\n\n\n\n<p>Por su parte, <strong>Joan Mir<\/strong> tambi\u00e9n sabe de primera mano lo que es subirse al caj\u00f3n en Valencia, tras conseguir dos podios en su andadura en Moto3: P2 en 2016 y 2017. En conclusi\u00f3n, <strong>el trazado de Ricardo Tormo<\/strong> entra en escena con dos objetivos claros para el Repsol Honda: cerrar la temporada con buen sabor de boca y <strong>brindar una buena despedida a Marc M\u00e1rquez tras 11 temporadas<\/strong> liderando la f\u00e1brica del ala dorada.<\/p>\n","protected":false},"excerpt":{"rendered":"<p>No te pierdas el desenlace de MotoGP en abierto: llega el Gran Premio de la Comunitat Valenciana, \u00faltima carrera de la temporada, y podr\u00e1s verlo gratis en TV y Online<\/p>\n","protected":false},"author":43146,"featured_media":107611,"comment_status":"open","ping_status":"open","sticky":false,"template":"","format":"standard","meta":{"footnotes":""},"categories":[4],"tags":[343,271,6,331,22],"class_list":["post-107624","post","type-post","status-publish","format-standard","hentry","category-motogp","tag-horarios","tag-joan-mir","tag-marc-marquez","tag-motogp-2023","tag-valencia"],"yoast_head":"<!-- This site is optimized with the Yoast SEO plugin v27.3 - https:\/\/yoast.com\/product\/yoast-seo-wordpress\/ -->\n<title>GP Valencia MotoGP 2023: Horarios y c\u00f3mo ver por televisi\u00f3n y online las carreras en el Circuit Ricardo Tormo - Box Repsol<\/title>\n<meta name=\"description\" content=\"No te pierdas el emocionante GP de Valencia de MotoGP: Encuentra aqu\u00ed todos los horarios y las formas de ver esta apasionante carrera en vivo.\" \/>\n<link rel=\"canonical\" href=\"https:\/\/www.boxrepsol.com\/es\/motogp\/motogp-valencia-horarios-y-como-ver-la-carrera\/\" \/>\n<meta property=\"og:locale\" content=\"es_ES\" \/>\n<meta property=\"og:type\" content=\"article\" \/>\n<meta property=\"og:title\" content=\"GP Valencia MotoGP 2023: Horarios y c\u00f3mo ver por televisi\u00f3n y online las carreras en el Circuit Ricardo Tormo - Box Repsol\" \/>\n<meta property=\"og:description\" content=\"No te pierdas el emocionante GP de Valencia de MotoGP: Encuentra aqu\u00ed todos los horarios y las formas de ver esta apasionante carrera en vivo.\" \/>\n<meta property=\"og:url\" content=\"https:\/\/www.boxrepsol.com\/es\/motogp\/motogp-valencia-horarios-y-como-ver-la-carrera\/\" \/>\n<meta property=\"og:site_name\" content=\"Box Repsol\" \/>\n<meta property=\"article:publisher\" content=\"https:\/\/www.facebook.com\/BoxRepsol\" \/>\n<meta property=\"article:author\" content=\"https:\/\/www.facebook.com\/BoxRepsol\/\" \/>\n<meta property=\"article:published_time\" content=\"2023-11-20T16:09:30+00:00\" \/>\n<meta property=\"article:modified_time\" content=\"2024-10-07T13:28:54+00:00\" \/>\n<meta property=\"og:image\" content=\"https:\/\/bxrepsol.s3.eu-west-1.amazonaws.com\/static\/2023\/11\/19181902\/JRB5897-scaled.jpg\" \/>\n\t<meta property=\"og:image:width\" content=\"2560\" \/>\n\t<meta property=\"og:image:height\" content=\"1707\" \/>\n\t<meta property=\"og:image:type\" content=\"image\/jpeg\" \/>\n<meta name=\"author\" content=\"Redacci\u00f3n Box Repsol\" \/>\n<meta name=\"twitter:card\" content=\"summary_large_image\" \/>\n<meta name=\"twitter:creator\" content=\"@https:\/\/twitter.com\/box_repsol\" \/>\n<meta name=\"twitter:site\" content=\"@box_repsol\" \/>\n<meta name=\"twitter:label1\" content=\"Written by\" \/>\n\t<meta name=\"twitter:data1\" content=\"Redacci\u00f3n Box Repsol\" \/>\n\t<meta name=\"twitter:label2\" content=\"Est. reading time\" \/>\n\t<meta name=\"twitter:data2\" content=\"6 minutos\" \/>\n<script type=\"application\/ld+json\" class=\"yoast-schema-graph\">{\"@context\":\"https:\\\/\\\/schema.org\",\"@graph\":[{\"@type\":\"Article\",\"@id\":\"https:\\\/\\\/www.boxrepsol.com\\\/es\\\/motogp\\\/motogp-valencia-horarios-y-como-ver-la-carrera\\\/#article\",\"isPartOf\":{\"@id\":\"https:\\\/\\\/www.boxrepsol.com\\\/es\\\/motogp\\\/motogp-valencia-horarios-y-como-ver-la-carrera\\\/\"},\"author\":{\"name\":\"Redacci\u00f3n Box Repsol\",\"@id\":\"https:\\\/\\\/www.boxrepsol.com\\\/es\\\/#\\\/schema\\\/person\\\/c5c2138f2cca251b0ad92b7086bb60b7\"},\"headline\":\"MotoGP Valencia 2023: Horarios y c\u00f3mo ver por televisi\u00f3n y online la actividad en el Circuit Ricardo Tormo\",\"datePublished\":\"2023-11-20T16:09:30+00:00\",\"dateModified\":\"2024-10-07T13:28:54+00:00\",\"mainEntityOfPage\":{\"@id\":\"https:\\\/\\\/www.boxrepsol.com\\\/es\\\/motogp\\\/motogp-valencia-horarios-y-como-ver-la-carrera\\\/\"},\"wordCount\":1281,\"commentCount\":0,\"publisher\":{\"@id\":\"https:\\\/\\\/www.boxrepsol.com\\\/es\\\/#organization\"},\"image\":{\"@id\":\"https:\\\/\\\/www.boxrepsol.com\\\/es\\\/motogp\\\/motogp-valencia-horarios-y-como-ver-la-carrera\\\/#primaryimage\"},\"thumbnailUrl\":\"https:\\\/\\\/bxrepsol.s3.eu-west-1.amazonaws.com\\\/static\\\/2023\\\/11\\\/19181902\\\/JRB5897-scaled.jpg\",\"keywords\":[\"Horarios\",\"Joan Mir\",\"Marc M\u00e1rquez\",\"MotoGP 2023\",\"Valencia\"],\"articleSection\":[\"MotoGP\"],\"inLanguage\":\"es\",\"potentialAction\":[{\"@type\":\"CommentAction\",\"name\":\"Comment\",\"target\":[\"https:\\\/\\\/www.boxrepsol.com\\\/es\\\/motogp\\\/motogp-valencia-horarios-y-como-ver-la-carrera\\\/#respond\"]}]},{\"@type\":\"WebPage\",\"@id\":\"https:\\\/\\\/www.boxrepsol.com\\\/es\\\/motogp\\\/motogp-valencia-horarios-y-como-ver-la-carrera\\\/\",\"url\":\"https:\\\/\\\/www.boxrepsol.com\\\/es\\\/motogp\\\/motogp-valencia-horarios-y-como-ver-la-carrera\\\/\",\"name\":\"GP Valencia MotoGP 2023: Horarios y c\u00f3mo ver por televisi\u00f3n y online las carreras en el Circuit Ricardo Tormo - Box Repsol\",\"isPartOf\":{\"@id\":\"https:\\\/\\\/www.boxrepsol.com\\\/es\\\/#website\"},\"primaryImageOfPage\":{\"@id\":\"https:\\\/\\\/www.boxrepsol.com\\\/es\\\/motogp\\\/motogp-valencia-horarios-y-como-ver-la-carrera\\\/#primaryimage\"},\"image\":{\"@id\":\"https:\\\/\\\/www.boxrepsol.com\\\/es\\\/motogp\\\/motogp-valencia-horarios-y-como-ver-la-carrera\\\/#primaryimage\"},\"thumbnailUrl\":\"https:\\\/\\\/bxrepsol.s3.eu-west-1.amazonaws.com\\\/static\\\/2023\\\/11\\\/19181902\\\/JRB5897-scaled.jpg\",\"datePublished\":\"2023-11-20T16:09:30+00:00\",\"dateModified\":\"2024-10-07T13:28:54+00:00\",\"description\":\"No te pierdas el emocionante GP de Valencia de MotoGP: Encuentra aqu\u00ed todos los horarios y las formas de ver esta apasionante carrera en vivo.\",\"breadcrumb\":{\"@id\":\"https:\\\/\\\/www.boxrepsol.com\\\/es\\\/motogp\\\/motogp-valencia-horarios-y-como-ver-la-carrera\\\/#breadcrumb\"},\"inLanguage\":\"es\",\"potentialAction\":[{\"@type\":\"ReadAction\",\"target\":[\"https:\\\/\\\/www.boxrepsol.com\\\/es\\\/motogp\\\/motogp-valencia-horarios-y-como-ver-la-carrera\\\/\"]}]},{\"@type\":\"ImageObject\",\"inLanguage\":\"es\",\"@id\":\"https:\\\/\\\/www.boxrepsol.com\\\/es\\\/motogp\\\/motogp-valencia-horarios-y-como-ver-la-carrera\\\/#primaryimage\",\"url\":\"https:\\\/\\\/bxrepsol.s3.eu-west-1.amazonaws.com\\\/static\\\/2023\\\/11\\\/19181902\\\/JRB5897-scaled.jpg\",\"contentUrl\":\"https:\\\/\\\/bxrepsol.s3.eu-west-1.amazonaws.com\\\/static\\\/2023\\\/11\\\/19181902\\\/JRB5897-scaled.jpg\",\"width\":2560,\"height\":1707},{\"@type\":\"BreadcrumbList\",\"@id\":\"https:\\\/\\\/www.boxrepsol.com\\\/es\\\/motogp\\\/motogp-valencia-horarios-y-como-ver-la-carrera\\\/#breadcrumb\",\"itemListElement\":[{\"@type\":\"ListItem\",\"position\":1,\"name\":\"Home\",\"item\":\"https:\\\/\\\/www.boxrepsol.com\\\/es\\\/\"},{\"@type\":\"ListItem\",\"position\":2,\"name\":\"MotoGP Valencia 2023: Horarios y c\u00f3mo ver por televisi\u00f3n y online la actividad en el Circuit Ricardo Tormo\"}]},{\"@type\":\"WebSite\",\"@id\":\"https:\\\/\\\/www.boxrepsol.com\\\/es\\\/#website\",\"url\":\"https:\\\/\\\/www.boxrepsol.com\\\/es\\\/\",\"name\":\"Box Repsol\",\"description\":\"Box Repsol Site\",\"publisher\":{\"@id\":\"https:\\\/\\\/www.boxrepsol.com\\\/es\\\/#organization\"},\"potentialAction\":[{\"@type\":\"SearchAction\",\"target\":{\"@type\":\"EntryPoint\",\"urlTemplate\":\"https:\\\/\\\/www.boxrepsol.com\\\/es\\\/?s={search_term_string}\"},\"query-input\":{\"@type\":\"PropertyValueSpecification\",\"valueRequired\":true,\"valueName\":\"search_term_string\"}}],\"inLanguage\":\"es\"},{\"@type\":\"Organization\",\"@id\":\"https:\\\/\\\/www.boxrepsol.com\\\/es\\\/#organization\",\"name\":\"Box Repsol\",\"url\":\"https:\\\/\\\/www.boxrepsol.com\\\/es\\\/\",\"logo\":{\"@type\":\"ImageObject\",\"inLanguage\":\"es\",\"@id\":\"https:\\\/\\\/www.boxrepsol.com\\\/es\\\/#\\\/schema\\\/logo\\\/image\\\/\",\"url\":\"https:\\\/\\\/bxrepsol.s3.eu-west-1.amazonaws.com\\\/static\\\/2025\\\/07\\\/30083337\\\/favicon-96x96-1.png\",\"contentUrl\":\"https:\\\/\\\/bxrepsol.s3.eu-west-1.amazonaws.com\\\/static\\\/2025\\\/07\\\/30083337\\\/favicon-96x96-1.png\",\"width\":96,\"height\":96,\"caption\":\"Box Repsol\"},\"image\":{\"@id\":\"https:\\\/\\\/www.boxrepsol.com\\\/es\\\/#\\\/schema\\\/logo\\\/image\\\/\"},\"sameAs\":[\"https:\\\/\\\/www.facebook.com\\\/BoxRepsol\",\"https:\\\/\\\/x.com\\\/box_repsol\",\"http:\\\/\\\/instagram.com\\\/box_repsol\",\"https:\\\/\\\/www.youtube.com\\\/user\\\/RepsolCompeticion\",\"https:\\\/\\\/www.flickr.com\\\/photos\\\/box_repsol\\\/\"]},{\"@type\":\"Person\",\"@id\":\"https:\\\/\\\/www.boxrepsol.com\\\/es\\\/#\\\/schema\\\/person\\\/c5c2138f2cca251b0ad92b7086bb60b7\",\"name\":\"Redacci\u00f3n Box Repsol\",\"image\":{\"@type\":\"ImageObject\",\"inLanguage\":\"es\",\"@id\":\"https:\\\/\\\/secure.gravatar.com\\\/avatar\\\/adf7b77e38b4419baf32c7e9c21dde01f4e40df611f0978e3006fc4ba0aaab7e?s=96&d=mm&r=g\",\"url\":\"https:\\\/\\\/secure.gravatar.com\\\/avatar\\\/adf7b77e38b4419baf32c7e9c21dde01f4e40df611f0978e3006fc4ba0aaab7e?s=96&d=mm&r=g\",\"contentUrl\":\"https:\\\/\\\/secure.gravatar.com\\\/avatar\\\/adf7b77e38b4419baf32c7e9c21dde01f4e40df611f0978e3006fc4ba0aaab7e?s=96&d=mm&r=g\",\"caption\":\"Redacci\u00f3n Box Repsol\"},\"description\":\"Box Repsol lo forma un equipo de periodistas, community managers, dise\u00f1adores y fot\u00f3grafos con m\u00e1s de 20 a\u00f1os de experiencia en el mundo del motorsport. Hemos vivido el primer mundial de un espa\u00f1ol en la categor\u00eda reina de motociclismo con \u00c1lex Crivill\u00e9, estuvimos en las victorias de Pedrosa y los t\u00edtulos de M\u00e1rquez, acompa\u00f1amos en \u00c1frica a Nani Roma y Marc Coma en sus conquistas del Dakar y hemos vibrado con los t\u00edtulos de Toni Bou en Trial. Adem\u00e1s, en nuestro equipo contamos con expertos en el mundo de las dos y cuatro ruedas tanto de la calle y las carreteras, como de los circuitos. Periodistas que han trabajado en revistas y publicaciones para hacerte llegar desde rutas y consejos de mantenimiento, a curiosidades y trucos de pilotaje.\",\"sameAs\":[\"https:\\\/\\\/www.facebook.com\\\/BoxRepsol\\\/\",\"https:\\\/\\\/www.instagram.com\\\/box_repsol\\\/\",\"https:\\\/\\\/x.com\\\/https:\\\/\\\/twitter.com\\\/box_repsol\",\"https:\\\/\\\/www.youtube.com\\\/@Boxrepsol\"],\"url\":\"https:\\\/\\\/www.boxrepsol.com\\\/es\\\/author\\\/redaccion-box-repsol\\\/\"}]}<\/script>\n<!-- \/ Yoast SEO plugin. -->","yoast_head_json":{"title":"GP Valencia MotoGP 2023: Horarios y c\u00f3mo ver por televisi\u00f3n y online las carreras en el Circuit Ricardo Tormo - Box Repsol","description":"No te pierdas el emocionante GP de Valencia de MotoGP: Encuentra aqu\u00ed todos los horarios y las formas de ver esta apasionante carrera en vivo.","canonical":"https:\/\/www.boxrepsol.com\/es\/motogp\/motogp-valencia-horarios-y-como-ver-la-carrera\/","og_locale":"es_ES","og_type":"article","og_title":"GP Valencia MotoGP 2023: Horarios y c\u00f3mo ver por televisi\u00f3n y online las carreras en el Circuit Ricardo Tormo - Box Repsol","og_description":"No te pierdas el emocionante GP de Valencia de MotoGP: Encuentra aqu\u00ed todos los horarios y las formas de ver esta apasionante carrera en vivo.","og_url":"https:\/\/www.boxrepsol.com\/es\/motogp\/motogp-valencia-horarios-y-como-ver-la-carrera\/","og_site_name":"Box Repsol","article_publisher":"https:\/\/www.facebook.com\/BoxRepsol","article_author":"https:\/\/www.facebook.com\/BoxRepsol\/","article_published_time":"2023-11-20T16:09:30+00:00","article_modified_time":"2024-10-07T13:28:54+00:00","og_image":[{"width":2560,"height":1707,"url":"https:\/\/bxrepsol.s3.eu-west-1.amazonaws.com\/static\/2023\/11\/19181902\/JRB5897-scaled.jpg","type":"image\/jpeg"}],"author":"Redacci\u00f3n Box Repsol","twitter_card":"summary_large_image","twitter_creator":"@https:\/\/twitter.com\/box_repsol","twitter_site":"@box_repsol","twitter_misc":{"Written by":"Redacci\u00f3n Box Repsol","Est. reading time":"6 minutos"},"schema":{"@context":"https:\/\/schema.org","@graph":[{"@type":"Article","@id":"https:\/\/www.boxrepsol.com\/es\/motogp\/motogp-valencia-horarios-y-como-ver-la-carrera\/#article","isPartOf":{"@id":"https:\/\/www.boxrepsol.com\/es\/motogp\/motogp-valencia-horarios-y-como-ver-la-carrera\/"},"author":{"name":"Redacci\u00f3n Box Repsol","@id":"https:\/\/www.boxrepsol.com\/es\/#\/schema\/person\/c5c2138f2cca251b0ad92b7086bb60b7"},"headline":"MotoGP Valencia 2023: Horarios y c\u00f3mo ver por televisi\u00f3n y online la actividad en el Circuit Ricardo Tormo","datePublished":"2023-11-20T16:09:30+00:00","dateModified":"2024-10-07T13:28:54+00:00","mainEntityOfPage":{"@id":"https:\/\/www.boxrepsol.com\/es\/motogp\/motogp-valencia-horarios-y-como-ver-la-carrera\/"},"wordCount":1281,"commentCount":0,"publisher":{"@id":"https:\/\/www.boxrepsol.com\/es\/#organization"},"image":{"@id":"https:\/\/www.boxrepsol.com\/es\/motogp\/motogp-valencia-horarios-y-como-ver-la-carrera\/#primaryimage"},"thumbnailUrl":"https:\/\/bxrepsol.s3.eu-west-1.amazonaws.com\/static\/2023\/11\/19181902\/JRB5897-scaled.jpg","keywords":["Horarios","Joan Mir","Marc M\u00e1rquez","MotoGP 2023","Valencia"],"articleSection":["MotoGP"],"inLanguage":"es","potentialAction":[{"@type":"CommentAction","name":"Comment","target":["https:\/\/www.boxrepsol.com\/es\/motogp\/motogp-valencia-horarios-y-como-ver-la-carrera\/#respond"]}]},{"@type":"WebPage","@id":"https:\/\/www.boxrepsol.com\/es\/motogp\/motogp-valencia-horarios-y-como-ver-la-carrera\/","url":"https:\/\/www.boxrepsol.com\/es\/motogp\/motogp-valencia-horarios-y-como-ver-la-carrera\/","name":"GP Valencia MotoGP 2023: Horarios y c\u00f3mo ver por televisi\u00f3n y online las carreras en el Circuit Ricardo Tormo - Box Repsol","isPartOf":{"@id":"https:\/\/www.boxrepsol.com\/es\/#website"},"primaryImageOfPage":{"@id":"https:\/\/www.boxrepsol.com\/es\/motogp\/motogp-valencia-horarios-y-como-ver-la-carrera\/#primaryimage"},"image":{"@id":"https:\/\/www.boxrepsol.com\/es\/motogp\/motogp-valencia-horarios-y-como-ver-la-carrera\/#primaryimage"},"thumbnailUrl":"https:\/\/bxrepsol.s3.eu-west-1.amazonaws.com\/static\/2023\/11\/19181902\/JRB5897-scaled.jpg","datePublished":"2023-11-20T16:09:30+00:00","dateModified":"2024-10-07T13:28:54+00:00","description":"No te pierdas el emocionante GP de Valencia de MotoGP: Encuentra aqu\u00ed todos los horarios y las formas de ver esta apasionante carrera en vivo.","breadcrumb":{"@id":"https:\/\/www.boxrepsol.com\/es\/motogp\/motogp-valencia-horarios-y-como-ver-la-carrera\/#breadcrumb"},"inLanguage":"es","potentialAction":[{"@type":"ReadAction","target":["https:\/\/www.boxrepsol.com\/es\/motogp\/motogp-valencia-horarios-y-como-ver-la-carrera\/"]}]},{"@type":"ImageObject","inLanguage":"es","@id":"https:\/\/www.boxrepsol.com\/es\/motogp\/motogp-valencia-horarios-y-como-ver-la-carrera\/#primaryimage","url":"https:\/\/bxrepsol.s3.eu-west-1.amazonaws.com\/static\/2023\/11\/19181902\/JRB5897-scaled.jpg","contentUrl":"https:\/\/bxrepsol.s3.eu-west-1.amazonaws.com\/static\/2023\/11\/19181902\/JRB5897-scaled.jpg","width":2560,"height":1707},{"@type":"BreadcrumbList","@id":"https:\/\/www.boxrepsol.com\/es\/motogp\/motogp-valencia-horarios-y-como-ver-la-carrera\/#breadcrumb","itemListElement":[{"@type":"ListItem","position":1,"name":"Home","item":"https:\/\/www.boxrepsol.com\/es\/"},{"@type":"ListItem","position":2,"name":"MotoGP Valencia 2023: Horarios y c\u00f3mo ver por televisi\u00f3n y online la actividad en el Circuit Ricardo Tormo"}]},{"@type":"WebSite","@id":"https:\/\/www.boxrepsol.com\/es\/#website","url":"https:\/\/www.boxrepsol.com\/es\/","name":"Box Repsol","description":"Box Repsol Site","publisher":{"@id":"https:\/\/www.boxrepsol.com\/es\/#organization"},"potentialAction":[{"@type":"SearchAction","target":{"@type":"EntryPoint","urlTemplate":"https:\/\/www.boxrepsol.com\/es\/?s={search_term_string}"},"query-input":{"@type":"PropertyValueSpecification","valueRequired":true,"valueName":"search_term_string"}}],"inLanguage":"es"},{"@type":"Organization","@id":"https:\/\/www.boxrepsol.com\/es\/#organization","name":"Box Repsol","url":"https:\/\/www.boxrepsol.com\/es\/","logo":{"@type":"ImageObject","inLanguage":"es","@id":"https:\/\/www.boxrepsol.com\/es\/#\/schema\/logo\/image\/","url":"https:\/\/bxrepsol.s3.eu-west-1.amazonaws.com\/static\/2025\/07\/30083337\/favicon-96x96-1.png","contentUrl":"https:\/\/bxrepsol.s3.eu-west-1.amazonaws.com\/static\/2025\/07\/30083337\/favicon-96x96-1.png","width":96,"height":96,"caption":"Box Repsol"},"image":{"@id":"https:\/\/www.boxrepsol.com\/es\/#\/schema\/logo\/image\/"},"sameAs":["https:\/\/www.facebook.com\/BoxRepsol","https:\/\/x.com\/box_repsol","http:\/\/instagram.com\/box_repsol","https:\/\/www.youtube.com\/user\/RepsolCompeticion","https:\/\/www.flickr.com\/photos\/box_repsol\/"]},{"@type":"Person","@id":"https:\/\/www.boxrepsol.com\/es\/#\/schema\/person\/c5c2138f2cca251b0ad92b7086bb60b7","name":"Redacci\u00f3n Box Repsol","image":{"@type":"ImageObject","inLanguage":"es","@id":"https:\/\/secure.gravatar.com\/avatar\/adf7b77e38b4419baf32c7e9c21dde01f4e40df611f0978e3006fc4ba0aaab7e?s=96&d=mm&r=g","url":"https:\/\/secure.gravatar.com\/avatar\/adf7b77e38b4419baf32c7e9c21dde01f4e40df611f0978e3006fc4ba0aaab7e?s=96&d=mm&r=g","contentUrl":"https:\/\/secure.gravatar.com\/avatar\/adf7b77e38b4419baf32c7e9c21dde01f4e40df611f0978e3006fc4ba0aaab7e?s=96&d=mm&r=g","caption":"Redacci\u00f3n Box Repsol"},"description":"Box Repsol lo forma un equipo de periodistas, community managers, dise\u00f1adores y fot\u00f3grafos con m\u00e1s de 20 a\u00f1os de experiencia en el mundo del motorsport. Hemos vivido el primer mundial de un espa\u00f1ol en la categor\u00eda reina de motociclismo con \u00c1lex Crivill\u00e9, estuvimos en las victorias de Pedrosa y los t\u00edtulos de M\u00e1rquez, acompa\u00f1amos en \u00c1frica a Nani Roma y Marc Coma en sus conquistas del Dakar y hemos vibrado con los t\u00edtulos de Toni Bou en Trial. Adem\u00e1s, en nuestro equipo contamos con expertos en el mundo de las dos y cuatro ruedas tanto de la calle y las carreteras, como de los circuitos. Periodistas que han trabajado en revistas y publicaciones para hacerte llegar desde rutas y consejos de mantenimiento, a curiosidades y trucos de pilotaje.","sameAs":["https:\/\/www.facebook.com\/BoxRepsol\/","https:\/\/www.instagram.com\/box_repsol\/","https:\/\/x.com\/https:\/\/twitter.com\/box_repsol","https:\/\/www.youtube.com\/@Boxrepsol"],"url":"https:\/\/www.boxrepsol.com\/es\/author\/redaccion-box-repsol\/"}]}},"_links":{"self":[{"href":"https:\/\/www.boxrepsol.com\/es\/wp-json\/wp\/v2\/posts\/107624","targetHints":{"allow":["GET"]}}],"collection":[{"href":"https:\/\/www.boxrepsol.com\/es\/wp-json\/wp\/v2\/posts"}],"about":[{"href":"https:\/\/www.boxrepsol.com\/es\/wp-json\/wp\/v2\/types\/post"}],"author":[{"embeddable":true,"href":"https:\/\/www.boxrepsol.com\/es\/wp-json\/wp\/v2\/users\/43146"}],"replies":[{"embeddable":true,"href":"https:\/\/www.boxrepsol.com\/es\/wp-json\/wp\/v2\/comments?post=107624"}],"version-history":[{"count":2,"href":"https:\/\/www.boxrepsol.com\/es\/wp-json\/wp\/v2\/posts\/107624\/revisions"}],"predecessor-version":[{"id":120710,"href":"https:\/\/www.boxrepsol.com\/es\/wp-json\/wp\/v2\/posts\/107624\/revisions\/120710"}],"wp:featuredmedia":[{"embeddable":true,"href":"https:\/\/www.boxrepsol.com\/es\/wp-json\/wp\/v2\/media\/107611"}],"wp:attachment":[{"href":"https:\/\/www.boxrepsol.com\/es\/wp-json\/wp\/v2\/media?parent=107624"}],"wp:term":[{"taxonomy":"category","embeddable":true,"href":"https:\/\/www.boxrepsol.com\/es\/wp-json\/wp\/v2\/categories?post=107624"},{"taxonomy":"post_tag","embeddable":true,"href":"https:\/\/www.boxrepsol.com\/es\/wp-json\/wp\/v2\/tags?post=107624"}],"curies":[{"name":"wp","href":"https:\/\/api.w.org\/{rel}","templated":true}]}}