{"id":106857,"date":"2026-01-10T10:59:00","date_gmt":"2026-01-10T12:59:00","guid":{"rendered":"https:\/\/www.boxrepsol.com\/?p=106857"},"modified":"2026-01-30T08:22:45","modified_gmt":"2026-01-30T10:22:45","slug":"carenado-moto-que-es","status":"publish","type":"post","link":"https:\/\/www.boxrepsol.com\/es\/tecnologia\/carenado-moto-que-es\/","title":{"rendered":"Carenado de una moto: qu\u00e9 es, tipos y cu\u00e1l es su funci\u00f3n"},"content":{"rendered":"<figure style=\"aspect-ratio:16\/9;\" class=\"wp-block-post-featured-image\"><img loading=\"lazy\" decoding=\"async\" width=\"2560\" height=\"1760\" src=\"https:\/\/bxrepsol.s3.eu-west-1.amazonaws.com\/static\/2023\/11\/03064604\/Foto-1-apertura-scaled.jpg\" class=\"attachment-post-thumbnail size-post-thumbnail wp-post-image\" alt=\"2014 VFR800F\" style=\"width:100%;height:100%;object-fit:cover;\" srcset=\"https:\/\/bxrepsol.s3.eu-west-1.amazonaws.com\/static\/2023\/11\/03064604\/Foto-1-apertura-scaled.jpg 2560w, https:\/\/bxrepsol.s3.eu-west-1.amazonaws.com\/static\/2023\/11\/03064604\/Foto-1-apertura-300x206.jpg 300w, https:\/\/bxrepsol.s3.eu-west-1.amazonaws.com\/static\/2023\/11\/03064604\/Foto-1-apertura-1024x704.jpg 1024w, https:\/\/bxrepsol.s3.eu-west-1.amazonaws.com\/static\/2023\/11\/03064604\/Foto-1-apertura-768x528.jpg 768w, https:\/\/bxrepsol.s3.eu-west-1.amazonaws.com\/static\/2023\/11\/03064604\/Foto-1-apertura-1536x1056.jpg 1536w, https:\/\/bxrepsol.s3.eu-west-1.amazonaws.com\/static\/2023\/11\/03064604\/Foto-1-apertura-2048x1408.jpg 2048w\" sizes=\"auto, (max-width: 2560px) 100vw, 2560px\" \/><\/figure>\n\n\n<p>Las motos son veh\u00edculos que<strong> se desplazan sobre la superficie de la tierra y al aire libre.<\/strong> De este modo tienen una relaci\u00f3n constante con el medioambiente, al igual que el conductor que las maneja, y el posible pasajero que le puede acompa\u00f1ar. Al moverse, una moto y sus ocupantes se ven obligados a atravesar el aire que se encuentran a su paso. Aunque la densidad de la atm\u00f3sfera no es muy elevada, por m\u00ednima que sea, <strong>siempre existe una fuerza que se opone al paso del veh\u00edculo<\/strong> y esta es mayor cuanto m\u00e1s alta es la velocidad.<\/p>\n\n\n\n<p><strong><div id=\"ez-toc-container\" class=\"ez-toc-v2_0_82_2 counter-hierarchy ez-toc-counter ez-toc-grey ez-toc-container-direction\">\n<div class=\"ez-toc-title-container\">\n<p class=\"ez-toc-title\" style=\"cursor:inherit\">\u00cdndice<\/p>\n<span class=\"ez-toc-title-toggle\"><a href=\"#\" class=\"ez-toc-pull-right ez-toc-btn ez-toc-btn-xs ez-toc-btn-default ez-toc-toggle\" aria-label=\"Toggle Table of Content\"><span class=\"ez-toc-js-icon-con\"><span class=\"\"><span class=\"eztoc-hide\" style=\"display:none;\">Toggle<\/span><span class=\"ez-toc-icon-toggle-span\"><svg style=\"fill: #999;color:#999\" xmlns=\"http:\/\/www.w3.org\/2000\/svg\" class=\"list-377408\" width=\"20px\" height=\"20px\" viewBox=\"0 0 24 24\" fill=\"none\"><path d=\"M6 6H4v2h2V6zm14 0H8v2h12V6zM4 11h2v2H4v-2zm16 0H8v2h12v-2zM4 16h2v2H4v-2zm16 0H8v2h12v-2z\" fill=\"currentColor\"><\/path><\/svg><svg style=\"fill: #999;color:#999\" class=\"arrow-unsorted-368013\" xmlns=\"http:\/\/www.w3.org\/2000\/svg\" width=\"10px\" height=\"10px\" viewBox=\"0 0 24 24\" version=\"1.2\" baseProfile=\"tiny\"><path d=\"M18.2 9.3l-6.2-6.3-6.2 6.3c-.2.2-.3.4-.3.7s.1.5.3.7c.2.2.4.3.7.3h11c.3 0 .5-.1.7-.3.2-.2.3-.5.3-.7s-.1-.5-.3-.7zM5.8 14.7l6.2 6.3 6.2-6.3c.2-.2.3-.5.3-.7s-.1-.5-.3-.7c-.2-.2-.4-.3-.7-.3h-11c-.3 0-.5.1-.7.3-.2.2-.3.5-.3.7s.1.5.3.7z\"\/><\/svg><\/span><\/span><\/span><\/a><\/span><\/div>\n<nav><ul class='ez-toc-list ez-toc-list-level-1 ' ><li class='ez-toc-page-1 ez-toc-heading-level-2'><a class=\"ez-toc-link ez-toc-heading-1\" href=\"https:\/\/www.boxrepsol.com\/es\/tecnologia\/carenado-moto-que-es\/#%C2%BFQue_es_el_carenado_de_una_moto\" >\u00bfQu\u00e9 es el carenado de una moto?<\/a><\/li><li class='ez-toc-page-1 ez-toc-heading-level-2'><a class=\"ez-toc-link ez-toc-heading-2\" href=\"https:\/\/www.boxrepsol.com\/es\/tecnologia\/carenado-moto-que-es\/#Evolucion_del_carenado_de_la_moto\" >Evoluci\u00f3n del carenado de la moto<\/a><\/li><li class='ez-toc-page-1 ez-toc-heading-level-2'><a class=\"ez-toc-link ez-toc-heading-3\" href=\"https:\/\/www.boxrepsol.com\/es\/tecnologia\/carenado-moto-que-es\/#Funciones_del_carenado_de_una_motocicleta\" >Funciones del carenado de una motocicleta<\/a><\/li><li class='ez-toc-page-1 ez-toc-heading-level-2'><a class=\"ez-toc-link ez-toc-heading-4\" href=\"https:\/\/www.boxrepsol.com\/es\/tecnologia\/carenado-moto-que-es\/#Tipos_de_carenado_de_moto\" >Tipos de carenado de moto<\/a><ul class='ez-toc-list-level-3' ><li class='ez-toc-heading-level-3'><a class=\"ez-toc-link ez-toc-heading-5\" href=\"https:\/\/www.boxrepsol.com\/es\/tecnologia\/carenado-moto-que-es\/#Carenado_integral_o_deportivo\" >Carenado integral o deportivo<\/a><\/li><li class='ez-toc-page-1 ez-toc-heading-level-3'><a class=\"ez-toc-link ez-toc-heading-6\" href=\"https:\/\/www.boxrepsol.com\/es\/tecnologia\/carenado-moto-que-es\/#Semicarenado_de_moto\" >Semicarenado de moto<\/a><\/li><\/ul><\/li><li class='ez-toc-page-1 ez-toc-heading-level-2'><a class=\"ez-toc-link ez-toc-heading-7\" href=\"https:\/\/www.boxrepsol.com\/es\/tecnologia\/carenado-moto-que-es\/#Mantenimiento_y_cuidado_del_carenado_de_la_moto\" >Mantenimiento y cuidado del carenado de la moto<\/a><\/li><\/ul><\/nav><\/div>\n<\/strong><\/p>\n\n\n\n<p>El estudio de los elementos que influyen sobre este tema <strong>se conoce como aerodin\u00e1mica<\/strong> y, en lo que se refiere a las motos, est\u00e1 focalizado en mejorarlas en cuatro aspectos primordiales. Estos son la disminuci\u00f3n de la resistencia al avance, la variaci\u00f3n de las cargas sobre las ruedas, las reacciones sobre el viento lateral y la protecci\u00f3n de los ocupantes.<\/p>\n\n\n\n<figure class=\"wp-block-image size-full\"><img loading=\"lazy\" decoding=\"async\" width=\"960\" height=\"583\" src=\"https:\/\/bxrepsol.s3.eu-west-1.amazonaws.com\/static\/2023\/11\/03064659\/Foto-2.jpg\" alt=\"Funci\u00f3n aerodin\u00e1mica gracias al carenado\" class=\"wp-image-106862\" srcset=\"https:\/\/bxrepsol.s3.eu-west-1.amazonaws.com\/static\/2023\/11\/03064659\/Foto-2.jpg 960w, https:\/\/bxrepsol.s3.eu-west-1.amazonaws.com\/static\/2023\/11\/03064659\/Foto-2-300x182.jpg 300w, https:\/\/bxrepsol.s3.eu-west-1.amazonaws.com\/static\/2023\/11\/03064659\/Foto-2-768x466.jpg 768w\" sizes=\"auto, (max-width: 960px) 100vw, 960px\" \/><\/figure>\n\n\n\n<p><\/p>\n\n\n\n<h2 class=\"wp-block-heading\"><span class=\"ez-toc-section\" id=\"%C2%BFQue_es_el_carenado_de_una_moto\"><\/span>\u00bfQu\u00e9 es el carenado de una moto?<span class=\"ez-toc-section-end\"><\/span><\/h2>\n\n\n\n<p>El carenado de una moto es la <strong>cubierta externa que recubre parcial o totalmente la estructura de la motocicleta,<\/strong> especialmente en la parte frontal y alrededor del motor, aunque en algunos modelos puede extenderse hasta la parte trasera.\u00a0Su funci\u00f3n principal es <strong>mejorar la aerodin\u00e1mica, reducir la resistencia al viento y proteger<\/strong> tanto al piloto como a los componentes internos de la moto frente a la lluvia, el polvo y otros elementos externos.\u00a0Adem\u00e1s, el carenado de una moto aporta un valor est\u00e9tico, permitiendo personalizar el dise\u00f1o y la apariencia de la moto, y contribuye a la estabilidad y seguridad a altas velocidades.<\/p>\n\n\n\n<p>En cuanto a la diferencia entre carenado y carenaje,<strong> el t\u00e9rmino \u00abcarenado\u00bb hace referencia a la propia cubierta o estructura<\/strong> que se instala en la moto con fines aerodin\u00e1micos y de protecci\u00f3n, mientras que \u00abcarenaje\u00bb se utiliza para describir el conjunto de piezas o el proceso de instalar estas cubiertas en el veh\u00edculo.\u00a0Por otro lado, <strong>la carrocer\u00eda es el equivalente en veh\u00edculos de cuatro ruedas,<\/strong> como coches y camiones, y tiene una funci\u00f3n m\u00e1s amplia, ya que no solo mejora la aerodin\u00e1mica, sino que tambi\u00e9n protege el habit\u00e1culo de los pasajeros y el motor.<\/p>\n\n\n\n<figure class=\"wp-block-image size-full\"><img loading=\"lazy\" decoding=\"async\" width=\"963\" height=\"553\" src=\"https:\/\/bxrepsol.s3.eu-west-1.amazonaws.com\/static\/2023\/11\/03064731\/Foto-3.jpg\" alt=\"Movimiento del aire hacia el interior de la moto\" class=\"wp-image-106864\" srcset=\"https:\/\/bxrepsol.s3.eu-west-1.amazonaws.com\/static\/2023\/11\/03064731\/Foto-3.jpg 963w, https:\/\/bxrepsol.s3.eu-west-1.amazonaws.com\/static\/2023\/11\/03064731\/Foto-3-300x172.jpg 300w, https:\/\/bxrepsol.s3.eu-west-1.amazonaws.com\/static\/2023\/11\/03064731\/Foto-3-768x441.jpg 768w\" sizes=\"auto, (max-width: 963px) 100vw, 963px\" \/><\/figure>\n\n\n\n<p><\/p>\n\n\n\n<h2 class=\"wp-block-heading\"><span class=\"ez-toc-section\" id=\"Evolucion_del_carenado_de_la_moto\"><\/span>Evoluci\u00f3n del carenado de la moto <span class=\"ez-toc-section-end\"><\/span><\/h2>\n\n\n\n<p>Durante d\u00e9cadas, la <strong>carrocer\u00eda de las motos<\/strong> estuvo compuesta \u00fanicamente por elementos como el dep\u00f3sito, el asiento y las tapas laterales. Con el paso del tiempo y a medida que las prestaciones fueron aumentando, la importancia que fue adquiriendo la aerodin\u00e1mica oblig\u00f3 a los distintos <a href=\"https:\/\/www.boxrepsol.com\/es\/cultura-motera\/mejores-marcas-de-motos\/\">fabricantes de motocicletas<\/a> a realizar estudios para crear componentes que tuviesen unos \u201ccoeficientes Cx\u201d m\u00e1s bajos y, gracias a ellos, las <strong>motos alcanzasen m\u00e1s velocidad con la misma potencia<\/strong>. Al principio, estos estudios se utilizaron solo en la competici\u00f3n y muchos de ellos se beneficiaron de la experiencia conseguida anteriormente en el campo de la aeron\u00e1utica.<\/p>\n\n\n\n<p>De este modo, los primeros carenados se desarrollaron para aquellas motos que <strong>se crearon con la idea de batir r\u00e9cords de velocidad, <\/strong>pero estos eran demasiado \u201caparatosos\u201d para ser utilizados en otras motos. En las de carreras sobre asfalto, el carenado fue apareciendo poco despu\u00e9s. Se puede decir que al principio eran peque\u00f1as c\u00fapulas que se montaban por delante del manillar y que <strong>proteg\u00edan en cierta medida a los pilotos. <\/strong>Luego, ampliaron su \u00e1rea cubriendo una gran parte del frontal de las motocicletas. De este modo se dise\u00f1aron los de tipo \u201cDelf\u00edn\u201d, denominados as\u00ed porque sus formas recordaban a la fisonom\u00eda del conocido cet\u00e1ceo.<\/p>\n\n\n\n<figure class=\"wp-block-image size-large\"><img loading=\"lazy\" decoding=\"async\" width=\"1024\" height=\"592\" src=\"https:\/\/bxrepsol.s3.eu-west-1.amazonaws.com\/static\/2023\/11\/03064919\/Foto-6-1024x592.jpg\" alt=\"Primeros carenados de moto\" class=\"wp-image-106870\" srcset=\"https:\/\/bxrepsol.s3.eu-west-1.amazonaws.com\/static\/2023\/11\/03064919\/Foto-6-1024x592.jpg 1024w, https:\/\/bxrepsol.s3.eu-west-1.amazonaws.com\/static\/2023\/11\/03064919\/Foto-6-300x173.jpg 300w, https:\/\/bxrepsol.s3.eu-west-1.amazonaws.com\/static\/2023\/11\/03064919\/Foto-6-768x444.jpg 768w, https:\/\/bxrepsol.s3.eu-west-1.amazonaws.com\/static\/2023\/11\/03064919\/Foto-6-1536x888.jpg 1536w, https:\/\/bxrepsol.s3.eu-west-1.amazonaws.com\/static\/2023\/11\/03064919\/Foto-6.jpg 1600w\" sizes=\"auto, (max-width: 1024px) 100vw, 1024px\" \/><\/figure>\n\n\n\n<p>Poco m\u00e1s tarde, ya mediado el siglo XX, <strong>el tama\u00f1o de los carenados de las motos aument\u00f3<\/strong> de forma desmesurada, cubriendo una buena parte de los laterales y todo el frontal de la motocicleta, incluyendo incluso la rueda delantera. Este tipo de <strong>carenados de tipo \u201cDustbin\u201d<\/strong> (\u201ccubo de basura\u201d), rebajaban de manera espectacular el \u201ccoeficiente aerodin\u00e1mico\u201d, pero no aceptaban bien los vientos laterales y, al ir muy cerca del suelo, obligaban a que las motos fuesen muy r\u00edgidas, sin apenas suspensi\u00f3n. Tambi\u00e9n dificultaban la correcta refrigeraci\u00f3n de los motores. Todo esto gener\u00f3 graves accidentes e importantes <a href=\"https:\/\/www.boxrepsol.com\/es\/vive-tu-moto\/averias-en-moto-mas-comunes-no-arranca-motor\/\">aver\u00edas mec\u00e1nicas<\/a> y, por tanto, se prohibieron.<\/p>\n\n\n\n<p>Desde ese momento, la <strong>evoluci\u00f3n del carenado ha seguido unas pautas bastante homog\u00e9neas<\/strong>, y adem\u00e1s de utilizarse asiduamente en competici\u00f3n, a partir de la d\u00e9cada de los 80 del siglo XX, pas\u00f3 a ser un elemento habitual en modelos de venta al p\u00fablico. Eso s\u00ed, <strong>no todas utilizan este elemento<\/strong> y, dependiendo del <a href=\"https:\/\/www.boxrepsol.com\/es\/vive-tu-moto\/tipos-de-moto-cual-es-el-tuyo\/\">tipo de moto<\/a>, puede tener unas caracter\u00edsticas u otras. As\u00ed, pueden ser m\u00e1s o menos grandes, o m\u00e1s o menos envolventes.<\/p>\n\n\n\n<figure class=\"wp-block-image size-large\"><img loading=\"lazy\" decoding=\"async\" width=\"1024\" height=\"662\" src=\"https:\/\/bxrepsol.s3.eu-west-1.amazonaws.com\/static\/2023\/11\/03065123\/Foto-10-1024x662.jpg\" alt=\"Carenado para moto custom\" class=\"wp-image-106875\" srcset=\"https:\/\/bxrepsol.s3.eu-west-1.amazonaws.com\/static\/2023\/11\/03065123\/Foto-10-1024x662.jpg 1024w, https:\/\/bxrepsol.s3.eu-west-1.amazonaws.com\/static\/2023\/11\/03065123\/Foto-10-300x194.jpg 300w, https:\/\/bxrepsol.s3.eu-west-1.amazonaws.com\/static\/2023\/11\/03065123\/Foto-10-768x496.jpg 768w, https:\/\/bxrepsol.s3.eu-west-1.amazonaws.com\/static\/2023\/11\/03065123\/Foto-10-1536x993.jpg 1536w, https:\/\/bxrepsol.s3.eu-west-1.amazonaws.com\/static\/2023\/11\/03065123\/Foto-10.jpg 1973w\" sizes=\"auto, (max-width: 1024px) 100vw, 1024px\" \/><\/figure>\n\n\n\n<p>De este modo, no es lo mismo el carenado de una <a href=\"https:\/\/www.boxrepsol.com\/es\/cultura-motera\/las-motos-mas-potentes-del-mercado\/\">moto deportiva<\/a>, en la que se <strong>busca la mejor penetraci\u00f3n aerodin\u00e1mica<\/strong> y en la que el piloto se aplana sobre el dep\u00f3sito para \u201cabultar\u201d menos en las rectas, que el de una moto tur\u00edstica, en la que se pretende que el <strong>piloto vaya lo m\u00e1s c\u00f3modo posible<\/strong>, manteniendo una posici\u00f3n con el torso erguido.<\/p>\n\n\n\n<p>Adem\u00e1s de un \u201ccoeficiente aerodin\u00e1mico\u201d bajo, un carenado no tiene que afectar a la estabilidad e incluso sus formas deben contribuir a que el aplomo frontal de la moto sea mayor. De este modo, su dise\u00f1o, adem\u00e1s de bonito, tiene que <strong>generar el llamado \u201cefecto suelo\u201d <\/strong>e impedir que la parte delantera tienda a levantarse a altas velocidades. \u00daltimamente estamos viendo motos de altas prestaciones que en los laterales del carenado incluyen unos ap\u00e9ndices o peque\u00f1as \u201caletas\u201d (\u201cwinglets\u201d en ingl\u00e9s), que est\u00e1n desarrollados con el fin de aumentar la estabilidad y el aplomo frontal a altas velocidades.<\/p>\n\n\n\n<h2 class=\"wp-block-heading\"><span class=\"ez-toc-section\" id=\"Funciones_del_carenado_de_una_motocicleta\"><\/span>Funciones del carenado de una motocicleta<span class=\"ez-toc-section-end\"><\/span><\/h2>\n\n\n\n<p>El <strong>carenado <\/strong>es una parte fundamental en el dise\u00f1o de muchas motocicletas, ya que cumple diversas funciones que van m\u00e1s all\u00e1 de lo est\u00e9tico. <strong>Sus principales aportes son los siguientes:<\/strong><\/p>\n\n\n\n<ul class=\"wp-block-list\">\n<li><strong>Aerodin\u00e1mica<\/strong>: El carenado de una motocicleta est\u00e1 dise\u00f1ado para <strong>reducir la resistencia al viento<\/strong> cuando la moto est\u00e1 en movimiento. Esto no solo <strong>permite alcanzar mayores velocidades<\/strong>, sino que tambi\u00e9n <strong>mejora la eficiencia del combustible<\/strong> al disminuir el esfuerzo que debe realizar el motor para vencer la fricci\u00f3n del aire.<\/li>\n\n\n\n<li><strong>Protecci\u00f3n<\/strong>: Una de las funciones m\u00e1s valoradas del carenado es la <strong>protecci\u00f3n que ofrece tanto al piloto como a la propia motocicleta. <\/strong>Act\u00faa como una barrera frente a la lluvia, el polvo, los insectos y otros elementos del entorno, haciendo los trayectos m\u00e1s c\u00f3modos y seguros.<\/li>\n\n\n\n<li><strong>Seguridad<\/strong> :Al optimizar la aerodin\u00e1mica y reducir la resistencia al viento, el carenado <strong>contribuye a una mayor estabilidad y control de la moto,<\/strong> especialmente a altas velocidades. Esto se traduce en una conducci\u00f3n m\u00e1s segura y predecible.<\/li>\n\n\n\n<li><strong>Est\u00e9tica<\/strong>: El carenado de la moto tambi\u00e9n cumple un papel importante en la apariencia de la moto. Sus formas y colores ayudan a <strong>definir el estilo y la personalidad del veh\u00edculo,<\/strong> adapt\u00e1ndose a diferentes tipos de motocicletas, desde deportivas hasta touring.<\/li>\n\n\n\n<li><strong>Protecci\u00f3n de componentes<\/strong>: Adem\u00e1s de proteger al piloto, <strong>el carenado cubre y resguarda componentes internos clave <\/strong>como el motor, el sistema de escape y otras partes importantes, ayudando a prolongar su vida \u00fatil y facilitando el mantenimiento.<\/li>\n<\/ul>\n\n\n\n<h2 class=\"wp-block-heading\"><span class=\"ez-toc-section\" id=\"Tipos_de_carenado_de_moto\"><\/span><strong>Tipos de carenado de moto <\/strong><span class=\"ez-toc-section-end\"><\/span><\/h2>\n\n\n\n<p><\/p>\n\n\n\n<h3 class=\"wp-block-heading\"><span class=\"ez-toc-section\" id=\"Carenado_integral_o_deportivo\"><\/span>Carenado integral o deportivo<span class=\"ez-toc-section-end\"><\/span><\/h3>\n\n\n\n<p>La estructura m\u00e1s habitual de un carenado es una c\u00fapula frontal que <strong>mantiene despejada la rueda delantera<\/strong> para no afectar a su manejabilidad y que en su parte superior incluye una pantalla transparente que permite al piloto resguardarse tras ella sin perder campo de visi\u00f3n. Por debajo de la citada c\u00fapula se descuelgan unos laterales que abrazan la moto por ambos costados y que acaban en la zona en la que el piloto debe colocar las piernas.<\/p>\n\n\n\n<p>Cuando hablamos de un carenado, el primero que nos viene a la cabeza es el que llamamos de <strong>tipo integral o<\/strong> <strong>deportivo<\/strong>. Este es el m\u00e1s dimensionado y puede llegar a \u201cenvolver\u201d m\u00e1s de la mitad de la moto. Est\u00e1 formado por la parte superior que incluye la pantalla transparente en su parte m\u00e1s alta, las tapas laterales y la llamada quilla, que cierra la moto por debajo. De este modo, <strong>una buena parte del motor queda tambi\u00e9n a cubierto.<\/strong> Incluso, en la d\u00e9cada de los \u201980, marcas como Bimota, Ducati u Honda, entre otras, pusieron en el mercado algunos modelos con carenados denominados <strong>\u201caero\u201d<\/strong>, que ocultaban los motores y los chasis en su pr\u00e1ctica totalidad.<\/p>\n\n\n\n<figure class=\"wp-block-image size-large\"><img loading=\"lazy\" decoding=\"async\" width=\"1024\" height=\"622\" src=\"https:\/\/bxrepsol.s3.eu-west-1.amazonaws.com\/static\/2023\/11\/03065540\/Foto-12-1024x622.jpg\" alt=\"2014 CBR1000RR Fireblade SP\" class=\"wp-image-106879\" srcset=\"https:\/\/bxrepsol.s3.eu-west-1.amazonaws.com\/static\/2023\/11\/03065540\/Foto-12-1024x622.jpg 1024w, https:\/\/bxrepsol.s3.eu-west-1.amazonaws.com\/static\/2023\/11\/03065540\/Foto-12-300x182.jpg 300w, https:\/\/bxrepsol.s3.eu-west-1.amazonaws.com\/static\/2023\/11\/03065540\/Foto-12-768x466.jpg 768w, https:\/\/bxrepsol.s3.eu-west-1.amazonaws.com\/static\/2023\/11\/03065540\/Foto-12-1536x933.jpg 1536w, https:\/\/bxrepsol.s3.eu-west-1.amazonaws.com\/static\/2023\/11\/03065540\/Foto-12-2048x1244.jpg 2048w\" sizes=\"auto, (max-width: 1024px) 100vw, 1024px\" \/><\/figure>\n\n\n\n<p>Los carenados integrales van fijados a la parte delantera del chasis por una <strong>estructura tubular denominada \u201cara\u00f1a\u201d, <\/strong>que tambi\u00e9n sirve de anclaje a otros elementos como retrovisores, faro, intermitentes delanteros e instrumentaci\u00f3n. De este modo la direcci\u00f3n queda libre de pesos a\u00f1adidos y se mueve con mayor facilidad hacia los lados. Adem\u00e1s, la fuerza del aire sobre el carenado no produce movimientos sobre la citada direcci\u00f3n.<\/p>\n\n\n\n<h3 class=\"wp-block-heading\"><span class=\"ez-toc-section\" id=\"Semicarenado_de_moto\"><\/span>Semicarenado de moto<span class=\"ez-toc-section-end\"><\/span><\/h3>\n\n\n\n<p>Por otro lado, est\u00e1 el llamado <strong>semicarenado superior<\/strong>. Como su nombre indica, no es un carenado completo como puede ser el integral. Digamos que su <strong>funci\u00f3n es la de proteger al piloto<\/strong> desde la cintura hasta la zona de su casco. Dependiendo de una moto u otra, s\u00ed es cierto que algunos carenados de este tipo bajan algo m\u00e1s por los laterales y protegen tambi\u00e9n la parte alta de las piernas. Como los carenados integrales, en la mayor\u00eda de las motos van anclados a la pipa de la direcci\u00f3n, aunque todav\u00eda hay algunos que van fijados a los elementos de la suspensi\u00f3n delantera. Esta soluci\u00f3n no es la m\u00e1s id\u00f3nea, porque adem\u00e1s de cargar peso sobre la direcci\u00f3n y dificultar sus movimientos, la fuerza del aire contra <strong>el carenado tambi\u00e9n puede producir inestabilidad en el tren anterior.<\/strong><\/p>\n\n\n\n<figure class=\"wp-block-gallery has-nested-images columns-default is-cropped wp-block-gallery-1 is-layout-flex wp-block-gallery-is-layout-flex\">\n<figure class=\"wp-block-image size-large\"><img loading=\"lazy\" decoding=\"async\" width=\"297\" height=\"253\" data-id=\"106883\" src=\"https:\/\/bxrepsol.s3.eu-west-1.amazonaws.com\/static\/2023\/11\/03065838\/Foto-11a.jpg\" alt=\"\" class=\"wp-image-106883\"\/><\/figure>\n\n\n\n<figure class=\"wp-block-image size-large\"><img loading=\"lazy\" decoding=\"async\" width=\"298\" height=\"253\" data-id=\"106882\" src=\"https:\/\/bxrepsol.s3.eu-west-1.amazonaws.com\/static\/2023\/11\/03065838\/Foto-11b.jpg\" alt=\"\" class=\"wp-image-106882\"\/><\/figure>\n<\/figure>\n\n\n\n<p>Con respecto a las pantallas o parabrisas transparentes, ya es habitual que en <a href=\"https:\/\/www.boxrepsol.com\/es\/vive-tu-moto\/que-son-las-motos-trail-y-como-han-evolucionado\/\">motos de trail<\/a> y de turismo, su altura se pueda regular. En algunos casos esta operaci\u00f3n se realiza de manera manual y en otros electr\u00f3nicamente con solo pulsar un bot\u00f3n. Y hablando de pantallas, tambi\u00e9n existen algunas que cuentan con distintas aberturas realizadas para crear \u201cpeque\u00f1as\u201d corrientes de aire <strong>que eviten turbulencias en la zona del casco o el llamado efecto rebufo<\/strong>, una turbulencia que se genera tras el piloto a alta velocidad y que lo empuja hacia delante.<\/p>\n\n\n\n<h2 class=\"wp-block-heading\"><span class=\"ez-toc-section\" id=\"Mantenimiento_y_cuidado_del_carenado_de_la_moto\"><\/span>Mantenimiento y cuidado del carenado de la moto <span class=\"ez-toc-section-end\"><\/span><\/h2>\n\n\n\n<p>El correcto<strong> mantenimiento del carenado<\/strong> es clave para conservar tanto la est\u00e9tica como la funcionalidad y la protecci\u00f3n que ofrece a la moto. Para la limpieza diaria,<strong> utiliza agua tibia y jab\u00f3n neutro aplicados con una esponja o pa\u00f1o suave,<\/strong> evitando productos abrasivos o estropajos que puedan rayar la superficie.\u00a0Tras lavarlo, s\u00e9calo cuidadosamente con un pa\u00f1o limpio para evitar marcas de agua y la posible corrosi\u00f3n en las zonas met\u00e1licas.<\/p>\n\n\n\n<p>La protecci\u00f3n frente a los rayos UV es fundamental: <strong>siempre que sea posible, guarda la moto en un lugar cubierto o utiliza una funda protectora <\/strong>para evitar la decoloraci\u00f3n y el deterioro del pl\u00e1stico por el sol.&nbsp;Adem\u00e1s, aplicar cera o productos espec\u00edficos para pl\u00e1sticos ayuda a mantener el brillo y la integridad del carenado.<\/p>\n\n\n\n<p><strong>Revisa peri\u00f3dicamente el estado de las fijaciones y tornillos<\/strong>, ya que las vibraciones pueden aflojarlos con el tiempo.&nbsp;Si detectas grietas, ara\u00f1azos profundos o roturas, es importante repararlos cuanto antes para evitar que el da\u00f1o se agrave. Las peque\u00f1as fisuras pueden solucionarse con soldadura de pl\u00e1stico o kits de reparaci\u00f3n espec\u00edficos, mientras que los da\u00f1os mayores pueden requerir la intervenci\u00f3n de un profesional o incluso la sustituci\u00f3n de la pieza.&nbsp;En todos los casos,<strong> mantener el carenado en buen estado <\/strong>no solo mejora la imagen de la moto, sino que tambi\u00e9n <strong>garantiza tu protecci\u00f3n cuando la utilizas <\/strong>y mantiene su valor a largo plazo.<\/p>\n","protected":false},"excerpt":{"rendered":"<p>\u00bfSabes lo que es el carenado de una moto y para qu\u00e9 sirve? La aerodin\u00e1mica de una moto es clave en aspectos como su consumo y el carenado es la pieza que m\u00e1s influye. Aprende todo sobre los carenados en Box Repsol.<\/p>\n","protected":false},"author":41267,"featured_media":106860,"comment_status":"open","ping_status":"open","sticky":false,"template":"","format":"standard","meta":{"footnotes":""},"categories":[3],"tags":[588],"class_list":["post-106857","post","type-post","status-publish","format-standard","hentry","category-tecnologia","tag-mecanica"],"yoast_head":"<!-- This site is optimized with the Yoast SEO plugin v27.3 - https:\/\/yoast.com\/product\/yoast-seo-wordpress\/ -->\n<title>Carenado moto: qu\u00e9 es, tipos y para qu\u00e9 sirve - Box Repsol<\/title>\n<meta name=\"description\" content=\"\u00bfQu\u00e9 es el carenado de una moto, para qu\u00e9 sirve y c\u00f3mo mejora tu experiencia de conducci\u00f3n? Desc\u00fabrelo todo en nuestro art\u00edculo informativo.\" \/>\n<link rel=\"canonical\" href=\"https:\/\/www.boxrepsol.com\/es\/tecnologia\/carenado-moto-que-es\/\" \/>\n<meta property=\"og:locale\" content=\"es_ES\" \/>\n<meta property=\"og:type\" content=\"article\" \/>\n<meta property=\"og:title\" content=\"Carenado moto: qu\u00e9 es, tipos y para qu\u00e9 sirve - Box Repsol\" \/>\n<meta property=\"og:description\" content=\"\u00bfQu\u00e9 es el carenado de una moto, para qu\u00e9 sirve y c\u00f3mo mejora tu experiencia de conducci\u00f3n? Desc\u00fabrelo todo en nuestro art\u00edculo informativo.\" \/>\n<meta property=\"og:url\" content=\"https:\/\/www.boxrepsol.com\/es\/tecnologia\/carenado-moto-que-es\/\" \/>\n<meta property=\"og:site_name\" content=\"Box Repsol\" \/>\n<meta property=\"article:publisher\" content=\"https:\/\/www.facebook.com\/BoxRepsol\" \/>\n<meta property=\"article:published_time\" content=\"2026-01-10T12:59:00+00:00\" \/>\n<meta property=\"article:modified_time\" content=\"2026-01-30T10:22:45+00:00\" \/>\n<meta property=\"og:image\" content=\"https:\/\/bxrepsol.s3.eu-west-1.amazonaws.com\/static\/2023\/11\/03064604\/Foto-1-apertura-scaled.jpg\" \/>\n\t<meta property=\"og:image:width\" content=\"2560\" \/>\n\t<meta property=\"og:image:height\" content=\"1760\" \/>\n\t<meta property=\"og:image:type\" content=\"image\/jpeg\" \/>\n<meta name=\"author\" content=\"V\u00edctor Gancedo\" \/>\n<meta name=\"twitter:card\" content=\"summary_large_image\" \/>\n<meta name=\"twitter:creator\" content=\"@box_repsol\" \/>\n<meta name=\"twitter:site\" content=\"@box_repsol\" \/>\n<meta name=\"twitter:label1\" content=\"Written by\" \/>\n\t<meta name=\"twitter:data1\" content=\"V\u00edctor Gancedo\" \/>\n\t<meta name=\"twitter:label2\" content=\"Est. reading time\" \/>\n\t<meta name=\"twitter:data2\" content=\"10 minutos\" \/>\n<script type=\"application\/ld+json\" class=\"yoast-schema-graph\">{\"@context\":\"https:\\\/\\\/schema.org\",\"@graph\":[{\"@type\":\"Article\",\"@id\":\"https:\\\/\\\/www.boxrepsol.com\\\/es\\\/tecnologia\\\/carenado-moto-que-es\\\/#article\",\"isPartOf\":{\"@id\":\"https:\\\/\\\/www.boxrepsol.com\\\/es\\\/tecnologia\\\/carenado-moto-que-es\\\/\"},\"author\":{\"name\":\"V\u00edctor Gancedo\",\"@id\":\"https:\\\/\\\/www.boxrepsol.com\\\/es\\\/#\\\/schema\\\/person\\\/40c28bf318bbbe8fe3848b194b7385ca\"},\"headline\":\"Carenado de una moto: qu\u00e9 es, tipos y cu\u00e1l es su funci\u00f3n\",\"datePublished\":\"2026-01-10T12:59:00+00:00\",\"dateModified\":\"2026-01-30T10:22:45+00:00\",\"mainEntityOfPage\":{\"@id\":\"https:\\\/\\\/www.boxrepsol.com\\\/es\\\/tecnologia\\\/carenado-moto-que-es\\\/\"},\"wordCount\":2075,\"commentCount\":1,\"publisher\":{\"@id\":\"https:\\\/\\\/www.boxrepsol.com\\\/es\\\/#organization\"},\"image\":{\"@id\":\"https:\\\/\\\/www.boxrepsol.com\\\/es\\\/tecnologia\\\/carenado-moto-que-es\\\/#primaryimage\"},\"thumbnailUrl\":\"https:\\\/\\\/bxrepsol.s3.eu-west-1.amazonaws.com\\\/static\\\/2023\\\/11\\\/03064604\\\/Foto-1-apertura-scaled.jpg\",\"keywords\":[\"mec\u00e1nica\"],\"articleSection\":[\"Tecnologia\"],\"inLanguage\":\"es\",\"potentialAction\":[{\"@type\":\"CommentAction\",\"name\":\"Comment\",\"target\":[\"https:\\\/\\\/www.boxrepsol.com\\\/es\\\/tecnologia\\\/carenado-moto-que-es\\\/#respond\"]}]},{\"@type\":\"WebPage\",\"@id\":\"https:\\\/\\\/www.boxrepsol.com\\\/es\\\/tecnologia\\\/carenado-moto-que-es\\\/\",\"url\":\"https:\\\/\\\/www.boxrepsol.com\\\/es\\\/tecnologia\\\/carenado-moto-que-es\\\/\",\"name\":\"Carenado moto: qu\u00e9 es, tipos y para qu\u00e9 sirve - Box Repsol\",\"isPartOf\":{\"@id\":\"https:\\\/\\\/www.boxrepsol.com\\\/es\\\/#website\"},\"primaryImageOfPage\":{\"@id\":\"https:\\\/\\\/www.boxrepsol.com\\\/es\\\/tecnologia\\\/carenado-moto-que-es\\\/#primaryimage\"},\"image\":{\"@id\":\"https:\\\/\\\/www.boxrepsol.com\\\/es\\\/tecnologia\\\/carenado-moto-que-es\\\/#primaryimage\"},\"thumbnailUrl\":\"https:\\\/\\\/bxrepsol.s3.eu-west-1.amazonaws.com\\\/static\\\/2023\\\/11\\\/03064604\\\/Foto-1-apertura-scaled.jpg\",\"datePublished\":\"2026-01-10T12:59:00+00:00\",\"dateModified\":\"2026-01-30T10:22:45+00:00\",\"description\":\"\u00bfQu\u00e9 es el carenado de una moto, para qu\u00e9 sirve y c\u00f3mo mejora tu experiencia de conducci\u00f3n? Desc\u00fabrelo todo en nuestro art\u00edculo informativo.\",\"breadcrumb\":{\"@id\":\"https:\\\/\\\/www.boxrepsol.com\\\/es\\\/tecnologia\\\/carenado-moto-que-es\\\/#breadcrumb\"},\"inLanguage\":\"es\",\"potentialAction\":[{\"@type\":\"ReadAction\",\"target\":[\"https:\\\/\\\/www.boxrepsol.com\\\/es\\\/tecnologia\\\/carenado-moto-que-es\\\/\"]}]},{\"@type\":\"ImageObject\",\"inLanguage\":\"es\",\"@id\":\"https:\\\/\\\/www.boxrepsol.com\\\/es\\\/tecnologia\\\/carenado-moto-que-es\\\/#primaryimage\",\"url\":\"https:\\\/\\\/bxrepsol.s3.eu-west-1.amazonaws.com\\\/static\\\/2023\\\/11\\\/03064604\\\/Foto-1-apertura-scaled.jpg\",\"contentUrl\":\"https:\\\/\\\/bxrepsol.s3.eu-west-1.amazonaws.com\\\/static\\\/2023\\\/11\\\/03064604\\\/Foto-1-apertura-scaled.jpg\",\"width\":2560,\"height\":1760,\"caption\":\"2014 VFR800F\"},{\"@type\":\"BreadcrumbList\",\"@id\":\"https:\\\/\\\/www.boxrepsol.com\\\/es\\\/tecnologia\\\/carenado-moto-que-es\\\/#breadcrumb\",\"itemListElement\":[{\"@type\":\"ListItem\",\"position\":1,\"name\":\"Home\",\"item\":\"https:\\\/\\\/www.boxrepsol.com\\\/es\\\/\"},{\"@type\":\"ListItem\",\"position\":2,\"name\":\"Carenado de una moto: qu\u00e9 es, tipos y cu\u00e1l es su funci\u00f3n\"}]},{\"@type\":\"WebSite\",\"@id\":\"https:\\\/\\\/www.boxrepsol.com\\\/es\\\/#website\",\"url\":\"https:\\\/\\\/www.boxrepsol.com\\\/es\\\/\",\"name\":\"Box Repsol\",\"description\":\"Box Repsol Site\",\"publisher\":{\"@id\":\"https:\\\/\\\/www.boxrepsol.com\\\/es\\\/#organization\"},\"potentialAction\":[{\"@type\":\"SearchAction\",\"target\":{\"@type\":\"EntryPoint\",\"urlTemplate\":\"https:\\\/\\\/www.boxrepsol.com\\\/es\\\/?s={search_term_string}\"},\"query-input\":{\"@type\":\"PropertyValueSpecification\",\"valueRequired\":true,\"valueName\":\"search_term_string\"}}],\"inLanguage\":\"es\"},{\"@type\":\"Organization\",\"@id\":\"https:\\\/\\\/www.boxrepsol.com\\\/es\\\/#organization\",\"name\":\"Box Repsol\",\"url\":\"https:\\\/\\\/www.boxrepsol.com\\\/es\\\/\",\"logo\":{\"@type\":\"ImageObject\",\"inLanguage\":\"es\",\"@id\":\"https:\\\/\\\/www.boxrepsol.com\\\/es\\\/#\\\/schema\\\/logo\\\/image\\\/\",\"url\":\"https:\\\/\\\/bxrepsol.s3.eu-west-1.amazonaws.com\\\/static\\\/2025\\\/07\\\/30083337\\\/favicon-96x96-1.png\",\"contentUrl\":\"https:\\\/\\\/bxrepsol.s3.eu-west-1.amazonaws.com\\\/static\\\/2025\\\/07\\\/30083337\\\/favicon-96x96-1.png\",\"width\":96,\"height\":96,\"caption\":\"Box Repsol\"},\"image\":{\"@id\":\"https:\\\/\\\/www.boxrepsol.com\\\/es\\\/#\\\/schema\\\/logo\\\/image\\\/\"},\"sameAs\":[\"https:\\\/\\\/www.facebook.com\\\/BoxRepsol\",\"https:\\\/\\\/x.com\\\/box_repsol\",\"http:\\\/\\\/instagram.com\\\/box_repsol\",\"https:\\\/\\\/www.youtube.com\\\/user\\\/RepsolCompeticion\",\"https:\\\/\\\/www.flickr.com\\\/photos\\\/box_repsol\\\/\"]},{\"@type\":\"Person\",\"@id\":\"https:\\\/\\\/www.boxrepsol.com\\\/es\\\/#\\\/schema\\\/person\\\/40c28bf318bbbe8fe3848b194b7385ca\",\"name\":\"V\u00edctor Gancedo\",\"image\":{\"@type\":\"ImageObject\",\"inLanguage\":\"es\",\"@id\":\"https:\\\/\\\/secure.gravatar.com\\\/avatar\\\/cd1439a66fca5d3425cd2a7b13f32cd43e25022a0436c1235ef2a28e14fa660a?s=96&d=mm&r=g\",\"url\":\"https:\\\/\\\/secure.gravatar.com\\\/avatar\\\/cd1439a66fca5d3425cd2a7b13f32cd43e25022a0436c1235ef2a28e14fa660a?s=96&d=mm&r=g\",\"contentUrl\":\"https:\\\/\\\/secure.gravatar.com\\\/avatar\\\/cd1439a66fca5d3425cd2a7b13f32cd43e25022a0436c1235ef2a28e14fa660a?s=96&d=mm&r=g\",\"caption\":\"V\u00edctor Gancedo\"},\"description\":\"Periodista especializado en el mundo de las motos, V\u00edctor ha probado pr\u00e1cticamente todas las que han salido al mercado desde 1990. En su larga trayectoria, ha desempe\u00f1ado cargos como los de Jefe de Pruebas de la revista Motociclismo o Responsable de Pruebas del \u00c1rea de Motos del Grupo Motorpress-Ib\u00e9rica, hoy llamado Sport Life Ib\u00e9rica, al cual sigue vinculado.\",\"sameAs\":[\"https:\\\/\\\/www.instagram.com\\\/vfgancedo\"],\"url\":\"https:\\\/\\\/www.boxrepsol.com\\\/es\\\/author\\\/victor_gancedo\\\/\"}]}<\/script>\n<!-- \/ Yoast SEO plugin. -->","yoast_head_json":{"title":"Carenado moto: qu\u00e9 es, tipos y para qu\u00e9 sirve - Box Repsol","description":"\u00bfQu\u00e9 es el carenado de una moto, para qu\u00e9 sirve y c\u00f3mo mejora tu experiencia de conducci\u00f3n? Desc\u00fabrelo todo en nuestro art\u00edculo informativo.","canonical":"https:\/\/www.boxrepsol.com\/es\/tecnologia\/carenado-moto-que-es\/","og_locale":"es_ES","og_type":"article","og_title":"Carenado moto: qu\u00e9 es, tipos y para qu\u00e9 sirve - Box Repsol","og_description":"\u00bfQu\u00e9 es el carenado de una moto, para qu\u00e9 sirve y c\u00f3mo mejora tu experiencia de conducci\u00f3n? Desc\u00fabrelo todo en nuestro art\u00edculo informativo.","og_url":"https:\/\/www.boxrepsol.com\/es\/tecnologia\/carenado-moto-que-es\/","og_site_name":"Box Repsol","article_publisher":"https:\/\/www.facebook.com\/BoxRepsol","article_published_time":"2026-01-10T12:59:00+00:00","article_modified_time":"2026-01-30T10:22:45+00:00","og_image":[{"width":2560,"height":1760,"url":"https:\/\/bxrepsol.s3.eu-west-1.amazonaws.com\/static\/2023\/11\/03064604\/Foto-1-apertura-scaled.jpg","type":"image\/jpeg"}],"author":"V\u00edctor Gancedo","twitter_card":"summary_large_image","twitter_creator":"@box_repsol","twitter_site":"@box_repsol","twitter_misc":{"Written by":"V\u00edctor Gancedo","Est. reading time":"10 minutos"},"schema":{"@context":"https:\/\/schema.org","@graph":[{"@type":"Article","@id":"https:\/\/www.boxrepsol.com\/es\/tecnologia\/carenado-moto-que-es\/#article","isPartOf":{"@id":"https:\/\/www.boxrepsol.com\/es\/tecnologia\/carenado-moto-que-es\/"},"author":{"name":"V\u00edctor Gancedo","@id":"https:\/\/www.boxrepsol.com\/es\/#\/schema\/person\/40c28bf318bbbe8fe3848b194b7385ca"},"headline":"Carenado de una moto: qu\u00e9 es, tipos y cu\u00e1l es su funci\u00f3n","datePublished":"2026-01-10T12:59:00+00:00","dateModified":"2026-01-30T10:22:45+00:00","mainEntityOfPage":{"@id":"https:\/\/www.boxrepsol.com\/es\/tecnologia\/carenado-moto-que-es\/"},"wordCount":2075,"commentCount":1,"publisher":{"@id":"https:\/\/www.boxrepsol.com\/es\/#organization"},"image":{"@id":"https:\/\/www.boxrepsol.com\/es\/tecnologia\/carenado-moto-que-es\/#primaryimage"},"thumbnailUrl":"https:\/\/bxrepsol.s3.eu-west-1.amazonaws.com\/static\/2023\/11\/03064604\/Foto-1-apertura-scaled.jpg","keywords":["mec\u00e1nica"],"articleSection":["Tecnologia"],"inLanguage":"es","potentialAction":[{"@type":"CommentAction","name":"Comment","target":["https:\/\/www.boxrepsol.com\/es\/tecnologia\/carenado-moto-que-es\/#respond"]}]},{"@type":"WebPage","@id":"https:\/\/www.boxrepsol.com\/es\/tecnologia\/carenado-moto-que-es\/","url":"https:\/\/www.boxrepsol.com\/es\/tecnologia\/carenado-moto-que-es\/","name":"Carenado moto: qu\u00e9 es, tipos y para qu\u00e9 sirve - Box Repsol","isPartOf":{"@id":"https:\/\/www.boxrepsol.com\/es\/#website"},"primaryImageOfPage":{"@id":"https:\/\/www.boxrepsol.com\/es\/tecnologia\/carenado-moto-que-es\/#primaryimage"},"image":{"@id":"https:\/\/www.boxrepsol.com\/es\/tecnologia\/carenado-moto-que-es\/#primaryimage"},"thumbnailUrl":"https:\/\/bxrepsol.s3.eu-west-1.amazonaws.com\/static\/2023\/11\/03064604\/Foto-1-apertura-scaled.jpg","datePublished":"2026-01-10T12:59:00+00:00","dateModified":"2026-01-30T10:22:45+00:00","description":"\u00bfQu\u00e9 es el carenado de una moto, para qu\u00e9 sirve y c\u00f3mo mejora tu experiencia de conducci\u00f3n? Desc\u00fabrelo todo en nuestro art\u00edculo informativo.","breadcrumb":{"@id":"https:\/\/www.boxrepsol.com\/es\/tecnologia\/carenado-moto-que-es\/#breadcrumb"},"inLanguage":"es","potentialAction":[{"@type":"ReadAction","target":["https:\/\/www.boxrepsol.com\/es\/tecnologia\/carenado-moto-que-es\/"]}]},{"@type":"ImageObject","inLanguage":"es","@id":"https:\/\/www.boxrepsol.com\/es\/tecnologia\/carenado-moto-que-es\/#primaryimage","url":"https:\/\/bxrepsol.s3.eu-west-1.amazonaws.com\/static\/2023\/11\/03064604\/Foto-1-apertura-scaled.jpg","contentUrl":"https:\/\/bxrepsol.s3.eu-west-1.amazonaws.com\/static\/2023\/11\/03064604\/Foto-1-apertura-scaled.jpg","width":2560,"height":1760,"caption":"2014 VFR800F"},{"@type":"BreadcrumbList","@id":"https:\/\/www.boxrepsol.com\/es\/tecnologia\/carenado-moto-que-es\/#breadcrumb","itemListElement":[{"@type":"ListItem","position":1,"name":"Home","item":"https:\/\/www.boxrepsol.com\/es\/"},{"@type":"ListItem","position":2,"name":"Carenado de una moto: qu\u00e9 es, tipos y cu\u00e1l es su funci\u00f3n"}]},{"@type":"WebSite","@id":"https:\/\/www.boxrepsol.com\/es\/#website","url":"https:\/\/www.boxrepsol.com\/es\/","name":"Box Repsol","description":"Box Repsol Site","publisher":{"@id":"https:\/\/www.boxrepsol.com\/es\/#organization"},"potentialAction":[{"@type":"SearchAction","target":{"@type":"EntryPoint","urlTemplate":"https:\/\/www.boxrepsol.com\/es\/?s={search_term_string}"},"query-input":{"@type":"PropertyValueSpecification","valueRequired":true,"valueName":"search_term_string"}}],"inLanguage":"es"},{"@type":"Organization","@id":"https:\/\/www.boxrepsol.com\/es\/#organization","name":"Box Repsol","url":"https:\/\/www.boxrepsol.com\/es\/","logo":{"@type":"ImageObject","inLanguage":"es","@id":"https:\/\/www.boxrepsol.com\/es\/#\/schema\/logo\/image\/","url":"https:\/\/bxrepsol.s3.eu-west-1.amazonaws.com\/static\/2025\/07\/30083337\/favicon-96x96-1.png","contentUrl":"https:\/\/bxrepsol.s3.eu-west-1.amazonaws.com\/static\/2025\/07\/30083337\/favicon-96x96-1.png","width":96,"height":96,"caption":"Box Repsol"},"image":{"@id":"https:\/\/www.boxrepsol.com\/es\/#\/schema\/logo\/image\/"},"sameAs":["https:\/\/www.facebook.com\/BoxRepsol","https:\/\/x.com\/box_repsol","http:\/\/instagram.com\/box_repsol","https:\/\/www.youtube.com\/user\/RepsolCompeticion","https:\/\/www.flickr.com\/photos\/box_repsol\/"]},{"@type":"Person","@id":"https:\/\/www.boxrepsol.com\/es\/#\/schema\/person\/40c28bf318bbbe8fe3848b194b7385ca","name":"V\u00edctor Gancedo","image":{"@type":"ImageObject","inLanguage":"es","@id":"https:\/\/secure.gravatar.com\/avatar\/cd1439a66fca5d3425cd2a7b13f32cd43e25022a0436c1235ef2a28e14fa660a?s=96&d=mm&r=g","url":"https:\/\/secure.gravatar.com\/avatar\/cd1439a66fca5d3425cd2a7b13f32cd43e25022a0436c1235ef2a28e14fa660a?s=96&d=mm&r=g","contentUrl":"https:\/\/secure.gravatar.com\/avatar\/cd1439a66fca5d3425cd2a7b13f32cd43e25022a0436c1235ef2a28e14fa660a?s=96&d=mm&r=g","caption":"V\u00edctor Gancedo"},"description":"Periodista especializado en el mundo de las motos, V\u00edctor ha probado pr\u00e1cticamente todas las que han salido al mercado desde 1990. En su larga trayectoria, ha desempe\u00f1ado cargos como los de Jefe de Pruebas de la revista Motociclismo o Responsable de Pruebas del \u00c1rea de Motos del Grupo Motorpress-Ib\u00e9rica, hoy llamado Sport Life Ib\u00e9rica, al cual sigue vinculado.","sameAs":["https:\/\/www.instagram.com\/vfgancedo"],"url":"https:\/\/www.boxrepsol.com\/es\/author\/victor_gancedo\/"}]}},"_links":{"self":[{"href":"https:\/\/www.boxrepsol.com\/es\/wp-json\/wp\/v2\/posts\/106857","targetHints":{"allow":["GET"]}}],"collection":[{"href":"https:\/\/www.boxrepsol.com\/es\/wp-json\/wp\/v2\/posts"}],"about":[{"href":"https:\/\/www.boxrepsol.com\/es\/wp-json\/wp\/v2\/types\/post"}],"author":[{"embeddable":true,"href":"https:\/\/www.boxrepsol.com\/es\/wp-json\/wp\/v2\/users\/41267"}],"replies":[{"embeddable":true,"href":"https:\/\/www.boxrepsol.com\/es\/wp-json\/wp\/v2\/comments?post=106857"}],"version-history":[{"count":12,"href":"https:\/\/www.boxrepsol.com\/es\/wp-json\/wp\/v2\/posts\/106857\/revisions"}],"predecessor-version":[{"id":129301,"href":"https:\/\/www.boxrepsol.com\/es\/wp-json\/wp\/v2\/posts\/106857\/revisions\/129301"}],"wp:featuredmedia":[{"embeddable":true,"href":"https:\/\/www.boxrepsol.com\/es\/wp-json\/wp\/v2\/media\/106860"}],"wp:attachment":[{"href":"https:\/\/www.boxrepsol.com\/es\/wp-json\/wp\/v2\/media?parent=106857"}],"wp:term":[{"taxonomy":"category","embeddable":true,"href":"https:\/\/www.boxrepsol.com\/es\/wp-json\/wp\/v2\/categories?post=106857"},{"taxonomy":"post_tag","embeddable":true,"href":"https:\/\/www.boxrepsol.com\/es\/wp-json\/wp\/v2\/tags?post=106857"}],"curies":[{"name":"wp","href":"https:\/\/api.w.org\/{rel}","templated":true}]}}