{"id":106645,"date":"2023-10-26T13:12:08","date_gmt":"2023-10-26T15:12:08","guid":{"rendered":"https:\/\/www.boxrepsol.com\/?p=106645"},"modified":"2025-06-26T08:01:34","modified_gmt":"2025-06-26T10:01:34","slug":"cuales-son-las-motos-mas-caras","status":"publish","type":"post","link":"https:\/\/www.boxrepsol.com\/es\/cultura-motera\/cuales-son-las-motos-mas-caras\/","title":{"rendered":"Cu\u00e1les son las motos m\u00e1s caras del mundo"},"content":{"rendered":"<figure class=\"wp-block-post-featured-image\"><img loading=\"lazy\" decoding=\"async\" width=\"1280\" height=\"600\" src=\"https:\/\/bxrepsol.s3.eu-west-1.amazonaws.com\/static\/2023\/10\/26122036\/Foto-1-aperturaweb.png\" class=\"attachment-post-thumbnail size-post-thumbnail wp-post-image\" alt=\"Moto Honda\" style=\"object-fit:cover;\" srcset=\"https:\/\/bxrepsol.s3.eu-west-1.amazonaws.com\/static\/2023\/10\/26122036\/Foto-1-aperturaweb.png 1280w, https:\/\/bxrepsol.s3.eu-west-1.amazonaws.com\/static\/2023\/10\/26122036\/Foto-1-aperturaweb-300x141.png 300w, https:\/\/bxrepsol.s3.eu-west-1.amazonaws.com\/static\/2023\/10\/26122036\/Foto-1-aperturaweb-1024x480.png 1024w, https:\/\/bxrepsol.s3.eu-west-1.amazonaws.com\/static\/2023\/10\/26122036\/Foto-1-aperturaweb-768x360.png 768w\" sizes=\"auto, (max-width: 1280px) 100vw, 1280px\" \/><\/figure>\n\n\n<p>Sin lugar a dudas, la expresi\u00f3n <em>\u201cesa moto vale m\u00e1s que un coche\u201d<\/em> es muy espa\u00f1ola. Pero si profundizamos en el mercado de las dos ruedas, podemos encontrar motos que no solo cuestan m\u00e1s que un coche, sino que valen m\u00e1s que dos o tres, e incluso m\u00e1s.<\/p>\n\n\n\n<p><strong><div id=\"ez-toc-container\" class=\"ez-toc-v2_0_82_2 counter-hierarchy ez-toc-counter ez-toc-grey ez-toc-container-direction\">\n<div class=\"ez-toc-title-container\">\n<p class=\"ez-toc-title\" style=\"cursor:inherit\">\u00cdndice<\/p>\n<span class=\"ez-toc-title-toggle\"><a href=\"#\" class=\"ez-toc-pull-right ez-toc-btn ez-toc-btn-xs ez-toc-btn-default ez-toc-toggle\" aria-label=\"Toggle Table of Content\"><span class=\"ez-toc-js-icon-con\"><span class=\"\"><span class=\"eztoc-hide\" style=\"display:none;\">Toggle<\/span><span class=\"ez-toc-icon-toggle-span\"><svg style=\"fill: #999;color:#999\" xmlns=\"http:\/\/www.w3.org\/2000\/svg\" class=\"list-377408\" width=\"20px\" height=\"20px\" viewBox=\"0 0 24 24\" fill=\"none\"><path d=\"M6 6H4v2h2V6zm14 0H8v2h12V6zM4 11h2v2H4v-2zm16 0H8v2h12v-2zM4 16h2v2H4v-2zm16 0H8v2h12v-2z\" fill=\"currentColor\"><\/path><\/svg><svg style=\"fill: #999;color:#999\" class=\"arrow-unsorted-368013\" xmlns=\"http:\/\/www.w3.org\/2000\/svg\" width=\"10px\" height=\"10px\" viewBox=\"0 0 24 24\" version=\"1.2\" baseProfile=\"tiny\"><path d=\"M18.2 9.3l-6.2-6.3-6.2 6.3c-.2.2-.3.4-.3.7s.1.5.3.7c.2.2.4.3.7.3h11c.3 0 .5-.1.7-.3.2-.2.3-.5.3-.7s-.1-.5-.3-.7zM5.8 14.7l6.2 6.3 6.2-6.3c.2-.2.3-.5.3-.7s-.1-.5-.3-.7c-.2-.2-.4-.3-.7-.3h-11c-.3 0-.5.1-.7.3-.2.2-.3.5-.3.7s.1.5.3.7z\"\/><\/svg><\/span><\/span><\/span><\/a><\/span><\/div>\n<nav><ul class='ez-toc-list ez-toc-list-level-1 ' ><li class='ez-toc-page-1 ez-toc-heading-level-2'><a class=\"ez-toc-link ez-toc-heading-1\" href=\"https:\/\/www.boxrepsol.com\/es\/cultura-motera\/cuales-son-las-motos-mas-caras\/#Las_motos_mas_exclusivas_del_siglo_XXI\" >Las motos m\u00e1s exclusivas del siglo XXI<\/a><ul class='ez-toc-list-level-3' ><li class='ez-toc-heading-level-3'><a class=\"ez-toc-link ez-toc-heading-2\" href=\"https:\/\/www.boxrepsol.com\/es\/cultura-motera\/cuales-son-las-motos-mas-caras\/#ARCH_1S_%E2%80%93_121000E\" >ARCH 1S \u2013 121.000\u20ac<\/a><\/li><li class='ez-toc-page-1 ez-toc-heading-level-3'><a class=\"ez-toc-link ez-toc-heading-3\" href=\"https:\/\/www.boxrepsol.com\/es\/cultura-motera\/cuales-son-las-motos-mas-caras\/#Bimota_Tesi_H2_%E2%80%93_64000E\" >Bimota Tesi H2 \u2013 64.000\u20ac<\/a><\/li><li class='ez-toc-page-1 ez-toc-heading-level-3'><a class=\"ez-toc-link ez-toc-heading-4\" href=\"https:\/\/www.boxrepsol.com\/es\/cultura-motera\/cuales-son-las-motos-mas-caras\/#BMW_HP4_Race_%E2%80%93_80000E\" >BMW HP4 Race \u2013 80.000\u20ac<\/a><\/li><li class='ez-toc-page-1 ez-toc-heading-level-3'><a class=\"ez-toc-link ez-toc-heading-5\" href=\"https:\/\/www.boxrepsol.com\/es\/cultura-motera\/cuales-son-las-motos-mas-caras\/#Brough_Superior_Lawrence_Dagger_%E2%80%93_68800E\" >Brough Superior Lawrence Dagger \u2013 68.800\u20ac<\/a><\/li><li class='ez-toc-page-1 ez-toc-heading-level-3'><a class=\"ez-toc-link ez-toc-heading-6\" href=\"https:\/\/www.boxrepsol.com\/es\/cultura-motera\/cuales-son-las-motos-mas-caras\/#Ducati_Streetfighter_V4_Lamborghini_%E2%80%93_70000E\" >Ducati Streetfighter V4 Lamborghini \u2013 70.000\u20ac<\/a><\/li><li class='ez-toc-page-1 ez-toc-heading-level-3'><a class=\"ez-toc-link ez-toc-heading-7\" href=\"https:\/\/www.boxrepsol.com\/es\/cultura-motera\/cuales-son-las-motos-mas-caras\/#Harley-Davidson_CVO_Road_Glide_Limited_Aniversary_Edition_%E2%80%93_68500E\" >Harley-Davidson CVO Road Glide Limited Aniversary Edition \u2013 68.500\u20ac<\/a><\/li><li class='ez-toc-page-1 ez-toc-heading-level-3'><a class=\"ez-toc-link ez-toc-heading-8\" href=\"https:\/\/www.boxrepsol.com\/es\/cultura-motera\/cuales-son-las-motos-mas-caras\/#Honda_RC213V-S_%E2%80%93_191000E\" >Honda RC213V-S \u2013 191.000\u20ac<\/a><\/li><li class='ez-toc-page-1 ez-toc-heading-level-3'><a class=\"ez-toc-link ez-toc-heading-9\" href=\"https:\/\/www.boxrepsol.com\/es\/cultura-motera\/cuales-son-las-motos-mas-caras\/#Kawasaki_Ninja_H2_R_%E2%80%93_55000E\" >Kawasaki Ninja H2 R \u2013 55.000\u20ac<\/a><\/li><li class='ez-toc-page-1 ez-toc-heading-level-3'><a class=\"ez-toc-link ez-toc-heading-10\" href=\"https:\/\/www.boxrepsol.com\/es\/cultura-motera\/cuales-son-las-motos-mas-caras\/#KTM_Brabus_1300_R_%E2%80%93_42500E\" >KTM Brabus 1300 R \u2013 42.500\u20ac<\/a><\/li><li class='ez-toc-page-1 ez-toc-heading-level-3'><a class=\"ez-toc-link ez-toc-heading-11\" href=\"https:\/\/www.boxrepsol.com\/es\/cultura-motera\/cuales-son-las-motos-mas-caras\/#MTT_420_RR_Race_Ready_%E2%80%93_255000E\" >MTT 420 RR (Race Ready) \u2013 255.000\u20ac<\/a><\/li><li class='ez-toc-page-1 ez-toc-heading-level-3'><a class=\"ez-toc-link ez-toc-heading-12\" href=\"https:\/\/www.boxrepsol.com\/es\/cultura-motera\/cuales-son-las-motos-mas-caras\/#MV_Agusta_Superveloce_1000_Serie_Oro_%E2%80%93_55000E\" >MV Agusta Superveloce 1000 Serie Oro \u2013 55.000\u20ac<\/a><\/li><li class='ez-toc-page-1 ez-toc-heading-level-3'><a class=\"ez-toc-link ez-toc-heading-13\" href=\"https:\/\/www.boxrepsol.com\/es\/cultura-motera\/cuales-son-las-motos-mas-caras\/#SBAY_Flying_T_111_%E2%80%93_62000E\" >SBAY Flying T 111 \u2013 62.000\u20ac<\/a><\/li><\/ul><\/li><li class='ez-toc-page-1 ez-toc-heading-level-2'><a class=\"ez-toc-link ez-toc-heading-14\" href=\"https:\/\/www.boxrepsol.com\/es\/cultura-motera\/cuales-son-las-motos-mas-caras\/#%C2%BFCual_es_la_moto_mas_cara_del_mundo\" >\u00bfCu\u00e1l es la moto m\u00e1s cara del mundo?<\/a><ul class='ez-toc-list-level-3' ><li class='ez-toc-heading-level-3'><a class=\"ez-toc-link ez-toc-heading-15\" href=\"https:\/\/www.boxrepsol.com\/es\/cultura-motera\/cuales-son-las-motos-mas-caras\/#Harley_Davidson_Cosmic_Starship\" >Harley Davidson Cosmic Starship<\/a><\/li><\/ul><\/li><li class='ez-toc-page-1 ez-toc-heading-level-2'><a class=\"ez-toc-link ez-toc-heading-16\" href=\"https:\/\/www.boxrepsol.com\/es\/cultura-motera\/cuales-son-las-motos-mas-caras\/#Ecosse_Spirit_ES1\" >Ecosse Spirit ES1<\/a><\/li><li class='ez-toc-page-1 ez-toc-heading-level-2'><a class=\"ez-toc-link ez-toc-heading-17\" href=\"https:\/\/www.boxrepsol.com\/es\/cultura-motera\/cuales-son-las-motos-mas-caras\/#Dodge_Tomahawk\" >Dodge Tomahawk<\/a><\/li><li class='ez-toc-page-1 ez-toc-heading-level-2'><a class=\"ez-toc-link ez-toc-heading-18\" href=\"https:\/\/www.boxrepsol.com\/es\/cultura-motera\/cuales-son-las-motos-mas-caras\/#Lazareth_LM_847\" >Lazareth LM 847<\/a><\/li><\/ul><\/nav><\/div>\n<\/strong><\/p>\n\n\n\n<p>Por supuesto, <strong>todas<\/strong> <strong>son motos realmente exclusivas<\/strong>, con mec\u00e1nicas muy poderosas, soluciones t\u00e9cnicas de vanguardia y componentes excepcionales. No necesariamente son <a href=\"https:\/\/www.boxrepsol.com\/es\/cultura-motera\/las-motos-mas-potentes-del-mercado\/\">las motos m\u00e1s potentes<\/a>, pero hay que apuntar que, al fabricarse en versiones limitadas, en algunos casos sus precios son escandalosamente altos.<\/p>\n\n\n\n<p>Mucha gente se guiar\u00e1 por las prestaciones o las <a href=\"https:\/\/www.boxrepsol.com\/es\/vive-tu-moto\/cuales-son-las-motos-mas-seguras\/\">medidas de seguridad<\/a> que puede tener su futura moto. Pero el que se compra una moto de estas, aparte de poder permit\u00edrselo, es porque quiere distinguirse del resto de los mortales, y sabe que paga por la moto y por la exclusividad.<\/p>\n\n\n\n<figure class=\"wp-block-image size-large is-resized\"><img loading=\"lazy\" decoding=\"async\" width=\"1024\" height=\"683\" src=\"https:\/\/bxrepsol.s3.eu-west-1.amazonaws.com\/static\/2023\/10\/26122155\/Foto-2peso-1024x683.jpg\" alt=\"Imagen de una de las motos m\u00e1s caras del mundo\" class=\"wp-image-106648\" style=\"width:840px;height:560px\" srcset=\"https:\/\/bxrepsol.s3.eu-west-1.amazonaws.com\/static\/2023\/10\/26122155\/Foto-2peso-1024x683.jpg 1024w, https:\/\/bxrepsol.s3.eu-west-1.amazonaws.com\/static\/2023\/10\/26122155\/Foto-2peso-300x200.jpg 300w, https:\/\/bxrepsol.s3.eu-west-1.amazonaws.com\/static\/2023\/10\/26122155\/Foto-2peso-768x512.jpg 768w, https:\/\/bxrepsol.s3.eu-west-1.amazonaws.com\/static\/2023\/10\/26122155\/Foto-2peso-1536x1024.jpg 1536w, https:\/\/bxrepsol.s3.eu-west-1.amazonaws.com\/static\/2023\/10\/26122155\/Foto-2peso-2048x1365.jpg 2048w\" sizes=\"auto, (max-width: 1024px) 100vw, 1024px\" \/><\/figure>\n\n\n\n<h2 class=\"wp-block-heading\"><span class=\"ez-toc-section\" id=\"Las_motos_mas_exclusivas_del_siglo_XXI\"><\/span><strong>Las motos m\u00e1s exclusivas del siglo XXI<\/strong><span class=\"ez-toc-section-end\"><\/span><\/h2>\n\n\n\n<p>Vamos a dar un repaso a las <strong>motos m\u00e1s caras de este siglo XXI.<\/strong> Existen otras versiones exclusivas, customizaciones especiales, motos \u00fanicas que pueden alcanzar precios todav\u00eda m\u00e1s desorbitados, pero para este art\u00edculo hemos escogido las motos m\u00e1s caras del mercado.<\/p>\n\n\n\n<h3 class=\"wp-block-heading\"><span class=\"ez-toc-section\" id=\"ARCH_1S_%E2%80%93_121000E\"><\/span><strong>ARCH 1S \u2013 121.000\u20ac<\/strong><span class=\"ez-toc-section-end\"><\/span><\/h3>\n\n\n\n<p>KeanuReeves es un actor y m\u00fasico mundialmente conocido y sobre todo muy <a href=\"https:\/\/www.boxrepsol.com\/es\/cultura-motera\/actores-moteros-5-motos-para-5-actores\/\">motero<\/a>. Nacido en Beirut, pero con nacionalidad canadiense, Reeves tiene una estrella en el Paseo de la Fama de Hollywood, lo que da una idea de su enorme popularidad. Adem\u00e1s del cine y la m\u00fasica, <strong>otra de sus grandes pasiones son las motos<\/strong> y, muestra de ello, es que es el copropietario de ARCH Motorcycle, una marca fundada en 2011 y cuya sede est\u00e1 en California (Estados Unidos).<\/p>\n\n\n\n<p><strong>Los modelos que fabrica son realmente exclusivos<\/strong> y el mejor ejemplo es la ARCH 1S, cuyo precio est\u00e1 fijado en 128.000 $ (unos 121.000\u20ac). Se trata de una <em>cruiser<\/em> deportiva propulsada por un bicil\u00edndrico en V de 2032 cc fabricado por la firma S&amp;S. Monta suspensiones \u00d6hlins, frenos ISR, llantas de fibra de carbono y cada propietario elige su paquete ergon\u00f3mico (asiento, manillar y estriberas) y la decoraci\u00f3n que va a lucir su moto.<\/p>\n\n\n\n<figure class=\"wp-block-image size-large\"><img loading=\"lazy\" decoding=\"async\" width=\"1024\" height=\"689\" src=\"https:\/\/bxrepsol.s3.eu-west-1.amazonaws.com\/static\/2023\/10\/26122253\/Foto-3-5-1024x689.jpg\" alt=\"Imagen de una ARCH 1S\" class=\"wp-image-106650\" srcset=\"https:\/\/bxrepsol.s3.eu-west-1.amazonaws.com\/static\/2023\/10\/26122253\/Foto-3-5-1024x689.jpg 1024w, https:\/\/bxrepsol.s3.eu-west-1.amazonaws.com\/static\/2023\/10\/26122253\/Foto-3-5-300x202.jpg 300w, https:\/\/bxrepsol.s3.eu-west-1.amazonaws.com\/static\/2023\/10\/26122253\/Foto-3-5-768x517.jpg 768w, https:\/\/bxrepsol.s3.eu-west-1.amazonaws.com\/static\/2023\/10\/26122253\/Foto-3-5-1536x1034.jpg 1536w, https:\/\/bxrepsol.s3.eu-west-1.amazonaws.com\/static\/2023\/10\/26122253\/Foto-3-5-2048x1378.jpg 2048w\" sizes=\"auto, (max-width: 1024px) 100vw, 1024px\" \/><\/figure>\n\n\n\n<h3 class=\"wp-block-heading\"><span class=\"ez-toc-section\" id=\"Bimota_Tesi_H2_%E2%80%93_64000E\"><\/span><strong>Bimota Tesi H2 \u2013 64.000\u20ac<\/strong><span class=\"ez-toc-section-end\"><\/span><\/h3>\n\n\n\n<p>Tras unos a\u00f1os desaparecida del mercado, <strong>Bimota regres\u00f3 en 2019<\/strong> de la mano de Kawasaki. Gracias a esta alianza, la firma japonesa suministra motores y otros componentes a la marca italiana, y fruto de ello naci\u00f3 la Tesi H2, una <strong>moto que recupera una de las denominaciones m\u00e1s m\u00edticas de Bimota<\/strong> en el pasado.<\/p>\n\n\n\n<p>Las distintas versiones de la Tesi siempre <strong>se han caracterizado por contar con un tren anterior alternativo<\/strong> y, como no pod\u00eda ser de otra manera, la nueva Tesi H2 monta delante un <a href=\"https:\/\/www.boxrepsol.com\/es\/tecnologia\/basculante-moto-usos-y-tipos\/\">basculante<\/a> doble y un sistema <em>\u201chub centre\u201d<\/em> para permitir que la rueda gire hacia ambos lados.<\/p>\n\n\n\n<p>El chasis de aluminio en forma de \u201cU\u201d es otra de las caracter\u00edsticas que la nueva Tesi comparte con las versiones anteriores. Sin embargo, es la primera vez que el modelo est\u00e1 propulsado por un motor de cuatro cilindros en l\u00ednea. En su caso procede de la Kawasaki Ninja H2 R y anuncia 230 CV. Sin lugar a dudas, la Tesi H2 puede ser considerada como <strong>una de las motos m\u00e1s espectaculares del panorama actual.<\/strong> Su precio est\u00e1 fijado en 64.000\u20ac.<\/p>\n\n\n\n<figure class=\"wp-block-image size-large\"><img loading=\"lazy\" decoding=\"async\" width=\"1024\" height=\"641\" src=\"https:\/\/bxrepsol.s3.eu-west-1.amazonaws.com\/static\/2023\/10\/26122328\/Foto-4-3-1024x641.jpg\" alt=\"Imagen de una Bimota Tesi H2 \" class=\"wp-image-106652\" srcset=\"https:\/\/bxrepsol.s3.eu-west-1.amazonaws.com\/static\/2023\/10\/26122328\/Foto-4-3-1024x641.jpg 1024w, https:\/\/bxrepsol.s3.eu-west-1.amazonaws.com\/static\/2023\/10\/26122328\/Foto-4-3-300x188.jpg 300w, https:\/\/bxrepsol.s3.eu-west-1.amazonaws.com\/static\/2023\/10\/26122328\/Foto-4-3-768x481.jpg 768w, https:\/\/bxrepsol.s3.eu-west-1.amazonaws.com\/static\/2023\/10\/26122328\/Foto-4-3.jpg 1471w\" sizes=\"auto, (max-width: 1024px) 100vw, 1024px\" \/><\/figure>\n\n\n\n<h3 class=\"wp-block-heading\"><span class=\"ez-toc-section\" id=\"BMW_HP4_Race_%E2%80%93_80000E\"><\/span><strong>BMW HP4 Race \u2013 80.000\u20ac<\/strong><span class=\"ez-toc-section-end\"><\/span><\/h3>\n\n\n\n<p>Producida en una <strong>serie limitada a 750 unidades que comenzaron a venderse a mediados de 2017<\/strong>, es muy similar a la moto con la que BMW participaba entonces de manera oficial en el WorldSBK. Su motor de cuatro cilindros en l\u00ednea anuncia 215 CV para un peso de solo 171 kg. Esta cifra tan baja se debe a que utilizaba muchos componentes realizados en fibra de carbono. Hasta el chasis de doble viga y las llantas son de este ligero material.<\/p>\n\n\n\n<p>Adem\u00e1s, carece de los aditamentos necesarios para ser matriculada, lo que tambi\u00e9n se traduce en un considerable ahorro de peso. Se trata de una <strong>moto ideada para ser utilizada solo en circuito <\/strong>y prueba de ello son los <a href=\"https:\/\/www.bing.com\/ck\/a?!&amp;&amp;p=17dd5a28cca0f657JmltdHM9MTY5ODI3ODQwMCZpZ3VpZD0zOTM1YTY5Yi03OTQwLTYyOTctMmY3YS1iNDRkNzhlODYzY2YmaW5zaWQ9NTE3MQ&amp;ptn=3&amp;hsh=3&amp;fclid=3935a69b-7940-6297-2f7a-b44d78e863cf&amp;psq=site%3ahttps%3a%2f%2fwww.boxrepsol.com%2fes+%22tipos+neumaticos%22&amp;u=a1aHR0cHM6Ly93d3cuYm94cmVwc29sLmNvbS9lcy90ZWNub2xvZ2lhL3RpcG9zLW5ldW1hdGljb3MtY3VhbmRvLXV0aWxpemFybG9zLw&amp;ntb=1\">neum\u00e1ticos lisos de tipo slick<\/a> con los que ven\u00eda calzada de la f\u00e1brica de Berl\u00edn. El precio fijado para esta superbike era de 80.000\u20ac.<\/p>\n\n\n\n<figure class=\"wp-block-image size-large\"><img loading=\"lazy\" decoding=\"async\" width=\"1024\" height=\"639\" src=\"https:\/\/bxrepsol.s3.eu-west-1.amazonaws.com\/static\/2023\/10\/26122414\/Foto-5-4-1024x639.jpg\" alt=\"Imagen de una BMW HP4 Race\" class=\"wp-image-106654\" srcset=\"https:\/\/bxrepsol.s3.eu-west-1.amazonaws.com\/static\/2023\/10\/26122414\/Foto-5-4-1024x639.jpg 1024w, https:\/\/bxrepsol.s3.eu-west-1.amazonaws.com\/static\/2023\/10\/26122414\/Foto-5-4-300x187.jpg 300w, https:\/\/bxrepsol.s3.eu-west-1.amazonaws.com\/static\/2023\/10\/26122414\/Foto-5-4-768x479.jpg 768w, https:\/\/bxrepsol.s3.eu-west-1.amazonaws.com\/static\/2023\/10\/26122414\/Foto-5-4.jpg 1200w\" sizes=\"auto, (max-width: 1024px) 100vw, 1024px\" \/><\/figure>\n\n\n\n<h3 class=\"wp-block-heading\"><span class=\"ez-toc-section\" id=\"Brough_Superior_Lawrence_Dagger_%E2%80%93_68800E\"><\/span><strong>Brough Superior Lawrence Dagger \u2013 68.800\u20ac<\/strong><span class=\"ez-toc-section-end\"><\/span><\/h3>\n\n\n\n<p>La marca francesa de origen brit\u00e1nico produce est\u00e1 especial\u00edsima <a href=\"https:\/\/www.bing.com\/ck\/a?!&amp;&amp;p=a346bfd2cf56b90fJmltdHM9MTY5ODI3ODQwMCZpZ3VpZD0zOTM1YTY5Yi03OTQwLTYyOTctMmY3YS1iNDRkNzhlODYzY2YmaW5zaWQ9NTI2Mw&amp;ptn=3&amp;hsh=3&amp;fclid=3935a69b-7940-6297-2f7a-b44d78e863cf&amp;psq=site%3ahttps%3a%2f%2fwww.boxrepsol.com%2fes+%22naked%22&amp;u=a1aHR0cHM6Ly93d3cuYm94cmVwc29sLmNvbS9lcy92aXZlLXR1LW1vdG8vdGlwb3MtZGUtbW90by1jdWFsLWVzLWVsLXR1eW8v&amp;ntb=1\">moto estilo naked<\/a> inspirada, en parte, en la Brough Superior SS 1000 de 1925, conocida entonces como <strong>\u201cel Rolls-Royce de las motocicletas\u201d.<\/strong> El militar, escritor y aventurero Thomas Edward Lawrence, m\u00e1s conocido como Lawrence de Arabia, estuvo muy ligado a la marca en el pasado y, de hecho, falleci\u00f3 en un accidente mientras conduc\u00eda su Brough Superior.<\/p>\n\n\n\n<p>En homenaje a lo que hoy en d\u00eda se considera una leyenda, el nuevo propietario de la marca le ha dedicado este modelo, <strong>cuyo dise\u00f1o pretende emular a la daga con la que aparece Lawrence en un famoso retrato.<\/strong> Adem\u00e1s, est\u00e1 plagada de exquisiteces como la carrocer\u00eda realizada en fibra de carbono en su totalidad o el chasis fabricado en ligero titanio mecanizado. Utiliza un motor bicil\u00edndrico en V a 88\u00ba de fabricaci\u00f3n propia. El precio de esta francesa se sit\u00faa en 68.800\u20ac.<\/p>\n\n\n\n<figure class=\"wp-block-image size-large\"><img loading=\"lazy\" decoding=\"async\" width=\"1024\" height=\"602\" src=\"https:\/\/bxrepsol.s3.eu-west-1.amazonaws.com\/static\/2023\/10\/26122502\/Foto-6-3-1024x602.jpg\" alt=\"Imagen de una moto Brough Superior Lawrence Dagger \" class=\"wp-image-106656\" srcset=\"https:\/\/bxrepsol.s3.eu-west-1.amazonaws.com\/static\/2023\/10\/26122502\/Foto-6-3-1024x602.jpg 1024w, https:\/\/bxrepsol.s3.eu-west-1.amazonaws.com\/static\/2023\/10\/26122502\/Foto-6-3-300x176.jpg 300w, https:\/\/bxrepsol.s3.eu-west-1.amazonaws.com\/static\/2023\/10\/26122502\/Foto-6-3-768x451.jpg 768w, https:\/\/bxrepsol.s3.eu-west-1.amazonaws.com\/static\/2023\/10\/26122502\/Foto-6-3-1536x902.jpg 1536w, https:\/\/bxrepsol.s3.eu-west-1.amazonaws.com\/static\/2023\/10\/26122502\/Foto-6-3-2048x1203.jpg 2048w\" sizes=\"auto, (max-width: 1024px) 100vw, 1024px\" \/><\/figure>\n\n\n\n<h3 class=\"wp-block-heading\"><span class=\"ez-toc-section\" id=\"Ducati_Streetfighter_V4_Lamborghini_%E2%80%93_70000E\"><\/span><strong>Ducati Streetfighter V4 Lamborghini \u2013 70.000\u20ac<\/strong><span class=\"ez-toc-section-end\"><\/span><\/h3>\n\n\n\n<p>Creada a partir de la ya exclusiva Streetfighter V4 SP2, Ducati ha desarrollado esta impresionante versi\u00f3n inspirada en la l\u00ednea del Lamborghini Hurac\u00e1n STO, un coche superdeportivo creado <strong>con el \u00fanico objetivo de ofrecer sensaciones muy fuertes durante su conducci\u00f3n<\/strong>. Igualmente est\u00e1 dotado con una tecnolog\u00eda comparable a la de un aut\u00e9ntico coche de carreras de \u00faltima generaci\u00f3n, justo lo mismo que ha pretendido Ducati al desarrollar la Streetfighter V4 Lamborghini.<\/p>\n\n\n\n<p>Semejante en muchos apartados a la moto con la que Ducati participa y vence en el Mundial de Superbike, el dep\u00f3sito de aluminio, las suspensiones electr\u00f3nicas \u00d6hlins y piezas varias realizadas en fibra de carbono, son algunas de las exquisiteces que justifican, en parte, el elevado precio de esta italiana. Se fabrica en una serie anual limitada a 630 + 63 unidades. 630 es el n\u00famero de unidades que producir\u00e1 Ducati para sus concesionarios de todo el mundo. <strong>Esas 63 corresponden a una serie a\u00fan m\u00e1s limitada<\/strong>, dirigida a clientes especiales de Lamborghini, que tendr\u00e1n la oportunidad de personalizar la carrocer\u00eda y las llantas de la moto, con colores acordes con los del coche que posean. El precio de partida de esta italiana es de 70.000\u20ac.<\/p>\n\n\n\n<figure class=\"wp-block-image size-large\"><img loading=\"lazy\" decoding=\"async\" width=\"1024\" height=\"566\" src=\"https:\/\/bxrepsol.s3.eu-west-1.amazonaws.com\/static\/2023\/10\/26122528\/Foto-7-3-1024x566.jpg\" alt=\"Imagen de una moto Ducati Streetfighter V4 Lamborghini\" class=\"wp-image-106658\" srcset=\"https:\/\/bxrepsol.s3.eu-west-1.amazonaws.com\/static\/2023\/10\/26122528\/Foto-7-3-1024x566.jpg 1024w, https:\/\/bxrepsol.s3.eu-west-1.amazonaws.com\/static\/2023\/10\/26122528\/Foto-7-3-300x166.jpg 300w, https:\/\/bxrepsol.s3.eu-west-1.amazonaws.com\/static\/2023\/10\/26122528\/Foto-7-3-768x424.jpg 768w, https:\/\/bxrepsol.s3.eu-west-1.amazonaws.com\/static\/2023\/10\/26122528\/Foto-7-3.jpg 1459w\" sizes=\"auto, (max-width: 1024px) 100vw, 1024px\" \/><\/figure>\n\n\n\n<h3 class=\"wp-block-heading\"><span class=\"ez-toc-section\" id=\"Harley-Davidson_CVO_Road_Glide_Limited_Aniversary_Edition_%E2%80%93_68500E\"><\/span><strong>Harley-Davidson CVO Road Glide Limited Aniversary Edition \u2013 68.500\u20ac<\/strong><span class=\"ez-toc-section-end\"><\/span><\/h3>\n\n\n\n<p>Los modelos <em>\u201cCustom Vehicle Operations\u201d<\/em><strong>son la m\u00e1xima expresi\u00f3n dentro del cat\u00e1logo de la legendaria firma Harley-Davidson<\/strong>. Una de las \u00faltimas motos en incluir la iniciales CVO en su nomenclatura ha sido la Road Glide, lo que conlleva que el m\u00edtico modelo de la firma de Milwaukee haya sido profundamente transformado y mejorado en m\u00faltiples aspectos por el equipo del CVO.<\/p>\n\n\n\n<p>Adem\u00e1s, esta moto se ha desarrollado con el objetivo de <strong>celebrar los 120 a\u00f1os que ha cumplido la \u201c<em>Motor Company<\/em><\/strong>\u201d y se va a fabricar en una edici\u00f3n limitada a 1.500 unidades. Est\u00e1 dotada de un bicil\u00edndrico en V a 45\u00b0 de 1923 cc que anuncia 105 CV. Como las dem\u00e1s Road Glide, se trata de una moto de estilo \u201c<em>bagger\u201d<\/em>, pero en su caso est\u00e1 <strong>dotada con una serie de detalles especiales<\/strong> como el equipo de m\u00fasica con cuatro altavoces y 100 W por canal, la enorme pantalla TFT de 165 mm y la decoraci\u00f3n muy compleja con varias capas y fileteados a mano denominada <em>Heirloom Red<\/em> (rojo reliquia). Con un precio a partir de 68.500\u20ac, se establece como la <strong>Harley-Davidson de serie m\u00e1s cara de la historia.&nbsp;&nbsp;&nbsp; &nbsp;&nbsp;&nbsp;&nbsp;&nbsp;<\/strong><\/p>\n\n\n\n<figure class=\"wp-block-image size-large\"><img loading=\"lazy\" decoding=\"async\" width=\"1024\" height=\"595\" src=\"https:\/\/bxrepsol.s3.eu-west-1.amazonaws.com\/static\/2023\/10\/26122917\/Foto-8-1024x595.jpg\" alt=\"Imagen de una foto Harley-Davidson CVO Road Glide Limited Aniversary Edition \" class=\"wp-image-106660\" srcset=\"https:\/\/bxrepsol.s3.eu-west-1.amazonaws.com\/static\/2023\/10\/26122917\/Foto-8-1024x595.jpg 1024w, https:\/\/bxrepsol.s3.eu-west-1.amazonaws.com\/static\/2023\/10\/26122917\/Foto-8-300x174.jpg 300w, https:\/\/bxrepsol.s3.eu-west-1.amazonaws.com\/static\/2023\/10\/26122917\/Foto-8-768x446.jpg 768w, https:\/\/bxrepsol.s3.eu-west-1.amazonaws.com\/static\/2023\/10\/26122917\/Foto-8.jpg 1518w\" sizes=\"auto, (max-width: 1024px) 100vw, 1024px\" \/><\/figure>\n\n\n\n<h3 class=\"wp-block-heading\"><span class=\"ez-toc-section\" id=\"Honda_RC213V-S_%E2%80%93_191000E\"><\/span><strong>Honda RC213V-S \u2013 191.000\u20ac<\/strong><span class=\"ez-toc-section-end\"><\/span><\/h3>\n\n\n\n<p>La marca del ala dorada quiso ir un paso m\u00e1s all\u00e1 de su <a href=\"https:\/\/www.boxrepsol.com\/es\/tecnologia\/honda-cbr-1000-rr-r-fireblade-sp-motos-deportivas-mundial\/\">CBR 1000 RR-R<\/a>, una superdeportiva sin concesiones, <strong>poniendo en el mercado una aut\u00e9ntica MotoGP<\/strong> que puede ser matriculada y, por tanto, se puede utilizar fuera de los circuitos. Se puso a la venta en 2016 a un precio de 191.000\u20ac, por lo que hasta ahora es, con diferencia, la <strong>Honda de venta al p\u00fablico m\u00e1s cara de todos los tiempos. <\/strong>En muchos aspectos es igual a la RC213V utilizada por el equipo Honda Repsol en MotoGP.<\/p>\n\n\n\n<p>De este modo, <strong>emplea un motor V4 a 90\u00b0 de 999 cc <\/strong>anclado a un robusto chasis de doble viga de aluminio. El basculante muy reforzado en su parte inferior, es una aut\u00e9ntica obra de arte. Anuncia 159 CV y 170 kg para la versi\u00f3n \u201cnormal\u201d, y 215 CV y 160 kg para una versi\u00f3n a\u00fan m\u00e1s especial provista de un kit HRC, que tiene un coste adicional de 13.000\u20ac. Est\u00e1 dotada de los mejores componentes de \u00d6hlins y Brembo, y a pesar de ser una moto pr\u00e1cticamente \u201cde carreras\u201d, posee arranque el\u00e9ctrico.<\/p>\n\n\n\n<figure class=\"wp-block-image size-large is-resized\"><img loading=\"lazy\" decoding=\"async\" width=\"1024\" height=\"548\" src=\"https:\/\/bxrepsol.s3.eu-west-1.amazonaws.com\/static\/2023\/10\/26122948\/Foto-9-4-1024x548.jpg\" alt=\"Imagen de una Honda RC213V-S\" class=\"wp-image-106662\" style=\"width:840px;height:449px\" srcset=\"https:\/\/bxrepsol.s3.eu-west-1.amazonaws.com\/static\/2023\/10\/26122948\/Foto-9-4-1024x548.jpg 1024w, https:\/\/bxrepsol.s3.eu-west-1.amazonaws.com\/static\/2023\/10\/26122948\/Foto-9-4-300x161.jpg 300w, https:\/\/bxrepsol.s3.eu-west-1.amazonaws.com\/static\/2023\/10\/26122948\/Foto-9-4-768x411.jpg 768w, https:\/\/bxrepsol.s3.eu-west-1.amazonaws.com\/static\/2023\/10\/26122948\/Foto-9-4-1536x822.jpg 1536w, https:\/\/bxrepsol.s3.eu-west-1.amazonaws.com\/static\/2023\/10\/26122948\/Foto-9-4-2048x1096.jpg 2048w\" sizes=\"auto, (max-width: 1024px) 100vw, 1024px\" \/><\/figure>\n\n\n\n<h3 class=\"wp-block-heading\"><span class=\"ez-toc-section\" id=\"Kawasaki_Ninja_H2_R_%E2%80%93_55000E\"><\/span><strong>Kawasaki Ninja H2 R \u2013 55.000\u20ac<\/strong><span class=\"ez-toc-section-end\"><\/span><\/h3>\n\n\n\n<p>Con 310 CV, la Ninja H2 R es con diferencia la <a href=\"https:\/\/www.boxrepsol.com\/es\/cultura-motera\/las-motos-mas-potentes-del-mercado\/\">moto m\u00e1s potente<\/a> entre las de producci\u00f3n en serie que se pueden comprar en un concesionario. Su motor de cuatro cilindros en l\u00ednea y 998 cc, est\u00e1 sobrealimentado por un compresor y, gracias a ello, <strong>Kawasaki asegura que puede superar los 340 km\/h<\/strong>. Sin embargo, en una prueba \u201coficial\u201d realizada por la propia marca lleg\u00f3 a superar los 400 km\/h, <strong>estableciendo con ello el r\u00e9cord de velocidad m\u00e1xima<\/strong> conseguida por una moto de producci\u00f3n en serie.<\/p>\n\n\n\n<p>Aunque es de venta al p\u00fablico, es una moto que carece de ciertos aditamentos necesarios para ser homologada y <strong>no se puede matricular<\/strong>. Por tanto, es un modelo que solo puede ser utilizado en circuito. Su precio est\u00e1 fijado en 55.000\u20ac.<\/p>\n\n\n\n<figure class=\"wp-block-image size-large is-resized\"><img loading=\"lazy\" decoding=\"async\" width=\"1024\" height=\"606\" src=\"https:\/\/bxrepsol.s3.eu-west-1.amazonaws.com\/static\/2023\/10\/26123020\/Foto-10-3-1024x606.jpg\" alt=\"Imagen de una Kawasaki Ninja H2 R\" class=\"wp-image-106664\" style=\"width:840px;height:497px\" srcset=\"https:\/\/bxrepsol.s3.eu-west-1.amazonaws.com\/static\/2023\/10\/26123020\/Foto-10-3-1024x606.jpg 1024w, https:\/\/bxrepsol.s3.eu-west-1.amazonaws.com\/static\/2023\/10\/26123020\/Foto-10-3-300x178.jpg 300w, https:\/\/bxrepsol.s3.eu-west-1.amazonaws.com\/static\/2023\/10\/26123020\/Foto-10-3-768x455.jpg 768w, https:\/\/bxrepsol.s3.eu-west-1.amazonaws.com\/static\/2023\/10\/26123020\/Foto-10-3-1536x909.jpg 1536w, https:\/\/bxrepsol.s3.eu-west-1.amazonaws.com\/static\/2023\/10\/26123020\/Foto-10-3.jpg 1600w\" sizes=\"auto, (max-width: 1024px) 100vw, 1024px\" \/><\/figure>\n\n\n\n<h3 class=\"wp-block-heading\"><span class=\"ez-toc-section\" id=\"KTM_Brabus_1300_R_%E2%80%93_42500E\"><\/span><strong>KTM Brabus 1300 R \u2013 42.500\u20ac<\/strong><span class=\"ez-toc-section-end\"><\/span><\/h3>\n\n\n\n<p>Esta moto est\u00e1 desarrollada por KTM en colaboraci\u00f3n con el preparador alem\u00e1n Brabus, especialista en modelos de Mercedes-Benz y tambi\u00e9n un reconocido fabricante de <a href=\"https:\/\/www.boxrepsol.com\/es\/tecnologia\/tipos-de-tubos-de-escape-para-motos\/\">sistemas de escape<\/a> deportivos, tanto para motos, como para coches. A partir de la KTM 1290 Super Duke R EVO de 180 CV, lo que diferencia a esta joya de dos ruedas es su colecci\u00f3n de <strong>detalles artesanales hechos a medida por Brabus<\/strong>. Entre ellos destacan las llantas de aluminio forjado \u201cmonobloque\u201d de 9 palos, el sistema de escape con dos silenciadores por el lado derecho, adem\u00e1s de distintos componentes fabricados en fibra de carbono o en aluminio mecanizado.<strong> Producida en una serie limitada de 144 unidades<\/strong>, todas se vendieron en un abrir y cerrar de ojos a un precio de 42 500\u20ac.<\/p>\n\n\n\n<figure class=\"wp-block-image size-large\"><img loading=\"lazy\" decoding=\"async\" width=\"1024\" height=\"619\" src=\"https:\/\/www.boxrepsol.com\/wp-content\/uploads\/2023\/10\/Foto-11-1024x619.jpeg\" alt=\"Imagen de una KTM Brabus 1300 R\" class=\"wp-image-106666\" srcset=\"https:\/\/www.boxrepsol.com\/wp-content\/uploads\/2023\/10\/Foto-11-1024x619.jpeg 1024w, https:\/\/www.boxrepsol.com\/wp-content\/uploads\/2023\/10\/Foto-11-300x181.jpeg 300w, https:\/\/www.boxrepsol.com\/wp-content\/uploads\/2023\/10\/Foto-11-768x464.jpeg 768w, https:\/\/www.boxrepsol.com\/wp-content\/uploads\/2023\/10\/Foto-11-1536x928.jpeg 1536w\" sizes=\"auto, (max-width: 1024px) 100vw, 1024px\" \/><\/figure>\n\n\n\n<h3 class=\"wp-block-heading\"><span class=\"ez-toc-section\" id=\"MTT_420_RR_Race_Ready_%E2%80%93_255000E\"><\/span><strong>MTT 420 RR (<em>Race Ready<\/em>) \u2013 255.000\u20ac<\/strong><span class=\"ez-toc-section-end\"><\/span><\/h3>\n\n\n\n<p>MTT (Marine Turbine Technologies) es una empresa de ingenier\u00eda y dise\u00f1o de Estados Unidos. Est\u00e1 especializada en adaptar motores de turbina o de reacci\u00f3n a distintos usos industriales, y tambi\u00e9n es capaz de desarrollar una moto tan impresionante como la MTT 420 RR. Est\u00e1 empujada por un <strong>motor de turbina Rolls-Royce Allison de helic\u00f3ptero<\/strong>, que anuncia 420 CV de potencia m\u00e1xima y que puede lanzarla hasta la incre\u00edble velocidad de 439 km\/h. Otros aspectos llamativos de esta moto es que solo tiene dos velocidades y que los 32 litros que caben en su dep\u00f3sito los consume en apenas 100 km. Adem\u00e1s, no se puede matricular y es conveniente hacer uso de ella en rectas muy largas. <strong>La MTT 420 RR es una moto que se fabrica de manera muy artesanal<\/strong> y su precio est\u00e1 fijado en \u00a1270.000 d\u00f3lares! (cerca de 255.000\u20ac).<\/p>\n\n\n\n<figure class=\"wp-block-image size-large\"><img loading=\"lazy\" decoding=\"async\" width=\"1024\" height=\"682\" src=\"https:\/\/bxrepsol.s3.eu-west-1.amazonaws.com\/static\/2023\/10\/26123121\/Foto-12-1-1024x682.jpg\" alt=\"Imagen de una MTT 420 RR (Race Ready)\" class=\"wp-image-106668\" srcset=\"https:\/\/bxrepsol.s3.eu-west-1.amazonaws.com\/static\/2023\/10\/26123121\/Foto-12-1-1024x682.jpg 1024w, https:\/\/bxrepsol.s3.eu-west-1.amazonaws.com\/static\/2023\/10\/26123121\/Foto-12-1-300x200.jpg 300w, https:\/\/bxrepsol.s3.eu-west-1.amazonaws.com\/static\/2023\/10\/26123121\/Foto-12-1-768x512.jpg 768w, https:\/\/bxrepsol.s3.eu-west-1.amazonaws.com\/static\/2023\/10\/26123121\/Foto-12-1.jpg 1201w\" sizes=\"auto, (max-width: 1024px) 100vw, 1024px\" \/><\/figure>\n\n\n\n<h3 class=\"wp-block-heading\"><span class=\"ez-toc-section\" id=\"MV_Agusta_Superveloce_1000_Serie_Oro_%E2%80%93_55000E\"><\/span><strong>MV Agusta Superveloce 1000 Serie Oro \u2013 55.000\u20ac<\/strong><span class=\"ez-toc-section-end\"><\/span><\/h3>\n\n\n\n<p>La categor\u00eda supersport neo-retro fue creada por MV Agusta con el lanzamiento de la Superveloce 800 Serie Oro en 2020. Partiendo de ese concepto, pero elev\u00e1ndolo a unas <strong>cotas m\u00e1s altas de exclusividad y rendimiento<\/strong>, en 2023 ha presentado la Superveloce 1000 Serie Oro, propulsada en su caso por un motor de cuatro cilindros en l\u00ednea que declara 208 CV de potencia m\u00e1xima.<\/p>\n\n\n\n<p>Est\u00e1 vestida con un carenado integral realizado en fibra de carbono, en cuyo frontal lleva acoplado un peque\u00f1o faro circular que es una de las principales se\u00f1as de identidad de la familia Superveloce. Adem\u00e1s del carenado de l\u00edneas cl\u00e1sicas, monta otras 40 piezas realizadas igualmente en fibra de carbono. El sistema escape, terminado en cuatro salidas elevadas, est\u00e1 realizado en ligero titanio, otro aspecto que contribuye a que el peso anunciado sea de solo 194 kg. <strong>La Superveloce 1000 Serie Oro anuncia una velocidad m\u00e1xima de 320 km\/h<\/strong> y su precio, a\u00fan por concretar, se especula que va a rondar los 55.000\u20ac.<\/p>\n\n\n\n<figure class=\"wp-block-image size-large\"><img loading=\"lazy\" decoding=\"async\" width=\"1024\" height=\"589\" src=\"https:\/\/bxrepsol.s3.eu-west-1.amazonaws.com\/static\/2023\/10\/26123156\/Foto-13-1024x589.jpeg\" alt=\"Imagen de una  moto MV Agusta Superveloce 1000 Serie Oro\" class=\"wp-image-106670\" srcset=\"https:\/\/bxrepsol.s3.eu-west-1.amazonaws.com\/static\/2023\/10\/26123156\/Foto-13-1024x589.jpeg 1024w, https:\/\/bxrepsol.s3.eu-west-1.amazonaws.com\/static\/2023\/10\/26123156\/Foto-13-300x173.jpeg 300w, https:\/\/bxrepsol.s3.eu-west-1.amazonaws.com\/static\/2023\/10\/26123156\/Foto-13-768x442.jpeg 768w, https:\/\/bxrepsol.s3.eu-west-1.amazonaws.com\/static\/2023\/10\/26123156\/Foto-13.jpeg 1200w\" sizes=\"auto, (max-width: 1024px) 100vw, 1024px\" \/><\/figure>\n\n\n\n<h3 class=\"wp-block-heading\"><span class=\"ez-toc-section\" id=\"SBAY_Flying_T_111_%E2%80%93_62000E\"><\/span><strong>SBAY Flying T 111 \u2013 62.000\u20ac<\/strong><span class=\"ez-toc-section-end\"><\/span><\/h3>\n\n\n\n<p>SBAY <em>Motor Company<\/em> es una <strong>marca espa\u00f1ola que dise\u00f1a y produce motos muy exclusivas<\/strong>. Con una trayectoria pr\u00f3xima a los 20 a\u00f1os, los modelos que fabrica est\u00e1n cada vez mejor elaborados. De hecho, nunca ha existido en Espa\u00f1a un fabricante que desarrolle motos de serie tan excepcionales como las que salen de sus instalaciones en C\u00e1diz. <strong>La Flying T111 se cataloga como una <em>cruiser<\/em> deportiva<\/strong> y destaca por sus m\u00faltiples componentes elaborados en aluminio mecanizado con maquinar\u00eda de alt\u00edsima precisi\u00f3n. La verdad es que el chasis o el basculante monobrazo, son aut\u00e9nticas obras de arte. Las distintas piezas de la carrocer\u00eda como aletas, dep\u00f3sito o asiento pueden ser de fibra de carbono, kevlar, fibra de vidrio, etc. Su motor bicil\u00edndrico en V es un S&amp;S de 1.819 cc que anuncia 107 CV a 6000 rpm. <strong>Es un modelo que se hace \u201ca la carta\u201d <\/strong>en cuanto a componentes y pintura, y su precio de partida comienza en 62.000\u20ac.<\/p>\n\n\n\n<figure class=\"wp-block-image size-large\"><img loading=\"lazy\" decoding=\"async\" width=\"1024\" height=\"579\" src=\"https:\/\/bxrepsol.s3.eu-west-1.amazonaws.com\/static\/2023\/10\/26123243\/Foto-14-2-1024x579.jpg\" alt=\"Imagen de una SBAY Flying T 111\" class=\"wp-image-106672\" srcset=\"https:\/\/bxrepsol.s3.eu-west-1.amazonaws.com\/static\/2023\/10\/26123243\/Foto-14-2-1024x579.jpg 1024w, https:\/\/bxrepsol.s3.eu-west-1.amazonaws.com\/static\/2023\/10\/26123243\/Foto-14-2-300x170.jpg 300w, https:\/\/bxrepsol.s3.eu-west-1.amazonaws.com\/static\/2023\/10\/26123243\/Foto-14-2-768x434.jpg 768w, https:\/\/bxrepsol.s3.eu-west-1.amazonaws.com\/static\/2023\/10\/26123243\/Foto-14-2-1536x869.jpg 1536w, https:\/\/bxrepsol.s3.eu-west-1.amazonaws.com\/static\/2023\/10\/26123243\/Foto-14-2-2048x1158.jpg 2048w\" sizes=\"auto, (max-width: 1024px) 100vw, 1024px\" \/><\/figure>\n\n\n\n<h2 class=\"wp-block-heading\"><span class=\"ez-toc-section\" id=\"%C2%BFCual_es_la_moto_mas_cara_del_mundo\"><\/span><strong>\u00bfCu\u00e1l es la moto m\u00e1s cara del mundo?<\/strong><span class=\"ez-toc-section-end\"><\/span><\/h2>\n\n\n\n<p>Tras repasar esta lista de motos que puedes encontrar en el mercado, podemos a\u00f1adir una <strong>lista de piezas \u00fanicas, de coleccionista<\/strong>, en las que el precio alcanza cotas realmente \u00fanicas.<\/p>\n\n\n\n<h3 class=\"wp-block-heading\"><span class=\"ez-toc-section\" id=\"Harley_Davidson_Cosmic_Starship\"><\/span><strong>Harley Davidson Cosmic Starship<\/strong><span class=\"ez-toc-section-end\"><\/span><\/h3>\n\n\n\n<p>Esta exclusiva versi\u00f3n de Harley Davidson se caracteriza por la pintura que le el artista Jack Armstrong realiz\u00f3 en 2009 en su dep\u00f3sito y otras partes lisas de la moto, como alrededor del faro o sobre las ruedas. <strong>Se vendi\u00f3 por 1,5M$ y actualmente se subasta por nada menos que 35M$, <\/strong>aunque no ha encontrado comprador. Es sin lugar a dudas una moto \u00fanica, creada sobre la base de la m\u00edtica <strong>Harley Davidson V-Rod<\/strong> que la marca de Milwaukee.<\/p>\n\n\n\n<h2 class=\"wp-block-heading\"><span class=\"ez-toc-section\" id=\"Ecosse_Spirit_ES1\"><\/span><strong>Ecosse Spirit ES1<\/strong><span class=\"ez-toc-section-end\"><\/span><\/h2>\n\n\n\n<p>Presentada en 2007 por Ecosse Motor Works con el objetivo de construir <strong>10 unidades en 2008 y llegar a fabricar 200 unidades<\/strong> al a\u00f1o a partir de 2009, se trataba de una moto dise\u00f1ada bajo la premisa de obtener la m\u00e1xima eficiencia aerodin\u00e1mica. Partiendo de un motor convencional de Suzuki GSX-R 1000, modificaron significativamente aspectos consolidados en el mundo de las dos ruedas como la posici\u00f3n del piloto, el dep\u00f3sito o las estriberas, para obtener una moto que alcanzase los 352 km\/h, o los 384 km\/h en su versi\u00f3n con un motor preparado para alcanzar los 210CV. \u00bfSu precio<strong>? Cerca de 3 millones y medio de d\u00f3lares.<\/strong><\/p>\n\n\n\n<h2 class=\"wp-block-heading\"><span class=\"ez-toc-section\" id=\"Dodge_Tomahawk\"><\/span><strong>Dodge Tomahawk<\/strong><span class=\"ez-toc-section-end\"><\/span><\/h2>\n\n\n\n<p>Cuando el fabricante de autom\u00f3viles present\u00f3 la Tomahawk en el sal\u00f3n de Detroit de 2003, qued\u00f3 claro que era una m\u00e1quina totalmente \u00fanica. Por posici\u00f3n de conducci\u00f3n y manillar, se puede decir que es una moto, pero poco m\u00e1s. <strong>Es m\u00e1s bien un motor al que le han puesto cuatro ruedas<\/strong> (dos delante y dos detr\u00e1s, muy juntas). \u00a1Y qu\u00e9 motor! Nada menos que un V-10 de 500CV del Dodge Viper RT\/10 2003. El resultado fue una enorme moto, de 260 cent\u00edmetros de largo, 93 de ancho y pesa 680 kilos, pero en absoluto dise\u00f1ada para conducirse. Fue un ejercicio de dise\u00f1o de la marca americana, del que <strong>se construyeron nueve unidades a un precio de medio mill\u00f3n de euros.<\/strong><\/p>\n\n\n\n<h2 class=\"wp-block-heading\"><span class=\"ez-toc-section\" id=\"Lazareth_LM_847\"><\/span><strong>Lazareth LM 847<\/strong><span class=\"ez-toc-section-end\"><\/span><\/h2>\n\n\n\n<p>En 2006, Ludovic Lazareth present\u00f3 una <strong>moto con el motor de un Maserati Gran Turismo de 470 CV.<\/strong> Un ejercicio similar al de Dodge con su Tomahawk, en el que el enorme motor de coche hace de chasis al que se le han instalado dos basculantes monobrazo tanto delante como en el eje trasero, con una transmisi\u00f3n autom\u00e1tica hidr\u00e1ulica de una sola velocidad, para transmitir su potencia por dos cadenas a sus dos ruedas. Se comercializ\u00f3 por unos 260.000\u20ac.<\/p>\n","protected":false},"excerpt":{"rendered":"<p>Sin lugar a dudas, la expresi\u00f3n \u201cesa moto vale m\u00e1s que un coche\u201d es muy espa\u00f1ola. Pero si profundizamos en el mercado de las dos ruedas, podemos encontrar motos que no solo cuestan m\u00e1s que un coche, sino que valen m\u00e1s que dos o tres, e incluso m\u00e1s. Por supuesto, todas son motos realmente exclusivas, [&hellip;]<\/p>\n","protected":false},"author":41267,"featured_media":106646,"comment_status":"open","ping_status":"open","sticky":false,"template":"","format":"standard","meta":{"footnotes":""},"categories":[160],"tags":[584,382],"class_list":["post-106645","post","type-post","status-publish","format-standard","hentry","category-cultura-motera","tag-legado","tag-reviews-de-motos"],"yoast_head":"<!-- This site is optimized with the Yoast SEO plugin v27.3 - https:\/\/yoast.com\/product\/yoast-seo-wordpress\/ -->\n<title>\u00bfCu\u00e1les son las motos m\u00e1s caras del mundo? - Box Repsol<\/title>\n<meta name=\"description\" content=\"Descubre cu\u00e1les son las motos m\u00e1s caras del mundo. Las motos m\u00e1s fascinantes del mercado que seguro no te dejar\u00e1n indiferente. \u00a1Lujo sobre dos ruedas!\" \/>\n<link rel=\"canonical\" href=\"https:\/\/www.boxrepsol.com\/es\/cultura-motera\/cuales-son-las-motos-mas-caras\/\" \/>\n<meta property=\"og:locale\" content=\"es_ES\" \/>\n<meta property=\"og:type\" content=\"article\" \/>\n<meta property=\"og:title\" content=\"\u00bfCu\u00e1les son las motos m\u00e1s caras del mundo? - Box Repsol\" \/>\n<meta property=\"og:description\" content=\"Descubre cu\u00e1les son las motos m\u00e1s caras del mundo. Las motos m\u00e1s fascinantes del mercado que seguro no te dejar\u00e1n indiferente. \u00a1Lujo sobre dos ruedas!\" \/>\n<meta property=\"og:url\" content=\"https:\/\/www.boxrepsol.com\/es\/cultura-motera\/cuales-son-las-motos-mas-caras\/\" \/>\n<meta property=\"og:site_name\" content=\"Box Repsol\" \/>\n<meta property=\"article:publisher\" content=\"https:\/\/www.facebook.com\/BoxRepsol\" \/>\n<meta property=\"article:published_time\" content=\"2023-10-26T15:12:08+00:00\" \/>\n<meta property=\"article:modified_time\" content=\"2025-06-26T10:01:34+00:00\" \/>\n<meta property=\"og:image\" content=\"https:\/\/bxrepsol.s3.eu-west-1.amazonaws.com\/static\/2023\/10\/26122036\/Foto-1-aperturaweb.png\" \/>\n\t<meta property=\"og:image:width\" content=\"1280\" \/>\n\t<meta property=\"og:image:height\" content=\"600\" \/>\n\t<meta property=\"og:image:type\" content=\"image\/png\" \/>\n<meta name=\"author\" content=\"V\u00edctor Gancedo\" \/>\n<meta name=\"twitter:card\" content=\"summary_large_image\" \/>\n<meta name=\"twitter:creator\" content=\"@box_repsol\" \/>\n<meta name=\"twitter:site\" content=\"@box_repsol\" \/>\n<meta name=\"twitter:label1\" content=\"Written by\" \/>\n\t<meta name=\"twitter:data1\" content=\"V\u00edctor Gancedo\" \/>\n\t<meta name=\"twitter:label2\" content=\"Est. reading time\" \/>\n\t<meta name=\"twitter:data2\" content=\"13 minutos\" \/>\n<script type=\"application\/ld+json\" class=\"yoast-schema-graph\">{\"@context\":\"https:\\\/\\\/schema.org\",\"@graph\":[{\"@type\":\"Article\",\"@id\":\"https:\\\/\\\/www.boxrepsol.com\\\/es\\\/cultura-motera\\\/cuales-son-las-motos-mas-caras\\\/#article\",\"isPartOf\":{\"@id\":\"https:\\\/\\\/www.boxrepsol.com\\\/es\\\/cultura-motera\\\/cuales-son-las-motos-mas-caras\\\/\"},\"author\":{\"name\":\"V\u00edctor Gancedo\",\"@id\":\"https:\\\/\\\/www.boxrepsol.com\\\/es\\\/#\\\/schema\\\/person\\\/40c28bf318bbbe8fe3848b194b7385ca\"},\"headline\":\"Cu\u00e1les son las motos m\u00e1s caras del mundo\",\"datePublished\":\"2023-10-26T15:12:08+00:00\",\"dateModified\":\"2025-06-26T10:01:34+00:00\",\"mainEntityOfPage\":{\"@id\":\"https:\\\/\\\/www.boxrepsol.com\\\/es\\\/cultura-motera\\\/cuales-son-las-motos-mas-caras\\\/\"},\"wordCount\":2686,\"commentCount\":8,\"publisher\":{\"@id\":\"https:\\\/\\\/www.boxrepsol.com\\\/es\\\/#organization\"},\"image\":{\"@id\":\"https:\\\/\\\/www.boxrepsol.com\\\/es\\\/cultura-motera\\\/cuales-son-las-motos-mas-caras\\\/#primaryimage\"},\"thumbnailUrl\":\"https:\\\/\\\/bxrepsol.s3.eu-west-1.amazonaws.com\\\/static\\\/2023\\\/10\\\/26122036\\\/Foto-1-aperturaweb.png\",\"keywords\":[\"legado\",\"Reviews de motos\"],\"articleSection\":[\"Cultura Motera\"],\"inLanguage\":\"es\",\"potentialAction\":[{\"@type\":\"CommentAction\",\"name\":\"Comment\",\"target\":[\"https:\\\/\\\/www.boxrepsol.com\\\/es\\\/cultura-motera\\\/cuales-son-las-motos-mas-caras\\\/#respond\"]}]},{\"@type\":\"WebPage\",\"@id\":\"https:\\\/\\\/www.boxrepsol.com\\\/es\\\/cultura-motera\\\/cuales-son-las-motos-mas-caras\\\/\",\"url\":\"https:\\\/\\\/www.boxrepsol.com\\\/es\\\/cultura-motera\\\/cuales-son-las-motos-mas-caras\\\/\",\"name\":\"\u00bfCu\u00e1les son las motos m\u00e1s caras del mundo? - Box Repsol\",\"isPartOf\":{\"@id\":\"https:\\\/\\\/www.boxrepsol.com\\\/es\\\/#website\"},\"primaryImageOfPage\":{\"@id\":\"https:\\\/\\\/www.boxrepsol.com\\\/es\\\/cultura-motera\\\/cuales-son-las-motos-mas-caras\\\/#primaryimage\"},\"image\":{\"@id\":\"https:\\\/\\\/www.boxrepsol.com\\\/es\\\/cultura-motera\\\/cuales-son-las-motos-mas-caras\\\/#primaryimage\"},\"thumbnailUrl\":\"https:\\\/\\\/bxrepsol.s3.eu-west-1.amazonaws.com\\\/static\\\/2023\\\/10\\\/26122036\\\/Foto-1-aperturaweb.png\",\"datePublished\":\"2023-10-26T15:12:08+00:00\",\"dateModified\":\"2025-06-26T10:01:34+00:00\",\"description\":\"Descubre cu\u00e1les son las motos m\u00e1s caras del mundo. Las motos m\u00e1s fascinantes del mercado que seguro no te dejar\u00e1n indiferente. \u00a1Lujo sobre dos ruedas!\",\"breadcrumb\":{\"@id\":\"https:\\\/\\\/www.boxrepsol.com\\\/es\\\/cultura-motera\\\/cuales-son-las-motos-mas-caras\\\/#breadcrumb\"},\"inLanguage\":\"es\",\"potentialAction\":[{\"@type\":\"ReadAction\",\"target\":[\"https:\\\/\\\/www.boxrepsol.com\\\/es\\\/cultura-motera\\\/cuales-son-las-motos-mas-caras\\\/\"]}]},{\"@type\":\"ImageObject\",\"inLanguage\":\"es\",\"@id\":\"https:\\\/\\\/www.boxrepsol.com\\\/es\\\/cultura-motera\\\/cuales-son-las-motos-mas-caras\\\/#primaryimage\",\"url\":\"https:\\\/\\\/bxrepsol.s3.eu-west-1.amazonaws.com\\\/static\\\/2023\\\/10\\\/26122036\\\/Foto-1-aperturaweb.png\",\"contentUrl\":\"https:\\\/\\\/bxrepsol.s3.eu-west-1.amazonaws.com\\\/static\\\/2023\\\/10\\\/26122036\\\/Foto-1-aperturaweb.png\",\"width\":1280,\"height\":600,\"caption\":\"Moto Honda\"},{\"@type\":\"BreadcrumbList\",\"@id\":\"https:\\\/\\\/www.boxrepsol.com\\\/es\\\/cultura-motera\\\/cuales-son-las-motos-mas-caras\\\/#breadcrumb\",\"itemListElement\":[{\"@type\":\"ListItem\",\"position\":1,\"name\":\"Home\",\"item\":\"https:\\\/\\\/www.boxrepsol.com\\\/es\\\/\"},{\"@type\":\"ListItem\",\"position\":2,\"name\":\"Cu\u00e1les son las motos m\u00e1s caras del mundo\"}]},{\"@type\":\"WebSite\",\"@id\":\"https:\\\/\\\/www.boxrepsol.com\\\/es\\\/#website\",\"url\":\"https:\\\/\\\/www.boxrepsol.com\\\/es\\\/\",\"name\":\"Box Repsol\",\"description\":\"Box Repsol Site\",\"publisher\":{\"@id\":\"https:\\\/\\\/www.boxrepsol.com\\\/es\\\/#organization\"},\"potentialAction\":[{\"@type\":\"SearchAction\",\"target\":{\"@type\":\"EntryPoint\",\"urlTemplate\":\"https:\\\/\\\/www.boxrepsol.com\\\/es\\\/?s={search_term_string}\"},\"query-input\":{\"@type\":\"PropertyValueSpecification\",\"valueRequired\":true,\"valueName\":\"search_term_string\"}}],\"inLanguage\":\"es\"},{\"@type\":\"Organization\",\"@id\":\"https:\\\/\\\/www.boxrepsol.com\\\/es\\\/#organization\",\"name\":\"Box Repsol\",\"url\":\"https:\\\/\\\/www.boxrepsol.com\\\/es\\\/\",\"logo\":{\"@type\":\"ImageObject\",\"inLanguage\":\"es\",\"@id\":\"https:\\\/\\\/www.boxrepsol.com\\\/es\\\/#\\\/schema\\\/logo\\\/image\\\/\",\"url\":\"https:\\\/\\\/bxrepsol.s3.eu-west-1.amazonaws.com\\\/static\\\/2025\\\/07\\\/30083337\\\/favicon-96x96-1.png\",\"contentUrl\":\"https:\\\/\\\/bxrepsol.s3.eu-west-1.amazonaws.com\\\/static\\\/2025\\\/07\\\/30083337\\\/favicon-96x96-1.png\",\"width\":96,\"height\":96,\"caption\":\"Box Repsol\"},\"image\":{\"@id\":\"https:\\\/\\\/www.boxrepsol.com\\\/es\\\/#\\\/schema\\\/logo\\\/image\\\/\"},\"sameAs\":[\"https:\\\/\\\/www.facebook.com\\\/BoxRepsol\",\"https:\\\/\\\/x.com\\\/box_repsol\",\"http:\\\/\\\/instagram.com\\\/box_repsol\",\"https:\\\/\\\/www.youtube.com\\\/user\\\/RepsolCompeticion\",\"https:\\\/\\\/www.flickr.com\\\/photos\\\/box_repsol\\\/\"]},{\"@type\":\"Person\",\"@id\":\"https:\\\/\\\/www.boxrepsol.com\\\/es\\\/#\\\/schema\\\/person\\\/40c28bf318bbbe8fe3848b194b7385ca\",\"name\":\"V\u00edctor Gancedo\",\"image\":{\"@type\":\"ImageObject\",\"inLanguage\":\"es\",\"@id\":\"https:\\\/\\\/secure.gravatar.com\\\/avatar\\\/cd1439a66fca5d3425cd2a7b13f32cd43e25022a0436c1235ef2a28e14fa660a?s=96&d=mm&r=g\",\"url\":\"https:\\\/\\\/secure.gravatar.com\\\/avatar\\\/cd1439a66fca5d3425cd2a7b13f32cd43e25022a0436c1235ef2a28e14fa660a?s=96&d=mm&r=g\",\"contentUrl\":\"https:\\\/\\\/secure.gravatar.com\\\/avatar\\\/cd1439a66fca5d3425cd2a7b13f32cd43e25022a0436c1235ef2a28e14fa660a?s=96&d=mm&r=g\",\"caption\":\"V\u00edctor Gancedo\"},\"description\":\"Periodista especializado en el mundo de las motos, V\u00edctor ha probado pr\u00e1cticamente todas las que han salido al mercado desde 1990. En su larga trayectoria, ha desempe\u00f1ado cargos como los de Jefe de Pruebas de la revista Motociclismo o Responsable de Pruebas del \u00c1rea de Motos del Grupo Motorpress-Ib\u00e9rica, hoy llamado Sport Life Ib\u00e9rica, al cual sigue vinculado.\",\"sameAs\":[\"https:\\\/\\\/www.instagram.com\\\/vfgancedo\"],\"url\":\"https:\\\/\\\/www.boxrepsol.com\\\/es\\\/author\\\/victor_gancedo\\\/\"}]}<\/script>\n<!-- \/ Yoast SEO plugin. -->","yoast_head_json":{"title":"\u00bfCu\u00e1les son las motos m\u00e1s caras del mundo? - Box Repsol","description":"Descubre cu\u00e1les son las motos m\u00e1s caras del mundo. Las motos m\u00e1s fascinantes del mercado que seguro no te dejar\u00e1n indiferente. \u00a1Lujo sobre dos ruedas!","canonical":"https:\/\/www.boxrepsol.com\/es\/cultura-motera\/cuales-son-las-motos-mas-caras\/","og_locale":"es_ES","og_type":"article","og_title":"\u00bfCu\u00e1les son las motos m\u00e1s caras del mundo? - Box Repsol","og_description":"Descubre cu\u00e1les son las motos m\u00e1s caras del mundo. Las motos m\u00e1s fascinantes del mercado que seguro no te dejar\u00e1n indiferente. \u00a1Lujo sobre dos ruedas!","og_url":"https:\/\/www.boxrepsol.com\/es\/cultura-motera\/cuales-son-las-motos-mas-caras\/","og_site_name":"Box Repsol","article_publisher":"https:\/\/www.facebook.com\/BoxRepsol","article_published_time":"2023-10-26T15:12:08+00:00","article_modified_time":"2025-06-26T10:01:34+00:00","og_image":[{"width":1280,"height":600,"url":"https:\/\/bxrepsol.s3.eu-west-1.amazonaws.com\/static\/2023\/10\/26122036\/Foto-1-aperturaweb.png","type":"image\/png"}],"author":"V\u00edctor Gancedo","twitter_card":"summary_large_image","twitter_creator":"@box_repsol","twitter_site":"@box_repsol","twitter_misc":{"Written by":"V\u00edctor Gancedo","Est. reading time":"13 minutos"},"schema":{"@context":"https:\/\/schema.org","@graph":[{"@type":"Article","@id":"https:\/\/www.boxrepsol.com\/es\/cultura-motera\/cuales-son-las-motos-mas-caras\/#article","isPartOf":{"@id":"https:\/\/www.boxrepsol.com\/es\/cultura-motera\/cuales-son-las-motos-mas-caras\/"},"author":{"name":"V\u00edctor Gancedo","@id":"https:\/\/www.boxrepsol.com\/es\/#\/schema\/person\/40c28bf318bbbe8fe3848b194b7385ca"},"headline":"Cu\u00e1les son las motos m\u00e1s caras del mundo","datePublished":"2023-10-26T15:12:08+00:00","dateModified":"2025-06-26T10:01:34+00:00","mainEntityOfPage":{"@id":"https:\/\/www.boxrepsol.com\/es\/cultura-motera\/cuales-son-las-motos-mas-caras\/"},"wordCount":2686,"commentCount":8,"publisher":{"@id":"https:\/\/www.boxrepsol.com\/es\/#organization"},"image":{"@id":"https:\/\/www.boxrepsol.com\/es\/cultura-motera\/cuales-son-las-motos-mas-caras\/#primaryimage"},"thumbnailUrl":"https:\/\/bxrepsol.s3.eu-west-1.amazonaws.com\/static\/2023\/10\/26122036\/Foto-1-aperturaweb.png","keywords":["legado","Reviews de motos"],"articleSection":["Cultura Motera"],"inLanguage":"es","potentialAction":[{"@type":"CommentAction","name":"Comment","target":["https:\/\/www.boxrepsol.com\/es\/cultura-motera\/cuales-son-las-motos-mas-caras\/#respond"]}]},{"@type":"WebPage","@id":"https:\/\/www.boxrepsol.com\/es\/cultura-motera\/cuales-son-las-motos-mas-caras\/","url":"https:\/\/www.boxrepsol.com\/es\/cultura-motera\/cuales-son-las-motos-mas-caras\/","name":"\u00bfCu\u00e1les son las motos m\u00e1s caras del mundo? - Box Repsol","isPartOf":{"@id":"https:\/\/www.boxrepsol.com\/es\/#website"},"primaryImageOfPage":{"@id":"https:\/\/www.boxrepsol.com\/es\/cultura-motera\/cuales-son-las-motos-mas-caras\/#primaryimage"},"image":{"@id":"https:\/\/www.boxrepsol.com\/es\/cultura-motera\/cuales-son-las-motos-mas-caras\/#primaryimage"},"thumbnailUrl":"https:\/\/bxrepsol.s3.eu-west-1.amazonaws.com\/static\/2023\/10\/26122036\/Foto-1-aperturaweb.png","datePublished":"2023-10-26T15:12:08+00:00","dateModified":"2025-06-26T10:01:34+00:00","description":"Descubre cu\u00e1les son las motos m\u00e1s caras del mundo. Las motos m\u00e1s fascinantes del mercado que seguro no te dejar\u00e1n indiferente. \u00a1Lujo sobre dos ruedas!","breadcrumb":{"@id":"https:\/\/www.boxrepsol.com\/es\/cultura-motera\/cuales-son-las-motos-mas-caras\/#breadcrumb"},"inLanguage":"es","potentialAction":[{"@type":"ReadAction","target":["https:\/\/www.boxrepsol.com\/es\/cultura-motera\/cuales-son-las-motos-mas-caras\/"]}]},{"@type":"ImageObject","inLanguage":"es","@id":"https:\/\/www.boxrepsol.com\/es\/cultura-motera\/cuales-son-las-motos-mas-caras\/#primaryimage","url":"https:\/\/bxrepsol.s3.eu-west-1.amazonaws.com\/static\/2023\/10\/26122036\/Foto-1-aperturaweb.png","contentUrl":"https:\/\/bxrepsol.s3.eu-west-1.amazonaws.com\/static\/2023\/10\/26122036\/Foto-1-aperturaweb.png","width":1280,"height":600,"caption":"Moto Honda"},{"@type":"BreadcrumbList","@id":"https:\/\/www.boxrepsol.com\/es\/cultura-motera\/cuales-son-las-motos-mas-caras\/#breadcrumb","itemListElement":[{"@type":"ListItem","position":1,"name":"Home","item":"https:\/\/www.boxrepsol.com\/es\/"},{"@type":"ListItem","position":2,"name":"Cu\u00e1les son las motos m\u00e1s caras del mundo"}]},{"@type":"WebSite","@id":"https:\/\/www.boxrepsol.com\/es\/#website","url":"https:\/\/www.boxrepsol.com\/es\/","name":"Box Repsol","description":"Box Repsol Site","publisher":{"@id":"https:\/\/www.boxrepsol.com\/es\/#organization"},"potentialAction":[{"@type":"SearchAction","target":{"@type":"EntryPoint","urlTemplate":"https:\/\/www.boxrepsol.com\/es\/?s={search_term_string}"},"query-input":{"@type":"PropertyValueSpecification","valueRequired":true,"valueName":"search_term_string"}}],"inLanguage":"es"},{"@type":"Organization","@id":"https:\/\/www.boxrepsol.com\/es\/#organization","name":"Box Repsol","url":"https:\/\/www.boxrepsol.com\/es\/","logo":{"@type":"ImageObject","inLanguage":"es","@id":"https:\/\/www.boxrepsol.com\/es\/#\/schema\/logo\/image\/","url":"https:\/\/bxrepsol.s3.eu-west-1.amazonaws.com\/static\/2025\/07\/30083337\/favicon-96x96-1.png","contentUrl":"https:\/\/bxrepsol.s3.eu-west-1.amazonaws.com\/static\/2025\/07\/30083337\/favicon-96x96-1.png","width":96,"height":96,"caption":"Box Repsol"},"image":{"@id":"https:\/\/www.boxrepsol.com\/es\/#\/schema\/logo\/image\/"},"sameAs":["https:\/\/www.facebook.com\/BoxRepsol","https:\/\/x.com\/box_repsol","http:\/\/instagram.com\/box_repsol","https:\/\/www.youtube.com\/user\/RepsolCompeticion","https:\/\/www.flickr.com\/photos\/box_repsol\/"]},{"@type":"Person","@id":"https:\/\/www.boxrepsol.com\/es\/#\/schema\/person\/40c28bf318bbbe8fe3848b194b7385ca","name":"V\u00edctor Gancedo","image":{"@type":"ImageObject","inLanguage":"es","@id":"https:\/\/secure.gravatar.com\/avatar\/cd1439a66fca5d3425cd2a7b13f32cd43e25022a0436c1235ef2a28e14fa660a?s=96&d=mm&r=g","url":"https:\/\/secure.gravatar.com\/avatar\/cd1439a66fca5d3425cd2a7b13f32cd43e25022a0436c1235ef2a28e14fa660a?s=96&d=mm&r=g","contentUrl":"https:\/\/secure.gravatar.com\/avatar\/cd1439a66fca5d3425cd2a7b13f32cd43e25022a0436c1235ef2a28e14fa660a?s=96&d=mm&r=g","caption":"V\u00edctor Gancedo"},"description":"Periodista especializado en el mundo de las motos, V\u00edctor ha probado pr\u00e1cticamente todas las que han salido al mercado desde 1990. En su larga trayectoria, ha desempe\u00f1ado cargos como los de Jefe de Pruebas de la revista Motociclismo o Responsable de Pruebas del \u00c1rea de Motos del Grupo Motorpress-Ib\u00e9rica, hoy llamado Sport Life Ib\u00e9rica, al cual sigue vinculado.","sameAs":["https:\/\/www.instagram.com\/vfgancedo"],"url":"https:\/\/www.boxrepsol.com\/es\/author\/victor_gancedo\/"}]}},"_links":{"self":[{"href":"https:\/\/www.boxrepsol.com\/es\/wp-json\/wp\/v2\/posts\/106645","targetHints":{"allow":["GET"]}}],"collection":[{"href":"https:\/\/www.boxrepsol.com\/es\/wp-json\/wp\/v2\/posts"}],"about":[{"href":"https:\/\/www.boxrepsol.com\/es\/wp-json\/wp\/v2\/types\/post"}],"author":[{"embeddable":true,"href":"https:\/\/www.boxrepsol.com\/es\/wp-json\/wp\/v2\/users\/41267"}],"replies":[{"embeddable":true,"href":"https:\/\/www.boxrepsol.com\/es\/wp-json\/wp\/v2\/comments?post=106645"}],"version-history":[{"count":3,"href":"https:\/\/www.boxrepsol.com\/es\/wp-json\/wp\/v2\/posts\/106645\/revisions"}],"predecessor-version":[{"id":114254,"href":"https:\/\/www.boxrepsol.com\/es\/wp-json\/wp\/v2\/posts\/106645\/revisions\/114254"}],"wp:featuredmedia":[{"embeddable":true,"href":"https:\/\/www.boxrepsol.com\/es\/wp-json\/wp\/v2\/media\/106646"}],"wp:attachment":[{"href":"https:\/\/www.boxrepsol.com\/es\/wp-json\/wp\/v2\/media?parent=106645"}],"wp:term":[{"taxonomy":"category","embeddable":true,"href":"https:\/\/www.boxrepsol.com\/es\/wp-json\/wp\/v2\/categories?post=106645"},{"taxonomy":"post_tag","embeddable":true,"href":"https:\/\/www.boxrepsol.com\/es\/wp-json\/wp\/v2\/tags?post=106645"}],"curies":[{"name":"wp","href":"https:\/\/api.w.org\/{rel}","templated":true}]}}