{"id":106514,"date":"2023-10-20T22:50:51","date_gmt":"2023-10-21T00:50:51","guid":{"rendered":"https:\/\/www.boxrepsol.com\/?p=106514"},"modified":"2024-04-08T06:31:27","modified_gmt":"2024-04-08T08:31:27","slug":"resultados-de-la-clasificacion-del-gp-de-australia-de-motogp","status":"publish","type":"post","link":"https:\/\/www.boxrepsol.com\/es\/motogp\/resultados-de-la-clasificacion-del-gp-de-australia-de-motogp\/","title":{"rendered":"Resultados de la clasificaci\u00f3n del GP de Australia de MotoGP"},"content":{"rendered":"<figure class=\"wp-block-post-featured-image\"><img loading=\"lazy\" decoding=\"async\" width=\"2560\" height=\"1200\" src=\"https:\/\/bxrepsol.s3.eu-west-1.amazonaws.com\/static\/2023\/10\/20222312\/2023_AUSTRALIANGP_FRIDAY__DSC2791-scaled-1.jpg\" class=\"attachment-post-thumbnail size-post-thumbnail wp-post-image\" alt=\"\" style=\"object-fit:cover;\" srcset=\"https:\/\/bxrepsol.s3.eu-west-1.amazonaws.com\/static\/2023\/10\/20222312\/2023_AUSTRALIANGP_FRIDAY__DSC2791-scaled-1.jpg 2560w, https:\/\/bxrepsol.s3.eu-west-1.amazonaws.com\/static\/2023\/10\/20222312\/2023_AUSTRALIANGP_FRIDAY__DSC2791-scaled-1-300x141.jpg 300w, https:\/\/bxrepsol.s3.eu-west-1.amazonaws.com\/static\/2023\/10\/20222312\/2023_AUSTRALIANGP_FRIDAY__DSC2791-scaled-1-1024x480.jpg 1024w, https:\/\/bxrepsol.s3.eu-west-1.amazonaws.com\/static\/2023\/10\/20222312\/2023_AUSTRALIANGP_FRIDAY__DSC2791-scaled-1-768x360.jpg 768w, https:\/\/bxrepsol.s3.eu-west-1.amazonaws.com\/static\/2023\/10\/20222312\/2023_AUSTRALIANGP_FRIDAY__DSC2791-scaled-1-1536x720.jpg 1536w, https:\/\/bxrepsol.s3.eu-west-1.amazonaws.com\/static\/2023\/10\/20222312\/2023_AUSTRALIANGP_FRIDAY__DSC2791-scaled-1-2048x960.jpg 2048w\" sizes=\"auto, (max-width: 2560px) 100vw, 2560px\" \/><\/figure>\n\n\n<h2 class=\"wp-block-heading\"><span class=\"ez-toc-section\" id=\"Pole_y_record_de_Jorge_Martin_en_Phillip_Island\"><\/span>Pole y r\u00e9cord de Jorge Mart\u00edn en Phillip Island<span class=\"ez-toc-section-end\"><\/span><\/h2>\n\n\n\n<p>La segunda jornada de entrenamientos en Phillip Island ha decidido la parrilla de salida para la carrera, que se adelanta a la jornada de hoy, y la sprint que tendr\u00e1 lugar ma\u00f1ana. El piloto m\u00e1s r\u00e1pido de la Q2 ha sido Jorge Mart\u00edn, que ha marcado un crono de 1 minuto, 27 segundos y 246 mil\u00e9simas, pulverizando el r\u00e9cord de la pista en mas de medio segundo. El espa\u00f1ol compartir\u00e1 primera fila con Brad Binder y el l\u00edder del Mundial, Pecco Bagnaia.<\/p>\n\n\n\n<p><strong><div id=\"ez-toc-container\" class=\"ez-toc-v2_0_82_2 counter-hierarchy ez-toc-counter ez-toc-grey ez-toc-container-direction\">\n<div class=\"ez-toc-title-container\">\n<p class=\"ez-toc-title\" style=\"cursor:inherit\">\u00cdndice<\/p>\n<span class=\"ez-toc-title-toggle\"><a href=\"#\" class=\"ez-toc-pull-right ez-toc-btn ez-toc-btn-xs ez-toc-btn-default ez-toc-toggle\" aria-label=\"Toggle Table of Content\"><span class=\"ez-toc-js-icon-con\"><span class=\"\"><span class=\"eztoc-hide\" style=\"display:none;\">Toggle<\/span><span class=\"ez-toc-icon-toggle-span\"><svg style=\"fill: #999;color:#999\" xmlns=\"http:\/\/www.w3.org\/2000\/svg\" class=\"list-377408\" width=\"20px\" height=\"20px\" viewBox=\"0 0 24 24\" fill=\"none\"><path d=\"M6 6H4v2h2V6zm14 0H8v2h12V6zM4 11h2v2H4v-2zm16 0H8v2h12v-2zM4 16h2v2H4v-2zm16 0H8v2h12v-2z\" fill=\"currentColor\"><\/path><\/svg><svg style=\"fill: #999;color:#999\" class=\"arrow-unsorted-368013\" xmlns=\"http:\/\/www.w3.org\/2000\/svg\" width=\"10px\" height=\"10px\" viewBox=\"0 0 24 24\" version=\"1.2\" baseProfile=\"tiny\"><path d=\"M18.2 9.3l-6.2-6.3-6.2 6.3c-.2.2-.3.4-.3.7s.1.5.3.7c.2.2.4.3.7.3h11c.3 0 .5-.1.7-.3.2-.2.3-.5.3-.7s-.1-.5-.3-.7zM5.8 14.7l6.2 6.3 6.2-6.3c.2-.2.3-.5.3-.7s-.1-.5-.3-.7c-.2-.2-.4-.3-.7-.3h-11c-.3 0-.5.1-.7.3-.2.2-.3.5-.3.7s.1.5.3.7z\"\/><\/svg><\/span><\/span><\/span><\/a><\/span><\/div>\n<nav><ul class='ez-toc-list ez-toc-list-level-1 ' ><li class='ez-toc-page-1 ez-toc-heading-level-2'><a class=\"ez-toc-link ez-toc-heading-1\" href=\"https:\/\/www.boxrepsol.com\/es\/motogp\/resultados-de-la-clasificacion-del-gp-de-australia-de-motogp\/#Pole_y_record_de_Jorge_Martin_en_Phillip_Island\" >Pole y r\u00e9cord de Jorge Mart\u00edn en Phillip Island<\/a><\/li><li class='ez-toc-page-1 ez-toc-heading-level-2'><a class=\"ez-toc-link ez-toc-heading-2\" href=\"https:\/\/www.boxrepsol.com\/es\/motogp\/resultados-de-la-clasificacion-del-gp-de-australia-de-motogp\/#Paso_adelante_de_Marc_Marquez_y_Joan_Mir\" >Paso adelante de Marc M\u00e1rquez y Joan Mir<\/a><\/li><li class='ez-toc-page-1 ez-toc-heading-level-2'><a class=\"ez-toc-link ez-toc-heading-3\" href=\"https:\/\/www.boxrepsol.com\/es\/motogp\/resultados-de-la-clasificacion-del-gp-de-australia-de-motogp\/#Clasificacion_del_GP_de_Australia_de_MotoGP_en_Phillip_Island\" >Clasificaci\u00f3n del GP de Australia de MotoGP en Phillip Island<\/a><\/li><\/ul><\/nav><\/div>\n<\/strong><\/p>\n\n\n\n<p>La segunda fila estar\u00e1 copada por Aleix Espargar\u00f3, Johann Zarco y Fabio Di Giannantonio. En tercera fila saldr\u00e1n Marc M\u00e1rquez, Jack Miller y Maverick Vi\u00f1ales, por delante de Marco Bezzechi, Pol Espargar\u00f3 y Enea Bastianini, en la cuarta.<\/p>\n\n\n\n<h2 class=\"wp-block-heading\"><span class=\"ez-toc-section\" id=\"Paso_adelante_de_Marc_Marquez_y_Joan_Mir\"><\/span>Paso adelante de Marc M\u00e1rquez y Joan Mir<span class=\"ez-toc-section-end\"><\/span><\/h2>\n\n\n\n<p>En el box del equipo Repsol Honda los dos pilotos han dado hoy un paso adelante. Tras un FP2 en el que Marc M\u00e1rquez ha sido segundo y Joan Mir, decimotercero, ambos ten\u00edan que disputar la Q1 tras los resultados en la segunda sesi\u00f3n de ayer. En los primeros 15 minutos contra el crono, Marc M\u00e1rquez ha logrado hacerse con una de las dos plazas que dan acceso a la Q2, mientras que Joan Mir ha terminado en decimosexta posici\u00f3n.<\/p>\n\n\n\n<p>En la definitiva sesi\u00f3n que ha definido la parrilla de salida del GP de Australia, Marc M\u00e1rquez ha terminado en s\u00e9ptima posici\u00f3n, con un tiempo de 1 minuto, 28 segundos y &nbsp;12 mil\u00e9simas. En menos de 4 horas, la carrera del GP de Australia<\/p>\n\n\n\n<h2 class=\"wp-block-heading\"><span class=\"ez-toc-section\" id=\"Clasificacion_del_GP_de_Australia_de_MotoGP_en_Phillip_Island\"><\/span><strong>Clasificaci\u00f3n del GP de Australia de MotoGP en Phillip Island<\/strong><span class=\"ez-toc-section-end\"><\/span><\/h2>\n\n\n\n<figure class=\"wp-block-table is-style-stripes\"><table><tbody><tr><td><strong>PILOTO<\/strong><\/td><td><strong>EQUIPO<\/strong><\/td><td><strong>TIEMPO<\/strong><\/td><\/tr><tr><td>1. Jorge Mart\u00edn<\/td><td>DUCATI<\/td><td>1:27.246<\/td><\/tr><tr><td>2. Brad Binder<\/td><td>KTM<\/td><td>+0.416<\/td><\/tr><tr><td>3. Pecco Bagnaia<\/td><td>DUCATI<\/td><td>+0.468<\/td><\/tr><tr><td>4. Aleix Espargar\u00f3<\/td><td>APRILIA<\/td><td>+0.598<\/td><\/tr><tr><td>5. Johann Zarco<\/td><td>DUCATI<\/td><td>+0.657<\/td><\/tr><tr><td>6. Fabio Di Giannantonio<\/td><td>DUCATI<\/td><td>+0.673<\/td><\/tr><tr><td><strong>7. Marc M\u00e1rquez<\/strong><\/td><td><strong>REPSOL HONDA<\/strong><\/td><td><strong>+0.766<\/strong><\/td><\/tr><tr><td>8. Jack Miller<\/td><td>KTM<\/td><td>+0.828<\/td><\/tr><tr><td>9. Maverick Vi\u00f1ales<\/td><td>APRILIA<\/td><td>+0.847<\/td><\/tr><tr><td>10. Marco Bezzechi<\/td><td>DUCATI<\/td><td>+0.875<\/td><\/tr><tr><td><strong>16. Joan Mir<\/strong><\/td><td><strong>REPSOL HONDA<\/strong><\/td><td><strong>+0.681*<\/strong><\/td><\/tr><\/tbody><\/table><figcaption class=\"wp-element-caption\">*tiempo de la Q1<\/figcaption><\/figure>\n","protected":false},"excerpt":{"rendered":"<p>Jorge Mart\u00edn logra la pole en Australia, por delante de Brad Binder y Pecco Bagnaia<\/p>\n","protected":false},"author":43146,"featured_media":106515,"comment_status":"open","ping_status":"open","sticky":false,"template":"","format":"standard","meta":{"footnotes":""},"categories":[4],"tags":[50,93,271,6,331],"class_list":["post-106514","post","type-post","status-publish","format-standard","hentry","category-motogp","tag-equipo-repsol-honda","tag-gp-de-australia","tag-joan-mir","tag-marc-marquez","tag-motogp-2023"],"yoast_head":"<!-- This site is optimized with the Yoast SEO plugin v27.3 - https:\/\/yoast.com\/product\/yoast-seo-wordpress\/ -->\n<title>Resultados de la clasificaci\u00f3n del GP de Australia de MotoGP - Box Repsol<\/title>\n<link rel=\"canonical\" href=\"https:\/\/www.boxrepsol.com\/es\/motogp\/resultados-de-la-clasificacion-del-gp-de-australia-de-motogp\/\" \/>\n<meta property=\"og:locale\" content=\"es_ES\" \/>\n<meta property=\"og:type\" content=\"article\" \/>\n<meta property=\"og:title\" content=\"Resultados de la clasificaci\u00f3n del GP de Australia de MotoGP - Box Repsol\" \/>\n<meta property=\"og:description\" content=\"Jorge Mart\u00edn logra la pole en Australia, por delante de Brad Binder y Pecco Bagnaia\" \/>\n<meta property=\"og:url\" content=\"https:\/\/www.boxrepsol.com\/es\/motogp\/resultados-de-la-clasificacion-del-gp-de-australia-de-motogp\/\" \/>\n<meta property=\"og:site_name\" content=\"Box Repsol\" \/>\n<meta property=\"article:publisher\" content=\"https:\/\/www.facebook.com\/BoxRepsol\" \/>\n<meta property=\"article:author\" content=\"https:\/\/www.facebook.com\/BoxRepsol\/\" \/>\n<meta property=\"article:published_time\" content=\"2023-10-21T00:50:51+00:00\" \/>\n<meta property=\"article:modified_time\" content=\"2024-04-08T08:31:27+00:00\" \/>\n<meta property=\"og:image\" content=\"https:\/\/bxrepsol.s3.eu-west-1.amazonaws.com\/static\/2023\/10\/20222312\/2023_AUSTRALIANGP_FRIDAY__DSC2791-scaled-1.jpg\" \/>\n\t<meta property=\"og:image:width\" content=\"2560\" \/>\n\t<meta property=\"og:image:height\" content=\"1200\" \/>\n\t<meta property=\"og:image:type\" content=\"image\/jpeg\" \/>\n<meta name=\"author\" content=\"Redacci\u00f3n Box Repsol\" \/>\n<meta name=\"twitter:card\" content=\"summary_large_image\" \/>\n<meta name=\"twitter:creator\" content=\"@https:\/\/twitter.com\/box_repsol\" \/>\n<meta name=\"twitter:site\" content=\"@box_repsol\" \/>\n<meta name=\"twitter:label1\" content=\"Written by\" \/>\n\t<meta name=\"twitter:data1\" content=\"Redacci\u00f3n Box Repsol\" \/>\n\t<meta name=\"twitter:label2\" content=\"Est. reading time\" \/>\n\t<meta name=\"twitter:data2\" content=\"2 minutos\" \/>\n<script type=\"application\/ld+json\" class=\"yoast-schema-graph\">{\"@context\":\"https:\\\/\\\/schema.org\",\"@graph\":[{\"@type\":\"Article\",\"@id\":\"https:\\\/\\\/www.boxrepsol.com\\\/es\\\/motogp\\\/resultados-de-la-clasificacion-del-gp-de-australia-de-motogp\\\/#article\",\"isPartOf\":{\"@id\":\"https:\\\/\\\/www.boxrepsol.com\\\/es\\\/motogp\\\/resultados-de-la-clasificacion-del-gp-de-australia-de-motogp\\\/\"},\"author\":{\"name\":\"Redacci\u00f3n Box Repsol\",\"@id\":\"https:\\\/\\\/www.boxrepsol.com\\\/es\\\/#\\\/schema\\\/person\\\/c5c2138f2cca251b0ad92b7086bb60b7\"},\"headline\":\"Resultados de la clasificaci\u00f3n del GP de Australia de MotoGP\",\"datePublished\":\"2023-10-21T00:50:51+00:00\",\"dateModified\":\"2024-04-08T08:31:27+00:00\",\"mainEntityOfPage\":{\"@id\":\"https:\\\/\\\/www.boxrepsol.com\\\/es\\\/motogp\\\/resultados-de-la-clasificacion-del-gp-de-australia-de-motogp\\\/\"},\"wordCount\":347,\"commentCount\":0,\"publisher\":{\"@id\":\"https:\\\/\\\/www.boxrepsol.com\\\/es\\\/#organization\"},\"image\":{\"@id\":\"https:\\\/\\\/www.boxrepsol.com\\\/es\\\/motogp\\\/resultados-de-la-clasificacion-del-gp-de-australia-de-motogp\\\/#primaryimage\"},\"thumbnailUrl\":\"https:\\\/\\\/bxrepsol.s3.eu-west-1.amazonaws.com\\\/static\\\/2023\\\/10\\\/20222312\\\/2023_AUSTRALIANGP_FRIDAY__DSC2791-scaled-1.jpg\",\"keywords\":[\"Equipo Repsol Honda\",\"GP de Australia\",\"Joan Mir\",\"Marc M\u00e1rquez\",\"MotoGP 2023\"],\"articleSection\":[\"MotoGP\"],\"inLanguage\":\"es\",\"potentialAction\":[{\"@type\":\"CommentAction\",\"name\":\"Comment\",\"target\":[\"https:\\\/\\\/www.boxrepsol.com\\\/es\\\/motogp\\\/resultados-de-la-clasificacion-del-gp-de-australia-de-motogp\\\/#respond\"]}]},{\"@type\":\"WebPage\",\"@id\":\"https:\\\/\\\/www.boxrepsol.com\\\/es\\\/motogp\\\/resultados-de-la-clasificacion-del-gp-de-australia-de-motogp\\\/\",\"url\":\"https:\\\/\\\/www.boxrepsol.com\\\/es\\\/motogp\\\/resultados-de-la-clasificacion-del-gp-de-australia-de-motogp\\\/\",\"name\":\"Resultados de la clasificaci\u00f3n del GP de Australia de MotoGP - Box Repsol\",\"isPartOf\":{\"@id\":\"https:\\\/\\\/www.boxrepsol.com\\\/es\\\/#website\"},\"primaryImageOfPage\":{\"@id\":\"https:\\\/\\\/www.boxrepsol.com\\\/es\\\/motogp\\\/resultados-de-la-clasificacion-del-gp-de-australia-de-motogp\\\/#primaryimage\"},\"image\":{\"@id\":\"https:\\\/\\\/www.boxrepsol.com\\\/es\\\/motogp\\\/resultados-de-la-clasificacion-del-gp-de-australia-de-motogp\\\/#primaryimage\"},\"thumbnailUrl\":\"https:\\\/\\\/bxrepsol.s3.eu-west-1.amazonaws.com\\\/static\\\/2023\\\/10\\\/20222312\\\/2023_AUSTRALIANGP_FRIDAY__DSC2791-scaled-1.jpg\",\"datePublished\":\"2023-10-21T00:50:51+00:00\",\"dateModified\":\"2024-04-08T08:31:27+00:00\",\"breadcrumb\":{\"@id\":\"https:\\\/\\\/www.boxrepsol.com\\\/es\\\/motogp\\\/resultados-de-la-clasificacion-del-gp-de-australia-de-motogp\\\/#breadcrumb\"},\"inLanguage\":\"es\",\"potentialAction\":[{\"@type\":\"ReadAction\",\"target\":[\"https:\\\/\\\/www.boxrepsol.com\\\/es\\\/motogp\\\/resultados-de-la-clasificacion-del-gp-de-australia-de-motogp\\\/\"]}]},{\"@type\":\"ImageObject\",\"inLanguage\":\"es\",\"@id\":\"https:\\\/\\\/www.boxrepsol.com\\\/es\\\/motogp\\\/resultados-de-la-clasificacion-del-gp-de-australia-de-motogp\\\/#primaryimage\",\"url\":\"https:\\\/\\\/bxrepsol.s3.eu-west-1.amazonaws.com\\\/static\\\/2023\\\/10\\\/20222312\\\/2023_AUSTRALIANGP_FRIDAY__DSC2791-scaled-1.jpg\",\"contentUrl\":\"https:\\\/\\\/bxrepsol.s3.eu-west-1.amazonaws.com\\\/static\\\/2023\\\/10\\\/20222312\\\/2023_AUSTRALIANGP_FRIDAY__DSC2791-scaled-1.jpg\",\"width\":2560,\"height\":1200},{\"@type\":\"BreadcrumbList\",\"@id\":\"https:\\\/\\\/www.boxrepsol.com\\\/es\\\/motogp\\\/resultados-de-la-clasificacion-del-gp-de-australia-de-motogp\\\/#breadcrumb\",\"itemListElement\":[{\"@type\":\"ListItem\",\"position\":1,\"name\":\"Home\",\"item\":\"https:\\\/\\\/www.boxrepsol.com\\\/es\\\/\"},{\"@type\":\"ListItem\",\"position\":2,\"name\":\"Resultados de la clasificaci\u00f3n del GP de Australia de MotoGP\"}]},{\"@type\":\"WebSite\",\"@id\":\"https:\\\/\\\/www.boxrepsol.com\\\/es\\\/#website\",\"url\":\"https:\\\/\\\/www.boxrepsol.com\\\/es\\\/\",\"name\":\"Box Repsol\",\"description\":\"Box Repsol Site\",\"publisher\":{\"@id\":\"https:\\\/\\\/www.boxrepsol.com\\\/es\\\/#organization\"},\"potentialAction\":[{\"@type\":\"SearchAction\",\"target\":{\"@type\":\"EntryPoint\",\"urlTemplate\":\"https:\\\/\\\/www.boxrepsol.com\\\/es\\\/?s={search_term_string}\"},\"query-input\":{\"@type\":\"PropertyValueSpecification\",\"valueRequired\":true,\"valueName\":\"search_term_string\"}}],\"inLanguage\":\"es\"},{\"@type\":\"Organization\",\"@id\":\"https:\\\/\\\/www.boxrepsol.com\\\/es\\\/#organization\",\"name\":\"Box Repsol\",\"url\":\"https:\\\/\\\/www.boxrepsol.com\\\/es\\\/\",\"logo\":{\"@type\":\"ImageObject\",\"inLanguage\":\"es\",\"@id\":\"https:\\\/\\\/www.boxrepsol.com\\\/es\\\/#\\\/schema\\\/logo\\\/image\\\/\",\"url\":\"https:\\\/\\\/bxrepsol.s3.eu-west-1.amazonaws.com\\\/static\\\/2025\\\/07\\\/30083337\\\/favicon-96x96-1.png\",\"contentUrl\":\"https:\\\/\\\/bxrepsol.s3.eu-west-1.amazonaws.com\\\/static\\\/2025\\\/07\\\/30083337\\\/favicon-96x96-1.png\",\"width\":96,\"height\":96,\"caption\":\"Box Repsol\"},\"image\":{\"@id\":\"https:\\\/\\\/www.boxrepsol.com\\\/es\\\/#\\\/schema\\\/logo\\\/image\\\/\"},\"sameAs\":[\"https:\\\/\\\/www.facebook.com\\\/BoxRepsol\",\"https:\\\/\\\/x.com\\\/box_repsol\",\"http:\\\/\\\/instagram.com\\\/box_repsol\",\"https:\\\/\\\/www.youtube.com\\\/user\\\/RepsolCompeticion\",\"https:\\\/\\\/www.flickr.com\\\/photos\\\/box_repsol\\\/\"]},{\"@type\":\"Person\",\"@id\":\"https:\\\/\\\/www.boxrepsol.com\\\/es\\\/#\\\/schema\\\/person\\\/c5c2138f2cca251b0ad92b7086bb60b7\",\"name\":\"Redacci\u00f3n Box Repsol\",\"image\":{\"@type\":\"ImageObject\",\"inLanguage\":\"es\",\"@id\":\"https:\\\/\\\/secure.gravatar.com\\\/avatar\\\/adf7b77e38b4419baf32c7e9c21dde01f4e40df611f0978e3006fc4ba0aaab7e?s=96&d=mm&r=g\",\"url\":\"https:\\\/\\\/secure.gravatar.com\\\/avatar\\\/adf7b77e38b4419baf32c7e9c21dde01f4e40df611f0978e3006fc4ba0aaab7e?s=96&d=mm&r=g\",\"contentUrl\":\"https:\\\/\\\/secure.gravatar.com\\\/avatar\\\/adf7b77e38b4419baf32c7e9c21dde01f4e40df611f0978e3006fc4ba0aaab7e?s=96&d=mm&r=g\",\"caption\":\"Redacci\u00f3n Box Repsol\"},\"description\":\"Box Repsol lo forma un equipo de periodistas, community managers, dise\u00f1adores y fot\u00f3grafos con m\u00e1s de 20 a\u00f1os de experiencia en el mundo del motorsport. Hemos vivido el primer mundial de un espa\u00f1ol en la categor\u00eda reina de motociclismo con \u00c1lex Crivill\u00e9, estuvimos en las victorias de Pedrosa y los t\u00edtulos de M\u00e1rquez, acompa\u00f1amos en \u00c1frica a Nani Roma y Marc Coma en sus conquistas del Dakar y hemos vibrado con los t\u00edtulos de Toni Bou en Trial. Adem\u00e1s, en nuestro equipo contamos con expertos en el mundo de las dos y cuatro ruedas tanto de la calle y las carreteras, como de los circuitos. Periodistas que han trabajado en revistas y publicaciones para hacerte llegar desde rutas y consejos de mantenimiento, a curiosidades y trucos de pilotaje.\",\"sameAs\":[\"https:\\\/\\\/www.facebook.com\\\/BoxRepsol\\\/\",\"https:\\\/\\\/www.instagram.com\\\/box_repsol\\\/\",\"https:\\\/\\\/x.com\\\/https:\\\/\\\/twitter.com\\\/box_repsol\",\"https:\\\/\\\/www.youtube.com\\\/@Boxrepsol\"],\"url\":\"https:\\\/\\\/www.boxrepsol.com\\\/es\\\/author\\\/redaccion-box-repsol\\\/\"}]}<\/script>\n<!-- \/ Yoast SEO plugin. -->","yoast_head_json":{"title":"Resultados de la clasificaci\u00f3n del GP de Australia de MotoGP - Box Repsol","canonical":"https:\/\/www.boxrepsol.com\/es\/motogp\/resultados-de-la-clasificacion-del-gp-de-australia-de-motogp\/","og_locale":"es_ES","og_type":"article","og_title":"Resultados de la clasificaci\u00f3n del GP de Australia de MotoGP - Box Repsol","og_description":"Jorge Mart\u00edn logra la pole en Australia, por delante de Brad Binder y Pecco Bagnaia","og_url":"https:\/\/www.boxrepsol.com\/es\/motogp\/resultados-de-la-clasificacion-del-gp-de-australia-de-motogp\/","og_site_name":"Box Repsol","article_publisher":"https:\/\/www.facebook.com\/BoxRepsol","article_author":"https:\/\/www.facebook.com\/BoxRepsol\/","article_published_time":"2023-10-21T00:50:51+00:00","article_modified_time":"2024-04-08T08:31:27+00:00","og_image":[{"width":2560,"height":1200,"url":"https:\/\/bxrepsol.s3.eu-west-1.amazonaws.com\/static\/2023\/10\/20222312\/2023_AUSTRALIANGP_FRIDAY__DSC2791-scaled-1.jpg","type":"image\/jpeg"}],"author":"Redacci\u00f3n Box Repsol","twitter_card":"summary_large_image","twitter_creator":"@https:\/\/twitter.com\/box_repsol","twitter_site":"@box_repsol","twitter_misc":{"Written by":"Redacci\u00f3n Box Repsol","Est. reading time":"2 minutos"},"schema":{"@context":"https:\/\/schema.org","@graph":[{"@type":"Article","@id":"https:\/\/www.boxrepsol.com\/es\/motogp\/resultados-de-la-clasificacion-del-gp-de-australia-de-motogp\/#article","isPartOf":{"@id":"https:\/\/www.boxrepsol.com\/es\/motogp\/resultados-de-la-clasificacion-del-gp-de-australia-de-motogp\/"},"author":{"name":"Redacci\u00f3n Box Repsol","@id":"https:\/\/www.boxrepsol.com\/es\/#\/schema\/person\/c5c2138f2cca251b0ad92b7086bb60b7"},"headline":"Resultados de la clasificaci\u00f3n del GP de Australia de MotoGP","datePublished":"2023-10-21T00:50:51+00:00","dateModified":"2024-04-08T08:31:27+00:00","mainEntityOfPage":{"@id":"https:\/\/www.boxrepsol.com\/es\/motogp\/resultados-de-la-clasificacion-del-gp-de-australia-de-motogp\/"},"wordCount":347,"commentCount":0,"publisher":{"@id":"https:\/\/www.boxrepsol.com\/es\/#organization"},"image":{"@id":"https:\/\/www.boxrepsol.com\/es\/motogp\/resultados-de-la-clasificacion-del-gp-de-australia-de-motogp\/#primaryimage"},"thumbnailUrl":"https:\/\/bxrepsol.s3.eu-west-1.amazonaws.com\/static\/2023\/10\/20222312\/2023_AUSTRALIANGP_FRIDAY__DSC2791-scaled-1.jpg","keywords":["Equipo Repsol Honda","GP de Australia","Joan Mir","Marc M\u00e1rquez","MotoGP 2023"],"articleSection":["MotoGP"],"inLanguage":"es","potentialAction":[{"@type":"CommentAction","name":"Comment","target":["https:\/\/www.boxrepsol.com\/es\/motogp\/resultados-de-la-clasificacion-del-gp-de-australia-de-motogp\/#respond"]}]},{"@type":"WebPage","@id":"https:\/\/www.boxrepsol.com\/es\/motogp\/resultados-de-la-clasificacion-del-gp-de-australia-de-motogp\/","url":"https:\/\/www.boxrepsol.com\/es\/motogp\/resultados-de-la-clasificacion-del-gp-de-australia-de-motogp\/","name":"Resultados de la clasificaci\u00f3n del GP de Australia de MotoGP - Box Repsol","isPartOf":{"@id":"https:\/\/www.boxrepsol.com\/es\/#website"},"primaryImageOfPage":{"@id":"https:\/\/www.boxrepsol.com\/es\/motogp\/resultados-de-la-clasificacion-del-gp-de-australia-de-motogp\/#primaryimage"},"image":{"@id":"https:\/\/www.boxrepsol.com\/es\/motogp\/resultados-de-la-clasificacion-del-gp-de-australia-de-motogp\/#primaryimage"},"thumbnailUrl":"https:\/\/bxrepsol.s3.eu-west-1.amazonaws.com\/static\/2023\/10\/20222312\/2023_AUSTRALIANGP_FRIDAY__DSC2791-scaled-1.jpg","datePublished":"2023-10-21T00:50:51+00:00","dateModified":"2024-04-08T08:31:27+00:00","breadcrumb":{"@id":"https:\/\/www.boxrepsol.com\/es\/motogp\/resultados-de-la-clasificacion-del-gp-de-australia-de-motogp\/#breadcrumb"},"inLanguage":"es","potentialAction":[{"@type":"ReadAction","target":["https:\/\/www.boxrepsol.com\/es\/motogp\/resultados-de-la-clasificacion-del-gp-de-australia-de-motogp\/"]}]},{"@type":"ImageObject","inLanguage":"es","@id":"https:\/\/www.boxrepsol.com\/es\/motogp\/resultados-de-la-clasificacion-del-gp-de-australia-de-motogp\/#primaryimage","url":"https:\/\/bxrepsol.s3.eu-west-1.amazonaws.com\/static\/2023\/10\/20222312\/2023_AUSTRALIANGP_FRIDAY__DSC2791-scaled-1.jpg","contentUrl":"https:\/\/bxrepsol.s3.eu-west-1.amazonaws.com\/static\/2023\/10\/20222312\/2023_AUSTRALIANGP_FRIDAY__DSC2791-scaled-1.jpg","width":2560,"height":1200},{"@type":"BreadcrumbList","@id":"https:\/\/www.boxrepsol.com\/es\/motogp\/resultados-de-la-clasificacion-del-gp-de-australia-de-motogp\/#breadcrumb","itemListElement":[{"@type":"ListItem","position":1,"name":"Home","item":"https:\/\/www.boxrepsol.com\/es\/"},{"@type":"ListItem","position":2,"name":"Resultados de la clasificaci\u00f3n del GP de Australia de MotoGP"}]},{"@type":"WebSite","@id":"https:\/\/www.boxrepsol.com\/es\/#website","url":"https:\/\/www.boxrepsol.com\/es\/","name":"Box Repsol","description":"Box Repsol Site","publisher":{"@id":"https:\/\/www.boxrepsol.com\/es\/#organization"},"potentialAction":[{"@type":"SearchAction","target":{"@type":"EntryPoint","urlTemplate":"https:\/\/www.boxrepsol.com\/es\/?s={search_term_string}"},"query-input":{"@type":"PropertyValueSpecification","valueRequired":true,"valueName":"search_term_string"}}],"inLanguage":"es"},{"@type":"Organization","@id":"https:\/\/www.boxrepsol.com\/es\/#organization","name":"Box Repsol","url":"https:\/\/www.boxrepsol.com\/es\/","logo":{"@type":"ImageObject","inLanguage":"es","@id":"https:\/\/www.boxrepsol.com\/es\/#\/schema\/logo\/image\/","url":"https:\/\/bxrepsol.s3.eu-west-1.amazonaws.com\/static\/2025\/07\/30083337\/favicon-96x96-1.png","contentUrl":"https:\/\/bxrepsol.s3.eu-west-1.amazonaws.com\/static\/2025\/07\/30083337\/favicon-96x96-1.png","width":96,"height":96,"caption":"Box Repsol"},"image":{"@id":"https:\/\/www.boxrepsol.com\/es\/#\/schema\/logo\/image\/"},"sameAs":["https:\/\/www.facebook.com\/BoxRepsol","https:\/\/x.com\/box_repsol","http:\/\/instagram.com\/box_repsol","https:\/\/www.youtube.com\/user\/RepsolCompeticion","https:\/\/www.flickr.com\/photos\/box_repsol\/"]},{"@type":"Person","@id":"https:\/\/www.boxrepsol.com\/es\/#\/schema\/person\/c5c2138f2cca251b0ad92b7086bb60b7","name":"Redacci\u00f3n Box Repsol","image":{"@type":"ImageObject","inLanguage":"es","@id":"https:\/\/secure.gravatar.com\/avatar\/adf7b77e38b4419baf32c7e9c21dde01f4e40df611f0978e3006fc4ba0aaab7e?s=96&d=mm&r=g","url":"https:\/\/secure.gravatar.com\/avatar\/adf7b77e38b4419baf32c7e9c21dde01f4e40df611f0978e3006fc4ba0aaab7e?s=96&d=mm&r=g","contentUrl":"https:\/\/secure.gravatar.com\/avatar\/adf7b77e38b4419baf32c7e9c21dde01f4e40df611f0978e3006fc4ba0aaab7e?s=96&d=mm&r=g","caption":"Redacci\u00f3n Box Repsol"},"description":"Box Repsol lo forma un equipo de periodistas, community managers, dise\u00f1adores y fot\u00f3grafos con m\u00e1s de 20 a\u00f1os de experiencia en el mundo del motorsport. Hemos vivido el primer mundial de un espa\u00f1ol en la categor\u00eda reina de motociclismo con \u00c1lex Crivill\u00e9, estuvimos en las victorias de Pedrosa y los t\u00edtulos de M\u00e1rquez, acompa\u00f1amos en \u00c1frica a Nani Roma y Marc Coma en sus conquistas del Dakar y hemos vibrado con los t\u00edtulos de Toni Bou en Trial. Adem\u00e1s, en nuestro equipo contamos con expertos en el mundo de las dos y cuatro ruedas tanto de la calle y las carreteras, como de los circuitos. Periodistas que han trabajado en revistas y publicaciones para hacerte llegar desde rutas y consejos de mantenimiento, a curiosidades y trucos de pilotaje.","sameAs":["https:\/\/www.facebook.com\/BoxRepsol\/","https:\/\/www.instagram.com\/box_repsol\/","https:\/\/x.com\/https:\/\/twitter.com\/box_repsol","https:\/\/www.youtube.com\/@Boxrepsol"],"url":"https:\/\/www.boxrepsol.com\/es\/author\/redaccion-box-repsol\/"}]}},"_links":{"self":[{"href":"https:\/\/www.boxrepsol.com\/es\/wp-json\/wp\/v2\/posts\/106514","targetHints":{"allow":["GET"]}}],"collection":[{"href":"https:\/\/www.boxrepsol.com\/es\/wp-json\/wp\/v2\/posts"}],"about":[{"href":"https:\/\/www.boxrepsol.com\/es\/wp-json\/wp\/v2\/types\/post"}],"author":[{"embeddable":true,"href":"https:\/\/www.boxrepsol.com\/es\/wp-json\/wp\/v2\/users\/43146"}],"replies":[{"embeddable":true,"href":"https:\/\/www.boxrepsol.com\/es\/wp-json\/wp\/v2\/comments?post=106514"}],"version-history":[{"count":3,"href":"https:\/\/www.boxrepsol.com\/es\/wp-json\/wp\/v2\/posts\/106514\/revisions"}],"predecessor-version":[{"id":114418,"href":"https:\/\/www.boxrepsol.com\/es\/wp-json\/wp\/v2\/posts\/106514\/revisions\/114418"}],"wp:featuredmedia":[{"embeddable":true,"href":"https:\/\/www.boxrepsol.com\/es\/wp-json\/wp\/v2\/media\/106515"}],"wp:attachment":[{"href":"https:\/\/www.boxrepsol.com\/es\/wp-json\/wp\/v2\/media?parent=106514"}],"wp:term":[{"taxonomy":"category","embeddable":true,"href":"https:\/\/www.boxrepsol.com\/es\/wp-json\/wp\/v2\/categories?post=106514"},{"taxonomy":"post_tag","embeddable":true,"href":"https:\/\/www.boxrepsol.com\/es\/wp-json\/wp\/v2\/tags?post=106514"}],"curies":[{"name":"wp","href":"https:\/\/api.w.org\/{rel}","templated":true}]}}