{"id":106233,"date":"2023-10-14T18:43:45","date_gmt":"2023-10-14T20:43:45","guid":{"rendered":"https:\/\/www.boxrepsol.com\/?p=106233"},"modified":"2024-04-08T06:35:11","modified_gmt":"2024-04-08T08:35:11","slug":"isidre-esteve-sobrevive-a-una-ardua-primera-etapa","status":"publish","type":"post","link":"https:\/\/www.boxrepsol.com\/es\/rally\/isidre-esteve-sobrevive-a-una-ardua-primera-etapa\/","title":{"rendered":"Isidre Esteve sobrevive a una ardua primera etapa"},"content":{"rendered":"<figure class=\"wp-block-post-featured-image\"><img loading=\"lazy\" decoding=\"async\" width=\"1280\" height=\"600\" src=\"https:\/\/bxrepsol.s3.eu-west-1.amazonaws.com\/static\/2023\/10\/14184314\/Isidre_Esteve_Rally_Marruecos_2023__E1_2.png\" class=\"attachment-post-thumbnail size-post-thumbnail wp-post-image\" alt=\"\" style=\"object-fit:cover;\" srcset=\"https:\/\/bxrepsol.s3.eu-west-1.amazonaws.com\/static\/2023\/10\/14184314\/Isidre_Esteve_Rally_Marruecos_2023__E1_2.png 1280w, https:\/\/bxrepsol.s3.eu-west-1.amazonaws.com\/static\/2023\/10\/14184314\/Isidre_Esteve_Rally_Marruecos_2023__E1_2-300x141.png 300w, https:\/\/bxrepsol.s3.eu-west-1.amazonaws.com\/static\/2023\/10\/14184314\/Isidre_Esteve_Rally_Marruecos_2023__E1_2-1024x480.png 1024w, https:\/\/bxrepsol.s3.eu-west-1.amazonaws.com\/static\/2023\/10\/14184314\/Isidre_Esteve_Rally_Marruecos_2023__E1_2-768x360.png 768w\" sizes=\"auto, (max-width: 1280px) 100vw, 1280px\" \/><\/figure>\n\n\n<p><strong>El piloto de Oliana y su copiloto Txema Villalobos manten\u00edan un gran ritmo con su Toyota Hilux T1+ y se hab\u00edan acercado al top 20 tras remontar una quincena de posiciones.<\/strong><\/p>\n\n\n\n<p><strong>\u201cHa sido un d\u00eda dur\u00edsimo y muy complicado, por el polvo, el calor y una enganchada en una duna, pero nos quedan muchos d\u00edas para recuperar terreno\u201d.<\/strong><\/p>\n\n\n\n<p>Cara y cruz para <strong>Isidre Esteve<\/strong> y <strong>Txema Villalobos<\/strong> en la primera etapa del Rally de Marruecos. La dupla del <strong>Repsol Toyota Rally Team<\/strong> estaba remontando posiciones, a pesar de su retrasada posici\u00f3n de salida, cuando un leve error en una duna les ha costado mucho tiempo. Ha sido un lance de aut\u00e9ntica mala suerte, ya que lo habr\u00edan resuelto en un abrir y cerrar de ojos de no ser porque otro veh\u00edculo ha quedado enganchado detr\u00e1s y les ha impedido maniobrar. En el haber queda el ritmo mostrado cuando han tenido pista libre por delante, clara indicaci\u00f3n de los progresos del equipo espa\u00f1ol con el Toyota Hilux T1+.<br><br>\u201c<em>Ha sido un d\u00eda dur\u00edsimo y muy complicado<\/em>\u201d, reconoce Isidre, sin rodeos. El piloto de Oliana (Lleida), que ha salido el 47\u00ba en el orden de salida, ha sufrido mucho con el polvo. \u201c<em>Nos costaba mucho adelantar a los veh\u00edculos precedentes; hemos rodado 60 kil\u00f3metros detr\u00e1s de un side-by-side en la primera parte de la especial, y no lo pod\u00edamos adelantar por el polvo<\/em>\u201d, explica.&nbsp;<br><br>Cuando por fin lo han conseguido, el Repsol Toyota Rally Team ha dado buena muestra de sus posibilidades. \u201c<em>Con la pista limpia por delante, hemos aumentado el ritmo y hemos recuperado mucho tiempo<\/em>\u201d, relata complacido. El Toyota Hilux T1+ con los colores de Repsol, MGS Seguros, TOYOTA GAZOO Racing Espa\u00f1a y KH-7 ha remontado una quincena de posiciones y se ha aupado hasta los puestos cercanos al top 20. Y eso a pesar de que, a partir del kil\u00f3metro 100, ha dejado de funcionar el aire acondicionado, un fuerte inconveniente a\u00f1adido en unos d\u00edas de mucho calor en Marruecos, con temperaturas m\u00e1ximas de 40\u00baC, que se disparan dentro del coche de competici\u00f3n.<br><br>Sobreponi\u00e9ndose al polvo y al calor, pues, Esteve estaba protagonizando una gran etapa, hasta que, en el kil\u00f3metro 235, ha cometido un peque\u00f1o error. \u201c<em>En las dunas, me he metido dentro de un agujero, se ha desllantado una rueda y me he quedado enganchado en la subida. Habr\u00edamos salido en diez minutos haciendo marcha atr\u00e1s, pero hemos tenido la mala suerte de que un buggy ha atravesado la duna y ha quedado enganchado detr\u00e1s despu\u00e9s de golpear nuestro coche. No nos pod\u00edamos mover y hemos tardado casi una hora y media en sacar el coche de all\u00ed<\/em>\u201d, explica.<br><br>En una jornada tan plagada de incidencias, el resultado es lo de menos. Esteve y Villalobos se han clasificado en la 62\u00aa posici\u00f3n absoluta \u201329\u00aa de la categor\u00eda T1\u2013 en la etapa entre Agadir y Zagora, de 711 kil\u00f3metros en total. Han completado la especial de 314 kil\u00f3metros en 5 horas y 5 minutos de carrera, a 1 hora y 49 minutos del l\u00edder. Las cuentas son f\u00e1ciles de hacer: en un d\u00eda normal, el Repsol Toyota Rally Team ya estar\u00eda en el top 20 absoluto del Rally de Marruecos.<br><br>La convicci\u00f3n de su buen ritmo de carrera hace que el piloto catal\u00e1n mantenga la motivaci\u00f3n al m\u00e1ximo ante las jornadas que restan. \u201c<em>Con la pista libre, hemos podido correr. S\u00f3lo era el primer d\u00eda de carrera, falta mucho todav\u00eda. Lo bonito es que hay mucha gente que corre y nos quedan muchos d\u00edas para recuperar terreno<\/em>\u201d, asegura convencido.<br><br>El Repsol Toyota Rally Team tendr\u00e1 la primera oportunidad de remontar este domingo, en la segunda etapa del <strong>Rally de Marruecos,<\/strong> un bucle alrededor de Zagora. De los 396 kil\u00f3metros totales, 296 corresponden a la especial del d\u00eda, que se prev\u00e9 muy dura porque principalmente discurrir\u00e1 por pistas de piedras y tierra.<\/p>\n","protected":false},"excerpt":{"rendered":"<p>El Repsol Toyota Rally Team pierde mucho tiempo en el Rally de Marruecos al desllantar en un agujero y quedar enganchado en la subida de una duna. <\/p>\n","protected":false},"author":43146,"featured_media":106234,"comment_status":"open","ping_status":"open","sticky":false,"template":"","format":"standard","meta":{"footnotes":""},"categories":[27],"tags":[29,339],"class_list":["post-106233","post","type-post","status-publish","format-standard","hentry","category-rally","tag-isidre-esteve","tag-rally-marruecos"],"yoast_head":"<!-- This site is optimized with the Yoast SEO plugin v27.3 - https:\/\/yoast.com\/product\/yoast-seo-wordpress\/ -->\n<title>Isidre Esteve sobrevive a una ardua primera etapa - Box Repsol<\/title>\n<meta name=\"description\" content=\"Isidre Esteve supera una ardua primera etapa: Sigue la tenacidad y resistencia del piloto en esta exigente competici\u00f3n de rally.\" \/>\n<link rel=\"canonical\" href=\"https:\/\/www.boxrepsol.com\/es\/rally\/isidre-esteve-sobrevive-a-una-ardua-primera-etapa\/\" \/>\n<meta property=\"og:locale\" content=\"es_ES\" \/>\n<meta property=\"og:type\" content=\"article\" \/>\n<meta property=\"og:title\" content=\"Isidre Esteve sobrevive a una ardua primera etapa - Box Repsol\" \/>\n<meta property=\"og:description\" content=\"Isidre Esteve supera una ardua primera etapa: Sigue la tenacidad y resistencia del piloto en esta exigente competici\u00f3n de rally.\" \/>\n<meta property=\"og:url\" content=\"https:\/\/www.boxrepsol.com\/es\/rally\/isidre-esteve-sobrevive-a-una-ardua-primera-etapa\/\" \/>\n<meta property=\"og:site_name\" content=\"Box Repsol\" \/>\n<meta property=\"article:publisher\" content=\"https:\/\/www.facebook.com\/BoxRepsol\" \/>\n<meta property=\"article:author\" content=\"https:\/\/www.facebook.com\/BoxRepsol\/\" \/>\n<meta property=\"article:published_time\" content=\"2023-10-14T20:43:45+00:00\" \/>\n<meta property=\"article:modified_time\" content=\"2024-04-08T08:35:11+00:00\" \/>\n<meta property=\"og:image\" content=\"https:\/\/bxrepsol.s3.eu-west-1.amazonaws.com\/static\/2023\/10\/14184314\/Isidre_Esteve_Rally_Marruecos_2023__E1_2.png\" \/>\n\t<meta property=\"og:image:width\" content=\"1280\" \/>\n\t<meta property=\"og:image:height\" content=\"600\" \/>\n\t<meta property=\"og:image:type\" content=\"image\/png\" \/>\n<meta name=\"author\" content=\"Redacci\u00f3n Box Repsol\" \/>\n<meta name=\"twitter:card\" content=\"summary_large_image\" \/>\n<meta name=\"twitter:creator\" content=\"@https:\/\/twitter.com\/box_repsol\" \/>\n<meta name=\"twitter:site\" content=\"@box_repsol\" \/>\n<meta name=\"twitter:label1\" content=\"Written by\" \/>\n\t<meta name=\"twitter:data1\" content=\"Redacci\u00f3n Box Repsol\" \/>\n\t<meta name=\"twitter:label2\" content=\"Est. reading time\" \/>\n\t<meta name=\"twitter:data2\" content=\"3 minutos\" \/>\n<script type=\"application\/ld+json\" class=\"yoast-schema-graph\">{\"@context\":\"https:\\\/\\\/schema.org\",\"@graph\":[{\"@type\":\"Article\",\"@id\":\"https:\\\/\\\/www.boxrepsol.com\\\/es\\\/rally\\\/isidre-esteve-sobrevive-a-una-ardua-primera-etapa\\\/#article\",\"isPartOf\":{\"@id\":\"https:\\\/\\\/www.boxrepsol.com\\\/es\\\/rally\\\/isidre-esteve-sobrevive-a-una-ardua-primera-etapa\\\/\"},\"author\":{\"name\":\"Redacci\u00f3n Box Repsol\",\"@id\":\"https:\\\/\\\/www.boxrepsol.com\\\/es\\\/#\\\/schema\\\/person\\\/c5c2138f2cca251b0ad92b7086bb60b7\"},\"headline\":\"Isidre Esteve sobrevive a una ardua primera etapa\",\"datePublished\":\"2023-10-14T20:43:45+00:00\",\"dateModified\":\"2024-04-08T08:35:11+00:00\",\"mainEntityOfPage\":{\"@id\":\"https:\\\/\\\/www.boxrepsol.com\\\/es\\\/rally\\\/isidre-esteve-sobrevive-a-una-ardua-primera-etapa\\\/\"},\"wordCount\":685,\"commentCount\":0,\"publisher\":{\"@id\":\"https:\\\/\\\/www.boxrepsol.com\\\/es\\\/#organization\"},\"image\":{\"@id\":\"https:\\\/\\\/www.boxrepsol.com\\\/es\\\/rally\\\/isidre-esteve-sobrevive-a-una-ardua-primera-etapa\\\/#primaryimage\"},\"thumbnailUrl\":\"https:\\\/\\\/bxrepsol.s3.eu-west-1.amazonaws.com\\\/static\\\/2023\\\/10\\\/14184314\\\/Isidre_Esteve_Rally_Marruecos_2023__E1_2.png\",\"keywords\":[\"Isidre Esteve\",\"Rally Marruecos\"],\"articleSection\":[\"Rally\"],\"inLanguage\":\"es\",\"potentialAction\":[{\"@type\":\"CommentAction\",\"name\":\"Comment\",\"target\":[\"https:\\\/\\\/www.boxrepsol.com\\\/es\\\/rally\\\/isidre-esteve-sobrevive-a-una-ardua-primera-etapa\\\/#respond\"]}]},{\"@type\":\"WebPage\",\"@id\":\"https:\\\/\\\/www.boxrepsol.com\\\/es\\\/rally\\\/isidre-esteve-sobrevive-a-una-ardua-primera-etapa\\\/\",\"url\":\"https:\\\/\\\/www.boxrepsol.com\\\/es\\\/rally\\\/isidre-esteve-sobrevive-a-una-ardua-primera-etapa\\\/\",\"name\":\"Isidre Esteve sobrevive a una ardua primera etapa - Box Repsol\",\"isPartOf\":{\"@id\":\"https:\\\/\\\/www.boxrepsol.com\\\/es\\\/#website\"},\"primaryImageOfPage\":{\"@id\":\"https:\\\/\\\/www.boxrepsol.com\\\/es\\\/rally\\\/isidre-esteve-sobrevive-a-una-ardua-primera-etapa\\\/#primaryimage\"},\"image\":{\"@id\":\"https:\\\/\\\/www.boxrepsol.com\\\/es\\\/rally\\\/isidre-esteve-sobrevive-a-una-ardua-primera-etapa\\\/#primaryimage\"},\"thumbnailUrl\":\"https:\\\/\\\/bxrepsol.s3.eu-west-1.amazonaws.com\\\/static\\\/2023\\\/10\\\/14184314\\\/Isidre_Esteve_Rally_Marruecos_2023__E1_2.png\",\"datePublished\":\"2023-10-14T20:43:45+00:00\",\"dateModified\":\"2024-04-08T08:35:11+00:00\",\"description\":\"Isidre Esteve supera una ardua primera etapa: Sigue la tenacidad y resistencia del piloto en esta exigente competici\u00f3n de rally.\",\"breadcrumb\":{\"@id\":\"https:\\\/\\\/www.boxrepsol.com\\\/es\\\/rally\\\/isidre-esteve-sobrevive-a-una-ardua-primera-etapa\\\/#breadcrumb\"},\"inLanguage\":\"es\",\"potentialAction\":[{\"@type\":\"ReadAction\",\"target\":[\"https:\\\/\\\/www.boxrepsol.com\\\/es\\\/rally\\\/isidre-esteve-sobrevive-a-una-ardua-primera-etapa\\\/\"]}]},{\"@type\":\"ImageObject\",\"inLanguage\":\"es\",\"@id\":\"https:\\\/\\\/www.boxrepsol.com\\\/es\\\/rally\\\/isidre-esteve-sobrevive-a-una-ardua-primera-etapa\\\/#primaryimage\",\"url\":\"https:\\\/\\\/bxrepsol.s3.eu-west-1.amazonaws.com\\\/static\\\/2023\\\/10\\\/14184314\\\/Isidre_Esteve_Rally_Marruecos_2023__E1_2.png\",\"contentUrl\":\"https:\\\/\\\/bxrepsol.s3.eu-west-1.amazonaws.com\\\/static\\\/2023\\\/10\\\/14184314\\\/Isidre_Esteve_Rally_Marruecos_2023__E1_2.png\",\"width\":1280,\"height\":600},{\"@type\":\"BreadcrumbList\",\"@id\":\"https:\\\/\\\/www.boxrepsol.com\\\/es\\\/rally\\\/isidre-esteve-sobrevive-a-una-ardua-primera-etapa\\\/#breadcrumb\",\"itemListElement\":[{\"@type\":\"ListItem\",\"position\":1,\"name\":\"Home\",\"item\":\"https:\\\/\\\/www.boxrepsol.com\\\/es\\\/\"},{\"@type\":\"ListItem\",\"position\":2,\"name\":\"Isidre Esteve sobrevive a una ardua primera etapa\"}]},{\"@type\":\"WebSite\",\"@id\":\"https:\\\/\\\/www.boxrepsol.com\\\/es\\\/#website\",\"url\":\"https:\\\/\\\/www.boxrepsol.com\\\/es\\\/\",\"name\":\"Box Repsol\",\"description\":\"Box Repsol Site\",\"publisher\":{\"@id\":\"https:\\\/\\\/www.boxrepsol.com\\\/es\\\/#organization\"},\"potentialAction\":[{\"@type\":\"SearchAction\",\"target\":{\"@type\":\"EntryPoint\",\"urlTemplate\":\"https:\\\/\\\/www.boxrepsol.com\\\/es\\\/?s={search_term_string}\"},\"query-input\":{\"@type\":\"PropertyValueSpecification\",\"valueRequired\":true,\"valueName\":\"search_term_string\"}}],\"inLanguage\":\"es\"},{\"@type\":\"Organization\",\"@id\":\"https:\\\/\\\/www.boxrepsol.com\\\/es\\\/#organization\",\"name\":\"Box Repsol\",\"url\":\"https:\\\/\\\/www.boxrepsol.com\\\/es\\\/\",\"logo\":{\"@type\":\"ImageObject\",\"inLanguage\":\"es\",\"@id\":\"https:\\\/\\\/www.boxrepsol.com\\\/es\\\/#\\\/schema\\\/logo\\\/image\\\/\",\"url\":\"https:\\\/\\\/bxrepsol.s3.eu-west-1.amazonaws.com\\\/static\\\/2025\\\/07\\\/30083337\\\/favicon-96x96-1.png\",\"contentUrl\":\"https:\\\/\\\/bxrepsol.s3.eu-west-1.amazonaws.com\\\/static\\\/2025\\\/07\\\/30083337\\\/favicon-96x96-1.png\",\"width\":96,\"height\":96,\"caption\":\"Box Repsol\"},\"image\":{\"@id\":\"https:\\\/\\\/www.boxrepsol.com\\\/es\\\/#\\\/schema\\\/logo\\\/image\\\/\"},\"sameAs\":[\"https:\\\/\\\/www.facebook.com\\\/BoxRepsol\",\"https:\\\/\\\/x.com\\\/box_repsol\",\"http:\\\/\\\/instagram.com\\\/box_repsol\",\"https:\\\/\\\/www.youtube.com\\\/user\\\/RepsolCompeticion\",\"https:\\\/\\\/www.flickr.com\\\/photos\\\/box_repsol\\\/\"]},{\"@type\":\"Person\",\"@id\":\"https:\\\/\\\/www.boxrepsol.com\\\/es\\\/#\\\/schema\\\/person\\\/c5c2138f2cca251b0ad92b7086bb60b7\",\"name\":\"Redacci\u00f3n Box Repsol\",\"image\":{\"@type\":\"ImageObject\",\"inLanguage\":\"es\",\"@id\":\"https:\\\/\\\/secure.gravatar.com\\\/avatar\\\/adf7b77e38b4419baf32c7e9c21dde01f4e40df611f0978e3006fc4ba0aaab7e?s=96&d=mm&r=g\",\"url\":\"https:\\\/\\\/secure.gravatar.com\\\/avatar\\\/adf7b77e38b4419baf32c7e9c21dde01f4e40df611f0978e3006fc4ba0aaab7e?s=96&d=mm&r=g\",\"contentUrl\":\"https:\\\/\\\/secure.gravatar.com\\\/avatar\\\/adf7b77e38b4419baf32c7e9c21dde01f4e40df611f0978e3006fc4ba0aaab7e?s=96&d=mm&r=g\",\"caption\":\"Redacci\u00f3n Box Repsol\"},\"description\":\"Box Repsol lo forma un equipo de periodistas, community managers, dise\u00f1adores y fot\u00f3grafos con m\u00e1s de 20 a\u00f1os de experiencia en el mundo del motorsport. Hemos vivido el primer mundial de un espa\u00f1ol en la categor\u00eda reina de motociclismo con \u00c1lex Crivill\u00e9, estuvimos en las victorias de Pedrosa y los t\u00edtulos de M\u00e1rquez, acompa\u00f1amos en \u00c1frica a Nani Roma y Marc Coma en sus conquistas del Dakar y hemos vibrado con los t\u00edtulos de Toni Bou en Trial. Adem\u00e1s, en nuestro equipo contamos con expertos en el mundo de las dos y cuatro ruedas tanto de la calle y las carreteras, como de los circuitos. Periodistas que han trabajado en revistas y publicaciones para hacerte llegar desde rutas y consejos de mantenimiento, a curiosidades y trucos de pilotaje.\",\"sameAs\":[\"https:\\\/\\\/www.facebook.com\\\/BoxRepsol\\\/\",\"https:\\\/\\\/www.instagram.com\\\/box_repsol\\\/\",\"https:\\\/\\\/x.com\\\/https:\\\/\\\/twitter.com\\\/box_repsol\",\"https:\\\/\\\/www.youtube.com\\\/@Boxrepsol\"],\"url\":\"https:\\\/\\\/www.boxrepsol.com\\\/es\\\/author\\\/redaccion-box-repsol\\\/\"}]}<\/script>\n<!-- \/ Yoast SEO plugin. -->","yoast_head_json":{"title":"Isidre Esteve sobrevive a una ardua primera etapa - Box Repsol","description":"Isidre Esteve supera una ardua primera etapa: Sigue la tenacidad y resistencia del piloto en esta exigente competici\u00f3n de rally.","canonical":"https:\/\/www.boxrepsol.com\/es\/rally\/isidre-esteve-sobrevive-a-una-ardua-primera-etapa\/","og_locale":"es_ES","og_type":"article","og_title":"Isidre Esteve sobrevive a una ardua primera etapa - Box Repsol","og_description":"Isidre Esteve supera una ardua primera etapa: Sigue la tenacidad y resistencia del piloto en esta exigente competici\u00f3n de rally.","og_url":"https:\/\/www.boxrepsol.com\/es\/rally\/isidre-esteve-sobrevive-a-una-ardua-primera-etapa\/","og_site_name":"Box Repsol","article_publisher":"https:\/\/www.facebook.com\/BoxRepsol","article_author":"https:\/\/www.facebook.com\/BoxRepsol\/","article_published_time":"2023-10-14T20:43:45+00:00","article_modified_time":"2024-04-08T08:35:11+00:00","og_image":[{"width":1280,"height":600,"url":"https:\/\/bxrepsol.s3.eu-west-1.amazonaws.com\/static\/2023\/10\/14184314\/Isidre_Esteve_Rally_Marruecos_2023__E1_2.png","type":"image\/png"}],"author":"Redacci\u00f3n Box Repsol","twitter_card":"summary_large_image","twitter_creator":"@https:\/\/twitter.com\/box_repsol","twitter_site":"@box_repsol","twitter_misc":{"Written by":"Redacci\u00f3n Box Repsol","Est. reading time":"3 minutos"},"schema":{"@context":"https:\/\/schema.org","@graph":[{"@type":"Article","@id":"https:\/\/www.boxrepsol.com\/es\/rally\/isidre-esteve-sobrevive-a-una-ardua-primera-etapa\/#article","isPartOf":{"@id":"https:\/\/www.boxrepsol.com\/es\/rally\/isidre-esteve-sobrevive-a-una-ardua-primera-etapa\/"},"author":{"name":"Redacci\u00f3n Box Repsol","@id":"https:\/\/www.boxrepsol.com\/es\/#\/schema\/person\/c5c2138f2cca251b0ad92b7086bb60b7"},"headline":"Isidre Esteve sobrevive a una ardua primera etapa","datePublished":"2023-10-14T20:43:45+00:00","dateModified":"2024-04-08T08:35:11+00:00","mainEntityOfPage":{"@id":"https:\/\/www.boxrepsol.com\/es\/rally\/isidre-esteve-sobrevive-a-una-ardua-primera-etapa\/"},"wordCount":685,"commentCount":0,"publisher":{"@id":"https:\/\/www.boxrepsol.com\/es\/#organization"},"image":{"@id":"https:\/\/www.boxrepsol.com\/es\/rally\/isidre-esteve-sobrevive-a-una-ardua-primera-etapa\/#primaryimage"},"thumbnailUrl":"https:\/\/bxrepsol.s3.eu-west-1.amazonaws.com\/static\/2023\/10\/14184314\/Isidre_Esteve_Rally_Marruecos_2023__E1_2.png","keywords":["Isidre Esteve","Rally Marruecos"],"articleSection":["Rally"],"inLanguage":"es","potentialAction":[{"@type":"CommentAction","name":"Comment","target":["https:\/\/www.boxrepsol.com\/es\/rally\/isidre-esteve-sobrevive-a-una-ardua-primera-etapa\/#respond"]}]},{"@type":"WebPage","@id":"https:\/\/www.boxrepsol.com\/es\/rally\/isidre-esteve-sobrevive-a-una-ardua-primera-etapa\/","url":"https:\/\/www.boxrepsol.com\/es\/rally\/isidre-esteve-sobrevive-a-una-ardua-primera-etapa\/","name":"Isidre Esteve sobrevive a una ardua primera etapa - Box Repsol","isPartOf":{"@id":"https:\/\/www.boxrepsol.com\/es\/#website"},"primaryImageOfPage":{"@id":"https:\/\/www.boxrepsol.com\/es\/rally\/isidre-esteve-sobrevive-a-una-ardua-primera-etapa\/#primaryimage"},"image":{"@id":"https:\/\/www.boxrepsol.com\/es\/rally\/isidre-esteve-sobrevive-a-una-ardua-primera-etapa\/#primaryimage"},"thumbnailUrl":"https:\/\/bxrepsol.s3.eu-west-1.amazonaws.com\/static\/2023\/10\/14184314\/Isidre_Esteve_Rally_Marruecos_2023__E1_2.png","datePublished":"2023-10-14T20:43:45+00:00","dateModified":"2024-04-08T08:35:11+00:00","description":"Isidre Esteve supera una ardua primera etapa: Sigue la tenacidad y resistencia del piloto en esta exigente competici\u00f3n de rally.","breadcrumb":{"@id":"https:\/\/www.boxrepsol.com\/es\/rally\/isidre-esteve-sobrevive-a-una-ardua-primera-etapa\/#breadcrumb"},"inLanguage":"es","potentialAction":[{"@type":"ReadAction","target":["https:\/\/www.boxrepsol.com\/es\/rally\/isidre-esteve-sobrevive-a-una-ardua-primera-etapa\/"]}]},{"@type":"ImageObject","inLanguage":"es","@id":"https:\/\/www.boxrepsol.com\/es\/rally\/isidre-esteve-sobrevive-a-una-ardua-primera-etapa\/#primaryimage","url":"https:\/\/bxrepsol.s3.eu-west-1.amazonaws.com\/static\/2023\/10\/14184314\/Isidre_Esteve_Rally_Marruecos_2023__E1_2.png","contentUrl":"https:\/\/bxrepsol.s3.eu-west-1.amazonaws.com\/static\/2023\/10\/14184314\/Isidre_Esteve_Rally_Marruecos_2023__E1_2.png","width":1280,"height":600},{"@type":"BreadcrumbList","@id":"https:\/\/www.boxrepsol.com\/es\/rally\/isidre-esteve-sobrevive-a-una-ardua-primera-etapa\/#breadcrumb","itemListElement":[{"@type":"ListItem","position":1,"name":"Home","item":"https:\/\/www.boxrepsol.com\/es\/"},{"@type":"ListItem","position":2,"name":"Isidre Esteve sobrevive a una ardua primera etapa"}]},{"@type":"WebSite","@id":"https:\/\/www.boxrepsol.com\/es\/#website","url":"https:\/\/www.boxrepsol.com\/es\/","name":"Box Repsol","description":"Box Repsol Site","publisher":{"@id":"https:\/\/www.boxrepsol.com\/es\/#organization"},"potentialAction":[{"@type":"SearchAction","target":{"@type":"EntryPoint","urlTemplate":"https:\/\/www.boxrepsol.com\/es\/?s={search_term_string}"},"query-input":{"@type":"PropertyValueSpecification","valueRequired":true,"valueName":"search_term_string"}}],"inLanguage":"es"},{"@type":"Organization","@id":"https:\/\/www.boxrepsol.com\/es\/#organization","name":"Box Repsol","url":"https:\/\/www.boxrepsol.com\/es\/","logo":{"@type":"ImageObject","inLanguage":"es","@id":"https:\/\/www.boxrepsol.com\/es\/#\/schema\/logo\/image\/","url":"https:\/\/bxrepsol.s3.eu-west-1.amazonaws.com\/static\/2025\/07\/30083337\/favicon-96x96-1.png","contentUrl":"https:\/\/bxrepsol.s3.eu-west-1.amazonaws.com\/static\/2025\/07\/30083337\/favicon-96x96-1.png","width":96,"height":96,"caption":"Box Repsol"},"image":{"@id":"https:\/\/www.boxrepsol.com\/es\/#\/schema\/logo\/image\/"},"sameAs":["https:\/\/www.facebook.com\/BoxRepsol","https:\/\/x.com\/box_repsol","http:\/\/instagram.com\/box_repsol","https:\/\/www.youtube.com\/user\/RepsolCompeticion","https:\/\/www.flickr.com\/photos\/box_repsol\/"]},{"@type":"Person","@id":"https:\/\/www.boxrepsol.com\/es\/#\/schema\/person\/c5c2138f2cca251b0ad92b7086bb60b7","name":"Redacci\u00f3n Box Repsol","image":{"@type":"ImageObject","inLanguage":"es","@id":"https:\/\/secure.gravatar.com\/avatar\/adf7b77e38b4419baf32c7e9c21dde01f4e40df611f0978e3006fc4ba0aaab7e?s=96&d=mm&r=g","url":"https:\/\/secure.gravatar.com\/avatar\/adf7b77e38b4419baf32c7e9c21dde01f4e40df611f0978e3006fc4ba0aaab7e?s=96&d=mm&r=g","contentUrl":"https:\/\/secure.gravatar.com\/avatar\/adf7b77e38b4419baf32c7e9c21dde01f4e40df611f0978e3006fc4ba0aaab7e?s=96&d=mm&r=g","caption":"Redacci\u00f3n Box Repsol"},"description":"Box Repsol lo forma un equipo de periodistas, community managers, dise\u00f1adores y fot\u00f3grafos con m\u00e1s de 20 a\u00f1os de experiencia en el mundo del motorsport. Hemos vivido el primer mundial de un espa\u00f1ol en la categor\u00eda reina de motociclismo con \u00c1lex Crivill\u00e9, estuvimos en las victorias de Pedrosa y los t\u00edtulos de M\u00e1rquez, acompa\u00f1amos en \u00c1frica a Nani Roma y Marc Coma en sus conquistas del Dakar y hemos vibrado con los t\u00edtulos de Toni Bou en Trial. Adem\u00e1s, en nuestro equipo contamos con expertos en el mundo de las dos y cuatro ruedas tanto de la calle y las carreteras, como de los circuitos. Periodistas que han trabajado en revistas y publicaciones para hacerte llegar desde rutas y consejos de mantenimiento, a curiosidades y trucos de pilotaje.","sameAs":["https:\/\/www.facebook.com\/BoxRepsol\/","https:\/\/www.instagram.com\/box_repsol\/","https:\/\/x.com\/https:\/\/twitter.com\/box_repsol","https:\/\/www.youtube.com\/@Boxrepsol"],"url":"https:\/\/www.boxrepsol.com\/es\/author\/redaccion-box-repsol\/"}]}},"_links":{"self":[{"href":"https:\/\/www.boxrepsol.com\/es\/wp-json\/wp\/v2\/posts\/106233","targetHints":{"allow":["GET"]}}],"collection":[{"href":"https:\/\/www.boxrepsol.com\/es\/wp-json\/wp\/v2\/posts"}],"about":[{"href":"https:\/\/www.boxrepsol.com\/es\/wp-json\/wp\/v2\/types\/post"}],"author":[{"embeddable":true,"href":"https:\/\/www.boxrepsol.com\/es\/wp-json\/wp\/v2\/users\/43146"}],"replies":[{"embeddable":true,"href":"https:\/\/www.boxrepsol.com\/es\/wp-json\/wp\/v2\/comments?post=106233"}],"version-history":[{"count":2,"href":"https:\/\/www.boxrepsol.com\/es\/wp-json\/wp\/v2\/posts\/106233\/revisions"}],"predecessor-version":[{"id":107386,"href":"https:\/\/www.boxrepsol.com\/es\/wp-json\/wp\/v2\/posts\/106233\/revisions\/107386"}],"wp:featuredmedia":[{"embeddable":true,"href":"https:\/\/www.boxrepsol.com\/es\/wp-json\/wp\/v2\/media\/106234"}],"wp:attachment":[{"href":"https:\/\/www.boxrepsol.com\/es\/wp-json\/wp\/v2\/media?parent=106233"}],"wp:term":[{"taxonomy":"category","embeddable":true,"href":"https:\/\/www.boxrepsol.com\/es\/wp-json\/wp\/v2\/categories?post=106233"},{"taxonomy":"post_tag","embeddable":true,"href":"https:\/\/www.boxrepsol.com\/es\/wp-json\/wp\/v2\/tags?post=106233"}],"curies":[{"name":"wp","href":"https:\/\/api.w.org\/{rel}","templated":true}]}}