{"id":106180,"date":"2023-10-13T17:21:25","date_gmt":"2023-10-13T19:21:25","guid":{"rendered":"https:\/\/www.boxrepsol.com\/?p=106180"},"modified":"2024-04-08T06:37:24","modified_gmt":"2024-04-08T08:37:24","slug":"arranque-satisfactorio-de-isidre-esteve-en-el-rally-de-marruecos","status":"publish","type":"post","link":"https:\/\/www.boxrepsol.com\/es\/rally\/arranque-satisfactorio-de-isidre-esteve-en-el-rally-de-marruecos\/","title":{"rendered":"Arranque satisfactorio de Isidre Esteve en el Rally de Marruecos"},"content":{"rendered":"<figure class=\"wp-block-post-featured-image\"><img loading=\"lazy\" decoding=\"async\" width=\"1280\" height=\"600\" src=\"https:\/\/bxrepsol.s3.eu-west-1.amazonaws.com\/static\/2023\/10\/13172020\/Isidre_Esteve_Rally_Marruecos_2023_4.png\" class=\"attachment-post-thumbnail size-post-thumbnail wp-post-image\" alt=\"\" style=\"object-fit:cover;\" srcset=\"https:\/\/bxrepsol.s3.eu-west-1.amazonaws.com\/static\/2023\/10\/13172020\/Isidre_Esteve_Rally_Marruecos_2023_4.png 1280w, https:\/\/bxrepsol.s3.eu-west-1.amazonaws.com\/static\/2023\/10\/13172020\/Isidre_Esteve_Rally_Marruecos_2023_4-300x141.png 300w, https:\/\/bxrepsol.s3.eu-west-1.amazonaws.com\/static\/2023\/10\/13172020\/Isidre_Esteve_Rally_Marruecos_2023_4-1024x480.png 1024w, https:\/\/bxrepsol.s3.eu-west-1.amazonaws.com\/static\/2023\/10\/13172020\/Isidre_Esteve_Rally_Marruecos_2023_4-768x360.png 768w\" sizes=\"auto, (max-width: 1280px) 100vw, 1280px\" \/><\/figure>\n\n\n<p><strong>Al volante del Toyota Hilux T1+, y junto a su copiloto Txema Villalobos, el de Oliana afronta la jornada como una toma de contacto de cara al inicio real de la carrera.<\/strong><\/p>\n\n\n\n<p><strong>\u201cTodo ha ido bien y no hemos cometido errores. Esperamos luchar cada d\u00eda para estar lo m\u00e1s arriba posible y, sobre todo, disfrutar de este magn\u00edfico rally\u201d.<\/strong><\/p>\n\n\n\n<p><strong>Isidre Esteve<\/strong> y <strong>Txema Villalobos<\/strong> han superado sin contratiempos la etapa pr\u00f3logo del Rally de Marruecos. Los pilotos del Repsol Toyota Rally Team han afrontado la jornada como una toma de contacto con la prueba sobre el terreno, antes de que este s\u00e1bado se dispute la primera etapa real de la \u00faltima cita del <strong>Campeonato del Mundo de Rally-Raid<\/strong>. El Rally de Marruecos es la segunda carrera de la temporada del equipo espa\u00f1ol, despu\u00e9s de la Baja Arag\u00f3n, y la \u00faltima antes del gran objetivo de la campa\u00f1a, el Dakar 2024.<br><br>Lo apretado de los tiempos en cabeza denota el elevado nivel y la gran igualdad entre el abultado pelot\u00f3n de los favoritos. Esteve y Villalobos empezar\u00e1n este s\u00e1bado la primera etapa del rally desde la 42\u00aa posici\u00f3n en el orden de salida, despu\u00e9s de haber completado en este puesto la pr\u00f3logo de 19 kil\u00f3metros, a apenas 1 minuto y 48 segundos del primero, y en la 23\u00aa posici\u00f3n de la categor\u00eda T1.<br><br>\u201c<em>La T1 es una categor\u00eda muy dif\u00edcil y el Rally de Marruecos es una carrera que me gusta mucho, pero que resulta muy exigente, con cinco etapas bastante largas. Y este a\u00f1o, adem\u00e1s, con r\u00e9cord de participaci\u00f3n en todas las categor\u00edas<\/em>\u201d, razona un Esteve moderadamente satisfecho al t\u00e9rmino de la jornada. Estos primeros kil\u00f3metros han sido su reencuentro con el Toyota Hilux T1+ respaldado por Repsol, MGS Seguros, TOYOTA GAZOO Racing Espa\u00f1a y KH-7, que en Marruecos lleva el n\u00famero 227.<br><br>La especial del d\u00eda era \u201c<em>un poco m\u00e1s larga<\/em>\u201d de lo normal en este tipo de tramos, explica Esteve. \u201c<em>Ten\u00eda una parte r\u00e1pida al principio y una zona de baches al final, muy rota, en la que hemos preferido ser conservadores. Todo ha ido bien, no hemos cometido errores, y el coche est\u00e1 perfecto; como primera toma de contacto con la carrera ha estado bien<\/em>\u201d, valora el piloto de Oliana.&nbsp;<br><br>\u201c<em>Esperamos luchar cada d\u00eda para estar lo m\u00e1s arriba posible y, sobre todo, disfrutar de este magn\u00edfico rally<\/em>\u201d, aventura el piloto, cuyo Toyota Hilux T1+ utiliza los lubricantes y el<strong> combustible renovable <\/strong>(este \u00faltimo, con un 75% de materiales de origen no f\u00f3sil) de <strong>Repsol<\/strong>.<br><br>El <strong>Rally de Marruecos <\/strong>es una prueba decisiva de cara a la preparaci\u00f3n del Dakar, porque la organizaci\u00f3n suele poner en pr\u00e1ctica las caracter\u00edsticas que luego se aplicar\u00e1n en el Dakar, con \u00e9nfasis en la navegaci\u00f3n, los cambios de ritmo y la variedad de pistas. Adem\u00e1s, este a\u00f1o en Marruecos habr\u00e1 que hacer frente al calor, ya que se esperan temperaturas m\u00e1ximas de 40\u00baC.&nbsp;<br><br>\u201c<em>Marruecos ser\u00e1 complicado, como siempre. Lo que m\u00e1s me gusta es la navegaci\u00f3n; estamos expectantes ante los pr\u00f3ximos d\u00edas<\/em>\u201d, reconoce el piloto catal\u00e1n, que gan\u00f3 dos veces esta carrera en moto y el a\u00f1o pasado finaliz\u00f3 s\u00e9ptimo absoluto con el <strong>Repsol Toyota Rally Team.<\/strong><br><br>Este s\u00e1bado, la primera de las cinco etapas del Rally de Marruecos tendr\u00e1 un total de 711 kil\u00f3metros y llevar\u00e1 a la caravana desde Agadir hasta Zagora. La especial del d\u00eda constar\u00e1 de 314 kil\u00f3metros cronometrados. \u201c<em>El tramo tiene una zona r\u00e1pida al principio, luego unas peque\u00f1as dunas y mucha navegaci\u00f3n al final, bastante complicada. Es el tipo de especiales que me gustan<\/em>\u201d, avanza Isidre Esteve.<\/p>\n\n\n\n<div id=\"237f516d-2bb1-4662-b7e8-f256842b5ae2\" class=\"br-slider-box\"><div class=\"wp-block-create-block-repsol-carousel br-slider\"><a target=\"_blank\" href=\"https:\/\/bxrepsol.s3.eu-west-1.amazonaws.com\/static\/2023\/10\/13172102\/Isidre_Esteve_Rally_Marruecos_2023_2-scaled.jpg\" data-index=\"0\" rel=\"noopener\"><img decoding=\"async\" src=\"https:\/\/bxrepsol.s3.eu-west-1.amazonaws.com\/static\/2023\/10\/13172102\/Isidre_Esteve_Rally_Marruecos_2023_2-scaled.jpg\"\/><\/a><a target=\"_blank\" href=\"https:\/\/bxrepsol.s3.eu-west-1.amazonaws.com\/static\/2023\/10\/13172110\/Isidre_Esteve_Rally_Marruecos_2023_3B-scaled.jpg\" data-index=\"1\" rel=\"noopener\"><img decoding=\"async\" src=\"https:\/\/bxrepsol.s3.eu-west-1.amazonaws.com\/static\/2023\/10\/13172110\/Isidre_Esteve_Rally_Marruecos_2023_3B-scaled.jpg\"\/><\/a><a target=\"_blank\" href=\"https:\/\/bxrepsol.s3.eu-west-1.amazonaws.com\/static\/2023\/10\/13172117\/Isidre_Esteve_Rally_Marruecos_2023_4-scaled.jpg\" data-index=\"2\" rel=\"noopener\"><img decoding=\"async\" src=\"https:\/\/bxrepsol.s3.eu-west-1.amazonaws.com\/static\/2023\/10\/13172117\/Isidre_Esteve_Rally_Marruecos_2023_4-scaled.jpg\"\/><\/a><a target=\"_blank\" href=\"https:\/\/bxrepsol.s3.eu-west-1.amazonaws.com\/static\/2023\/10\/13172125\/Isidre_Esteve_Rally_Marruecos_2023_5-scaled.jpg\" data-index=\"3\" rel=\"noopener\"><img decoding=\"async\" src=\"https:\/\/bxrepsol.s3.eu-west-1.amazonaws.com\/static\/2023\/10\/13172125\/Isidre_Esteve_Rally_Marruecos_2023_5-scaled.jpg\"\/><\/a><\/div><div class=\"br-slider-buttons\"><button class=\"arrow rds-icon arrow--left rds-icon-Arrow_left\"><\/button><button class=\"arrow rds-icon arrow--right rds-icon-Arrow_right\"><\/button><\/div><\/div>\n","protected":false},"excerpt":{"rendered":"<p>El piloto del Repsol Toyota Rally Team completa sin contratiempos la etapa pr\u00f3logo de la \u00faltima cita del Campeonato del Mundo de Rally-Raid. <\/p>\n","protected":false},"author":43146,"featured_media":106181,"comment_status":"open","ping_status":"open","sticky":false,"template":"","format":"standard","meta":{"footnotes":""},"categories":[27],"tags":[269,29,339],"class_list":["post-106180","post","type-post","status-publish","format-standard","hentry","category-rally","tag-269","tag-isidre-esteve","tag-rally-marruecos"],"yoast_head":"<!-- This site is optimized with the Yoast SEO plugin v27.3 - https:\/\/yoast.com\/product\/yoast-seo-wordpress\/ -->\n<title>Arranque satisfactorio de Isidre Esteve en el Rally de Marruecos - Box Repsol<\/title>\n<meta name=\"description\" content=\"Arranque satisfactorio de Isidre Esteve en el Rally de Marruecos: descubre c\u00f3mo el piloto comenz\u00f3 con \u00e9xito esta emocionante competici\u00f3n.\" \/>\n<link rel=\"canonical\" href=\"https:\/\/www.boxrepsol.com\/es\/rally\/arranque-satisfactorio-de-isidre-esteve-en-el-rally-de-marruecos\/\" \/>\n<meta property=\"og:locale\" content=\"es_ES\" \/>\n<meta property=\"og:type\" content=\"article\" \/>\n<meta property=\"og:title\" content=\"Arranque satisfactorio de Isidre Esteve en el Rally de Marruecos - Box Repsol\" \/>\n<meta property=\"og:description\" content=\"Arranque satisfactorio de Isidre Esteve en el Rally de Marruecos: descubre c\u00f3mo el piloto comenz\u00f3 con \u00e9xito esta emocionante competici\u00f3n.\" \/>\n<meta property=\"og:url\" content=\"https:\/\/www.boxrepsol.com\/es\/rally\/arranque-satisfactorio-de-isidre-esteve-en-el-rally-de-marruecos\/\" \/>\n<meta property=\"og:site_name\" content=\"Box Repsol\" \/>\n<meta property=\"article:publisher\" content=\"https:\/\/www.facebook.com\/BoxRepsol\" \/>\n<meta property=\"article:author\" content=\"https:\/\/www.facebook.com\/BoxRepsol\/\" \/>\n<meta property=\"article:published_time\" content=\"2023-10-13T19:21:25+00:00\" \/>\n<meta property=\"article:modified_time\" content=\"2024-04-08T08:37:24+00:00\" \/>\n<meta property=\"og:image\" content=\"https:\/\/bxrepsol.s3.eu-west-1.amazonaws.com\/static\/2023\/10\/13172020\/Isidre_Esteve_Rally_Marruecos_2023_4.png\" \/>\n\t<meta property=\"og:image:width\" content=\"1280\" \/>\n\t<meta property=\"og:image:height\" content=\"600\" \/>\n\t<meta property=\"og:image:type\" content=\"image\/png\" \/>\n<meta name=\"author\" content=\"Redacci\u00f3n Box Repsol\" \/>\n<meta name=\"twitter:card\" content=\"summary_large_image\" \/>\n<meta name=\"twitter:creator\" content=\"@https:\/\/twitter.com\/box_repsol\" \/>\n<meta name=\"twitter:site\" content=\"@box_repsol\" \/>\n<meta name=\"twitter:label1\" content=\"Written by\" \/>\n\t<meta name=\"twitter:data1\" content=\"Redacci\u00f3n Box Repsol\" \/>\n\t<meta name=\"twitter:label2\" content=\"Est. reading time\" \/>\n\t<meta name=\"twitter:data2\" content=\"3 minutos\" \/>\n<script type=\"application\/ld+json\" class=\"yoast-schema-graph\">{\"@context\":\"https:\\\/\\\/schema.org\",\"@graph\":[{\"@type\":\"Article\",\"@id\":\"https:\\\/\\\/www.boxrepsol.com\\\/es\\\/rally\\\/arranque-satisfactorio-de-isidre-esteve-en-el-rally-de-marruecos\\\/#article\",\"isPartOf\":{\"@id\":\"https:\\\/\\\/www.boxrepsol.com\\\/es\\\/rally\\\/arranque-satisfactorio-de-isidre-esteve-en-el-rally-de-marruecos\\\/\"},\"author\":{\"name\":\"Redacci\u00f3n Box Repsol\",\"@id\":\"https:\\\/\\\/www.boxrepsol.com\\\/es\\\/#\\\/schema\\\/person\\\/c5c2138f2cca251b0ad92b7086bb60b7\"},\"headline\":\"Arranque satisfactorio de Isidre Esteve en el Rally de Marruecos\",\"datePublished\":\"2023-10-13T19:21:25+00:00\",\"dateModified\":\"2024-04-08T08:37:24+00:00\",\"mainEntityOfPage\":{\"@id\":\"https:\\\/\\\/www.boxrepsol.com\\\/es\\\/rally\\\/arranque-satisfactorio-de-isidre-esteve-en-el-rally-de-marruecos\\\/\"},\"wordCount\":654,\"commentCount\":0,\"publisher\":{\"@id\":\"https:\\\/\\\/www.boxrepsol.com\\\/es\\\/#organization\"},\"image\":{\"@id\":\"https:\\\/\\\/www.boxrepsol.com\\\/es\\\/rally\\\/arranque-satisfactorio-de-isidre-esteve-en-el-rally-de-marruecos\\\/#primaryimage\"},\"thumbnailUrl\":\"https:\\\/\\\/bxrepsol.s3.eu-west-1.amazonaws.com\\\/static\\\/2023\\\/10\\\/13172020\\\/Isidre_Esteve_Rally_Marruecos_2023_4.png\",\"keywords\":[\"2023\",\"Isidre Esteve\",\"Rally Marruecos\"],\"articleSection\":[\"Rally\"],\"inLanguage\":\"es\",\"potentialAction\":[{\"@type\":\"CommentAction\",\"name\":\"Comment\",\"target\":[\"https:\\\/\\\/www.boxrepsol.com\\\/es\\\/rally\\\/arranque-satisfactorio-de-isidre-esteve-en-el-rally-de-marruecos\\\/#respond\"]}]},{\"@type\":\"WebPage\",\"@id\":\"https:\\\/\\\/www.boxrepsol.com\\\/es\\\/rally\\\/arranque-satisfactorio-de-isidre-esteve-en-el-rally-de-marruecos\\\/\",\"url\":\"https:\\\/\\\/www.boxrepsol.com\\\/es\\\/rally\\\/arranque-satisfactorio-de-isidre-esteve-en-el-rally-de-marruecos\\\/\",\"name\":\"Arranque satisfactorio de Isidre Esteve en el Rally de Marruecos - Box Repsol\",\"isPartOf\":{\"@id\":\"https:\\\/\\\/www.boxrepsol.com\\\/es\\\/#website\"},\"primaryImageOfPage\":{\"@id\":\"https:\\\/\\\/www.boxrepsol.com\\\/es\\\/rally\\\/arranque-satisfactorio-de-isidre-esteve-en-el-rally-de-marruecos\\\/#primaryimage\"},\"image\":{\"@id\":\"https:\\\/\\\/www.boxrepsol.com\\\/es\\\/rally\\\/arranque-satisfactorio-de-isidre-esteve-en-el-rally-de-marruecos\\\/#primaryimage\"},\"thumbnailUrl\":\"https:\\\/\\\/bxrepsol.s3.eu-west-1.amazonaws.com\\\/static\\\/2023\\\/10\\\/13172020\\\/Isidre_Esteve_Rally_Marruecos_2023_4.png\",\"datePublished\":\"2023-10-13T19:21:25+00:00\",\"dateModified\":\"2024-04-08T08:37:24+00:00\",\"description\":\"Arranque satisfactorio de Isidre Esteve en el Rally de Marruecos: descubre c\u00f3mo el piloto comenz\u00f3 con \u00e9xito esta emocionante competici\u00f3n.\",\"breadcrumb\":{\"@id\":\"https:\\\/\\\/www.boxrepsol.com\\\/es\\\/rally\\\/arranque-satisfactorio-de-isidre-esteve-en-el-rally-de-marruecos\\\/#breadcrumb\"},\"inLanguage\":\"es\",\"potentialAction\":[{\"@type\":\"ReadAction\",\"target\":[\"https:\\\/\\\/www.boxrepsol.com\\\/es\\\/rally\\\/arranque-satisfactorio-de-isidre-esteve-en-el-rally-de-marruecos\\\/\"]}]},{\"@type\":\"ImageObject\",\"inLanguage\":\"es\",\"@id\":\"https:\\\/\\\/www.boxrepsol.com\\\/es\\\/rally\\\/arranque-satisfactorio-de-isidre-esteve-en-el-rally-de-marruecos\\\/#primaryimage\",\"url\":\"https:\\\/\\\/bxrepsol.s3.eu-west-1.amazonaws.com\\\/static\\\/2023\\\/10\\\/13172020\\\/Isidre_Esteve_Rally_Marruecos_2023_4.png\",\"contentUrl\":\"https:\\\/\\\/bxrepsol.s3.eu-west-1.amazonaws.com\\\/static\\\/2023\\\/10\\\/13172020\\\/Isidre_Esteve_Rally_Marruecos_2023_4.png\",\"width\":1280,\"height\":600},{\"@type\":\"BreadcrumbList\",\"@id\":\"https:\\\/\\\/www.boxrepsol.com\\\/es\\\/rally\\\/arranque-satisfactorio-de-isidre-esteve-en-el-rally-de-marruecos\\\/#breadcrumb\",\"itemListElement\":[{\"@type\":\"ListItem\",\"position\":1,\"name\":\"Home\",\"item\":\"https:\\\/\\\/www.boxrepsol.com\\\/es\\\/\"},{\"@type\":\"ListItem\",\"position\":2,\"name\":\"Arranque satisfactorio de Isidre Esteve en el Rally de Marruecos\"}]},{\"@type\":\"WebSite\",\"@id\":\"https:\\\/\\\/www.boxrepsol.com\\\/es\\\/#website\",\"url\":\"https:\\\/\\\/www.boxrepsol.com\\\/es\\\/\",\"name\":\"Box Repsol\",\"description\":\"Box Repsol Site\",\"publisher\":{\"@id\":\"https:\\\/\\\/www.boxrepsol.com\\\/es\\\/#organization\"},\"potentialAction\":[{\"@type\":\"SearchAction\",\"target\":{\"@type\":\"EntryPoint\",\"urlTemplate\":\"https:\\\/\\\/www.boxrepsol.com\\\/es\\\/?s={search_term_string}\"},\"query-input\":{\"@type\":\"PropertyValueSpecification\",\"valueRequired\":true,\"valueName\":\"search_term_string\"}}],\"inLanguage\":\"es\"},{\"@type\":\"Organization\",\"@id\":\"https:\\\/\\\/www.boxrepsol.com\\\/es\\\/#organization\",\"name\":\"Box Repsol\",\"url\":\"https:\\\/\\\/www.boxrepsol.com\\\/es\\\/\",\"logo\":{\"@type\":\"ImageObject\",\"inLanguage\":\"es\",\"@id\":\"https:\\\/\\\/www.boxrepsol.com\\\/es\\\/#\\\/schema\\\/logo\\\/image\\\/\",\"url\":\"https:\\\/\\\/bxrepsol.s3.eu-west-1.amazonaws.com\\\/static\\\/2025\\\/07\\\/30083337\\\/favicon-96x96-1.png\",\"contentUrl\":\"https:\\\/\\\/bxrepsol.s3.eu-west-1.amazonaws.com\\\/static\\\/2025\\\/07\\\/30083337\\\/favicon-96x96-1.png\",\"width\":96,\"height\":96,\"caption\":\"Box Repsol\"},\"image\":{\"@id\":\"https:\\\/\\\/www.boxrepsol.com\\\/es\\\/#\\\/schema\\\/logo\\\/image\\\/\"},\"sameAs\":[\"https:\\\/\\\/www.facebook.com\\\/BoxRepsol\",\"https:\\\/\\\/x.com\\\/box_repsol\",\"http:\\\/\\\/instagram.com\\\/box_repsol\",\"https:\\\/\\\/www.youtube.com\\\/user\\\/RepsolCompeticion\",\"https:\\\/\\\/www.flickr.com\\\/photos\\\/box_repsol\\\/\"]},{\"@type\":\"Person\",\"@id\":\"https:\\\/\\\/www.boxrepsol.com\\\/es\\\/#\\\/schema\\\/person\\\/c5c2138f2cca251b0ad92b7086bb60b7\",\"name\":\"Redacci\u00f3n Box Repsol\",\"image\":{\"@type\":\"ImageObject\",\"inLanguage\":\"es\",\"@id\":\"https:\\\/\\\/secure.gravatar.com\\\/avatar\\\/adf7b77e38b4419baf32c7e9c21dde01f4e40df611f0978e3006fc4ba0aaab7e?s=96&d=mm&r=g\",\"url\":\"https:\\\/\\\/secure.gravatar.com\\\/avatar\\\/adf7b77e38b4419baf32c7e9c21dde01f4e40df611f0978e3006fc4ba0aaab7e?s=96&d=mm&r=g\",\"contentUrl\":\"https:\\\/\\\/secure.gravatar.com\\\/avatar\\\/adf7b77e38b4419baf32c7e9c21dde01f4e40df611f0978e3006fc4ba0aaab7e?s=96&d=mm&r=g\",\"caption\":\"Redacci\u00f3n Box Repsol\"},\"description\":\"Box Repsol lo forma un equipo de periodistas, community managers, dise\u00f1adores y fot\u00f3grafos con m\u00e1s de 20 a\u00f1os de experiencia en el mundo del motorsport. Hemos vivido el primer mundial de un espa\u00f1ol en la categor\u00eda reina de motociclismo con \u00c1lex Crivill\u00e9, estuvimos en las victorias de Pedrosa y los t\u00edtulos de M\u00e1rquez, acompa\u00f1amos en \u00c1frica a Nani Roma y Marc Coma en sus conquistas del Dakar y hemos vibrado con los t\u00edtulos de Toni Bou en Trial. Adem\u00e1s, en nuestro equipo contamos con expertos en el mundo de las dos y cuatro ruedas tanto de la calle y las carreteras, como de los circuitos. Periodistas que han trabajado en revistas y publicaciones para hacerte llegar desde rutas y consejos de mantenimiento, a curiosidades y trucos de pilotaje.\",\"sameAs\":[\"https:\\\/\\\/www.facebook.com\\\/BoxRepsol\\\/\",\"https:\\\/\\\/www.instagram.com\\\/box_repsol\\\/\",\"https:\\\/\\\/x.com\\\/https:\\\/\\\/twitter.com\\\/box_repsol\",\"https:\\\/\\\/www.youtube.com\\\/@Boxrepsol\"],\"url\":\"https:\\\/\\\/www.boxrepsol.com\\\/es\\\/author\\\/redaccion-box-repsol\\\/\"}]}<\/script>\n<!-- \/ Yoast SEO plugin. -->","yoast_head_json":{"title":"Arranque satisfactorio de Isidre Esteve en el Rally de Marruecos - Box Repsol","description":"Arranque satisfactorio de Isidre Esteve en el Rally de Marruecos: descubre c\u00f3mo el piloto comenz\u00f3 con \u00e9xito esta emocionante competici\u00f3n.","canonical":"https:\/\/www.boxrepsol.com\/es\/rally\/arranque-satisfactorio-de-isidre-esteve-en-el-rally-de-marruecos\/","og_locale":"es_ES","og_type":"article","og_title":"Arranque satisfactorio de Isidre Esteve en el Rally de Marruecos - Box Repsol","og_description":"Arranque satisfactorio de Isidre Esteve en el Rally de Marruecos: descubre c\u00f3mo el piloto comenz\u00f3 con \u00e9xito esta emocionante competici\u00f3n.","og_url":"https:\/\/www.boxrepsol.com\/es\/rally\/arranque-satisfactorio-de-isidre-esteve-en-el-rally-de-marruecos\/","og_site_name":"Box Repsol","article_publisher":"https:\/\/www.facebook.com\/BoxRepsol","article_author":"https:\/\/www.facebook.com\/BoxRepsol\/","article_published_time":"2023-10-13T19:21:25+00:00","article_modified_time":"2024-04-08T08:37:24+00:00","og_image":[{"width":1280,"height":600,"url":"https:\/\/bxrepsol.s3.eu-west-1.amazonaws.com\/static\/2023\/10\/13172020\/Isidre_Esteve_Rally_Marruecos_2023_4.png","type":"image\/png"}],"author":"Redacci\u00f3n Box Repsol","twitter_card":"summary_large_image","twitter_creator":"@https:\/\/twitter.com\/box_repsol","twitter_site":"@box_repsol","twitter_misc":{"Written by":"Redacci\u00f3n Box Repsol","Est. reading time":"3 minutos"},"schema":{"@context":"https:\/\/schema.org","@graph":[{"@type":"Article","@id":"https:\/\/www.boxrepsol.com\/es\/rally\/arranque-satisfactorio-de-isidre-esteve-en-el-rally-de-marruecos\/#article","isPartOf":{"@id":"https:\/\/www.boxrepsol.com\/es\/rally\/arranque-satisfactorio-de-isidre-esteve-en-el-rally-de-marruecos\/"},"author":{"name":"Redacci\u00f3n Box Repsol","@id":"https:\/\/www.boxrepsol.com\/es\/#\/schema\/person\/c5c2138f2cca251b0ad92b7086bb60b7"},"headline":"Arranque satisfactorio de Isidre Esteve en el Rally de Marruecos","datePublished":"2023-10-13T19:21:25+00:00","dateModified":"2024-04-08T08:37:24+00:00","mainEntityOfPage":{"@id":"https:\/\/www.boxrepsol.com\/es\/rally\/arranque-satisfactorio-de-isidre-esteve-en-el-rally-de-marruecos\/"},"wordCount":654,"commentCount":0,"publisher":{"@id":"https:\/\/www.boxrepsol.com\/es\/#organization"},"image":{"@id":"https:\/\/www.boxrepsol.com\/es\/rally\/arranque-satisfactorio-de-isidre-esteve-en-el-rally-de-marruecos\/#primaryimage"},"thumbnailUrl":"https:\/\/bxrepsol.s3.eu-west-1.amazonaws.com\/static\/2023\/10\/13172020\/Isidre_Esteve_Rally_Marruecos_2023_4.png","keywords":["2023","Isidre Esteve","Rally Marruecos"],"articleSection":["Rally"],"inLanguage":"es","potentialAction":[{"@type":"CommentAction","name":"Comment","target":["https:\/\/www.boxrepsol.com\/es\/rally\/arranque-satisfactorio-de-isidre-esteve-en-el-rally-de-marruecos\/#respond"]}]},{"@type":"WebPage","@id":"https:\/\/www.boxrepsol.com\/es\/rally\/arranque-satisfactorio-de-isidre-esteve-en-el-rally-de-marruecos\/","url":"https:\/\/www.boxrepsol.com\/es\/rally\/arranque-satisfactorio-de-isidre-esteve-en-el-rally-de-marruecos\/","name":"Arranque satisfactorio de Isidre Esteve en el Rally de Marruecos - Box Repsol","isPartOf":{"@id":"https:\/\/www.boxrepsol.com\/es\/#website"},"primaryImageOfPage":{"@id":"https:\/\/www.boxrepsol.com\/es\/rally\/arranque-satisfactorio-de-isidre-esteve-en-el-rally-de-marruecos\/#primaryimage"},"image":{"@id":"https:\/\/www.boxrepsol.com\/es\/rally\/arranque-satisfactorio-de-isidre-esteve-en-el-rally-de-marruecos\/#primaryimage"},"thumbnailUrl":"https:\/\/bxrepsol.s3.eu-west-1.amazonaws.com\/static\/2023\/10\/13172020\/Isidre_Esteve_Rally_Marruecos_2023_4.png","datePublished":"2023-10-13T19:21:25+00:00","dateModified":"2024-04-08T08:37:24+00:00","description":"Arranque satisfactorio de Isidre Esteve en el Rally de Marruecos: descubre c\u00f3mo el piloto comenz\u00f3 con \u00e9xito esta emocionante competici\u00f3n.","breadcrumb":{"@id":"https:\/\/www.boxrepsol.com\/es\/rally\/arranque-satisfactorio-de-isidre-esteve-en-el-rally-de-marruecos\/#breadcrumb"},"inLanguage":"es","potentialAction":[{"@type":"ReadAction","target":["https:\/\/www.boxrepsol.com\/es\/rally\/arranque-satisfactorio-de-isidre-esteve-en-el-rally-de-marruecos\/"]}]},{"@type":"ImageObject","inLanguage":"es","@id":"https:\/\/www.boxrepsol.com\/es\/rally\/arranque-satisfactorio-de-isidre-esteve-en-el-rally-de-marruecos\/#primaryimage","url":"https:\/\/bxrepsol.s3.eu-west-1.amazonaws.com\/static\/2023\/10\/13172020\/Isidre_Esteve_Rally_Marruecos_2023_4.png","contentUrl":"https:\/\/bxrepsol.s3.eu-west-1.amazonaws.com\/static\/2023\/10\/13172020\/Isidre_Esteve_Rally_Marruecos_2023_4.png","width":1280,"height":600},{"@type":"BreadcrumbList","@id":"https:\/\/www.boxrepsol.com\/es\/rally\/arranque-satisfactorio-de-isidre-esteve-en-el-rally-de-marruecos\/#breadcrumb","itemListElement":[{"@type":"ListItem","position":1,"name":"Home","item":"https:\/\/www.boxrepsol.com\/es\/"},{"@type":"ListItem","position":2,"name":"Arranque satisfactorio de Isidre Esteve en el Rally de Marruecos"}]},{"@type":"WebSite","@id":"https:\/\/www.boxrepsol.com\/es\/#website","url":"https:\/\/www.boxrepsol.com\/es\/","name":"Box Repsol","description":"Box Repsol Site","publisher":{"@id":"https:\/\/www.boxrepsol.com\/es\/#organization"},"potentialAction":[{"@type":"SearchAction","target":{"@type":"EntryPoint","urlTemplate":"https:\/\/www.boxrepsol.com\/es\/?s={search_term_string}"},"query-input":{"@type":"PropertyValueSpecification","valueRequired":true,"valueName":"search_term_string"}}],"inLanguage":"es"},{"@type":"Organization","@id":"https:\/\/www.boxrepsol.com\/es\/#organization","name":"Box Repsol","url":"https:\/\/www.boxrepsol.com\/es\/","logo":{"@type":"ImageObject","inLanguage":"es","@id":"https:\/\/www.boxrepsol.com\/es\/#\/schema\/logo\/image\/","url":"https:\/\/bxrepsol.s3.eu-west-1.amazonaws.com\/static\/2025\/07\/30083337\/favicon-96x96-1.png","contentUrl":"https:\/\/bxrepsol.s3.eu-west-1.amazonaws.com\/static\/2025\/07\/30083337\/favicon-96x96-1.png","width":96,"height":96,"caption":"Box Repsol"},"image":{"@id":"https:\/\/www.boxrepsol.com\/es\/#\/schema\/logo\/image\/"},"sameAs":["https:\/\/www.facebook.com\/BoxRepsol","https:\/\/x.com\/box_repsol","http:\/\/instagram.com\/box_repsol","https:\/\/www.youtube.com\/user\/RepsolCompeticion","https:\/\/www.flickr.com\/photos\/box_repsol\/"]},{"@type":"Person","@id":"https:\/\/www.boxrepsol.com\/es\/#\/schema\/person\/c5c2138f2cca251b0ad92b7086bb60b7","name":"Redacci\u00f3n Box Repsol","image":{"@type":"ImageObject","inLanguage":"es","@id":"https:\/\/secure.gravatar.com\/avatar\/adf7b77e38b4419baf32c7e9c21dde01f4e40df611f0978e3006fc4ba0aaab7e?s=96&d=mm&r=g","url":"https:\/\/secure.gravatar.com\/avatar\/adf7b77e38b4419baf32c7e9c21dde01f4e40df611f0978e3006fc4ba0aaab7e?s=96&d=mm&r=g","contentUrl":"https:\/\/secure.gravatar.com\/avatar\/adf7b77e38b4419baf32c7e9c21dde01f4e40df611f0978e3006fc4ba0aaab7e?s=96&d=mm&r=g","caption":"Redacci\u00f3n Box Repsol"},"description":"Box Repsol lo forma un equipo de periodistas, community managers, dise\u00f1adores y fot\u00f3grafos con m\u00e1s de 20 a\u00f1os de experiencia en el mundo del motorsport. Hemos vivido el primer mundial de un espa\u00f1ol en la categor\u00eda reina de motociclismo con \u00c1lex Crivill\u00e9, estuvimos en las victorias de Pedrosa y los t\u00edtulos de M\u00e1rquez, acompa\u00f1amos en \u00c1frica a Nani Roma y Marc Coma en sus conquistas del Dakar y hemos vibrado con los t\u00edtulos de Toni Bou en Trial. Adem\u00e1s, en nuestro equipo contamos con expertos en el mundo de las dos y cuatro ruedas tanto de la calle y las carreteras, como de los circuitos. Periodistas que han trabajado en revistas y publicaciones para hacerte llegar desde rutas y consejos de mantenimiento, a curiosidades y trucos de pilotaje.","sameAs":["https:\/\/www.facebook.com\/BoxRepsol\/","https:\/\/www.instagram.com\/box_repsol\/","https:\/\/x.com\/https:\/\/twitter.com\/box_repsol","https:\/\/www.youtube.com\/@Boxrepsol"],"url":"https:\/\/www.boxrepsol.com\/es\/author\/redaccion-box-repsol\/"}]}},"_links":{"self":[{"href":"https:\/\/www.boxrepsol.com\/es\/wp-json\/wp\/v2\/posts\/106180","targetHints":{"allow":["GET"]}}],"collection":[{"href":"https:\/\/www.boxrepsol.com\/es\/wp-json\/wp\/v2\/posts"}],"about":[{"href":"https:\/\/www.boxrepsol.com\/es\/wp-json\/wp\/v2\/types\/post"}],"author":[{"embeddable":true,"href":"https:\/\/www.boxrepsol.com\/es\/wp-json\/wp\/v2\/users\/43146"}],"replies":[{"embeddable":true,"href":"https:\/\/www.boxrepsol.com\/es\/wp-json\/wp\/v2\/comments?post=106180"}],"version-history":[{"count":3,"href":"https:\/\/www.boxrepsol.com\/es\/wp-json\/wp\/v2\/posts\/106180\/revisions"}],"predecessor-version":[{"id":107385,"href":"https:\/\/www.boxrepsol.com\/es\/wp-json\/wp\/v2\/posts\/106180\/revisions\/107385"}],"wp:featuredmedia":[{"embeddable":true,"href":"https:\/\/www.boxrepsol.com\/es\/wp-json\/wp\/v2\/media\/106181"}],"wp:attachment":[{"href":"https:\/\/www.boxrepsol.com\/es\/wp-json\/wp\/v2\/media?parent=106180"}],"wp:term":[{"taxonomy":"category","embeddable":true,"href":"https:\/\/www.boxrepsol.com\/es\/wp-json\/wp\/v2\/categories?post=106180"},{"taxonomy":"post_tag","embeddable":true,"href":"https:\/\/www.boxrepsol.com\/es\/wp-json\/wp\/v2\/tags?post=106180"}],"curies":[{"name":"wp","href":"https:\/\/api.w.org\/{rel}","templated":true}]}}