{"id":106058,"date":"2023-10-10T08:05:23","date_gmt":"2023-10-10T10:05:23","guid":{"rendered":"https:\/\/www.boxrepsol.com\/?p=106058"},"modified":"2024-04-08T06:38:36","modified_gmt":"2024-04-08T08:38:36","slug":"isidre-esteve-llega-al-rally-de-marruecos-en-un-momento-de-dulce","status":"publish","type":"post","link":"https:\/\/www.boxrepsol.com\/es\/rally\/isidre-esteve-llega-al-rally-de-marruecos-en-un-momento-de-dulce\/","title":{"rendered":"Isidre Esteve llega al Rally de Marruecos en un momento de dulce"},"content":{"rendered":"<figure class=\"wp-block-post-featured-image\"><img loading=\"lazy\" decoding=\"async\" width=\"2560\" height=\"1706\" src=\"https:\/\/bxrepsol.s3.eu-west-1.amazonaws.com\/static\/2023\/10\/10073136\/Isidre-Esteve-1-scaled.jpg\" class=\"attachment-post-thumbnail size-post-thumbnail wp-post-image\" alt=\"Isidre Esteve, preparado para el Rally de Marruecos\" style=\"object-fit:cover;\" srcset=\"https:\/\/bxrepsol.s3.eu-west-1.amazonaws.com\/static\/2023\/10\/10073136\/Isidre-Esteve-1-scaled.jpg 2560w, https:\/\/bxrepsol.s3.eu-west-1.amazonaws.com\/static\/2023\/10\/10073136\/Isidre-Esteve-1-300x200.jpg 300w, https:\/\/bxrepsol.s3.eu-west-1.amazonaws.com\/static\/2023\/10\/10073136\/Isidre-Esteve-1-1024x683.jpg 1024w, https:\/\/bxrepsol.s3.eu-west-1.amazonaws.com\/static\/2023\/10\/10073136\/Isidre-Esteve-1-768x512.jpg 768w, https:\/\/bxrepsol.s3.eu-west-1.amazonaws.com\/static\/2023\/10\/10073136\/Isidre-Esteve-1-1536x1024.jpg 1536w, https:\/\/bxrepsol.s3.eu-west-1.amazonaws.com\/static\/2023\/10\/10073136\/Isidre-Esteve-1-2048x1365.jpg 2048w\" sizes=\"auto, (max-width: 2560px) 100vw, 2560px\" \/><\/figure>\n\n\n<p><strong>Isidre Esteve y Txema Villalobos<\/strong> ya est\u00e1n en Agadir, donde este viernes arrancar\u00e1 la 24\u00aa edici\u00f3n del Rally de Marruecos, la \u00faltima prueba puntuable para el Campeonato del Mundo de Rally-Raid. La dupla del Repsol Toyota Rally Team llega a la cita en un momento dulce, despu\u00e9s del salto adelante al volante del Toyota Hilux T1+ <a href=\"https:\/\/www.boxrepsol.com\/es\/rally\/isidre-esteve-redondea-una-gran-actuacion-en-la-baja-aragon\/\">en la pasada Baja Arag\u00f3n<\/a>, y con el recuerdo<strong> de la 7\u00aa posici\u00f3n del a\u00f1o pasado<\/strong> en Marruecos, el mejor resultado en coche de Esteve en el Mundial. El prop\u00f3sito es seguir en esta l\u00ednea ascendente de cara al Dakar 2024, su gran objetivo.<\/p>\n\n\n\n<p>De hecho, el Rally de Marruecos va a ser un aut\u00e9ntico \u201cmini-Dakar\u201d. La ruta contempla <strong>cinco etapas<\/strong> m\u00e1s <strong>una pr\u00f3logo<\/strong>, con un total de <strong>2.219 kil\u00f3metros<\/strong>, 1.449 de los cuales cronometrados. Por si fuera poco, la inscripci\u00f3n es de un nivel alt\u00edsimo: entre el centenar de coches inscritos se cuentan nada menos que <strong>34 de la categor\u00eda T1<\/strong>. \u201cEst\u00e1n casi todos los que van a estar en el pr\u00f3ximo Dakar\u201d, resume el piloto de Oliana (Lleida), cuyo Toyota Hilux T1+ <strong>lleva el n\u00famero 227<\/strong> y luce los colores de Repsol, MGS Seguros, TOYOTA GAZOO Racing Espa\u00f1a y KH-7.<\/p>\n\n\n\n<p>El Repsol Toyota Rally Team estren\u00f3 este veh\u00edculo de la m\u00e1xima categor\u00eda del rally-raid en la pasada edici\u00f3n del Rally de Marruecos. Desde entonces, la progresi\u00f3n de Esteve y Villalobos ha sido fulgurante. El pasado mes de julio, en la Baja Arag\u00f3n, el equipo protagoniz\u00f3 su actuaci\u00f3n m\u00e1s competitiva hasta la fecha, por ritmo y sensaciones. \u201c<strong>Cada a\u00f1o estamos mejor preparados<\/strong>. Tenemos m\u00e1s experiencia que nunca y somos conscientes de que cada vez somos m\u00e1s r\u00e1pidos, pero tambi\u00e9n de que necesitamos un periodo de adaptaci\u00f3n al coche. Estrenamos el T1+ el a\u00f1o pasado, hemos hecho cambios de cara a esta temporada, <strong>y estamos muy contentos con ellos<\/strong>, como vimos en la Baja Arag\u00f3n. Esperamos que el salto cualitativo que dimos en la Baja se vea reflejado tambi\u00e9n en el Rally de Marruecos\u201d, asevera Esteve.<\/p>\n\n\n\n<figure class=\"wp-block-image size-large\"><img loading=\"lazy\" decoding=\"async\" width=\"1024\" height=\"683\" src=\"https:\/\/bxrepsol.s3.eu-west-1.amazonaws.com\/static\/2023\/10\/10073230\/Isidre-Esteve-2-1024x683.jpg\" alt=\"Isidre Esteve y Txema Villalobos en su Toyota Hilux T1+\" class=\"wp-image-106064\" srcset=\"https:\/\/bxrepsol.s3.eu-west-1.amazonaws.com\/static\/2023\/10\/10073230\/Isidre-Esteve-2-1024x683.jpg 1024w, https:\/\/bxrepsol.s3.eu-west-1.amazonaws.com\/static\/2023\/10\/10073230\/Isidre-Esteve-2-300x200.jpg 300w, https:\/\/bxrepsol.s3.eu-west-1.amazonaws.com\/static\/2023\/10\/10073230\/Isidre-Esteve-2-768x512.jpg 768w, https:\/\/bxrepsol.s3.eu-west-1.amazonaws.com\/static\/2023\/10\/10073230\/Isidre-Esteve-2-1536x1024.jpg 1536w, https:\/\/bxrepsol.s3.eu-west-1.amazonaws.com\/static\/2023\/10\/10073230\/Isidre-Esteve-2-2048x1365.jpg 2048w\" sizes=\"auto, (max-width: 1024px) 100vw, 1024px\" \/><\/figure>\n\n\n\n<p>En concreto, la mejor\u00eda ha venido por el trabajo del equipo<strong> en el setup del coche<\/strong>, sobre todo en los mandos adaptados en el volante. \u201cLlegamos <a href=\"https:\/\/www.boxrepsol.com\/es\/rally\/isidre-esteve-finaliza-uno-de-los-dakar-mas-duros-compitiendo-de-tu-a-tu-con-los-mejores\/\">mucho mejor que el a\u00f1o pasado<\/a>. No paramos de trabajar en los mandos, <strong>especialmente en el del freno, porque es el m\u00e1s delicado para m\u00ed<\/strong>\u201d, detalla Esteve. Con este punto decisivo bien encaminado, ahora puede sacar m\u00e1s rendimiento a su pilotaje y luchar de t\u00fa a t\u00fa con los mejores en un deporte cien por cien inclusivo como el automovilismo off-road.<\/p>\n\n\n\n<p>En su quinta participaci\u00f3n en Marruecos en coche, Esteve asegura que es un rally que le gusta. \u201c<strong>Es un terreno en el que nos encontramos c\u00f3modos<\/strong>, con mucha navegaci\u00f3n y una parte final de arena en Merzouga. Todo lo que se pone en pr\u00e1ctica en Marruecos a nivel deportivo es lo que <a href=\"https:\/\/www.boxrepsol.com\/es\/rally\/el-proyecto-dakar-2024-de-isidre-esteve-se-pone-en-marcha-en-la-baja-espana-aragon\/\">nos encontraremos en el Dakar 2024<\/a>\u201d, explica. Y a\u00f1ade: \u201cLas etapas del Rally de Marruecos siempre son duras, <strong>a veces m\u00e1s que las del Dakar<\/strong>; lo que pasa es que son la mitad de d\u00edas\u201d. Esta dureza ser\u00e1 un bienvenido banco de pruebas tanto para los lubricantes <strong>como para el combustible renovable de Reps<\/strong>ol, ambos utilizados en el Toyota Hilux T1+. Este \u00faltimo se produce en un 75% a partir de materiales de origen no f\u00f3sil.<\/p>\n\n\n\n<figure class=\"wp-block-image size-large\"><img loading=\"lazy\" decoding=\"async\" width=\"1024\" height=\"683\" src=\"https:\/\/bxrepsol.s3.eu-west-1.amazonaws.com\/static\/2023\/10\/10073545\/Isidre-Esteve-3-1024x683.jpg\" alt=\"El Toyota Hilux T1+ durante una etapa de la Baja Arag\u00f3n\" class=\"wp-image-106067\" srcset=\"https:\/\/bxrepsol.s3.eu-west-1.amazonaws.com\/static\/2023\/10\/10073545\/Isidre-Esteve-3-1024x683.jpg 1024w, https:\/\/bxrepsol.s3.eu-west-1.amazonaws.com\/static\/2023\/10\/10073545\/Isidre-Esteve-3-300x200.jpg 300w, https:\/\/bxrepsol.s3.eu-west-1.amazonaws.com\/static\/2023\/10\/10073545\/Isidre-Esteve-3-768x512.jpg 768w, https:\/\/bxrepsol.s3.eu-west-1.amazonaws.com\/static\/2023\/10\/10073545\/Isidre-Esteve-3-1536x1024.jpg 1536w, https:\/\/bxrepsol.s3.eu-west-1.amazonaws.com\/static\/2023\/10\/10073545\/Isidre-Esteve-3-2048x1366.jpg 2048w\" sizes=\"auto, (max-width: 1024px) 100vw, 1024px\" \/><\/figure>\n\n\n\n<p>Este viernes d\u00eda 13 se disputa la etapa pr\u00f3logo en <strong>Agadir<\/strong>, que incluye una corta especial de 19 kil\u00f3metros para abrir boca. La clasificaci\u00f3n del tramo cronometrado determinar\u00e1 el orden de salida para la primera de las cinco etapas de carrera, el s\u00e1bado d\u00eda 14. La quinta y \u00faltima se disputar\u00e1 el mi\u00e9rcoles 18 de octubre. \u201c<strong>Esperamos un rally complicado y completo<\/strong>, que nos vendr\u00e1 muy bien para hacer un buen entrenamiento de cara al Dakar 2024\u201d, sintetiza el piloto del Repsol Toyota Rally Team.<\/p>\n","protected":false},"excerpt":{"rendered":"<p>El piloto del Repsol Toyota Rally Team y su copiloto Txema Villalobos aspiran a seguir en su l\u00ednea ascendente al volante del Toyota Hilux T1+. El Rally de Marruecos punt\u00faa para el Campeonato del Mundo de Rally-Raid y es el \u00faltimo test competitivo del equipo espa\u00f1ol de cara al Dakar 2024, el gran objetivo de la temporada. \u201cEstamos muy contentos con nuestra adaptaci\u00f3n al coche. Esperamos que el salto cualitativo que hemos dado este a\u00f1o se vea reflejado tambi\u00e9n aqu\u00ed\u201d.<\/p>\n","protected":false},"author":43146,"featured_media":106061,"comment_status":"open","ping_status":"open","sticky":false,"template":"","format":"standard","meta":{"footnotes":""},"categories":[27],"tags":[29,339],"class_list":["post-106058","post","type-post","status-publish","format-standard","hentry","category-rally","tag-isidre-esteve","tag-rally-marruecos"],"yoast_head":"<!-- This site is optimized with the Yoast SEO plugin v27.3 - https:\/\/yoast.com\/product\/yoast-seo-wordpress\/ -->\n<title>Isidre Esteve llega al Rally de Marruecos con buenas sensaciones - Box Repsol<\/title>\n<meta name=\"description\" content=\"La dupla formada por Isidre Esteve y Txema Villalobos afronta con garant\u00edas la \u00faltima prueba de fuego antes de disputar el Rally Dakar 2024.\" \/>\n<link rel=\"canonical\" href=\"https:\/\/www.boxrepsol.com\/es\/rally\/isidre-esteve-llega-al-rally-de-marruecos-en-un-momento-de-dulce\/\" \/>\n<meta property=\"og:locale\" content=\"es_ES\" \/>\n<meta property=\"og:type\" content=\"article\" \/>\n<meta property=\"og:title\" content=\"Isidre Esteve llega al Rally de Marruecos con buenas sensaciones - Box Repsol\" \/>\n<meta property=\"og:description\" content=\"La dupla formada por Isidre Esteve y Txema Villalobos afronta con garant\u00edas la \u00faltima prueba de fuego antes de disputar el Rally Dakar 2024.\" \/>\n<meta property=\"og:url\" content=\"https:\/\/www.boxrepsol.com\/es\/rally\/isidre-esteve-llega-al-rally-de-marruecos-en-un-momento-de-dulce\/\" \/>\n<meta property=\"og:site_name\" content=\"Box Repsol\" \/>\n<meta property=\"article:publisher\" content=\"https:\/\/www.facebook.com\/BoxRepsol\" \/>\n<meta property=\"article:author\" content=\"https:\/\/www.facebook.com\/BoxRepsol\/\" \/>\n<meta property=\"article:published_time\" content=\"2023-10-10T10:05:23+00:00\" \/>\n<meta property=\"article:modified_time\" content=\"2024-04-08T08:38:36+00:00\" \/>\n<meta property=\"og:image\" content=\"https:\/\/bxrepsol.s3.eu-west-1.amazonaws.com\/static\/2023\/10\/10073136\/Isidre-Esteve-1-scaled.jpg\" \/>\n\t<meta property=\"og:image:width\" content=\"2560\" \/>\n\t<meta property=\"og:image:height\" content=\"1706\" \/>\n\t<meta property=\"og:image:type\" content=\"image\/jpeg\" \/>\n<meta name=\"author\" content=\"Redacci\u00f3n Box Repsol\" \/>\n<meta name=\"twitter:card\" content=\"summary_large_image\" \/>\n<meta name=\"twitter:creator\" content=\"@https:\/\/twitter.com\/box_repsol\" \/>\n<meta name=\"twitter:site\" content=\"@box_repsol\" \/>\n<meta name=\"twitter:label1\" content=\"Written by\" \/>\n\t<meta name=\"twitter:data1\" content=\"Redacci\u00f3n Box Repsol\" \/>\n\t<meta name=\"twitter:label2\" content=\"Est. reading time\" \/>\n\t<meta name=\"twitter:data2\" content=\"3 minutos\" \/>\n<script type=\"application\/ld+json\" class=\"yoast-schema-graph\">{\"@context\":\"https:\\\/\\\/schema.org\",\"@graph\":[{\"@type\":\"Article\",\"@id\":\"https:\\\/\\\/www.boxrepsol.com\\\/es\\\/rally\\\/isidre-esteve-llega-al-rally-de-marruecos-en-un-momento-de-dulce\\\/#article\",\"isPartOf\":{\"@id\":\"https:\\\/\\\/www.boxrepsol.com\\\/es\\\/rally\\\/isidre-esteve-llega-al-rally-de-marruecos-en-un-momento-de-dulce\\\/\"},\"author\":{\"name\":\"Redacci\u00f3n Box Repsol\",\"@id\":\"https:\\\/\\\/www.boxrepsol.com\\\/es\\\/#\\\/schema\\\/person\\\/c5c2138f2cca251b0ad92b7086bb60b7\"},\"headline\":\"Isidre Esteve llega al Rally de Marruecos en un momento de dulce\",\"datePublished\":\"2023-10-10T10:05:23+00:00\",\"dateModified\":\"2024-04-08T08:38:36+00:00\",\"mainEntityOfPage\":{\"@id\":\"https:\\\/\\\/www.boxrepsol.com\\\/es\\\/rally\\\/isidre-esteve-llega-al-rally-de-marruecos-en-un-momento-de-dulce\\\/\"},\"wordCount\":685,\"commentCount\":0,\"publisher\":{\"@id\":\"https:\\\/\\\/www.boxrepsol.com\\\/es\\\/#organization\"},\"image\":{\"@id\":\"https:\\\/\\\/www.boxrepsol.com\\\/es\\\/rally\\\/isidre-esteve-llega-al-rally-de-marruecos-en-un-momento-de-dulce\\\/#primaryimage\"},\"thumbnailUrl\":\"https:\\\/\\\/bxrepsol.s3.eu-west-1.amazonaws.com\\\/static\\\/2023\\\/10\\\/10073136\\\/Isidre-Esteve-1-scaled.jpg\",\"keywords\":[\"Isidre Esteve\",\"Rally Marruecos\"],\"articleSection\":[\"Rally\"],\"inLanguage\":\"es\",\"potentialAction\":[{\"@type\":\"CommentAction\",\"name\":\"Comment\",\"target\":[\"https:\\\/\\\/www.boxrepsol.com\\\/es\\\/rally\\\/isidre-esteve-llega-al-rally-de-marruecos-en-un-momento-de-dulce\\\/#respond\"]}]},{\"@type\":\"WebPage\",\"@id\":\"https:\\\/\\\/www.boxrepsol.com\\\/es\\\/rally\\\/isidre-esteve-llega-al-rally-de-marruecos-en-un-momento-de-dulce\\\/\",\"url\":\"https:\\\/\\\/www.boxrepsol.com\\\/es\\\/rally\\\/isidre-esteve-llega-al-rally-de-marruecos-en-un-momento-de-dulce\\\/\",\"name\":\"Isidre Esteve llega al Rally de Marruecos con buenas sensaciones - Box Repsol\",\"isPartOf\":{\"@id\":\"https:\\\/\\\/www.boxrepsol.com\\\/es\\\/#website\"},\"primaryImageOfPage\":{\"@id\":\"https:\\\/\\\/www.boxrepsol.com\\\/es\\\/rally\\\/isidre-esteve-llega-al-rally-de-marruecos-en-un-momento-de-dulce\\\/#primaryimage\"},\"image\":{\"@id\":\"https:\\\/\\\/www.boxrepsol.com\\\/es\\\/rally\\\/isidre-esteve-llega-al-rally-de-marruecos-en-un-momento-de-dulce\\\/#primaryimage\"},\"thumbnailUrl\":\"https:\\\/\\\/bxrepsol.s3.eu-west-1.amazonaws.com\\\/static\\\/2023\\\/10\\\/10073136\\\/Isidre-Esteve-1-scaled.jpg\",\"datePublished\":\"2023-10-10T10:05:23+00:00\",\"dateModified\":\"2024-04-08T08:38:36+00:00\",\"description\":\"La dupla formada por Isidre Esteve y Txema Villalobos afronta con garant\u00edas la \u00faltima prueba de fuego antes de disputar el Rally Dakar 2024.\",\"breadcrumb\":{\"@id\":\"https:\\\/\\\/www.boxrepsol.com\\\/es\\\/rally\\\/isidre-esteve-llega-al-rally-de-marruecos-en-un-momento-de-dulce\\\/#breadcrumb\"},\"inLanguage\":\"es\",\"potentialAction\":[{\"@type\":\"ReadAction\",\"target\":[\"https:\\\/\\\/www.boxrepsol.com\\\/es\\\/rally\\\/isidre-esteve-llega-al-rally-de-marruecos-en-un-momento-de-dulce\\\/\"]}]},{\"@type\":\"ImageObject\",\"inLanguage\":\"es\",\"@id\":\"https:\\\/\\\/www.boxrepsol.com\\\/es\\\/rally\\\/isidre-esteve-llega-al-rally-de-marruecos-en-un-momento-de-dulce\\\/#primaryimage\",\"url\":\"https:\\\/\\\/bxrepsol.s3.eu-west-1.amazonaws.com\\\/static\\\/2023\\\/10\\\/10073136\\\/Isidre-Esteve-1-scaled.jpg\",\"contentUrl\":\"https:\\\/\\\/bxrepsol.s3.eu-west-1.amazonaws.com\\\/static\\\/2023\\\/10\\\/10073136\\\/Isidre-Esteve-1-scaled.jpg\",\"width\":2560,\"height\":1706,\"caption\":\"Isidre Esteve, preparado para el Rally de Marruecos\"},{\"@type\":\"BreadcrumbList\",\"@id\":\"https:\\\/\\\/www.boxrepsol.com\\\/es\\\/rally\\\/isidre-esteve-llega-al-rally-de-marruecos-en-un-momento-de-dulce\\\/#breadcrumb\",\"itemListElement\":[{\"@type\":\"ListItem\",\"position\":1,\"name\":\"Home\",\"item\":\"https:\\\/\\\/www.boxrepsol.com\\\/es\\\/\"},{\"@type\":\"ListItem\",\"position\":2,\"name\":\"Isidre Esteve llega al Rally de Marruecos en un momento de dulce\"}]},{\"@type\":\"WebSite\",\"@id\":\"https:\\\/\\\/www.boxrepsol.com\\\/es\\\/#website\",\"url\":\"https:\\\/\\\/www.boxrepsol.com\\\/es\\\/\",\"name\":\"Box Repsol\",\"description\":\"Box Repsol Site\",\"publisher\":{\"@id\":\"https:\\\/\\\/www.boxrepsol.com\\\/es\\\/#organization\"},\"potentialAction\":[{\"@type\":\"SearchAction\",\"target\":{\"@type\":\"EntryPoint\",\"urlTemplate\":\"https:\\\/\\\/www.boxrepsol.com\\\/es\\\/?s={search_term_string}\"},\"query-input\":{\"@type\":\"PropertyValueSpecification\",\"valueRequired\":true,\"valueName\":\"search_term_string\"}}],\"inLanguage\":\"es\"},{\"@type\":\"Organization\",\"@id\":\"https:\\\/\\\/www.boxrepsol.com\\\/es\\\/#organization\",\"name\":\"Box Repsol\",\"url\":\"https:\\\/\\\/www.boxrepsol.com\\\/es\\\/\",\"logo\":{\"@type\":\"ImageObject\",\"inLanguage\":\"es\",\"@id\":\"https:\\\/\\\/www.boxrepsol.com\\\/es\\\/#\\\/schema\\\/logo\\\/image\\\/\",\"url\":\"https:\\\/\\\/bxrepsol.s3.eu-west-1.amazonaws.com\\\/static\\\/2025\\\/07\\\/30083337\\\/favicon-96x96-1.png\",\"contentUrl\":\"https:\\\/\\\/bxrepsol.s3.eu-west-1.amazonaws.com\\\/static\\\/2025\\\/07\\\/30083337\\\/favicon-96x96-1.png\",\"width\":96,\"height\":96,\"caption\":\"Box Repsol\"},\"image\":{\"@id\":\"https:\\\/\\\/www.boxrepsol.com\\\/es\\\/#\\\/schema\\\/logo\\\/image\\\/\"},\"sameAs\":[\"https:\\\/\\\/www.facebook.com\\\/BoxRepsol\",\"https:\\\/\\\/x.com\\\/box_repsol\",\"http:\\\/\\\/instagram.com\\\/box_repsol\",\"https:\\\/\\\/www.youtube.com\\\/user\\\/RepsolCompeticion\",\"https:\\\/\\\/www.flickr.com\\\/photos\\\/box_repsol\\\/\"]},{\"@type\":\"Person\",\"@id\":\"https:\\\/\\\/www.boxrepsol.com\\\/es\\\/#\\\/schema\\\/person\\\/c5c2138f2cca251b0ad92b7086bb60b7\",\"name\":\"Redacci\u00f3n Box Repsol\",\"image\":{\"@type\":\"ImageObject\",\"inLanguage\":\"es\",\"@id\":\"https:\\\/\\\/secure.gravatar.com\\\/avatar\\\/adf7b77e38b4419baf32c7e9c21dde01f4e40df611f0978e3006fc4ba0aaab7e?s=96&d=mm&r=g\",\"url\":\"https:\\\/\\\/secure.gravatar.com\\\/avatar\\\/adf7b77e38b4419baf32c7e9c21dde01f4e40df611f0978e3006fc4ba0aaab7e?s=96&d=mm&r=g\",\"contentUrl\":\"https:\\\/\\\/secure.gravatar.com\\\/avatar\\\/adf7b77e38b4419baf32c7e9c21dde01f4e40df611f0978e3006fc4ba0aaab7e?s=96&d=mm&r=g\",\"caption\":\"Redacci\u00f3n Box Repsol\"},\"description\":\"Box Repsol lo forma un equipo de periodistas, community managers, dise\u00f1adores y fot\u00f3grafos con m\u00e1s de 20 a\u00f1os de experiencia en el mundo del motorsport. Hemos vivido el primer mundial de un espa\u00f1ol en la categor\u00eda reina de motociclismo con \u00c1lex Crivill\u00e9, estuvimos en las victorias de Pedrosa y los t\u00edtulos de M\u00e1rquez, acompa\u00f1amos en \u00c1frica a Nani Roma y Marc Coma en sus conquistas del Dakar y hemos vibrado con los t\u00edtulos de Toni Bou en Trial. Adem\u00e1s, en nuestro equipo contamos con expertos en el mundo de las dos y cuatro ruedas tanto de la calle y las carreteras, como de los circuitos. Periodistas que han trabajado en revistas y publicaciones para hacerte llegar desde rutas y consejos de mantenimiento, a curiosidades y trucos de pilotaje.\",\"sameAs\":[\"https:\\\/\\\/www.facebook.com\\\/BoxRepsol\\\/\",\"https:\\\/\\\/www.instagram.com\\\/box_repsol\\\/\",\"https:\\\/\\\/x.com\\\/https:\\\/\\\/twitter.com\\\/box_repsol\",\"https:\\\/\\\/www.youtube.com\\\/@Boxrepsol\"],\"url\":\"https:\\\/\\\/www.boxrepsol.com\\\/es\\\/author\\\/redaccion-box-repsol\\\/\"}]}<\/script>\n<!-- \/ Yoast SEO plugin. -->","yoast_head_json":{"title":"Isidre Esteve llega al Rally de Marruecos con buenas sensaciones - Box Repsol","description":"La dupla formada por Isidre Esteve y Txema Villalobos afronta con garant\u00edas la \u00faltima prueba de fuego antes de disputar el Rally Dakar 2024.","canonical":"https:\/\/www.boxrepsol.com\/es\/rally\/isidre-esteve-llega-al-rally-de-marruecos-en-un-momento-de-dulce\/","og_locale":"es_ES","og_type":"article","og_title":"Isidre Esteve llega al Rally de Marruecos con buenas sensaciones - Box Repsol","og_description":"La dupla formada por Isidre Esteve y Txema Villalobos afronta con garant\u00edas la \u00faltima prueba de fuego antes de disputar el Rally Dakar 2024.","og_url":"https:\/\/www.boxrepsol.com\/es\/rally\/isidre-esteve-llega-al-rally-de-marruecos-en-un-momento-de-dulce\/","og_site_name":"Box Repsol","article_publisher":"https:\/\/www.facebook.com\/BoxRepsol","article_author":"https:\/\/www.facebook.com\/BoxRepsol\/","article_published_time":"2023-10-10T10:05:23+00:00","article_modified_time":"2024-04-08T08:38:36+00:00","og_image":[{"width":2560,"height":1706,"url":"https:\/\/bxrepsol.s3.eu-west-1.amazonaws.com\/static\/2023\/10\/10073136\/Isidre-Esteve-1-scaled.jpg","type":"image\/jpeg"}],"author":"Redacci\u00f3n Box Repsol","twitter_card":"summary_large_image","twitter_creator":"@https:\/\/twitter.com\/box_repsol","twitter_site":"@box_repsol","twitter_misc":{"Written by":"Redacci\u00f3n Box Repsol","Est. reading time":"3 minutos"},"schema":{"@context":"https:\/\/schema.org","@graph":[{"@type":"Article","@id":"https:\/\/www.boxrepsol.com\/es\/rally\/isidre-esteve-llega-al-rally-de-marruecos-en-un-momento-de-dulce\/#article","isPartOf":{"@id":"https:\/\/www.boxrepsol.com\/es\/rally\/isidre-esteve-llega-al-rally-de-marruecos-en-un-momento-de-dulce\/"},"author":{"name":"Redacci\u00f3n Box Repsol","@id":"https:\/\/www.boxrepsol.com\/es\/#\/schema\/person\/c5c2138f2cca251b0ad92b7086bb60b7"},"headline":"Isidre Esteve llega al Rally de Marruecos en un momento de dulce","datePublished":"2023-10-10T10:05:23+00:00","dateModified":"2024-04-08T08:38:36+00:00","mainEntityOfPage":{"@id":"https:\/\/www.boxrepsol.com\/es\/rally\/isidre-esteve-llega-al-rally-de-marruecos-en-un-momento-de-dulce\/"},"wordCount":685,"commentCount":0,"publisher":{"@id":"https:\/\/www.boxrepsol.com\/es\/#organization"},"image":{"@id":"https:\/\/www.boxrepsol.com\/es\/rally\/isidre-esteve-llega-al-rally-de-marruecos-en-un-momento-de-dulce\/#primaryimage"},"thumbnailUrl":"https:\/\/bxrepsol.s3.eu-west-1.amazonaws.com\/static\/2023\/10\/10073136\/Isidre-Esteve-1-scaled.jpg","keywords":["Isidre Esteve","Rally Marruecos"],"articleSection":["Rally"],"inLanguage":"es","potentialAction":[{"@type":"CommentAction","name":"Comment","target":["https:\/\/www.boxrepsol.com\/es\/rally\/isidre-esteve-llega-al-rally-de-marruecos-en-un-momento-de-dulce\/#respond"]}]},{"@type":"WebPage","@id":"https:\/\/www.boxrepsol.com\/es\/rally\/isidre-esteve-llega-al-rally-de-marruecos-en-un-momento-de-dulce\/","url":"https:\/\/www.boxrepsol.com\/es\/rally\/isidre-esteve-llega-al-rally-de-marruecos-en-un-momento-de-dulce\/","name":"Isidre Esteve llega al Rally de Marruecos con buenas sensaciones - Box Repsol","isPartOf":{"@id":"https:\/\/www.boxrepsol.com\/es\/#website"},"primaryImageOfPage":{"@id":"https:\/\/www.boxrepsol.com\/es\/rally\/isidre-esteve-llega-al-rally-de-marruecos-en-un-momento-de-dulce\/#primaryimage"},"image":{"@id":"https:\/\/www.boxrepsol.com\/es\/rally\/isidre-esteve-llega-al-rally-de-marruecos-en-un-momento-de-dulce\/#primaryimage"},"thumbnailUrl":"https:\/\/bxrepsol.s3.eu-west-1.amazonaws.com\/static\/2023\/10\/10073136\/Isidre-Esteve-1-scaled.jpg","datePublished":"2023-10-10T10:05:23+00:00","dateModified":"2024-04-08T08:38:36+00:00","description":"La dupla formada por Isidre Esteve y Txema Villalobos afronta con garant\u00edas la \u00faltima prueba de fuego antes de disputar el Rally Dakar 2024.","breadcrumb":{"@id":"https:\/\/www.boxrepsol.com\/es\/rally\/isidre-esteve-llega-al-rally-de-marruecos-en-un-momento-de-dulce\/#breadcrumb"},"inLanguage":"es","potentialAction":[{"@type":"ReadAction","target":["https:\/\/www.boxrepsol.com\/es\/rally\/isidre-esteve-llega-al-rally-de-marruecos-en-un-momento-de-dulce\/"]}]},{"@type":"ImageObject","inLanguage":"es","@id":"https:\/\/www.boxrepsol.com\/es\/rally\/isidre-esteve-llega-al-rally-de-marruecos-en-un-momento-de-dulce\/#primaryimage","url":"https:\/\/bxrepsol.s3.eu-west-1.amazonaws.com\/static\/2023\/10\/10073136\/Isidre-Esteve-1-scaled.jpg","contentUrl":"https:\/\/bxrepsol.s3.eu-west-1.amazonaws.com\/static\/2023\/10\/10073136\/Isidre-Esteve-1-scaled.jpg","width":2560,"height":1706,"caption":"Isidre Esteve, preparado para el Rally de Marruecos"},{"@type":"BreadcrumbList","@id":"https:\/\/www.boxrepsol.com\/es\/rally\/isidre-esteve-llega-al-rally-de-marruecos-en-un-momento-de-dulce\/#breadcrumb","itemListElement":[{"@type":"ListItem","position":1,"name":"Home","item":"https:\/\/www.boxrepsol.com\/es\/"},{"@type":"ListItem","position":2,"name":"Isidre Esteve llega al Rally de Marruecos en un momento de dulce"}]},{"@type":"WebSite","@id":"https:\/\/www.boxrepsol.com\/es\/#website","url":"https:\/\/www.boxrepsol.com\/es\/","name":"Box Repsol","description":"Box Repsol Site","publisher":{"@id":"https:\/\/www.boxrepsol.com\/es\/#organization"},"potentialAction":[{"@type":"SearchAction","target":{"@type":"EntryPoint","urlTemplate":"https:\/\/www.boxrepsol.com\/es\/?s={search_term_string}"},"query-input":{"@type":"PropertyValueSpecification","valueRequired":true,"valueName":"search_term_string"}}],"inLanguage":"es"},{"@type":"Organization","@id":"https:\/\/www.boxrepsol.com\/es\/#organization","name":"Box Repsol","url":"https:\/\/www.boxrepsol.com\/es\/","logo":{"@type":"ImageObject","inLanguage":"es","@id":"https:\/\/www.boxrepsol.com\/es\/#\/schema\/logo\/image\/","url":"https:\/\/bxrepsol.s3.eu-west-1.amazonaws.com\/static\/2025\/07\/30083337\/favicon-96x96-1.png","contentUrl":"https:\/\/bxrepsol.s3.eu-west-1.amazonaws.com\/static\/2025\/07\/30083337\/favicon-96x96-1.png","width":96,"height":96,"caption":"Box Repsol"},"image":{"@id":"https:\/\/www.boxrepsol.com\/es\/#\/schema\/logo\/image\/"},"sameAs":["https:\/\/www.facebook.com\/BoxRepsol","https:\/\/x.com\/box_repsol","http:\/\/instagram.com\/box_repsol","https:\/\/www.youtube.com\/user\/RepsolCompeticion","https:\/\/www.flickr.com\/photos\/box_repsol\/"]},{"@type":"Person","@id":"https:\/\/www.boxrepsol.com\/es\/#\/schema\/person\/c5c2138f2cca251b0ad92b7086bb60b7","name":"Redacci\u00f3n Box Repsol","image":{"@type":"ImageObject","inLanguage":"es","@id":"https:\/\/secure.gravatar.com\/avatar\/adf7b77e38b4419baf32c7e9c21dde01f4e40df611f0978e3006fc4ba0aaab7e?s=96&d=mm&r=g","url":"https:\/\/secure.gravatar.com\/avatar\/adf7b77e38b4419baf32c7e9c21dde01f4e40df611f0978e3006fc4ba0aaab7e?s=96&d=mm&r=g","contentUrl":"https:\/\/secure.gravatar.com\/avatar\/adf7b77e38b4419baf32c7e9c21dde01f4e40df611f0978e3006fc4ba0aaab7e?s=96&d=mm&r=g","caption":"Redacci\u00f3n Box Repsol"},"description":"Box Repsol lo forma un equipo de periodistas, community managers, dise\u00f1adores y fot\u00f3grafos con m\u00e1s de 20 a\u00f1os de experiencia en el mundo del motorsport. Hemos vivido el primer mundial de un espa\u00f1ol en la categor\u00eda reina de motociclismo con \u00c1lex Crivill\u00e9, estuvimos en las victorias de Pedrosa y los t\u00edtulos de M\u00e1rquez, acompa\u00f1amos en \u00c1frica a Nani Roma y Marc Coma en sus conquistas del Dakar y hemos vibrado con los t\u00edtulos de Toni Bou en Trial. Adem\u00e1s, en nuestro equipo contamos con expertos en el mundo de las dos y cuatro ruedas tanto de la calle y las carreteras, como de los circuitos. Periodistas que han trabajado en revistas y publicaciones para hacerte llegar desde rutas y consejos de mantenimiento, a curiosidades y trucos de pilotaje.","sameAs":["https:\/\/www.facebook.com\/BoxRepsol\/","https:\/\/www.instagram.com\/box_repsol\/","https:\/\/x.com\/https:\/\/twitter.com\/box_repsol","https:\/\/www.youtube.com\/@Boxrepsol"],"url":"https:\/\/www.boxrepsol.com\/es\/author\/redaccion-box-repsol\/"}]}},"_links":{"self":[{"href":"https:\/\/www.boxrepsol.com\/es\/wp-json\/wp\/v2\/posts\/106058","targetHints":{"allow":["GET"]}}],"collection":[{"href":"https:\/\/www.boxrepsol.com\/es\/wp-json\/wp\/v2\/posts"}],"about":[{"href":"https:\/\/www.boxrepsol.com\/es\/wp-json\/wp\/v2\/types\/post"}],"author":[{"embeddable":true,"href":"https:\/\/www.boxrepsol.com\/es\/wp-json\/wp\/v2\/users\/43146"}],"replies":[{"embeddable":true,"href":"https:\/\/www.boxrepsol.com\/es\/wp-json\/wp\/v2\/comments?post=106058"}],"version-history":[{"count":6,"href":"https:\/\/www.boxrepsol.com\/es\/wp-json\/wp\/v2\/posts\/106058\/revisions"}],"predecessor-version":[{"id":106070,"href":"https:\/\/www.boxrepsol.com\/es\/wp-json\/wp\/v2\/posts\/106058\/revisions\/106070"}],"wp:featuredmedia":[{"embeddable":true,"href":"https:\/\/www.boxrepsol.com\/es\/wp-json\/wp\/v2\/media\/106061"}],"wp:attachment":[{"href":"https:\/\/www.boxrepsol.com\/es\/wp-json\/wp\/v2\/media?parent=106058"}],"wp:term":[{"taxonomy":"category","embeddable":true,"href":"https:\/\/www.boxrepsol.com\/es\/wp-json\/wp\/v2\/categories?post=106058"},{"taxonomy":"post_tag","embeddable":true,"href":"https:\/\/www.boxrepsol.com\/es\/wp-json\/wp\/v2\/tags?post=106058"}],"curies":[{"name":"wp","href":"https:\/\/api.w.org\/{rel}","templated":true}]}}