{"id":106004,"date":"2023-10-09T07:55:59","date_gmt":"2023-10-09T09:55:59","guid":{"rendered":"https:\/\/www.boxrepsol.com\/sin-categorizar\/victoria-y-podio-de-bou-y-marcelli-en-andorra\/"},"modified":"2024-04-08T06:38:54","modified_gmt":"2024-04-08T08:38:54","slug":"victoria-y-podio-de-bou-y-marcelli-en-andorra","status":"publish","type":"post","link":"https:\/\/www.boxrepsol.com\/es\/trial\/victoria-y-podio-de-bou-y-marcelli-en-andorra\/","title":{"rendered":"Victoria y podio de Bou y Marcelli en Andorra"},"content":{"rendered":"<figure class=\"wp-block-post-featured-image\"><img loading=\"lazy\" decoding=\"async\" width=\"1280\" height=\"600\" src=\"https:\/\/bxrepsol.s3.eu-west-1.amazonaws.com\/static\/2023\/10\/09072131\/X-Trial23_r5_PODIUM_01228_ps_ap.jpg\" class=\"attachment-post-thumbnail size-post-thumbnail wp-post-image\" alt=\"\" style=\"object-fit:cover;\" srcset=\"https:\/\/bxrepsol.s3.eu-west-1.amazonaws.com\/static\/2023\/10\/09072131\/X-Trial23_r5_PODIUM_01228_ps_ap.jpg 1280w, https:\/\/bxrepsol.s3.eu-west-1.amazonaws.com\/static\/2023\/10\/09072131\/X-Trial23_r5_PODIUM_01228_ps_ap-300x141.jpg 300w, https:\/\/bxrepsol.s3.eu-west-1.amazonaws.com\/static\/2023\/10\/09072131\/X-Trial23_r5_PODIUM_01228_ps_ap-1024x480.jpg 1024w, https:\/\/bxrepsol.s3.eu-west-1.amazonaws.com\/static\/2023\/10\/09072131\/X-Trial23_r5_PODIUM_01228_ps_ap-768x360.jpg 768w\" sizes=\"auto, (max-width: 1280px) 100vw, 1280px\" \/><\/figure>\n\n\n<p>Despu\u00e9s de seis meses de par\u00f3n y tras cuatro citas celebradas, el Mundial de X-Trial ha regresado este fin de semana para encarar las tres \u00faltimas pruebas del calendario. Andorra acogi\u00f3 anoche la quinta carrera del certamen, en la que Toni Bou sum\u00f3 su cuarto triunfo del a\u00f1o. Su compa\u00f1ero de equipo, Gabriel Marcelli, logr\u00f3 tambi\u00e9n un hueco en las plazas de honor, terminando en tercera posici\u00f3n.<br>Segundo en la ronda inicial, Bou realiz\u00f3 una segunda vuelta pr\u00e1cticamente perfecta que le llev\u00f3 a la final, donde se enfrent\u00f3 a Jaime Busto y Gabriel Marcelli. Sin conceder margen a sus rivales, el vigente Campe\u00f3n del Mundo se asegur\u00f3 un nuevo triunfo que le sit\u00faa con 25 puntos de ventaja en la clasificaci\u00f3n general, cuando faltan 2 pruebas para concluir el Mundial: Madrid y Vend\u00e9e \u2013Francia\u2013.<br>Gabriel Marcelli tambi\u00e9n cuaj\u00f3 una excelente actuaci\u00f3n en Andorra. El piloto del equipo Repsol Honda de Trial mantuvo un gran nivel desde el inicio, clasific\u00e1ndose para la final y logrando un nuevo podio en el Mundial de X-Trial, que le consolida la tercera posici\u00f3n de la general.<br>La pr\u00f3xima cita del campeonato ser\u00e1 el pr\u00f3ximo 4 de noviembre en Madrid, en la que Bou tendr\u00e1 la primera oportunidad de llevarse su decimos\u00e9ptima corona en la especialidad bajo techo, trigesimocuarta de su palmar\u00e9s.<\/p>\n\n\n\n<p><strong>Declaraciones<\/strong><\/p>\n\n\n\n<p><strong>Toni Bou:<\/strong><\/p>\n\n\n\n<p>\u201cEstoy muy contento con la victoria, ya que la cita en Andorra para m\u00ed siempre es especial. En la primera vuelta, no he tenido muy buenas sensaciones, as\u00ed que para la segunda he cambiado de moto y ha mejorado mucho. Ganar de esta manera, una ronda tan complicada, es incre\u00edble. Esto me da una motivaci\u00f3n extra para la siguiente, que ser\u00e1 en la casa de Repsol, donde volver\u00e9 a buscar un nuevo triunfo y el campeonato\u201d.<\/p>\n\n\n\n<p><strong>Gabriel Marcelli:<\/strong><\/p>\n\n\n\n<p>\u201cHoy las sensaciones han sido muy buenas; me he encontrado muy bien ambas vueltas. Nos llevamos una tercera plaza y estamos contentos con el resultado, porque el equipo ha trabajado muy bien. Llegaba aqu\u00ed tercero en el campeonato, pero con Adam muy cerca, y hoy he conseguido consolidarme en esta posici\u00f3n, as\u00ed que ha sido una jornada positiva pensando en el campeonato\u201d.<\/p>\n","protected":false},"excerpt":{"rendered":"<p>La quinta cita del Campeonato del Mundo de X-Trial se ha saldado con una nueva victoria de Toni Bou, acompa\u00f1ado en el podio de su compa\u00f1ero en el Repsol Honda, Gabriel Marcelli. <\/p>\n","protected":false},"author":43146,"featured_media":106002,"comment_status":"open","ping_status":"open","sticky":false,"template":"","format":"standard","meta":{"footnotes":""},"categories":[23],"tags":[269,50,306,8,21,337],"class_list":["post-106004","post","type-post","status-publish","format-standard","hentry","category-trial","tag-269","tag-equipo-repsol-honda","tag-gabriel-marcelli","tag-repsol-honda-team","tag-toni-bou","tag-x-trial-2-2"],"yoast_head":"<!-- This site is optimized with the Yoast SEO plugin v27.3 - https:\/\/yoast.com\/product\/yoast-seo-wordpress\/ -->\n<title>Victoria y podio de Bou y Marcelli en Andorra - Box Repsol<\/title>\n<link rel=\"canonical\" href=\"https:\/\/www.boxrepsol.com\/es\/trial\/victoria-y-podio-de-bou-y-marcelli-en-andorra\/\" \/>\n<meta property=\"og:locale\" content=\"es_ES\" \/>\n<meta property=\"og:type\" content=\"article\" \/>\n<meta property=\"og:title\" content=\"Victoria y podio de Bou y Marcelli en Andorra - Box Repsol\" \/>\n<meta property=\"og:description\" content=\"La quinta cita del Campeonato del Mundo de X-Trial se ha saldado con una nueva victoria de Toni Bou, acompa\u00f1ado en el podio de su compa\u00f1ero en el Repsol Honda, Gabriel Marcelli.\" \/>\n<meta property=\"og:url\" content=\"https:\/\/www.boxrepsol.com\/es\/trial\/victoria-y-podio-de-bou-y-marcelli-en-andorra\/\" \/>\n<meta property=\"og:site_name\" content=\"Box Repsol\" \/>\n<meta property=\"article:publisher\" content=\"https:\/\/www.facebook.com\/BoxRepsol\" \/>\n<meta property=\"article:author\" content=\"https:\/\/www.facebook.com\/BoxRepsol\/\" \/>\n<meta property=\"article:published_time\" content=\"2023-10-09T09:55:59+00:00\" \/>\n<meta property=\"article:modified_time\" content=\"2024-04-08T08:38:54+00:00\" \/>\n<meta property=\"og:image\" content=\"https:\/\/bxrepsol.s3.eu-west-1.amazonaws.com\/static\/2023\/10\/09072131\/X-Trial23_r5_PODIUM_01228_ps_ap.jpg\" \/>\n\t<meta property=\"og:image:width\" content=\"1280\" \/>\n\t<meta property=\"og:image:height\" content=\"600\" \/>\n\t<meta property=\"og:image:type\" content=\"image\/jpeg\" \/>\n<meta name=\"author\" content=\"Redacci\u00f3n Box Repsol\" \/>\n<meta name=\"twitter:card\" content=\"summary_large_image\" \/>\n<meta name=\"twitter:creator\" content=\"@https:\/\/twitter.com\/box_repsol\" \/>\n<meta name=\"twitter:site\" content=\"@box_repsol\" \/>\n<meta name=\"twitter:label1\" content=\"Written by\" \/>\n\t<meta name=\"twitter:data1\" content=\"Redacci\u00f3n Box Repsol\" \/>\n\t<meta name=\"twitter:label2\" content=\"Est. reading time\" \/>\n\t<meta name=\"twitter:data2\" content=\"2 minutos\" \/>\n<script type=\"application\/ld+json\" class=\"yoast-schema-graph\">{\"@context\":\"https:\\\/\\\/schema.org\",\"@graph\":[{\"@type\":\"Article\",\"@id\":\"https:\\\/\\\/www.boxrepsol.com\\\/es\\\/trial\\\/victoria-y-podio-de-bou-y-marcelli-en-andorra\\\/#article\",\"isPartOf\":{\"@id\":\"https:\\\/\\\/www.boxrepsol.com\\\/es\\\/trial\\\/victoria-y-podio-de-bou-y-marcelli-en-andorra\\\/\"},\"author\":{\"name\":\"Redacci\u00f3n Box Repsol\",\"@id\":\"https:\\\/\\\/www.boxrepsol.com\\\/es\\\/#\\\/schema\\\/person\\\/c5c2138f2cca251b0ad92b7086bb60b7\"},\"headline\":\"Victoria y podio de Bou y Marcelli en Andorra\",\"datePublished\":\"2023-10-09T09:55:59+00:00\",\"dateModified\":\"2024-04-08T08:38:54+00:00\",\"mainEntityOfPage\":{\"@id\":\"https:\\\/\\\/www.boxrepsol.com\\\/es\\\/trial\\\/victoria-y-podio-de-bou-y-marcelli-en-andorra\\\/\"},\"wordCount\":387,\"commentCount\":0,\"publisher\":{\"@id\":\"https:\\\/\\\/www.boxrepsol.com\\\/es\\\/#organization\"},\"image\":{\"@id\":\"https:\\\/\\\/www.boxrepsol.com\\\/es\\\/trial\\\/victoria-y-podio-de-bou-y-marcelli-en-andorra\\\/#primaryimage\"},\"thumbnailUrl\":\"https:\\\/\\\/bxrepsol.s3.eu-west-1.amazonaws.com\\\/static\\\/2023\\\/10\\\/09072131\\\/X-Trial23_r5_PODIUM_01228_ps_ap.jpg\",\"keywords\":[\"2023\",\"Equipo Repsol Honda\",\"Gabriel Marcelli\",\"Repsol Honda Team\",\"Toni Bou\",\"X-Trial\"],\"articleSection\":[\"Trial\"],\"inLanguage\":\"es\",\"potentialAction\":[{\"@type\":\"CommentAction\",\"name\":\"Comment\",\"target\":[\"https:\\\/\\\/www.boxrepsol.com\\\/es\\\/trial\\\/victoria-y-podio-de-bou-y-marcelli-en-andorra\\\/#respond\"]}]},{\"@type\":\"WebPage\",\"@id\":\"https:\\\/\\\/www.boxrepsol.com\\\/es\\\/trial\\\/victoria-y-podio-de-bou-y-marcelli-en-andorra\\\/\",\"url\":\"https:\\\/\\\/www.boxrepsol.com\\\/es\\\/trial\\\/victoria-y-podio-de-bou-y-marcelli-en-andorra\\\/\",\"name\":\"Victoria y podio de Bou y Marcelli en Andorra - Box Repsol\",\"isPartOf\":{\"@id\":\"https:\\\/\\\/www.boxrepsol.com\\\/es\\\/#website\"},\"primaryImageOfPage\":{\"@id\":\"https:\\\/\\\/www.boxrepsol.com\\\/es\\\/trial\\\/victoria-y-podio-de-bou-y-marcelli-en-andorra\\\/#primaryimage\"},\"image\":{\"@id\":\"https:\\\/\\\/www.boxrepsol.com\\\/es\\\/trial\\\/victoria-y-podio-de-bou-y-marcelli-en-andorra\\\/#primaryimage\"},\"thumbnailUrl\":\"https:\\\/\\\/bxrepsol.s3.eu-west-1.amazonaws.com\\\/static\\\/2023\\\/10\\\/09072131\\\/X-Trial23_r5_PODIUM_01228_ps_ap.jpg\",\"datePublished\":\"2023-10-09T09:55:59+00:00\",\"dateModified\":\"2024-04-08T08:38:54+00:00\",\"breadcrumb\":{\"@id\":\"https:\\\/\\\/www.boxrepsol.com\\\/es\\\/trial\\\/victoria-y-podio-de-bou-y-marcelli-en-andorra\\\/#breadcrumb\"},\"inLanguage\":\"es\",\"potentialAction\":[{\"@type\":\"ReadAction\",\"target\":[\"https:\\\/\\\/www.boxrepsol.com\\\/es\\\/trial\\\/victoria-y-podio-de-bou-y-marcelli-en-andorra\\\/\"]}]},{\"@type\":\"ImageObject\",\"inLanguage\":\"es\",\"@id\":\"https:\\\/\\\/www.boxrepsol.com\\\/es\\\/trial\\\/victoria-y-podio-de-bou-y-marcelli-en-andorra\\\/#primaryimage\",\"url\":\"https:\\\/\\\/bxrepsol.s3.eu-west-1.amazonaws.com\\\/static\\\/2023\\\/10\\\/09072131\\\/X-Trial23_r5_PODIUM_01228_ps_ap.jpg\",\"contentUrl\":\"https:\\\/\\\/bxrepsol.s3.eu-west-1.amazonaws.com\\\/static\\\/2023\\\/10\\\/09072131\\\/X-Trial23_r5_PODIUM_01228_ps_ap.jpg\",\"width\":1280,\"height\":600},{\"@type\":\"BreadcrumbList\",\"@id\":\"https:\\\/\\\/www.boxrepsol.com\\\/es\\\/trial\\\/victoria-y-podio-de-bou-y-marcelli-en-andorra\\\/#breadcrumb\",\"itemListElement\":[{\"@type\":\"ListItem\",\"position\":1,\"name\":\"Home\",\"item\":\"https:\\\/\\\/www.boxrepsol.com\\\/es\\\/\"},{\"@type\":\"ListItem\",\"position\":2,\"name\":\"Victoria y podio de Bou y Marcelli en Andorra\"}]},{\"@type\":\"WebSite\",\"@id\":\"https:\\\/\\\/www.boxrepsol.com\\\/es\\\/#website\",\"url\":\"https:\\\/\\\/www.boxrepsol.com\\\/es\\\/\",\"name\":\"Box Repsol\",\"description\":\"Box Repsol Site\",\"publisher\":{\"@id\":\"https:\\\/\\\/www.boxrepsol.com\\\/es\\\/#organization\"},\"potentialAction\":[{\"@type\":\"SearchAction\",\"target\":{\"@type\":\"EntryPoint\",\"urlTemplate\":\"https:\\\/\\\/www.boxrepsol.com\\\/es\\\/?s={search_term_string}\"},\"query-input\":{\"@type\":\"PropertyValueSpecification\",\"valueRequired\":true,\"valueName\":\"search_term_string\"}}],\"inLanguage\":\"es\"},{\"@type\":\"Organization\",\"@id\":\"https:\\\/\\\/www.boxrepsol.com\\\/es\\\/#organization\",\"name\":\"Box Repsol\",\"url\":\"https:\\\/\\\/www.boxrepsol.com\\\/es\\\/\",\"logo\":{\"@type\":\"ImageObject\",\"inLanguage\":\"es\",\"@id\":\"https:\\\/\\\/www.boxrepsol.com\\\/es\\\/#\\\/schema\\\/logo\\\/image\\\/\",\"url\":\"https:\\\/\\\/bxrepsol.s3.eu-west-1.amazonaws.com\\\/static\\\/2025\\\/07\\\/30083337\\\/favicon-96x96-1.png\",\"contentUrl\":\"https:\\\/\\\/bxrepsol.s3.eu-west-1.amazonaws.com\\\/static\\\/2025\\\/07\\\/30083337\\\/favicon-96x96-1.png\",\"width\":96,\"height\":96,\"caption\":\"Box Repsol\"},\"image\":{\"@id\":\"https:\\\/\\\/www.boxrepsol.com\\\/es\\\/#\\\/schema\\\/logo\\\/image\\\/\"},\"sameAs\":[\"https:\\\/\\\/www.facebook.com\\\/BoxRepsol\",\"https:\\\/\\\/x.com\\\/box_repsol\",\"http:\\\/\\\/instagram.com\\\/box_repsol\",\"https:\\\/\\\/www.youtube.com\\\/user\\\/RepsolCompeticion\",\"https:\\\/\\\/www.flickr.com\\\/photos\\\/box_repsol\\\/\"]},{\"@type\":\"Person\",\"@id\":\"https:\\\/\\\/www.boxrepsol.com\\\/es\\\/#\\\/schema\\\/person\\\/c5c2138f2cca251b0ad92b7086bb60b7\",\"name\":\"Redacci\u00f3n Box Repsol\",\"image\":{\"@type\":\"ImageObject\",\"inLanguage\":\"es\",\"@id\":\"https:\\\/\\\/secure.gravatar.com\\\/avatar\\\/adf7b77e38b4419baf32c7e9c21dde01f4e40df611f0978e3006fc4ba0aaab7e?s=96&d=mm&r=g\",\"url\":\"https:\\\/\\\/secure.gravatar.com\\\/avatar\\\/adf7b77e38b4419baf32c7e9c21dde01f4e40df611f0978e3006fc4ba0aaab7e?s=96&d=mm&r=g\",\"contentUrl\":\"https:\\\/\\\/secure.gravatar.com\\\/avatar\\\/adf7b77e38b4419baf32c7e9c21dde01f4e40df611f0978e3006fc4ba0aaab7e?s=96&d=mm&r=g\",\"caption\":\"Redacci\u00f3n Box Repsol\"},\"description\":\"Box Repsol lo forma un equipo de periodistas, community managers, dise\u00f1adores y fot\u00f3grafos con m\u00e1s de 20 a\u00f1os de experiencia en el mundo del motorsport. Hemos vivido el primer mundial de un espa\u00f1ol en la categor\u00eda reina de motociclismo con \u00c1lex Crivill\u00e9, estuvimos en las victorias de Pedrosa y los t\u00edtulos de M\u00e1rquez, acompa\u00f1amos en \u00c1frica a Nani Roma y Marc Coma en sus conquistas del Dakar y hemos vibrado con los t\u00edtulos de Toni Bou en Trial. Adem\u00e1s, en nuestro equipo contamos con expertos en el mundo de las dos y cuatro ruedas tanto de la calle y las carreteras, como de los circuitos. Periodistas que han trabajado en revistas y publicaciones para hacerte llegar desde rutas y consejos de mantenimiento, a curiosidades y trucos de pilotaje.\",\"sameAs\":[\"https:\\\/\\\/www.facebook.com\\\/BoxRepsol\\\/\",\"https:\\\/\\\/www.instagram.com\\\/box_repsol\\\/\",\"https:\\\/\\\/x.com\\\/https:\\\/\\\/twitter.com\\\/box_repsol\",\"https:\\\/\\\/www.youtube.com\\\/@Boxrepsol\"],\"url\":\"https:\\\/\\\/www.boxrepsol.com\\\/es\\\/author\\\/redaccion-box-repsol\\\/\"}]}<\/script>\n<!-- \/ Yoast SEO plugin. -->","yoast_head_json":{"title":"Victoria y podio de Bou y Marcelli en Andorra - Box Repsol","canonical":"https:\/\/www.boxrepsol.com\/es\/trial\/victoria-y-podio-de-bou-y-marcelli-en-andorra\/","og_locale":"es_ES","og_type":"article","og_title":"Victoria y podio de Bou y Marcelli en Andorra - Box Repsol","og_description":"La quinta cita del Campeonato del Mundo de X-Trial se ha saldado con una nueva victoria de Toni Bou, acompa\u00f1ado en el podio de su compa\u00f1ero en el Repsol Honda, Gabriel Marcelli.","og_url":"https:\/\/www.boxrepsol.com\/es\/trial\/victoria-y-podio-de-bou-y-marcelli-en-andorra\/","og_site_name":"Box Repsol","article_publisher":"https:\/\/www.facebook.com\/BoxRepsol","article_author":"https:\/\/www.facebook.com\/BoxRepsol\/","article_published_time":"2023-10-09T09:55:59+00:00","article_modified_time":"2024-04-08T08:38:54+00:00","og_image":[{"width":1280,"height":600,"url":"https:\/\/bxrepsol.s3.eu-west-1.amazonaws.com\/static\/2023\/10\/09072131\/X-Trial23_r5_PODIUM_01228_ps_ap.jpg","type":"image\/jpeg"}],"author":"Redacci\u00f3n Box Repsol","twitter_card":"summary_large_image","twitter_creator":"@https:\/\/twitter.com\/box_repsol","twitter_site":"@box_repsol","twitter_misc":{"Written by":"Redacci\u00f3n Box Repsol","Est. reading time":"2 minutos"},"schema":{"@context":"https:\/\/schema.org","@graph":[{"@type":"Article","@id":"https:\/\/www.boxrepsol.com\/es\/trial\/victoria-y-podio-de-bou-y-marcelli-en-andorra\/#article","isPartOf":{"@id":"https:\/\/www.boxrepsol.com\/es\/trial\/victoria-y-podio-de-bou-y-marcelli-en-andorra\/"},"author":{"name":"Redacci\u00f3n Box Repsol","@id":"https:\/\/www.boxrepsol.com\/es\/#\/schema\/person\/c5c2138f2cca251b0ad92b7086bb60b7"},"headline":"Victoria y podio de Bou y Marcelli en Andorra","datePublished":"2023-10-09T09:55:59+00:00","dateModified":"2024-04-08T08:38:54+00:00","mainEntityOfPage":{"@id":"https:\/\/www.boxrepsol.com\/es\/trial\/victoria-y-podio-de-bou-y-marcelli-en-andorra\/"},"wordCount":387,"commentCount":0,"publisher":{"@id":"https:\/\/www.boxrepsol.com\/es\/#organization"},"image":{"@id":"https:\/\/www.boxrepsol.com\/es\/trial\/victoria-y-podio-de-bou-y-marcelli-en-andorra\/#primaryimage"},"thumbnailUrl":"https:\/\/bxrepsol.s3.eu-west-1.amazonaws.com\/static\/2023\/10\/09072131\/X-Trial23_r5_PODIUM_01228_ps_ap.jpg","keywords":["2023","Equipo Repsol Honda","Gabriel Marcelli","Repsol Honda Team","Toni Bou","X-Trial"],"articleSection":["Trial"],"inLanguage":"es","potentialAction":[{"@type":"CommentAction","name":"Comment","target":["https:\/\/www.boxrepsol.com\/es\/trial\/victoria-y-podio-de-bou-y-marcelli-en-andorra\/#respond"]}]},{"@type":"WebPage","@id":"https:\/\/www.boxrepsol.com\/es\/trial\/victoria-y-podio-de-bou-y-marcelli-en-andorra\/","url":"https:\/\/www.boxrepsol.com\/es\/trial\/victoria-y-podio-de-bou-y-marcelli-en-andorra\/","name":"Victoria y podio de Bou y Marcelli en Andorra - Box Repsol","isPartOf":{"@id":"https:\/\/www.boxrepsol.com\/es\/#website"},"primaryImageOfPage":{"@id":"https:\/\/www.boxrepsol.com\/es\/trial\/victoria-y-podio-de-bou-y-marcelli-en-andorra\/#primaryimage"},"image":{"@id":"https:\/\/www.boxrepsol.com\/es\/trial\/victoria-y-podio-de-bou-y-marcelli-en-andorra\/#primaryimage"},"thumbnailUrl":"https:\/\/bxrepsol.s3.eu-west-1.amazonaws.com\/static\/2023\/10\/09072131\/X-Trial23_r5_PODIUM_01228_ps_ap.jpg","datePublished":"2023-10-09T09:55:59+00:00","dateModified":"2024-04-08T08:38:54+00:00","breadcrumb":{"@id":"https:\/\/www.boxrepsol.com\/es\/trial\/victoria-y-podio-de-bou-y-marcelli-en-andorra\/#breadcrumb"},"inLanguage":"es","potentialAction":[{"@type":"ReadAction","target":["https:\/\/www.boxrepsol.com\/es\/trial\/victoria-y-podio-de-bou-y-marcelli-en-andorra\/"]}]},{"@type":"ImageObject","inLanguage":"es","@id":"https:\/\/www.boxrepsol.com\/es\/trial\/victoria-y-podio-de-bou-y-marcelli-en-andorra\/#primaryimage","url":"https:\/\/bxrepsol.s3.eu-west-1.amazonaws.com\/static\/2023\/10\/09072131\/X-Trial23_r5_PODIUM_01228_ps_ap.jpg","contentUrl":"https:\/\/bxrepsol.s3.eu-west-1.amazonaws.com\/static\/2023\/10\/09072131\/X-Trial23_r5_PODIUM_01228_ps_ap.jpg","width":1280,"height":600},{"@type":"BreadcrumbList","@id":"https:\/\/www.boxrepsol.com\/es\/trial\/victoria-y-podio-de-bou-y-marcelli-en-andorra\/#breadcrumb","itemListElement":[{"@type":"ListItem","position":1,"name":"Home","item":"https:\/\/www.boxrepsol.com\/es\/"},{"@type":"ListItem","position":2,"name":"Victoria y podio de Bou y Marcelli en Andorra"}]},{"@type":"WebSite","@id":"https:\/\/www.boxrepsol.com\/es\/#website","url":"https:\/\/www.boxrepsol.com\/es\/","name":"Box Repsol","description":"Box Repsol Site","publisher":{"@id":"https:\/\/www.boxrepsol.com\/es\/#organization"},"potentialAction":[{"@type":"SearchAction","target":{"@type":"EntryPoint","urlTemplate":"https:\/\/www.boxrepsol.com\/es\/?s={search_term_string}"},"query-input":{"@type":"PropertyValueSpecification","valueRequired":true,"valueName":"search_term_string"}}],"inLanguage":"es"},{"@type":"Organization","@id":"https:\/\/www.boxrepsol.com\/es\/#organization","name":"Box Repsol","url":"https:\/\/www.boxrepsol.com\/es\/","logo":{"@type":"ImageObject","inLanguage":"es","@id":"https:\/\/www.boxrepsol.com\/es\/#\/schema\/logo\/image\/","url":"https:\/\/bxrepsol.s3.eu-west-1.amazonaws.com\/static\/2025\/07\/30083337\/favicon-96x96-1.png","contentUrl":"https:\/\/bxrepsol.s3.eu-west-1.amazonaws.com\/static\/2025\/07\/30083337\/favicon-96x96-1.png","width":96,"height":96,"caption":"Box Repsol"},"image":{"@id":"https:\/\/www.boxrepsol.com\/es\/#\/schema\/logo\/image\/"},"sameAs":["https:\/\/www.facebook.com\/BoxRepsol","https:\/\/x.com\/box_repsol","http:\/\/instagram.com\/box_repsol","https:\/\/www.youtube.com\/user\/RepsolCompeticion","https:\/\/www.flickr.com\/photos\/box_repsol\/"]},{"@type":"Person","@id":"https:\/\/www.boxrepsol.com\/es\/#\/schema\/person\/c5c2138f2cca251b0ad92b7086bb60b7","name":"Redacci\u00f3n Box Repsol","image":{"@type":"ImageObject","inLanguage":"es","@id":"https:\/\/secure.gravatar.com\/avatar\/adf7b77e38b4419baf32c7e9c21dde01f4e40df611f0978e3006fc4ba0aaab7e?s=96&d=mm&r=g","url":"https:\/\/secure.gravatar.com\/avatar\/adf7b77e38b4419baf32c7e9c21dde01f4e40df611f0978e3006fc4ba0aaab7e?s=96&d=mm&r=g","contentUrl":"https:\/\/secure.gravatar.com\/avatar\/adf7b77e38b4419baf32c7e9c21dde01f4e40df611f0978e3006fc4ba0aaab7e?s=96&d=mm&r=g","caption":"Redacci\u00f3n Box Repsol"},"description":"Box Repsol lo forma un equipo de periodistas, community managers, dise\u00f1adores y fot\u00f3grafos con m\u00e1s de 20 a\u00f1os de experiencia en el mundo del motorsport. Hemos vivido el primer mundial de un espa\u00f1ol en la categor\u00eda reina de motociclismo con \u00c1lex Crivill\u00e9, estuvimos en las victorias de Pedrosa y los t\u00edtulos de M\u00e1rquez, acompa\u00f1amos en \u00c1frica a Nani Roma y Marc Coma en sus conquistas del Dakar y hemos vibrado con los t\u00edtulos de Toni Bou en Trial. Adem\u00e1s, en nuestro equipo contamos con expertos en el mundo de las dos y cuatro ruedas tanto de la calle y las carreteras, como de los circuitos. Periodistas que han trabajado en revistas y publicaciones para hacerte llegar desde rutas y consejos de mantenimiento, a curiosidades y trucos de pilotaje.","sameAs":["https:\/\/www.facebook.com\/BoxRepsol\/","https:\/\/www.instagram.com\/box_repsol\/","https:\/\/x.com\/https:\/\/twitter.com\/box_repsol","https:\/\/www.youtube.com\/@Boxrepsol"],"url":"https:\/\/www.boxrepsol.com\/es\/author\/redaccion-box-repsol\/"}]}},"_links":{"self":[{"href":"https:\/\/www.boxrepsol.com\/es\/wp-json\/wp\/v2\/posts\/106004","targetHints":{"allow":["GET"]}}],"collection":[{"href":"https:\/\/www.boxrepsol.com\/es\/wp-json\/wp\/v2\/posts"}],"about":[{"href":"https:\/\/www.boxrepsol.com\/es\/wp-json\/wp\/v2\/types\/post"}],"author":[{"embeddable":true,"href":"https:\/\/www.boxrepsol.com\/es\/wp-json\/wp\/v2\/users\/43146"}],"replies":[{"embeddable":true,"href":"https:\/\/www.boxrepsol.com\/es\/wp-json\/wp\/v2\/comments?post=106004"}],"version-history":[{"count":2,"href":"https:\/\/www.boxrepsol.com\/es\/wp-json\/wp\/v2\/posts\/106004\/revisions"}],"predecessor-version":[{"id":106008,"href":"https:\/\/www.boxrepsol.com\/es\/wp-json\/wp\/v2\/posts\/106004\/revisions\/106008"}],"wp:featuredmedia":[{"embeddable":true,"href":"https:\/\/www.boxrepsol.com\/es\/wp-json\/wp\/v2\/media\/106002"}],"wp:attachment":[{"href":"https:\/\/www.boxrepsol.com\/es\/wp-json\/wp\/v2\/media?parent=106004"}],"wp:term":[{"taxonomy":"category","embeddable":true,"href":"https:\/\/www.boxrepsol.com\/es\/wp-json\/wp\/v2\/categories?post=106004"},{"taxonomy":"post_tag","embeddable":true,"href":"https:\/\/www.boxrepsol.com\/es\/wp-json\/wp\/v2\/tags?post=106004"}],"curies":[{"name":"wp","href":"https:\/\/api.w.org\/{rel}","templated":true}]}}