{"id":105902,"date":"2023-10-01T05:12:30","date_gmt":"2023-10-01T07:12:30","guid":{"rendered":"https:\/\/www.boxrepsol.com\/?p=105902"},"modified":"2024-04-23T14:18:50","modified_gmt":"2024-04-23T16:18:50","slug":"resultados-del-gp-de-japon-de-motogp-2023","status":"publish","type":"post","link":"https:\/\/www.boxrepsol.com\/es\/motogp\/resultados-del-gp-de-japon-de-motogp-2023\/","title":{"rendered":"Resultados del GP de Jap\u00f3n de MotoGP 2023"},"content":{"rendered":"<figure class=\"wp-block-post-featured-image\"><img loading=\"lazy\" decoding=\"async\" width=\"1280\" height=\"600\" src=\"https:\/\/bxrepsol.s3.eu-west-1.amazonaws.com\/static\/2023\/10\/01033320\/JRB7456.png\" class=\"attachment-post-thumbnail size-post-thumbnail wp-post-image\" alt=\"\" style=\"object-fit:cover;\" srcset=\"https:\/\/bxrepsol.s3.eu-west-1.amazonaws.com\/static\/2023\/10\/01033320\/JRB7456.png 1280w, https:\/\/bxrepsol.s3.eu-west-1.amazonaws.com\/static\/2023\/10\/01033320\/JRB7456-300x141.png 300w, https:\/\/bxrepsol.s3.eu-west-1.amazonaws.com\/static\/2023\/10\/01033320\/JRB7456-1024x480.png 1024w, https:\/\/bxrepsol.s3.eu-west-1.amazonaws.com\/static\/2023\/10\/01033320\/JRB7456-768x360.png 768w\" sizes=\"auto, (max-width: 1280px) 100vw, 1280px\" \/><\/figure>\n\n\n<p><strong>Jorge Mart\u00edn (Ducati) <\/strong>se hace con una nueva victoria en el trazado japon\u00e9s del <strong>Mobility Resort Motegi<\/strong>. Pecco Bagnaia (Ducati) y <strong>Marc M\u00e1rquez (Repsol Honda)<\/strong> han completado el podio en una carrera protagonizada por la llegada de la lluvia, la din\u00e1mica <a href=\"https:\/\/www.boxrepsol.com\/es\/motogp\/carreras-flag-to-flag-descubre-todos-sus-secretos\/\">Flag to Flag<\/a> y una bandera roja a mitad de carrera por las dif\u00edciles condiciones de la pista.<\/p>\n\n\n\n<p><strong><div id=\"ez-toc-container\" class=\"ez-toc-v2_0_82_2 counter-hierarchy ez-toc-counter ez-toc-grey ez-toc-container-direction\">\n<div class=\"ez-toc-title-container\">\n<p class=\"ez-toc-title\" style=\"cursor:inherit\">\u00cdndice<\/p>\n<span class=\"ez-toc-title-toggle\"><a href=\"#\" class=\"ez-toc-pull-right ez-toc-btn ez-toc-btn-xs ez-toc-btn-default ez-toc-toggle\" aria-label=\"Toggle Table of Content\"><span class=\"ez-toc-js-icon-con\"><span class=\"\"><span class=\"eztoc-hide\" style=\"display:none;\">Toggle<\/span><span class=\"ez-toc-icon-toggle-span\"><svg style=\"fill: #999;color:#999\" xmlns=\"http:\/\/www.w3.org\/2000\/svg\" class=\"list-377408\" width=\"20px\" height=\"20px\" viewBox=\"0 0 24 24\" fill=\"none\"><path d=\"M6 6H4v2h2V6zm14 0H8v2h12V6zM4 11h2v2H4v-2zm16 0H8v2h12v-2zM4 16h2v2H4v-2zm16 0H8v2h12v-2z\" fill=\"currentColor\"><\/path><\/svg><svg style=\"fill: #999;color:#999\" class=\"arrow-unsorted-368013\" xmlns=\"http:\/\/www.w3.org\/2000\/svg\" width=\"10px\" height=\"10px\" viewBox=\"0 0 24 24\" version=\"1.2\" baseProfile=\"tiny\"><path d=\"M18.2 9.3l-6.2-6.3-6.2 6.3c-.2.2-.3.4-.3.7s.1.5.3.7c.2.2.4.3.7.3h11c.3 0 .5-.1.7-.3.2-.2.3-.5.3-.7s-.1-.5-.3-.7zM5.8 14.7l6.2 6.3 6.2-6.3c.2-.2.3-.5.3-.7s-.1-.5-.3-.7c-.2-.2-.4-.3-.7-.3h-11c-.3 0-.5.1-.7.3-.2.2-.3.5-.3.7s.1.5.3.7z\"\/><\/svg><\/span><\/span><\/span><\/a><\/span><\/div>\n<nav><ul class='ez-toc-list ez-toc-list-level-1 ' ><ul class='ez-toc-list-level-3' ><li class='ez-toc-heading-level-3'><a class=\"ez-toc-link ez-toc-heading-1\" href=\"https:\/\/www.boxrepsol.com\/es\/motogp\/resultados-del-gp-de-japon-de-motogp-2023\/#Nuevo_podio_para_Marc_Marquez\" >Nuevo podio para Marc M\u00e1rquez<\/a><\/li><li class='ez-toc-page-1 ez-toc-heading-level-3'><a class=\"ez-toc-link ez-toc-heading-2\" href=\"https:\/\/www.boxrepsol.com\/es\/motogp\/resultados-del-gp-de-japon-de-motogp-2023\/#Resultados_de_la_carrera_GP_de_Japon_13_vueltas\" >Resultados de la carrera: GP de Jap\u00f3n (13 vueltas)<\/a><\/li><li class='ez-toc-page-1 ez-toc-heading-level-3'><a class=\"ez-toc-link ez-toc-heading-3\" href=\"https:\/\/www.boxrepsol.com\/es\/motogp\/resultados-del-gp-de-japon-de-motogp-2023\/#Clasificacion_General\" >Clasificaci\u00f3n General<\/a><\/li><\/ul><\/li><li class='ez-toc-page-1 ez-toc-heading-level-2'><a class=\"ez-toc-link ez-toc-heading-4\" href=\"https:\/\/www.boxrepsol.com\/es\/motogp\/resultados-del-gp-de-japon-de-motogp-2023\/#Declaraciones\" >Declaraciones<\/a><ul class='ez-toc-list-level-3' ><li class='ez-toc-heading-level-3'><a class=\"ez-toc-link ez-toc-heading-5\" href=\"https:\/\/www.boxrepsol.com\/es\/motogp\/resultados-del-gp-de-japon-de-motogp-2023\/#Marc_Marquez\" >Marc M\u00e1rquez<\/a><\/li><li class='ez-toc-page-1 ez-toc-heading-level-3'><a class=\"ez-toc-link ez-toc-heading-6\" href=\"https:\/\/www.boxrepsol.com\/es\/motogp\/resultados-del-gp-de-japon-de-motogp-2023\/#Joan_Mir\" >Joan Mir<\/a><\/li><\/ul><\/li><\/ul><\/nav><\/div>\n<\/strong><\/p>\n\n\n\n<p>El <strong>Top10 <\/strong>del Gran Premio de Jap\u00f3n ha sido completado por Marco Bezzecchi, Aleix Espargar\u00f3, Jack Miller, Augusto Fern\u00e1ndez, Fabio Di Giannantonio, Ra\u00fal Fern\u00e1ndez y Fabio Quartararo. <\/p>\n\n\n\n<p>Con esta victoria de Mart\u00edn el campeonato queda reducido a una diferencia de 3 puntos de Pecco Bagnaia sobre Jorge Mart\u00edn.<\/p>\n\n\n\n<p>La pr\u00f3xima parada del calendario ser\u00e1 dentro de dos semanas en el <strong>Circuito Internacional de Mandalika <\/strong>para el <strong>Gran Premio de Indonesia<\/strong>. <\/p>\n\n\n\n<h3 class=\"wp-block-heading\"><span class=\"ez-toc-section\" id=\"Nuevo_podio_para_Marc_Marquez\"><\/span><strong>Nuevo podio para Marc M\u00e1rquez<\/strong><span class=\"ez-toc-section-end\"><\/span><\/h3>\n\n\n\n<p>Tras una carrera sprint s\u00f3lida de <strong>Marc M\u00e1rquez <\/strong>en la que logr\u00f3 varios puntos con su s\u00e9ptima posici\u00f3n, el piloto del <strong>equipo Repsol Honda<\/strong> ha salido a pista con el objetivo de mantenerse entre los diez primeros pilotos. Gracias a una buena salida ha entrado en el grupo de cabeza y con el transcurso de la carrera el de Cervera se ha metido en posiciones de podio.<\/p>\n\n\n\n<p>Sin embargo, cuando rodaba tercero, en la 13\u00aa vuelta de carrera, las condiciones de pista han empeorado y se han visto obligados a parar la carrera con bandera roja. <\/p>\n\n\n\n<p>Con el relanzamiento de carrera a 12 vueltas, los pilotos han visto que las condiciones no eran las \u00f3ptimas para correr y, con una segunda bandera roja, se ha dado por finalizada la carrera. Esta situaci\u00f3n le ha dado a Marc M\u00e1rquez la<strong> tercera posici\u00f3n<\/strong>, primer podio desde el Gran Premio de Australia de 2022.<\/p>\n\n\n\n<p><strong>Joan Mir<\/strong>, por su parte, ha protagonizado una buena primera mitad de carrera donde se ha sentido c\u00f3modo con la lluvia y se ha mantenido s\u00e9ptimo durante varias vueltas. Sin embargo,  ha tenido problemas y ha ca\u00eddo hasta la <strong>12\u00aa plaza<\/strong>, posici\u00f3n con la que ha finalizado el Gran Premio de Jap\u00f3n tras la bandera roja. <\/p>\n\n\n\n<h3 class=\"wp-block-heading\"><span class=\"ez-toc-section\" id=\"Resultados_de_la_carrera_GP_de_Japon_13_vueltas\"><\/span><strong>Resultados de la carrera: GP de Jap\u00f3n (13 vueltas)<\/strong><span class=\"ez-toc-section-end\"><\/span><\/h3>\n\n\n\n<figure class=\"wp-block-table is-style-stripes\"><table><tbody><tr><td><strong>PILOTO<\/strong><\/td><td><strong>EQUIPO<\/strong><\/td><td><strong>TIEMPO<\/strong><\/td><\/tr><tr><td>1. Jorge Mart\u00edn<\/td><td>DUCATI<\/td><td>24:06.314<\/td><\/tr><tr><td>2. Pecco Bagnaia<\/td><td>DUCATI<\/td><td>+1.413<\/td><\/tr><tr><td><strong>3. Marc M\u00e1rquez<\/strong><\/td><td><strong>REPSOL HONDA<\/strong><\/td><td>+2.013<\/td><\/tr><tr><td>4. Marco Bezzecchi<\/td><td>DUCATI<\/td><td>+2.943<\/td><\/tr><tr><td>5. Aleix Espargar\u00f3<\/td><td>APRILIA<\/td><td>+3.181<\/td><\/tr><tr><td>6. Jack Miller<\/td><td>KTM<\/td><td>+6.837<\/td><\/tr><tr><td>7. Augusto Fern\u00e1ndez<\/td><td>KTM<\/td><td>+7.587<\/td><\/tr><tr><td>8. Fabio Di Giannantonio<\/td><td>DUCATI<\/td><td>+8.602<\/td><\/tr><tr><td>9. Ra\u00fal Fern\u00e1ndez <\/td><td>APRILIA<\/td><td>+11.229<\/td><\/tr><tr><td>10. Fabio Quartararo<\/td><td>YAMAHA<\/td><td>+12.244<\/td><\/tr><tr><td><strong>12. Joan Mir<\/strong><\/td><td><strong>REPSOL HONDA<\/strong><\/td><td><strong>+14.924<\/strong><\/td><\/tr><\/tbody><\/table><\/figure>\n\n\n\n<h3 class=\"wp-block-heading\"><span class=\"ez-toc-section\" id=\"Clasificacion_General\"><\/span><strong>Clasificaci\u00f3n General<\/strong><span class=\"ez-toc-section-end\"><\/span><\/h3>\n\n\n\n<figure class=\"wp-block-table is-style-stripes\"><table><tbody><tr><td><strong>PILOTO<\/strong><\/td><td><strong>EQUIPO<\/strong><\/td><td><strong>PUNTOS<\/strong><\/td><\/tr><tr><td>1. Pecco Bagnaia<\/td><td>DUCATI<\/td><td>319<\/td><\/tr><tr><td>2. Jorge Mart\u00edn<\/td><td>DUCATI<\/td><td>316<\/td><\/tr><tr><td>3. Marco Bezzecchi<\/td><td>DUCATI<\/td><td>265<\/td><\/tr><tr><td>4. Brad Binder<\/td><td>KTM<\/td><td>201<\/td><\/tr><tr><td>5. Aleix Espargar\u00f3<\/td><td>APRILIA<\/td><td>171<\/td><\/tr><tr><td>6. Johann Zarco<\/td><td>DUCATI<\/td><td>162<\/td><\/tr><tr><td>7. Maverick Vi\u00f1ales<\/td><td>APRILIA<\/td><td>139<\/td><\/tr><tr><td>8.  Luca Marini<\/td><td>DUCATI<\/td><td>135<\/td><\/tr><tr><td>9. Jack Miller<\/td><td>KTM<\/td><td>125<\/td><\/tr><tr><td>10. \u00c1lex M\u00e1rquez<\/td><td>DUCATI<\/td><td>108<\/td><\/tr><tr><td><strong>15<\/strong>. <strong>Marc M\u00e1rquez<\/strong><\/td><td><strong>REPSOL HONDA<\/strong><\/td><td><strong>64<\/strong><\/td><\/tr><tr><td><strong>22. Joan Mir<\/strong><\/td><td><strong>REPSOL HONDA<\/strong><\/td><td><strong>20<\/strong><\/td><\/tr><\/tbody><\/table><\/figure>\n\n\n\n<div id=\"0dd8480d-fb8b-432e-bb0c-79238648cee2\" class=\"br-slider-box\"><div class=\"wp-block-create-block-repsol-carousel br-slider\"><a target=\"_blank\" href=\"https:\/\/bxrepsol.s3.eu-west-1.amazonaws.com\/static\/2023\/10\/01072728\/DSC3749-scaled.jpg\" data-index=\"0\" rel=\"noopener\"><img decoding=\"async\" src=\"https:\/\/bxrepsol.s3.eu-west-1.amazonaws.com\/static\/2023\/10\/01072728\/DSC3749-scaled.jpg\"\/><\/a><a target=\"_blank\" href=\"https:\/\/bxrepsol.s3.eu-west-1.amazonaws.com\/static\/2023\/10\/01072734\/JRB0912-scaled.jpg\" data-index=\"1\" rel=\"noopener\"><img decoding=\"async\" src=\"https:\/\/bxrepsol.s3.eu-west-1.amazonaws.com\/static\/2023\/10\/01072734\/JRB0912-scaled.jpg\"\/><\/a><a target=\"_blank\" href=\"https:\/\/bxrepsol.s3.eu-west-1.amazonaws.com\/static\/2023\/10\/01072741\/JRB1021-scaled.jpg\" data-index=\"2\" rel=\"noopener\"><img decoding=\"async\" src=\"https:\/\/bxrepsol.s3.eu-west-1.amazonaws.com\/static\/2023\/10\/01072741\/JRB1021-scaled.jpg\"\/><\/a><a target=\"_blank\" href=\"https:\/\/bxrepsol.s3.eu-west-1.amazonaws.com\/static\/2023\/10\/01072806\/JRB0429-scaled.jpg\" data-index=\"3\" rel=\"noopener\"><img decoding=\"async\" src=\"https:\/\/bxrepsol.s3.eu-west-1.amazonaws.com\/static\/2023\/10\/01072806\/JRB0429-scaled.jpg\"\/><\/a><a target=\"_blank\" href=\"https:\/\/bxrepsol.s3.eu-west-1.amazonaws.com\/static\/2023\/10\/01072812\/JRB1870-scaled.jpg\" data-index=\"4\" rel=\"noopener\"><img decoding=\"async\" src=\"https:\/\/bxrepsol.s3.eu-west-1.amazonaws.com\/static\/2023\/10\/01072812\/JRB1870-scaled.jpg\"\/><\/a><\/div><div class=\"br-slider-buttons\"><button class=\"arrow rds-icon arrow--left rds-icon-Arrow_left\"><\/button><button class=\"arrow rds-icon arrow--right rds-icon-Arrow_right\"><\/button><\/div><\/div>\n\n\n\n<h2 class=\"wp-block-heading\"><span class=\"ez-toc-section\" id=\"Declaraciones\"><\/span><strong>Declaraciones<\/strong><span class=\"ez-toc-section-end\"><\/span><\/h2>\n\n\n\n<h3 class=\"wp-block-heading\"><span class=\"ez-toc-section\" id=\"Marc_Marquez\"><\/span><strong>Marc M\u00e1rquez<\/strong><span class=\"ez-toc-section-end\"><\/span><\/h3>\n\n\n\n<p>\u00abEs fant\u00e1stico volver al podio despu\u00e9s de tanto tiempo y hacerlo aqu\u00ed, en Motegi, en casa de Honda, con tantos aficionados y gente de Honda. Sinceramente, es muy rom\u00e1ntico. En la carrera se trataba de ver c\u00f3mo funcionaban los neum\u00e1ticos de mojado una vez que hemos hecho el cambio, al principio estaba bastante seco as\u00ed que era importante tener cuidado para no destruirlos. He mantenido la calma y cuando he visto que hab\u00eda m\u00e1s agua en pista, he empezado a atacar. Me he sentido muy bien con mi ritmo y creo que podr\u00edamos haber tenido un final de carrera interesante, pero Direcci\u00f3n de Carrera ha hecho un trabajo realmente bueno y han tomado la decisi\u00f3n correcta en el momento adecuado. Quiero darles las gracias a ellos y por supuesto tambi\u00e9n a todo el equipo Repsol Honda, en d\u00edas como hoy hay muchos factores en juego y mi equipo ha trabajado muy bien para gestionarlo todo. Este podio es lo que hemos estado buscando todo el a\u00f1o y es un buen impulso para el \u00faltimo empuj\u00f3n de 2023\u201d.<\/p>\n\n\n\n<h3 class=\"wp-block-heading\"><span class=\"ez-toc-section\" id=\"Joan_Mir\"><\/span><strong>Joan Mir<\/strong><span class=\"ez-toc-section-end\"><\/span><\/h3>\n\n\n\n<p>\u00abDesgraciadamente he tenido algunos problemas de visibilidad con el casco, es algo que nunca hab\u00eda tenido en el pasado y hoy ha sido el d\u00eda. Es una gran pena, no pod\u00eda ver y perd\u00eda mis puntos de referencia en la pista. Cuando estaba luchando con Miller he podido ver un poco, pero luego la lluvia ha aumentado y ha sido suficiente para detenerme. Estoy muy decepcionado porque creo que hemos demostrado que ten\u00edamos buena velocidad y pod\u00edamos haber hecho algo m\u00e1s. Ahora tenemos una semana libre para entrenar y recuperarnos un poco antes de volver a competir\u00bb.<\/p>\n","protected":false},"excerpt":{"rendered":"<p>Jorge Mart\u00edn logra una nueva victoria y Marc M\u00e1rquez cierra el podio del Gran Premio de Jap\u00f3n<\/p>\n","protected":false},"author":43146,"featured_media":105904,"comment_status":"open","ping_status":"open","sticky":false,"template":"","format":"standard","meta":{"footnotes":""},"categories":[4],"tags":[269,50,271,6,140,8],"class_list":["post-105902","post","type-post","status-publish","format-standard","hentry","category-motogp","tag-269","tag-equipo-repsol-honda","tag-joan-mir","tag-marc-marquez","tag-motogp-japon","tag-repsol-honda-team"],"yoast_head":"<!-- This site is optimized with the Yoast SEO plugin v27.3 - https:\/\/yoast.com\/product\/yoast-seo-wordpress\/ -->\n<title>Resultados del GP de Jap\u00f3n de MotoGP 2023 - Box Repsol<\/title>\n<meta name=\"description\" content=\"Cr\u00f3nica y resultados del GP de Jap\u00f3n 2023 de MotoGP, disputado en Mobility Resort Motegi.\" \/>\n<link rel=\"canonical\" href=\"https:\/\/www.boxrepsol.com\/es\/motogp\/resultados-del-gp-de-japon-de-motogp-2023\/\" \/>\n<meta property=\"og:locale\" content=\"es_ES\" \/>\n<meta property=\"og:type\" content=\"article\" \/>\n<meta property=\"og:title\" content=\"Resultados del GP de Jap\u00f3n de MotoGP 2023 - Box Repsol\" \/>\n<meta property=\"og:description\" content=\"Cr\u00f3nica y resultados del GP de Jap\u00f3n 2023 de MotoGP, disputado en Mobility Resort Motegi.\" \/>\n<meta property=\"og:url\" content=\"https:\/\/www.boxrepsol.com\/es\/motogp\/resultados-del-gp-de-japon-de-motogp-2023\/\" \/>\n<meta property=\"og:site_name\" content=\"Box Repsol\" \/>\n<meta property=\"article:publisher\" content=\"https:\/\/www.facebook.com\/BoxRepsol\" \/>\n<meta property=\"article:author\" content=\"https:\/\/www.facebook.com\/BoxRepsol\/\" \/>\n<meta property=\"article:published_time\" content=\"2023-10-01T07:12:30+00:00\" \/>\n<meta property=\"article:modified_time\" content=\"2024-04-23T16:18:50+00:00\" \/>\n<meta property=\"og:image\" content=\"https:\/\/bxrepsol.s3.eu-west-1.amazonaws.com\/static\/2023\/10\/01033320\/JRB7456.png\" \/>\n\t<meta property=\"og:image:width\" content=\"1280\" \/>\n\t<meta property=\"og:image:height\" content=\"600\" \/>\n\t<meta property=\"og:image:type\" content=\"image\/png\" \/>\n<meta name=\"author\" content=\"Redacci\u00f3n Box Repsol\" \/>\n<meta name=\"twitter:card\" content=\"summary_large_image\" \/>\n<meta name=\"twitter:creator\" content=\"@https:\/\/twitter.com\/box_repsol\" \/>\n<meta name=\"twitter:site\" content=\"@box_repsol\" \/>\n<meta name=\"twitter:label1\" content=\"Written by\" \/>\n\t<meta name=\"twitter:data1\" content=\"Redacci\u00f3n Box Repsol\" \/>\n\t<meta name=\"twitter:label2\" content=\"Est. reading time\" \/>\n\t<meta name=\"twitter:data2\" content=\"4 minutos\" \/>\n<script type=\"application\/ld+json\" class=\"yoast-schema-graph\">{\"@context\":\"https:\\\/\\\/schema.org\",\"@graph\":[{\"@type\":\"Article\",\"@id\":\"https:\\\/\\\/www.boxrepsol.com\\\/es\\\/motogp\\\/resultados-del-gp-de-japon-de-motogp-2023\\\/#article\",\"isPartOf\":{\"@id\":\"https:\\\/\\\/www.boxrepsol.com\\\/es\\\/motogp\\\/resultados-del-gp-de-japon-de-motogp-2023\\\/\"},\"author\":{\"name\":\"Redacci\u00f3n Box Repsol\",\"@id\":\"https:\\\/\\\/www.boxrepsol.com\\\/es\\\/#\\\/schema\\\/person\\\/c5c2138f2cca251b0ad92b7086bb60b7\"},\"headline\":\"Resultados del GP de Jap\u00f3n de MotoGP 2023\",\"datePublished\":\"2023-10-01T07:12:30+00:00\",\"dateModified\":\"2024-04-23T16:18:50+00:00\",\"mainEntityOfPage\":{\"@id\":\"https:\\\/\\\/www.boxrepsol.com\\\/es\\\/motogp\\\/resultados-del-gp-de-japon-de-motogp-2023\\\/\"},\"wordCount\":771,\"commentCount\":0,\"publisher\":{\"@id\":\"https:\\\/\\\/www.boxrepsol.com\\\/es\\\/#organization\"},\"image\":{\"@id\":\"https:\\\/\\\/www.boxrepsol.com\\\/es\\\/motogp\\\/resultados-del-gp-de-japon-de-motogp-2023\\\/#primaryimage\"},\"thumbnailUrl\":\"https:\\\/\\\/bxrepsol.s3.eu-west-1.amazonaws.com\\\/static\\\/2023\\\/10\\\/01033320\\\/JRB7456.png\",\"keywords\":[\"2023\",\"Equipo Repsol Honda\",\"Joan Mir\",\"Marc M\u00e1rquez\",\"MotoGP Jap\u00f3n\",\"Repsol Honda Team\"],\"articleSection\":[\"MotoGP\"],\"inLanguage\":\"es\",\"potentialAction\":[{\"@type\":\"CommentAction\",\"name\":\"Comment\",\"target\":[\"https:\\\/\\\/www.boxrepsol.com\\\/es\\\/motogp\\\/resultados-del-gp-de-japon-de-motogp-2023\\\/#respond\"]}]},{\"@type\":\"WebPage\",\"@id\":\"https:\\\/\\\/www.boxrepsol.com\\\/es\\\/motogp\\\/resultados-del-gp-de-japon-de-motogp-2023\\\/\",\"url\":\"https:\\\/\\\/www.boxrepsol.com\\\/es\\\/motogp\\\/resultados-del-gp-de-japon-de-motogp-2023\\\/\",\"name\":\"Resultados del GP de Jap\u00f3n de MotoGP 2023 - Box Repsol\",\"isPartOf\":{\"@id\":\"https:\\\/\\\/www.boxrepsol.com\\\/es\\\/#website\"},\"primaryImageOfPage\":{\"@id\":\"https:\\\/\\\/www.boxrepsol.com\\\/es\\\/motogp\\\/resultados-del-gp-de-japon-de-motogp-2023\\\/#primaryimage\"},\"image\":{\"@id\":\"https:\\\/\\\/www.boxrepsol.com\\\/es\\\/motogp\\\/resultados-del-gp-de-japon-de-motogp-2023\\\/#primaryimage\"},\"thumbnailUrl\":\"https:\\\/\\\/bxrepsol.s3.eu-west-1.amazonaws.com\\\/static\\\/2023\\\/10\\\/01033320\\\/JRB7456.png\",\"datePublished\":\"2023-10-01T07:12:30+00:00\",\"dateModified\":\"2024-04-23T16:18:50+00:00\",\"description\":\"Cr\u00f3nica y resultados del GP de Jap\u00f3n 2023 de MotoGP, disputado en Mobility Resort Motegi.\",\"breadcrumb\":{\"@id\":\"https:\\\/\\\/www.boxrepsol.com\\\/es\\\/motogp\\\/resultados-del-gp-de-japon-de-motogp-2023\\\/#breadcrumb\"},\"inLanguage\":\"es\",\"potentialAction\":[{\"@type\":\"ReadAction\",\"target\":[\"https:\\\/\\\/www.boxrepsol.com\\\/es\\\/motogp\\\/resultados-del-gp-de-japon-de-motogp-2023\\\/\"]}]},{\"@type\":\"ImageObject\",\"inLanguage\":\"es\",\"@id\":\"https:\\\/\\\/www.boxrepsol.com\\\/es\\\/motogp\\\/resultados-del-gp-de-japon-de-motogp-2023\\\/#primaryimage\",\"url\":\"https:\\\/\\\/bxrepsol.s3.eu-west-1.amazonaws.com\\\/static\\\/2023\\\/10\\\/01033320\\\/JRB7456.png\",\"contentUrl\":\"https:\\\/\\\/bxrepsol.s3.eu-west-1.amazonaws.com\\\/static\\\/2023\\\/10\\\/01033320\\\/JRB7456.png\",\"width\":1280,\"height\":600},{\"@type\":\"BreadcrumbList\",\"@id\":\"https:\\\/\\\/www.boxrepsol.com\\\/es\\\/motogp\\\/resultados-del-gp-de-japon-de-motogp-2023\\\/#breadcrumb\",\"itemListElement\":[{\"@type\":\"ListItem\",\"position\":1,\"name\":\"Home\",\"item\":\"https:\\\/\\\/www.boxrepsol.com\\\/es\\\/\"},{\"@type\":\"ListItem\",\"position\":2,\"name\":\"Resultados del GP de Jap\u00f3n de MotoGP 2023\"}]},{\"@type\":\"WebSite\",\"@id\":\"https:\\\/\\\/www.boxrepsol.com\\\/es\\\/#website\",\"url\":\"https:\\\/\\\/www.boxrepsol.com\\\/es\\\/\",\"name\":\"Box Repsol\",\"description\":\"Box Repsol Site\",\"publisher\":{\"@id\":\"https:\\\/\\\/www.boxrepsol.com\\\/es\\\/#organization\"},\"potentialAction\":[{\"@type\":\"SearchAction\",\"target\":{\"@type\":\"EntryPoint\",\"urlTemplate\":\"https:\\\/\\\/www.boxrepsol.com\\\/es\\\/?s={search_term_string}\"},\"query-input\":{\"@type\":\"PropertyValueSpecification\",\"valueRequired\":true,\"valueName\":\"search_term_string\"}}],\"inLanguage\":\"es\"},{\"@type\":\"Organization\",\"@id\":\"https:\\\/\\\/www.boxrepsol.com\\\/es\\\/#organization\",\"name\":\"Box Repsol\",\"url\":\"https:\\\/\\\/www.boxrepsol.com\\\/es\\\/\",\"logo\":{\"@type\":\"ImageObject\",\"inLanguage\":\"es\",\"@id\":\"https:\\\/\\\/www.boxrepsol.com\\\/es\\\/#\\\/schema\\\/logo\\\/image\\\/\",\"url\":\"https:\\\/\\\/bxrepsol.s3.eu-west-1.amazonaws.com\\\/static\\\/2025\\\/07\\\/30083337\\\/favicon-96x96-1.png\",\"contentUrl\":\"https:\\\/\\\/bxrepsol.s3.eu-west-1.amazonaws.com\\\/static\\\/2025\\\/07\\\/30083337\\\/favicon-96x96-1.png\",\"width\":96,\"height\":96,\"caption\":\"Box Repsol\"},\"image\":{\"@id\":\"https:\\\/\\\/www.boxrepsol.com\\\/es\\\/#\\\/schema\\\/logo\\\/image\\\/\"},\"sameAs\":[\"https:\\\/\\\/www.facebook.com\\\/BoxRepsol\",\"https:\\\/\\\/x.com\\\/box_repsol\",\"http:\\\/\\\/instagram.com\\\/box_repsol\",\"https:\\\/\\\/www.youtube.com\\\/user\\\/RepsolCompeticion\",\"https:\\\/\\\/www.flickr.com\\\/photos\\\/box_repsol\\\/\"]},{\"@type\":\"Person\",\"@id\":\"https:\\\/\\\/www.boxrepsol.com\\\/es\\\/#\\\/schema\\\/person\\\/c5c2138f2cca251b0ad92b7086bb60b7\",\"name\":\"Redacci\u00f3n Box Repsol\",\"image\":{\"@type\":\"ImageObject\",\"inLanguage\":\"es\",\"@id\":\"https:\\\/\\\/secure.gravatar.com\\\/avatar\\\/adf7b77e38b4419baf32c7e9c21dde01f4e40df611f0978e3006fc4ba0aaab7e?s=96&d=mm&r=g\",\"url\":\"https:\\\/\\\/secure.gravatar.com\\\/avatar\\\/adf7b77e38b4419baf32c7e9c21dde01f4e40df611f0978e3006fc4ba0aaab7e?s=96&d=mm&r=g\",\"contentUrl\":\"https:\\\/\\\/secure.gravatar.com\\\/avatar\\\/adf7b77e38b4419baf32c7e9c21dde01f4e40df611f0978e3006fc4ba0aaab7e?s=96&d=mm&r=g\",\"caption\":\"Redacci\u00f3n Box Repsol\"},\"description\":\"Box Repsol lo forma un equipo de periodistas, community managers, dise\u00f1adores y fot\u00f3grafos con m\u00e1s de 20 a\u00f1os de experiencia en el mundo del motorsport. Hemos vivido el primer mundial de un espa\u00f1ol en la categor\u00eda reina de motociclismo con \u00c1lex Crivill\u00e9, estuvimos en las victorias de Pedrosa y los t\u00edtulos de M\u00e1rquez, acompa\u00f1amos en \u00c1frica a Nani Roma y Marc Coma en sus conquistas del Dakar y hemos vibrado con los t\u00edtulos de Toni Bou en Trial. Adem\u00e1s, en nuestro equipo contamos con expertos en el mundo de las dos y cuatro ruedas tanto de la calle y las carreteras, como de los circuitos. Periodistas que han trabajado en revistas y publicaciones para hacerte llegar desde rutas y consejos de mantenimiento, a curiosidades y trucos de pilotaje.\",\"sameAs\":[\"https:\\\/\\\/www.facebook.com\\\/BoxRepsol\\\/\",\"https:\\\/\\\/www.instagram.com\\\/box_repsol\\\/\",\"https:\\\/\\\/x.com\\\/https:\\\/\\\/twitter.com\\\/box_repsol\",\"https:\\\/\\\/www.youtube.com\\\/@Boxrepsol\"],\"url\":\"https:\\\/\\\/www.boxrepsol.com\\\/es\\\/author\\\/redaccion-box-repsol\\\/\"}]}<\/script>\n<!-- \/ Yoast SEO plugin. -->","yoast_head_json":{"title":"Resultados del GP de Jap\u00f3n de MotoGP 2023 - Box Repsol","description":"Cr\u00f3nica y resultados del GP de Jap\u00f3n 2023 de MotoGP, disputado en Mobility Resort Motegi.","canonical":"https:\/\/www.boxrepsol.com\/es\/motogp\/resultados-del-gp-de-japon-de-motogp-2023\/","og_locale":"es_ES","og_type":"article","og_title":"Resultados del GP de Jap\u00f3n de MotoGP 2023 - Box Repsol","og_description":"Cr\u00f3nica y resultados del GP de Jap\u00f3n 2023 de MotoGP, disputado en Mobility Resort Motegi.","og_url":"https:\/\/www.boxrepsol.com\/es\/motogp\/resultados-del-gp-de-japon-de-motogp-2023\/","og_site_name":"Box Repsol","article_publisher":"https:\/\/www.facebook.com\/BoxRepsol","article_author":"https:\/\/www.facebook.com\/BoxRepsol\/","article_published_time":"2023-10-01T07:12:30+00:00","article_modified_time":"2024-04-23T16:18:50+00:00","og_image":[{"width":1280,"height":600,"url":"https:\/\/bxrepsol.s3.eu-west-1.amazonaws.com\/static\/2023\/10\/01033320\/JRB7456.png","type":"image\/png"}],"author":"Redacci\u00f3n Box Repsol","twitter_card":"summary_large_image","twitter_creator":"@https:\/\/twitter.com\/box_repsol","twitter_site":"@box_repsol","twitter_misc":{"Written by":"Redacci\u00f3n Box Repsol","Est. reading time":"4 minutos"},"schema":{"@context":"https:\/\/schema.org","@graph":[{"@type":"Article","@id":"https:\/\/www.boxrepsol.com\/es\/motogp\/resultados-del-gp-de-japon-de-motogp-2023\/#article","isPartOf":{"@id":"https:\/\/www.boxrepsol.com\/es\/motogp\/resultados-del-gp-de-japon-de-motogp-2023\/"},"author":{"name":"Redacci\u00f3n Box Repsol","@id":"https:\/\/www.boxrepsol.com\/es\/#\/schema\/person\/c5c2138f2cca251b0ad92b7086bb60b7"},"headline":"Resultados del GP de Jap\u00f3n de MotoGP 2023","datePublished":"2023-10-01T07:12:30+00:00","dateModified":"2024-04-23T16:18:50+00:00","mainEntityOfPage":{"@id":"https:\/\/www.boxrepsol.com\/es\/motogp\/resultados-del-gp-de-japon-de-motogp-2023\/"},"wordCount":771,"commentCount":0,"publisher":{"@id":"https:\/\/www.boxrepsol.com\/es\/#organization"},"image":{"@id":"https:\/\/www.boxrepsol.com\/es\/motogp\/resultados-del-gp-de-japon-de-motogp-2023\/#primaryimage"},"thumbnailUrl":"https:\/\/bxrepsol.s3.eu-west-1.amazonaws.com\/static\/2023\/10\/01033320\/JRB7456.png","keywords":["2023","Equipo Repsol Honda","Joan Mir","Marc M\u00e1rquez","MotoGP Jap\u00f3n","Repsol Honda Team"],"articleSection":["MotoGP"],"inLanguage":"es","potentialAction":[{"@type":"CommentAction","name":"Comment","target":["https:\/\/www.boxrepsol.com\/es\/motogp\/resultados-del-gp-de-japon-de-motogp-2023\/#respond"]}]},{"@type":"WebPage","@id":"https:\/\/www.boxrepsol.com\/es\/motogp\/resultados-del-gp-de-japon-de-motogp-2023\/","url":"https:\/\/www.boxrepsol.com\/es\/motogp\/resultados-del-gp-de-japon-de-motogp-2023\/","name":"Resultados del GP de Jap\u00f3n de MotoGP 2023 - Box Repsol","isPartOf":{"@id":"https:\/\/www.boxrepsol.com\/es\/#website"},"primaryImageOfPage":{"@id":"https:\/\/www.boxrepsol.com\/es\/motogp\/resultados-del-gp-de-japon-de-motogp-2023\/#primaryimage"},"image":{"@id":"https:\/\/www.boxrepsol.com\/es\/motogp\/resultados-del-gp-de-japon-de-motogp-2023\/#primaryimage"},"thumbnailUrl":"https:\/\/bxrepsol.s3.eu-west-1.amazonaws.com\/static\/2023\/10\/01033320\/JRB7456.png","datePublished":"2023-10-01T07:12:30+00:00","dateModified":"2024-04-23T16:18:50+00:00","description":"Cr\u00f3nica y resultados del GP de Jap\u00f3n 2023 de MotoGP, disputado en Mobility Resort Motegi.","breadcrumb":{"@id":"https:\/\/www.boxrepsol.com\/es\/motogp\/resultados-del-gp-de-japon-de-motogp-2023\/#breadcrumb"},"inLanguage":"es","potentialAction":[{"@type":"ReadAction","target":["https:\/\/www.boxrepsol.com\/es\/motogp\/resultados-del-gp-de-japon-de-motogp-2023\/"]}]},{"@type":"ImageObject","inLanguage":"es","@id":"https:\/\/www.boxrepsol.com\/es\/motogp\/resultados-del-gp-de-japon-de-motogp-2023\/#primaryimage","url":"https:\/\/bxrepsol.s3.eu-west-1.amazonaws.com\/static\/2023\/10\/01033320\/JRB7456.png","contentUrl":"https:\/\/bxrepsol.s3.eu-west-1.amazonaws.com\/static\/2023\/10\/01033320\/JRB7456.png","width":1280,"height":600},{"@type":"BreadcrumbList","@id":"https:\/\/www.boxrepsol.com\/es\/motogp\/resultados-del-gp-de-japon-de-motogp-2023\/#breadcrumb","itemListElement":[{"@type":"ListItem","position":1,"name":"Home","item":"https:\/\/www.boxrepsol.com\/es\/"},{"@type":"ListItem","position":2,"name":"Resultados del GP de Jap\u00f3n de MotoGP 2023"}]},{"@type":"WebSite","@id":"https:\/\/www.boxrepsol.com\/es\/#website","url":"https:\/\/www.boxrepsol.com\/es\/","name":"Box Repsol","description":"Box Repsol Site","publisher":{"@id":"https:\/\/www.boxrepsol.com\/es\/#organization"},"potentialAction":[{"@type":"SearchAction","target":{"@type":"EntryPoint","urlTemplate":"https:\/\/www.boxrepsol.com\/es\/?s={search_term_string}"},"query-input":{"@type":"PropertyValueSpecification","valueRequired":true,"valueName":"search_term_string"}}],"inLanguage":"es"},{"@type":"Organization","@id":"https:\/\/www.boxrepsol.com\/es\/#organization","name":"Box Repsol","url":"https:\/\/www.boxrepsol.com\/es\/","logo":{"@type":"ImageObject","inLanguage":"es","@id":"https:\/\/www.boxrepsol.com\/es\/#\/schema\/logo\/image\/","url":"https:\/\/bxrepsol.s3.eu-west-1.amazonaws.com\/static\/2025\/07\/30083337\/favicon-96x96-1.png","contentUrl":"https:\/\/bxrepsol.s3.eu-west-1.amazonaws.com\/static\/2025\/07\/30083337\/favicon-96x96-1.png","width":96,"height":96,"caption":"Box Repsol"},"image":{"@id":"https:\/\/www.boxrepsol.com\/es\/#\/schema\/logo\/image\/"},"sameAs":["https:\/\/www.facebook.com\/BoxRepsol","https:\/\/x.com\/box_repsol","http:\/\/instagram.com\/box_repsol","https:\/\/www.youtube.com\/user\/RepsolCompeticion","https:\/\/www.flickr.com\/photos\/box_repsol\/"]},{"@type":"Person","@id":"https:\/\/www.boxrepsol.com\/es\/#\/schema\/person\/c5c2138f2cca251b0ad92b7086bb60b7","name":"Redacci\u00f3n Box Repsol","image":{"@type":"ImageObject","inLanguage":"es","@id":"https:\/\/secure.gravatar.com\/avatar\/adf7b77e38b4419baf32c7e9c21dde01f4e40df611f0978e3006fc4ba0aaab7e?s=96&d=mm&r=g","url":"https:\/\/secure.gravatar.com\/avatar\/adf7b77e38b4419baf32c7e9c21dde01f4e40df611f0978e3006fc4ba0aaab7e?s=96&d=mm&r=g","contentUrl":"https:\/\/secure.gravatar.com\/avatar\/adf7b77e38b4419baf32c7e9c21dde01f4e40df611f0978e3006fc4ba0aaab7e?s=96&d=mm&r=g","caption":"Redacci\u00f3n Box Repsol"},"description":"Box Repsol lo forma un equipo de periodistas, community managers, dise\u00f1adores y fot\u00f3grafos con m\u00e1s de 20 a\u00f1os de experiencia en el mundo del motorsport. Hemos vivido el primer mundial de un espa\u00f1ol en la categor\u00eda reina de motociclismo con \u00c1lex Crivill\u00e9, estuvimos en las victorias de Pedrosa y los t\u00edtulos de M\u00e1rquez, acompa\u00f1amos en \u00c1frica a Nani Roma y Marc Coma en sus conquistas del Dakar y hemos vibrado con los t\u00edtulos de Toni Bou en Trial. Adem\u00e1s, en nuestro equipo contamos con expertos en el mundo de las dos y cuatro ruedas tanto de la calle y las carreteras, como de los circuitos. Periodistas que han trabajado en revistas y publicaciones para hacerte llegar desde rutas y consejos de mantenimiento, a curiosidades y trucos de pilotaje.","sameAs":["https:\/\/www.facebook.com\/BoxRepsol\/","https:\/\/www.instagram.com\/box_repsol\/","https:\/\/x.com\/https:\/\/twitter.com\/box_repsol","https:\/\/www.youtube.com\/@Boxrepsol"],"url":"https:\/\/www.boxrepsol.com\/es\/author\/redaccion-box-repsol\/"}]}},"_links":{"self":[{"href":"https:\/\/www.boxrepsol.com\/es\/wp-json\/wp\/v2\/posts\/105902","targetHints":{"allow":["GET"]}}],"collection":[{"href":"https:\/\/www.boxrepsol.com\/es\/wp-json\/wp\/v2\/posts"}],"about":[{"href":"https:\/\/www.boxrepsol.com\/es\/wp-json\/wp\/v2\/types\/post"}],"author":[{"embeddable":true,"href":"https:\/\/www.boxrepsol.com\/es\/wp-json\/wp\/v2\/users\/43146"}],"replies":[{"embeddable":true,"href":"https:\/\/www.boxrepsol.com\/es\/wp-json\/wp\/v2\/comments?post=105902"}],"version-history":[{"count":8,"href":"https:\/\/www.boxrepsol.com\/es\/wp-json\/wp\/v2\/posts\/105902\/revisions"}],"predecessor-version":[{"id":115338,"href":"https:\/\/www.boxrepsol.com\/es\/wp-json\/wp\/v2\/posts\/105902\/revisions\/115338"}],"wp:featuredmedia":[{"embeddable":true,"href":"https:\/\/www.boxrepsol.com\/es\/wp-json\/wp\/v2\/media\/105904"}],"wp:attachment":[{"href":"https:\/\/www.boxrepsol.com\/es\/wp-json\/wp\/v2\/media?parent=105902"}],"wp:term":[{"taxonomy":"category","embeddable":true,"href":"https:\/\/www.boxrepsol.com\/es\/wp-json\/wp\/v2\/categories?post=105902"},{"taxonomy":"post_tag","embeddable":true,"href":"https:\/\/www.boxrepsol.com\/es\/wp-json\/wp\/v2\/tags?post=105902"}],"curies":[{"name":"wp","href":"https:\/\/api.w.org\/{rel}","templated":true}]}}