{"id":105855,"date":"2023-09-30T00:43:10","date_gmt":"2023-09-30T02:43:10","guid":{"rendered":"https:\/\/www.boxrepsol.com\/?p=105855"},"modified":"2024-04-08T06:41:20","modified_gmt":"2024-04-08T08:41:20","slug":"resultados-de-la-clasificacion-del-gp-de-japon-de-motogp","status":"publish","type":"post","link":"https:\/\/www.boxrepsol.com\/es\/motogp\/resultados-de-la-clasificacion-del-gp-de-japon-de-motogp\/","title":{"rendered":"Resultados de la clasificaci\u00f3n del GP de Jap\u00f3n de MotoGP"},"content":{"rendered":"<figure class=\"wp-block-post-featured-image\"><img loading=\"lazy\" decoding=\"async\" width=\"1280\" height=\"600\" src=\"https:\/\/bxrepsol.s3.eu-west-1.amazonaws.com\/static\/2023\/09\/30000212\/A1S8752.png\" class=\"attachment-post-thumbnail size-post-thumbnail wp-post-image\" alt=\"\" style=\"object-fit:cover;\" srcset=\"https:\/\/bxrepsol.s3.eu-west-1.amazonaws.com\/static\/2023\/09\/30000212\/A1S8752.png 1280w, https:\/\/bxrepsol.s3.eu-west-1.amazonaws.com\/static\/2023\/09\/30000212\/A1S8752-300x141.png 300w, https:\/\/bxrepsol.s3.eu-west-1.amazonaws.com\/static\/2023\/09\/30000212\/A1S8752-1024x480.png 1024w, https:\/\/bxrepsol.s3.eu-west-1.amazonaws.com\/static\/2023\/09\/30000212\/A1S8752-768x360.png 768w\" sizes=\"auto, (max-width: 1280px) 100vw, 1280px\" \/><\/figure>\n\n\n<p><strong>Jorge Mart\u00edn (Ducati) <\/strong>se hace con una nueva pole en el Mobility Resort Motegi con un tiempo de r\u00e9cord de <strong>1:43.198.<\/strong> Los pilotos que han completado la primera fila de parrilla en esta intensa sesi\u00f3n clasificatoria han sido Pecco Bagnaia (Ducati) y Jack Miller (KTM).<\/p>\n\n\n\n<p>Marco Bezzecchi (Ducati), Brad Binder (KTM), Fabio Di Giannantonio (Ducati), <strong>Marc M\u00e1rquez (Repsol Honda)<\/strong>, Maverick Vi\u00f1ales (Aprilia), Aleix Espargar\u00f3 (Aprilia) y Johann Zarco han cerrado el <strong>Top10<\/strong> de la parilla del <strong>Gran Premio de Jap\u00f3n.<\/strong><\/p>\n\n\n\n<p>A las <strong>8:00<\/strong> <strong>(CEST)<\/strong> se disputar\u00e1 la primera carrera sprint en el trazado japon\u00e9s del Mobility Resort Motegi.<\/p>\n\n\n\n<h3 class=\"wp-block-heading\"><strong>Clasificaci\u00f3n disputada para el equipo Repsol Honda<\/strong> <\/h3>\n\n\n\n<p>Iniciada la sesi\u00f3n clasificatoria, <strong>Marc M\u00e1rquez <\/strong>ha marcado ya en los primeros compases de la Q1 tiempos de 1:44 bajos para asegurarse el paso a la lucha por la pole. En el transcurso de la Q1, los pilotos han ido mejorando el ritmo y, con un registro de 1:43.997 el del <strong>equipo Repsol Honda<\/strong> ha pasado a la Q2 por tercera vez esta temporada. Finalmente, tras una intensa sesi\u00f3n cronometrada, el piloto de Cervera saldr\u00e1 desde tercera fila de parrilla en la <strong>s\u00e9ptima posici\u00f3n<\/strong>.<\/p>\n\n\n\n<p><strong>Joan Mir<\/strong>, por su parte, tras mejorar en varias ocasiones su tiempo durante la Q1, ha sufrido una leve ca\u00edda que le ha impedido mejorar su cronometrado y no ha logrado pasar a la Q2. El piloto del <strong>equipo Repsol Honda <\/strong>saldr\u00e1 en las carreras del Gran Premio de Jap\u00f3n en la <strong>15\u00aa posici\u00f3n. <\/strong><\/p>\n\n\n\n<h2 class=\"wp-block-heading\"><strong>Clasificaci\u00f3n del GP de Jap\u00f3n de MotoGP en Buddh<\/strong><\/h2>\n\n\n\n<figure class=\"wp-block-table is-style-stripes\"><table><tbody><tr><td><strong>PILOTO<\/strong><\/td><td><strong>EQUIPO<\/strong><\/td><td><strong>TIEMPO<\/strong><\/td><\/tr><tr><td>1. Jorge Mart\u00edn<\/td><td>DUCATI<\/td><td>1:43.198<\/td><\/tr><tr><td>2. Pecco Bagnaia<\/td><td>DUCATI<\/td><td>+0.171<\/td><\/tr><tr><td>3. Jack Miller<\/td><td>KTM<\/td><td>+0.353<\/td><\/tr><tr><td>4. Marco Bezzecchi<\/td><td>DUCATI<\/td><td>+0.426<\/td><\/tr><tr><td>5. Brad Binder<\/td><td>KTM<\/td><td>+0.511<\/td><\/tr><tr><td>6. Fabio Di Giannantonio<\/td><td>DUCATI<\/td><td>+0.610<\/td><\/tr><tr><td><strong>7. Marc M\u00e1rquez<\/strong><\/td><td><strong>REPSOL HONDA<\/strong><\/td><td><strong>+0.614<\/strong><\/td><\/tr><tr><td>8. Maverick Vi\u00f1ales<\/td><td>APRILIA<\/td><td>+0.617<\/td><\/tr><tr><td>9. Aleix Espargar\u00f3<\/td><td>APRILIA<\/td><td>+0.624<\/td><\/tr><tr><td>10. Johann Zarco<\/td><td>DUCATI<\/td><td>+0.653<\/td><\/tr><tr><td><strong>15. Joan Mir<\/strong><\/td><td><strong>REPSOL HONDA<\/strong><\/td><td><strong>+0.153*<\/strong><\/td><\/tr><\/tbody><\/table><\/figure>\n","protected":false},"excerpt":{"rendered":"<p>Jorge Mart\u00edn logra una nueva pole en el Gran Premio de Jap\u00f3n<\/p>\n","protected":false},"author":43146,"featured_media":105856,"comment_status":"open","ping_status":"open","sticky":false,"template":"","format":"standard","meta":{"footnotes":""},"categories":[4],"tags":[269,50,271,6,140,8],"class_list":["post-105855","post","type-post","status-publish","format-standard","hentry","category-motogp","tag-269","tag-equipo-repsol-honda","tag-joan-mir","tag-marc-marquez","tag-motogp-japon","tag-repsol-honda-team"],"yoast_head":"<!-- This site is optimized with the Yoast SEO plugin v27.3 - https:\/\/yoast.com\/product\/yoast-seo-wordpress\/ -->\n<title>Resultados de la clasificaci\u00f3n del GP de Jap\u00f3n de MotoGP - Box Repsol<\/title>\n<meta name=\"description\" content=\"Cr\u00f3nica y resultados de la clasificaci\u00f3n del GP de Jap\u00f3n de MotoGP 2023, disputado en Mobility Resort Motegi.\" \/>\n<link rel=\"canonical\" href=\"https:\/\/www.boxrepsol.com\/es\/motogp\/resultados-de-la-clasificacion-del-gp-de-japon-de-motogp\/\" \/>\n<meta property=\"og:locale\" content=\"es_ES\" \/>\n<meta property=\"og:type\" content=\"article\" \/>\n<meta property=\"og:title\" content=\"Resultados de la clasificaci\u00f3n del GP de Jap\u00f3n de MotoGP - Box Repsol\" \/>\n<meta property=\"og:description\" content=\"Cr\u00f3nica y resultados de la clasificaci\u00f3n del GP de Jap\u00f3n de MotoGP 2023, disputado en Mobility Resort Motegi.\" \/>\n<meta property=\"og:url\" content=\"https:\/\/www.boxrepsol.com\/es\/motogp\/resultados-de-la-clasificacion-del-gp-de-japon-de-motogp\/\" \/>\n<meta property=\"og:site_name\" content=\"Box Repsol\" \/>\n<meta property=\"article:publisher\" content=\"https:\/\/www.facebook.com\/BoxRepsol\" \/>\n<meta property=\"article:author\" content=\"https:\/\/www.facebook.com\/BoxRepsol\/\" \/>\n<meta property=\"article:published_time\" content=\"2023-09-30T02:43:10+00:00\" \/>\n<meta property=\"article:modified_time\" content=\"2024-04-08T08:41:20+00:00\" \/>\n<meta property=\"og:image\" content=\"https:\/\/bxrepsol.s3.eu-west-1.amazonaws.com\/static\/2023\/09\/30000212\/A1S8752.png\" \/>\n\t<meta property=\"og:image:width\" content=\"1280\" \/>\n\t<meta property=\"og:image:height\" content=\"600\" \/>\n\t<meta property=\"og:image:type\" content=\"image\/png\" \/>\n<meta name=\"author\" content=\"Redacci\u00f3n Box Repsol\" \/>\n<meta name=\"twitter:card\" content=\"summary_large_image\" \/>\n<meta name=\"twitter:creator\" content=\"@https:\/\/twitter.com\/box_repsol\" \/>\n<meta name=\"twitter:site\" content=\"@box_repsol\" \/>\n<meta name=\"twitter:label1\" content=\"Written by\" \/>\n\t<meta name=\"twitter:data1\" content=\"Redacci\u00f3n Box Repsol\" \/>\n\t<meta name=\"twitter:label2\" content=\"Est. reading time\" \/>\n\t<meta name=\"twitter:data2\" content=\"1 minuto\" \/>\n<script type=\"application\/ld+json\" class=\"yoast-schema-graph\">{\"@context\":\"https:\\\/\\\/schema.org\",\"@graph\":[{\"@type\":\"Article\",\"@id\":\"https:\\\/\\\/www.boxrepsol.com\\\/es\\\/motogp\\\/resultados-de-la-clasificacion-del-gp-de-japon-de-motogp\\\/#article\",\"isPartOf\":{\"@id\":\"https:\\\/\\\/www.boxrepsol.com\\\/es\\\/motogp\\\/resultados-de-la-clasificacion-del-gp-de-japon-de-motogp\\\/\"},\"author\":{\"name\":\"Redacci\u00f3n Box Repsol\",\"@id\":\"https:\\\/\\\/www.boxrepsol.com\\\/es\\\/#\\\/schema\\\/person\\\/c5c2138f2cca251b0ad92b7086bb60b7\"},\"headline\":\"Resultados de la clasificaci\u00f3n del GP de Jap\u00f3n de MotoGP\",\"datePublished\":\"2023-09-30T02:43:10+00:00\",\"dateModified\":\"2024-04-08T08:41:20+00:00\",\"mainEntityOfPage\":{\"@id\":\"https:\\\/\\\/www.boxrepsol.com\\\/es\\\/motogp\\\/resultados-de-la-clasificacion-del-gp-de-japon-de-motogp\\\/\"},\"wordCount\":319,\"commentCount\":0,\"publisher\":{\"@id\":\"https:\\\/\\\/www.boxrepsol.com\\\/es\\\/#organization\"},\"image\":{\"@id\":\"https:\\\/\\\/www.boxrepsol.com\\\/es\\\/motogp\\\/resultados-de-la-clasificacion-del-gp-de-japon-de-motogp\\\/#primaryimage\"},\"thumbnailUrl\":\"https:\\\/\\\/bxrepsol.s3.eu-west-1.amazonaws.com\\\/static\\\/2023\\\/09\\\/30000212\\\/A1S8752.png\",\"keywords\":[\"2023\",\"Equipo Repsol Honda\",\"Joan Mir\",\"Marc M\u00e1rquez\",\"MotoGP Jap\u00f3n\",\"Repsol Honda Team\"],\"articleSection\":[\"MotoGP\"],\"inLanguage\":\"es\",\"potentialAction\":[{\"@type\":\"CommentAction\",\"name\":\"Comment\",\"target\":[\"https:\\\/\\\/www.boxrepsol.com\\\/es\\\/motogp\\\/resultados-de-la-clasificacion-del-gp-de-japon-de-motogp\\\/#respond\"]}]},{\"@type\":\"WebPage\",\"@id\":\"https:\\\/\\\/www.boxrepsol.com\\\/es\\\/motogp\\\/resultados-de-la-clasificacion-del-gp-de-japon-de-motogp\\\/\",\"url\":\"https:\\\/\\\/www.boxrepsol.com\\\/es\\\/motogp\\\/resultados-de-la-clasificacion-del-gp-de-japon-de-motogp\\\/\",\"name\":\"Resultados de la clasificaci\u00f3n del GP de Jap\u00f3n de MotoGP - Box Repsol\",\"isPartOf\":{\"@id\":\"https:\\\/\\\/www.boxrepsol.com\\\/es\\\/#website\"},\"primaryImageOfPage\":{\"@id\":\"https:\\\/\\\/www.boxrepsol.com\\\/es\\\/motogp\\\/resultados-de-la-clasificacion-del-gp-de-japon-de-motogp\\\/#primaryimage\"},\"image\":{\"@id\":\"https:\\\/\\\/www.boxrepsol.com\\\/es\\\/motogp\\\/resultados-de-la-clasificacion-del-gp-de-japon-de-motogp\\\/#primaryimage\"},\"thumbnailUrl\":\"https:\\\/\\\/bxrepsol.s3.eu-west-1.amazonaws.com\\\/static\\\/2023\\\/09\\\/30000212\\\/A1S8752.png\",\"datePublished\":\"2023-09-30T02:43:10+00:00\",\"dateModified\":\"2024-04-08T08:41:20+00:00\",\"description\":\"Cr\u00f3nica y resultados de la clasificaci\u00f3n del GP de Jap\u00f3n de MotoGP 2023, disputado en Mobility Resort Motegi.\",\"breadcrumb\":{\"@id\":\"https:\\\/\\\/www.boxrepsol.com\\\/es\\\/motogp\\\/resultados-de-la-clasificacion-del-gp-de-japon-de-motogp\\\/#breadcrumb\"},\"inLanguage\":\"es\",\"potentialAction\":[{\"@type\":\"ReadAction\",\"target\":[\"https:\\\/\\\/www.boxrepsol.com\\\/es\\\/motogp\\\/resultados-de-la-clasificacion-del-gp-de-japon-de-motogp\\\/\"]}]},{\"@type\":\"ImageObject\",\"inLanguage\":\"es\",\"@id\":\"https:\\\/\\\/www.boxrepsol.com\\\/es\\\/motogp\\\/resultados-de-la-clasificacion-del-gp-de-japon-de-motogp\\\/#primaryimage\",\"url\":\"https:\\\/\\\/bxrepsol.s3.eu-west-1.amazonaws.com\\\/static\\\/2023\\\/09\\\/30000212\\\/A1S8752.png\",\"contentUrl\":\"https:\\\/\\\/bxrepsol.s3.eu-west-1.amazonaws.com\\\/static\\\/2023\\\/09\\\/30000212\\\/A1S8752.png\",\"width\":1280,\"height\":600},{\"@type\":\"BreadcrumbList\",\"@id\":\"https:\\\/\\\/www.boxrepsol.com\\\/es\\\/motogp\\\/resultados-de-la-clasificacion-del-gp-de-japon-de-motogp\\\/#breadcrumb\",\"itemListElement\":[{\"@type\":\"ListItem\",\"position\":1,\"name\":\"Home\",\"item\":\"https:\\\/\\\/www.boxrepsol.com\\\/es\\\/\"},{\"@type\":\"ListItem\",\"position\":2,\"name\":\"Resultados de la clasificaci\u00f3n del GP de Jap\u00f3n de MotoGP\"}]},{\"@type\":\"WebSite\",\"@id\":\"https:\\\/\\\/www.boxrepsol.com\\\/es\\\/#website\",\"url\":\"https:\\\/\\\/www.boxrepsol.com\\\/es\\\/\",\"name\":\"Box Repsol\",\"description\":\"Box Repsol Site\",\"publisher\":{\"@id\":\"https:\\\/\\\/www.boxrepsol.com\\\/es\\\/#organization\"},\"potentialAction\":[{\"@type\":\"SearchAction\",\"target\":{\"@type\":\"EntryPoint\",\"urlTemplate\":\"https:\\\/\\\/www.boxrepsol.com\\\/es\\\/?s={search_term_string}\"},\"query-input\":{\"@type\":\"PropertyValueSpecification\",\"valueRequired\":true,\"valueName\":\"search_term_string\"}}],\"inLanguage\":\"es\"},{\"@type\":\"Organization\",\"@id\":\"https:\\\/\\\/www.boxrepsol.com\\\/es\\\/#organization\",\"name\":\"Box Repsol\",\"url\":\"https:\\\/\\\/www.boxrepsol.com\\\/es\\\/\",\"logo\":{\"@type\":\"ImageObject\",\"inLanguage\":\"es\",\"@id\":\"https:\\\/\\\/www.boxrepsol.com\\\/es\\\/#\\\/schema\\\/logo\\\/image\\\/\",\"url\":\"https:\\\/\\\/bxrepsol.s3.eu-west-1.amazonaws.com\\\/static\\\/2025\\\/07\\\/30083337\\\/favicon-96x96-1.png\",\"contentUrl\":\"https:\\\/\\\/bxrepsol.s3.eu-west-1.amazonaws.com\\\/static\\\/2025\\\/07\\\/30083337\\\/favicon-96x96-1.png\",\"width\":96,\"height\":96,\"caption\":\"Box Repsol\"},\"image\":{\"@id\":\"https:\\\/\\\/www.boxrepsol.com\\\/es\\\/#\\\/schema\\\/logo\\\/image\\\/\"},\"sameAs\":[\"https:\\\/\\\/www.facebook.com\\\/BoxRepsol\",\"https:\\\/\\\/x.com\\\/box_repsol\",\"http:\\\/\\\/instagram.com\\\/box_repsol\",\"https:\\\/\\\/www.youtube.com\\\/user\\\/RepsolCompeticion\",\"https:\\\/\\\/www.flickr.com\\\/photos\\\/box_repsol\\\/\"]},{\"@type\":\"Person\",\"@id\":\"https:\\\/\\\/www.boxrepsol.com\\\/es\\\/#\\\/schema\\\/person\\\/c5c2138f2cca251b0ad92b7086bb60b7\",\"name\":\"Redacci\u00f3n Box Repsol\",\"image\":{\"@type\":\"ImageObject\",\"inLanguage\":\"es\",\"@id\":\"https:\\\/\\\/secure.gravatar.com\\\/avatar\\\/adf7b77e38b4419baf32c7e9c21dde01f4e40df611f0978e3006fc4ba0aaab7e?s=96&d=mm&r=g\",\"url\":\"https:\\\/\\\/secure.gravatar.com\\\/avatar\\\/adf7b77e38b4419baf32c7e9c21dde01f4e40df611f0978e3006fc4ba0aaab7e?s=96&d=mm&r=g\",\"contentUrl\":\"https:\\\/\\\/secure.gravatar.com\\\/avatar\\\/adf7b77e38b4419baf32c7e9c21dde01f4e40df611f0978e3006fc4ba0aaab7e?s=96&d=mm&r=g\",\"caption\":\"Redacci\u00f3n Box Repsol\"},\"description\":\"Box Repsol lo forma un equipo de periodistas, community managers, dise\u00f1adores y fot\u00f3grafos con m\u00e1s de 20 a\u00f1os de experiencia en el mundo del motorsport. Hemos vivido el primer mundial de un espa\u00f1ol en la categor\u00eda reina de motociclismo con \u00c1lex Crivill\u00e9, estuvimos en las victorias de Pedrosa y los t\u00edtulos de M\u00e1rquez, acompa\u00f1amos en \u00c1frica a Nani Roma y Marc Coma en sus conquistas del Dakar y hemos vibrado con los t\u00edtulos de Toni Bou en Trial. Adem\u00e1s, en nuestro equipo contamos con expertos en el mundo de las dos y cuatro ruedas tanto de la calle y las carreteras, como de los circuitos. Periodistas que han trabajado en revistas y publicaciones para hacerte llegar desde rutas y consejos de mantenimiento, a curiosidades y trucos de pilotaje.\",\"sameAs\":[\"https:\\\/\\\/www.facebook.com\\\/BoxRepsol\\\/\",\"https:\\\/\\\/www.instagram.com\\\/box_repsol\\\/\",\"https:\\\/\\\/x.com\\\/https:\\\/\\\/twitter.com\\\/box_repsol\",\"https:\\\/\\\/www.youtube.com\\\/@Boxrepsol\"],\"url\":\"https:\\\/\\\/www.boxrepsol.com\\\/es\\\/author\\\/redaccion-box-repsol\\\/\"}]}<\/script>\n<!-- \/ Yoast SEO plugin. -->","yoast_head_json":{"title":"Resultados de la clasificaci\u00f3n del GP de Jap\u00f3n de MotoGP - Box Repsol","description":"Cr\u00f3nica y resultados de la clasificaci\u00f3n del GP de Jap\u00f3n de MotoGP 2023, disputado en Mobility Resort Motegi.","canonical":"https:\/\/www.boxrepsol.com\/es\/motogp\/resultados-de-la-clasificacion-del-gp-de-japon-de-motogp\/","og_locale":"es_ES","og_type":"article","og_title":"Resultados de la clasificaci\u00f3n del GP de Jap\u00f3n de MotoGP - Box Repsol","og_description":"Cr\u00f3nica y resultados de la clasificaci\u00f3n del GP de Jap\u00f3n de MotoGP 2023, disputado en Mobility Resort Motegi.","og_url":"https:\/\/www.boxrepsol.com\/es\/motogp\/resultados-de-la-clasificacion-del-gp-de-japon-de-motogp\/","og_site_name":"Box Repsol","article_publisher":"https:\/\/www.facebook.com\/BoxRepsol","article_author":"https:\/\/www.facebook.com\/BoxRepsol\/","article_published_time":"2023-09-30T02:43:10+00:00","article_modified_time":"2024-04-08T08:41:20+00:00","og_image":[{"width":1280,"height":600,"url":"https:\/\/bxrepsol.s3.eu-west-1.amazonaws.com\/static\/2023\/09\/30000212\/A1S8752.png","type":"image\/png"}],"author":"Redacci\u00f3n Box Repsol","twitter_card":"summary_large_image","twitter_creator":"@https:\/\/twitter.com\/box_repsol","twitter_site":"@box_repsol","twitter_misc":{"Written by":"Redacci\u00f3n Box Repsol","Est. reading time":"1 minuto"},"schema":{"@context":"https:\/\/schema.org","@graph":[{"@type":"Article","@id":"https:\/\/www.boxrepsol.com\/es\/motogp\/resultados-de-la-clasificacion-del-gp-de-japon-de-motogp\/#article","isPartOf":{"@id":"https:\/\/www.boxrepsol.com\/es\/motogp\/resultados-de-la-clasificacion-del-gp-de-japon-de-motogp\/"},"author":{"name":"Redacci\u00f3n Box Repsol","@id":"https:\/\/www.boxrepsol.com\/es\/#\/schema\/person\/c5c2138f2cca251b0ad92b7086bb60b7"},"headline":"Resultados de la clasificaci\u00f3n del GP de Jap\u00f3n de MotoGP","datePublished":"2023-09-30T02:43:10+00:00","dateModified":"2024-04-08T08:41:20+00:00","mainEntityOfPage":{"@id":"https:\/\/www.boxrepsol.com\/es\/motogp\/resultados-de-la-clasificacion-del-gp-de-japon-de-motogp\/"},"wordCount":319,"commentCount":0,"publisher":{"@id":"https:\/\/www.boxrepsol.com\/es\/#organization"},"image":{"@id":"https:\/\/www.boxrepsol.com\/es\/motogp\/resultados-de-la-clasificacion-del-gp-de-japon-de-motogp\/#primaryimage"},"thumbnailUrl":"https:\/\/bxrepsol.s3.eu-west-1.amazonaws.com\/static\/2023\/09\/30000212\/A1S8752.png","keywords":["2023","Equipo Repsol Honda","Joan Mir","Marc M\u00e1rquez","MotoGP Jap\u00f3n","Repsol Honda Team"],"articleSection":["MotoGP"],"inLanguage":"es","potentialAction":[{"@type":"CommentAction","name":"Comment","target":["https:\/\/www.boxrepsol.com\/es\/motogp\/resultados-de-la-clasificacion-del-gp-de-japon-de-motogp\/#respond"]}]},{"@type":"WebPage","@id":"https:\/\/www.boxrepsol.com\/es\/motogp\/resultados-de-la-clasificacion-del-gp-de-japon-de-motogp\/","url":"https:\/\/www.boxrepsol.com\/es\/motogp\/resultados-de-la-clasificacion-del-gp-de-japon-de-motogp\/","name":"Resultados de la clasificaci\u00f3n del GP de Jap\u00f3n de MotoGP - Box Repsol","isPartOf":{"@id":"https:\/\/www.boxrepsol.com\/es\/#website"},"primaryImageOfPage":{"@id":"https:\/\/www.boxrepsol.com\/es\/motogp\/resultados-de-la-clasificacion-del-gp-de-japon-de-motogp\/#primaryimage"},"image":{"@id":"https:\/\/www.boxrepsol.com\/es\/motogp\/resultados-de-la-clasificacion-del-gp-de-japon-de-motogp\/#primaryimage"},"thumbnailUrl":"https:\/\/bxrepsol.s3.eu-west-1.amazonaws.com\/static\/2023\/09\/30000212\/A1S8752.png","datePublished":"2023-09-30T02:43:10+00:00","dateModified":"2024-04-08T08:41:20+00:00","description":"Cr\u00f3nica y resultados de la clasificaci\u00f3n del GP de Jap\u00f3n de MotoGP 2023, disputado en Mobility Resort Motegi.","breadcrumb":{"@id":"https:\/\/www.boxrepsol.com\/es\/motogp\/resultados-de-la-clasificacion-del-gp-de-japon-de-motogp\/#breadcrumb"},"inLanguage":"es","potentialAction":[{"@type":"ReadAction","target":["https:\/\/www.boxrepsol.com\/es\/motogp\/resultados-de-la-clasificacion-del-gp-de-japon-de-motogp\/"]}]},{"@type":"ImageObject","inLanguage":"es","@id":"https:\/\/www.boxrepsol.com\/es\/motogp\/resultados-de-la-clasificacion-del-gp-de-japon-de-motogp\/#primaryimage","url":"https:\/\/bxrepsol.s3.eu-west-1.amazonaws.com\/static\/2023\/09\/30000212\/A1S8752.png","contentUrl":"https:\/\/bxrepsol.s3.eu-west-1.amazonaws.com\/static\/2023\/09\/30000212\/A1S8752.png","width":1280,"height":600},{"@type":"BreadcrumbList","@id":"https:\/\/www.boxrepsol.com\/es\/motogp\/resultados-de-la-clasificacion-del-gp-de-japon-de-motogp\/#breadcrumb","itemListElement":[{"@type":"ListItem","position":1,"name":"Home","item":"https:\/\/www.boxrepsol.com\/es\/"},{"@type":"ListItem","position":2,"name":"Resultados de la clasificaci\u00f3n del GP de Jap\u00f3n de MotoGP"}]},{"@type":"WebSite","@id":"https:\/\/www.boxrepsol.com\/es\/#website","url":"https:\/\/www.boxrepsol.com\/es\/","name":"Box Repsol","description":"Box Repsol Site","publisher":{"@id":"https:\/\/www.boxrepsol.com\/es\/#organization"},"potentialAction":[{"@type":"SearchAction","target":{"@type":"EntryPoint","urlTemplate":"https:\/\/www.boxrepsol.com\/es\/?s={search_term_string}"},"query-input":{"@type":"PropertyValueSpecification","valueRequired":true,"valueName":"search_term_string"}}],"inLanguage":"es"},{"@type":"Organization","@id":"https:\/\/www.boxrepsol.com\/es\/#organization","name":"Box Repsol","url":"https:\/\/www.boxrepsol.com\/es\/","logo":{"@type":"ImageObject","inLanguage":"es","@id":"https:\/\/www.boxrepsol.com\/es\/#\/schema\/logo\/image\/","url":"https:\/\/bxrepsol.s3.eu-west-1.amazonaws.com\/static\/2025\/07\/30083337\/favicon-96x96-1.png","contentUrl":"https:\/\/bxrepsol.s3.eu-west-1.amazonaws.com\/static\/2025\/07\/30083337\/favicon-96x96-1.png","width":96,"height":96,"caption":"Box Repsol"},"image":{"@id":"https:\/\/www.boxrepsol.com\/es\/#\/schema\/logo\/image\/"},"sameAs":["https:\/\/www.facebook.com\/BoxRepsol","https:\/\/x.com\/box_repsol","http:\/\/instagram.com\/box_repsol","https:\/\/www.youtube.com\/user\/RepsolCompeticion","https:\/\/www.flickr.com\/photos\/box_repsol\/"]},{"@type":"Person","@id":"https:\/\/www.boxrepsol.com\/es\/#\/schema\/person\/c5c2138f2cca251b0ad92b7086bb60b7","name":"Redacci\u00f3n Box Repsol","image":{"@type":"ImageObject","inLanguage":"es","@id":"https:\/\/secure.gravatar.com\/avatar\/adf7b77e38b4419baf32c7e9c21dde01f4e40df611f0978e3006fc4ba0aaab7e?s=96&d=mm&r=g","url":"https:\/\/secure.gravatar.com\/avatar\/adf7b77e38b4419baf32c7e9c21dde01f4e40df611f0978e3006fc4ba0aaab7e?s=96&d=mm&r=g","contentUrl":"https:\/\/secure.gravatar.com\/avatar\/adf7b77e38b4419baf32c7e9c21dde01f4e40df611f0978e3006fc4ba0aaab7e?s=96&d=mm&r=g","caption":"Redacci\u00f3n Box Repsol"},"description":"Box Repsol lo forma un equipo de periodistas, community managers, dise\u00f1adores y fot\u00f3grafos con m\u00e1s de 20 a\u00f1os de experiencia en el mundo del motorsport. Hemos vivido el primer mundial de un espa\u00f1ol en la categor\u00eda reina de motociclismo con \u00c1lex Crivill\u00e9, estuvimos en las victorias de Pedrosa y los t\u00edtulos de M\u00e1rquez, acompa\u00f1amos en \u00c1frica a Nani Roma y Marc Coma en sus conquistas del Dakar y hemos vibrado con los t\u00edtulos de Toni Bou en Trial. Adem\u00e1s, en nuestro equipo contamos con expertos en el mundo de las dos y cuatro ruedas tanto de la calle y las carreteras, como de los circuitos. Periodistas que han trabajado en revistas y publicaciones para hacerte llegar desde rutas y consejos de mantenimiento, a curiosidades y trucos de pilotaje.","sameAs":["https:\/\/www.facebook.com\/BoxRepsol\/","https:\/\/www.instagram.com\/box_repsol\/","https:\/\/x.com\/https:\/\/twitter.com\/box_repsol","https:\/\/www.youtube.com\/@Boxrepsol"],"url":"https:\/\/www.boxrepsol.com\/es\/author\/redaccion-box-repsol\/"}]}},"_links":{"self":[{"href":"https:\/\/www.boxrepsol.com\/es\/wp-json\/wp\/v2\/posts\/105855","targetHints":{"allow":["GET"]}}],"collection":[{"href":"https:\/\/www.boxrepsol.com\/es\/wp-json\/wp\/v2\/posts"}],"about":[{"href":"https:\/\/www.boxrepsol.com\/es\/wp-json\/wp\/v2\/types\/post"}],"author":[{"embeddable":true,"href":"https:\/\/www.boxrepsol.com\/es\/wp-json\/wp\/v2\/users\/43146"}],"replies":[{"embeddable":true,"href":"https:\/\/www.boxrepsol.com\/es\/wp-json\/wp\/v2\/comments?post=105855"}],"version-history":[{"count":8,"href":"https:\/\/www.boxrepsol.com\/es\/wp-json\/wp\/v2\/posts\/105855\/revisions"}],"predecessor-version":[{"id":105866,"href":"https:\/\/www.boxrepsol.com\/es\/wp-json\/wp\/v2\/posts\/105855\/revisions\/105866"}],"wp:featuredmedia":[{"embeddable":true,"href":"https:\/\/www.boxrepsol.com\/es\/wp-json\/wp\/v2\/media\/105856"}],"wp:attachment":[{"href":"https:\/\/www.boxrepsol.com\/es\/wp-json\/wp\/v2\/media?parent=105855"}],"wp:term":[{"taxonomy":"category","embeddable":true,"href":"https:\/\/www.boxrepsol.com\/es\/wp-json\/wp\/v2\/categories?post=105855"},{"taxonomy":"post_tag","embeddable":true,"href":"https:\/\/www.boxrepsol.com\/es\/wp-json\/wp\/v2\/tags?post=105855"}],"curies":[{"name":"wp","href":"https:\/\/api.w.org\/{rel}","templated":true}]}}