{"id":104927,"date":"2023-08-29T09:11:35","date_gmt":"2023-08-29T11:11:35","guid":{"rendered":"https:\/\/www.boxrepsol.com\/?p=104927"},"modified":"2024-04-08T07:02:02","modified_gmt":"2024-04-08T09:02:02","slug":"marquez-y-mir-vuelven-a-correr-en-casa","status":"publish","type":"post","link":"https:\/\/www.boxrepsol.com\/es\/motogp\/marquez-y-mir-vuelven-a-correr-en-casa\/","title":{"rendered":"M\u00e1rquez y Mir vuelven a correr en casa"},"content":{"rendered":"<figure class=\"wp-block-post-featured-image\"><img loading=\"lazy\" decoding=\"async\" width=\"1280\" height=\"600\" src=\"https:\/\/bxrepsol.s3.eu-west-1.amazonaws.com\/static\/2023\/08\/29090432\/previo_gp_cat_aper.jpg\" class=\"attachment-post-thumbnail size-post-thumbnail wp-post-image\" alt=\"\" style=\"object-fit:cover;\" srcset=\"https:\/\/bxrepsol.s3.eu-west-1.amazonaws.com\/static\/2023\/08\/29090432\/previo_gp_cat_aper.jpg 1280w, https:\/\/bxrepsol.s3.eu-west-1.amazonaws.com\/static\/2023\/08\/29090432\/previo_gp_cat_aper-300x141.jpg 300w, https:\/\/bxrepsol.s3.eu-west-1.amazonaws.com\/static\/2023\/08\/29090432\/previo_gp_cat_aper-1024x480.jpg 1024w, https:\/\/bxrepsol.s3.eu-west-1.amazonaws.com\/static\/2023\/08\/29090432\/previo_gp_cat_aper-768x360.jpg 768w\" sizes=\"auto, (max-width: 1280px) 100vw, 1280px\" \/><\/figure>\n\n\n<p>El Mundial de MotoGP aterriza en el trazado de Montmel\u00f3 este fin de semana para celebrar la und\u00e9cima cita del a\u00f1o, el Gran Premio de Catalunya.<br>Despu\u00e9s de un positivo fin de semana en Austria, Marc M\u00e1rquez llega a un trazado en el que ha conseguido 9 podios \u2013 una victoria en 125cc, un 2\u00ba y un 3\u00ba puesto en Moto2 y dos victorias, tres 2\u00ba y un 3\u00ba puesto en MotoGP \u2013 y en el que tratar\u00e1 de seguir mejorando la configuraci\u00f3n base de su Honda RC213V.<br>El piloto del equipo Repsol Honda afronta dos semanas seguidas de competici\u00f3n que concluir\u00e1n con un importante test en el Misano World Circuit Marco Simoncelli el pr\u00f3ximo lunes d\u00eda 11 de septiembre.<br>Joan Mir llega a Barcelona con el objetivo de sumar de nuevo puntos y seguir completando kil\u00f3metros para incrementar su rendimiento tanto en la sprint race del s\u00e1bado como en la carrera del domingo.<br>El piloto del equipo Repsol Honda tambi\u00e9n sabe lo que significa subir al podio del trazado barcelon\u00e9s. Mir consigui\u00f3 una victoria en el a\u00f1o 2017 durante su paso por Moto3 y m\u00e1s tarde, en la temporada que fue Campe\u00f3n del Mundo de MotoGP, finaliz\u00f3 segundo el Gran Premio de Catalunya.<\/p>\n\n\n\n<div id=\"eb0c2297-5cb1-4380-b698-aaee597131b9\" class=\"br-slider-box\"><div class=\"wp-block-create-block-repsol-carousel br-slider\"><a target=\"_blank\" href=\"https:\/\/bxrepsol.s3.eu-west-1.amazonaws.com\/static\/2023\/08\/29091022\/https___repsolmedia.com_repsolmedia_wp-content_uploads_2023_08_A9X5165-scaled-1.jpg\" data-index=\"0\" rel=\"noopener\"><img decoding=\"async\" src=\"https:\/\/bxrepsol.s3.eu-west-1.amazonaws.com\/static\/2023\/08\/29091022\/https___repsolmedia.com_repsolmedia_wp-content_uploads_2023_08_A9X5165-scaled-1.jpg\"\/><\/a><a target=\"_blank\" href=\"https:\/\/bxrepsol.s3.eu-west-1.amazonaws.com\/static\/2023\/08\/29091025\/https___repsolmedia.com_repsolmedia_wp-content_uploads_2023_08_JRB2251-1-scaled-1.jpg\" data-index=\"1\" rel=\"noopener\"><img decoding=\"async\" src=\"https:\/\/bxrepsol.s3.eu-west-1.amazonaws.com\/static\/2023\/08\/29091025\/https___repsolmedia.com_repsolmedia_wp-content_uploads_2023_08_JRB2251-1-scaled-1.jpg\"\/><\/a><a target=\"_blank\" href=\"https:\/\/bxrepsol.s3.eu-west-1.amazonaws.com\/static\/2023\/08\/29091027\/https___repsolmedia.com_repsolmedia_wp-content_uploads_2023_08_JRB3947-1-scaled-1.jpg\" data-index=\"2\" rel=\"noopener\"><img decoding=\"async\" src=\"https:\/\/bxrepsol.s3.eu-west-1.amazonaws.com\/static\/2023\/08\/29091027\/https___repsolmedia.com_repsolmedia_wp-content_uploads_2023_08_JRB3947-1-scaled-1.jpg\"\/><\/a><a target=\"_blank\" href=\"https:\/\/bxrepsol.s3.eu-west-1.amazonaws.com\/static\/2023\/08\/29091030\/https___repsolmedia.com_repsolmedia_wp-content_uploads_2023_08_JRB8075-scaled-1.jpg\" data-index=\"3\" rel=\"noopener\"><img decoding=\"async\" src=\"https:\/\/bxrepsol.s3.eu-west-1.amazonaws.com\/static\/2023\/08\/29091030\/https___repsolmedia.com_repsolmedia_wp-content_uploads_2023_08_JRB8075-scaled-1.jpg\"\/><\/a><a target=\"_blank\" href=\"https:\/\/bxrepsol.s3.eu-west-1.amazonaws.com\/static\/2023\/08\/29091033\/https___repsolmedia.com_repsolmedia_wp-content_uploads_2023_08_JRB8440-2-scaled-1.jpg\" data-index=\"4\" rel=\"noopener\"><img decoding=\"async\" src=\"https:\/\/bxrepsol.s3.eu-west-1.amazonaws.com\/static\/2023\/08\/29091033\/https___repsolmedia.com_repsolmedia_wp-content_uploads_2023_08_JRB8440-2-scaled-1.jpg\"\/><\/a><a target=\"_blank\" href=\"https:\/\/bxrepsol.s3.eu-west-1.amazonaws.com\/static\/2023\/08\/29091036\/https___repsolmedia.com_repsolmedia_wp-content_uploads_2023_08_JRB8576-1-scaled-1.jpg\" data-index=\"5\" rel=\"noopener\"><img decoding=\"async\" src=\"https:\/\/bxrepsol.s3.eu-west-1.amazonaws.com\/static\/2023\/08\/29091036\/https___repsolmedia.com_repsolmedia_wp-content_uploads_2023_08_JRB8576-1-scaled-1.jpg\"\/><\/a><\/div><div class=\"br-slider-buttons\"><button class=\"arrow rds-icon arrow--left rds-icon-Arrow_left\"><\/button><button class=\"arrow rds-icon arrow--right rds-icon-Arrow_right\"><\/button><\/div><\/div>\n\n\n\n<h2 class=\"wp-block-heading\"><strong>Declaraciones<\/strong><\/h2>\n\n\n\n<h3 class=\"wp-block-heading\"><strong>Marc M\u00e1rquez<\/strong><\/h3>\n\n\n\n<p>\u00abEl fin de semana en Barcelona siempre es especial con todas las gradas llenas de gente y, al ser la carrera de casa, me encanta ver a todos los aficionados all\u00ed. Sea como sea, el objetivo es ofrecer un gran espect\u00e1culo a todos los presentes y hacerles pasar un fin de semana agradable y memorable. Por nuestra parte, hay trabajo por hacer y debemos mantener el objetivo que hemos tenido en los \u00faltimos fines de semana. En Austria vimos que esta forma de trabajar nos permit\u00eda superar el Gran Premio y recopilar buenos datos para el proyecto\u00bb.<\/p>\n\n\n\n<h3 class=\"wp-block-heading\"><strong>Joan Mir<\/strong><\/h3>\n\n\n\n<p>\u00abEstoy deseando que llegue el fin de semana en Montmel\u00f3, el GP de casa. Quiero conseguir un buen resultado delante de los aficionados locales, pero tenemos que seguir trabajando. En Austria tuvimos un buen fin de semana en general que desafortunadamente no termin\u00f3 de la mejor manera. Conf\u00edo en que podamos tener otro Gran Premio en el que luchemos por ser la mejor Honda\u00bb.<\/p>\n","protected":false},"excerpt":{"rendered":"<p>Los pilotos del equipo Repsol Honda disputar\u00e1n este fin de semana en el Circuito de Barcelona \u2013 Catalunya, la segunda prueba de la temporada celebrada en territorio nacional <\/p>\n","protected":false},"author":43146,"featured_media":104928,"comment_status":"open","ping_status":"open","sticky":false,"template":"","format":"standard","meta":{"footnotes":""},"categories":[4],"tags":[269,50,271,6,132,8],"class_list":["post-104927","post","type-post","status-publish","format-standard","hentry","category-motogp","tag-269","tag-equipo-repsol-honda","tag-joan-mir","tag-marc-marquez","tag-motogp-catalunya","tag-repsol-honda-team"],"yoast_head":"<!-- This site is optimized with the Yoast SEO plugin v27.3 - https:\/\/yoast.com\/product\/yoast-seo-wordpress\/ -->\n<title>M\u00e1rquez y Mir vuelven a correr en casa - Box Repsol<\/title>\n<meta name=\"description\" content=\"Marquez y Mir vuelven a correr en casa. Descubre la emoci\u00f3n de los pilotos espa\u00f1oles al competir en el GP de Catalunya de MotoGP.\" \/>\n<link rel=\"canonical\" href=\"https:\/\/www.boxrepsol.com\/es\/motogp\/marquez-y-mir-vuelven-a-correr-en-casa\/\" \/>\n<meta property=\"og:locale\" content=\"es_ES\" \/>\n<meta property=\"og:type\" content=\"article\" \/>\n<meta property=\"og:title\" content=\"M\u00e1rquez y Mir vuelven a correr en casa - Box Repsol\" \/>\n<meta property=\"og:description\" content=\"Marquez y Mir vuelven a correr en casa. Descubre la emoci\u00f3n de los pilotos espa\u00f1oles al competir en el GP de Catalunya de MotoGP.\" \/>\n<meta property=\"og:url\" content=\"https:\/\/www.boxrepsol.com\/es\/motogp\/marquez-y-mir-vuelven-a-correr-en-casa\/\" \/>\n<meta property=\"og:site_name\" content=\"Box Repsol\" \/>\n<meta property=\"article:publisher\" content=\"https:\/\/www.facebook.com\/BoxRepsol\" \/>\n<meta property=\"article:author\" content=\"https:\/\/www.facebook.com\/BoxRepsol\/\" \/>\n<meta property=\"article:published_time\" content=\"2023-08-29T11:11:35+00:00\" \/>\n<meta property=\"article:modified_time\" content=\"2024-04-08T09:02:02+00:00\" \/>\n<meta property=\"og:image\" content=\"https:\/\/bxrepsol.s3.eu-west-1.amazonaws.com\/static\/2023\/08\/29090432\/previo_gp_cat_aper.jpg\" \/>\n\t<meta property=\"og:image:width\" content=\"1280\" \/>\n\t<meta property=\"og:image:height\" content=\"600\" \/>\n\t<meta property=\"og:image:type\" content=\"image\/jpeg\" \/>\n<meta name=\"author\" content=\"Redacci\u00f3n Box Repsol\" \/>\n<meta name=\"twitter:card\" content=\"summary_large_image\" \/>\n<meta name=\"twitter:creator\" content=\"@https:\/\/twitter.com\/box_repsol\" \/>\n<meta name=\"twitter:site\" content=\"@box_repsol\" \/>\n<meta name=\"twitter:label1\" content=\"Written by\" \/>\n\t<meta name=\"twitter:data1\" content=\"Redacci\u00f3n Box Repsol\" \/>\n\t<meta name=\"twitter:label2\" content=\"Est. reading time\" \/>\n\t<meta name=\"twitter:data2\" content=\"2 minutos\" \/>\n<script type=\"application\/ld+json\" class=\"yoast-schema-graph\">{\"@context\":\"https:\\\/\\\/schema.org\",\"@graph\":[{\"@type\":\"Article\",\"@id\":\"https:\\\/\\\/www.boxrepsol.com\\\/es\\\/motogp\\\/marquez-y-mir-vuelven-a-correr-en-casa\\\/#article\",\"isPartOf\":{\"@id\":\"https:\\\/\\\/www.boxrepsol.com\\\/es\\\/motogp\\\/marquez-y-mir-vuelven-a-correr-en-casa\\\/\"},\"author\":{\"name\":\"Redacci\u00f3n Box Repsol\",\"@id\":\"https:\\\/\\\/www.boxrepsol.com\\\/es\\\/#\\\/schema\\\/person\\\/c5c2138f2cca251b0ad92b7086bb60b7\"},\"headline\":\"M\u00e1rquez y Mir vuelven a correr en casa\",\"datePublished\":\"2023-08-29T11:11:35+00:00\",\"dateModified\":\"2024-04-08T09:02:02+00:00\",\"mainEntityOfPage\":{\"@id\":\"https:\\\/\\\/www.boxrepsol.com\\\/es\\\/motogp\\\/marquez-y-mir-vuelven-a-correr-en-casa\\\/\"},\"wordCount\":391,\"commentCount\":0,\"publisher\":{\"@id\":\"https:\\\/\\\/www.boxrepsol.com\\\/es\\\/#organization\"},\"image\":{\"@id\":\"https:\\\/\\\/www.boxrepsol.com\\\/es\\\/motogp\\\/marquez-y-mir-vuelven-a-correr-en-casa\\\/#primaryimage\"},\"thumbnailUrl\":\"https:\\\/\\\/bxrepsol.s3.eu-west-1.amazonaws.com\\\/static\\\/2023\\\/08\\\/29090432\\\/previo_gp_cat_aper.jpg\",\"keywords\":[\"2023\",\"Equipo Repsol Honda\",\"Joan Mir\",\"Marc M\u00e1rquez\",\"MotoGP Catalunya\",\"Repsol Honda Team\"],\"articleSection\":[\"MotoGP\"],\"inLanguage\":\"es\",\"potentialAction\":[{\"@type\":\"CommentAction\",\"name\":\"Comment\",\"target\":[\"https:\\\/\\\/www.boxrepsol.com\\\/es\\\/motogp\\\/marquez-y-mir-vuelven-a-correr-en-casa\\\/#respond\"]}]},{\"@type\":\"WebPage\",\"@id\":\"https:\\\/\\\/www.boxrepsol.com\\\/es\\\/motogp\\\/marquez-y-mir-vuelven-a-correr-en-casa\\\/\",\"url\":\"https:\\\/\\\/www.boxrepsol.com\\\/es\\\/motogp\\\/marquez-y-mir-vuelven-a-correr-en-casa\\\/\",\"name\":\"M\u00e1rquez y Mir vuelven a correr en casa - Box Repsol\",\"isPartOf\":{\"@id\":\"https:\\\/\\\/www.boxrepsol.com\\\/es\\\/#website\"},\"primaryImageOfPage\":{\"@id\":\"https:\\\/\\\/www.boxrepsol.com\\\/es\\\/motogp\\\/marquez-y-mir-vuelven-a-correr-en-casa\\\/#primaryimage\"},\"image\":{\"@id\":\"https:\\\/\\\/www.boxrepsol.com\\\/es\\\/motogp\\\/marquez-y-mir-vuelven-a-correr-en-casa\\\/#primaryimage\"},\"thumbnailUrl\":\"https:\\\/\\\/bxrepsol.s3.eu-west-1.amazonaws.com\\\/static\\\/2023\\\/08\\\/29090432\\\/previo_gp_cat_aper.jpg\",\"datePublished\":\"2023-08-29T11:11:35+00:00\",\"dateModified\":\"2024-04-08T09:02:02+00:00\",\"description\":\"Marquez y Mir vuelven a correr en casa. Descubre la emoci\u00f3n de los pilotos espa\u00f1oles al competir en el GP de Catalunya de MotoGP.\",\"breadcrumb\":{\"@id\":\"https:\\\/\\\/www.boxrepsol.com\\\/es\\\/motogp\\\/marquez-y-mir-vuelven-a-correr-en-casa\\\/#breadcrumb\"},\"inLanguage\":\"es\",\"potentialAction\":[{\"@type\":\"ReadAction\",\"target\":[\"https:\\\/\\\/www.boxrepsol.com\\\/es\\\/motogp\\\/marquez-y-mir-vuelven-a-correr-en-casa\\\/\"]}]},{\"@type\":\"ImageObject\",\"inLanguage\":\"es\",\"@id\":\"https:\\\/\\\/www.boxrepsol.com\\\/es\\\/motogp\\\/marquez-y-mir-vuelven-a-correr-en-casa\\\/#primaryimage\",\"url\":\"https:\\\/\\\/bxrepsol.s3.eu-west-1.amazonaws.com\\\/static\\\/2023\\\/08\\\/29090432\\\/previo_gp_cat_aper.jpg\",\"contentUrl\":\"https:\\\/\\\/bxrepsol.s3.eu-west-1.amazonaws.com\\\/static\\\/2023\\\/08\\\/29090432\\\/previo_gp_cat_aper.jpg\",\"width\":1280,\"height\":600},{\"@type\":\"BreadcrumbList\",\"@id\":\"https:\\\/\\\/www.boxrepsol.com\\\/es\\\/motogp\\\/marquez-y-mir-vuelven-a-correr-en-casa\\\/#breadcrumb\",\"itemListElement\":[{\"@type\":\"ListItem\",\"position\":1,\"name\":\"Home\",\"item\":\"https:\\\/\\\/www.boxrepsol.com\\\/es\\\/\"},{\"@type\":\"ListItem\",\"position\":2,\"name\":\"M\u00e1rquez y Mir vuelven a correr en casa\"}]},{\"@type\":\"WebSite\",\"@id\":\"https:\\\/\\\/www.boxrepsol.com\\\/es\\\/#website\",\"url\":\"https:\\\/\\\/www.boxrepsol.com\\\/es\\\/\",\"name\":\"Box Repsol\",\"description\":\"Box Repsol Site\",\"publisher\":{\"@id\":\"https:\\\/\\\/www.boxrepsol.com\\\/es\\\/#organization\"},\"potentialAction\":[{\"@type\":\"SearchAction\",\"target\":{\"@type\":\"EntryPoint\",\"urlTemplate\":\"https:\\\/\\\/www.boxrepsol.com\\\/es\\\/?s={search_term_string}\"},\"query-input\":{\"@type\":\"PropertyValueSpecification\",\"valueRequired\":true,\"valueName\":\"search_term_string\"}}],\"inLanguage\":\"es\"},{\"@type\":\"Organization\",\"@id\":\"https:\\\/\\\/www.boxrepsol.com\\\/es\\\/#organization\",\"name\":\"Box Repsol\",\"url\":\"https:\\\/\\\/www.boxrepsol.com\\\/es\\\/\",\"logo\":{\"@type\":\"ImageObject\",\"inLanguage\":\"es\",\"@id\":\"https:\\\/\\\/www.boxrepsol.com\\\/es\\\/#\\\/schema\\\/logo\\\/image\\\/\",\"url\":\"https:\\\/\\\/bxrepsol.s3.eu-west-1.amazonaws.com\\\/static\\\/2025\\\/07\\\/30083337\\\/favicon-96x96-1.png\",\"contentUrl\":\"https:\\\/\\\/bxrepsol.s3.eu-west-1.amazonaws.com\\\/static\\\/2025\\\/07\\\/30083337\\\/favicon-96x96-1.png\",\"width\":96,\"height\":96,\"caption\":\"Box Repsol\"},\"image\":{\"@id\":\"https:\\\/\\\/www.boxrepsol.com\\\/es\\\/#\\\/schema\\\/logo\\\/image\\\/\"},\"sameAs\":[\"https:\\\/\\\/www.facebook.com\\\/BoxRepsol\",\"https:\\\/\\\/x.com\\\/box_repsol\",\"http:\\\/\\\/instagram.com\\\/box_repsol\",\"https:\\\/\\\/www.youtube.com\\\/user\\\/RepsolCompeticion\",\"https:\\\/\\\/www.flickr.com\\\/photos\\\/box_repsol\\\/\"]},{\"@type\":\"Person\",\"@id\":\"https:\\\/\\\/www.boxrepsol.com\\\/es\\\/#\\\/schema\\\/person\\\/c5c2138f2cca251b0ad92b7086bb60b7\",\"name\":\"Redacci\u00f3n Box Repsol\",\"image\":{\"@type\":\"ImageObject\",\"inLanguage\":\"es\",\"@id\":\"https:\\\/\\\/secure.gravatar.com\\\/avatar\\\/adf7b77e38b4419baf32c7e9c21dde01f4e40df611f0978e3006fc4ba0aaab7e?s=96&d=mm&r=g\",\"url\":\"https:\\\/\\\/secure.gravatar.com\\\/avatar\\\/adf7b77e38b4419baf32c7e9c21dde01f4e40df611f0978e3006fc4ba0aaab7e?s=96&d=mm&r=g\",\"contentUrl\":\"https:\\\/\\\/secure.gravatar.com\\\/avatar\\\/adf7b77e38b4419baf32c7e9c21dde01f4e40df611f0978e3006fc4ba0aaab7e?s=96&d=mm&r=g\",\"caption\":\"Redacci\u00f3n Box Repsol\"},\"description\":\"Box Repsol lo forma un equipo de periodistas, community managers, dise\u00f1adores y fot\u00f3grafos con m\u00e1s de 20 a\u00f1os de experiencia en el mundo del motorsport. Hemos vivido el primer mundial de un espa\u00f1ol en la categor\u00eda reina de motociclismo con \u00c1lex Crivill\u00e9, estuvimos en las victorias de Pedrosa y los t\u00edtulos de M\u00e1rquez, acompa\u00f1amos en \u00c1frica a Nani Roma y Marc Coma en sus conquistas del Dakar y hemos vibrado con los t\u00edtulos de Toni Bou en Trial. Adem\u00e1s, en nuestro equipo contamos con expertos en el mundo de las dos y cuatro ruedas tanto de la calle y las carreteras, como de los circuitos. Periodistas que han trabajado en revistas y publicaciones para hacerte llegar desde rutas y consejos de mantenimiento, a curiosidades y trucos de pilotaje.\",\"sameAs\":[\"https:\\\/\\\/www.facebook.com\\\/BoxRepsol\\\/\",\"https:\\\/\\\/www.instagram.com\\\/box_repsol\\\/\",\"https:\\\/\\\/x.com\\\/https:\\\/\\\/twitter.com\\\/box_repsol\",\"https:\\\/\\\/www.youtube.com\\\/@Boxrepsol\"],\"url\":\"https:\\\/\\\/www.boxrepsol.com\\\/es\\\/author\\\/redaccion-box-repsol\\\/\"}]}<\/script>\n<!-- \/ Yoast SEO plugin. -->","yoast_head_json":{"title":"M\u00e1rquez y Mir vuelven a correr en casa - Box Repsol","description":"Marquez y Mir vuelven a correr en casa. Descubre la emoci\u00f3n de los pilotos espa\u00f1oles al competir en el GP de Catalunya de MotoGP.","canonical":"https:\/\/www.boxrepsol.com\/es\/motogp\/marquez-y-mir-vuelven-a-correr-en-casa\/","og_locale":"es_ES","og_type":"article","og_title":"M\u00e1rquez y Mir vuelven a correr en casa - Box Repsol","og_description":"Marquez y Mir vuelven a correr en casa. Descubre la emoci\u00f3n de los pilotos espa\u00f1oles al competir en el GP de Catalunya de MotoGP.","og_url":"https:\/\/www.boxrepsol.com\/es\/motogp\/marquez-y-mir-vuelven-a-correr-en-casa\/","og_site_name":"Box Repsol","article_publisher":"https:\/\/www.facebook.com\/BoxRepsol","article_author":"https:\/\/www.facebook.com\/BoxRepsol\/","article_published_time":"2023-08-29T11:11:35+00:00","article_modified_time":"2024-04-08T09:02:02+00:00","og_image":[{"width":1280,"height":600,"url":"https:\/\/bxrepsol.s3.eu-west-1.amazonaws.com\/static\/2023\/08\/29090432\/previo_gp_cat_aper.jpg","type":"image\/jpeg"}],"author":"Redacci\u00f3n Box Repsol","twitter_card":"summary_large_image","twitter_creator":"@https:\/\/twitter.com\/box_repsol","twitter_site":"@box_repsol","twitter_misc":{"Written by":"Redacci\u00f3n Box Repsol","Est. reading time":"2 minutos"},"schema":{"@context":"https:\/\/schema.org","@graph":[{"@type":"Article","@id":"https:\/\/www.boxrepsol.com\/es\/motogp\/marquez-y-mir-vuelven-a-correr-en-casa\/#article","isPartOf":{"@id":"https:\/\/www.boxrepsol.com\/es\/motogp\/marquez-y-mir-vuelven-a-correr-en-casa\/"},"author":{"name":"Redacci\u00f3n Box Repsol","@id":"https:\/\/www.boxrepsol.com\/es\/#\/schema\/person\/c5c2138f2cca251b0ad92b7086bb60b7"},"headline":"M\u00e1rquez y Mir vuelven a correr en casa","datePublished":"2023-08-29T11:11:35+00:00","dateModified":"2024-04-08T09:02:02+00:00","mainEntityOfPage":{"@id":"https:\/\/www.boxrepsol.com\/es\/motogp\/marquez-y-mir-vuelven-a-correr-en-casa\/"},"wordCount":391,"commentCount":0,"publisher":{"@id":"https:\/\/www.boxrepsol.com\/es\/#organization"},"image":{"@id":"https:\/\/www.boxrepsol.com\/es\/motogp\/marquez-y-mir-vuelven-a-correr-en-casa\/#primaryimage"},"thumbnailUrl":"https:\/\/bxrepsol.s3.eu-west-1.amazonaws.com\/static\/2023\/08\/29090432\/previo_gp_cat_aper.jpg","keywords":["2023","Equipo Repsol Honda","Joan Mir","Marc M\u00e1rquez","MotoGP Catalunya","Repsol Honda Team"],"articleSection":["MotoGP"],"inLanguage":"es","potentialAction":[{"@type":"CommentAction","name":"Comment","target":["https:\/\/www.boxrepsol.com\/es\/motogp\/marquez-y-mir-vuelven-a-correr-en-casa\/#respond"]}]},{"@type":"WebPage","@id":"https:\/\/www.boxrepsol.com\/es\/motogp\/marquez-y-mir-vuelven-a-correr-en-casa\/","url":"https:\/\/www.boxrepsol.com\/es\/motogp\/marquez-y-mir-vuelven-a-correr-en-casa\/","name":"M\u00e1rquez y Mir vuelven a correr en casa - Box Repsol","isPartOf":{"@id":"https:\/\/www.boxrepsol.com\/es\/#website"},"primaryImageOfPage":{"@id":"https:\/\/www.boxrepsol.com\/es\/motogp\/marquez-y-mir-vuelven-a-correr-en-casa\/#primaryimage"},"image":{"@id":"https:\/\/www.boxrepsol.com\/es\/motogp\/marquez-y-mir-vuelven-a-correr-en-casa\/#primaryimage"},"thumbnailUrl":"https:\/\/bxrepsol.s3.eu-west-1.amazonaws.com\/static\/2023\/08\/29090432\/previo_gp_cat_aper.jpg","datePublished":"2023-08-29T11:11:35+00:00","dateModified":"2024-04-08T09:02:02+00:00","description":"Marquez y Mir vuelven a correr en casa. Descubre la emoci\u00f3n de los pilotos espa\u00f1oles al competir en el GP de Catalunya de MotoGP.","breadcrumb":{"@id":"https:\/\/www.boxrepsol.com\/es\/motogp\/marquez-y-mir-vuelven-a-correr-en-casa\/#breadcrumb"},"inLanguage":"es","potentialAction":[{"@type":"ReadAction","target":["https:\/\/www.boxrepsol.com\/es\/motogp\/marquez-y-mir-vuelven-a-correr-en-casa\/"]}]},{"@type":"ImageObject","inLanguage":"es","@id":"https:\/\/www.boxrepsol.com\/es\/motogp\/marquez-y-mir-vuelven-a-correr-en-casa\/#primaryimage","url":"https:\/\/bxrepsol.s3.eu-west-1.amazonaws.com\/static\/2023\/08\/29090432\/previo_gp_cat_aper.jpg","contentUrl":"https:\/\/bxrepsol.s3.eu-west-1.amazonaws.com\/static\/2023\/08\/29090432\/previo_gp_cat_aper.jpg","width":1280,"height":600},{"@type":"BreadcrumbList","@id":"https:\/\/www.boxrepsol.com\/es\/motogp\/marquez-y-mir-vuelven-a-correr-en-casa\/#breadcrumb","itemListElement":[{"@type":"ListItem","position":1,"name":"Home","item":"https:\/\/www.boxrepsol.com\/es\/"},{"@type":"ListItem","position":2,"name":"M\u00e1rquez y Mir vuelven a correr en casa"}]},{"@type":"WebSite","@id":"https:\/\/www.boxrepsol.com\/es\/#website","url":"https:\/\/www.boxrepsol.com\/es\/","name":"Box Repsol","description":"Box Repsol Site","publisher":{"@id":"https:\/\/www.boxrepsol.com\/es\/#organization"},"potentialAction":[{"@type":"SearchAction","target":{"@type":"EntryPoint","urlTemplate":"https:\/\/www.boxrepsol.com\/es\/?s={search_term_string}"},"query-input":{"@type":"PropertyValueSpecification","valueRequired":true,"valueName":"search_term_string"}}],"inLanguage":"es"},{"@type":"Organization","@id":"https:\/\/www.boxrepsol.com\/es\/#organization","name":"Box Repsol","url":"https:\/\/www.boxrepsol.com\/es\/","logo":{"@type":"ImageObject","inLanguage":"es","@id":"https:\/\/www.boxrepsol.com\/es\/#\/schema\/logo\/image\/","url":"https:\/\/bxrepsol.s3.eu-west-1.amazonaws.com\/static\/2025\/07\/30083337\/favicon-96x96-1.png","contentUrl":"https:\/\/bxrepsol.s3.eu-west-1.amazonaws.com\/static\/2025\/07\/30083337\/favicon-96x96-1.png","width":96,"height":96,"caption":"Box Repsol"},"image":{"@id":"https:\/\/www.boxrepsol.com\/es\/#\/schema\/logo\/image\/"},"sameAs":["https:\/\/www.facebook.com\/BoxRepsol","https:\/\/x.com\/box_repsol","http:\/\/instagram.com\/box_repsol","https:\/\/www.youtube.com\/user\/RepsolCompeticion","https:\/\/www.flickr.com\/photos\/box_repsol\/"]},{"@type":"Person","@id":"https:\/\/www.boxrepsol.com\/es\/#\/schema\/person\/c5c2138f2cca251b0ad92b7086bb60b7","name":"Redacci\u00f3n Box Repsol","image":{"@type":"ImageObject","inLanguage":"es","@id":"https:\/\/secure.gravatar.com\/avatar\/adf7b77e38b4419baf32c7e9c21dde01f4e40df611f0978e3006fc4ba0aaab7e?s=96&d=mm&r=g","url":"https:\/\/secure.gravatar.com\/avatar\/adf7b77e38b4419baf32c7e9c21dde01f4e40df611f0978e3006fc4ba0aaab7e?s=96&d=mm&r=g","contentUrl":"https:\/\/secure.gravatar.com\/avatar\/adf7b77e38b4419baf32c7e9c21dde01f4e40df611f0978e3006fc4ba0aaab7e?s=96&d=mm&r=g","caption":"Redacci\u00f3n Box Repsol"},"description":"Box Repsol lo forma un equipo de periodistas, community managers, dise\u00f1adores y fot\u00f3grafos con m\u00e1s de 20 a\u00f1os de experiencia en el mundo del motorsport. Hemos vivido el primer mundial de un espa\u00f1ol en la categor\u00eda reina de motociclismo con \u00c1lex Crivill\u00e9, estuvimos en las victorias de Pedrosa y los t\u00edtulos de M\u00e1rquez, acompa\u00f1amos en \u00c1frica a Nani Roma y Marc Coma en sus conquistas del Dakar y hemos vibrado con los t\u00edtulos de Toni Bou en Trial. Adem\u00e1s, en nuestro equipo contamos con expertos en el mundo de las dos y cuatro ruedas tanto de la calle y las carreteras, como de los circuitos. Periodistas que han trabajado en revistas y publicaciones para hacerte llegar desde rutas y consejos de mantenimiento, a curiosidades y trucos de pilotaje.","sameAs":["https:\/\/www.facebook.com\/BoxRepsol\/","https:\/\/www.instagram.com\/box_repsol\/","https:\/\/x.com\/https:\/\/twitter.com\/box_repsol","https:\/\/www.youtube.com\/@Boxrepsol"],"url":"https:\/\/www.boxrepsol.com\/es\/author\/redaccion-box-repsol\/"}]}},"_links":{"self":[{"href":"https:\/\/www.boxrepsol.com\/es\/wp-json\/wp\/v2\/posts\/104927","targetHints":{"allow":["GET"]}}],"collection":[{"href":"https:\/\/www.boxrepsol.com\/es\/wp-json\/wp\/v2\/posts"}],"about":[{"href":"https:\/\/www.boxrepsol.com\/es\/wp-json\/wp\/v2\/types\/post"}],"author":[{"embeddable":true,"href":"https:\/\/www.boxrepsol.com\/es\/wp-json\/wp\/v2\/users\/43146"}],"replies":[{"embeddable":true,"href":"https:\/\/www.boxrepsol.com\/es\/wp-json\/wp\/v2\/comments?post=104927"}],"version-history":[{"count":1,"href":"https:\/\/www.boxrepsol.com\/es\/wp-json\/wp\/v2\/posts\/104927\/revisions"}],"predecessor-version":[{"id":104942,"href":"https:\/\/www.boxrepsol.com\/es\/wp-json\/wp\/v2\/posts\/104927\/revisions\/104942"}],"wp:featuredmedia":[{"embeddable":true,"href":"https:\/\/www.boxrepsol.com\/es\/wp-json\/wp\/v2\/media\/104928"}],"wp:attachment":[{"href":"https:\/\/www.boxrepsol.com\/es\/wp-json\/wp\/v2\/media?parent=104927"}],"wp:term":[{"taxonomy":"category","embeddable":true,"href":"https:\/\/www.boxrepsol.com\/es\/wp-json\/wp\/v2\/categories?post=104927"},{"taxonomy":"post_tag","embeddable":true,"href":"https:\/\/www.boxrepsol.com\/es\/wp-json\/wp\/v2\/tags?post=104927"}],"curies":[{"name":"wp","href":"https:\/\/api.w.org\/{rel}","templated":true}]}}