{"id":104877,"date":"2023-08-25T09:53:15","date_gmt":"2023-08-25T11:53:15","guid":{"rendered":"https:\/\/www.boxrepsol.com\/?p=104877"},"modified":"2025-06-26T06:22:31","modified_gmt":"2025-06-26T08:22:31","slug":"rutas-de-moto-por-cantabria","status":"publish","type":"post","link":"https:\/\/www.boxrepsol.com\/es\/vive-tu-moto\/rutas-de-moto-por-cantabria\/","title":{"rendered":"Rutas en moto por Cantabria, un para\u00edso para los moteros"},"content":{"rendered":"\n<p>No hay duda de que Espa\u00f1a es un para\u00edso para disfrutar de las rutas en moto. Desde <a href=\"https:\/\/www.boxrepsol.com\/es\/vive-tu-moto\/la-ruta-en-moto-alrededor-de-la-comunidad-de-madrid\/\">Madrid<\/a> o <a href=\"https:\/\/www.boxrepsol.com\/es\/vive-tu-moto\/las-mejores-rutas-en-moto-desde-barcelona\/\">Barcelona<\/a>, <a href=\"https:\/\/www.boxrepsol.com\/es\/vive-tu-moto\/ruta-de-la-plata-en-moto-asi-es-la-ruta-66-iberica\/\">atravesando la pen\u00ednsula<\/a> o secretos escondidos como <a href=\"https:\/\/www.boxrepsol.com\/es\/vive-tu-moto\/ruta-del-silencio-por-que-es-una-experiencia-unica\/\">la ruta del silencio<\/a>, tenemos muchos destinos sugerentes y hay uno que, a buen seguro, <strong>no nos va a decepcionar<\/strong>. Este no es otro que Cantabria, una comunidad aut\u00f3noma limitada al sur por los Picos de Europa y la Cordillera Cant\u00e1brica, y al norte por el Mar Cant\u00e1brico.<\/p>\n\n\n\n<p><strong><div id=\"ez-toc-container\" class=\"ez-toc-v2_0_82_2 counter-hierarchy ez-toc-counter ez-toc-grey ez-toc-container-direction\">\n<div class=\"ez-toc-title-container\">\n<p class=\"ez-toc-title\" style=\"cursor:inherit\">\u00cdndice<\/p>\n<span class=\"ez-toc-title-toggle\"><a href=\"#\" class=\"ez-toc-pull-right ez-toc-btn ez-toc-btn-xs ez-toc-btn-default ez-toc-toggle\" aria-label=\"Toggle Table of Content\"><span class=\"ez-toc-js-icon-con\"><span class=\"\"><span class=\"eztoc-hide\" style=\"display:none;\">Toggle<\/span><span class=\"ez-toc-icon-toggle-span\"><svg style=\"fill: #999;color:#999\" xmlns=\"http:\/\/www.w3.org\/2000\/svg\" class=\"list-377408\" width=\"20px\" height=\"20px\" viewBox=\"0 0 24 24\" fill=\"none\"><path d=\"M6 6H4v2h2V6zm14 0H8v2h12V6zM4 11h2v2H4v-2zm16 0H8v2h12v-2zM4 16h2v2H4v-2zm16 0H8v2h12v-2z\" fill=\"currentColor\"><\/path><\/svg><svg style=\"fill: #999;color:#999\" class=\"arrow-unsorted-368013\" xmlns=\"http:\/\/www.w3.org\/2000\/svg\" width=\"10px\" height=\"10px\" viewBox=\"0 0 24 24\" version=\"1.2\" baseProfile=\"tiny\"><path d=\"M18.2 9.3l-6.2-6.3-6.2 6.3c-.2.2-.3.4-.3.7s.1.5.3.7c.2.2.4.3.7.3h11c.3 0 .5-.1.7-.3.2-.2.3-.5.3-.7s-.1-.5-.3-.7zM5.8 14.7l6.2 6.3 6.2-6.3c.2-.2.3-.5.3-.7s-.1-.5-.3-.7c-.2-.2-.4-.3-.7-.3h-11c-.3 0-.5.1-.7.3-.2.2-.3.5-.3.7s.1.5.3.7z\"\/><\/svg><\/span><\/span><\/span><\/a><\/span><\/div>\n<nav><ul class='ez-toc-list ez-toc-list-level-1 ' ><li class='ez-toc-page-1 ez-toc-heading-level-2'><a class=\"ez-toc-link ez-toc-heading-1\" href=\"https:\/\/www.boxrepsol.com\/es\/vive-tu-moto\/rutas-de-moto-por-cantabria\/#Ruta_Riano_%E2%80%93_Potes_%E2%80%93_San_Vicente_de_la_Barquera_106_km\" >Ruta Ria\u00f1o \u2013 Potes \u2013 San Vicente de la Barquera (106 km)<\/a><\/li><li class='ez-toc-page-1 ez-toc-heading-level-2'><a class=\"ez-toc-link ez-toc-heading-2\" href=\"https:\/\/www.boxrepsol.com\/es\/vive-tu-moto\/rutas-de-moto-por-cantabria\/#Ruta_por_los_Valles_Pasiegos_hasta_Santander_183_km\" >Ruta por los Valles Pasiegos hasta Santander (183 km)<\/a><\/li><li class='ez-toc-page-1 ez-toc-heading-level-2'><a class=\"ez-toc-link ez-toc-heading-3\" href=\"https:\/\/www.boxrepsol.com\/es\/vive-tu-moto\/rutas-de-moto-por-cantabria\/#Santander_%E2%80%93_Alto_del_Escudo_115_km\" >Santander \u2013 Alto del Escudo (115 km)<\/a><\/li><\/ul><\/nav><\/div>\n<\/strong><\/p>\n\n\n<figure class=\"wp-block-post-featured-image\"><img loading=\"lazy\" decoding=\"async\" width=\"1248\" height=\"770\" src=\"https:\/\/bxrepsol.s3.eu-west-1.amazonaws.com\/static\/2023\/08\/25093400\/Foto-1-apertura.jpg\" class=\"attachment-post-thumbnail size-post-thumbnail wp-post-image\" alt=\"Paisaje de monta\u00f1a en Cantabria\" style=\"object-fit:cover;\" srcset=\"https:\/\/bxrepsol.s3.eu-west-1.amazonaws.com\/static\/2023\/08\/25093400\/Foto-1-apertura.jpg 1248w, https:\/\/bxrepsol.s3.eu-west-1.amazonaws.com\/static\/2023\/08\/25093400\/Foto-1-apertura-300x185.jpg 300w, https:\/\/bxrepsol.s3.eu-west-1.amazonaws.com\/static\/2023\/08\/25093400\/Foto-1-apertura-1024x632.jpg 1024w, https:\/\/bxrepsol.s3.eu-west-1.amazonaws.com\/static\/2023\/08\/25093400\/Foto-1-apertura-768x474.jpg 768w\" sizes=\"auto, (max-width: 1248px) 100vw, 1248px\" \/><\/figure>\n\n\n<p>A pesar de ser monoprovincial, la comunidad aut\u00f3noma de Cantabria es uno los destinos m\u00e1s atractivos para disfrutar de unas buenas <strong>vacaciones en moto<\/strong>. Si bien es cierto que su clima acostumbra a ser h\u00famedo, esto contribuye a que sus paisajes monta\u00f1osos y sus amplios valles posean una incuestionable belleza, debido a que se conservan verdes y espl\u00e9ndidos pr\u00e1cticamente todo el a\u00f1o. Adem\u00e1s, en unos pocos kil\u00f3metros en esta comunidad del norte de Espa\u00f1a podemos pasar de disfrutar de una <strong>ruta motera espectacular<\/strong> por alguno de sus puertos de monta\u00f1a a degustar una rica comida junto al mar, o de realizar una <strong>ruta trail<\/strong> por una de sus innumerables pistas de tierra a darnos un ba\u00f1o en una de sus m\u00e1s de 90 playas de arena fina.<\/p>\n\n\n\n<figure class=\"wp-block-image size-large is-resized\"><img loading=\"lazy\" decoding=\"async\" width=\"1024\" height=\"472\" src=\"https:\/\/bxrepsol.s3.eu-west-1.amazonaws.com\/static\/2023\/08\/25093443\/Foto-2-3-1024x472.jpg\" alt=\"Playa en Cantabria\" class=\"wp-image-104881\" style=\"width:840px;height:387px\" srcset=\"https:\/\/bxrepsol.s3.eu-west-1.amazonaws.com\/static\/2023\/08\/25093443\/Foto-2-3-1024x472.jpg 1024w, https:\/\/bxrepsol.s3.eu-west-1.amazonaws.com\/static\/2023\/08\/25093443\/Foto-2-3-300x138.jpg 300w, https:\/\/bxrepsol.s3.eu-west-1.amazonaws.com\/static\/2023\/08\/25093443\/Foto-2-3-768x354.jpg 768w, https:\/\/bxrepsol.s3.eu-west-1.amazonaws.com\/static\/2023\/08\/25093443\/Foto-2-3-1536x708.jpg 1536w, https:\/\/bxrepsol.s3.eu-west-1.amazonaws.com\/static\/2023\/08\/25093443\/Foto-2-3.jpg 1600w\" sizes=\"auto, (max-width: 1024px) 100vw, 1024px\" \/><\/figure>\n\n\n\n<p>Por esto Cantabria es considerada como un para\u00edso para los que montamos en moto, pues comprende carreteras de todo tipo, <strong>tanto de monta\u00f1a, como de<\/strong> <strong>costa<\/strong>, y nos permite elegir entre muchos destinos, disfrutando adem\u00e1s de una rica y muy variada <a href=\"https:\/\/www.boxrepsol.com\/es\/vive-tu-moto\/bares-y-restaurantes-moteros-donde-comer-de-ruta-por-espana\/\">gastronom\u00eda<\/a>. Aunque la comunidad c\u00e1ntabra puede dar para m\u00e1s, comenzando por el oeste y terminando hacia el este, hemos preparado una <strong>ruta de tres d\u00edas<\/strong> que nos va a permitir conocer una buena parte de esta bonita zona del norte de Espa\u00f1a, y disfrutar de sus <a href=\"https:\/\/www.boxrepsol.com\/es\/vive-tu-moto\/las-mejores-carreteras-para-ir-en-moto-por-espana\/\">entretenidas carreteras<\/a> y de sus espectaculares paisajes.&nbsp;<\/p>\n\n\n\n<h2 class=\"wp-block-heading\"><span class=\"ez-toc-section\" id=\"Ruta_Riano_%E2%80%93_Potes_%E2%80%93_San_Vicente_de_la_Barquera_106_km\"><\/span><strong>Ruta Ria\u00f1o \u2013 Potes \u2013 San Vicente de la Barquera (106 km)<\/strong><span class=\"ez-toc-section-end\"><\/span><\/h2>\n\n\n\n<figure class=\"wp-block-image size-large is-resized\"><img loading=\"lazy\" decoding=\"async\" width=\"1024\" height=\"683\" src=\"https:\/\/bxrepsol.s3.eu-west-1.amazonaws.com\/static\/2023\/08\/25093514\/Plano-1-1024x683.png\" alt=\"Ruta Ria\u00f1o-Potes-San Vicente de la Barquera\" class=\"wp-image-104883\" style=\"width:843px;height:562px\" srcset=\"https:\/\/bxrepsol.s3.eu-west-1.amazonaws.com\/static\/2023\/08\/25093514\/Plano-1-1024x683.png 1024w, https:\/\/bxrepsol.s3.eu-west-1.amazonaws.com\/static\/2023\/08\/25093514\/Plano-1-300x200.png 300w, https:\/\/bxrepsol.s3.eu-west-1.amazonaws.com\/static\/2023\/08\/25093514\/Plano-1-768x512.png 768w, https:\/\/bxrepsol.s3.eu-west-1.amazonaws.com\/static\/2023\/08\/25093514\/Plano-1.png 1189w\" sizes=\"auto, (max-width: 1024px) 100vw, 1024px\" \/><\/figure>\n\n\n\n<p>Para comenzar esta ruta en moto escogemos como punto de partida la localidad leonesa de Ria\u00f1o, ubicada en la antesala de los <strong>Picos de Europa<\/strong>. Desde ah\u00ed tomamos la N-621 que asciende hacia el <strong>puerto de San Glorio<\/strong>. El primer tramo discurre junto al embalse de Ria\u00f1o y la carretera, aunque sinuosa, no tiene demasiado desnivel. Sin embrago, a partir de <strong>Boca de Hu\u00e9rgano<\/strong> el trazado ya pasa entre monta\u00f1as y comienza a ascender. Poco antes de llegar a la cima del puerto de San Glorio situada a 1.609 m sobre el nivel del mar, nos adentramos en la Comunidad de Cantabria. Justo ah\u00ed parte una pista cementada de baja dificultad que nos acerca hasta el llamado <strong>mirador del Oso<\/strong>, desde el que se contempla una de las <strong>mejores vistas de los Picos de Europa.<\/strong><\/p>\n\n\n\n<figure class=\"wp-block-image size-large\"><img loading=\"lazy\" decoding=\"async\" width=\"1024\" height=\"427\" src=\"https:\/\/bxrepsol.s3.eu-west-1.amazonaws.com\/static\/2023\/08\/25093539\/Foto-3-1-1024x427.jpg\" alt=\"Cordillera Cant\u00e1brica\" class=\"wp-image-104885\" srcset=\"https:\/\/bxrepsol.s3.eu-west-1.amazonaws.com\/static\/2023\/08\/25093539\/Foto-3-1-1024x427.jpg 1024w, https:\/\/bxrepsol.s3.eu-west-1.amazonaws.com\/static\/2023\/08\/25093539\/Foto-3-1-300x125.jpg 300w, https:\/\/bxrepsol.s3.eu-west-1.amazonaws.com\/static\/2023\/08\/25093539\/Foto-3-1-768x320.jpg 768w, https:\/\/bxrepsol.s3.eu-west-1.amazonaws.com\/static\/2023\/08\/25093539\/Foto-3-1-1536x640.jpg 1536w, https:\/\/bxrepsol.s3.eu-west-1.amazonaws.com\/static\/2023\/08\/25093539\/Foto-3-1.jpg 1920w\" sizes=\"auto, (max-width: 1024px) 100vw, 1024px\" \/><\/figure>\n\n\n\n<p>Tras la parada y una vez de vuelta al asfalto, la bajada hacia la localidad de <strong>Potes<\/strong> es impresionante y t\u00e9cnica, con muchas <strong>curvas de todo tipo<\/strong>. Tanto es as\u00ed, que, si eres un amante de la conducci\u00f3n y de las carreteras reviradas, puedes efectuar un cambio de sentido en la localidad de La Vega y ascender de nuevo a la cima del puerto por la vertiente c\u00e1ntabra, para luego volver a descender. Entre subir y bajar son casi <strong>40 km extras que bien merecen la pena<\/strong>. El asfalto tiene muy buen agarre y est\u00e1 en unas condiciones adecuadas. Si no el mejor, el puerto de San Glorio es uno de los mejores de Espa\u00f1a para disfrutar al m\u00e1ximo conduciendo una moto.<\/p>\n\n\n\n<p>Luego queda un tramo de unos 10 km que nos lleva hasta Potes. Este es m\u00e1s sencillo y en su mayor\u00eda discurre entre verdes prados t\u00edpicos de Cantabria. Potes es un pueblo que est\u00e1 en el centro del valle del Li\u00e9bana y junto a \u00e9l se localiza el monasterio franciscano de <strong>Santo Toribio de Li\u00e9bana<\/strong>, un monumento nacional que bien merece una visita. Despu\u00e9s, continuamos cerca de 40 km por la N-621 hasta Unquera, ya muy cerca de la costa, donde tomamos la N-624 que en menos de un cuarto de hora nos adentra en la igualmente bella localidad costera de <strong>San Vicente de la Barquera<\/strong>, un lugar perfecto para comer en uno de sus numerosos restaurantes. A continuaci\u00f3n, podemos pasar la tarde en una de las playas pertenecientes al municipio (el Rosal, Mer\u00f3n o Gerra), y posteriormente localizar un sitio para cenar y pernoctar.<\/p>\n\n\n\n<figure class=\"wp-block-image size-large\"><img loading=\"lazy\" decoding=\"async\" width=\"1024\" height=\"632\" src=\"https:\/\/bxrepsol.s3.eu-west-1.amazonaws.com\/static\/2023\/08\/25093554\/Foto-4-1-1024x632.jpg\" alt=\"San Vicente de la Barquera, Cantabria\" class=\"wp-image-104887\" srcset=\"https:\/\/bxrepsol.s3.eu-west-1.amazonaws.com\/static\/2023\/08\/25093554\/Foto-4-1-1024x632.jpg 1024w, https:\/\/bxrepsol.s3.eu-west-1.amazonaws.com\/static\/2023\/08\/25093554\/Foto-4-1-300x185.jpg 300w, https:\/\/bxrepsol.s3.eu-west-1.amazonaws.com\/static\/2023\/08\/25093554\/Foto-4-1-768x474.jpg 768w, https:\/\/bxrepsol.s3.eu-west-1.amazonaws.com\/static\/2023\/08\/25093554\/Foto-4-1.jpg 1248w\" sizes=\"auto, (max-width: 1024px) 100vw, 1024px\" \/><\/figure>\n\n\n\n<h2 class=\"wp-block-heading\"><span class=\"ez-toc-section\" id=\"Ruta_por_los_Valles_Pasiegos_hasta_Santander_183_km\"><\/span><strong>Ruta por los Valles Pasiegos hasta Santander (183 km)<\/strong><span class=\"ez-toc-section-end\"><\/span><\/h2>\n\n\n\n<figure class=\"wp-block-image size-large\"><img loading=\"lazy\" decoding=\"async\" width=\"1024\" height=\"519\" src=\"https:\/\/bxrepsol.s3.eu-west-1.amazonaws.com\/static\/2023\/08\/25093618\/Plano-2-1024x519.png\" alt=\"Ruta por los Valles Pasiegos\" class=\"wp-image-104889\" srcset=\"https:\/\/bxrepsol.s3.eu-west-1.amazonaws.com\/static\/2023\/08\/25093618\/Plano-2-1024x519.png 1024w, https:\/\/bxrepsol.s3.eu-west-1.amazonaws.com\/static\/2023\/08\/25093618\/Plano-2-300x152.png 300w, https:\/\/bxrepsol.s3.eu-west-1.amazonaws.com\/static\/2023\/08\/25093618\/Plano-2-768x389.png 768w, https:\/\/bxrepsol.s3.eu-west-1.amazonaws.com\/static\/2023\/08\/25093618\/Plano-2-1536x778.png 1536w, https:\/\/bxrepsol.s3.eu-west-1.amazonaws.com\/static\/2023\/08\/25093618\/Plano-2.png 1702w\" sizes=\"auto, (max-width: 1024px) 100vw, 1024px\" \/><\/figure>\n\n\n\n<p>Comenzamos de nuevo la <strong>ruta motera por Cantabria<\/strong> por una carretera costera que, tras atravesar las tur\u00edsticas localidades de Comillas y C\u00f3breces, nos lleva hasta Santillana del Mar y Torrelavega. En esta ciudad tomamos la autov\u00eda A-8 y por ella recorremos cerca de 18 km hasta el desv\u00edo de <strong>Santa Mar\u00eda de Cay\u00f3n<\/strong>. Ya dentro de la comarca de los Valles Pasiegos, ponemos rumbo sur por la CA-142 hasta Llera, donde tomamos la CA-262 para ascender al <strong>puerto de la Bragu\u00eda<\/strong>, cuya cima se encuentra a 712 m sobre el nivel del mar. Comenzamos el descenso y muy pronto nos encontramos con el mirador de la Bragu\u00eda, un punto que bien merece una parada para <strong>contemplar unas incre\u00edbles vistas hacia los valles pasiegos.<\/strong><\/p>\n\n\n\n<figure class=\"wp-block-image size-large\"><img loading=\"lazy\" decoding=\"async\" width=\"1024\" height=\"648\" src=\"https:\/\/bxrepsol.s3.eu-west-1.amazonaws.com\/static\/2023\/08\/25093630\/Foto-5-1-1024x648.jpg\" alt=\"Valles Pasiegos, Cantabria\" class=\"wp-image-104891\" srcset=\"https:\/\/bxrepsol.s3.eu-west-1.amazonaws.com\/static\/2023\/08\/25093630\/Foto-5-1-1024x648.jpg 1024w, https:\/\/bxrepsol.s3.eu-west-1.amazonaws.com\/static\/2023\/08\/25093630\/Foto-5-1-300x190.jpg 300w, https:\/\/bxrepsol.s3.eu-west-1.amazonaws.com\/static\/2023\/08\/25093630\/Foto-5-1-768x486.jpg 768w, https:\/\/bxrepsol.s3.eu-west-1.amazonaws.com\/static\/2023\/08\/25093630\/Foto-5-1-1536x971.jpg 1536w, https:\/\/bxrepsol.s3.eu-west-1.amazonaws.com\/static\/2023\/08\/25093630\/Foto-5-1.jpg 1594w\" sizes=\"auto, (max-width: 1024px) 100vw, 1024px\" \/><\/figure>\n\n\n\n<p>La CA-262 es una carretera estrecha y revirada, por lo que siempre hay que estar muy atentos a la conducci\u00f3n. Tras bajar el puerto llegamos a <strong>Vega de Pas<\/strong>, un lugar muy apropiado para detenernos <strong>a tomar un caf\u00e9 acompa\u00f1ado de un buen sobao pasiego<\/strong>. Continuamos por la CA-631, una carretera tambi\u00e9n muy sinuosa que nos lleva hasta adentrarnos en la provincia de Burgos. Tras circular unos kil\u00f3metros por la BU-570 giramos a la izquierda para tomar la BU-571 y comenzar el ascenso al <strong>Portillo de la S\u00eda<\/strong>, un paso de monta\u00f1a situado a 1.246 m de altitud y cuya cima pr\u00e1cticamente supone el ingreso de nuevo en la Comunidad de Cantabria. <\/p>\n\n\n\n<p>Descendemos el puerto por su vertiente c\u00e1ntabra hasta tomar la CA-265, una bonita carretera que discurre por el <strong>valle de As\u00f3n<\/strong> junto al r\u00edo del mismo nombre, muy conocido por su nacimiento en cascada. Al llegar al pueblo de Arredondo tomamos la CA-261 y en breve comienza el ascenso al puerto de Alisas por una carretera ancha y en buen estado. El descenso hacia la localidad de La Cavada mantiene las mismas caracter\u00edsticas y ah\u00ed tomamos la CA-161 hasta Solares, localidad muy pr\u00f3xima a la gran <strong>bah\u00eda de Santander<\/strong>, donde ya podemos buscar un lugar para comer y despu\u00e9s disfrutar dando un paseo por la bella capital c\u00e1ntabra, en la que tambi\u00e9n podremos cenar y pernoctar.<\/p>\n\n\n\n<figure class=\"wp-block-image size-large\"><img loading=\"lazy\" decoding=\"async\" width=\"1024\" height=\"574\" src=\"https:\/\/bxrepsol.s3.eu-west-1.amazonaws.com\/static\/2023\/08\/25093654\/Foto6-1024x574.jpg\" alt=\"Ciudad de Santander, Cantabria\" class=\"wp-image-104893\" srcset=\"https:\/\/bxrepsol.s3.eu-west-1.amazonaws.com\/static\/2023\/08\/25093654\/Foto6-1024x574.jpg 1024w, https:\/\/bxrepsol.s3.eu-west-1.amazonaws.com\/static\/2023\/08\/25093654\/Foto6-300x168.jpg 300w, https:\/\/bxrepsol.s3.eu-west-1.amazonaws.com\/static\/2023\/08\/25093654\/Foto6-768x430.jpg 768w, https:\/\/bxrepsol.s3.eu-west-1.amazonaws.com\/static\/2023\/08\/25093654\/Foto6-1536x861.jpg 1536w, https:\/\/bxrepsol.s3.eu-west-1.amazonaws.com\/static\/2023\/08\/25093654\/Foto6.jpg 1649w\" sizes=\"auto, (max-width: 1024px) 100vw, 1024px\" \/><\/figure>\n\n\n\n<h2 class=\"wp-block-heading\"><span class=\"ez-toc-section\" id=\"Santander_%E2%80%93_Alto_del_Escudo_115_km\"><\/span><strong>Santander \u2013 Alto del Escudo (115 km)<\/strong><span class=\"ez-toc-section-end\"><\/span><\/h2>\n\n\n\n<figure class=\"wp-block-image size-large\"><img loading=\"lazy\" decoding=\"async\" width=\"1024\" height=\"667\" src=\"https:\/\/bxrepsol.s3.eu-west-1.amazonaws.com\/static\/2023\/08\/25093713\/Plano-3-1024x667.png\" alt=\"Ruta Santander - Alto del Escudo\" class=\"wp-image-104895\" srcset=\"https:\/\/bxrepsol.s3.eu-west-1.amazonaws.com\/static\/2023\/08\/25093713\/Plano-3-1024x667.png 1024w, https:\/\/bxrepsol.s3.eu-west-1.amazonaws.com\/static\/2023\/08\/25093713\/Plano-3-300x195.png 300w, https:\/\/bxrepsol.s3.eu-west-1.amazonaws.com\/static\/2023\/08\/25093713\/Plano-3-768x500.png 768w, https:\/\/bxrepsol.s3.eu-west-1.amazonaws.com\/static\/2023\/08\/25093713\/Plano-3.png 1269w\" sizes=\"auto, (max-width: 1024px) 100vw, 1024px\" \/><\/figure>\n\n\n\n<p>Comenzamos la jornada deshaciendo parte del camino recorrido durante el final de la jornada anterior hasta llegar a Solares, lugar en el que tomamos la A-8 y luego la N-634 que nos lleva a Pamanes. En este punto nos desviamos por la CA-160 hasta Li\u00e9rganes para acceder a la CA-260 que m\u00e1s adelante se convierte en CA-643. Esta bonita carretera asciende al portillo de Lunada, para muchos una de las zonas monta\u00f1osas m\u00e1s espectaculares de Cantabria y de Espa\u00f1a. Adem\u00e1s de ser uno de los puertos c\u00e1ntabros m\u00e1s elevados (1.340 m de altitud), el portillo de Lunada es un paso de la monta\u00f1a pasiega a Burgos (Comunidad de Castilla y Le\u00f3n).<\/p>\n\n\n\n<figure class=\"wp-block-image size-large is-resized\"><img loading=\"lazy\" decoding=\"async\" width=\"1024\" height=\"473\" src=\"https:\/\/bxrepsol.s3.eu-west-1.amazonaws.com\/static\/2023\/08\/25093728\/Foto-7-2-1024x473.jpg\" alt=\"Puerto de monta\u00f1a &quot;Portillo de Lunada&quot;\" class=\"wp-image-104897\" style=\"width:840px;height:388px\" srcset=\"https:\/\/bxrepsol.s3.eu-west-1.amazonaws.com\/static\/2023\/08\/25093728\/Foto-7-2-1024x473.jpg 1024w, https:\/\/bxrepsol.s3.eu-west-1.amazonaws.com\/static\/2023\/08\/25093728\/Foto-7-2-300x138.jpg 300w, https:\/\/bxrepsol.s3.eu-west-1.amazonaws.com\/static\/2023\/08\/25093728\/Foto-7-2-768x354.jpg 768w, https:\/\/bxrepsol.s3.eu-west-1.amazonaws.com\/static\/2023\/08\/25093728\/Foto-7-2-1536x709.jpg 1536w, https:\/\/bxrepsol.s3.eu-west-1.amazonaws.com\/static\/2023\/08\/25093728\/Foto-7-2.jpg 2048w\" sizes=\"auto, (max-width: 1024px) 100vw, 1024px\" \/><\/figure>\n\n\n\n<p>Tras descender el puerto por la BU-572 nos desviamos a la derecha por la BU-570, recorriendo una parte de la ruta del d\u00eda anterior, pero en sentido inverso para adentrarnos de nuevo en Cantabria y sus <strong>Valles Pasiegos <\/strong>por la CA-631 hasta Vega del Pas. A partir de aqu\u00ed el itinerario contin\u00faa por la CA-263 hasta <strong>Entrambasmestas<\/strong>, una localidad famosa por su nombre complicado en la que nos desviamos hacia la N-623, una carretera nacional amplia y r\u00e1pida por la que se asciende al <strong>puerto del Escudo<\/strong>, sin lugar a dudas el paso m\u00e1s conocido entre Cantabria y Burgos, pues antiguamente era \u201cobligatorio\u201d para todos aquellos que quer\u00edan circular entre Cantabria y la zona centro de nuestro pa\u00eds. En el alto del Escudo, situado a 1.011 m sobre el nivel del mar, damos por concluida nuestra estancia en tierras c\u00e1ntabras. Poco m\u00e1s adelante, a escasos 3 km, podemos seguir por la N-623 hacia la capital burgalesa o desviarnos por la N-232 hacia Logro\u00f1o.<\/p>\n\n\n\n<figure class=\"wp-block-image size-large\"><img loading=\"lazy\" decoding=\"async\" width=\"1024\" height=\"568\" src=\"https:\/\/bxrepsol.s3.eu-west-1.amazonaws.com\/static\/2023\/08\/25093742\/Foto-8-1-1024x568.jpg\" alt=\"Valles Pasiegos, Cantabria\" class=\"wp-image-104899\" srcset=\"https:\/\/bxrepsol.s3.eu-west-1.amazonaws.com\/static\/2023\/08\/25093742\/Foto-8-1-1024x568.jpg 1024w, https:\/\/bxrepsol.s3.eu-west-1.amazonaws.com\/static\/2023\/08\/25093742\/Foto-8-1-300x166.jpg 300w, https:\/\/bxrepsol.s3.eu-west-1.amazonaws.com\/static\/2023\/08\/25093742\/Foto-8-1-768x426.jpg 768w, https:\/\/bxrepsol.s3.eu-west-1.amazonaws.com\/static\/2023\/08\/25093742\/Foto-8-1-1536x851.jpg 1536w, https:\/\/bxrepsol.s3.eu-west-1.amazonaws.com\/static\/2023\/08\/25093742\/Foto-8-1.jpg 2048w\" sizes=\"auto, (max-width: 1024px) 100vw, 1024px\" \/><\/figure>\n","protected":false},"excerpt":{"rendered":"<p>Descubre nuevas rutas en moto por Cantabria, un destino ideal para escapar encima de tu moto del calor abrasador del verano.<\/p>\n","protected":false},"author":41267,"featured_media":104878,"comment_status":"open","ping_status":"open","sticky":false,"template":"","format":"standard","meta":{"footnotes":""},"categories":[122],"tags":[589,168],"class_list":["post-104877","post","type-post","status-publish","format-standard","hentry","category-vive-tu-moto","tag-mototurismo","tag-salidas-y-rutas-en-moto"],"yoast_head":"<!-- This site is optimized with the Yoast SEO plugin v27.3 - https:\/\/yoast.com\/product\/yoast-seo-wordpress\/ -->\n<title>Mejores rutas en moto por Cantabria - Box Repsol<\/title>\n<meta name=\"description\" content=\"Del mar Cant\u00e1brico a la Cordillera Cant\u00e1brica pasando por infinitos valles y prados, Cantabria es un lugar id\u00edlico para dibujar itinerarios sobre dos ruedas\" \/>\n<link rel=\"canonical\" href=\"https:\/\/www.boxrepsol.com\/es\/vive-tu-moto\/rutas-de-moto-por-cantabria\/\" \/>\n<meta property=\"og:locale\" content=\"es_ES\" \/>\n<meta property=\"og:type\" content=\"article\" \/>\n<meta property=\"og:title\" content=\"Mejores rutas en moto por Cantabria - Box Repsol\" \/>\n<meta property=\"og:description\" content=\"Del mar Cant\u00e1brico a la Cordillera Cant\u00e1brica pasando por infinitos valles y prados, Cantabria es un lugar id\u00edlico para dibujar itinerarios sobre dos ruedas\" \/>\n<meta property=\"og:url\" content=\"https:\/\/www.boxrepsol.com\/es\/vive-tu-moto\/rutas-de-moto-por-cantabria\/\" \/>\n<meta property=\"og:site_name\" content=\"Box Repsol\" \/>\n<meta property=\"article:publisher\" content=\"https:\/\/www.facebook.com\/BoxRepsol\" \/>\n<meta property=\"article:published_time\" content=\"2023-08-25T11:53:15+00:00\" \/>\n<meta property=\"article:modified_time\" content=\"2025-06-26T08:22:31+00:00\" \/>\n<meta property=\"og:image\" content=\"https:\/\/bxrepsol.s3.eu-west-1.amazonaws.com\/static\/2023\/08\/25093400\/Foto-1-apertura.jpg\" \/>\n\t<meta property=\"og:image:width\" content=\"1248\" \/>\n\t<meta property=\"og:image:height\" content=\"770\" \/>\n\t<meta property=\"og:image:type\" content=\"image\/jpeg\" \/>\n<meta name=\"author\" content=\"V\u00edctor Gancedo\" \/>\n<meta name=\"twitter:card\" content=\"summary_large_image\" \/>\n<meta name=\"twitter:creator\" content=\"@box_repsol\" \/>\n<meta name=\"twitter:site\" content=\"@box_repsol\" \/>\n<meta name=\"twitter:label1\" content=\"Written by\" \/>\n\t<meta name=\"twitter:data1\" content=\"V\u00edctor Gancedo\" \/>\n\t<meta name=\"twitter:label2\" content=\"Est. reading time\" \/>\n\t<meta name=\"twitter:data2\" content=\"7 minutos\" \/>\n<script type=\"application\/ld+json\" class=\"yoast-schema-graph\">{\"@context\":\"https:\\\/\\\/schema.org\",\"@graph\":[{\"@type\":\"Article\",\"@id\":\"https:\\\/\\\/www.boxrepsol.com\\\/es\\\/vive-tu-moto\\\/rutas-de-moto-por-cantabria\\\/#article\",\"isPartOf\":{\"@id\":\"https:\\\/\\\/www.boxrepsol.com\\\/es\\\/vive-tu-moto\\\/rutas-de-moto-por-cantabria\\\/\"},\"author\":{\"name\":\"V\u00edctor Gancedo\",\"@id\":\"https:\\\/\\\/www.boxrepsol.com\\\/es\\\/#\\\/schema\\\/person\\\/40c28bf318bbbe8fe3848b194b7385ca\"},\"headline\":\"Rutas en moto por Cantabria, un para\u00edso para los moteros\",\"datePublished\":\"2023-08-25T11:53:15+00:00\",\"dateModified\":\"2025-06-26T08:22:31+00:00\",\"mainEntityOfPage\":{\"@id\":\"https:\\\/\\\/www.boxrepsol.com\\\/es\\\/vive-tu-moto\\\/rutas-de-moto-por-cantabria\\\/\"},\"wordCount\":1436,\"commentCount\":1,\"publisher\":{\"@id\":\"https:\\\/\\\/www.boxrepsol.com\\\/es\\\/#organization\"},\"image\":{\"@id\":\"https:\\\/\\\/www.boxrepsol.com\\\/es\\\/vive-tu-moto\\\/rutas-de-moto-por-cantabria\\\/#primaryimage\"},\"thumbnailUrl\":\"https:\\\/\\\/bxrepsol.s3.eu-west-1.amazonaws.com\\\/static\\\/2023\\\/08\\\/25093400\\\/Foto-1-apertura.jpg\",\"keywords\":[\"Mototurismo\",\"salidas y rutas en moto\"],\"articleSection\":[\"Vive tu moto\"],\"inLanguage\":\"es\",\"potentialAction\":[{\"@type\":\"CommentAction\",\"name\":\"Comment\",\"target\":[\"https:\\\/\\\/www.boxrepsol.com\\\/es\\\/vive-tu-moto\\\/rutas-de-moto-por-cantabria\\\/#respond\"]}]},{\"@type\":\"WebPage\",\"@id\":\"https:\\\/\\\/www.boxrepsol.com\\\/es\\\/vive-tu-moto\\\/rutas-de-moto-por-cantabria\\\/\",\"url\":\"https:\\\/\\\/www.boxrepsol.com\\\/es\\\/vive-tu-moto\\\/rutas-de-moto-por-cantabria\\\/\",\"name\":\"Mejores rutas en moto por Cantabria - Box Repsol\",\"isPartOf\":{\"@id\":\"https:\\\/\\\/www.boxrepsol.com\\\/es\\\/#website\"},\"primaryImageOfPage\":{\"@id\":\"https:\\\/\\\/www.boxrepsol.com\\\/es\\\/vive-tu-moto\\\/rutas-de-moto-por-cantabria\\\/#primaryimage\"},\"image\":{\"@id\":\"https:\\\/\\\/www.boxrepsol.com\\\/es\\\/vive-tu-moto\\\/rutas-de-moto-por-cantabria\\\/#primaryimage\"},\"thumbnailUrl\":\"https:\\\/\\\/bxrepsol.s3.eu-west-1.amazonaws.com\\\/static\\\/2023\\\/08\\\/25093400\\\/Foto-1-apertura.jpg\",\"datePublished\":\"2023-08-25T11:53:15+00:00\",\"dateModified\":\"2025-06-26T08:22:31+00:00\",\"description\":\"Del mar Cant\u00e1brico a la Cordillera Cant\u00e1brica pasando por infinitos valles y prados, Cantabria es un lugar id\u00edlico para dibujar itinerarios sobre dos ruedas\",\"breadcrumb\":{\"@id\":\"https:\\\/\\\/www.boxrepsol.com\\\/es\\\/vive-tu-moto\\\/rutas-de-moto-por-cantabria\\\/#breadcrumb\"},\"inLanguage\":\"es\",\"potentialAction\":[{\"@type\":\"ReadAction\",\"target\":[\"https:\\\/\\\/www.boxrepsol.com\\\/es\\\/vive-tu-moto\\\/rutas-de-moto-por-cantabria\\\/\"]}]},{\"@type\":\"ImageObject\",\"inLanguage\":\"es\",\"@id\":\"https:\\\/\\\/www.boxrepsol.com\\\/es\\\/vive-tu-moto\\\/rutas-de-moto-por-cantabria\\\/#primaryimage\",\"url\":\"https:\\\/\\\/bxrepsol.s3.eu-west-1.amazonaws.com\\\/static\\\/2023\\\/08\\\/25093400\\\/Foto-1-apertura.jpg\",\"contentUrl\":\"https:\\\/\\\/bxrepsol.s3.eu-west-1.amazonaws.com\\\/static\\\/2023\\\/08\\\/25093400\\\/Foto-1-apertura.jpg\",\"width\":1248,\"height\":770,\"caption\":\"Paisaje de monta\u00f1a en Cantabria\"},{\"@type\":\"BreadcrumbList\",\"@id\":\"https:\\\/\\\/www.boxrepsol.com\\\/es\\\/vive-tu-moto\\\/rutas-de-moto-por-cantabria\\\/#breadcrumb\",\"itemListElement\":[{\"@type\":\"ListItem\",\"position\":1,\"name\":\"Home\",\"item\":\"https:\\\/\\\/www.boxrepsol.com\\\/es\\\/\"},{\"@type\":\"ListItem\",\"position\":2,\"name\":\"Rutas en moto por Cantabria, un para\u00edso para los moteros\"}]},{\"@type\":\"WebSite\",\"@id\":\"https:\\\/\\\/www.boxrepsol.com\\\/es\\\/#website\",\"url\":\"https:\\\/\\\/www.boxrepsol.com\\\/es\\\/\",\"name\":\"Box Repsol\",\"description\":\"Box Repsol Site\",\"publisher\":{\"@id\":\"https:\\\/\\\/www.boxrepsol.com\\\/es\\\/#organization\"},\"potentialAction\":[{\"@type\":\"SearchAction\",\"target\":{\"@type\":\"EntryPoint\",\"urlTemplate\":\"https:\\\/\\\/www.boxrepsol.com\\\/es\\\/?s={search_term_string}\"},\"query-input\":{\"@type\":\"PropertyValueSpecification\",\"valueRequired\":true,\"valueName\":\"search_term_string\"}}],\"inLanguage\":\"es\"},{\"@type\":\"Organization\",\"@id\":\"https:\\\/\\\/www.boxrepsol.com\\\/es\\\/#organization\",\"name\":\"Box Repsol\",\"url\":\"https:\\\/\\\/www.boxrepsol.com\\\/es\\\/\",\"logo\":{\"@type\":\"ImageObject\",\"inLanguage\":\"es\",\"@id\":\"https:\\\/\\\/www.boxrepsol.com\\\/es\\\/#\\\/schema\\\/logo\\\/image\\\/\",\"url\":\"https:\\\/\\\/bxrepsol.s3.eu-west-1.amazonaws.com\\\/static\\\/2025\\\/07\\\/30083337\\\/favicon-96x96-1.png\",\"contentUrl\":\"https:\\\/\\\/bxrepsol.s3.eu-west-1.amazonaws.com\\\/static\\\/2025\\\/07\\\/30083337\\\/favicon-96x96-1.png\",\"width\":96,\"height\":96,\"caption\":\"Box Repsol\"},\"image\":{\"@id\":\"https:\\\/\\\/www.boxrepsol.com\\\/es\\\/#\\\/schema\\\/logo\\\/image\\\/\"},\"sameAs\":[\"https:\\\/\\\/www.facebook.com\\\/BoxRepsol\",\"https:\\\/\\\/x.com\\\/box_repsol\",\"http:\\\/\\\/instagram.com\\\/box_repsol\",\"https:\\\/\\\/www.youtube.com\\\/user\\\/RepsolCompeticion\",\"https:\\\/\\\/www.flickr.com\\\/photos\\\/box_repsol\\\/\"]},{\"@type\":\"Person\",\"@id\":\"https:\\\/\\\/www.boxrepsol.com\\\/es\\\/#\\\/schema\\\/person\\\/40c28bf318bbbe8fe3848b194b7385ca\",\"name\":\"V\u00edctor Gancedo\",\"image\":{\"@type\":\"ImageObject\",\"inLanguage\":\"es\",\"@id\":\"https:\\\/\\\/secure.gravatar.com\\\/avatar\\\/cd1439a66fca5d3425cd2a7b13f32cd43e25022a0436c1235ef2a28e14fa660a?s=96&d=mm&r=g\",\"url\":\"https:\\\/\\\/secure.gravatar.com\\\/avatar\\\/cd1439a66fca5d3425cd2a7b13f32cd43e25022a0436c1235ef2a28e14fa660a?s=96&d=mm&r=g\",\"contentUrl\":\"https:\\\/\\\/secure.gravatar.com\\\/avatar\\\/cd1439a66fca5d3425cd2a7b13f32cd43e25022a0436c1235ef2a28e14fa660a?s=96&d=mm&r=g\",\"caption\":\"V\u00edctor Gancedo\"},\"description\":\"Periodista especializado en el mundo de las motos, V\u00edctor ha probado pr\u00e1cticamente todas las que han salido al mercado desde 1990. En su larga trayectoria, ha desempe\u00f1ado cargos como los de Jefe de Pruebas de la revista Motociclismo o Responsable de Pruebas del \u00c1rea de Motos del Grupo Motorpress-Ib\u00e9rica, hoy llamado Sport Life Ib\u00e9rica, al cual sigue vinculado.\",\"sameAs\":[\"https:\\\/\\\/www.instagram.com\\\/vfgancedo\"],\"url\":\"https:\\\/\\\/www.boxrepsol.com\\\/es\\\/author\\\/victor_gancedo\\\/\"}]}<\/script>\n<!-- \/ Yoast SEO plugin. -->","yoast_head_json":{"title":"Mejores rutas en moto por Cantabria - Box Repsol","description":"Del mar Cant\u00e1brico a la Cordillera Cant\u00e1brica pasando por infinitos valles y prados, Cantabria es un lugar id\u00edlico para dibujar itinerarios sobre dos ruedas","canonical":"https:\/\/www.boxrepsol.com\/es\/vive-tu-moto\/rutas-de-moto-por-cantabria\/","og_locale":"es_ES","og_type":"article","og_title":"Mejores rutas en moto por Cantabria - Box Repsol","og_description":"Del mar Cant\u00e1brico a la Cordillera Cant\u00e1brica pasando por infinitos valles y prados, Cantabria es un lugar id\u00edlico para dibujar itinerarios sobre dos ruedas","og_url":"https:\/\/www.boxrepsol.com\/es\/vive-tu-moto\/rutas-de-moto-por-cantabria\/","og_site_name":"Box Repsol","article_publisher":"https:\/\/www.facebook.com\/BoxRepsol","article_published_time":"2023-08-25T11:53:15+00:00","article_modified_time":"2025-06-26T08:22:31+00:00","og_image":[{"width":1248,"height":770,"url":"https:\/\/bxrepsol.s3.eu-west-1.amazonaws.com\/static\/2023\/08\/25093400\/Foto-1-apertura.jpg","type":"image\/jpeg"}],"author":"V\u00edctor Gancedo","twitter_card":"summary_large_image","twitter_creator":"@box_repsol","twitter_site":"@box_repsol","twitter_misc":{"Written by":"V\u00edctor Gancedo","Est. reading time":"7 minutos"},"schema":{"@context":"https:\/\/schema.org","@graph":[{"@type":"Article","@id":"https:\/\/www.boxrepsol.com\/es\/vive-tu-moto\/rutas-de-moto-por-cantabria\/#article","isPartOf":{"@id":"https:\/\/www.boxrepsol.com\/es\/vive-tu-moto\/rutas-de-moto-por-cantabria\/"},"author":{"name":"V\u00edctor Gancedo","@id":"https:\/\/www.boxrepsol.com\/es\/#\/schema\/person\/40c28bf318bbbe8fe3848b194b7385ca"},"headline":"Rutas en moto por Cantabria, un para\u00edso para los moteros","datePublished":"2023-08-25T11:53:15+00:00","dateModified":"2025-06-26T08:22:31+00:00","mainEntityOfPage":{"@id":"https:\/\/www.boxrepsol.com\/es\/vive-tu-moto\/rutas-de-moto-por-cantabria\/"},"wordCount":1436,"commentCount":1,"publisher":{"@id":"https:\/\/www.boxrepsol.com\/es\/#organization"},"image":{"@id":"https:\/\/www.boxrepsol.com\/es\/vive-tu-moto\/rutas-de-moto-por-cantabria\/#primaryimage"},"thumbnailUrl":"https:\/\/bxrepsol.s3.eu-west-1.amazonaws.com\/static\/2023\/08\/25093400\/Foto-1-apertura.jpg","keywords":["Mototurismo","salidas y rutas en moto"],"articleSection":["Vive tu moto"],"inLanguage":"es","potentialAction":[{"@type":"CommentAction","name":"Comment","target":["https:\/\/www.boxrepsol.com\/es\/vive-tu-moto\/rutas-de-moto-por-cantabria\/#respond"]}]},{"@type":"WebPage","@id":"https:\/\/www.boxrepsol.com\/es\/vive-tu-moto\/rutas-de-moto-por-cantabria\/","url":"https:\/\/www.boxrepsol.com\/es\/vive-tu-moto\/rutas-de-moto-por-cantabria\/","name":"Mejores rutas en moto por Cantabria - Box Repsol","isPartOf":{"@id":"https:\/\/www.boxrepsol.com\/es\/#website"},"primaryImageOfPage":{"@id":"https:\/\/www.boxrepsol.com\/es\/vive-tu-moto\/rutas-de-moto-por-cantabria\/#primaryimage"},"image":{"@id":"https:\/\/www.boxrepsol.com\/es\/vive-tu-moto\/rutas-de-moto-por-cantabria\/#primaryimage"},"thumbnailUrl":"https:\/\/bxrepsol.s3.eu-west-1.amazonaws.com\/static\/2023\/08\/25093400\/Foto-1-apertura.jpg","datePublished":"2023-08-25T11:53:15+00:00","dateModified":"2025-06-26T08:22:31+00:00","description":"Del mar Cant\u00e1brico a la Cordillera Cant\u00e1brica pasando por infinitos valles y prados, Cantabria es un lugar id\u00edlico para dibujar itinerarios sobre dos ruedas","breadcrumb":{"@id":"https:\/\/www.boxrepsol.com\/es\/vive-tu-moto\/rutas-de-moto-por-cantabria\/#breadcrumb"},"inLanguage":"es","potentialAction":[{"@type":"ReadAction","target":["https:\/\/www.boxrepsol.com\/es\/vive-tu-moto\/rutas-de-moto-por-cantabria\/"]}]},{"@type":"ImageObject","inLanguage":"es","@id":"https:\/\/www.boxrepsol.com\/es\/vive-tu-moto\/rutas-de-moto-por-cantabria\/#primaryimage","url":"https:\/\/bxrepsol.s3.eu-west-1.amazonaws.com\/static\/2023\/08\/25093400\/Foto-1-apertura.jpg","contentUrl":"https:\/\/bxrepsol.s3.eu-west-1.amazonaws.com\/static\/2023\/08\/25093400\/Foto-1-apertura.jpg","width":1248,"height":770,"caption":"Paisaje de monta\u00f1a en Cantabria"},{"@type":"BreadcrumbList","@id":"https:\/\/www.boxrepsol.com\/es\/vive-tu-moto\/rutas-de-moto-por-cantabria\/#breadcrumb","itemListElement":[{"@type":"ListItem","position":1,"name":"Home","item":"https:\/\/www.boxrepsol.com\/es\/"},{"@type":"ListItem","position":2,"name":"Rutas en moto por Cantabria, un para\u00edso para los moteros"}]},{"@type":"WebSite","@id":"https:\/\/www.boxrepsol.com\/es\/#website","url":"https:\/\/www.boxrepsol.com\/es\/","name":"Box Repsol","description":"Box Repsol Site","publisher":{"@id":"https:\/\/www.boxrepsol.com\/es\/#organization"},"potentialAction":[{"@type":"SearchAction","target":{"@type":"EntryPoint","urlTemplate":"https:\/\/www.boxrepsol.com\/es\/?s={search_term_string}"},"query-input":{"@type":"PropertyValueSpecification","valueRequired":true,"valueName":"search_term_string"}}],"inLanguage":"es"},{"@type":"Organization","@id":"https:\/\/www.boxrepsol.com\/es\/#organization","name":"Box Repsol","url":"https:\/\/www.boxrepsol.com\/es\/","logo":{"@type":"ImageObject","inLanguage":"es","@id":"https:\/\/www.boxrepsol.com\/es\/#\/schema\/logo\/image\/","url":"https:\/\/bxrepsol.s3.eu-west-1.amazonaws.com\/static\/2025\/07\/30083337\/favicon-96x96-1.png","contentUrl":"https:\/\/bxrepsol.s3.eu-west-1.amazonaws.com\/static\/2025\/07\/30083337\/favicon-96x96-1.png","width":96,"height":96,"caption":"Box Repsol"},"image":{"@id":"https:\/\/www.boxrepsol.com\/es\/#\/schema\/logo\/image\/"},"sameAs":["https:\/\/www.facebook.com\/BoxRepsol","https:\/\/x.com\/box_repsol","http:\/\/instagram.com\/box_repsol","https:\/\/www.youtube.com\/user\/RepsolCompeticion","https:\/\/www.flickr.com\/photos\/box_repsol\/"]},{"@type":"Person","@id":"https:\/\/www.boxrepsol.com\/es\/#\/schema\/person\/40c28bf318bbbe8fe3848b194b7385ca","name":"V\u00edctor Gancedo","image":{"@type":"ImageObject","inLanguage":"es","@id":"https:\/\/secure.gravatar.com\/avatar\/cd1439a66fca5d3425cd2a7b13f32cd43e25022a0436c1235ef2a28e14fa660a?s=96&d=mm&r=g","url":"https:\/\/secure.gravatar.com\/avatar\/cd1439a66fca5d3425cd2a7b13f32cd43e25022a0436c1235ef2a28e14fa660a?s=96&d=mm&r=g","contentUrl":"https:\/\/secure.gravatar.com\/avatar\/cd1439a66fca5d3425cd2a7b13f32cd43e25022a0436c1235ef2a28e14fa660a?s=96&d=mm&r=g","caption":"V\u00edctor Gancedo"},"description":"Periodista especializado en el mundo de las motos, V\u00edctor ha probado pr\u00e1cticamente todas las que han salido al mercado desde 1990. En su larga trayectoria, ha desempe\u00f1ado cargos como los de Jefe de Pruebas de la revista Motociclismo o Responsable de Pruebas del \u00c1rea de Motos del Grupo Motorpress-Ib\u00e9rica, hoy llamado Sport Life Ib\u00e9rica, al cual sigue vinculado.","sameAs":["https:\/\/www.instagram.com\/vfgancedo"],"url":"https:\/\/www.boxrepsol.com\/es\/author\/victor_gancedo\/"}]}},"_links":{"self":[{"href":"https:\/\/www.boxrepsol.com\/es\/wp-json\/wp\/v2\/posts\/104877","targetHints":{"allow":["GET"]}}],"collection":[{"href":"https:\/\/www.boxrepsol.com\/es\/wp-json\/wp\/v2\/posts"}],"about":[{"href":"https:\/\/www.boxrepsol.com\/es\/wp-json\/wp\/v2\/types\/post"}],"author":[{"embeddable":true,"href":"https:\/\/www.boxrepsol.com\/es\/wp-json\/wp\/v2\/users\/41267"}],"replies":[{"embeddable":true,"href":"https:\/\/www.boxrepsol.com\/es\/wp-json\/wp\/v2\/comments?post=104877"}],"version-history":[{"count":7,"href":"https:\/\/www.boxrepsol.com\/es\/wp-json\/wp\/v2\/posts\/104877\/revisions"}],"predecessor-version":[{"id":114070,"href":"https:\/\/www.boxrepsol.com\/es\/wp-json\/wp\/v2\/posts\/104877\/revisions\/114070"}],"wp:featuredmedia":[{"embeddable":true,"href":"https:\/\/www.boxrepsol.com\/es\/wp-json\/wp\/v2\/media\/104878"}],"wp:attachment":[{"href":"https:\/\/www.boxrepsol.com\/es\/wp-json\/wp\/v2\/media?parent=104877"}],"wp:term":[{"taxonomy":"category","embeddable":true,"href":"https:\/\/www.boxrepsol.com\/es\/wp-json\/wp\/v2\/categories?post=104877"},{"taxonomy":"post_tag","embeddable":true,"href":"https:\/\/www.boxrepsol.com\/es\/wp-json\/wp\/v2\/tags?post=104877"}],"curies":[{"name":"wp","href":"https:\/\/api.w.org\/{rel}","templated":true}]}}