{"id":104721,"date":"2023-08-20T10:56:48","date_gmt":"2023-08-20T12:56:48","guid":{"rendered":"https:\/\/www.boxrepsol.com\/sin-categorizar\/resultados-del-gp-de-austria-de-motogp-2023\/"},"modified":"2024-04-23T14:18:52","modified_gmt":"2024-04-23T16:18:52","slug":"resultados-del-gp-de-austria-de-motogp-2023","status":"publish","type":"post","link":"https:\/\/www.boxrepsol.com\/es\/motogp\/resultados-del-gp-de-austria-de-motogp-2023\/","title":{"rendered":"Resultados del GP de Austria de MotoGP 2023"},"content":{"rendered":"<figure class=\"wp-block-post-featured-image\"><img loading=\"lazy\" decoding=\"async\" width=\"1280\" height=\"600\" src=\"https:\/\/bxrepsol.s3.eu-west-1.amazonaws.com\/static\/2023\/08\/20090928\/A1X2270-copia.jpg\" class=\"attachment-post-thumbnail size-post-thumbnail wp-post-image\" alt=\"\" style=\"object-fit:cover;\" srcset=\"https:\/\/bxrepsol.s3.eu-west-1.amazonaws.com\/static\/2023\/08\/20090928\/A1X2270-copia.jpg 1280w, https:\/\/bxrepsol.s3.eu-west-1.amazonaws.com\/static\/2023\/08\/20090928\/A1X2270-copia-300x141.jpg 300w, https:\/\/bxrepsol.s3.eu-west-1.amazonaws.com\/static\/2023\/08\/20090928\/A1X2270-copia-1024x480.jpg 1024w, https:\/\/bxrepsol.s3.eu-west-1.amazonaws.com\/static\/2023\/08\/20090928\/A1X2270-copia-768x360.jpg 768w\" sizes=\"auto, (max-width: 1280px) 100vw, 1280px\" \/><\/figure>\n\n\n<p><strong>Pecco Bagnaia (Ducati)<\/strong>&nbsp;ha ganado el GP de Austria de MotoGP en una carrera liderada desde el inicio por el piloto italiano. Brad Binder (KTM) y Marco Bezzecchi (Ducati) han cerrado el podio en el Red Bull Ring.<\/p>\n\n\n\n<p>Luca Marini (Ducati), \u00c1lex M\u00e1rquez (Ducati), Maverick Vi\u00f1ales (Aprilia), Jorge Mart\u00edn (Ducati), Fabio Quartararo (Yamaha), Aleix Espargar\u00f3 (Aprilia) y Enea Bastianini (Ducati) han completado el&nbsp;<strong>Top 10<\/strong>&nbsp;en el Gran Premio de Austria.<\/p>\n\n\n\n<p>Con este resultado, Pecco Bagnaia sigue aumentando la distancia con su principal rival, Jorge Mart\u00edn, con una diferencia de 62 puntos. <\/p>\n\n\n\n<p>La pr\u00f3xima cita del Mundial de MotoGP&nbsp;ser\u00e1 en dos semanas en uno de los Grandes Premios de casa en el <strong>Circuit de Barcelona-Catalunya<\/strong>. <\/p>\n\n\n\n<h3 class=\"wp-block-heading\"><strong>Gran Premio de altibajos para el equipo Repsol Honda<\/strong><\/h3>\n\n\n\n<p>Tras una <a href=\"https:\/\/www.boxrepsol.com\/es\/motogp\/resultados-de-la-carrera-sprint-del-gp-de-austria-de-motogp\/\">carrera al sprint positiva<\/a> para los dos pilotos del <strong>equipo Repsol Honda<\/strong>, el objetivo en la carrera principal de hoy era gestionar bien la carrera para conseguir unos buenos resultados sobre los que trabajar durante lo que queda de temporada.  <\/p>\n\n\n\n<p><strong>Marc M\u00e1rquez<\/strong>, saliendo de nuevo en la 18\u00aa posici\u00f3n, ha pasado por l\u00ednea de meta en la <strong>12\u00aa plaza<\/strong>. El piloto del equipo Repsol Honda ha iniciado la carrera con un buen ritmo que le ha permitido mantenerse en las posiciones de puntos. Con el transcurso de la carrera, el de Cervera ha gestionado su plan de carrera con el fin de terminarla sin tomar riesgos excesivos y sumando sus primeros puntos de la temporada en una carrera de domingo. <\/p>\n\n\n\n<p><strong>Joan Mir<\/strong> tambi\u00e9n ha protagonizado una buena salida de carrera que le ha permitido manejar unos primeros compases de carrera de manera s\u00f3lida. Sin embargo, el 36 ha sufrido una ca\u00edda sin mayores consecuencias en la vuelta 13 de carrera. <\/p>\n\n\n\n<h3 class=\"wp-block-heading\"><strong>Resultados de la carrera: GP de Austria (28 vueltas)<\/strong><\/h3>\n\n\n\n<figure class=\"wp-block-table is-style-stripes\"><table><tbody><tr><td><strong>PILOTO<\/strong><\/td><td><strong>EQUIPO<\/strong><\/td><td><strong>TIEMPO<\/strong><\/td><\/tr><tr><td>1. Pecco Bagnaia <\/td><td>DUCATI<\/td><td>42:23.315<\/td><\/tr><tr><td>2. Brad Binder<\/td><td>KTM<\/td><td>+5.191<\/td><\/tr><tr><td>3. Marco Bezzecchi<\/td><td>DUCATI<\/td><td>+7.708<\/td><\/tr><tr><td>4. Luca Marini<\/td><td>DUCATI<\/td><td>+10.343<\/td><\/tr><tr><td>5. \u00c1lex M\u00e1rquez<\/td><td>DUCATI<\/td><td>+11.039<\/td><\/tr><tr><td>6. Maverick Vi\u00f1ales<\/td><td>APRILIA<\/td><td>+11.724<\/td><\/tr><tr><td>7. Jorge Mart\u00edn<\/td><td>DUCATI<\/td><td>+12.917<\/td><\/tr><tr><td>8. Fabio Quartararo<\/td><td>YAMAHA<\/td><td>+19.509<\/td><\/tr><tr><td>9. Aleix Espargar\u00f3<\/td><td>APRILIA<\/td><td>+20.231<\/td><\/tr><tr><td>10. Enea Bastianini<\/td><td>DUCATI<\/td><td>+20.729<\/td><\/tr><tr><td><strong>12. Marc M\u00e1rquez<\/strong><\/td><td><strong>REPSOL HONDA<\/strong><\/td><td><strong>+23.027<\/strong><\/td><\/tr><tr><td><strong>Joan Mir<\/strong><\/td><td><strong>REPSOL HONDA<\/strong><\/td><td><strong>DNF<\/strong><\/td><\/tr><\/tbody><\/table><\/figure>\n\n\n\n<h3 class=\"wp-block-heading\"><strong>Clasificaci\u00f3n General<\/strong><\/h3>\n\n\n\n<figure class=\"wp-block-table is-style-stripes\"><table><tbody><tr><td><strong>PILOTO<\/strong><\/td><td><strong>EQUIPO<\/strong><\/td><td><strong>PUNTOS<\/strong><\/td><\/tr><tr><td>1. Pecco Bagnaia<\/td><td>DUCATI<\/td><td>251<\/td><\/tr><tr><td>2. Jorge Mart\u00edn<\/td><td>DUCATI<\/td><td>189<\/td><\/tr><tr><td>3. Marco Bezzecchi<\/td><td>DUCATI<\/td><td>183<\/td><\/tr><tr><td>4. Brad Binder<\/td><td>KTM<\/td><td>160<\/td><\/tr><tr><td>5. Johann Zarco<\/td><td>DUCATI<\/td><td>125<\/td><\/tr><tr><td>6. Luca Marini<\/td><td>DUCATI<\/td><td>120<\/td><\/tr><tr><td>7. Aleix Espargar\u00f3<\/td><td>APRILIA<\/td><td>117<\/td><\/tr><tr><td>8. Jack Miller<\/td><td>KTM<\/td><td>96<\/td><\/tr><tr><td>9. \u00c1lex M\u00e1rquez<\/td><td>DUCATI<\/td><td>92<\/td><\/tr><tr><td>10. Maverick Vi\u00f1ales<\/td><td>APRILIA<\/td><td>86<\/td><\/tr><tr><td><strong>19<\/strong>. <strong>Marc M\u00e1rquez<\/strong><\/td><td><strong>REPSOL HONDA<\/strong><\/td><td><strong>19<\/strong><\/td><\/tr><tr><td><strong>26. Joan Mir<\/strong><\/td><td><strong>REPSOL HONDA<\/strong><\/td><td><strong>5<\/strong><\/td><\/tr><\/tbody><\/table><\/figure>\n\n\n\n<div id=\"568f37e5-2908-4af1-8722-9f145cb1fea0\" class=\"br-slider-box\"><div class=\"wp-block-create-block-repsol-carousel br-slider\"><a target=\"_blank\" href=\"https:\/\/bxrepsol.s3.eu-west-1.amazonaws.com\/static\/2023\/08\/20123741\/JRB8009-scaled.jpg\" data-index=\"0\" rel=\"noopener\"><img decoding=\"async\" src=\"https:\/\/bxrepsol.s3.eu-west-1.amazonaws.com\/static\/2023\/08\/20123741\/JRB8009-scaled.jpg\"\/><\/a><a target=\"_blank\" href=\"https:\/\/bxrepsol.s3.eu-west-1.amazonaws.com\/static\/2023\/08\/20123746\/JRB8681-scaled.jpg\" data-index=\"1\" rel=\"noopener\"><img decoding=\"async\" src=\"https:\/\/bxrepsol.s3.eu-west-1.amazonaws.com\/static\/2023\/08\/20123746\/JRB8681-scaled.jpg\"\/><\/a><a target=\"_blank\" href=\"https:\/\/bxrepsol.s3.eu-west-1.amazonaws.com\/static\/2023\/08\/20123803\/JRB5686-scaled.jpg\" data-index=\"2\" rel=\"noopener\"><img decoding=\"async\" src=\"https:\/\/bxrepsol.s3.eu-west-1.amazonaws.com\/static\/2023\/08\/20123803\/JRB5686-scaled.jpg\"\/><\/a><a target=\"_blank\" href=\"https:\/\/bxrepsol.s3.eu-west-1.amazonaws.com\/static\/2023\/08\/20123809\/JRB8440-scaled.jpg\" data-index=\"3\" rel=\"noopener\"><img decoding=\"async\" src=\"https:\/\/bxrepsol.s3.eu-west-1.amazonaws.com\/static\/2023\/08\/20123809\/JRB8440-scaled.jpg\"\/><\/a><a target=\"_blank\" href=\"https:\/\/bxrepsol.s3.eu-west-1.amazonaws.com\/static\/2023\/08\/20123815\/JRB8635-scaled.jpg\" data-index=\"4\" rel=\"noopener\"><img decoding=\"async\" src=\"https:\/\/bxrepsol.s3.eu-west-1.amazonaws.com\/static\/2023\/08\/20123815\/JRB8635-scaled.jpg\"\/><\/a><\/div><div class=\"br-slider-buttons\"><button class=\"arrow rds-icon arrow--left rds-icon-Arrow_left\"><\/button><button class=\"arrow rds-icon arrow--right rds-icon-Arrow_right\"><\/button><\/div><\/div>\n\n\n\n<h2 class=\"wp-block-heading\"><strong>Declaraciones<\/strong><\/h2>\n\n\n\n<h3 class=\"wp-block-heading\"><strong>Marc M\u00e1rquez<\/strong><\/h3>\n\n\n\n<p>\u00abEl resultado de este Gran Premio ha sido la culminaci\u00f3n del nuevo enfoque que estamos adoptando y que empezamos en Silverstone. Estamos intentando entender muchas cosas de la moto y evitar ca\u00eddas, por fin hemos terminado un domingo. En un momento de la carrera mis tiempos eran bastante buenos, pero era el \u00fanico con el neum\u00e1tico trasero blando. Est\u00e1 bien terminar una carrera, pero obviamente aspiramos a m\u00e1s y tenemos que seguir trabajando. Ha sido un fin de semana de mucho trabajo aqu\u00ed en Austria y ahora veremos qu\u00e9 es posible hacer en Montmel\u00f3\u00bb.<\/p>\n\n\n\n<h3 class=\"wp-block-heading\"><strong>Joan Mir<\/strong><\/h3>\n\n\n\n<p>\u00abNo estoy contento por lo de hoy, cre\u00eda que est\u00e1bamos haciendo un fin de semana s\u00f3lido para nuestra situaci\u00f3n. Es una pena caerse y perder m\u00e1s vueltas. Ten\u00eda algo en los frenos &#8211; esto siempre puede ser un punto cr\u00edtico aqu\u00ed- y me he ido largo perdiendo la parte delantera. Cuando est\u00e1s rodando al l\u00edmite y tienes un peque\u00f1o problema, es dif\u00edcil mantenerse sobre la moto. Lo positivo es que he podido luchar con Marc durante todo el fin de semana y no he estado tan atr\u00e1s como en carreras anteriores. Tambi\u00e9n hemos mejorado nuestra confianza, as\u00ed que tenemos que mantener esta sensaci\u00f3n en las pr\u00f3ximas carreras.\u00bb<\/p>\n","protected":false},"excerpt":{"rendered":"<p>Pecco Bagnaia logra una nueva victoria en el trazado austr\u00edaco del Red Bull Ring<\/p>\n","protected":false},"author":43146,"featured_media":104719,"comment_status":"open","ping_status":"open","sticky":false,"template":"","format":"standard","meta":{"footnotes":""},"categories":[4],"tags":[269,271,6,321,8],"class_list":["post-104721","post","type-post","status-publish","format-standard","hentry","category-motogp","tag-269","tag-joan-mir","tag-marc-marquez","tag-motogp-austria-2-2","tag-repsol-honda-team"],"yoast_head":"<!-- This site is optimized with the Yoast SEO plugin v27.3 - https:\/\/yoast.com\/product\/yoast-seo-wordpress\/ -->\n<title>Resultados del GP de Austria de MotoGP 2023 - Box Repsol<\/title>\n<meta name=\"description\" content=\"Cr\u00f3nica y resultados del GP de Austria 2023 de MotoGP, disputado en el Red Bull Ring.\" \/>\n<link rel=\"canonical\" href=\"https:\/\/www.boxrepsol.com\/es\/motogp\/resultados-del-gp-de-austria-de-motogp-2023\/\" \/>\n<meta property=\"og:locale\" content=\"es_ES\" \/>\n<meta property=\"og:type\" content=\"article\" \/>\n<meta property=\"og:title\" content=\"Resultados del GP de Austria de MotoGP 2023 - Box Repsol\" \/>\n<meta property=\"og:description\" content=\"Cr\u00f3nica y resultados del GP de Austria 2023 de MotoGP, disputado en el Red Bull Ring.\" \/>\n<meta property=\"og:url\" content=\"https:\/\/www.boxrepsol.com\/es\/motogp\/resultados-del-gp-de-austria-de-motogp-2023\/\" \/>\n<meta property=\"og:site_name\" content=\"Box Repsol\" \/>\n<meta property=\"article:publisher\" content=\"https:\/\/www.facebook.com\/BoxRepsol\" \/>\n<meta property=\"article:author\" content=\"https:\/\/www.facebook.com\/BoxRepsol\/\" \/>\n<meta property=\"article:published_time\" content=\"2023-08-20T12:56:48+00:00\" \/>\n<meta property=\"article:modified_time\" content=\"2024-04-23T16:18:52+00:00\" \/>\n<meta property=\"og:image\" content=\"https:\/\/bxrepsol.s3.eu-west-1.amazonaws.com\/static\/2023\/08\/20090928\/A1X2270-copia.jpg\" \/>\n\t<meta property=\"og:image:width\" content=\"1280\" \/>\n\t<meta property=\"og:image:height\" content=\"600\" \/>\n\t<meta property=\"og:image:type\" content=\"image\/jpeg\" \/>\n<meta name=\"author\" content=\"Redacci\u00f3n Box Repsol\" \/>\n<meta name=\"twitter:card\" content=\"summary_large_image\" \/>\n<meta name=\"twitter:creator\" content=\"@https:\/\/twitter.com\/box_repsol\" \/>\n<meta name=\"twitter:site\" content=\"@box_repsol\" \/>\n<meta name=\"twitter:label1\" content=\"Written by\" \/>\n\t<meta name=\"twitter:data1\" content=\"Redacci\u00f3n Box Repsol\" \/>\n\t<meta name=\"twitter:label2\" content=\"Est. reading time\" \/>\n\t<meta name=\"twitter:data2\" content=\"3 minutos\" \/>\n<script type=\"application\/ld+json\" class=\"yoast-schema-graph\">{\"@context\":\"https:\\\/\\\/schema.org\",\"@graph\":[{\"@type\":\"Article\",\"@id\":\"https:\\\/\\\/www.boxrepsol.com\\\/es\\\/motogp\\\/resultados-del-gp-de-austria-de-motogp-2023\\\/#article\",\"isPartOf\":{\"@id\":\"https:\\\/\\\/www.boxrepsol.com\\\/es\\\/motogp\\\/resultados-del-gp-de-austria-de-motogp-2023\\\/\"},\"author\":{\"name\":\"Redacci\u00f3n Box Repsol\",\"@id\":\"https:\\\/\\\/www.boxrepsol.com\\\/es\\\/#\\\/schema\\\/person\\\/c5c2138f2cca251b0ad92b7086bb60b7\"},\"headline\":\"Resultados del GP de Austria de MotoGP 2023\",\"datePublished\":\"2023-08-20T12:56:48+00:00\",\"dateModified\":\"2024-04-23T16:18:52+00:00\",\"mainEntityOfPage\":{\"@id\":\"https:\\\/\\\/www.boxrepsol.com\\\/es\\\/motogp\\\/resultados-del-gp-de-austria-de-motogp-2023\\\/\"},\"wordCount\":632,\"commentCount\":0,\"publisher\":{\"@id\":\"https:\\\/\\\/www.boxrepsol.com\\\/es\\\/#organization\"},\"image\":{\"@id\":\"https:\\\/\\\/www.boxrepsol.com\\\/es\\\/motogp\\\/resultados-del-gp-de-austria-de-motogp-2023\\\/#primaryimage\"},\"thumbnailUrl\":\"https:\\\/\\\/bxrepsol.s3.eu-west-1.amazonaws.com\\\/static\\\/2023\\\/08\\\/20090928\\\/A1X2270-copia.jpg\",\"keywords\":[\"2023\",\"Joan Mir\",\"Marc M\u00e1rquez\",\"MotoGP Austria\",\"Repsol Honda Team\"],\"articleSection\":[\"MotoGP\"],\"inLanguage\":\"es\",\"potentialAction\":[{\"@type\":\"CommentAction\",\"name\":\"Comment\",\"target\":[\"https:\\\/\\\/www.boxrepsol.com\\\/es\\\/motogp\\\/resultados-del-gp-de-austria-de-motogp-2023\\\/#respond\"]}]},{\"@type\":\"WebPage\",\"@id\":\"https:\\\/\\\/www.boxrepsol.com\\\/es\\\/motogp\\\/resultados-del-gp-de-austria-de-motogp-2023\\\/\",\"url\":\"https:\\\/\\\/www.boxrepsol.com\\\/es\\\/motogp\\\/resultados-del-gp-de-austria-de-motogp-2023\\\/\",\"name\":\"Resultados del GP de Austria de MotoGP 2023 - Box Repsol\",\"isPartOf\":{\"@id\":\"https:\\\/\\\/www.boxrepsol.com\\\/es\\\/#website\"},\"primaryImageOfPage\":{\"@id\":\"https:\\\/\\\/www.boxrepsol.com\\\/es\\\/motogp\\\/resultados-del-gp-de-austria-de-motogp-2023\\\/#primaryimage\"},\"image\":{\"@id\":\"https:\\\/\\\/www.boxrepsol.com\\\/es\\\/motogp\\\/resultados-del-gp-de-austria-de-motogp-2023\\\/#primaryimage\"},\"thumbnailUrl\":\"https:\\\/\\\/bxrepsol.s3.eu-west-1.amazonaws.com\\\/static\\\/2023\\\/08\\\/20090928\\\/A1X2270-copia.jpg\",\"datePublished\":\"2023-08-20T12:56:48+00:00\",\"dateModified\":\"2024-04-23T16:18:52+00:00\",\"description\":\"Cr\u00f3nica y resultados del GP de Austria 2023 de MotoGP, disputado en el Red Bull Ring.\",\"breadcrumb\":{\"@id\":\"https:\\\/\\\/www.boxrepsol.com\\\/es\\\/motogp\\\/resultados-del-gp-de-austria-de-motogp-2023\\\/#breadcrumb\"},\"inLanguage\":\"es\",\"potentialAction\":[{\"@type\":\"ReadAction\",\"target\":[\"https:\\\/\\\/www.boxrepsol.com\\\/es\\\/motogp\\\/resultados-del-gp-de-austria-de-motogp-2023\\\/\"]}]},{\"@type\":\"ImageObject\",\"inLanguage\":\"es\",\"@id\":\"https:\\\/\\\/www.boxrepsol.com\\\/es\\\/motogp\\\/resultados-del-gp-de-austria-de-motogp-2023\\\/#primaryimage\",\"url\":\"https:\\\/\\\/bxrepsol.s3.eu-west-1.amazonaws.com\\\/static\\\/2023\\\/08\\\/20090928\\\/A1X2270-copia.jpg\",\"contentUrl\":\"https:\\\/\\\/bxrepsol.s3.eu-west-1.amazonaws.com\\\/static\\\/2023\\\/08\\\/20090928\\\/A1X2270-copia.jpg\",\"width\":1280,\"height\":600},{\"@type\":\"BreadcrumbList\",\"@id\":\"https:\\\/\\\/www.boxrepsol.com\\\/es\\\/motogp\\\/resultados-del-gp-de-austria-de-motogp-2023\\\/#breadcrumb\",\"itemListElement\":[{\"@type\":\"ListItem\",\"position\":1,\"name\":\"Home\",\"item\":\"https:\\\/\\\/www.boxrepsol.com\\\/es\\\/\"},{\"@type\":\"ListItem\",\"position\":2,\"name\":\"Resultados del GP de Austria de MotoGP 2023\"}]},{\"@type\":\"WebSite\",\"@id\":\"https:\\\/\\\/www.boxrepsol.com\\\/es\\\/#website\",\"url\":\"https:\\\/\\\/www.boxrepsol.com\\\/es\\\/\",\"name\":\"Box Repsol\",\"description\":\"Box Repsol Site\",\"publisher\":{\"@id\":\"https:\\\/\\\/www.boxrepsol.com\\\/es\\\/#organization\"},\"potentialAction\":[{\"@type\":\"SearchAction\",\"target\":{\"@type\":\"EntryPoint\",\"urlTemplate\":\"https:\\\/\\\/www.boxrepsol.com\\\/es\\\/?s={search_term_string}\"},\"query-input\":{\"@type\":\"PropertyValueSpecification\",\"valueRequired\":true,\"valueName\":\"search_term_string\"}}],\"inLanguage\":\"es\"},{\"@type\":\"Organization\",\"@id\":\"https:\\\/\\\/www.boxrepsol.com\\\/es\\\/#organization\",\"name\":\"Box Repsol\",\"url\":\"https:\\\/\\\/www.boxrepsol.com\\\/es\\\/\",\"logo\":{\"@type\":\"ImageObject\",\"inLanguage\":\"es\",\"@id\":\"https:\\\/\\\/www.boxrepsol.com\\\/es\\\/#\\\/schema\\\/logo\\\/image\\\/\",\"url\":\"https:\\\/\\\/bxrepsol.s3.eu-west-1.amazonaws.com\\\/static\\\/2025\\\/07\\\/30083337\\\/favicon-96x96-1.png\",\"contentUrl\":\"https:\\\/\\\/bxrepsol.s3.eu-west-1.amazonaws.com\\\/static\\\/2025\\\/07\\\/30083337\\\/favicon-96x96-1.png\",\"width\":96,\"height\":96,\"caption\":\"Box Repsol\"},\"image\":{\"@id\":\"https:\\\/\\\/www.boxrepsol.com\\\/es\\\/#\\\/schema\\\/logo\\\/image\\\/\"},\"sameAs\":[\"https:\\\/\\\/www.facebook.com\\\/BoxRepsol\",\"https:\\\/\\\/x.com\\\/box_repsol\",\"http:\\\/\\\/instagram.com\\\/box_repsol\",\"https:\\\/\\\/www.youtube.com\\\/user\\\/RepsolCompeticion\",\"https:\\\/\\\/www.flickr.com\\\/photos\\\/box_repsol\\\/\"]},{\"@type\":\"Person\",\"@id\":\"https:\\\/\\\/www.boxrepsol.com\\\/es\\\/#\\\/schema\\\/person\\\/c5c2138f2cca251b0ad92b7086bb60b7\",\"name\":\"Redacci\u00f3n Box Repsol\",\"image\":{\"@type\":\"ImageObject\",\"inLanguage\":\"es\",\"@id\":\"https:\\\/\\\/secure.gravatar.com\\\/avatar\\\/adf7b77e38b4419baf32c7e9c21dde01f4e40df611f0978e3006fc4ba0aaab7e?s=96&d=mm&r=g\",\"url\":\"https:\\\/\\\/secure.gravatar.com\\\/avatar\\\/adf7b77e38b4419baf32c7e9c21dde01f4e40df611f0978e3006fc4ba0aaab7e?s=96&d=mm&r=g\",\"contentUrl\":\"https:\\\/\\\/secure.gravatar.com\\\/avatar\\\/adf7b77e38b4419baf32c7e9c21dde01f4e40df611f0978e3006fc4ba0aaab7e?s=96&d=mm&r=g\",\"caption\":\"Redacci\u00f3n Box Repsol\"},\"description\":\"Box Repsol lo forma un equipo de periodistas, community managers, dise\u00f1adores y fot\u00f3grafos con m\u00e1s de 20 a\u00f1os de experiencia en el mundo del motorsport. Hemos vivido el primer mundial de un espa\u00f1ol en la categor\u00eda reina de motociclismo con \u00c1lex Crivill\u00e9, estuvimos en las victorias de Pedrosa y los t\u00edtulos de M\u00e1rquez, acompa\u00f1amos en \u00c1frica a Nani Roma y Marc Coma en sus conquistas del Dakar y hemos vibrado con los t\u00edtulos de Toni Bou en Trial. Adem\u00e1s, en nuestro equipo contamos con expertos en el mundo de las dos y cuatro ruedas tanto de la calle y las carreteras, como de los circuitos. Periodistas que han trabajado en revistas y publicaciones para hacerte llegar desde rutas y consejos de mantenimiento, a curiosidades y trucos de pilotaje.\",\"sameAs\":[\"https:\\\/\\\/www.facebook.com\\\/BoxRepsol\\\/\",\"https:\\\/\\\/www.instagram.com\\\/box_repsol\\\/\",\"https:\\\/\\\/x.com\\\/https:\\\/\\\/twitter.com\\\/box_repsol\",\"https:\\\/\\\/www.youtube.com\\\/@Boxrepsol\"],\"url\":\"https:\\\/\\\/www.boxrepsol.com\\\/es\\\/author\\\/redaccion-box-repsol\\\/\"}]}<\/script>\n<!-- \/ Yoast SEO plugin. -->","yoast_head_json":{"title":"Resultados del GP de Austria de MotoGP 2023 - Box Repsol","description":"Cr\u00f3nica y resultados del GP de Austria 2023 de MotoGP, disputado en el Red Bull Ring.","canonical":"https:\/\/www.boxrepsol.com\/es\/motogp\/resultados-del-gp-de-austria-de-motogp-2023\/","og_locale":"es_ES","og_type":"article","og_title":"Resultados del GP de Austria de MotoGP 2023 - Box Repsol","og_description":"Cr\u00f3nica y resultados del GP de Austria 2023 de MotoGP, disputado en el Red Bull Ring.","og_url":"https:\/\/www.boxrepsol.com\/es\/motogp\/resultados-del-gp-de-austria-de-motogp-2023\/","og_site_name":"Box Repsol","article_publisher":"https:\/\/www.facebook.com\/BoxRepsol","article_author":"https:\/\/www.facebook.com\/BoxRepsol\/","article_published_time":"2023-08-20T12:56:48+00:00","article_modified_time":"2024-04-23T16:18:52+00:00","og_image":[{"width":1280,"height":600,"url":"https:\/\/bxrepsol.s3.eu-west-1.amazonaws.com\/static\/2023\/08\/20090928\/A1X2270-copia.jpg","type":"image\/jpeg"}],"author":"Redacci\u00f3n Box Repsol","twitter_card":"summary_large_image","twitter_creator":"@https:\/\/twitter.com\/box_repsol","twitter_site":"@box_repsol","twitter_misc":{"Written by":"Redacci\u00f3n Box Repsol","Est. reading time":"3 minutos"},"schema":{"@context":"https:\/\/schema.org","@graph":[{"@type":"Article","@id":"https:\/\/www.boxrepsol.com\/es\/motogp\/resultados-del-gp-de-austria-de-motogp-2023\/#article","isPartOf":{"@id":"https:\/\/www.boxrepsol.com\/es\/motogp\/resultados-del-gp-de-austria-de-motogp-2023\/"},"author":{"name":"Redacci\u00f3n Box Repsol","@id":"https:\/\/www.boxrepsol.com\/es\/#\/schema\/person\/c5c2138f2cca251b0ad92b7086bb60b7"},"headline":"Resultados del GP de Austria de MotoGP 2023","datePublished":"2023-08-20T12:56:48+00:00","dateModified":"2024-04-23T16:18:52+00:00","mainEntityOfPage":{"@id":"https:\/\/www.boxrepsol.com\/es\/motogp\/resultados-del-gp-de-austria-de-motogp-2023\/"},"wordCount":632,"commentCount":0,"publisher":{"@id":"https:\/\/www.boxrepsol.com\/es\/#organization"},"image":{"@id":"https:\/\/www.boxrepsol.com\/es\/motogp\/resultados-del-gp-de-austria-de-motogp-2023\/#primaryimage"},"thumbnailUrl":"https:\/\/bxrepsol.s3.eu-west-1.amazonaws.com\/static\/2023\/08\/20090928\/A1X2270-copia.jpg","keywords":["2023","Joan Mir","Marc M\u00e1rquez","MotoGP Austria","Repsol Honda Team"],"articleSection":["MotoGP"],"inLanguage":"es","potentialAction":[{"@type":"CommentAction","name":"Comment","target":["https:\/\/www.boxrepsol.com\/es\/motogp\/resultados-del-gp-de-austria-de-motogp-2023\/#respond"]}]},{"@type":"WebPage","@id":"https:\/\/www.boxrepsol.com\/es\/motogp\/resultados-del-gp-de-austria-de-motogp-2023\/","url":"https:\/\/www.boxrepsol.com\/es\/motogp\/resultados-del-gp-de-austria-de-motogp-2023\/","name":"Resultados del GP de Austria de MotoGP 2023 - Box Repsol","isPartOf":{"@id":"https:\/\/www.boxrepsol.com\/es\/#website"},"primaryImageOfPage":{"@id":"https:\/\/www.boxrepsol.com\/es\/motogp\/resultados-del-gp-de-austria-de-motogp-2023\/#primaryimage"},"image":{"@id":"https:\/\/www.boxrepsol.com\/es\/motogp\/resultados-del-gp-de-austria-de-motogp-2023\/#primaryimage"},"thumbnailUrl":"https:\/\/bxrepsol.s3.eu-west-1.amazonaws.com\/static\/2023\/08\/20090928\/A1X2270-copia.jpg","datePublished":"2023-08-20T12:56:48+00:00","dateModified":"2024-04-23T16:18:52+00:00","description":"Cr\u00f3nica y resultados del GP de Austria 2023 de MotoGP, disputado en el Red Bull Ring.","breadcrumb":{"@id":"https:\/\/www.boxrepsol.com\/es\/motogp\/resultados-del-gp-de-austria-de-motogp-2023\/#breadcrumb"},"inLanguage":"es","potentialAction":[{"@type":"ReadAction","target":["https:\/\/www.boxrepsol.com\/es\/motogp\/resultados-del-gp-de-austria-de-motogp-2023\/"]}]},{"@type":"ImageObject","inLanguage":"es","@id":"https:\/\/www.boxrepsol.com\/es\/motogp\/resultados-del-gp-de-austria-de-motogp-2023\/#primaryimage","url":"https:\/\/bxrepsol.s3.eu-west-1.amazonaws.com\/static\/2023\/08\/20090928\/A1X2270-copia.jpg","contentUrl":"https:\/\/bxrepsol.s3.eu-west-1.amazonaws.com\/static\/2023\/08\/20090928\/A1X2270-copia.jpg","width":1280,"height":600},{"@type":"BreadcrumbList","@id":"https:\/\/www.boxrepsol.com\/es\/motogp\/resultados-del-gp-de-austria-de-motogp-2023\/#breadcrumb","itemListElement":[{"@type":"ListItem","position":1,"name":"Home","item":"https:\/\/www.boxrepsol.com\/es\/"},{"@type":"ListItem","position":2,"name":"Resultados del GP de Austria de MotoGP 2023"}]},{"@type":"WebSite","@id":"https:\/\/www.boxrepsol.com\/es\/#website","url":"https:\/\/www.boxrepsol.com\/es\/","name":"Box Repsol","description":"Box Repsol Site","publisher":{"@id":"https:\/\/www.boxrepsol.com\/es\/#organization"},"potentialAction":[{"@type":"SearchAction","target":{"@type":"EntryPoint","urlTemplate":"https:\/\/www.boxrepsol.com\/es\/?s={search_term_string}"},"query-input":{"@type":"PropertyValueSpecification","valueRequired":true,"valueName":"search_term_string"}}],"inLanguage":"es"},{"@type":"Organization","@id":"https:\/\/www.boxrepsol.com\/es\/#organization","name":"Box Repsol","url":"https:\/\/www.boxrepsol.com\/es\/","logo":{"@type":"ImageObject","inLanguage":"es","@id":"https:\/\/www.boxrepsol.com\/es\/#\/schema\/logo\/image\/","url":"https:\/\/bxrepsol.s3.eu-west-1.amazonaws.com\/static\/2025\/07\/30083337\/favicon-96x96-1.png","contentUrl":"https:\/\/bxrepsol.s3.eu-west-1.amazonaws.com\/static\/2025\/07\/30083337\/favicon-96x96-1.png","width":96,"height":96,"caption":"Box Repsol"},"image":{"@id":"https:\/\/www.boxrepsol.com\/es\/#\/schema\/logo\/image\/"},"sameAs":["https:\/\/www.facebook.com\/BoxRepsol","https:\/\/x.com\/box_repsol","http:\/\/instagram.com\/box_repsol","https:\/\/www.youtube.com\/user\/RepsolCompeticion","https:\/\/www.flickr.com\/photos\/box_repsol\/"]},{"@type":"Person","@id":"https:\/\/www.boxrepsol.com\/es\/#\/schema\/person\/c5c2138f2cca251b0ad92b7086bb60b7","name":"Redacci\u00f3n Box Repsol","image":{"@type":"ImageObject","inLanguage":"es","@id":"https:\/\/secure.gravatar.com\/avatar\/adf7b77e38b4419baf32c7e9c21dde01f4e40df611f0978e3006fc4ba0aaab7e?s=96&d=mm&r=g","url":"https:\/\/secure.gravatar.com\/avatar\/adf7b77e38b4419baf32c7e9c21dde01f4e40df611f0978e3006fc4ba0aaab7e?s=96&d=mm&r=g","contentUrl":"https:\/\/secure.gravatar.com\/avatar\/adf7b77e38b4419baf32c7e9c21dde01f4e40df611f0978e3006fc4ba0aaab7e?s=96&d=mm&r=g","caption":"Redacci\u00f3n Box Repsol"},"description":"Box Repsol lo forma un equipo de periodistas, community managers, dise\u00f1adores y fot\u00f3grafos con m\u00e1s de 20 a\u00f1os de experiencia en el mundo del motorsport. Hemos vivido el primer mundial de un espa\u00f1ol en la categor\u00eda reina de motociclismo con \u00c1lex Crivill\u00e9, estuvimos en las victorias de Pedrosa y los t\u00edtulos de M\u00e1rquez, acompa\u00f1amos en \u00c1frica a Nani Roma y Marc Coma en sus conquistas del Dakar y hemos vibrado con los t\u00edtulos de Toni Bou en Trial. Adem\u00e1s, en nuestro equipo contamos con expertos en el mundo de las dos y cuatro ruedas tanto de la calle y las carreteras, como de los circuitos. Periodistas que han trabajado en revistas y publicaciones para hacerte llegar desde rutas y consejos de mantenimiento, a curiosidades y trucos de pilotaje.","sameAs":["https:\/\/www.facebook.com\/BoxRepsol\/","https:\/\/www.instagram.com\/box_repsol\/","https:\/\/x.com\/https:\/\/twitter.com\/box_repsol","https:\/\/www.youtube.com\/@Boxrepsol"],"url":"https:\/\/www.boxrepsol.com\/es\/author\/redaccion-box-repsol\/"}]}},"_links":{"self":[{"href":"https:\/\/www.boxrepsol.com\/es\/wp-json\/wp\/v2\/posts\/104721","targetHints":{"allow":["GET"]}}],"collection":[{"href":"https:\/\/www.boxrepsol.com\/es\/wp-json\/wp\/v2\/posts"}],"about":[{"href":"https:\/\/www.boxrepsol.com\/es\/wp-json\/wp\/v2\/types\/post"}],"author":[{"embeddable":true,"href":"https:\/\/www.boxrepsol.com\/es\/wp-json\/wp\/v2\/users\/43146"}],"replies":[{"embeddable":true,"href":"https:\/\/www.boxrepsol.com\/es\/wp-json\/wp\/v2\/comments?post=104721"}],"version-history":[{"count":8,"href":"https:\/\/www.boxrepsol.com\/es\/wp-json\/wp\/v2\/posts\/104721\/revisions"}],"predecessor-version":[{"id":115349,"href":"https:\/\/www.boxrepsol.com\/es\/wp-json\/wp\/v2\/posts\/104721\/revisions\/115349"}],"wp:featuredmedia":[{"embeddable":true,"href":"https:\/\/www.boxrepsol.com\/es\/wp-json\/wp\/v2\/media\/104719"}],"wp:attachment":[{"href":"https:\/\/www.boxrepsol.com\/es\/wp-json\/wp\/v2\/media?parent=104721"}],"wp:term":[{"taxonomy":"category","embeddable":true,"href":"https:\/\/www.boxrepsol.com\/es\/wp-json\/wp\/v2\/categories?post=104721"},{"taxonomy":"post_tag","embeddable":true,"href":"https:\/\/www.boxrepsol.com\/es\/wp-json\/wp\/v2\/tags?post=104721"}],"curies":[{"name":"wp","href":"https:\/\/api.w.org\/{rel}","templated":true}]}}