{"id":104635,"date":"2023-08-18T12:21:25","date_gmt":"2023-08-18T14:21:25","guid":{"rendered":"https:\/\/www.boxrepsol.com\/?p=104635"},"modified":"2024-04-08T07:03:57","modified_gmt":"2024-04-08T09:03:57","slug":"resultados-de-los-entrenamientos-del-gp-de-austria-de-motogp","status":"publish","type":"post","link":"https:\/\/www.boxrepsol.com\/es\/motogp\/resultados-de-los-entrenamientos-del-gp-de-austria-de-motogp\/","title":{"rendered":"Resultados de los entrenamientos del GP de Austria de MotoGP"},"content":{"rendered":"<figure class=\"wp-block-post-featured-image\"><img loading=\"lazy\" decoding=\"async\" width=\"1280\" height=\"600\" src=\"https:\/\/bxrepsol.s3.eu-west-1.amazonaws.com\/static\/2023\/08\/18094506\/JRB7135-copia.jpg\" class=\"attachment-post-thumbnail size-post-thumbnail wp-post-image\" alt=\"\" style=\"object-fit:cover;\" srcset=\"https:\/\/bxrepsol.s3.eu-west-1.amazonaws.com\/static\/2023\/08\/18094506\/JRB7135-copia.jpg 1280w, https:\/\/bxrepsol.s3.eu-west-1.amazonaws.com\/static\/2023\/08\/18094506\/JRB7135-copia-300x141.jpg 300w, https:\/\/bxrepsol.s3.eu-west-1.amazonaws.com\/static\/2023\/08\/18094506\/JRB7135-copia-1024x480.jpg 1024w, https:\/\/bxrepsol.s3.eu-west-1.amazonaws.com\/static\/2023\/08\/18094506\/JRB7135-copia-768x360.jpg 768w\" sizes=\"auto, (max-width: 1280px) 100vw, 1280px\" \/><\/figure>\n\n\n<p>El campeonato  de MotoGP ha seguido con su calendario llegando a la d\u00e9cima cita de la temporada disputada en el Red Bull Ring.<strong>&nbsp;<\/strong>En este primer d\u00eda,&nbsp;<strong>Marco Bezzecchi (Ducati),<\/strong>&nbsp;ha marcado el mejor registro con un tiempo de 1:28.533 en la pr\u00e1ctica de la tarde, que da acceso directo a la Q2 para los diez pilotos m\u00e1s r\u00e1pidos del d\u00eda.<\/p>\n\n\n\n<p>El&nbsp;<strong>Top 10<\/strong>&nbsp;de la tabla de tiempos ha sido completado por Maverick Vi\u00f1ales (Aprilia), Pecco Bagnaia (Ducati), Brad Binder (KTM), Johann Zarco (Ducati), Jorge Mart\u00edn (Ducati), Aleix Espargar\u00f3 (Aprilia), \u00c1lex M\u00e1rquez (Ducati), Fabio Quartararo (Yamaha) y Miguel Oliveira (Aprilia).<\/p>\n\n\n\n<p>Ma\u00f1ana los pilotos tendr\u00e1n una sesi\u00f3n de&nbsp;<strong>entrenamientos libres<\/strong>&nbsp;a las&nbsp;<strong>10:10 (CEST)<\/strong>&nbsp;antes de empezar la sesi\u00f3n de&nbsp;<strong>clasificaci\u00f3n<\/strong>&nbsp;a las&nbsp;<strong>10:50<\/strong>. Posteriormente, a las&nbsp;<strong>15:00<\/strong>&nbsp;participar\u00e1n en la&nbsp;<a href=\"https:\/\/www.boxrepsol.com\/es\/motogp\/carreras-al-sprint-la-evolucion-de-motogp\/\">carrera al sprint<\/a>&nbsp;del GP de Austria de MotoGP.<\/p>\n\n\n\n<h3 class=\"wp-block-heading\"><strong>D\u00eda de adaptaci\u00f3n en el box del equipo Repsol Honda<\/strong><\/h3>\n\n\n\n<p>Los pilotos del <strong>equipo Repsol Honda<\/strong> han tomado la sesi\u00f3n de hoy como una prueba m\u00e1s de cara al buen desarrollo de la Honda, tras recibir nuevas piezas de aerodin\u00e1mica para la RC213V. <\/p>\n\n\n\n<p><strong>Marc M\u00e1rquez<\/strong>, pese a haber mejorado las sensaciones y sus tiempos respecto a la ma\u00f1ana, no ha logrado colarse entre los diez primeros en la sesi\u00f3n de la tarde. El piloto del <strong>equipo Repsol Honda <\/strong>ha cerrado el d\u00eda siendo el <strong>13\u00ba<\/strong> y tendr\u00e1 que pasar por la Q1 ma\u00f1ana.<\/p>\n\n\n\n<p>Por su parte, <strong>Joan Mir<\/strong> se ha centrado en seguir construyendo una buena base con estas nuevas mejoras que han llegado para este Gran Premio. El piloto del<strong> <\/strong>equipo Repsol Honda ha finalizado el d\u00eda en la <strong>posici\u00f3n 23\u00aa<\/strong>, vi\u00e9ndose obligado a pasar tambi\u00e9n por Q1. <\/p>\n\n\n\n<p><strong>Clasificaci\u00f3n de la pr\u00e1ctica del GP de Austria 2023<\/strong><\/p>\n\n\n\n<figure class=\"wp-block-table is-style-stripes\"><table><tbody><tr><td><strong>PILOTO<\/strong><\/td><td><strong>EQUIPO<\/strong><\/td><td><strong>TIEMPO<\/strong><\/td><\/tr><tr><td>1. Marco Bezzecchi<\/td><td>DUCATI<\/td><td>1:28.533<\/td><\/tr><tr><td>2. Maverick Vi\u00f1ales<\/td><td>APRILIA<\/td><td>+0.044<\/td><\/tr><tr><td>3. Pecco Bagnaia<\/td><td>DUCATI<\/td><td>+0.288<\/td><\/tr><tr><td>4. Brad Binder<\/td><td>KTM<\/td><td>+0.330<\/td><\/tr><tr><td>5. Johann Zarco<\/td><td>DUCATI<\/td><td>+0.388<\/td><\/tr><tr><td>6. Jorge Mart\u00edn<\/td><td>DUCATI<\/td><td>+0.479<\/td><\/tr><tr><td>7. Aleix Espargar\u00f3<\/td><td>APRILIA<\/td><td>+0.519<\/td><\/tr><tr><td>8. \u00c1lex M\u00e1rquez<\/td><td>DUCATI<\/td><td>+0.563<\/td><\/tr><tr><td>9. Fabio Quartararo<\/td><td>YAMAHA<\/td><td>+0.622<\/td><\/tr><tr><td>10. Miguel Oliveira<\/td><td>APRILIA<\/td><td>+0.627<\/td><\/tr><tr><td><strong>13. Marc M\u00e1rquez<\/strong><\/td><td><strong>REPSOL HONDA<\/strong><\/td><td>+0.823<\/td><\/tr><tr><td><strong>23. Joan Mir<\/strong><\/td><td><strong>REPSOL HONDA<\/strong><\/td><td>+1.819<\/td><\/tr><\/tbody><\/table><\/figure>\n\n\n\n<div id=\"c6ccb493-c61a-41ba-bf07-996810ceba26\" class=\"br-slider-box\"><div class=\"wp-block-create-block-repsol-carousel br-slider\"><a target=\"_blank\" href=\"https:\/\/bxrepsol.s3.eu-west-1.amazonaws.com\/static\/2023\/08\/18133801\/JRB7911-scaled.jpg\" data-index=\"0\" rel=\"noopener\"><img decoding=\"async\" src=\"https:\/\/bxrepsol.s3.eu-west-1.amazonaws.com\/static\/2023\/08\/18133801\/JRB7911-scaled.jpg\"\/><\/a><a target=\"_blank\" href=\"https:\/\/bxrepsol.s3.eu-west-1.amazonaws.com\/static\/2023\/08\/18133806\/JRB7451-scaled.jpg\" data-index=\"1\" rel=\"noopener\"><img decoding=\"async\" src=\"https:\/\/bxrepsol.s3.eu-west-1.amazonaws.com\/static\/2023\/08\/18133806\/JRB7451-scaled.jpg\"\/><\/a><a target=\"_blank\" href=\"https:\/\/bxrepsol.s3.eu-west-1.amazonaws.com\/static\/2023\/08\/18133812\/JRB5452-scaled.jpg\" data-index=\"2\" rel=\"noopener\"><img decoding=\"async\" src=\"https:\/\/bxrepsol.s3.eu-west-1.amazonaws.com\/static\/2023\/08\/18133812\/JRB5452-scaled.jpg\"\/><\/a><a target=\"_blank\" href=\"https:\/\/bxrepsol.s3.eu-west-1.amazonaws.com\/static\/2023\/08\/18133838\/JRB9913-scaled.jpg\" data-index=\"3\" rel=\"noopener\"><img decoding=\"async\" src=\"https:\/\/bxrepsol.s3.eu-west-1.amazonaws.com\/static\/2023\/08\/18133838\/JRB9913-scaled.jpg\"\/><\/a><a target=\"_blank\" href=\"https:\/\/bxrepsol.s3.eu-west-1.amazonaws.com\/static\/2023\/08\/18133903\/JRB8693-scaled.jpg\" data-index=\"4\" rel=\"noopener\"><img decoding=\"async\" src=\"https:\/\/bxrepsol.s3.eu-west-1.amazonaws.com\/static\/2023\/08\/18133903\/JRB8693-scaled.jpg\"\/><\/a><\/div><div class=\"br-slider-buttons\"><button class=\"arrow rds-icon arrow--left rds-icon-Arrow_left\"><\/button><button class=\"arrow rds-icon arrow--right rds-icon-Arrow_right\"><\/button><\/div><\/div>\n\n\n\n<h2 class=\"wp-block-heading\"><strong>Declaraciones<\/strong><\/h2>\n\n\n\n<h3 class=\"wp-block-heading\"><strong>Marc M\u00e1rquez<\/strong><\/h3>\n\n\n\n<p>\u00abHoy ten\u00edamos mucho trabajo por delante, ha sido muy exigente mentalmente, ya que hemos utilizado dos paquetes aerodin\u00e1micos diferentes. Hay que cambiar mucho el estilo de pilotaje con la nueva aerodin\u00e1mica. Seguiremos utiliz\u00e1ndola aqu\u00ed porque en este tipo de circuito tiene algunas mejoras que son evidentes, pero tendremos que seguir prob\u00e1ndola en otros circuitos. He apretado mucho al final de la sesi\u00f3n de la tarde y hemos mejorado nuestro tiempo por vuelta, pero por desgracia hemos perdido nuestra \u00faltima vuelta r\u00e1pida, aunque esto puede pasar. El objetivo es entender el paquete aerodin\u00e1mico y ver qu\u00e9 podemos hacer ma\u00f1ana\u00bb.<\/p>\n\n\n\n<h3 class=\"wp-block-heading\"><strong>Joan Mir<\/strong><\/h3>\n\n\n\n<p>\u00abHoy hemos podido probar el nuevo carenado que Nakagami prob\u00f3 por primera vez en la \u00faltima carrera. As\u00ed que hemos tenido que cambiar la configuraci\u00f3n, lo que nos ha llevado un poco de tiempo. Luego, en la sesi\u00f3n de la tarde, ha llovido un poco, lo que ha interrumpido nuestro plan y nuestro progreso. Iba bien en mi \u00faltima vuelta, pero ha llovido en el \u00faltimo sector. S\u00e9 que este no es nuestro verdadero potencial, que est\u00e1 entre los 15 primeros, as\u00ed que espero que ma\u00f1ana podamos dar un paso adelante y acabar donde sabemos que podemos estar\u00bb.<\/p>\n","protected":false},"excerpt":{"rendered":"<p>Marco Bezzecchi es el m\u00e1s r\u00e1pido en el entrenamiento del Red Bull Ring<\/p>\n","protected":false},"author":43146,"featured_media":104636,"comment_status":"open","ping_status":"open","sticky":false,"template":"","format":"standard","meta":{"footnotes":""},"categories":[4],"tags":[269,50,271,6,8],"class_list":["post-104635","post","type-post","status-publish","format-standard","hentry","category-motogp","tag-269","tag-equipo-repsol-honda","tag-joan-mir","tag-marc-marquez","tag-repsol-honda-team"],"yoast_head":"<!-- This site is optimized with the Yoast SEO plugin v27.3 - https:\/\/yoast.com\/product\/yoast-seo-wordpress\/ -->\n<title>Resultados de los entrenamientos del GP de Austria de MotoGP - Box Repsol<\/title>\n<meta name=\"description\" content=\"Cr\u00f3nica y resultados de los entrenamientos del GP de Austria de MotoGP 2023, disputado en el Red Bull Ring.\" \/>\n<link rel=\"canonical\" href=\"https:\/\/www.boxrepsol.com\/es\/motogp\/resultados-de-los-entrenamientos-del-gp-de-austria-de-motogp\/\" \/>\n<meta property=\"og:locale\" content=\"es_ES\" \/>\n<meta property=\"og:type\" content=\"article\" \/>\n<meta property=\"og:title\" content=\"Resultados de los entrenamientos del GP de Austria de MotoGP - Box Repsol\" \/>\n<meta property=\"og:description\" content=\"Cr\u00f3nica y resultados de los entrenamientos del GP de Austria de MotoGP 2023, disputado en el Red Bull Ring.\" \/>\n<meta property=\"og:url\" content=\"https:\/\/www.boxrepsol.com\/es\/motogp\/resultados-de-los-entrenamientos-del-gp-de-austria-de-motogp\/\" \/>\n<meta property=\"og:site_name\" content=\"Box Repsol\" \/>\n<meta property=\"article:publisher\" content=\"https:\/\/www.facebook.com\/BoxRepsol\" \/>\n<meta property=\"article:author\" content=\"https:\/\/www.facebook.com\/BoxRepsol\/\" \/>\n<meta property=\"article:published_time\" content=\"2023-08-18T14:21:25+00:00\" \/>\n<meta property=\"article:modified_time\" content=\"2024-04-08T09:03:57+00:00\" \/>\n<meta property=\"og:image\" content=\"https:\/\/bxrepsol.s3.eu-west-1.amazonaws.com\/static\/2023\/08\/18094506\/JRB7135-copia.jpg\" \/>\n\t<meta property=\"og:image:width\" content=\"1280\" \/>\n\t<meta property=\"og:image:height\" content=\"600\" \/>\n\t<meta property=\"og:image:type\" content=\"image\/jpeg\" \/>\n<meta name=\"author\" content=\"Redacci\u00f3n Box Repsol\" \/>\n<meta name=\"twitter:card\" content=\"summary_large_image\" \/>\n<meta name=\"twitter:creator\" content=\"@https:\/\/twitter.com\/box_repsol\" \/>\n<meta name=\"twitter:site\" content=\"@box_repsol\" \/>\n<meta name=\"twitter:label1\" content=\"Written by\" \/>\n\t<meta name=\"twitter:data1\" content=\"Redacci\u00f3n Box Repsol\" \/>\n\t<meta name=\"twitter:label2\" content=\"Est. reading time\" \/>\n\t<meta name=\"twitter:data2\" content=\"3 minutos\" \/>\n<script type=\"application\/ld+json\" class=\"yoast-schema-graph\">{\"@context\":\"https:\\\/\\\/schema.org\",\"@graph\":[{\"@type\":\"Article\",\"@id\":\"https:\\\/\\\/www.boxrepsol.com\\\/es\\\/motogp\\\/resultados-de-los-entrenamientos-del-gp-de-austria-de-motogp\\\/#article\",\"isPartOf\":{\"@id\":\"https:\\\/\\\/www.boxrepsol.com\\\/es\\\/motogp\\\/resultados-de-los-entrenamientos-del-gp-de-austria-de-motogp\\\/\"},\"author\":{\"name\":\"Redacci\u00f3n Box Repsol\",\"@id\":\"https:\\\/\\\/www.boxrepsol.com\\\/es\\\/#\\\/schema\\\/person\\\/c5c2138f2cca251b0ad92b7086bb60b7\"},\"headline\":\"Resultados de los entrenamientos del GP de Austria de MotoGP\",\"datePublished\":\"2023-08-18T14:21:25+00:00\",\"dateModified\":\"2024-04-08T09:03:57+00:00\",\"mainEntityOfPage\":{\"@id\":\"https:\\\/\\\/www.boxrepsol.com\\\/es\\\/motogp\\\/resultados-de-los-entrenamientos-del-gp-de-austria-de-motogp\\\/\"},\"wordCount\":596,\"commentCount\":0,\"publisher\":{\"@id\":\"https:\\\/\\\/www.boxrepsol.com\\\/es\\\/#organization\"},\"image\":{\"@id\":\"https:\\\/\\\/www.boxrepsol.com\\\/es\\\/motogp\\\/resultados-de-los-entrenamientos-del-gp-de-austria-de-motogp\\\/#primaryimage\"},\"thumbnailUrl\":\"https:\\\/\\\/bxrepsol.s3.eu-west-1.amazonaws.com\\\/static\\\/2023\\\/08\\\/18094506\\\/JRB7135-copia.jpg\",\"keywords\":[\"2023\",\"Equipo Repsol Honda\",\"Joan Mir\",\"Marc M\u00e1rquez\",\"Repsol Honda Team\"],\"articleSection\":[\"MotoGP\"],\"inLanguage\":\"es\",\"potentialAction\":[{\"@type\":\"CommentAction\",\"name\":\"Comment\",\"target\":[\"https:\\\/\\\/www.boxrepsol.com\\\/es\\\/motogp\\\/resultados-de-los-entrenamientos-del-gp-de-austria-de-motogp\\\/#respond\"]}]},{\"@type\":\"WebPage\",\"@id\":\"https:\\\/\\\/www.boxrepsol.com\\\/es\\\/motogp\\\/resultados-de-los-entrenamientos-del-gp-de-austria-de-motogp\\\/\",\"url\":\"https:\\\/\\\/www.boxrepsol.com\\\/es\\\/motogp\\\/resultados-de-los-entrenamientos-del-gp-de-austria-de-motogp\\\/\",\"name\":\"Resultados de los entrenamientos del GP de Austria de MotoGP - Box Repsol\",\"isPartOf\":{\"@id\":\"https:\\\/\\\/www.boxrepsol.com\\\/es\\\/#website\"},\"primaryImageOfPage\":{\"@id\":\"https:\\\/\\\/www.boxrepsol.com\\\/es\\\/motogp\\\/resultados-de-los-entrenamientos-del-gp-de-austria-de-motogp\\\/#primaryimage\"},\"image\":{\"@id\":\"https:\\\/\\\/www.boxrepsol.com\\\/es\\\/motogp\\\/resultados-de-los-entrenamientos-del-gp-de-austria-de-motogp\\\/#primaryimage\"},\"thumbnailUrl\":\"https:\\\/\\\/bxrepsol.s3.eu-west-1.amazonaws.com\\\/static\\\/2023\\\/08\\\/18094506\\\/JRB7135-copia.jpg\",\"datePublished\":\"2023-08-18T14:21:25+00:00\",\"dateModified\":\"2024-04-08T09:03:57+00:00\",\"description\":\"Cr\u00f3nica y resultados de los entrenamientos del GP de Austria de MotoGP 2023, disputado en el Red Bull Ring.\",\"breadcrumb\":{\"@id\":\"https:\\\/\\\/www.boxrepsol.com\\\/es\\\/motogp\\\/resultados-de-los-entrenamientos-del-gp-de-austria-de-motogp\\\/#breadcrumb\"},\"inLanguage\":\"es\",\"potentialAction\":[{\"@type\":\"ReadAction\",\"target\":[\"https:\\\/\\\/www.boxrepsol.com\\\/es\\\/motogp\\\/resultados-de-los-entrenamientos-del-gp-de-austria-de-motogp\\\/\"]}]},{\"@type\":\"ImageObject\",\"inLanguage\":\"es\",\"@id\":\"https:\\\/\\\/www.boxrepsol.com\\\/es\\\/motogp\\\/resultados-de-los-entrenamientos-del-gp-de-austria-de-motogp\\\/#primaryimage\",\"url\":\"https:\\\/\\\/bxrepsol.s3.eu-west-1.amazonaws.com\\\/static\\\/2023\\\/08\\\/18094506\\\/JRB7135-copia.jpg\",\"contentUrl\":\"https:\\\/\\\/bxrepsol.s3.eu-west-1.amazonaws.com\\\/static\\\/2023\\\/08\\\/18094506\\\/JRB7135-copia.jpg\",\"width\":1280,\"height\":600},{\"@type\":\"BreadcrumbList\",\"@id\":\"https:\\\/\\\/www.boxrepsol.com\\\/es\\\/motogp\\\/resultados-de-los-entrenamientos-del-gp-de-austria-de-motogp\\\/#breadcrumb\",\"itemListElement\":[{\"@type\":\"ListItem\",\"position\":1,\"name\":\"Home\",\"item\":\"https:\\\/\\\/www.boxrepsol.com\\\/es\\\/\"},{\"@type\":\"ListItem\",\"position\":2,\"name\":\"Resultados de los entrenamientos del GP de Austria de MotoGP\"}]},{\"@type\":\"WebSite\",\"@id\":\"https:\\\/\\\/www.boxrepsol.com\\\/es\\\/#website\",\"url\":\"https:\\\/\\\/www.boxrepsol.com\\\/es\\\/\",\"name\":\"Box Repsol\",\"description\":\"Box Repsol Site\",\"publisher\":{\"@id\":\"https:\\\/\\\/www.boxrepsol.com\\\/es\\\/#organization\"},\"potentialAction\":[{\"@type\":\"SearchAction\",\"target\":{\"@type\":\"EntryPoint\",\"urlTemplate\":\"https:\\\/\\\/www.boxrepsol.com\\\/es\\\/?s={search_term_string}\"},\"query-input\":{\"@type\":\"PropertyValueSpecification\",\"valueRequired\":true,\"valueName\":\"search_term_string\"}}],\"inLanguage\":\"es\"},{\"@type\":\"Organization\",\"@id\":\"https:\\\/\\\/www.boxrepsol.com\\\/es\\\/#organization\",\"name\":\"Box Repsol\",\"url\":\"https:\\\/\\\/www.boxrepsol.com\\\/es\\\/\",\"logo\":{\"@type\":\"ImageObject\",\"inLanguage\":\"es\",\"@id\":\"https:\\\/\\\/www.boxrepsol.com\\\/es\\\/#\\\/schema\\\/logo\\\/image\\\/\",\"url\":\"https:\\\/\\\/bxrepsol.s3.eu-west-1.amazonaws.com\\\/static\\\/2025\\\/07\\\/30083337\\\/favicon-96x96-1.png\",\"contentUrl\":\"https:\\\/\\\/bxrepsol.s3.eu-west-1.amazonaws.com\\\/static\\\/2025\\\/07\\\/30083337\\\/favicon-96x96-1.png\",\"width\":96,\"height\":96,\"caption\":\"Box Repsol\"},\"image\":{\"@id\":\"https:\\\/\\\/www.boxrepsol.com\\\/es\\\/#\\\/schema\\\/logo\\\/image\\\/\"},\"sameAs\":[\"https:\\\/\\\/www.facebook.com\\\/BoxRepsol\",\"https:\\\/\\\/x.com\\\/box_repsol\",\"http:\\\/\\\/instagram.com\\\/box_repsol\",\"https:\\\/\\\/www.youtube.com\\\/user\\\/RepsolCompeticion\",\"https:\\\/\\\/www.flickr.com\\\/photos\\\/box_repsol\\\/\"]},{\"@type\":\"Person\",\"@id\":\"https:\\\/\\\/www.boxrepsol.com\\\/es\\\/#\\\/schema\\\/person\\\/c5c2138f2cca251b0ad92b7086bb60b7\",\"name\":\"Redacci\u00f3n Box Repsol\",\"image\":{\"@type\":\"ImageObject\",\"inLanguage\":\"es\",\"@id\":\"https:\\\/\\\/secure.gravatar.com\\\/avatar\\\/adf7b77e38b4419baf32c7e9c21dde01f4e40df611f0978e3006fc4ba0aaab7e?s=96&d=mm&r=g\",\"url\":\"https:\\\/\\\/secure.gravatar.com\\\/avatar\\\/adf7b77e38b4419baf32c7e9c21dde01f4e40df611f0978e3006fc4ba0aaab7e?s=96&d=mm&r=g\",\"contentUrl\":\"https:\\\/\\\/secure.gravatar.com\\\/avatar\\\/adf7b77e38b4419baf32c7e9c21dde01f4e40df611f0978e3006fc4ba0aaab7e?s=96&d=mm&r=g\",\"caption\":\"Redacci\u00f3n Box Repsol\"},\"description\":\"Box Repsol lo forma un equipo de periodistas, community managers, dise\u00f1adores y fot\u00f3grafos con m\u00e1s de 20 a\u00f1os de experiencia en el mundo del motorsport. Hemos vivido el primer mundial de un espa\u00f1ol en la categor\u00eda reina de motociclismo con \u00c1lex Crivill\u00e9, estuvimos en las victorias de Pedrosa y los t\u00edtulos de M\u00e1rquez, acompa\u00f1amos en \u00c1frica a Nani Roma y Marc Coma en sus conquistas del Dakar y hemos vibrado con los t\u00edtulos de Toni Bou en Trial. Adem\u00e1s, en nuestro equipo contamos con expertos en el mundo de las dos y cuatro ruedas tanto de la calle y las carreteras, como de los circuitos. Periodistas que han trabajado en revistas y publicaciones para hacerte llegar desde rutas y consejos de mantenimiento, a curiosidades y trucos de pilotaje.\",\"sameAs\":[\"https:\\\/\\\/www.facebook.com\\\/BoxRepsol\\\/\",\"https:\\\/\\\/www.instagram.com\\\/box_repsol\\\/\",\"https:\\\/\\\/x.com\\\/https:\\\/\\\/twitter.com\\\/box_repsol\",\"https:\\\/\\\/www.youtube.com\\\/@Boxrepsol\"],\"url\":\"https:\\\/\\\/www.boxrepsol.com\\\/es\\\/author\\\/redaccion-box-repsol\\\/\"}]}<\/script>\n<!-- \/ Yoast SEO plugin. -->","yoast_head_json":{"title":"Resultados de los entrenamientos del GP de Austria de MotoGP - Box Repsol","description":"Cr\u00f3nica y resultados de los entrenamientos del GP de Austria de MotoGP 2023, disputado en el Red Bull Ring.","canonical":"https:\/\/www.boxrepsol.com\/es\/motogp\/resultados-de-los-entrenamientos-del-gp-de-austria-de-motogp\/","og_locale":"es_ES","og_type":"article","og_title":"Resultados de los entrenamientos del GP de Austria de MotoGP - Box Repsol","og_description":"Cr\u00f3nica y resultados de los entrenamientos del GP de Austria de MotoGP 2023, disputado en el Red Bull Ring.","og_url":"https:\/\/www.boxrepsol.com\/es\/motogp\/resultados-de-los-entrenamientos-del-gp-de-austria-de-motogp\/","og_site_name":"Box Repsol","article_publisher":"https:\/\/www.facebook.com\/BoxRepsol","article_author":"https:\/\/www.facebook.com\/BoxRepsol\/","article_published_time":"2023-08-18T14:21:25+00:00","article_modified_time":"2024-04-08T09:03:57+00:00","og_image":[{"width":1280,"height":600,"url":"https:\/\/bxrepsol.s3.eu-west-1.amazonaws.com\/static\/2023\/08\/18094506\/JRB7135-copia.jpg","type":"image\/jpeg"}],"author":"Redacci\u00f3n Box Repsol","twitter_card":"summary_large_image","twitter_creator":"@https:\/\/twitter.com\/box_repsol","twitter_site":"@box_repsol","twitter_misc":{"Written by":"Redacci\u00f3n Box Repsol","Est. reading time":"3 minutos"},"schema":{"@context":"https:\/\/schema.org","@graph":[{"@type":"Article","@id":"https:\/\/www.boxrepsol.com\/es\/motogp\/resultados-de-los-entrenamientos-del-gp-de-austria-de-motogp\/#article","isPartOf":{"@id":"https:\/\/www.boxrepsol.com\/es\/motogp\/resultados-de-los-entrenamientos-del-gp-de-austria-de-motogp\/"},"author":{"name":"Redacci\u00f3n Box Repsol","@id":"https:\/\/www.boxrepsol.com\/es\/#\/schema\/person\/c5c2138f2cca251b0ad92b7086bb60b7"},"headline":"Resultados de los entrenamientos del GP de Austria de MotoGP","datePublished":"2023-08-18T14:21:25+00:00","dateModified":"2024-04-08T09:03:57+00:00","mainEntityOfPage":{"@id":"https:\/\/www.boxrepsol.com\/es\/motogp\/resultados-de-los-entrenamientos-del-gp-de-austria-de-motogp\/"},"wordCount":596,"commentCount":0,"publisher":{"@id":"https:\/\/www.boxrepsol.com\/es\/#organization"},"image":{"@id":"https:\/\/www.boxrepsol.com\/es\/motogp\/resultados-de-los-entrenamientos-del-gp-de-austria-de-motogp\/#primaryimage"},"thumbnailUrl":"https:\/\/bxrepsol.s3.eu-west-1.amazonaws.com\/static\/2023\/08\/18094506\/JRB7135-copia.jpg","keywords":["2023","Equipo Repsol Honda","Joan Mir","Marc M\u00e1rquez","Repsol Honda Team"],"articleSection":["MotoGP"],"inLanguage":"es","potentialAction":[{"@type":"CommentAction","name":"Comment","target":["https:\/\/www.boxrepsol.com\/es\/motogp\/resultados-de-los-entrenamientos-del-gp-de-austria-de-motogp\/#respond"]}]},{"@type":"WebPage","@id":"https:\/\/www.boxrepsol.com\/es\/motogp\/resultados-de-los-entrenamientos-del-gp-de-austria-de-motogp\/","url":"https:\/\/www.boxrepsol.com\/es\/motogp\/resultados-de-los-entrenamientos-del-gp-de-austria-de-motogp\/","name":"Resultados de los entrenamientos del GP de Austria de MotoGP - Box Repsol","isPartOf":{"@id":"https:\/\/www.boxrepsol.com\/es\/#website"},"primaryImageOfPage":{"@id":"https:\/\/www.boxrepsol.com\/es\/motogp\/resultados-de-los-entrenamientos-del-gp-de-austria-de-motogp\/#primaryimage"},"image":{"@id":"https:\/\/www.boxrepsol.com\/es\/motogp\/resultados-de-los-entrenamientos-del-gp-de-austria-de-motogp\/#primaryimage"},"thumbnailUrl":"https:\/\/bxrepsol.s3.eu-west-1.amazonaws.com\/static\/2023\/08\/18094506\/JRB7135-copia.jpg","datePublished":"2023-08-18T14:21:25+00:00","dateModified":"2024-04-08T09:03:57+00:00","description":"Cr\u00f3nica y resultados de los entrenamientos del GP de Austria de MotoGP 2023, disputado en el Red Bull Ring.","breadcrumb":{"@id":"https:\/\/www.boxrepsol.com\/es\/motogp\/resultados-de-los-entrenamientos-del-gp-de-austria-de-motogp\/#breadcrumb"},"inLanguage":"es","potentialAction":[{"@type":"ReadAction","target":["https:\/\/www.boxrepsol.com\/es\/motogp\/resultados-de-los-entrenamientos-del-gp-de-austria-de-motogp\/"]}]},{"@type":"ImageObject","inLanguage":"es","@id":"https:\/\/www.boxrepsol.com\/es\/motogp\/resultados-de-los-entrenamientos-del-gp-de-austria-de-motogp\/#primaryimage","url":"https:\/\/bxrepsol.s3.eu-west-1.amazonaws.com\/static\/2023\/08\/18094506\/JRB7135-copia.jpg","contentUrl":"https:\/\/bxrepsol.s3.eu-west-1.amazonaws.com\/static\/2023\/08\/18094506\/JRB7135-copia.jpg","width":1280,"height":600},{"@type":"BreadcrumbList","@id":"https:\/\/www.boxrepsol.com\/es\/motogp\/resultados-de-los-entrenamientos-del-gp-de-austria-de-motogp\/#breadcrumb","itemListElement":[{"@type":"ListItem","position":1,"name":"Home","item":"https:\/\/www.boxrepsol.com\/es\/"},{"@type":"ListItem","position":2,"name":"Resultados de los entrenamientos del GP de Austria de MotoGP"}]},{"@type":"WebSite","@id":"https:\/\/www.boxrepsol.com\/es\/#website","url":"https:\/\/www.boxrepsol.com\/es\/","name":"Box Repsol","description":"Box Repsol Site","publisher":{"@id":"https:\/\/www.boxrepsol.com\/es\/#organization"},"potentialAction":[{"@type":"SearchAction","target":{"@type":"EntryPoint","urlTemplate":"https:\/\/www.boxrepsol.com\/es\/?s={search_term_string}"},"query-input":{"@type":"PropertyValueSpecification","valueRequired":true,"valueName":"search_term_string"}}],"inLanguage":"es"},{"@type":"Organization","@id":"https:\/\/www.boxrepsol.com\/es\/#organization","name":"Box Repsol","url":"https:\/\/www.boxrepsol.com\/es\/","logo":{"@type":"ImageObject","inLanguage":"es","@id":"https:\/\/www.boxrepsol.com\/es\/#\/schema\/logo\/image\/","url":"https:\/\/bxrepsol.s3.eu-west-1.amazonaws.com\/static\/2025\/07\/30083337\/favicon-96x96-1.png","contentUrl":"https:\/\/bxrepsol.s3.eu-west-1.amazonaws.com\/static\/2025\/07\/30083337\/favicon-96x96-1.png","width":96,"height":96,"caption":"Box Repsol"},"image":{"@id":"https:\/\/www.boxrepsol.com\/es\/#\/schema\/logo\/image\/"},"sameAs":["https:\/\/www.facebook.com\/BoxRepsol","https:\/\/x.com\/box_repsol","http:\/\/instagram.com\/box_repsol","https:\/\/www.youtube.com\/user\/RepsolCompeticion","https:\/\/www.flickr.com\/photos\/box_repsol\/"]},{"@type":"Person","@id":"https:\/\/www.boxrepsol.com\/es\/#\/schema\/person\/c5c2138f2cca251b0ad92b7086bb60b7","name":"Redacci\u00f3n Box Repsol","image":{"@type":"ImageObject","inLanguage":"es","@id":"https:\/\/secure.gravatar.com\/avatar\/adf7b77e38b4419baf32c7e9c21dde01f4e40df611f0978e3006fc4ba0aaab7e?s=96&d=mm&r=g","url":"https:\/\/secure.gravatar.com\/avatar\/adf7b77e38b4419baf32c7e9c21dde01f4e40df611f0978e3006fc4ba0aaab7e?s=96&d=mm&r=g","contentUrl":"https:\/\/secure.gravatar.com\/avatar\/adf7b77e38b4419baf32c7e9c21dde01f4e40df611f0978e3006fc4ba0aaab7e?s=96&d=mm&r=g","caption":"Redacci\u00f3n Box Repsol"},"description":"Box Repsol lo forma un equipo de periodistas, community managers, dise\u00f1adores y fot\u00f3grafos con m\u00e1s de 20 a\u00f1os de experiencia en el mundo del motorsport. Hemos vivido el primer mundial de un espa\u00f1ol en la categor\u00eda reina de motociclismo con \u00c1lex Crivill\u00e9, estuvimos en las victorias de Pedrosa y los t\u00edtulos de M\u00e1rquez, acompa\u00f1amos en \u00c1frica a Nani Roma y Marc Coma en sus conquistas del Dakar y hemos vibrado con los t\u00edtulos de Toni Bou en Trial. Adem\u00e1s, en nuestro equipo contamos con expertos en el mundo de las dos y cuatro ruedas tanto de la calle y las carreteras, como de los circuitos. Periodistas que han trabajado en revistas y publicaciones para hacerte llegar desde rutas y consejos de mantenimiento, a curiosidades y trucos de pilotaje.","sameAs":["https:\/\/www.facebook.com\/BoxRepsol\/","https:\/\/www.instagram.com\/box_repsol\/","https:\/\/x.com\/https:\/\/twitter.com\/box_repsol","https:\/\/www.youtube.com\/@Boxrepsol"],"url":"https:\/\/www.boxrepsol.com\/es\/author\/redaccion-box-repsol\/"}]}},"_links":{"self":[{"href":"https:\/\/www.boxrepsol.com\/es\/wp-json\/wp\/v2\/posts\/104635","targetHints":{"allow":["GET"]}}],"collection":[{"href":"https:\/\/www.boxrepsol.com\/es\/wp-json\/wp\/v2\/posts"}],"about":[{"href":"https:\/\/www.boxrepsol.com\/es\/wp-json\/wp\/v2\/types\/post"}],"author":[{"embeddable":true,"href":"https:\/\/www.boxrepsol.com\/es\/wp-json\/wp\/v2\/users\/43146"}],"replies":[{"embeddable":true,"href":"https:\/\/www.boxrepsol.com\/es\/wp-json\/wp\/v2\/comments?post=104635"}],"version-history":[{"count":7,"href":"https:\/\/www.boxrepsol.com\/es\/wp-json\/wp\/v2\/posts\/104635\/revisions"}],"predecessor-version":[{"id":118310,"href":"https:\/\/www.boxrepsol.com\/es\/wp-json\/wp\/v2\/posts\/104635\/revisions\/118310"}],"wp:featuredmedia":[{"embeddable":true,"href":"https:\/\/www.boxrepsol.com\/es\/wp-json\/wp\/v2\/media\/104636"}],"wp:attachment":[{"href":"https:\/\/www.boxrepsol.com\/es\/wp-json\/wp\/v2\/media?parent=104635"}],"wp:term":[{"taxonomy":"category","embeddable":true,"href":"https:\/\/www.boxrepsol.com\/es\/wp-json\/wp\/v2\/categories?post=104635"},{"taxonomy":"post_tag","embeddable":true,"href":"https:\/\/www.boxrepsol.com\/es\/wp-json\/wp\/v2\/tags?post=104635"}],"curies":[{"name":"wp","href":"https:\/\/api.w.org\/{rel}","templated":true}]}}