{"id":104186,"date":"2023-07-25T08:20:35","date_gmt":"2023-07-25T10:20:35","guid":{"rendered":"https:\/\/www.boxrepsol.com\/?p=104186"},"modified":"2025-06-26T08:12:54","modified_gmt":"2025-06-26T10:12:54","slug":"ruta-de-la-plata-en-moto-asi-es-la-ruta-66-iberica","status":"publish","type":"post","link":"https:\/\/www.boxrepsol.com\/es\/vive-tu-moto\/ruta-de-la-plata-en-moto-asi-es-la-ruta-66-iberica\/","title":{"rendered":"Ruta de la plata en moto"},"content":{"rendered":"\n<p><\/p>\n\n\n<figure class=\"wp-block-post-featured-image\"><img loading=\"lazy\" decoding=\"async\" width=\"6340\" height=\"2972\" src=\"https:\/\/bxrepsol.s3.eu-west-1.amazonaws.com\/static\/2023\/07\/24100308\/apertura.png\" class=\"attachment-post-thumbnail size-post-thumbnail wp-post-image\" alt=\"Ruta en moto por V\u00eda de la Plata\" style=\"object-fit:cover;\" srcset=\"https:\/\/bxrepsol.s3.eu-west-1.amazonaws.com\/static\/2023\/07\/24100308\/apertura.png 6340w, https:\/\/bxrepsol.s3.eu-west-1.amazonaws.com\/static\/2023\/07\/24100308\/apertura-300x141.png 300w, https:\/\/bxrepsol.s3.eu-west-1.amazonaws.com\/static\/2023\/07\/24100308\/apertura-1024x480.png 1024w, https:\/\/bxrepsol.s3.eu-west-1.amazonaws.com\/static\/2023\/07\/24100308\/apertura-768x360.png 768w, https:\/\/bxrepsol.s3.eu-west-1.amazonaws.com\/static\/2023\/07\/24100308\/apertura-1536x720.png 1536w, https:\/\/bxrepsol.s3.eu-west-1.amazonaws.com\/static\/2023\/07\/24100308\/apertura-2048x960.png 2048w\" sizes=\"auto, (max-width: 6340px) 100vw, 6340px\" \/><\/figure>\n\n\n<p>La <strong>V\u00eda de la Plata<\/strong> recorre la Autov\u00eda A-66, cubre el trayecto entre las ciudades <strong>de Sevilla y Gij\u00f3n<\/strong> en ambos sentidos. Su origen proviene de una <strong>ruta hist\u00f3rica que fue construida por los romanos <\/strong>entre M\u00e9rida (Badajoz) y Astorga (Le\u00f3n) <strong>hace cerca de 3.000 a\u00f1os. <\/strong>Tal y como pasa con la <a href=\"https:\/\/www.boxrepsol.com\/es\/vive-tu-moto\/cual-es-la-mejor-manera-de-hacer-la-ruta-66\/\">Route 66 americana<\/a>, es un itinerario que atraviesa todo el pa\u00eds, y como con su hom\u00f3loga estadounidense, est\u00e1 se\u00f1alizada con el n\u00famero 66. \u00bfCasualidad?<\/p>\n\n\n\n<p><strong><div id=\"ez-toc-container\" class=\"ez-toc-v2_0_82_2 counter-hierarchy ez-toc-counter ez-toc-grey ez-toc-container-direction\">\n<div class=\"ez-toc-title-container\">\n<p class=\"ez-toc-title\" style=\"cursor:inherit\">\u00cdndice<\/p>\n<span class=\"ez-toc-title-toggle\"><a href=\"#\" class=\"ez-toc-pull-right ez-toc-btn ez-toc-btn-xs ez-toc-btn-default ez-toc-toggle\" aria-label=\"Toggle Table of Content\"><span class=\"ez-toc-js-icon-con\"><span class=\"\"><span class=\"eztoc-hide\" style=\"display:none;\">Toggle<\/span><span class=\"ez-toc-icon-toggle-span\"><svg style=\"fill: #999;color:#999\" xmlns=\"http:\/\/www.w3.org\/2000\/svg\" class=\"list-377408\" width=\"20px\" height=\"20px\" viewBox=\"0 0 24 24\" fill=\"none\"><path d=\"M6 6H4v2h2V6zm14 0H8v2h12V6zM4 11h2v2H4v-2zm16 0H8v2h12v-2zM4 16h2v2H4v-2zm16 0H8v2h12v-2z\" fill=\"currentColor\"><\/path><\/svg><svg style=\"fill: #999;color:#999\" class=\"arrow-unsorted-368013\" xmlns=\"http:\/\/www.w3.org\/2000\/svg\" width=\"10px\" height=\"10px\" viewBox=\"0 0 24 24\" version=\"1.2\" baseProfile=\"tiny\"><path d=\"M18.2 9.3l-6.2-6.3-6.2 6.3c-.2.2-.3.4-.3.7s.1.5.3.7c.2.2.4.3.7.3h11c.3 0 .5-.1.7-.3.2-.2.3-.5.3-.7s-.1-.5-.3-.7zM5.8 14.7l6.2 6.3 6.2-6.3c.2-.2.3-.5.3-.7s-.1-.5-.3-.7c-.2-.2-.4-.3-.7-.3h-11c-.3 0-.5.1-.7.3-.2.2-.3.5-.3.7s.1.5.3.7z\"\/><\/svg><\/span><\/span><\/span><\/a><\/span><\/div>\n<nav><ul class='ez-toc-list ez-toc-list-level-1 ' ><li class='ez-toc-page-1 ez-toc-heading-level-2'><a class=\"ez-toc-link ez-toc-heading-1\" href=\"https:\/\/www.boxrepsol.com\/es\/vive-tu-moto\/ruta-de-la-plata-en-moto-asi-es-la-ruta-66-iberica\/#Mapa_de_la_ruta_de_la_plata\" >Mapa de la ruta de la plata<\/a><\/li><li class='ez-toc-page-1 ez-toc-heading-level-2'><a class=\"ez-toc-link ez-toc-heading-2\" href=\"https:\/\/www.boxrepsol.com\/es\/vive-tu-moto\/ruta-de-la-plata-en-moto-asi-es-la-ruta-66-iberica\/#Origen_de_la_Ruta_de_la_Plata\" >Origen de la Ruta de la Plata<\/a><\/li><li class='ez-toc-page-1 ez-toc-heading-level-2'><a class=\"ez-toc-link ez-toc-heading-3\" href=\"https:\/\/www.boxrepsol.com\/es\/vive-tu-moto\/ruta-de-la-plata-en-moto-asi-es-la-ruta-66-iberica\/#%C2%BFPor_que_se_llama_Ruta_de_la_Plata\" >\u00bfPor qu\u00e9 se llama Ruta de la Plata?<\/a><\/li><li class='ez-toc-page-1 ez-toc-heading-level-2'><a class=\"ez-toc-link ez-toc-heading-4\" href=\"https:\/\/www.boxrepsol.com\/es\/vive-tu-moto\/ruta-de-la-plata-en-moto-asi-es-la-ruta-66-iberica\/#%C2%BFCual_es_el_recorrido_de_la_Ruta_de_la_Plata\" >\u00bfCu\u00e1l es el recorrido de la Ruta de la Plata?<\/a><\/li><li class='ez-toc-page-1 ez-toc-heading-level-2'><a class=\"ez-toc-link ez-toc-heading-5\" href=\"https:\/\/www.boxrepsol.com\/es\/vive-tu-moto\/ruta-de-la-plata-en-moto-asi-es-la-ruta-66-iberica\/#Etapas_de_la_Ruta_de_la_Plata_en_moto\" >Etapas de la Ruta de la Plata en moto<\/a><ul class='ez-toc-list-level-3' ><li class='ez-toc-heading-level-3'><a class=\"ez-toc-link ez-toc-heading-6\" href=\"https:\/\/www.boxrepsol.com\/es\/vive-tu-moto\/ruta-de-la-plata-en-moto-asi-es-la-ruta-66-iberica\/#Etapa_1_Salimos_de_Sevilla\" >Etapa 1: Salimos de Sevilla<\/a><\/li><li class='ez-toc-page-1 ez-toc-heading-level-3'><a class=\"ez-toc-link ez-toc-heading-7\" href=\"https:\/\/www.boxrepsol.com\/es\/vive-tu-moto\/ruta-de-la-plata-en-moto-asi-es-la-ruta-66-iberica\/#Etapa_2_Extremadura_Caceres_%E2%80%93_Zamora_270_km\" >Etapa 2:&nbsp; Extremadura (C\u00e1ceres &#8211; Zamora: 270 km)<\/a><\/li><li class='ez-toc-page-1 ez-toc-heading-level-3'><a class=\"ez-toc-link ez-toc-heading-8\" href=\"https:\/\/www.boxrepsol.com\/es\/vive-tu-moto\/ruta-de-la-plata-en-moto-asi-es-la-ruta-66-iberica\/#Etapa_3_Zamora_%E2%80%93_Gijon_270_km\" >Etapa 3: Zamora &#8211; Gij\u00f3n (270 km)<\/a><\/li><\/ul><\/li><li class='ez-toc-page-1 ez-toc-heading-level-2'><a class=\"ez-toc-link ez-toc-heading-9\" href=\"https:\/\/www.boxrepsol.com\/es\/vive-tu-moto\/ruta-de-la-plata-en-moto-asi-es-la-ruta-66-iberica\/#%C2%BFCuanto_se_tarda_en_hacer_la_Ruta_de_la_Plata_en_moto\" >\u00bfCu\u00e1nto se tarda en hacer la Ruta de la Plata en moto?<\/a><\/li><li class='ez-toc-page-1 ez-toc-heading-level-2'><a class=\"ez-toc-link ez-toc-heading-10\" href=\"https:\/\/www.boxrepsol.com\/es\/vive-tu-moto\/ruta-de-la-plata-en-moto-asi-es-la-ruta-66-iberica\/#Consejos_para_hacer_la_Ruta_de_la_Plata_en_moto\" >Consejos para hacer la Ruta de la Plata en moto<\/a><\/li><\/ul><\/nav><\/div>\n<\/strong><\/p>\n\n\n\n<h2 class=\"wp-block-heading\"><span class=\"ez-toc-section\" id=\"Mapa_de_la_ruta_de_la_plata\"><\/span>Mapa de la ruta de la plata <span class=\"ez-toc-section-end\"><\/span><\/h2>\n\n\n\n<p><\/p>\n\n\n\n<figure class=\"wp-block-image size-large is-resized\"><img loading=\"lazy\" decoding=\"async\" width=\"1024\" height=\"620\" src=\"https:\/\/bxrepsol.s3.eu-west-1.amazonaws.com\/static\/2023\/07\/25054745\/Foto-1-apertura-1024x620.png\" alt=\"Mapa de la ruta de la plata\" class=\"wp-image-104190\" style=\"width:840px;height:508px\" srcset=\"https:\/\/bxrepsol.s3.eu-west-1.amazonaws.com\/static\/2023\/07\/25054745\/Foto-1-apertura-1024x620.png 1024w, https:\/\/bxrepsol.s3.eu-west-1.amazonaws.com\/static\/2023\/07\/25054745\/Foto-1-apertura-300x182.png 300w, https:\/\/bxrepsol.s3.eu-west-1.amazonaws.com\/static\/2023\/07\/25054745\/Foto-1-apertura-768x465.png 768w, https:\/\/bxrepsol.s3.eu-west-1.amazonaws.com\/static\/2023\/07\/25054745\/Foto-1-apertura.png 1280w\" sizes=\"auto, (max-width: 1024px) 100vw, 1024px\" \/><\/figure>\n\n\n\n<p>Lo cierto es que <strong>hoy en d\u00eda el trazado de esta ruta ha cambiado<\/strong> con respecto al del imperio Romano y es m\u00e1s largo, pero conserva el nombre y su entorno est\u00e1 plagado de lugares de gran atractivo tur\u00edstico. Es un <strong>recorrido que podemos realizar en moto de m\u00e1s de 800 km<\/strong> que cruza de sur a norte \u2013o viceversa\u2013 gran parte del oeste de Espa\u00f1a, y discurre por <strong>cuatro comunidades aut\u00f3nomas y siete provincias.<\/strong> El entorno de la ruta de la plata cuenta con importantes vestigios arqueol\u00f3gicos, fruto del paso de diferentes culturas a lo largo de los siglos, y posee un importante patrimonio cultural y art\u00edstico. Del mismo modo, es un recorrido por la <a href=\"https:\/\/www.guiarepsol.com\/es\/\" target=\"_blank\" rel=\"noreferrer noopener\">gastronom\u00eda espa\u00f1ola<\/a> y por la gran variedad de paisajes que podemos encontrar en la pen\u00ednsula ib\u00e9rica.<\/p>\n\n\n\n<figure class=\"wp-block-image size-large\"><img loading=\"lazy\" decoding=\"async\" width=\"1024\" height=\"653\" src=\"https:\/\/bxrepsol.s3.eu-west-1.amazonaws.com\/static\/2023\/07\/25055331\/Foto-2-1-1024x653.jpg\" alt=\"Autov\u00eda Ruta de la Plata\" class=\"wp-image-104192\" srcset=\"https:\/\/bxrepsol.s3.eu-west-1.amazonaws.com\/static\/2023\/07\/25055331\/Foto-2-1-1024x653.jpg 1024w, https:\/\/bxrepsol.s3.eu-west-1.amazonaws.com\/static\/2023\/07\/25055331\/Foto-2-1-300x191.jpg 300w, https:\/\/bxrepsol.s3.eu-west-1.amazonaws.com\/static\/2023\/07\/25055331\/Foto-2-1-768x490.jpg 768w, https:\/\/bxrepsol.s3.eu-west-1.amazonaws.com\/static\/2023\/07\/25055331\/Foto-2-1.jpg 1054w\" sizes=\"auto, (max-width: 1024px) 100vw, 1024px\" \/><\/figure>\n\n\n\n<h2 class=\"wp-block-heading\"><span class=\"ez-toc-section\" id=\"Origen_de_la_Ruta_de_la_Plata\"><\/span><strong>Origen de la Ruta de la Plata<\/strong><span class=\"ez-toc-section-end\"><\/span><\/h2>\n\n\n\n<p>Las primeras noticias acerca de esta ruta datan del <strong>siglo VII a.C<\/strong>. En aquellos tiempos, <strong>se trataba de una calzada romana<\/strong> que un\u00eda las ciudades de <strong>M\u00e9rida <\/strong>(Emerita Augusta) con <strong>Astorga <\/strong>(Asturica Augusta). Desde estas localidades, part\u00edan otras v\u00edas que las comunicaban m\u00e1s al sur con Sevilla y m\u00e1s al norte con Gij\u00f3n. Su recorrido <strong>fue trazado por los romanos<\/strong> <strong>con fines militares y comerciales<\/strong>. Por ella circularon tropas, comerciantes, pastores, viajeros y muchas mercanc\u00edas, lo que favoreci\u00f3 la difusi\u00f3n de la cultura romana por la pen\u00ednsula ib\u00e9rica, que en aquellos tiempos pertenec\u00eda en gran parte al Imperio Romano.<\/p>\n\n\n\n<figure class=\"wp-block-image size-large\"><img loading=\"lazy\" decoding=\"async\" width=\"1024\" height=\"582\" src=\"https:\/\/bxrepsol.s3.eu-west-1.amazonaws.com\/static\/2023\/07\/25055414\/Foto-3-2-1024x582.jpg\" alt=\"Estructura romana en la V\u00eda de la Plata\" class=\"wp-image-104194\" srcset=\"https:\/\/bxrepsol.s3.eu-west-1.amazonaws.com\/static\/2023\/07\/25055414\/Foto-3-2-1024x582.jpg 1024w, https:\/\/bxrepsol.s3.eu-west-1.amazonaws.com\/static\/2023\/07\/25055414\/Foto-3-2-300x171.jpg 300w, https:\/\/bxrepsol.s3.eu-west-1.amazonaws.com\/static\/2023\/07\/25055414\/Foto-3-2-768x437.jpg 768w, https:\/\/bxrepsol.s3.eu-west-1.amazonaws.com\/static\/2023\/07\/25055414\/Foto-3-2.jpg 1280w\" sizes=\"auto, (max-width: 1024px) 100vw, 1024px\" \/><\/figure>\n\n\n\n<p>La entonces denominada V\u00eda de la Plata se sigui\u00f3 utilizando durante mucho tiempo con los mismos fines y fue realmente <strong>importante en la Edad Media, entre los siglos V y XV<\/strong>, cuando musulmanes y cristianos estuvieron asentados en nuestra Pen\u00ednsula, compartiendo territorios y culturas. Inicialmente las calzadas romanas se constru\u00edan excavando el terreno, rellen\u00e1ndolo posteriormente con mezclas de tierra y piedras que creaban una base s\u00f3lida. \u00c9sta se cubr\u00eda luego con una \u00faltima capa formada por losas grandes que era muy duradera y que <strong>en muchos lugares ha perdurado hasta nuestros d\u00edas.<\/strong> Para realizar estos caminos en lugares de dif\u00edcil relieve se tuvieron que levantar muros de contenci\u00f3n, denominados calzos, y de ah\u00ed deriv\u00f3 el t\u00e9rmino calzada.<\/p>\n\n\n\n<p>Tambi\u00e9n se construyeron muchos puentes para salvar el paso de arroyos y r\u00edos, la mayor\u00eda con uno o varios arcos muy caracter\u00edsticos, algunos de los cuales todav\u00eda son utilizados en la actualidad.<\/p>\n\n\n\n<figure class=\"wp-block-image size-large\"><img loading=\"lazy\" decoding=\"async\" width=\"1024\" height=\"678\" src=\"https:\/\/bxrepsol.s3.eu-west-1.amazonaws.com\/static\/2023\/07\/25055506\/Foto-5-1-1024x678.jpg\" alt=\"Puente Anas, sobre el r\u00edo Guadiana\" class=\"wp-image-104198\" srcset=\"https:\/\/bxrepsol.s3.eu-west-1.amazonaws.com\/static\/2023\/07\/25055506\/Foto-5-1-1024x678.jpg 1024w, https:\/\/bxrepsol.s3.eu-west-1.amazonaws.com\/static\/2023\/07\/25055506\/Foto-5-1-300x199.jpg 300w, https:\/\/bxrepsol.s3.eu-west-1.amazonaws.com\/static\/2023\/07\/25055506\/Foto-5-1-768x508.jpg 768w, https:\/\/bxrepsol.s3.eu-west-1.amazonaws.com\/static\/2023\/07\/25055506\/Foto-5-1-1536x1017.jpg 1536w, https:\/\/bxrepsol.s3.eu-west-1.amazonaws.com\/static\/2023\/07\/25055506\/Foto-5-1.jpg 1600w\" sizes=\"auto, (max-width: 1024px) 100vw, 1024px\" \/><\/figure>\n\n\n\n<h2 class=\"wp-block-heading\"><span class=\"ez-toc-section\" id=\"%C2%BFPor_que_se_llama_Ruta_de_la_Plata\"><\/span><strong>\u00bfPor qu\u00e9 se llama Ruta de la Plata?<\/strong><span class=\"ez-toc-section-end\"><\/span><\/h2>\n\n\n\n<p>La <strong>V\u00eda de la Plata<\/strong> <strong>no debe su nombre al metal<\/strong> <strong>precioso<\/strong> que incluye su denominaci\u00f3n, pues en lat\u00edn se dice <em>\u201cargenti\u201d<\/em>. Su nombre es debido a una deformaci\u00f3n fon\u00e9tica de la palabra \u00e1rabe <em>\u201cbalat\u201d, <\/em>cuyo significado es <strong>\u201ccamino empedrado\u201d.<\/strong><\/p>\n\n\n\n<figure class=\"wp-block-image size-large\"><img loading=\"lazy\" decoding=\"async\" width=\"1024\" height=\"576\" src=\"https:\/\/bxrepsol.s3.eu-west-1.amazonaws.com\/static\/2023\/07\/25055545\/Foto-6-1024x576.webp\" alt=\"Camino empedrado durante el transcurso de la Ruta de la Plata\" class=\"wp-image-104200\" srcset=\"https:\/\/bxrepsol.s3.eu-west-1.amazonaws.com\/static\/2023\/07\/25055545\/Foto-6-1024x576.webp 1024w, https:\/\/bxrepsol.s3.eu-west-1.amazonaws.com\/static\/2023\/07\/25055545\/Foto-6-300x169.webp 300w, https:\/\/bxrepsol.s3.eu-west-1.amazonaws.com\/static\/2023\/07\/25055545\/Foto-6-768x432.webp 768w, https:\/\/bxrepsol.s3.eu-west-1.amazonaws.com\/static\/2023\/07\/25055545\/Foto-6-1536x864.webp 1536w, https:\/\/bxrepsol.s3.eu-west-1.amazonaws.com\/static\/2023\/07\/25055545\/Foto-6.webp 1900w\" sizes=\"auto, (max-width: 1024px) 100vw, 1024px\" \/><\/figure>\n\n\n\n<h2 class=\"wp-block-heading\"><span class=\"ez-toc-section\" id=\"%C2%BFCual_es_el_recorrido_de_la_Ruta_de_la_Plata\"><\/span><strong>\u00bfCu\u00e1l es el recorrido de la Ruta de la Plata?<\/strong><span class=\"ez-toc-section-end\"><\/span><\/h2>\n\n\n\n<p>De sur a norte, la actual <strong>autov\u00eda de la Plata<\/strong> discurre por las Comunidades de <strong>Andaluc\u00eda, Extremadura, Castilla y Le\u00f3n, y Asturias<\/strong>. Adem\u00e1s pasa junto a capitales de provincias con una gran riqueza cultural y art\u00edstica, y multitud de pueblos de indudable inter\u00e9s tur\u00edstico, en muchos de los cuales a\u00fan se conservan vestigios de la calzada romana original. El <strong>itinerario de la ruta de la plata en moto<\/strong> permite conocer la rica historia de esta parte de Espa\u00f1a, y al mismo tiempo disfrutar con su amplia diversidad cultural y gastron\u00f3mica.<\/p>\n\n\n\n<p>Como la mayor\u00eda de los itinerarios que acaban en un punto y terminan en otro, <strong>la V\u00eda de la Plata se puede hacer en ambos sentidos. <\/strong>En esta ocasi\u00f3n vamos a empezar el <strong>recorrido desde Andaluc\u00eda<\/strong>, haciendo noche en Sevilla, para luego emprender rumbo hacia el norte y, despu\u00e9s de tres d\u00edas, terminar en el Principado de Asturias.<\/p>\n\n\n\n<p>De sur a norte, las localidades m\u00e1s destacadas por las que transcurre son<strong> Sevilla, Zafra, Almendralejo, M\u00e9rida, C\u00e1ceres, Plasencia, B\u00e9jar, Salamanca, Zamora, Benavente, Le\u00f3n, Mieres, Oviedo y Gij\u00f3n.<\/strong> En la actualidad est\u00e1 en servicio todo su recorrido, siendo de peaje el tramo que une la capital de Le\u00f3n con la localidad asturiana de Campomanes, tambi\u00e9n conocido como autopista del Huerna. Esta es una revirada autopista \u201cde monta\u00f1a\u201d que <strong>cuenta con un espectacular puente sobre el pantano de Barrios de Luna<\/strong> y varios t\u00faneles, siendo el del Negr\u00f3n el m\u00e1s largo.<\/p>\n\n\n\n<p>Al recorrerlo <strong>es habitual que la meteorolog\u00eda cambie por completo en sus poco m\u00e1s de 4 km<\/strong>, entrando con sol por el lado leon\u00e9s, y saliendo con lluvia y niebla por el asturiano. Est\u00e1 claro que Espa\u00f1a es un pa\u00eds de contrastes y los distintos paisajes que podemos admirar desde que empezamos en Sevilla hasta que terminamos en Gij\u00f3n, as\u00ed lo confirman.<\/p>\n\n\n\n<h2 class=\"wp-block-heading\"><span class=\"ez-toc-section\" id=\"Etapas_de_la_Ruta_de_la_Plata_en_moto\"><\/span>Etapas de la Ruta de la Plata en moto<span class=\"ez-toc-section-end\"><\/span><\/h2>\n\n\n\n<p>Antes de comenzar la<strong> Ruta de la Plata en moto<\/strong> podemos hacer noche en el barrio sevillano de Triana, en alguno de los distintos alojamientos que se ubican junto al r\u00edo Guadalquivir. Antes de irnos a dormir, <strong>es recomendable que demos un paseo caminando por la calle Betis<\/strong>, repleta de bares, restaurantes y tablaos flamencos. Tambi\u00e9n podemos admirar las tiendas en las que venden la t\u00edpica cer\u00e1mica de Triana, aunque si vamos en moto, ser\u00e1 mejor pensar bien <a href=\"https:\/\/www.boxrepsol.com\/es\/vive-tu-moto\/como-llevar-tu-equipaje-en-moto\/\">c\u00f3mo llevar tu equipaje en moto<\/a>, porque este tipo de artesan\u00eda es delicada.<\/p>\n\n\n\n<p>Si tenemos tiempo, tambi\u00e9n es aconsejable hacer un recorrido a pie por la Torre del Oro, la Plaza de Espa\u00f1a, la Giralda y el Real Alc\u00e1zar, que no distan demasiado del barrio de Triana. Y hablando de comidas t\u00edpicas, no podemos dejar de probar el \u201cpescaito\u201d frito o las croquetas de sabores variados en alguna de las muchas terrazas de la zona.<\/p>\n\n\n\n<figure class=\"wp-block-image size-large\"><img loading=\"lazy\" decoding=\"async\" width=\"1024\" height=\"510\" src=\"https:\/\/bxrepsol.s3.eu-west-1.amazonaws.com\/static\/2023\/07\/25055804\/Foto-9-1-1024x510.jpg\" alt=\"El r\u00edo Guadalquivir a su paso por Triana, Sevilla\" class=\"wp-image-104204\" srcset=\"https:\/\/bxrepsol.s3.eu-west-1.amazonaws.com\/static\/2023\/07\/25055804\/Foto-9-1-1024x510.jpg 1024w, https:\/\/bxrepsol.s3.eu-west-1.amazonaws.com\/static\/2023\/07\/25055804\/Foto-9-1-300x149.jpg 300w, https:\/\/bxrepsol.s3.eu-west-1.amazonaws.com\/static\/2023\/07\/25055804\/Foto-9-1-768x382.jpg 768w, https:\/\/bxrepsol.s3.eu-west-1.amazonaws.com\/static\/2023\/07\/25055804\/Foto-9-1-1536x765.jpg 1536w, https:\/\/bxrepsol.s3.eu-west-1.amazonaws.com\/static\/2023\/07\/25055804\/Foto-9-1-2048x1020.jpg 2048w\" sizes=\"auto, (max-width: 1024px) 100vw, 1024px\" \/><figcaption class=\"wp-element-caption\">Foto: <a href=\"https:\/\/www.espanaguide.com\/es\/sevilla\/plaza-de-espana\/\" target=\"_blank\" rel=\"noreferrer noopener\">https:\/\/www.espanaguide.com\/es\/sevilla\/plaza-de-espana\/<\/a><\/figcaption><\/figure>\n\n\n\n<h3 class=\"wp-block-heading\"><span class=\"ez-toc-section\" id=\"Etapa_1_Salimos_de_Sevilla\"><\/span><strong>Etapa 1: Salimos de Sevilla<\/strong><span class=\"ez-toc-section-end\"><\/span><\/h3>\n\n\n\n<p>Tras despertarnos, <strong>comenzamos la Ruta V\u00eda de la Plata en moto <\/strong>con rumbo a la ciudad de C\u00e1ceres, situada a 262 km, para pasar all\u00ed la segunda noche. Su Parador Nacional, construido sobre el antiguo Palacio de Torreogaz, es un<strong> sitio que merece la pena para alojarse<\/strong>. Dispone de habitaciones dobles que cuestan poco m\u00e1s de 100 \u20ac incluyendo desayuno. Antes de llegar a C\u00e1ceres, podemos hacer <strong>paradas en las localidades de Zafra, Almedralejo o M\u00e9rida<\/strong>, e incluso en Guadalupe, algo m\u00e1s apartada de la ruta. De este modo no pasaremos por alto los patios y las coloridas fachadas de Zafra, la ciudad romana de M\u00e9rida y su teatro, o el casco hist\u00f3rico de C\u00e1ceres. Tambi\u00e9n es \u201cobligatorio\u201d disfrutar de un buen plato de jam\u00f3n ib\u00e9rico, sin olvidarnos del cordero asado o las famosas migas extreme\u00f1as con huevo frito.<\/p>\n\n\n\n<figure class=\"wp-block-image size-large\"><img loading=\"lazy\" decoding=\"async\" width=\"1024\" height=\"512\" src=\"https:\/\/bxrepsol.s3.eu-west-1.amazonaws.com\/static\/2023\/07\/25072913\/Foto-10-1024x512.jpg\" alt=\"Ciudad Romana de M\u00e9rida\" class=\"wp-image-104215\" srcset=\"https:\/\/bxrepsol.s3.eu-west-1.amazonaws.com\/static\/2023\/07\/25072913\/Foto-10-1024x512.jpg 1024w, https:\/\/bxrepsol.s3.eu-west-1.amazonaws.com\/static\/2023\/07\/25072913\/Foto-10-300x150.jpg 300w, https:\/\/bxrepsol.s3.eu-west-1.amazonaws.com\/static\/2023\/07\/25072913\/Foto-10-768x384.jpg 768w, https:\/\/bxrepsol.s3.eu-west-1.amazonaws.com\/static\/2023\/07\/25072913\/Foto-10-1536x768.jpg 1536w, https:\/\/bxrepsol.s3.eu-west-1.amazonaws.com\/static\/2023\/07\/25072913\/Foto-10-2048x1024.jpg 2048w\" sizes=\"auto, (max-width: 1024px) 100vw, 1024px\" \/><\/figure>\n\n\n\n<h3 class=\"wp-block-heading\"><span class=\"ez-toc-section\" id=\"Etapa_2_Extremadura_Caceres_%E2%80%93_Zamora_270_km\"><\/span><strong>Etapa 2:&nbsp; Extremadura (C\u00e1ceres &#8211; Zamora: 270 km)<\/strong><span class=\"ez-toc-section-end\"><\/span><\/h3>\n\n\n\n<p>El plan del segundo d\u00eda es <strong>recorrer cerca de 270 km para dormir en Zamora,<\/strong> si bien antes podremos haber realizado varias paradas para disfrutar admirando una ciudad se\u00f1orial como Plasencia, <a href=\"https:\/\/www.boxrepsol.com\/es\/vive-tu-moto\/mejores-museos-motos\/\">el Museo de la Moto y el Coche Cl\u00e1sico<\/a> de Herv\u00e1s, la sierra de B\u00e9jar y la monumental Plaza Mayor de Salamanca, que con 6.400 m\u00b2 de extensi\u00f3n es la <strong>quinta Plaza Mayor m\u00e1s grande de Espa\u00f1a<\/strong>. Para alimentarnos debidamente, y ya que estamos en la comunidad de Castilla y Le\u00f3n, conviene que probemos un buen cocido maragato con garbanzos de Pico Pardal, costilla de cerdo adobada, morcilla curada, chorizo de Le\u00f3n, etc. En este caso no hay que olvidar que este cocido se come al rev\u00e9s que el madrile\u00f1o y se deja la sopa para el final.<\/p>\n\n\n\n<h3 class=\"wp-block-heading\"><span class=\"ez-toc-section\" id=\"Etapa_3_Zamora_%E2%80%93_Gijon_270_km\"><\/span><strong>Etapa 3: Zamora &#8211; Gij\u00f3n (270 km)<\/strong><span class=\"ez-toc-section-end\"><\/span><\/h3>\n\n\n\n<p>La tercera y \u00faltima jornada la vamos a emplear para <strong>recorrer otros 270 km que nos van a llevar desde la capital zamorana hasta Gij\u00f3n<\/strong>. La primera parte del recorrido posee una orograf\u00eda suave y en verano discurre por largas rectas entre campos de cereales y girasoles. As\u00ed, y tras cerca de 140 km, llegamos a Astorga (Le\u00f3n) que, como has podido leer, <strong>en tiempos de los romanos fue llamada Ast\u00farica Augusta<\/strong> y era uno de los extremos de la <strong>V\u00eda de la Plata original.<\/strong> La ciudad se encuentra entre el P\u00e1ramo Leon\u00e9s y los Montes de Le\u00f3n, y es uno de los n\u00facleos m\u00e1s importantes de la Maragater\u00eda. En este punto podemos tomar un caf\u00e9, adem\u00e1s de visitar el Palacio Episcopal proyectado por el arquitecto Antonio Gaud\u00ed y que actualmente alberga el Museo de los Caminos dedicado al Camino de Santiago.<\/p>\n\n\n\n<figure class=\"wp-block-image size-large\"><img loading=\"lazy\" decoding=\"async\" width=\"1024\" height=\"889\" src=\"https:\/\/bxrepsol.s3.eu-west-1.amazonaws.com\/static\/2023\/07\/25073301\/Foto-12-1024x889.jpg\" alt=\"Palacio Episcopal de Astorga, Le\u00f3n\" class=\"wp-image-104219\" srcset=\"https:\/\/bxrepsol.s3.eu-west-1.amazonaws.com\/static\/2023\/07\/25073301\/Foto-12-1024x889.jpg 1024w, https:\/\/bxrepsol.s3.eu-west-1.amazonaws.com\/static\/2023\/07\/25073301\/Foto-12-300x261.jpg 300w, https:\/\/bxrepsol.s3.eu-west-1.amazonaws.com\/static\/2023\/07\/25073301\/Foto-12-768x667.jpg 768w, https:\/\/bxrepsol.s3.eu-west-1.amazonaws.com\/static\/2023\/07\/25073301\/Foto-12.jpg 1187w\" sizes=\"auto, (max-width: 1024px) 100vw, 1024px\" \/><\/figure>\n\n\n\n<p>Continuamos a la<strong> capital de Le\u00f3n<\/strong> donde podemos avituallarnos en su Casco Antiguo, tambi\u00e9n llamado Barrio H\u00famedo por la cantidad de <a href=\"https:\/\/www.boxrepsol.com\/es\/vive-tu-moto\/bares-y-restaurantes-moteros-donde-comer-de-ruta-por-espana\/\">bares y restaurantes<\/a> que se concentran all\u00ed (\u201cHay en Le\u00f3n tabernas tantas, que su n\u00famero me espanta\u201d, reza una famosa coplilla). A pesar de no ser muy grande, se dice que para para recorrer todos los bares del Casco hist\u00f3rico de la ciudad y probar todas sus tapas, no basta con solo un mes. As\u00ed que con darnos un \u201cpaseo\u201d por la Plaza de San Mart\u00edn y visitar algunos de sus bares, tendremos suficiente antes de poner rumbo hacia Asturias, no sin antes haber <strong>visitado la impresionante catedral de Santa Mar\u00eda de Regla de Le\u00f3n<\/strong>, una de las m\u00e1s grandes de Espa\u00f1a.<\/p>\n\n\n\n<p>Disfrutando de la conducci\u00f3n por la entretenida autopista del Huerna, llegaremos hasta Gij\u00f3n, mientras <strong>admiramos los verdes y frondosos paisajes asturianos<\/strong>. En nuestro destino, podremos caminar junto al mar Cant\u00e1brico por el paseo mar\u00edtimo de la playa de San Lorenzo, adem\u00e1s de gozar de la buena cocina asturiana con platos como la fabada, la cazuela de \u201cpixin\u201d (rape) o el famoso cachopo. Y bueno, como ya habremos dado por terminada la Ruta de la Plata, podremos celebrarlo bebiendo un poco de sidra.<\/p>\n\n\n<div class=\"wp-block-image\">\n<figure class=\"aligncenter size-large is-resized\"><img loading=\"lazy\" decoding=\"async\" width=\"1024\" height=\"576\" src=\"https:\/\/bxrepsol.s3.eu-west-1.amazonaws.com\/static\/2023\/07\/25073332\/Foto-13-1024x576.jpg\" alt=\"Catedral de Santa Mar\u00eda de Regla de Le\u00f3n\" class=\"wp-image-104221\" style=\"width:658px;height:370px\" srcset=\"https:\/\/bxrepsol.s3.eu-west-1.amazonaws.com\/static\/2023\/07\/25073332\/Foto-13-1024x576.jpg 1024w, https:\/\/bxrepsol.s3.eu-west-1.amazonaws.com\/static\/2023\/07\/25073332\/Foto-13-300x169.jpg 300w, https:\/\/bxrepsol.s3.eu-west-1.amazonaws.com\/static\/2023\/07\/25073332\/Foto-13-768x432.jpg 768w, https:\/\/bxrepsol.s3.eu-west-1.amazonaws.com\/static\/2023\/07\/25073332\/Foto-13-1536x864.jpg 1536w, https:\/\/bxrepsol.s3.eu-west-1.amazonaws.com\/static\/2023\/07\/25073332\/Foto-13.jpg 1600w\" sizes=\"auto, (max-width: 1024px) 100vw, 1024px\" \/><\/figure>\n<\/div>\n\n\n<h2 class=\"wp-block-heading\"><span class=\"ez-toc-section\" id=\"%C2%BFCuanto_se_tarda_en_hacer_la_Ruta_de_la_Plata_en_moto\"><\/span><strong>\u00bfCu\u00e1nto se tarda en hacer la Ruta de la Plata en moto?<\/strong><span class=\"ez-toc-section-end\"><\/span><\/h2>\n\n\n\n<p>Tal y como hemos explicado, se suele realizar el <strong>itinerario completo en aproximadamente 3 d\u00edas<\/strong>. Sin embargo, su recorrido da para muchas otras opciones y se pueden repartir las etapas en funci\u00f3n de las paradas que queramos realizar para visitar los distintos puntos de inter\u00e9s que atraviesa. De hecho, en funci\u00f3n de su hacemos la <a href=\"https:\/\/www.boxrepsol.com\/es\/vive-tu-moto\/5-rutas-moteras-para-el-invierno\/\">ruta en invierno<\/a> o en verano, puede ser interesante alargar m\u00e1s una parte u otra del viaje, para \u201chuir\u201d de las altas temperaturas del verano en el interior de la pen\u00ednsula, o las inclemencias meteorol\u00f3gicas de los inviernos en el norte.<\/p>\n\n\n\n<h2 class=\"wp-block-heading\"><span class=\"ez-toc-section\" id=\"Consejos_para_hacer_la_Ruta_de_la_Plata_en_moto\"><\/span><strong>Consejos para hacer la Ruta de la Plata en moto<\/strong><span class=\"ez-toc-section-end\"><\/span><\/h2>\n\n\n\n<p>Antes de emprender un viaje de esta envergadura, es <strong>importante tener en consideraci\u00f3n algunos <\/strong><a href=\"https:\/\/www.boxrepsol.com\/es\/vive-tu-moto\/10-consejos-para-salir-de-ruta-en-moto\/\"><strong>consejos para tu ruta<\/strong><\/a> que te ayudar\u00e1n a que salga tal y como esperas. Muchos son los que prefieren improvisar, y cierto margen de libertad seguro que te permite disfrutar de la experiencia, pero la preparaci\u00f3n te ahorrar\u00e1 disgustos y decepciones, sea cual sea la ruta y el recorrido de la misma.<\/p>\n\n\n\n<p>Desde <strong>planificar la ruta<\/strong>, teniendo en cuenta la hora de salida y final, paradas para descansar, posibles restaurantes, etc, a revisar la moto o llevar <strong>herramientas b\u00e1sicas<\/strong>, son el ABC de una ruta en moto bien preparada. Tambi\u00e9n es importante llevar un equipaje adecuado, <strong>lo m\u00e1s ligero posible y bien colocado en tu moto<\/strong>, adem\u00e1s del equipamiento adecuado para piloto y acompa\u00f1ante: por supuesto casco, chaqueta y guantes, pero no olvides que cuanto mejor equipados vayas, <strong>menos riesgo corres en caso de accidente.<\/strong><\/p>\n","protected":false},"excerpt":{"rendered":"<p>\u00bfQu\u00e9 es la Ruta de la Plata? Seguro que no adivinas a qu\u00e9 se debe su nombre. Descubre c\u00f3mo hacer en moto esta emblem\u00e1tica ruta, cu\u00e1ntos d\u00edas son necesarios para recorrerla y sus principales puntos de inter\u00e9s.<\/p>\n","protected":false},"author":41267,"featured_media":104187,"comment_status":"open","ping_status":"open","sticky":false,"template":"","format":"standard","meta":{"footnotes":""},"categories":[122],"tags":[589,168],"class_list":["post-104186","post","type-post","status-publish","format-standard","hentry","category-vive-tu-moto","tag-mototurismo","tag-salidas-y-rutas-en-moto"],"yoast_head":"<!-- This site is optimized with the Yoast SEO plugin v27.3 - https:\/\/yoast.com\/product\/yoast-seo-wordpress\/ -->\n<title>Ruta de la plata en moto: etapas + mapa - Box Repsol<\/title>\n<meta name=\"description\" content=\"Recorre la legendaria Ruta de la Plata en moto: paisajes, cultura y aventura atravesando Espa\u00f1a de norte a sur en un viaje inolvidable.\" \/>\n<link rel=\"canonical\" href=\"https:\/\/www.boxrepsol.com\/es\/vive-tu-moto\/ruta-de-la-plata-en-moto-asi-es-la-ruta-66-iberica\/\" \/>\n<meta property=\"og:locale\" content=\"es_ES\" \/>\n<meta property=\"og:type\" content=\"article\" \/>\n<meta property=\"og:title\" content=\"Ruta de la plata en moto: etapas + mapa - Box Repsol\" \/>\n<meta property=\"og:description\" content=\"Recorre la legendaria Ruta de la Plata en moto: paisajes, cultura y aventura atravesando Espa\u00f1a de norte a sur en un viaje inolvidable.\" \/>\n<meta property=\"og:url\" content=\"https:\/\/www.boxrepsol.com\/es\/vive-tu-moto\/ruta-de-la-plata-en-moto-asi-es-la-ruta-66-iberica\/\" \/>\n<meta property=\"og:site_name\" content=\"Box Repsol\" \/>\n<meta property=\"article:publisher\" content=\"https:\/\/www.facebook.com\/BoxRepsol\" \/>\n<meta property=\"article:published_time\" content=\"2023-07-25T10:20:35+00:00\" \/>\n<meta property=\"article:modified_time\" content=\"2025-06-26T10:12:54+00:00\" \/>\n<meta property=\"og:image\" content=\"https:\/\/bxrepsol.s3.eu-west-1.amazonaws.com\/static\/2023\/07\/24100308\/apertura-1024x480.png\" \/>\n\t<meta property=\"og:image:width\" content=\"1024\" \/>\n\t<meta property=\"og:image:height\" content=\"480\" \/>\n\t<meta property=\"og:image:type\" content=\"image\/png\" \/>\n<meta name=\"author\" content=\"V\u00edctor Gancedo\" \/>\n<meta name=\"twitter:card\" content=\"summary_large_image\" \/>\n<meta name=\"twitter:creator\" content=\"@box_repsol\" \/>\n<meta name=\"twitter:site\" content=\"@box_repsol\" \/>\n<meta name=\"twitter:label1\" content=\"Written by\" \/>\n\t<meta name=\"twitter:data1\" content=\"V\u00edctor Gancedo\" \/>\n\t<meta name=\"twitter:label2\" content=\"Est. reading time\" \/>\n\t<meta name=\"twitter:data2\" content=\"10 minutos\" \/>\n<script type=\"application\/ld+json\" class=\"yoast-schema-graph\">{\"@context\":\"https:\\\/\\\/schema.org\",\"@graph\":[{\"@type\":\"Article\",\"@id\":\"https:\\\/\\\/www.boxrepsol.com\\\/es\\\/vive-tu-moto\\\/ruta-de-la-plata-en-moto-asi-es-la-ruta-66-iberica\\\/#article\",\"isPartOf\":{\"@id\":\"https:\\\/\\\/www.boxrepsol.com\\\/es\\\/vive-tu-moto\\\/ruta-de-la-plata-en-moto-asi-es-la-ruta-66-iberica\\\/\"},\"author\":{\"name\":\"V\u00edctor Gancedo\",\"@id\":\"https:\\\/\\\/www.boxrepsol.com\\\/es\\\/#\\\/schema\\\/person\\\/40c28bf318bbbe8fe3848b194b7385ca\"},\"headline\":\"Ruta de la plata en moto\",\"datePublished\":\"2023-07-25T10:20:35+00:00\",\"dateModified\":\"2025-06-26T10:12:54+00:00\",\"mainEntityOfPage\":{\"@id\":\"https:\\\/\\\/www.boxrepsol.com\\\/es\\\/vive-tu-moto\\\/ruta-de-la-plata-en-moto-asi-es-la-ruta-66-iberica\\\/\"},\"wordCount\":2062,\"commentCount\":3,\"publisher\":{\"@id\":\"https:\\\/\\\/www.boxrepsol.com\\\/es\\\/#organization\"},\"image\":{\"@id\":\"https:\\\/\\\/www.boxrepsol.com\\\/es\\\/vive-tu-moto\\\/ruta-de-la-plata-en-moto-asi-es-la-ruta-66-iberica\\\/#primaryimage\"},\"thumbnailUrl\":\"https:\\\/\\\/bxrepsol.s3.eu-west-1.amazonaws.com\\\/static\\\/2023\\\/07\\\/24100308\\\/apertura.png\",\"keywords\":[\"Mototurismo\",\"salidas y rutas en moto\"],\"articleSection\":[\"Vive tu moto\"],\"inLanguage\":\"es\",\"potentialAction\":[{\"@type\":\"CommentAction\",\"name\":\"Comment\",\"target\":[\"https:\\\/\\\/www.boxrepsol.com\\\/es\\\/vive-tu-moto\\\/ruta-de-la-plata-en-moto-asi-es-la-ruta-66-iberica\\\/#respond\"]}]},{\"@type\":\"WebPage\",\"@id\":\"https:\\\/\\\/www.boxrepsol.com\\\/es\\\/vive-tu-moto\\\/ruta-de-la-plata-en-moto-asi-es-la-ruta-66-iberica\\\/\",\"url\":\"https:\\\/\\\/www.boxrepsol.com\\\/es\\\/vive-tu-moto\\\/ruta-de-la-plata-en-moto-asi-es-la-ruta-66-iberica\\\/\",\"name\":\"Ruta de la plata en moto: etapas + mapa - Box Repsol\",\"isPartOf\":{\"@id\":\"https:\\\/\\\/www.boxrepsol.com\\\/es\\\/#website\"},\"primaryImageOfPage\":{\"@id\":\"https:\\\/\\\/www.boxrepsol.com\\\/es\\\/vive-tu-moto\\\/ruta-de-la-plata-en-moto-asi-es-la-ruta-66-iberica\\\/#primaryimage\"},\"image\":{\"@id\":\"https:\\\/\\\/www.boxrepsol.com\\\/es\\\/vive-tu-moto\\\/ruta-de-la-plata-en-moto-asi-es-la-ruta-66-iberica\\\/#primaryimage\"},\"thumbnailUrl\":\"https:\\\/\\\/bxrepsol.s3.eu-west-1.amazonaws.com\\\/static\\\/2023\\\/07\\\/24100308\\\/apertura.png\",\"datePublished\":\"2023-07-25T10:20:35+00:00\",\"dateModified\":\"2025-06-26T10:12:54+00:00\",\"description\":\"Recorre la legendaria Ruta de la Plata en moto: paisajes, cultura y aventura atravesando Espa\u00f1a de norte a sur en un viaje inolvidable.\",\"breadcrumb\":{\"@id\":\"https:\\\/\\\/www.boxrepsol.com\\\/es\\\/vive-tu-moto\\\/ruta-de-la-plata-en-moto-asi-es-la-ruta-66-iberica\\\/#breadcrumb\"},\"inLanguage\":\"es\",\"potentialAction\":[{\"@type\":\"ReadAction\",\"target\":[\"https:\\\/\\\/www.boxrepsol.com\\\/es\\\/vive-tu-moto\\\/ruta-de-la-plata-en-moto-asi-es-la-ruta-66-iberica\\\/\"]}]},{\"@type\":\"ImageObject\",\"inLanguage\":\"es\",\"@id\":\"https:\\\/\\\/www.boxrepsol.com\\\/es\\\/vive-tu-moto\\\/ruta-de-la-plata-en-moto-asi-es-la-ruta-66-iberica\\\/#primaryimage\",\"url\":\"https:\\\/\\\/bxrepsol.s3.eu-west-1.amazonaws.com\\\/static\\\/2023\\\/07\\\/24100308\\\/apertura.png\",\"contentUrl\":\"https:\\\/\\\/bxrepsol.s3.eu-west-1.amazonaws.com\\\/static\\\/2023\\\/07\\\/24100308\\\/apertura.png\",\"width\":6340,\"height\":2972,\"caption\":\"Ruta en moto por V\u00eda de la Plata\"},{\"@type\":\"BreadcrumbList\",\"@id\":\"https:\\\/\\\/www.boxrepsol.com\\\/es\\\/vive-tu-moto\\\/ruta-de-la-plata-en-moto-asi-es-la-ruta-66-iberica\\\/#breadcrumb\",\"itemListElement\":[{\"@type\":\"ListItem\",\"position\":1,\"name\":\"Home\",\"item\":\"https:\\\/\\\/www.boxrepsol.com\\\/es\\\/\"},{\"@type\":\"ListItem\",\"position\":2,\"name\":\"Ruta de la plata en moto\"}]},{\"@type\":\"WebSite\",\"@id\":\"https:\\\/\\\/www.boxrepsol.com\\\/es\\\/#website\",\"url\":\"https:\\\/\\\/www.boxrepsol.com\\\/es\\\/\",\"name\":\"Box Repsol\",\"description\":\"Box Repsol Site\",\"publisher\":{\"@id\":\"https:\\\/\\\/www.boxrepsol.com\\\/es\\\/#organization\"},\"potentialAction\":[{\"@type\":\"SearchAction\",\"target\":{\"@type\":\"EntryPoint\",\"urlTemplate\":\"https:\\\/\\\/www.boxrepsol.com\\\/es\\\/?s={search_term_string}\"},\"query-input\":{\"@type\":\"PropertyValueSpecification\",\"valueRequired\":true,\"valueName\":\"search_term_string\"}}],\"inLanguage\":\"es\"},{\"@type\":\"Organization\",\"@id\":\"https:\\\/\\\/www.boxrepsol.com\\\/es\\\/#organization\",\"name\":\"Box Repsol\",\"url\":\"https:\\\/\\\/www.boxrepsol.com\\\/es\\\/\",\"logo\":{\"@type\":\"ImageObject\",\"inLanguage\":\"es\",\"@id\":\"https:\\\/\\\/www.boxrepsol.com\\\/es\\\/#\\\/schema\\\/logo\\\/image\\\/\",\"url\":\"https:\\\/\\\/bxrepsol.s3.eu-west-1.amazonaws.com\\\/static\\\/2025\\\/07\\\/30083337\\\/favicon-96x96-1.png\",\"contentUrl\":\"https:\\\/\\\/bxrepsol.s3.eu-west-1.amazonaws.com\\\/static\\\/2025\\\/07\\\/30083337\\\/favicon-96x96-1.png\",\"width\":96,\"height\":96,\"caption\":\"Box Repsol\"},\"image\":{\"@id\":\"https:\\\/\\\/www.boxrepsol.com\\\/es\\\/#\\\/schema\\\/logo\\\/image\\\/\"},\"sameAs\":[\"https:\\\/\\\/www.facebook.com\\\/BoxRepsol\",\"https:\\\/\\\/x.com\\\/box_repsol\",\"http:\\\/\\\/instagram.com\\\/box_repsol\",\"https:\\\/\\\/www.youtube.com\\\/user\\\/RepsolCompeticion\",\"https:\\\/\\\/www.flickr.com\\\/photos\\\/box_repsol\\\/\"]},{\"@type\":\"Person\",\"@id\":\"https:\\\/\\\/www.boxrepsol.com\\\/es\\\/#\\\/schema\\\/person\\\/40c28bf318bbbe8fe3848b194b7385ca\",\"name\":\"V\u00edctor Gancedo\",\"image\":{\"@type\":\"ImageObject\",\"inLanguage\":\"es\",\"@id\":\"https:\\\/\\\/secure.gravatar.com\\\/avatar\\\/cd1439a66fca5d3425cd2a7b13f32cd43e25022a0436c1235ef2a28e14fa660a?s=96&d=mm&r=g\",\"url\":\"https:\\\/\\\/secure.gravatar.com\\\/avatar\\\/cd1439a66fca5d3425cd2a7b13f32cd43e25022a0436c1235ef2a28e14fa660a?s=96&d=mm&r=g\",\"contentUrl\":\"https:\\\/\\\/secure.gravatar.com\\\/avatar\\\/cd1439a66fca5d3425cd2a7b13f32cd43e25022a0436c1235ef2a28e14fa660a?s=96&d=mm&r=g\",\"caption\":\"V\u00edctor Gancedo\"},\"description\":\"Periodista especializado en el mundo de las motos, V\u00edctor ha probado pr\u00e1cticamente todas las que han salido al mercado desde 1990. En su larga trayectoria, ha desempe\u00f1ado cargos como los de Jefe de Pruebas de la revista Motociclismo o Responsable de Pruebas del \u00c1rea de Motos del Grupo Motorpress-Ib\u00e9rica, hoy llamado Sport Life Ib\u00e9rica, al cual sigue vinculado.\",\"sameAs\":[\"https:\\\/\\\/www.instagram.com\\\/vfgancedo\"],\"url\":\"https:\\\/\\\/www.boxrepsol.com\\\/es\\\/author\\\/victor_gancedo\\\/\"}]}<\/script>\n<!-- \/ Yoast SEO plugin. -->","yoast_head_json":{"title":"Ruta de la plata en moto: etapas + mapa - Box Repsol","description":"Recorre la legendaria Ruta de la Plata en moto: paisajes, cultura y aventura atravesando Espa\u00f1a de norte a sur en un viaje inolvidable.","canonical":"https:\/\/www.boxrepsol.com\/es\/vive-tu-moto\/ruta-de-la-plata-en-moto-asi-es-la-ruta-66-iberica\/","og_locale":"es_ES","og_type":"article","og_title":"Ruta de la plata en moto: etapas + mapa - Box Repsol","og_description":"Recorre la legendaria Ruta de la Plata en moto: paisajes, cultura y aventura atravesando Espa\u00f1a de norte a sur en un viaje inolvidable.","og_url":"https:\/\/www.boxrepsol.com\/es\/vive-tu-moto\/ruta-de-la-plata-en-moto-asi-es-la-ruta-66-iberica\/","og_site_name":"Box Repsol","article_publisher":"https:\/\/www.facebook.com\/BoxRepsol","article_published_time":"2023-07-25T10:20:35+00:00","article_modified_time":"2025-06-26T10:12:54+00:00","og_image":[{"width":1024,"height":480,"url":"https:\/\/bxrepsol.s3.eu-west-1.amazonaws.com\/static\/2023\/07\/24100308\/apertura-1024x480.png","type":"image\/png"}],"author":"V\u00edctor Gancedo","twitter_card":"summary_large_image","twitter_creator":"@box_repsol","twitter_site":"@box_repsol","twitter_misc":{"Written by":"V\u00edctor Gancedo","Est. reading time":"10 minutos"},"schema":{"@context":"https:\/\/schema.org","@graph":[{"@type":"Article","@id":"https:\/\/www.boxrepsol.com\/es\/vive-tu-moto\/ruta-de-la-plata-en-moto-asi-es-la-ruta-66-iberica\/#article","isPartOf":{"@id":"https:\/\/www.boxrepsol.com\/es\/vive-tu-moto\/ruta-de-la-plata-en-moto-asi-es-la-ruta-66-iberica\/"},"author":{"name":"V\u00edctor Gancedo","@id":"https:\/\/www.boxrepsol.com\/es\/#\/schema\/person\/40c28bf318bbbe8fe3848b194b7385ca"},"headline":"Ruta de la plata en moto","datePublished":"2023-07-25T10:20:35+00:00","dateModified":"2025-06-26T10:12:54+00:00","mainEntityOfPage":{"@id":"https:\/\/www.boxrepsol.com\/es\/vive-tu-moto\/ruta-de-la-plata-en-moto-asi-es-la-ruta-66-iberica\/"},"wordCount":2062,"commentCount":3,"publisher":{"@id":"https:\/\/www.boxrepsol.com\/es\/#organization"},"image":{"@id":"https:\/\/www.boxrepsol.com\/es\/vive-tu-moto\/ruta-de-la-plata-en-moto-asi-es-la-ruta-66-iberica\/#primaryimage"},"thumbnailUrl":"https:\/\/bxrepsol.s3.eu-west-1.amazonaws.com\/static\/2023\/07\/24100308\/apertura.png","keywords":["Mototurismo","salidas y rutas en moto"],"articleSection":["Vive tu moto"],"inLanguage":"es","potentialAction":[{"@type":"CommentAction","name":"Comment","target":["https:\/\/www.boxrepsol.com\/es\/vive-tu-moto\/ruta-de-la-plata-en-moto-asi-es-la-ruta-66-iberica\/#respond"]}]},{"@type":"WebPage","@id":"https:\/\/www.boxrepsol.com\/es\/vive-tu-moto\/ruta-de-la-plata-en-moto-asi-es-la-ruta-66-iberica\/","url":"https:\/\/www.boxrepsol.com\/es\/vive-tu-moto\/ruta-de-la-plata-en-moto-asi-es-la-ruta-66-iberica\/","name":"Ruta de la plata en moto: etapas + mapa - Box Repsol","isPartOf":{"@id":"https:\/\/www.boxrepsol.com\/es\/#website"},"primaryImageOfPage":{"@id":"https:\/\/www.boxrepsol.com\/es\/vive-tu-moto\/ruta-de-la-plata-en-moto-asi-es-la-ruta-66-iberica\/#primaryimage"},"image":{"@id":"https:\/\/www.boxrepsol.com\/es\/vive-tu-moto\/ruta-de-la-plata-en-moto-asi-es-la-ruta-66-iberica\/#primaryimage"},"thumbnailUrl":"https:\/\/bxrepsol.s3.eu-west-1.amazonaws.com\/static\/2023\/07\/24100308\/apertura.png","datePublished":"2023-07-25T10:20:35+00:00","dateModified":"2025-06-26T10:12:54+00:00","description":"Recorre la legendaria Ruta de la Plata en moto: paisajes, cultura y aventura atravesando Espa\u00f1a de norte a sur en un viaje inolvidable.","breadcrumb":{"@id":"https:\/\/www.boxrepsol.com\/es\/vive-tu-moto\/ruta-de-la-plata-en-moto-asi-es-la-ruta-66-iberica\/#breadcrumb"},"inLanguage":"es","potentialAction":[{"@type":"ReadAction","target":["https:\/\/www.boxrepsol.com\/es\/vive-tu-moto\/ruta-de-la-plata-en-moto-asi-es-la-ruta-66-iberica\/"]}]},{"@type":"ImageObject","inLanguage":"es","@id":"https:\/\/www.boxrepsol.com\/es\/vive-tu-moto\/ruta-de-la-plata-en-moto-asi-es-la-ruta-66-iberica\/#primaryimage","url":"https:\/\/bxrepsol.s3.eu-west-1.amazonaws.com\/static\/2023\/07\/24100308\/apertura.png","contentUrl":"https:\/\/bxrepsol.s3.eu-west-1.amazonaws.com\/static\/2023\/07\/24100308\/apertura.png","width":6340,"height":2972,"caption":"Ruta en moto por V\u00eda de la Plata"},{"@type":"BreadcrumbList","@id":"https:\/\/www.boxrepsol.com\/es\/vive-tu-moto\/ruta-de-la-plata-en-moto-asi-es-la-ruta-66-iberica\/#breadcrumb","itemListElement":[{"@type":"ListItem","position":1,"name":"Home","item":"https:\/\/www.boxrepsol.com\/es\/"},{"@type":"ListItem","position":2,"name":"Ruta de la plata en moto"}]},{"@type":"WebSite","@id":"https:\/\/www.boxrepsol.com\/es\/#website","url":"https:\/\/www.boxrepsol.com\/es\/","name":"Box Repsol","description":"Box Repsol Site","publisher":{"@id":"https:\/\/www.boxrepsol.com\/es\/#organization"},"potentialAction":[{"@type":"SearchAction","target":{"@type":"EntryPoint","urlTemplate":"https:\/\/www.boxrepsol.com\/es\/?s={search_term_string}"},"query-input":{"@type":"PropertyValueSpecification","valueRequired":true,"valueName":"search_term_string"}}],"inLanguage":"es"},{"@type":"Organization","@id":"https:\/\/www.boxrepsol.com\/es\/#organization","name":"Box Repsol","url":"https:\/\/www.boxrepsol.com\/es\/","logo":{"@type":"ImageObject","inLanguage":"es","@id":"https:\/\/www.boxrepsol.com\/es\/#\/schema\/logo\/image\/","url":"https:\/\/bxrepsol.s3.eu-west-1.amazonaws.com\/static\/2025\/07\/30083337\/favicon-96x96-1.png","contentUrl":"https:\/\/bxrepsol.s3.eu-west-1.amazonaws.com\/static\/2025\/07\/30083337\/favicon-96x96-1.png","width":96,"height":96,"caption":"Box Repsol"},"image":{"@id":"https:\/\/www.boxrepsol.com\/es\/#\/schema\/logo\/image\/"},"sameAs":["https:\/\/www.facebook.com\/BoxRepsol","https:\/\/x.com\/box_repsol","http:\/\/instagram.com\/box_repsol","https:\/\/www.youtube.com\/user\/RepsolCompeticion","https:\/\/www.flickr.com\/photos\/box_repsol\/"]},{"@type":"Person","@id":"https:\/\/www.boxrepsol.com\/es\/#\/schema\/person\/40c28bf318bbbe8fe3848b194b7385ca","name":"V\u00edctor Gancedo","image":{"@type":"ImageObject","inLanguage":"es","@id":"https:\/\/secure.gravatar.com\/avatar\/cd1439a66fca5d3425cd2a7b13f32cd43e25022a0436c1235ef2a28e14fa660a?s=96&d=mm&r=g","url":"https:\/\/secure.gravatar.com\/avatar\/cd1439a66fca5d3425cd2a7b13f32cd43e25022a0436c1235ef2a28e14fa660a?s=96&d=mm&r=g","contentUrl":"https:\/\/secure.gravatar.com\/avatar\/cd1439a66fca5d3425cd2a7b13f32cd43e25022a0436c1235ef2a28e14fa660a?s=96&d=mm&r=g","caption":"V\u00edctor Gancedo"},"description":"Periodista especializado en el mundo de las motos, V\u00edctor ha probado pr\u00e1cticamente todas las que han salido al mercado desde 1990. En su larga trayectoria, ha desempe\u00f1ado cargos como los de Jefe de Pruebas de la revista Motociclismo o Responsable de Pruebas del \u00c1rea de Motos del Grupo Motorpress-Ib\u00e9rica, hoy llamado Sport Life Ib\u00e9rica, al cual sigue vinculado.","sameAs":["https:\/\/www.instagram.com\/vfgancedo"],"url":"https:\/\/www.boxrepsol.com\/es\/author\/victor_gancedo\/"}]}},"_links":{"self":[{"href":"https:\/\/www.boxrepsol.com\/es\/wp-json\/wp\/v2\/posts\/104186","targetHints":{"allow":["GET"]}}],"collection":[{"href":"https:\/\/www.boxrepsol.com\/es\/wp-json\/wp\/v2\/posts"}],"about":[{"href":"https:\/\/www.boxrepsol.com\/es\/wp-json\/wp\/v2\/types\/post"}],"author":[{"embeddable":true,"href":"https:\/\/www.boxrepsol.com\/es\/wp-json\/wp\/v2\/users\/41267"}],"replies":[{"embeddable":true,"href":"https:\/\/www.boxrepsol.com\/es\/wp-json\/wp\/v2\/comments?post=104186"}],"version-history":[{"count":11,"href":"https:\/\/www.boxrepsol.com\/es\/wp-json\/wp\/v2\/posts\/104186\/revisions"}],"predecessor-version":[{"id":125196,"href":"https:\/\/www.boxrepsol.com\/es\/wp-json\/wp\/v2\/posts\/104186\/revisions\/125196"}],"wp:featuredmedia":[{"embeddable":true,"href":"https:\/\/www.boxrepsol.com\/es\/wp-json\/wp\/v2\/media\/104187"}],"wp:attachment":[{"href":"https:\/\/www.boxrepsol.com\/es\/wp-json\/wp\/v2\/media?parent=104186"}],"wp:term":[{"taxonomy":"category","embeddable":true,"href":"https:\/\/www.boxrepsol.com\/es\/wp-json\/wp\/v2\/categories?post=104186"},{"taxonomy":"post_tag","embeddable":true,"href":"https:\/\/www.boxrepsol.com\/es\/wp-json\/wp\/v2\/tags?post=104186"}],"curies":[{"name":"wp","href":"https:\/\/api.w.org\/{rel}","templated":true}]}}