{"id":104152,"date":"2023-07-22T17:32:41","date_gmt":"2023-07-22T19:32:41","guid":{"rendered":"https:\/\/www.boxrepsol.com\/?p=104152"},"modified":"2024-04-08T07:09:39","modified_gmt":"2024-04-08T09:09:39","slug":"isidre-esteve-redondea-una-gran-actuacion-en-la-baja-aragon","status":"publish","type":"post","link":"https:\/\/www.boxrepsol.com\/es\/rally\/isidre-esteve-redondea-una-gran-actuacion-en-la-baja-aragon\/","title":{"rendered":"Isidre Esteve redondea una gran actuaci\u00f3n en la Baja Arag\u00f3n"},"content":{"rendered":"<figure class=\"wp-block-post-featured-image\"><img loading=\"lazy\" decoding=\"async\" width=\"1280\" height=\"601\" src=\"https:\/\/bxrepsol.s3.eu-west-1.amazonaws.com\/static\/2023\/07\/22173220\/361bf215-ef71-4b02-a8f9-6274e088f6be-copia.jpg\" class=\"attachment-post-thumbnail size-post-thumbnail wp-post-image\" alt=\"\" style=\"object-fit:cover;\" srcset=\"https:\/\/bxrepsol.s3.eu-west-1.amazonaws.com\/static\/2023\/07\/22173220\/361bf215-ef71-4b02-a8f9-6274e088f6be-copia.jpg 1280w, https:\/\/bxrepsol.s3.eu-west-1.amazonaws.com\/static\/2023\/07\/22173220\/361bf215-ef71-4b02-a8f9-6274e088f6be-copia-300x141.jpg 300w, https:\/\/bxrepsol.s3.eu-west-1.amazonaws.com\/static\/2023\/07\/22173220\/361bf215-ef71-4b02-a8f9-6274e088f6be-copia-1024x481.jpg 1024w, https:\/\/bxrepsol.s3.eu-west-1.amazonaws.com\/static\/2023\/07\/22173220\/361bf215-ef71-4b02-a8f9-6274e088f6be-copia-768x361.jpg 768w\" sizes=\"auto, (max-width: 1280px) 100vw, 1280px\" \/><\/figure>\n\n\n<p>Balance inmejorable para Isidre Esteve y su copiloto Txema Villalobos al t\u00e9rmino de la Baja Espa\u00f1a Arag\u00f3n, su primera competici\u00f3n de la temporada para preparar el Dakar 2024. Los pilotos del Repsol Toyota Rally Team han finalizado la cl\u00e1sica turolense del rally raid en la 16\u00aa posici\u00f3n absoluta, 14\u00aa en la categor\u00eda T1. Al volante del Toyota Hilux T1+ n\u00famero 215, han mostrado un ritmo r\u00e1pido y regular, completando los 512 kil\u00f3metros cronometrados (repartidos en una pr\u00f3logo y tres especiales) en 6 horas, 47 minutos y 14,9 segundos, a poco m\u00e1s de 28 minutos del vencedor.<\/p>\n\n\n\n<p>La segunda y \u00faltima etapa de la prueba, puntuable para la Copa del Mundo FIA de Bajas Cross Country, constaba de dos especiales largas, de 156 y 171 km, respectivamente, con una zona de asistencia entre ambas. Desde la 16\u00aa posici\u00f3n de la general en la que termin\u00f3 la etapa del viernes \u2013aunque hoy constaba 13\u00ba por las penalizaciones a otros rivales\u2013, Esteve ha podido desplegar todo su pilotaje sin sufrir tanto con el polvo como la v\u00edspera, ya que part\u00eda en el grupo cabecero y se beneficiaba de tres minutos de separaci\u00f3n entre los coches en pista, en lugar de uno como el viernes.<\/p>\n\n\n\n<p>Las palabras del piloto ilerdense, al t\u00e9rmino de una carrera que ha disputado 21 veces (las nueve \u00faltimas, sobre cuatro ruedas), ilustran gr\u00e1ficamente el valor de este resultado para el Repsol Toyota Rally Team, con vistas al objetivo del Dakar 2024: \u201c<em>Estamos contentos con el resultado final de la carrera, con las sensaciones, con la velocidad en la pista. Nos vamos contentos de esta Baja. En esta carrera hab\u00eda hasta 24 pilotos de primera l\u00ednea del Dakar, no faltaba casi nadie, y estar siempre entre ellos es bueno. Para m\u00ed, eso es lo m\u00e1s importante: estar aqu\u00ed y estar a este nivel, y tener estas sensaciones<\/em>\u201d.<\/p>\n\n\n\n<p>Adem\u00e1s del pilotaje, el de Oliana tambi\u00e9n ha acabado muy satisfecho con el rendimiento del Toyota Hilux T1+, que pilota con los mandos adaptados en el volante y que sirve como banco de pruebas para los lubricantes y el biocombustible de Repsol. \u201c<em>La Baja Arag\u00f3n es una carrera muy estresante para la mec\u00e1nica. Hemos cambiado muchas cosas en el coche y haberlo probado aqu\u00ed, en estas condiciones, y que todo funcione, es lo m\u00e1s importante. Significa que tienes confianza con el coche; que el copiloto, Txema, hace bien su trabajo con las indicaciones, y, en suma, que todo el equipo hace un buen trabajo<\/em>\u201d, asegura.<\/p>\n\n\n\n<iframe loading=\"lazy\" src=\"https:\/\/player.vimeo.com\/video\/847613126?h=f8d6cba6f7&#038;title=0&#038;byline=0&#038;portrait=0\" width=\"640\" height=\"360\" frameborder=\"0\" allow=\"autoplay; fullscreen; picture-in-picture\" allowfullscreen><\/iframe>\n\n\n\n<p>Agradeciendo el apoyo de Repsol, TOYOTA GAZOO Racing Espa\u00f1a, MGS Seguros y KH-7, el piloto catal\u00e1n insiste: \u201c<em>Es el rally en que hemos sido m\u00e1s competitivos, que hemos hecho los mejores parciales, y que hemos imprimido un ritmo m\u00e1s fuerte en la pista, pero con seguridad<\/em>\u201d.<\/p>\n\n\n\n<p>Con 74 coches clasificados al final de la prueba, Esteve da mucha importancia a los tiempos parciales en los tramos, que han dado buena muestra de su competitividad. En la primera especial de este s\u00e1bado, ha cedido apenas 10 minutos al l\u00edder despu\u00e9s de casi dos horas de carrera; en la segunda, m\u00e1s larga, han sido poco m\u00e1s de 8 minutos, despu\u00e9s de dos horas y media. Incluso podr\u00eda haber acabado m\u00e1s arriba (y meterse en el top 15 de la general) si no hubiera perdido unos valiosos minutos hacia el final de cada especial, para dejar pasar (tal como obliga el reglamento) a un par de pilotos algo m\u00e1s r\u00e1pidos, que part\u00edan por detr\u00e1s suyo.&nbsp;<\/p>\n\n\n\n<p>La pr\u00f3xima competici\u00f3n del Repsol Toyota Rally Team ser\u00e1 el Rally de Marruecos, puntuable para el Campeonato del Mundo FIA Cross Country. Del 12 al 18 de octubre, el rally raid africano ser\u00e1 el \u00faltimo test competitivo de Isidre Esteve antes del Dakar 2024.<\/p>\n\n\n\n<h3 class=\"wp-block-heading\"><span style=\"font-weight: bolder; font-size: 18px;\">Clasificaci\u00f3n general final<\/span><\/h3>\n\n\n\n<p>1. Nasser Al-Attiyah (Toyota) 6h18:37.2<br>2. Lucas Moraes (Toyota) +1:43.2<br>3. Carlos Sainz (Audi) +9:17.7<br>4. Vaidotas Zala (Mini) +9:51.5<br>5. Jo\u00e3o Ferreira (Mini) +11:08.4<br>\u2026<br><strong>17. Isidre Esteve (Toyota) +28:37.7<\/strong><\/p>\n\n\n\n<div id=\"1a2ac745-4560-4a51-8554-63ae16bee58a\" class=\"br-slider-box\"><div class=\"wp-block-create-block-repsol-carousel br-slider\"><a target=\"_blank\" href=\"https:\/\/bxrepsol.s3.eu-west-1.amazonaws.com\/static\/2023\/07\/22172957\/Isidre_Esteve_Baja_Aragon_2023_E2_4copia-scaled.jpg\" data-index=\"0\" rel=\"noopener\"><img decoding=\"async\" src=\"https:\/\/bxrepsol.s3.eu-west-1.amazonaws.com\/static\/2023\/07\/22172957\/Isidre_Esteve_Baja_Aragon_2023_E2_4copia-scaled.jpg\"\/><\/a><a target=\"_blank\" href=\"https:\/\/bxrepsol.s3.eu-west-1.amazonaws.com\/static\/2023\/07\/22172951\/Isidre_Esteve_Baja_Aragon_2023_E2_3copia-scaled.jpg\" data-index=\"1\" rel=\"noopener\"><img decoding=\"async\" src=\"https:\/\/bxrepsol.s3.eu-west-1.amazonaws.com\/static\/2023\/07\/22172951\/Isidre_Esteve_Baja_Aragon_2023_E2_3copia-scaled.jpg\"\/><\/a><a target=\"_blank\" href=\"https:\/\/bxrepsol.s3.eu-west-1.amazonaws.com\/static\/2023\/07\/22172947\/Isidre_Esteve_Baja_Aragon_2023_E2_2copia-scaled.jpg\" data-index=\"2\" rel=\"noopener\"><img decoding=\"async\" src=\"https:\/\/bxrepsol.s3.eu-west-1.amazonaws.com\/static\/2023\/07\/22172947\/Isidre_Esteve_Baja_Aragon_2023_E2_2copia-scaled.jpg\"\/><\/a><a target=\"_blank\" href=\"https:\/\/bxrepsol.s3.eu-west-1.amazonaws.com\/static\/2023\/07\/22172941\/b63c0243-27f8-4d8e-bc88-b1d8f3a4dc12.jpg\" data-index=\"3\" rel=\"noopener\"><img decoding=\"async\" src=\"https:\/\/bxrepsol.s3.eu-west-1.amazonaws.com\/static\/2023\/07\/22172941\/b63c0243-27f8-4d8e-bc88-b1d8f3a4dc12.jpg\"\/><\/a><a target=\"_blank\" href=\"https:\/\/bxrepsol.s3.eu-west-1.amazonaws.com\/static\/2023\/07\/22172938\/228ee490-233f-4efd-85cc-11164d10e9b9.jpg\" data-index=\"4\" rel=\"noopener\"><img decoding=\"async\" src=\"https:\/\/bxrepsol.s3.eu-west-1.amazonaws.com\/static\/2023\/07\/22172938\/228ee490-233f-4efd-85cc-11164d10e9b9.jpg\"\/><\/a><\/div><div class=\"br-slider-buttons\"><button class=\"arrow rds-icon arrow--left rds-icon-Arrow_left\"><\/button><button class=\"arrow rds-icon arrow--right rds-icon-Arrow_right\"><\/button><\/div><\/div>\n","protected":false},"excerpt":{"rendered":"<p>El Repsol Toyota Rally Team cierra la cl\u00e1sica turolense del rally raid en la 16\u00aa posici\u00f3n absoluta (14\u00aa de la categor\u00eda T1). <\/p>\n","protected":false},"author":43146,"featured_media":104165,"comment_status":"open","ping_status":"open","sticky":false,"template":"","format":"standard","meta":{"footnotes":""},"categories":[27],"tags":[],"class_list":["post-104152","post","type-post","status-publish","format-standard","hentry","category-rally"],"yoast_head":"<!-- This site is optimized with the Yoast SEO plugin v27.3 - https:\/\/yoast.com\/product\/yoast-seo-wordpress\/ -->\n<title>Isidre Esteve redondea una gran actuaci\u00f3n en la Baja Arag\u00f3n - Box Repsol<\/title>\n<meta name=\"description\" content=\"Isidre Esteve redondea una gran actuaci\u00f3n en la Baja Arag\u00f3n: Descubre c\u00f3mo el piloto demostr\u00f3 su destreza en esta competici\u00f3n.\" \/>\n<link rel=\"canonical\" href=\"https:\/\/www.boxrepsol.com\/es\/rally\/isidre-esteve-redondea-una-gran-actuacion-en-la-baja-aragon\/\" \/>\n<meta property=\"og:locale\" content=\"es_ES\" \/>\n<meta property=\"og:type\" content=\"article\" \/>\n<meta property=\"og:title\" content=\"Isidre Esteve redondea una gran actuaci\u00f3n en la Baja Arag\u00f3n - Box Repsol\" \/>\n<meta property=\"og:description\" content=\"Isidre Esteve redondea una gran actuaci\u00f3n en la Baja Arag\u00f3n: Descubre c\u00f3mo el piloto demostr\u00f3 su destreza en esta competici\u00f3n.\" \/>\n<meta property=\"og:url\" content=\"https:\/\/www.boxrepsol.com\/es\/rally\/isidre-esteve-redondea-una-gran-actuacion-en-la-baja-aragon\/\" \/>\n<meta property=\"og:site_name\" content=\"Box Repsol\" \/>\n<meta property=\"article:publisher\" content=\"https:\/\/www.facebook.com\/BoxRepsol\" \/>\n<meta property=\"article:author\" content=\"https:\/\/www.facebook.com\/BoxRepsol\/\" \/>\n<meta property=\"article:published_time\" content=\"2023-07-22T19:32:41+00:00\" \/>\n<meta property=\"article:modified_time\" content=\"2024-04-08T09:09:39+00:00\" \/>\n<meta property=\"og:image\" content=\"https:\/\/bxrepsol.s3.eu-west-1.amazonaws.com\/static\/2023\/07\/22173220\/361bf215-ef71-4b02-a8f9-6274e088f6be-copia.jpg\" \/>\n\t<meta property=\"og:image:width\" content=\"1280\" \/>\n\t<meta property=\"og:image:height\" content=\"601\" \/>\n\t<meta property=\"og:image:type\" content=\"image\/jpeg\" \/>\n<meta name=\"author\" content=\"Redacci\u00f3n Box Repsol\" \/>\n<meta name=\"twitter:card\" content=\"summary_large_image\" \/>\n<meta name=\"twitter:creator\" content=\"@https:\/\/twitter.com\/box_repsol\" \/>\n<meta name=\"twitter:site\" content=\"@box_repsol\" \/>\n<meta name=\"twitter:label1\" content=\"Written by\" \/>\n\t<meta name=\"twitter:data1\" content=\"Redacci\u00f3n Box Repsol\" \/>\n\t<meta name=\"twitter:label2\" content=\"Est. reading time\" \/>\n\t<meta name=\"twitter:data2\" content=\"3 minutos\" \/>\n<script type=\"application\/ld+json\" class=\"yoast-schema-graph\">{\"@context\":\"https:\\\/\\\/schema.org\",\"@graph\":[{\"@type\":\"Article\",\"@id\":\"https:\\\/\\\/www.boxrepsol.com\\\/es\\\/rally\\\/isidre-esteve-redondea-una-gran-actuacion-en-la-baja-aragon\\\/#article\",\"isPartOf\":{\"@id\":\"https:\\\/\\\/www.boxrepsol.com\\\/es\\\/rally\\\/isidre-esteve-redondea-una-gran-actuacion-en-la-baja-aragon\\\/\"},\"author\":{\"name\":\"Redacci\u00f3n Box Repsol\",\"@id\":\"https:\\\/\\\/www.boxrepsol.com\\\/es\\\/#\\\/schema\\\/person\\\/c5c2138f2cca251b0ad92b7086bb60b7\"},\"headline\":\"Isidre Esteve redondea una gran actuaci\u00f3n en la Baja Arag\u00f3n\",\"datePublished\":\"2023-07-22T19:32:41+00:00\",\"dateModified\":\"2024-04-08T09:09:39+00:00\",\"mainEntityOfPage\":{\"@id\":\"https:\\\/\\\/www.boxrepsol.com\\\/es\\\/rally\\\/isidre-esteve-redondea-una-gran-actuacion-en-la-baja-aragon\\\/\"},\"wordCount\":676,\"commentCount\":0,\"publisher\":{\"@id\":\"https:\\\/\\\/www.boxrepsol.com\\\/es\\\/#organization\"},\"image\":{\"@id\":\"https:\\\/\\\/www.boxrepsol.com\\\/es\\\/rally\\\/isidre-esteve-redondea-una-gran-actuacion-en-la-baja-aragon\\\/#primaryimage\"},\"thumbnailUrl\":\"https:\\\/\\\/bxrepsol.s3.eu-west-1.amazonaws.com\\\/static\\\/2023\\\/07\\\/22173220\\\/361bf215-ef71-4b02-a8f9-6274e088f6be-copia.jpg\",\"articleSection\":[\"Rally\"],\"inLanguage\":\"es\",\"potentialAction\":[{\"@type\":\"CommentAction\",\"name\":\"Comment\",\"target\":[\"https:\\\/\\\/www.boxrepsol.com\\\/es\\\/rally\\\/isidre-esteve-redondea-una-gran-actuacion-en-la-baja-aragon\\\/#respond\"]}]},{\"@type\":\"WebPage\",\"@id\":\"https:\\\/\\\/www.boxrepsol.com\\\/es\\\/rally\\\/isidre-esteve-redondea-una-gran-actuacion-en-la-baja-aragon\\\/\",\"url\":\"https:\\\/\\\/www.boxrepsol.com\\\/es\\\/rally\\\/isidre-esteve-redondea-una-gran-actuacion-en-la-baja-aragon\\\/\",\"name\":\"Isidre Esteve redondea una gran actuaci\u00f3n en la Baja Arag\u00f3n - Box Repsol\",\"isPartOf\":{\"@id\":\"https:\\\/\\\/www.boxrepsol.com\\\/es\\\/#website\"},\"primaryImageOfPage\":{\"@id\":\"https:\\\/\\\/www.boxrepsol.com\\\/es\\\/rally\\\/isidre-esteve-redondea-una-gran-actuacion-en-la-baja-aragon\\\/#primaryimage\"},\"image\":{\"@id\":\"https:\\\/\\\/www.boxrepsol.com\\\/es\\\/rally\\\/isidre-esteve-redondea-una-gran-actuacion-en-la-baja-aragon\\\/#primaryimage\"},\"thumbnailUrl\":\"https:\\\/\\\/bxrepsol.s3.eu-west-1.amazonaws.com\\\/static\\\/2023\\\/07\\\/22173220\\\/361bf215-ef71-4b02-a8f9-6274e088f6be-copia.jpg\",\"datePublished\":\"2023-07-22T19:32:41+00:00\",\"dateModified\":\"2024-04-08T09:09:39+00:00\",\"description\":\"Isidre Esteve redondea una gran actuaci\u00f3n en la Baja Arag\u00f3n: Descubre c\u00f3mo el piloto demostr\u00f3 su destreza en esta competici\u00f3n.\",\"breadcrumb\":{\"@id\":\"https:\\\/\\\/www.boxrepsol.com\\\/es\\\/rally\\\/isidre-esteve-redondea-una-gran-actuacion-en-la-baja-aragon\\\/#breadcrumb\"},\"inLanguage\":\"es\",\"potentialAction\":[{\"@type\":\"ReadAction\",\"target\":[\"https:\\\/\\\/www.boxrepsol.com\\\/es\\\/rally\\\/isidre-esteve-redondea-una-gran-actuacion-en-la-baja-aragon\\\/\"]}]},{\"@type\":\"ImageObject\",\"inLanguage\":\"es\",\"@id\":\"https:\\\/\\\/www.boxrepsol.com\\\/es\\\/rally\\\/isidre-esteve-redondea-una-gran-actuacion-en-la-baja-aragon\\\/#primaryimage\",\"url\":\"https:\\\/\\\/bxrepsol.s3.eu-west-1.amazonaws.com\\\/static\\\/2023\\\/07\\\/22173220\\\/361bf215-ef71-4b02-a8f9-6274e088f6be-copia.jpg\",\"contentUrl\":\"https:\\\/\\\/bxrepsol.s3.eu-west-1.amazonaws.com\\\/static\\\/2023\\\/07\\\/22173220\\\/361bf215-ef71-4b02-a8f9-6274e088f6be-copia.jpg\",\"width\":1280,\"height\":601},{\"@type\":\"BreadcrumbList\",\"@id\":\"https:\\\/\\\/www.boxrepsol.com\\\/es\\\/rally\\\/isidre-esteve-redondea-una-gran-actuacion-en-la-baja-aragon\\\/#breadcrumb\",\"itemListElement\":[{\"@type\":\"ListItem\",\"position\":1,\"name\":\"Home\",\"item\":\"https:\\\/\\\/www.boxrepsol.com\\\/es\\\/\"},{\"@type\":\"ListItem\",\"position\":2,\"name\":\"Isidre Esteve redondea una gran actuaci\u00f3n en la Baja Arag\u00f3n\"}]},{\"@type\":\"WebSite\",\"@id\":\"https:\\\/\\\/www.boxrepsol.com\\\/es\\\/#website\",\"url\":\"https:\\\/\\\/www.boxrepsol.com\\\/es\\\/\",\"name\":\"Box Repsol\",\"description\":\"Box Repsol Site\",\"publisher\":{\"@id\":\"https:\\\/\\\/www.boxrepsol.com\\\/es\\\/#organization\"},\"potentialAction\":[{\"@type\":\"SearchAction\",\"target\":{\"@type\":\"EntryPoint\",\"urlTemplate\":\"https:\\\/\\\/www.boxrepsol.com\\\/es\\\/?s={search_term_string}\"},\"query-input\":{\"@type\":\"PropertyValueSpecification\",\"valueRequired\":true,\"valueName\":\"search_term_string\"}}],\"inLanguage\":\"es\"},{\"@type\":\"Organization\",\"@id\":\"https:\\\/\\\/www.boxrepsol.com\\\/es\\\/#organization\",\"name\":\"Box Repsol\",\"url\":\"https:\\\/\\\/www.boxrepsol.com\\\/es\\\/\",\"logo\":{\"@type\":\"ImageObject\",\"inLanguage\":\"es\",\"@id\":\"https:\\\/\\\/www.boxrepsol.com\\\/es\\\/#\\\/schema\\\/logo\\\/image\\\/\",\"url\":\"https:\\\/\\\/bxrepsol.s3.eu-west-1.amazonaws.com\\\/static\\\/2025\\\/07\\\/30083337\\\/favicon-96x96-1.png\",\"contentUrl\":\"https:\\\/\\\/bxrepsol.s3.eu-west-1.amazonaws.com\\\/static\\\/2025\\\/07\\\/30083337\\\/favicon-96x96-1.png\",\"width\":96,\"height\":96,\"caption\":\"Box Repsol\"},\"image\":{\"@id\":\"https:\\\/\\\/www.boxrepsol.com\\\/es\\\/#\\\/schema\\\/logo\\\/image\\\/\"},\"sameAs\":[\"https:\\\/\\\/www.facebook.com\\\/BoxRepsol\",\"https:\\\/\\\/x.com\\\/box_repsol\",\"http:\\\/\\\/instagram.com\\\/box_repsol\",\"https:\\\/\\\/www.youtube.com\\\/user\\\/RepsolCompeticion\",\"https:\\\/\\\/www.flickr.com\\\/photos\\\/box_repsol\\\/\"]},{\"@type\":\"Person\",\"@id\":\"https:\\\/\\\/www.boxrepsol.com\\\/es\\\/#\\\/schema\\\/person\\\/c5c2138f2cca251b0ad92b7086bb60b7\",\"name\":\"Redacci\u00f3n Box Repsol\",\"image\":{\"@type\":\"ImageObject\",\"inLanguage\":\"es\",\"@id\":\"https:\\\/\\\/secure.gravatar.com\\\/avatar\\\/adf7b77e38b4419baf32c7e9c21dde01f4e40df611f0978e3006fc4ba0aaab7e?s=96&d=mm&r=g\",\"url\":\"https:\\\/\\\/secure.gravatar.com\\\/avatar\\\/adf7b77e38b4419baf32c7e9c21dde01f4e40df611f0978e3006fc4ba0aaab7e?s=96&d=mm&r=g\",\"contentUrl\":\"https:\\\/\\\/secure.gravatar.com\\\/avatar\\\/adf7b77e38b4419baf32c7e9c21dde01f4e40df611f0978e3006fc4ba0aaab7e?s=96&d=mm&r=g\",\"caption\":\"Redacci\u00f3n Box Repsol\"},\"description\":\"Box Repsol lo forma un equipo de periodistas, community managers, dise\u00f1adores y fot\u00f3grafos con m\u00e1s de 20 a\u00f1os de experiencia en el mundo del motorsport. Hemos vivido el primer mundial de un espa\u00f1ol en la categor\u00eda reina de motociclismo con \u00c1lex Crivill\u00e9, estuvimos en las victorias de Pedrosa y los t\u00edtulos de M\u00e1rquez, acompa\u00f1amos en \u00c1frica a Nani Roma y Marc Coma en sus conquistas del Dakar y hemos vibrado con los t\u00edtulos de Toni Bou en Trial. Adem\u00e1s, en nuestro equipo contamos con expertos en el mundo de las dos y cuatro ruedas tanto de la calle y las carreteras, como de los circuitos. Periodistas que han trabajado en revistas y publicaciones para hacerte llegar desde rutas y consejos de mantenimiento, a curiosidades y trucos de pilotaje.\",\"sameAs\":[\"https:\\\/\\\/www.facebook.com\\\/BoxRepsol\\\/\",\"https:\\\/\\\/www.instagram.com\\\/box_repsol\\\/\",\"https:\\\/\\\/x.com\\\/https:\\\/\\\/twitter.com\\\/box_repsol\",\"https:\\\/\\\/www.youtube.com\\\/@Boxrepsol\"],\"url\":\"https:\\\/\\\/www.boxrepsol.com\\\/es\\\/author\\\/redaccion-box-repsol\\\/\"}]}<\/script>\n<!-- \/ Yoast SEO plugin. -->","yoast_head_json":{"title":"Isidre Esteve redondea una gran actuaci\u00f3n en la Baja Arag\u00f3n - Box Repsol","description":"Isidre Esteve redondea una gran actuaci\u00f3n en la Baja Arag\u00f3n: Descubre c\u00f3mo el piloto demostr\u00f3 su destreza en esta competici\u00f3n.","canonical":"https:\/\/www.boxrepsol.com\/es\/rally\/isidre-esteve-redondea-una-gran-actuacion-en-la-baja-aragon\/","og_locale":"es_ES","og_type":"article","og_title":"Isidre Esteve redondea una gran actuaci\u00f3n en la Baja Arag\u00f3n - Box Repsol","og_description":"Isidre Esteve redondea una gran actuaci\u00f3n en la Baja Arag\u00f3n: Descubre c\u00f3mo el piloto demostr\u00f3 su destreza en esta competici\u00f3n.","og_url":"https:\/\/www.boxrepsol.com\/es\/rally\/isidre-esteve-redondea-una-gran-actuacion-en-la-baja-aragon\/","og_site_name":"Box Repsol","article_publisher":"https:\/\/www.facebook.com\/BoxRepsol","article_author":"https:\/\/www.facebook.com\/BoxRepsol\/","article_published_time":"2023-07-22T19:32:41+00:00","article_modified_time":"2024-04-08T09:09:39+00:00","og_image":[{"width":1280,"height":601,"url":"https:\/\/bxrepsol.s3.eu-west-1.amazonaws.com\/static\/2023\/07\/22173220\/361bf215-ef71-4b02-a8f9-6274e088f6be-copia.jpg","type":"image\/jpeg"}],"author":"Redacci\u00f3n Box Repsol","twitter_card":"summary_large_image","twitter_creator":"@https:\/\/twitter.com\/box_repsol","twitter_site":"@box_repsol","twitter_misc":{"Written by":"Redacci\u00f3n Box Repsol","Est. reading time":"3 minutos"},"schema":{"@context":"https:\/\/schema.org","@graph":[{"@type":"Article","@id":"https:\/\/www.boxrepsol.com\/es\/rally\/isidre-esteve-redondea-una-gran-actuacion-en-la-baja-aragon\/#article","isPartOf":{"@id":"https:\/\/www.boxrepsol.com\/es\/rally\/isidre-esteve-redondea-una-gran-actuacion-en-la-baja-aragon\/"},"author":{"name":"Redacci\u00f3n Box Repsol","@id":"https:\/\/www.boxrepsol.com\/es\/#\/schema\/person\/c5c2138f2cca251b0ad92b7086bb60b7"},"headline":"Isidre Esteve redondea una gran actuaci\u00f3n en la Baja Arag\u00f3n","datePublished":"2023-07-22T19:32:41+00:00","dateModified":"2024-04-08T09:09:39+00:00","mainEntityOfPage":{"@id":"https:\/\/www.boxrepsol.com\/es\/rally\/isidre-esteve-redondea-una-gran-actuacion-en-la-baja-aragon\/"},"wordCount":676,"commentCount":0,"publisher":{"@id":"https:\/\/www.boxrepsol.com\/es\/#organization"},"image":{"@id":"https:\/\/www.boxrepsol.com\/es\/rally\/isidre-esteve-redondea-una-gran-actuacion-en-la-baja-aragon\/#primaryimage"},"thumbnailUrl":"https:\/\/bxrepsol.s3.eu-west-1.amazonaws.com\/static\/2023\/07\/22173220\/361bf215-ef71-4b02-a8f9-6274e088f6be-copia.jpg","articleSection":["Rally"],"inLanguage":"es","potentialAction":[{"@type":"CommentAction","name":"Comment","target":["https:\/\/www.boxrepsol.com\/es\/rally\/isidre-esteve-redondea-una-gran-actuacion-en-la-baja-aragon\/#respond"]}]},{"@type":"WebPage","@id":"https:\/\/www.boxrepsol.com\/es\/rally\/isidre-esteve-redondea-una-gran-actuacion-en-la-baja-aragon\/","url":"https:\/\/www.boxrepsol.com\/es\/rally\/isidre-esteve-redondea-una-gran-actuacion-en-la-baja-aragon\/","name":"Isidre Esteve redondea una gran actuaci\u00f3n en la Baja Arag\u00f3n - Box Repsol","isPartOf":{"@id":"https:\/\/www.boxrepsol.com\/es\/#website"},"primaryImageOfPage":{"@id":"https:\/\/www.boxrepsol.com\/es\/rally\/isidre-esteve-redondea-una-gran-actuacion-en-la-baja-aragon\/#primaryimage"},"image":{"@id":"https:\/\/www.boxrepsol.com\/es\/rally\/isidre-esteve-redondea-una-gran-actuacion-en-la-baja-aragon\/#primaryimage"},"thumbnailUrl":"https:\/\/bxrepsol.s3.eu-west-1.amazonaws.com\/static\/2023\/07\/22173220\/361bf215-ef71-4b02-a8f9-6274e088f6be-copia.jpg","datePublished":"2023-07-22T19:32:41+00:00","dateModified":"2024-04-08T09:09:39+00:00","description":"Isidre Esteve redondea una gran actuaci\u00f3n en la Baja Arag\u00f3n: Descubre c\u00f3mo el piloto demostr\u00f3 su destreza en esta competici\u00f3n.","breadcrumb":{"@id":"https:\/\/www.boxrepsol.com\/es\/rally\/isidre-esteve-redondea-una-gran-actuacion-en-la-baja-aragon\/#breadcrumb"},"inLanguage":"es","potentialAction":[{"@type":"ReadAction","target":["https:\/\/www.boxrepsol.com\/es\/rally\/isidre-esteve-redondea-una-gran-actuacion-en-la-baja-aragon\/"]}]},{"@type":"ImageObject","inLanguage":"es","@id":"https:\/\/www.boxrepsol.com\/es\/rally\/isidre-esteve-redondea-una-gran-actuacion-en-la-baja-aragon\/#primaryimage","url":"https:\/\/bxrepsol.s3.eu-west-1.amazonaws.com\/static\/2023\/07\/22173220\/361bf215-ef71-4b02-a8f9-6274e088f6be-copia.jpg","contentUrl":"https:\/\/bxrepsol.s3.eu-west-1.amazonaws.com\/static\/2023\/07\/22173220\/361bf215-ef71-4b02-a8f9-6274e088f6be-copia.jpg","width":1280,"height":601},{"@type":"BreadcrumbList","@id":"https:\/\/www.boxrepsol.com\/es\/rally\/isidre-esteve-redondea-una-gran-actuacion-en-la-baja-aragon\/#breadcrumb","itemListElement":[{"@type":"ListItem","position":1,"name":"Home","item":"https:\/\/www.boxrepsol.com\/es\/"},{"@type":"ListItem","position":2,"name":"Isidre Esteve redondea una gran actuaci\u00f3n en la Baja Arag\u00f3n"}]},{"@type":"WebSite","@id":"https:\/\/www.boxrepsol.com\/es\/#website","url":"https:\/\/www.boxrepsol.com\/es\/","name":"Box Repsol","description":"Box Repsol Site","publisher":{"@id":"https:\/\/www.boxrepsol.com\/es\/#organization"},"potentialAction":[{"@type":"SearchAction","target":{"@type":"EntryPoint","urlTemplate":"https:\/\/www.boxrepsol.com\/es\/?s={search_term_string}"},"query-input":{"@type":"PropertyValueSpecification","valueRequired":true,"valueName":"search_term_string"}}],"inLanguage":"es"},{"@type":"Organization","@id":"https:\/\/www.boxrepsol.com\/es\/#organization","name":"Box Repsol","url":"https:\/\/www.boxrepsol.com\/es\/","logo":{"@type":"ImageObject","inLanguage":"es","@id":"https:\/\/www.boxrepsol.com\/es\/#\/schema\/logo\/image\/","url":"https:\/\/bxrepsol.s3.eu-west-1.amazonaws.com\/static\/2025\/07\/30083337\/favicon-96x96-1.png","contentUrl":"https:\/\/bxrepsol.s3.eu-west-1.amazonaws.com\/static\/2025\/07\/30083337\/favicon-96x96-1.png","width":96,"height":96,"caption":"Box Repsol"},"image":{"@id":"https:\/\/www.boxrepsol.com\/es\/#\/schema\/logo\/image\/"},"sameAs":["https:\/\/www.facebook.com\/BoxRepsol","https:\/\/x.com\/box_repsol","http:\/\/instagram.com\/box_repsol","https:\/\/www.youtube.com\/user\/RepsolCompeticion","https:\/\/www.flickr.com\/photos\/box_repsol\/"]},{"@type":"Person","@id":"https:\/\/www.boxrepsol.com\/es\/#\/schema\/person\/c5c2138f2cca251b0ad92b7086bb60b7","name":"Redacci\u00f3n Box Repsol","image":{"@type":"ImageObject","inLanguage":"es","@id":"https:\/\/secure.gravatar.com\/avatar\/adf7b77e38b4419baf32c7e9c21dde01f4e40df611f0978e3006fc4ba0aaab7e?s=96&d=mm&r=g","url":"https:\/\/secure.gravatar.com\/avatar\/adf7b77e38b4419baf32c7e9c21dde01f4e40df611f0978e3006fc4ba0aaab7e?s=96&d=mm&r=g","contentUrl":"https:\/\/secure.gravatar.com\/avatar\/adf7b77e38b4419baf32c7e9c21dde01f4e40df611f0978e3006fc4ba0aaab7e?s=96&d=mm&r=g","caption":"Redacci\u00f3n Box Repsol"},"description":"Box Repsol lo forma un equipo de periodistas, community managers, dise\u00f1adores y fot\u00f3grafos con m\u00e1s de 20 a\u00f1os de experiencia en el mundo del motorsport. Hemos vivido el primer mundial de un espa\u00f1ol en la categor\u00eda reina de motociclismo con \u00c1lex Crivill\u00e9, estuvimos en las victorias de Pedrosa y los t\u00edtulos de M\u00e1rquez, acompa\u00f1amos en \u00c1frica a Nani Roma y Marc Coma en sus conquistas del Dakar y hemos vibrado con los t\u00edtulos de Toni Bou en Trial. Adem\u00e1s, en nuestro equipo contamos con expertos en el mundo de las dos y cuatro ruedas tanto de la calle y las carreteras, como de los circuitos. Periodistas que han trabajado en revistas y publicaciones para hacerte llegar desde rutas y consejos de mantenimiento, a curiosidades y trucos de pilotaje.","sameAs":["https:\/\/www.facebook.com\/BoxRepsol\/","https:\/\/www.instagram.com\/box_repsol\/","https:\/\/x.com\/https:\/\/twitter.com\/box_repsol","https:\/\/www.youtube.com\/@Boxrepsol"],"url":"https:\/\/www.boxrepsol.com\/es\/author\/redaccion-box-repsol\/"}]}},"_links":{"self":[{"href":"https:\/\/www.boxrepsol.com\/es\/wp-json\/wp\/v2\/posts\/104152","targetHints":{"allow":["GET"]}}],"collection":[{"href":"https:\/\/www.boxrepsol.com\/es\/wp-json\/wp\/v2\/posts"}],"about":[{"href":"https:\/\/www.boxrepsol.com\/es\/wp-json\/wp\/v2\/types\/post"}],"author":[{"embeddable":true,"href":"https:\/\/www.boxrepsol.com\/es\/wp-json\/wp\/v2\/users\/43146"}],"replies":[{"embeddable":true,"href":"https:\/\/www.boxrepsol.com\/es\/wp-json\/wp\/v2\/comments?post=104152"}],"version-history":[{"count":2,"href":"https:\/\/www.boxrepsol.com\/es\/wp-json\/wp\/v2\/posts\/104152\/revisions"}],"predecessor-version":[{"id":104168,"href":"https:\/\/www.boxrepsol.com\/es\/wp-json\/wp\/v2\/posts\/104152\/revisions\/104168"}],"wp:featuredmedia":[{"embeddable":true,"href":"https:\/\/www.boxrepsol.com\/es\/wp-json\/wp\/v2\/media\/104165"}],"wp:attachment":[{"href":"https:\/\/www.boxrepsol.com\/es\/wp-json\/wp\/v2\/media?parent=104152"}],"wp:term":[{"taxonomy":"category","embeddable":true,"href":"https:\/\/www.boxrepsol.com\/es\/wp-json\/wp\/v2\/categories?post=104152"},{"taxonomy":"post_tag","embeddable":true,"href":"https:\/\/www.boxrepsol.com\/es\/wp-json\/wp\/v2\/tags?post=104152"}],"curies":[{"name":"wp","href":"https:\/\/api.w.org\/{rel}","templated":true}]}}