{"id":104137,"date":"2023-07-21T18:43:01","date_gmt":"2023-07-21T20:43:01","guid":{"rendered":"https:\/\/www.boxrepsol.com\/?p=104137"},"modified":"2024-10-07T11:15:47","modified_gmt":"2024-10-07T13:15:47","slug":"remontada-espectacular-de-isidre-esteve-en-la-baja-aragon","status":"publish","type":"post","link":"https:\/\/www.boxrepsol.com\/es\/rally\/remontada-espectacular-de-isidre-esteve-en-la-baja-aragon\/","title":{"rendered":"Remontada espectacular de Isidre Esteve en la Baja Arag\u00f3n"},"content":{"rendered":"<figure class=\"wp-block-post-featured-image\"><img loading=\"lazy\" decoding=\"async\" width=\"1280\" height=\"601\" src=\"https:\/\/bxrepsol.s3.eu-west-1.amazonaws.com\/static\/2023\/07\/21183824\/Isidre_Esteve_Baja_Aragon_2023_E1_3-copiaaper.jpg\" class=\"attachment-post-thumbnail size-post-thumbnail wp-post-image\" alt=\"\" style=\"object-fit:cover;\" srcset=\"https:\/\/bxrepsol.s3.eu-west-1.amazonaws.com\/static\/2023\/07\/21183824\/Isidre_Esteve_Baja_Aragon_2023_E1_3-copiaaper.jpg 1280w, https:\/\/bxrepsol.s3.eu-west-1.amazonaws.com\/static\/2023\/07\/21183824\/Isidre_Esteve_Baja_Aragon_2023_E1_3-copiaaper-300x141.jpg 300w, https:\/\/bxrepsol.s3.eu-west-1.amazonaws.com\/static\/2023\/07\/21183824\/Isidre_Esteve_Baja_Aragon_2023_E1_3-copiaaper-1024x481.jpg 1024w, https:\/\/bxrepsol.s3.eu-west-1.amazonaws.com\/static\/2023\/07\/21183824\/Isidre_Esteve_Baja_Aragon_2023_E1_3-copiaaper-768x361.jpg 768w\" sizes=\"auto, (max-width: 1280px) 100vw, 1280px\" \/><\/figure>\n\n\n<p>Arranque extraordinario del Repsol Toyota Rally Team en la Baja Espa\u00f1a Arag\u00f3n 2023. Isidre Esteve y su copiloto Txema Villalobos han completado la primera etapa en la 16\u00aa posici\u00f3n absoluta (11\u00aa en la categor\u00eda T1), con un tiempo acumulado de carrera de 2 horas, 23 minutos y 13 segundos, a poco m\u00e1s de 11 minutos del l\u00edder. La prestaci\u00f3n es especialmente meritoria si se tiene en cuenta que el Toyota Hilux T1+ n\u00famero 215 era 41\u00ba en el orden de salida, lo que ha obligado a la pareja catalana a remontar posiciones entre el polvo.<\/p>\n\n\n\n<p>La 39\u00aa edici\u00f3n de la prueba turolense, puntuable para la Copa del Mundo FIA de Bajas Cross Country, no ha empezado a pedir de boca para Esteve. La jornada se iniciaba con una corta pr\u00f3logo de 5 kil\u00f3metros que, adem\u00e1s de contar para la clasificaci\u00f3n final, determinaba el orden de salida de la especial larga del d\u00eda, de 180 km. El recorrido de la pr\u00f3logo era sinuoso y pedregoso, poco propicio para los T1+ y m\u00e1s favorable para los todoterreno ligeros de las categor\u00edas T3 y T4. El piloto ilerdense y su copiloto han cedido menos de medio minuto al l\u00edder, pero, con tanta igualdad y una inscripci\u00f3n tan potente (93 inscritos FIA), han quedado relegados a la 41\u00aa posici\u00f3n.<\/p>\n\n\n\n<p>Sin embargo, una vez metido en la carrera propiamente dicha, el Hilux T1+ con los colores de Repsol, TOYOTA GAZOO Racing Espa\u00f1a, MGS Seguros y KH-7 ha desplegado un ritmo demoledor. A pesar de correr en una nube de polvo, Esteve pilotaba mucho m\u00e1s r\u00e1pido que los coches que le preced\u00edan. \u201cSal\u00edamos muy atr\u00e1s y hemos adelantado catorce coches en pista. Incluso hemos hecho un par de rectos, porque con el polvo no ve\u00edamos nada\u201d, confesaba.<\/p>\n\n\n\n<p>La dupla catalana ha recuperado nada menos que 25 posiciones, adelantando sin parar, hasta la 16\u00aa posici\u00f3n en la general. Entre los 30 primeros clasificados, ning\u00fan equipo ha remontado tantos puestos como el Repsol Toyota Rally Team. La gesta ha sido tal que el piloto de Oliana ha finalizado la especial presa de la euforia. Una vez m\u00e1s, ha demostrado que no existen barreras para competir en la \u00e9lite del automovilismo.<\/p>\n\n\n\n<p>\u201c<em>No recuerdo haberlo pasado nunca tan bien en coche. Hemos cogido un ritmo cada vez m\u00e1s r\u00e1pido y con mayor confianza<\/em>\u201d, reconoc\u00eda Esteve. \u201c<em>Nos hemos divertido, y los kil\u00f3metros han pasado volando. Un momento que he mirado la tablet, ya llev\u00e1bamos 80 kil\u00f3metros recorridos y, de golpe, hemos llegado al final<\/em>\u201d, explicaba, dirigiendo una mirada de complicidad a su copiloto Txema Villalobos.<\/p>\n\n\n\n<p>Otro motivo de optimismo para el equipo es que esta participaci\u00f3n en la Baja Arag\u00f3n (la 21\u00aa de Esteve en la cl\u00e1sica espa\u00f1ola del rally raid, la novena sobre cuatro ruedas) es el primer test de cara al Dakar 2024. T\u00e9cnicamente, no ha fallado nada. El equipo ha estado entonado desde el primer momento, la adaptaci\u00f3n de los mandos en el volante ha sido perfecta y el Hilux T1+ ha funcionado como un reloj. Como en la pasada temporada, el coche utiliza los lubricantes y el biocombustible de Repsol, producido en un 75% a partir de materiales de origen renovable, que han mostrado tambi\u00e9n un gran rendimiento en condiciones muy exigentes.<\/p>\n\n\n\n<p>\u201c<em>Al final, las sensaciones son impresionantes, estamos muy contentos porque el Hilux iba de maravilla. En el shakedown hemos probado unos cambios de suspensiones y de reglajes, y hemos definido un setup redondo. Hemos cambiado mi posici\u00f3n en el coche y voy m\u00e1s c\u00f3modo, y tambi\u00e9n el mando del freno. Ahora va muy bien, y ya puedo usar el freno tambi\u00e9n para colocar el coche. El Toyota es una pasada; nunca lo hab\u00eda tenido tan bien puesto a punto como ahora, se lo he dicho a todos los mec\u00e1nicos. Nos hemos sentido r\u00e1pidos de verdad<\/em>\u201d, aseguraba el piloto. Con la mirada puesta en el top 15 de la general, Isidre Esteve y el Repsol Toyota Rally Team afrontan este s\u00e1bado la segunda y \u00faltima etapa de la Baja Espa\u00f1a Arag\u00f3n. Ser\u00e1 la jornada con m\u00e1s kil\u00f3metros cronometrados, 327, repartidos en dos especiales, de 156 y 171 km, respectivamente. En total, la prueba sumar\u00e1 875 km; 512 de los cuales, cronometrados, y 363, de enlace.<\/p>\n\n\n\n<div id=\"e9b2f846-f8a4-442a-98f1-dcec3cf819c7\" class=\"br-slider-box\"><div class=\"wp-block-create-block-repsol-carousel br-slider\"><a target=\"_blank\" href=\"https:\/\/bxrepsol.s3.eu-west-1.amazonaws.com\/static\/2023\/07\/21184142\/Isidre_Esteve_Baja_Aragon_2023_E1_2-scaled.jpg\" data-index=\"0\" rel=\"noopener\"><img decoding=\"async\" src=\"https:\/\/bxrepsol.s3.eu-west-1.amazonaws.com\/static\/2023\/07\/21184142\/Isidre_Esteve_Baja_Aragon_2023_E1_2-scaled.jpg\"\/><\/a><a target=\"_blank\" href=\"https:\/\/bxrepsol.s3.eu-west-1.amazonaws.com\/static\/2023\/07\/21184148\/Isidre_Esteve_Baja_Aragon_2023_E1_3-scaled.jpg\" data-index=\"1\" rel=\"noopener\"><img decoding=\"async\" src=\"https:\/\/bxrepsol.s3.eu-west-1.amazonaws.com\/static\/2023\/07\/21184148\/Isidre_Esteve_Baja_Aragon_2023_E1_3-scaled.jpg\"\/><\/a><a target=\"_blank\" href=\"https:\/\/bxrepsol.s3.eu-west-1.amazonaws.com\/static\/2023\/07\/21184153\/Isidre_Esteve_Baja_Aragon_2023_E1_4-scaled.jpg\" data-index=\"2\" rel=\"noopener\"><img decoding=\"async\" src=\"https:\/\/bxrepsol.s3.eu-west-1.amazonaws.com\/static\/2023\/07\/21184153\/Isidre_Esteve_Baja_Aragon_2023_E1_4-scaled.jpg\"\/><\/a><a target=\"_blank\" href=\"https:\/\/bxrepsol.s3.eu-west-1.amazonaws.com\/static\/2023\/07\/21184200\/Isidre_Esteve_Baja_Aragon_2023_E1_5copia-scaled.jpg\" data-index=\"3\" rel=\"noopener\"><img decoding=\"async\" src=\"https:\/\/bxrepsol.s3.eu-west-1.amazonaws.com\/static\/2023\/07\/21184200\/Isidre_Esteve_Baja_Aragon_2023_E1_5copia-scaled.jpg\"\/><\/a><\/div><div class=\"br-slider-buttons\"><button class=\"arrow rds-icon arrow--left rds-icon-Arrow_left\"><\/button><button class=\"arrow rds-icon arrow--right rds-icon-Arrow_right\"><\/button><\/div><\/div>\n","protected":false},"excerpt":{"rendered":"<p>El Repsol Toyota Rally Team recupera 25 posiciones en la primera especial de la prueba turolense y acaricia el top 15. <\/p>\n","protected":false},"author":43146,"featured_media":104138,"comment_status":"open","ping_status":"open","sticky":false,"template":"","format":"standard","meta":{"footnotes":""},"categories":[27],"tags":[],"class_list":["post-104137","post","type-post","status-publish","format-standard","hentry","category-rally"],"yoast_head":"<!-- This site is optimized with the Yoast SEO plugin v27.3 - https:\/\/yoast.com\/product\/yoast-seo-wordpress\/ -->\n<title>Remontada espectacular de Isidre Esteve en la Baja Arag\u00f3n - Box Repsol<\/title>\n<meta name=\"description\" content=\"Descubre c\u00f3mo Isidre Estevez super\u00f3 los desaf\u00edos y logr\u00f3 un impresionante desempe\u00f1o en este apasionante competici\u00f3n.\" \/>\n<link rel=\"canonical\" href=\"https:\/\/www.boxrepsol.com\/es\/rally\/remontada-espectacular-de-isidre-esteve-en-la-baja-aragon\/\" \/>\n<meta property=\"og:locale\" content=\"es_ES\" \/>\n<meta property=\"og:type\" content=\"article\" \/>\n<meta property=\"og:title\" content=\"Remontada espectacular de Isidre Esteve en la Baja Arag\u00f3n - Box Repsol\" \/>\n<meta property=\"og:description\" content=\"Descubre c\u00f3mo Isidre Estevez super\u00f3 los desaf\u00edos y logr\u00f3 un impresionante desempe\u00f1o en este apasionante competici\u00f3n.\" \/>\n<meta property=\"og:url\" content=\"https:\/\/www.boxrepsol.com\/es\/rally\/remontada-espectacular-de-isidre-esteve-en-la-baja-aragon\/\" \/>\n<meta property=\"og:site_name\" content=\"Box Repsol\" \/>\n<meta property=\"article:publisher\" content=\"https:\/\/www.facebook.com\/BoxRepsol\" \/>\n<meta property=\"article:author\" content=\"https:\/\/www.facebook.com\/BoxRepsol\/\" \/>\n<meta property=\"article:published_time\" content=\"2023-07-21T20:43:01+00:00\" \/>\n<meta property=\"article:modified_time\" content=\"2024-10-07T13:15:47+00:00\" \/>\n<meta property=\"og:image\" content=\"https:\/\/bxrepsol.s3.eu-west-1.amazonaws.com\/static\/2023\/07\/21183824\/Isidre_Esteve_Baja_Aragon_2023_E1_3-copiaaper.jpg\" \/>\n\t<meta property=\"og:image:width\" content=\"1280\" \/>\n\t<meta property=\"og:image:height\" content=\"601\" \/>\n\t<meta property=\"og:image:type\" content=\"image\/jpeg\" \/>\n<meta name=\"author\" content=\"Redacci\u00f3n Box Repsol\" \/>\n<meta name=\"twitter:card\" content=\"summary_large_image\" \/>\n<meta name=\"twitter:creator\" content=\"@https:\/\/twitter.com\/box_repsol\" \/>\n<meta name=\"twitter:site\" content=\"@box_repsol\" \/>\n<meta name=\"twitter:label1\" content=\"Written by\" \/>\n\t<meta name=\"twitter:data1\" content=\"Redacci\u00f3n Box Repsol\" \/>\n\t<meta name=\"twitter:label2\" content=\"Est. reading time\" \/>\n\t<meta name=\"twitter:data2\" content=\"4 minutos\" \/>\n<script type=\"application\/ld+json\" class=\"yoast-schema-graph\">{\"@context\":\"https:\\\/\\\/schema.org\",\"@graph\":[{\"@type\":\"Article\",\"@id\":\"https:\\\/\\\/www.boxrepsol.com\\\/es\\\/rally\\\/remontada-espectacular-de-isidre-esteve-en-la-baja-aragon\\\/#article\",\"isPartOf\":{\"@id\":\"https:\\\/\\\/www.boxrepsol.com\\\/es\\\/rally\\\/remontada-espectacular-de-isidre-esteve-en-la-baja-aragon\\\/\"},\"author\":{\"name\":\"Redacci\u00f3n Box Repsol\",\"@id\":\"https:\\\/\\\/www.boxrepsol.com\\\/es\\\/#\\\/schema\\\/person\\\/c5c2138f2cca251b0ad92b7086bb60b7\"},\"headline\":\"Remontada espectacular de Isidre Esteve en la Baja Arag\u00f3n\",\"datePublished\":\"2023-07-21T20:43:01+00:00\",\"dateModified\":\"2024-10-07T13:15:47+00:00\",\"mainEntityOfPage\":{\"@id\":\"https:\\\/\\\/www.boxrepsol.com\\\/es\\\/rally\\\/remontada-espectacular-de-isidre-esteve-en-la-baja-aragon\\\/\"},\"wordCount\":737,\"commentCount\":0,\"publisher\":{\"@id\":\"https:\\\/\\\/www.boxrepsol.com\\\/es\\\/#organization\"},\"image\":{\"@id\":\"https:\\\/\\\/www.boxrepsol.com\\\/es\\\/rally\\\/remontada-espectacular-de-isidre-esteve-en-la-baja-aragon\\\/#primaryimage\"},\"thumbnailUrl\":\"https:\\\/\\\/bxrepsol.s3.eu-west-1.amazonaws.com\\\/static\\\/2023\\\/07\\\/21183824\\\/Isidre_Esteve_Baja_Aragon_2023_E1_3-copiaaper.jpg\",\"articleSection\":[\"Rally\"],\"inLanguage\":\"es\",\"potentialAction\":[{\"@type\":\"CommentAction\",\"name\":\"Comment\",\"target\":[\"https:\\\/\\\/www.boxrepsol.com\\\/es\\\/rally\\\/remontada-espectacular-de-isidre-esteve-en-la-baja-aragon\\\/#respond\"]}]},{\"@type\":\"WebPage\",\"@id\":\"https:\\\/\\\/www.boxrepsol.com\\\/es\\\/rally\\\/remontada-espectacular-de-isidre-esteve-en-la-baja-aragon\\\/\",\"url\":\"https:\\\/\\\/www.boxrepsol.com\\\/es\\\/rally\\\/remontada-espectacular-de-isidre-esteve-en-la-baja-aragon\\\/\",\"name\":\"Remontada espectacular de Isidre Esteve en la Baja Arag\u00f3n - Box Repsol\",\"isPartOf\":{\"@id\":\"https:\\\/\\\/www.boxrepsol.com\\\/es\\\/#website\"},\"primaryImageOfPage\":{\"@id\":\"https:\\\/\\\/www.boxrepsol.com\\\/es\\\/rally\\\/remontada-espectacular-de-isidre-esteve-en-la-baja-aragon\\\/#primaryimage\"},\"image\":{\"@id\":\"https:\\\/\\\/www.boxrepsol.com\\\/es\\\/rally\\\/remontada-espectacular-de-isidre-esteve-en-la-baja-aragon\\\/#primaryimage\"},\"thumbnailUrl\":\"https:\\\/\\\/bxrepsol.s3.eu-west-1.amazonaws.com\\\/static\\\/2023\\\/07\\\/21183824\\\/Isidre_Esteve_Baja_Aragon_2023_E1_3-copiaaper.jpg\",\"datePublished\":\"2023-07-21T20:43:01+00:00\",\"dateModified\":\"2024-10-07T13:15:47+00:00\",\"description\":\"Descubre c\u00f3mo Isidre Estevez super\u00f3 los desaf\u00edos y logr\u00f3 un impresionante desempe\u00f1o en este apasionante competici\u00f3n.\",\"breadcrumb\":{\"@id\":\"https:\\\/\\\/www.boxrepsol.com\\\/es\\\/rally\\\/remontada-espectacular-de-isidre-esteve-en-la-baja-aragon\\\/#breadcrumb\"},\"inLanguage\":\"es\",\"potentialAction\":[{\"@type\":\"ReadAction\",\"target\":[\"https:\\\/\\\/www.boxrepsol.com\\\/es\\\/rally\\\/remontada-espectacular-de-isidre-esteve-en-la-baja-aragon\\\/\"]}]},{\"@type\":\"ImageObject\",\"inLanguage\":\"es\",\"@id\":\"https:\\\/\\\/www.boxrepsol.com\\\/es\\\/rally\\\/remontada-espectacular-de-isidre-esteve-en-la-baja-aragon\\\/#primaryimage\",\"url\":\"https:\\\/\\\/bxrepsol.s3.eu-west-1.amazonaws.com\\\/static\\\/2023\\\/07\\\/21183824\\\/Isidre_Esteve_Baja_Aragon_2023_E1_3-copiaaper.jpg\",\"contentUrl\":\"https:\\\/\\\/bxrepsol.s3.eu-west-1.amazonaws.com\\\/static\\\/2023\\\/07\\\/21183824\\\/Isidre_Esteve_Baja_Aragon_2023_E1_3-copiaaper.jpg\",\"width\":1280,\"height\":601},{\"@type\":\"BreadcrumbList\",\"@id\":\"https:\\\/\\\/www.boxrepsol.com\\\/es\\\/rally\\\/remontada-espectacular-de-isidre-esteve-en-la-baja-aragon\\\/#breadcrumb\",\"itemListElement\":[{\"@type\":\"ListItem\",\"position\":1,\"name\":\"Home\",\"item\":\"https:\\\/\\\/www.boxrepsol.com\\\/es\\\/\"},{\"@type\":\"ListItem\",\"position\":2,\"name\":\"Remontada espectacular de Isidre Esteve en la Baja Arag\u00f3n\"}]},{\"@type\":\"WebSite\",\"@id\":\"https:\\\/\\\/www.boxrepsol.com\\\/es\\\/#website\",\"url\":\"https:\\\/\\\/www.boxrepsol.com\\\/es\\\/\",\"name\":\"Box Repsol\",\"description\":\"Box Repsol Site\",\"publisher\":{\"@id\":\"https:\\\/\\\/www.boxrepsol.com\\\/es\\\/#organization\"},\"potentialAction\":[{\"@type\":\"SearchAction\",\"target\":{\"@type\":\"EntryPoint\",\"urlTemplate\":\"https:\\\/\\\/www.boxrepsol.com\\\/es\\\/?s={search_term_string}\"},\"query-input\":{\"@type\":\"PropertyValueSpecification\",\"valueRequired\":true,\"valueName\":\"search_term_string\"}}],\"inLanguage\":\"es\"},{\"@type\":\"Organization\",\"@id\":\"https:\\\/\\\/www.boxrepsol.com\\\/es\\\/#organization\",\"name\":\"Box Repsol\",\"url\":\"https:\\\/\\\/www.boxrepsol.com\\\/es\\\/\",\"logo\":{\"@type\":\"ImageObject\",\"inLanguage\":\"es\",\"@id\":\"https:\\\/\\\/www.boxrepsol.com\\\/es\\\/#\\\/schema\\\/logo\\\/image\\\/\",\"url\":\"https:\\\/\\\/bxrepsol.s3.eu-west-1.amazonaws.com\\\/static\\\/2025\\\/07\\\/30083337\\\/favicon-96x96-1.png\",\"contentUrl\":\"https:\\\/\\\/bxrepsol.s3.eu-west-1.amazonaws.com\\\/static\\\/2025\\\/07\\\/30083337\\\/favicon-96x96-1.png\",\"width\":96,\"height\":96,\"caption\":\"Box Repsol\"},\"image\":{\"@id\":\"https:\\\/\\\/www.boxrepsol.com\\\/es\\\/#\\\/schema\\\/logo\\\/image\\\/\"},\"sameAs\":[\"https:\\\/\\\/www.facebook.com\\\/BoxRepsol\",\"https:\\\/\\\/x.com\\\/box_repsol\",\"http:\\\/\\\/instagram.com\\\/box_repsol\",\"https:\\\/\\\/www.youtube.com\\\/user\\\/RepsolCompeticion\",\"https:\\\/\\\/www.flickr.com\\\/photos\\\/box_repsol\\\/\"]},{\"@type\":\"Person\",\"@id\":\"https:\\\/\\\/www.boxrepsol.com\\\/es\\\/#\\\/schema\\\/person\\\/c5c2138f2cca251b0ad92b7086bb60b7\",\"name\":\"Redacci\u00f3n Box Repsol\",\"image\":{\"@type\":\"ImageObject\",\"inLanguage\":\"es\",\"@id\":\"https:\\\/\\\/secure.gravatar.com\\\/avatar\\\/adf7b77e38b4419baf32c7e9c21dde01f4e40df611f0978e3006fc4ba0aaab7e?s=96&d=mm&r=g\",\"url\":\"https:\\\/\\\/secure.gravatar.com\\\/avatar\\\/adf7b77e38b4419baf32c7e9c21dde01f4e40df611f0978e3006fc4ba0aaab7e?s=96&d=mm&r=g\",\"contentUrl\":\"https:\\\/\\\/secure.gravatar.com\\\/avatar\\\/adf7b77e38b4419baf32c7e9c21dde01f4e40df611f0978e3006fc4ba0aaab7e?s=96&d=mm&r=g\",\"caption\":\"Redacci\u00f3n Box Repsol\"},\"description\":\"Box Repsol lo forma un equipo de periodistas, community managers, dise\u00f1adores y fot\u00f3grafos con m\u00e1s de 20 a\u00f1os de experiencia en el mundo del motorsport. Hemos vivido el primer mundial de un espa\u00f1ol en la categor\u00eda reina de motociclismo con \u00c1lex Crivill\u00e9, estuvimos en las victorias de Pedrosa y los t\u00edtulos de M\u00e1rquez, acompa\u00f1amos en \u00c1frica a Nani Roma y Marc Coma en sus conquistas del Dakar y hemos vibrado con los t\u00edtulos de Toni Bou en Trial. Adem\u00e1s, en nuestro equipo contamos con expertos en el mundo de las dos y cuatro ruedas tanto de la calle y las carreteras, como de los circuitos. Periodistas que han trabajado en revistas y publicaciones para hacerte llegar desde rutas y consejos de mantenimiento, a curiosidades y trucos de pilotaje.\",\"sameAs\":[\"https:\\\/\\\/www.facebook.com\\\/BoxRepsol\\\/\",\"https:\\\/\\\/www.instagram.com\\\/box_repsol\\\/\",\"https:\\\/\\\/x.com\\\/https:\\\/\\\/twitter.com\\\/box_repsol\",\"https:\\\/\\\/www.youtube.com\\\/@Boxrepsol\"],\"url\":\"https:\\\/\\\/www.boxrepsol.com\\\/es\\\/author\\\/redaccion-box-repsol\\\/\"}]}<\/script>\n<!-- \/ Yoast SEO plugin. -->","yoast_head_json":{"title":"Remontada espectacular de Isidre Esteve en la Baja Arag\u00f3n - Box Repsol","description":"Descubre c\u00f3mo Isidre Estevez super\u00f3 los desaf\u00edos y logr\u00f3 un impresionante desempe\u00f1o en este apasionante competici\u00f3n.","canonical":"https:\/\/www.boxrepsol.com\/es\/rally\/remontada-espectacular-de-isidre-esteve-en-la-baja-aragon\/","og_locale":"es_ES","og_type":"article","og_title":"Remontada espectacular de Isidre Esteve en la Baja Arag\u00f3n - Box Repsol","og_description":"Descubre c\u00f3mo Isidre Estevez super\u00f3 los desaf\u00edos y logr\u00f3 un impresionante desempe\u00f1o en este apasionante competici\u00f3n.","og_url":"https:\/\/www.boxrepsol.com\/es\/rally\/remontada-espectacular-de-isidre-esteve-en-la-baja-aragon\/","og_site_name":"Box Repsol","article_publisher":"https:\/\/www.facebook.com\/BoxRepsol","article_author":"https:\/\/www.facebook.com\/BoxRepsol\/","article_published_time":"2023-07-21T20:43:01+00:00","article_modified_time":"2024-10-07T13:15:47+00:00","og_image":[{"width":1280,"height":601,"url":"https:\/\/bxrepsol.s3.eu-west-1.amazonaws.com\/static\/2023\/07\/21183824\/Isidre_Esteve_Baja_Aragon_2023_E1_3-copiaaper.jpg","type":"image\/jpeg"}],"author":"Redacci\u00f3n Box Repsol","twitter_card":"summary_large_image","twitter_creator":"@https:\/\/twitter.com\/box_repsol","twitter_site":"@box_repsol","twitter_misc":{"Written by":"Redacci\u00f3n Box Repsol","Est. reading time":"4 minutos"},"schema":{"@context":"https:\/\/schema.org","@graph":[{"@type":"Article","@id":"https:\/\/www.boxrepsol.com\/es\/rally\/remontada-espectacular-de-isidre-esteve-en-la-baja-aragon\/#article","isPartOf":{"@id":"https:\/\/www.boxrepsol.com\/es\/rally\/remontada-espectacular-de-isidre-esteve-en-la-baja-aragon\/"},"author":{"name":"Redacci\u00f3n Box Repsol","@id":"https:\/\/www.boxrepsol.com\/es\/#\/schema\/person\/c5c2138f2cca251b0ad92b7086bb60b7"},"headline":"Remontada espectacular de Isidre Esteve en la Baja Arag\u00f3n","datePublished":"2023-07-21T20:43:01+00:00","dateModified":"2024-10-07T13:15:47+00:00","mainEntityOfPage":{"@id":"https:\/\/www.boxrepsol.com\/es\/rally\/remontada-espectacular-de-isidre-esteve-en-la-baja-aragon\/"},"wordCount":737,"commentCount":0,"publisher":{"@id":"https:\/\/www.boxrepsol.com\/es\/#organization"},"image":{"@id":"https:\/\/www.boxrepsol.com\/es\/rally\/remontada-espectacular-de-isidre-esteve-en-la-baja-aragon\/#primaryimage"},"thumbnailUrl":"https:\/\/bxrepsol.s3.eu-west-1.amazonaws.com\/static\/2023\/07\/21183824\/Isidre_Esteve_Baja_Aragon_2023_E1_3-copiaaper.jpg","articleSection":["Rally"],"inLanguage":"es","potentialAction":[{"@type":"CommentAction","name":"Comment","target":["https:\/\/www.boxrepsol.com\/es\/rally\/remontada-espectacular-de-isidre-esteve-en-la-baja-aragon\/#respond"]}]},{"@type":"WebPage","@id":"https:\/\/www.boxrepsol.com\/es\/rally\/remontada-espectacular-de-isidre-esteve-en-la-baja-aragon\/","url":"https:\/\/www.boxrepsol.com\/es\/rally\/remontada-espectacular-de-isidre-esteve-en-la-baja-aragon\/","name":"Remontada espectacular de Isidre Esteve en la Baja Arag\u00f3n - Box Repsol","isPartOf":{"@id":"https:\/\/www.boxrepsol.com\/es\/#website"},"primaryImageOfPage":{"@id":"https:\/\/www.boxrepsol.com\/es\/rally\/remontada-espectacular-de-isidre-esteve-en-la-baja-aragon\/#primaryimage"},"image":{"@id":"https:\/\/www.boxrepsol.com\/es\/rally\/remontada-espectacular-de-isidre-esteve-en-la-baja-aragon\/#primaryimage"},"thumbnailUrl":"https:\/\/bxrepsol.s3.eu-west-1.amazonaws.com\/static\/2023\/07\/21183824\/Isidre_Esteve_Baja_Aragon_2023_E1_3-copiaaper.jpg","datePublished":"2023-07-21T20:43:01+00:00","dateModified":"2024-10-07T13:15:47+00:00","description":"Descubre c\u00f3mo Isidre Estevez super\u00f3 los desaf\u00edos y logr\u00f3 un impresionante desempe\u00f1o en este apasionante competici\u00f3n.","breadcrumb":{"@id":"https:\/\/www.boxrepsol.com\/es\/rally\/remontada-espectacular-de-isidre-esteve-en-la-baja-aragon\/#breadcrumb"},"inLanguage":"es","potentialAction":[{"@type":"ReadAction","target":["https:\/\/www.boxrepsol.com\/es\/rally\/remontada-espectacular-de-isidre-esteve-en-la-baja-aragon\/"]}]},{"@type":"ImageObject","inLanguage":"es","@id":"https:\/\/www.boxrepsol.com\/es\/rally\/remontada-espectacular-de-isidre-esteve-en-la-baja-aragon\/#primaryimage","url":"https:\/\/bxrepsol.s3.eu-west-1.amazonaws.com\/static\/2023\/07\/21183824\/Isidre_Esteve_Baja_Aragon_2023_E1_3-copiaaper.jpg","contentUrl":"https:\/\/bxrepsol.s3.eu-west-1.amazonaws.com\/static\/2023\/07\/21183824\/Isidre_Esteve_Baja_Aragon_2023_E1_3-copiaaper.jpg","width":1280,"height":601},{"@type":"BreadcrumbList","@id":"https:\/\/www.boxrepsol.com\/es\/rally\/remontada-espectacular-de-isidre-esteve-en-la-baja-aragon\/#breadcrumb","itemListElement":[{"@type":"ListItem","position":1,"name":"Home","item":"https:\/\/www.boxrepsol.com\/es\/"},{"@type":"ListItem","position":2,"name":"Remontada espectacular de Isidre Esteve en la Baja Arag\u00f3n"}]},{"@type":"WebSite","@id":"https:\/\/www.boxrepsol.com\/es\/#website","url":"https:\/\/www.boxrepsol.com\/es\/","name":"Box Repsol","description":"Box Repsol Site","publisher":{"@id":"https:\/\/www.boxrepsol.com\/es\/#organization"},"potentialAction":[{"@type":"SearchAction","target":{"@type":"EntryPoint","urlTemplate":"https:\/\/www.boxrepsol.com\/es\/?s={search_term_string}"},"query-input":{"@type":"PropertyValueSpecification","valueRequired":true,"valueName":"search_term_string"}}],"inLanguage":"es"},{"@type":"Organization","@id":"https:\/\/www.boxrepsol.com\/es\/#organization","name":"Box Repsol","url":"https:\/\/www.boxrepsol.com\/es\/","logo":{"@type":"ImageObject","inLanguage":"es","@id":"https:\/\/www.boxrepsol.com\/es\/#\/schema\/logo\/image\/","url":"https:\/\/bxrepsol.s3.eu-west-1.amazonaws.com\/static\/2025\/07\/30083337\/favicon-96x96-1.png","contentUrl":"https:\/\/bxrepsol.s3.eu-west-1.amazonaws.com\/static\/2025\/07\/30083337\/favicon-96x96-1.png","width":96,"height":96,"caption":"Box Repsol"},"image":{"@id":"https:\/\/www.boxrepsol.com\/es\/#\/schema\/logo\/image\/"},"sameAs":["https:\/\/www.facebook.com\/BoxRepsol","https:\/\/x.com\/box_repsol","http:\/\/instagram.com\/box_repsol","https:\/\/www.youtube.com\/user\/RepsolCompeticion","https:\/\/www.flickr.com\/photos\/box_repsol\/"]},{"@type":"Person","@id":"https:\/\/www.boxrepsol.com\/es\/#\/schema\/person\/c5c2138f2cca251b0ad92b7086bb60b7","name":"Redacci\u00f3n Box Repsol","image":{"@type":"ImageObject","inLanguage":"es","@id":"https:\/\/secure.gravatar.com\/avatar\/adf7b77e38b4419baf32c7e9c21dde01f4e40df611f0978e3006fc4ba0aaab7e?s=96&d=mm&r=g","url":"https:\/\/secure.gravatar.com\/avatar\/adf7b77e38b4419baf32c7e9c21dde01f4e40df611f0978e3006fc4ba0aaab7e?s=96&d=mm&r=g","contentUrl":"https:\/\/secure.gravatar.com\/avatar\/adf7b77e38b4419baf32c7e9c21dde01f4e40df611f0978e3006fc4ba0aaab7e?s=96&d=mm&r=g","caption":"Redacci\u00f3n Box Repsol"},"description":"Box Repsol lo forma un equipo de periodistas, community managers, dise\u00f1adores y fot\u00f3grafos con m\u00e1s de 20 a\u00f1os de experiencia en el mundo del motorsport. Hemos vivido el primer mundial de un espa\u00f1ol en la categor\u00eda reina de motociclismo con \u00c1lex Crivill\u00e9, estuvimos en las victorias de Pedrosa y los t\u00edtulos de M\u00e1rquez, acompa\u00f1amos en \u00c1frica a Nani Roma y Marc Coma en sus conquistas del Dakar y hemos vibrado con los t\u00edtulos de Toni Bou en Trial. Adem\u00e1s, en nuestro equipo contamos con expertos en el mundo de las dos y cuatro ruedas tanto de la calle y las carreteras, como de los circuitos. Periodistas que han trabajado en revistas y publicaciones para hacerte llegar desde rutas y consejos de mantenimiento, a curiosidades y trucos de pilotaje.","sameAs":["https:\/\/www.facebook.com\/BoxRepsol\/","https:\/\/www.instagram.com\/box_repsol\/","https:\/\/x.com\/https:\/\/twitter.com\/box_repsol","https:\/\/www.youtube.com\/@Boxrepsol"],"url":"https:\/\/www.boxrepsol.com\/es\/author\/redaccion-box-repsol\/"}]}},"_links":{"self":[{"href":"https:\/\/www.boxrepsol.com\/es\/wp-json\/wp\/v2\/posts\/104137","targetHints":{"allow":["GET"]}}],"collection":[{"href":"https:\/\/www.boxrepsol.com\/es\/wp-json\/wp\/v2\/posts"}],"about":[{"href":"https:\/\/www.boxrepsol.com\/es\/wp-json\/wp\/v2\/types\/post"}],"author":[{"embeddable":true,"href":"https:\/\/www.boxrepsol.com\/es\/wp-json\/wp\/v2\/users\/43146"}],"replies":[{"embeddable":true,"href":"https:\/\/www.boxrepsol.com\/es\/wp-json\/wp\/v2\/comments?post=104137"}],"version-history":[{"count":3,"href":"https:\/\/www.boxrepsol.com\/es\/wp-json\/wp\/v2\/posts\/104137\/revisions"}],"predecessor-version":[{"id":120688,"href":"https:\/\/www.boxrepsol.com\/es\/wp-json\/wp\/v2\/posts\/104137\/revisions\/120688"}],"wp:featuredmedia":[{"embeddable":true,"href":"https:\/\/www.boxrepsol.com\/es\/wp-json\/wp\/v2\/media\/104138"}],"wp:attachment":[{"href":"https:\/\/www.boxrepsol.com\/es\/wp-json\/wp\/v2\/media?parent=104137"}],"wp:term":[{"taxonomy":"category","embeddable":true,"href":"https:\/\/www.boxrepsol.com\/es\/wp-json\/wp\/v2\/categories?post=104137"},{"taxonomy":"post_tag","embeddable":true,"href":"https:\/\/www.boxrepsol.com\/es\/wp-json\/wp\/v2\/tags?post=104137"}],"curies":[{"name":"wp","href":"https:\/\/api.w.org\/{rel}","templated":true}]}}