{"id":104072,"date":"2023-07-19T07:48:23","date_gmt":"2023-07-19T09:48:23","guid":{"rendered":"https:\/\/www.boxrepsol.com\/sin-categorizar\/el-repsol-honda-trial-team-vuelve-a-la-competicion-con-el-trialgp-de-italia\/"},"modified":"2024-04-08T07:14:46","modified_gmt":"2024-04-08T09:14:46","slug":"el-repsol-honda-trial-team-vuelve-a-la-competicion-con-el-trialgp-de-italia","status":"publish","type":"post","link":"https:\/\/www.boxrepsol.com\/es\/trial\/el-repsol-honda-trial-team-vuelve-a-la-competicion-con-el-trialgp-de-italia\/","title":{"rendered":"El Repsol Honda Trial Team vuelve a la competici\u00f3n con el TrialGP de Italia"},"content":{"rendered":"<figure class=\"wp-block-post-featured-image\"><img loading=\"lazy\" decoding=\"async\" width=\"1280\" height=\"601\" src=\"https:\/\/bxrepsol.s3.eu-west-1.amazonaws.com\/static\/2023\/07\/19072349\/TrialGP23_r9_Repsol_07247_ps-scaled-copia.jpg\" class=\"attachment-post-thumbnail size-post-thumbnail wp-post-image\" alt=\"\" style=\"object-fit:cover;\" srcset=\"https:\/\/bxrepsol.s3.eu-west-1.amazonaws.com\/static\/2023\/07\/19072349\/TrialGP23_r9_Repsol_07247_ps-scaled-copia.jpg 1280w, https:\/\/bxrepsol.s3.eu-west-1.amazonaws.com\/static\/2023\/07\/19072349\/TrialGP23_r9_Repsol_07247_ps-scaled-copia-300x141.jpg 300w, https:\/\/bxrepsol.s3.eu-west-1.amazonaws.com\/static\/2023\/07\/19072349\/TrialGP23_r9_Repsol_07247_ps-scaled-copia-1024x481.jpg 1024w, https:\/\/bxrepsol.s3.eu-west-1.amazonaws.com\/static\/2023\/07\/19072349\/TrialGP23_r9_Repsol_07247_ps-scaled-copia-768x361.jpg 768w\" sizes=\"auto, (max-width: 1280px) 100vw, 1280px\" \/><\/figure>\n\n\n<p>Vuelve este fin de semana el Mundial de TrialGP. La ronda seis de la temporada se celebrar\u00e1 en la localidad de Sestriere despu\u00e9s de veinte a\u00f1os de ausencia en el calendario. La famosa estaci\u00f3n de esqu\u00ed situada en los Alpes italianos ser\u00e1 la sede de la pen\u00faltima prueba del campeonato, lo que supondr\u00e1 un reto para los participantes ya que tendr\u00e1 la dificultad a\u00f1adida de la altitud que ser\u00e1 superior a la de Andorra.<\/p>\n\n\n\n<p>Toni Bou llega l\u00edder de la clasificaci\u00f3n general con 191 puntos tras encadenar cuatro triunfos consecutivos en San Marino y Andorra. El vigente campe\u00f3n de la disciplina outdoor buscar\u00e1 este fin de semana consolidarse en la primera posici\u00f3n de la general y continuar con su racha de victorias. El del Repsol Honda nunca ha conseguido un podio en Sestriere, ya que solo ha competido all\u00ed con el Mundial de TrialGP en su primer a\u00f1o en el campeonato, por lo que su objetivo ser\u00e1 inaugurar su palmar\u00e9s en la localidad italiana.<\/p>\n\n\n\n<p>Actualmente Gabriel Marcelli es tercero en la general con 133 puntos. Ser\u00e1 la primera vez que el piloto del Repsol Honda Trial Team compita en Sestriere y su objetivo ser\u00e1 volver al podio y luchar por las primeras posiciones en las dos rondas que se disputar\u00e1n el fin de semana. Marcelli viene de conseguir dos podios consecutivos en el Campeonato de Espa\u00f1a de Trial y buscar\u00e1 continuar en la misma l\u00ednea de buenos resultados. La cita italiana ser\u00e1 la \u00faltima antes del par\u00f3n veraniego, por lo que ser\u00e1 importante para ambos pilotos del Repsol Honda Trial Team recoger los m\u00e1ximos puntos posibles para asentar sus posiciones en la general. Las verificaciones t\u00e9cnicas y administrativas, as\u00ed como el entrenamiento y visita de zonas se llevar\u00e1n a cabo el viernes. El s\u00e1bado y domingo a partir de las 09:00 horas dar\u00e1 comienzo la competici\u00f3n.<\/p>\n\n\n\n<h2 class=\"wp-block-heading\"><strong>Declaraciones<\/strong><\/h2>\n\n\n\n<h3 class=\"wp-block-heading\"><strong>Toni Bou<\/strong><\/h3>\n\n\n\n<p>\u00abI have only competed once in Sestriere on my own, in my first year in the championship, and on one occasion in the World Cup of Nations, so I have never been able to get an individual victory there. I would love to inaugurate my record there this weekend. I tend to like competitions in Italy a lot so our goal will be to win. I look forward to both races: We want to continue the good run of results. It will be a difficult competition due to the altitude, but the team have done a good job and we will give 100%. It is a very tight championship and it will be important not to make mistakes.\u00bb<\/p>\n\n\n\n<h3 class=\"wp-block-heading\"><strong>Gabriel Marcelli<\/strong><\/h3>\n\n\n\n<p>\u00abBeing on the podium twice in Pobladura, after the heavy crash I had in training, gives me confidence and motivation for the two races in Sestriere. It will be a contest in which the altitude will greatly influence things, so arriving with a good setup for the bike is important. In this type of competition, bikes lose a lot of power, so it will be vital to be ready when we arrive. The altitude will be an important factor compared to the rest of the races we have had throughout the season and the team have done a good job to get everything ready. As always, our objective will be to fight for the top positions and seek the best result possible.\u00bb<\/p>\n\n\n\n<div id=\"3d92328d-49cc-4457-a48f-e87bc20a0468\" class=\"br-slider-box\"><div class=\"wp-block-create-block-repsol-carousel br-slider\"><a target=\"_blank\" href=\"https:\/\/bxrepsol.s3.eu-west-1.amazonaws.com\/static\/2023\/07\/19074635\/64b7940fb8a219.55844681.jpg\" data-index=\"0\" rel=\"noopener\"><img decoding=\"async\" src=\"https:\/\/bxrepsol.s3.eu-west-1.amazonaws.com\/static\/2023\/07\/19074635\/64b7940fb8a219.55844681.jpg\"\/><\/a><a target=\"_blank\" href=\"https:\/\/bxrepsol.s3.eu-west-1.amazonaws.com\/static\/2023\/07\/19074634\/64ae5444473e73.87314461.jpg\" data-index=\"1\" rel=\"noopener\"><img decoding=\"async\" src=\"https:\/\/bxrepsol.s3.eu-west-1.amazonaws.com\/static\/2023\/07\/19074634\/64ae5444473e73.87314461.jpg\"\/><\/a><a target=\"_blank\" href=\"https:\/\/bxrepsol.s3.eu-west-1.amazonaws.com\/static\/2023\/07\/19074633\/64ae54358b9e51.81368198.jpg\" data-index=\"2\" rel=\"noopener\"><img decoding=\"async\" src=\"https:\/\/bxrepsol.s3.eu-west-1.amazonaws.com\/static\/2023\/07\/19074633\/64ae54358b9e51.81368198.jpg\"\/><\/a><a target=\"_blank\" href=\"https:\/\/bxrepsol.s3.eu-west-1.amazonaws.com\/static\/2023\/07\/19074632\/64ae544ca69254.83899535.jpg\" data-index=\"3\" rel=\"noopener\"><img decoding=\"async\" src=\"https:\/\/bxrepsol.s3.eu-west-1.amazonaws.com\/static\/2023\/07\/19074632\/64ae544ca69254.83899535.jpg\"\/><\/a><a target=\"_blank\" href=\"https:\/\/bxrepsol.s3.eu-west-1.amazonaws.com\/static\/2023\/07\/19074631\/64ae543ee04502.86100791.jpg\" data-index=\"4\" rel=\"noopener\"><img decoding=\"async\" src=\"https:\/\/bxrepsol.s3.eu-west-1.amazonaws.com\/static\/2023\/07\/19074631\/64ae543ee04502.86100791.jpg\"\/><\/a><\/div><div class=\"br-slider-buttons\"><button class=\"arrow rds-icon arrow--left rds-icon-Arrow_left\"><\/button><button class=\"arrow rds-icon arrow--right rds-icon-Arrow_right\"><\/button><\/div><\/div>\n","protected":false},"excerpt":{"rendered":"<p>Toni Bou llega a la cita de Sestriere l\u00edder del campeonato y Gabriel Marcelli cierra el top 3 de la clasificaci\u00f3n general.<\/p>\n","protected":false},"author":43146,"featured_media":104055,"comment_status":"open","ping_status":"open","sticky":false,"template":"","format":"standard","meta":{"footnotes":""},"categories":[23],"tags":[8,305],"class_list":["post-104072","post","type-post","status-publish","format-standard","hentry","category-trial","tag-repsol-honda-team","tag-trialgp"],"yoast_head":"<!-- This site is optimized with the Yoast SEO plugin v27.3 - https:\/\/yoast.com\/product\/yoast-seo-wordpress\/ -->\n<title>El Repsol Honda Trial Team vuelve a la competici\u00f3n con el TrialGP de Italia - Box Repsol<\/title>\n<link rel=\"canonical\" href=\"https:\/\/www.boxrepsol.com\/es\/trial\/el-repsol-honda-trial-team-vuelve-a-la-competicion-con-el-trialgp-de-italia\/\" \/>\n<meta property=\"og:locale\" content=\"es_ES\" \/>\n<meta property=\"og:type\" content=\"article\" \/>\n<meta property=\"og:title\" content=\"El Repsol Honda Trial Team vuelve a la competici\u00f3n con el TrialGP de Italia - Box Repsol\" \/>\n<meta property=\"og:description\" content=\"Toni Bou llega a la cita de Sestriere l\u00edder del campeonato y Gabriel Marcelli cierra el top 3 de la clasificaci\u00f3n general.\" \/>\n<meta property=\"og:url\" content=\"https:\/\/www.boxrepsol.com\/es\/trial\/el-repsol-honda-trial-team-vuelve-a-la-competicion-con-el-trialgp-de-italia\/\" \/>\n<meta property=\"og:site_name\" content=\"Box Repsol\" \/>\n<meta property=\"article:publisher\" content=\"https:\/\/www.facebook.com\/BoxRepsol\" \/>\n<meta property=\"article:author\" content=\"https:\/\/www.facebook.com\/BoxRepsol\/\" \/>\n<meta property=\"article:published_time\" content=\"2023-07-19T09:48:23+00:00\" \/>\n<meta property=\"article:modified_time\" content=\"2024-04-08T09:14:46+00:00\" \/>\n<meta property=\"og:image\" content=\"https:\/\/bxrepsol.s3.eu-west-1.amazonaws.com\/static\/2023\/07\/19072349\/TrialGP23_r9_Repsol_07247_ps-scaled-copia.jpg\" \/>\n\t<meta property=\"og:image:width\" content=\"1280\" \/>\n\t<meta property=\"og:image:height\" content=\"601\" \/>\n\t<meta property=\"og:image:type\" content=\"image\/jpeg\" \/>\n<meta name=\"author\" content=\"Redacci\u00f3n Box Repsol\" \/>\n<meta name=\"twitter:card\" content=\"summary_large_image\" \/>\n<meta name=\"twitter:creator\" content=\"@https:\/\/twitter.com\/box_repsol\" \/>\n<meta name=\"twitter:site\" content=\"@box_repsol\" \/>\n<meta name=\"twitter:label1\" content=\"Written by\" \/>\n\t<meta name=\"twitter:data1\" content=\"Redacci\u00f3n Box Repsol\" \/>\n\t<meta name=\"twitter:label2\" content=\"Est. reading time\" \/>\n\t<meta name=\"twitter:data2\" content=\"3 minutos\" \/>\n<script type=\"application\/ld+json\" class=\"yoast-schema-graph\">{\"@context\":\"https:\\\/\\\/schema.org\",\"@graph\":[{\"@type\":\"Article\",\"@id\":\"https:\\\/\\\/www.boxrepsol.com\\\/es\\\/trial\\\/el-repsol-honda-trial-team-vuelve-a-la-competicion-con-el-trialgp-de-italia\\\/#article\",\"isPartOf\":{\"@id\":\"https:\\\/\\\/www.boxrepsol.com\\\/es\\\/trial\\\/el-repsol-honda-trial-team-vuelve-a-la-competicion-con-el-trialgp-de-italia\\\/\"},\"author\":{\"name\":\"Redacci\u00f3n Box Repsol\",\"@id\":\"https:\\\/\\\/www.boxrepsol.com\\\/es\\\/#\\\/schema\\\/person\\\/c5c2138f2cca251b0ad92b7086bb60b7\"},\"headline\":\"El Repsol Honda Trial Team vuelve a la competici\u00f3n con el TrialGP de Italia\",\"datePublished\":\"2023-07-19T09:48:23+00:00\",\"dateModified\":\"2024-04-08T09:14:46+00:00\",\"mainEntityOfPage\":{\"@id\":\"https:\\\/\\\/www.boxrepsol.com\\\/es\\\/trial\\\/el-repsol-honda-trial-team-vuelve-a-la-competicion-con-el-trialgp-de-italia\\\/\"},\"wordCount\":582,\"commentCount\":0,\"publisher\":{\"@id\":\"https:\\\/\\\/www.boxrepsol.com\\\/es\\\/#organization\"},\"image\":{\"@id\":\"https:\\\/\\\/www.boxrepsol.com\\\/es\\\/trial\\\/el-repsol-honda-trial-team-vuelve-a-la-competicion-con-el-trialgp-de-italia\\\/#primaryimage\"},\"thumbnailUrl\":\"https:\\\/\\\/bxrepsol.s3.eu-west-1.amazonaws.com\\\/static\\\/2023\\\/07\\\/19072349\\\/TrialGP23_r9_Repsol_07247_ps-scaled-copia.jpg\",\"keywords\":[\"Repsol Honda Team\",\"TrialGP\"],\"articleSection\":[\"Trial\"],\"inLanguage\":\"es\",\"potentialAction\":[{\"@type\":\"CommentAction\",\"name\":\"Comment\",\"target\":[\"https:\\\/\\\/www.boxrepsol.com\\\/es\\\/trial\\\/el-repsol-honda-trial-team-vuelve-a-la-competicion-con-el-trialgp-de-italia\\\/#respond\"]}]},{\"@type\":\"WebPage\",\"@id\":\"https:\\\/\\\/www.boxrepsol.com\\\/es\\\/trial\\\/el-repsol-honda-trial-team-vuelve-a-la-competicion-con-el-trialgp-de-italia\\\/\",\"url\":\"https:\\\/\\\/www.boxrepsol.com\\\/es\\\/trial\\\/el-repsol-honda-trial-team-vuelve-a-la-competicion-con-el-trialgp-de-italia\\\/\",\"name\":\"El Repsol Honda Trial Team vuelve a la competici\u00f3n con el TrialGP de Italia - Box Repsol\",\"isPartOf\":{\"@id\":\"https:\\\/\\\/www.boxrepsol.com\\\/es\\\/#website\"},\"primaryImageOfPage\":{\"@id\":\"https:\\\/\\\/www.boxrepsol.com\\\/es\\\/trial\\\/el-repsol-honda-trial-team-vuelve-a-la-competicion-con-el-trialgp-de-italia\\\/#primaryimage\"},\"image\":{\"@id\":\"https:\\\/\\\/www.boxrepsol.com\\\/es\\\/trial\\\/el-repsol-honda-trial-team-vuelve-a-la-competicion-con-el-trialgp-de-italia\\\/#primaryimage\"},\"thumbnailUrl\":\"https:\\\/\\\/bxrepsol.s3.eu-west-1.amazonaws.com\\\/static\\\/2023\\\/07\\\/19072349\\\/TrialGP23_r9_Repsol_07247_ps-scaled-copia.jpg\",\"datePublished\":\"2023-07-19T09:48:23+00:00\",\"dateModified\":\"2024-04-08T09:14:46+00:00\",\"breadcrumb\":{\"@id\":\"https:\\\/\\\/www.boxrepsol.com\\\/es\\\/trial\\\/el-repsol-honda-trial-team-vuelve-a-la-competicion-con-el-trialgp-de-italia\\\/#breadcrumb\"},\"inLanguage\":\"es\",\"potentialAction\":[{\"@type\":\"ReadAction\",\"target\":[\"https:\\\/\\\/www.boxrepsol.com\\\/es\\\/trial\\\/el-repsol-honda-trial-team-vuelve-a-la-competicion-con-el-trialgp-de-italia\\\/\"]}]},{\"@type\":\"ImageObject\",\"inLanguage\":\"es\",\"@id\":\"https:\\\/\\\/www.boxrepsol.com\\\/es\\\/trial\\\/el-repsol-honda-trial-team-vuelve-a-la-competicion-con-el-trialgp-de-italia\\\/#primaryimage\",\"url\":\"https:\\\/\\\/bxrepsol.s3.eu-west-1.amazonaws.com\\\/static\\\/2023\\\/07\\\/19072349\\\/TrialGP23_r9_Repsol_07247_ps-scaled-copia.jpg\",\"contentUrl\":\"https:\\\/\\\/bxrepsol.s3.eu-west-1.amazonaws.com\\\/static\\\/2023\\\/07\\\/19072349\\\/TrialGP23_r9_Repsol_07247_ps-scaled-copia.jpg\",\"width\":1280,\"height\":601},{\"@type\":\"BreadcrumbList\",\"@id\":\"https:\\\/\\\/www.boxrepsol.com\\\/es\\\/trial\\\/el-repsol-honda-trial-team-vuelve-a-la-competicion-con-el-trialgp-de-italia\\\/#breadcrumb\",\"itemListElement\":[{\"@type\":\"ListItem\",\"position\":1,\"name\":\"Home\",\"item\":\"https:\\\/\\\/www.boxrepsol.com\\\/es\\\/\"},{\"@type\":\"ListItem\",\"position\":2,\"name\":\"El Repsol Honda Trial Team vuelve a la competici\u00f3n con el TrialGP de Italia\"}]},{\"@type\":\"WebSite\",\"@id\":\"https:\\\/\\\/www.boxrepsol.com\\\/es\\\/#website\",\"url\":\"https:\\\/\\\/www.boxrepsol.com\\\/es\\\/\",\"name\":\"Box Repsol\",\"description\":\"Box Repsol Site\",\"publisher\":{\"@id\":\"https:\\\/\\\/www.boxrepsol.com\\\/es\\\/#organization\"},\"potentialAction\":[{\"@type\":\"SearchAction\",\"target\":{\"@type\":\"EntryPoint\",\"urlTemplate\":\"https:\\\/\\\/www.boxrepsol.com\\\/es\\\/?s={search_term_string}\"},\"query-input\":{\"@type\":\"PropertyValueSpecification\",\"valueRequired\":true,\"valueName\":\"search_term_string\"}}],\"inLanguage\":\"es\"},{\"@type\":\"Organization\",\"@id\":\"https:\\\/\\\/www.boxrepsol.com\\\/es\\\/#organization\",\"name\":\"Box Repsol\",\"url\":\"https:\\\/\\\/www.boxrepsol.com\\\/es\\\/\",\"logo\":{\"@type\":\"ImageObject\",\"inLanguage\":\"es\",\"@id\":\"https:\\\/\\\/www.boxrepsol.com\\\/es\\\/#\\\/schema\\\/logo\\\/image\\\/\",\"url\":\"https:\\\/\\\/bxrepsol.s3.eu-west-1.amazonaws.com\\\/static\\\/2025\\\/07\\\/30083337\\\/favicon-96x96-1.png\",\"contentUrl\":\"https:\\\/\\\/bxrepsol.s3.eu-west-1.amazonaws.com\\\/static\\\/2025\\\/07\\\/30083337\\\/favicon-96x96-1.png\",\"width\":96,\"height\":96,\"caption\":\"Box Repsol\"},\"image\":{\"@id\":\"https:\\\/\\\/www.boxrepsol.com\\\/es\\\/#\\\/schema\\\/logo\\\/image\\\/\"},\"sameAs\":[\"https:\\\/\\\/www.facebook.com\\\/BoxRepsol\",\"https:\\\/\\\/x.com\\\/box_repsol\",\"http:\\\/\\\/instagram.com\\\/box_repsol\",\"https:\\\/\\\/www.youtube.com\\\/user\\\/RepsolCompeticion\",\"https:\\\/\\\/www.flickr.com\\\/photos\\\/box_repsol\\\/\"]},{\"@type\":\"Person\",\"@id\":\"https:\\\/\\\/www.boxrepsol.com\\\/es\\\/#\\\/schema\\\/person\\\/c5c2138f2cca251b0ad92b7086bb60b7\",\"name\":\"Redacci\u00f3n Box Repsol\",\"image\":{\"@type\":\"ImageObject\",\"inLanguage\":\"es\",\"@id\":\"https:\\\/\\\/secure.gravatar.com\\\/avatar\\\/adf7b77e38b4419baf32c7e9c21dde01f4e40df611f0978e3006fc4ba0aaab7e?s=96&d=mm&r=g\",\"url\":\"https:\\\/\\\/secure.gravatar.com\\\/avatar\\\/adf7b77e38b4419baf32c7e9c21dde01f4e40df611f0978e3006fc4ba0aaab7e?s=96&d=mm&r=g\",\"contentUrl\":\"https:\\\/\\\/secure.gravatar.com\\\/avatar\\\/adf7b77e38b4419baf32c7e9c21dde01f4e40df611f0978e3006fc4ba0aaab7e?s=96&d=mm&r=g\",\"caption\":\"Redacci\u00f3n Box Repsol\"},\"description\":\"Box Repsol lo forma un equipo de periodistas, community managers, dise\u00f1adores y fot\u00f3grafos con m\u00e1s de 20 a\u00f1os de experiencia en el mundo del motorsport. Hemos vivido el primer mundial de un espa\u00f1ol en la categor\u00eda reina de motociclismo con \u00c1lex Crivill\u00e9, estuvimos en las victorias de Pedrosa y los t\u00edtulos de M\u00e1rquez, acompa\u00f1amos en \u00c1frica a Nani Roma y Marc Coma en sus conquistas del Dakar y hemos vibrado con los t\u00edtulos de Toni Bou en Trial. Adem\u00e1s, en nuestro equipo contamos con expertos en el mundo de las dos y cuatro ruedas tanto de la calle y las carreteras, como de los circuitos. Periodistas que han trabajado en revistas y publicaciones para hacerte llegar desde rutas y consejos de mantenimiento, a curiosidades y trucos de pilotaje.\",\"sameAs\":[\"https:\\\/\\\/www.facebook.com\\\/BoxRepsol\\\/\",\"https:\\\/\\\/www.instagram.com\\\/box_repsol\\\/\",\"https:\\\/\\\/x.com\\\/https:\\\/\\\/twitter.com\\\/box_repsol\",\"https:\\\/\\\/www.youtube.com\\\/@Boxrepsol\"],\"url\":\"https:\\\/\\\/www.boxrepsol.com\\\/es\\\/author\\\/redaccion-box-repsol\\\/\"}]}<\/script>\n<!-- \/ Yoast SEO plugin. -->","yoast_head_json":{"title":"El Repsol Honda Trial Team vuelve a la competici\u00f3n con el TrialGP de Italia - Box Repsol","canonical":"https:\/\/www.boxrepsol.com\/es\/trial\/el-repsol-honda-trial-team-vuelve-a-la-competicion-con-el-trialgp-de-italia\/","og_locale":"es_ES","og_type":"article","og_title":"El Repsol Honda Trial Team vuelve a la competici\u00f3n con el TrialGP de Italia - Box Repsol","og_description":"Toni Bou llega a la cita de Sestriere l\u00edder del campeonato y Gabriel Marcelli cierra el top 3 de la clasificaci\u00f3n general.","og_url":"https:\/\/www.boxrepsol.com\/es\/trial\/el-repsol-honda-trial-team-vuelve-a-la-competicion-con-el-trialgp-de-italia\/","og_site_name":"Box Repsol","article_publisher":"https:\/\/www.facebook.com\/BoxRepsol","article_author":"https:\/\/www.facebook.com\/BoxRepsol\/","article_published_time":"2023-07-19T09:48:23+00:00","article_modified_time":"2024-04-08T09:14:46+00:00","og_image":[{"width":1280,"height":601,"url":"https:\/\/bxrepsol.s3.eu-west-1.amazonaws.com\/static\/2023\/07\/19072349\/TrialGP23_r9_Repsol_07247_ps-scaled-copia.jpg","type":"image\/jpeg"}],"author":"Redacci\u00f3n Box Repsol","twitter_card":"summary_large_image","twitter_creator":"@https:\/\/twitter.com\/box_repsol","twitter_site":"@box_repsol","twitter_misc":{"Written by":"Redacci\u00f3n Box Repsol","Est. reading time":"3 minutos"},"schema":{"@context":"https:\/\/schema.org","@graph":[{"@type":"Article","@id":"https:\/\/www.boxrepsol.com\/es\/trial\/el-repsol-honda-trial-team-vuelve-a-la-competicion-con-el-trialgp-de-italia\/#article","isPartOf":{"@id":"https:\/\/www.boxrepsol.com\/es\/trial\/el-repsol-honda-trial-team-vuelve-a-la-competicion-con-el-trialgp-de-italia\/"},"author":{"name":"Redacci\u00f3n Box Repsol","@id":"https:\/\/www.boxrepsol.com\/es\/#\/schema\/person\/c5c2138f2cca251b0ad92b7086bb60b7"},"headline":"El Repsol Honda Trial Team vuelve a la competici\u00f3n con el TrialGP de Italia","datePublished":"2023-07-19T09:48:23+00:00","dateModified":"2024-04-08T09:14:46+00:00","mainEntityOfPage":{"@id":"https:\/\/www.boxrepsol.com\/es\/trial\/el-repsol-honda-trial-team-vuelve-a-la-competicion-con-el-trialgp-de-italia\/"},"wordCount":582,"commentCount":0,"publisher":{"@id":"https:\/\/www.boxrepsol.com\/es\/#organization"},"image":{"@id":"https:\/\/www.boxrepsol.com\/es\/trial\/el-repsol-honda-trial-team-vuelve-a-la-competicion-con-el-trialgp-de-italia\/#primaryimage"},"thumbnailUrl":"https:\/\/bxrepsol.s3.eu-west-1.amazonaws.com\/static\/2023\/07\/19072349\/TrialGP23_r9_Repsol_07247_ps-scaled-copia.jpg","keywords":["Repsol Honda Team","TrialGP"],"articleSection":["Trial"],"inLanguage":"es","potentialAction":[{"@type":"CommentAction","name":"Comment","target":["https:\/\/www.boxrepsol.com\/es\/trial\/el-repsol-honda-trial-team-vuelve-a-la-competicion-con-el-trialgp-de-italia\/#respond"]}]},{"@type":"WebPage","@id":"https:\/\/www.boxrepsol.com\/es\/trial\/el-repsol-honda-trial-team-vuelve-a-la-competicion-con-el-trialgp-de-italia\/","url":"https:\/\/www.boxrepsol.com\/es\/trial\/el-repsol-honda-trial-team-vuelve-a-la-competicion-con-el-trialgp-de-italia\/","name":"El Repsol Honda Trial Team vuelve a la competici\u00f3n con el TrialGP de Italia - Box Repsol","isPartOf":{"@id":"https:\/\/www.boxrepsol.com\/es\/#website"},"primaryImageOfPage":{"@id":"https:\/\/www.boxrepsol.com\/es\/trial\/el-repsol-honda-trial-team-vuelve-a-la-competicion-con-el-trialgp-de-italia\/#primaryimage"},"image":{"@id":"https:\/\/www.boxrepsol.com\/es\/trial\/el-repsol-honda-trial-team-vuelve-a-la-competicion-con-el-trialgp-de-italia\/#primaryimage"},"thumbnailUrl":"https:\/\/bxrepsol.s3.eu-west-1.amazonaws.com\/static\/2023\/07\/19072349\/TrialGP23_r9_Repsol_07247_ps-scaled-copia.jpg","datePublished":"2023-07-19T09:48:23+00:00","dateModified":"2024-04-08T09:14:46+00:00","breadcrumb":{"@id":"https:\/\/www.boxrepsol.com\/es\/trial\/el-repsol-honda-trial-team-vuelve-a-la-competicion-con-el-trialgp-de-italia\/#breadcrumb"},"inLanguage":"es","potentialAction":[{"@type":"ReadAction","target":["https:\/\/www.boxrepsol.com\/es\/trial\/el-repsol-honda-trial-team-vuelve-a-la-competicion-con-el-trialgp-de-italia\/"]}]},{"@type":"ImageObject","inLanguage":"es","@id":"https:\/\/www.boxrepsol.com\/es\/trial\/el-repsol-honda-trial-team-vuelve-a-la-competicion-con-el-trialgp-de-italia\/#primaryimage","url":"https:\/\/bxrepsol.s3.eu-west-1.amazonaws.com\/static\/2023\/07\/19072349\/TrialGP23_r9_Repsol_07247_ps-scaled-copia.jpg","contentUrl":"https:\/\/bxrepsol.s3.eu-west-1.amazonaws.com\/static\/2023\/07\/19072349\/TrialGP23_r9_Repsol_07247_ps-scaled-copia.jpg","width":1280,"height":601},{"@type":"BreadcrumbList","@id":"https:\/\/www.boxrepsol.com\/es\/trial\/el-repsol-honda-trial-team-vuelve-a-la-competicion-con-el-trialgp-de-italia\/#breadcrumb","itemListElement":[{"@type":"ListItem","position":1,"name":"Home","item":"https:\/\/www.boxrepsol.com\/es\/"},{"@type":"ListItem","position":2,"name":"El Repsol Honda Trial Team vuelve a la competici\u00f3n con el TrialGP de Italia"}]},{"@type":"WebSite","@id":"https:\/\/www.boxrepsol.com\/es\/#website","url":"https:\/\/www.boxrepsol.com\/es\/","name":"Box Repsol","description":"Box Repsol Site","publisher":{"@id":"https:\/\/www.boxrepsol.com\/es\/#organization"},"potentialAction":[{"@type":"SearchAction","target":{"@type":"EntryPoint","urlTemplate":"https:\/\/www.boxrepsol.com\/es\/?s={search_term_string}"},"query-input":{"@type":"PropertyValueSpecification","valueRequired":true,"valueName":"search_term_string"}}],"inLanguage":"es"},{"@type":"Organization","@id":"https:\/\/www.boxrepsol.com\/es\/#organization","name":"Box Repsol","url":"https:\/\/www.boxrepsol.com\/es\/","logo":{"@type":"ImageObject","inLanguage":"es","@id":"https:\/\/www.boxrepsol.com\/es\/#\/schema\/logo\/image\/","url":"https:\/\/bxrepsol.s3.eu-west-1.amazonaws.com\/static\/2025\/07\/30083337\/favicon-96x96-1.png","contentUrl":"https:\/\/bxrepsol.s3.eu-west-1.amazonaws.com\/static\/2025\/07\/30083337\/favicon-96x96-1.png","width":96,"height":96,"caption":"Box Repsol"},"image":{"@id":"https:\/\/www.boxrepsol.com\/es\/#\/schema\/logo\/image\/"},"sameAs":["https:\/\/www.facebook.com\/BoxRepsol","https:\/\/x.com\/box_repsol","http:\/\/instagram.com\/box_repsol","https:\/\/www.youtube.com\/user\/RepsolCompeticion","https:\/\/www.flickr.com\/photos\/box_repsol\/"]},{"@type":"Person","@id":"https:\/\/www.boxrepsol.com\/es\/#\/schema\/person\/c5c2138f2cca251b0ad92b7086bb60b7","name":"Redacci\u00f3n Box Repsol","image":{"@type":"ImageObject","inLanguage":"es","@id":"https:\/\/secure.gravatar.com\/avatar\/adf7b77e38b4419baf32c7e9c21dde01f4e40df611f0978e3006fc4ba0aaab7e?s=96&d=mm&r=g","url":"https:\/\/secure.gravatar.com\/avatar\/adf7b77e38b4419baf32c7e9c21dde01f4e40df611f0978e3006fc4ba0aaab7e?s=96&d=mm&r=g","contentUrl":"https:\/\/secure.gravatar.com\/avatar\/adf7b77e38b4419baf32c7e9c21dde01f4e40df611f0978e3006fc4ba0aaab7e?s=96&d=mm&r=g","caption":"Redacci\u00f3n Box Repsol"},"description":"Box Repsol lo forma un equipo de periodistas, community managers, dise\u00f1adores y fot\u00f3grafos con m\u00e1s de 20 a\u00f1os de experiencia en el mundo del motorsport. Hemos vivido el primer mundial de un espa\u00f1ol en la categor\u00eda reina de motociclismo con \u00c1lex Crivill\u00e9, estuvimos en las victorias de Pedrosa y los t\u00edtulos de M\u00e1rquez, acompa\u00f1amos en \u00c1frica a Nani Roma y Marc Coma en sus conquistas del Dakar y hemos vibrado con los t\u00edtulos de Toni Bou en Trial. Adem\u00e1s, en nuestro equipo contamos con expertos en el mundo de las dos y cuatro ruedas tanto de la calle y las carreteras, como de los circuitos. Periodistas que han trabajado en revistas y publicaciones para hacerte llegar desde rutas y consejos de mantenimiento, a curiosidades y trucos de pilotaje.","sameAs":["https:\/\/www.facebook.com\/BoxRepsol\/","https:\/\/www.instagram.com\/box_repsol\/","https:\/\/x.com\/https:\/\/twitter.com\/box_repsol","https:\/\/www.youtube.com\/@Boxrepsol"],"url":"https:\/\/www.boxrepsol.com\/es\/author\/redaccion-box-repsol\/"}]}},"_links":{"self":[{"href":"https:\/\/www.boxrepsol.com\/es\/wp-json\/wp\/v2\/posts\/104072","targetHints":{"allow":["GET"]}}],"collection":[{"href":"https:\/\/www.boxrepsol.com\/es\/wp-json\/wp\/v2\/posts"}],"about":[{"href":"https:\/\/www.boxrepsol.com\/es\/wp-json\/wp\/v2\/types\/post"}],"author":[{"embeddable":true,"href":"https:\/\/www.boxrepsol.com\/es\/wp-json\/wp\/v2\/users\/43146"}],"replies":[{"embeddable":true,"href":"https:\/\/www.boxrepsol.com\/es\/wp-json\/wp\/v2\/comments?post=104072"}],"version-history":[{"count":2,"href":"https:\/\/www.boxrepsol.com\/es\/wp-json\/wp\/v2\/posts\/104072\/revisions"}],"predecessor-version":[{"id":104110,"href":"https:\/\/www.boxrepsol.com\/es\/wp-json\/wp\/v2\/posts\/104072\/revisions\/104110"}],"wp:featuredmedia":[{"embeddable":true,"href":"https:\/\/www.boxrepsol.com\/es\/wp-json\/wp\/v2\/media\/104055"}],"wp:attachment":[{"href":"https:\/\/www.boxrepsol.com\/es\/wp-json\/wp\/v2\/media?parent=104072"}],"wp:term":[{"taxonomy":"category","embeddable":true,"href":"https:\/\/www.boxrepsol.com\/es\/wp-json\/wp\/v2\/categories?post=104072"},{"taxonomy":"post_tag","embeddable":true,"href":"https:\/\/www.boxrepsol.com\/es\/wp-json\/wp\/v2\/tags?post=104072"}],"curies":[{"name":"wp","href":"https:\/\/api.w.org\/{rel}","templated":true}]}}