{"id":103577,"date":"2023-06-23T06:02:23","date_gmt":"2023-06-23T08:02:23","guid":{"rendered":"https:\/\/www.boxrepsol.com\/?p=103577"},"modified":"2024-04-08T07:17:46","modified_gmt":"2024-04-08T09:17:46","slug":"madrid-moto-show-horarios-precios","status":"publish","type":"post","link":"https:\/\/www.boxrepsol.com\/es\/motogp\/madrid-moto-show-horarios-precios\/","title":{"rendered":"No te pierdas nada del Madrid Motoshow 2023: horarios, precios y noticias"},"content":{"rendered":"<figure class=\"wp-block-post-featured-image\"><img loading=\"lazy\" decoding=\"async\" width=\"2560\" height=\"2560\" src=\"https:\/\/bxrepsol.s3.eu-west-1.amazonaws.com\/static\/2023\/06\/23055306\/MotoShow_RRSS_1080x1080px-scaled.jpg\" class=\"attachment-post-thumbnail size-post-thumbnail wp-post-image\" alt=\"\" style=\"object-fit:cover;\" srcset=\"https:\/\/bxrepsol.s3.eu-west-1.amazonaws.com\/static\/2023\/06\/23055306\/MotoShow_RRSS_1080x1080px-scaled.jpg 2560w, https:\/\/bxrepsol.s3.eu-west-1.amazonaws.com\/static\/2023\/06\/23055306\/MotoShow_RRSS_1080x1080px-300x300.jpg 300w, https:\/\/bxrepsol.s3.eu-west-1.amazonaws.com\/static\/2023\/06\/23055306\/MotoShow_RRSS_1080x1080px-1024x1024.jpg 1024w, https:\/\/bxrepsol.s3.eu-west-1.amazonaws.com\/static\/2023\/06\/23055306\/MotoShow_RRSS_1080x1080px-150x150.jpg 150w, https:\/\/bxrepsol.s3.eu-west-1.amazonaws.com\/static\/2023\/06\/23055306\/MotoShow_RRSS_1080x1080px-768x768.jpg 768w, https:\/\/bxrepsol.s3.eu-west-1.amazonaws.com\/static\/2023\/06\/23055306\/MotoShow_RRSS_1080x1080px-1536x1536.jpg 1536w, https:\/\/bxrepsol.s3.eu-west-1.amazonaws.com\/static\/2023\/06\/23055306\/MotoShow_RRSS_1080x1080px-2048x2048.jpg 2048w\" sizes=\"auto, (max-width: 2560px) 100vw, 2560px\" \/><\/figure>\n\n\n<p>La Plaza Col\u00f3n de Madrid ser\u00e1 el escenario este fin de semana<strong>, 24 y 25 de junio<\/strong>, <strong>del Madrid Motoshow<\/strong>, una gran fiesta de la moto con la que la Real Federaci\u00f3n Motociclista Espa\u00f1ola celebra su centenario. <strong>El evento ser\u00e1<\/strong> <strong>gratuito<\/strong> y todos los aficionados a las motos podr\u00e1n disfrutar de exhibiciones, exposiciones de marcas, desfiles e incluso la proyecci\u00f3n en directo de las carreras de MotoGP de este fin de semana correspondientes al <a href=\"https:\/\/www.boxrepsol.com\/es\/motogp\/gp-de-holanda-en-assen-gran-premio-en-la-catedral\/\">Gran Premio de Holanda,<\/a> con los comentarios in situ de Dani Pedrosa. Tambi\u00e9n podr\u00e1s <strong>ver de cerca la Honda de MotoGP<\/strong> con la que Marc M\u00e1rquez gan\u00f3 el Mundial de MotoGP en 2019 y la Montesa Cota de Toni Bou, campeona del Mundo de X-Trial y TrialGP en 2019.<\/p>\n\n\n\n<p>La apertura de puertas es <strong>s\u00e1bado y domingo a las 10:00 horas<\/strong>, y permanecer\u00e1 abierto el s\u00e1bado hasta la 20:00 h y el domingo hasta las 18:00.<\/p>\n\n\n\n<p>El programa de actividades es complet\u00edsimo y contar\u00e1 entre otras, con una <strong>exhibici\u00f3n de nuestro Campe\u00f3n del Mundo de X-Trial y TrialGP,<\/strong> <a href=\"https:\/\/www.boxrepsol.com\/es\/equipo-repsol\/toni-bou\/\">Toni Bou,<\/a> el s\u00e1bado y domingo por la tarde, adem\u00e1s de sorteos de entradas a MotoGP, cascos, gafas y otras muchas cosas.<\/p>\n\n\n\n<p>Tambi\u00e9n estar\u00e1n presentes las principales marcas de motos del mercado, para ver y comparar sus \u00faltimos modelos y gamas, adem\u00e1s de espacios de equipamiento, y entidades como ANESDOR y marcas de seguros que completar\u00e1n la experiencia para todos los moteros. Incluso los m\u00e1s peque\u00f1os podr\u00e1n disfrutar de una <strong>escuela de motocross el\u00e9ctrico<\/strong>, y los mayores, <strong>simuladores, charlas y firmas de aut\u00f3grafos.<\/strong><\/p>\n\n\n\n<p><strong>\u00bfD\u00f3nde ser\u00e1 el Madrid Motoshow?<\/strong><\/p>\n\n\n\n<p>Plaza Col\u00f3n, Madrid<\/p>\n\n\n\n<p><strong>Horarios oficiales Madrid Motoshow:<\/strong><\/p>\n\n\n\n<p>S\u00e1bado 24: de 10:00 a 20:00 horas<\/p>\n\n\n\n<p>Domingo 25: de 10:00 a 18:00 horas<\/p>\n\n\n\n<p><strong>Precio de las entradas:<\/strong><\/p>\n\n\n\n<p>La entrada es totalmente gratuita<\/p>\n\n\n\n<h2 class=\"wp-block-heading\"><strong>Programaci\u00f3n del Madrid Motoshow 2023<\/strong><\/h2>\n\n\n\n<h3 class=\"wp-block-heading\"><strong>S\u00c1BADO 24 (Plaza de Col\u00f3n)<\/strong><\/h3>\n\n\n\n<p>10:00 \u2013 Apertura evento e inicio actividad comercial<\/p>\n\n\n\n<p>10:00 a 20:00 \u2013 Contenido de motor en pantalla gigante<\/p>\n\n\n\n<p>11:00 a 20:00 \u2013 Escuela MX Infantil con 814 Army<\/p>\n\n\n\n<p>11:00 a 11:30 \u2013 Exhibici\u00f3n de trial<\/p>\n\n\n\n<p>12:00 \u2013 Conexi\u00f3n con Iv\u00e1n Cervantes<\/p>\n\n\n\n<p>13:00 \u2013 Exhibici\u00f3n de Trial y Presentaci\u00f3n equipos nacionales MX, Trial y Enduro.<\/p>\n\n\n\n<p>14:50 \u2013 MotoGP Carrera Sprint by DAZN con Dani Pedrosa como comentarista.<\/p>\n\n\n\n<p>16:00 \u2013 Firma aut\u00f3grafos Dani Pedrosa (carpa RFME)<\/p>\n\n\n\n<p>17:00 \u2013 Exhibici\u00f3n de trial<\/p>\n\n\n\n<p>18:30 \u2013 Toni Bou \u2013 Show de trial<\/p>\n\n\n\n<p>19:00 \u2013 Firma de aut\u00f3grafos Toni Bou (carpa RFME)<\/p>\n\n\n\n<p>20:00 \u2013 Cierre del evento<\/p>\n\n\n\n<h3 class=\"wp-block-heading\"><strong>DOMINGO 25 (Paseo Recoletos)<\/strong><\/h3>\n\n\n\n<p>10:00 \u2013 Arranque de MotoSHOW<\/p>\n\n\n\n<p><a href=\"https:\/\/www.boxrepsol.com\/es\/motogp\/como-se-organiza-un-paddock-de-motogp\/\"><strong>Paddock zone<\/strong><\/a>: Exposici\u00f3n de camiones de carreras. Firma de aut\u00f3grafos de Mario Rom\u00e1n y Equipos Nacionales (cami\u00f3n RFME), Daniela Guill\u00e9n y Gabriela Seisdedos (cami\u00f3n LastLap) y pilotos Laglisse (cami\u00f3n Laglisse)<\/p>\n\n\n\n<p>Desfile motos 100 a\u00f1os de historia<\/p>\n\n\n\n<p>Exhibici\u00f3n MX Infantil 814 Army<\/p>\n\n\n\n<p>Exhibici\u00f3n pilotos del Dakar<\/p>\n\n\n\n<p>Exhibici\u00f3n pilotos Enduro y Hard Enduro<\/p>\n\n\n\n<p>Exhibici\u00f3n Trial<\/p>\n\n\n\n<p>Exhibici\u00f3n pilotos Motocross<\/p>\n\n\n\n<p>Exhibici\u00f3n pilotos Velocidad<\/p>\n\n\n\n<p>Show Maxitrail: Pol Tarr\u00e9s y Kirian Mirabet<\/p>\n\n\n\n<p>Show Toni Bou<\/p>\n\n\n\n<p>Stunt Emilio Emilio Zamora<\/p>\n\n\n\n<p>Dani Pedrosa<\/p>\n\n\n\n<p>Freestyle en Cibeles<\/p>\n\n\n\n<p>13:00 \u2013 Fin MotoShow<\/p>\n\n\n\n<h3 class=\"wp-block-heading\"><strong>Domingo 25 (Plaza de Col\u00f3n)<\/strong><\/h3>\n\n\n\n<p>10:00 \u2013 Apertura evento e inicio actividad comercial<\/p>\n\n\n\n<p>10:00 a 18:00 Escuela MX Infantil con 814 Army<\/p>\n\n\n\n<p>10:00 a 13:00 \u2013 Retransmisi\u00f3n MotoGP GP Assen y videos historia del motociclismo<\/p>\n\n\n\n<p>13:30 Firma aut\u00f3grafos Kirian Mirabet (carpa Honda)<\/p>\n\n\n\n<p>14:00 \u2013 carrera MOTOGP comentada por Dani Pedrosa<\/p>\n\n\n\n<p>15:00 \u2013 Debate MotoGP con Dani Pedrosa y Toni Bou<\/p>\n\n\n\n<p>15:30 a 16H Masterclass sobre neum\u00e1ticos deportivos Michelin<\/p>\n\n\n\n<p>16:00 \u2013 Firma aut\u00f3grafos Lorenzo Santolino (carpa RFME)<\/p>\n\n\n\n<p>16:00 \u2013 Show Trial<\/p>\n\n\n\n<p>16:30 Entrevista pilotos protagonistas MotoShow<\/p>\n\n\n\n<p>18:00 \u2013 Fin evento Madrid MotoShow 2023<\/p>\n\n\n\n<p>La lista de <strong>exhibiciones de pilotos<\/strong> durante el Madrid Motoshow ser\u00e1 complet\u00edsima: desde Toni Bou en Trial y Dani Pedrosa en MotoGP, hasta exhibiciones de stunt, Freestyle, Dakar, Motocross, enduro y MaxiTrail.<\/p>\n\n\n\n<h2 class=\"wp-block-heading\"><strong>\u00bfQu\u00e9 pilotos acudir\u00e1n al Madrid Motoshow 2023?<\/strong><\/h2>\n\n\n\n<ul class=\"wp-block-list\">\n<li><strong>MotoGP<\/strong>: Dani Pedrosa<\/li>\n\n\n\n<li><strong>Trial<\/strong>: Toni Bou, el Equipo Nacional (Mercad\u00e9, Freixa, Piquer, Crespi, Iglesias, Barrera y Dinar\u00e9s), trial el\u00e9ctrico con Oriol Noguera. FMM: Caturla<\/li>\n\n\n\n<li><strong>Enduro<\/strong>: Mario Rom\u00e1n, Nachete, Equipo Nacional de Enduro (Llu\u00eds Gonfaus y Albert Fontova), Marc Fern\u00e1ndez<\/li>\n\n\n\n<li><strong>MaxiTrail<\/strong>: Pol Tarr\u00e9s y Kirian Mirabet<\/li>\n\n\n\n<li><strong>Stunt<\/strong>: Emilio Zamora<\/li>\n\n\n\n<li><strong>Freestyle<\/strong>: Pedro Moreno y Javi Dols \u201cJabato\u201d \u00a1en Cibeles!<\/li>\n\n\n\n<li><strong>Dakar<\/strong>: Lorenzo Santolino, Sara Garc\u00eda, Javi Vega y Dani Vila (quad)<\/li>\n\n\n\n<li><strong>Velocidad<\/strong>: Equipo Laglisse: SBK, Moto2 y Moto3<\/li>\n\n\n\n<li><strong>Motocross<\/strong>: Daniela Guill\u00e9n, Gabriela Seisdedos. Equipo Nacional: Gerard Congost y Samuel Nilsson. Exhibici\u00f3n de la escuela de MX Infantil 814Army con 50 ni\u00f1os.<\/li>\n\n\n\n<li><strong>Supermoto<\/strong>: Julen \u00c1vila<\/li>\n\n\n\n<li><strong>Motos Cl\u00e1sicas<\/strong>: motos m\u00e1s emblem\u00e1ticas de los \u00faltimos 100 a\u00f1os con pilotos de \u00e9poca<\/li>\n<\/ul>\n\n\n\n<p><\/p>\n\n\n\n<p><strong>Foto de apertura: RFME &#8211; Real Federaci\u00f3n Motociclista Espa\u00f1ola<\/strong><\/p>\n","protected":false},"excerpt":{"rendered":"<p>Este fin de semana se celebra el centenario de la RFME con una gran fiesta de la moto en Madrid. Toma nota de los horarios y todo lo que debes saber de este evento inolvidable.<\/p>\n","protected":false},"author":43146,"featured_media":103582,"comment_status":"open","ping_status":"open","sticky":false,"template":"","format":"standard","meta":{"footnotes":""},"categories":[4,122],"tags":[],"class_list":["post-103577","post","type-post","status-publish","format-standard","hentry","category-motogp","category-vive-tu-moto"],"yoast_head":"<!-- This site is optimized with the Yoast SEO plugin v27.3 - https:\/\/yoast.com\/product\/yoast-seo-wordpress\/ -->\n<title>Madrid Motoshow 2023: horarios, precios y noticias - Box Repsol<\/title>\n<meta name=\"description\" content=\"\u00bfNo tienes planes para el fin de semana? Desde Box Repsol te damos todos los detalles para que disfrutes del Madrid Moto Show 2023 de la RFME\" \/>\n<link rel=\"canonical\" href=\"https:\/\/www.boxrepsol.com\/es\/motogp\/madrid-moto-show-horarios-precios\/\" \/>\n<meta property=\"og:locale\" content=\"es_ES\" \/>\n<meta property=\"og:type\" content=\"article\" \/>\n<meta property=\"og:title\" content=\"Madrid Motoshow 2023: horarios, precios y noticias - Box Repsol\" \/>\n<meta property=\"og:description\" content=\"\u00bfNo tienes planes para el fin de semana? Desde Box Repsol te damos todos los detalles para que disfrutes del Madrid Moto Show 2023 de la RFME\" \/>\n<meta property=\"og:url\" content=\"https:\/\/www.boxrepsol.com\/es\/motogp\/madrid-moto-show-horarios-precios\/\" \/>\n<meta property=\"og:site_name\" content=\"Box Repsol\" \/>\n<meta property=\"article:publisher\" content=\"https:\/\/www.facebook.com\/BoxRepsol\" \/>\n<meta property=\"article:author\" content=\"https:\/\/www.facebook.com\/BoxRepsol\/\" \/>\n<meta property=\"article:published_time\" content=\"2023-06-23T08:02:23+00:00\" \/>\n<meta property=\"article:modified_time\" content=\"2024-04-08T09:17:46+00:00\" \/>\n<meta property=\"og:image\" content=\"https:\/\/bxrepsol.s3.eu-west-1.amazonaws.com\/static\/2023\/06\/23055306\/MotoShow_RRSS_1080x1080px-scaled.jpg\" \/>\n\t<meta property=\"og:image:width\" content=\"2560\" \/>\n\t<meta property=\"og:image:height\" content=\"2560\" \/>\n\t<meta property=\"og:image:type\" content=\"image\/jpeg\" \/>\n<meta name=\"author\" content=\"Redacci\u00f3n Box Repsol\" \/>\n<meta name=\"twitter:card\" content=\"summary_large_image\" \/>\n<meta name=\"twitter:creator\" content=\"@https:\/\/twitter.com\/box_repsol\" \/>\n<meta name=\"twitter:site\" content=\"@box_repsol\" \/>\n<meta name=\"twitter:label1\" content=\"Written by\" \/>\n\t<meta name=\"twitter:data1\" content=\"Redacci\u00f3n Box Repsol\" \/>\n\t<meta name=\"twitter:label2\" content=\"Est. reading time\" \/>\n\t<meta name=\"twitter:data2\" content=\"4 minutos\" \/>\n<script type=\"application\/ld+json\" class=\"yoast-schema-graph\">{\"@context\":\"https:\\\/\\\/schema.org\",\"@graph\":[{\"@type\":\"Article\",\"@id\":\"https:\\\/\\\/www.boxrepsol.com\\\/es\\\/motogp\\\/madrid-moto-show-horarios-precios\\\/#article\",\"isPartOf\":{\"@id\":\"https:\\\/\\\/www.boxrepsol.com\\\/es\\\/motogp\\\/madrid-moto-show-horarios-precios\\\/\"},\"author\":{\"name\":\"Redacci\u00f3n Box Repsol\",\"@id\":\"https:\\\/\\\/www.boxrepsol.com\\\/es\\\/#\\\/schema\\\/person\\\/c5c2138f2cca251b0ad92b7086bb60b7\"},\"headline\":\"No te pierdas nada del Madrid Motoshow 2023: horarios, precios y noticias\",\"datePublished\":\"2023-06-23T08:02:23+00:00\",\"dateModified\":\"2024-04-08T09:17:46+00:00\",\"mainEntityOfPage\":{\"@id\":\"https:\\\/\\\/www.boxrepsol.com\\\/es\\\/motogp\\\/madrid-moto-show-horarios-precios\\\/\"},\"wordCount\":757,\"commentCount\":0,\"publisher\":{\"@id\":\"https:\\\/\\\/www.boxrepsol.com\\\/es\\\/#organization\"},\"image\":{\"@id\":\"https:\\\/\\\/www.boxrepsol.com\\\/es\\\/motogp\\\/madrid-moto-show-horarios-precios\\\/#primaryimage\"},\"thumbnailUrl\":\"https:\\\/\\\/bxrepsol.s3.eu-west-1.amazonaws.com\\\/static\\\/2023\\\/06\\\/23055306\\\/MotoShow_RRSS_1080x1080px-scaled.jpg\",\"articleSection\":[\"MotoGP\",\"Vive tu moto\"],\"inLanguage\":\"es\",\"potentialAction\":[{\"@type\":\"CommentAction\",\"name\":\"Comment\",\"target\":[\"https:\\\/\\\/www.boxrepsol.com\\\/es\\\/motogp\\\/madrid-moto-show-horarios-precios\\\/#respond\"]}]},{\"@type\":\"WebPage\",\"@id\":\"https:\\\/\\\/www.boxrepsol.com\\\/es\\\/motogp\\\/madrid-moto-show-horarios-precios\\\/\",\"url\":\"https:\\\/\\\/www.boxrepsol.com\\\/es\\\/motogp\\\/madrid-moto-show-horarios-precios\\\/\",\"name\":\"Madrid Motoshow 2023: horarios, precios y noticias - Box Repsol\",\"isPartOf\":{\"@id\":\"https:\\\/\\\/www.boxrepsol.com\\\/es\\\/#website\"},\"primaryImageOfPage\":{\"@id\":\"https:\\\/\\\/www.boxrepsol.com\\\/es\\\/motogp\\\/madrid-moto-show-horarios-precios\\\/#primaryimage\"},\"image\":{\"@id\":\"https:\\\/\\\/www.boxrepsol.com\\\/es\\\/motogp\\\/madrid-moto-show-horarios-precios\\\/#primaryimage\"},\"thumbnailUrl\":\"https:\\\/\\\/bxrepsol.s3.eu-west-1.amazonaws.com\\\/static\\\/2023\\\/06\\\/23055306\\\/MotoShow_RRSS_1080x1080px-scaled.jpg\",\"datePublished\":\"2023-06-23T08:02:23+00:00\",\"dateModified\":\"2024-04-08T09:17:46+00:00\",\"description\":\"\u00bfNo tienes planes para el fin de semana? Desde Box Repsol te damos todos los detalles para que disfrutes del Madrid Moto Show 2023 de la RFME\",\"breadcrumb\":{\"@id\":\"https:\\\/\\\/www.boxrepsol.com\\\/es\\\/motogp\\\/madrid-moto-show-horarios-precios\\\/#breadcrumb\"},\"inLanguage\":\"es\",\"potentialAction\":[{\"@type\":\"ReadAction\",\"target\":[\"https:\\\/\\\/www.boxrepsol.com\\\/es\\\/motogp\\\/madrid-moto-show-horarios-precios\\\/\"]}]},{\"@type\":\"ImageObject\",\"inLanguage\":\"es\",\"@id\":\"https:\\\/\\\/www.boxrepsol.com\\\/es\\\/motogp\\\/madrid-moto-show-horarios-precios\\\/#primaryimage\",\"url\":\"https:\\\/\\\/bxrepsol.s3.eu-west-1.amazonaws.com\\\/static\\\/2023\\\/06\\\/23055306\\\/MotoShow_RRSS_1080x1080px-scaled.jpg\",\"contentUrl\":\"https:\\\/\\\/bxrepsol.s3.eu-west-1.amazonaws.com\\\/static\\\/2023\\\/06\\\/23055306\\\/MotoShow_RRSS_1080x1080px-scaled.jpg\",\"width\":2560,\"height\":2560},{\"@type\":\"BreadcrumbList\",\"@id\":\"https:\\\/\\\/www.boxrepsol.com\\\/es\\\/motogp\\\/madrid-moto-show-horarios-precios\\\/#breadcrumb\",\"itemListElement\":[{\"@type\":\"ListItem\",\"position\":1,\"name\":\"Home\",\"item\":\"https:\\\/\\\/www.boxrepsol.com\\\/es\\\/\"},{\"@type\":\"ListItem\",\"position\":2,\"name\":\"No te pierdas nada del Madrid Motoshow 2023: horarios, precios y noticias\"}]},{\"@type\":\"WebSite\",\"@id\":\"https:\\\/\\\/www.boxrepsol.com\\\/es\\\/#website\",\"url\":\"https:\\\/\\\/www.boxrepsol.com\\\/es\\\/\",\"name\":\"Box Repsol\",\"description\":\"Box Repsol Site\",\"publisher\":{\"@id\":\"https:\\\/\\\/www.boxrepsol.com\\\/es\\\/#organization\"},\"potentialAction\":[{\"@type\":\"SearchAction\",\"target\":{\"@type\":\"EntryPoint\",\"urlTemplate\":\"https:\\\/\\\/www.boxrepsol.com\\\/es\\\/?s={search_term_string}\"},\"query-input\":{\"@type\":\"PropertyValueSpecification\",\"valueRequired\":true,\"valueName\":\"search_term_string\"}}],\"inLanguage\":\"es\"},{\"@type\":\"Organization\",\"@id\":\"https:\\\/\\\/www.boxrepsol.com\\\/es\\\/#organization\",\"name\":\"Box Repsol\",\"url\":\"https:\\\/\\\/www.boxrepsol.com\\\/es\\\/\",\"logo\":{\"@type\":\"ImageObject\",\"inLanguage\":\"es\",\"@id\":\"https:\\\/\\\/www.boxrepsol.com\\\/es\\\/#\\\/schema\\\/logo\\\/image\\\/\",\"url\":\"https:\\\/\\\/bxrepsol.s3.eu-west-1.amazonaws.com\\\/static\\\/2025\\\/07\\\/30083337\\\/favicon-96x96-1.png\",\"contentUrl\":\"https:\\\/\\\/bxrepsol.s3.eu-west-1.amazonaws.com\\\/static\\\/2025\\\/07\\\/30083337\\\/favicon-96x96-1.png\",\"width\":96,\"height\":96,\"caption\":\"Box Repsol\"},\"image\":{\"@id\":\"https:\\\/\\\/www.boxrepsol.com\\\/es\\\/#\\\/schema\\\/logo\\\/image\\\/\"},\"sameAs\":[\"https:\\\/\\\/www.facebook.com\\\/BoxRepsol\",\"https:\\\/\\\/x.com\\\/box_repsol\",\"http:\\\/\\\/instagram.com\\\/box_repsol\",\"https:\\\/\\\/www.youtube.com\\\/user\\\/RepsolCompeticion\",\"https:\\\/\\\/www.flickr.com\\\/photos\\\/box_repsol\\\/\"]},{\"@type\":\"Person\",\"@id\":\"https:\\\/\\\/www.boxrepsol.com\\\/es\\\/#\\\/schema\\\/person\\\/c5c2138f2cca251b0ad92b7086bb60b7\",\"name\":\"Redacci\u00f3n Box Repsol\",\"image\":{\"@type\":\"ImageObject\",\"inLanguage\":\"es\",\"@id\":\"https:\\\/\\\/secure.gravatar.com\\\/avatar\\\/adf7b77e38b4419baf32c7e9c21dde01f4e40df611f0978e3006fc4ba0aaab7e?s=96&d=mm&r=g\",\"url\":\"https:\\\/\\\/secure.gravatar.com\\\/avatar\\\/adf7b77e38b4419baf32c7e9c21dde01f4e40df611f0978e3006fc4ba0aaab7e?s=96&d=mm&r=g\",\"contentUrl\":\"https:\\\/\\\/secure.gravatar.com\\\/avatar\\\/adf7b77e38b4419baf32c7e9c21dde01f4e40df611f0978e3006fc4ba0aaab7e?s=96&d=mm&r=g\",\"caption\":\"Redacci\u00f3n Box Repsol\"},\"description\":\"Box Repsol lo forma un equipo de periodistas, community managers, dise\u00f1adores y fot\u00f3grafos con m\u00e1s de 20 a\u00f1os de experiencia en el mundo del motorsport. Hemos vivido el primer mundial de un espa\u00f1ol en la categor\u00eda reina de motociclismo con \u00c1lex Crivill\u00e9, estuvimos en las victorias de Pedrosa y los t\u00edtulos de M\u00e1rquez, acompa\u00f1amos en \u00c1frica a Nani Roma y Marc Coma en sus conquistas del Dakar y hemos vibrado con los t\u00edtulos de Toni Bou en Trial. Adem\u00e1s, en nuestro equipo contamos con expertos en el mundo de las dos y cuatro ruedas tanto de la calle y las carreteras, como de los circuitos. Periodistas que han trabajado en revistas y publicaciones para hacerte llegar desde rutas y consejos de mantenimiento, a curiosidades y trucos de pilotaje.\",\"sameAs\":[\"https:\\\/\\\/www.facebook.com\\\/BoxRepsol\\\/\",\"https:\\\/\\\/www.instagram.com\\\/box_repsol\\\/\",\"https:\\\/\\\/x.com\\\/https:\\\/\\\/twitter.com\\\/box_repsol\",\"https:\\\/\\\/www.youtube.com\\\/@Boxrepsol\"],\"url\":\"https:\\\/\\\/www.boxrepsol.com\\\/es\\\/author\\\/redaccion-box-repsol\\\/\"}]}<\/script>\n<!-- \/ Yoast SEO plugin. -->","yoast_head_json":{"title":"Madrid Motoshow 2023: horarios, precios y noticias - Box Repsol","description":"\u00bfNo tienes planes para el fin de semana? Desde Box Repsol te damos todos los detalles para que disfrutes del Madrid Moto Show 2023 de la RFME","canonical":"https:\/\/www.boxrepsol.com\/es\/motogp\/madrid-moto-show-horarios-precios\/","og_locale":"es_ES","og_type":"article","og_title":"Madrid Motoshow 2023: horarios, precios y noticias - Box Repsol","og_description":"\u00bfNo tienes planes para el fin de semana? Desde Box Repsol te damos todos los detalles para que disfrutes del Madrid Moto Show 2023 de la RFME","og_url":"https:\/\/www.boxrepsol.com\/es\/motogp\/madrid-moto-show-horarios-precios\/","og_site_name":"Box Repsol","article_publisher":"https:\/\/www.facebook.com\/BoxRepsol","article_author":"https:\/\/www.facebook.com\/BoxRepsol\/","article_published_time":"2023-06-23T08:02:23+00:00","article_modified_time":"2024-04-08T09:17:46+00:00","og_image":[{"width":2560,"height":2560,"url":"https:\/\/bxrepsol.s3.eu-west-1.amazonaws.com\/static\/2023\/06\/23055306\/MotoShow_RRSS_1080x1080px-scaled.jpg","type":"image\/jpeg"}],"author":"Redacci\u00f3n Box Repsol","twitter_card":"summary_large_image","twitter_creator":"@https:\/\/twitter.com\/box_repsol","twitter_site":"@box_repsol","twitter_misc":{"Written by":"Redacci\u00f3n Box Repsol","Est. reading time":"4 minutos"},"schema":{"@context":"https:\/\/schema.org","@graph":[{"@type":"Article","@id":"https:\/\/www.boxrepsol.com\/es\/motogp\/madrid-moto-show-horarios-precios\/#article","isPartOf":{"@id":"https:\/\/www.boxrepsol.com\/es\/motogp\/madrid-moto-show-horarios-precios\/"},"author":{"name":"Redacci\u00f3n Box Repsol","@id":"https:\/\/www.boxrepsol.com\/es\/#\/schema\/person\/c5c2138f2cca251b0ad92b7086bb60b7"},"headline":"No te pierdas nada del Madrid Motoshow 2023: horarios, precios y noticias","datePublished":"2023-06-23T08:02:23+00:00","dateModified":"2024-04-08T09:17:46+00:00","mainEntityOfPage":{"@id":"https:\/\/www.boxrepsol.com\/es\/motogp\/madrid-moto-show-horarios-precios\/"},"wordCount":757,"commentCount":0,"publisher":{"@id":"https:\/\/www.boxrepsol.com\/es\/#organization"},"image":{"@id":"https:\/\/www.boxrepsol.com\/es\/motogp\/madrid-moto-show-horarios-precios\/#primaryimage"},"thumbnailUrl":"https:\/\/bxrepsol.s3.eu-west-1.amazonaws.com\/static\/2023\/06\/23055306\/MotoShow_RRSS_1080x1080px-scaled.jpg","articleSection":["MotoGP","Vive tu moto"],"inLanguage":"es","potentialAction":[{"@type":"CommentAction","name":"Comment","target":["https:\/\/www.boxrepsol.com\/es\/motogp\/madrid-moto-show-horarios-precios\/#respond"]}]},{"@type":"WebPage","@id":"https:\/\/www.boxrepsol.com\/es\/motogp\/madrid-moto-show-horarios-precios\/","url":"https:\/\/www.boxrepsol.com\/es\/motogp\/madrid-moto-show-horarios-precios\/","name":"Madrid Motoshow 2023: horarios, precios y noticias - Box Repsol","isPartOf":{"@id":"https:\/\/www.boxrepsol.com\/es\/#website"},"primaryImageOfPage":{"@id":"https:\/\/www.boxrepsol.com\/es\/motogp\/madrid-moto-show-horarios-precios\/#primaryimage"},"image":{"@id":"https:\/\/www.boxrepsol.com\/es\/motogp\/madrid-moto-show-horarios-precios\/#primaryimage"},"thumbnailUrl":"https:\/\/bxrepsol.s3.eu-west-1.amazonaws.com\/static\/2023\/06\/23055306\/MotoShow_RRSS_1080x1080px-scaled.jpg","datePublished":"2023-06-23T08:02:23+00:00","dateModified":"2024-04-08T09:17:46+00:00","description":"\u00bfNo tienes planes para el fin de semana? Desde Box Repsol te damos todos los detalles para que disfrutes del Madrid Moto Show 2023 de la RFME","breadcrumb":{"@id":"https:\/\/www.boxrepsol.com\/es\/motogp\/madrid-moto-show-horarios-precios\/#breadcrumb"},"inLanguage":"es","potentialAction":[{"@type":"ReadAction","target":["https:\/\/www.boxrepsol.com\/es\/motogp\/madrid-moto-show-horarios-precios\/"]}]},{"@type":"ImageObject","inLanguage":"es","@id":"https:\/\/www.boxrepsol.com\/es\/motogp\/madrid-moto-show-horarios-precios\/#primaryimage","url":"https:\/\/bxrepsol.s3.eu-west-1.amazonaws.com\/static\/2023\/06\/23055306\/MotoShow_RRSS_1080x1080px-scaled.jpg","contentUrl":"https:\/\/bxrepsol.s3.eu-west-1.amazonaws.com\/static\/2023\/06\/23055306\/MotoShow_RRSS_1080x1080px-scaled.jpg","width":2560,"height":2560},{"@type":"BreadcrumbList","@id":"https:\/\/www.boxrepsol.com\/es\/motogp\/madrid-moto-show-horarios-precios\/#breadcrumb","itemListElement":[{"@type":"ListItem","position":1,"name":"Home","item":"https:\/\/www.boxrepsol.com\/es\/"},{"@type":"ListItem","position":2,"name":"No te pierdas nada del Madrid Motoshow 2023: horarios, precios y noticias"}]},{"@type":"WebSite","@id":"https:\/\/www.boxrepsol.com\/es\/#website","url":"https:\/\/www.boxrepsol.com\/es\/","name":"Box Repsol","description":"Box Repsol Site","publisher":{"@id":"https:\/\/www.boxrepsol.com\/es\/#organization"},"potentialAction":[{"@type":"SearchAction","target":{"@type":"EntryPoint","urlTemplate":"https:\/\/www.boxrepsol.com\/es\/?s={search_term_string}"},"query-input":{"@type":"PropertyValueSpecification","valueRequired":true,"valueName":"search_term_string"}}],"inLanguage":"es"},{"@type":"Organization","@id":"https:\/\/www.boxrepsol.com\/es\/#organization","name":"Box Repsol","url":"https:\/\/www.boxrepsol.com\/es\/","logo":{"@type":"ImageObject","inLanguage":"es","@id":"https:\/\/www.boxrepsol.com\/es\/#\/schema\/logo\/image\/","url":"https:\/\/bxrepsol.s3.eu-west-1.amazonaws.com\/static\/2025\/07\/30083337\/favicon-96x96-1.png","contentUrl":"https:\/\/bxrepsol.s3.eu-west-1.amazonaws.com\/static\/2025\/07\/30083337\/favicon-96x96-1.png","width":96,"height":96,"caption":"Box Repsol"},"image":{"@id":"https:\/\/www.boxrepsol.com\/es\/#\/schema\/logo\/image\/"},"sameAs":["https:\/\/www.facebook.com\/BoxRepsol","https:\/\/x.com\/box_repsol","http:\/\/instagram.com\/box_repsol","https:\/\/www.youtube.com\/user\/RepsolCompeticion","https:\/\/www.flickr.com\/photos\/box_repsol\/"]},{"@type":"Person","@id":"https:\/\/www.boxrepsol.com\/es\/#\/schema\/person\/c5c2138f2cca251b0ad92b7086bb60b7","name":"Redacci\u00f3n Box Repsol","image":{"@type":"ImageObject","inLanguage":"es","@id":"https:\/\/secure.gravatar.com\/avatar\/adf7b77e38b4419baf32c7e9c21dde01f4e40df611f0978e3006fc4ba0aaab7e?s=96&d=mm&r=g","url":"https:\/\/secure.gravatar.com\/avatar\/adf7b77e38b4419baf32c7e9c21dde01f4e40df611f0978e3006fc4ba0aaab7e?s=96&d=mm&r=g","contentUrl":"https:\/\/secure.gravatar.com\/avatar\/adf7b77e38b4419baf32c7e9c21dde01f4e40df611f0978e3006fc4ba0aaab7e?s=96&d=mm&r=g","caption":"Redacci\u00f3n Box Repsol"},"description":"Box Repsol lo forma un equipo de periodistas, community managers, dise\u00f1adores y fot\u00f3grafos con m\u00e1s de 20 a\u00f1os de experiencia en el mundo del motorsport. Hemos vivido el primer mundial de un espa\u00f1ol en la categor\u00eda reina de motociclismo con \u00c1lex Crivill\u00e9, estuvimos en las victorias de Pedrosa y los t\u00edtulos de M\u00e1rquez, acompa\u00f1amos en \u00c1frica a Nani Roma y Marc Coma en sus conquistas del Dakar y hemos vibrado con los t\u00edtulos de Toni Bou en Trial. Adem\u00e1s, en nuestro equipo contamos con expertos en el mundo de las dos y cuatro ruedas tanto de la calle y las carreteras, como de los circuitos. Periodistas que han trabajado en revistas y publicaciones para hacerte llegar desde rutas y consejos de mantenimiento, a curiosidades y trucos de pilotaje.","sameAs":["https:\/\/www.facebook.com\/BoxRepsol\/","https:\/\/www.instagram.com\/box_repsol\/","https:\/\/x.com\/https:\/\/twitter.com\/box_repsol","https:\/\/www.youtube.com\/@Boxrepsol"],"url":"https:\/\/www.boxrepsol.com\/es\/author\/redaccion-box-repsol\/"}]}},"_links":{"self":[{"href":"https:\/\/www.boxrepsol.com\/es\/wp-json\/wp\/v2\/posts\/103577","targetHints":{"allow":["GET"]}}],"collection":[{"href":"https:\/\/www.boxrepsol.com\/es\/wp-json\/wp\/v2\/posts"}],"about":[{"href":"https:\/\/www.boxrepsol.com\/es\/wp-json\/wp\/v2\/types\/post"}],"author":[{"embeddable":true,"href":"https:\/\/www.boxrepsol.com\/es\/wp-json\/wp\/v2\/users\/43146"}],"replies":[{"embeddable":true,"href":"https:\/\/www.boxrepsol.com\/es\/wp-json\/wp\/v2\/comments?post=103577"}],"version-history":[{"count":3,"href":"https:\/\/www.boxrepsol.com\/es\/wp-json\/wp\/v2\/posts\/103577\/revisions"}],"predecessor-version":[{"id":103584,"href":"https:\/\/www.boxrepsol.com\/es\/wp-json\/wp\/v2\/posts\/103577\/revisions\/103584"}],"wp:featuredmedia":[{"embeddable":true,"href":"https:\/\/www.boxrepsol.com\/es\/wp-json\/wp\/v2\/media\/103582"}],"wp:attachment":[{"href":"https:\/\/www.boxrepsol.com\/es\/wp-json\/wp\/v2\/media?parent=103577"}],"wp:term":[{"taxonomy":"category","embeddable":true,"href":"https:\/\/www.boxrepsol.com\/es\/wp-json\/wp\/v2\/categories?post=103577"},{"taxonomy":"post_tag","embeddable":true,"href":"https:\/\/www.boxrepsol.com\/es\/wp-json\/wp\/v2\/tags?post=103577"}],"curies":[{"name":"wp","href":"https:\/\/api.w.org\/{rel}","templated":true}]}}