{"id":103535,"date":"2023-06-19T07:57:19","date_gmt":"2023-06-19T09:57:19","guid":{"rendered":"https:\/\/www.boxrepsol.com\/?p=103535"},"modified":"2024-04-08T07:18:57","modified_gmt":"2024-04-08T09:18:57","slug":"toni-bou-suma-dos-nuevas-victorias-en-el-trialgp-de-andorra","status":"publish","type":"post","link":"https:\/\/www.boxrepsol.com\/es\/trial\/toni-bou-suma-dos-nuevas-victorias-en-el-trialgp-de-andorra\/","title":{"rendered":"Toni Bou suma dos nuevas victorias en el TrialGP de Andorra"},"content":{"rendered":"<figure class=\"wp-block-post-featured-image\"><img loading=\"lazy\" decoding=\"async\" width=\"1280\" height=\"600\" src=\"https:\/\/bxrepsol.s3.eu-west-1.amazonaws.com\/static\/2023\/06\/19075435\/TrialGP23_r9_PODIUM_07638_ps-scaled-copiaapeer.jpg\" class=\"attachment-post-thumbnail size-post-thumbnail wp-post-image\" alt=\"\" style=\"object-fit:cover;\" srcset=\"https:\/\/bxrepsol.s3.eu-west-1.amazonaws.com\/static\/2023\/06\/19075435\/TrialGP23_r9_PODIUM_07638_ps-scaled-copiaapeer.jpg 1280w, https:\/\/bxrepsol.s3.eu-west-1.amazonaws.com\/static\/2023\/06\/19075435\/TrialGP23_r9_PODIUM_07638_ps-scaled-copiaapeer-300x141.jpg 300w, https:\/\/bxrepsol.s3.eu-west-1.amazonaws.com\/static\/2023\/06\/19075435\/TrialGP23_r9_PODIUM_07638_ps-scaled-copiaapeer-1024x480.jpg 1024w, https:\/\/bxrepsol.s3.eu-west-1.amazonaws.com\/static\/2023\/06\/19075435\/TrialGP23_r9_PODIUM_07638_ps-scaled-copiaapeer-768x360.jpg 768w\" sizes=\"auto, (max-width: 1280px) 100vw, 1280px\" \/><\/figure>\n\n\n<p>Sant Juli\u00e0 de L\u00f2ria (Andorra) ha acogido este fin de semana la quinta cita del Mundial de Trial al aire libre con una meteorolog\u00eda cambiante, jugando la lluvia un papel importante. Los pilotos del equipo Repsol Honda han repetido posiciones en ambos d\u00edas de competici\u00f3n, llev\u00e1ndose la victoria Toni Bou en las dos oportunidades y clasificando Gabriel Marcelli con dos quintos puestos.<\/p>\n\n\n\n<p>Ya en el primer d\u00eda de acci\u00f3n en la ciudad andorrana, Bou mostr\u00f3 su potencial desde el primer momento, marcando una primera vuelta con escasos errores y rematando con una segunda pasada impecable \u2013 con apenas cuatro puntos de penalizaci\u00f3n \u2013. &nbsp;Hoy el 32 veces Campe\u00f3n del Mundo ha vuelto a repetir la haza\u00f1a, con una primera manga en la que no ha tenido rival, pero con una segunda vuelta m\u00e1s compleja, aunque no le ha impedido hacerse con el triunfo.<\/p>\n\n\n\n<p>Por su lado, Marcelli sufri\u00f3 ayer algo m\u00e1s en el inicio del TrialGP de Andorra con una primera manga que le situaba en la quinta posici\u00f3n. Durante la segunda pasada, el piloto del equipo Repsol Honda se mostr\u00f3 m\u00e1s competitivo, llegando a luchar por el podio. Sin embargo, no logr\u00f3 pasar del quinto puesto. En la segunda jornada, bajo la lluvia y con el barro como protagonista, Marcelli ha cerrado en quinta posici\u00f3n la primera vuelta y ha hecho lo propio en la siguiente, empatado a puntos con el cuarto clasificado. Con la quinta cita del Campeonato del Mundo de TrialGP completada, Toni Bou se afianza en el primer puesto de la general con 191 puntos, mientras que Gabriel Marcelli conserva la tercera posici\u00f3n con 133. El siguiente encuentro tendr\u00e1 lugar en Italia durante el fin de semana del 21 al 23 de julio.<\/p>\n\n\n\n<div id=\"28edde91-24f5-4523-bd18-75d66ef51917\" class=\"br-slider-box\"><div class=\"wp-block-create-block-repsol-carousel br-slider\"><a target=\"_blank\" href=\"https:\/\/bxrepsol.s3.eu-west-1.amazonaws.com\/static\/2023\/06\/19075523\/TrialGP23_r10_REPSOL_00339_ps-scaled-1.jpg\" data-index=\"0\" rel=\"noopener\"><img decoding=\"async\" src=\"https:\/\/bxrepsol.s3.eu-west-1.amazonaws.com\/static\/2023\/06\/19075523\/TrialGP23_r10_REPSOL_00339_ps-scaled-1.jpg\"\/><\/a><a target=\"_blank\" href=\"https:\/\/bxrepsol.s3.eu-west-1.amazonaws.com\/static\/2023\/06\/19075518\/TrialGP23_r10_PODIUM_00542_ps.jpg\" data-index=\"1\" rel=\"noopener\"><img decoding=\"async\" src=\"https:\/\/bxrepsol.s3.eu-west-1.amazonaws.com\/static\/2023\/06\/19075518\/TrialGP23_r10_PODIUM_00542_ps.jpg\"\/><\/a><a target=\"_blank\" href=\"https:\/\/bxrepsol.s3.eu-west-1.amazonaws.com\/static\/2023\/06\/19075516\/TrialGP23_r9_Repsol_07247_ps-scaled-1.jpg\" data-index=\"2\" rel=\"noopener\"><img decoding=\"async\" src=\"https:\/\/bxrepsol.s3.eu-west-1.amazonaws.com\/static\/2023\/06\/19075516\/TrialGP23_r9_Repsol_07247_ps-scaled-1.jpg\"\/><\/a><a target=\"_blank\" href=\"https:\/\/bxrepsol.s3.eu-west-1.amazonaws.com\/static\/2023\/06\/19075520\/TrialGP23_r10_PODIUM_00694_ps-1-scaled-1.jpg\" data-index=\"3\" rel=\"noopener\"><img decoding=\"async\" src=\"https:\/\/bxrepsol.s3.eu-west-1.amazonaws.com\/static\/2023\/06\/19075520\/TrialGP23_r10_PODIUM_00694_ps-1-scaled-1.jpg\"\/><\/a><a target=\"_blank\" href=\"https:\/\/bxrepsol.s3.eu-west-1.amazonaws.com\/static\/2023\/06\/19075513\/TrialGP23_r9_Repsol_01320_ps-scaled-1.jpg\" data-index=\"4\" rel=\"noopener\"><img decoding=\"async\" src=\"https:\/\/bxrepsol.s3.eu-west-1.amazonaws.com\/static\/2023\/06\/19075513\/TrialGP23_r9_Repsol_01320_ps-scaled-1.jpg\"\/><\/a><\/div><div class=\"br-slider-buttons\"><button class=\"arrow rds-icon arrow--left rds-icon-Arrow_left\"><\/button><button class=\"arrow rds-icon arrow--right rds-icon-Arrow_right\"><\/button><\/div><\/div>\n\n\n\n<h2 class=\"wp-block-heading\"><strong>Declaraciones<\/strong><\/h2>\n\n\n\n<h3 class=\"wp-block-heading\"><strong>Toni Bou<\/strong><\/h3>\n\n\n\n<p>\u00abEstoy muy contento, ha sido un fin de semana redondo para nosotros no solo por las victorias, sino por c\u00f3mo me he sentido con la moto. El equipo ha hecho un trabajo incre\u00edble, en Andorra siempre es complicado por la altura, as\u00ed que, quiero dar las gracias a todos. El objetivo en la siguiente carrera, en Italia, ser\u00e1 estar siempre lo m\u00e1s arriba posible, llegar en buenas condiciones f\u00edsicas y luchar por este campeonato, que ser\u00e1 apretado hasta el final\u201d.<\/p>\n\n\n\n<h3 class=\"wp-block-heading\"><strong>Gabriel Marcelli<\/strong><\/h3>\n\n\n\n<p>\u00abHoy ha sido un d\u00eda complicado. El balance del fin de semana no es positivo, pero hemos cogido much\u00edsima informaci\u00f3n, hemos aprendido y ahora tenemos muchos puntos que mejorar y que reforzar. Esto es lo que intentaremos buscar para las pr\u00f3ximas carreras. Respecto al campeonato, nos mantenemos terceros y ahora tenemos un buen margen de puntos. El objetivo para las siguientes carreras ser\u00e1 aprender de todos los errores que hemos cometido este fin de semana, trabajar muy duro y en las siguientes citas subirnos al podio\u201d.<\/p>\n","protected":false},"excerpt":{"rendered":"<p>El piloto del equipo Repsol Honda aumenta su ventaja como l\u00edder. Gabriel Marcelli finaliza el fin de semana con dos quintos puestos. <\/p>\n","protected":false},"author":43146,"featured_media":103536,"comment_status":"open","ping_status":"open","sticky":false,"template":"","format":"standard","meta":{"footnotes":""},"categories":[23],"tags":[],"class_list":["post-103535","post","type-post","status-publish","format-standard","hentry","category-trial"],"yoast_head":"<!-- This site is optimized with the Yoast SEO plugin v27.3 - https:\/\/yoast.com\/product\/yoast-seo-wordpress\/ -->\n<title>Toni Bou suma dos nuevas victorias en el TrialGP de Andorra - Box Repsol<\/title>\n<meta name=\"description\" content=\"Toni Bou suma dos nuevas victorias en el TrialGP de Andorra. Sigue el dominio de este campe\u00f3n en la competici\u00f3n de trial.\" \/>\n<link rel=\"canonical\" href=\"https:\/\/www.boxrepsol.com\/es\/trial\/toni-bou-suma-dos-nuevas-victorias-en-el-trialgp-de-andorra\/\" \/>\n<meta property=\"og:locale\" content=\"es_ES\" \/>\n<meta property=\"og:type\" content=\"article\" \/>\n<meta property=\"og:title\" content=\"Toni Bou suma dos nuevas victorias en el TrialGP de Andorra - Box Repsol\" \/>\n<meta property=\"og:description\" content=\"Toni Bou suma dos nuevas victorias en el TrialGP de Andorra. Sigue el dominio de este campe\u00f3n en la competici\u00f3n de trial.\" \/>\n<meta property=\"og:url\" content=\"https:\/\/www.boxrepsol.com\/es\/trial\/toni-bou-suma-dos-nuevas-victorias-en-el-trialgp-de-andorra\/\" \/>\n<meta property=\"og:site_name\" content=\"Box Repsol\" \/>\n<meta property=\"article:publisher\" content=\"https:\/\/www.facebook.com\/BoxRepsol\" \/>\n<meta property=\"article:author\" content=\"https:\/\/www.facebook.com\/BoxRepsol\/\" \/>\n<meta property=\"article:published_time\" content=\"2023-06-19T09:57:19+00:00\" \/>\n<meta property=\"article:modified_time\" content=\"2024-04-08T09:18:57+00:00\" \/>\n<meta property=\"og:image\" content=\"https:\/\/bxrepsol.s3.eu-west-1.amazonaws.com\/static\/2023\/06\/19075435\/TrialGP23_r9_PODIUM_07638_ps-scaled-copiaapeer.jpg\" \/>\n\t<meta property=\"og:image:width\" content=\"1280\" \/>\n\t<meta property=\"og:image:height\" content=\"600\" \/>\n\t<meta property=\"og:image:type\" content=\"image\/jpeg\" \/>\n<meta name=\"author\" content=\"Redacci\u00f3n Box Repsol\" \/>\n<meta name=\"twitter:card\" content=\"summary_large_image\" \/>\n<meta name=\"twitter:creator\" content=\"@https:\/\/twitter.com\/box_repsol\" \/>\n<meta name=\"twitter:site\" content=\"@box_repsol\" \/>\n<meta name=\"twitter:label1\" content=\"Written by\" \/>\n\t<meta name=\"twitter:data1\" content=\"Redacci\u00f3n Box Repsol\" \/>\n\t<meta name=\"twitter:label2\" content=\"Est. reading time\" \/>\n\t<meta name=\"twitter:data2\" content=\"2 minutos\" \/>\n<script type=\"application\/ld+json\" class=\"yoast-schema-graph\">{\"@context\":\"https:\\\/\\\/schema.org\",\"@graph\":[{\"@type\":\"Article\",\"@id\":\"https:\\\/\\\/www.boxrepsol.com\\\/es\\\/trial\\\/toni-bou-suma-dos-nuevas-victorias-en-el-trialgp-de-andorra\\\/#article\",\"isPartOf\":{\"@id\":\"https:\\\/\\\/www.boxrepsol.com\\\/es\\\/trial\\\/toni-bou-suma-dos-nuevas-victorias-en-el-trialgp-de-andorra\\\/\"},\"author\":{\"name\":\"Redacci\u00f3n Box Repsol\",\"@id\":\"https:\\\/\\\/www.boxrepsol.com\\\/es\\\/#\\\/schema\\\/person\\\/c5c2138f2cca251b0ad92b7086bb60b7\"},\"headline\":\"Toni Bou suma dos nuevas victorias en el TrialGP de Andorra\",\"datePublished\":\"2023-06-19T09:57:19+00:00\",\"dateModified\":\"2024-04-08T09:18:57+00:00\",\"mainEntityOfPage\":{\"@id\":\"https:\\\/\\\/www.boxrepsol.com\\\/es\\\/trial\\\/toni-bou-suma-dos-nuevas-victorias-en-el-trialgp-de-andorra\\\/\"},\"wordCount\":487,\"commentCount\":0,\"publisher\":{\"@id\":\"https:\\\/\\\/www.boxrepsol.com\\\/es\\\/#organization\"},\"image\":{\"@id\":\"https:\\\/\\\/www.boxrepsol.com\\\/es\\\/trial\\\/toni-bou-suma-dos-nuevas-victorias-en-el-trialgp-de-andorra\\\/#primaryimage\"},\"thumbnailUrl\":\"https:\\\/\\\/bxrepsol.s3.eu-west-1.amazonaws.com\\\/static\\\/2023\\\/06\\\/19075435\\\/TrialGP23_r9_PODIUM_07638_ps-scaled-copiaapeer.jpg\",\"articleSection\":[\"Trial\"],\"inLanguage\":\"es\",\"potentialAction\":[{\"@type\":\"CommentAction\",\"name\":\"Comment\",\"target\":[\"https:\\\/\\\/www.boxrepsol.com\\\/es\\\/trial\\\/toni-bou-suma-dos-nuevas-victorias-en-el-trialgp-de-andorra\\\/#respond\"]}]},{\"@type\":\"WebPage\",\"@id\":\"https:\\\/\\\/www.boxrepsol.com\\\/es\\\/trial\\\/toni-bou-suma-dos-nuevas-victorias-en-el-trialgp-de-andorra\\\/\",\"url\":\"https:\\\/\\\/www.boxrepsol.com\\\/es\\\/trial\\\/toni-bou-suma-dos-nuevas-victorias-en-el-trialgp-de-andorra\\\/\",\"name\":\"Toni Bou suma dos nuevas victorias en el TrialGP de Andorra - Box Repsol\",\"isPartOf\":{\"@id\":\"https:\\\/\\\/www.boxrepsol.com\\\/es\\\/#website\"},\"primaryImageOfPage\":{\"@id\":\"https:\\\/\\\/www.boxrepsol.com\\\/es\\\/trial\\\/toni-bou-suma-dos-nuevas-victorias-en-el-trialgp-de-andorra\\\/#primaryimage\"},\"image\":{\"@id\":\"https:\\\/\\\/www.boxrepsol.com\\\/es\\\/trial\\\/toni-bou-suma-dos-nuevas-victorias-en-el-trialgp-de-andorra\\\/#primaryimage\"},\"thumbnailUrl\":\"https:\\\/\\\/bxrepsol.s3.eu-west-1.amazonaws.com\\\/static\\\/2023\\\/06\\\/19075435\\\/TrialGP23_r9_PODIUM_07638_ps-scaled-copiaapeer.jpg\",\"datePublished\":\"2023-06-19T09:57:19+00:00\",\"dateModified\":\"2024-04-08T09:18:57+00:00\",\"description\":\"Toni Bou suma dos nuevas victorias en el TrialGP de Andorra. Sigue el dominio de este campe\u00f3n en la competici\u00f3n de trial.\",\"breadcrumb\":{\"@id\":\"https:\\\/\\\/www.boxrepsol.com\\\/es\\\/trial\\\/toni-bou-suma-dos-nuevas-victorias-en-el-trialgp-de-andorra\\\/#breadcrumb\"},\"inLanguage\":\"es\",\"potentialAction\":[{\"@type\":\"ReadAction\",\"target\":[\"https:\\\/\\\/www.boxrepsol.com\\\/es\\\/trial\\\/toni-bou-suma-dos-nuevas-victorias-en-el-trialgp-de-andorra\\\/\"]}]},{\"@type\":\"ImageObject\",\"inLanguage\":\"es\",\"@id\":\"https:\\\/\\\/www.boxrepsol.com\\\/es\\\/trial\\\/toni-bou-suma-dos-nuevas-victorias-en-el-trialgp-de-andorra\\\/#primaryimage\",\"url\":\"https:\\\/\\\/bxrepsol.s3.eu-west-1.amazonaws.com\\\/static\\\/2023\\\/06\\\/19075435\\\/TrialGP23_r9_PODIUM_07638_ps-scaled-copiaapeer.jpg\",\"contentUrl\":\"https:\\\/\\\/bxrepsol.s3.eu-west-1.amazonaws.com\\\/static\\\/2023\\\/06\\\/19075435\\\/TrialGP23_r9_PODIUM_07638_ps-scaled-copiaapeer.jpg\",\"width\":1280,\"height\":600},{\"@type\":\"BreadcrumbList\",\"@id\":\"https:\\\/\\\/www.boxrepsol.com\\\/es\\\/trial\\\/toni-bou-suma-dos-nuevas-victorias-en-el-trialgp-de-andorra\\\/#breadcrumb\",\"itemListElement\":[{\"@type\":\"ListItem\",\"position\":1,\"name\":\"Home\",\"item\":\"https:\\\/\\\/www.boxrepsol.com\\\/es\\\/\"},{\"@type\":\"ListItem\",\"position\":2,\"name\":\"Toni Bou suma dos nuevas victorias en el TrialGP de Andorra\"}]},{\"@type\":\"WebSite\",\"@id\":\"https:\\\/\\\/www.boxrepsol.com\\\/es\\\/#website\",\"url\":\"https:\\\/\\\/www.boxrepsol.com\\\/es\\\/\",\"name\":\"Box Repsol\",\"description\":\"Box Repsol Site\",\"publisher\":{\"@id\":\"https:\\\/\\\/www.boxrepsol.com\\\/es\\\/#organization\"},\"potentialAction\":[{\"@type\":\"SearchAction\",\"target\":{\"@type\":\"EntryPoint\",\"urlTemplate\":\"https:\\\/\\\/www.boxrepsol.com\\\/es\\\/?s={search_term_string}\"},\"query-input\":{\"@type\":\"PropertyValueSpecification\",\"valueRequired\":true,\"valueName\":\"search_term_string\"}}],\"inLanguage\":\"es\"},{\"@type\":\"Organization\",\"@id\":\"https:\\\/\\\/www.boxrepsol.com\\\/es\\\/#organization\",\"name\":\"Box Repsol\",\"url\":\"https:\\\/\\\/www.boxrepsol.com\\\/es\\\/\",\"logo\":{\"@type\":\"ImageObject\",\"inLanguage\":\"es\",\"@id\":\"https:\\\/\\\/www.boxrepsol.com\\\/es\\\/#\\\/schema\\\/logo\\\/image\\\/\",\"url\":\"https:\\\/\\\/bxrepsol.s3.eu-west-1.amazonaws.com\\\/static\\\/2025\\\/07\\\/30083337\\\/favicon-96x96-1.png\",\"contentUrl\":\"https:\\\/\\\/bxrepsol.s3.eu-west-1.amazonaws.com\\\/static\\\/2025\\\/07\\\/30083337\\\/favicon-96x96-1.png\",\"width\":96,\"height\":96,\"caption\":\"Box Repsol\"},\"image\":{\"@id\":\"https:\\\/\\\/www.boxrepsol.com\\\/es\\\/#\\\/schema\\\/logo\\\/image\\\/\"},\"sameAs\":[\"https:\\\/\\\/www.facebook.com\\\/BoxRepsol\",\"https:\\\/\\\/x.com\\\/box_repsol\",\"http:\\\/\\\/instagram.com\\\/box_repsol\",\"https:\\\/\\\/www.youtube.com\\\/user\\\/RepsolCompeticion\",\"https:\\\/\\\/www.flickr.com\\\/photos\\\/box_repsol\\\/\"]},{\"@type\":\"Person\",\"@id\":\"https:\\\/\\\/www.boxrepsol.com\\\/es\\\/#\\\/schema\\\/person\\\/c5c2138f2cca251b0ad92b7086bb60b7\",\"name\":\"Redacci\u00f3n Box Repsol\",\"image\":{\"@type\":\"ImageObject\",\"inLanguage\":\"es\",\"@id\":\"https:\\\/\\\/secure.gravatar.com\\\/avatar\\\/adf7b77e38b4419baf32c7e9c21dde01f4e40df611f0978e3006fc4ba0aaab7e?s=96&d=mm&r=g\",\"url\":\"https:\\\/\\\/secure.gravatar.com\\\/avatar\\\/adf7b77e38b4419baf32c7e9c21dde01f4e40df611f0978e3006fc4ba0aaab7e?s=96&d=mm&r=g\",\"contentUrl\":\"https:\\\/\\\/secure.gravatar.com\\\/avatar\\\/adf7b77e38b4419baf32c7e9c21dde01f4e40df611f0978e3006fc4ba0aaab7e?s=96&d=mm&r=g\",\"caption\":\"Redacci\u00f3n Box Repsol\"},\"description\":\"Box Repsol lo forma un equipo de periodistas, community managers, dise\u00f1adores y fot\u00f3grafos con m\u00e1s de 20 a\u00f1os de experiencia en el mundo del motorsport. Hemos vivido el primer mundial de un espa\u00f1ol en la categor\u00eda reina de motociclismo con \u00c1lex Crivill\u00e9, estuvimos en las victorias de Pedrosa y los t\u00edtulos de M\u00e1rquez, acompa\u00f1amos en \u00c1frica a Nani Roma y Marc Coma en sus conquistas del Dakar y hemos vibrado con los t\u00edtulos de Toni Bou en Trial. Adem\u00e1s, en nuestro equipo contamos con expertos en el mundo de las dos y cuatro ruedas tanto de la calle y las carreteras, como de los circuitos. Periodistas que han trabajado en revistas y publicaciones para hacerte llegar desde rutas y consejos de mantenimiento, a curiosidades y trucos de pilotaje.\",\"sameAs\":[\"https:\\\/\\\/www.facebook.com\\\/BoxRepsol\\\/\",\"https:\\\/\\\/www.instagram.com\\\/box_repsol\\\/\",\"https:\\\/\\\/x.com\\\/https:\\\/\\\/twitter.com\\\/box_repsol\",\"https:\\\/\\\/www.youtube.com\\\/@Boxrepsol\"],\"url\":\"https:\\\/\\\/www.boxrepsol.com\\\/es\\\/author\\\/redaccion-box-repsol\\\/\"}]}<\/script>\n<!-- \/ Yoast SEO plugin. -->","yoast_head_json":{"title":"Toni Bou suma dos nuevas victorias en el TrialGP de Andorra - Box Repsol","description":"Toni Bou suma dos nuevas victorias en el TrialGP de Andorra. Sigue el dominio de este campe\u00f3n en la competici\u00f3n de trial.","canonical":"https:\/\/www.boxrepsol.com\/es\/trial\/toni-bou-suma-dos-nuevas-victorias-en-el-trialgp-de-andorra\/","og_locale":"es_ES","og_type":"article","og_title":"Toni Bou suma dos nuevas victorias en el TrialGP de Andorra - Box Repsol","og_description":"Toni Bou suma dos nuevas victorias en el TrialGP de Andorra. Sigue el dominio de este campe\u00f3n en la competici\u00f3n de trial.","og_url":"https:\/\/www.boxrepsol.com\/es\/trial\/toni-bou-suma-dos-nuevas-victorias-en-el-trialgp-de-andorra\/","og_site_name":"Box Repsol","article_publisher":"https:\/\/www.facebook.com\/BoxRepsol","article_author":"https:\/\/www.facebook.com\/BoxRepsol\/","article_published_time":"2023-06-19T09:57:19+00:00","article_modified_time":"2024-04-08T09:18:57+00:00","og_image":[{"width":1280,"height":600,"url":"https:\/\/bxrepsol.s3.eu-west-1.amazonaws.com\/static\/2023\/06\/19075435\/TrialGP23_r9_PODIUM_07638_ps-scaled-copiaapeer.jpg","type":"image\/jpeg"}],"author":"Redacci\u00f3n Box Repsol","twitter_card":"summary_large_image","twitter_creator":"@https:\/\/twitter.com\/box_repsol","twitter_site":"@box_repsol","twitter_misc":{"Written by":"Redacci\u00f3n Box Repsol","Est. reading time":"2 minutos"},"schema":{"@context":"https:\/\/schema.org","@graph":[{"@type":"Article","@id":"https:\/\/www.boxrepsol.com\/es\/trial\/toni-bou-suma-dos-nuevas-victorias-en-el-trialgp-de-andorra\/#article","isPartOf":{"@id":"https:\/\/www.boxrepsol.com\/es\/trial\/toni-bou-suma-dos-nuevas-victorias-en-el-trialgp-de-andorra\/"},"author":{"name":"Redacci\u00f3n Box Repsol","@id":"https:\/\/www.boxrepsol.com\/es\/#\/schema\/person\/c5c2138f2cca251b0ad92b7086bb60b7"},"headline":"Toni Bou suma dos nuevas victorias en el TrialGP de Andorra","datePublished":"2023-06-19T09:57:19+00:00","dateModified":"2024-04-08T09:18:57+00:00","mainEntityOfPage":{"@id":"https:\/\/www.boxrepsol.com\/es\/trial\/toni-bou-suma-dos-nuevas-victorias-en-el-trialgp-de-andorra\/"},"wordCount":487,"commentCount":0,"publisher":{"@id":"https:\/\/www.boxrepsol.com\/es\/#organization"},"image":{"@id":"https:\/\/www.boxrepsol.com\/es\/trial\/toni-bou-suma-dos-nuevas-victorias-en-el-trialgp-de-andorra\/#primaryimage"},"thumbnailUrl":"https:\/\/bxrepsol.s3.eu-west-1.amazonaws.com\/static\/2023\/06\/19075435\/TrialGP23_r9_PODIUM_07638_ps-scaled-copiaapeer.jpg","articleSection":["Trial"],"inLanguage":"es","potentialAction":[{"@type":"CommentAction","name":"Comment","target":["https:\/\/www.boxrepsol.com\/es\/trial\/toni-bou-suma-dos-nuevas-victorias-en-el-trialgp-de-andorra\/#respond"]}]},{"@type":"WebPage","@id":"https:\/\/www.boxrepsol.com\/es\/trial\/toni-bou-suma-dos-nuevas-victorias-en-el-trialgp-de-andorra\/","url":"https:\/\/www.boxrepsol.com\/es\/trial\/toni-bou-suma-dos-nuevas-victorias-en-el-trialgp-de-andorra\/","name":"Toni Bou suma dos nuevas victorias en el TrialGP de Andorra - Box Repsol","isPartOf":{"@id":"https:\/\/www.boxrepsol.com\/es\/#website"},"primaryImageOfPage":{"@id":"https:\/\/www.boxrepsol.com\/es\/trial\/toni-bou-suma-dos-nuevas-victorias-en-el-trialgp-de-andorra\/#primaryimage"},"image":{"@id":"https:\/\/www.boxrepsol.com\/es\/trial\/toni-bou-suma-dos-nuevas-victorias-en-el-trialgp-de-andorra\/#primaryimage"},"thumbnailUrl":"https:\/\/bxrepsol.s3.eu-west-1.amazonaws.com\/static\/2023\/06\/19075435\/TrialGP23_r9_PODIUM_07638_ps-scaled-copiaapeer.jpg","datePublished":"2023-06-19T09:57:19+00:00","dateModified":"2024-04-08T09:18:57+00:00","description":"Toni Bou suma dos nuevas victorias en el TrialGP de Andorra. Sigue el dominio de este campe\u00f3n en la competici\u00f3n de trial.","breadcrumb":{"@id":"https:\/\/www.boxrepsol.com\/es\/trial\/toni-bou-suma-dos-nuevas-victorias-en-el-trialgp-de-andorra\/#breadcrumb"},"inLanguage":"es","potentialAction":[{"@type":"ReadAction","target":["https:\/\/www.boxrepsol.com\/es\/trial\/toni-bou-suma-dos-nuevas-victorias-en-el-trialgp-de-andorra\/"]}]},{"@type":"ImageObject","inLanguage":"es","@id":"https:\/\/www.boxrepsol.com\/es\/trial\/toni-bou-suma-dos-nuevas-victorias-en-el-trialgp-de-andorra\/#primaryimage","url":"https:\/\/bxrepsol.s3.eu-west-1.amazonaws.com\/static\/2023\/06\/19075435\/TrialGP23_r9_PODIUM_07638_ps-scaled-copiaapeer.jpg","contentUrl":"https:\/\/bxrepsol.s3.eu-west-1.amazonaws.com\/static\/2023\/06\/19075435\/TrialGP23_r9_PODIUM_07638_ps-scaled-copiaapeer.jpg","width":1280,"height":600},{"@type":"BreadcrumbList","@id":"https:\/\/www.boxrepsol.com\/es\/trial\/toni-bou-suma-dos-nuevas-victorias-en-el-trialgp-de-andorra\/#breadcrumb","itemListElement":[{"@type":"ListItem","position":1,"name":"Home","item":"https:\/\/www.boxrepsol.com\/es\/"},{"@type":"ListItem","position":2,"name":"Toni Bou suma dos nuevas victorias en el TrialGP de Andorra"}]},{"@type":"WebSite","@id":"https:\/\/www.boxrepsol.com\/es\/#website","url":"https:\/\/www.boxrepsol.com\/es\/","name":"Box Repsol","description":"Box Repsol Site","publisher":{"@id":"https:\/\/www.boxrepsol.com\/es\/#organization"},"potentialAction":[{"@type":"SearchAction","target":{"@type":"EntryPoint","urlTemplate":"https:\/\/www.boxrepsol.com\/es\/?s={search_term_string}"},"query-input":{"@type":"PropertyValueSpecification","valueRequired":true,"valueName":"search_term_string"}}],"inLanguage":"es"},{"@type":"Organization","@id":"https:\/\/www.boxrepsol.com\/es\/#organization","name":"Box Repsol","url":"https:\/\/www.boxrepsol.com\/es\/","logo":{"@type":"ImageObject","inLanguage":"es","@id":"https:\/\/www.boxrepsol.com\/es\/#\/schema\/logo\/image\/","url":"https:\/\/bxrepsol.s3.eu-west-1.amazonaws.com\/static\/2025\/07\/30083337\/favicon-96x96-1.png","contentUrl":"https:\/\/bxrepsol.s3.eu-west-1.amazonaws.com\/static\/2025\/07\/30083337\/favicon-96x96-1.png","width":96,"height":96,"caption":"Box Repsol"},"image":{"@id":"https:\/\/www.boxrepsol.com\/es\/#\/schema\/logo\/image\/"},"sameAs":["https:\/\/www.facebook.com\/BoxRepsol","https:\/\/x.com\/box_repsol","http:\/\/instagram.com\/box_repsol","https:\/\/www.youtube.com\/user\/RepsolCompeticion","https:\/\/www.flickr.com\/photos\/box_repsol\/"]},{"@type":"Person","@id":"https:\/\/www.boxrepsol.com\/es\/#\/schema\/person\/c5c2138f2cca251b0ad92b7086bb60b7","name":"Redacci\u00f3n Box Repsol","image":{"@type":"ImageObject","inLanguage":"es","@id":"https:\/\/secure.gravatar.com\/avatar\/adf7b77e38b4419baf32c7e9c21dde01f4e40df611f0978e3006fc4ba0aaab7e?s=96&d=mm&r=g","url":"https:\/\/secure.gravatar.com\/avatar\/adf7b77e38b4419baf32c7e9c21dde01f4e40df611f0978e3006fc4ba0aaab7e?s=96&d=mm&r=g","contentUrl":"https:\/\/secure.gravatar.com\/avatar\/adf7b77e38b4419baf32c7e9c21dde01f4e40df611f0978e3006fc4ba0aaab7e?s=96&d=mm&r=g","caption":"Redacci\u00f3n Box Repsol"},"description":"Box Repsol lo forma un equipo de periodistas, community managers, dise\u00f1adores y fot\u00f3grafos con m\u00e1s de 20 a\u00f1os de experiencia en el mundo del motorsport. Hemos vivido el primer mundial de un espa\u00f1ol en la categor\u00eda reina de motociclismo con \u00c1lex Crivill\u00e9, estuvimos en las victorias de Pedrosa y los t\u00edtulos de M\u00e1rquez, acompa\u00f1amos en \u00c1frica a Nani Roma y Marc Coma en sus conquistas del Dakar y hemos vibrado con los t\u00edtulos de Toni Bou en Trial. Adem\u00e1s, en nuestro equipo contamos con expertos en el mundo de las dos y cuatro ruedas tanto de la calle y las carreteras, como de los circuitos. Periodistas que han trabajado en revistas y publicaciones para hacerte llegar desde rutas y consejos de mantenimiento, a curiosidades y trucos de pilotaje.","sameAs":["https:\/\/www.facebook.com\/BoxRepsol\/","https:\/\/www.instagram.com\/box_repsol\/","https:\/\/x.com\/https:\/\/twitter.com\/box_repsol","https:\/\/www.youtube.com\/@Boxrepsol"],"url":"https:\/\/www.boxrepsol.com\/es\/author\/redaccion-box-repsol\/"}]}},"_links":{"self":[{"href":"https:\/\/www.boxrepsol.com\/es\/wp-json\/wp\/v2\/posts\/103535","targetHints":{"allow":["GET"]}}],"collection":[{"href":"https:\/\/www.boxrepsol.com\/es\/wp-json\/wp\/v2\/posts"}],"about":[{"href":"https:\/\/www.boxrepsol.com\/es\/wp-json\/wp\/v2\/types\/post"}],"author":[{"embeddable":true,"href":"https:\/\/www.boxrepsol.com\/es\/wp-json\/wp\/v2\/users\/43146"}],"replies":[{"embeddable":true,"href":"https:\/\/www.boxrepsol.com\/es\/wp-json\/wp\/v2\/comments?post=103535"}],"version-history":[{"count":1,"href":"https:\/\/www.boxrepsol.com\/es\/wp-json\/wp\/v2\/posts\/103535\/revisions"}],"predecessor-version":[{"id":103548,"href":"https:\/\/www.boxrepsol.com\/es\/wp-json\/wp\/v2\/posts\/103535\/revisions\/103548"}],"wp:featuredmedia":[{"embeddable":true,"href":"https:\/\/www.boxrepsol.com\/es\/wp-json\/wp\/v2\/media\/103536"}],"wp:attachment":[{"href":"https:\/\/www.boxrepsol.com\/es\/wp-json\/wp\/v2\/media?parent=103535"}],"wp:term":[{"taxonomy":"category","embeddable":true,"href":"https:\/\/www.boxrepsol.com\/es\/wp-json\/wp\/v2\/categories?post=103535"},{"taxonomy":"post_tag","embeddable":true,"href":"https:\/\/www.boxrepsol.com\/es\/wp-json\/wp\/v2\/tags?post=103535"}],"curies":[{"name":"wp","href":"https:\/\/api.w.org\/{rel}","templated":true}]}}