{"id":102790,"date":"2023-05-29T12:26:20","date_gmt":"2023-05-29T14:26:20","guid":{"rendered":"https:\/\/www.boxrepsol.com\/?p=102790"},"modified":"2025-06-26T08:15:16","modified_gmt":"2025-06-26T10:15:16","slug":"altura-de-los-pilotos-motogp","status":"publish","type":"post","link":"https:\/\/www.boxrepsol.com\/es\/motogp\/altura-de-los-pilotos-motogp\/","title":{"rendered":"\u00bfCu\u00e1l es la altura de los pilotos de MotoGP?"},"content":{"rendered":"<figure class=\"wp-block-post-featured-image\"><img loading=\"lazy\" decoding=\"async\" width=\"1280\" height=\"650\" src=\"https:\/\/bxrepsol.s3.eu-west-1.amazonaws.com\/static\/2024\/07\/11103453\/HRC2024_-00644web.png\" class=\"attachment-post-thumbnail size-post-thumbnail wp-post-image\" alt=\"\" style=\"object-fit:cover;\" srcset=\"https:\/\/bxrepsol.s3.eu-west-1.amazonaws.com\/static\/2024\/07\/11103453\/HRC2024_-00644web.png 1280w, https:\/\/bxrepsol.s3.eu-west-1.amazonaws.com\/static\/2024\/07\/11103453\/HRC2024_-00644web-300x152.png 300w, https:\/\/bxrepsol.s3.eu-west-1.amazonaws.com\/static\/2024\/07\/11103453\/HRC2024_-00644web-1024x520.png 1024w, https:\/\/bxrepsol.s3.eu-west-1.amazonaws.com\/static\/2024\/07\/11103453\/HRC2024_-00644web-768x390.png 768w\" sizes=\"auto, (max-width: 1280px) 100vw, 1280px\" \/><\/figure>\n\n\n<h2 class=\"wp-block-heading\"><span class=\"ez-toc-section\" id=\"%C2%BFHay_alguna_normativa_sobre_la_altura_de_los_pilotos_de_MotoGP\"><\/span><strong>\u00bfHay alguna normativa sobre la altura de los pilotos de MotoGP?<\/strong><span class=\"ez-toc-section-end\"><\/span><\/h2>\n\n\n\n<p>Con relativa recurrencia asistimos a quejas de los pilotos m\u00e1s grandes y, l\u00f3gicamente, m\u00e1s pesados de la categor\u00eda de MotoGP y de otras clases, denunciando la desventaja que padecen por sus medidas frente a los pilotos m\u00e1s peque\u00f1os y livianos. <strong>Reclaman el empleo del peso combinado moto-piloto,<\/strong> como sucede en las categor\u00edas de Moto3 y Moto2 desde hace ya varias temporadas, pero que <strong>en MotoGP no se aplica<\/strong>. En la actualidad, solo existe un l\u00edmite de peso m\u00ednimo obligatorio de la moto fijado en 157 kilos, pero no tiene en cuenta al piloto.<\/p>\n\n\n\n<p><strong><div id=\"ez-toc-container\" class=\"ez-toc-v2_0_82_2 counter-hierarchy ez-toc-counter ez-toc-grey ez-toc-container-direction\">\n<div class=\"ez-toc-title-container\">\n<p class=\"ez-toc-title\" style=\"cursor:inherit\">\u00cdndice<\/p>\n<span class=\"ez-toc-title-toggle\"><a href=\"#\" class=\"ez-toc-pull-right ez-toc-btn ez-toc-btn-xs ez-toc-btn-default ez-toc-toggle\" aria-label=\"Toggle Table of Content\"><span class=\"ez-toc-js-icon-con\"><span class=\"\"><span class=\"eztoc-hide\" style=\"display:none;\">Toggle<\/span><span class=\"ez-toc-icon-toggle-span\"><svg style=\"fill: #999;color:#999\" xmlns=\"http:\/\/www.w3.org\/2000\/svg\" class=\"list-377408\" width=\"20px\" height=\"20px\" viewBox=\"0 0 24 24\" fill=\"none\"><path d=\"M6 6H4v2h2V6zm14 0H8v2h12V6zM4 11h2v2H4v-2zm16 0H8v2h12v-2zM4 16h2v2H4v-2zm16 0H8v2h12v-2z\" fill=\"currentColor\"><\/path><\/svg><svg style=\"fill: #999;color:#999\" class=\"arrow-unsorted-368013\" xmlns=\"http:\/\/www.w3.org\/2000\/svg\" width=\"10px\" height=\"10px\" viewBox=\"0 0 24 24\" version=\"1.2\" baseProfile=\"tiny\"><path d=\"M18.2 9.3l-6.2-6.3-6.2 6.3c-.2.2-.3.4-.3.7s.1.5.3.7c.2.2.4.3.7.3h11c.3 0 .5-.1.7-.3.2-.2.3-.5.3-.7s-.1-.5-.3-.7zM5.8 14.7l6.2 6.3 6.2-6.3c.2-.2.3-.5.3-.7s-.1-.5-.3-.7c-.2-.2-.4-.3-.7-.3h-11c-.3 0-.5.1-.7.3-.2.2-.3.5-.3.7s.1.5.3.7z\"\/><\/svg><\/span><\/span><\/span><\/a><\/span><\/div>\n<nav><ul class='ez-toc-list ez-toc-list-level-1 ' ><li class='ez-toc-page-1 ez-toc-heading-level-2'><a class=\"ez-toc-link ez-toc-heading-1\" href=\"https:\/\/www.boxrepsol.com\/es\/motogp\/altura-de-los-pilotos-motogp\/#%C2%BFHay_alguna_normativa_sobre_la_altura_de_los_pilotos_de_MotoGP\" >\u00bfHay alguna normativa sobre la altura de los pilotos de MotoGP?<\/a><ul class='ez-toc-list-level-3' ><li class='ez-toc-heading-level-3'><a class=\"ez-toc-link ez-toc-heading-2\" href=\"https:\/\/www.boxrepsol.com\/es\/motogp\/altura-de-los-pilotos-motogp\/#Pilotos_de_talla_XXL_en_MotoGP\" >Pilotos de talla XXL en MotoGP<\/a><\/li><li class='ez-toc-page-1 ez-toc-heading-level-3'><a class=\"ez-toc-link ez-toc-heading-3\" href=\"https:\/\/www.boxrepsol.com\/es\/motogp\/altura-de-los-pilotos-motogp\/#Pilotos_de_talla_media_en_MotoGP\" >Pilotos de talla media en MotoGP<\/a><\/li><\/ul><\/li><li class='ez-toc-page-1 ez-toc-heading-level-2'><a class=\"ez-toc-link ez-toc-heading-4\" href=\"https:\/\/www.boxrepsol.com\/es\/motogp\/altura-de-los-pilotos-motogp\/#%C2%BFCual_es_la_altura_de_los_pilotos_historicos_que_han_estado_en_el_equipo_Repsol_Honda\" >\u00bfCu\u00e1l es la altura de los pilotos hist\u00f3ricos que han estado en el equipo Repsol Honda?<\/a><\/li><li class='ez-toc-page-1 ez-toc-heading-level-2'><a class=\"ez-toc-link ez-toc-heading-5\" href=\"https:\/\/www.boxrepsol.com\/es\/motogp\/altura-de-los-pilotos-motogp\/#%C2%BFCuales_son_los_pilotos_mas_altos_de_MotoGP\" >\u00bfCu\u00e1les son los pilotos m\u00e1s altos de MotoGP?<\/a><\/li><li class='ez-toc-page-1 ez-toc-heading-level-2'><a class=\"ez-toc-link ez-toc-heading-6\" href=\"https:\/\/www.boxrepsol.com\/es\/motogp\/altura-de-los-pilotos-motogp\/#%C2%BFCuales_son_los_pilotos_con_menor_altura_de_MotoGP\" >\u00bfCu\u00e1les son los pilotos con menor altura de MotoGP?<\/a><\/li><\/ul><\/nav><\/div>\n<\/strong><\/p>\n\n\n\n<p>En algunos momentos ha habido diferencias notables entre algunos pilotos. En extremo tenemos a Dani Pedrosa, que con su 1,59 m y 51 kilos de peso ha sido el <strong>piloto m\u00e1s ligero y peque\u00f1o que ha pasado por MotoGP.<\/strong> Hace unas pocas temporadas, Dani se cruzaba en la parrilla con pilotos como Danilo Petrucci, 1,80 m y 82 kilos de peso. Las quejas de algunos rivales no eran tanto por la altura, que ya era bastante distinta de por s\u00ed, como por el peso, porque esos kilos que les separaban <strong>era una diferencia muy notable<\/strong> que de un modo u otro ten\u00eda que influir en las prestaciones de las motos.<\/p>\n\n\n\n<p>La cuesti\u00f3n es que, lejos de ser una ventaja, el reducido tama\u00f1o de Pedrosa, era un verdadero lastre contra el que el piloto espa\u00f1ol ten\u00eda que luchar a base de t\u00e9cnica y talento, sobre todo teniendo en cuenta que desde su llegada a MotoGP (2006) hasta su \u00faltima temporada (2018) <strong>el peso m\u00ednimo de las motos se ha elevado varios kilos,<\/strong> triplicando el peso del propio piloto. La ventaja te\u00f3rica de ser un piloto ligero y de poca talla quedaba bastante diluida con cada nuevo cambio.<\/p>\n\n\n\n<figure class=\"wp-block-image size-large\"><img loading=\"lazy\" decoding=\"async\" width=\"1024\" height=\"683\" src=\"https:\/\/bxrepsol.s3.eu-west-1.amazonaws.com\/static\/2023\/05\/29121726\/001a__179859_tcm7-320292opt-1024x683.jpg\" alt=\"Dani Pedrosa y Nicky Hayden, pilotos Repsol, de diferente altura \" class=\"wp-image-102804\" srcset=\"https:\/\/bxrepsol.s3.eu-west-1.amazonaws.com\/static\/2023\/05\/29121726\/001a__179859_tcm7-320292opt-1024x683.jpg 1024w, https:\/\/bxrepsol.s3.eu-west-1.amazonaws.com\/static\/2023\/05\/29121726\/001a__179859_tcm7-320292opt-300x200.jpg 300w, https:\/\/bxrepsol.s3.eu-west-1.amazonaws.com\/static\/2023\/05\/29121726\/001a__179859_tcm7-320292opt-768x512.jpg 768w, https:\/\/bxrepsol.s3.eu-west-1.amazonaws.com\/static\/2023\/05\/29121726\/001a__179859_tcm7-320292opt-1536x1024.jpg 1536w, https:\/\/bxrepsol.s3.eu-west-1.amazonaws.com\/static\/2023\/05\/29121726\/001a__179859_tcm7-320292opt-2048x1365.jpg 2048w\" sizes=\"auto, (max-width: 1024px) 100vw, 1024px\" \/><\/figure>\n\n\n\n<h3 class=\"wp-block-heading\"><span class=\"ez-toc-section\" id=\"Pilotos_de_talla_XXL_en_MotoGP\"><\/span><strong>Pilotos de talla XXL en MotoGP<\/strong><span class=\"ez-toc-section-end\"><\/span><\/h3>\n\n\n\n<p>Cada deporte tiene unas <strong>caracter\u00edsticas antropom\u00f3rficas<\/strong>. Si mides menos de 1,80 m es mejor que no te dediques al baloncesto profesional, aunque ah\u00ed est\u00e1 Spud Webb \u20131,68 m y ganador del concurso de mates de la NBA\u2013 para contradecir este aforismo. Del mismo modo se suele decir que si mides m\u00e1s de 1,90 no puedes ser piloto de motos, al menos en velocidad, porque en la especialidad \u201coff road\u201d s\u00ed que puede ser una buena ayuda, pero nuevamente la realidad nos sacude: Loris Baz, con su 1,91 m ha competido en MotoGP y SBK, ganando mangas del Mundial de SBK y un t\u00edtulo europeo.<\/p>\n\n\n\n<p>Pero hay que reconocer que ciertamente encontrarse en el extremo de esta situaci\u00f3n, tanto en un lado como en otro, no es lo m\u00e1s adecuado. En cualquier caso, <strong>no hay una normativa que regule alturas y pesos,<\/strong> m\u00e1s all\u00e1 de la conocida sobre peso conjunto moto-piloto de Moto3 y Moto2.<\/p>\n\n\n\n<p>Por lo general la altura de los pilotos de MotoGP siempre ha sido compacta. En los <a href=\"https:\/\/www.boxrepsol.com\/es\/de-leyenda\/breve-historia-las-categorias-del-campeonato-del-mundo\/\">inicios del campeonato<\/a> hab\u00eda pilotos muy menudos que <strong>se especializaron en las categor\u00edas m\u00e1s peque\u00f1as del campeonato<\/strong>, 50\/80 cc y 125 cc. Eran pilotos que no llegaban al 1,70 m y eran capaces de acoplarse a la perfecci\u00f3n a aquellas m\u00e1quinas tan peque\u00f1as. <a href=\"https:\/\/www.boxrepsol.com\/es\/de-leyenda\/repsol-angel-nieto-comienzos-fulgurantes\/\">\u00c1ngel Nieto<\/a>, Ricardo Tormo, Pier Paolo Bianchi, Eugenio Lazzarini\u2026 Los pilotos latinos eran por lo general de talla m\u00e1s peque\u00f1a que los anglosajones, aunque tambi\u00e9n se dieron casos de pilotos como Bill Ivy, que no correspond\u00eda con los c\u00e1nones del norte de Europa. Lo mismo podemos decir, pero en sentido inverso, de nuestro V\u00edctor Palomo, que con su 1,82 m se tuvo que dedicar a las categor\u00edas superiores, de 250 cc a 750 cc, y precisamente en esta \u00faltima lleg\u00f3 a ser campe\u00f3n de la Copa FIM 750 en 1976.<\/p>\n\n\n\n<figure class=\"wp-block-image size-large\"><img loading=\"lazy\" decoding=\"async\" width=\"1024\" height=\"683\" src=\"https:\/\/bxrepsol.s3.eu-west-1.amazonaws.com\/static\/2023\/05\/29121854\/12RCheca12_RMgp_XXX_1466opt-1024x683.jpg\" alt=\"Dani Pedrosa, Jorge Lorenzo y Cal Crutchlow, pilotos de diferente altura en podio\" class=\"wp-image-102806\" srcset=\"https:\/\/bxrepsol.s3.eu-west-1.amazonaws.com\/static\/2023\/05\/29121854\/12RCheca12_RMgp_XXX_1466opt-1024x683.jpg 1024w, https:\/\/bxrepsol.s3.eu-west-1.amazonaws.com\/static\/2023\/05\/29121854\/12RCheca12_RMgp_XXX_1466opt-300x200.jpg 300w, https:\/\/bxrepsol.s3.eu-west-1.amazonaws.com\/static\/2023\/05\/29121854\/12RCheca12_RMgp_XXX_1466opt-768x512.jpg 768w, https:\/\/bxrepsol.s3.eu-west-1.amazonaws.com\/static\/2023\/05\/29121854\/12RCheca12_RMgp_XXX_1466opt-1536x1024.jpg 1536w, https:\/\/bxrepsol.s3.eu-west-1.amazonaws.com\/static\/2023\/05\/29121854\/12RCheca12_RMgp_XXX_1466opt-2048x1365.jpg 2048w\" sizes=\"auto, (max-width: 1024px) 100vw, 1024px\" \/><\/figure>\n\n\n\n<p>Sin embargo, no llegar al 1,70 m no impidi\u00f3 a Kenny Roberts dominar el Mundial de 500 durante tres temporadas consecutivas. Todo se reduce, sencillamente, a una <strong>cuesti\u00f3n de talento y habilidad<\/strong>. Y en aquellos d\u00edas nadie se planteaba que su reducido peso le reportara alguna ventaja.<\/p>\n\n\n\n<p>Seguramente puede que el piloto m\u00e1s peque\u00f1o que hemos conocido a lomos de una moto de Gran Premio haya sido <strong>el italiano Max Sabbatani, que midiendo 1,50<\/strong> m fue campe\u00f3n de Europa de 125 en 1998, y posteriormente disput\u00f3 el Mundial en esta categor\u00eda entre 1999 y 2003, puntuando con regularidad y cosechando algunos resultados positivos, pero sin llegar a subir nunca al podio.<\/p>\n\n\n\n<h3 class=\"wp-block-heading\"><span class=\"ez-toc-section\" id=\"Pilotos_de_talla_media_en_MotoGP\"><\/span><strong>Pilotos de talla media en MotoGP<\/strong><span class=\"ez-toc-section-end\"><\/span><\/h3>\n\n\n\n<p>La realidad es que la talla media actual de los pilotos de MotoGP <strong>se sit\u00faa en el 1,74 m,<\/strong> y se he elevado bastante con la incorporaci\u00f3n de los \u00faltimos pilotos llegados a la categor\u00eda, como Marco Bezzecchi (1,74 m), Fabio Di Giannantonio (1,75 m), Ra\u00fal Fern\u00e1ndez (1,77 m), o el debutante en 2023 y campe\u00f3n de Moto2 la pasada temporada, Augusto Fern\u00e1ndez (1,81 m).<\/p>\n\n\n\n<p>La presencia de Dani Pedrosa como piloto invitado en el pasado Gran Premio de Espa\u00f1a <strong>permiti\u00f3 volver a ver contrastes<\/strong> <strong>en la parrilla<\/strong> entre \u00e9l y ese grupo de espigados y j\u00f3venes pilotos que poco a poco ha ido poblando la parrilla de MotoGP. Ahora la m\u00e1xima referencia de MotoGP es <a href=\"https:\/\/www.boxrepsol.com\/es\/equipo-repsol\/luca-marini\/\">Luca Marini<\/a> con su 1,84 m, y adem\u00e1s de Augusto Fern\u00e1ndez, <a href=\"https:\/\/www.boxrepsol.com\/es\/equipo-repsol\/joan-mir\/\">Joan Mir<\/a> tambi\u00e9n est\u00e1 en el 1,81 m y \u00c1lex M\u00e1rquez y Aleix Espargar\u00f3, el m\u00e1s veterano de la parrilla, que andan por el 1,80 m.<\/p>\n\n\n\n<p>En el lado opuesto de la balanza sigue habiendo pilotos menudos que no llegan al 1,70 m, como Jorge Mart\u00edn y Enea Bastianini (ambos en 1,68 m), y Marc M\u00e1rquez (1,69 m). <strong>Su altura no ha sido un inconveniente para el catal\u00e1n<\/strong>, solo hace falta fijarse en su palmar\u00e9s, e incluso en 2019 se convirti\u00f3 en el piloto con m\u00e1s <a href=\"https:\/\/www.boxrepsol.com\/es\/motogp\/marc-marquez-se-convierte-piloto-mas-poles-la-historia-la-categoria-reina\/\">poles<\/a> de la historia de MotoGP. As\u00ed pues, actualmente, <strong>casi la mitad de la parrilla de 2023 <\/strong>se encuentra por debajo de la talla media de la categor\u00eda.<\/p>\n\n\n\n<figure class=\"wp-block-image size-large\"><img loading=\"lazy\" decoding=\"async\" width=\"1024\" height=\"682\" src=\"https:\/\/bxrepsol.s3.eu-west-1.amazonaws.com\/static\/2023\/05\/29122411\/JRB5481-1-scaledopt-1024x682.jpg\" alt=\"Pilotos de MotoGP rodando en el Gran Premio de Espa\u00f1a 2023\" class=\"wp-image-102810\" srcset=\"https:\/\/bxrepsol.s3.eu-west-1.amazonaws.com\/static\/2023\/05\/29122411\/JRB5481-1-scaledopt-1024x682.jpg 1024w, https:\/\/bxrepsol.s3.eu-west-1.amazonaws.com\/static\/2023\/05\/29122411\/JRB5481-1-scaledopt-300x200.jpg 300w, https:\/\/bxrepsol.s3.eu-west-1.amazonaws.com\/static\/2023\/05\/29122411\/JRB5481-1-scaledopt-768x512.jpg 768w, https:\/\/bxrepsol.s3.eu-west-1.amazonaws.com\/static\/2023\/05\/29122411\/JRB5481-1-scaledopt-1536x1024.jpg 1536w, https:\/\/bxrepsol.s3.eu-west-1.amazonaws.com\/static\/2023\/05\/29122411\/JRB5481-1-scaledopt-2048x1365.jpg 2048w\" sizes=\"auto, (max-width: 1024px) 100vw, 1024px\" \/><\/figure>\n\n\n\n<h2 class=\"wp-block-heading\"><span class=\"ez-toc-section\" id=\"%C2%BFCual_es_la_altura_de_los_pilotos_historicos_que_han_estado_en_el_equipo_Repsol_Honda\"><\/span><strong>\u00bfCu\u00e1l es la altura de los pilotos hist\u00f3ricos que han estado en el equipo Repsol Honda?<\/strong><span class=\"ez-toc-section-end\"><\/span><\/h2>\n\n\n\n<p>En nuestro caso particular, dentro del <a href=\"https:\/\/www.boxrepsol.com\/es\/equipo-repsol\/\">equipo Repsol Honda<\/a>, la altura de nuestros pilotos ha sido muy variada. Estos son algunos de los <strong>pilotos hist\u00f3ricos de MotoGP <\/strong>que han pasado por nuestro equipo o est\u00e1n en las filas actualmente, como es el caso de Marc M\u00e1rquez.<\/p>\n\n\n\n<figure class=\"wp-block-table\"><table><tbody><tr><td>Piloto<\/td><td>Altura<\/td><td>Temporadas<\/td><td>Mejor clasificaci\u00f3n<\/td><td>Victorias\/Mejor Resultado<\/td><\/tr><tr><td>Casey Stoner<\/td><td>1,71<\/td><td>2001 &#8211; 2012<\/td><td>2 t\u00edtulos<\/td><td>38<\/td><\/tr><tr><td>Marc M\u00e1rquez<\/td><td>1,69<\/td><td>2013 &#8211; 2023<\/td><td>6 t\u00edtulos<\/td><td>59<\/td><\/tr><tr><td>Dani Pedrosa<\/td><td>1,58<\/td><td>2006 &#8211; 2018<\/td><td>2\u00ba 2012<\/td><td>31<\/td><\/tr><tr><td>Nicky Hayden <\/td><td>1,73<\/td><td>2003 &#8211; 2016<\/td><td>1 t\u00edtulo<\/td><td>3<\/td><\/tr><tr><td>Valentino Rossi<\/td><td>1,82<\/td><td>2000 &#8211; 2021<\/td><td>7 t\u00edtulos<\/td><td>89<\/td><\/tr><\/tbody><\/table><\/figure>\n\n\n\n<h2 class=\"wp-block-heading\"><span class=\"ez-toc-section\" id=\"%C2%BFCuales_son_los_pilotos_mas_altos_de_MotoGP\"><\/span><strong>\u00bfCu\u00e1les son los pilotos m\u00e1s altos de MotoGP?<\/strong><span class=\"ez-toc-section-end\"><\/span><\/h2>\n\n\n\n<p>Podemos establecer una clasificaci\u00f3n de <strong>los pilotos m\u00e1s altos que han tomado parte en MotoGP<\/strong>, y comparar su rendimiento en la categor\u00eda.<\/p>\n\n\n\n<figure class=\"wp-block-table\"><table><tbody><tr><td>Piloto<\/td><td>Altura<\/td><td>Temporadas<\/td><td>Mejor Clasificaci\u00f3n<\/td><td>Victorias\/Mejor resultado<\/td><\/tr><tr><td>Loris Baz<\/td><td>1,91<\/td><td>2015 &#8211; 2017<\/td><td>17\u00ba 2015<\/td><td>4\u00ba<\/td><\/tr><tr><td>Scott Redding<\/td><td>1,85<\/td><td>2014 &#8211; 2018<\/td><td>12\u00ba 2014<\/td><td>3\u00ba<\/td><\/tr><tr><td>Luca Marini <\/td><td>1,84<\/td><td>2021 &#8211; 2023<\/td><td>12\u00ba 2022<\/td><td>2\u00ba<\/td><\/tr><tr><td>Yonny Hern\u00e1ndez<\/td><td>1,83<\/td><td>2012 &#8211; 2016<\/td><td>14\u00ba 2015<\/td><td>7\u00ba<\/td><\/tr><tr><td>Aleix Espargar\u00f3<\/td><td>1,80<\/td><td>2009 &#8211; 2023<\/td><td>4\u00ba 2022<\/td><td>1 victoria<\/td><\/tr><\/tbody><\/table><\/figure>\n\n\n\n<h2 class=\"wp-block-heading\"><span class=\"ez-toc-section\" id=\"%C2%BFCuales_son_los_pilotos_con_menor_altura_de_MotoGP\"><\/span><strong>\u00bfCu\u00e1les son los pilotos con menor altura de MotoGP?<\/strong><span class=\"ez-toc-section-end\"><\/span><\/h2>\n\n\n\n<p>De la misma manera hemos hecho un peque\u00f1o ranking comparativo entre los pilotos de menor talla que han pasado por MotoGP, comparando su rendimiento.<\/p>\n\n\n\n<figure class=\"wp-block-table\"><table><tbody><tr><td>Piloto<\/td><td>Altura<\/td><td>Temporadas<\/td><td>Mejor clasificaci\u00f3n<\/td><td>Victorias\/Mejor resultado<\/td><\/tr><tr><td>Dani Pedrosa <\/td><td>1,60<\/td><td>2006 &#8211; 2018<\/td><td>3 subcampeonatos<\/td><td>31 victorias<\/td><\/tr><tr><td>Marco Melandri<\/td><td>1,66<\/td><td>2003 &#8211; 2010<\/td><td>1 subcampeonatos<\/td><td>5 victorias<\/td><\/tr><tr><td>Mika Kallio<\/td><td>1,66<\/td><td>2009 &#8211; 2010<\/td><td>15\u00ba 2009<\/td><td>7\u00aa posici\u00f3n<\/td><\/tr><tr><td>Andrea Dovizioso<\/td><td>1,67<\/td><td>2008 &#8211; 2021<\/td><td>3 subcampeonatos<\/td><td>15 victorias<\/td><\/tr><tr><td>Enea Bastianini<\/td><td>1,68<\/td><td>2021 &#8211; 2023<\/td><td>3\u00ba 2022<\/td><td>4 victorias<\/td><\/tr><\/tbody><\/table><\/figure>\n\n\n\n<figure class=\"wp-block-image size-large\"><img loading=\"lazy\" decoding=\"async\" width=\"1024\" height=\"683\" src=\"https:\/\/bxrepsol.s3.eu-west-1.amazonaws.com\/static\/2023\/05\/29122209\/12RCheca12_TMgp_XXX_0418opt-1024x683.jpg\" alt=\"Dani Pedrosa, piloto de menor estatura de la categor\u00eda, rodando con la MotoGP\" class=\"wp-image-102808\" srcset=\"https:\/\/bxrepsol.s3.eu-west-1.amazonaws.com\/static\/2023\/05\/29122209\/12RCheca12_TMgp_XXX_0418opt-1024x683.jpg 1024w, https:\/\/bxrepsol.s3.eu-west-1.amazonaws.com\/static\/2023\/05\/29122209\/12RCheca12_TMgp_XXX_0418opt-300x200.jpg 300w, https:\/\/bxrepsol.s3.eu-west-1.amazonaws.com\/static\/2023\/05\/29122209\/12RCheca12_TMgp_XXX_0418opt-768x512.jpg 768w, https:\/\/bxrepsol.s3.eu-west-1.amazonaws.com\/static\/2023\/05\/29122209\/12RCheca12_TMgp_XXX_0418opt-1536x1024.jpg 1536w, https:\/\/bxrepsol.s3.eu-west-1.amazonaws.com\/static\/2023\/05\/29122209\/12RCheca12_TMgp_XXX_0418opt-2048x1365.jpg 2048w\" sizes=\"auto, (max-width: 1024px) 100vw, 1024px\" \/><\/figure>\n\n\n\n<p>Comparando unos y otros, parece que los pilotos con menor altura <strong>se adaptan mejor y, por lo general, tienen un rendimiento mejor<\/strong>. Pero claro, puestos en una balanza los \u00e9xitos de uno y otro grupo, la trayectoria deportiva de Rossi desequilibra el peso hacia los m\u00e1s grandes. Esto no es una ciencia exacta, <strong>son simples datos sin m\u00e1s<\/strong>, pero lo que resulta incuestionable es que unos y otros son capaces de sacar el m\u00e1ximo rendimiento a una MotoGP.<\/p>\n","protected":false},"excerpt":{"rendered":"<p>Las motos de MotoGP son las m\u00e1s potentes y grandes de la competici\u00f3n motociclista. \u00bfHasta qu\u00e9 punto puede llegar a influir la altura del piloto en su rendimiento a lomos de estas motos? Todo es relativo, pero el tama\u00f1o importa en MotoGP.<\/p>\n","protected":false},"author":41268,"featured_media":117742,"comment_status":"open","ping_status":"open","sticky":false,"template":"","format":"standard","meta":{"footnotes":""},"categories":[4],"tags":[333,7],"class_list":["post-102790","post","type-post","status-publish","format-standard","hentry","category-motogp","tag-competicion","tag-motogp"],"yoast_head":"<!-- This site is optimized with the Yoast SEO plugin v27.3 - https:\/\/yoast.com\/product\/yoast-seo-wordpress\/ -->\n<title>\u00bfCu\u00e1l es la altura de los pilotos de MotoGP? - Box Repsol<\/title>\n<meta name=\"description\" content=\"La condici\u00f3n f\u00edsica en MotoGP es un factor clave para poder competir a un alto nivel pero, \u00bfc\u00f3mo de importante es la altura de los pilotos?\" \/>\n<link rel=\"canonical\" href=\"https:\/\/www.boxrepsol.com\/es\/motogp\/altura-de-los-pilotos-motogp\/\" \/>\n<meta property=\"og:locale\" content=\"es_ES\" \/>\n<meta property=\"og:type\" content=\"article\" \/>\n<meta property=\"og:title\" content=\"\u00bfCu\u00e1l es la altura de los pilotos de MotoGP? - Box Repsol\" \/>\n<meta property=\"og:description\" content=\"La condici\u00f3n f\u00edsica en MotoGP es un factor clave para poder competir a un alto nivel pero, \u00bfc\u00f3mo de importante es la altura de los pilotos?\" \/>\n<meta property=\"og:url\" content=\"https:\/\/www.boxrepsol.com\/es\/motogp\/altura-de-los-pilotos-motogp\/\" \/>\n<meta property=\"og:site_name\" content=\"Box Repsol\" \/>\n<meta property=\"article:publisher\" content=\"https:\/\/www.facebook.com\/BoxRepsol\" \/>\n<meta property=\"article:published_time\" content=\"2023-05-29T14:26:20+00:00\" \/>\n<meta property=\"article:modified_time\" content=\"2025-06-26T10:15:16+00:00\" \/>\n<meta property=\"og:image\" content=\"https:\/\/bxrepsol.s3.eu-west-1.amazonaws.com\/static\/2024\/07\/11103453\/HRC2024_-00644web.png\" \/>\n\t<meta property=\"og:image:width\" content=\"1280\" \/>\n\t<meta property=\"og:image:height\" content=\"650\" \/>\n\t<meta property=\"og:image:type\" content=\"image\/png\" \/>\n<meta name=\"author\" content=\"Juan Pedro de la Torre\" \/>\n<meta name=\"twitter:card\" content=\"summary_large_image\" \/>\n<meta name=\"twitter:creator\" content=\"@https:\/\/twitter.com\/JPdelaTorre1965\" \/>\n<meta name=\"twitter:site\" content=\"@box_repsol\" \/>\n<meta name=\"twitter:label1\" content=\"Written by\" \/>\n\t<meta name=\"twitter:data1\" content=\"Juan Pedro de la Torre\" \/>\n\t<meta name=\"twitter:label2\" content=\"Est. reading time\" \/>\n\t<meta name=\"twitter:data2\" content=\"6 minutos\" \/>\n<script type=\"application\/ld+json\" class=\"yoast-schema-graph\">{\"@context\":\"https:\\\/\\\/schema.org\",\"@graph\":[{\"@type\":\"Article\",\"@id\":\"https:\\\/\\\/www.boxrepsol.com\\\/es\\\/motogp\\\/altura-de-los-pilotos-motogp\\\/#article\",\"isPartOf\":{\"@id\":\"https:\\\/\\\/www.boxrepsol.com\\\/es\\\/motogp\\\/altura-de-los-pilotos-motogp\\\/\"},\"author\":{\"name\":\"Juan Pedro de la Torre\",\"@id\":\"https:\\\/\\\/www.boxrepsol.com\\\/es\\\/#\\\/schema\\\/person\\\/26abce1d675df22d63ac9e9d5f23e4aa\"},\"headline\":\"\u00bfCu\u00e1l es la altura de los pilotos de MotoGP?\",\"datePublished\":\"2023-05-29T14:26:20+00:00\",\"dateModified\":\"2025-06-26T10:15:16+00:00\",\"mainEntityOfPage\":{\"@id\":\"https:\\\/\\\/www.boxrepsol.com\\\/es\\\/motogp\\\/altura-de-los-pilotos-motogp\\\/\"},\"wordCount\":1316,\"commentCount\":4,\"publisher\":{\"@id\":\"https:\\\/\\\/www.boxrepsol.com\\\/es\\\/#organization\"},\"image\":{\"@id\":\"https:\\\/\\\/www.boxrepsol.com\\\/es\\\/motogp\\\/altura-de-los-pilotos-motogp\\\/#primaryimage\"},\"thumbnailUrl\":\"https:\\\/\\\/bxrepsol.s3.eu-west-1.amazonaws.com\\\/static\\\/2024\\\/07\\\/11103453\\\/HRC2024_-00644web.png\",\"keywords\":[\"Competici\u00f3n\",\"MotoGP\"],\"articleSection\":[\"MotoGP\"],\"inLanguage\":\"es\",\"potentialAction\":[{\"@type\":\"CommentAction\",\"name\":\"Comment\",\"target\":[\"https:\\\/\\\/www.boxrepsol.com\\\/es\\\/motogp\\\/altura-de-los-pilotos-motogp\\\/#respond\"]}]},{\"@type\":\"WebPage\",\"@id\":\"https:\\\/\\\/www.boxrepsol.com\\\/es\\\/motogp\\\/altura-de-los-pilotos-motogp\\\/\",\"url\":\"https:\\\/\\\/www.boxrepsol.com\\\/es\\\/motogp\\\/altura-de-los-pilotos-motogp\\\/\",\"name\":\"\u00bfCu\u00e1l es la altura de los pilotos de MotoGP? - Box Repsol\",\"isPartOf\":{\"@id\":\"https:\\\/\\\/www.boxrepsol.com\\\/es\\\/#website\"},\"primaryImageOfPage\":{\"@id\":\"https:\\\/\\\/www.boxrepsol.com\\\/es\\\/motogp\\\/altura-de-los-pilotos-motogp\\\/#primaryimage\"},\"image\":{\"@id\":\"https:\\\/\\\/www.boxrepsol.com\\\/es\\\/motogp\\\/altura-de-los-pilotos-motogp\\\/#primaryimage\"},\"thumbnailUrl\":\"https:\\\/\\\/bxrepsol.s3.eu-west-1.amazonaws.com\\\/static\\\/2024\\\/07\\\/11103453\\\/HRC2024_-00644web.png\",\"datePublished\":\"2023-05-29T14:26:20+00:00\",\"dateModified\":\"2025-06-26T10:15:16+00:00\",\"description\":\"La condici\u00f3n f\u00edsica en MotoGP es un factor clave para poder competir a un alto nivel pero, \u00bfc\u00f3mo de importante es la altura de los pilotos?\",\"breadcrumb\":{\"@id\":\"https:\\\/\\\/www.boxrepsol.com\\\/es\\\/motogp\\\/altura-de-los-pilotos-motogp\\\/#breadcrumb\"},\"inLanguage\":\"es\",\"potentialAction\":[{\"@type\":\"ReadAction\",\"target\":[\"https:\\\/\\\/www.boxrepsol.com\\\/es\\\/motogp\\\/altura-de-los-pilotos-motogp\\\/\"]}]},{\"@type\":\"ImageObject\",\"inLanguage\":\"es\",\"@id\":\"https:\\\/\\\/www.boxrepsol.com\\\/es\\\/motogp\\\/altura-de-los-pilotos-motogp\\\/#primaryimage\",\"url\":\"https:\\\/\\\/bxrepsol.s3.eu-west-1.amazonaws.com\\\/static\\\/2024\\\/07\\\/11103453\\\/HRC2024_-00644web.png\",\"contentUrl\":\"https:\\\/\\\/bxrepsol.s3.eu-west-1.amazonaws.com\\\/static\\\/2024\\\/07\\\/11103453\\\/HRC2024_-00644web.png\",\"width\":1280,\"height\":650},{\"@type\":\"BreadcrumbList\",\"@id\":\"https:\\\/\\\/www.boxrepsol.com\\\/es\\\/motogp\\\/altura-de-los-pilotos-motogp\\\/#breadcrumb\",\"itemListElement\":[{\"@type\":\"ListItem\",\"position\":1,\"name\":\"Home\",\"item\":\"https:\\\/\\\/www.boxrepsol.com\\\/es\\\/\"},{\"@type\":\"ListItem\",\"position\":2,\"name\":\"\u00bfCu\u00e1l es la altura de los pilotos de MotoGP?\"}]},{\"@type\":\"WebSite\",\"@id\":\"https:\\\/\\\/www.boxrepsol.com\\\/es\\\/#website\",\"url\":\"https:\\\/\\\/www.boxrepsol.com\\\/es\\\/\",\"name\":\"Box Repsol\",\"description\":\"Box Repsol Site\",\"publisher\":{\"@id\":\"https:\\\/\\\/www.boxrepsol.com\\\/es\\\/#organization\"},\"potentialAction\":[{\"@type\":\"SearchAction\",\"target\":{\"@type\":\"EntryPoint\",\"urlTemplate\":\"https:\\\/\\\/www.boxrepsol.com\\\/es\\\/?s={search_term_string}\"},\"query-input\":{\"@type\":\"PropertyValueSpecification\",\"valueRequired\":true,\"valueName\":\"search_term_string\"}}],\"inLanguage\":\"es\"},{\"@type\":\"Organization\",\"@id\":\"https:\\\/\\\/www.boxrepsol.com\\\/es\\\/#organization\",\"name\":\"Box Repsol\",\"url\":\"https:\\\/\\\/www.boxrepsol.com\\\/es\\\/\",\"logo\":{\"@type\":\"ImageObject\",\"inLanguage\":\"es\",\"@id\":\"https:\\\/\\\/www.boxrepsol.com\\\/es\\\/#\\\/schema\\\/logo\\\/image\\\/\",\"url\":\"https:\\\/\\\/bxrepsol.s3.eu-west-1.amazonaws.com\\\/static\\\/2025\\\/07\\\/30083337\\\/favicon-96x96-1.png\",\"contentUrl\":\"https:\\\/\\\/bxrepsol.s3.eu-west-1.amazonaws.com\\\/static\\\/2025\\\/07\\\/30083337\\\/favicon-96x96-1.png\",\"width\":96,\"height\":96,\"caption\":\"Box Repsol\"},\"image\":{\"@id\":\"https:\\\/\\\/www.boxrepsol.com\\\/es\\\/#\\\/schema\\\/logo\\\/image\\\/\"},\"sameAs\":[\"https:\\\/\\\/www.facebook.com\\\/BoxRepsol\",\"https:\\\/\\\/x.com\\\/box_repsol\",\"http:\\\/\\\/instagram.com\\\/box_repsol\",\"https:\\\/\\\/www.youtube.com\\\/user\\\/RepsolCompeticion\",\"https:\\\/\\\/www.flickr.com\\\/photos\\\/box_repsol\\\/\"]},{\"@type\":\"Person\",\"@id\":\"https:\\\/\\\/www.boxrepsol.com\\\/es\\\/#\\\/schema\\\/person\\\/26abce1d675df22d63ac9e9d5f23e4aa\",\"name\":\"Juan Pedro de la Torre\",\"image\":{\"@type\":\"ImageObject\",\"inLanguage\":\"es\",\"@id\":\"https:\\\/\\\/secure.gravatar.com\\\/avatar\\\/e81f780ee2930d7be330cb34304decf0e9bc66bec0158805a0fe2726f4517224?s=96&d=mm&r=g\",\"url\":\"https:\\\/\\\/secure.gravatar.com\\\/avatar\\\/e81f780ee2930d7be330cb34304decf0e9bc66bec0158805a0fe2726f4517224?s=96&d=mm&r=g\",\"contentUrl\":\"https:\\\/\\\/secure.gravatar.com\\\/avatar\\\/e81f780ee2930d7be330cb34304decf0e9bc66bec0158805a0fe2726f4517224?s=96&d=mm&r=g\",\"caption\":\"Juan Pedro de la Torre\"},\"description\":\"Se inici\u00f3 en el diario Marca en 1988 y posteriormente pas\u00f3 a la revista Motociclismo, donde llegar\u00eda a ser director de deporte. Despu\u00e9s fue editor y director de Motoworld.es y Sport Bikes y colabor\u00f3 con varios medios. Adem\u00e1s, ha publicado una docena de libros y actualmente trabaja como colaborador para Motociclismo, El Confidencial y Box Repsol.\",\"sameAs\":[\"https:\\\/\\\/x.com\\\/https:\\\/\\\/twitter.com\\\/JPdelaTorre1965\",\"https:\\\/\\\/youtube.com\\\/@juanpedrodelatorremotoworld\"],\"url\":\"https:\\\/\\\/www.boxrepsol.com\\\/es\\\/author\\\/juanpedro_delatorre\\\/\"}]}<\/script>\n<!-- \/ Yoast SEO plugin. -->","yoast_head_json":{"title":"\u00bfCu\u00e1l es la altura de los pilotos de MotoGP? - Box Repsol","description":"La condici\u00f3n f\u00edsica en MotoGP es un factor clave para poder competir a un alto nivel pero, \u00bfc\u00f3mo de importante es la altura de los pilotos?","canonical":"https:\/\/www.boxrepsol.com\/es\/motogp\/altura-de-los-pilotos-motogp\/","og_locale":"es_ES","og_type":"article","og_title":"\u00bfCu\u00e1l es la altura de los pilotos de MotoGP? - Box Repsol","og_description":"La condici\u00f3n f\u00edsica en MotoGP es un factor clave para poder competir a un alto nivel pero, \u00bfc\u00f3mo de importante es la altura de los pilotos?","og_url":"https:\/\/www.boxrepsol.com\/es\/motogp\/altura-de-los-pilotos-motogp\/","og_site_name":"Box Repsol","article_publisher":"https:\/\/www.facebook.com\/BoxRepsol","article_published_time":"2023-05-29T14:26:20+00:00","article_modified_time":"2025-06-26T10:15:16+00:00","og_image":[{"width":1280,"height":650,"url":"https:\/\/bxrepsol.s3.eu-west-1.amazonaws.com\/static\/2024\/07\/11103453\/HRC2024_-00644web.png","type":"image\/png"}],"author":"Juan Pedro de la Torre","twitter_card":"summary_large_image","twitter_creator":"@https:\/\/twitter.com\/JPdelaTorre1965","twitter_site":"@box_repsol","twitter_misc":{"Written by":"Juan Pedro de la Torre","Est. reading time":"6 minutos"},"schema":{"@context":"https:\/\/schema.org","@graph":[{"@type":"Article","@id":"https:\/\/www.boxrepsol.com\/es\/motogp\/altura-de-los-pilotos-motogp\/#article","isPartOf":{"@id":"https:\/\/www.boxrepsol.com\/es\/motogp\/altura-de-los-pilotos-motogp\/"},"author":{"name":"Juan Pedro de la Torre","@id":"https:\/\/www.boxrepsol.com\/es\/#\/schema\/person\/26abce1d675df22d63ac9e9d5f23e4aa"},"headline":"\u00bfCu\u00e1l es la altura de los pilotos de MotoGP?","datePublished":"2023-05-29T14:26:20+00:00","dateModified":"2025-06-26T10:15:16+00:00","mainEntityOfPage":{"@id":"https:\/\/www.boxrepsol.com\/es\/motogp\/altura-de-los-pilotos-motogp\/"},"wordCount":1316,"commentCount":4,"publisher":{"@id":"https:\/\/www.boxrepsol.com\/es\/#organization"},"image":{"@id":"https:\/\/www.boxrepsol.com\/es\/motogp\/altura-de-los-pilotos-motogp\/#primaryimage"},"thumbnailUrl":"https:\/\/bxrepsol.s3.eu-west-1.amazonaws.com\/static\/2024\/07\/11103453\/HRC2024_-00644web.png","keywords":["Competici\u00f3n","MotoGP"],"articleSection":["MotoGP"],"inLanguage":"es","potentialAction":[{"@type":"CommentAction","name":"Comment","target":["https:\/\/www.boxrepsol.com\/es\/motogp\/altura-de-los-pilotos-motogp\/#respond"]}]},{"@type":"WebPage","@id":"https:\/\/www.boxrepsol.com\/es\/motogp\/altura-de-los-pilotos-motogp\/","url":"https:\/\/www.boxrepsol.com\/es\/motogp\/altura-de-los-pilotos-motogp\/","name":"\u00bfCu\u00e1l es la altura de los pilotos de MotoGP? - Box Repsol","isPartOf":{"@id":"https:\/\/www.boxrepsol.com\/es\/#website"},"primaryImageOfPage":{"@id":"https:\/\/www.boxrepsol.com\/es\/motogp\/altura-de-los-pilotos-motogp\/#primaryimage"},"image":{"@id":"https:\/\/www.boxrepsol.com\/es\/motogp\/altura-de-los-pilotos-motogp\/#primaryimage"},"thumbnailUrl":"https:\/\/bxrepsol.s3.eu-west-1.amazonaws.com\/static\/2024\/07\/11103453\/HRC2024_-00644web.png","datePublished":"2023-05-29T14:26:20+00:00","dateModified":"2025-06-26T10:15:16+00:00","description":"La condici\u00f3n f\u00edsica en MotoGP es un factor clave para poder competir a un alto nivel pero, \u00bfc\u00f3mo de importante es la altura de los pilotos?","breadcrumb":{"@id":"https:\/\/www.boxrepsol.com\/es\/motogp\/altura-de-los-pilotos-motogp\/#breadcrumb"},"inLanguage":"es","potentialAction":[{"@type":"ReadAction","target":["https:\/\/www.boxrepsol.com\/es\/motogp\/altura-de-los-pilotos-motogp\/"]}]},{"@type":"ImageObject","inLanguage":"es","@id":"https:\/\/www.boxrepsol.com\/es\/motogp\/altura-de-los-pilotos-motogp\/#primaryimage","url":"https:\/\/bxrepsol.s3.eu-west-1.amazonaws.com\/static\/2024\/07\/11103453\/HRC2024_-00644web.png","contentUrl":"https:\/\/bxrepsol.s3.eu-west-1.amazonaws.com\/static\/2024\/07\/11103453\/HRC2024_-00644web.png","width":1280,"height":650},{"@type":"BreadcrumbList","@id":"https:\/\/www.boxrepsol.com\/es\/motogp\/altura-de-los-pilotos-motogp\/#breadcrumb","itemListElement":[{"@type":"ListItem","position":1,"name":"Home","item":"https:\/\/www.boxrepsol.com\/es\/"},{"@type":"ListItem","position":2,"name":"\u00bfCu\u00e1l es la altura de los pilotos de MotoGP?"}]},{"@type":"WebSite","@id":"https:\/\/www.boxrepsol.com\/es\/#website","url":"https:\/\/www.boxrepsol.com\/es\/","name":"Box Repsol","description":"Box Repsol Site","publisher":{"@id":"https:\/\/www.boxrepsol.com\/es\/#organization"},"potentialAction":[{"@type":"SearchAction","target":{"@type":"EntryPoint","urlTemplate":"https:\/\/www.boxrepsol.com\/es\/?s={search_term_string}"},"query-input":{"@type":"PropertyValueSpecification","valueRequired":true,"valueName":"search_term_string"}}],"inLanguage":"es"},{"@type":"Organization","@id":"https:\/\/www.boxrepsol.com\/es\/#organization","name":"Box Repsol","url":"https:\/\/www.boxrepsol.com\/es\/","logo":{"@type":"ImageObject","inLanguage":"es","@id":"https:\/\/www.boxrepsol.com\/es\/#\/schema\/logo\/image\/","url":"https:\/\/bxrepsol.s3.eu-west-1.amazonaws.com\/static\/2025\/07\/30083337\/favicon-96x96-1.png","contentUrl":"https:\/\/bxrepsol.s3.eu-west-1.amazonaws.com\/static\/2025\/07\/30083337\/favicon-96x96-1.png","width":96,"height":96,"caption":"Box Repsol"},"image":{"@id":"https:\/\/www.boxrepsol.com\/es\/#\/schema\/logo\/image\/"},"sameAs":["https:\/\/www.facebook.com\/BoxRepsol","https:\/\/x.com\/box_repsol","http:\/\/instagram.com\/box_repsol","https:\/\/www.youtube.com\/user\/RepsolCompeticion","https:\/\/www.flickr.com\/photos\/box_repsol\/"]},{"@type":"Person","@id":"https:\/\/www.boxrepsol.com\/es\/#\/schema\/person\/26abce1d675df22d63ac9e9d5f23e4aa","name":"Juan Pedro de la Torre","image":{"@type":"ImageObject","inLanguage":"es","@id":"https:\/\/secure.gravatar.com\/avatar\/e81f780ee2930d7be330cb34304decf0e9bc66bec0158805a0fe2726f4517224?s=96&d=mm&r=g","url":"https:\/\/secure.gravatar.com\/avatar\/e81f780ee2930d7be330cb34304decf0e9bc66bec0158805a0fe2726f4517224?s=96&d=mm&r=g","contentUrl":"https:\/\/secure.gravatar.com\/avatar\/e81f780ee2930d7be330cb34304decf0e9bc66bec0158805a0fe2726f4517224?s=96&d=mm&r=g","caption":"Juan Pedro de la Torre"},"description":"Se inici\u00f3 en el diario Marca en 1988 y posteriormente pas\u00f3 a la revista Motociclismo, donde llegar\u00eda a ser director de deporte. Despu\u00e9s fue editor y director de Motoworld.es y Sport Bikes y colabor\u00f3 con varios medios. Adem\u00e1s, ha publicado una docena de libros y actualmente trabaja como colaborador para Motociclismo, El Confidencial y Box Repsol.","sameAs":["https:\/\/x.com\/https:\/\/twitter.com\/JPdelaTorre1965","https:\/\/youtube.com\/@juanpedrodelatorremotoworld"],"url":"https:\/\/www.boxrepsol.com\/es\/author\/juanpedro_delatorre\/"}]}},"_links":{"self":[{"href":"https:\/\/www.boxrepsol.com\/es\/wp-json\/wp\/v2\/posts\/102790","targetHints":{"allow":["GET"]}}],"collection":[{"href":"https:\/\/www.boxrepsol.com\/es\/wp-json\/wp\/v2\/posts"}],"about":[{"href":"https:\/\/www.boxrepsol.com\/es\/wp-json\/wp\/v2\/types\/post"}],"author":[{"embeddable":true,"href":"https:\/\/www.boxrepsol.com\/es\/wp-json\/wp\/v2\/users\/41268"}],"replies":[{"embeddable":true,"href":"https:\/\/www.boxrepsol.com\/es\/wp-json\/wp\/v2\/comments?post=102790"}],"version-history":[{"count":6,"href":"https:\/\/www.boxrepsol.com\/es\/wp-json\/wp\/v2\/posts\/102790\/revisions"}],"predecessor-version":[{"id":117745,"href":"https:\/\/www.boxrepsol.com\/es\/wp-json\/wp\/v2\/posts\/102790\/revisions\/117745"}],"wp:featuredmedia":[{"embeddable":true,"href":"https:\/\/www.boxrepsol.com\/es\/wp-json\/wp\/v2\/media\/117742"}],"wp:attachment":[{"href":"https:\/\/www.boxrepsol.com\/es\/wp-json\/wp\/v2\/media?parent=102790"}],"wp:term":[{"taxonomy":"category","embeddable":true,"href":"https:\/\/www.boxrepsol.com\/es\/wp-json\/wp\/v2\/categories?post=102790"},{"taxonomy":"post_tag","embeddable":true,"href":"https:\/\/www.boxrepsol.com\/es\/wp-json\/wp\/v2\/tags?post=102790"}],"curies":[{"name":"wp","href":"https:\/\/api.w.org\/{rel}","templated":true}]}}