{"id":102355,"date":"2023-05-12T12:11:15","date_gmt":"2023-05-12T14:11:15","guid":{"rendered":"https:\/\/www.boxrepsol.com\/?p=102355"},"modified":"2024-04-08T07:52:18","modified_gmt":"2024-04-08T09:52:18","slug":"resultados-de-los-entrenamientos-del-gp-de-francia-de-motogp","status":"publish","type":"post","link":"https:\/\/www.boxrepsol.com\/es\/motogp\/resultados-de-los-entrenamientos-del-gp-de-francia-de-motogp\/","title":{"rendered":"Resultados de los entrenamientos del GP de Francia de MotoGP"},"content":{"rendered":"<figure class=\"wp-block-post-featured-image\"><img loading=\"lazy\" decoding=\"async\" width=\"1280\" height=\"600\" src=\"https:\/\/bxrepsol.s3.eu-west-1.amazonaws.com\/static\/2023\/05\/12114805\/JRB02901.jpg\" class=\"attachment-post-thumbnail size-post-thumbnail wp-post-image\" alt=\"\" style=\"object-fit:cover;\" srcset=\"https:\/\/bxrepsol.s3.eu-west-1.amazonaws.com\/static\/2023\/05\/12114805\/JRB02901.jpg 1280w, https:\/\/bxrepsol.s3.eu-west-1.amazonaws.com\/static\/2023\/05\/12114805\/JRB02901-300x141.jpg 300w, https:\/\/bxrepsol.s3.eu-west-1.amazonaws.com\/static\/2023\/05\/12114805\/JRB02901-1024x480.jpg 1024w, https:\/\/bxrepsol.s3.eu-west-1.amazonaws.com\/static\/2023\/05\/12114805\/JRB02901-768x360.jpg 768w\" sizes=\"auto, (max-width: 1280px) 100vw, 1280px\" \/><\/figure>\n\n\n<p>El <strong>GP de Francia<\/strong> de <strong>MotoGP, <\/strong>el n\u00famero 1.000 de la historia del Mundial de motociclismo, ha dado comienzo en <strong>Le Mans<\/strong>. El australiano <strong>Jack Miller (KTM)<\/strong> ha marcado el mejor registro del d\u00eda con un tiempo de 1:30.950 en la clasificaci\u00f3n combinada que da acceso directo a la Q2 para los diez pilotos m\u00e1s r\u00e1pidos de hoy.<\/p>\n\n\n\n<p>El <strong>Top 10<\/strong> de la tabla de tiempos combinada ha sido completado por Aleix Espargar\u00f3 (Aprilia), Marco Bezzecchi (Ducati), Jorge Mart\u00edn (Ducati), Johann Zarco (Ducati), Maverick Vi\u00f1ales (Aprilia), Brad Binder (KTM), Marc M\u00e1rquez (Repsol Honda), Pecco Bagnaia (Ducati) y \u00c1lex M\u00e1rquez (Ducati).<\/p>\n\n\n\n<p>Ma\u00f1ana los pilotos tendr\u00e1n una sesi\u00f3n de <strong>entrenamientos libres<\/strong> a las <strong>10:10 (CEST)<\/strong> antes de empezar la sesi\u00f3n de <strong>clasificaci\u00f3n<\/strong> a las <strong>10:50<\/strong>. Posteriormente, a las <strong>15:00<\/strong> participar\u00e1n en la <a href=\"https:\/\/www.boxrepsol.com\/es\/motogp\/carreras-al-sprint-la-evolucion-de-motogp\/\">carrera al sprint<\/a> del GP de Francia de <strong>MotoGP<\/strong>.<\/p>\n\n\n\n<h3 class=\"wp-block-heading\"><strong><strong>D\u00eda de adaptaci\u00f3n para el equipo Repsol Honda<\/strong><\/strong><\/h3>\n\n\n\n<p>El regreso de <a href=\"https:\/\/www.boxrepsol.com\/es\/motogp\/marc-marquez-regresa-en-le-mans\/\">Marc M\u00e1rquez<\/a> a la competici\u00f3n ha sido el gran aliciente de la primera jornada de acci\u00f3n en <strong>Le Mans<\/strong>. El ocho veces Campe\u00f3n del Mundo ha terminado 8\u00ba con un tiempo de 1:31.432 pese a sufrir sendas ca\u00eddas sin consecuencias tanto en la P1 como al final de la jornada.<\/p>\n\n\n\n<p>Por su parte, <strong>Joan Mir <\/strong>ha finalizado el d\u00eda en 13\u00aa posici\u00f3n, marcando un mejor registro de 1:32.369, que le har\u00e1 pasar por la Q1 ma\u00f1ana.<\/p>\n\n\n\n<h3 class=\"wp-block-heading\"><strong>Clasificaci\u00f3n combinada del GP de Francia de MotoGP<\/strong><\/h3>\n\n\n\n<p><\/p>\n\n\n\n<figure class=\"wp-block-table is-style-stripes\"><table><tbody><tr><td><strong>PILOTO<\/strong><\/td><td><strong>EQUIPO<\/strong><\/td><td><strong>TIEMPO<\/strong><\/td><\/tr><tr><td>1. Jack Miller<\/td><td>KTM<\/td><td>1:30.950<\/td><\/tr><tr><td>2. Aleix Espargar\u00f3<\/td><td>APRILIA<\/td><td>+0.119<\/td><\/tr><tr><td>3. Marco Bezzecchi<\/td><td>DUCATI<\/td><td>+0.200<\/td><\/tr><tr><td>4. Jorge Mart\u00edn<\/td><td>DUCATI<\/td><td>+0.285<\/td><\/tr><tr><td>5. Johann Zarco<\/td><td>DUCATI<\/td><td>+0.326<\/td><\/tr><tr><td>6. Maverick Vi\u00f1ales <\/td><td>APRILIA<\/td><td>+0.392<\/td><\/tr><tr><td>7. Brad Binder<\/td><td>KTM<\/td><td>+0.402<\/td><\/tr><tr><td><strong>8. Marc M\u00e1rquez<\/strong><\/td><td><strong>REPSOL HONDA<\/strong><\/td><td><strong>+0.482<\/strong><\/td><\/tr><tr><td>9. Pecco Bagnaia<\/td><td>DUCATI<\/td><td>+0.517<\/td><\/tr><tr><td>10. \u00c1lex M\u00e1rquez<\/td><td>DUCATI<\/td><td>+0.558<\/td><\/tr><tr><td><strong>13. Joan Mir<\/strong><\/td><td><strong>REPSOL HONDA<\/strong><\/td><td><strong>+1.419<\/strong><\/td><\/tr><\/tbody><\/table><\/figure>\n\n\n\n<div id=\"d848ffba-9469-4ca0-be66-7897a05c8920\" class=\"br-slider-box\"><div class=\"wp-block-create-block-repsol-carousel br-slider\"><a target=\"_blank\" href=\"https:\/\/bxrepsol.s3.eu-west-1.amazonaws.com\/static\/2023\/05\/12145912\/JRB9584-2.jpg\" data-index=\"0\" rel=\"noopener\"><img decoding=\"async\" src=\"https:\/\/bxrepsol.s3.eu-west-1.amazonaws.com\/static\/2023\/05\/12145912\/JRB9584-2.jpg\"\/><\/a><a target=\"_blank\" href=\"https:\/\/bxrepsol.s3.eu-west-1.amazonaws.com\/static\/2023\/05\/12145914\/JRB0251-2.jpg\" data-index=\"1\" rel=\"noopener\"><img decoding=\"async\" src=\"https:\/\/bxrepsol.s3.eu-west-1.amazonaws.com\/static\/2023\/05\/12145914\/JRB0251-2.jpg\"\/><\/a><a target=\"_blank\" href=\"https:\/\/bxrepsol.s3.eu-west-1.amazonaws.com\/static\/2023\/05\/12145915\/JRB3056-2.jpg\" data-index=\"2\" rel=\"noopener\"><img decoding=\"async\" src=\"https:\/\/bxrepsol.s3.eu-west-1.amazonaws.com\/static\/2023\/05\/12145915\/JRB3056-2.jpg\"\/><\/a><a target=\"_blank\" href=\"https:\/\/bxrepsol.s3.eu-west-1.amazonaws.com\/static\/2023\/05\/12145916\/JRB8487-2.jpg\" data-index=\"3\" rel=\"noopener\"><img decoding=\"async\" src=\"https:\/\/bxrepsol.s3.eu-west-1.amazonaws.com\/static\/2023\/05\/12145916\/JRB8487-2.jpg\"\/><\/a><a target=\"_blank\" href=\"https:\/\/bxrepsol.s3.eu-west-1.amazonaws.com\/static\/2023\/05\/12145918\/JRB8507-2.jpg\" data-index=\"4\" rel=\"noopener\"><img decoding=\"async\" src=\"https:\/\/bxrepsol.s3.eu-west-1.amazonaws.com\/static\/2023\/05\/12145918\/JRB8507-2.jpg\"\/><\/a><\/div><div class=\"br-slider-buttons\"><button class=\"arrow rds-icon arrow--left rds-icon-Arrow_left\"><\/button><button class=\"arrow rds-icon arrow--right rds-icon-Arrow_right\"><\/button><\/div><\/div>\n\n\n\n<h3 class=\"wp-block-heading\"><strong>Declaraciones de los pilotos<\/strong><\/h3>\n\n\n\n<p><strong><a href=\"https:\/\/www.boxrepsol.com\/es\/tag\/marc-marquez\/\" rel=\"nofollow\">Marc M\u00e1rquez<\/a><\/strong><\/p>\n\n\n\n<p>\u00abHoy estoy muy contento en general; ha sido un buen d\u00eda. Me he ca\u00eddo dos veces; la segunda ha sido una ca\u00edda &#8216;aceptable&#8217; porque iba al l\u00edmite en una vuelta en caliente; puede pasar. Despu\u00e9s de un mes y medio en casa, no es f\u00e1cil salir y empezar a forzar de inmediato, as\u00ed que tenemos que estar contentos con lo que hemos hecho hoy, ya que hemos pasado a la Q2. El objetivo para ma\u00f1ana es mantener esta posici\u00f3n en las tres primeras filas de la parrilla. El tiempo puede cambiar mucho las cosas aqu\u00ed, pero seguiremos trabajando y adapt\u00e1ndonos a lo que pase. Todav\u00eda tengo que trabajar un poco para seguir mejorando mis sensaciones y tambi\u00e9n para avanzar en el rendimiento en general\u00bb.<\/p>\n\n\n\n<p><\/p>\n\n\n\n<p><strong><a href=\"https:\/\/www.boxrepsol.com\/es\/tag\/joan-mir\/\" rel=\"nofollow\">Joan Mir<\/a><\/strong><\/p>\n\n\n\n<p>\u00abHoy por la ma\u00f1ana hemos probado un chasis nuevo y he podido mejorar mis sensaciones, pilotando m\u00e1s c\u00f3modo, pero todav\u00eda tenemos que adaptar la puesta a punto y a m\u00ed mismo para sacarle el m\u00e1ximo partido. Por la ma\u00f1ana todo ha sido muy f\u00e1cil, luego por la tarde se ha complicado un poco m\u00e1s y tenemos que analizar esta noche qu\u00e9 ha cambiado de un entrenamiento a otro. Ma\u00f1ana seguiremos trabajando de forma similar, buscando esas \u00faltimas d\u00e9cimas para luchar por la Q2\u00bb.<\/p>\n","protected":false},"excerpt":{"rendered":"<p>Jack Miller es el m\u00e1s r\u00e1pido en los primeros entrenamientos en Le Mans<\/p>\n","protected":false},"author":43146,"featured_media":102356,"comment_status":"open","ping_status":"open","sticky":false,"template":"","format":"standard","meta":{"footnotes":""},"categories":[4],"tags":[269,50,271,6,121,8],"class_list":["post-102355","post","type-post","status-publish","format-standard","hentry","category-motogp","tag-269","tag-equipo-repsol-honda","tag-joan-mir","tag-marc-marquez","tag-motogp-francia","tag-repsol-honda-team"],"yoast_head":"<!-- This site is optimized with the Yoast SEO plugin v27.3 - https:\/\/yoast.com\/product\/yoast-seo-wordpress\/ -->\n<title>Resultados de los entrenamientos del GP de Francia de MotoGP - Box Repsol<\/title>\n<meta name=\"description\" content=\"Cr\u00f3nica y resultados de los entrenamientos del GP de Francia de MotoGP 2023, disputados en el circuito de Le Mans.\" \/>\n<link rel=\"canonical\" href=\"https:\/\/www.boxrepsol.com\/es\/motogp\/resultados-de-los-entrenamientos-del-gp-de-francia-de-motogp\/\" \/>\n<meta property=\"og:locale\" content=\"es_ES\" \/>\n<meta property=\"og:type\" content=\"article\" \/>\n<meta property=\"og:title\" content=\"Resultados de los entrenamientos del GP de Francia de MotoGP - Box Repsol\" \/>\n<meta property=\"og:description\" content=\"Cr\u00f3nica y resultados de los entrenamientos del GP de Francia de MotoGP 2023, disputados en el circuito de Le Mans.\" \/>\n<meta property=\"og:url\" content=\"https:\/\/www.boxrepsol.com\/es\/motogp\/resultados-de-los-entrenamientos-del-gp-de-francia-de-motogp\/\" \/>\n<meta property=\"og:site_name\" content=\"Box Repsol\" \/>\n<meta property=\"article:publisher\" content=\"https:\/\/www.facebook.com\/BoxRepsol\" \/>\n<meta property=\"article:author\" content=\"https:\/\/www.facebook.com\/BoxRepsol\/\" \/>\n<meta property=\"article:published_time\" content=\"2023-05-12T14:11:15+00:00\" \/>\n<meta property=\"article:modified_time\" content=\"2024-04-08T09:52:18+00:00\" \/>\n<meta property=\"og:image\" content=\"https:\/\/bxrepsol.s3.eu-west-1.amazonaws.com\/static\/2023\/05\/12114805\/JRB02901.jpg\" \/>\n\t<meta property=\"og:image:width\" content=\"1280\" \/>\n\t<meta property=\"og:image:height\" content=\"600\" \/>\n\t<meta property=\"og:image:type\" content=\"image\/jpeg\" \/>\n<meta name=\"author\" content=\"Redacci\u00f3n Box Repsol\" \/>\n<meta name=\"twitter:card\" content=\"summary_large_image\" \/>\n<meta name=\"twitter:image\" content=\"https:\/\/bxrepsol.s3.eu-west-1.amazonaws.com\/static\/2023\/05\/12114805\/JRB02901.jpg\" \/>\n<meta name=\"twitter:creator\" content=\"@https:\/\/twitter.com\/box_repsol\" \/>\n<meta name=\"twitter:site\" content=\"@box_repsol\" \/>\n<meta name=\"twitter:label1\" content=\"Written by\" \/>\n\t<meta name=\"twitter:data1\" content=\"Redacci\u00f3n Box Repsol\" \/>\n\t<meta name=\"twitter:label2\" content=\"Est. reading time\" \/>\n\t<meta name=\"twitter:data2\" content=\"3 minutos\" \/>\n<script type=\"application\/ld+json\" class=\"yoast-schema-graph\">{\"@context\":\"https:\\\/\\\/schema.org\",\"@graph\":[{\"@type\":\"Article\",\"@id\":\"https:\\\/\\\/www.boxrepsol.com\\\/es\\\/motogp\\\/resultados-de-los-entrenamientos-del-gp-de-francia-de-motogp\\\/#article\",\"isPartOf\":{\"@id\":\"https:\\\/\\\/www.boxrepsol.com\\\/es\\\/motogp\\\/resultados-de-los-entrenamientos-del-gp-de-francia-de-motogp\\\/\"},\"author\":{\"name\":\"Redacci\u00f3n Box Repsol\",\"@id\":\"https:\\\/\\\/www.boxrepsol.com\\\/es\\\/#\\\/schema\\\/person\\\/c5c2138f2cca251b0ad92b7086bb60b7\"},\"headline\":\"Resultados de los entrenamientos del GP de Francia de MotoGP\",\"datePublished\":\"2023-05-12T14:11:15+00:00\",\"dateModified\":\"2024-04-08T09:52:18+00:00\",\"mainEntityOfPage\":{\"@id\":\"https:\\\/\\\/www.boxrepsol.com\\\/es\\\/motogp\\\/resultados-de-los-entrenamientos-del-gp-de-francia-de-motogp\\\/\"},\"wordCount\":539,\"commentCount\":0,\"publisher\":{\"@id\":\"https:\\\/\\\/www.boxrepsol.com\\\/es\\\/#organization\"},\"image\":{\"@id\":\"https:\\\/\\\/www.boxrepsol.com\\\/es\\\/motogp\\\/resultados-de-los-entrenamientos-del-gp-de-francia-de-motogp\\\/#primaryimage\"},\"thumbnailUrl\":\"https:\\\/\\\/bxrepsol.s3.eu-west-1.amazonaws.com\\\/static\\\/2023\\\/05\\\/12114805\\\/JRB02901.jpg\",\"keywords\":[\"2023\",\"Equipo Repsol Honda\",\"Joan Mir\",\"Marc M\u00e1rquez\",\"MotoGP Francia\",\"Repsol Honda Team\"],\"articleSection\":[\"MotoGP\"],\"inLanguage\":\"es\",\"potentialAction\":[{\"@type\":\"CommentAction\",\"name\":\"Comment\",\"target\":[\"https:\\\/\\\/www.boxrepsol.com\\\/es\\\/motogp\\\/resultados-de-los-entrenamientos-del-gp-de-francia-de-motogp\\\/#respond\"]}]},{\"@type\":\"WebPage\",\"@id\":\"https:\\\/\\\/www.boxrepsol.com\\\/es\\\/motogp\\\/resultados-de-los-entrenamientos-del-gp-de-francia-de-motogp\\\/\",\"url\":\"https:\\\/\\\/www.boxrepsol.com\\\/es\\\/motogp\\\/resultados-de-los-entrenamientos-del-gp-de-francia-de-motogp\\\/\",\"name\":\"Resultados de los entrenamientos del GP de Francia de MotoGP - Box Repsol\",\"isPartOf\":{\"@id\":\"https:\\\/\\\/www.boxrepsol.com\\\/es\\\/#website\"},\"primaryImageOfPage\":{\"@id\":\"https:\\\/\\\/www.boxrepsol.com\\\/es\\\/motogp\\\/resultados-de-los-entrenamientos-del-gp-de-francia-de-motogp\\\/#primaryimage\"},\"image\":{\"@id\":\"https:\\\/\\\/www.boxrepsol.com\\\/es\\\/motogp\\\/resultados-de-los-entrenamientos-del-gp-de-francia-de-motogp\\\/#primaryimage\"},\"thumbnailUrl\":\"https:\\\/\\\/bxrepsol.s3.eu-west-1.amazonaws.com\\\/static\\\/2023\\\/05\\\/12114805\\\/JRB02901.jpg\",\"datePublished\":\"2023-05-12T14:11:15+00:00\",\"dateModified\":\"2024-04-08T09:52:18+00:00\",\"description\":\"Cr\u00f3nica y resultados de los entrenamientos del GP de Francia de MotoGP 2023, disputados en el circuito de Le Mans.\",\"breadcrumb\":{\"@id\":\"https:\\\/\\\/www.boxrepsol.com\\\/es\\\/motogp\\\/resultados-de-los-entrenamientos-del-gp-de-francia-de-motogp\\\/#breadcrumb\"},\"inLanguage\":\"es\",\"potentialAction\":[{\"@type\":\"ReadAction\",\"target\":[\"https:\\\/\\\/www.boxrepsol.com\\\/es\\\/motogp\\\/resultados-de-los-entrenamientos-del-gp-de-francia-de-motogp\\\/\"]}]},{\"@type\":\"ImageObject\",\"inLanguage\":\"es\",\"@id\":\"https:\\\/\\\/www.boxrepsol.com\\\/es\\\/motogp\\\/resultados-de-los-entrenamientos-del-gp-de-francia-de-motogp\\\/#primaryimage\",\"url\":\"https:\\\/\\\/bxrepsol.s3.eu-west-1.amazonaws.com\\\/static\\\/2023\\\/05\\\/12114805\\\/JRB02901.jpg\",\"contentUrl\":\"https:\\\/\\\/bxrepsol.s3.eu-west-1.amazonaws.com\\\/static\\\/2023\\\/05\\\/12114805\\\/JRB02901.jpg\",\"width\":1280,\"height\":600},{\"@type\":\"BreadcrumbList\",\"@id\":\"https:\\\/\\\/www.boxrepsol.com\\\/es\\\/motogp\\\/resultados-de-los-entrenamientos-del-gp-de-francia-de-motogp\\\/#breadcrumb\",\"itemListElement\":[{\"@type\":\"ListItem\",\"position\":1,\"name\":\"Home\",\"item\":\"https:\\\/\\\/www.boxrepsol.com\\\/es\\\/\"},{\"@type\":\"ListItem\",\"position\":2,\"name\":\"Resultados de los entrenamientos del GP de Francia de MotoGP\"}]},{\"@type\":\"WebSite\",\"@id\":\"https:\\\/\\\/www.boxrepsol.com\\\/es\\\/#website\",\"url\":\"https:\\\/\\\/www.boxrepsol.com\\\/es\\\/\",\"name\":\"Box Repsol\",\"description\":\"Box Repsol Site\",\"publisher\":{\"@id\":\"https:\\\/\\\/www.boxrepsol.com\\\/es\\\/#organization\"},\"potentialAction\":[{\"@type\":\"SearchAction\",\"target\":{\"@type\":\"EntryPoint\",\"urlTemplate\":\"https:\\\/\\\/www.boxrepsol.com\\\/es\\\/?s={search_term_string}\"},\"query-input\":{\"@type\":\"PropertyValueSpecification\",\"valueRequired\":true,\"valueName\":\"search_term_string\"}}],\"inLanguage\":\"es\"},{\"@type\":\"Organization\",\"@id\":\"https:\\\/\\\/www.boxrepsol.com\\\/es\\\/#organization\",\"name\":\"Box Repsol\",\"url\":\"https:\\\/\\\/www.boxrepsol.com\\\/es\\\/\",\"logo\":{\"@type\":\"ImageObject\",\"inLanguage\":\"es\",\"@id\":\"https:\\\/\\\/www.boxrepsol.com\\\/es\\\/#\\\/schema\\\/logo\\\/image\\\/\",\"url\":\"https:\\\/\\\/bxrepsol.s3.eu-west-1.amazonaws.com\\\/static\\\/2025\\\/07\\\/30083337\\\/favicon-96x96-1.png\",\"contentUrl\":\"https:\\\/\\\/bxrepsol.s3.eu-west-1.amazonaws.com\\\/static\\\/2025\\\/07\\\/30083337\\\/favicon-96x96-1.png\",\"width\":96,\"height\":96,\"caption\":\"Box Repsol\"},\"image\":{\"@id\":\"https:\\\/\\\/www.boxrepsol.com\\\/es\\\/#\\\/schema\\\/logo\\\/image\\\/\"},\"sameAs\":[\"https:\\\/\\\/www.facebook.com\\\/BoxRepsol\",\"https:\\\/\\\/x.com\\\/box_repsol\",\"http:\\\/\\\/instagram.com\\\/box_repsol\",\"https:\\\/\\\/www.youtube.com\\\/user\\\/RepsolCompeticion\",\"https:\\\/\\\/www.flickr.com\\\/photos\\\/box_repsol\\\/\"]},{\"@type\":\"Person\",\"@id\":\"https:\\\/\\\/www.boxrepsol.com\\\/es\\\/#\\\/schema\\\/person\\\/c5c2138f2cca251b0ad92b7086bb60b7\",\"name\":\"Redacci\u00f3n Box Repsol\",\"image\":{\"@type\":\"ImageObject\",\"inLanguage\":\"es\",\"@id\":\"https:\\\/\\\/secure.gravatar.com\\\/avatar\\\/adf7b77e38b4419baf32c7e9c21dde01f4e40df611f0978e3006fc4ba0aaab7e?s=96&d=mm&r=g\",\"url\":\"https:\\\/\\\/secure.gravatar.com\\\/avatar\\\/adf7b77e38b4419baf32c7e9c21dde01f4e40df611f0978e3006fc4ba0aaab7e?s=96&d=mm&r=g\",\"contentUrl\":\"https:\\\/\\\/secure.gravatar.com\\\/avatar\\\/adf7b77e38b4419baf32c7e9c21dde01f4e40df611f0978e3006fc4ba0aaab7e?s=96&d=mm&r=g\",\"caption\":\"Redacci\u00f3n Box Repsol\"},\"description\":\"Box Repsol lo forma un equipo de periodistas, community managers, dise\u00f1adores y fot\u00f3grafos con m\u00e1s de 20 a\u00f1os de experiencia en el mundo del motorsport. Hemos vivido el primer mundial de un espa\u00f1ol en la categor\u00eda reina de motociclismo con \u00c1lex Crivill\u00e9, estuvimos en las victorias de Pedrosa y los t\u00edtulos de M\u00e1rquez, acompa\u00f1amos en \u00c1frica a Nani Roma y Marc Coma en sus conquistas del Dakar y hemos vibrado con los t\u00edtulos de Toni Bou en Trial. Adem\u00e1s, en nuestro equipo contamos con expertos en el mundo de las dos y cuatro ruedas tanto de la calle y las carreteras, como de los circuitos. Periodistas que han trabajado en revistas y publicaciones para hacerte llegar desde rutas y consejos de mantenimiento, a curiosidades y trucos de pilotaje.\",\"sameAs\":[\"https:\\\/\\\/www.facebook.com\\\/BoxRepsol\\\/\",\"https:\\\/\\\/www.instagram.com\\\/box_repsol\\\/\",\"https:\\\/\\\/x.com\\\/https:\\\/\\\/twitter.com\\\/box_repsol\",\"https:\\\/\\\/www.youtube.com\\\/@Boxrepsol\"],\"url\":\"https:\\\/\\\/www.boxrepsol.com\\\/es\\\/author\\\/redaccion-box-repsol\\\/\"}]}<\/script>\n<!-- \/ Yoast SEO plugin. -->","yoast_head_json":{"title":"Resultados de los entrenamientos del GP de Francia de MotoGP - Box Repsol","description":"Cr\u00f3nica y resultados de los entrenamientos del GP de Francia de MotoGP 2023, disputados en el circuito de Le Mans.","canonical":"https:\/\/www.boxrepsol.com\/es\/motogp\/resultados-de-los-entrenamientos-del-gp-de-francia-de-motogp\/","og_locale":"es_ES","og_type":"article","og_title":"Resultados de los entrenamientos del GP de Francia de MotoGP - Box Repsol","og_description":"Cr\u00f3nica y resultados de los entrenamientos del GP de Francia de MotoGP 2023, disputados en el circuito de Le Mans.","og_url":"https:\/\/www.boxrepsol.com\/es\/motogp\/resultados-de-los-entrenamientos-del-gp-de-francia-de-motogp\/","og_site_name":"Box Repsol","article_publisher":"https:\/\/www.facebook.com\/BoxRepsol","article_author":"https:\/\/www.facebook.com\/BoxRepsol\/","article_published_time":"2023-05-12T14:11:15+00:00","article_modified_time":"2024-04-08T09:52:18+00:00","og_image":[{"width":1280,"height":600,"url":"https:\/\/bxrepsol.s3.eu-west-1.amazonaws.com\/static\/2023\/05\/12114805\/JRB02901.jpg","type":"image\/jpeg"}],"author":"Redacci\u00f3n Box Repsol","twitter_card":"summary_large_image","twitter_image":"https:\/\/bxrepsol.s3.eu-west-1.amazonaws.com\/static\/2023\/05\/12114805\/JRB02901.jpg","twitter_creator":"@https:\/\/twitter.com\/box_repsol","twitter_site":"@box_repsol","twitter_misc":{"Written by":"Redacci\u00f3n Box Repsol","Est. reading time":"3 minutos"},"schema":{"@context":"https:\/\/schema.org","@graph":[{"@type":"Article","@id":"https:\/\/www.boxrepsol.com\/es\/motogp\/resultados-de-los-entrenamientos-del-gp-de-francia-de-motogp\/#article","isPartOf":{"@id":"https:\/\/www.boxrepsol.com\/es\/motogp\/resultados-de-los-entrenamientos-del-gp-de-francia-de-motogp\/"},"author":{"name":"Redacci\u00f3n Box Repsol","@id":"https:\/\/www.boxrepsol.com\/es\/#\/schema\/person\/c5c2138f2cca251b0ad92b7086bb60b7"},"headline":"Resultados de los entrenamientos del GP de Francia de MotoGP","datePublished":"2023-05-12T14:11:15+00:00","dateModified":"2024-04-08T09:52:18+00:00","mainEntityOfPage":{"@id":"https:\/\/www.boxrepsol.com\/es\/motogp\/resultados-de-los-entrenamientos-del-gp-de-francia-de-motogp\/"},"wordCount":539,"commentCount":0,"publisher":{"@id":"https:\/\/www.boxrepsol.com\/es\/#organization"},"image":{"@id":"https:\/\/www.boxrepsol.com\/es\/motogp\/resultados-de-los-entrenamientos-del-gp-de-francia-de-motogp\/#primaryimage"},"thumbnailUrl":"https:\/\/bxrepsol.s3.eu-west-1.amazonaws.com\/static\/2023\/05\/12114805\/JRB02901.jpg","keywords":["2023","Equipo Repsol Honda","Joan Mir","Marc M\u00e1rquez","MotoGP Francia","Repsol Honda Team"],"articleSection":["MotoGP"],"inLanguage":"es","potentialAction":[{"@type":"CommentAction","name":"Comment","target":["https:\/\/www.boxrepsol.com\/es\/motogp\/resultados-de-los-entrenamientos-del-gp-de-francia-de-motogp\/#respond"]}]},{"@type":"WebPage","@id":"https:\/\/www.boxrepsol.com\/es\/motogp\/resultados-de-los-entrenamientos-del-gp-de-francia-de-motogp\/","url":"https:\/\/www.boxrepsol.com\/es\/motogp\/resultados-de-los-entrenamientos-del-gp-de-francia-de-motogp\/","name":"Resultados de los entrenamientos del GP de Francia de MotoGP - Box Repsol","isPartOf":{"@id":"https:\/\/www.boxrepsol.com\/es\/#website"},"primaryImageOfPage":{"@id":"https:\/\/www.boxrepsol.com\/es\/motogp\/resultados-de-los-entrenamientos-del-gp-de-francia-de-motogp\/#primaryimage"},"image":{"@id":"https:\/\/www.boxrepsol.com\/es\/motogp\/resultados-de-los-entrenamientos-del-gp-de-francia-de-motogp\/#primaryimage"},"thumbnailUrl":"https:\/\/bxrepsol.s3.eu-west-1.amazonaws.com\/static\/2023\/05\/12114805\/JRB02901.jpg","datePublished":"2023-05-12T14:11:15+00:00","dateModified":"2024-04-08T09:52:18+00:00","description":"Cr\u00f3nica y resultados de los entrenamientos del GP de Francia de MotoGP 2023, disputados en el circuito de Le Mans.","breadcrumb":{"@id":"https:\/\/www.boxrepsol.com\/es\/motogp\/resultados-de-los-entrenamientos-del-gp-de-francia-de-motogp\/#breadcrumb"},"inLanguage":"es","potentialAction":[{"@type":"ReadAction","target":["https:\/\/www.boxrepsol.com\/es\/motogp\/resultados-de-los-entrenamientos-del-gp-de-francia-de-motogp\/"]}]},{"@type":"ImageObject","inLanguage":"es","@id":"https:\/\/www.boxrepsol.com\/es\/motogp\/resultados-de-los-entrenamientos-del-gp-de-francia-de-motogp\/#primaryimage","url":"https:\/\/bxrepsol.s3.eu-west-1.amazonaws.com\/static\/2023\/05\/12114805\/JRB02901.jpg","contentUrl":"https:\/\/bxrepsol.s3.eu-west-1.amazonaws.com\/static\/2023\/05\/12114805\/JRB02901.jpg","width":1280,"height":600},{"@type":"BreadcrumbList","@id":"https:\/\/www.boxrepsol.com\/es\/motogp\/resultados-de-los-entrenamientos-del-gp-de-francia-de-motogp\/#breadcrumb","itemListElement":[{"@type":"ListItem","position":1,"name":"Home","item":"https:\/\/www.boxrepsol.com\/es\/"},{"@type":"ListItem","position":2,"name":"Resultados de los entrenamientos del GP de Francia de MotoGP"}]},{"@type":"WebSite","@id":"https:\/\/www.boxrepsol.com\/es\/#website","url":"https:\/\/www.boxrepsol.com\/es\/","name":"Box Repsol","description":"Box Repsol Site","publisher":{"@id":"https:\/\/www.boxrepsol.com\/es\/#organization"},"potentialAction":[{"@type":"SearchAction","target":{"@type":"EntryPoint","urlTemplate":"https:\/\/www.boxrepsol.com\/es\/?s={search_term_string}"},"query-input":{"@type":"PropertyValueSpecification","valueRequired":true,"valueName":"search_term_string"}}],"inLanguage":"es"},{"@type":"Organization","@id":"https:\/\/www.boxrepsol.com\/es\/#organization","name":"Box Repsol","url":"https:\/\/www.boxrepsol.com\/es\/","logo":{"@type":"ImageObject","inLanguage":"es","@id":"https:\/\/www.boxrepsol.com\/es\/#\/schema\/logo\/image\/","url":"https:\/\/bxrepsol.s3.eu-west-1.amazonaws.com\/static\/2025\/07\/30083337\/favicon-96x96-1.png","contentUrl":"https:\/\/bxrepsol.s3.eu-west-1.amazonaws.com\/static\/2025\/07\/30083337\/favicon-96x96-1.png","width":96,"height":96,"caption":"Box Repsol"},"image":{"@id":"https:\/\/www.boxrepsol.com\/es\/#\/schema\/logo\/image\/"},"sameAs":["https:\/\/www.facebook.com\/BoxRepsol","https:\/\/x.com\/box_repsol","http:\/\/instagram.com\/box_repsol","https:\/\/www.youtube.com\/user\/RepsolCompeticion","https:\/\/www.flickr.com\/photos\/box_repsol\/"]},{"@type":"Person","@id":"https:\/\/www.boxrepsol.com\/es\/#\/schema\/person\/c5c2138f2cca251b0ad92b7086bb60b7","name":"Redacci\u00f3n Box Repsol","image":{"@type":"ImageObject","inLanguage":"es","@id":"https:\/\/secure.gravatar.com\/avatar\/adf7b77e38b4419baf32c7e9c21dde01f4e40df611f0978e3006fc4ba0aaab7e?s=96&d=mm&r=g","url":"https:\/\/secure.gravatar.com\/avatar\/adf7b77e38b4419baf32c7e9c21dde01f4e40df611f0978e3006fc4ba0aaab7e?s=96&d=mm&r=g","contentUrl":"https:\/\/secure.gravatar.com\/avatar\/adf7b77e38b4419baf32c7e9c21dde01f4e40df611f0978e3006fc4ba0aaab7e?s=96&d=mm&r=g","caption":"Redacci\u00f3n Box Repsol"},"description":"Box Repsol lo forma un equipo de periodistas, community managers, dise\u00f1adores y fot\u00f3grafos con m\u00e1s de 20 a\u00f1os de experiencia en el mundo del motorsport. Hemos vivido el primer mundial de un espa\u00f1ol en la categor\u00eda reina de motociclismo con \u00c1lex Crivill\u00e9, estuvimos en las victorias de Pedrosa y los t\u00edtulos de M\u00e1rquez, acompa\u00f1amos en \u00c1frica a Nani Roma y Marc Coma en sus conquistas del Dakar y hemos vibrado con los t\u00edtulos de Toni Bou en Trial. Adem\u00e1s, en nuestro equipo contamos con expertos en el mundo de las dos y cuatro ruedas tanto de la calle y las carreteras, como de los circuitos. Periodistas que han trabajado en revistas y publicaciones para hacerte llegar desde rutas y consejos de mantenimiento, a curiosidades y trucos de pilotaje.","sameAs":["https:\/\/www.facebook.com\/BoxRepsol\/","https:\/\/www.instagram.com\/box_repsol\/","https:\/\/x.com\/https:\/\/twitter.com\/box_repsol","https:\/\/www.youtube.com\/@Boxrepsol"],"url":"https:\/\/www.boxrepsol.com\/es\/author\/redaccion-box-repsol\/"}]}},"_links":{"self":[{"href":"https:\/\/www.boxrepsol.com\/es\/wp-json\/wp\/v2\/posts\/102355","targetHints":{"allow":["GET"]}}],"collection":[{"href":"https:\/\/www.boxrepsol.com\/es\/wp-json\/wp\/v2\/posts"}],"about":[{"href":"https:\/\/www.boxrepsol.com\/es\/wp-json\/wp\/v2\/types\/post"}],"author":[{"embeddable":true,"href":"https:\/\/www.boxrepsol.com\/es\/wp-json\/wp\/v2\/users\/43146"}],"replies":[{"embeddable":true,"href":"https:\/\/www.boxrepsol.com\/es\/wp-json\/wp\/v2\/comments?post=102355"}],"version-history":[{"count":9,"href":"https:\/\/www.boxrepsol.com\/es\/wp-json\/wp\/v2\/posts\/102355\/revisions"}],"predecessor-version":[{"id":102412,"href":"https:\/\/www.boxrepsol.com\/es\/wp-json\/wp\/v2\/posts\/102355\/revisions\/102412"}],"wp:featuredmedia":[{"embeddable":true,"href":"https:\/\/www.boxrepsol.com\/es\/wp-json\/wp\/v2\/media\/102356"}],"wp:attachment":[{"href":"https:\/\/www.boxrepsol.com\/es\/wp-json\/wp\/v2\/media?parent=102355"}],"wp:term":[{"taxonomy":"category","embeddable":true,"href":"https:\/\/www.boxrepsol.com\/es\/wp-json\/wp\/v2\/categories?post=102355"},{"taxonomy":"post_tag","embeddable":true,"href":"https:\/\/www.boxrepsol.com\/es\/wp-json\/wp\/v2\/tags?post=102355"}],"curies":[{"name":"wp","href":"https:\/\/api.w.org\/{rel}","templated":true}]}}