{"id":102186,"date":"2023-05-09T14:39:09","date_gmt":"2023-05-09T16:39:09","guid":{"rendered":"https:\/\/www.boxrepsol.com\/?p=102186"},"modified":"2025-06-27T06:48:35","modified_gmt":"2025-06-27T08:48:35","slug":"ruta-del-silencio-por-que-es-una-experiencia-unica","status":"publish","type":"post","link":"https:\/\/www.boxrepsol.com\/es\/vive-tu-moto\/ruta-del-silencio-por-que-es-una-experiencia-unica\/","title":{"rendered":"Ruta del silencio: \u00bfpor qu\u00e9 es una experiencia \u00fanica?"},"content":{"rendered":"<figure class=\"wp-block-post-featured-image\"><img loading=\"lazy\" decoding=\"async\" width=\"1280\" height=\"600\" src=\"https:\/\/bxrepsol.s3.eu-west-1.amazonaws.com\/static\/2023\/05\/16092502\/ruta-del-silencio-aper.jpg\" class=\"attachment-post-thumbnail size-post-thumbnail wp-post-image\" alt=\"\" style=\"object-fit:cover;\" srcset=\"https:\/\/bxrepsol.s3.eu-west-1.amazonaws.com\/static\/2023\/05\/16092502\/ruta-del-silencio-aper.jpg 1280w, https:\/\/bxrepsol.s3.eu-west-1.amazonaws.com\/static\/2023\/05\/16092502\/ruta-del-silencio-aper-300x141.jpg 300w, https:\/\/bxrepsol.s3.eu-west-1.amazonaws.com\/static\/2023\/05\/16092502\/ruta-del-silencio-aper-1024x480.jpg 1024w, https:\/\/bxrepsol.s3.eu-west-1.amazonaws.com\/static\/2023\/05\/16092502\/ruta-del-silencio-aper-768x360.jpg 768w\" sizes=\"auto, (max-width: 1280px) 100vw, 1280px\" \/><\/figure>\n\n\n<p>Espa\u00f1a es un <strong>para\u00edso para disfrutar de la moto<\/strong> gracias a que tenemos la suerte de disponer de <a href=\"https:\/\/www.boxrepsol.com\/es\/vive-tu-moto\/las-mejores-carreteras-para-ir-en-moto-por-espana\/\">excelentes carreteras<\/a> que atraviesan lugares a\u00fan escondidos, y que surcan valles y sierras de gran belleza. Entre unos y otros se han ido trazando distintas <strong>rutas de indudable encanto<\/strong> como, por ejemplo, la <a href=\"https:\/\/www.boxrepsol.com\/es\/vive-tu-moto\/la-ruta-transpirenaica-en-moto\/\">Ruta Transpirenaica.<\/a>&nbsp; Sin embargo, esta vez hablaremos sobre otra de las rutas m\u00e1s recorrida por los motoristas en la actualidad, la cual ha sido bautizada con acierto como la <strong>Ruta del Silencio<\/strong> o The Silent Route.<\/p>\n\n\n\n<h2 class=\"wp-block-heading\"><strong>\u00bfD\u00f3nde ubicamos la ruta del silencio en el mapa?<\/strong><\/h2>\n\n\n\n<p>La Ruta del Silencio es un <strong>tramo de 63 km de la carretera A-1702 <\/strong>que discurre por las comarcas turolenses de Andorra-Sierra de Arcos y del Maestrazgo. M\u00e1s concretamente es la que une la Venta de la Pintada en Gargallo con el Puerto de Cuarto Pelado poco antes de llegar a Cantavieja.<\/p>\n\n\n\n<figure class=\"wp-block-image size-large\"><img loading=\"lazy\" decoding=\"async\" width=\"1024\" height=\"683\" src=\"https:\/\/bxrepsol.s3.eu-west-1.amazonaws.com\/static\/2023\/05\/09142358\/Foto-1-apertura-1024x683.jpg\" alt=\"\" class=\"wp-image-102189\" srcset=\"https:\/\/bxrepsol.s3.eu-west-1.amazonaws.com\/static\/2023\/05\/09142358\/Foto-1-apertura-1024x683.jpg 1024w, https:\/\/bxrepsol.s3.eu-west-1.amazonaws.com\/static\/2023\/05\/09142358\/Foto-1-apertura-300x200.jpg 300w, https:\/\/bxrepsol.s3.eu-west-1.amazonaws.com\/static\/2023\/05\/09142358\/Foto-1-apertura-768x512.jpg 768w, https:\/\/bxrepsol.s3.eu-west-1.amazonaws.com\/static\/2023\/05\/09142358\/Foto-1-apertura.jpg 1200w\" sizes=\"auto, (max-width: 1024px) 100vw, 1024px\" \/><\/figure>\n\n\n\n<p>Discurre por el este de la provincia de Teruel, cerca de los l\u00edmites con la de Castell\u00f3n y, dependiendo de d\u00f3nde vengas, puedes empezar desde la Venta de la Pintada, situada m\u00e1s al norte, o desde el Puerto de Cuarto Pelado, ubicado m\u00e1s al sur. Tanto en un sentido, como en otro, el <strong>recorrido es de gran belleza<\/strong> y consta de un total de 63 km con 233 curvas. Para realizar la Ruta del Silencio en moto, es necesario <strong>emplear en torno a una hora y media <\/strong>en el caso de completarla sin realizar paradas. Sin embargo, es muy probable que te detengas en alg\u00fan punto del itinerario para admirar el paisaje o que te desv\u00edes un poco de la ruta principal para conocer algunos lugares interesantes.<\/p>\n\n\n\n<figure class=\"wp-block-image size-large\"><img loading=\"lazy\" decoding=\"async\" width=\"1024\" height=\"683\" src=\"https:\/\/bxrepsol.s3.eu-west-1.amazonaws.com\/static\/2023\/05\/09142444\/Foto-3-1-1024x683.jpg\" alt=\"Paisaje por la carretera de paso de La Ruta del Silencio\" class=\"wp-image-102191\" srcset=\"https:\/\/bxrepsol.s3.eu-west-1.amazonaws.com\/static\/2023\/05\/09142444\/Foto-3-1-1024x683.jpg 1024w, https:\/\/bxrepsol.s3.eu-west-1.amazonaws.com\/static\/2023\/05\/09142444\/Foto-3-1-300x200.jpg 300w, https:\/\/bxrepsol.s3.eu-west-1.amazonaws.com\/static\/2023\/05\/09142444\/Foto-3-1-768x512.jpg 768w, https:\/\/bxrepsol.s3.eu-west-1.amazonaws.com\/static\/2023\/05\/09142444\/Foto-3-1-1536x1024.jpg 1536w, https:\/\/bxrepsol.s3.eu-west-1.amazonaws.com\/static\/2023\/05\/09142444\/Foto-3-1-2048x1365.jpg 2048w\" sizes=\"auto, (max-width: 1024px) 100vw, 1024px\" \/><\/figure>\n\n\n\n<h2 class=\"wp-block-heading\"><strong>La Ruta del Silencio en moto: etapas<\/strong><\/h2>\n\n\n\n<h3 class=\"wp-block-heading\"><strong>\u00bfPor d\u00f3nde empezamos la ruta del Silencio?<\/strong><\/h3>\n\n\n\n<p>En esta ocasi\u00f3n vamos a emprender la ruta desde el norte y, por tanto, <strong>tomamos como punto de partida<\/strong> el Hotel Venta la Pintada en el km 194 de la Carretera Nacional 211. En \u00e9l se puede pernoctar y su restaurante tambi\u00e9n es digno merecedor de una visita. Ah\u00ed justo ya podemos hacer un desv\u00edo al cercano Mirador Venta la Pintada, al cual se accede por una pista que preferiblemente se debe realizar a pie, para contemplar la belleza de la Sierra de Majalinos.<\/p>\n\n\n\n<figure class=\"wp-block-image size-full\"><img loading=\"lazy\" decoding=\"async\" width=\"990\" height=\"627\" src=\"https:\/\/bxrepsol.s3.eu-west-1.amazonaws.com\/static\/2023\/05\/09142538\/Foto-4-1.jpg\" alt=\"Hotel Venta la Pintada por la zona de La Ruta del Silencio\" class=\"wp-image-102193\" srcset=\"https:\/\/bxrepsol.s3.eu-west-1.amazonaws.com\/static\/2023\/05\/09142538\/Foto-4-1.jpg 990w, https:\/\/bxrepsol.s3.eu-west-1.amazonaws.com\/static\/2023\/05\/09142538\/Foto-4-1-300x190.jpg 300w, https:\/\/bxrepsol.s3.eu-west-1.amazonaws.com\/static\/2023\/05\/09142538\/Foto-4-1-768x486.jpg 768w\" sizes=\"auto, (max-width: 990px) 100vw, 990px\" \/><\/figure>\n\n\n\n<h3 class=\"wp-block-heading\"><strong>Parada obligada en la cabra montesa de Ejulve<\/strong><\/h3>\n\n\n\n<p>Despu\u00e9s de haber recorrido los primeros 17 km a los mandos de nuestra moto, la <strong>escultura de la cabra montesa de Ejulve<\/strong> es una parada obligada. Est\u00e1 situada exactamente en el kil\u00f3metro 17,3 y es una reproducci\u00f3n a gran tama\u00f1o del logotipo de la ruta. Sus medidas son de 4 x 4 m y en el centro posee una figura de un macho de cabra montesa. El lugar ha sido elegido por estar ubicado en <strong>uno de los mejores miradores de la ruta<\/strong>, que para muchos motoristas pasa desapercibido al entretenerse tomando fotograf\u00edas junto a la citada escultura de la cabra.<\/p>\n\n\n\n<p>A partir de ah\u00ed, la carretera inicia un bonito descenso junto al el Barranco de los Degollados hacia los \u00d3rganos de Montoro, unas espectaculares formaciones rocosas de gran encanto y belleza salvaje. Aqu\u00ed es aconsejable <strong>realizar una segunda parada<\/strong> para contemplar la amplitud del Alto Maestrazgo, con el profundo cauce abierto por el r\u00edo Guadalope y los altos de las Coronas de Aliaga y de Pitarque en el horizonte, y tras ellos la localidad de Fortanete, los altos de la Ca\u00f1ada de Benatanduz, y las muelas de Villarluengo y Cantavieja, unos lugares por los que pasaremos m\u00e1s tarde.<\/p>\n\n\n\n<figure class=\"wp-block-image size-large\"><img loading=\"lazy\" decoding=\"async\" width=\"1024\" height=\"683\" src=\"https:\/\/bxrepsol.s3.eu-west-1.amazonaws.com\/static\/2023\/05\/09142754\/Foto-5-1-1024x683.jpg\" alt=\"Moteros posando en la estatua emblem\u00e1tica de la Ruta del Silencio\" class=\"wp-image-102195\" srcset=\"https:\/\/bxrepsol.s3.eu-west-1.amazonaws.com\/static\/2023\/05\/09142754\/Foto-5-1-1024x683.jpg 1024w, https:\/\/bxrepsol.s3.eu-west-1.amazonaws.com\/static\/2023\/05\/09142754\/Foto-5-1-300x200.jpg 300w, https:\/\/bxrepsol.s3.eu-west-1.amazonaws.com\/static\/2023\/05\/09142754\/Foto-5-1-768x512.jpg 768w, https:\/\/bxrepsol.s3.eu-west-1.amazonaws.com\/static\/2023\/05\/09142754\/Foto-5-1.jpg 1200w\" sizes=\"auto, (max-width: 1024px) 100vw, 1024px\" \/><\/figure>\n\n\n\n<h3 class=\"wp-block-heading\"><strong>Desv\u00edo hacia Pitarque y sus arcos<\/strong><\/h3>\n\n\n\n<p>Tras emprender de nuevo la ruta, poco despu\u00e9s est\u00e1 el desv\u00edo hacia el pueblo de Pitarque. La carretera discurre junto al r\u00edo que lleva el mismo nombre y pasa por varios t\u00faneles excavados en roca que son conocidos como los arcos de Pitarque y que bien merecen que nos detengamos para tomar una instant\u00e1nea. Si vamos con tiempo podemos aparcar nuestra montura junto al pueblo y acercarnos a pie hasta el nacimiento del r\u00edo. Para esta actividad no est\u00e1 de m\u00e1s utilizar un calzado apropiado por lo que deber\u00e1s <a href=\"https:\/\/www.boxrepsol.com\/es\/vive-tu-moto\/elegir-tus-botas-montar-moto\/\">elegir un buen par de botas de moto<\/a> o en su defecto llevar un calzado de repuesto.<\/p>\n\n\n\n<figure class=\"wp-block-image size-full\"><img loading=\"lazy\" decoding=\"async\" width=\"1024\" height=\"768\" src=\"https:\/\/bxrepsol.s3.eu-west-1.amazonaws.com\/static\/2023\/05\/09142836\/Foto-6-1.jpg\" alt=\"T\u00faneles en roca de Pitarque o arcos de Pitarque \" class=\"wp-image-102197\" srcset=\"https:\/\/bxrepsol.s3.eu-west-1.amazonaws.com\/static\/2023\/05\/09142836\/Foto-6-1.jpg 1024w, https:\/\/bxrepsol.s3.eu-west-1.amazonaws.com\/static\/2023\/05\/09142836\/Foto-6-1-300x225.jpg 300w, https:\/\/bxrepsol.s3.eu-west-1.amazonaws.com\/static\/2023\/05\/09142836\/Foto-6-1-768x576.jpg 768w\" sizes=\"auto, (max-width: 1024px) 100vw, 1024px\" \/><\/figure>\n\n\n\n<p>Retomamos la A-1702 y a escasos kil\u00f3metros nos encontramos con la peque\u00f1a localidad de Villarluengo, situada a la izquierda de la citada carretera y que forma parte del <strong>Parque Cultural del Maestrazgo<\/strong>. Est\u00e1 edificada sobre una gran formaci\u00f3n rocosa y cuenta con un rico patrimonio art\u00edstico, como la iglesia neocl\u00e1sica de Nuestra Se\u00f1ora de la Asunci\u00f3n y el Ayuntamiento, ambos construidos en el siglo XVI. Se puede parar a un lado de la propia carretera para <strong>contemplar la belleza de este lugar.<\/strong><\/p>\n\n\n\n<figure class=\"wp-block-image size-large\"><img loading=\"lazy\" decoding=\"async\" width=\"1024\" height=\"768\" src=\"https:\/\/bxrepsol.s3.eu-west-1.amazonaws.com\/static\/2023\/05\/09142920\/Foto-7-1024x768.jpg\" alt=\"Moteros en la localidad de Villarluengo de paso por la Ruta del Silencio\" class=\"wp-image-102199\" srcset=\"https:\/\/bxrepsol.s3.eu-west-1.amazonaws.com\/static\/2023\/05\/09142920\/Foto-7-1024x768.jpg 1024w, https:\/\/bxrepsol.s3.eu-west-1.amazonaws.com\/static\/2023\/05\/09142920\/Foto-7-300x225.jpg 300w, https:\/\/bxrepsol.s3.eu-west-1.amazonaws.com\/static\/2023\/05\/09142920\/Foto-7-768x576.jpg 768w, https:\/\/bxrepsol.s3.eu-west-1.amazonaws.com\/static\/2023\/05\/09142920\/Foto-7-1536x1152.jpg 1536w, https:\/\/bxrepsol.s3.eu-west-1.amazonaws.com\/static\/2023\/05\/09142920\/Foto-7-2048x1536.jpg 2048w\" sizes=\"auto, (max-width: 1024px) 100vw, 1024px\" \/><\/figure>\n\n\n\n<h3 class=\"wp-block-heading\"><strong>Los Estrechos de Ca\u00f1ada de Benatanduz y la r\u00e9plica del \u201cCaim\u00e1n\u201d<\/strong><\/h3>\n\n\n\n<p>Continuamos la ruta hasta que la carretera se introduce en los espectaculares Estrechos de Ca\u00f1ada de Benatanduz, un <strong>trazado sinuoso marcado por las formaciones rocosas<\/strong> del entorno y que desemboca en un peque\u00f1o municipio de apenas 50 habitantes. Benantanduz est\u00e1 situado al pie de la Sierra de la Ca\u00f1ada y en pleno centro del Parque Cultural del Maestrazgo.<\/p>\n\n\n\n<figure class=\"wp-block-image size-large\"><img loading=\"lazy\" decoding=\"async\" width=\"1024\" height=\"768\" src=\"https:\/\/bxrepsol.s3.eu-west-1.amazonaws.com\/static\/2023\/05\/09142953\/Foto-8-1024x768.jpg\" alt=\"Carretera de la Ruta del Silencio, Estrechos de Ca\u00f1ada de Benatanduz \" class=\"wp-image-102201\" srcset=\"https:\/\/bxrepsol.s3.eu-west-1.amazonaws.com\/static\/2023\/05\/09142953\/Foto-8-1024x768.jpg 1024w, https:\/\/bxrepsol.s3.eu-west-1.amazonaws.com\/static\/2023\/05\/09142953\/Foto-8-300x225.jpg 300w, https:\/\/bxrepsol.s3.eu-west-1.amazonaws.com\/static\/2023\/05\/09142953\/Foto-8-768x576.jpg 768w, https:\/\/bxrepsol.s3.eu-west-1.amazonaws.com\/static\/2023\/05\/09142953\/Foto-8.jpg 1229w\" sizes=\"auto, (max-width: 1024px) 100vw, 1024px\" \/><\/figure>\n\n\n\n<p>Un poco m\u00e1s adelante y aun en el mismo t\u00e9rmino municipal, en el Km 50 de la ruta nos encontramos con una <strong>r\u00e9plica a escala de un famoso autob\u00fas <\/strong>que recorri\u00f3 el Maestrazgo durante muchos a\u00f1os y que permiti\u00f3 la conexi\u00f3n entre las localidades de la zona. Conocido como \u201c<strong>El Caim\u00e1n de las Monta\u00f1as<\/strong>\u201d, era un minib\u00fas de la marca Chevrolet que estuvo en activo durante muchos a\u00f1os y que dio mucha vida a la zona. Cubr\u00eda el trayecto entre Cantavieja y Alcorisa, estaba decorado en verde y en el frontal llevaba dibujado un lagarto al que los lugare\u00f1os llamaron \u201ccaim\u00e1n\u201d. La r\u00e9plica de este m\u00edtico veh\u00edculo, estrenada en agosto de 2022, es un atractivo m\u00e1s de la <strong>\u201cSilent Route\u201d <\/strong>y bien merece una nueva parada.<\/p>\n\n\n\n<figure class=\"wp-block-image size-large\"><img loading=\"lazy\" decoding=\"async\" width=\"1024\" height=\"677\" src=\"https:\/\/bxrepsol.s3.eu-west-1.amazonaws.com\/static\/2023\/05\/09143015\/Foto-9-1024x677.jpg\" alt=\"Imagen hist\u00f3rica del famoso autob\u00fas del Maestrazgo \" class=\"wp-image-102203\" srcset=\"https:\/\/bxrepsol.s3.eu-west-1.amazonaws.com\/static\/2023\/05\/09143015\/Foto-9-1024x677.jpg 1024w, https:\/\/bxrepsol.s3.eu-west-1.amazonaws.com\/static\/2023\/05\/09143015\/Foto-9-300x198.jpg 300w, https:\/\/bxrepsol.s3.eu-west-1.amazonaws.com\/static\/2023\/05\/09143015\/Foto-9-768x507.jpg 768w, https:\/\/bxrepsol.s3.eu-west-1.amazonaws.com\/static\/2023\/05\/09143015\/Foto-9.jpg 1135w\" sizes=\"auto, (max-width: 1024px) 100vw, 1024px\" \/><\/figure>\n\n\n\n<figure class=\"wp-block-image size-large\"><img loading=\"lazy\" decoding=\"async\" width=\"1024\" height=\"768\" src=\"https:\/\/bxrepsol.s3.eu-west-1.amazonaws.com\/static\/2023\/05\/09143024\/Foto-10-1024x768.jpeg\" alt=\"R\u00e9plica a escala del famoso autob\u00fas &quot;El Caim\u00e1n de las Monta\u00f1as&quot;\" class=\"wp-image-102205\" srcset=\"https:\/\/bxrepsol.s3.eu-west-1.amazonaws.com\/static\/2023\/05\/09143024\/Foto-10-1024x768.jpeg 1024w, https:\/\/bxrepsol.s3.eu-west-1.amazonaws.com\/static\/2023\/05\/09143024\/Foto-10-300x225.jpeg 300w, https:\/\/bxrepsol.s3.eu-west-1.amazonaws.com\/static\/2023\/05\/09143024\/Foto-10-768x576.jpeg 768w, https:\/\/bxrepsol.s3.eu-west-1.amazonaws.com\/static\/2023\/05\/09143024\/Foto-10-1536x1152.jpeg 1536w, https:\/\/bxrepsol.s3.eu-west-1.amazonaws.com\/static\/2023\/05\/09143024\/Foto-10.jpeg 1600w\" sizes=\"auto, (max-width: 1024px) 100vw, 1024px\" \/><\/figure>\n\n\n\n<p>Continuando la ruta por la A-1702 y 13 km despu\u00e9s de \u201cEl Caim\u00e1n\u201d llegamos al cartel del puerto del Cuarto Pelado, que, aunque da la<strong> bienvenida a la Ruta del Silencio, <\/strong>en nuestro caso supone el final. En este punto podemos continuar por la carretera hacia Castell\u00f3n o dar la vuelta y volver a recorrer la ruta en sentido inverso.<\/p>\n\n\n<div class=\"wp-block-image\">\n<figure class=\"aligncenter size-full\"><img loading=\"lazy\" decoding=\"async\" width=\"568\" height=\"463\" src=\"https:\/\/bxrepsol.s3.eu-west-1.amazonaws.com\/static\/2023\/05\/09143052\/Foto-11.jpeg\" alt=\"Cartel del puerto del Cuarto Pelado indicando el final de la Ruta del Silencio\" class=\"wp-image-102207\" srcset=\"https:\/\/bxrepsol.s3.eu-west-1.amazonaws.com\/static\/2023\/05\/09143052\/Foto-11.jpeg 568w, https:\/\/bxrepsol.s3.eu-west-1.amazonaws.com\/static\/2023\/05\/09143052\/Foto-11-300x245.jpeg 300w\" sizes=\"auto, (max-width: 568px) 100vw, 568px\" \/><\/figure>\n<\/div>\n\n\n<p><\/p>\n\n\n\n<h2 class=\"wp-block-heading\"><strong>Consejos para realizar la Ruta del Silencio en moto<\/strong><\/h2>\n\n\n\n<p>Antes de aventurase en ella, es importante tener en cuenta algunos <a href=\"https:\/\/www.boxrepsol.com\/es\/vive-tu-moto\/10-consejos-para-salir-de-ruta-en-moto\/\">consejos para salir de ruta en moto<\/a>. No hay duda de que hay que ir bien preparado, tanto en lo que se refiere a tu <a href=\"https:\/\/www.boxrepsol.com\/es\/vive-tu-moto\/equipamiento-para-montar-en-moto\/\">equipamiento motero<\/a>, como en la preparaci\u00f3n de tu moto, y es que la ruta recorre pueblos peque\u00f1os en los que<strong> no encontrar\u00e1s muchos de los servicios habituales <\/strong>en zonas m\u00e1s concurridas, como cajeros autom\u00e1ticos o gasolineras. Pese a no ser una ruta muy larga, siempre es mejor llenar el dep\u00f3sito antes de empezar.<\/p>\n\n\n\n<p>La altitud media de la ruta es de unos 1.000 metros, as\u00ed que es muy <strong>recomendable mirar la previsi\u00f3n meteorol\u00f3gica <\/strong>antes de empezar. En verano puede haber tormentas importantes que pueden sorprender en algunos cauces y barrancos habitualmente poco caudalosos. Y en invierno, aunque no es habitual, puede nevar tres o cuatro veces al a\u00f1o. Adem\u00e1s, los d\u00edas suelen ser fr\u00edos, con <strong>noches heladas<\/strong> que invitan a la prudencia en el asfalto.<\/p>\n","protected":false},"excerpt":{"rendered":"<p>Descubre la Ruta del Silencio, una carretera de Arag\u00f3n todav\u00eda poco conocida y repleta de paisajes que har\u00e1n de tu viaje una experiencia inolvidable. Te explicamos c\u00f3mo prepararte para recorrerla y c\u00f3mo organizar tu viaje.<\/p>\n","protected":false},"author":41267,"featured_media":102611,"comment_status":"open","ping_status":"open","sticky":false,"template":"","format":"standard","meta":{"footnotes":""},"categories":[122],"tags":[589,168],"class_list":["post-102186","post","type-post","status-publish","format-standard","hentry","category-vive-tu-moto","tag-mototurismo","tag-salidas-y-rutas-en-moto"],"yoast_head":"<!-- This site is optimized with the Yoast SEO plugin v27.3 - https:\/\/yoast.com\/product\/yoast-seo-wordpress\/ -->\n<title>Ruta del silencio: \u00bfpor qu\u00e9 es una experiencia \u00fanica? - Box Repsol<\/title>\n<meta name=\"description\" content=\"Si alguna vez has pensado en hacer La Ruta del Silencio, este es tu momento. Te damos toda la informaci\u00f3n que necesitas para de sus zonas m\u00e1s emblem\u00e1ticas.\" \/>\n<link rel=\"canonical\" href=\"https:\/\/www.boxrepsol.com\/es\/vive-tu-moto\/ruta-del-silencio-por-que-es-una-experiencia-unica\/\" \/>\n<meta property=\"og:locale\" content=\"es_ES\" \/>\n<meta property=\"og:type\" content=\"article\" \/>\n<meta property=\"og:title\" content=\"Ruta del silencio: \u00bfpor qu\u00e9 es una experiencia \u00fanica? - Box Repsol\" \/>\n<meta property=\"og:description\" content=\"Si alguna vez has pensado en hacer La Ruta del Silencio, este es tu momento. Te damos toda la informaci\u00f3n que necesitas para de sus zonas m\u00e1s emblem\u00e1ticas.\" \/>\n<meta property=\"og:url\" content=\"https:\/\/www.boxrepsol.com\/es\/vive-tu-moto\/ruta-del-silencio-por-que-es-una-experiencia-unica\/\" \/>\n<meta property=\"og:site_name\" content=\"Box Repsol\" \/>\n<meta property=\"article:publisher\" content=\"https:\/\/www.facebook.com\/BoxRepsol\" \/>\n<meta property=\"article:published_time\" content=\"2023-05-09T16:39:09+00:00\" \/>\n<meta property=\"article:modified_time\" content=\"2025-06-27T08:48:35+00:00\" \/>\n<meta property=\"og:image\" content=\"https:\/\/bxrepsol.s3.eu-west-1.amazonaws.com\/static\/2023\/05\/16092502\/ruta-del-silencio-aper.jpg\" \/>\n\t<meta property=\"og:image:width\" content=\"1280\" \/>\n\t<meta property=\"og:image:height\" content=\"600\" \/>\n\t<meta property=\"og:image:type\" content=\"image\/jpeg\" \/>\n<meta name=\"author\" content=\"V\u00edctor Gancedo\" \/>\n<meta name=\"twitter:card\" content=\"summary_large_image\" \/>\n<meta name=\"twitter:image\" content=\"https:\/\/bxrepsol.s3.eu-west-1.amazonaws.com\/static\/2023\/05\/16092502\/ruta-del-silencio-aper.jpg\" \/>\n<meta name=\"twitter:creator\" content=\"@box_repsol\" \/>\n<meta name=\"twitter:site\" content=\"@box_repsol\" \/>\n<meta name=\"twitter:label1\" content=\"Written by\" \/>\n\t<meta name=\"twitter:data1\" content=\"V\u00edctor Gancedo\" \/>\n\t<meta name=\"twitter:label2\" content=\"Est. reading time\" \/>\n\t<meta name=\"twitter:data2\" content=\"6 minutos\" \/>\n<script type=\"application\/ld+json\" class=\"yoast-schema-graph\">{\"@context\":\"https:\\\/\\\/schema.org\",\"@graph\":[{\"@type\":\"Article\",\"@id\":\"https:\\\/\\\/www.boxrepsol.com\\\/es\\\/vive-tu-moto\\\/ruta-del-silencio-por-que-es-una-experiencia-unica\\\/#article\",\"isPartOf\":{\"@id\":\"https:\\\/\\\/www.boxrepsol.com\\\/es\\\/vive-tu-moto\\\/ruta-del-silencio-por-que-es-una-experiencia-unica\\\/\"},\"author\":{\"name\":\"V\u00edctor Gancedo\",\"@id\":\"https:\\\/\\\/www.boxrepsol.com\\\/es\\\/#\\\/schema\\\/person\\\/40c28bf318bbbe8fe3848b194b7385ca\"},\"headline\":\"Ruta del silencio: \u00bfpor qu\u00e9 es una experiencia \u00fanica?\",\"datePublished\":\"2023-05-09T16:39:09+00:00\",\"dateModified\":\"2025-06-27T08:48:35+00:00\",\"mainEntityOfPage\":{\"@id\":\"https:\\\/\\\/www.boxrepsol.com\\\/es\\\/vive-tu-moto\\\/ruta-del-silencio-por-que-es-una-experiencia-unica\\\/\"},\"wordCount\":1274,\"commentCount\":6,\"publisher\":{\"@id\":\"https:\\\/\\\/www.boxrepsol.com\\\/es\\\/#organization\"},\"image\":{\"@id\":\"https:\\\/\\\/www.boxrepsol.com\\\/es\\\/vive-tu-moto\\\/ruta-del-silencio-por-que-es-una-experiencia-unica\\\/#primaryimage\"},\"thumbnailUrl\":\"https:\\\/\\\/bxrepsol.s3.eu-west-1.amazonaws.com\\\/static\\\/2023\\\/05\\\/16092502\\\/ruta-del-silencio-aper.jpg\",\"keywords\":[\"Mototurismo\",\"salidas y rutas en moto\"],\"articleSection\":[\"Vive tu moto\"],\"inLanguage\":\"es\",\"potentialAction\":[{\"@type\":\"CommentAction\",\"name\":\"Comment\",\"target\":[\"https:\\\/\\\/www.boxrepsol.com\\\/es\\\/vive-tu-moto\\\/ruta-del-silencio-por-que-es-una-experiencia-unica\\\/#respond\"]}]},{\"@type\":\"WebPage\",\"@id\":\"https:\\\/\\\/www.boxrepsol.com\\\/es\\\/vive-tu-moto\\\/ruta-del-silencio-por-que-es-una-experiencia-unica\\\/\",\"url\":\"https:\\\/\\\/www.boxrepsol.com\\\/es\\\/vive-tu-moto\\\/ruta-del-silencio-por-que-es-una-experiencia-unica\\\/\",\"name\":\"Ruta del silencio: \u00bfpor qu\u00e9 es una experiencia \u00fanica? - Box Repsol\",\"isPartOf\":{\"@id\":\"https:\\\/\\\/www.boxrepsol.com\\\/es\\\/#website\"},\"primaryImageOfPage\":{\"@id\":\"https:\\\/\\\/www.boxrepsol.com\\\/es\\\/vive-tu-moto\\\/ruta-del-silencio-por-que-es-una-experiencia-unica\\\/#primaryimage\"},\"image\":{\"@id\":\"https:\\\/\\\/www.boxrepsol.com\\\/es\\\/vive-tu-moto\\\/ruta-del-silencio-por-que-es-una-experiencia-unica\\\/#primaryimage\"},\"thumbnailUrl\":\"https:\\\/\\\/bxrepsol.s3.eu-west-1.amazonaws.com\\\/static\\\/2023\\\/05\\\/16092502\\\/ruta-del-silencio-aper.jpg\",\"datePublished\":\"2023-05-09T16:39:09+00:00\",\"dateModified\":\"2025-06-27T08:48:35+00:00\",\"description\":\"Si alguna vez has pensado en hacer La Ruta del Silencio, este es tu momento. Te damos toda la informaci\u00f3n que necesitas para de sus zonas m\u00e1s emblem\u00e1ticas.\",\"breadcrumb\":{\"@id\":\"https:\\\/\\\/www.boxrepsol.com\\\/es\\\/vive-tu-moto\\\/ruta-del-silencio-por-que-es-una-experiencia-unica\\\/#breadcrumb\"},\"inLanguage\":\"es\",\"potentialAction\":[{\"@type\":\"ReadAction\",\"target\":[\"https:\\\/\\\/www.boxrepsol.com\\\/es\\\/vive-tu-moto\\\/ruta-del-silencio-por-que-es-una-experiencia-unica\\\/\"]}]},{\"@type\":\"ImageObject\",\"inLanguage\":\"es\",\"@id\":\"https:\\\/\\\/www.boxrepsol.com\\\/es\\\/vive-tu-moto\\\/ruta-del-silencio-por-que-es-una-experiencia-unica\\\/#primaryimage\",\"url\":\"https:\\\/\\\/bxrepsol.s3.eu-west-1.amazonaws.com\\\/static\\\/2023\\\/05\\\/16092502\\\/ruta-del-silencio-aper.jpg\",\"contentUrl\":\"https:\\\/\\\/bxrepsol.s3.eu-west-1.amazonaws.com\\\/static\\\/2023\\\/05\\\/16092502\\\/ruta-del-silencio-aper.jpg\",\"width\":1280,\"height\":600},{\"@type\":\"BreadcrumbList\",\"@id\":\"https:\\\/\\\/www.boxrepsol.com\\\/es\\\/vive-tu-moto\\\/ruta-del-silencio-por-que-es-una-experiencia-unica\\\/#breadcrumb\",\"itemListElement\":[{\"@type\":\"ListItem\",\"position\":1,\"name\":\"Home\",\"item\":\"https:\\\/\\\/www.boxrepsol.com\\\/es\\\/\"},{\"@type\":\"ListItem\",\"position\":2,\"name\":\"Ruta del silencio: \u00bfpor qu\u00e9 es una experiencia \u00fanica?\"}]},{\"@type\":\"WebSite\",\"@id\":\"https:\\\/\\\/www.boxrepsol.com\\\/es\\\/#website\",\"url\":\"https:\\\/\\\/www.boxrepsol.com\\\/es\\\/\",\"name\":\"Box Repsol\",\"description\":\"Box Repsol Site\",\"publisher\":{\"@id\":\"https:\\\/\\\/www.boxrepsol.com\\\/es\\\/#organization\"},\"potentialAction\":[{\"@type\":\"SearchAction\",\"target\":{\"@type\":\"EntryPoint\",\"urlTemplate\":\"https:\\\/\\\/www.boxrepsol.com\\\/es\\\/?s={search_term_string}\"},\"query-input\":{\"@type\":\"PropertyValueSpecification\",\"valueRequired\":true,\"valueName\":\"search_term_string\"}}],\"inLanguage\":\"es\"},{\"@type\":\"Organization\",\"@id\":\"https:\\\/\\\/www.boxrepsol.com\\\/es\\\/#organization\",\"name\":\"Box Repsol\",\"url\":\"https:\\\/\\\/www.boxrepsol.com\\\/es\\\/\",\"logo\":{\"@type\":\"ImageObject\",\"inLanguage\":\"es\",\"@id\":\"https:\\\/\\\/www.boxrepsol.com\\\/es\\\/#\\\/schema\\\/logo\\\/image\\\/\",\"url\":\"https:\\\/\\\/bxrepsol.s3.eu-west-1.amazonaws.com\\\/static\\\/2025\\\/07\\\/30083337\\\/favicon-96x96-1.png\",\"contentUrl\":\"https:\\\/\\\/bxrepsol.s3.eu-west-1.amazonaws.com\\\/static\\\/2025\\\/07\\\/30083337\\\/favicon-96x96-1.png\",\"width\":96,\"height\":96,\"caption\":\"Box Repsol\"},\"image\":{\"@id\":\"https:\\\/\\\/www.boxrepsol.com\\\/es\\\/#\\\/schema\\\/logo\\\/image\\\/\"},\"sameAs\":[\"https:\\\/\\\/www.facebook.com\\\/BoxRepsol\",\"https:\\\/\\\/x.com\\\/box_repsol\",\"http:\\\/\\\/instagram.com\\\/box_repsol\",\"https:\\\/\\\/www.youtube.com\\\/user\\\/RepsolCompeticion\",\"https:\\\/\\\/www.flickr.com\\\/photos\\\/box_repsol\\\/\"]},{\"@type\":\"Person\",\"@id\":\"https:\\\/\\\/www.boxrepsol.com\\\/es\\\/#\\\/schema\\\/person\\\/40c28bf318bbbe8fe3848b194b7385ca\",\"name\":\"V\u00edctor Gancedo\",\"image\":{\"@type\":\"ImageObject\",\"inLanguage\":\"es\",\"@id\":\"https:\\\/\\\/secure.gravatar.com\\\/avatar\\\/cd1439a66fca5d3425cd2a7b13f32cd43e25022a0436c1235ef2a28e14fa660a?s=96&d=mm&r=g\",\"url\":\"https:\\\/\\\/secure.gravatar.com\\\/avatar\\\/cd1439a66fca5d3425cd2a7b13f32cd43e25022a0436c1235ef2a28e14fa660a?s=96&d=mm&r=g\",\"contentUrl\":\"https:\\\/\\\/secure.gravatar.com\\\/avatar\\\/cd1439a66fca5d3425cd2a7b13f32cd43e25022a0436c1235ef2a28e14fa660a?s=96&d=mm&r=g\",\"caption\":\"V\u00edctor Gancedo\"},\"description\":\"Periodista especializado en el mundo de las motos, V\u00edctor ha probado pr\u00e1cticamente todas las que han salido al mercado desde 1990. En su larga trayectoria, ha desempe\u00f1ado cargos como los de Jefe de Pruebas de la revista Motociclismo o Responsable de Pruebas del \u00c1rea de Motos del Grupo Motorpress-Ib\u00e9rica, hoy llamado Sport Life Ib\u00e9rica, al cual sigue vinculado.\",\"sameAs\":[\"https:\\\/\\\/www.instagram.com\\\/vfgancedo\"],\"url\":\"https:\\\/\\\/www.boxrepsol.com\\\/es\\\/author\\\/victor_gancedo\\\/\"}]}<\/script>\n<!-- \/ Yoast SEO plugin. -->","yoast_head_json":{"title":"Ruta del silencio: \u00bfpor qu\u00e9 es una experiencia \u00fanica? - Box Repsol","description":"Si alguna vez has pensado en hacer La Ruta del Silencio, este es tu momento. Te damos toda la informaci\u00f3n que necesitas para de sus zonas m\u00e1s emblem\u00e1ticas.","canonical":"https:\/\/www.boxrepsol.com\/es\/vive-tu-moto\/ruta-del-silencio-por-que-es-una-experiencia-unica\/","og_locale":"es_ES","og_type":"article","og_title":"Ruta del silencio: \u00bfpor qu\u00e9 es una experiencia \u00fanica? - Box Repsol","og_description":"Si alguna vez has pensado en hacer La Ruta del Silencio, este es tu momento. Te damos toda la informaci\u00f3n que necesitas para de sus zonas m\u00e1s emblem\u00e1ticas.","og_url":"https:\/\/www.boxrepsol.com\/es\/vive-tu-moto\/ruta-del-silencio-por-que-es-una-experiencia-unica\/","og_site_name":"Box Repsol","article_publisher":"https:\/\/www.facebook.com\/BoxRepsol","article_published_time":"2023-05-09T16:39:09+00:00","article_modified_time":"2025-06-27T08:48:35+00:00","og_image":[{"width":1280,"height":600,"url":"https:\/\/bxrepsol.s3.eu-west-1.amazonaws.com\/static\/2023\/05\/16092502\/ruta-del-silencio-aper.jpg","type":"image\/jpeg"}],"author":"V\u00edctor Gancedo","twitter_card":"summary_large_image","twitter_image":"https:\/\/bxrepsol.s3.eu-west-1.amazonaws.com\/static\/2023\/05\/16092502\/ruta-del-silencio-aper.jpg","twitter_creator":"@box_repsol","twitter_site":"@box_repsol","twitter_misc":{"Written by":"V\u00edctor Gancedo","Est. reading time":"6 minutos"},"schema":{"@context":"https:\/\/schema.org","@graph":[{"@type":"Article","@id":"https:\/\/www.boxrepsol.com\/es\/vive-tu-moto\/ruta-del-silencio-por-que-es-una-experiencia-unica\/#article","isPartOf":{"@id":"https:\/\/www.boxrepsol.com\/es\/vive-tu-moto\/ruta-del-silencio-por-que-es-una-experiencia-unica\/"},"author":{"name":"V\u00edctor Gancedo","@id":"https:\/\/www.boxrepsol.com\/es\/#\/schema\/person\/40c28bf318bbbe8fe3848b194b7385ca"},"headline":"Ruta del silencio: \u00bfpor qu\u00e9 es una experiencia \u00fanica?","datePublished":"2023-05-09T16:39:09+00:00","dateModified":"2025-06-27T08:48:35+00:00","mainEntityOfPage":{"@id":"https:\/\/www.boxrepsol.com\/es\/vive-tu-moto\/ruta-del-silencio-por-que-es-una-experiencia-unica\/"},"wordCount":1274,"commentCount":6,"publisher":{"@id":"https:\/\/www.boxrepsol.com\/es\/#organization"},"image":{"@id":"https:\/\/www.boxrepsol.com\/es\/vive-tu-moto\/ruta-del-silencio-por-que-es-una-experiencia-unica\/#primaryimage"},"thumbnailUrl":"https:\/\/bxrepsol.s3.eu-west-1.amazonaws.com\/static\/2023\/05\/16092502\/ruta-del-silencio-aper.jpg","keywords":["Mototurismo","salidas y rutas en moto"],"articleSection":["Vive tu moto"],"inLanguage":"es","potentialAction":[{"@type":"CommentAction","name":"Comment","target":["https:\/\/www.boxrepsol.com\/es\/vive-tu-moto\/ruta-del-silencio-por-que-es-una-experiencia-unica\/#respond"]}]},{"@type":"WebPage","@id":"https:\/\/www.boxrepsol.com\/es\/vive-tu-moto\/ruta-del-silencio-por-que-es-una-experiencia-unica\/","url":"https:\/\/www.boxrepsol.com\/es\/vive-tu-moto\/ruta-del-silencio-por-que-es-una-experiencia-unica\/","name":"Ruta del silencio: \u00bfpor qu\u00e9 es una experiencia \u00fanica? - Box Repsol","isPartOf":{"@id":"https:\/\/www.boxrepsol.com\/es\/#website"},"primaryImageOfPage":{"@id":"https:\/\/www.boxrepsol.com\/es\/vive-tu-moto\/ruta-del-silencio-por-que-es-una-experiencia-unica\/#primaryimage"},"image":{"@id":"https:\/\/www.boxrepsol.com\/es\/vive-tu-moto\/ruta-del-silencio-por-que-es-una-experiencia-unica\/#primaryimage"},"thumbnailUrl":"https:\/\/bxrepsol.s3.eu-west-1.amazonaws.com\/static\/2023\/05\/16092502\/ruta-del-silencio-aper.jpg","datePublished":"2023-05-09T16:39:09+00:00","dateModified":"2025-06-27T08:48:35+00:00","description":"Si alguna vez has pensado en hacer La Ruta del Silencio, este es tu momento. Te damos toda la informaci\u00f3n que necesitas para de sus zonas m\u00e1s emblem\u00e1ticas.","breadcrumb":{"@id":"https:\/\/www.boxrepsol.com\/es\/vive-tu-moto\/ruta-del-silencio-por-que-es-una-experiencia-unica\/#breadcrumb"},"inLanguage":"es","potentialAction":[{"@type":"ReadAction","target":["https:\/\/www.boxrepsol.com\/es\/vive-tu-moto\/ruta-del-silencio-por-que-es-una-experiencia-unica\/"]}]},{"@type":"ImageObject","inLanguage":"es","@id":"https:\/\/www.boxrepsol.com\/es\/vive-tu-moto\/ruta-del-silencio-por-que-es-una-experiencia-unica\/#primaryimage","url":"https:\/\/bxrepsol.s3.eu-west-1.amazonaws.com\/static\/2023\/05\/16092502\/ruta-del-silencio-aper.jpg","contentUrl":"https:\/\/bxrepsol.s3.eu-west-1.amazonaws.com\/static\/2023\/05\/16092502\/ruta-del-silencio-aper.jpg","width":1280,"height":600},{"@type":"BreadcrumbList","@id":"https:\/\/www.boxrepsol.com\/es\/vive-tu-moto\/ruta-del-silencio-por-que-es-una-experiencia-unica\/#breadcrumb","itemListElement":[{"@type":"ListItem","position":1,"name":"Home","item":"https:\/\/www.boxrepsol.com\/es\/"},{"@type":"ListItem","position":2,"name":"Ruta del silencio: \u00bfpor qu\u00e9 es una experiencia \u00fanica?"}]},{"@type":"WebSite","@id":"https:\/\/www.boxrepsol.com\/es\/#website","url":"https:\/\/www.boxrepsol.com\/es\/","name":"Box Repsol","description":"Box Repsol Site","publisher":{"@id":"https:\/\/www.boxrepsol.com\/es\/#organization"},"potentialAction":[{"@type":"SearchAction","target":{"@type":"EntryPoint","urlTemplate":"https:\/\/www.boxrepsol.com\/es\/?s={search_term_string}"},"query-input":{"@type":"PropertyValueSpecification","valueRequired":true,"valueName":"search_term_string"}}],"inLanguage":"es"},{"@type":"Organization","@id":"https:\/\/www.boxrepsol.com\/es\/#organization","name":"Box Repsol","url":"https:\/\/www.boxrepsol.com\/es\/","logo":{"@type":"ImageObject","inLanguage":"es","@id":"https:\/\/www.boxrepsol.com\/es\/#\/schema\/logo\/image\/","url":"https:\/\/bxrepsol.s3.eu-west-1.amazonaws.com\/static\/2025\/07\/30083337\/favicon-96x96-1.png","contentUrl":"https:\/\/bxrepsol.s3.eu-west-1.amazonaws.com\/static\/2025\/07\/30083337\/favicon-96x96-1.png","width":96,"height":96,"caption":"Box Repsol"},"image":{"@id":"https:\/\/www.boxrepsol.com\/es\/#\/schema\/logo\/image\/"},"sameAs":["https:\/\/www.facebook.com\/BoxRepsol","https:\/\/x.com\/box_repsol","http:\/\/instagram.com\/box_repsol","https:\/\/www.youtube.com\/user\/RepsolCompeticion","https:\/\/www.flickr.com\/photos\/box_repsol\/"]},{"@type":"Person","@id":"https:\/\/www.boxrepsol.com\/es\/#\/schema\/person\/40c28bf318bbbe8fe3848b194b7385ca","name":"V\u00edctor Gancedo","image":{"@type":"ImageObject","inLanguage":"es","@id":"https:\/\/secure.gravatar.com\/avatar\/cd1439a66fca5d3425cd2a7b13f32cd43e25022a0436c1235ef2a28e14fa660a?s=96&d=mm&r=g","url":"https:\/\/secure.gravatar.com\/avatar\/cd1439a66fca5d3425cd2a7b13f32cd43e25022a0436c1235ef2a28e14fa660a?s=96&d=mm&r=g","contentUrl":"https:\/\/secure.gravatar.com\/avatar\/cd1439a66fca5d3425cd2a7b13f32cd43e25022a0436c1235ef2a28e14fa660a?s=96&d=mm&r=g","caption":"V\u00edctor Gancedo"},"description":"Periodista especializado en el mundo de las motos, V\u00edctor ha probado pr\u00e1cticamente todas las que han salido al mercado desde 1990. En su larga trayectoria, ha desempe\u00f1ado cargos como los de Jefe de Pruebas de la revista Motociclismo o Responsable de Pruebas del \u00c1rea de Motos del Grupo Motorpress-Ib\u00e9rica, hoy llamado Sport Life Ib\u00e9rica, al cual sigue vinculado.","sameAs":["https:\/\/www.instagram.com\/vfgancedo"],"url":"https:\/\/www.boxrepsol.com\/es\/author\/victor_gancedo\/"}]}},"_links":{"self":[{"href":"https:\/\/www.boxrepsol.com\/es\/wp-json\/wp\/v2\/posts\/102186","targetHints":{"allow":["GET"]}}],"collection":[{"href":"https:\/\/www.boxrepsol.com\/es\/wp-json\/wp\/v2\/posts"}],"about":[{"href":"https:\/\/www.boxrepsol.com\/es\/wp-json\/wp\/v2\/types\/post"}],"author":[{"embeddable":true,"href":"https:\/\/www.boxrepsol.com\/es\/wp-json\/wp\/v2\/users\/41267"}],"replies":[{"embeddable":true,"href":"https:\/\/www.boxrepsol.com\/es\/wp-json\/wp\/v2\/comments?post=102186"}],"version-history":[{"count":4,"href":"https:\/\/www.boxrepsol.com\/es\/wp-json\/wp\/v2\/posts\/102186\/revisions"}],"predecessor-version":[{"id":111429,"href":"https:\/\/www.boxrepsol.com\/es\/wp-json\/wp\/v2\/posts\/102186\/revisions\/111429"}],"wp:featuredmedia":[{"embeddable":true,"href":"https:\/\/www.boxrepsol.com\/es\/wp-json\/wp\/v2\/media\/102611"}],"wp:attachment":[{"href":"https:\/\/www.boxrepsol.com\/es\/wp-json\/wp\/v2\/media?parent=102186"}],"wp:term":[{"taxonomy":"category","embeddable":true,"href":"https:\/\/www.boxrepsol.com\/es\/wp-json\/wp\/v2\/categories?post=102186"},{"taxonomy":"post_tag","embeddable":true,"href":"https:\/\/www.boxrepsol.com\/es\/wp-json\/wp\/v2\/tags?post=102186"}],"curies":[{"name":"wp","href":"https:\/\/api.w.org\/{rel}","templated":true}]}}