{"id":102125,"date":"2023-05-04T11:02:35","date_gmt":"2023-05-04T13:02:35","guid":{"rendered":"https:\/\/www.boxrepsol.com\/?p=102125"},"modified":"2024-02-05T10:17:05","modified_gmt":"2024-02-05T12:17:05","slug":"bmw-m2-el-safety-car-de-motogp-2023","status":"publish","type":"post","link":"https:\/\/www.boxrepsol.com\/es\/motogp\/bmw-m2-el-safety-car-de-motogp-2023\/","title":{"rendered":"BMW M2: El safety car de MotoGP 2023"},"content":{"rendered":"<figure class=\"wp-block-post-featured-image\"><img loading=\"lazy\" decoding=\"async\" width=\"2560\" height=\"1200\" src=\"https:\/\/bxrepsol.s3.eu-west-1.amazonaws.com\/static\/2023\/05\/04111933\/d4a4db99-90aa-ea13-8294-0786d81cc031-1-scaled.jpg\" class=\"attachment-post-thumbnail size-post-thumbnail wp-post-image\" alt=\"Safety Car BMW M2 de MotoGP 2023\" style=\"object-fit:cover;\" srcset=\"https:\/\/bxrepsol.s3.eu-west-1.amazonaws.com\/static\/2023\/05\/04111933\/d4a4db99-90aa-ea13-8294-0786d81cc031-1-scaled.jpg 2560w, https:\/\/bxrepsol.s3.eu-west-1.amazonaws.com\/static\/2023\/05\/04111933\/d4a4db99-90aa-ea13-8294-0786d81cc031-1-300x141.jpg 300w, https:\/\/bxrepsol.s3.eu-west-1.amazonaws.com\/static\/2023\/05\/04111933\/d4a4db99-90aa-ea13-8294-0786d81cc031-1-1024x480.jpg 1024w, https:\/\/bxrepsol.s3.eu-west-1.amazonaws.com\/static\/2023\/05\/04111933\/d4a4db99-90aa-ea13-8294-0786d81cc031-1-768x360.jpg 768w, https:\/\/bxrepsol.s3.eu-west-1.amazonaws.com\/static\/2023\/05\/04111933\/d4a4db99-90aa-ea13-8294-0786d81cc031-1-1536x720.jpg 1536w, https:\/\/bxrepsol.s3.eu-west-1.amazonaws.com\/static\/2023\/05\/04111933\/d4a4db99-90aa-ea13-8294-0786d81cc031-1-2048x960.jpg 2048w\" sizes=\"auto, (max-width: 2560px) 100vw, 2560px\" \/><\/figure>\n\n\n<p><\/p>\n\n\n\n<h2 class=\"wp-block-heading\"><strong>Todos los detalles del nuevo safety car de MotoGP<\/strong><\/h2>\n\n\n\n<p>El BMW M2 cumple todos los requerimientos que se le puede exigir a un <a href=\"https:\/\/www.boxrepsol.com\/es\/motogp\/el-safety-car-mucho-mas-que-un-coche-de-seguridad\/\">Safety Car<\/a>: es <strong>potente y r\u00e1pido<\/strong> para poder acudir de forma presta a cualquier incidencia que se produzca. Es un veh\u00edculo compacto, pero de <strong>altas prestaciones<\/strong>, con un motor TwinPower turbo de seis cilindros en l\u00ednea capaz de desarrollar 460 CV de potencia y una velocidad m\u00e1xima de 250 km\/h. Adem\u00e1s, se beneficia del elevado<strong> equipamiento de toda la serie M de BMW, <\/strong>como los asientos Recaro con seis puntos de anclaje, chasis y escape M Performance, as\u00ed como carcasas, difusores y alerones en fibra de carbono.<\/p>\n\n\n\n<figure class=\"wp-block-image size-large\"><img loading=\"lazy\" decoding=\"async\" width=\"1024\" height=\"658\" src=\"https:\/\/bxrepsol.s3.eu-west-1.amazonaws.com\/static\/2023\/05\/04091357\/2023-01-GP-Portugal-83598-1024x658.jpg\" alt=\"Coche Safety Car de MotoGP 2023 en el GP de Portugal\" class=\"wp-image-102134\" srcset=\"https:\/\/bxrepsol.s3.eu-west-1.amazonaws.com\/static\/2023\/05\/04091357\/2023-01-GP-Portugal-83598-1024x658.jpg 1024w, https:\/\/bxrepsol.s3.eu-west-1.amazonaws.com\/static\/2023\/05\/04091357\/2023-01-GP-Portugal-83598-300x193.jpg 300w, https:\/\/bxrepsol.s3.eu-west-1.amazonaws.com\/static\/2023\/05\/04091357\/2023-01-GP-Portugal-83598-768x494.jpg 768w, https:\/\/bxrepsol.s3.eu-west-1.amazonaws.com\/static\/2023\/05\/04091357\/2023-01-GP-Portugal-83598-1536x987.jpg 1536w, https:\/\/bxrepsol.s3.eu-west-1.amazonaws.com\/static\/2023\/05\/04091357\/2023-01-GP-Portugal-83598-2048x1317.jpg 2048w\" sizes=\"auto, (max-width: 1024px) 100vw, 1024px\" \/><\/figure>\n\n\n\n<p>El <em>safety car<\/em> de MotoGP impresiona con las caracter\u00edsticas tradicionales de un deportivo de altas prestaciones, con la <strong>tecnolog\u00eda m\u00e1s avanzada<\/strong>. Va equipado con todos los complementos imprescindibles para su cometido: extintor, dispositivo luminoso de seguridad en el techo del coche y faros delanteros a juego. Sus datos de consumo combinado de combustible seg\u00fan WLTP es de 9,8 &#8211; 9,6 l\/100 km, con unas emisiones combinadas de CO2 seg\u00fan WLTP: 222 &#8211; 218 g\/km. En la edici\u00f3n de este a\u00f1o 2023, <strong>el BMW M2 MotoGP\u2122 Safety Car<\/strong> tiene la decoraci\u00f3n est\u00e1ndar de BMW M: azul, rojo y negro sobre fondo blanco. Aparte de este M2, BMW tambi\u00e9n proporcionara a MotoGP algunos veh\u00edculos m\u00e1s para el equipo m\u00e9dico de los circuitos. Estos ser\u00e1n algunos modelos de la gama M y varias motos de seguridad M1000 RR. <\/p>\n\n\n\n<figure class=\"wp-block-image size-large\"><img loading=\"lazy\" decoding=\"async\" width=\"1024\" height=\"683\" src=\"https:\/\/bxrepsol.s3.eu-west-1.amazonaws.com\/static\/2023\/05\/04091216\/f10a2fd1-7802-1c3f-3d05-d002f87458be-1024x683.jpg\" alt=\"Coche Safety Car de MotoGP 2023\" class=\"wp-image-102130\" srcset=\"https:\/\/bxrepsol.s3.eu-west-1.amazonaws.com\/static\/2023\/05\/04091216\/f10a2fd1-7802-1c3f-3d05-d002f87458be-1024x683.jpg 1024w, https:\/\/bxrepsol.s3.eu-west-1.amazonaws.com\/static\/2023\/05\/04091216\/f10a2fd1-7802-1c3f-3d05-d002f87458be-300x200.jpg 300w, https:\/\/bxrepsol.s3.eu-west-1.amazonaws.com\/static\/2023\/05\/04091216\/f10a2fd1-7802-1c3f-3d05-d002f87458be-768x512.jpg 768w, https:\/\/bxrepsol.s3.eu-west-1.amazonaws.com\/static\/2023\/05\/04091216\/f10a2fd1-7802-1c3f-3d05-d002f87458be-1536x1024.jpg 1536w, https:\/\/bxrepsol.s3.eu-west-1.amazonaws.com\/static\/2023\/05\/04091216\/f10a2fd1-7802-1c3f-3d05-d002f87458be-2048x1365.jpg 2048w\" sizes=\"auto, (max-width: 1024px) 100vw, 1024px\" \/><\/figure>\n\n\n\n<h2 class=\"wp-block-heading\"><strong>\u00bfPara qu\u00e9 sirve un safety car?<\/strong><\/h2>\n\n\n\n<p>Su labor es fundamental. Durante un Gran Premio, cada jornada antes de que comience la actividad, a primera hora de la ma\u00f1ana, el Safety Car <strong>realiza una<\/strong> <strong>inspecci\u00f3n a la pista<\/strong>, controlando que todos los comisarios est\u00e9n en sus puestos con el material necesario. Pod\u00edamos decir que es como un oficial que pasa revista a sus tropas.<\/p>\n\n\n\n<figure class=\"wp-block-image size-large\"><img loading=\"lazy\" decoding=\"async\" width=\"1024\" height=\"683\" src=\"https:\/\/bxrepsol.s3.eu-west-1.amazonaws.com\/static\/2023\/05\/04091907\/f439e0de-2b2d-f353-e859-b842f9cc41ae-1024x683.jpg\" alt=\"Imagen del Safety car BMW M2 de MotoGP 2023\" class=\"wp-image-102144\" srcset=\"https:\/\/bxrepsol.s3.eu-west-1.amazonaws.com\/static\/2023\/05\/04091907\/f439e0de-2b2d-f353-e859-b842f9cc41ae-1024x683.jpg 1024w, https:\/\/bxrepsol.s3.eu-west-1.amazonaws.com\/static\/2023\/05\/04091907\/f439e0de-2b2d-f353-e859-b842f9cc41ae-300x200.jpg 300w, https:\/\/bxrepsol.s3.eu-west-1.amazonaws.com\/static\/2023\/05\/04091907\/f439e0de-2b2d-f353-e859-b842f9cc41ae-768x512.jpg 768w, https:\/\/bxrepsol.s3.eu-west-1.amazonaws.com\/static\/2023\/05\/04091907\/f439e0de-2b2d-f353-e859-b842f9cc41ae-1536x1024.jpg 1536w, https:\/\/bxrepsol.s3.eu-west-1.amazonaws.com\/static\/2023\/05\/04091907\/f439e0de-2b2d-f353-e859-b842f9cc41ae-2048x1365.jpg 2048w\" sizes=\"auto, (max-width: 1024px) 100vw, 1024px\" \/><\/figure>\n\n\n\n<p>El Safety Car se muestra especialmente activo en todo el <strong>procedimiento de salida<\/strong> de las carreras. Abre pista antes de que los pilotos aborden la vuelta de formaci\u00f3n de parrilla, y permanece delante de la misma hasta cinco minutos antes del comienzo de la vuelta de calentamiento, cuando realiza una nueva vuelta para situarse al final de la parrilla, tras las motos. Cuando estas realizan la vuelta de calentamiento, el Safety Car las sigue, con la intenci\u00f3n de <strong>intervenir ante cualquier contingencia grave<\/strong> que pudiera suceder. El Safety Car tambi\u00e9n \u201cpastorea\u201d a los pilotos, oblig\u00e1ndoles a llevar un cierto ritmo, porque en caso de que haya alg\u00fan piloto rodando excesivamente lento \u2013algo que podr\u00eda retrasar la salida y perjudicar a los otros competidores\u2013 el Safety Car puede adelantarlo, y el competidor tendr\u00eda que arrancar por detr\u00e1s de \u00e9l.<\/p>\n\n\n\n<figure class=\"wp-block-image size-large\"><img loading=\"lazy\" decoding=\"async\" width=\"1024\" height=\"683\" src=\"https:\/\/bxrepsol.s3.eu-west-1.amazonaws.com\/static\/2023\/05\/04091600\/2023-02-GP-Argentina-70980-1024x683.jpg\" alt=\"Coche Safety Car de MotoGP 2023 en el Gran Premio de Argentina\" class=\"wp-image-102138\" srcset=\"https:\/\/bxrepsol.s3.eu-west-1.amazonaws.com\/static\/2023\/05\/04091600\/2023-02-GP-Argentina-70980-1024x683.jpg 1024w, https:\/\/bxrepsol.s3.eu-west-1.amazonaws.com\/static\/2023\/05\/04091600\/2023-02-GP-Argentina-70980-300x200.jpg 300w, https:\/\/bxrepsol.s3.eu-west-1.amazonaws.com\/static\/2023\/05\/04091600\/2023-02-GP-Argentina-70980-768x512.jpg 768w, https:\/\/bxrepsol.s3.eu-west-1.amazonaws.com\/static\/2023\/05\/04091600\/2023-02-GP-Argentina-70980-1536x1024.jpg 1536w, https:\/\/bxrepsol.s3.eu-west-1.amazonaws.com\/static\/2023\/05\/04091600\/2023-02-GP-Argentina-70980-2048x1365.jpg 2048w\" sizes=\"auto, (max-width: 1024px) 100vw, 1024px\" \/><\/figure>\n\n\n\n<h3 class=\"wp-block-heading\"><strong>\u00bfCu\u00e1ntos safety car hay en un Gran Premio?<\/strong><\/h3>\n\n\n\n<p>En realidad, no hay un \u00fanico Safety Car, sino que <strong>son<\/strong> <strong>dos coches de seguridad<\/strong> presentes en cada carrera. En el c\u00f3digo interno de la organizaci\u00f3n, se les denomina <strong>Omega 1 y Omega 2<\/strong>, y el segundo veh\u00edculo<strong> se incorpora a pista nada m\u00e1s formarse la parrilla<\/strong>, tras el primer coche, instantes antes de que d\u00e9 comienzo la carrera.<\/p>\n\n\n\n<p>Ambos coches son, en esencia, veh\u00edculos r\u00e1pidos de asistencia m\u00e9dica, y en ellos viajan los <strong>doctores del equipo m\u00e9dico<\/strong> <strong>de asistencia de MotoGP<\/strong>, con todo el material necesario para intervenir en una situaci\u00f3n especialmente grave y urgente.<\/p>\n\n\n\n<figure class=\"wp-block-image size-large\"><img loading=\"lazy\" decoding=\"async\" width=\"1024\" height=\"683\" src=\"https:\/\/bxrepsol.s3.eu-west-1.amazonaws.com\/static\/2023\/05\/04091703\/2023-02-GP-Argentina-00865-1-1024x683.jpg\" alt=\"Coche Safety Car de MotoGP 2023 en el GP de Argentina\" class=\"wp-image-102140\" srcset=\"https:\/\/bxrepsol.s3.eu-west-1.amazonaws.com\/static\/2023\/05\/04091703\/2023-02-GP-Argentina-00865-1-1024x683.jpg 1024w, https:\/\/bxrepsol.s3.eu-west-1.amazonaws.com\/static\/2023\/05\/04091703\/2023-02-GP-Argentina-00865-1-300x200.jpg 300w, https:\/\/bxrepsol.s3.eu-west-1.amazonaws.com\/static\/2023\/05\/04091703\/2023-02-GP-Argentina-00865-1-768x512.jpg 768w, https:\/\/bxrepsol.s3.eu-west-1.amazonaws.com\/static\/2023\/05\/04091703\/2023-02-GP-Argentina-00865-1-1536x1024.jpg 1536w, https:\/\/bxrepsol.s3.eu-west-1.amazonaws.com\/static\/2023\/05\/04091703\/2023-02-GP-Argentina-00865-1-2048x1365.jpg 2048w\" sizes=\"auto, (max-width: 1024px) 100vw, 1024px\" \/><\/figure>\n\n\n\n<p>Adem\u00e1s de estos dos Safety Car, el reglamento de MotoGP define claramente c\u00f3mo debe ser <strong>otra serie de veh\u00edculos m\u00e9dicos<\/strong> que participan en una intervenci\u00f3n de urgencia. <strong>Los Safety Car corresponden a lo que se denomina Tipo A<\/strong>. El veh\u00edculo <strong>Tipo B<\/strong> ser\u00eda una ambulancia con soporte vital y equipamiento de intervenci\u00f3n urgente, mientras que el <strong>Tipo C<\/strong> corresponde a un veh\u00edculo dotado de camilla y convenientemente adaptado para poder transportar a una persona.&nbsp;<\/p>\n\n\n\n<p>El reglamento establece claramente el <strong>equipamiento m\u00e9dico<\/strong> con el que debe contar cada veh\u00edculo. En el primer coche debe haber un doctor especializado en cuidados de urgencia y un segundo m\u00e9dico o un param\u00e9dico con similar experiencia, mientras que en el segundo veh\u00edculo habr\u00e1 dos param\u00e9dicos con suficiente experiencia en intervenciones de urgencia, y en ambos veh\u00edculos deben <strong>contar con el<\/strong> <strong>material m\u00e9dico adecuado<\/strong> para ofrecer la asistencia requerida en cada caso, desde ox\u00edgeno, ventiladores manuales, sistemas de intubaci\u00f3n, hasta un desfibrilador.<\/p>\n\n\n\n<h2 class=\"wp-block-heading\"><strong>Historia de los Safety car en MotoGP<\/strong><\/h2>\n\n\n\n<p>La <a href=\"https:\/\/www.boxrepsol.com\/es\/motogp\/seguridad-en-motogp-circuito\/\"><strong>seguridad de los circuitos<\/strong><\/a><strong> <\/strong>es un asunto primordial durante los Grandes Premios de MotoGP, aunque ha sido en los \u00faltimos treinta a\u00f1os cuando realmente se han establecido normas y se ha cuidado al m\u00e1ximo todo lo relativo a la seguridad en los circuitos, ya sea de manera activa o pasiva. En este sentido, el uso de veh\u00edculos de seguridad que arrancan inmediatamente despu\u00e9s de las motos se ha convertido en un apoyo crucial para <strong>mejorar la seguridad de la competici\u00f3n<\/strong>.<\/p>\n\n\n\n<figure class=\"wp-block-image size-large\"><img loading=\"lazy\" decoding=\"async\" width=\"1024\" height=\"683\" src=\"https:\/\/bxrepsol.s3.eu-west-1.amazonaws.com\/static\/2023\/05\/04091845\/2023-02-GP-Argentina-00859-1024x683.jpg\" alt=\"Coche Safety Car de MotoGP 2023 en el Gran Premio de Argentina\" class=\"wp-image-102142\" srcset=\"https:\/\/bxrepsol.s3.eu-west-1.amazonaws.com\/static\/2023\/05\/04091845\/2023-02-GP-Argentina-00859-1024x683.jpg 1024w, https:\/\/bxrepsol.s3.eu-west-1.amazonaws.com\/static\/2023\/05\/04091845\/2023-02-GP-Argentina-00859-300x200.jpg 300w, https:\/\/bxrepsol.s3.eu-west-1.amazonaws.com\/static\/2023\/05\/04091845\/2023-02-GP-Argentina-00859-768x512.jpg 768w, https:\/\/bxrepsol.s3.eu-west-1.amazonaws.com\/static\/2023\/05\/04091845\/2023-02-GP-Argentina-00859-1536x1024.jpg 1536w, https:\/\/bxrepsol.s3.eu-west-1.amazonaws.com\/static\/2023\/05\/04091845\/2023-02-GP-Argentina-00859-2048x1365.jpg 2048w\" sizes=\"auto, (max-width: 1024px) 100vw, 1024px\" \/><\/figure>\n\n\n\n<p>Desde la d\u00e9cada de los ochenta, nos hemos acostumbrado a la presencia de un veh\u00edculo de emergencia detr\u00e1s de las motos, pero<strong> tard\u00f3 mucho en regularse <\/strong>esa figura, porque resultaban de lo m\u00e1s variado, tanto en su equipamiento en materia de seguridad como en sus caracter\u00edsticas t\u00e9cnicas y su dotaci\u00f3n. <strong>\u00bfQui\u00e9n deb\u00eda ocuparlo, qu\u00e9 labores deb\u00eda realizar, con qu\u00e9 equipamiento se le dotaba para ello?<\/strong><\/p>\n\n\n\n<p>Es a <strong>mediados de los a\u00f1os noventa<\/strong> cuando la figura del Safety Car<strong> se regula y se introduce en el reglamento,<\/strong> asign\u00e1ndole unas funciones concretas, y es en 1999 cuando Dorna, promotor del Campeonato del Mundo de MotoGP, llega a un acuerdo con BMW para que el fabricante alem\u00e1n sea el<strong> suministrador oficial del Safety Car de MotoGP,<\/strong> y ya han pasado 25 a\u00f1os de aquella primera colaboraci\u00f3n.<\/p>\n\n\n\n<h2 class=\"wp-block-heading\"><strong>Modelos m\u00e1s ic\u00f3nicos de safety car en MotoGP<\/strong><\/h2>\n\n\n\n<figure class=\"wp-block-image size-large\"><img loading=\"lazy\" decoding=\"async\" width=\"1024\" height=\"682\" src=\"https:\/\/bxrepsol.s3.eu-west-1.amazonaws.com\/static\/2023\/05\/04112015\/P90387649_highRes_cover-bmw-safety-car-2-1024x682.jpg\" alt=\"Imagen con diferentes modelos de BMW Safety Car que ha tenido MotoGP\" class=\"wp-image-102160\" srcset=\"https:\/\/bxrepsol.s3.eu-west-1.amazonaws.com\/static\/2023\/05\/04112015\/P90387649_highRes_cover-bmw-safety-car-2-1024x682.jpg 1024w, https:\/\/bxrepsol.s3.eu-west-1.amazonaws.com\/static\/2023\/05\/04112015\/P90387649_highRes_cover-bmw-safety-car-2-300x200.jpg 300w, https:\/\/bxrepsol.s3.eu-west-1.amazonaws.com\/static\/2023\/05\/04112015\/P90387649_highRes_cover-bmw-safety-car-2-768x512.jpg 768w, https:\/\/bxrepsol.s3.eu-west-1.amazonaws.com\/static\/2023\/05\/04112015\/P90387649_highRes_cover-bmw-safety-car-2-1536x1024.jpg 1536w, https:\/\/bxrepsol.s3.eu-west-1.amazonaws.com\/static\/2023\/05\/04112015\/P90387649_highRes_cover-bmw-safety-car-2.jpg 2000w\" sizes=\"auto, (max-width: 1024px) 100vw, 1024px\" \/><\/figure>\n\n\n\n<p>En todos estos a\u00f1os, muchos son los modelos que han cumplido la funci\u00f3n de safety car en MotoGP y estos son algunos de los m\u00e1s ic\u00f3nicos.<\/p>\n\n\n\n<p><strong>BMW Z3 M Coup\u00e9 (E36\/8) MotoGP Safety Car de 1999 y 2000:<\/strong><\/p>\n\n\n\n<p>1999 vio el nacimiento de la larga relaci\u00f3n entre BMW M y MotoGP. Y el BMW Z3 M Coup\u00e9 fue el primer elegido para la funci\u00f3n, un biplaza cl\u00e1sico que entusiasma a los amantes de los coches.<\/p>\n\n\n\n<p><strong>BMW Z8 (E52) 2001-2003:<\/strong><\/p>\n\n\n\n<p>El legendario Z8 y sus 400 CV hicieron de este roadster todo un icono a principios de los 2000.<\/p>\n\n\n\n<p><strong>BMW M3 Coup\u00e9 (E92) 2008 &#8211; 2010:<\/strong><\/p>\n\n\n\n<p>La flota de veh\u00edculos de seguridad de estos a\u00f1os estuvo liderada por el BMW M3 Coup\u00e9 (E92) que utilizaba un motor V8 atmosf\u00e9rico de 4,0 litros con 420 CV.<\/p>\n\n\n\n<p><strong>BMW Serie 1 M Coup\u00e9 (E82) MotoGP Safety Car 2011:<\/strong><\/p>\n\n\n\n<p>El coche de seguridad de la temporada 2011 de MotorGP contribuy\u00f3 de forma importante a la popularidad del modelo.<\/p>\n\n\n\n<p><strong>BMW M4 Coup\u00e9 (F32) MotoGP Safety Car 2014 &#8211; 2015:<\/strong><\/p>\n\n\n\n<p>El coche de seguridad BMW M4 Coup\u00e9 MotoGP fue un precursor de la tecnolog\u00eda que lleg\u00f3 m\u00e1s tarde en el BMW M4 GTS.<\/p>\n\n\n\n<p><strong>BMW M4 Competition Coupe Safety Car 2021:<\/strong><\/p>\n\n\n\n<p>Seis cilindros en l\u00ednea con doble turbocompresor de 3.0 litros, 510 CV de potencia, 650 Nm de par m\u00e1ximo, transmisi\u00f3n autom\u00e1tica, tracci\u00f3n total, 3,9 segundos de 0 a 100 km\/h y una velocidad m\u00e1xima limitada electr\u00f3nicamente de 250 km\/h. \u00bfQui\u00e9n da m\u00e1s?<\/p>\n\n\n\n<h3 class=\"wp-block-heading\">Lista completa de los modelos de BMW que han sido safety car en MotoGP desde 1999<\/h3>\n\n\n\n<p>1999 &#8211; 2000: BMW Z3 M Coup\u00e9 (E36\/8) MotoGP\u2122 Safety Car<\/p>\n\n\n\n<p>2001 &#8211; 2003: BMW Z8 (E52) MotoGP\u2122 Safety Car<\/p>\n\n\n\n<p>2004 &#8211; 2006: BMW M6 Coup\u00e9 (E63) MotoGP\u2122 Safety Car<\/p>\n\n\n\n<p>2007: BMW Z4 M Coup\u00e9 (E85) MotoGP\u2122 Safety Car<\/p>\n\n\n\n<p>2008 &#8211; 2010: BMW M3 Coup\u00e9 (E92) MotoGP\u2122 Safety Car<\/p>\n\n\n\n<p>2011: BMW Serie 1 M Coup\u00e9 (E82) MotoGP\u2122 Safety Car<\/p>\n\n\n\n<p>2012: BMW M6 Coup\u00e9 (F13) MotoGP\u2122 Safety Car<\/p>\n\n\n\n<p>2013: BMW M6 Gran Coup\u00e9 (F06) MotoGP\u2122 Safety Car<\/p>\n\n\n\n<p>2014 &#8211; 2015: BMW M4 Coup\u00e9 (F32) MotoGP\u2122 Safety Car<\/p>\n\n\n\n<p>2016 &#8211; 2017: BMW M2 (F87) MotoGP\u2122 Safety Car<\/p>\n\n\n\n<p>2018: BMW M5 (F90) MotoGP\u2122 Safety Car<\/p>\n\n\n\n<p>2019 &#8211; 2020: BMW M8 (F93) MotoGP\u2122 Safety Car<\/p>\n\n\n\n<p>2021: BMW M4 Competition&nbsp;Coupe MotoGP\u2122 Safety Car<\/p>\n\n\n\n<p>2022: BMW M2 CS Racing MotoGP\u2122 Safety Car<\/p>\n\n\n\n<p>2023: BMW M2 MotoGP\u2122 Safety Car<\/p>\n\n\n\n<figure class=\"wp-block-image size-large\"><img loading=\"lazy\" decoding=\"async\" width=\"1024\" height=\"683\" src=\"https:\/\/bxrepsol.s3.eu-west-1.amazonaws.com\/static\/2023\/05\/04092350\/93aeef78-ab4d-81fa-ec2f-b4c9f4f72752-2-1024x683.jpg\" alt=\"Imagen del Safety car BMW M2 de MotoGP 2023\" class=\"wp-image-102150\" srcset=\"https:\/\/bxrepsol.s3.eu-west-1.amazonaws.com\/static\/2023\/05\/04092350\/93aeef78-ab4d-81fa-ec2f-b4c9f4f72752-2-1024x683.jpg 1024w, https:\/\/bxrepsol.s3.eu-west-1.amazonaws.com\/static\/2023\/05\/04092350\/93aeef78-ab4d-81fa-ec2f-b4c9f4f72752-2-300x200.jpg 300w, https:\/\/bxrepsol.s3.eu-west-1.amazonaws.com\/static\/2023\/05\/04092350\/93aeef78-ab4d-81fa-ec2f-b4c9f4f72752-2-768x512.jpg 768w, https:\/\/bxrepsol.s3.eu-west-1.amazonaws.com\/static\/2023\/05\/04092350\/93aeef78-ab4d-81fa-ec2f-b4c9f4f72752-2-1536x1024.jpg 1536w, https:\/\/bxrepsol.s3.eu-west-1.amazonaws.com\/static\/2023\/05\/04092350\/93aeef78-ab4d-81fa-ec2f-b4c9f4f72752-2-2048x1365.jpg 2048w\" sizes=\"auto, (max-width: 1024px) 100vw, 1024px\" \/><\/figure>\n","protected":false},"excerpt":{"rendered":"<p>El Safety Car, o coche de seguridad, se ha convertido en un elemento fundamental en la seguridad de las carreras de MotoGP, y el de este a\u00f1o es un espectacular BMW M2.<\/p>\n","protected":false},"author":41268,"featured_media":102157,"comment_status":"open","ping_status":"open","sticky":false,"template":"","format":"standard","meta":{"footnotes":""},"categories":[4],"tags":[269,295],"class_list":["post-102125","post","type-post","status-publish","format-standard","hentry","category-motogp","tag-269","tag-safety-car"],"yoast_head":"<!-- This site is optimized with the Yoast SEO plugin v27.3 - https:\/\/yoast.com\/product\/yoast-seo-wordpress\/ -->\n<title>BMW M2: El safety car de MotoGP 2023 - Box Repsol<\/title>\n<meta name=\"description\" content=\"Descubre el BMW M2, el nuevo safety car de las carreras de MotoGP de este a\u00f1o. Te explicamos sus caracter\u00edsticas y prestaciones.\" \/>\n<link rel=\"canonical\" href=\"https:\/\/www.boxrepsol.com\/es\/motogp\/bmw-m2-el-safety-car-de-motogp-2023\/\" \/>\n<meta property=\"og:locale\" content=\"es_ES\" \/>\n<meta property=\"og:type\" content=\"article\" \/>\n<meta property=\"og:title\" content=\"BMW M2: El safety car de MotoGP 2023 - Box Repsol\" \/>\n<meta property=\"og:description\" content=\"Descubre el BMW M2, el nuevo safety car de las carreras de MotoGP de este a\u00f1o. Te explicamos sus caracter\u00edsticas y prestaciones.\" \/>\n<meta property=\"og:url\" content=\"https:\/\/www.boxrepsol.com\/es\/motogp\/bmw-m2-el-safety-car-de-motogp-2023\/\" \/>\n<meta property=\"og:site_name\" content=\"Box Repsol\" \/>\n<meta property=\"article:publisher\" content=\"https:\/\/www.facebook.com\/BoxRepsol\" \/>\n<meta property=\"article:published_time\" content=\"2023-05-04T13:02:35+00:00\" \/>\n<meta property=\"article:modified_time\" content=\"2024-02-05T12:17:05+00:00\" \/>\n<meta property=\"og:image\" content=\"https:\/\/bxrepsol.s3.eu-west-1.amazonaws.com\/static\/2023\/05\/04111933\/d4a4db99-90aa-ea13-8294-0786d81cc031-1-scaled.jpg\" \/>\n\t<meta property=\"og:image:width\" content=\"2560\" \/>\n\t<meta property=\"og:image:height\" content=\"1200\" \/>\n\t<meta property=\"og:image:type\" content=\"image\/jpeg\" \/>\n<meta name=\"author\" content=\"Juan Pedro de la Torre\" \/>\n<meta name=\"twitter:card\" content=\"summary_large_image\" \/>\n<meta name=\"twitter:creator\" content=\"@https:\/\/twitter.com\/JPdelaTorre1965\" \/>\n<meta name=\"twitter:site\" content=\"@box_repsol\" \/>\n<meta name=\"twitter:label1\" content=\"Written by\" \/>\n\t<meta name=\"twitter:data1\" content=\"Juan Pedro de la Torre\" \/>\n\t<meta name=\"twitter:label2\" content=\"Est. reading time\" \/>\n\t<meta name=\"twitter:data2\" content=\"7 minutos\" \/>\n<script type=\"application\/ld+json\" class=\"yoast-schema-graph\">{\"@context\":\"https:\\\/\\\/schema.org\",\"@graph\":[{\"@type\":\"Article\",\"@id\":\"https:\\\/\\\/www.boxrepsol.com\\\/es\\\/motogp\\\/bmw-m2-el-safety-car-de-motogp-2023\\\/#article\",\"isPartOf\":{\"@id\":\"https:\\\/\\\/www.boxrepsol.com\\\/es\\\/motogp\\\/bmw-m2-el-safety-car-de-motogp-2023\\\/\"},\"author\":{\"name\":\"Juan Pedro de la Torre\",\"@id\":\"https:\\\/\\\/www.boxrepsol.com\\\/es\\\/#\\\/schema\\\/person\\\/26abce1d675df22d63ac9e9d5f23e4aa\"},\"headline\":\"BMW M2: El safety car de MotoGP 2023\",\"datePublished\":\"2023-05-04T13:02:35+00:00\",\"dateModified\":\"2024-02-05T12:17:05+00:00\",\"mainEntityOfPage\":{\"@id\":\"https:\\\/\\\/www.boxrepsol.com\\\/es\\\/motogp\\\/bmw-m2-el-safety-car-de-motogp-2023\\\/\"},\"wordCount\":1388,\"commentCount\":0,\"publisher\":{\"@id\":\"https:\\\/\\\/www.boxrepsol.com\\\/es\\\/#organization\"},\"image\":{\"@id\":\"https:\\\/\\\/www.boxrepsol.com\\\/es\\\/motogp\\\/bmw-m2-el-safety-car-de-motogp-2023\\\/#primaryimage\"},\"thumbnailUrl\":\"https:\\\/\\\/bxrepsol.s3.eu-west-1.amazonaws.com\\\/static\\\/2023\\\/05\\\/04111933\\\/d4a4db99-90aa-ea13-8294-0786d81cc031-1-scaled.jpg\",\"keywords\":[\"2023\",\"Safety Car\"],\"articleSection\":[\"MotoGP\"],\"inLanguage\":\"es\",\"potentialAction\":[{\"@type\":\"CommentAction\",\"name\":\"Comment\",\"target\":[\"https:\\\/\\\/www.boxrepsol.com\\\/es\\\/motogp\\\/bmw-m2-el-safety-car-de-motogp-2023\\\/#respond\"]}]},{\"@type\":\"WebPage\",\"@id\":\"https:\\\/\\\/www.boxrepsol.com\\\/es\\\/motogp\\\/bmw-m2-el-safety-car-de-motogp-2023\\\/\",\"url\":\"https:\\\/\\\/www.boxrepsol.com\\\/es\\\/motogp\\\/bmw-m2-el-safety-car-de-motogp-2023\\\/\",\"name\":\"BMW M2: El safety car de MotoGP 2023 - Box Repsol\",\"isPartOf\":{\"@id\":\"https:\\\/\\\/www.boxrepsol.com\\\/es\\\/#website\"},\"primaryImageOfPage\":{\"@id\":\"https:\\\/\\\/www.boxrepsol.com\\\/es\\\/motogp\\\/bmw-m2-el-safety-car-de-motogp-2023\\\/#primaryimage\"},\"image\":{\"@id\":\"https:\\\/\\\/www.boxrepsol.com\\\/es\\\/motogp\\\/bmw-m2-el-safety-car-de-motogp-2023\\\/#primaryimage\"},\"thumbnailUrl\":\"https:\\\/\\\/bxrepsol.s3.eu-west-1.amazonaws.com\\\/static\\\/2023\\\/05\\\/04111933\\\/d4a4db99-90aa-ea13-8294-0786d81cc031-1-scaled.jpg\",\"datePublished\":\"2023-05-04T13:02:35+00:00\",\"dateModified\":\"2024-02-05T12:17:05+00:00\",\"description\":\"Descubre el BMW M2, el nuevo safety car de las carreras de MotoGP de este a\u00f1o. Te explicamos sus caracter\u00edsticas y prestaciones.\",\"breadcrumb\":{\"@id\":\"https:\\\/\\\/www.boxrepsol.com\\\/es\\\/motogp\\\/bmw-m2-el-safety-car-de-motogp-2023\\\/#breadcrumb\"},\"inLanguage\":\"es\",\"potentialAction\":[{\"@type\":\"ReadAction\",\"target\":[\"https:\\\/\\\/www.boxrepsol.com\\\/es\\\/motogp\\\/bmw-m2-el-safety-car-de-motogp-2023\\\/\"]}]},{\"@type\":\"ImageObject\",\"inLanguage\":\"es\",\"@id\":\"https:\\\/\\\/www.boxrepsol.com\\\/es\\\/motogp\\\/bmw-m2-el-safety-car-de-motogp-2023\\\/#primaryimage\",\"url\":\"https:\\\/\\\/bxrepsol.s3.eu-west-1.amazonaws.com\\\/static\\\/2023\\\/05\\\/04111933\\\/d4a4db99-90aa-ea13-8294-0786d81cc031-1-scaled.jpg\",\"contentUrl\":\"https:\\\/\\\/bxrepsol.s3.eu-west-1.amazonaws.com\\\/static\\\/2023\\\/05\\\/04111933\\\/d4a4db99-90aa-ea13-8294-0786d81cc031-1-scaled.jpg\",\"width\":2560,\"height\":1200,\"caption\":\"Safety Car BMW M2 de MotoGP 2023\"},{\"@type\":\"BreadcrumbList\",\"@id\":\"https:\\\/\\\/www.boxrepsol.com\\\/es\\\/motogp\\\/bmw-m2-el-safety-car-de-motogp-2023\\\/#breadcrumb\",\"itemListElement\":[{\"@type\":\"ListItem\",\"position\":1,\"name\":\"Home\",\"item\":\"https:\\\/\\\/www.boxrepsol.com\\\/es\\\/\"},{\"@type\":\"ListItem\",\"position\":2,\"name\":\"BMW M2: El safety car de MotoGP 2023\"}]},{\"@type\":\"WebSite\",\"@id\":\"https:\\\/\\\/www.boxrepsol.com\\\/es\\\/#website\",\"url\":\"https:\\\/\\\/www.boxrepsol.com\\\/es\\\/\",\"name\":\"Box Repsol\",\"description\":\"Box Repsol Site\",\"publisher\":{\"@id\":\"https:\\\/\\\/www.boxrepsol.com\\\/es\\\/#organization\"},\"potentialAction\":[{\"@type\":\"SearchAction\",\"target\":{\"@type\":\"EntryPoint\",\"urlTemplate\":\"https:\\\/\\\/www.boxrepsol.com\\\/es\\\/?s={search_term_string}\"},\"query-input\":{\"@type\":\"PropertyValueSpecification\",\"valueRequired\":true,\"valueName\":\"search_term_string\"}}],\"inLanguage\":\"es\"},{\"@type\":\"Organization\",\"@id\":\"https:\\\/\\\/www.boxrepsol.com\\\/es\\\/#organization\",\"name\":\"Box Repsol\",\"url\":\"https:\\\/\\\/www.boxrepsol.com\\\/es\\\/\",\"logo\":{\"@type\":\"ImageObject\",\"inLanguage\":\"es\",\"@id\":\"https:\\\/\\\/www.boxrepsol.com\\\/es\\\/#\\\/schema\\\/logo\\\/image\\\/\",\"url\":\"https:\\\/\\\/bxrepsol.s3.eu-west-1.amazonaws.com\\\/static\\\/2025\\\/07\\\/30083337\\\/favicon-96x96-1.png\",\"contentUrl\":\"https:\\\/\\\/bxrepsol.s3.eu-west-1.amazonaws.com\\\/static\\\/2025\\\/07\\\/30083337\\\/favicon-96x96-1.png\",\"width\":96,\"height\":96,\"caption\":\"Box Repsol\"},\"image\":{\"@id\":\"https:\\\/\\\/www.boxrepsol.com\\\/es\\\/#\\\/schema\\\/logo\\\/image\\\/\"},\"sameAs\":[\"https:\\\/\\\/www.facebook.com\\\/BoxRepsol\",\"https:\\\/\\\/x.com\\\/box_repsol\",\"http:\\\/\\\/instagram.com\\\/box_repsol\",\"https:\\\/\\\/www.youtube.com\\\/user\\\/RepsolCompeticion\",\"https:\\\/\\\/www.flickr.com\\\/photos\\\/box_repsol\\\/\"]},{\"@type\":\"Person\",\"@id\":\"https:\\\/\\\/www.boxrepsol.com\\\/es\\\/#\\\/schema\\\/person\\\/26abce1d675df22d63ac9e9d5f23e4aa\",\"name\":\"Juan Pedro de la Torre\",\"image\":{\"@type\":\"ImageObject\",\"inLanguage\":\"es\",\"@id\":\"https:\\\/\\\/secure.gravatar.com\\\/avatar\\\/e81f780ee2930d7be330cb34304decf0e9bc66bec0158805a0fe2726f4517224?s=96&d=mm&r=g\",\"url\":\"https:\\\/\\\/secure.gravatar.com\\\/avatar\\\/e81f780ee2930d7be330cb34304decf0e9bc66bec0158805a0fe2726f4517224?s=96&d=mm&r=g\",\"contentUrl\":\"https:\\\/\\\/secure.gravatar.com\\\/avatar\\\/e81f780ee2930d7be330cb34304decf0e9bc66bec0158805a0fe2726f4517224?s=96&d=mm&r=g\",\"caption\":\"Juan Pedro de la Torre\"},\"description\":\"Se inici\u00f3 en el diario Marca en 1988 y posteriormente pas\u00f3 a la revista Motociclismo, donde llegar\u00eda a ser director de deporte. Despu\u00e9s fue editor y director de Motoworld.es y Sport Bikes y colabor\u00f3 con varios medios. Adem\u00e1s, ha publicado una docena de libros y actualmente trabaja como colaborador para Motociclismo, El Confidencial y Box Repsol.\",\"sameAs\":[\"https:\\\/\\\/x.com\\\/https:\\\/\\\/twitter.com\\\/JPdelaTorre1965\",\"https:\\\/\\\/youtube.com\\\/@juanpedrodelatorremotoworld\"],\"url\":\"https:\\\/\\\/www.boxrepsol.com\\\/es\\\/author\\\/juanpedro_delatorre\\\/\"}]}<\/script>\n<!-- \/ Yoast SEO plugin. -->","yoast_head_json":{"title":"BMW M2: El safety car de MotoGP 2023 - Box Repsol","description":"Descubre el BMW M2, el nuevo safety car de las carreras de MotoGP de este a\u00f1o. Te explicamos sus caracter\u00edsticas y prestaciones.","canonical":"https:\/\/www.boxrepsol.com\/es\/motogp\/bmw-m2-el-safety-car-de-motogp-2023\/","og_locale":"es_ES","og_type":"article","og_title":"BMW M2: El safety car de MotoGP 2023 - Box Repsol","og_description":"Descubre el BMW M2, el nuevo safety car de las carreras de MotoGP de este a\u00f1o. Te explicamos sus caracter\u00edsticas y prestaciones.","og_url":"https:\/\/www.boxrepsol.com\/es\/motogp\/bmw-m2-el-safety-car-de-motogp-2023\/","og_site_name":"Box Repsol","article_publisher":"https:\/\/www.facebook.com\/BoxRepsol","article_published_time":"2023-05-04T13:02:35+00:00","article_modified_time":"2024-02-05T12:17:05+00:00","og_image":[{"width":2560,"height":1200,"url":"https:\/\/bxrepsol.s3.eu-west-1.amazonaws.com\/static\/2023\/05\/04111933\/d4a4db99-90aa-ea13-8294-0786d81cc031-1-scaled.jpg","type":"image\/jpeg"}],"author":"Juan Pedro de la Torre","twitter_card":"summary_large_image","twitter_creator":"@https:\/\/twitter.com\/JPdelaTorre1965","twitter_site":"@box_repsol","twitter_misc":{"Written by":"Juan Pedro de la Torre","Est. reading time":"7 minutos"},"schema":{"@context":"https:\/\/schema.org","@graph":[{"@type":"Article","@id":"https:\/\/www.boxrepsol.com\/es\/motogp\/bmw-m2-el-safety-car-de-motogp-2023\/#article","isPartOf":{"@id":"https:\/\/www.boxrepsol.com\/es\/motogp\/bmw-m2-el-safety-car-de-motogp-2023\/"},"author":{"name":"Juan Pedro de la Torre","@id":"https:\/\/www.boxrepsol.com\/es\/#\/schema\/person\/26abce1d675df22d63ac9e9d5f23e4aa"},"headline":"BMW M2: El safety car de MotoGP 2023","datePublished":"2023-05-04T13:02:35+00:00","dateModified":"2024-02-05T12:17:05+00:00","mainEntityOfPage":{"@id":"https:\/\/www.boxrepsol.com\/es\/motogp\/bmw-m2-el-safety-car-de-motogp-2023\/"},"wordCount":1388,"commentCount":0,"publisher":{"@id":"https:\/\/www.boxrepsol.com\/es\/#organization"},"image":{"@id":"https:\/\/www.boxrepsol.com\/es\/motogp\/bmw-m2-el-safety-car-de-motogp-2023\/#primaryimage"},"thumbnailUrl":"https:\/\/bxrepsol.s3.eu-west-1.amazonaws.com\/static\/2023\/05\/04111933\/d4a4db99-90aa-ea13-8294-0786d81cc031-1-scaled.jpg","keywords":["2023","Safety Car"],"articleSection":["MotoGP"],"inLanguage":"es","potentialAction":[{"@type":"CommentAction","name":"Comment","target":["https:\/\/www.boxrepsol.com\/es\/motogp\/bmw-m2-el-safety-car-de-motogp-2023\/#respond"]}]},{"@type":"WebPage","@id":"https:\/\/www.boxrepsol.com\/es\/motogp\/bmw-m2-el-safety-car-de-motogp-2023\/","url":"https:\/\/www.boxrepsol.com\/es\/motogp\/bmw-m2-el-safety-car-de-motogp-2023\/","name":"BMW M2: El safety car de MotoGP 2023 - Box Repsol","isPartOf":{"@id":"https:\/\/www.boxrepsol.com\/es\/#website"},"primaryImageOfPage":{"@id":"https:\/\/www.boxrepsol.com\/es\/motogp\/bmw-m2-el-safety-car-de-motogp-2023\/#primaryimage"},"image":{"@id":"https:\/\/www.boxrepsol.com\/es\/motogp\/bmw-m2-el-safety-car-de-motogp-2023\/#primaryimage"},"thumbnailUrl":"https:\/\/bxrepsol.s3.eu-west-1.amazonaws.com\/static\/2023\/05\/04111933\/d4a4db99-90aa-ea13-8294-0786d81cc031-1-scaled.jpg","datePublished":"2023-05-04T13:02:35+00:00","dateModified":"2024-02-05T12:17:05+00:00","description":"Descubre el BMW M2, el nuevo safety car de las carreras de MotoGP de este a\u00f1o. Te explicamos sus caracter\u00edsticas y prestaciones.","breadcrumb":{"@id":"https:\/\/www.boxrepsol.com\/es\/motogp\/bmw-m2-el-safety-car-de-motogp-2023\/#breadcrumb"},"inLanguage":"es","potentialAction":[{"@type":"ReadAction","target":["https:\/\/www.boxrepsol.com\/es\/motogp\/bmw-m2-el-safety-car-de-motogp-2023\/"]}]},{"@type":"ImageObject","inLanguage":"es","@id":"https:\/\/www.boxrepsol.com\/es\/motogp\/bmw-m2-el-safety-car-de-motogp-2023\/#primaryimage","url":"https:\/\/bxrepsol.s3.eu-west-1.amazonaws.com\/static\/2023\/05\/04111933\/d4a4db99-90aa-ea13-8294-0786d81cc031-1-scaled.jpg","contentUrl":"https:\/\/bxrepsol.s3.eu-west-1.amazonaws.com\/static\/2023\/05\/04111933\/d4a4db99-90aa-ea13-8294-0786d81cc031-1-scaled.jpg","width":2560,"height":1200,"caption":"Safety Car BMW M2 de MotoGP 2023"},{"@type":"BreadcrumbList","@id":"https:\/\/www.boxrepsol.com\/es\/motogp\/bmw-m2-el-safety-car-de-motogp-2023\/#breadcrumb","itemListElement":[{"@type":"ListItem","position":1,"name":"Home","item":"https:\/\/www.boxrepsol.com\/es\/"},{"@type":"ListItem","position":2,"name":"BMW M2: El safety car de MotoGP 2023"}]},{"@type":"WebSite","@id":"https:\/\/www.boxrepsol.com\/es\/#website","url":"https:\/\/www.boxrepsol.com\/es\/","name":"Box Repsol","description":"Box Repsol Site","publisher":{"@id":"https:\/\/www.boxrepsol.com\/es\/#organization"},"potentialAction":[{"@type":"SearchAction","target":{"@type":"EntryPoint","urlTemplate":"https:\/\/www.boxrepsol.com\/es\/?s={search_term_string}"},"query-input":{"@type":"PropertyValueSpecification","valueRequired":true,"valueName":"search_term_string"}}],"inLanguage":"es"},{"@type":"Organization","@id":"https:\/\/www.boxrepsol.com\/es\/#organization","name":"Box Repsol","url":"https:\/\/www.boxrepsol.com\/es\/","logo":{"@type":"ImageObject","inLanguage":"es","@id":"https:\/\/www.boxrepsol.com\/es\/#\/schema\/logo\/image\/","url":"https:\/\/bxrepsol.s3.eu-west-1.amazonaws.com\/static\/2025\/07\/30083337\/favicon-96x96-1.png","contentUrl":"https:\/\/bxrepsol.s3.eu-west-1.amazonaws.com\/static\/2025\/07\/30083337\/favicon-96x96-1.png","width":96,"height":96,"caption":"Box Repsol"},"image":{"@id":"https:\/\/www.boxrepsol.com\/es\/#\/schema\/logo\/image\/"},"sameAs":["https:\/\/www.facebook.com\/BoxRepsol","https:\/\/x.com\/box_repsol","http:\/\/instagram.com\/box_repsol","https:\/\/www.youtube.com\/user\/RepsolCompeticion","https:\/\/www.flickr.com\/photos\/box_repsol\/"]},{"@type":"Person","@id":"https:\/\/www.boxrepsol.com\/es\/#\/schema\/person\/26abce1d675df22d63ac9e9d5f23e4aa","name":"Juan Pedro de la Torre","image":{"@type":"ImageObject","inLanguage":"es","@id":"https:\/\/secure.gravatar.com\/avatar\/e81f780ee2930d7be330cb34304decf0e9bc66bec0158805a0fe2726f4517224?s=96&d=mm&r=g","url":"https:\/\/secure.gravatar.com\/avatar\/e81f780ee2930d7be330cb34304decf0e9bc66bec0158805a0fe2726f4517224?s=96&d=mm&r=g","contentUrl":"https:\/\/secure.gravatar.com\/avatar\/e81f780ee2930d7be330cb34304decf0e9bc66bec0158805a0fe2726f4517224?s=96&d=mm&r=g","caption":"Juan Pedro de la Torre"},"description":"Se inici\u00f3 en el diario Marca en 1988 y posteriormente pas\u00f3 a la revista Motociclismo, donde llegar\u00eda a ser director de deporte. Despu\u00e9s fue editor y director de Motoworld.es y Sport Bikes y colabor\u00f3 con varios medios. Adem\u00e1s, ha publicado una docena de libros y actualmente trabaja como colaborador para Motociclismo, El Confidencial y Box Repsol.","sameAs":["https:\/\/x.com\/https:\/\/twitter.com\/JPdelaTorre1965","https:\/\/youtube.com\/@juanpedrodelatorremotoworld"],"url":"https:\/\/www.boxrepsol.com\/es\/author\/juanpedro_delatorre\/"}]}},"_links":{"self":[{"href":"https:\/\/www.boxrepsol.com\/es\/wp-json\/wp\/v2\/posts\/102125","targetHints":{"allow":["GET"]}}],"collection":[{"href":"https:\/\/www.boxrepsol.com\/es\/wp-json\/wp\/v2\/posts"}],"about":[{"href":"https:\/\/www.boxrepsol.com\/es\/wp-json\/wp\/v2\/types\/post"}],"author":[{"embeddable":true,"href":"https:\/\/www.boxrepsol.com\/es\/wp-json\/wp\/v2\/users\/41268"}],"replies":[{"embeddable":true,"href":"https:\/\/www.boxrepsol.com\/es\/wp-json\/wp\/v2\/comments?post=102125"}],"version-history":[{"count":5,"href":"https:\/\/www.boxrepsol.com\/es\/wp-json\/wp\/v2\/posts\/102125\/revisions"}],"predecessor-version":[{"id":111364,"href":"https:\/\/www.boxrepsol.com\/es\/wp-json\/wp\/v2\/posts\/102125\/revisions\/111364"}],"wp:featuredmedia":[{"embeddable":true,"href":"https:\/\/www.boxrepsol.com\/es\/wp-json\/wp\/v2\/media\/102157"}],"wp:attachment":[{"href":"https:\/\/www.boxrepsol.com\/es\/wp-json\/wp\/v2\/media?parent=102125"}],"wp:term":[{"taxonomy":"category","embeddable":true,"href":"https:\/\/www.boxrepsol.com\/es\/wp-json\/wp\/v2\/categories?post=102125"},{"taxonomy":"post_tag","embeddable":true,"href":"https:\/\/www.boxrepsol.com\/es\/wp-json\/wp\/v2\/tags?post=102125"}],"curies":[{"name":"wp","href":"https:\/\/api.w.org\/{rel}","templated":true}]}}