{"id":101782,"date":"2023-04-24T07:10:31","date_gmt":"2023-04-24T09:10:31","guid":{"rendered":"https:\/\/www.boxrepsol.com\/?p=101782"},"modified":"2024-04-08T07:57:15","modified_gmt":"2024-04-08T09:57:15","slug":"el-equipo-repsol-honda-de-trial-no-baja-del-podio-en-portugal","status":"publish","type":"post","link":"https:\/\/www.boxrepsol.com\/es\/trial\/el-equipo-repsol-honda-de-trial-no-baja-del-podio-en-portugal\/","title":{"rendered":"El equipo Repsol Honda de Trial no baja del podio en Portugal"},"content":{"rendered":"<figure class=\"wp-block-post-featured-image\"><img loading=\"lazy\" decoding=\"async\" width=\"1280\" height=\"600\" src=\"https:\/\/bxrepsol.s3.eu-west-1.amazonaws.com\/static\/2023\/04\/24065626\/trialgpgouveia23.jpg\" class=\"attachment-post-thumbnail size-post-thumbnail wp-post-image\" alt=\"\" style=\"object-fit:cover;\" srcset=\"https:\/\/bxrepsol.s3.eu-west-1.amazonaws.com\/static\/2023\/04\/24065626\/trialgpgouveia23.jpg 1280w, https:\/\/bxrepsol.s3.eu-west-1.amazonaws.com\/static\/2023\/04\/24065626\/trialgpgouveia23-300x141.jpg 300w, https:\/\/bxrepsol.s3.eu-west-1.amazonaws.com\/static\/2023\/04\/24065626\/trialgpgouveia23-1024x480.jpg 1024w, https:\/\/bxrepsol.s3.eu-west-1.amazonaws.com\/static\/2023\/04\/24065626\/trialgpgouveia23-768x360.jpg 768w\" sizes=\"auto, (max-width: 1280px) 100vw, 1280px\" \/><\/figure>\n\n\n<p>La segunda cita del <strong>Campeonato del Mundo de Trial<\/strong> outdoor se ha disputado este fin de semana en tierras portuguesas y en ella, los pilotos del equipo <strong>Repsol Honda de Trial<\/strong> han seguido aumentando su palmar\u00e9s tras no bajarse del podio en ninguna de las dos pruebas disputadas.<\/p>\n\n\n\n<p><strong>Toni Bou <\/strong>sigue siendo el gran piloto a batir tambi\u00e9n en <strong>TrialGP<\/strong>. El vigente Campe\u00f3n del Mundo ha conseguido una victoria y un segundo puesto en un trial de <strong>Portugal <\/strong>muy disputado. Ayer, Bou fue el claro dominador de la jornada ganando con autoridad la primera prueba del TrialGP de Portugal con un total de 26 puntos pero hoy, despu\u00e9s de cometer alg\u00fan error y quedarse a tan s\u00f3lo un punto del ganador, el piloto del equipo Repsol Honda de Trial ha tenido que conformarse con el segundo escal\u00f3n del podio.<\/p>\n\n\n\n<p><strong>Gabriel Marcelli <\/strong>contin\u00faa realizando buenas actuaciones en un trial outdoor que promete emoci\u00f3n hasta el final. El piloto del <strong>equipo Repsol Honda <\/strong>ha acumulado un total de 68 puntos entre ayer y hoy, subiendo en ambas ocasiones al tercer escal\u00f3n del podio. Marcelli repite podio y sigue su progresi\u00f3n para acabar el a\u00f1o entre los tres mejores pilotos de la temporada.<\/p>\n\n\n\n<p>Despu\u00e9s de esta cita, Toni Bou ocupa la segunda plaza del campeonato, empatado con el primer clasificado a 74 puntos, y Gabriel Marcelli es tercero, con 58. La siguiente prueba ser\u00e1 el TrialGP de Jap\u00f3n, del 19 al 21 de mayo, que despu\u00e9s de tres a\u00f1os de ausencia vuelve el Campeonato Outdoor.<\/p>\n\n\n\n<div id=\"293b1823-a430-46d2-93cf-5b4aadd4742e\" class=\"br-slider-box\"><div class=\"wp-block-create-block-repsol-carousel br-slider\"><a target=\"_blank\" href=\"https:\/\/bxrepsol.s3.eu-west-1.amazonaws.com\/static\/2023\/04\/24070814\/https___repsolmedia.com_repsolmedia_wp-content_uploads_2023_04_TrialGP23_r4_REPSOL_00102_ps-scaled-1.jpg\" data-index=\"0\" rel=\"noopener\"><img decoding=\"async\" src=\"https:\/\/bxrepsol.s3.eu-west-1.amazonaws.com\/static\/2023\/04\/24070814\/https___repsolmedia.com_repsolmedia_wp-content_uploads_2023_04_TrialGP23_r4_REPSOL_00102_ps-scaled-1.jpg\"\/><\/a><a target=\"_blank\" href=\"https:\/\/bxrepsol.s3.eu-west-1.amazonaws.com\/static\/2023\/04\/24070815\/https___repsolmedia.com_repsolmedia_wp-content_uploads_2023_04_TrialGP23_r4_REPSOL_09888_ps-scaled-1.jpg\" data-index=\"1\" rel=\"noopener\"><img decoding=\"async\" src=\"https:\/\/bxrepsol.s3.eu-west-1.amazonaws.com\/static\/2023\/04\/24070815\/https___repsolmedia.com_repsolmedia_wp-content_uploads_2023_04_TrialGP23_r4_REPSOL_09888_ps-scaled-1.jpg\"\/><\/a><a target=\"_blank\" href=\"https:\/\/bxrepsol.s3.eu-west-1.amazonaws.com\/static\/2023\/04\/24070816\/https___repsolmedia.com_repsolmedia_wp-content_uploads_2023_04_TrialGP23_r4_REPSOL_09558_ps-scaled-1.jpg\" data-index=\"2\" rel=\"noopener\"><img decoding=\"async\" src=\"https:\/\/bxrepsol.s3.eu-west-1.amazonaws.com\/static\/2023\/04\/24070816\/https___repsolmedia.com_repsolmedia_wp-content_uploads_2023_04_TrialGP23_r4_REPSOL_09558_ps-scaled-1.jpg\"\/><\/a><a target=\"_blank\" href=\"https:\/\/bxrepsol.s3.eu-west-1.amazonaws.com\/static\/2023\/04\/24070818\/https___repsolmedia.com_repsolmedia_wp-content_uploads_2023_04_TrialGP23_r4_REPSOL_00149_ps-scaled-1.jpg\" data-index=\"3\" rel=\"noopener\"><img decoding=\"async\" src=\"https:\/\/bxrepsol.s3.eu-west-1.amazonaws.com\/static\/2023\/04\/24070818\/https___repsolmedia.com_repsolmedia_wp-content_uploads_2023_04_TrialGP23_r4_REPSOL_00149_ps-scaled-1.jpg\"\/><\/a><a target=\"_blank\" href=\"https:\/\/bxrepsol.s3.eu-west-1.amazonaws.com\/static\/2023\/04\/24070819\/https___repsolmedia.com_repsolmedia_wp-content_uploads_2023_04_TrialGP23_r4_PODIUM_09738_ps-scaled-1.jpg\" data-index=\"4\" rel=\"noopener\"><img decoding=\"async\" src=\"https:\/\/bxrepsol.s3.eu-west-1.amazonaws.com\/static\/2023\/04\/24070819\/https___repsolmedia.com_repsolmedia_wp-content_uploads_2023_04_TrialGP23_r4_PODIUM_09738_ps-scaled-1.jpg\"\/><\/a><\/div><div class=\"br-slider-buttons\"><button class=\"arrow rds-icon arrow--left rds-icon-Arrow_left\"><\/button><button class=\"arrow rds-icon arrow--right rds-icon-Arrow_right\"><\/button><\/div><\/div>\n\n\n\n<h3 class=\"wp-block-heading\"><strong>Declaraciones de los pilotos<\/strong><\/h3>\n\n\n\n<p><strong>Toni Bou<\/strong><\/p>\n\n\n\n<p>\u00abEn general hago un buen balance del GP. Sab\u00edamos que hoy ser\u00eda m\u00e1s dif\u00edcil, que cometer\u00edan menos errores todos los rivales y as\u00ed ha sido. Un fallo en la primera vuelta ha hecho que nos hayamos cargado unos puntos, pero luego hemos podido remontar. En la segunda vuelta est\u00e1bamos cuatro puntos por delante y he cometido un error en una zona de r\u00edo. La verdad que \u00edbamos muy al l\u00edmite y se ha escapado por poco. Esta posici\u00f3n es buena de cara al campeonato. La pr\u00f3xima cita es en Jap\u00f3n donde siempre es una prueba especial para nuestro equipo. Hemos conseguido grandes resultados all\u00ed e iremos con muchas ganas y con un campeonato s\u00faper apretado. As\u00ed que a dar el 100%\u00bb.<\/p>\n\n\n\n<p><strong>Gabriel Marcelli<\/strong><\/p>\n\n\n\n<p>\u00abCreo que el d\u00eda ha ido muy bien. Es cierto que he cometido alg\u00fan error de m\u00e1s, que me hubiese gustado evitar, pero hemos pilotado muy bien y el equipo ha hecho un gran trabajo. Estamos contentos con el resultado, son buenos puntos para el campeonato y hay que seguir en la misma l\u00ednea. Hemos demostrado que tenemos mucha constancia y que tenemos un nivel muy regular. Eso es muy buena se\u00f1al de cara a Jap\u00f3n, este resultado me ha dado un plus de confianza, que nos asegura que podemos estar en cada prueba en el podio. Ahora tendremos que ir a Jap\u00f3n a por un poquito m\u00e1s\u00bb.<\/p>\n","protected":false},"excerpt":{"rendered":"<p>Una victoria, un segundo y dos terceras posiciones han sido los resultados que han conseguido Toni Bou y Gabriel Marcelli este fin de semana en el TrialGP de Gouveia, Portugal <\/p>\n","protected":false},"author":43146,"featured_media":101784,"comment_status":"open","ping_status":"open","sticky":false,"template":"","format":"standard","meta":{"footnotes":""},"categories":[23],"tags":[269,203,130,21,26],"class_list":["post-101782","post","type-post","status-publish","format-standard","hentry","category-trial","tag-269","tag-gabri-marcelli","tag-otros-eventos-y-competiciones","tag-toni-bou","tag-trial"],"yoast_head":"<!-- This site is optimized with the Yoast SEO plugin v27.3 - https:\/\/yoast.com\/product\/yoast-seo-wordpress\/ -->\n<title>El equipo Repsol Honda de Trial no baja del podio en Portugal - Box Repsol<\/title>\n<meta name=\"description\" content=\"Toni Bou y Gabriel Marcelli logran una victoria y tres podios m\u00e1s en la segunda ronda del Mundial de TrialGP en Gouveia, Portugal.\" \/>\n<link rel=\"canonical\" href=\"https:\/\/www.boxrepsol.com\/es\/trial\/el-equipo-repsol-honda-de-trial-no-baja-del-podio-en-portugal\/\" \/>\n<meta property=\"og:locale\" content=\"es_ES\" \/>\n<meta property=\"og:type\" content=\"article\" \/>\n<meta property=\"og:title\" content=\"El equipo Repsol Honda de Trial no baja del podio en Portugal - Box Repsol\" \/>\n<meta property=\"og:description\" content=\"Toni Bou y Gabriel Marcelli logran una victoria y tres podios m\u00e1s en la segunda ronda del Mundial de TrialGP en Gouveia, Portugal.\" \/>\n<meta property=\"og:url\" content=\"https:\/\/www.boxrepsol.com\/es\/trial\/el-equipo-repsol-honda-de-trial-no-baja-del-podio-en-portugal\/\" \/>\n<meta property=\"og:site_name\" content=\"Box Repsol\" \/>\n<meta property=\"article:publisher\" content=\"https:\/\/www.facebook.com\/BoxRepsol\" \/>\n<meta property=\"article:author\" content=\"https:\/\/www.facebook.com\/BoxRepsol\/\" \/>\n<meta property=\"article:published_time\" content=\"2023-04-24T09:10:31+00:00\" \/>\n<meta property=\"article:modified_time\" content=\"2024-04-08T09:57:15+00:00\" \/>\n<meta property=\"og:image\" content=\"https:\/\/bxrepsol.s3.eu-west-1.amazonaws.com\/static\/2023\/04\/24065626\/trialgpgouveia23.jpg\" \/>\n\t<meta property=\"og:image:width\" content=\"1280\" \/>\n\t<meta property=\"og:image:height\" content=\"600\" \/>\n\t<meta property=\"og:image:type\" content=\"image\/jpeg\" \/>\n<meta name=\"author\" content=\"Redacci\u00f3n Box Repsol\" \/>\n<meta name=\"twitter:card\" content=\"summary_large_image\" \/>\n<meta name=\"twitter:image\" content=\"https:\/\/bxrepsol.s3.eu-west-1.amazonaws.com\/static\/2023\/04\/24065626\/trialgpgouveia23.jpg\" \/>\n<meta name=\"twitter:creator\" content=\"@https:\/\/twitter.com\/box_repsol\" \/>\n<meta name=\"twitter:site\" content=\"@box_repsol\" \/>\n<meta name=\"twitter:label1\" content=\"Written by\" \/>\n\t<meta name=\"twitter:data1\" content=\"Redacci\u00f3n Box Repsol\" \/>\n\t<meta name=\"twitter:label2\" content=\"Est. reading time\" \/>\n\t<meta name=\"twitter:data2\" content=\"3 minutos\" \/>\n<script type=\"application\/ld+json\" class=\"yoast-schema-graph\">{\"@context\":\"https:\\\/\\\/schema.org\",\"@graph\":[{\"@type\":\"Article\",\"@id\":\"https:\\\/\\\/www.boxrepsol.com\\\/es\\\/trial\\\/el-equipo-repsol-honda-de-trial-no-baja-del-podio-en-portugal\\\/#article\",\"isPartOf\":{\"@id\":\"https:\\\/\\\/www.boxrepsol.com\\\/es\\\/trial\\\/el-equipo-repsol-honda-de-trial-no-baja-del-podio-en-portugal\\\/\"},\"author\":{\"name\":\"Redacci\u00f3n Box Repsol\",\"@id\":\"https:\\\/\\\/www.boxrepsol.com\\\/es\\\/#\\\/schema\\\/person\\\/c5c2138f2cca251b0ad92b7086bb60b7\"},\"headline\":\"El equipo Repsol Honda de Trial no baja del podio en Portugal\",\"datePublished\":\"2023-04-24T09:10:31+00:00\",\"dateModified\":\"2024-04-08T09:57:15+00:00\",\"mainEntityOfPage\":{\"@id\":\"https:\\\/\\\/www.boxrepsol.com\\\/es\\\/trial\\\/el-equipo-repsol-honda-de-trial-no-baja-del-podio-en-portugal\\\/\"},\"wordCount\":530,\"commentCount\":0,\"publisher\":{\"@id\":\"https:\\\/\\\/www.boxrepsol.com\\\/es\\\/#organization\"},\"image\":{\"@id\":\"https:\\\/\\\/www.boxrepsol.com\\\/es\\\/trial\\\/el-equipo-repsol-honda-de-trial-no-baja-del-podio-en-portugal\\\/#primaryimage\"},\"thumbnailUrl\":\"https:\\\/\\\/bxrepsol.s3.eu-west-1.amazonaws.com\\\/static\\\/2023\\\/04\\\/24065626\\\/trialgpgouveia23.jpg\",\"keywords\":[\"2023\",\"Gabri Marcelli\",\"otros eventos y competiciones\",\"Toni Bou\",\"trial\"],\"articleSection\":[\"Trial\"],\"inLanguage\":\"es\",\"potentialAction\":[{\"@type\":\"CommentAction\",\"name\":\"Comment\",\"target\":[\"https:\\\/\\\/www.boxrepsol.com\\\/es\\\/trial\\\/el-equipo-repsol-honda-de-trial-no-baja-del-podio-en-portugal\\\/#respond\"]}]},{\"@type\":\"WebPage\",\"@id\":\"https:\\\/\\\/www.boxrepsol.com\\\/es\\\/trial\\\/el-equipo-repsol-honda-de-trial-no-baja-del-podio-en-portugal\\\/\",\"url\":\"https:\\\/\\\/www.boxrepsol.com\\\/es\\\/trial\\\/el-equipo-repsol-honda-de-trial-no-baja-del-podio-en-portugal\\\/\",\"name\":\"El equipo Repsol Honda de Trial no baja del podio en Portugal - Box Repsol\",\"isPartOf\":{\"@id\":\"https:\\\/\\\/www.boxrepsol.com\\\/es\\\/#website\"},\"primaryImageOfPage\":{\"@id\":\"https:\\\/\\\/www.boxrepsol.com\\\/es\\\/trial\\\/el-equipo-repsol-honda-de-trial-no-baja-del-podio-en-portugal\\\/#primaryimage\"},\"image\":{\"@id\":\"https:\\\/\\\/www.boxrepsol.com\\\/es\\\/trial\\\/el-equipo-repsol-honda-de-trial-no-baja-del-podio-en-portugal\\\/#primaryimage\"},\"thumbnailUrl\":\"https:\\\/\\\/bxrepsol.s3.eu-west-1.amazonaws.com\\\/static\\\/2023\\\/04\\\/24065626\\\/trialgpgouveia23.jpg\",\"datePublished\":\"2023-04-24T09:10:31+00:00\",\"dateModified\":\"2024-04-08T09:57:15+00:00\",\"description\":\"Toni Bou y Gabriel Marcelli logran una victoria y tres podios m\u00e1s en la segunda ronda del Mundial de TrialGP en Gouveia, Portugal.\",\"breadcrumb\":{\"@id\":\"https:\\\/\\\/www.boxrepsol.com\\\/es\\\/trial\\\/el-equipo-repsol-honda-de-trial-no-baja-del-podio-en-portugal\\\/#breadcrumb\"},\"inLanguage\":\"es\",\"potentialAction\":[{\"@type\":\"ReadAction\",\"target\":[\"https:\\\/\\\/www.boxrepsol.com\\\/es\\\/trial\\\/el-equipo-repsol-honda-de-trial-no-baja-del-podio-en-portugal\\\/\"]}]},{\"@type\":\"ImageObject\",\"inLanguage\":\"es\",\"@id\":\"https:\\\/\\\/www.boxrepsol.com\\\/es\\\/trial\\\/el-equipo-repsol-honda-de-trial-no-baja-del-podio-en-portugal\\\/#primaryimage\",\"url\":\"https:\\\/\\\/bxrepsol.s3.eu-west-1.amazonaws.com\\\/static\\\/2023\\\/04\\\/24065626\\\/trialgpgouveia23.jpg\",\"contentUrl\":\"https:\\\/\\\/bxrepsol.s3.eu-west-1.amazonaws.com\\\/static\\\/2023\\\/04\\\/24065626\\\/trialgpgouveia23.jpg\",\"width\":1280,\"height\":600},{\"@type\":\"BreadcrumbList\",\"@id\":\"https:\\\/\\\/www.boxrepsol.com\\\/es\\\/trial\\\/el-equipo-repsol-honda-de-trial-no-baja-del-podio-en-portugal\\\/#breadcrumb\",\"itemListElement\":[{\"@type\":\"ListItem\",\"position\":1,\"name\":\"Home\",\"item\":\"https:\\\/\\\/www.boxrepsol.com\\\/es\\\/\"},{\"@type\":\"ListItem\",\"position\":2,\"name\":\"El equipo Repsol Honda de Trial no baja del podio en Portugal\"}]},{\"@type\":\"WebSite\",\"@id\":\"https:\\\/\\\/www.boxrepsol.com\\\/es\\\/#website\",\"url\":\"https:\\\/\\\/www.boxrepsol.com\\\/es\\\/\",\"name\":\"Box Repsol\",\"description\":\"Box Repsol Site\",\"publisher\":{\"@id\":\"https:\\\/\\\/www.boxrepsol.com\\\/es\\\/#organization\"},\"potentialAction\":[{\"@type\":\"SearchAction\",\"target\":{\"@type\":\"EntryPoint\",\"urlTemplate\":\"https:\\\/\\\/www.boxrepsol.com\\\/es\\\/?s={search_term_string}\"},\"query-input\":{\"@type\":\"PropertyValueSpecification\",\"valueRequired\":true,\"valueName\":\"search_term_string\"}}],\"inLanguage\":\"es\"},{\"@type\":\"Organization\",\"@id\":\"https:\\\/\\\/www.boxrepsol.com\\\/es\\\/#organization\",\"name\":\"Box Repsol\",\"url\":\"https:\\\/\\\/www.boxrepsol.com\\\/es\\\/\",\"logo\":{\"@type\":\"ImageObject\",\"inLanguage\":\"es\",\"@id\":\"https:\\\/\\\/www.boxrepsol.com\\\/es\\\/#\\\/schema\\\/logo\\\/image\\\/\",\"url\":\"https:\\\/\\\/bxrepsol.s3.eu-west-1.amazonaws.com\\\/static\\\/2025\\\/07\\\/30083337\\\/favicon-96x96-1.png\",\"contentUrl\":\"https:\\\/\\\/bxrepsol.s3.eu-west-1.amazonaws.com\\\/static\\\/2025\\\/07\\\/30083337\\\/favicon-96x96-1.png\",\"width\":96,\"height\":96,\"caption\":\"Box Repsol\"},\"image\":{\"@id\":\"https:\\\/\\\/www.boxrepsol.com\\\/es\\\/#\\\/schema\\\/logo\\\/image\\\/\"},\"sameAs\":[\"https:\\\/\\\/www.facebook.com\\\/BoxRepsol\",\"https:\\\/\\\/x.com\\\/box_repsol\",\"http:\\\/\\\/instagram.com\\\/box_repsol\",\"https:\\\/\\\/www.youtube.com\\\/user\\\/RepsolCompeticion\",\"https:\\\/\\\/www.flickr.com\\\/photos\\\/box_repsol\\\/\"]},{\"@type\":\"Person\",\"@id\":\"https:\\\/\\\/www.boxrepsol.com\\\/es\\\/#\\\/schema\\\/person\\\/c5c2138f2cca251b0ad92b7086bb60b7\",\"name\":\"Redacci\u00f3n Box Repsol\",\"image\":{\"@type\":\"ImageObject\",\"inLanguage\":\"es\",\"@id\":\"https:\\\/\\\/secure.gravatar.com\\\/avatar\\\/adf7b77e38b4419baf32c7e9c21dde01f4e40df611f0978e3006fc4ba0aaab7e?s=96&d=mm&r=g\",\"url\":\"https:\\\/\\\/secure.gravatar.com\\\/avatar\\\/adf7b77e38b4419baf32c7e9c21dde01f4e40df611f0978e3006fc4ba0aaab7e?s=96&d=mm&r=g\",\"contentUrl\":\"https:\\\/\\\/secure.gravatar.com\\\/avatar\\\/adf7b77e38b4419baf32c7e9c21dde01f4e40df611f0978e3006fc4ba0aaab7e?s=96&d=mm&r=g\",\"caption\":\"Redacci\u00f3n Box Repsol\"},\"description\":\"Box Repsol lo forma un equipo de periodistas, community managers, dise\u00f1adores y fot\u00f3grafos con m\u00e1s de 20 a\u00f1os de experiencia en el mundo del motorsport. Hemos vivido el primer mundial de un espa\u00f1ol en la categor\u00eda reina de motociclismo con \u00c1lex Crivill\u00e9, estuvimos en las victorias de Pedrosa y los t\u00edtulos de M\u00e1rquez, acompa\u00f1amos en \u00c1frica a Nani Roma y Marc Coma en sus conquistas del Dakar y hemos vibrado con los t\u00edtulos de Toni Bou en Trial. Adem\u00e1s, en nuestro equipo contamos con expertos en el mundo de las dos y cuatro ruedas tanto de la calle y las carreteras, como de los circuitos. Periodistas que han trabajado en revistas y publicaciones para hacerte llegar desde rutas y consejos de mantenimiento, a curiosidades y trucos de pilotaje.\",\"sameAs\":[\"https:\\\/\\\/www.facebook.com\\\/BoxRepsol\\\/\",\"https:\\\/\\\/www.instagram.com\\\/box_repsol\\\/\",\"https:\\\/\\\/x.com\\\/https:\\\/\\\/twitter.com\\\/box_repsol\",\"https:\\\/\\\/www.youtube.com\\\/@Boxrepsol\"],\"url\":\"https:\\\/\\\/www.boxrepsol.com\\\/es\\\/author\\\/redaccion-box-repsol\\\/\"}]}<\/script>\n<!-- \/ Yoast SEO plugin. -->","yoast_head_json":{"title":"El equipo Repsol Honda de Trial no baja del podio en Portugal - Box Repsol","description":"Toni Bou y Gabriel Marcelli logran una victoria y tres podios m\u00e1s en la segunda ronda del Mundial de TrialGP en Gouveia, Portugal.","canonical":"https:\/\/www.boxrepsol.com\/es\/trial\/el-equipo-repsol-honda-de-trial-no-baja-del-podio-en-portugal\/","og_locale":"es_ES","og_type":"article","og_title":"El equipo Repsol Honda de Trial no baja del podio en Portugal - Box Repsol","og_description":"Toni Bou y Gabriel Marcelli logran una victoria y tres podios m\u00e1s en la segunda ronda del Mundial de TrialGP en Gouveia, Portugal.","og_url":"https:\/\/www.boxrepsol.com\/es\/trial\/el-equipo-repsol-honda-de-trial-no-baja-del-podio-en-portugal\/","og_site_name":"Box Repsol","article_publisher":"https:\/\/www.facebook.com\/BoxRepsol","article_author":"https:\/\/www.facebook.com\/BoxRepsol\/","article_published_time":"2023-04-24T09:10:31+00:00","article_modified_time":"2024-04-08T09:57:15+00:00","og_image":[{"width":1280,"height":600,"url":"https:\/\/bxrepsol.s3.eu-west-1.amazonaws.com\/static\/2023\/04\/24065626\/trialgpgouveia23.jpg","type":"image\/jpeg"}],"author":"Redacci\u00f3n Box Repsol","twitter_card":"summary_large_image","twitter_image":"https:\/\/bxrepsol.s3.eu-west-1.amazonaws.com\/static\/2023\/04\/24065626\/trialgpgouveia23.jpg","twitter_creator":"@https:\/\/twitter.com\/box_repsol","twitter_site":"@box_repsol","twitter_misc":{"Written by":"Redacci\u00f3n Box Repsol","Est. reading time":"3 minutos"},"schema":{"@context":"https:\/\/schema.org","@graph":[{"@type":"Article","@id":"https:\/\/www.boxrepsol.com\/es\/trial\/el-equipo-repsol-honda-de-trial-no-baja-del-podio-en-portugal\/#article","isPartOf":{"@id":"https:\/\/www.boxrepsol.com\/es\/trial\/el-equipo-repsol-honda-de-trial-no-baja-del-podio-en-portugal\/"},"author":{"name":"Redacci\u00f3n Box Repsol","@id":"https:\/\/www.boxrepsol.com\/es\/#\/schema\/person\/c5c2138f2cca251b0ad92b7086bb60b7"},"headline":"El equipo Repsol Honda de Trial no baja del podio en Portugal","datePublished":"2023-04-24T09:10:31+00:00","dateModified":"2024-04-08T09:57:15+00:00","mainEntityOfPage":{"@id":"https:\/\/www.boxrepsol.com\/es\/trial\/el-equipo-repsol-honda-de-trial-no-baja-del-podio-en-portugal\/"},"wordCount":530,"commentCount":0,"publisher":{"@id":"https:\/\/www.boxrepsol.com\/es\/#organization"},"image":{"@id":"https:\/\/www.boxrepsol.com\/es\/trial\/el-equipo-repsol-honda-de-trial-no-baja-del-podio-en-portugal\/#primaryimage"},"thumbnailUrl":"https:\/\/bxrepsol.s3.eu-west-1.amazonaws.com\/static\/2023\/04\/24065626\/trialgpgouveia23.jpg","keywords":["2023","Gabri Marcelli","otros eventos y competiciones","Toni Bou","trial"],"articleSection":["Trial"],"inLanguage":"es","potentialAction":[{"@type":"CommentAction","name":"Comment","target":["https:\/\/www.boxrepsol.com\/es\/trial\/el-equipo-repsol-honda-de-trial-no-baja-del-podio-en-portugal\/#respond"]}]},{"@type":"WebPage","@id":"https:\/\/www.boxrepsol.com\/es\/trial\/el-equipo-repsol-honda-de-trial-no-baja-del-podio-en-portugal\/","url":"https:\/\/www.boxrepsol.com\/es\/trial\/el-equipo-repsol-honda-de-trial-no-baja-del-podio-en-portugal\/","name":"El equipo Repsol Honda de Trial no baja del podio en Portugal - Box Repsol","isPartOf":{"@id":"https:\/\/www.boxrepsol.com\/es\/#website"},"primaryImageOfPage":{"@id":"https:\/\/www.boxrepsol.com\/es\/trial\/el-equipo-repsol-honda-de-trial-no-baja-del-podio-en-portugal\/#primaryimage"},"image":{"@id":"https:\/\/www.boxrepsol.com\/es\/trial\/el-equipo-repsol-honda-de-trial-no-baja-del-podio-en-portugal\/#primaryimage"},"thumbnailUrl":"https:\/\/bxrepsol.s3.eu-west-1.amazonaws.com\/static\/2023\/04\/24065626\/trialgpgouveia23.jpg","datePublished":"2023-04-24T09:10:31+00:00","dateModified":"2024-04-08T09:57:15+00:00","description":"Toni Bou y Gabriel Marcelli logran una victoria y tres podios m\u00e1s en la segunda ronda del Mundial de TrialGP en Gouveia, Portugal.","breadcrumb":{"@id":"https:\/\/www.boxrepsol.com\/es\/trial\/el-equipo-repsol-honda-de-trial-no-baja-del-podio-en-portugal\/#breadcrumb"},"inLanguage":"es","potentialAction":[{"@type":"ReadAction","target":["https:\/\/www.boxrepsol.com\/es\/trial\/el-equipo-repsol-honda-de-trial-no-baja-del-podio-en-portugal\/"]}]},{"@type":"ImageObject","inLanguage":"es","@id":"https:\/\/www.boxrepsol.com\/es\/trial\/el-equipo-repsol-honda-de-trial-no-baja-del-podio-en-portugal\/#primaryimage","url":"https:\/\/bxrepsol.s3.eu-west-1.amazonaws.com\/static\/2023\/04\/24065626\/trialgpgouveia23.jpg","contentUrl":"https:\/\/bxrepsol.s3.eu-west-1.amazonaws.com\/static\/2023\/04\/24065626\/trialgpgouveia23.jpg","width":1280,"height":600},{"@type":"BreadcrumbList","@id":"https:\/\/www.boxrepsol.com\/es\/trial\/el-equipo-repsol-honda-de-trial-no-baja-del-podio-en-portugal\/#breadcrumb","itemListElement":[{"@type":"ListItem","position":1,"name":"Home","item":"https:\/\/www.boxrepsol.com\/es\/"},{"@type":"ListItem","position":2,"name":"El equipo Repsol Honda de Trial no baja del podio en Portugal"}]},{"@type":"WebSite","@id":"https:\/\/www.boxrepsol.com\/es\/#website","url":"https:\/\/www.boxrepsol.com\/es\/","name":"Box Repsol","description":"Box Repsol Site","publisher":{"@id":"https:\/\/www.boxrepsol.com\/es\/#organization"},"potentialAction":[{"@type":"SearchAction","target":{"@type":"EntryPoint","urlTemplate":"https:\/\/www.boxrepsol.com\/es\/?s={search_term_string}"},"query-input":{"@type":"PropertyValueSpecification","valueRequired":true,"valueName":"search_term_string"}}],"inLanguage":"es"},{"@type":"Organization","@id":"https:\/\/www.boxrepsol.com\/es\/#organization","name":"Box Repsol","url":"https:\/\/www.boxrepsol.com\/es\/","logo":{"@type":"ImageObject","inLanguage":"es","@id":"https:\/\/www.boxrepsol.com\/es\/#\/schema\/logo\/image\/","url":"https:\/\/bxrepsol.s3.eu-west-1.amazonaws.com\/static\/2025\/07\/30083337\/favicon-96x96-1.png","contentUrl":"https:\/\/bxrepsol.s3.eu-west-1.amazonaws.com\/static\/2025\/07\/30083337\/favicon-96x96-1.png","width":96,"height":96,"caption":"Box Repsol"},"image":{"@id":"https:\/\/www.boxrepsol.com\/es\/#\/schema\/logo\/image\/"},"sameAs":["https:\/\/www.facebook.com\/BoxRepsol","https:\/\/x.com\/box_repsol","http:\/\/instagram.com\/box_repsol","https:\/\/www.youtube.com\/user\/RepsolCompeticion","https:\/\/www.flickr.com\/photos\/box_repsol\/"]},{"@type":"Person","@id":"https:\/\/www.boxrepsol.com\/es\/#\/schema\/person\/c5c2138f2cca251b0ad92b7086bb60b7","name":"Redacci\u00f3n Box Repsol","image":{"@type":"ImageObject","inLanguage":"es","@id":"https:\/\/secure.gravatar.com\/avatar\/adf7b77e38b4419baf32c7e9c21dde01f4e40df611f0978e3006fc4ba0aaab7e?s=96&d=mm&r=g","url":"https:\/\/secure.gravatar.com\/avatar\/adf7b77e38b4419baf32c7e9c21dde01f4e40df611f0978e3006fc4ba0aaab7e?s=96&d=mm&r=g","contentUrl":"https:\/\/secure.gravatar.com\/avatar\/adf7b77e38b4419baf32c7e9c21dde01f4e40df611f0978e3006fc4ba0aaab7e?s=96&d=mm&r=g","caption":"Redacci\u00f3n Box Repsol"},"description":"Box Repsol lo forma un equipo de periodistas, community managers, dise\u00f1adores y fot\u00f3grafos con m\u00e1s de 20 a\u00f1os de experiencia en el mundo del motorsport. Hemos vivido el primer mundial de un espa\u00f1ol en la categor\u00eda reina de motociclismo con \u00c1lex Crivill\u00e9, estuvimos en las victorias de Pedrosa y los t\u00edtulos de M\u00e1rquez, acompa\u00f1amos en \u00c1frica a Nani Roma y Marc Coma en sus conquistas del Dakar y hemos vibrado con los t\u00edtulos de Toni Bou en Trial. Adem\u00e1s, en nuestro equipo contamos con expertos en el mundo de las dos y cuatro ruedas tanto de la calle y las carreteras, como de los circuitos. Periodistas que han trabajado en revistas y publicaciones para hacerte llegar desde rutas y consejos de mantenimiento, a curiosidades y trucos de pilotaje.","sameAs":["https:\/\/www.facebook.com\/BoxRepsol\/","https:\/\/www.instagram.com\/box_repsol\/","https:\/\/x.com\/https:\/\/twitter.com\/box_repsol","https:\/\/www.youtube.com\/@Boxrepsol"],"url":"https:\/\/www.boxrepsol.com\/es\/author\/redaccion-box-repsol\/"}]}},"_links":{"self":[{"href":"https:\/\/www.boxrepsol.com\/es\/wp-json\/wp\/v2\/posts\/101782","targetHints":{"allow":["GET"]}}],"collection":[{"href":"https:\/\/www.boxrepsol.com\/es\/wp-json\/wp\/v2\/posts"}],"about":[{"href":"https:\/\/www.boxrepsol.com\/es\/wp-json\/wp\/v2\/types\/post"}],"author":[{"embeddable":true,"href":"https:\/\/www.boxrepsol.com\/es\/wp-json\/wp\/v2\/users\/43146"}],"replies":[{"embeddable":true,"href":"https:\/\/www.boxrepsol.com\/es\/wp-json\/wp\/v2\/comments?post=101782"}],"version-history":[{"count":1,"href":"https:\/\/www.boxrepsol.com\/es\/wp-json\/wp\/v2\/posts\/101782\/revisions"}],"predecessor-version":[{"id":101798,"href":"https:\/\/www.boxrepsol.com\/es\/wp-json\/wp\/v2\/posts\/101782\/revisions\/101798"}],"wp:featuredmedia":[{"embeddable":true,"href":"https:\/\/www.boxrepsol.com\/es\/wp-json\/wp\/v2\/media\/101784"}],"wp:attachment":[{"href":"https:\/\/www.boxrepsol.com\/es\/wp-json\/wp\/v2\/media?parent=101782"}],"wp:term":[{"taxonomy":"category","embeddable":true,"href":"https:\/\/www.boxrepsol.com\/es\/wp-json\/wp\/v2\/categories?post=101782"},{"taxonomy":"post_tag","embeddable":true,"href":"https:\/\/www.boxrepsol.com\/es\/wp-json\/wp\/v2\/tags?post=101782"}],"curies":[{"name":"wp","href":"https:\/\/api.w.org\/{rel}","templated":true}]}}