{"id":101529,"date":"2023-04-16T17:47:19","date_gmt":"2023-04-16T19:47:19","guid":{"rendered":"https:\/\/www.boxrepsol.com\/?p=101529"},"modified":"2024-04-08T07:58:04","modified_gmt":"2024-04-08T09:58:04","slug":"resultados-de-la-carrera-del-gp-de-las-americas-de-motogp-2023","status":"publish","type":"post","link":"https:\/\/www.boxrepsol.com\/es\/motogp\/resultados-de-la-carrera-del-gp-de-las-americas-de-motogp-2023\/","title":{"rendered":"Resultados de la carrera del GP de las Am\u00e9ricas de MotoGP 2023"},"content":{"rendered":"<figure class=\"wp-block-post-featured-image\"><img loading=\"lazy\" decoding=\"async\" width=\"1280\" height=\"600\" src=\"https:\/\/bxrepsol.s3.eu-west-1.amazonaws.com\/static\/2023\/04\/16152614\/JRB9923.jpg\" class=\"attachment-post-thumbnail size-post-thumbnail wp-post-image\" alt=\"\" style=\"object-fit:cover;\" srcset=\"https:\/\/bxrepsol.s3.eu-west-1.amazonaws.com\/static\/2023\/04\/16152614\/JRB9923.jpg 1280w, https:\/\/bxrepsol.s3.eu-west-1.amazonaws.com\/static\/2023\/04\/16152614\/JRB9923-300x141.jpg 300w, https:\/\/bxrepsol.s3.eu-west-1.amazonaws.com\/static\/2023\/04\/16152614\/JRB9923-1024x480.jpg 1024w, https:\/\/bxrepsol.s3.eu-west-1.amazonaws.com\/static\/2023\/04\/16152614\/JRB9923-768x360.jpg 768w\" sizes=\"auto, (max-width: 1280px) 100vw, 1280px\" \/><\/figure>\n\n\n<p><strong>\u00c1lex Rins (Honda) <\/strong>ha logrado la victoria en el<strong> GP de las Am\u00e9ricas <\/strong>de<strong> MotoGP<\/strong>.<strong> Luca Marini (Ducati) <\/strong>y<strong> Fabio Quartararo (Yamaha) <\/strong>han completado el podio del s\u00e1bado en el<strong> Circuito de las Am\u00e9ricas.<\/strong><\/p>\n\n\n\n<p>Maverick Vi\u00f1ales (Aprilia), Miguel Oliveira (Aprilia), Marco Bezzecchi (Ducati), Johann Zarco (Ducati), Franco Morbidelli (Yamaha), Fabio Di Giannantonio (Ducati) y Augusto Fern\u00e1ndez (KTM) han completado el <strong>Top 10 <\/strong>en<strong> Austin.<\/strong><\/p>\n\n\n\n<p>Con este resultado, <strong>Bezzecchi<\/strong> ampl\u00eda su ventaja al frente de la clasificaci\u00f3n general respecto a <strong>Bagnaia<\/strong>.<\/p>\n\n\n\n<h3 class=\"wp-block-heading\"><strong>El equipo Repsol Honda buscar\u00e1 reponerse en Jerez<\/strong><\/h3>\n\n\n\n<p><strong>Joan Mir<\/strong>, que ayer termin\u00f3 12\u00ba en la <a href=\"https:\/\/www.boxrepsol.com\/es\/motogp\/resultados-de-la-carrera-sprint-del-gp-de-las-americas-de-motogp\/\">carrera sprint<\/a>, no ha podido finalizar la carrera tras sufrir una ca\u00edda en la vuelta 10. El alem\u00e1n <strong>Stefan Bradl <\/strong>tambi\u00e9n ha sufrido una ca\u00edda en la pen\u00faltima vuelta mientras rodaba 11\u00ba.<\/p>\n\n\n\n<p>La pr\u00f3xima cita del Mundial de<strong> MotoGP <\/strong>ser\u00e1 dentro de dos semanas: el<strong> GP de Espa\u00f1a<\/strong> en el <strong>Circuito de Jerez-\u00c1ngel Nieto.<\/strong><\/p>\n\n\n\n<h3 class=\"wp-block-heading\"><strong>Resultados de la carrera: GP de las Am\u00e9ricas (20 vueltas)<\/strong><\/h3>\n\n\n\n<p><\/p>\n\n\n\n<figure class=\"wp-block-table is-style-stripes\"><table><tbody><tr><td><strong>PILOTO<\/strong><\/td><td><strong>EQUIPO<\/strong><\/td><td><strong>TIEMPO<\/strong><\/td><\/tr><tr><td>1. \u00c1lex Rins<\/td><td>HONDA<\/td><td>41:14.649<\/td><\/tr><tr><td>2. Luca Marini <\/td><td>DUCATI<\/td><td>+3.498<\/td><\/tr><tr><td>3. Fabio Quartararo<\/td><td>YAMAHA<\/td><td>+4.936<\/td><\/tr><tr><td>4. Maverick Vi\u00f1ales<\/td><td>APRILIA<\/td><td>+8.318<\/td><\/tr><tr><td>5. Miguel Oliveira<\/td><td>APRILIA<\/td><td>+9.989<\/td><\/tr><tr><td>6. Marco Bezzecchi<\/td><td>DUCATI<\/td><td>+12.049<\/td><\/tr><tr><td>7. Johann Zarco<\/td><td>DUCATI<\/td><td>+12.242<\/td><\/tr><tr><td>8. Franco Morbidelli<\/td><td>YAMAHA<\/td><td>+20.399<\/td><\/tr><tr><td>9. Fabio Di Giannantonio<\/td><td>DUCATI<\/td><td>+27.981<\/td><\/tr><tr><td>10. Augusto Fern\u00e1ndez<\/td><td>KTM<\/td><td>+28.217<\/td><\/tr><tr><td><strong>Stefan Bradl<\/strong><\/td><td><strong>REPSOL HONDA<\/strong><\/td><td><strong>DNF<\/strong><\/td><\/tr><tr><td><strong>Joan Mir<\/strong><\/td><td><strong>REPSOL HONDA<\/strong><\/td><td><strong>DNF<\/strong><\/td><\/tr><\/tbody><\/table><\/figure>\n\n\n\n<h3 class=\"wp-block-heading\"><strong>Clasificaci\u00f3n General<\/strong><\/h3>\n\n\n\n<p><\/p>\n\n\n\n<figure class=\"wp-block-table is-style-stripes\"><table><tbody><tr><td><strong>PILOTO<\/strong><\/td><td><strong>EQUIPO<\/strong><\/td><td><strong>PUNTOS<\/strong><\/td><\/tr><tr><td>1. Marco Bezzecchi <\/td><td>DUCATI<\/td><td>64<\/td><\/tr><tr><td>2. Pecco Bagnaia<\/td><td>DUCATI<\/td><td>53<\/td><\/tr><tr><td>3. \u00c1lex Rins <\/td><td>HONDA<\/td><td>47<\/td><\/tr><tr><td>4. Maverick Vi\u00f1ales<\/td><td>APRILIA<\/td><td>45<\/td><\/tr><tr><td>5. Johann Zarco<\/td><td>DUCATI<\/td><td>44<\/td><\/tr><tr><td>6. Luca Marini<\/td><td>DUCATI<\/td><td>38<\/td><\/tr><tr><td>7. Fabio Quartararo<\/td><td>YAMAHA<\/td><td>34<\/td><\/tr><tr><td>8. \u00c1lex M\u00e1rquez<\/td><td>DUCATI<\/td><td>33<\/td><\/tr><tr><td>9. Brad Binder<\/td><td>KTM <\/td><td>30<\/td><\/tr><tr><td>10. Franco Morbidelli<\/td><td>YAMAHA<\/td><td>29<\/td><\/tr><tr><td><strong>18. Marc M\u00e1rquez<\/strong><\/td><td><strong>REPSOL HONDA<\/strong><\/td><td><strong>7<\/strong><\/td><\/tr><tr><td><strong>19. Joan Mir<\/strong><\/td><td><strong>REPSOL HONDA<\/strong><\/td><td><strong>5<\/strong><\/td><\/tr><\/tbody><\/table><\/figure>\n\n\n\n<div id=\"15cd5857-491b-416a-8355-b29d3af4e660\" class=\"br-slider-box\"><div class=\"wp-block-create-block-repsol-carousel br-slider\"><a target=\"_blank\" href=\"https:\/\/bxrepsol.s3.eu-west-1.amazonaws.com\/static\/2023\/04\/16202228\/A9X7167.jpg\" data-index=\"0\" rel=\"noopener\"><img decoding=\"async\" src=\"https:\/\/bxrepsol.s3.eu-west-1.amazonaws.com\/static\/2023\/04\/16202228\/A9X7167.jpg\"\/><\/a><a target=\"_blank\" href=\"https:\/\/bxrepsol.s3.eu-west-1.amazonaws.com\/static\/2023\/04\/16202229\/JRB4012.jpg\" data-index=\"1\" rel=\"noopener\"><img decoding=\"async\" src=\"https:\/\/bxrepsol.s3.eu-west-1.amazonaws.com\/static\/2023\/04\/16202229\/JRB4012.jpg\"\/><\/a><a target=\"_blank\" href=\"https:\/\/bxrepsol.s3.eu-west-1.amazonaws.com\/static\/2023\/04\/16202230\/JRB4822.jpg\" data-index=\"2\" rel=\"noopener\"><img decoding=\"async\" src=\"https:\/\/bxrepsol.s3.eu-west-1.amazonaws.com\/static\/2023\/04\/16202230\/JRB4822.jpg\"\/><\/a><a target=\"_blank\" href=\"https:\/\/bxrepsol.s3.eu-west-1.amazonaws.com\/static\/2023\/04\/16202231\/A9X6898.jpg\" data-index=\"3\" rel=\"noopener\"><img decoding=\"async\" src=\"https:\/\/bxrepsol.s3.eu-west-1.amazonaws.com\/static\/2023\/04\/16202231\/A9X6898.jpg\"\/><\/a><a target=\"_blank\" href=\"https:\/\/bxrepsol.s3.eu-west-1.amazonaws.com\/static\/2023\/04\/16202232\/A9X6912.jpg\" data-index=\"4\" rel=\"noopener\"><img decoding=\"async\" src=\"https:\/\/bxrepsol.s3.eu-west-1.amazonaws.com\/static\/2023\/04\/16202232\/A9X6912.jpg\"\/><\/a><\/div><div class=\"br-slider-buttons\"><button class=\"arrow rds-icon arrow--left rds-icon-Arrow_left\"><\/button><button class=\"arrow rds-icon arrow--right rds-icon-Arrow_right\"><\/button><\/div><\/div>\n\n\n\n<h3 class=\"wp-block-heading\"><strong>Declaraciones de los pilotos<\/strong><\/h3>\n\n\n\n<p><a href=\"https:\/\/www.boxrepsol.com\/es\/tag\/joan-mir\/\">#JM36<\/a><\/p>\n\n\n\n<p>\u00abAdelantar en esta pista siempre es un reto y hoy me he ca\u00eddo cuando intentaba luchar con Morbidelli. Todo el mundo tiene buen agarre en las primeras vueltas, as\u00ed que es dif\u00edcil encontrar una ventaja al inicio de la carrera. Estoy bien despu\u00e9s de la ca\u00edda, pero es una l\u00e1stima porque podr\u00edamos haber conseguido un buen resultado. Lo importante de este fin de semana es que hemos encontrado algo en la moto que creo que nos puede ayudar mucho en el futuro. Es la mejor sensaci\u00f3n que he tenido con esta moto hasta ahora, as\u00ed que nos centraremos en ello de cara a Jerez\u00bb.<\/p>\n\n\n\n<p><a href=\"https:\/\/twitter.com\/hashtag\/SB6?src=hashtag_click\">#SB6<\/a><\/p>\n\n\n\n<p>\u00abHoy ten\u00edamos mucho potencial, est\u00e1bamos entre los diez primeros. Por supuesto, estoy decepcionado por no haber podido conseguir este resultado, porque algo as\u00ed te da un gran impulso, especialmente cuando eres un piloto como yo que s\u00f3lo participa en unas pocas carreras. Ha sido una ca\u00edda extra\u00f1a, sin mucho aviso, pero est\u00e1 claro que las condiciones de la pista eran dif\u00edciles hoy y las muchas ca\u00eddas as\u00ed lo indican. Estaba pilotando bien y me sent\u00eda bastante c\u00f3modo sobre la moto, as\u00ed que esto es muy positivo\u00bb.<\/p>\n","protected":false},"excerpt":{"rendered":"<p>\u00c1lex Rins gana en Austin una carrera marcada por las ca\u00eddas<\/p>\n","protected":false},"author":43146,"featured_media":101530,"comment_status":"open","ping_status":"open","sticky":false,"template":"","format":"standard","meta":{"footnotes":""},"categories":[4],"tags":[269,50,271,155,8],"class_list":["post-101529","post","type-post","status-publish","format-standard","hentry","category-motogp","tag-269","tag-equipo-repsol-honda","tag-joan-mir","tag-motogp-americas","tag-repsol-honda-team"],"yoast_head":"<!-- This site is optimized with the Yoast SEO plugin v27.3 - https:\/\/yoast.com\/product\/yoast-seo-wordpress\/ -->\n<title>Resultados de la carrera del GP de las Am\u00e9ricas de MotoGP 2023 - Box Repsol<\/title>\n<meta name=\"description\" content=\"Cr\u00f3nica y resultados del GP de las Am\u00e9ricas 2023 de MotoGP, disputado en el Circuito de las Am\u00e9ricas en Austin, Texas.\" \/>\n<link rel=\"canonical\" href=\"https:\/\/www.boxrepsol.com\/es\/motogp\/resultados-de-la-carrera-del-gp-de-las-americas-de-motogp-2023\/\" \/>\n<meta property=\"og:locale\" content=\"es_ES\" \/>\n<meta property=\"og:type\" content=\"article\" \/>\n<meta property=\"og:title\" content=\"Resultados de la carrera del GP de las Am\u00e9ricas de MotoGP 2023 - Box Repsol\" \/>\n<meta property=\"og:description\" content=\"Cr\u00f3nica y resultados del GP de las Am\u00e9ricas 2023 de MotoGP, disputado en el Circuito de las Am\u00e9ricas en Austin, Texas.\" \/>\n<meta property=\"og:url\" content=\"https:\/\/www.boxrepsol.com\/es\/motogp\/resultados-de-la-carrera-del-gp-de-las-americas-de-motogp-2023\/\" \/>\n<meta property=\"og:site_name\" content=\"Box Repsol\" \/>\n<meta property=\"article:publisher\" content=\"https:\/\/www.facebook.com\/BoxRepsol\" \/>\n<meta property=\"article:author\" content=\"https:\/\/www.facebook.com\/BoxRepsol\/\" \/>\n<meta property=\"article:published_time\" content=\"2023-04-16T19:47:19+00:00\" \/>\n<meta property=\"article:modified_time\" content=\"2024-04-08T09:58:04+00:00\" \/>\n<meta property=\"og:image\" content=\"https:\/\/bxrepsol.s3.eu-west-1.amazonaws.com\/static\/2023\/04\/16152614\/JRB9923.jpg\" \/>\n\t<meta property=\"og:image:width\" content=\"1280\" \/>\n\t<meta property=\"og:image:height\" content=\"600\" \/>\n\t<meta property=\"og:image:type\" content=\"image\/jpeg\" \/>\n<meta name=\"author\" content=\"Redacci\u00f3n Box Repsol\" \/>\n<meta name=\"twitter:card\" content=\"summary_large_image\" \/>\n<meta name=\"twitter:image\" content=\"https:\/\/bxrepsol.s3.eu-west-1.amazonaws.com\/static\/2023\/04\/16152614\/JRB9923.jpg\" \/>\n<meta name=\"twitter:creator\" content=\"@https:\/\/twitter.com\/box_repsol\" \/>\n<meta name=\"twitter:site\" content=\"@box_repsol\" \/>\n<meta name=\"twitter:label1\" content=\"Written by\" \/>\n\t<meta name=\"twitter:data1\" content=\"Redacci\u00f3n Box Repsol\" \/>\n\t<meta name=\"twitter:label2\" content=\"Est. reading time\" \/>\n\t<meta name=\"twitter:data2\" content=\"2 minutos\" \/>\n<script type=\"application\/ld+json\" class=\"yoast-schema-graph\">{\"@context\":\"https:\\\/\\\/schema.org\",\"@graph\":[{\"@type\":\"Article\",\"@id\":\"https:\\\/\\\/www.boxrepsol.com\\\/es\\\/motogp\\\/resultados-de-la-carrera-del-gp-de-las-americas-de-motogp-2023\\\/#article\",\"isPartOf\":{\"@id\":\"https:\\\/\\\/www.boxrepsol.com\\\/es\\\/motogp\\\/resultados-de-la-carrera-del-gp-de-las-americas-de-motogp-2023\\\/\"},\"author\":{\"name\":\"Redacci\u00f3n Box Repsol\",\"@id\":\"https:\\\/\\\/www.boxrepsol.com\\\/es\\\/#\\\/schema\\\/person\\\/c5c2138f2cca251b0ad92b7086bb60b7\"},\"headline\":\"Resultados de la carrera del GP de las Am\u00e9ricas de MotoGP 2023\",\"datePublished\":\"2023-04-16T19:47:19+00:00\",\"dateModified\":\"2024-04-08T09:58:04+00:00\",\"mainEntityOfPage\":{\"@id\":\"https:\\\/\\\/www.boxrepsol.com\\\/es\\\/motogp\\\/resultados-de-la-carrera-del-gp-de-las-americas-de-motogp-2023\\\/\"},\"wordCount\":488,\"commentCount\":1,\"publisher\":{\"@id\":\"https:\\\/\\\/www.boxrepsol.com\\\/es\\\/#organization\"},\"image\":{\"@id\":\"https:\\\/\\\/www.boxrepsol.com\\\/es\\\/motogp\\\/resultados-de-la-carrera-del-gp-de-las-americas-de-motogp-2023\\\/#primaryimage\"},\"thumbnailUrl\":\"https:\\\/\\\/bxrepsol.s3.eu-west-1.amazonaws.com\\\/static\\\/2023\\\/04\\\/16152614\\\/JRB9923.jpg\",\"keywords\":[\"2023\",\"Equipo Repsol Honda\",\"Joan Mir\",\"MotoGP Americas\",\"Repsol Honda Team\"],\"articleSection\":[\"MotoGP\"],\"inLanguage\":\"es\",\"potentialAction\":[{\"@type\":\"CommentAction\",\"name\":\"Comment\",\"target\":[\"https:\\\/\\\/www.boxrepsol.com\\\/es\\\/motogp\\\/resultados-de-la-carrera-del-gp-de-las-americas-de-motogp-2023\\\/#respond\"]}]},{\"@type\":\"WebPage\",\"@id\":\"https:\\\/\\\/www.boxrepsol.com\\\/es\\\/motogp\\\/resultados-de-la-carrera-del-gp-de-las-americas-de-motogp-2023\\\/\",\"url\":\"https:\\\/\\\/www.boxrepsol.com\\\/es\\\/motogp\\\/resultados-de-la-carrera-del-gp-de-las-americas-de-motogp-2023\\\/\",\"name\":\"Resultados de la carrera del GP de las Am\u00e9ricas de MotoGP 2023 - Box Repsol\",\"isPartOf\":{\"@id\":\"https:\\\/\\\/www.boxrepsol.com\\\/es\\\/#website\"},\"primaryImageOfPage\":{\"@id\":\"https:\\\/\\\/www.boxrepsol.com\\\/es\\\/motogp\\\/resultados-de-la-carrera-del-gp-de-las-americas-de-motogp-2023\\\/#primaryimage\"},\"image\":{\"@id\":\"https:\\\/\\\/www.boxrepsol.com\\\/es\\\/motogp\\\/resultados-de-la-carrera-del-gp-de-las-americas-de-motogp-2023\\\/#primaryimage\"},\"thumbnailUrl\":\"https:\\\/\\\/bxrepsol.s3.eu-west-1.amazonaws.com\\\/static\\\/2023\\\/04\\\/16152614\\\/JRB9923.jpg\",\"datePublished\":\"2023-04-16T19:47:19+00:00\",\"dateModified\":\"2024-04-08T09:58:04+00:00\",\"description\":\"Cr\u00f3nica y resultados del GP de las Am\u00e9ricas 2023 de MotoGP, disputado en el Circuito de las Am\u00e9ricas en Austin, Texas.\",\"breadcrumb\":{\"@id\":\"https:\\\/\\\/www.boxrepsol.com\\\/es\\\/motogp\\\/resultados-de-la-carrera-del-gp-de-las-americas-de-motogp-2023\\\/#breadcrumb\"},\"inLanguage\":\"es\",\"potentialAction\":[{\"@type\":\"ReadAction\",\"target\":[\"https:\\\/\\\/www.boxrepsol.com\\\/es\\\/motogp\\\/resultados-de-la-carrera-del-gp-de-las-americas-de-motogp-2023\\\/\"]}]},{\"@type\":\"ImageObject\",\"inLanguage\":\"es\",\"@id\":\"https:\\\/\\\/www.boxrepsol.com\\\/es\\\/motogp\\\/resultados-de-la-carrera-del-gp-de-las-americas-de-motogp-2023\\\/#primaryimage\",\"url\":\"https:\\\/\\\/bxrepsol.s3.eu-west-1.amazonaws.com\\\/static\\\/2023\\\/04\\\/16152614\\\/JRB9923.jpg\",\"contentUrl\":\"https:\\\/\\\/bxrepsol.s3.eu-west-1.amazonaws.com\\\/static\\\/2023\\\/04\\\/16152614\\\/JRB9923.jpg\",\"width\":1280,\"height\":600},{\"@type\":\"BreadcrumbList\",\"@id\":\"https:\\\/\\\/www.boxrepsol.com\\\/es\\\/motogp\\\/resultados-de-la-carrera-del-gp-de-las-americas-de-motogp-2023\\\/#breadcrumb\",\"itemListElement\":[{\"@type\":\"ListItem\",\"position\":1,\"name\":\"Home\",\"item\":\"https:\\\/\\\/www.boxrepsol.com\\\/es\\\/\"},{\"@type\":\"ListItem\",\"position\":2,\"name\":\"Resultados de la carrera del GP de las Am\u00e9ricas de MotoGP 2023\"}]},{\"@type\":\"WebSite\",\"@id\":\"https:\\\/\\\/www.boxrepsol.com\\\/es\\\/#website\",\"url\":\"https:\\\/\\\/www.boxrepsol.com\\\/es\\\/\",\"name\":\"Box Repsol\",\"description\":\"Box Repsol Site\",\"publisher\":{\"@id\":\"https:\\\/\\\/www.boxrepsol.com\\\/es\\\/#organization\"},\"potentialAction\":[{\"@type\":\"SearchAction\",\"target\":{\"@type\":\"EntryPoint\",\"urlTemplate\":\"https:\\\/\\\/www.boxrepsol.com\\\/es\\\/?s={search_term_string}\"},\"query-input\":{\"@type\":\"PropertyValueSpecification\",\"valueRequired\":true,\"valueName\":\"search_term_string\"}}],\"inLanguage\":\"es\"},{\"@type\":\"Organization\",\"@id\":\"https:\\\/\\\/www.boxrepsol.com\\\/es\\\/#organization\",\"name\":\"Box Repsol\",\"url\":\"https:\\\/\\\/www.boxrepsol.com\\\/es\\\/\",\"logo\":{\"@type\":\"ImageObject\",\"inLanguage\":\"es\",\"@id\":\"https:\\\/\\\/www.boxrepsol.com\\\/es\\\/#\\\/schema\\\/logo\\\/image\\\/\",\"url\":\"https:\\\/\\\/bxrepsol.s3.eu-west-1.amazonaws.com\\\/static\\\/2025\\\/07\\\/30083337\\\/favicon-96x96-1.png\",\"contentUrl\":\"https:\\\/\\\/bxrepsol.s3.eu-west-1.amazonaws.com\\\/static\\\/2025\\\/07\\\/30083337\\\/favicon-96x96-1.png\",\"width\":96,\"height\":96,\"caption\":\"Box Repsol\"},\"image\":{\"@id\":\"https:\\\/\\\/www.boxrepsol.com\\\/es\\\/#\\\/schema\\\/logo\\\/image\\\/\"},\"sameAs\":[\"https:\\\/\\\/www.facebook.com\\\/BoxRepsol\",\"https:\\\/\\\/x.com\\\/box_repsol\",\"http:\\\/\\\/instagram.com\\\/box_repsol\",\"https:\\\/\\\/www.youtube.com\\\/user\\\/RepsolCompeticion\",\"https:\\\/\\\/www.flickr.com\\\/photos\\\/box_repsol\\\/\"]},{\"@type\":\"Person\",\"@id\":\"https:\\\/\\\/www.boxrepsol.com\\\/es\\\/#\\\/schema\\\/person\\\/c5c2138f2cca251b0ad92b7086bb60b7\",\"name\":\"Redacci\u00f3n Box Repsol\",\"image\":{\"@type\":\"ImageObject\",\"inLanguage\":\"es\",\"@id\":\"https:\\\/\\\/secure.gravatar.com\\\/avatar\\\/adf7b77e38b4419baf32c7e9c21dde01f4e40df611f0978e3006fc4ba0aaab7e?s=96&d=mm&r=g\",\"url\":\"https:\\\/\\\/secure.gravatar.com\\\/avatar\\\/adf7b77e38b4419baf32c7e9c21dde01f4e40df611f0978e3006fc4ba0aaab7e?s=96&d=mm&r=g\",\"contentUrl\":\"https:\\\/\\\/secure.gravatar.com\\\/avatar\\\/adf7b77e38b4419baf32c7e9c21dde01f4e40df611f0978e3006fc4ba0aaab7e?s=96&d=mm&r=g\",\"caption\":\"Redacci\u00f3n Box Repsol\"},\"description\":\"Box Repsol lo forma un equipo de periodistas, community managers, dise\u00f1adores y fot\u00f3grafos con m\u00e1s de 20 a\u00f1os de experiencia en el mundo del motorsport. Hemos vivido el primer mundial de un espa\u00f1ol en la categor\u00eda reina de motociclismo con \u00c1lex Crivill\u00e9, estuvimos en las victorias de Pedrosa y los t\u00edtulos de M\u00e1rquez, acompa\u00f1amos en \u00c1frica a Nani Roma y Marc Coma en sus conquistas del Dakar y hemos vibrado con los t\u00edtulos de Toni Bou en Trial. Adem\u00e1s, en nuestro equipo contamos con expertos en el mundo de las dos y cuatro ruedas tanto de la calle y las carreteras, como de los circuitos. Periodistas que han trabajado en revistas y publicaciones para hacerte llegar desde rutas y consejos de mantenimiento, a curiosidades y trucos de pilotaje.\",\"sameAs\":[\"https:\\\/\\\/www.facebook.com\\\/BoxRepsol\\\/\",\"https:\\\/\\\/www.instagram.com\\\/box_repsol\\\/\",\"https:\\\/\\\/x.com\\\/https:\\\/\\\/twitter.com\\\/box_repsol\",\"https:\\\/\\\/www.youtube.com\\\/@Boxrepsol\"],\"url\":\"https:\\\/\\\/www.boxrepsol.com\\\/es\\\/author\\\/redaccion-box-repsol\\\/\"}]}<\/script>\n<!-- \/ Yoast SEO plugin. -->","yoast_head_json":{"title":"Resultados de la carrera del GP de las Am\u00e9ricas de MotoGP 2023 - Box Repsol","description":"Cr\u00f3nica y resultados del GP de las Am\u00e9ricas 2023 de MotoGP, disputado en el Circuito de las Am\u00e9ricas en Austin, Texas.","canonical":"https:\/\/www.boxrepsol.com\/es\/motogp\/resultados-de-la-carrera-del-gp-de-las-americas-de-motogp-2023\/","og_locale":"es_ES","og_type":"article","og_title":"Resultados de la carrera del GP de las Am\u00e9ricas de MotoGP 2023 - Box Repsol","og_description":"Cr\u00f3nica y resultados del GP de las Am\u00e9ricas 2023 de MotoGP, disputado en el Circuito de las Am\u00e9ricas en Austin, Texas.","og_url":"https:\/\/www.boxrepsol.com\/es\/motogp\/resultados-de-la-carrera-del-gp-de-las-americas-de-motogp-2023\/","og_site_name":"Box Repsol","article_publisher":"https:\/\/www.facebook.com\/BoxRepsol","article_author":"https:\/\/www.facebook.com\/BoxRepsol\/","article_published_time":"2023-04-16T19:47:19+00:00","article_modified_time":"2024-04-08T09:58:04+00:00","og_image":[{"width":1280,"height":600,"url":"https:\/\/bxrepsol.s3.eu-west-1.amazonaws.com\/static\/2023\/04\/16152614\/JRB9923.jpg","type":"image\/jpeg"}],"author":"Redacci\u00f3n Box Repsol","twitter_card":"summary_large_image","twitter_image":"https:\/\/bxrepsol.s3.eu-west-1.amazonaws.com\/static\/2023\/04\/16152614\/JRB9923.jpg","twitter_creator":"@https:\/\/twitter.com\/box_repsol","twitter_site":"@box_repsol","twitter_misc":{"Written by":"Redacci\u00f3n Box Repsol","Est. reading time":"2 minutos"},"schema":{"@context":"https:\/\/schema.org","@graph":[{"@type":"Article","@id":"https:\/\/www.boxrepsol.com\/es\/motogp\/resultados-de-la-carrera-del-gp-de-las-americas-de-motogp-2023\/#article","isPartOf":{"@id":"https:\/\/www.boxrepsol.com\/es\/motogp\/resultados-de-la-carrera-del-gp-de-las-americas-de-motogp-2023\/"},"author":{"name":"Redacci\u00f3n Box Repsol","@id":"https:\/\/www.boxrepsol.com\/es\/#\/schema\/person\/c5c2138f2cca251b0ad92b7086bb60b7"},"headline":"Resultados de la carrera del GP de las Am\u00e9ricas de MotoGP 2023","datePublished":"2023-04-16T19:47:19+00:00","dateModified":"2024-04-08T09:58:04+00:00","mainEntityOfPage":{"@id":"https:\/\/www.boxrepsol.com\/es\/motogp\/resultados-de-la-carrera-del-gp-de-las-americas-de-motogp-2023\/"},"wordCount":488,"commentCount":1,"publisher":{"@id":"https:\/\/www.boxrepsol.com\/es\/#organization"},"image":{"@id":"https:\/\/www.boxrepsol.com\/es\/motogp\/resultados-de-la-carrera-del-gp-de-las-americas-de-motogp-2023\/#primaryimage"},"thumbnailUrl":"https:\/\/bxrepsol.s3.eu-west-1.amazonaws.com\/static\/2023\/04\/16152614\/JRB9923.jpg","keywords":["2023","Equipo Repsol Honda","Joan Mir","MotoGP Americas","Repsol Honda Team"],"articleSection":["MotoGP"],"inLanguage":"es","potentialAction":[{"@type":"CommentAction","name":"Comment","target":["https:\/\/www.boxrepsol.com\/es\/motogp\/resultados-de-la-carrera-del-gp-de-las-americas-de-motogp-2023\/#respond"]}]},{"@type":"WebPage","@id":"https:\/\/www.boxrepsol.com\/es\/motogp\/resultados-de-la-carrera-del-gp-de-las-americas-de-motogp-2023\/","url":"https:\/\/www.boxrepsol.com\/es\/motogp\/resultados-de-la-carrera-del-gp-de-las-americas-de-motogp-2023\/","name":"Resultados de la carrera del GP de las Am\u00e9ricas de MotoGP 2023 - Box Repsol","isPartOf":{"@id":"https:\/\/www.boxrepsol.com\/es\/#website"},"primaryImageOfPage":{"@id":"https:\/\/www.boxrepsol.com\/es\/motogp\/resultados-de-la-carrera-del-gp-de-las-americas-de-motogp-2023\/#primaryimage"},"image":{"@id":"https:\/\/www.boxrepsol.com\/es\/motogp\/resultados-de-la-carrera-del-gp-de-las-americas-de-motogp-2023\/#primaryimage"},"thumbnailUrl":"https:\/\/bxrepsol.s3.eu-west-1.amazonaws.com\/static\/2023\/04\/16152614\/JRB9923.jpg","datePublished":"2023-04-16T19:47:19+00:00","dateModified":"2024-04-08T09:58:04+00:00","description":"Cr\u00f3nica y resultados del GP de las Am\u00e9ricas 2023 de MotoGP, disputado en el Circuito de las Am\u00e9ricas en Austin, Texas.","breadcrumb":{"@id":"https:\/\/www.boxrepsol.com\/es\/motogp\/resultados-de-la-carrera-del-gp-de-las-americas-de-motogp-2023\/#breadcrumb"},"inLanguage":"es","potentialAction":[{"@type":"ReadAction","target":["https:\/\/www.boxrepsol.com\/es\/motogp\/resultados-de-la-carrera-del-gp-de-las-americas-de-motogp-2023\/"]}]},{"@type":"ImageObject","inLanguage":"es","@id":"https:\/\/www.boxrepsol.com\/es\/motogp\/resultados-de-la-carrera-del-gp-de-las-americas-de-motogp-2023\/#primaryimage","url":"https:\/\/bxrepsol.s3.eu-west-1.amazonaws.com\/static\/2023\/04\/16152614\/JRB9923.jpg","contentUrl":"https:\/\/bxrepsol.s3.eu-west-1.amazonaws.com\/static\/2023\/04\/16152614\/JRB9923.jpg","width":1280,"height":600},{"@type":"BreadcrumbList","@id":"https:\/\/www.boxrepsol.com\/es\/motogp\/resultados-de-la-carrera-del-gp-de-las-americas-de-motogp-2023\/#breadcrumb","itemListElement":[{"@type":"ListItem","position":1,"name":"Home","item":"https:\/\/www.boxrepsol.com\/es\/"},{"@type":"ListItem","position":2,"name":"Resultados de la carrera del GP de las Am\u00e9ricas de MotoGP 2023"}]},{"@type":"WebSite","@id":"https:\/\/www.boxrepsol.com\/es\/#website","url":"https:\/\/www.boxrepsol.com\/es\/","name":"Box Repsol","description":"Box Repsol Site","publisher":{"@id":"https:\/\/www.boxrepsol.com\/es\/#organization"},"potentialAction":[{"@type":"SearchAction","target":{"@type":"EntryPoint","urlTemplate":"https:\/\/www.boxrepsol.com\/es\/?s={search_term_string}"},"query-input":{"@type":"PropertyValueSpecification","valueRequired":true,"valueName":"search_term_string"}}],"inLanguage":"es"},{"@type":"Organization","@id":"https:\/\/www.boxrepsol.com\/es\/#organization","name":"Box Repsol","url":"https:\/\/www.boxrepsol.com\/es\/","logo":{"@type":"ImageObject","inLanguage":"es","@id":"https:\/\/www.boxrepsol.com\/es\/#\/schema\/logo\/image\/","url":"https:\/\/bxrepsol.s3.eu-west-1.amazonaws.com\/static\/2025\/07\/30083337\/favicon-96x96-1.png","contentUrl":"https:\/\/bxrepsol.s3.eu-west-1.amazonaws.com\/static\/2025\/07\/30083337\/favicon-96x96-1.png","width":96,"height":96,"caption":"Box Repsol"},"image":{"@id":"https:\/\/www.boxrepsol.com\/es\/#\/schema\/logo\/image\/"},"sameAs":["https:\/\/www.facebook.com\/BoxRepsol","https:\/\/x.com\/box_repsol","http:\/\/instagram.com\/box_repsol","https:\/\/www.youtube.com\/user\/RepsolCompeticion","https:\/\/www.flickr.com\/photos\/box_repsol\/"]},{"@type":"Person","@id":"https:\/\/www.boxrepsol.com\/es\/#\/schema\/person\/c5c2138f2cca251b0ad92b7086bb60b7","name":"Redacci\u00f3n Box Repsol","image":{"@type":"ImageObject","inLanguage":"es","@id":"https:\/\/secure.gravatar.com\/avatar\/adf7b77e38b4419baf32c7e9c21dde01f4e40df611f0978e3006fc4ba0aaab7e?s=96&d=mm&r=g","url":"https:\/\/secure.gravatar.com\/avatar\/adf7b77e38b4419baf32c7e9c21dde01f4e40df611f0978e3006fc4ba0aaab7e?s=96&d=mm&r=g","contentUrl":"https:\/\/secure.gravatar.com\/avatar\/adf7b77e38b4419baf32c7e9c21dde01f4e40df611f0978e3006fc4ba0aaab7e?s=96&d=mm&r=g","caption":"Redacci\u00f3n Box Repsol"},"description":"Box Repsol lo forma un equipo de periodistas, community managers, dise\u00f1adores y fot\u00f3grafos con m\u00e1s de 20 a\u00f1os de experiencia en el mundo del motorsport. Hemos vivido el primer mundial de un espa\u00f1ol en la categor\u00eda reina de motociclismo con \u00c1lex Crivill\u00e9, estuvimos en las victorias de Pedrosa y los t\u00edtulos de M\u00e1rquez, acompa\u00f1amos en \u00c1frica a Nani Roma y Marc Coma en sus conquistas del Dakar y hemos vibrado con los t\u00edtulos de Toni Bou en Trial. Adem\u00e1s, en nuestro equipo contamos con expertos en el mundo de las dos y cuatro ruedas tanto de la calle y las carreteras, como de los circuitos. Periodistas que han trabajado en revistas y publicaciones para hacerte llegar desde rutas y consejos de mantenimiento, a curiosidades y trucos de pilotaje.","sameAs":["https:\/\/www.facebook.com\/BoxRepsol\/","https:\/\/www.instagram.com\/box_repsol\/","https:\/\/x.com\/https:\/\/twitter.com\/box_repsol","https:\/\/www.youtube.com\/@Boxrepsol"],"url":"https:\/\/www.boxrepsol.com\/es\/author\/redaccion-box-repsol\/"}]}},"_links":{"self":[{"href":"https:\/\/www.boxrepsol.com\/es\/wp-json\/wp\/v2\/posts\/101529","targetHints":{"allow":["GET"]}}],"collection":[{"href":"https:\/\/www.boxrepsol.com\/es\/wp-json\/wp\/v2\/posts"}],"about":[{"href":"https:\/\/www.boxrepsol.com\/es\/wp-json\/wp\/v2\/types\/post"}],"author":[{"embeddable":true,"href":"https:\/\/www.boxrepsol.com\/es\/wp-json\/wp\/v2\/users\/43146"}],"replies":[{"embeddable":true,"href":"https:\/\/www.boxrepsol.com\/es\/wp-json\/wp\/v2\/comments?post=101529"}],"version-history":[{"count":6,"href":"https:\/\/www.boxrepsol.com\/es\/wp-json\/wp\/v2\/posts\/101529\/revisions"}],"predecessor-version":[{"id":101598,"href":"https:\/\/www.boxrepsol.com\/es\/wp-json\/wp\/v2\/posts\/101529\/revisions\/101598"}],"wp:featuredmedia":[{"embeddable":true,"href":"https:\/\/www.boxrepsol.com\/es\/wp-json\/wp\/v2\/media\/101530"}],"wp:attachment":[{"href":"https:\/\/www.boxrepsol.com\/es\/wp-json\/wp\/v2\/media?parent=101529"}],"wp:term":[{"taxonomy":"category","embeddable":true,"href":"https:\/\/www.boxrepsol.com\/es\/wp-json\/wp\/v2\/categories?post=101529"},{"taxonomy":"post_tag","embeddable":true,"href":"https:\/\/www.boxrepsol.com\/es\/wp-json\/wp\/v2\/tags?post=101529"}],"curies":[{"name":"wp","href":"https:\/\/api.w.org\/{rel}","templated":true}]}}