{"id":101500,"date":"2023-04-16T15:00:35","date_gmt":"2023-04-16T17:00:35","guid":{"rendered":"https:\/\/www.boxrepsol.com\/?p=101500"},"modified":"2024-04-08T07:58:27","modified_gmt":"2024-04-08T09:58:27","slug":"el-equipo-repsol-honda-se-estrena-en-el-trialgp-con-victoria-y-podio","status":"publish","type":"post","link":"https:\/\/www.boxrepsol.com\/es\/trial\/el-equipo-repsol-honda-se-estrena-en-el-trialgp-con-victoria-y-podio\/","title":{"rendered":"El equipo Repsol Honda se estrena en el TrialGP con victoria y podio"},"content":{"rendered":"<figure class=\"wp-block-post-featured-image\"><img loading=\"lazy\" decoding=\"async\" width=\"1280\" height=\"600\" src=\"https:\/\/bxrepsol.s3.eu-west-1.amazonaws.com\/static\/2023\/04\/16145419\/https___repsolmedia.com_repsolmedia_wp-content_uploads_2023_04_portada.jpg\" class=\"attachment-post-thumbnail size-post-thumbnail wp-post-image\" alt=\"\" style=\"object-fit:cover;\" srcset=\"https:\/\/bxrepsol.s3.eu-west-1.amazonaws.com\/static\/2023\/04\/16145419\/https___repsolmedia.com_repsolmedia_wp-content_uploads_2023_04_portada.jpg 1280w, https:\/\/bxrepsol.s3.eu-west-1.amazonaws.com\/static\/2023\/04\/16145419\/https___repsolmedia.com_repsolmedia_wp-content_uploads_2023_04_portada-300x141.jpg 300w, https:\/\/bxrepsol.s3.eu-west-1.amazonaws.com\/static\/2023\/04\/16145419\/https___repsolmedia.com_repsolmedia_wp-content_uploads_2023_04_portada-1024x480.jpg 1024w, https:\/\/bxrepsol.s3.eu-west-1.amazonaws.com\/static\/2023\/04\/16145419\/https___repsolmedia.com_repsolmedia_wp-content_uploads_2023_04_portada-768x360.jpg 768w\" sizes=\"auto, (max-width: 1280px) 100vw, 1280px\" \/><\/figure>\n\n\n<p>Una nueva temporada de <strong>TrialGP <\/strong>daba el pistoletazo de salida ayer en <strong>Arteixo<\/strong>, <strong>La Coru\u00f1a<\/strong>. Los pilotos del <strong>equipo Repsol Honda <\/strong>se sub\u00edan al podio en el estreno, con una segunda posici\u00f3n de <strong>Toni Bou <\/strong>y la tercera de <strong>Gabriel Marcelli<\/strong>. Hoy domingo ha tenido lugar la segunda cita, donde Bou se ha llevado la victoria y su compa\u00f1ero de equipo, Marcelli, ha sido cuarto, a tan solo dos puntos del podio.<\/p>\n\n\n\n<p>El vigente Campe\u00f3n del Mundo del Mundial de Trial al aire libre, <strong>Toni Bou<\/strong>, comenzaba su defensa del t\u00edtulo con una segunda posici\u00f3n en la primera ronda del d\u00eda de ayer. A pesar de que en la segunda vuelta fue el piloto que menos err\u00f3, no logr\u00f3 hacerse con la victoria y se tuvo que conformar con un segundo puesto. Hoy ha sido el rival a batir desde el inicio de la prueba, cerrando como l\u00edder las dos vueltas. El piloto del <strong>equipo Repsol Honda <\/strong>ha sumado as\u00ed su primera victoria de la temporada de <strong>TrialGP<\/strong> y se hace con el liderato del campeonato.<\/p>\n\n\n\n<p>Por otro lado, <strong>Gabriel<\/strong> <strong>Marcelli <\/strong>se estren\u00f3 en la prueba inaugural de ayer s\u00e1bado con un tercer puesto muy disputado con Adam Raga. El piloto del equipo Repsol Honda, que compet\u00eda en casa, ya estaba en puestos de podio desde la primera vuelta, con una ventaja suficiente como para permitirse ser cuarto en la segunda. En la cita de hoy, Marcelli volv\u00eda a estar en puestos de honor en la primera ronda, pero los puntos de penalizaci\u00f3n de la segunda le han terminado situando en la cuarta posici\u00f3n, a tan solo dos puntos de repetir podio.<\/p>\n\n\n\n<p>Con la temporada 2023 de TrialGP ya comenzada, Toni Bou es l\u00edder con 37 puntos y empatado con el segundo. Gabriel Marcelli es cuarto de la clasificaci\u00f3n general con 28, sumando tambi\u00e9n los mismos puntos que el tercero. La pr\u00f3xima cita se celebrar\u00e1 el pr\u00f3ximo fin de semana en <strong>Gouveia<\/strong>, <strong>Portugal<\/strong>.<\/p>\n\n\n\n<div id=\"f8978d09-5d11-4a30-80c7-659166ec4386\" class=\"br-slider-box\"><div class=\"wp-block-create-block-repsol-carousel br-slider\"><a target=\"_blank\" href=\"https:\/\/bxrepsol.s3.eu-west-1.amazonaws.com\/static\/2023\/04\/16152329\/https___repsolmedia.com_repsolmedia_wp-content_uploads_2023_04_TrialGP23_r1_PODIUM_02066_ps-scaled-2.jpg\" data-index=\"0\" rel=\"noopener\"><img decoding=\"async\" src=\"https:\/\/bxrepsol.s3.eu-west-1.amazonaws.com\/static\/2023\/04\/16152329\/https___repsolmedia.com_repsolmedia_wp-content_uploads_2023_04_TrialGP23_r1_PODIUM_02066_ps-scaled-2.jpg\"\/><\/a><a target=\"_blank\" href=\"https:\/\/bxrepsol.s3.eu-west-1.amazonaws.com\/static\/2023\/04\/16152330\/https___repsolmedia.com_repsolmedia_wp-content_uploads_2023_04_TrialGP23_r2_REPSOL_03393_ps-scaled-2.jpg\" data-index=\"1\" rel=\"noopener\"><img decoding=\"async\" src=\"https:\/\/bxrepsol.s3.eu-west-1.amazonaws.com\/static\/2023\/04\/16152330\/https___repsolmedia.com_repsolmedia_wp-content_uploads_2023_04_TrialGP23_r2_REPSOL_03393_ps-scaled-2.jpg\"\/><\/a><a target=\"_blank\" href=\"https:\/\/bxrepsol.s3.eu-west-1.amazonaws.com\/static\/2023\/04\/16152332\/https___repsolmedia.com_repsolmedia_wp-content_uploads_2023_04_TrialGP23_r1_REPSOL_04947_ps-scaled-2.jpg\" data-index=\"2\" rel=\"noopener\"><img decoding=\"async\" src=\"https:\/\/bxrepsol.s3.eu-west-1.amazonaws.com\/static\/2023\/04\/16152332\/https___repsolmedia.com_repsolmedia_wp-content_uploads_2023_04_TrialGP23_r1_REPSOL_04947_ps-scaled-2.jpg\"\/><\/a><a target=\"_blank\" href=\"https:\/\/bxrepsol.s3.eu-west-1.amazonaws.com\/static\/2023\/04\/16152333\/https___repsolmedia.com_repsolmedia_wp-content_uploads_2023_04_TrialGP23_r1_REPSOL_01712_ps-scaled-2.jpg\" data-index=\"3\" rel=\"noopener\"><img decoding=\"async\" src=\"https:\/\/bxrepsol.s3.eu-west-1.amazonaws.com\/static\/2023\/04\/16152333\/https___repsolmedia.com_repsolmedia_wp-content_uploads_2023_04_TrialGP23_r1_REPSOL_01712_ps-scaled-2.jpg\"\/><\/a><a target=\"_blank\" href=\"https:\/\/bxrepsol.s3.eu-west-1.amazonaws.com\/static\/2023\/04\/16152334\/https___repsolmedia.com_repsolmedia_wp-content_uploads_2023_04_4-3-1.jpg\" data-index=\"4\" rel=\"noopener\"><img decoding=\"async\" src=\"https:\/\/bxrepsol.s3.eu-west-1.amazonaws.com\/static\/2023\/04\/16152334\/https___repsolmedia.com_repsolmedia_wp-content_uploads_2023_04_4-3-1.jpg\"\/><\/a><\/div><div class=\"br-slider-buttons\"><button class=\"arrow rds-icon arrow--left rds-icon-Arrow_left\"><\/button><button class=\"arrow rds-icon arrow--right rds-icon-Arrow_right\"><\/button><\/div><\/div>\n\n\n\n<h3 class=\"wp-block-heading\"><strong>Declaraciones de los pilotos<\/strong><\/h3>\n\n\n\n<p><a href=\"https:\/\/www.boxrepsol.com\/es\/tag\/toni-bou\/\">Toni Bou<\/a><\/p>\n\n\n\n<p>\u00abS\u00faper contento con el fin de semana y con la victoria de este \u00faltimo d\u00eda. En la carrera de hoy me he encontrado con mejores sensaciones. Sigo con un poco de molestia en el brazo, pero hemos podido luchar a un nivel impresionante. Es una victoria que valoramos mucho, porque los rivales no lo han puesto nada f\u00e1cil. Ahora toca recuperar bien despu\u00e9s del fin de semana. Vamos empatados a puntos con Jaime Busto en la general y hemos visto que tiene un nivel alt\u00edsimo, ambas han sido carreras muy apretadas. Hay que estar fuertes en Portugal, pero lo primero ahora es recuperar este brazo al 100% para la siguiente cita\u00bb.<\/p>\n\n\n\n<p><a href=\"https:\/\/www.boxrepsol.com\/es\/tag\/gabri-marcelli\/\">Gabriel Marcelli<\/a><\/p>\n\n\n\n<p>\u00abHoy no ha ido tan bien como ayer. Creo que me encontraba bastante bien con la moto, pero se me han cruzado un par de zonas y eso nos ha condicionado bastante en el resultado final de la carrera. Al final hemos conseguido una cuarta posici\u00f3n; son puntos importantes para el campeonato y nos vamos con buenas sensaciones despu\u00e9s de todo el fin de semana. Afrontamos la pr\u00f3xima carrera con muchas ganas. En Portugal tenemos dos nuevas oportunidades para volver a colarnos en el podio y, por qu\u00e9 no, luchar por una victoria. As\u00ed que en Portugal m\u00e1s gas que nunca\u00bb.<\/p>\n","protected":false},"excerpt":{"rendered":"<p>Toni Bou abre la nueva temporada del Mundial de Trial al aire libre con un triunfo y un podio. Gabriel Marcelli subi\u00f3 ayer al tercer escal\u00f3n del podio y hoy se ha quedado a las puertas.<\/p>\n","protected":false},"author":43146,"featured_media":101501,"comment_status":"open","ping_status":"open","sticky":false,"template":"","format":"standard","meta":{"footnotes":""},"categories":[23],"tags":[269,203,130,21,26],"class_list":["post-101500","post","type-post","status-publish","format-standard","hentry","category-trial","tag-269","tag-gabri-marcelli","tag-otros-eventos-y-competiciones","tag-toni-bou","tag-trial"],"yoast_head":"<!-- This site is optimized with the Yoast SEO plugin v27.3 - https:\/\/yoast.com\/product\/yoast-seo-wordpress\/ -->\n<title>El equipo Repsol Honda se estrena en el TrialGP con victoria y podio - Box Repsol<\/title>\n<meta name=\"description\" content=\"Toni Bou abre la nueva temporada del Mundial de TrialGP con un triunfo y un podio. Gabriel Marcelli firma otro podio en Arteixo.\" \/>\n<link rel=\"canonical\" href=\"https:\/\/www.boxrepsol.com\/es\/trial\/el-equipo-repsol-honda-se-estrena-en-el-trialgp-con-victoria-y-podio\/\" \/>\n<meta property=\"og:locale\" content=\"es_ES\" \/>\n<meta property=\"og:type\" content=\"article\" \/>\n<meta property=\"og:title\" content=\"El equipo Repsol Honda se estrena en el TrialGP con victoria y podio - Box Repsol\" \/>\n<meta property=\"og:description\" content=\"Toni Bou abre la nueva temporada del Mundial de TrialGP con un triunfo y un podio. Gabriel Marcelli firma otro podio en Arteixo.\" \/>\n<meta property=\"og:url\" content=\"https:\/\/www.boxrepsol.com\/es\/trial\/el-equipo-repsol-honda-se-estrena-en-el-trialgp-con-victoria-y-podio\/\" \/>\n<meta property=\"og:site_name\" content=\"Box Repsol\" \/>\n<meta property=\"article:publisher\" content=\"https:\/\/www.facebook.com\/BoxRepsol\" \/>\n<meta property=\"article:author\" content=\"https:\/\/www.facebook.com\/BoxRepsol\/\" \/>\n<meta property=\"article:published_time\" content=\"2023-04-16T17:00:35+00:00\" \/>\n<meta property=\"article:modified_time\" content=\"2024-04-08T09:58:27+00:00\" \/>\n<meta property=\"og:image\" content=\"https:\/\/bxrepsol.s3.eu-west-1.amazonaws.com\/static\/2023\/04\/16145419\/https___repsolmedia.com_repsolmedia_wp-content_uploads_2023_04_portada.jpg\" \/>\n\t<meta property=\"og:image:width\" content=\"1280\" \/>\n\t<meta property=\"og:image:height\" content=\"600\" \/>\n\t<meta property=\"og:image:type\" content=\"image\/jpeg\" \/>\n<meta name=\"author\" content=\"Redacci\u00f3n Box Repsol\" \/>\n<meta name=\"twitter:card\" content=\"summary_large_image\" \/>\n<meta name=\"twitter:creator\" content=\"@https:\/\/twitter.com\/box_repsol\" \/>\n<meta name=\"twitter:site\" content=\"@box_repsol\" \/>\n<meta name=\"twitter:label1\" content=\"Written by\" \/>\n\t<meta name=\"twitter:data1\" content=\"Redacci\u00f3n Box Repsol\" \/>\n\t<meta name=\"twitter:label2\" content=\"Est. reading time\" \/>\n\t<meta name=\"twitter:data2\" content=\"3 minutos\" \/>\n<script type=\"application\/ld+json\" class=\"yoast-schema-graph\">{\"@context\":\"https:\\\/\\\/schema.org\",\"@graph\":[{\"@type\":\"Article\",\"@id\":\"https:\\\/\\\/www.boxrepsol.com\\\/es\\\/trial\\\/el-equipo-repsol-honda-se-estrena-en-el-trialgp-con-victoria-y-podio\\\/#article\",\"isPartOf\":{\"@id\":\"https:\\\/\\\/www.boxrepsol.com\\\/es\\\/trial\\\/el-equipo-repsol-honda-se-estrena-en-el-trialgp-con-victoria-y-podio\\\/\"},\"author\":{\"name\":\"Redacci\u00f3n Box Repsol\",\"@id\":\"https:\\\/\\\/www.boxrepsol.com\\\/es\\\/#\\\/schema\\\/person\\\/c5c2138f2cca251b0ad92b7086bb60b7\"},\"headline\":\"El equipo Repsol Honda se estrena en el TrialGP con victoria y podio\",\"datePublished\":\"2023-04-16T17:00:35+00:00\",\"dateModified\":\"2024-04-08T09:58:27+00:00\",\"mainEntityOfPage\":{\"@id\":\"https:\\\/\\\/www.boxrepsol.com\\\/es\\\/trial\\\/el-equipo-repsol-honda-se-estrena-en-el-trialgp-con-victoria-y-podio\\\/\"},\"wordCount\":580,\"commentCount\":0,\"publisher\":{\"@id\":\"https:\\\/\\\/www.boxrepsol.com\\\/es\\\/#organization\"},\"image\":{\"@id\":\"https:\\\/\\\/www.boxrepsol.com\\\/es\\\/trial\\\/el-equipo-repsol-honda-se-estrena-en-el-trialgp-con-victoria-y-podio\\\/#primaryimage\"},\"thumbnailUrl\":\"https:\\\/\\\/bxrepsol.s3.eu-west-1.amazonaws.com\\\/static\\\/2023\\\/04\\\/16145419\\\/https___repsolmedia.com_repsolmedia_wp-content_uploads_2023_04_portada.jpg\",\"keywords\":[\"2023\",\"Gabri Marcelli\",\"otros eventos y competiciones\",\"Toni Bou\",\"trial\"],\"articleSection\":[\"Trial\"],\"inLanguage\":\"es\",\"potentialAction\":[{\"@type\":\"CommentAction\",\"name\":\"Comment\",\"target\":[\"https:\\\/\\\/www.boxrepsol.com\\\/es\\\/trial\\\/el-equipo-repsol-honda-se-estrena-en-el-trialgp-con-victoria-y-podio\\\/#respond\"]}]},{\"@type\":\"WebPage\",\"@id\":\"https:\\\/\\\/www.boxrepsol.com\\\/es\\\/trial\\\/el-equipo-repsol-honda-se-estrena-en-el-trialgp-con-victoria-y-podio\\\/\",\"url\":\"https:\\\/\\\/www.boxrepsol.com\\\/es\\\/trial\\\/el-equipo-repsol-honda-se-estrena-en-el-trialgp-con-victoria-y-podio\\\/\",\"name\":\"El equipo Repsol Honda se estrena en el TrialGP con victoria y podio - Box Repsol\",\"isPartOf\":{\"@id\":\"https:\\\/\\\/www.boxrepsol.com\\\/es\\\/#website\"},\"primaryImageOfPage\":{\"@id\":\"https:\\\/\\\/www.boxrepsol.com\\\/es\\\/trial\\\/el-equipo-repsol-honda-se-estrena-en-el-trialgp-con-victoria-y-podio\\\/#primaryimage\"},\"image\":{\"@id\":\"https:\\\/\\\/www.boxrepsol.com\\\/es\\\/trial\\\/el-equipo-repsol-honda-se-estrena-en-el-trialgp-con-victoria-y-podio\\\/#primaryimage\"},\"thumbnailUrl\":\"https:\\\/\\\/bxrepsol.s3.eu-west-1.amazonaws.com\\\/static\\\/2023\\\/04\\\/16145419\\\/https___repsolmedia.com_repsolmedia_wp-content_uploads_2023_04_portada.jpg\",\"datePublished\":\"2023-04-16T17:00:35+00:00\",\"dateModified\":\"2024-04-08T09:58:27+00:00\",\"description\":\"Toni Bou abre la nueva temporada del Mundial de TrialGP con un triunfo y un podio. Gabriel Marcelli firma otro podio en Arteixo.\",\"breadcrumb\":{\"@id\":\"https:\\\/\\\/www.boxrepsol.com\\\/es\\\/trial\\\/el-equipo-repsol-honda-se-estrena-en-el-trialgp-con-victoria-y-podio\\\/#breadcrumb\"},\"inLanguage\":\"es\",\"potentialAction\":[{\"@type\":\"ReadAction\",\"target\":[\"https:\\\/\\\/www.boxrepsol.com\\\/es\\\/trial\\\/el-equipo-repsol-honda-se-estrena-en-el-trialgp-con-victoria-y-podio\\\/\"]}]},{\"@type\":\"ImageObject\",\"inLanguage\":\"es\",\"@id\":\"https:\\\/\\\/www.boxrepsol.com\\\/es\\\/trial\\\/el-equipo-repsol-honda-se-estrena-en-el-trialgp-con-victoria-y-podio\\\/#primaryimage\",\"url\":\"https:\\\/\\\/bxrepsol.s3.eu-west-1.amazonaws.com\\\/static\\\/2023\\\/04\\\/16145419\\\/https___repsolmedia.com_repsolmedia_wp-content_uploads_2023_04_portada.jpg\",\"contentUrl\":\"https:\\\/\\\/bxrepsol.s3.eu-west-1.amazonaws.com\\\/static\\\/2023\\\/04\\\/16145419\\\/https___repsolmedia.com_repsolmedia_wp-content_uploads_2023_04_portada.jpg\",\"width\":1280,\"height\":600},{\"@type\":\"BreadcrumbList\",\"@id\":\"https:\\\/\\\/www.boxrepsol.com\\\/es\\\/trial\\\/el-equipo-repsol-honda-se-estrena-en-el-trialgp-con-victoria-y-podio\\\/#breadcrumb\",\"itemListElement\":[{\"@type\":\"ListItem\",\"position\":1,\"name\":\"Home\",\"item\":\"https:\\\/\\\/www.boxrepsol.com\\\/es\\\/\"},{\"@type\":\"ListItem\",\"position\":2,\"name\":\"El equipo Repsol Honda se estrena en el TrialGP con victoria y podio\"}]},{\"@type\":\"WebSite\",\"@id\":\"https:\\\/\\\/www.boxrepsol.com\\\/es\\\/#website\",\"url\":\"https:\\\/\\\/www.boxrepsol.com\\\/es\\\/\",\"name\":\"Box Repsol\",\"description\":\"Box Repsol Site\",\"publisher\":{\"@id\":\"https:\\\/\\\/www.boxrepsol.com\\\/es\\\/#organization\"},\"potentialAction\":[{\"@type\":\"SearchAction\",\"target\":{\"@type\":\"EntryPoint\",\"urlTemplate\":\"https:\\\/\\\/www.boxrepsol.com\\\/es\\\/?s={search_term_string}\"},\"query-input\":{\"@type\":\"PropertyValueSpecification\",\"valueRequired\":true,\"valueName\":\"search_term_string\"}}],\"inLanguage\":\"es\"},{\"@type\":\"Organization\",\"@id\":\"https:\\\/\\\/www.boxrepsol.com\\\/es\\\/#organization\",\"name\":\"Box Repsol\",\"url\":\"https:\\\/\\\/www.boxrepsol.com\\\/es\\\/\",\"logo\":{\"@type\":\"ImageObject\",\"inLanguage\":\"es\",\"@id\":\"https:\\\/\\\/www.boxrepsol.com\\\/es\\\/#\\\/schema\\\/logo\\\/image\\\/\",\"url\":\"https:\\\/\\\/bxrepsol.s3.eu-west-1.amazonaws.com\\\/static\\\/2025\\\/07\\\/30083337\\\/favicon-96x96-1.png\",\"contentUrl\":\"https:\\\/\\\/bxrepsol.s3.eu-west-1.amazonaws.com\\\/static\\\/2025\\\/07\\\/30083337\\\/favicon-96x96-1.png\",\"width\":96,\"height\":96,\"caption\":\"Box Repsol\"},\"image\":{\"@id\":\"https:\\\/\\\/www.boxrepsol.com\\\/es\\\/#\\\/schema\\\/logo\\\/image\\\/\"},\"sameAs\":[\"https:\\\/\\\/www.facebook.com\\\/BoxRepsol\",\"https:\\\/\\\/x.com\\\/box_repsol\",\"http:\\\/\\\/instagram.com\\\/box_repsol\",\"https:\\\/\\\/www.youtube.com\\\/user\\\/RepsolCompeticion\",\"https:\\\/\\\/www.flickr.com\\\/photos\\\/box_repsol\\\/\"]},{\"@type\":\"Person\",\"@id\":\"https:\\\/\\\/www.boxrepsol.com\\\/es\\\/#\\\/schema\\\/person\\\/c5c2138f2cca251b0ad92b7086bb60b7\",\"name\":\"Redacci\u00f3n Box Repsol\",\"image\":{\"@type\":\"ImageObject\",\"inLanguage\":\"es\",\"@id\":\"https:\\\/\\\/secure.gravatar.com\\\/avatar\\\/adf7b77e38b4419baf32c7e9c21dde01f4e40df611f0978e3006fc4ba0aaab7e?s=96&d=mm&r=g\",\"url\":\"https:\\\/\\\/secure.gravatar.com\\\/avatar\\\/adf7b77e38b4419baf32c7e9c21dde01f4e40df611f0978e3006fc4ba0aaab7e?s=96&d=mm&r=g\",\"contentUrl\":\"https:\\\/\\\/secure.gravatar.com\\\/avatar\\\/adf7b77e38b4419baf32c7e9c21dde01f4e40df611f0978e3006fc4ba0aaab7e?s=96&d=mm&r=g\",\"caption\":\"Redacci\u00f3n Box Repsol\"},\"description\":\"Box Repsol lo forma un equipo de periodistas, community managers, dise\u00f1adores y fot\u00f3grafos con m\u00e1s de 20 a\u00f1os de experiencia en el mundo del motorsport. Hemos vivido el primer mundial de un espa\u00f1ol en la categor\u00eda reina de motociclismo con \u00c1lex Crivill\u00e9, estuvimos en las victorias de Pedrosa y los t\u00edtulos de M\u00e1rquez, acompa\u00f1amos en \u00c1frica a Nani Roma y Marc Coma en sus conquistas del Dakar y hemos vibrado con los t\u00edtulos de Toni Bou en Trial. Adem\u00e1s, en nuestro equipo contamos con expertos en el mundo de las dos y cuatro ruedas tanto de la calle y las carreteras, como de los circuitos. Periodistas que han trabajado en revistas y publicaciones para hacerte llegar desde rutas y consejos de mantenimiento, a curiosidades y trucos de pilotaje.\",\"sameAs\":[\"https:\\\/\\\/www.facebook.com\\\/BoxRepsol\\\/\",\"https:\\\/\\\/www.instagram.com\\\/box_repsol\\\/\",\"https:\\\/\\\/x.com\\\/https:\\\/\\\/twitter.com\\\/box_repsol\",\"https:\\\/\\\/www.youtube.com\\\/@Boxrepsol\"],\"url\":\"https:\\\/\\\/www.boxrepsol.com\\\/es\\\/author\\\/redaccion-box-repsol\\\/\"}]}<\/script>\n<!-- \/ Yoast SEO plugin. -->","yoast_head_json":{"title":"El equipo Repsol Honda se estrena en el TrialGP con victoria y podio - Box Repsol","description":"Toni Bou abre la nueva temporada del Mundial de TrialGP con un triunfo y un podio. Gabriel Marcelli firma otro podio en Arteixo.","canonical":"https:\/\/www.boxrepsol.com\/es\/trial\/el-equipo-repsol-honda-se-estrena-en-el-trialgp-con-victoria-y-podio\/","og_locale":"es_ES","og_type":"article","og_title":"El equipo Repsol Honda se estrena en el TrialGP con victoria y podio - Box Repsol","og_description":"Toni Bou abre la nueva temporada del Mundial de TrialGP con un triunfo y un podio. Gabriel Marcelli firma otro podio en Arteixo.","og_url":"https:\/\/www.boxrepsol.com\/es\/trial\/el-equipo-repsol-honda-se-estrena-en-el-trialgp-con-victoria-y-podio\/","og_site_name":"Box Repsol","article_publisher":"https:\/\/www.facebook.com\/BoxRepsol","article_author":"https:\/\/www.facebook.com\/BoxRepsol\/","article_published_time":"2023-04-16T17:00:35+00:00","article_modified_time":"2024-04-08T09:58:27+00:00","og_image":[{"width":1280,"height":600,"url":"https:\/\/bxrepsol.s3.eu-west-1.amazonaws.com\/static\/2023\/04\/16145419\/https___repsolmedia.com_repsolmedia_wp-content_uploads_2023_04_portada.jpg","type":"image\/jpeg"}],"author":"Redacci\u00f3n Box Repsol","twitter_card":"summary_large_image","twitter_creator":"@https:\/\/twitter.com\/box_repsol","twitter_site":"@box_repsol","twitter_misc":{"Written by":"Redacci\u00f3n Box Repsol","Est. reading time":"3 minutos"},"schema":{"@context":"https:\/\/schema.org","@graph":[{"@type":"Article","@id":"https:\/\/www.boxrepsol.com\/es\/trial\/el-equipo-repsol-honda-se-estrena-en-el-trialgp-con-victoria-y-podio\/#article","isPartOf":{"@id":"https:\/\/www.boxrepsol.com\/es\/trial\/el-equipo-repsol-honda-se-estrena-en-el-trialgp-con-victoria-y-podio\/"},"author":{"name":"Redacci\u00f3n Box Repsol","@id":"https:\/\/www.boxrepsol.com\/es\/#\/schema\/person\/c5c2138f2cca251b0ad92b7086bb60b7"},"headline":"El equipo Repsol Honda se estrena en el TrialGP con victoria y podio","datePublished":"2023-04-16T17:00:35+00:00","dateModified":"2024-04-08T09:58:27+00:00","mainEntityOfPage":{"@id":"https:\/\/www.boxrepsol.com\/es\/trial\/el-equipo-repsol-honda-se-estrena-en-el-trialgp-con-victoria-y-podio\/"},"wordCount":580,"commentCount":0,"publisher":{"@id":"https:\/\/www.boxrepsol.com\/es\/#organization"},"image":{"@id":"https:\/\/www.boxrepsol.com\/es\/trial\/el-equipo-repsol-honda-se-estrena-en-el-trialgp-con-victoria-y-podio\/#primaryimage"},"thumbnailUrl":"https:\/\/bxrepsol.s3.eu-west-1.amazonaws.com\/static\/2023\/04\/16145419\/https___repsolmedia.com_repsolmedia_wp-content_uploads_2023_04_portada.jpg","keywords":["2023","Gabri Marcelli","otros eventos y competiciones","Toni Bou","trial"],"articleSection":["Trial"],"inLanguage":"es","potentialAction":[{"@type":"CommentAction","name":"Comment","target":["https:\/\/www.boxrepsol.com\/es\/trial\/el-equipo-repsol-honda-se-estrena-en-el-trialgp-con-victoria-y-podio\/#respond"]}]},{"@type":"WebPage","@id":"https:\/\/www.boxrepsol.com\/es\/trial\/el-equipo-repsol-honda-se-estrena-en-el-trialgp-con-victoria-y-podio\/","url":"https:\/\/www.boxrepsol.com\/es\/trial\/el-equipo-repsol-honda-se-estrena-en-el-trialgp-con-victoria-y-podio\/","name":"El equipo Repsol Honda se estrena en el TrialGP con victoria y podio - Box Repsol","isPartOf":{"@id":"https:\/\/www.boxrepsol.com\/es\/#website"},"primaryImageOfPage":{"@id":"https:\/\/www.boxrepsol.com\/es\/trial\/el-equipo-repsol-honda-se-estrena-en-el-trialgp-con-victoria-y-podio\/#primaryimage"},"image":{"@id":"https:\/\/www.boxrepsol.com\/es\/trial\/el-equipo-repsol-honda-se-estrena-en-el-trialgp-con-victoria-y-podio\/#primaryimage"},"thumbnailUrl":"https:\/\/bxrepsol.s3.eu-west-1.amazonaws.com\/static\/2023\/04\/16145419\/https___repsolmedia.com_repsolmedia_wp-content_uploads_2023_04_portada.jpg","datePublished":"2023-04-16T17:00:35+00:00","dateModified":"2024-04-08T09:58:27+00:00","description":"Toni Bou abre la nueva temporada del Mundial de TrialGP con un triunfo y un podio. Gabriel Marcelli firma otro podio en Arteixo.","breadcrumb":{"@id":"https:\/\/www.boxrepsol.com\/es\/trial\/el-equipo-repsol-honda-se-estrena-en-el-trialgp-con-victoria-y-podio\/#breadcrumb"},"inLanguage":"es","potentialAction":[{"@type":"ReadAction","target":["https:\/\/www.boxrepsol.com\/es\/trial\/el-equipo-repsol-honda-se-estrena-en-el-trialgp-con-victoria-y-podio\/"]}]},{"@type":"ImageObject","inLanguage":"es","@id":"https:\/\/www.boxrepsol.com\/es\/trial\/el-equipo-repsol-honda-se-estrena-en-el-trialgp-con-victoria-y-podio\/#primaryimage","url":"https:\/\/bxrepsol.s3.eu-west-1.amazonaws.com\/static\/2023\/04\/16145419\/https___repsolmedia.com_repsolmedia_wp-content_uploads_2023_04_portada.jpg","contentUrl":"https:\/\/bxrepsol.s3.eu-west-1.amazonaws.com\/static\/2023\/04\/16145419\/https___repsolmedia.com_repsolmedia_wp-content_uploads_2023_04_portada.jpg","width":1280,"height":600},{"@type":"BreadcrumbList","@id":"https:\/\/www.boxrepsol.com\/es\/trial\/el-equipo-repsol-honda-se-estrena-en-el-trialgp-con-victoria-y-podio\/#breadcrumb","itemListElement":[{"@type":"ListItem","position":1,"name":"Home","item":"https:\/\/www.boxrepsol.com\/es\/"},{"@type":"ListItem","position":2,"name":"El equipo Repsol Honda se estrena en el TrialGP con victoria y podio"}]},{"@type":"WebSite","@id":"https:\/\/www.boxrepsol.com\/es\/#website","url":"https:\/\/www.boxrepsol.com\/es\/","name":"Box Repsol","description":"Box Repsol Site","publisher":{"@id":"https:\/\/www.boxrepsol.com\/es\/#organization"},"potentialAction":[{"@type":"SearchAction","target":{"@type":"EntryPoint","urlTemplate":"https:\/\/www.boxrepsol.com\/es\/?s={search_term_string}"},"query-input":{"@type":"PropertyValueSpecification","valueRequired":true,"valueName":"search_term_string"}}],"inLanguage":"es"},{"@type":"Organization","@id":"https:\/\/www.boxrepsol.com\/es\/#organization","name":"Box Repsol","url":"https:\/\/www.boxrepsol.com\/es\/","logo":{"@type":"ImageObject","inLanguage":"es","@id":"https:\/\/www.boxrepsol.com\/es\/#\/schema\/logo\/image\/","url":"https:\/\/bxrepsol.s3.eu-west-1.amazonaws.com\/static\/2025\/07\/30083337\/favicon-96x96-1.png","contentUrl":"https:\/\/bxrepsol.s3.eu-west-1.amazonaws.com\/static\/2025\/07\/30083337\/favicon-96x96-1.png","width":96,"height":96,"caption":"Box Repsol"},"image":{"@id":"https:\/\/www.boxrepsol.com\/es\/#\/schema\/logo\/image\/"},"sameAs":["https:\/\/www.facebook.com\/BoxRepsol","https:\/\/x.com\/box_repsol","http:\/\/instagram.com\/box_repsol","https:\/\/www.youtube.com\/user\/RepsolCompeticion","https:\/\/www.flickr.com\/photos\/box_repsol\/"]},{"@type":"Person","@id":"https:\/\/www.boxrepsol.com\/es\/#\/schema\/person\/c5c2138f2cca251b0ad92b7086bb60b7","name":"Redacci\u00f3n Box Repsol","image":{"@type":"ImageObject","inLanguage":"es","@id":"https:\/\/secure.gravatar.com\/avatar\/adf7b77e38b4419baf32c7e9c21dde01f4e40df611f0978e3006fc4ba0aaab7e?s=96&d=mm&r=g","url":"https:\/\/secure.gravatar.com\/avatar\/adf7b77e38b4419baf32c7e9c21dde01f4e40df611f0978e3006fc4ba0aaab7e?s=96&d=mm&r=g","contentUrl":"https:\/\/secure.gravatar.com\/avatar\/adf7b77e38b4419baf32c7e9c21dde01f4e40df611f0978e3006fc4ba0aaab7e?s=96&d=mm&r=g","caption":"Redacci\u00f3n Box Repsol"},"description":"Box Repsol lo forma un equipo de periodistas, community managers, dise\u00f1adores y fot\u00f3grafos con m\u00e1s de 20 a\u00f1os de experiencia en el mundo del motorsport. Hemos vivido el primer mundial de un espa\u00f1ol en la categor\u00eda reina de motociclismo con \u00c1lex Crivill\u00e9, estuvimos en las victorias de Pedrosa y los t\u00edtulos de M\u00e1rquez, acompa\u00f1amos en \u00c1frica a Nani Roma y Marc Coma en sus conquistas del Dakar y hemos vibrado con los t\u00edtulos de Toni Bou en Trial. Adem\u00e1s, en nuestro equipo contamos con expertos en el mundo de las dos y cuatro ruedas tanto de la calle y las carreteras, como de los circuitos. Periodistas que han trabajado en revistas y publicaciones para hacerte llegar desde rutas y consejos de mantenimiento, a curiosidades y trucos de pilotaje.","sameAs":["https:\/\/www.facebook.com\/BoxRepsol\/","https:\/\/www.instagram.com\/box_repsol\/","https:\/\/x.com\/https:\/\/twitter.com\/box_repsol","https:\/\/www.youtube.com\/@Boxrepsol"],"url":"https:\/\/www.boxrepsol.com\/es\/author\/redaccion-box-repsol\/"}]}},"_links":{"self":[{"href":"https:\/\/www.boxrepsol.com\/es\/wp-json\/wp\/v2\/posts\/101500","targetHints":{"allow":["GET"]}}],"collection":[{"href":"https:\/\/www.boxrepsol.com\/es\/wp-json\/wp\/v2\/posts"}],"about":[{"href":"https:\/\/www.boxrepsol.com\/es\/wp-json\/wp\/v2\/types\/post"}],"author":[{"embeddable":true,"href":"https:\/\/www.boxrepsol.com\/es\/wp-json\/wp\/v2\/users\/43146"}],"replies":[{"embeddable":true,"href":"https:\/\/www.boxrepsol.com\/es\/wp-json\/wp\/v2\/comments?post=101500"}],"version-history":[{"count":2,"href":"https:\/\/www.boxrepsol.com\/es\/wp-json\/wp\/v2\/posts\/101500\/revisions"}],"predecessor-version":[{"id":101527,"href":"https:\/\/www.boxrepsol.com\/es\/wp-json\/wp\/v2\/posts\/101500\/revisions\/101527"}],"wp:featuredmedia":[{"embeddable":true,"href":"https:\/\/www.boxrepsol.com\/es\/wp-json\/wp\/v2\/media\/101501"}],"wp:attachment":[{"href":"https:\/\/www.boxrepsol.com\/es\/wp-json\/wp\/v2\/media?parent=101500"}],"wp:term":[{"taxonomy":"category","embeddable":true,"href":"https:\/\/www.boxrepsol.com\/es\/wp-json\/wp\/v2\/categories?post=101500"},{"taxonomy":"post_tag","embeddable":true,"href":"https:\/\/www.boxrepsol.com\/es\/wp-json\/wp\/v2\/tags?post=101500"}],"curies":[{"name":"wp","href":"https:\/\/api.w.org\/{rel}","templated":true}]}}