{"id":101429,"date":"2023-04-14T19:12:54","date_gmt":"2023-04-14T21:12:54","guid":{"rendered":"https:\/\/www.boxrepsol.com\/?p=101429"},"modified":"2024-04-08T08:02:24","modified_gmt":"2024-04-08T10:02:24","slug":"resultados-de-los-entrenamientos-del-gp-de-las-americas-de-motogp-2023","status":"publish","type":"post","link":"https:\/\/www.boxrepsol.com\/es\/motogp\/resultados-de-los-entrenamientos-del-gp-de-las-americas-de-motogp-2023\/","title":{"rendered":"Resultados de los entrenamientos del GP de las Am\u00e9ricas de MotoGP 2023"},"content":{"rendered":"<figure class=\"wp-block-post-featured-image\"><img loading=\"lazy\" decoding=\"async\" width=\"1280\" height=\"600\" src=\"https:\/\/bxrepsol.s3.eu-west-1.amazonaws.com\/static\/2023\/04\/14184501\/amerv.jpg\" class=\"attachment-post-thumbnail size-post-thumbnail wp-post-image\" alt=\"\" style=\"object-fit:cover;\" srcset=\"https:\/\/bxrepsol.s3.eu-west-1.amazonaws.com\/static\/2023\/04\/14184501\/amerv.jpg 1280w, https:\/\/bxrepsol.s3.eu-west-1.amazonaws.com\/static\/2023\/04\/14184501\/amerv-300x141.jpg 300w, https:\/\/bxrepsol.s3.eu-west-1.amazonaws.com\/static\/2023\/04\/14184501\/amerv-1024x480.jpg 1024w, https:\/\/bxrepsol.s3.eu-west-1.amazonaws.com\/static\/2023\/04\/14184501\/amerv-768x360.jpg 768w\" sizes=\"auto, (max-width: 1280px) 100vw, 1280px\" \/><\/figure>\n\n\n<p>El <strong><a href=\"https:\/\/www.boxrepsol.com\/es\/motogp\/como-ver-el-motogp-de-las-americas\/\">GP de las Am\u00e9ricas<\/a><\/strong> de <strong>MotoGP<\/strong> ha dado comienzo en el <strong>Circuit of the Americas (COTA)<\/strong>. <strong>Jorge Mart\u00edn (Ducati)<\/strong> ha marcado el mejor registro del d\u00eda con un tiempo de 2:02.178 en la clasificaci\u00f3n combinada, que da acceso directo a la Q2 para los diez pilotos m\u00e1s r\u00e1pidos de hoy.<\/p>\n\n\n\n<p>El <strong>Top 10<\/strong> de la tabla de tiempos ha sido completado por Pecco Bagnaia (Ducati), \u00c1lex Rins (Honda), Luca Marini (Ducati), \u00c1lex M\u00e1rquez (Ducati), Maverick Vi\u00f1ales (Aprilia), Fabio Quartararo (Yamaha), Brad Binder (KTM) Aleix Espargar\u00f3 (Aprilia) y Jack Miller (KTM).<\/p>\n\n\n\n<p>Ma\u00f1ana los pilotos tendr\u00e1n una <strong>sesi\u00f3n de entrenamientos libres a las 17:10 (CEST)<\/strong> antes de empezar la sesi\u00f3n de <strong>clasificaci\u00f3n<\/strong> a las <strong>17:50<\/strong>. Posteriormente, a las <strong>22:00<\/strong> participar\u00e1n en la <a href=\"https:\/\/www.boxrepsol.com\/es\/motogp\/carreras-al-sprint-la-evolucion-de-motogp\/\">carrera al sprint<\/a> del <strong>GP de las Am\u00e9ricas<\/strong> de MotoGP.<\/p>\n\n\n\n<h3 class=\"wp-block-heading\"><strong>Inicio intenso para el equipo Repsol Honda<\/strong><\/h3>\n\n\n\n<p><strong>Joan Mir<\/strong> ha regresado tras su lesi\u00f3n en el GP de Argentina. El piloto mallorqu\u00edn ha terminado el viernes en Austin en 12\u00aa posici\u00f3n, con un tiempo de 2:02.904, a 0.063 mil\u00e9simas del acceso directo a la Q2.<\/p>\n\n\n\n<p>Por su parte, <strong>Stefan Bradl <\/strong>ha acumulado vueltas en su primera aparici\u00f3n de la temporada para el <strong>equipo Repsol Honda<\/strong>. El alem\u00e1n ha terminado 20\u00ba con un mejor registro de 2:04.129.<\/p>\n\n\n\n<h3 class=\"wp-block-heading\"><strong>Clasificaci\u00f3n combinada del GP de las Am\u00e9ricas de MotoGP <\/strong><\/h3>\n\n\n\n<p><\/p>\n\n\n\n<figure class=\"wp-block-table is-style-stripes\"><table><tbody><tr><td><strong>PILOTO<\/strong><\/td><td><strong>EQUIPO<\/strong><\/td><td><strong>TIEMPO<\/strong><\/td><\/tr><tr><td>1. Jorge Mart\u00edn <\/td><td>DUCATI <\/td><td>2:02.518<\/td><\/tr><tr><td>2. Pecco Bagnaia<\/td><td>DUCATI <\/td><td>+0.063<\/td><\/tr><tr><td>3. \u00c1lex Rins<\/td><td>HONDA<\/td><td>+0.217<\/td><\/tr><tr><td>4. Luca Marini<\/td><td>DUCATI<\/td><td>+0.238<\/td><\/tr><tr><td>5. \u00c1lex M\u00e1rquez<\/td><td>DUCATI<\/td><td>+0.504<\/td><\/tr><tr><td>6. Maverick Vi\u00f1ales <\/td><td>APRILIA<\/td><td>+0.539<\/td><\/tr><tr><td>7. Fabio Quartararo<\/td><td>YAMAHA<\/td><td>+0.543<\/td><\/tr><tr><td>8. Brad Binder<\/td><td>KTM<\/td><td>+0.557<\/td><\/tr><tr><td>9. Aleix Espargar\u00f3<\/td><td>APRILIA<\/td><td>+0.587<\/td><\/tr><tr><td>10. Jack Miller<\/td><td>KTM<\/td><td>+0.663<\/td><\/tr><tr><td><strong>12. Joan Mir <\/strong><\/td><td><strong>REPSOL HONDA<\/strong><\/td><td><strong>+0.726<\/strong><\/td><\/tr><tr><td><strong>20. Stefan Bradl <\/strong><\/td><td><strong>REPSOL HONDA<\/strong><\/td><td><strong>+1.951<\/strong><\/td><\/tr><\/tbody><\/table><\/figure>\n\n\n\n<div id=\"bf169edd-13f0-4e75-b348-2eb3039e592b\" class=\"br-slider-box\"><div class=\"wp-block-create-block-repsol-carousel br-slider\"><a target=\"_blank\" href=\"https:\/\/bxrepsol.s3.eu-west-1.amazonaws.com\/static\/2023\/04\/14213439\/JRB1548.jpg\" data-index=\"0\" rel=\"noopener\"><img decoding=\"async\" src=\"https:\/\/bxrepsol.s3.eu-west-1.amazonaws.com\/static\/2023\/04\/14213439\/JRB1548.jpg\"\/><\/a><a target=\"_blank\" href=\"https:\/\/bxrepsol.s3.eu-west-1.amazonaws.com\/static\/2023\/04\/14213441\/JRB0931.jpg\" data-index=\"1\" rel=\"noopener\"><img decoding=\"async\" src=\"https:\/\/bxrepsol.s3.eu-west-1.amazonaws.com\/static\/2023\/04\/14213441\/JRB0931.jpg\"\/><\/a><a target=\"_blank\" href=\"https:\/\/bxrepsol.s3.eu-west-1.amazonaws.com\/static\/2023\/04\/14213442\/JRB1011.jpg\" data-index=\"2\" rel=\"noopener\"><img decoding=\"async\" src=\"https:\/\/bxrepsol.s3.eu-west-1.amazonaws.com\/static\/2023\/04\/14213442\/JRB1011.jpg\"\/><\/a><a target=\"_blank\" href=\"https:\/\/bxrepsol.s3.eu-west-1.amazonaws.com\/static\/2023\/04\/14213443\/JRB3138.jpg\" data-index=\"3\" rel=\"noopener\"><img decoding=\"async\" src=\"https:\/\/bxrepsol.s3.eu-west-1.amazonaws.com\/static\/2023\/04\/14213443\/JRB3138.jpg\"\/><\/a><a target=\"_blank\" href=\"https:\/\/bxrepsol.s3.eu-west-1.amazonaws.com\/static\/2023\/04\/14213444\/JRB3946.jpg\" data-index=\"4\" rel=\"noopener\"><img decoding=\"async\" src=\"https:\/\/bxrepsol.s3.eu-west-1.amazonaws.com\/static\/2023\/04\/14213444\/JRB3946.jpg\"\/><\/a><\/div><div class=\"br-slider-buttons\"><button class=\"arrow rds-icon arrow--left rds-icon-Arrow_left\"><\/button><button class=\"arrow rds-icon arrow--right rds-icon-Arrow_right\"><\/button><\/div><\/div>\n\n\n\n<h3 class=\"wp-block-heading\"><strong>Declaraciones de los pilotos<\/strong><\/h3>\n\n\n\n<p><a href=\"https:\/\/www.boxrepsol.com\/es\/tag\/joan-mir\/\">#JM36<\/a><\/p>\n\n\n\n<p>\u00abHoy ten\u00edamos potencial y creo que sin el accidente del final, podr\u00edamos haber tenido la oportunidad de encontrar media d\u00e9cima m\u00e1s o menos y mantenernos entre los diez primeros. Pero no ha sido posible y esto es lo que pasa en las carreras. Ahora, en MotoGP, si cometes un peque\u00f1o error o te falta algo, pasas del sexto al duod\u00e9cimo puesto. No estoy al 100% y este es quiz\u00e1s el circuito m\u00e1s f\u00edsico del calendario, as\u00ed que es complicado. A\u00fan as\u00ed, ma\u00f1ana tenemos muchas posibilidades de mejorar\u00bb.<\/p>\n\n\n\n<p><a href=\"https:\/\/twitter.com\/hashtag\/SB6?src=hashtag_click\">#SB6<\/a><\/p>\n\n\n\n<p>\u00abEstoy bastante contento con mi pilotaje de hoy, aunque he cometido un error al final de la sesi\u00f3n. Podr\u00eda haber conseguido algunas posiciones m\u00e1s si hubiera terminado esa vuelta, pero en cualquier caso ha sido un buen d\u00eda en general. Es una pista muy f\u00edsica, volver a competir siempre es un reto y aqu\u00ed se a\u00f1ade un elemento extra. Afortunadamente, siempre he disfrutado pilotando aqu\u00ed y he podido mejorar mis sensaciones bastante r\u00e1pido. Ahora tenemos que descansar, establecer nuestro plan para ma\u00f1ana y prepararme para mi primera sprint race\u00bb.<\/p>\n","protected":false},"excerpt":{"rendered":"<p>Jorge Mart\u00edn es el m\u00e1s r\u00e1pido en los primeros entrenamientos en Austin<\/p>\n","protected":false},"author":43146,"featured_media":101430,"comment_status":"open","ping_status":"open","sticky":false,"template":"","format":"standard","meta":{"footnotes":""},"categories":[4],"tags":[269,50,271,155,8],"class_list":["post-101429","post","type-post","status-publish","format-standard","hentry","category-motogp","tag-269","tag-equipo-repsol-honda","tag-joan-mir","tag-motogp-americas","tag-repsol-honda-team"],"yoast_head":"<!-- This site is optimized with the Yoast SEO plugin v27.3 - https:\/\/yoast.com\/product\/yoast-seo-wordpress\/ -->\n<title>Resultados de los entrenamientos del GP de las Am\u00e9ricas de MotoGP 2023 - Box Repsol<\/title>\n<meta name=\"description\" content=\"Cr\u00f3nica y clasificaci\u00f3n de los entrenamientos libres del viernes en el GP de las Am\u00e9ricas 2023, disputado en Austin.\" \/>\n<link rel=\"canonical\" href=\"https:\/\/www.boxrepsol.com\/es\/motogp\/resultados-de-los-entrenamientos-del-gp-de-las-americas-de-motogp-2023\/\" \/>\n<meta property=\"og:locale\" content=\"es_ES\" \/>\n<meta property=\"og:type\" content=\"article\" \/>\n<meta property=\"og:title\" content=\"Resultados de los entrenamientos del GP de las Am\u00e9ricas de MotoGP 2023 - Box Repsol\" \/>\n<meta property=\"og:description\" content=\"Cr\u00f3nica y clasificaci\u00f3n de los entrenamientos libres del viernes en el GP de las Am\u00e9ricas 2023, disputado en Austin.\" \/>\n<meta property=\"og:url\" content=\"https:\/\/www.boxrepsol.com\/es\/motogp\/resultados-de-los-entrenamientos-del-gp-de-las-americas-de-motogp-2023\/\" \/>\n<meta property=\"og:site_name\" content=\"Box Repsol\" \/>\n<meta property=\"article:publisher\" content=\"https:\/\/www.facebook.com\/BoxRepsol\" \/>\n<meta property=\"article:author\" content=\"https:\/\/www.facebook.com\/BoxRepsol\/\" \/>\n<meta property=\"article:published_time\" content=\"2023-04-14T21:12:54+00:00\" \/>\n<meta property=\"article:modified_time\" content=\"2024-04-08T10:02:24+00:00\" \/>\n<meta property=\"og:image\" content=\"https:\/\/bxrepsol.s3.eu-west-1.amazonaws.com\/static\/2023\/04\/14184501\/amerv.jpg\" \/>\n\t<meta property=\"og:image:width\" content=\"1280\" \/>\n\t<meta property=\"og:image:height\" content=\"600\" \/>\n\t<meta property=\"og:image:type\" content=\"image\/jpeg\" \/>\n<meta name=\"author\" content=\"Redacci\u00f3n Box Repsol\" \/>\n<meta name=\"twitter:card\" content=\"summary_large_image\" \/>\n<meta name=\"twitter:image\" content=\"https:\/\/bxrepsol.s3.eu-west-1.amazonaws.com\/static\/2023\/04\/14184501\/amerv.jpg\" \/>\n<meta name=\"twitter:creator\" content=\"@https:\/\/twitter.com\/box_repsol\" \/>\n<meta name=\"twitter:site\" content=\"@box_repsol\" \/>\n<meta name=\"twitter:label1\" content=\"Written by\" \/>\n\t<meta name=\"twitter:data1\" content=\"Redacci\u00f3n Box Repsol\" \/>\n\t<meta name=\"twitter:label2\" content=\"Est. reading time\" \/>\n\t<meta name=\"twitter:data2\" content=\"2 minutos\" \/>\n<script type=\"application\/ld+json\" class=\"yoast-schema-graph\">{\"@context\":\"https:\\\/\\\/schema.org\",\"@graph\":[{\"@type\":\"Article\",\"@id\":\"https:\\\/\\\/www.boxrepsol.com\\\/es\\\/motogp\\\/resultados-de-los-entrenamientos-del-gp-de-las-americas-de-motogp-2023\\\/#article\",\"isPartOf\":{\"@id\":\"https:\\\/\\\/www.boxrepsol.com\\\/es\\\/motogp\\\/resultados-de-los-entrenamientos-del-gp-de-las-americas-de-motogp-2023\\\/\"},\"author\":{\"name\":\"Redacci\u00f3n Box Repsol\",\"@id\":\"https:\\\/\\\/www.boxrepsol.com\\\/es\\\/#\\\/schema\\\/person\\\/c5c2138f2cca251b0ad92b7086bb60b7\"},\"headline\":\"Resultados de los entrenamientos del GP de las Am\u00e9ricas de MotoGP 2023\",\"datePublished\":\"2023-04-14T21:12:54+00:00\",\"dateModified\":\"2024-04-08T10:02:24+00:00\",\"mainEntityOfPage\":{\"@id\":\"https:\\\/\\\/www.boxrepsol.com\\\/es\\\/motogp\\\/resultados-de-los-entrenamientos-del-gp-de-las-americas-de-motogp-2023\\\/\"},\"wordCount\":485,\"commentCount\":1,\"publisher\":{\"@id\":\"https:\\\/\\\/www.boxrepsol.com\\\/es\\\/#organization\"},\"image\":{\"@id\":\"https:\\\/\\\/www.boxrepsol.com\\\/es\\\/motogp\\\/resultados-de-los-entrenamientos-del-gp-de-las-americas-de-motogp-2023\\\/#primaryimage\"},\"thumbnailUrl\":\"https:\\\/\\\/bxrepsol.s3.eu-west-1.amazonaws.com\\\/static\\\/2023\\\/04\\\/14184501\\\/amerv.jpg\",\"keywords\":[\"2023\",\"Equipo Repsol Honda\",\"Joan Mir\",\"MotoGP Americas\",\"Repsol Honda Team\"],\"articleSection\":[\"MotoGP\"],\"inLanguage\":\"es\",\"potentialAction\":[{\"@type\":\"CommentAction\",\"name\":\"Comment\",\"target\":[\"https:\\\/\\\/www.boxrepsol.com\\\/es\\\/motogp\\\/resultados-de-los-entrenamientos-del-gp-de-las-americas-de-motogp-2023\\\/#respond\"]}]},{\"@type\":\"WebPage\",\"@id\":\"https:\\\/\\\/www.boxrepsol.com\\\/es\\\/motogp\\\/resultados-de-los-entrenamientos-del-gp-de-las-americas-de-motogp-2023\\\/\",\"url\":\"https:\\\/\\\/www.boxrepsol.com\\\/es\\\/motogp\\\/resultados-de-los-entrenamientos-del-gp-de-las-americas-de-motogp-2023\\\/\",\"name\":\"Resultados de los entrenamientos del GP de las Am\u00e9ricas de MotoGP 2023 - Box Repsol\",\"isPartOf\":{\"@id\":\"https:\\\/\\\/www.boxrepsol.com\\\/es\\\/#website\"},\"primaryImageOfPage\":{\"@id\":\"https:\\\/\\\/www.boxrepsol.com\\\/es\\\/motogp\\\/resultados-de-los-entrenamientos-del-gp-de-las-americas-de-motogp-2023\\\/#primaryimage\"},\"image\":{\"@id\":\"https:\\\/\\\/www.boxrepsol.com\\\/es\\\/motogp\\\/resultados-de-los-entrenamientos-del-gp-de-las-americas-de-motogp-2023\\\/#primaryimage\"},\"thumbnailUrl\":\"https:\\\/\\\/bxrepsol.s3.eu-west-1.amazonaws.com\\\/static\\\/2023\\\/04\\\/14184501\\\/amerv.jpg\",\"datePublished\":\"2023-04-14T21:12:54+00:00\",\"dateModified\":\"2024-04-08T10:02:24+00:00\",\"description\":\"Cr\u00f3nica y clasificaci\u00f3n de los entrenamientos libres del viernes en el GP de las Am\u00e9ricas 2023, disputado en Austin.\",\"breadcrumb\":{\"@id\":\"https:\\\/\\\/www.boxrepsol.com\\\/es\\\/motogp\\\/resultados-de-los-entrenamientos-del-gp-de-las-americas-de-motogp-2023\\\/#breadcrumb\"},\"inLanguage\":\"es\",\"potentialAction\":[{\"@type\":\"ReadAction\",\"target\":[\"https:\\\/\\\/www.boxrepsol.com\\\/es\\\/motogp\\\/resultados-de-los-entrenamientos-del-gp-de-las-americas-de-motogp-2023\\\/\"]}]},{\"@type\":\"ImageObject\",\"inLanguage\":\"es\",\"@id\":\"https:\\\/\\\/www.boxrepsol.com\\\/es\\\/motogp\\\/resultados-de-los-entrenamientos-del-gp-de-las-americas-de-motogp-2023\\\/#primaryimage\",\"url\":\"https:\\\/\\\/bxrepsol.s3.eu-west-1.amazonaws.com\\\/static\\\/2023\\\/04\\\/14184501\\\/amerv.jpg\",\"contentUrl\":\"https:\\\/\\\/bxrepsol.s3.eu-west-1.amazonaws.com\\\/static\\\/2023\\\/04\\\/14184501\\\/amerv.jpg\",\"width\":1280,\"height\":600},{\"@type\":\"BreadcrumbList\",\"@id\":\"https:\\\/\\\/www.boxrepsol.com\\\/es\\\/motogp\\\/resultados-de-los-entrenamientos-del-gp-de-las-americas-de-motogp-2023\\\/#breadcrumb\",\"itemListElement\":[{\"@type\":\"ListItem\",\"position\":1,\"name\":\"Home\",\"item\":\"https:\\\/\\\/www.boxrepsol.com\\\/es\\\/\"},{\"@type\":\"ListItem\",\"position\":2,\"name\":\"Resultados de los entrenamientos del GP de las Am\u00e9ricas de MotoGP 2023\"}]},{\"@type\":\"WebSite\",\"@id\":\"https:\\\/\\\/www.boxrepsol.com\\\/es\\\/#website\",\"url\":\"https:\\\/\\\/www.boxrepsol.com\\\/es\\\/\",\"name\":\"Box Repsol\",\"description\":\"Box Repsol Site\",\"publisher\":{\"@id\":\"https:\\\/\\\/www.boxrepsol.com\\\/es\\\/#organization\"},\"potentialAction\":[{\"@type\":\"SearchAction\",\"target\":{\"@type\":\"EntryPoint\",\"urlTemplate\":\"https:\\\/\\\/www.boxrepsol.com\\\/es\\\/?s={search_term_string}\"},\"query-input\":{\"@type\":\"PropertyValueSpecification\",\"valueRequired\":true,\"valueName\":\"search_term_string\"}}],\"inLanguage\":\"es\"},{\"@type\":\"Organization\",\"@id\":\"https:\\\/\\\/www.boxrepsol.com\\\/es\\\/#organization\",\"name\":\"Box Repsol\",\"url\":\"https:\\\/\\\/www.boxrepsol.com\\\/es\\\/\",\"logo\":{\"@type\":\"ImageObject\",\"inLanguage\":\"es\",\"@id\":\"https:\\\/\\\/www.boxrepsol.com\\\/es\\\/#\\\/schema\\\/logo\\\/image\\\/\",\"url\":\"https:\\\/\\\/bxrepsol.s3.eu-west-1.amazonaws.com\\\/static\\\/2025\\\/07\\\/30083337\\\/favicon-96x96-1.png\",\"contentUrl\":\"https:\\\/\\\/bxrepsol.s3.eu-west-1.amazonaws.com\\\/static\\\/2025\\\/07\\\/30083337\\\/favicon-96x96-1.png\",\"width\":96,\"height\":96,\"caption\":\"Box Repsol\"},\"image\":{\"@id\":\"https:\\\/\\\/www.boxrepsol.com\\\/es\\\/#\\\/schema\\\/logo\\\/image\\\/\"},\"sameAs\":[\"https:\\\/\\\/www.facebook.com\\\/BoxRepsol\",\"https:\\\/\\\/x.com\\\/box_repsol\",\"http:\\\/\\\/instagram.com\\\/box_repsol\",\"https:\\\/\\\/www.youtube.com\\\/user\\\/RepsolCompeticion\",\"https:\\\/\\\/www.flickr.com\\\/photos\\\/box_repsol\\\/\"]},{\"@type\":\"Person\",\"@id\":\"https:\\\/\\\/www.boxrepsol.com\\\/es\\\/#\\\/schema\\\/person\\\/c5c2138f2cca251b0ad92b7086bb60b7\",\"name\":\"Redacci\u00f3n Box Repsol\",\"image\":{\"@type\":\"ImageObject\",\"inLanguage\":\"es\",\"@id\":\"https:\\\/\\\/secure.gravatar.com\\\/avatar\\\/adf7b77e38b4419baf32c7e9c21dde01f4e40df611f0978e3006fc4ba0aaab7e?s=96&d=mm&r=g\",\"url\":\"https:\\\/\\\/secure.gravatar.com\\\/avatar\\\/adf7b77e38b4419baf32c7e9c21dde01f4e40df611f0978e3006fc4ba0aaab7e?s=96&d=mm&r=g\",\"contentUrl\":\"https:\\\/\\\/secure.gravatar.com\\\/avatar\\\/adf7b77e38b4419baf32c7e9c21dde01f4e40df611f0978e3006fc4ba0aaab7e?s=96&d=mm&r=g\",\"caption\":\"Redacci\u00f3n Box Repsol\"},\"description\":\"Box Repsol lo forma un equipo de periodistas, community managers, dise\u00f1adores y fot\u00f3grafos con m\u00e1s de 20 a\u00f1os de experiencia en el mundo del motorsport. Hemos vivido el primer mundial de un espa\u00f1ol en la categor\u00eda reina de motociclismo con \u00c1lex Crivill\u00e9, estuvimos en las victorias de Pedrosa y los t\u00edtulos de M\u00e1rquez, acompa\u00f1amos en \u00c1frica a Nani Roma y Marc Coma en sus conquistas del Dakar y hemos vibrado con los t\u00edtulos de Toni Bou en Trial. Adem\u00e1s, en nuestro equipo contamos con expertos en el mundo de las dos y cuatro ruedas tanto de la calle y las carreteras, como de los circuitos. Periodistas que han trabajado en revistas y publicaciones para hacerte llegar desde rutas y consejos de mantenimiento, a curiosidades y trucos de pilotaje.\",\"sameAs\":[\"https:\\\/\\\/www.facebook.com\\\/BoxRepsol\\\/\",\"https:\\\/\\\/www.instagram.com\\\/box_repsol\\\/\",\"https:\\\/\\\/x.com\\\/https:\\\/\\\/twitter.com\\\/box_repsol\",\"https:\\\/\\\/www.youtube.com\\\/@Boxrepsol\"],\"url\":\"https:\\\/\\\/www.boxrepsol.com\\\/es\\\/author\\\/redaccion-box-repsol\\\/\"}]}<\/script>\n<!-- \/ Yoast SEO plugin. -->","yoast_head_json":{"title":"Resultados de los entrenamientos del GP de las Am\u00e9ricas de MotoGP 2023 - Box Repsol","description":"Cr\u00f3nica y clasificaci\u00f3n de los entrenamientos libres del viernes en el GP de las Am\u00e9ricas 2023, disputado en Austin.","canonical":"https:\/\/www.boxrepsol.com\/es\/motogp\/resultados-de-los-entrenamientos-del-gp-de-las-americas-de-motogp-2023\/","og_locale":"es_ES","og_type":"article","og_title":"Resultados de los entrenamientos del GP de las Am\u00e9ricas de MotoGP 2023 - Box Repsol","og_description":"Cr\u00f3nica y clasificaci\u00f3n de los entrenamientos libres del viernes en el GP de las Am\u00e9ricas 2023, disputado en Austin.","og_url":"https:\/\/www.boxrepsol.com\/es\/motogp\/resultados-de-los-entrenamientos-del-gp-de-las-americas-de-motogp-2023\/","og_site_name":"Box Repsol","article_publisher":"https:\/\/www.facebook.com\/BoxRepsol","article_author":"https:\/\/www.facebook.com\/BoxRepsol\/","article_published_time":"2023-04-14T21:12:54+00:00","article_modified_time":"2024-04-08T10:02:24+00:00","og_image":[{"width":1280,"height":600,"url":"https:\/\/bxrepsol.s3.eu-west-1.amazonaws.com\/static\/2023\/04\/14184501\/amerv.jpg","type":"image\/jpeg"}],"author":"Redacci\u00f3n Box Repsol","twitter_card":"summary_large_image","twitter_image":"https:\/\/bxrepsol.s3.eu-west-1.amazonaws.com\/static\/2023\/04\/14184501\/amerv.jpg","twitter_creator":"@https:\/\/twitter.com\/box_repsol","twitter_site":"@box_repsol","twitter_misc":{"Written by":"Redacci\u00f3n Box Repsol","Est. reading time":"2 minutos"},"schema":{"@context":"https:\/\/schema.org","@graph":[{"@type":"Article","@id":"https:\/\/www.boxrepsol.com\/es\/motogp\/resultados-de-los-entrenamientos-del-gp-de-las-americas-de-motogp-2023\/#article","isPartOf":{"@id":"https:\/\/www.boxrepsol.com\/es\/motogp\/resultados-de-los-entrenamientos-del-gp-de-las-americas-de-motogp-2023\/"},"author":{"name":"Redacci\u00f3n Box Repsol","@id":"https:\/\/www.boxrepsol.com\/es\/#\/schema\/person\/c5c2138f2cca251b0ad92b7086bb60b7"},"headline":"Resultados de los entrenamientos del GP de las Am\u00e9ricas de MotoGP 2023","datePublished":"2023-04-14T21:12:54+00:00","dateModified":"2024-04-08T10:02:24+00:00","mainEntityOfPage":{"@id":"https:\/\/www.boxrepsol.com\/es\/motogp\/resultados-de-los-entrenamientos-del-gp-de-las-americas-de-motogp-2023\/"},"wordCount":485,"commentCount":1,"publisher":{"@id":"https:\/\/www.boxrepsol.com\/es\/#organization"},"image":{"@id":"https:\/\/www.boxrepsol.com\/es\/motogp\/resultados-de-los-entrenamientos-del-gp-de-las-americas-de-motogp-2023\/#primaryimage"},"thumbnailUrl":"https:\/\/bxrepsol.s3.eu-west-1.amazonaws.com\/static\/2023\/04\/14184501\/amerv.jpg","keywords":["2023","Equipo Repsol Honda","Joan Mir","MotoGP Americas","Repsol Honda Team"],"articleSection":["MotoGP"],"inLanguage":"es","potentialAction":[{"@type":"CommentAction","name":"Comment","target":["https:\/\/www.boxrepsol.com\/es\/motogp\/resultados-de-los-entrenamientos-del-gp-de-las-americas-de-motogp-2023\/#respond"]}]},{"@type":"WebPage","@id":"https:\/\/www.boxrepsol.com\/es\/motogp\/resultados-de-los-entrenamientos-del-gp-de-las-americas-de-motogp-2023\/","url":"https:\/\/www.boxrepsol.com\/es\/motogp\/resultados-de-los-entrenamientos-del-gp-de-las-americas-de-motogp-2023\/","name":"Resultados de los entrenamientos del GP de las Am\u00e9ricas de MotoGP 2023 - Box Repsol","isPartOf":{"@id":"https:\/\/www.boxrepsol.com\/es\/#website"},"primaryImageOfPage":{"@id":"https:\/\/www.boxrepsol.com\/es\/motogp\/resultados-de-los-entrenamientos-del-gp-de-las-americas-de-motogp-2023\/#primaryimage"},"image":{"@id":"https:\/\/www.boxrepsol.com\/es\/motogp\/resultados-de-los-entrenamientos-del-gp-de-las-americas-de-motogp-2023\/#primaryimage"},"thumbnailUrl":"https:\/\/bxrepsol.s3.eu-west-1.amazonaws.com\/static\/2023\/04\/14184501\/amerv.jpg","datePublished":"2023-04-14T21:12:54+00:00","dateModified":"2024-04-08T10:02:24+00:00","description":"Cr\u00f3nica y clasificaci\u00f3n de los entrenamientos libres del viernes en el GP de las Am\u00e9ricas 2023, disputado en Austin.","breadcrumb":{"@id":"https:\/\/www.boxrepsol.com\/es\/motogp\/resultados-de-los-entrenamientos-del-gp-de-las-americas-de-motogp-2023\/#breadcrumb"},"inLanguage":"es","potentialAction":[{"@type":"ReadAction","target":["https:\/\/www.boxrepsol.com\/es\/motogp\/resultados-de-los-entrenamientos-del-gp-de-las-americas-de-motogp-2023\/"]}]},{"@type":"ImageObject","inLanguage":"es","@id":"https:\/\/www.boxrepsol.com\/es\/motogp\/resultados-de-los-entrenamientos-del-gp-de-las-americas-de-motogp-2023\/#primaryimage","url":"https:\/\/bxrepsol.s3.eu-west-1.amazonaws.com\/static\/2023\/04\/14184501\/amerv.jpg","contentUrl":"https:\/\/bxrepsol.s3.eu-west-1.amazonaws.com\/static\/2023\/04\/14184501\/amerv.jpg","width":1280,"height":600},{"@type":"BreadcrumbList","@id":"https:\/\/www.boxrepsol.com\/es\/motogp\/resultados-de-los-entrenamientos-del-gp-de-las-americas-de-motogp-2023\/#breadcrumb","itemListElement":[{"@type":"ListItem","position":1,"name":"Home","item":"https:\/\/www.boxrepsol.com\/es\/"},{"@type":"ListItem","position":2,"name":"Resultados de los entrenamientos del GP de las Am\u00e9ricas de MotoGP 2023"}]},{"@type":"WebSite","@id":"https:\/\/www.boxrepsol.com\/es\/#website","url":"https:\/\/www.boxrepsol.com\/es\/","name":"Box Repsol","description":"Box Repsol Site","publisher":{"@id":"https:\/\/www.boxrepsol.com\/es\/#organization"},"potentialAction":[{"@type":"SearchAction","target":{"@type":"EntryPoint","urlTemplate":"https:\/\/www.boxrepsol.com\/es\/?s={search_term_string}"},"query-input":{"@type":"PropertyValueSpecification","valueRequired":true,"valueName":"search_term_string"}}],"inLanguage":"es"},{"@type":"Organization","@id":"https:\/\/www.boxrepsol.com\/es\/#organization","name":"Box Repsol","url":"https:\/\/www.boxrepsol.com\/es\/","logo":{"@type":"ImageObject","inLanguage":"es","@id":"https:\/\/www.boxrepsol.com\/es\/#\/schema\/logo\/image\/","url":"https:\/\/bxrepsol.s3.eu-west-1.amazonaws.com\/static\/2025\/07\/30083337\/favicon-96x96-1.png","contentUrl":"https:\/\/bxrepsol.s3.eu-west-1.amazonaws.com\/static\/2025\/07\/30083337\/favicon-96x96-1.png","width":96,"height":96,"caption":"Box Repsol"},"image":{"@id":"https:\/\/www.boxrepsol.com\/es\/#\/schema\/logo\/image\/"},"sameAs":["https:\/\/www.facebook.com\/BoxRepsol","https:\/\/x.com\/box_repsol","http:\/\/instagram.com\/box_repsol","https:\/\/www.youtube.com\/user\/RepsolCompeticion","https:\/\/www.flickr.com\/photos\/box_repsol\/"]},{"@type":"Person","@id":"https:\/\/www.boxrepsol.com\/es\/#\/schema\/person\/c5c2138f2cca251b0ad92b7086bb60b7","name":"Redacci\u00f3n Box Repsol","image":{"@type":"ImageObject","inLanguage":"es","@id":"https:\/\/secure.gravatar.com\/avatar\/adf7b77e38b4419baf32c7e9c21dde01f4e40df611f0978e3006fc4ba0aaab7e?s=96&d=mm&r=g","url":"https:\/\/secure.gravatar.com\/avatar\/adf7b77e38b4419baf32c7e9c21dde01f4e40df611f0978e3006fc4ba0aaab7e?s=96&d=mm&r=g","contentUrl":"https:\/\/secure.gravatar.com\/avatar\/adf7b77e38b4419baf32c7e9c21dde01f4e40df611f0978e3006fc4ba0aaab7e?s=96&d=mm&r=g","caption":"Redacci\u00f3n Box Repsol"},"description":"Box Repsol lo forma un equipo de periodistas, community managers, dise\u00f1adores y fot\u00f3grafos con m\u00e1s de 20 a\u00f1os de experiencia en el mundo del motorsport. Hemos vivido el primer mundial de un espa\u00f1ol en la categor\u00eda reina de motociclismo con \u00c1lex Crivill\u00e9, estuvimos en las victorias de Pedrosa y los t\u00edtulos de M\u00e1rquez, acompa\u00f1amos en \u00c1frica a Nani Roma y Marc Coma en sus conquistas del Dakar y hemos vibrado con los t\u00edtulos de Toni Bou en Trial. Adem\u00e1s, en nuestro equipo contamos con expertos en el mundo de las dos y cuatro ruedas tanto de la calle y las carreteras, como de los circuitos. Periodistas que han trabajado en revistas y publicaciones para hacerte llegar desde rutas y consejos de mantenimiento, a curiosidades y trucos de pilotaje.","sameAs":["https:\/\/www.facebook.com\/BoxRepsol\/","https:\/\/www.instagram.com\/box_repsol\/","https:\/\/x.com\/https:\/\/twitter.com\/box_repsol","https:\/\/www.youtube.com\/@Boxrepsol"],"url":"https:\/\/www.boxrepsol.com\/es\/author\/redaccion-box-repsol\/"}]}},"_links":{"self":[{"href":"https:\/\/www.boxrepsol.com\/es\/wp-json\/wp\/v2\/posts\/101429","targetHints":{"allow":["GET"]}}],"collection":[{"href":"https:\/\/www.boxrepsol.com\/es\/wp-json\/wp\/v2\/posts"}],"about":[{"href":"https:\/\/www.boxrepsol.com\/es\/wp-json\/wp\/v2\/types\/post"}],"author":[{"embeddable":true,"href":"https:\/\/www.boxrepsol.com\/es\/wp-json\/wp\/v2\/users\/43146"}],"replies":[{"embeddable":true,"href":"https:\/\/www.boxrepsol.com\/es\/wp-json\/wp\/v2\/comments?post=101429"}],"version-history":[{"count":5,"href":"https:\/\/www.boxrepsol.com\/es\/wp-json\/wp\/v2\/posts\/101429\/revisions"}],"predecessor-version":[{"id":101452,"href":"https:\/\/www.boxrepsol.com\/es\/wp-json\/wp\/v2\/posts\/101429\/revisions\/101452"}],"wp:featuredmedia":[{"embeddable":true,"href":"https:\/\/www.boxrepsol.com\/es\/wp-json\/wp\/v2\/media\/101430"}],"wp:attachment":[{"href":"https:\/\/www.boxrepsol.com\/es\/wp-json\/wp\/v2\/media?parent=101429"}],"wp:term":[{"taxonomy":"category","embeddable":true,"href":"https:\/\/www.boxrepsol.com\/es\/wp-json\/wp\/v2\/categories?post=101429"},{"taxonomy":"post_tag","embeddable":true,"href":"https:\/\/www.boxrepsol.com\/es\/wp-json\/wp\/v2\/tags?post=101429"}],"curies":[{"name":"wp","href":"https:\/\/api.w.org\/{rel}","templated":true}]}}