{"id":101410,"date":"2023-04-13T13:42:27","date_gmt":"2023-04-13T15:42:27","guid":{"rendered":"https:\/\/www.boxrepsol.com\/?p=101410"},"modified":"2024-04-08T08:03:02","modified_gmt":"2024-04-08T10:03:02","slug":"los-pilotos-del-repsol-honda-trial-team-preparados-para-la-primera-cita-de-la-temporada-de-trialgp","status":"publish","type":"post","link":"https:\/\/www.boxrepsol.com\/es\/trial\/los-pilotos-del-repsol-honda-trial-team-preparados-para-la-primera-cita-de-la-temporada-de-trialgp\/","title":{"rendered":"Los pilotos del Repsol Honda Trial Team, preparados para la primera cita de la temporada de TrialGP"},"content":{"rendered":"<figure class=\"wp-block-post-featured-image\"><img loading=\"lazy\" decoding=\"async\" width=\"1280\" height=\"600\" src=\"https:\/\/bxrepsol.s3.eu-west-1.amazonaws.com\/static\/2023\/04\/13133623\/trialgparteixoweb.jpg\" class=\"attachment-post-thumbnail size-post-thumbnail wp-post-image\" alt=\"\" style=\"object-fit:cover;\" srcset=\"https:\/\/bxrepsol.s3.eu-west-1.amazonaws.com\/static\/2023\/04\/13133623\/trialgparteixoweb.jpg 1280w, https:\/\/bxrepsol.s3.eu-west-1.amazonaws.com\/static\/2023\/04\/13133623\/trialgparteixoweb-300x141.jpg 300w, https:\/\/bxrepsol.s3.eu-west-1.amazonaws.com\/static\/2023\/04\/13133623\/trialgparteixoweb-1024x480.jpg 1024w, https:\/\/bxrepsol.s3.eu-west-1.amazonaws.com\/static\/2023\/04\/13133623\/trialgparteixoweb-768x360.jpg 768w\" sizes=\"auto, (max-width: 1280px) 100vw, 1280px\" \/><\/figure>\n\n\n<p>El Campeonato del Mundo de <strong>TrialGP <\/strong>2023 celebrar\u00e1 su cita inaugural el pr\u00f3ximo 14 de abril en Espa\u00f1a. La ciudad de <strong>Arteixo<\/strong>, en Galicia, ser\u00e1 la encargada de acoger el inicio de la nueva temporada del Mundial Outdoor en el que el <strong>Repsol Honda Trial Team <\/strong>buscar\u00e1 luchar por un nuevo t\u00edtulo.<\/p>\n\n\n\n<p><strong>Toni Bou<\/strong>, que cuenta con m\u00e1s de 100 victorias en esta disciplina, buscar\u00e1 esta nueva temporada revalidar su t\u00edtulo de Campe\u00f3n. El piloto del <strong>Repsol Honda Trial Team <\/strong>cerr\u00f3 la pasada campa\u00f1a con una victoria en Italia y este 2023 lleva 3 triunfos en 4 carreras disputadas en el Mundial de X-Trial, as\u00ed que su objetivo en Arteixo ser\u00e1 continuar con esta din\u00e1mica de buenos resultados.<\/p>\n\n\n\n<p>Su compa\u00f1ero, <strong>Gabriel Marcelli<\/strong>, correr\u00e1 su segunda temporada de TrialGP con el <strong>Repsol Honda Trial Team<\/strong>. El joven piloto gallego, que viene de conseguir varios podios en el Mundial de X-Trial y es tercero en la clasificaci\u00f3n general, tendr\u00e1 este a\u00f1o el objetivo de subirse al podio en cada carrera y luchar por su primera victoria en esta disciplina. Adem\u00e1s, Marcelli competir\u00e1 en casa en esta cita inaugural del Mundial Outdoor.<\/p>\n\n\n\n<p>Al igual que ya sucedi\u00f3 en X-Trial, este 2023 tambi\u00e9n habr\u00e1 <strong>cambios en el reglamento<\/strong> de TrialGP que podremos ver en Arteixo. Los pilotos solo contar\u00e1n con la figura del mochilero en 6 de las 12 de zonas de acci\u00f3n, lo que supone una reducci\u00f3n del 50%. Adem\u00e1s, tambi\u00e9n se incorpora el uso del \u2018parque cerrado\u2019, limitando el tiempo que tienen los mec\u00e1nicos para poner a punto las motos entre las carreras del s\u00e1bado y el domingo.<\/p>\n\n\n\n<p>El calendario del Campeonato del Mundo de TrialGP estar\u00e1 compuesto por <strong>7 citas<\/strong>. Despu\u00e9s de Arteixo los pilotos volver\u00e1n a competir en Gouveia (Portugal), Motegi (Jap\u00f3n), Baldasserrona (San Marino), Sant Juli\u00e0 de L\u00f2ria (Andorra), Sestriere (Italia), y el cierre de la temporada se disputar\u00e1 en Vertolaye (Francia).<\/p>\n\n\n\n<div id=\"4031399e-ce58-4abd-ae5f-d13c6e19322b\" class=\"br-slider-box\"><div class=\"wp-block-create-block-repsol-carousel br-slider\"><a target=\"_blank\" href=\"https:\/\/bxrepsol.s3.eu-west-1.amazonaws.com\/static\/2023\/04\/13134050\/motos.jpg\" data-index=\"0\" rel=\"noopener\"><img decoding=\"async\" src=\"https:\/\/bxrepsol.s3.eu-west-1.amazonaws.com\/static\/2023\/04\/13134050\/motos.jpg\"\/><\/a><a target=\"_blank\" href=\"https:\/\/bxrepsol.s3.eu-west-1.amazonaws.com\/static\/2023\/04\/13134051\/6325c8bab19575-43379551.jpg\" data-index=\"1\" rel=\"noopener\"><img decoding=\"async\" src=\"https:\/\/bxrepsol.s3.eu-west-1.amazonaws.com\/static\/2023\/04\/13134051\/6325c8bab19575-43379551.jpg\"\/><\/a><a target=\"_blank\" href=\"https:\/\/bxrepsol.s3.eu-west-1.amazonaws.com\/static\/2023\/04\/13134052\/6325c8cd089060-16604699.jpg\" data-index=\"2\" rel=\"noopener\"><img decoding=\"async\" src=\"https:\/\/bxrepsol.s3.eu-west-1.amazonaws.com\/static\/2023\/04\/13134052\/6325c8cd089060-16604699.jpg\"\/><\/a><a target=\"_blank\" href=\"https:\/\/bxrepsol.s3.eu-west-1.amazonaws.com\/static\/2023\/04\/13134054\/6325c76fb0dd89-62608534.jpg\" data-index=\"3\" rel=\"noopener\"><img decoding=\"async\" src=\"https:\/\/bxrepsol.s3.eu-west-1.amazonaws.com\/static\/2023\/04\/13134054\/6325c76fb0dd89-62608534.jpg\"\/><\/a><a target=\"_blank\" href=\"https:\/\/bxrepsol.s3.eu-west-1.amazonaws.com\/static\/2023\/04\/13134055\/foto-previa-arteixo.jpg\" data-index=\"4\" rel=\"noopener\"><img decoding=\"async\" src=\"https:\/\/bxrepsol.s3.eu-west-1.amazonaws.com\/static\/2023\/04\/13134055\/foto-previa-arteixo.jpg\"\/><\/a><\/div><div class=\"br-slider-buttons\"><button class=\"arrow rds-icon arrow--left rds-icon-Arrow_left\"><\/button><button class=\"arrow rds-icon arrow--right rds-icon-Arrow_right\"><\/button><\/div><\/div>\n\n\n\n<h3 class=\"wp-block-heading\"><strong>Declaraciones<\/strong><\/h3>\n\n\n\n<p><strong>Toni Bou<\/strong><\/p>\n\n\n\n<p>\u00ab<em>Afrontamos la primera carrera de la temporada de outdoor con muchas ganas. Venimos de hacer buenos resultados este a\u00f1o en el Mundial de X-Trial con tres victorias y queremos mantener el mismo ritmo. Esta temporada seguro que estar\u00e1 muy apretada porque los rivales tienen un gran nivel, as\u00ed que ser\u00e1 importante no cometer errores y luchar por las primeras posiciones en cada carrera. Tanto el equipo como yo hemos hecho un gran trabajo de pretemporada y estamos preparados para afrontar la primera cita en Arteixo. Nuestro objetivo como en los \u00faltimos a\u00f1os ser\u00e1 conseguir el t\u00edtulo del Campeonato de TrialGP. Tenemos la motivaci\u00f3n y las ganas<\/em>\u00ab.<\/p>\n\n\n\n<p><strong>Gabriel Marcelli<\/strong><\/p>\n\n\n\n<p>\u00ab<em>Hace tiempo que tengo ganas de comenzar la temporada outdoor. Creo que hemos hecho una buena pretemporada y me siento con mucha confianza y seguridad. Afrontamos la primera carrera ilusionados y con grandes objetivos. Comenzar en Arteixo es como correr en casa. Va mucha gente a animarme y eso obviamente es un punto extra de motivaci\u00f3n y tambi\u00e9n de presi\u00f3n, pero creo que lo puedo manejar bien. Es un terreno que se me da bien y creo que puedo hacer un buen estreno de temporada. El objetivo de este a\u00f1o es estar en el podio lo m\u00e1ximo posible y conseguir alguna victoria adem\u00e1s de meternos dentro del top 3 en la clasificaci\u00f3n general<\/em>\u00ab.<\/p>\n\n\n\n<p><strong>Takahisa Fujinami &#8211; Team Manager<\/strong><\/p>\n\n\n\n<p>\u00ab<em>Llevamos esperando la primera carrera del Mundial de Outdoor desde hace mucho tiempo. El equipo tiene muchas ganas, creo que Toni y Gabri pueden hacer un buen campeonato. Ambos est\u00e1n preparados para darlo todo y han demostrado que tienen nivel. Este a\u00f1o todos los pilotos aprietan y conseguir la victoria no ser\u00e1 algo f\u00e1cil. El cambio de reglamento har\u00e1 que cada fallo sea muy importante, por lo que, la clave ser\u00e1 cometer los menores errores posibles para luchar por el triunfo. El objetivo para Toni esta temporada ser\u00e1 conseguir de nuevo el t\u00edtulo de Campe\u00f3n y para Gabri luchar por su primera victoria y cerrar el a\u00f1o dentro del top 3 de la general<\/em>\u00ab.<\/p>\n","protected":false},"excerpt":{"rendered":"<p>Toni Bou y Gabriel Marcelli se enfrentar\u00e1n a la prueba inaugural del Mundial Outdoor el pr\u00f3ximo 14 de abril en Arteixo<\/p>\n","protected":false},"author":43146,"featured_media":101411,"comment_status":"open","ping_status":"open","sticky":false,"template":"","format":"standard","meta":{"footnotes":""},"categories":[23],"tags":[269,203,130,21,26],"class_list":["post-101410","post","type-post","status-publish","format-standard","hentry","category-trial","tag-269","tag-gabri-marcelli","tag-otros-eventos-y-competiciones","tag-toni-bou","tag-trial"],"yoast_head":"<!-- This site is optimized with the Yoast SEO plugin v27.3 - https:\/\/yoast.com\/product\/yoast-seo-wordpress\/ -->\n<title>Los pilotos del Repsol Honda Trial Team, preparados para la primera cita de la temporada de TrialGP - Box Repsol<\/title>\n<meta name=\"description\" content=\"Toni Bou y Gabriel Marcelli se enfrentar\u00e1n a la prueba inaugural del Mundial Outdoor el pr\u00f3ximo 14 de abril en Arteixo.\" \/>\n<link rel=\"canonical\" href=\"https:\/\/www.boxrepsol.com\/es\/trial\/los-pilotos-del-repsol-honda-trial-team-preparados-para-la-primera-cita-de-la-temporada-de-trialgp\/\" \/>\n<meta property=\"og:locale\" content=\"es_ES\" \/>\n<meta property=\"og:type\" content=\"article\" \/>\n<meta property=\"og:title\" content=\"Los pilotos del Repsol Honda Trial Team, preparados para la primera cita de la temporada de TrialGP - Box Repsol\" \/>\n<meta property=\"og:description\" content=\"Toni Bou y Gabriel Marcelli se enfrentar\u00e1n a la prueba inaugural del Mundial Outdoor el pr\u00f3ximo 14 de abril en Arteixo.\" \/>\n<meta property=\"og:url\" content=\"https:\/\/www.boxrepsol.com\/es\/trial\/los-pilotos-del-repsol-honda-trial-team-preparados-para-la-primera-cita-de-la-temporada-de-trialgp\/\" \/>\n<meta property=\"og:site_name\" content=\"Box Repsol\" \/>\n<meta property=\"article:publisher\" content=\"https:\/\/www.facebook.com\/BoxRepsol\" \/>\n<meta property=\"article:author\" content=\"https:\/\/www.facebook.com\/BoxRepsol\/\" \/>\n<meta property=\"article:published_time\" content=\"2023-04-13T15:42:27+00:00\" \/>\n<meta property=\"article:modified_time\" content=\"2024-04-08T10:03:02+00:00\" \/>\n<meta property=\"og:image\" content=\"https:\/\/bxrepsol.s3.eu-west-1.amazonaws.com\/static\/2023\/04\/13133623\/trialgparteixoweb.jpg\" \/>\n\t<meta property=\"og:image:width\" content=\"1280\" \/>\n\t<meta property=\"og:image:height\" content=\"600\" \/>\n\t<meta property=\"og:image:type\" content=\"image\/jpeg\" \/>\n<meta name=\"author\" content=\"Redacci\u00f3n Box Repsol\" \/>\n<meta name=\"twitter:card\" content=\"summary_large_image\" \/>\n<meta name=\"twitter:creator\" content=\"@https:\/\/twitter.com\/box_repsol\" \/>\n<meta name=\"twitter:site\" content=\"@box_repsol\" \/>\n<meta name=\"twitter:label1\" content=\"Written by\" \/>\n\t<meta name=\"twitter:data1\" content=\"Redacci\u00f3n Box Repsol\" \/>\n\t<meta name=\"twitter:label2\" content=\"Est. reading time\" \/>\n\t<meta name=\"twitter:data2\" content=\"3 minutos\" \/>\n<script type=\"application\/ld+json\" class=\"yoast-schema-graph\">{\"@context\":\"https:\\\/\\\/schema.org\",\"@graph\":[{\"@type\":\"Article\",\"@id\":\"https:\\\/\\\/www.boxrepsol.com\\\/es\\\/trial\\\/los-pilotos-del-repsol-honda-trial-team-preparados-para-la-primera-cita-de-la-temporada-de-trialgp\\\/#article\",\"isPartOf\":{\"@id\":\"https:\\\/\\\/www.boxrepsol.com\\\/es\\\/trial\\\/los-pilotos-del-repsol-honda-trial-team-preparados-para-la-primera-cita-de-la-temporada-de-trialgp\\\/\"},\"author\":{\"name\":\"Redacci\u00f3n Box Repsol\",\"@id\":\"https:\\\/\\\/www.boxrepsol.com\\\/es\\\/#\\\/schema\\\/person\\\/c5c2138f2cca251b0ad92b7086bb60b7\"},\"headline\":\"Los pilotos del Repsol Honda Trial Team, preparados para la primera cita de la temporada de TrialGP\",\"datePublished\":\"2023-04-13T15:42:27+00:00\",\"dateModified\":\"2024-04-08T10:03:02+00:00\",\"mainEntityOfPage\":{\"@id\":\"https:\\\/\\\/www.boxrepsol.com\\\/es\\\/trial\\\/los-pilotos-del-repsol-honda-trial-team-preparados-para-la-primera-cita-de-la-temporada-de-trialgp\\\/\"},\"wordCount\":701,\"commentCount\":0,\"publisher\":{\"@id\":\"https:\\\/\\\/www.boxrepsol.com\\\/es\\\/#organization\"},\"image\":{\"@id\":\"https:\\\/\\\/www.boxrepsol.com\\\/es\\\/trial\\\/los-pilotos-del-repsol-honda-trial-team-preparados-para-la-primera-cita-de-la-temporada-de-trialgp\\\/#primaryimage\"},\"thumbnailUrl\":\"https:\\\/\\\/bxrepsol.s3.eu-west-1.amazonaws.com\\\/static\\\/2023\\\/04\\\/13133623\\\/trialgparteixoweb.jpg\",\"keywords\":[\"2023\",\"Gabri Marcelli\",\"otros eventos y competiciones\",\"Toni Bou\",\"trial\"],\"articleSection\":[\"Trial\"],\"inLanguage\":\"es\",\"potentialAction\":[{\"@type\":\"CommentAction\",\"name\":\"Comment\",\"target\":[\"https:\\\/\\\/www.boxrepsol.com\\\/es\\\/trial\\\/los-pilotos-del-repsol-honda-trial-team-preparados-para-la-primera-cita-de-la-temporada-de-trialgp\\\/#respond\"]}]},{\"@type\":\"WebPage\",\"@id\":\"https:\\\/\\\/www.boxrepsol.com\\\/es\\\/trial\\\/los-pilotos-del-repsol-honda-trial-team-preparados-para-la-primera-cita-de-la-temporada-de-trialgp\\\/\",\"url\":\"https:\\\/\\\/www.boxrepsol.com\\\/es\\\/trial\\\/los-pilotos-del-repsol-honda-trial-team-preparados-para-la-primera-cita-de-la-temporada-de-trialgp\\\/\",\"name\":\"Los pilotos del Repsol Honda Trial Team, preparados para la primera cita de la temporada de TrialGP - Box Repsol\",\"isPartOf\":{\"@id\":\"https:\\\/\\\/www.boxrepsol.com\\\/es\\\/#website\"},\"primaryImageOfPage\":{\"@id\":\"https:\\\/\\\/www.boxrepsol.com\\\/es\\\/trial\\\/los-pilotos-del-repsol-honda-trial-team-preparados-para-la-primera-cita-de-la-temporada-de-trialgp\\\/#primaryimage\"},\"image\":{\"@id\":\"https:\\\/\\\/www.boxrepsol.com\\\/es\\\/trial\\\/los-pilotos-del-repsol-honda-trial-team-preparados-para-la-primera-cita-de-la-temporada-de-trialgp\\\/#primaryimage\"},\"thumbnailUrl\":\"https:\\\/\\\/bxrepsol.s3.eu-west-1.amazonaws.com\\\/static\\\/2023\\\/04\\\/13133623\\\/trialgparteixoweb.jpg\",\"datePublished\":\"2023-04-13T15:42:27+00:00\",\"dateModified\":\"2024-04-08T10:03:02+00:00\",\"description\":\"Toni Bou y Gabriel Marcelli se enfrentar\u00e1n a la prueba inaugural del Mundial Outdoor el pr\u00f3ximo 14 de abril en Arteixo.\",\"breadcrumb\":{\"@id\":\"https:\\\/\\\/www.boxrepsol.com\\\/es\\\/trial\\\/los-pilotos-del-repsol-honda-trial-team-preparados-para-la-primera-cita-de-la-temporada-de-trialgp\\\/#breadcrumb\"},\"inLanguage\":\"es\",\"potentialAction\":[{\"@type\":\"ReadAction\",\"target\":[\"https:\\\/\\\/www.boxrepsol.com\\\/es\\\/trial\\\/los-pilotos-del-repsol-honda-trial-team-preparados-para-la-primera-cita-de-la-temporada-de-trialgp\\\/\"]}]},{\"@type\":\"ImageObject\",\"inLanguage\":\"es\",\"@id\":\"https:\\\/\\\/www.boxrepsol.com\\\/es\\\/trial\\\/los-pilotos-del-repsol-honda-trial-team-preparados-para-la-primera-cita-de-la-temporada-de-trialgp\\\/#primaryimage\",\"url\":\"https:\\\/\\\/bxrepsol.s3.eu-west-1.amazonaws.com\\\/static\\\/2023\\\/04\\\/13133623\\\/trialgparteixoweb.jpg\",\"contentUrl\":\"https:\\\/\\\/bxrepsol.s3.eu-west-1.amazonaws.com\\\/static\\\/2023\\\/04\\\/13133623\\\/trialgparteixoweb.jpg\",\"width\":1280,\"height\":600},{\"@type\":\"BreadcrumbList\",\"@id\":\"https:\\\/\\\/www.boxrepsol.com\\\/es\\\/trial\\\/los-pilotos-del-repsol-honda-trial-team-preparados-para-la-primera-cita-de-la-temporada-de-trialgp\\\/#breadcrumb\",\"itemListElement\":[{\"@type\":\"ListItem\",\"position\":1,\"name\":\"Home\",\"item\":\"https:\\\/\\\/www.boxrepsol.com\\\/es\\\/\"},{\"@type\":\"ListItem\",\"position\":2,\"name\":\"Los pilotos del Repsol Honda Trial Team, preparados para la primera cita de la temporada de TrialGP\"}]},{\"@type\":\"WebSite\",\"@id\":\"https:\\\/\\\/www.boxrepsol.com\\\/es\\\/#website\",\"url\":\"https:\\\/\\\/www.boxrepsol.com\\\/es\\\/\",\"name\":\"Box Repsol\",\"description\":\"Box Repsol Site\",\"publisher\":{\"@id\":\"https:\\\/\\\/www.boxrepsol.com\\\/es\\\/#organization\"},\"potentialAction\":[{\"@type\":\"SearchAction\",\"target\":{\"@type\":\"EntryPoint\",\"urlTemplate\":\"https:\\\/\\\/www.boxrepsol.com\\\/es\\\/?s={search_term_string}\"},\"query-input\":{\"@type\":\"PropertyValueSpecification\",\"valueRequired\":true,\"valueName\":\"search_term_string\"}}],\"inLanguage\":\"es\"},{\"@type\":\"Organization\",\"@id\":\"https:\\\/\\\/www.boxrepsol.com\\\/es\\\/#organization\",\"name\":\"Box Repsol\",\"url\":\"https:\\\/\\\/www.boxrepsol.com\\\/es\\\/\",\"logo\":{\"@type\":\"ImageObject\",\"inLanguage\":\"es\",\"@id\":\"https:\\\/\\\/www.boxrepsol.com\\\/es\\\/#\\\/schema\\\/logo\\\/image\\\/\",\"url\":\"https:\\\/\\\/bxrepsol.s3.eu-west-1.amazonaws.com\\\/static\\\/2025\\\/07\\\/30083337\\\/favicon-96x96-1.png\",\"contentUrl\":\"https:\\\/\\\/bxrepsol.s3.eu-west-1.amazonaws.com\\\/static\\\/2025\\\/07\\\/30083337\\\/favicon-96x96-1.png\",\"width\":96,\"height\":96,\"caption\":\"Box Repsol\"},\"image\":{\"@id\":\"https:\\\/\\\/www.boxrepsol.com\\\/es\\\/#\\\/schema\\\/logo\\\/image\\\/\"},\"sameAs\":[\"https:\\\/\\\/www.facebook.com\\\/BoxRepsol\",\"https:\\\/\\\/x.com\\\/box_repsol\",\"http:\\\/\\\/instagram.com\\\/box_repsol\",\"https:\\\/\\\/www.youtube.com\\\/user\\\/RepsolCompeticion\",\"https:\\\/\\\/www.flickr.com\\\/photos\\\/box_repsol\\\/\"]},{\"@type\":\"Person\",\"@id\":\"https:\\\/\\\/www.boxrepsol.com\\\/es\\\/#\\\/schema\\\/person\\\/c5c2138f2cca251b0ad92b7086bb60b7\",\"name\":\"Redacci\u00f3n Box Repsol\",\"image\":{\"@type\":\"ImageObject\",\"inLanguage\":\"es\",\"@id\":\"https:\\\/\\\/secure.gravatar.com\\\/avatar\\\/adf7b77e38b4419baf32c7e9c21dde01f4e40df611f0978e3006fc4ba0aaab7e?s=96&d=mm&r=g\",\"url\":\"https:\\\/\\\/secure.gravatar.com\\\/avatar\\\/adf7b77e38b4419baf32c7e9c21dde01f4e40df611f0978e3006fc4ba0aaab7e?s=96&d=mm&r=g\",\"contentUrl\":\"https:\\\/\\\/secure.gravatar.com\\\/avatar\\\/adf7b77e38b4419baf32c7e9c21dde01f4e40df611f0978e3006fc4ba0aaab7e?s=96&d=mm&r=g\",\"caption\":\"Redacci\u00f3n Box Repsol\"},\"description\":\"Box Repsol lo forma un equipo de periodistas, community managers, dise\u00f1adores y fot\u00f3grafos con m\u00e1s de 20 a\u00f1os de experiencia en el mundo del motorsport. Hemos vivido el primer mundial de un espa\u00f1ol en la categor\u00eda reina de motociclismo con \u00c1lex Crivill\u00e9, estuvimos en las victorias de Pedrosa y los t\u00edtulos de M\u00e1rquez, acompa\u00f1amos en \u00c1frica a Nani Roma y Marc Coma en sus conquistas del Dakar y hemos vibrado con los t\u00edtulos de Toni Bou en Trial. Adem\u00e1s, en nuestro equipo contamos con expertos en el mundo de las dos y cuatro ruedas tanto de la calle y las carreteras, como de los circuitos. Periodistas que han trabajado en revistas y publicaciones para hacerte llegar desde rutas y consejos de mantenimiento, a curiosidades y trucos de pilotaje.\",\"sameAs\":[\"https:\\\/\\\/www.facebook.com\\\/BoxRepsol\\\/\",\"https:\\\/\\\/www.instagram.com\\\/box_repsol\\\/\",\"https:\\\/\\\/x.com\\\/https:\\\/\\\/twitter.com\\\/box_repsol\",\"https:\\\/\\\/www.youtube.com\\\/@Boxrepsol\"],\"url\":\"https:\\\/\\\/www.boxrepsol.com\\\/es\\\/author\\\/redaccion-box-repsol\\\/\"}]}<\/script>\n<!-- \/ Yoast SEO plugin. -->","yoast_head_json":{"title":"Los pilotos del Repsol Honda Trial Team, preparados para la primera cita de la temporada de TrialGP - Box Repsol","description":"Toni Bou y Gabriel Marcelli se enfrentar\u00e1n a la prueba inaugural del Mundial Outdoor el pr\u00f3ximo 14 de abril en Arteixo.","canonical":"https:\/\/www.boxrepsol.com\/es\/trial\/los-pilotos-del-repsol-honda-trial-team-preparados-para-la-primera-cita-de-la-temporada-de-trialgp\/","og_locale":"es_ES","og_type":"article","og_title":"Los pilotos del Repsol Honda Trial Team, preparados para la primera cita de la temporada de TrialGP - Box Repsol","og_description":"Toni Bou y Gabriel Marcelli se enfrentar\u00e1n a la prueba inaugural del Mundial Outdoor el pr\u00f3ximo 14 de abril en Arteixo.","og_url":"https:\/\/www.boxrepsol.com\/es\/trial\/los-pilotos-del-repsol-honda-trial-team-preparados-para-la-primera-cita-de-la-temporada-de-trialgp\/","og_site_name":"Box Repsol","article_publisher":"https:\/\/www.facebook.com\/BoxRepsol","article_author":"https:\/\/www.facebook.com\/BoxRepsol\/","article_published_time":"2023-04-13T15:42:27+00:00","article_modified_time":"2024-04-08T10:03:02+00:00","og_image":[{"width":1280,"height":600,"url":"https:\/\/bxrepsol.s3.eu-west-1.amazonaws.com\/static\/2023\/04\/13133623\/trialgparteixoweb.jpg","type":"image\/jpeg"}],"author":"Redacci\u00f3n Box Repsol","twitter_card":"summary_large_image","twitter_creator":"@https:\/\/twitter.com\/box_repsol","twitter_site":"@box_repsol","twitter_misc":{"Written by":"Redacci\u00f3n Box Repsol","Est. reading time":"3 minutos"},"schema":{"@context":"https:\/\/schema.org","@graph":[{"@type":"Article","@id":"https:\/\/www.boxrepsol.com\/es\/trial\/los-pilotos-del-repsol-honda-trial-team-preparados-para-la-primera-cita-de-la-temporada-de-trialgp\/#article","isPartOf":{"@id":"https:\/\/www.boxrepsol.com\/es\/trial\/los-pilotos-del-repsol-honda-trial-team-preparados-para-la-primera-cita-de-la-temporada-de-trialgp\/"},"author":{"name":"Redacci\u00f3n Box Repsol","@id":"https:\/\/www.boxrepsol.com\/es\/#\/schema\/person\/c5c2138f2cca251b0ad92b7086bb60b7"},"headline":"Los pilotos del Repsol Honda Trial Team, preparados para la primera cita de la temporada de TrialGP","datePublished":"2023-04-13T15:42:27+00:00","dateModified":"2024-04-08T10:03:02+00:00","mainEntityOfPage":{"@id":"https:\/\/www.boxrepsol.com\/es\/trial\/los-pilotos-del-repsol-honda-trial-team-preparados-para-la-primera-cita-de-la-temporada-de-trialgp\/"},"wordCount":701,"commentCount":0,"publisher":{"@id":"https:\/\/www.boxrepsol.com\/es\/#organization"},"image":{"@id":"https:\/\/www.boxrepsol.com\/es\/trial\/los-pilotos-del-repsol-honda-trial-team-preparados-para-la-primera-cita-de-la-temporada-de-trialgp\/#primaryimage"},"thumbnailUrl":"https:\/\/bxrepsol.s3.eu-west-1.amazonaws.com\/static\/2023\/04\/13133623\/trialgparteixoweb.jpg","keywords":["2023","Gabri Marcelli","otros eventos y competiciones","Toni Bou","trial"],"articleSection":["Trial"],"inLanguage":"es","potentialAction":[{"@type":"CommentAction","name":"Comment","target":["https:\/\/www.boxrepsol.com\/es\/trial\/los-pilotos-del-repsol-honda-trial-team-preparados-para-la-primera-cita-de-la-temporada-de-trialgp\/#respond"]}]},{"@type":"WebPage","@id":"https:\/\/www.boxrepsol.com\/es\/trial\/los-pilotos-del-repsol-honda-trial-team-preparados-para-la-primera-cita-de-la-temporada-de-trialgp\/","url":"https:\/\/www.boxrepsol.com\/es\/trial\/los-pilotos-del-repsol-honda-trial-team-preparados-para-la-primera-cita-de-la-temporada-de-trialgp\/","name":"Los pilotos del Repsol Honda Trial Team, preparados para la primera cita de la temporada de TrialGP - Box Repsol","isPartOf":{"@id":"https:\/\/www.boxrepsol.com\/es\/#website"},"primaryImageOfPage":{"@id":"https:\/\/www.boxrepsol.com\/es\/trial\/los-pilotos-del-repsol-honda-trial-team-preparados-para-la-primera-cita-de-la-temporada-de-trialgp\/#primaryimage"},"image":{"@id":"https:\/\/www.boxrepsol.com\/es\/trial\/los-pilotos-del-repsol-honda-trial-team-preparados-para-la-primera-cita-de-la-temporada-de-trialgp\/#primaryimage"},"thumbnailUrl":"https:\/\/bxrepsol.s3.eu-west-1.amazonaws.com\/static\/2023\/04\/13133623\/trialgparteixoweb.jpg","datePublished":"2023-04-13T15:42:27+00:00","dateModified":"2024-04-08T10:03:02+00:00","description":"Toni Bou y Gabriel Marcelli se enfrentar\u00e1n a la prueba inaugural del Mundial Outdoor el pr\u00f3ximo 14 de abril en Arteixo.","breadcrumb":{"@id":"https:\/\/www.boxrepsol.com\/es\/trial\/los-pilotos-del-repsol-honda-trial-team-preparados-para-la-primera-cita-de-la-temporada-de-trialgp\/#breadcrumb"},"inLanguage":"es","potentialAction":[{"@type":"ReadAction","target":["https:\/\/www.boxrepsol.com\/es\/trial\/los-pilotos-del-repsol-honda-trial-team-preparados-para-la-primera-cita-de-la-temporada-de-trialgp\/"]}]},{"@type":"ImageObject","inLanguage":"es","@id":"https:\/\/www.boxrepsol.com\/es\/trial\/los-pilotos-del-repsol-honda-trial-team-preparados-para-la-primera-cita-de-la-temporada-de-trialgp\/#primaryimage","url":"https:\/\/bxrepsol.s3.eu-west-1.amazonaws.com\/static\/2023\/04\/13133623\/trialgparteixoweb.jpg","contentUrl":"https:\/\/bxrepsol.s3.eu-west-1.amazonaws.com\/static\/2023\/04\/13133623\/trialgparteixoweb.jpg","width":1280,"height":600},{"@type":"BreadcrumbList","@id":"https:\/\/www.boxrepsol.com\/es\/trial\/los-pilotos-del-repsol-honda-trial-team-preparados-para-la-primera-cita-de-la-temporada-de-trialgp\/#breadcrumb","itemListElement":[{"@type":"ListItem","position":1,"name":"Home","item":"https:\/\/www.boxrepsol.com\/es\/"},{"@type":"ListItem","position":2,"name":"Los pilotos del Repsol Honda Trial Team, preparados para la primera cita de la temporada de TrialGP"}]},{"@type":"WebSite","@id":"https:\/\/www.boxrepsol.com\/es\/#website","url":"https:\/\/www.boxrepsol.com\/es\/","name":"Box Repsol","description":"Box Repsol Site","publisher":{"@id":"https:\/\/www.boxrepsol.com\/es\/#organization"},"potentialAction":[{"@type":"SearchAction","target":{"@type":"EntryPoint","urlTemplate":"https:\/\/www.boxrepsol.com\/es\/?s={search_term_string}"},"query-input":{"@type":"PropertyValueSpecification","valueRequired":true,"valueName":"search_term_string"}}],"inLanguage":"es"},{"@type":"Organization","@id":"https:\/\/www.boxrepsol.com\/es\/#organization","name":"Box Repsol","url":"https:\/\/www.boxrepsol.com\/es\/","logo":{"@type":"ImageObject","inLanguage":"es","@id":"https:\/\/www.boxrepsol.com\/es\/#\/schema\/logo\/image\/","url":"https:\/\/bxrepsol.s3.eu-west-1.amazonaws.com\/static\/2025\/07\/30083337\/favicon-96x96-1.png","contentUrl":"https:\/\/bxrepsol.s3.eu-west-1.amazonaws.com\/static\/2025\/07\/30083337\/favicon-96x96-1.png","width":96,"height":96,"caption":"Box Repsol"},"image":{"@id":"https:\/\/www.boxrepsol.com\/es\/#\/schema\/logo\/image\/"},"sameAs":["https:\/\/www.facebook.com\/BoxRepsol","https:\/\/x.com\/box_repsol","http:\/\/instagram.com\/box_repsol","https:\/\/www.youtube.com\/user\/RepsolCompeticion","https:\/\/www.flickr.com\/photos\/box_repsol\/"]},{"@type":"Person","@id":"https:\/\/www.boxrepsol.com\/es\/#\/schema\/person\/c5c2138f2cca251b0ad92b7086bb60b7","name":"Redacci\u00f3n Box Repsol","image":{"@type":"ImageObject","inLanguage":"es","@id":"https:\/\/secure.gravatar.com\/avatar\/adf7b77e38b4419baf32c7e9c21dde01f4e40df611f0978e3006fc4ba0aaab7e?s=96&d=mm&r=g","url":"https:\/\/secure.gravatar.com\/avatar\/adf7b77e38b4419baf32c7e9c21dde01f4e40df611f0978e3006fc4ba0aaab7e?s=96&d=mm&r=g","contentUrl":"https:\/\/secure.gravatar.com\/avatar\/adf7b77e38b4419baf32c7e9c21dde01f4e40df611f0978e3006fc4ba0aaab7e?s=96&d=mm&r=g","caption":"Redacci\u00f3n Box Repsol"},"description":"Box Repsol lo forma un equipo de periodistas, community managers, dise\u00f1adores y fot\u00f3grafos con m\u00e1s de 20 a\u00f1os de experiencia en el mundo del motorsport. Hemos vivido el primer mundial de un espa\u00f1ol en la categor\u00eda reina de motociclismo con \u00c1lex Crivill\u00e9, estuvimos en las victorias de Pedrosa y los t\u00edtulos de M\u00e1rquez, acompa\u00f1amos en \u00c1frica a Nani Roma y Marc Coma en sus conquistas del Dakar y hemos vibrado con los t\u00edtulos de Toni Bou en Trial. Adem\u00e1s, en nuestro equipo contamos con expertos en el mundo de las dos y cuatro ruedas tanto de la calle y las carreteras, como de los circuitos. Periodistas que han trabajado en revistas y publicaciones para hacerte llegar desde rutas y consejos de mantenimiento, a curiosidades y trucos de pilotaje.","sameAs":["https:\/\/www.facebook.com\/BoxRepsol\/","https:\/\/www.instagram.com\/box_repsol\/","https:\/\/x.com\/https:\/\/twitter.com\/box_repsol","https:\/\/www.youtube.com\/@Boxrepsol"],"url":"https:\/\/www.boxrepsol.com\/es\/author\/redaccion-box-repsol\/"}]}},"_links":{"self":[{"href":"https:\/\/www.boxrepsol.com\/es\/wp-json\/wp\/v2\/posts\/101410","targetHints":{"allow":["GET"]}}],"collection":[{"href":"https:\/\/www.boxrepsol.com\/es\/wp-json\/wp\/v2\/posts"}],"about":[{"href":"https:\/\/www.boxrepsol.com\/es\/wp-json\/wp\/v2\/types\/post"}],"author":[{"embeddable":true,"href":"https:\/\/www.boxrepsol.com\/es\/wp-json\/wp\/v2\/users\/43146"}],"replies":[{"embeddable":true,"href":"https:\/\/www.boxrepsol.com\/es\/wp-json\/wp\/v2\/comments?post=101410"}],"version-history":[{"count":1,"href":"https:\/\/www.boxrepsol.com\/es\/wp-json\/wp\/v2\/posts\/101410\/revisions"}],"predecessor-version":[{"id":101423,"href":"https:\/\/www.boxrepsol.com\/es\/wp-json\/wp\/v2\/posts\/101410\/revisions\/101423"}],"wp:featuredmedia":[{"embeddable":true,"href":"https:\/\/www.boxrepsol.com\/es\/wp-json\/wp\/v2\/media\/101411"}],"wp:attachment":[{"href":"https:\/\/www.boxrepsol.com\/es\/wp-json\/wp\/v2\/media?parent=101410"}],"wp:term":[{"taxonomy":"category","embeddable":true,"href":"https:\/\/www.boxrepsol.com\/es\/wp-json\/wp\/v2\/categories?post=101410"},{"taxonomy":"post_tag","embeddable":true,"href":"https:\/\/www.boxrepsol.com\/es\/wp-json\/wp\/v2\/tags?post=101410"}],"curies":[{"name":"wp","href":"https:\/\/api.w.org\/{rel}","templated":true}]}}