{"id":101206,"date":"2023-04-08T06:48:55","date_gmt":"2023-04-08T08:48:55","guid":{"rendered":"https:\/\/www.boxrepsol.com\/?p=101206"},"modified":"2024-04-08T08:04:41","modified_gmt":"2024-04-08T10:04:41","slug":"toni-bou-cierra-la-primera-parte-de-la-temporada-de-x-trial-siendo-mas-lider","status":"publish","type":"post","link":"https:\/\/www.boxrepsol.com\/es\/trial\/toni-bou-cierra-la-primera-parte-de-la-temporada-de-x-trial-siendo-mas-lider\/","title":{"rendered":"Toni Bou cierra la primera parte de la temporada de X-Trial siendo m\u00e1s l\u00edder"},"content":{"rendered":"<figure class=\"wp-block-post-featured-image\"><img loading=\"lazy\" decoding=\"async\" width=\"1280\" height=\"600\" src=\"https:\/\/bxrepsol.s3.eu-west-1.amazonaws.com\/static\/2023\/04\/08064411\/https___repsolmedia.com_repsolmedia_wp-content_uploads_2023_04_X-Trial23_r4_PODIUM_03306_ps-scaled1.jpg\" class=\"attachment-post-thumbnail size-post-thumbnail wp-post-image\" alt=\"\" style=\"object-fit:cover;\" srcset=\"https:\/\/bxrepsol.s3.eu-west-1.amazonaws.com\/static\/2023\/04\/08064411\/https___repsolmedia.com_repsolmedia_wp-content_uploads_2023_04_X-Trial23_r4_PODIUM_03306_ps-scaled1.jpg 1280w, https:\/\/bxrepsol.s3.eu-west-1.amazonaws.com\/static\/2023\/04\/08064411\/https___repsolmedia.com_repsolmedia_wp-content_uploads_2023_04_X-Trial23_r4_PODIUM_03306_ps-scaled1-300x141.jpg 300w, https:\/\/bxrepsol.s3.eu-west-1.amazonaws.com\/static\/2023\/04\/08064411\/https___repsolmedia.com_repsolmedia_wp-content_uploads_2023_04_X-Trial23_r4_PODIUM_03306_ps-scaled1-1024x480.jpg 1024w, https:\/\/bxrepsol.s3.eu-west-1.amazonaws.com\/static\/2023\/04\/08064411\/https___repsolmedia.com_repsolmedia_wp-content_uploads_2023_04_X-Trial23_r4_PODIUM_03306_ps-scaled1-768x360.jpg 768w\" sizes=\"auto, (max-width: 1280px) 100vw, 1280px\" \/><\/figure>\n\n\n<p><strong>Burdeos <\/strong>fue anoche la encargada de acoger la cuarta cita del <strong>Campeonato del Mundo de X-Trial<\/strong> en el abarrotado <strong>Ark\u00e9a Arena<\/strong>. La ciudad francesa fue testigo de la tercera victoria de <strong>Toni Bou <\/strong>esta temporada y del quinto puesto de <strong>Gabriel Marcelli<\/strong>, que le mantiene tercero en la general.<\/p>\n\n\n\n<p><strong>Toni Bou <\/strong>fue de menos a m\u00e1s durante la noche de ayer, arrancando con una penalizaci\u00f3n de 5 puntos en la primera zona. Dichos puntos le har\u00edan clasificar como el segundo mejor de la primera ronda. Sin embargo, el piloto del <strong>equipo Repsol Honda <\/strong>supo mantener los nervios y registr\u00f3 la mejor marca en la segunda vuelta, posicion\u00e1ndose directamente como finalista. Ya en la final, <strong>Bou <\/strong>volv\u00eda a errar en la primera secci\u00f3n, aunque supo canalizar la presi\u00f3n y cerrar el evento con una victoria m\u00e1s.<\/p>\n\n\n\n<p>Por su parte, <strong>Gabriel Marcelli <\/strong>no tuvo su mejor actuaci\u00f3n desde el inicio del evento. Dos errores de cinco puntos de penalizaci\u00f3n en las dos primeras secciones le condicionaron lo que le restaba de noche. En la primera ronda fue quinto, y en la segundo repiti\u00f3 posici\u00f3n, qued\u00e1ndose a cuatro puntos de la final.<\/p>\n\n\n\n<p>Con la mitad de la temporada ya cursada, Toni Bou aumenta el liderato con 79 puntos y Gabriel Marcelli es tercero de la general con 46. Habr\u00e1 que esperar hasta el 7 de octubre para la siguiente cita, en Andorra.<\/p>\n\n\n\n<div id=\"4716a67e-ac13-4dc8-9744-1b3c2095bdba\" class=\"br-slider-box\"><div class=\"wp-block-create-block-repsol-carousel br-slider\"><a target=\"_blank\" href=\"https:\/\/bxrepsol.s3.eu-west-1.amazonaws.com\/static\/2023\/04\/08064655\/https___repsolmedia.com_repsolmedia_wp-content_uploads_2023_04_X-Trial23_r4_PODIUM_03296_ps-scaled-1.jpg\" data-index=\"0\" rel=\"noopener\"><img decoding=\"async\" src=\"https:\/\/bxrepsol.s3.eu-west-1.amazonaws.com\/static\/2023\/04\/08064655\/https___repsolmedia.com_repsolmedia_wp-content_uploads_2023_04_X-Trial23_r4_PODIUM_03296_ps-scaled-1.jpg\"\/><\/a><a target=\"_blank\" href=\"https:\/\/bxrepsol.s3.eu-west-1.amazonaws.com\/static\/2023\/04\/08064657\/https___repsolmedia.com_repsolmedia_wp-content_uploads_2023_04_X-Trial23_r4_MARCELLI_PEP06371_ps-scaled-1.jpg\" data-index=\"1\" rel=\"noopener\"><img decoding=\"async\" src=\"https:\/\/bxrepsol.s3.eu-west-1.amazonaws.com\/static\/2023\/04\/08064657\/https___repsolmedia.com_repsolmedia_wp-content_uploads_2023_04_X-Trial23_r4_MARCELLI_PEP06371_ps-scaled-1.jpg\"\/><\/a><a target=\"_blank\" href=\"https:\/\/bxrepsol.s3.eu-west-1.amazonaws.com\/static\/2023\/04\/08064658\/https___repsolmedia.com_repsolmedia_wp-content_uploads_2023_04_X-Trial23_r4_MARCELLI_PEP06438_ps-scaled-1.jpg\" data-index=\"2\" rel=\"noopener\"><img decoding=\"async\" src=\"https:\/\/bxrepsol.s3.eu-west-1.amazonaws.com\/static\/2023\/04\/08064658\/https___repsolmedia.com_repsolmedia_wp-content_uploads_2023_04_X-Trial23_r4_MARCELLI_PEP06438_ps-scaled-1.jpg\"\/><\/a><a target=\"_blank\" href=\"https:\/\/bxrepsol.s3.eu-west-1.amazonaws.com\/static\/2023\/04\/08064659\/https___repsolmedia.com_repsolmedia_wp-content_uploads_2023_04_X-Trial23_r4_BOU_02891_ps-scaled-1.jpg\" data-index=\"3\" rel=\"noopener\"><img decoding=\"async\" src=\"https:\/\/bxrepsol.s3.eu-west-1.amazonaws.com\/static\/2023\/04\/08064659\/https___repsolmedia.com_repsolmedia_wp-content_uploads_2023_04_X-Trial23_r4_BOU_02891_ps-scaled-1.jpg\"\/><\/a><a target=\"_blank\" href=\"https:\/\/bxrepsol.s3.eu-west-1.amazonaws.com\/static\/2023\/04\/08064701\/https___repsolmedia.com_repsolmedia_wp-content_uploads_2023_04_X-Trial23_r4_PODIUM_08347_ps-2-scaled-1.jpg\" data-index=\"4\" rel=\"noopener\"><img decoding=\"async\" src=\"https:\/\/bxrepsol.s3.eu-west-1.amazonaws.com\/static\/2023\/04\/08064701\/https___repsolmedia.com_repsolmedia_wp-content_uploads_2023_04_X-Trial23_r4_PODIUM_08347_ps-2-scaled-1.jpg\"\/><\/a><\/div><div class=\"br-slider-buttons\"><button class=\"arrow rds-icon arrow--left rds-icon-Arrow_left\"><\/button><button class=\"arrow rds-icon arrow--right rds-icon-Arrow_right\"><\/button><\/div><\/div>\n\n\n\n<h2 class=\"wp-block-heading\"><strong>Declaraciones<\/strong><\/h2>\n\n\n\n<p><strong>Toni Bou <\/strong><\/p>\n\n\n\n<p>\u00abHan apretado mucho todos los rivales desde la primera vuelta. Ya en la final hemos fallado todos un poco, sobre todo en la primera zona, ida y vuelta. Pero son cosas que pueden pasar, lo importante es que hemos sabido mejorar. Ha sido una carrera muy bonita, sobre todo por el p\u00fablico. Hemos pasado muchos nervios, pero hemos podido conseguir una victoria muy importante de cara al campeonato. Se cierra la primera parte de la temporada con tres victorias y una segunda posici\u00f3n, pero estando todo muy apretado. Estoy muy contento con el resultado y con el trabajo del equipo. \u00a1A seguir as\u00ed!\u00bb<\/p>\n\n\n\n<p><strong>Gabriel Marcelli<\/strong><\/p>\n\n\n\n<p>\u00abNos llevamos una quinta posici\u00f3n a casa, no es el resultado que quer\u00edamos, pretend\u00edamos subir al podio, a poder ser en lo m\u00e1s alto. Pero as\u00ed son las carreras, no siempre se puede estar delante. Comet\u00ed errores en las dos rondas: no pilot\u00e9 al nivel que deber\u00eda. Ahora se viene un par\u00f3n del campeonato, aprovechar\u00e9 para pulir errores y volver m\u00e1s fuerte en la siguiente cita. Lo positivo que podemos sacar de hoy es que sabemos cu\u00e1les son los errores y as\u00ed podemos aprender de ellos, tambi\u00e9n aprender a manejar los nervios\u00bb.<\/p>\n","protected":false},"excerpt":{"rendered":"<p>El piloto del equipo Repsol Honda vuelve a sumar una victoria, mientras que Gabriel Marcelli finaliza en quinta posici\u00f3n <\/p>\n","protected":false},"author":43146,"featured_media":101207,"comment_status":"open","ping_status":"open","sticky":false,"template":"","format":"standard","meta":{"footnotes":""},"categories":[23],"tags":[269,203,130,21,26],"class_list":["post-101206","post","type-post","status-publish","format-standard","hentry","category-trial","tag-269","tag-gabri-marcelli","tag-otros-eventos-y-competiciones","tag-toni-bou","tag-trial"],"yoast_head":"<!-- This site is optimized with the Yoast SEO plugin v27.3 - https:\/\/yoast.com\/product\/yoast-seo-wordpress\/ -->\n<title>Toni Bou cierra la primera parte de la temporada de X-Trial siendo m\u00e1s l\u00edder - Box Repsol<\/title>\n<meta name=\"description\" content=\"Toni Bou vuelve a sumar una victoria en el X-Trial de Burdeos, mientras que Gabriel Marcelli finaliza en quinta posici\u00f3n.\" \/>\n<link rel=\"canonical\" href=\"https:\/\/www.boxrepsol.com\/es\/trial\/toni-bou-cierra-la-primera-parte-de-la-temporada-de-x-trial-siendo-mas-lider\/\" \/>\n<meta property=\"og:locale\" content=\"es_ES\" \/>\n<meta property=\"og:type\" content=\"article\" \/>\n<meta property=\"og:title\" content=\"Toni Bou cierra la primera parte de la temporada de X-Trial siendo m\u00e1s l\u00edder - Box Repsol\" \/>\n<meta property=\"og:description\" content=\"Toni Bou vuelve a sumar una victoria en el X-Trial de Burdeos, mientras que Gabriel Marcelli finaliza en quinta posici\u00f3n.\" \/>\n<meta property=\"og:url\" content=\"https:\/\/www.boxrepsol.com\/es\/trial\/toni-bou-cierra-la-primera-parte-de-la-temporada-de-x-trial-siendo-mas-lider\/\" \/>\n<meta property=\"og:site_name\" content=\"Box Repsol\" \/>\n<meta property=\"article:publisher\" content=\"https:\/\/www.facebook.com\/BoxRepsol\" \/>\n<meta property=\"article:author\" content=\"https:\/\/www.facebook.com\/BoxRepsol\/\" \/>\n<meta property=\"article:published_time\" content=\"2023-04-08T08:48:55+00:00\" \/>\n<meta property=\"article:modified_time\" content=\"2024-04-08T10:04:41+00:00\" \/>\n<meta property=\"og:image\" content=\"https:\/\/bxrepsol.s3.eu-west-1.amazonaws.com\/static\/2023\/04\/08064411\/https___repsolmedia.com_repsolmedia_wp-content_uploads_2023_04_X-Trial23_r4_PODIUM_03306_ps-scaled1.jpg\" \/>\n\t<meta property=\"og:image:width\" content=\"1280\" \/>\n\t<meta property=\"og:image:height\" content=\"600\" \/>\n\t<meta property=\"og:image:type\" content=\"image\/jpeg\" \/>\n<meta name=\"author\" content=\"Redacci\u00f3n Box Repsol\" \/>\n<meta name=\"twitter:card\" content=\"summary_large_image\" \/>\n<meta name=\"twitter:image\" content=\"https:\/\/bxrepsol.s3.eu-west-1.amazonaws.com\/static\/2023\/04\/08064411\/https___repsolmedia.com_repsolmedia_wp-content_uploads_2023_04_X-Trial23_r4_PODIUM_03306_ps-scaled1.jpg\" \/>\n<meta name=\"twitter:creator\" content=\"@https:\/\/twitter.com\/box_repsol\" \/>\n<meta name=\"twitter:site\" content=\"@box_repsol\" \/>\n<meta name=\"twitter:label1\" content=\"Written by\" \/>\n\t<meta name=\"twitter:data1\" content=\"Redacci\u00f3n Box Repsol\" \/>\n\t<meta name=\"twitter:label2\" content=\"Est. reading time\" \/>\n\t<meta name=\"twitter:data2\" content=\"2 minutos\" \/>\n<script type=\"application\/ld+json\" class=\"yoast-schema-graph\">{\"@context\":\"https:\\\/\\\/schema.org\",\"@graph\":[{\"@type\":\"Article\",\"@id\":\"https:\\\/\\\/www.boxrepsol.com\\\/es\\\/trial\\\/toni-bou-cierra-la-primera-parte-de-la-temporada-de-x-trial-siendo-mas-lider\\\/#article\",\"isPartOf\":{\"@id\":\"https:\\\/\\\/www.boxrepsol.com\\\/es\\\/trial\\\/toni-bou-cierra-la-primera-parte-de-la-temporada-de-x-trial-siendo-mas-lider\\\/\"},\"author\":{\"name\":\"Redacci\u00f3n Box Repsol\",\"@id\":\"https:\\\/\\\/www.boxrepsol.com\\\/es\\\/#\\\/schema\\\/person\\\/c5c2138f2cca251b0ad92b7086bb60b7\"},\"headline\":\"Toni Bou cierra la primera parte de la temporada de X-Trial siendo m\u00e1s l\u00edder\",\"datePublished\":\"2023-04-08T08:48:55+00:00\",\"dateModified\":\"2024-04-08T10:04:41+00:00\",\"mainEntityOfPage\":{\"@id\":\"https:\\\/\\\/www.boxrepsol.com\\\/es\\\/trial\\\/toni-bou-cierra-la-primera-parte-de-la-temporada-de-x-trial-siendo-mas-lider\\\/\"},\"wordCount\":465,\"commentCount\":0,\"publisher\":{\"@id\":\"https:\\\/\\\/www.boxrepsol.com\\\/es\\\/#organization\"},\"image\":{\"@id\":\"https:\\\/\\\/www.boxrepsol.com\\\/es\\\/trial\\\/toni-bou-cierra-la-primera-parte-de-la-temporada-de-x-trial-siendo-mas-lider\\\/#primaryimage\"},\"thumbnailUrl\":\"https:\\\/\\\/bxrepsol.s3.eu-west-1.amazonaws.com\\\/static\\\/2023\\\/04\\\/08064411\\\/https___repsolmedia.com_repsolmedia_wp-content_uploads_2023_04_X-Trial23_r4_PODIUM_03306_ps-scaled1.jpg\",\"keywords\":[\"2023\",\"Gabri Marcelli\",\"otros eventos y competiciones\",\"Toni Bou\",\"trial\"],\"articleSection\":[\"Trial\"],\"inLanguage\":\"es\",\"potentialAction\":[{\"@type\":\"CommentAction\",\"name\":\"Comment\",\"target\":[\"https:\\\/\\\/www.boxrepsol.com\\\/es\\\/trial\\\/toni-bou-cierra-la-primera-parte-de-la-temporada-de-x-trial-siendo-mas-lider\\\/#respond\"]}]},{\"@type\":\"WebPage\",\"@id\":\"https:\\\/\\\/www.boxrepsol.com\\\/es\\\/trial\\\/toni-bou-cierra-la-primera-parte-de-la-temporada-de-x-trial-siendo-mas-lider\\\/\",\"url\":\"https:\\\/\\\/www.boxrepsol.com\\\/es\\\/trial\\\/toni-bou-cierra-la-primera-parte-de-la-temporada-de-x-trial-siendo-mas-lider\\\/\",\"name\":\"Toni Bou cierra la primera parte de la temporada de X-Trial siendo m\u00e1s l\u00edder - Box Repsol\",\"isPartOf\":{\"@id\":\"https:\\\/\\\/www.boxrepsol.com\\\/es\\\/#website\"},\"primaryImageOfPage\":{\"@id\":\"https:\\\/\\\/www.boxrepsol.com\\\/es\\\/trial\\\/toni-bou-cierra-la-primera-parte-de-la-temporada-de-x-trial-siendo-mas-lider\\\/#primaryimage\"},\"image\":{\"@id\":\"https:\\\/\\\/www.boxrepsol.com\\\/es\\\/trial\\\/toni-bou-cierra-la-primera-parte-de-la-temporada-de-x-trial-siendo-mas-lider\\\/#primaryimage\"},\"thumbnailUrl\":\"https:\\\/\\\/bxrepsol.s3.eu-west-1.amazonaws.com\\\/static\\\/2023\\\/04\\\/08064411\\\/https___repsolmedia.com_repsolmedia_wp-content_uploads_2023_04_X-Trial23_r4_PODIUM_03306_ps-scaled1.jpg\",\"datePublished\":\"2023-04-08T08:48:55+00:00\",\"dateModified\":\"2024-04-08T10:04:41+00:00\",\"description\":\"Toni Bou vuelve a sumar una victoria en el X-Trial de Burdeos, mientras que Gabriel Marcelli finaliza en quinta posici\u00f3n.\",\"breadcrumb\":{\"@id\":\"https:\\\/\\\/www.boxrepsol.com\\\/es\\\/trial\\\/toni-bou-cierra-la-primera-parte-de-la-temporada-de-x-trial-siendo-mas-lider\\\/#breadcrumb\"},\"inLanguage\":\"es\",\"potentialAction\":[{\"@type\":\"ReadAction\",\"target\":[\"https:\\\/\\\/www.boxrepsol.com\\\/es\\\/trial\\\/toni-bou-cierra-la-primera-parte-de-la-temporada-de-x-trial-siendo-mas-lider\\\/\"]}]},{\"@type\":\"ImageObject\",\"inLanguage\":\"es\",\"@id\":\"https:\\\/\\\/www.boxrepsol.com\\\/es\\\/trial\\\/toni-bou-cierra-la-primera-parte-de-la-temporada-de-x-trial-siendo-mas-lider\\\/#primaryimage\",\"url\":\"https:\\\/\\\/bxrepsol.s3.eu-west-1.amazonaws.com\\\/static\\\/2023\\\/04\\\/08064411\\\/https___repsolmedia.com_repsolmedia_wp-content_uploads_2023_04_X-Trial23_r4_PODIUM_03306_ps-scaled1.jpg\",\"contentUrl\":\"https:\\\/\\\/bxrepsol.s3.eu-west-1.amazonaws.com\\\/static\\\/2023\\\/04\\\/08064411\\\/https___repsolmedia.com_repsolmedia_wp-content_uploads_2023_04_X-Trial23_r4_PODIUM_03306_ps-scaled1.jpg\",\"width\":1280,\"height\":600},{\"@type\":\"BreadcrumbList\",\"@id\":\"https:\\\/\\\/www.boxrepsol.com\\\/es\\\/trial\\\/toni-bou-cierra-la-primera-parte-de-la-temporada-de-x-trial-siendo-mas-lider\\\/#breadcrumb\",\"itemListElement\":[{\"@type\":\"ListItem\",\"position\":1,\"name\":\"Home\",\"item\":\"https:\\\/\\\/www.boxrepsol.com\\\/es\\\/\"},{\"@type\":\"ListItem\",\"position\":2,\"name\":\"Toni Bou cierra la primera parte de la temporada de X-Trial siendo m\u00e1s l\u00edder\"}]},{\"@type\":\"WebSite\",\"@id\":\"https:\\\/\\\/www.boxrepsol.com\\\/es\\\/#website\",\"url\":\"https:\\\/\\\/www.boxrepsol.com\\\/es\\\/\",\"name\":\"Box Repsol\",\"description\":\"Box Repsol Site\",\"publisher\":{\"@id\":\"https:\\\/\\\/www.boxrepsol.com\\\/es\\\/#organization\"},\"potentialAction\":[{\"@type\":\"SearchAction\",\"target\":{\"@type\":\"EntryPoint\",\"urlTemplate\":\"https:\\\/\\\/www.boxrepsol.com\\\/es\\\/?s={search_term_string}\"},\"query-input\":{\"@type\":\"PropertyValueSpecification\",\"valueRequired\":true,\"valueName\":\"search_term_string\"}}],\"inLanguage\":\"es\"},{\"@type\":\"Organization\",\"@id\":\"https:\\\/\\\/www.boxrepsol.com\\\/es\\\/#organization\",\"name\":\"Box Repsol\",\"url\":\"https:\\\/\\\/www.boxrepsol.com\\\/es\\\/\",\"logo\":{\"@type\":\"ImageObject\",\"inLanguage\":\"es\",\"@id\":\"https:\\\/\\\/www.boxrepsol.com\\\/es\\\/#\\\/schema\\\/logo\\\/image\\\/\",\"url\":\"https:\\\/\\\/bxrepsol.s3.eu-west-1.amazonaws.com\\\/static\\\/2025\\\/07\\\/30083337\\\/favicon-96x96-1.png\",\"contentUrl\":\"https:\\\/\\\/bxrepsol.s3.eu-west-1.amazonaws.com\\\/static\\\/2025\\\/07\\\/30083337\\\/favicon-96x96-1.png\",\"width\":96,\"height\":96,\"caption\":\"Box Repsol\"},\"image\":{\"@id\":\"https:\\\/\\\/www.boxrepsol.com\\\/es\\\/#\\\/schema\\\/logo\\\/image\\\/\"},\"sameAs\":[\"https:\\\/\\\/www.facebook.com\\\/BoxRepsol\",\"https:\\\/\\\/x.com\\\/box_repsol\",\"http:\\\/\\\/instagram.com\\\/box_repsol\",\"https:\\\/\\\/www.youtube.com\\\/user\\\/RepsolCompeticion\",\"https:\\\/\\\/www.flickr.com\\\/photos\\\/box_repsol\\\/\"]},{\"@type\":\"Person\",\"@id\":\"https:\\\/\\\/www.boxrepsol.com\\\/es\\\/#\\\/schema\\\/person\\\/c5c2138f2cca251b0ad92b7086bb60b7\",\"name\":\"Redacci\u00f3n Box Repsol\",\"image\":{\"@type\":\"ImageObject\",\"inLanguage\":\"es\",\"@id\":\"https:\\\/\\\/secure.gravatar.com\\\/avatar\\\/adf7b77e38b4419baf32c7e9c21dde01f4e40df611f0978e3006fc4ba0aaab7e?s=96&d=mm&r=g\",\"url\":\"https:\\\/\\\/secure.gravatar.com\\\/avatar\\\/adf7b77e38b4419baf32c7e9c21dde01f4e40df611f0978e3006fc4ba0aaab7e?s=96&d=mm&r=g\",\"contentUrl\":\"https:\\\/\\\/secure.gravatar.com\\\/avatar\\\/adf7b77e38b4419baf32c7e9c21dde01f4e40df611f0978e3006fc4ba0aaab7e?s=96&d=mm&r=g\",\"caption\":\"Redacci\u00f3n Box Repsol\"},\"description\":\"Box Repsol lo forma un equipo de periodistas, community managers, dise\u00f1adores y fot\u00f3grafos con m\u00e1s de 20 a\u00f1os de experiencia en el mundo del motorsport. Hemos vivido el primer mundial de un espa\u00f1ol en la categor\u00eda reina de motociclismo con \u00c1lex Crivill\u00e9, estuvimos en las victorias de Pedrosa y los t\u00edtulos de M\u00e1rquez, acompa\u00f1amos en \u00c1frica a Nani Roma y Marc Coma en sus conquistas del Dakar y hemos vibrado con los t\u00edtulos de Toni Bou en Trial. Adem\u00e1s, en nuestro equipo contamos con expertos en el mundo de las dos y cuatro ruedas tanto de la calle y las carreteras, como de los circuitos. Periodistas que han trabajado en revistas y publicaciones para hacerte llegar desde rutas y consejos de mantenimiento, a curiosidades y trucos de pilotaje.\",\"sameAs\":[\"https:\\\/\\\/www.facebook.com\\\/BoxRepsol\\\/\",\"https:\\\/\\\/www.instagram.com\\\/box_repsol\\\/\",\"https:\\\/\\\/x.com\\\/https:\\\/\\\/twitter.com\\\/box_repsol\",\"https:\\\/\\\/www.youtube.com\\\/@Boxrepsol\"],\"url\":\"https:\\\/\\\/www.boxrepsol.com\\\/es\\\/author\\\/redaccion-box-repsol\\\/\"}]}<\/script>\n<!-- \/ Yoast SEO plugin. -->","yoast_head_json":{"title":"Toni Bou cierra la primera parte de la temporada de X-Trial siendo m\u00e1s l\u00edder - Box Repsol","description":"Toni Bou vuelve a sumar una victoria en el X-Trial de Burdeos, mientras que Gabriel Marcelli finaliza en quinta posici\u00f3n.","canonical":"https:\/\/www.boxrepsol.com\/es\/trial\/toni-bou-cierra-la-primera-parte-de-la-temporada-de-x-trial-siendo-mas-lider\/","og_locale":"es_ES","og_type":"article","og_title":"Toni Bou cierra la primera parte de la temporada de X-Trial siendo m\u00e1s l\u00edder - Box Repsol","og_description":"Toni Bou vuelve a sumar una victoria en el X-Trial de Burdeos, mientras que Gabriel Marcelli finaliza en quinta posici\u00f3n.","og_url":"https:\/\/www.boxrepsol.com\/es\/trial\/toni-bou-cierra-la-primera-parte-de-la-temporada-de-x-trial-siendo-mas-lider\/","og_site_name":"Box Repsol","article_publisher":"https:\/\/www.facebook.com\/BoxRepsol","article_author":"https:\/\/www.facebook.com\/BoxRepsol\/","article_published_time":"2023-04-08T08:48:55+00:00","article_modified_time":"2024-04-08T10:04:41+00:00","og_image":[{"width":1280,"height":600,"url":"https:\/\/bxrepsol.s3.eu-west-1.amazonaws.com\/static\/2023\/04\/08064411\/https___repsolmedia.com_repsolmedia_wp-content_uploads_2023_04_X-Trial23_r4_PODIUM_03306_ps-scaled1.jpg","type":"image\/jpeg"}],"author":"Redacci\u00f3n Box Repsol","twitter_card":"summary_large_image","twitter_image":"https:\/\/bxrepsol.s3.eu-west-1.amazonaws.com\/static\/2023\/04\/08064411\/https___repsolmedia.com_repsolmedia_wp-content_uploads_2023_04_X-Trial23_r4_PODIUM_03306_ps-scaled1.jpg","twitter_creator":"@https:\/\/twitter.com\/box_repsol","twitter_site":"@box_repsol","twitter_misc":{"Written by":"Redacci\u00f3n Box Repsol","Est. reading time":"2 minutos"},"schema":{"@context":"https:\/\/schema.org","@graph":[{"@type":"Article","@id":"https:\/\/www.boxrepsol.com\/es\/trial\/toni-bou-cierra-la-primera-parte-de-la-temporada-de-x-trial-siendo-mas-lider\/#article","isPartOf":{"@id":"https:\/\/www.boxrepsol.com\/es\/trial\/toni-bou-cierra-la-primera-parte-de-la-temporada-de-x-trial-siendo-mas-lider\/"},"author":{"name":"Redacci\u00f3n Box Repsol","@id":"https:\/\/www.boxrepsol.com\/es\/#\/schema\/person\/c5c2138f2cca251b0ad92b7086bb60b7"},"headline":"Toni Bou cierra la primera parte de la temporada de X-Trial siendo m\u00e1s l\u00edder","datePublished":"2023-04-08T08:48:55+00:00","dateModified":"2024-04-08T10:04:41+00:00","mainEntityOfPage":{"@id":"https:\/\/www.boxrepsol.com\/es\/trial\/toni-bou-cierra-la-primera-parte-de-la-temporada-de-x-trial-siendo-mas-lider\/"},"wordCount":465,"commentCount":0,"publisher":{"@id":"https:\/\/www.boxrepsol.com\/es\/#organization"},"image":{"@id":"https:\/\/www.boxrepsol.com\/es\/trial\/toni-bou-cierra-la-primera-parte-de-la-temporada-de-x-trial-siendo-mas-lider\/#primaryimage"},"thumbnailUrl":"https:\/\/bxrepsol.s3.eu-west-1.amazonaws.com\/static\/2023\/04\/08064411\/https___repsolmedia.com_repsolmedia_wp-content_uploads_2023_04_X-Trial23_r4_PODIUM_03306_ps-scaled1.jpg","keywords":["2023","Gabri Marcelli","otros eventos y competiciones","Toni Bou","trial"],"articleSection":["Trial"],"inLanguage":"es","potentialAction":[{"@type":"CommentAction","name":"Comment","target":["https:\/\/www.boxrepsol.com\/es\/trial\/toni-bou-cierra-la-primera-parte-de-la-temporada-de-x-trial-siendo-mas-lider\/#respond"]}]},{"@type":"WebPage","@id":"https:\/\/www.boxrepsol.com\/es\/trial\/toni-bou-cierra-la-primera-parte-de-la-temporada-de-x-trial-siendo-mas-lider\/","url":"https:\/\/www.boxrepsol.com\/es\/trial\/toni-bou-cierra-la-primera-parte-de-la-temporada-de-x-trial-siendo-mas-lider\/","name":"Toni Bou cierra la primera parte de la temporada de X-Trial siendo m\u00e1s l\u00edder - Box Repsol","isPartOf":{"@id":"https:\/\/www.boxrepsol.com\/es\/#website"},"primaryImageOfPage":{"@id":"https:\/\/www.boxrepsol.com\/es\/trial\/toni-bou-cierra-la-primera-parte-de-la-temporada-de-x-trial-siendo-mas-lider\/#primaryimage"},"image":{"@id":"https:\/\/www.boxrepsol.com\/es\/trial\/toni-bou-cierra-la-primera-parte-de-la-temporada-de-x-trial-siendo-mas-lider\/#primaryimage"},"thumbnailUrl":"https:\/\/bxrepsol.s3.eu-west-1.amazonaws.com\/static\/2023\/04\/08064411\/https___repsolmedia.com_repsolmedia_wp-content_uploads_2023_04_X-Trial23_r4_PODIUM_03306_ps-scaled1.jpg","datePublished":"2023-04-08T08:48:55+00:00","dateModified":"2024-04-08T10:04:41+00:00","description":"Toni Bou vuelve a sumar una victoria en el X-Trial de Burdeos, mientras que Gabriel Marcelli finaliza en quinta posici\u00f3n.","breadcrumb":{"@id":"https:\/\/www.boxrepsol.com\/es\/trial\/toni-bou-cierra-la-primera-parte-de-la-temporada-de-x-trial-siendo-mas-lider\/#breadcrumb"},"inLanguage":"es","potentialAction":[{"@type":"ReadAction","target":["https:\/\/www.boxrepsol.com\/es\/trial\/toni-bou-cierra-la-primera-parte-de-la-temporada-de-x-trial-siendo-mas-lider\/"]}]},{"@type":"ImageObject","inLanguage":"es","@id":"https:\/\/www.boxrepsol.com\/es\/trial\/toni-bou-cierra-la-primera-parte-de-la-temporada-de-x-trial-siendo-mas-lider\/#primaryimage","url":"https:\/\/bxrepsol.s3.eu-west-1.amazonaws.com\/static\/2023\/04\/08064411\/https___repsolmedia.com_repsolmedia_wp-content_uploads_2023_04_X-Trial23_r4_PODIUM_03306_ps-scaled1.jpg","contentUrl":"https:\/\/bxrepsol.s3.eu-west-1.amazonaws.com\/static\/2023\/04\/08064411\/https___repsolmedia.com_repsolmedia_wp-content_uploads_2023_04_X-Trial23_r4_PODIUM_03306_ps-scaled1.jpg","width":1280,"height":600},{"@type":"BreadcrumbList","@id":"https:\/\/www.boxrepsol.com\/es\/trial\/toni-bou-cierra-la-primera-parte-de-la-temporada-de-x-trial-siendo-mas-lider\/#breadcrumb","itemListElement":[{"@type":"ListItem","position":1,"name":"Home","item":"https:\/\/www.boxrepsol.com\/es\/"},{"@type":"ListItem","position":2,"name":"Toni Bou cierra la primera parte de la temporada de X-Trial siendo m\u00e1s l\u00edder"}]},{"@type":"WebSite","@id":"https:\/\/www.boxrepsol.com\/es\/#website","url":"https:\/\/www.boxrepsol.com\/es\/","name":"Box Repsol","description":"Box Repsol Site","publisher":{"@id":"https:\/\/www.boxrepsol.com\/es\/#organization"},"potentialAction":[{"@type":"SearchAction","target":{"@type":"EntryPoint","urlTemplate":"https:\/\/www.boxrepsol.com\/es\/?s={search_term_string}"},"query-input":{"@type":"PropertyValueSpecification","valueRequired":true,"valueName":"search_term_string"}}],"inLanguage":"es"},{"@type":"Organization","@id":"https:\/\/www.boxrepsol.com\/es\/#organization","name":"Box Repsol","url":"https:\/\/www.boxrepsol.com\/es\/","logo":{"@type":"ImageObject","inLanguage":"es","@id":"https:\/\/www.boxrepsol.com\/es\/#\/schema\/logo\/image\/","url":"https:\/\/bxrepsol.s3.eu-west-1.amazonaws.com\/static\/2025\/07\/30083337\/favicon-96x96-1.png","contentUrl":"https:\/\/bxrepsol.s3.eu-west-1.amazonaws.com\/static\/2025\/07\/30083337\/favicon-96x96-1.png","width":96,"height":96,"caption":"Box Repsol"},"image":{"@id":"https:\/\/www.boxrepsol.com\/es\/#\/schema\/logo\/image\/"},"sameAs":["https:\/\/www.facebook.com\/BoxRepsol","https:\/\/x.com\/box_repsol","http:\/\/instagram.com\/box_repsol","https:\/\/www.youtube.com\/user\/RepsolCompeticion","https:\/\/www.flickr.com\/photos\/box_repsol\/"]},{"@type":"Person","@id":"https:\/\/www.boxrepsol.com\/es\/#\/schema\/person\/c5c2138f2cca251b0ad92b7086bb60b7","name":"Redacci\u00f3n Box Repsol","image":{"@type":"ImageObject","inLanguage":"es","@id":"https:\/\/secure.gravatar.com\/avatar\/adf7b77e38b4419baf32c7e9c21dde01f4e40df611f0978e3006fc4ba0aaab7e?s=96&d=mm&r=g","url":"https:\/\/secure.gravatar.com\/avatar\/adf7b77e38b4419baf32c7e9c21dde01f4e40df611f0978e3006fc4ba0aaab7e?s=96&d=mm&r=g","contentUrl":"https:\/\/secure.gravatar.com\/avatar\/adf7b77e38b4419baf32c7e9c21dde01f4e40df611f0978e3006fc4ba0aaab7e?s=96&d=mm&r=g","caption":"Redacci\u00f3n Box Repsol"},"description":"Box Repsol lo forma un equipo de periodistas, community managers, dise\u00f1adores y fot\u00f3grafos con m\u00e1s de 20 a\u00f1os de experiencia en el mundo del motorsport. Hemos vivido el primer mundial de un espa\u00f1ol en la categor\u00eda reina de motociclismo con \u00c1lex Crivill\u00e9, estuvimos en las victorias de Pedrosa y los t\u00edtulos de M\u00e1rquez, acompa\u00f1amos en \u00c1frica a Nani Roma y Marc Coma en sus conquistas del Dakar y hemos vibrado con los t\u00edtulos de Toni Bou en Trial. Adem\u00e1s, en nuestro equipo contamos con expertos en el mundo de las dos y cuatro ruedas tanto de la calle y las carreteras, como de los circuitos. Periodistas que han trabajado en revistas y publicaciones para hacerte llegar desde rutas y consejos de mantenimiento, a curiosidades y trucos de pilotaje.","sameAs":["https:\/\/www.facebook.com\/BoxRepsol\/","https:\/\/www.instagram.com\/box_repsol\/","https:\/\/x.com\/https:\/\/twitter.com\/box_repsol","https:\/\/www.youtube.com\/@Boxrepsol"],"url":"https:\/\/www.boxrepsol.com\/es\/author\/redaccion-box-repsol\/"}]}},"_links":{"self":[{"href":"https:\/\/www.boxrepsol.com\/es\/wp-json\/wp\/v2\/posts\/101206","targetHints":{"allow":["GET"]}}],"collection":[{"href":"https:\/\/www.boxrepsol.com\/es\/wp-json\/wp\/v2\/posts"}],"about":[{"href":"https:\/\/www.boxrepsol.com\/es\/wp-json\/wp\/v2\/types\/post"}],"author":[{"embeddable":true,"href":"https:\/\/www.boxrepsol.com\/es\/wp-json\/wp\/v2\/users\/43146"}],"replies":[{"embeddable":true,"href":"https:\/\/www.boxrepsol.com\/es\/wp-json\/wp\/v2\/comments?post=101206"}],"version-history":[{"count":1,"href":"https:\/\/www.boxrepsol.com\/es\/wp-json\/wp\/v2\/posts\/101206\/revisions"}],"predecessor-version":[{"id":101219,"href":"https:\/\/www.boxrepsol.com\/es\/wp-json\/wp\/v2\/posts\/101206\/revisions\/101219"}],"wp:featuredmedia":[{"embeddable":true,"href":"https:\/\/www.boxrepsol.com\/es\/wp-json\/wp\/v2\/media\/101207"}],"wp:attachment":[{"href":"https:\/\/www.boxrepsol.com\/es\/wp-json\/wp\/v2\/media?parent=101206"}],"wp:term":[{"taxonomy":"category","embeddable":true,"href":"https:\/\/www.boxrepsol.com\/es\/wp-json\/wp\/v2\/categories?post=101206"},{"taxonomy":"post_tag","embeddable":true,"href":"https:\/\/www.boxrepsol.com\/es\/wp-json\/wp\/v2\/tags?post=101206"}],"curies":[{"name":"wp","href":"https:\/\/api.w.org\/{rel}","templated":true}]}}