{"id":101143,"date":"2023-04-05T08:42:30","date_gmt":"2023-04-05T10:42:30","guid":{"rendered":"https:\/\/www.boxrepsol.com\/?p=101143"},"modified":"2024-04-08T08:05:15","modified_gmt":"2024-04-08T10:05:15","slug":"toni-bou-y-gabriel-marcelli-listos-para-la-cuarta-cita-de-la-temporada-del-mundial-de-x-trial-en-burdeos","status":"publish","type":"post","link":"https:\/\/www.boxrepsol.com\/es\/trial\/toni-bou-y-gabriel-marcelli-listos-para-la-cuarta-cita-de-la-temporada-del-mundial-de-x-trial-en-burdeos\/","title":{"rendered":"Toni Bou y Gabriel Marcelli, listos para la cuarta cita de la temporada del Mundial de X-Trial en Burdeos"},"content":{"rendered":"<figure class=\"wp-block-post-featured-image\"><img loading=\"lazy\" decoding=\"async\" width=\"1280\" height=\"600\" src=\"https:\/\/bxrepsol.s3.eu-west-1.amazonaws.com\/static\/2023\/04\/05083459\/foto-portada-previa1.jpg\" class=\"attachment-post-thumbnail size-post-thumbnail wp-post-image\" alt=\"\" style=\"object-fit:cover;\" srcset=\"https:\/\/bxrepsol.s3.eu-west-1.amazonaws.com\/static\/2023\/04\/05083459\/foto-portada-previa1.jpg 1280w, https:\/\/bxrepsol.s3.eu-west-1.amazonaws.com\/static\/2023\/04\/05083459\/foto-portada-previa1-300x141.jpg 300w, https:\/\/bxrepsol.s3.eu-west-1.amazonaws.com\/static\/2023\/04\/05083459\/foto-portada-previa1-1024x480.jpg 1024w, https:\/\/bxrepsol.s3.eu-west-1.amazonaws.com\/static\/2023\/04\/05083459\/foto-portada-previa1-768x360.jpg 768w\" sizes=\"auto, (max-width: 1280px) 100vw, 1280px\" \/><\/figure>\n\n\n<p>El <strong>Ark\u00e9a Arena <\/strong>acoger\u00e1 por primera vez el pr\u00f3ximo viernes 7 de abril la cuarta prueba del Campeonato de <strong>X-Trial<\/strong>. <strong>Toni Bou <\/strong>llega a <strong>Burdeos <\/strong>como l\u00edder provisional de la clasificaci\u00f3n tras los buenos resultados conseguidos en las tres citas disputadas hasta el momento. Por su parte, <strong>Gabriel Marcelli<\/strong>, contin\u00faa tercero en la general a solo 6 puntos del segundo clasificado.<\/p>\n\n\n\n<p>Dos victorias y una segunda posici\u00f3n son los buenos resultados que ha logrado <strong>Toni Bou <\/strong>en las tres pruebas que se han celebrado hasta ahora del Mundial de X-Trial, que le han hecho consolidar su liderato en la general. El piloto del <strong>Repsol Honda Trial Team <\/strong>llega a la cuarta prueba de la temporada con 58 puntos en su casillero tras conseguir su segunda victoria en <strong>Pamplona<\/strong>. En el Ark\u00e9a Arena el objetivo principal de Bou ser\u00e1 sumar un nuevo triunfo.<\/p>\n\n\n\n<p><strong>Gabriel Marcelli <\/strong>es tercero en la clasificaci\u00f3n general despu\u00e9s de lograr una segunda plaza en Pamplona, que le permiti\u00f3 recortar una gran cantidad de puntos con respecto a sus rivales. El piloto del <strong>Repsol Honda Trial Team <\/strong>llega a <strong>Francia <\/strong>con el objetivo de continuar en esta l\u00ednea de grandes resultados y preparado para luchar por la victoria.<\/p>\n\n\n\n<p>Tras la cita en Pamplona, en la que los pilotos del Repsol Honda Trial Team consiguieron una primera y segunda posici\u00f3n, el objetivo de ambos ser\u00e1 repetir estos resultados en Burdeos para recoger la m\u00e1xima cantidad de puntos antes del par\u00f3n del Mundial de X-Trial. La cuarta prueba de la temporada en el Ark\u00e9a Arena dar\u00e1 comienzo a las 20:45 horas.<\/p>\n\n\n\n<div id=\"cd064000-f67d-43be-9fe2-8e2f2c1c9741\" class=\"br-slider-box\"><div class=\"wp-block-create-block-repsol-carousel br-slider\"><a target=\"_blank\" href=\"https:\/\/bxrepsol.s3.eu-west-1.amazonaws.com\/static\/2023\/04\/05083659\/foto-principal-previa.jpg\" data-index=\"0\" rel=\"noopener\"><img decoding=\"async\" src=\"https:\/\/bxrepsol.s3.eu-west-1.amazonaws.com\/static\/2023\/04\/05083659\/foto-principal-previa.jpg\"\/><\/a><a target=\"_blank\" href=\"https:\/\/bxrepsol.s3.eu-west-1.amazonaws.com\/static\/2023\/04\/05083700\/x-trial23_r3_repsol_02947_ps.jpg\" data-index=\"1\" rel=\"noopener\"><img decoding=\"async\" src=\"https:\/\/bxrepsol.s3.eu-west-1.amazonaws.com\/static\/2023\/04\/05083700\/x-trial23_r3_repsol_02947_ps.jpg\"\/><\/a><a target=\"_blank\" href=\"https:\/\/bxrepsol.s3.eu-west-1.amazonaws.com\/static\/2023\/04\/05083701\/x-trial23_r3_repsol_03817_ps.jpg\" data-index=\"2\" rel=\"noopener\"><img decoding=\"async\" src=\"https:\/\/bxrepsol.s3.eu-west-1.amazonaws.com\/static\/2023\/04\/05083701\/x-trial23_r3_repsol_03817_ps.jpg\"\/><\/a><a target=\"_blank\" href=\"https:\/\/bxrepsol.s3.eu-west-1.amazonaws.com\/static\/2023\/04\/05083703\/x-trial23_r3_repsol_03370_ps.jpg\" data-index=\"3\" rel=\"noopener\"><img decoding=\"async\" src=\"https:\/\/bxrepsol.s3.eu-west-1.amazonaws.com\/static\/2023\/04\/05083703\/x-trial23_r3_repsol_03370_ps.jpg\"\/><\/a><a target=\"_blank\" href=\"https:\/\/bxrepsol.s3.eu-west-1.amazonaws.com\/static\/2023\/04\/05083704\/x-trial23_r3_repsol_03390_ps.jpg\" data-index=\"4\" rel=\"noopener\"><img decoding=\"async\" src=\"https:\/\/bxrepsol.s3.eu-west-1.amazonaws.com\/static\/2023\/04\/05083704\/x-trial23_r3_repsol_03390_ps.jpg\"\/><\/a><\/div><div class=\"br-slider-buttons\"><button class=\"arrow rds-icon arrow--left rds-icon-Arrow_left\"><\/button><button class=\"arrow rds-icon arrow--right rds-icon-Arrow_right\"><\/button><\/div><\/div>\n\n\n\n<h2 class=\"wp-block-heading\"><strong>Declaraciones <\/strong><\/h2>\n\n\n\n<p><strong>Toni Bou<\/strong><\/p>\n\n\n\n<p>\u00ab<em>Despu\u00e9s de una buena carrera en Pamplona vamos a Burdeos con muchas ganas. Queremos continuar en esta l\u00ednea, ya que lo m\u00e1s importante es sumar el m\u00e1ximo de puntos. Como hemos visto es un campeonato muy ajustado y los rivales vienen apretando bastante fuerte. Creo que la clave ser\u00e1 no cometer errores, porque cualquier fallo te deja fuera de la final, as\u00ed que hay que estar muy concentrados. Siempre es importante conseguir un buen resultado cuando llega un par\u00f3n. Nuestro objetivo ser\u00e1 coger los m\u00e1ximos puntos posibles, estamos en una buena posici\u00f3n en el campeonato y buscaremos el mejor resultado<\/em>\u00ab.<\/p>\n\n\n\n<p><strong>Gabriel Marcelli<\/strong><\/p>\n\n\n\n<p>\u00ab<em>Las carreras est\u00e1n yendo muy bien, en Pamplona volvimos a conseguir la segunda posici\u00f3n y estamos contentos con el trabajo que estamos haciendo. Afrontamos la prueba de Burdeos con m\u00e1s confianza despu\u00e9s de los buenos resultados conseguidos. F\u00edsica y t\u00e9cnicamente me encuentro preparado para luchar por la victoria y este ser\u00e1 nuestro objetivo, aunque no ser\u00e1 f\u00e1cil porque los rivales tienen un gran nivel, pero con cabeza y haciendo bien las cosas lo podemos lograr. Es la \u00faltima carrera antes del par\u00f3n y ser\u00e1 importante conseguir un buen resultado para sumar puntos de cara al campeonato<\/em>\u00ab.<\/p>\n\n\n\n<p><strong>Takahisa Fujinami<\/strong><\/p>\n\n\n\n<p>\u00ab<em>El equipo llega a la cita de Burdeos con buenas sensaciones, preparado y muy motivado. Despu\u00e9s de la gran carrera en Pamplona, Gabri recort\u00f3 bastantes puntos con respecto al segundo clasificado y el objetivo de ambos pilotos ser\u00e1 terminar en lo m\u00e1s alto del podio. Conseguir un buen resultado antes del par\u00f3n del Mundial de X-Trial ser\u00e1 importante y nos dar\u00e1 una motivaci\u00f3n extra y buen ritmo para el comienzo de TrialGP. Confiamos en que Toni y Gabri pueden repetir los resultados de Barcelona y Pamplona en la carrera de Burdeos de este viernes y subirse a lo m\u00e1s alto del podio<\/em>\u00ab.<\/p>\n","protected":false},"excerpt":{"rendered":"<p>El 32 veces Campe\u00f3n del Mundo es l\u00edder provisional de la general tras los resultados cosechados hasta el momento y su compa\u00f1ero, Marcelli, es tercero a solo 6 puntos del segundo clasificado<\/p>\n","protected":false},"author":43146,"featured_media":101144,"comment_status":"open","ping_status":"open","sticky":false,"template":"","format":"standard","meta":{"footnotes":""},"categories":[23],"tags":[],"class_list":["post-101143","post","type-post","status-publish","format-standard","hentry","category-trial"],"yoast_head":"<!-- This site is optimized with the Yoast SEO plugin v27.3 - https:\/\/yoast.com\/product\/yoast-seo-wordpress\/ -->\n<title>Toni Bou y Gabriel Marcelli, listos para la cuarta cita de la temporada del Mundial de X-Trial en Burdeos - Box Repsol<\/title>\n<meta name=\"description\" content=\"Toni Bou y Gabriel Marcelli llegan a la cuarta cita de la temporada del Mundial de X-Trial en Burdeos tras lograr un doblete en Pamplona.\" \/>\n<link rel=\"canonical\" href=\"https:\/\/www.boxrepsol.com\/es\/trial\/toni-bou-y-gabriel-marcelli-listos-para-la-cuarta-cita-de-la-temporada-del-mundial-de-x-trial-en-burdeos\/\" \/>\n<meta property=\"og:locale\" content=\"es_ES\" \/>\n<meta property=\"og:type\" content=\"article\" \/>\n<meta property=\"og:title\" content=\"Toni Bou y Gabriel Marcelli, listos para la cuarta cita de la temporada del Mundial de X-Trial en Burdeos - Box Repsol\" \/>\n<meta property=\"og:description\" content=\"Toni Bou y Gabriel Marcelli llegan a la cuarta cita de la temporada del Mundial de X-Trial en Burdeos tras lograr un doblete en Pamplona.\" \/>\n<meta property=\"og:url\" content=\"https:\/\/www.boxrepsol.com\/es\/trial\/toni-bou-y-gabriel-marcelli-listos-para-la-cuarta-cita-de-la-temporada-del-mundial-de-x-trial-en-burdeos\/\" \/>\n<meta property=\"og:site_name\" content=\"Box Repsol\" \/>\n<meta property=\"article:publisher\" content=\"https:\/\/www.facebook.com\/BoxRepsol\" \/>\n<meta property=\"article:author\" content=\"https:\/\/www.facebook.com\/BoxRepsol\/\" \/>\n<meta property=\"article:published_time\" content=\"2023-04-05T10:42:30+00:00\" \/>\n<meta property=\"article:modified_time\" content=\"2024-04-08T10:05:15+00:00\" \/>\n<meta property=\"og:image\" content=\"https:\/\/bxrepsol.s3.eu-west-1.amazonaws.com\/static\/2023\/04\/05083459\/foto-portada-previa1.jpg\" \/>\n\t<meta property=\"og:image:width\" content=\"1280\" \/>\n\t<meta property=\"og:image:height\" content=\"600\" \/>\n\t<meta property=\"og:image:type\" content=\"image\/jpeg\" \/>\n<meta name=\"author\" content=\"Redacci\u00f3n Box Repsol\" \/>\n<meta name=\"twitter:card\" content=\"summary_large_image\" \/>\n<meta name=\"twitter:image\" content=\"https:\/\/bxrepsol.s3.eu-west-1.amazonaws.com\/static\/2023\/04\/05083459\/foto-portada-previa1.jpg\" \/>\n<meta name=\"twitter:creator\" content=\"@https:\/\/twitter.com\/box_repsol\" \/>\n<meta name=\"twitter:site\" content=\"@box_repsol\" \/>\n<meta name=\"twitter:label1\" content=\"Written by\" \/>\n\t<meta name=\"twitter:data1\" content=\"Redacci\u00f3n Box Repsol\" \/>\n\t<meta name=\"twitter:label2\" content=\"Est. reading time\" \/>\n\t<meta name=\"twitter:data2\" content=\"3 minutos\" \/>\n<script type=\"application\/ld+json\" class=\"yoast-schema-graph\">{\"@context\":\"https:\\\/\\\/schema.org\",\"@graph\":[{\"@type\":\"Article\",\"@id\":\"https:\\\/\\\/www.boxrepsol.com\\\/es\\\/trial\\\/toni-bou-y-gabriel-marcelli-listos-para-la-cuarta-cita-de-la-temporada-del-mundial-de-x-trial-en-burdeos\\\/#article\",\"isPartOf\":{\"@id\":\"https:\\\/\\\/www.boxrepsol.com\\\/es\\\/trial\\\/toni-bou-y-gabriel-marcelli-listos-para-la-cuarta-cita-de-la-temporada-del-mundial-de-x-trial-en-burdeos\\\/\"},\"author\":{\"name\":\"Redacci\u00f3n Box Repsol\",\"@id\":\"https:\\\/\\\/www.boxrepsol.com\\\/es\\\/#\\\/schema\\\/person\\\/c5c2138f2cca251b0ad92b7086bb60b7\"},\"headline\":\"Toni Bou y Gabriel Marcelli, listos para la cuarta cita de la temporada del Mundial de X-Trial en Burdeos\",\"datePublished\":\"2023-04-05T10:42:30+00:00\",\"dateModified\":\"2024-04-08T10:05:15+00:00\",\"mainEntityOfPage\":{\"@id\":\"https:\\\/\\\/www.boxrepsol.com\\\/es\\\/trial\\\/toni-bou-y-gabriel-marcelli-listos-para-la-cuarta-cita-de-la-temporada-del-mundial-de-x-trial-en-burdeos\\\/\"},\"wordCount\":615,\"commentCount\":0,\"publisher\":{\"@id\":\"https:\\\/\\\/www.boxrepsol.com\\\/es\\\/#organization\"},\"image\":{\"@id\":\"https:\\\/\\\/www.boxrepsol.com\\\/es\\\/trial\\\/toni-bou-y-gabriel-marcelli-listos-para-la-cuarta-cita-de-la-temporada-del-mundial-de-x-trial-en-burdeos\\\/#primaryimage\"},\"thumbnailUrl\":\"https:\\\/\\\/bxrepsol.s3.eu-west-1.amazonaws.com\\\/static\\\/2023\\\/04\\\/05083459\\\/foto-portada-previa1.jpg\",\"articleSection\":[\"Trial\"],\"inLanguage\":\"es\",\"potentialAction\":[{\"@type\":\"CommentAction\",\"name\":\"Comment\",\"target\":[\"https:\\\/\\\/www.boxrepsol.com\\\/es\\\/trial\\\/toni-bou-y-gabriel-marcelli-listos-para-la-cuarta-cita-de-la-temporada-del-mundial-de-x-trial-en-burdeos\\\/#respond\"]}]},{\"@type\":\"WebPage\",\"@id\":\"https:\\\/\\\/www.boxrepsol.com\\\/es\\\/trial\\\/toni-bou-y-gabriel-marcelli-listos-para-la-cuarta-cita-de-la-temporada-del-mundial-de-x-trial-en-burdeos\\\/\",\"url\":\"https:\\\/\\\/www.boxrepsol.com\\\/es\\\/trial\\\/toni-bou-y-gabriel-marcelli-listos-para-la-cuarta-cita-de-la-temporada-del-mundial-de-x-trial-en-burdeos\\\/\",\"name\":\"Toni Bou y Gabriel Marcelli, listos para la cuarta cita de la temporada del Mundial de X-Trial en Burdeos - Box Repsol\",\"isPartOf\":{\"@id\":\"https:\\\/\\\/www.boxrepsol.com\\\/es\\\/#website\"},\"primaryImageOfPage\":{\"@id\":\"https:\\\/\\\/www.boxrepsol.com\\\/es\\\/trial\\\/toni-bou-y-gabriel-marcelli-listos-para-la-cuarta-cita-de-la-temporada-del-mundial-de-x-trial-en-burdeos\\\/#primaryimage\"},\"image\":{\"@id\":\"https:\\\/\\\/www.boxrepsol.com\\\/es\\\/trial\\\/toni-bou-y-gabriel-marcelli-listos-para-la-cuarta-cita-de-la-temporada-del-mundial-de-x-trial-en-burdeos\\\/#primaryimage\"},\"thumbnailUrl\":\"https:\\\/\\\/bxrepsol.s3.eu-west-1.amazonaws.com\\\/static\\\/2023\\\/04\\\/05083459\\\/foto-portada-previa1.jpg\",\"datePublished\":\"2023-04-05T10:42:30+00:00\",\"dateModified\":\"2024-04-08T10:05:15+00:00\",\"description\":\"Toni Bou y Gabriel Marcelli llegan a la cuarta cita de la temporada del Mundial de X-Trial en Burdeos tras lograr un doblete en Pamplona.\",\"breadcrumb\":{\"@id\":\"https:\\\/\\\/www.boxrepsol.com\\\/es\\\/trial\\\/toni-bou-y-gabriel-marcelli-listos-para-la-cuarta-cita-de-la-temporada-del-mundial-de-x-trial-en-burdeos\\\/#breadcrumb\"},\"inLanguage\":\"es\",\"potentialAction\":[{\"@type\":\"ReadAction\",\"target\":[\"https:\\\/\\\/www.boxrepsol.com\\\/es\\\/trial\\\/toni-bou-y-gabriel-marcelli-listos-para-la-cuarta-cita-de-la-temporada-del-mundial-de-x-trial-en-burdeos\\\/\"]}]},{\"@type\":\"ImageObject\",\"inLanguage\":\"es\",\"@id\":\"https:\\\/\\\/www.boxrepsol.com\\\/es\\\/trial\\\/toni-bou-y-gabriel-marcelli-listos-para-la-cuarta-cita-de-la-temporada-del-mundial-de-x-trial-en-burdeos\\\/#primaryimage\",\"url\":\"https:\\\/\\\/bxrepsol.s3.eu-west-1.amazonaws.com\\\/static\\\/2023\\\/04\\\/05083459\\\/foto-portada-previa1.jpg\",\"contentUrl\":\"https:\\\/\\\/bxrepsol.s3.eu-west-1.amazonaws.com\\\/static\\\/2023\\\/04\\\/05083459\\\/foto-portada-previa1.jpg\",\"width\":1280,\"height\":600},{\"@type\":\"BreadcrumbList\",\"@id\":\"https:\\\/\\\/www.boxrepsol.com\\\/es\\\/trial\\\/toni-bou-y-gabriel-marcelli-listos-para-la-cuarta-cita-de-la-temporada-del-mundial-de-x-trial-en-burdeos\\\/#breadcrumb\",\"itemListElement\":[{\"@type\":\"ListItem\",\"position\":1,\"name\":\"Home\",\"item\":\"https:\\\/\\\/www.boxrepsol.com\\\/es\\\/\"},{\"@type\":\"ListItem\",\"position\":2,\"name\":\"Toni Bou y Gabriel Marcelli, listos para la cuarta cita de la temporada del Mundial de X-Trial en Burdeos\"}]},{\"@type\":\"WebSite\",\"@id\":\"https:\\\/\\\/www.boxrepsol.com\\\/es\\\/#website\",\"url\":\"https:\\\/\\\/www.boxrepsol.com\\\/es\\\/\",\"name\":\"Box Repsol\",\"description\":\"Box Repsol Site\",\"publisher\":{\"@id\":\"https:\\\/\\\/www.boxrepsol.com\\\/es\\\/#organization\"},\"potentialAction\":[{\"@type\":\"SearchAction\",\"target\":{\"@type\":\"EntryPoint\",\"urlTemplate\":\"https:\\\/\\\/www.boxrepsol.com\\\/es\\\/?s={search_term_string}\"},\"query-input\":{\"@type\":\"PropertyValueSpecification\",\"valueRequired\":true,\"valueName\":\"search_term_string\"}}],\"inLanguage\":\"es\"},{\"@type\":\"Organization\",\"@id\":\"https:\\\/\\\/www.boxrepsol.com\\\/es\\\/#organization\",\"name\":\"Box Repsol\",\"url\":\"https:\\\/\\\/www.boxrepsol.com\\\/es\\\/\",\"logo\":{\"@type\":\"ImageObject\",\"inLanguage\":\"es\",\"@id\":\"https:\\\/\\\/www.boxrepsol.com\\\/es\\\/#\\\/schema\\\/logo\\\/image\\\/\",\"url\":\"https:\\\/\\\/bxrepsol.s3.eu-west-1.amazonaws.com\\\/static\\\/2025\\\/07\\\/30083337\\\/favicon-96x96-1.png\",\"contentUrl\":\"https:\\\/\\\/bxrepsol.s3.eu-west-1.amazonaws.com\\\/static\\\/2025\\\/07\\\/30083337\\\/favicon-96x96-1.png\",\"width\":96,\"height\":96,\"caption\":\"Box Repsol\"},\"image\":{\"@id\":\"https:\\\/\\\/www.boxrepsol.com\\\/es\\\/#\\\/schema\\\/logo\\\/image\\\/\"},\"sameAs\":[\"https:\\\/\\\/www.facebook.com\\\/BoxRepsol\",\"https:\\\/\\\/x.com\\\/box_repsol\",\"http:\\\/\\\/instagram.com\\\/box_repsol\",\"https:\\\/\\\/www.youtube.com\\\/user\\\/RepsolCompeticion\",\"https:\\\/\\\/www.flickr.com\\\/photos\\\/box_repsol\\\/\"]},{\"@type\":\"Person\",\"@id\":\"https:\\\/\\\/www.boxrepsol.com\\\/es\\\/#\\\/schema\\\/person\\\/c5c2138f2cca251b0ad92b7086bb60b7\",\"name\":\"Redacci\u00f3n Box Repsol\",\"image\":{\"@type\":\"ImageObject\",\"inLanguage\":\"es\",\"@id\":\"https:\\\/\\\/secure.gravatar.com\\\/avatar\\\/adf7b77e38b4419baf32c7e9c21dde01f4e40df611f0978e3006fc4ba0aaab7e?s=96&d=mm&r=g\",\"url\":\"https:\\\/\\\/secure.gravatar.com\\\/avatar\\\/adf7b77e38b4419baf32c7e9c21dde01f4e40df611f0978e3006fc4ba0aaab7e?s=96&d=mm&r=g\",\"contentUrl\":\"https:\\\/\\\/secure.gravatar.com\\\/avatar\\\/adf7b77e38b4419baf32c7e9c21dde01f4e40df611f0978e3006fc4ba0aaab7e?s=96&d=mm&r=g\",\"caption\":\"Redacci\u00f3n Box Repsol\"},\"description\":\"Box Repsol lo forma un equipo de periodistas, community managers, dise\u00f1adores y fot\u00f3grafos con m\u00e1s de 20 a\u00f1os de experiencia en el mundo del motorsport. Hemos vivido el primer mundial de un espa\u00f1ol en la categor\u00eda reina de motociclismo con \u00c1lex Crivill\u00e9, estuvimos en las victorias de Pedrosa y los t\u00edtulos de M\u00e1rquez, acompa\u00f1amos en \u00c1frica a Nani Roma y Marc Coma en sus conquistas del Dakar y hemos vibrado con los t\u00edtulos de Toni Bou en Trial. Adem\u00e1s, en nuestro equipo contamos con expertos en el mundo de las dos y cuatro ruedas tanto de la calle y las carreteras, como de los circuitos. Periodistas que han trabajado en revistas y publicaciones para hacerte llegar desde rutas y consejos de mantenimiento, a curiosidades y trucos de pilotaje.\",\"sameAs\":[\"https:\\\/\\\/www.facebook.com\\\/BoxRepsol\\\/\",\"https:\\\/\\\/www.instagram.com\\\/box_repsol\\\/\",\"https:\\\/\\\/x.com\\\/https:\\\/\\\/twitter.com\\\/box_repsol\",\"https:\\\/\\\/www.youtube.com\\\/@Boxrepsol\"],\"url\":\"https:\\\/\\\/www.boxrepsol.com\\\/es\\\/author\\\/redaccion-box-repsol\\\/\"}]}<\/script>\n<!-- \/ Yoast SEO plugin. -->","yoast_head_json":{"title":"Toni Bou y Gabriel Marcelli, listos para la cuarta cita de la temporada del Mundial de X-Trial en Burdeos - Box Repsol","description":"Toni Bou y Gabriel Marcelli llegan a la cuarta cita de la temporada del Mundial de X-Trial en Burdeos tras lograr un doblete en Pamplona.","canonical":"https:\/\/www.boxrepsol.com\/es\/trial\/toni-bou-y-gabriel-marcelli-listos-para-la-cuarta-cita-de-la-temporada-del-mundial-de-x-trial-en-burdeos\/","og_locale":"es_ES","og_type":"article","og_title":"Toni Bou y Gabriel Marcelli, listos para la cuarta cita de la temporada del Mundial de X-Trial en Burdeos - Box Repsol","og_description":"Toni Bou y Gabriel Marcelli llegan a la cuarta cita de la temporada del Mundial de X-Trial en Burdeos tras lograr un doblete en Pamplona.","og_url":"https:\/\/www.boxrepsol.com\/es\/trial\/toni-bou-y-gabriel-marcelli-listos-para-la-cuarta-cita-de-la-temporada-del-mundial-de-x-trial-en-burdeos\/","og_site_name":"Box Repsol","article_publisher":"https:\/\/www.facebook.com\/BoxRepsol","article_author":"https:\/\/www.facebook.com\/BoxRepsol\/","article_published_time":"2023-04-05T10:42:30+00:00","article_modified_time":"2024-04-08T10:05:15+00:00","og_image":[{"width":1280,"height":600,"url":"https:\/\/bxrepsol.s3.eu-west-1.amazonaws.com\/static\/2023\/04\/05083459\/foto-portada-previa1.jpg","type":"image\/jpeg"}],"author":"Redacci\u00f3n Box Repsol","twitter_card":"summary_large_image","twitter_image":"https:\/\/bxrepsol.s3.eu-west-1.amazonaws.com\/static\/2023\/04\/05083459\/foto-portada-previa1.jpg","twitter_creator":"@https:\/\/twitter.com\/box_repsol","twitter_site":"@box_repsol","twitter_misc":{"Written by":"Redacci\u00f3n Box Repsol","Est. reading time":"3 minutos"},"schema":{"@context":"https:\/\/schema.org","@graph":[{"@type":"Article","@id":"https:\/\/www.boxrepsol.com\/es\/trial\/toni-bou-y-gabriel-marcelli-listos-para-la-cuarta-cita-de-la-temporada-del-mundial-de-x-trial-en-burdeos\/#article","isPartOf":{"@id":"https:\/\/www.boxrepsol.com\/es\/trial\/toni-bou-y-gabriel-marcelli-listos-para-la-cuarta-cita-de-la-temporada-del-mundial-de-x-trial-en-burdeos\/"},"author":{"name":"Redacci\u00f3n Box Repsol","@id":"https:\/\/www.boxrepsol.com\/es\/#\/schema\/person\/c5c2138f2cca251b0ad92b7086bb60b7"},"headline":"Toni Bou y Gabriel Marcelli, listos para la cuarta cita de la temporada del Mundial de X-Trial en Burdeos","datePublished":"2023-04-05T10:42:30+00:00","dateModified":"2024-04-08T10:05:15+00:00","mainEntityOfPage":{"@id":"https:\/\/www.boxrepsol.com\/es\/trial\/toni-bou-y-gabriel-marcelli-listos-para-la-cuarta-cita-de-la-temporada-del-mundial-de-x-trial-en-burdeos\/"},"wordCount":615,"commentCount":0,"publisher":{"@id":"https:\/\/www.boxrepsol.com\/es\/#organization"},"image":{"@id":"https:\/\/www.boxrepsol.com\/es\/trial\/toni-bou-y-gabriel-marcelli-listos-para-la-cuarta-cita-de-la-temporada-del-mundial-de-x-trial-en-burdeos\/#primaryimage"},"thumbnailUrl":"https:\/\/bxrepsol.s3.eu-west-1.amazonaws.com\/static\/2023\/04\/05083459\/foto-portada-previa1.jpg","articleSection":["Trial"],"inLanguage":"es","potentialAction":[{"@type":"CommentAction","name":"Comment","target":["https:\/\/www.boxrepsol.com\/es\/trial\/toni-bou-y-gabriel-marcelli-listos-para-la-cuarta-cita-de-la-temporada-del-mundial-de-x-trial-en-burdeos\/#respond"]}]},{"@type":"WebPage","@id":"https:\/\/www.boxrepsol.com\/es\/trial\/toni-bou-y-gabriel-marcelli-listos-para-la-cuarta-cita-de-la-temporada-del-mundial-de-x-trial-en-burdeos\/","url":"https:\/\/www.boxrepsol.com\/es\/trial\/toni-bou-y-gabriel-marcelli-listos-para-la-cuarta-cita-de-la-temporada-del-mundial-de-x-trial-en-burdeos\/","name":"Toni Bou y Gabriel Marcelli, listos para la cuarta cita de la temporada del Mundial de X-Trial en Burdeos - Box Repsol","isPartOf":{"@id":"https:\/\/www.boxrepsol.com\/es\/#website"},"primaryImageOfPage":{"@id":"https:\/\/www.boxrepsol.com\/es\/trial\/toni-bou-y-gabriel-marcelli-listos-para-la-cuarta-cita-de-la-temporada-del-mundial-de-x-trial-en-burdeos\/#primaryimage"},"image":{"@id":"https:\/\/www.boxrepsol.com\/es\/trial\/toni-bou-y-gabriel-marcelli-listos-para-la-cuarta-cita-de-la-temporada-del-mundial-de-x-trial-en-burdeos\/#primaryimage"},"thumbnailUrl":"https:\/\/bxrepsol.s3.eu-west-1.amazonaws.com\/static\/2023\/04\/05083459\/foto-portada-previa1.jpg","datePublished":"2023-04-05T10:42:30+00:00","dateModified":"2024-04-08T10:05:15+00:00","description":"Toni Bou y Gabriel Marcelli llegan a la cuarta cita de la temporada del Mundial de X-Trial en Burdeos tras lograr un doblete en Pamplona.","breadcrumb":{"@id":"https:\/\/www.boxrepsol.com\/es\/trial\/toni-bou-y-gabriel-marcelli-listos-para-la-cuarta-cita-de-la-temporada-del-mundial-de-x-trial-en-burdeos\/#breadcrumb"},"inLanguage":"es","potentialAction":[{"@type":"ReadAction","target":["https:\/\/www.boxrepsol.com\/es\/trial\/toni-bou-y-gabriel-marcelli-listos-para-la-cuarta-cita-de-la-temporada-del-mundial-de-x-trial-en-burdeos\/"]}]},{"@type":"ImageObject","inLanguage":"es","@id":"https:\/\/www.boxrepsol.com\/es\/trial\/toni-bou-y-gabriel-marcelli-listos-para-la-cuarta-cita-de-la-temporada-del-mundial-de-x-trial-en-burdeos\/#primaryimage","url":"https:\/\/bxrepsol.s3.eu-west-1.amazonaws.com\/static\/2023\/04\/05083459\/foto-portada-previa1.jpg","contentUrl":"https:\/\/bxrepsol.s3.eu-west-1.amazonaws.com\/static\/2023\/04\/05083459\/foto-portada-previa1.jpg","width":1280,"height":600},{"@type":"BreadcrumbList","@id":"https:\/\/www.boxrepsol.com\/es\/trial\/toni-bou-y-gabriel-marcelli-listos-para-la-cuarta-cita-de-la-temporada-del-mundial-de-x-trial-en-burdeos\/#breadcrumb","itemListElement":[{"@type":"ListItem","position":1,"name":"Home","item":"https:\/\/www.boxrepsol.com\/es\/"},{"@type":"ListItem","position":2,"name":"Toni Bou y Gabriel Marcelli, listos para la cuarta cita de la temporada del Mundial de X-Trial en Burdeos"}]},{"@type":"WebSite","@id":"https:\/\/www.boxrepsol.com\/es\/#website","url":"https:\/\/www.boxrepsol.com\/es\/","name":"Box Repsol","description":"Box Repsol Site","publisher":{"@id":"https:\/\/www.boxrepsol.com\/es\/#organization"},"potentialAction":[{"@type":"SearchAction","target":{"@type":"EntryPoint","urlTemplate":"https:\/\/www.boxrepsol.com\/es\/?s={search_term_string}"},"query-input":{"@type":"PropertyValueSpecification","valueRequired":true,"valueName":"search_term_string"}}],"inLanguage":"es"},{"@type":"Organization","@id":"https:\/\/www.boxrepsol.com\/es\/#organization","name":"Box Repsol","url":"https:\/\/www.boxrepsol.com\/es\/","logo":{"@type":"ImageObject","inLanguage":"es","@id":"https:\/\/www.boxrepsol.com\/es\/#\/schema\/logo\/image\/","url":"https:\/\/bxrepsol.s3.eu-west-1.amazonaws.com\/static\/2025\/07\/30083337\/favicon-96x96-1.png","contentUrl":"https:\/\/bxrepsol.s3.eu-west-1.amazonaws.com\/static\/2025\/07\/30083337\/favicon-96x96-1.png","width":96,"height":96,"caption":"Box Repsol"},"image":{"@id":"https:\/\/www.boxrepsol.com\/es\/#\/schema\/logo\/image\/"},"sameAs":["https:\/\/www.facebook.com\/BoxRepsol","https:\/\/x.com\/box_repsol","http:\/\/instagram.com\/box_repsol","https:\/\/www.youtube.com\/user\/RepsolCompeticion","https:\/\/www.flickr.com\/photos\/box_repsol\/"]},{"@type":"Person","@id":"https:\/\/www.boxrepsol.com\/es\/#\/schema\/person\/c5c2138f2cca251b0ad92b7086bb60b7","name":"Redacci\u00f3n Box Repsol","image":{"@type":"ImageObject","inLanguage":"es","@id":"https:\/\/secure.gravatar.com\/avatar\/adf7b77e38b4419baf32c7e9c21dde01f4e40df611f0978e3006fc4ba0aaab7e?s=96&d=mm&r=g","url":"https:\/\/secure.gravatar.com\/avatar\/adf7b77e38b4419baf32c7e9c21dde01f4e40df611f0978e3006fc4ba0aaab7e?s=96&d=mm&r=g","contentUrl":"https:\/\/secure.gravatar.com\/avatar\/adf7b77e38b4419baf32c7e9c21dde01f4e40df611f0978e3006fc4ba0aaab7e?s=96&d=mm&r=g","caption":"Redacci\u00f3n Box Repsol"},"description":"Box Repsol lo forma un equipo de periodistas, community managers, dise\u00f1adores y fot\u00f3grafos con m\u00e1s de 20 a\u00f1os de experiencia en el mundo del motorsport. Hemos vivido el primer mundial de un espa\u00f1ol en la categor\u00eda reina de motociclismo con \u00c1lex Crivill\u00e9, estuvimos en las victorias de Pedrosa y los t\u00edtulos de M\u00e1rquez, acompa\u00f1amos en \u00c1frica a Nani Roma y Marc Coma en sus conquistas del Dakar y hemos vibrado con los t\u00edtulos de Toni Bou en Trial. Adem\u00e1s, en nuestro equipo contamos con expertos en el mundo de las dos y cuatro ruedas tanto de la calle y las carreteras, como de los circuitos. Periodistas que han trabajado en revistas y publicaciones para hacerte llegar desde rutas y consejos de mantenimiento, a curiosidades y trucos de pilotaje.","sameAs":["https:\/\/www.facebook.com\/BoxRepsol\/","https:\/\/www.instagram.com\/box_repsol\/","https:\/\/x.com\/https:\/\/twitter.com\/box_repsol","https:\/\/www.youtube.com\/@Boxrepsol"],"url":"https:\/\/www.boxrepsol.com\/es\/author\/redaccion-box-repsol\/"}]}},"_links":{"self":[{"href":"https:\/\/www.boxrepsol.com\/es\/wp-json\/wp\/v2\/posts\/101143","targetHints":{"allow":["GET"]}}],"collection":[{"href":"https:\/\/www.boxrepsol.com\/es\/wp-json\/wp\/v2\/posts"}],"about":[{"href":"https:\/\/www.boxrepsol.com\/es\/wp-json\/wp\/v2\/types\/post"}],"author":[{"embeddable":true,"href":"https:\/\/www.boxrepsol.com\/es\/wp-json\/wp\/v2\/users\/43146"}],"replies":[{"embeddable":true,"href":"https:\/\/www.boxrepsol.com\/es\/wp-json\/wp\/v2\/comments?post=101143"}],"version-history":[{"count":1,"href":"https:\/\/www.boxrepsol.com\/es\/wp-json\/wp\/v2\/posts\/101143\/revisions"}],"predecessor-version":[{"id":101156,"href":"https:\/\/www.boxrepsol.com\/es\/wp-json\/wp\/v2\/posts\/101143\/revisions\/101156"}],"wp:featuredmedia":[{"embeddable":true,"href":"https:\/\/www.boxrepsol.com\/es\/wp-json\/wp\/v2\/media\/101144"}],"wp:attachment":[{"href":"https:\/\/www.boxrepsol.com\/es\/wp-json\/wp\/v2\/media?parent=101143"}],"wp:term":[{"taxonomy":"category","embeddable":true,"href":"https:\/\/www.boxrepsol.com\/es\/wp-json\/wp\/v2\/categories?post=101143"},{"taxonomy":"post_tag","embeddable":true,"href":"https:\/\/www.boxrepsol.com\/es\/wp-json\/wp\/v2\/tags?post=101143"}],"curies":[{"name":"wp","href":"https:\/\/api.w.org\/{rel}","templated":true}]}}