{"id":100247,"date":"2023-03-28T08:10:56","date_gmt":"2023-03-28T10:10:56","guid":{"rendered":"https:\/\/www.boxrepsol.com\/?p=100247"},"modified":"2024-04-08T08:07:46","modified_gmt":"2024-04-08T10:07:46","slug":"joan-mir-y-el-equipo-repsol-honda-afrontan-con-optimismo-el-gp-de-argentina","status":"publish","type":"post","link":"https:\/\/www.boxrepsol.com\/es\/motogp\/joan-mir-y-el-equipo-repsol-honda-afrontan-con-optimismo-el-gp-de-argentina\/","title":{"rendered":"Joan Mir y el equipo Repsol Honda afrontan con optimismo el GP de Argentina"},"content":{"rendered":"<figure class=\"wp-block-post-featured-image\"><img loading=\"lazy\" decoding=\"async\" width=\"1280\" height=\"600\" src=\"https:\/\/bxrepsol.s3.eu-west-1.amazonaws.com\/static\/2023\/03\/28080555\/https___repsolmedia.com_repsolmedia_wp-content_uploads_2023_03_JRB0622-2-scaledp.jpg\" class=\"attachment-post-thumbnail size-post-thumbnail wp-post-image\" alt=\"\" style=\"object-fit:cover;\" srcset=\"https:\/\/bxrepsol.s3.eu-west-1.amazonaws.com\/static\/2023\/03\/28080555\/https___repsolmedia.com_repsolmedia_wp-content_uploads_2023_03_JRB0622-2-scaledp.jpg 1280w, https:\/\/bxrepsol.s3.eu-west-1.amazonaws.com\/static\/2023\/03\/28080555\/https___repsolmedia.com_repsolmedia_wp-content_uploads_2023_03_JRB0622-2-scaledp-300x141.jpg 300w, https:\/\/bxrepsol.s3.eu-west-1.amazonaws.com\/static\/2023\/03\/28080555\/https___repsolmedia.com_repsolmedia_wp-content_uploads_2023_03_JRB0622-2-scaledp-1024x480.jpg 1024w, https:\/\/bxrepsol.s3.eu-west-1.amazonaws.com\/static\/2023\/03\/28080555\/https___repsolmedia.com_repsolmedia_wp-content_uploads_2023_03_JRB0622-2-scaledp-768x360.jpg 768w\" sizes=\"auto, (max-width: 1280px) 100vw, 1280px\" \/><\/figure>\n\n\n<p><strong>Marc M\u00e1rquez <\/strong>ser\u00e1 el gran ausente de la segunda cita de la temporada, despu\u00e9s de ser <a href=\"https:\/\/www.boxrepsol.com\/es\/motogp\/marc-marquez-es-operado-con-exito-y-no-viajara-a-argentina\/\">operado satisfactoriamente<\/a> el domingo por la noche, tras fracturarse un hueso en la mano derecha en su ca\u00edda en la <a href=\"https:\/\/www.boxrepsol.com\/es\/motogp\/resultados-de-la-carrera-del-gp-de-portugal-de-motogp-2023\/\">carrera del domingo<\/a>.<\/p>\n\n\n\n<p>El objetivo de <strong>Joan Mir <\/strong>en <strong>Termas de R\u00edo Hondo<\/strong> ser\u00e1 seguir su progresi\u00f3n en la adaptaci\u00f3n a la Honda RC213V. Despu\u00e9s de un complicado fin de semana en Portugal, que acab\u00f3 de forma positiva tras realizar una gran remontada en carrera y sumar sus primeros puntos de la temporada, el piloto del equipo Repsol Honda aterriza en un trazado donde ya gan\u00f3 en una ocasi\u00f3n \u2013en 2017, su tercer a\u00f1o como piloto de Moto3\u2013. La \u00faltima vez que Joan compiti\u00f3 en este circuito, el a\u00f1o pasado, se qued\u00f3 a las puertas del podio cerrando un positivo fin de semana. <\/p>\n\n\n\n<p>De nuevo y como gran novedad en todos los Grandes Premios del a\u00f1o, el s\u00e1bado a las tendr\u00e1 lugar la carrera al sprint \u201320.00 horas (CEST) \u2013 y el domingo a las 19.00 horas (CEST) la carrera del <strong>Gran Premio de Argentina<\/strong>.<\/p>\n\n\n\n<div class=\"br-slider-box\"><div class=\"wp-block-create-block-repsol-carousel br-slider\"><a href=\"https:\/\/bxrepsol.s3.eu-west-1.amazonaws.com\/static\/2023\/03\/28080737\/https___repsolmedia.com_repsolmedia_wp-content_uploads_2023_03_JRB0097-1-scaled-1.jpg\" data-index=\"0\" class=\"br-slide\"><img decoding=\"async\" src=\"https:\/\/bxrepsol.s3.eu-west-1.amazonaws.com\/static\/2023\/03\/28080737\/https___repsolmedia.com_repsolmedia_wp-content_uploads_2023_03_JRB0097-1-scaled-1.jpg\"\/><\/a><a href=\"https:\/\/bxrepsol.s3.eu-west-1.amazonaws.com\/static\/2023\/03\/28080740\/https___repsolmedia.com_repsolmedia_wp-content_uploads_2023_03_JRB5361-1-scaled-1.jpg\" data-index=\"1\" class=\"br-slide\"><img decoding=\"async\" src=\"https:\/\/bxrepsol.s3.eu-west-1.amazonaws.com\/static\/2023\/03\/28080740\/https___repsolmedia.com_repsolmedia_wp-content_uploads_2023_03_JRB5361-1-scaled-1.jpg\"\/><\/a><a href=\"https:\/\/bxrepsol.s3.eu-west-1.amazonaws.com\/static\/2023\/03\/28080742\/https___repsolmedia.com_repsolmedia_wp-content_uploads_2023_03_JRB6160-scaled-1.jpg\" data-index=\"2\" class=\"br-slide\"><img decoding=\"async\" src=\"https:\/\/bxrepsol.s3.eu-west-1.amazonaws.com\/static\/2023\/03\/28080742\/https___repsolmedia.com_repsolmedia_wp-content_uploads_2023_03_JRB6160-scaled-1.jpg\"\/><\/a><a href=\"https:\/\/bxrepsol.s3.eu-west-1.amazonaws.com\/static\/2023\/03\/28080745\/https___repsolmedia.com_repsolmedia_wp-content_uploads_2023_03_JRB6667-scaled-1.jpg\" data-index=\"3\" class=\"br-slide\"><img decoding=\"async\" src=\"https:\/\/bxrepsol.s3.eu-west-1.amazonaws.com\/static\/2023\/03\/28080745\/https___repsolmedia.com_repsolmedia_wp-content_uploads_2023_03_JRB6667-scaled-1.jpg\"\/><\/a><a href=\"https:\/\/bxrepsol.s3.eu-west-1.amazonaws.com\/static\/2023\/03\/28080748\/https___repsolmedia.com_repsolmedia_wp-content_uploads_2023_03_JRB8261-scaled-1.jpg\" data-index=\"4\" class=\"br-slide\"><img decoding=\"async\" src=\"https:\/\/bxrepsol.s3.eu-west-1.amazonaws.com\/static\/2023\/03\/28080748\/https___repsolmedia.com_repsolmedia_wp-content_uploads_2023_03_JRB8261-scaled-1.jpg\"\/><\/a><\/div><div class=\"br-slider-buttons\"><button class=\"arrow rds-icon arrow--left rds-icon-Arrow_left\"><\/button><button class=\"arrow rds-icon arrow--right rds-icon-Arrow_right\"><\/button><\/div><\/div>\n\n\n\n<h3 class=\"wp-block-heading\"><strong>Declaraciones<\/strong><\/h3>\n\n\n\n<p>\u00abHa sido un comienzo de a\u00f1o muy intenso, ya que nos dirigimos directamente a la pr\u00f3xima carrera. Para nosotros, que todav\u00eda estamos en fase de adaptaci\u00f3n, es positivo porque podemos tener m\u00e1s tiempo sobre la moto y probar inmediatamente algunas ideas nuevas. En Portimao tuvimos un fin de semana desigual, as\u00ed que espero que este fin de semana todo funcione sin incidentes y pueda hacer m\u00e1s quil\u00f3metros sobre la moto. Ese es el objetivo, seguir construyendo y mejorar nuestra velocidad en ambas carreras. En 2022 pasado logr\u00e9 un buen resultado en Termas, as\u00ed que a ver lo que podemos hacer este a\u00f1o. Tambi\u00e9n quiero desearle lo mejor a Marc en su recuperaci\u00f3n, siempre es mejor pilotar a su lado en la pista y tenerle en el box\u00bb.<\/p>\n","protected":false},"excerpt":{"rendered":"<p>Despu\u00e9s de que ayer lunes se hiciera oficial que Marc M\u00e1rquez no disputar\u00e1 el segundo Gran Premio del a\u00f1o, el equipo Repsol Honda competir\u00e1 en Argentina s\u00f3lo con Joan Mir. <\/p>\n","protected":false},"author":43146,"featured_media":100249,"comment_status":"open","ping_status":"open","sticky":false,"template":"","format":"standard","meta":{"footnotes":""},"categories":[4],"tags":[269,50,271,156,8],"class_list":["post-100247","post","type-post","status-publish","format-standard","hentry","category-motogp","tag-269","tag-equipo-repsol-honda","tag-joan-mir","tag-motogp-argentina","tag-repsol-honda-team"],"yoast_head":"<!-- This site is optimized with the Yoast SEO plugin v27.3 - https:\/\/yoast.com\/product\/yoast-seo-wordpress\/ -->\n<title>Joan Mir y el equipo Repsol Honda afrontan con optimismo el GP de Argentina - Box Repsol<\/title>\n<meta name=\"description\" content=\"Tras la baja de Marc M\u00e1rquez por lesi\u00f3n en su mano derecha, el equipo Repsol Honda competir\u00e1 en Argentina s\u00f3lo con Joan Mir.\" \/>\n<link rel=\"canonical\" href=\"https:\/\/www.boxrepsol.com\/es\/motogp\/joan-mir-y-el-equipo-repsol-honda-afrontan-con-optimismo-el-gp-de-argentina\/\" \/>\n<meta property=\"og:locale\" content=\"es_ES\" \/>\n<meta property=\"og:type\" content=\"article\" \/>\n<meta property=\"og:title\" content=\"Joan Mir y el equipo Repsol Honda afrontan con optimismo el GP de Argentina - Box Repsol\" \/>\n<meta property=\"og:description\" content=\"Tras la baja de Marc M\u00e1rquez por lesi\u00f3n en su mano derecha, el equipo Repsol Honda competir\u00e1 en Argentina s\u00f3lo con Joan Mir.\" \/>\n<meta property=\"og:url\" content=\"https:\/\/www.boxrepsol.com\/es\/motogp\/joan-mir-y-el-equipo-repsol-honda-afrontan-con-optimismo-el-gp-de-argentina\/\" \/>\n<meta property=\"og:site_name\" content=\"Box Repsol\" \/>\n<meta property=\"article:publisher\" content=\"https:\/\/www.facebook.com\/BoxRepsol\" \/>\n<meta property=\"article:author\" content=\"https:\/\/www.facebook.com\/BoxRepsol\/\" \/>\n<meta property=\"article:published_time\" content=\"2023-03-28T10:10:56+00:00\" \/>\n<meta property=\"article:modified_time\" content=\"2024-04-08T10:07:46+00:00\" \/>\n<meta property=\"og:image\" content=\"https:\/\/bxrepsol.s3.eu-west-1.amazonaws.com\/static\/2023\/03\/28080555\/https___repsolmedia.com_repsolmedia_wp-content_uploads_2023_03_JRB0622-2-scaledp.jpg\" \/>\n\t<meta property=\"og:image:width\" content=\"1280\" \/>\n\t<meta property=\"og:image:height\" content=\"600\" \/>\n\t<meta property=\"og:image:type\" content=\"image\/jpeg\" \/>\n<meta name=\"author\" content=\"Redacci\u00f3n Box Repsol\" \/>\n<meta name=\"twitter:card\" content=\"summary_large_image\" \/>\n<meta name=\"twitter:image\" content=\"https:\/\/bxrepsol.s3.eu-west-1.amazonaws.com\/static\/2023\/03\/28080555\/https___repsolmedia.com_repsolmedia_wp-content_uploads_2023_03_JRB0622-2-scaledp.jpg\" \/>\n<meta name=\"twitter:creator\" content=\"@https:\/\/twitter.com\/box_repsol\" \/>\n<meta name=\"twitter:site\" content=\"@box_repsol\" \/>\n<meta name=\"twitter:label1\" content=\"Written by\" \/>\n\t<meta name=\"twitter:data1\" content=\"Redacci\u00f3n Box Repsol\" \/>\n\t<meta name=\"twitter:label2\" content=\"Est. reading time\" \/>\n\t<meta name=\"twitter:data2\" content=\"2 minutos\" \/>\n<script type=\"application\/ld+json\" class=\"yoast-schema-graph\">{\"@context\":\"https:\\\/\\\/schema.org\",\"@graph\":[{\"@type\":\"Article\",\"@id\":\"https:\\\/\\\/www.boxrepsol.com\\\/es\\\/motogp\\\/joan-mir-y-el-equipo-repsol-honda-afrontan-con-optimismo-el-gp-de-argentina\\\/#article\",\"isPartOf\":{\"@id\":\"https:\\\/\\\/www.boxrepsol.com\\\/es\\\/motogp\\\/joan-mir-y-el-equipo-repsol-honda-afrontan-con-optimismo-el-gp-de-argentina\\\/\"},\"author\":{\"name\":\"Redacci\u00f3n Box Repsol\",\"@id\":\"https:\\\/\\\/www.boxrepsol.com\\\/es\\\/#\\\/schema\\\/person\\\/c5c2138f2cca251b0ad92b7086bb60b7\"},\"headline\":\"Joan Mir y el equipo Repsol Honda afrontan con optimismo el GP de Argentina\",\"datePublished\":\"2023-03-28T10:10:56+00:00\",\"dateModified\":\"2024-04-08T10:07:46+00:00\",\"mainEntityOfPage\":{\"@id\":\"https:\\\/\\\/www.boxrepsol.com\\\/es\\\/motogp\\\/joan-mir-y-el-equipo-repsol-honda-afrontan-con-optimismo-el-gp-de-argentina\\\/\"},\"wordCount\":341,\"commentCount\":0,\"publisher\":{\"@id\":\"https:\\\/\\\/www.boxrepsol.com\\\/es\\\/#organization\"},\"image\":{\"@id\":\"https:\\\/\\\/www.boxrepsol.com\\\/es\\\/motogp\\\/joan-mir-y-el-equipo-repsol-honda-afrontan-con-optimismo-el-gp-de-argentina\\\/#primaryimage\"},\"thumbnailUrl\":\"https:\\\/\\\/bxrepsol.s3.eu-west-1.amazonaws.com\\\/static\\\/2023\\\/03\\\/28080555\\\/https___repsolmedia.com_repsolmedia_wp-content_uploads_2023_03_JRB0622-2-scaledp.jpg\",\"keywords\":[\"2023\",\"Equipo Repsol Honda\",\"Joan Mir\",\"MotoGP Argentina\",\"Repsol Honda Team\"],\"articleSection\":[\"MotoGP\"],\"inLanguage\":\"es\",\"potentialAction\":[{\"@type\":\"CommentAction\",\"name\":\"Comment\",\"target\":[\"https:\\\/\\\/www.boxrepsol.com\\\/es\\\/motogp\\\/joan-mir-y-el-equipo-repsol-honda-afrontan-con-optimismo-el-gp-de-argentina\\\/#respond\"]}]},{\"@type\":\"WebPage\",\"@id\":\"https:\\\/\\\/www.boxrepsol.com\\\/es\\\/motogp\\\/joan-mir-y-el-equipo-repsol-honda-afrontan-con-optimismo-el-gp-de-argentina\\\/\",\"url\":\"https:\\\/\\\/www.boxrepsol.com\\\/es\\\/motogp\\\/joan-mir-y-el-equipo-repsol-honda-afrontan-con-optimismo-el-gp-de-argentina\\\/\",\"name\":\"Joan Mir y el equipo Repsol Honda afrontan con optimismo el GP de Argentina - Box Repsol\",\"isPartOf\":{\"@id\":\"https:\\\/\\\/www.boxrepsol.com\\\/es\\\/#website\"},\"primaryImageOfPage\":{\"@id\":\"https:\\\/\\\/www.boxrepsol.com\\\/es\\\/motogp\\\/joan-mir-y-el-equipo-repsol-honda-afrontan-con-optimismo-el-gp-de-argentina\\\/#primaryimage\"},\"image\":{\"@id\":\"https:\\\/\\\/www.boxrepsol.com\\\/es\\\/motogp\\\/joan-mir-y-el-equipo-repsol-honda-afrontan-con-optimismo-el-gp-de-argentina\\\/#primaryimage\"},\"thumbnailUrl\":\"https:\\\/\\\/bxrepsol.s3.eu-west-1.amazonaws.com\\\/static\\\/2023\\\/03\\\/28080555\\\/https___repsolmedia.com_repsolmedia_wp-content_uploads_2023_03_JRB0622-2-scaledp.jpg\",\"datePublished\":\"2023-03-28T10:10:56+00:00\",\"dateModified\":\"2024-04-08T10:07:46+00:00\",\"description\":\"Tras la baja de Marc M\u00e1rquez por lesi\u00f3n en su mano derecha, el equipo Repsol Honda competir\u00e1 en Argentina s\u00f3lo con Joan Mir.\",\"breadcrumb\":{\"@id\":\"https:\\\/\\\/www.boxrepsol.com\\\/es\\\/motogp\\\/joan-mir-y-el-equipo-repsol-honda-afrontan-con-optimismo-el-gp-de-argentina\\\/#breadcrumb\"},\"inLanguage\":\"es\",\"potentialAction\":[{\"@type\":\"ReadAction\",\"target\":[\"https:\\\/\\\/www.boxrepsol.com\\\/es\\\/motogp\\\/joan-mir-y-el-equipo-repsol-honda-afrontan-con-optimismo-el-gp-de-argentina\\\/\"]}]},{\"@type\":\"ImageObject\",\"inLanguage\":\"es\",\"@id\":\"https:\\\/\\\/www.boxrepsol.com\\\/es\\\/motogp\\\/joan-mir-y-el-equipo-repsol-honda-afrontan-con-optimismo-el-gp-de-argentina\\\/#primaryimage\",\"url\":\"https:\\\/\\\/bxrepsol.s3.eu-west-1.amazonaws.com\\\/static\\\/2023\\\/03\\\/28080555\\\/https___repsolmedia.com_repsolmedia_wp-content_uploads_2023_03_JRB0622-2-scaledp.jpg\",\"contentUrl\":\"https:\\\/\\\/bxrepsol.s3.eu-west-1.amazonaws.com\\\/static\\\/2023\\\/03\\\/28080555\\\/https___repsolmedia.com_repsolmedia_wp-content_uploads_2023_03_JRB0622-2-scaledp.jpg\",\"width\":1280,\"height\":600},{\"@type\":\"BreadcrumbList\",\"@id\":\"https:\\\/\\\/www.boxrepsol.com\\\/es\\\/motogp\\\/joan-mir-y-el-equipo-repsol-honda-afrontan-con-optimismo-el-gp-de-argentina\\\/#breadcrumb\",\"itemListElement\":[{\"@type\":\"ListItem\",\"position\":1,\"name\":\"Home\",\"item\":\"https:\\\/\\\/www.boxrepsol.com\\\/es\\\/\"},{\"@type\":\"ListItem\",\"position\":2,\"name\":\"Joan Mir y el equipo Repsol Honda afrontan con optimismo el GP de Argentina\"}]},{\"@type\":\"WebSite\",\"@id\":\"https:\\\/\\\/www.boxrepsol.com\\\/es\\\/#website\",\"url\":\"https:\\\/\\\/www.boxrepsol.com\\\/es\\\/\",\"name\":\"Box Repsol\",\"description\":\"Box Repsol Site\",\"publisher\":{\"@id\":\"https:\\\/\\\/www.boxrepsol.com\\\/es\\\/#organization\"},\"potentialAction\":[{\"@type\":\"SearchAction\",\"target\":{\"@type\":\"EntryPoint\",\"urlTemplate\":\"https:\\\/\\\/www.boxrepsol.com\\\/es\\\/?s={search_term_string}\"},\"query-input\":{\"@type\":\"PropertyValueSpecification\",\"valueRequired\":true,\"valueName\":\"search_term_string\"}}],\"inLanguage\":\"es\"},{\"@type\":\"Organization\",\"@id\":\"https:\\\/\\\/www.boxrepsol.com\\\/es\\\/#organization\",\"name\":\"Box Repsol\",\"url\":\"https:\\\/\\\/www.boxrepsol.com\\\/es\\\/\",\"logo\":{\"@type\":\"ImageObject\",\"inLanguage\":\"es\",\"@id\":\"https:\\\/\\\/www.boxrepsol.com\\\/es\\\/#\\\/schema\\\/logo\\\/image\\\/\",\"url\":\"https:\\\/\\\/bxrepsol.s3.eu-west-1.amazonaws.com\\\/static\\\/2025\\\/07\\\/30083337\\\/favicon-96x96-1.png\",\"contentUrl\":\"https:\\\/\\\/bxrepsol.s3.eu-west-1.amazonaws.com\\\/static\\\/2025\\\/07\\\/30083337\\\/favicon-96x96-1.png\",\"width\":96,\"height\":96,\"caption\":\"Box Repsol\"},\"image\":{\"@id\":\"https:\\\/\\\/www.boxrepsol.com\\\/es\\\/#\\\/schema\\\/logo\\\/image\\\/\"},\"sameAs\":[\"https:\\\/\\\/www.facebook.com\\\/BoxRepsol\",\"https:\\\/\\\/x.com\\\/box_repsol\",\"http:\\\/\\\/instagram.com\\\/box_repsol\",\"https:\\\/\\\/www.youtube.com\\\/user\\\/RepsolCompeticion\",\"https:\\\/\\\/www.flickr.com\\\/photos\\\/box_repsol\\\/\"]},{\"@type\":\"Person\",\"@id\":\"https:\\\/\\\/www.boxrepsol.com\\\/es\\\/#\\\/schema\\\/person\\\/c5c2138f2cca251b0ad92b7086bb60b7\",\"name\":\"Redacci\u00f3n Box Repsol\",\"image\":{\"@type\":\"ImageObject\",\"inLanguage\":\"es\",\"@id\":\"https:\\\/\\\/secure.gravatar.com\\\/avatar\\\/adf7b77e38b4419baf32c7e9c21dde01f4e40df611f0978e3006fc4ba0aaab7e?s=96&d=mm&r=g\",\"url\":\"https:\\\/\\\/secure.gravatar.com\\\/avatar\\\/adf7b77e38b4419baf32c7e9c21dde01f4e40df611f0978e3006fc4ba0aaab7e?s=96&d=mm&r=g\",\"contentUrl\":\"https:\\\/\\\/secure.gravatar.com\\\/avatar\\\/adf7b77e38b4419baf32c7e9c21dde01f4e40df611f0978e3006fc4ba0aaab7e?s=96&d=mm&r=g\",\"caption\":\"Redacci\u00f3n Box Repsol\"},\"description\":\"Box Repsol lo forma un equipo de periodistas, community managers, dise\u00f1adores y fot\u00f3grafos con m\u00e1s de 20 a\u00f1os de experiencia en el mundo del motorsport. Hemos vivido el primer mundial de un espa\u00f1ol en la categor\u00eda reina de motociclismo con \u00c1lex Crivill\u00e9, estuvimos en las victorias de Pedrosa y los t\u00edtulos de M\u00e1rquez, acompa\u00f1amos en \u00c1frica a Nani Roma y Marc Coma en sus conquistas del Dakar y hemos vibrado con los t\u00edtulos de Toni Bou en Trial. Adem\u00e1s, en nuestro equipo contamos con expertos en el mundo de las dos y cuatro ruedas tanto de la calle y las carreteras, como de los circuitos. Periodistas que han trabajado en revistas y publicaciones para hacerte llegar desde rutas y consejos de mantenimiento, a curiosidades y trucos de pilotaje.\",\"sameAs\":[\"https:\\\/\\\/www.facebook.com\\\/BoxRepsol\\\/\",\"https:\\\/\\\/www.instagram.com\\\/box_repsol\\\/\",\"https:\\\/\\\/x.com\\\/https:\\\/\\\/twitter.com\\\/box_repsol\",\"https:\\\/\\\/www.youtube.com\\\/@Boxrepsol\"],\"url\":\"https:\\\/\\\/www.boxrepsol.com\\\/es\\\/author\\\/redaccion-box-repsol\\\/\"}]}<\/script>\n<!-- \/ Yoast SEO plugin. -->","yoast_head_json":{"title":"Joan Mir y el equipo Repsol Honda afrontan con optimismo el GP de Argentina - Box Repsol","description":"Tras la baja de Marc M\u00e1rquez por lesi\u00f3n en su mano derecha, el equipo Repsol Honda competir\u00e1 en Argentina s\u00f3lo con Joan Mir.","canonical":"https:\/\/www.boxrepsol.com\/es\/motogp\/joan-mir-y-el-equipo-repsol-honda-afrontan-con-optimismo-el-gp-de-argentina\/","og_locale":"es_ES","og_type":"article","og_title":"Joan Mir y el equipo Repsol Honda afrontan con optimismo el GP de Argentina - Box Repsol","og_description":"Tras la baja de Marc M\u00e1rquez por lesi\u00f3n en su mano derecha, el equipo Repsol Honda competir\u00e1 en Argentina s\u00f3lo con Joan Mir.","og_url":"https:\/\/www.boxrepsol.com\/es\/motogp\/joan-mir-y-el-equipo-repsol-honda-afrontan-con-optimismo-el-gp-de-argentina\/","og_site_name":"Box Repsol","article_publisher":"https:\/\/www.facebook.com\/BoxRepsol","article_author":"https:\/\/www.facebook.com\/BoxRepsol\/","article_published_time":"2023-03-28T10:10:56+00:00","article_modified_time":"2024-04-08T10:07:46+00:00","og_image":[{"width":1280,"height":600,"url":"https:\/\/bxrepsol.s3.eu-west-1.amazonaws.com\/static\/2023\/03\/28080555\/https___repsolmedia.com_repsolmedia_wp-content_uploads_2023_03_JRB0622-2-scaledp.jpg","type":"image\/jpeg"}],"author":"Redacci\u00f3n Box Repsol","twitter_card":"summary_large_image","twitter_image":"https:\/\/bxrepsol.s3.eu-west-1.amazonaws.com\/static\/2023\/03\/28080555\/https___repsolmedia.com_repsolmedia_wp-content_uploads_2023_03_JRB0622-2-scaledp.jpg","twitter_creator":"@https:\/\/twitter.com\/box_repsol","twitter_site":"@box_repsol","twitter_misc":{"Written by":"Redacci\u00f3n Box Repsol","Est. reading time":"2 minutos"},"schema":{"@context":"https:\/\/schema.org","@graph":[{"@type":"Article","@id":"https:\/\/www.boxrepsol.com\/es\/motogp\/joan-mir-y-el-equipo-repsol-honda-afrontan-con-optimismo-el-gp-de-argentina\/#article","isPartOf":{"@id":"https:\/\/www.boxrepsol.com\/es\/motogp\/joan-mir-y-el-equipo-repsol-honda-afrontan-con-optimismo-el-gp-de-argentina\/"},"author":{"name":"Redacci\u00f3n Box Repsol","@id":"https:\/\/www.boxrepsol.com\/es\/#\/schema\/person\/c5c2138f2cca251b0ad92b7086bb60b7"},"headline":"Joan Mir y el equipo Repsol Honda afrontan con optimismo el GP de Argentina","datePublished":"2023-03-28T10:10:56+00:00","dateModified":"2024-04-08T10:07:46+00:00","mainEntityOfPage":{"@id":"https:\/\/www.boxrepsol.com\/es\/motogp\/joan-mir-y-el-equipo-repsol-honda-afrontan-con-optimismo-el-gp-de-argentina\/"},"wordCount":341,"commentCount":0,"publisher":{"@id":"https:\/\/www.boxrepsol.com\/es\/#organization"},"image":{"@id":"https:\/\/www.boxrepsol.com\/es\/motogp\/joan-mir-y-el-equipo-repsol-honda-afrontan-con-optimismo-el-gp-de-argentina\/#primaryimage"},"thumbnailUrl":"https:\/\/bxrepsol.s3.eu-west-1.amazonaws.com\/static\/2023\/03\/28080555\/https___repsolmedia.com_repsolmedia_wp-content_uploads_2023_03_JRB0622-2-scaledp.jpg","keywords":["2023","Equipo Repsol Honda","Joan Mir","MotoGP Argentina","Repsol Honda Team"],"articleSection":["MotoGP"],"inLanguage":"es","potentialAction":[{"@type":"CommentAction","name":"Comment","target":["https:\/\/www.boxrepsol.com\/es\/motogp\/joan-mir-y-el-equipo-repsol-honda-afrontan-con-optimismo-el-gp-de-argentina\/#respond"]}]},{"@type":"WebPage","@id":"https:\/\/www.boxrepsol.com\/es\/motogp\/joan-mir-y-el-equipo-repsol-honda-afrontan-con-optimismo-el-gp-de-argentina\/","url":"https:\/\/www.boxrepsol.com\/es\/motogp\/joan-mir-y-el-equipo-repsol-honda-afrontan-con-optimismo-el-gp-de-argentina\/","name":"Joan Mir y el equipo Repsol Honda afrontan con optimismo el GP de Argentina - Box Repsol","isPartOf":{"@id":"https:\/\/www.boxrepsol.com\/es\/#website"},"primaryImageOfPage":{"@id":"https:\/\/www.boxrepsol.com\/es\/motogp\/joan-mir-y-el-equipo-repsol-honda-afrontan-con-optimismo-el-gp-de-argentina\/#primaryimage"},"image":{"@id":"https:\/\/www.boxrepsol.com\/es\/motogp\/joan-mir-y-el-equipo-repsol-honda-afrontan-con-optimismo-el-gp-de-argentina\/#primaryimage"},"thumbnailUrl":"https:\/\/bxrepsol.s3.eu-west-1.amazonaws.com\/static\/2023\/03\/28080555\/https___repsolmedia.com_repsolmedia_wp-content_uploads_2023_03_JRB0622-2-scaledp.jpg","datePublished":"2023-03-28T10:10:56+00:00","dateModified":"2024-04-08T10:07:46+00:00","description":"Tras la baja de Marc M\u00e1rquez por lesi\u00f3n en su mano derecha, el equipo Repsol Honda competir\u00e1 en Argentina s\u00f3lo con Joan Mir.","breadcrumb":{"@id":"https:\/\/www.boxrepsol.com\/es\/motogp\/joan-mir-y-el-equipo-repsol-honda-afrontan-con-optimismo-el-gp-de-argentina\/#breadcrumb"},"inLanguage":"es","potentialAction":[{"@type":"ReadAction","target":["https:\/\/www.boxrepsol.com\/es\/motogp\/joan-mir-y-el-equipo-repsol-honda-afrontan-con-optimismo-el-gp-de-argentina\/"]}]},{"@type":"ImageObject","inLanguage":"es","@id":"https:\/\/www.boxrepsol.com\/es\/motogp\/joan-mir-y-el-equipo-repsol-honda-afrontan-con-optimismo-el-gp-de-argentina\/#primaryimage","url":"https:\/\/bxrepsol.s3.eu-west-1.amazonaws.com\/static\/2023\/03\/28080555\/https___repsolmedia.com_repsolmedia_wp-content_uploads_2023_03_JRB0622-2-scaledp.jpg","contentUrl":"https:\/\/bxrepsol.s3.eu-west-1.amazonaws.com\/static\/2023\/03\/28080555\/https___repsolmedia.com_repsolmedia_wp-content_uploads_2023_03_JRB0622-2-scaledp.jpg","width":1280,"height":600},{"@type":"BreadcrumbList","@id":"https:\/\/www.boxrepsol.com\/es\/motogp\/joan-mir-y-el-equipo-repsol-honda-afrontan-con-optimismo-el-gp-de-argentina\/#breadcrumb","itemListElement":[{"@type":"ListItem","position":1,"name":"Home","item":"https:\/\/www.boxrepsol.com\/es\/"},{"@type":"ListItem","position":2,"name":"Joan Mir y el equipo Repsol Honda afrontan con optimismo el GP de Argentina"}]},{"@type":"WebSite","@id":"https:\/\/www.boxrepsol.com\/es\/#website","url":"https:\/\/www.boxrepsol.com\/es\/","name":"Box Repsol","description":"Box Repsol Site","publisher":{"@id":"https:\/\/www.boxrepsol.com\/es\/#organization"},"potentialAction":[{"@type":"SearchAction","target":{"@type":"EntryPoint","urlTemplate":"https:\/\/www.boxrepsol.com\/es\/?s={search_term_string}"},"query-input":{"@type":"PropertyValueSpecification","valueRequired":true,"valueName":"search_term_string"}}],"inLanguage":"es"},{"@type":"Organization","@id":"https:\/\/www.boxrepsol.com\/es\/#organization","name":"Box Repsol","url":"https:\/\/www.boxrepsol.com\/es\/","logo":{"@type":"ImageObject","inLanguage":"es","@id":"https:\/\/www.boxrepsol.com\/es\/#\/schema\/logo\/image\/","url":"https:\/\/bxrepsol.s3.eu-west-1.amazonaws.com\/static\/2025\/07\/30083337\/favicon-96x96-1.png","contentUrl":"https:\/\/bxrepsol.s3.eu-west-1.amazonaws.com\/static\/2025\/07\/30083337\/favicon-96x96-1.png","width":96,"height":96,"caption":"Box Repsol"},"image":{"@id":"https:\/\/www.boxrepsol.com\/es\/#\/schema\/logo\/image\/"},"sameAs":["https:\/\/www.facebook.com\/BoxRepsol","https:\/\/x.com\/box_repsol","http:\/\/instagram.com\/box_repsol","https:\/\/www.youtube.com\/user\/RepsolCompeticion","https:\/\/www.flickr.com\/photos\/box_repsol\/"]},{"@type":"Person","@id":"https:\/\/www.boxrepsol.com\/es\/#\/schema\/person\/c5c2138f2cca251b0ad92b7086bb60b7","name":"Redacci\u00f3n Box Repsol","image":{"@type":"ImageObject","inLanguage":"es","@id":"https:\/\/secure.gravatar.com\/avatar\/adf7b77e38b4419baf32c7e9c21dde01f4e40df611f0978e3006fc4ba0aaab7e?s=96&d=mm&r=g","url":"https:\/\/secure.gravatar.com\/avatar\/adf7b77e38b4419baf32c7e9c21dde01f4e40df611f0978e3006fc4ba0aaab7e?s=96&d=mm&r=g","contentUrl":"https:\/\/secure.gravatar.com\/avatar\/adf7b77e38b4419baf32c7e9c21dde01f4e40df611f0978e3006fc4ba0aaab7e?s=96&d=mm&r=g","caption":"Redacci\u00f3n Box Repsol"},"description":"Box Repsol lo forma un equipo de periodistas, community managers, dise\u00f1adores y fot\u00f3grafos con m\u00e1s de 20 a\u00f1os de experiencia en el mundo del motorsport. Hemos vivido el primer mundial de un espa\u00f1ol en la categor\u00eda reina de motociclismo con \u00c1lex Crivill\u00e9, estuvimos en las victorias de Pedrosa y los t\u00edtulos de M\u00e1rquez, acompa\u00f1amos en \u00c1frica a Nani Roma y Marc Coma en sus conquistas del Dakar y hemos vibrado con los t\u00edtulos de Toni Bou en Trial. Adem\u00e1s, en nuestro equipo contamos con expertos en el mundo de las dos y cuatro ruedas tanto de la calle y las carreteras, como de los circuitos. Periodistas que han trabajado en revistas y publicaciones para hacerte llegar desde rutas y consejos de mantenimiento, a curiosidades y trucos de pilotaje.","sameAs":["https:\/\/www.facebook.com\/BoxRepsol\/","https:\/\/www.instagram.com\/box_repsol\/","https:\/\/x.com\/https:\/\/twitter.com\/box_repsol","https:\/\/www.youtube.com\/@Boxrepsol"],"url":"https:\/\/www.boxrepsol.com\/es\/author\/redaccion-box-repsol\/"}]}},"_links":{"self":[{"href":"https:\/\/www.boxrepsol.com\/es\/wp-json\/wp\/v2\/posts\/100247","targetHints":{"allow":["GET"]}}],"collection":[{"href":"https:\/\/www.boxrepsol.com\/es\/wp-json\/wp\/v2\/posts"}],"about":[{"href":"https:\/\/www.boxrepsol.com\/es\/wp-json\/wp\/v2\/types\/post"}],"author":[{"embeddable":true,"href":"https:\/\/www.boxrepsol.com\/es\/wp-json\/wp\/v2\/users\/43146"}],"replies":[{"embeddable":true,"href":"https:\/\/www.boxrepsol.com\/es\/wp-json\/wp\/v2\/comments?post=100247"}],"version-history":[{"count":1,"href":"https:\/\/www.boxrepsol.com\/es\/wp-json\/wp\/v2\/posts\/100247\/revisions"}],"predecessor-version":[{"id":100263,"href":"https:\/\/www.boxrepsol.com\/es\/wp-json\/wp\/v2\/posts\/100247\/revisions\/100263"}],"wp:featuredmedia":[{"embeddable":true,"href":"https:\/\/www.boxrepsol.com\/es\/wp-json\/wp\/v2\/media\/100249"}],"wp:attachment":[{"href":"https:\/\/www.boxrepsol.com\/es\/wp-json\/wp\/v2\/media?parent=100247"}],"wp:term":[{"taxonomy":"category","embeddable":true,"href":"https:\/\/www.boxrepsol.com\/es\/wp-json\/wp\/v2\/categories?post=100247"},{"taxonomy":"post_tag","embeddable":true,"href":"https:\/\/www.boxrepsol.com\/es\/wp-json\/wp\/v2\/tags?post=100247"}],"curies":[{"name":"wp","href":"https:\/\/api.w.org\/{rel}","templated":true}]}}