{"id":100073,"date":"2023-03-26T12:04:26","date_gmt":"2023-03-26T14:04:26","guid":{"rendered":"https:\/\/www.boxrepsol.com\/?p=100073"},"modified":"2024-04-08T08:08:24","modified_gmt":"2024-04-08T10:08:24","slug":"resultados-de-la-carrera-del-gp-de-portugal-de-motogp-2023","status":"publish","type":"post","link":"https:\/\/www.boxrepsol.com\/es\/motogp\/resultados-de-la-carrera-del-gp-de-portugal-de-motogp-2023\/","title":{"rendered":"Resultados de la carrera del GP de Portugal de MotoGP 2023"},"content":{"rendered":"<figure class=\"wp-block-post-featured-image\"><img loading=\"lazy\" decoding=\"async\" width=\"1280\" height=\"600\" src=\"https:\/\/bxrepsol.s3.eu-west-1.amazonaws.com\/static\/2023\/03\/26111452\/JRB85031.jpg\" class=\"attachment-post-thumbnail size-post-thumbnail wp-post-image\" alt=\"\" style=\"object-fit:cover;\" srcset=\"https:\/\/bxrepsol.s3.eu-west-1.amazonaws.com\/static\/2023\/03\/26111452\/JRB85031.jpg 1280w, https:\/\/bxrepsol.s3.eu-west-1.amazonaws.com\/static\/2023\/03\/26111452\/JRB85031-300x141.jpg 300w, https:\/\/bxrepsol.s3.eu-west-1.amazonaws.com\/static\/2023\/03\/26111452\/JRB85031-1024x480.jpg 1024w, https:\/\/bxrepsol.s3.eu-west-1.amazonaws.com\/static\/2023\/03\/26111452\/JRB85031-768x360.jpg 768w\" sizes=\"auto, (max-width: 1280px) 100vw, 1280px\" \/><\/figure>\n\n\n<p><strong>Pecco Bagnaia (Ducati)<\/strong> ha ganado el <strong>GP de Portugal<\/strong> de <strong>MotoGP <\/strong>y se sit\u00faa l\u00edder de la clasificaci\u00f3n general tras el primer fin de semana de la temporada. Maverick Vi\u00f1ales (Aprilia) y Marco Bezzecchi (Ducati) le han acompa\u00f1ado en el podio del <strong>Aut\u00f3dromo Internacional del Algarve<\/strong>.<\/p>\n\n\n\n<p>Johann Zarco (Ducati), \u00c1lex M\u00e1rquez (Ducati), Brad Binder (KTM), Jack Miller (KTM), Fabio Quartararo (Yamaha), Aleix Espargar\u00f3 (Aprilia) y \u00c1lex Rins (Honda) han completado el <strong>Top 10 <\/strong>en <strong>Portimao<\/strong>.<\/p>\n\n\n\n<p>La pr\u00f3xima cita del Mundial de <strong>MotoGP<\/strong> ser\u00e1 la semana que viene en <strong>Argentina<\/strong>, en el <strong>Aut\u00f3dromo Internacional de<\/strong> <strong>Termas de R\u00edo Hondo<\/strong>.<\/p>\n\n\n\n<h3 class=\"wp-block-heading\"><strong><strong><strong>Carrera complicada para el equipo Repsol Honda<\/strong><\/strong><\/strong><\/h3>\n\n\n\n<p><strong>Marc<\/strong> <strong>M\u00e1rquez<\/strong>, que <a href=\"https:\/\/www.boxrepsol.com\/es\/motogp\/resultados-de-la-clasificacion-del-gp-de-portugal-de-motogp-2023\/\">logr\u00f3 la pole<\/a> y una tercera posici\u00f3n en la <a href=\"https:\/\/www.boxrepsol.com\/es\/motogp\/resultados-de-la-carrera-sprint-del-gp-de-portugal-de-motogp-2023\/\">carrera sprint<\/a> de ayer, no ha podido terminar la carrera hoy por una colisi\u00f3n con Miguel Oliveira en la tercera vuelta de la carrera.<\/p>\n\n\n\n<p><strong>Joan Mir<\/strong>, que sal\u00eda decimotercero, ha tenido que cumplir una <a href=\"https:\/\/www.boxrepsol.com\/es\/motogp\/que-es-una-long-lap-penalty-en-motogp\/\">long lap penalty<\/a> por un incidente con Fabio Quartararo en la carrera sprint y ha finalizado su primer Gran Premio con el <strong>equipo Repsol Honda<\/strong> remontando hasta la 11\u00aa posici\u00f3n.<\/p>\n\n\n\n<h3 class=\"wp-block-heading\"><strong><strong>Resultados de la carrera: GP de Portugal (25 vueltas)<\/strong><\/strong><\/h3>\n\n\n\n<p><\/p>\n\n\n\n<figure class=\"wp-block-table is-style-stripes\"><table><tbody><tr><td><strong>PILOTO<\/strong><\/td><td><strong>EQUIPO<\/strong><\/td><td><strong>TIEMPO<\/strong><\/td><\/tr><tr><td>1. Pecco Bagnaia <\/td><td>DUCATI<\/td><td>41:25.401<\/td><\/tr><tr><td>2. Maverick Vi\u00f1ales <\/td><td>APRILIA<\/td><td>+0.687<\/td><\/tr><tr><td>3. Marco Bezzecchi<\/td><td>DUCATI<\/td><td>+2.726<\/td><\/tr><tr><td>4. \u00c1lex M\u00e1rquez <\/td><td>DUCATI<\/td><td>+8.060<\/td><\/tr><tr><td>5. Jack Miller<\/td><td>KTM<\/td><td>+8.125<\/td><\/tr><tr><td>6. Brad Binder<\/td><td>KTM<\/td><td>+8.247<\/td><\/tr><tr><td>7. Johann Zarco<\/td><td>DUCATI<\/td><td>+8.381<\/td><\/tr><tr><td>8. Aleix Espargar\u00f3<\/td><td>APRILIA<\/td><td>+8.543<\/td><\/tr><tr><td>9. Fabio Quartararo<\/td><td>YAMAHA<\/td><td>+9.294<\/td><\/tr><tr><td>10. \u00c1lex Rins<\/td><td>HONDA<\/td><td>+11.591<\/td><\/tr><tr><td><strong>11. Joan Mir<\/strong><\/td><td><strong>REPSOL HONDA<\/strong><\/td><td><strong>+16.992<\/strong><\/td><\/tr><tr><td><strong>20. Marc M\u00e1rquez<\/strong><\/td><td><strong>REPSOL HONDA<\/strong><\/td><td><strong>DNF<\/strong><\/td><\/tr><\/tbody><\/table><\/figure>\n\n\n\n<p><\/p>\n\n\n\n<h3 class=\"wp-block-heading\"><strong>Clasificaci\u00f3n General<\/strong><\/h3>\n\n\n\n<p><\/p>\n\n\n\n<figure class=\"wp-block-table is-style-stripes\"><table><tbody><tr><td><strong>PILOTO<\/strong><\/td><td><strong>EQUIPO<\/strong><\/td><td><strong>PUNTOS<\/strong><\/td><\/tr><tr><td>1. Pecco Bagnaia <\/td><td>DUCATI<\/td><td>37<\/td><\/tr><tr><td>2. Maverick Vi\u00f1ales<\/td><td>APRILIA<\/td><td>25<\/td><\/tr><tr><td>3. Marco Bezzecchi<\/td><td>DUCATI<\/td><td>16<\/td><\/tr><tr><td>4. Johann Zarco<\/td><td>DUCATI<\/td><td>15<\/td><\/tr><tr><td>5. Jack Miller<\/td><td>KTM<\/td><td>15<\/td><\/tr><tr><td>6. \u00c1lex M\u00e1rquez<\/td><td>DUCATI<\/td><td>12<\/td><\/tr><tr><td>7. Aleix Espargar\u00f3<\/td><td>APRILIA<\/td><td>11<\/td><\/tr><tr><td>8. Brad Binder<\/td><td>KTM<\/td><td>10<\/td><\/tr><tr><td>9. Jorge Mart\u00edn<\/td><td>DUCATI<\/td><td>9<\/td><\/tr><tr><td>10. Fabio Quartararo<\/td><td>YAMAHA<\/td><td>8<\/td><\/tr><tr><td><strong>11. Marc M\u00e1rquez<\/strong><\/td><td><strong>REPSOL HONDA<\/strong><\/td><td><strong>7<\/strong><\/td><\/tr><tr><td><strong>13. Joan Mir<\/strong><\/td><td><strong>REPSOL HONDA<\/strong><\/td><td><strong>5<\/strong><\/td><\/tr><\/tbody><\/table><\/figure>\n\n\n\n<div class=\"br-slider-box\"><div class=\"wp-block-create-block-repsol-carousel br-slider\"><a href=\"https:\/\/bxrepsol.s3.eu-west-1.amazonaws.com\/static\/2023\/03\/26151251\/JRB0519-scaled.jpg\" data-index=\"0\" class=\"br-slide\"><img decoding=\"async\" src=\"https:\/\/bxrepsol.s3.eu-west-1.amazonaws.com\/static\/2023\/03\/26151251\/JRB0519-scaled.jpg\"\/><\/a><a href=\"https:\/\/bxrepsol.s3.eu-west-1.amazonaws.com\/static\/2023\/03\/26151256\/JRB0622-scaled.jpg\" data-index=\"1\" class=\"br-slide\"><img decoding=\"async\" src=\"https:\/\/bxrepsol.s3.eu-west-1.amazonaws.com\/static\/2023\/03\/26151256\/JRB0622-scaled.jpg\"\/><\/a><a href=\"https:\/\/bxrepsol.s3.eu-west-1.amazonaws.com\/static\/2023\/03\/26151321\/JRB8245-scaled.jpg\" data-index=\"2\" class=\"br-slide\"><img decoding=\"async\" src=\"https:\/\/bxrepsol.s3.eu-west-1.amazonaws.com\/static\/2023\/03\/26151321\/JRB8245-scaled.jpg\"\/><\/a><a href=\"https:\/\/bxrepsol.s3.eu-west-1.amazonaws.com\/static\/2023\/03\/26151346\/JRB8468-scaled.jpg\" data-index=\"3\" class=\"br-slide\"><img decoding=\"async\" src=\"https:\/\/bxrepsol.s3.eu-west-1.amazonaws.com\/static\/2023\/03\/26151346\/JRB8468-scaled.jpg\"\/><\/a><a href=\"https:\/\/bxrepsol.s3.eu-west-1.amazonaws.com\/static\/2023\/03\/26151352\/JRB8834-scaled.jpg\" data-index=\"4\" class=\"br-slide\"><img decoding=\"async\" src=\"https:\/\/bxrepsol.s3.eu-west-1.amazonaws.com\/static\/2023\/03\/26151352\/JRB8834-scaled.jpg\"\/><\/a><\/div><div class=\"br-slider-buttons\"><button class=\"arrow rds-icon arrow--left rds-icon-Arrow_left\"><\/button><button class=\"arrow rds-icon arrow--right rds-icon-Arrow_right\"><\/button><\/div><\/div>\n\n\n\n<h3 class=\"wp-block-heading\"><strong>Declaraciones de los pilotos<\/strong><\/h3>\n\n\n\n<p><a href=\"https:\/\/www.boxrepsol.com\/es\/tag\/marc-marquez\/\" target=\"_blank\" rel=\"noreferrer noopener\">#MM93<\/a><\/p>\n\n\n\n<p>\u00abEn primer lugar quiero decir que lo siento mucho por Oliveira, su equipo y los aficionados portugueses, porque era su carrera. Hoy he cometido un error muy grave, por supuesto no era mi intenci\u00f3n que esto sucediera, mi intenci\u00f3n ni siquiera era adelantar a Mart\u00edn en ese momento, pero he tenido un bloqueo masivo con el tren delantero. Quiz\u00e1s el duro delantero no estaba del todo a punto, he soltado los frenos y la moto se ha ido hacia el interior. He evitado a Martin pero he entrado en contacto con Oliveira. Enseguida me he acercado a Miguel y luego en el centro m\u00e9dico he ido a ver c\u00f3mo estaba; afortunadamente parece que est\u00e1 bien y esto es lo m\u00e1s importante. Por mi parte, tengo algunos dolores en la mano derecha y en la rodilla, pero eso no es tan importante en este momento. Acepto y respeto totalmente la penalizaci\u00f3n de la doble vuelta larga durante el GP de Argentina porque he cometido un error\u00bb.<\/p>\n\n\n\n<p><a href=\"https:\/\/www.boxrepsol.com\/en\/tag\/joan-mir-en\/\">#JM36<\/a><\/p>\n\n\n\n<p>\u00abLa ca\u00edda de ayer me ha afectado mucho hoy, no s\u00f3lo por la penalizaci\u00f3n de la vuelta larga. Si hubiera podido terminar la carrera Sprint habr\u00eda entendido mucho mejor la moto porque la carrera de hoy ha sido la primera vez que he podido dar m\u00e1s de diez vueltas seguidas sobre la moto. Esto significa que he pasado gran parte del d\u00eda aprendiendo, as\u00ed que por este lado hoy ha sido positivo. A\u00fan necesito m\u00e1s tiempo para mejorar mi pilotaje y entender el comportamiento de la moto, sobre todo para sacar el m\u00e1ximo partido del neum\u00e1tico en carrera. Con un poco m\u00e1s de conocimiento podr\u00edamos haber hecho una carrera muy buena. Estoy contento de haber ganado experiencia\u00bb.<\/p>\n","protected":false},"excerpt":{"rendered":"<p>Pecco Bagnaia vence de nuevo en Portimao y es m\u00e1s l\u00edder del Mundial de MotoGP <\/p>\n","protected":false},"author":43146,"featured_media":100076,"comment_status":"open","ping_status":"open","sticky":false,"template":"","format":"standard","meta":{"footnotes":""},"categories":[4],"tags":[269,50,271,6,208,8],"class_list":["post-100073","post","type-post","status-publish","format-standard","hentry","category-motogp","tag-269","tag-equipo-repsol-honda","tag-joan-mir","tag-marc-marquez","tag-motogp-portugal","tag-repsol-honda-team"],"yoast_head":"<!-- This site is optimized with the Yoast SEO plugin v27.3 - https:\/\/yoast.com\/product\/yoast-seo-wordpress\/ -->\n<title>Resultados de la carrera del GP de Portugal de MotoGP 2023 - Box Repsol<\/title>\n<meta name=\"description\" content=\"Cr\u00f3nica y resultados de la carrera del Gran Premio de Portugal 2023, celebrada en el Aut\u00f3dromo Internacional del Algarve (Portimao).\" \/>\n<link rel=\"canonical\" href=\"https:\/\/www.boxrepsol.com\/es\/motogp\/resultados-de-la-carrera-del-gp-de-portugal-de-motogp-2023\/\" \/>\n<meta property=\"og:locale\" content=\"es_ES\" \/>\n<meta property=\"og:type\" content=\"article\" \/>\n<meta property=\"og:title\" content=\"Resultados de la carrera del GP de Portugal de MotoGP 2023 - Box Repsol\" \/>\n<meta property=\"og:description\" content=\"Cr\u00f3nica y resultados de la carrera del Gran Premio de Portugal 2023, celebrada en el Aut\u00f3dromo Internacional del Algarve (Portimao).\" \/>\n<meta property=\"og:url\" content=\"https:\/\/www.boxrepsol.com\/es\/motogp\/resultados-de-la-carrera-del-gp-de-portugal-de-motogp-2023\/\" \/>\n<meta property=\"og:site_name\" content=\"Box Repsol\" \/>\n<meta property=\"article:publisher\" content=\"https:\/\/www.facebook.com\/BoxRepsol\" \/>\n<meta property=\"article:author\" content=\"https:\/\/www.facebook.com\/BoxRepsol\/\" \/>\n<meta property=\"article:published_time\" content=\"2023-03-26T14:04:26+00:00\" \/>\n<meta property=\"article:modified_time\" content=\"2024-04-08T10:08:24+00:00\" \/>\n<meta property=\"og:image\" content=\"https:\/\/bxrepsol.s3.eu-west-1.amazonaws.com\/static\/2023\/03\/26111452\/JRB85031.jpg\" \/>\n\t<meta property=\"og:image:width\" content=\"1280\" \/>\n\t<meta property=\"og:image:height\" content=\"600\" \/>\n\t<meta property=\"og:image:type\" content=\"image\/jpeg\" \/>\n<meta name=\"author\" content=\"Redacci\u00f3n Box Repsol\" \/>\n<meta name=\"twitter:card\" content=\"summary_large_image\" \/>\n<meta name=\"twitter:image\" content=\"https:\/\/bxrepsol.s3.eu-west-1.amazonaws.com\/static\/2023\/03\/26111452\/JRB85031.jpg\" \/>\n<meta name=\"twitter:creator\" content=\"@https:\/\/twitter.com\/box_repsol\" \/>\n<meta name=\"twitter:site\" content=\"@box_repsol\" \/>\n<meta name=\"twitter:label1\" content=\"Written by\" \/>\n\t<meta name=\"twitter:data1\" content=\"Redacci\u00f3n Box Repsol\" \/>\n\t<meta name=\"twitter:label2\" content=\"Est. reading time\" \/>\n\t<meta name=\"twitter:data2\" content=\"3 minutos\" \/>\n<script type=\"application\/ld+json\" class=\"yoast-schema-graph\">{\"@context\":\"https:\\\/\\\/schema.org\",\"@graph\":[{\"@type\":\"Article\",\"@id\":\"https:\\\/\\\/www.boxrepsol.com\\\/es\\\/motogp\\\/resultados-de-la-carrera-del-gp-de-portugal-de-motogp-2023\\\/#article\",\"isPartOf\":{\"@id\":\"https:\\\/\\\/www.boxrepsol.com\\\/es\\\/motogp\\\/resultados-de-la-carrera-del-gp-de-portugal-de-motogp-2023\\\/\"},\"author\":{\"name\":\"Redacci\u00f3n Box Repsol\",\"@id\":\"https:\\\/\\\/www.boxrepsol.com\\\/es\\\/#\\\/schema\\\/person\\\/c5c2138f2cca251b0ad92b7086bb60b7\"},\"headline\":\"Resultados de la carrera del GP de Portugal de MotoGP 2023\",\"datePublished\":\"2023-03-26T14:04:26+00:00\",\"dateModified\":\"2024-04-08T10:08:24+00:00\",\"mainEntityOfPage\":{\"@id\":\"https:\\\/\\\/www.boxrepsol.com\\\/es\\\/motogp\\\/resultados-de-la-carrera-del-gp-de-portugal-de-motogp-2023\\\/\"},\"wordCount\":613,\"commentCount\":0,\"publisher\":{\"@id\":\"https:\\\/\\\/www.boxrepsol.com\\\/es\\\/#organization\"},\"image\":{\"@id\":\"https:\\\/\\\/www.boxrepsol.com\\\/es\\\/motogp\\\/resultados-de-la-carrera-del-gp-de-portugal-de-motogp-2023\\\/#primaryimage\"},\"thumbnailUrl\":\"https:\\\/\\\/bxrepsol.s3.eu-west-1.amazonaws.com\\\/static\\\/2023\\\/03\\\/26111452\\\/JRB85031.jpg\",\"keywords\":[\"2023\",\"Equipo Repsol Honda\",\"Joan Mir\",\"Marc M\u00e1rquez\",\"MotoGP Portugal\",\"Repsol Honda Team\"],\"articleSection\":[\"MotoGP\"],\"inLanguage\":\"es\",\"potentialAction\":[{\"@type\":\"CommentAction\",\"name\":\"Comment\",\"target\":[\"https:\\\/\\\/www.boxrepsol.com\\\/es\\\/motogp\\\/resultados-de-la-carrera-del-gp-de-portugal-de-motogp-2023\\\/#respond\"]}]},{\"@type\":\"WebPage\",\"@id\":\"https:\\\/\\\/www.boxrepsol.com\\\/es\\\/motogp\\\/resultados-de-la-carrera-del-gp-de-portugal-de-motogp-2023\\\/\",\"url\":\"https:\\\/\\\/www.boxrepsol.com\\\/es\\\/motogp\\\/resultados-de-la-carrera-del-gp-de-portugal-de-motogp-2023\\\/\",\"name\":\"Resultados de la carrera del GP de Portugal de MotoGP 2023 - Box Repsol\",\"isPartOf\":{\"@id\":\"https:\\\/\\\/www.boxrepsol.com\\\/es\\\/#website\"},\"primaryImageOfPage\":{\"@id\":\"https:\\\/\\\/www.boxrepsol.com\\\/es\\\/motogp\\\/resultados-de-la-carrera-del-gp-de-portugal-de-motogp-2023\\\/#primaryimage\"},\"image\":{\"@id\":\"https:\\\/\\\/www.boxrepsol.com\\\/es\\\/motogp\\\/resultados-de-la-carrera-del-gp-de-portugal-de-motogp-2023\\\/#primaryimage\"},\"thumbnailUrl\":\"https:\\\/\\\/bxrepsol.s3.eu-west-1.amazonaws.com\\\/static\\\/2023\\\/03\\\/26111452\\\/JRB85031.jpg\",\"datePublished\":\"2023-03-26T14:04:26+00:00\",\"dateModified\":\"2024-04-08T10:08:24+00:00\",\"description\":\"Cr\u00f3nica y resultados de la carrera del Gran Premio de Portugal 2023, celebrada en el Aut\u00f3dromo Internacional del Algarve (Portimao).\",\"breadcrumb\":{\"@id\":\"https:\\\/\\\/www.boxrepsol.com\\\/es\\\/motogp\\\/resultados-de-la-carrera-del-gp-de-portugal-de-motogp-2023\\\/#breadcrumb\"},\"inLanguage\":\"es\",\"potentialAction\":[{\"@type\":\"ReadAction\",\"target\":[\"https:\\\/\\\/www.boxrepsol.com\\\/es\\\/motogp\\\/resultados-de-la-carrera-del-gp-de-portugal-de-motogp-2023\\\/\"]}]},{\"@type\":\"ImageObject\",\"inLanguage\":\"es\",\"@id\":\"https:\\\/\\\/www.boxrepsol.com\\\/es\\\/motogp\\\/resultados-de-la-carrera-del-gp-de-portugal-de-motogp-2023\\\/#primaryimage\",\"url\":\"https:\\\/\\\/bxrepsol.s3.eu-west-1.amazonaws.com\\\/static\\\/2023\\\/03\\\/26111452\\\/JRB85031.jpg\",\"contentUrl\":\"https:\\\/\\\/bxrepsol.s3.eu-west-1.amazonaws.com\\\/static\\\/2023\\\/03\\\/26111452\\\/JRB85031.jpg\",\"width\":1280,\"height\":600},{\"@type\":\"BreadcrumbList\",\"@id\":\"https:\\\/\\\/www.boxrepsol.com\\\/es\\\/motogp\\\/resultados-de-la-carrera-del-gp-de-portugal-de-motogp-2023\\\/#breadcrumb\",\"itemListElement\":[{\"@type\":\"ListItem\",\"position\":1,\"name\":\"Home\",\"item\":\"https:\\\/\\\/www.boxrepsol.com\\\/es\\\/\"},{\"@type\":\"ListItem\",\"position\":2,\"name\":\"Resultados de la carrera del GP de Portugal de MotoGP 2023\"}]},{\"@type\":\"WebSite\",\"@id\":\"https:\\\/\\\/www.boxrepsol.com\\\/es\\\/#website\",\"url\":\"https:\\\/\\\/www.boxrepsol.com\\\/es\\\/\",\"name\":\"Box Repsol\",\"description\":\"Box Repsol Site\",\"publisher\":{\"@id\":\"https:\\\/\\\/www.boxrepsol.com\\\/es\\\/#organization\"},\"potentialAction\":[{\"@type\":\"SearchAction\",\"target\":{\"@type\":\"EntryPoint\",\"urlTemplate\":\"https:\\\/\\\/www.boxrepsol.com\\\/es\\\/?s={search_term_string}\"},\"query-input\":{\"@type\":\"PropertyValueSpecification\",\"valueRequired\":true,\"valueName\":\"search_term_string\"}}],\"inLanguage\":\"es\"},{\"@type\":\"Organization\",\"@id\":\"https:\\\/\\\/www.boxrepsol.com\\\/es\\\/#organization\",\"name\":\"Box Repsol\",\"url\":\"https:\\\/\\\/www.boxrepsol.com\\\/es\\\/\",\"logo\":{\"@type\":\"ImageObject\",\"inLanguage\":\"es\",\"@id\":\"https:\\\/\\\/www.boxrepsol.com\\\/es\\\/#\\\/schema\\\/logo\\\/image\\\/\",\"url\":\"https:\\\/\\\/bxrepsol.s3.eu-west-1.amazonaws.com\\\/static\\\/2025\\\/07\\\/30083337\\\/favicon-96x96-1.png\",\"contentUrl\":\"https:\\\/\\\/bxrepsol.s3.eu-west-1.amazonaws.com\\\/static\\\/2025\\\/07\\\/30083337\\\/favicon-96x96-1.png\",\"width\":96,\"height\":96,\"caption\":\"Box Repsol\"},\"image\":{\"@id\":\"https:\\\/\\\/www.boxrepsol.com\\\/es\\\/#\\\/schema\\\/logo\\\/image\\\/\"},\"sameAs\":[\"https:\\\/\\\/www.facebook.com\\\/BoxRepsol\",\"https:\\\/\\\/x.com\\\/box_repsol\",\"http:\\\/\\\/instagram.com\\\/box_repsol\",\"https:\\\/\\\/www.youtube.com\\\/user\\\/RepsolCompeticion\",\"https:\\\/\\\/www.flickr.com\\\/photos\\\/box_repsol\\\/\"]},{\"@type\":\"Person\",\"@id\":\"https:\\\/\\\/www.boxrepsol.com\\\/es\\\/#\\\/schema\\\/person\\\/c5c2138f2cca251b0ad92b7086bb60b7\",\"name\":\"Redacci\u00f3n Box Repsol\",\"image\":{\"@type\":\"ImageObject\",\"inLanguage\":\"es\",\"@id\":\"https:\\\/\\\/secure.gravatar.com\\\/avatar\\\/adf7b77e38b4419baf32c7e9c21dde01f4e40df611f0978e3006fc4ba0aaab7e?s=96&d=mm&r=g\",\"url\":\"https:\\\/\\\/secure.gravatar.com\\\/avatar\\\/adf7b77e38b4419baf32c7e9c21dde01f4e40df611f0978e3006fc4ba0aaab7e?s=96&d=mm&r=g\",\"contentUrl\":\"https:\\\/\\\/secure.gravatar.com\\\/avatar\\\/adf7b77e38b4419baf32c7e9c21dde01f4e40df611f0978e3006fc4ba0aaab7e?s=96&d=mm&r=g\",\"caption\":\"Redacci\u00f3n Box Repsol\"},\"description\":\"Box Repsol lo forma un equipo de periodistas, community managers, dise\u00f1adores y fot\u00f3grafos con m\u00e1s de 20 a\u00f1os de experiencia en el mundo del motorsport. Hemos vivido el primer mundial de un espa\u00f1ol en la categor\u00eda reina de motociclismo con \u00c1lex Crivill\u00e9, estuvimos en las victorias de Pedrosa y los t\u00edtulos de M\u00e1rquez, acompa\u00f1amos en \u00c1frica a Nani Roma y Marc Coma en sus conquistas del Dakar y hemos vibrado con los t\u00edtulos de Toni Bou en Trial. Adem\u00e1s, en nuestro equipo contamos con expertos en el mundo de las dos y cuatro ruedas tanto de la calle y las carreteras, como de los circuitos. Periodistas que han trabajado en revistas y publicaciones para hacerte llegar desde rutas y consejos de mantenimiento, a curiosidades y trucos de pilotaje.\",\"sameAs\":[\"https:\\\/\\\/www.facebook.com\\\/BoxRepsol\\\/\",\"https:\\\/\\\/www.instagram.com\\\/box_repsol\\\/\",\"https:\\\/\\\/x.com\\\/https:\\\/\\\/twitter.com\\\/box_repsol\",\"https:\\\/\\\/www.youtube.com\\\/@Boxrepsol\"],\"url\":\"https:\\\/\\\/www.boxrepsol.com\\\/es\\\/author\\\/redaccion-box-repsol\\\/\"}]}<\/script>\n<!-- \/ Yoast SEO plugin. -->","yoast_head_json":{"title":"Resultados de la carrera del GP de Portugal de MotoGP 2023 - Box Repsol","description":"Cr\u00f3nica y resultados de la carrera del Gran Premio de Portugal 2023, celebrada en el Aut\u00f3dromo Internacional del Algarve (Portimao).","canonical":"https:\/\/www.boxrepsol.com\/es\/motogp\/resultados-de-la-carrera-del-gp-de-portugal-de-motogp-2023\/","og_locale":"es_ES","og_type":"article","og_title":"Resultados de la carrera del GP de Portugal de MotoGP 2023 - Box Repsol","og_description":"Cr\u00f3nica y resultados de la carrera del Gran Premio de Portugal 2023, celebrada en el Aut\u00f3dromo Internacional del Algarve (Portimao).","og_url":"https:\/\/www.boxrepsol.com\/es\/motogp\/resultados-de-la-carrera-del-gp-de-portugal-de-motogp-2023\/","og_site_name":"Box Repsol","article_publisher":"https:\/\/www.facebook.com\/BoxRepsol","article_author":"https:\/\/www.facebook.com\/BoxRepsol\/","article_published_time":"2023-03-26T14:04:26+00:00","article_modified_time":"2024-04-08T10:08:24+00:00","og_image":[{"width":1280,"height":600,"url":"https:\/\/bxrepsol.s3.eu-west-1.amazonaws.com\/static\/2023\/03\/26111452\/JRB85031.jpg","type":"image\/jpeg"}],"author":"Redacci\u00f3n Box Repsol","twitter_card":"summary_large_image","twitter_image":"https:\/\/bxrepsol.s3.eu-west-1.amazonaws.com\/static\/2023\/03\/26111452\/JRB85031.jpg","twitter_creator":"@https:\/\/twitter.com\/box_repsol","twitter_site":"@box_repsol","twitter_misc":{"Written by":"Redacci\u00f3n Box Repsol","Est. reading time":"3 minutos"},"schema":{"@context":"https:\/\/schema.org","@graph":[{"@type":"Article","@id":"https:\/\/www.boxrepsol.com\/es\/motogp\/resultados-de-la-carrera-del-gp-de-portugal-de-motogp-2023\/#article","isPartOf":{"@id":"https:\/\/www.boxrepsol.com\/es\/motogp\/resultados-de-la-carrera-del-gp-de-portugal-de-motogp-2023\/"},"author":{"name":"Redacci\u00f3n Box Repsol","@id":"https:\/\/www.boxrepsol.com\/es\/#\/schema\/person\/c5c2138f2cca251b0ad92b7086bb60b7"},"headline":"Resultados de la carrera del GP de Portugal de MotoGP 2023","datePublished":"2023-03-26T14:04:26+00:00","dateModified":"2024-04-08T10:08:24+00:00","mainEntityOfPage":{"@id":"https:\/\/www.boxrepsol.com\/es\/motogp\/resultados-de-la-carrera-del-gp-de-portugal-de-motogp-2023\/"},"wordCount":613,"commentCount":0,"publisher":{"@id":"https:\/\/www.boxrepsol.com\/es\/#organization"},"image":{"@id":"https:\/\/www.boxrepsol.com\/es\/motogp\/resultados-de-la-carrera-del-gp-de-portugal-de-motogp-2023\/#primaryimage"},"thumbnailUrl":"https:\/\/bxrepsol.s3.eu-west-1.amazonaws.com\/static\/2023\/03\/26111452\/JRB85031.jpg","keywords":["2023","Equipo Repsol Honda","Joan Mir","Marc M\u00e1rquez","MotoGP Portugal","Repsol Honda Team"],"articleSection":["MotoGP"],"inLanguage":"es","potentialAction":[{"@type":"CommentAction","name":"Comment","target":["https:\/\/www.boxrepsol.com\/es\/motogp\/resultados-de-la-carrera-del-gp-de-portugal-de-motogp-2023\/#respond"]}]},{"@type":"WebPage","@id":"https:\/\/www.boxrepsol.com\/es\/motogp\/resultados-de-la-carrera-del-gp-de-portugal-de-motogp-2023\/","url":"https:\/\/www.boxrepsol.com\/es\/motogp\/resultados-de-la-carrera-del-gp-de-portugal-de-motogp-2023\/","name":"Resultados de la carrera del GP de Portugal de MotoGP 2023 - Box Repsol","isPartOf":{"@id":"https:\/\/www.boxrepsol.com\/es\/#website"},"primaryImageOfPage":{"@id":"https:\/\/www.boxrepsol.com\/es\/motogp\/resultados-de-la-carrera-del-gp-de-portugal-de-motogp-2023\/#primaryimage"},"image":{"@id":"https:\/\/www.boxrepsol.com\/es\/motogp\/resultados-de-la-carrera-del-gp-de-portugal-de-motogp-2023\/#primaryimage"},"thumbnailUrl":"https:\/\/bxrepsol.s3.eu-west-1.amazonaws.com\/static\/2023\/03\/26111452\/JRB85031.jpg","datePublished":"2023-03-26T14:04:26+00:00","dateModified":"2024-04-08T10:08:24+00:00","description":"Cr\u00f3nica y resultados de la carrera del Gran Premio de Portugal 2023, celebrada en el Aut\u00f3dromo Internacional del Algarve (Portimao).","breadcrumb":{"@id":"https:\/\/www.boxrepsol.com\/es\/motogp\/resultados-de-la-carrera-del-gp-de-portugal-de-motogp-2023\/#breadcrumb"},"inLanguage":"es","potentialAction":[{"@type":"ReadAction","target":["https:\/\/www.boxrepsol.com\/es\/motogp\/resultados-de-la-carrera-del-gp-de-portugal-de-motogp-2023\/"]}]},{"@type":"ImageObject","inLanguage":"es","@id":"https:\/\/www.boxrepsol.com\/es\/motogp\/resultados-de-la-carrera-del-gp-de-portugal-de-motogp-2023\/#primaryimage","url":"https:\/\/bxrepsol.s3.eu-west-1.amazonaws.com\/static\/2023\/03\/26111452\/JRB85031.jpg","contentUrl":"https:\/\/bxrepsol.s3.eu-west-1.amazonaws.com\/static\/2023\/03\/26111452\/JRB85031.jpg","width":1280,"height":600},{"@type":"BreadcrumbList","@id":"https:\/\/www.boxrepsol.com\/es\/motogp\/resultados-de-la-carrera-del-gp-de-portugal-de-motogp-2023\/#breadcrumb","itemListElement":[{"@type":"ListItem","position":1,"name":"Home","item":"https:\/\/www.boxrepsol.com\/es\/"},{"@type":"ListItem","position":2,"name":"Resultados de la carrera del GP de Portugal de MotoGP 2023"}]},{"@type":"WebSite","@id":"https:\/\/www.boxrepsol.com\/es\/#website","url":"https:\/\/www.boxrepsol.com\/es\/","name":"Box Repsol","description":"Box Repsol Site","publisher":{"@id":"https:\/\/www.boxrepsol.com\/es\/#organization"},"potentialAction":[{"@type":"SearchAction","target":{"@type":"EntryPoint","urlTemplate":"https:\/\/www.boxrepsol.com\/es\/?s={search_term_string}"},"query-input":{"@type":"PropertyValueSpecification","valueRequired":true,"valueName":"search_term_string"}}],"inLanguage":"es"},{"@type":"Organization","@id":"https:\/\/www.boxrepsol.com\/es\/#organization","name":"Box Repsol","url":"https:\/\/www.boxrepsol.com\/es\/","logo":{"@type":"ImageObject","inLanguage":"es","@id":"https:\/\/www.boxrepsol.com\/es\/#\/schema\/logo\/image\/","url":"https:\/\/bxrepsol.s3.eu-west-1.amazonaws.com\/static\/2025\/07\/30083337\/favicon-96x96-1.png","contentUrl":"https:\/\/bxrepsol.s3.eu-west-1.amazonaws.com\/static\/2025\/07\/30083337\/favicon-96x96-1.png","width":96,"height":96,"caption":"Box Repsol"},"image":{"@id":"https:\/\/www.boxrepsol.com\/es\/#\/schema\/logo\/image\/"},"sameAs":["https:\/\/www.facebook.com\/BoxRepsol","https:\/\/x.com\/box_repsol","http:\/\/instagram.com\/box_repsol","https:\/\/www.youtube.com\/user\/RepsolCompeticion","https:\/\/www.flickr.com\/photos\/box_repsol\/"]},{"@type":"Person","@id":"https:\/\/www.boxrepsol.com\/es\/#\/schema\/person\/c5c2138f2cca251b0ad92b7086bb60b7","name":"Redacci\u00f3n Box Repsol","image":{"@type":"ImageObject","inLanguage":"es","@id":"https:\/\/secure.gravatar.com\/avatar\/adf7b77e38b4419baf32c7e9c21dde01f4e40df611f0978e3006fc4ba0aaab7e?s=96&d=mm&r=g","url":"https:\/\/secure.gravatar.com\/avatar\/adf7b77e38b4419baf32c7e9c21dde01f4e40df611f0978e3006fc4ba0aaab7e?s=96&d=mm&r=g","contentUrl":"https:\/\/secure.gravatar.com\/avatar\/adf7b77e38b4419baf32c7e9c21dde01f4e40df611f0978e3006fc4ba0aaab7e?s=96&d=mm&r=g","caption":"Redacci\u00f3n Box Repsol"},"description":"Box Repsol lo forma un equipo de periodistas, community managers, dise\u00f1adores y fot\u00f3grafos con m\u00e1s de 20 a\u00f1os de experiencia en el mundo del motorsport. Hemos vivido el primer mundial de un espa\u00f1ol en la categor\u00eda reina de motociclismo con \u00c1lex Crivill\u00e9, estuvimos en las victorias de Pedrosa y los t\u00edtulos de M\u00e1rquez, acompa\u00f1amos en \u00c1frica a Nani Roma y Marc Coma en sus conquistas del Dakar y hemos vibrado con los t\u00edtulos de Toni Bou en Trial. Adem\u00e1s, en nuestro equipo contamos con expertos en el mundo de las dos y cuatro ruedas tanto de la calle y las carreteras, como de los circuitos. Periodistas que han trabajado en revistas y publicaciones para hacerte llegar desde rutas y consejos de mantenimiento, a curiosidades y trucos de pilotaje.","sameAs":["https:\/\/www.facebook.com\/BoxRepsol\/","https:\/\/www.instagram.com\/box_repsol\/","https:\/\/x.com\/https:\/\/twitter.com\/box_repsol","https:\/\/www.youtube.com\/@Boxrepsol"],"url":"https:\/\/www.boxrepsol.com\/es\/author\/redaccion-box-repsol\/"}]}},"_links":{"self":[{"href":"https:\/\/www.boxrepsol.com\/es\/wp-json\/wp\/v2\/posts\/100073","targetHints":{"allow":["GET"]}}],"collection":[{"href":"https:\/\/www.boxrepsol.com\/es\/wp-json\/wp\/v2\/posts"}],"about":[{"href":"https:\/\/www.boxrepsol.com\/es\/wp-json\/wp\/v2\/types\/post"}],"author":[{"embeddable":true,"href":"https:\/\/www.boxrepsol.com\/es\/wp-json\/wp\/v2\/users\/43146"}],"replies":[{"embeddable":true,"href":"https:\/\/www.boxrepsol.com\/es\/wp-json\/wp\/v2\/comments?post=100073"}],"version-history":[{"count":6,"href":"https:\/\/www.boxrepsol.com\/es\/wp-json\/wp\/v2\/posts\/100073\/revisions"}],"predecessor-version":[{"id":100100,"href":"https:\/\/www.boxrepsol.com\/es\/wp-json\/wp\/v2\/posts\/100073\/revisions\/100100"}],"wp:featuredmedia":[{"embeddable":true,"href":"https:\/\/www.boxrepsol.com\/es\/wp-json\/wp\/v2\/media\/100076"}],"wp:attachment":[{"href":"https:\/\/www.boxrepsol.com\/es\/wp-json\/wp\/v2\/media?parent=100073"}],"wp:term":[{"taxonomy":"category","embeddable":true,"href":"https:\/\/www.boxrepsol.com\/es\/wp-json\/wp\/v2\/categories?post=100073"},{"taxonomy":"post_tag","embeddable":true,"href":"https:\/\/www.boxrepsol.com\/es\/wp-json\/wp\/v2\/tags?post=100073"}],"curies":[{"name":"wp","href":"https:\/\/api.w.org\/{rel}","templated":true}]}}