{"id":100056,"date":"2023-03-26T06:29:36","date_gmt":"2023-03-26T08:29:36","guid":{"rendered":"https:\/\/www.boxrepsol.com\/?p=100056"},"modified":"2024-04-08T08:08:44","modified_gmt":"2024-04-08T10:08:44","slug":"nuevo-doblete-para-el-equipo-repsol-honda-en-el-x-trial-de-pamplona","status":"publish","type":"post","link":"https:\/\/www.boxrepsol.com\/es\/trial\/nuevo-doblete-para-el-equipo-repsol-honda-en-el-x-trial-de-pamplona\/","title":{"rendered":"Nuevo doblete para el equipo Repsol Honda en el X-Trial de Pamplona"},"content":{"rendered":"<figure class=\"wp-block-post-featured-image\"><img loading=\"lazy\" decoding=\"async\" width=\"1279\" height=\"600\" src=\"https:\/\/bxrepsol.s3.eu-west-1.amazonaws.com\/static\/2023\/03\/26062440\/https___repsolmedia.com_repsolmedia_wp-content_uploads_2023_03_X-Trial23_r3_PODIUM_04239_ps-scaled1.jpg\" class=\"attachment-post-thumbnail size-post-thumbnail wp-post-image\" alt=\"\" style=\"object-fit:cover;\" srcset=\"https:\/\/bxrepsol.s3.eu-west-1.amazonaws.com\/static\/2023\/03\/26062440\/https___repsolmedia.com_repsolmedia_wp-content_uploads_2023_03_X-Trial23_r3_PODIUM_04239_ps-scaled1.jpg 1279w, https:\/\/bxrepsol.s3.eu-west-1.amazonaws.com\/static\/2023\/03\/26062440\/https___repsolmedia.com_repsolmedia_wp-content_uploads_2023_03_X-Trial23_r3_PODIUM_04239_ps-scaled1-300x141.jpg 300w, https:\/\/bxrepsol.s3.eu-west-1.amazonaws.com\/static\/2023\/03\/26062440\/https___repsolmedia.com_repsolmedia_wp-content_uploads_2023_03_X-Trial23_r3_PODIUM_04239_ps-scaled1-1024x480.jpg 1024w, https:\/\/bxrepsol.s3.eu-west-1.amazonaws.com\/static\/2023\/03\/26062440\/https___repsolmedia.com_repsolmedia_wp-content_uploads_2023_03_X-Trial23_r3_PODIUM_04239_ps-scaled1-768x360.jpg 768w\" sizes=\"auto, (max-width: 1279px) 100vw, 1279px\" \/><\/figure>\n\n\n<p>Durante la tarde \u2013 noche de ayer se disput\u00f3 la tercera cita del <strong>X-Trial<\/strong> en Pamplona, donde el equipo <strong>Repsol Honda <\/strong>volv\u00eda a subirse a lo m\u00e1s alto del podio con la victoria de <strong>Toni Bou <\/strong>y el segundo puesto de <strong>Gabriel Marcelli<\/strong>.<\/p>\n\n\n\n<p>El alto nivel de los diferentes participantes hac\u00eda mella ya en la primera ronda, en la que <strong>Bou <\/strong>clasificaba segundo con tan solo tres puntos de penalizaci\u00f3n. A pesar de que cometi\u00f3 incluso menos errores en la segunda vuelta, el piloto del equipo <strong>Repsol Honda <\/strong>se hizo con un puesto en la final siendo tercero. Haciendo gala de su palmar\u00e9s, Bou supo mantener la calma en el momento m\u00e1s decisivo del evento y se llev\u00f3 el triunfo con tan solo tres puntos de sanci\u00f3n.<\/p>\n\n\n\n<p>Por su parte, <strong>Marcelli <\/strong>sigui\u00f3 demostrando su progreso desde que aterrizara al equipo hace un a\u00f1o. En la primera vuelta clasific\u00f3 tercero, sumando un solo punto m\u00e1s que su compa\u00f1ero. Sin embargo, una segunda ronda completada a la perfecci\u00f3n \u2013 sin ning\u00fan error \u2013, le clasific\u00f3 a la final. En ella, el piloto del equipo Repsol Honda fue de menos a m\u00e1s, acumulando puntos de penalizaci\u00f3n en las primeras zonas, pero lim\u00e1ndolas con una buena actuaci\u00f3n en las \u00faltimas. Tras una gran disputa con Jaime Busto, Marcelli se hizo finalmente con el segundo puesto de honor.<\/p>\n\n\n\n<p>Con cita acogida por la capital navarra, Toni Bou aumenta su liderazgo de la general con 58 puntos, mientras que Gabriel Marcelli mantiene el tercer puesto con 40. El siguiente encuentro ser\u00e1 el pr\u00f3ximo 7 de abril en Burdeos, Francia.<\/p>\n\n\n\n<div class=\"br-slider-box\"><div class=\"wp-block-create-block-repsol-carousel br-slider\"><a href=\"https:\/\/bxrepsol.s3.eu-west-1.amazonaws.com\/static\/2023\/03\/26062635\/https___repsolmedia.com_repsolmedia_wp-content_uploads_2023_03_X-Trial23_r3_PODIUM_04281_ps-scaled-1.jpg\" data-index=\"0\" class=\"br-slide\"><img decoding=\"async\" src=\"https:\/\/bxrepsol.s3.eu-west-1.amazonaws.com\/static\/2023\/03\/26062635\/https___repsolmedia.com_repsolmedia_wp-content_uploads_2023_03_X-Trial23_r3_PODIUM_04281_ps-scaled-1.jpg\"\/><\/a><a href=\"https:\/\/bxrepsol.s3.eu-west-1.amazonaws.com\/static\/2023\/03\/26062638\/https___repsolmedia.com_repsolmedia_wp-content_uploads_2023_03_X-Trial23_r3_REPSOL_00411_ps-scaled-1.jpg\" data-index=\"1\" class=\"br-slide\"><img decoding=\"async\" src=\"https:\/\/bxrepsol.s3.eu-west-1.amazonaws.com\/static\/2023\/03\/26062638\/https___repsolmedia.com_repsolmedia_wp-content_uploads_2023_03_X-Trial23_r3_REPSOL_00411_ps-scaled-1.jpg\"\/><\/a><a href=\"https:\/\/bxrepsol.s3.eu-west-1.amazonaws.com\/static\/2023\/03\/26062641\/https___repsolmedia.com_repsolmedia_wp-content_uploads_2023_03_X-Trial23_r3_PODIUM_01249_ps-scaled-1.jpg\" data-index=\"2\" class=\"br-slide\"><img decoding=\"async\" src=\"https:\/\/bxrepsol.s3.eu-west-1.amazonaws.com\/static\/2023\/03\/26062641\/https___repsolmedia.com_repsolmedia_wp-content_uploads_2023_03_X-Trial23_r3_PODIUM_01249_ps-scaled-1.jpg\"\/><\/a><a href=\"https:\/\/bxrepsol.s3.eu-west-1.amazonaws.com\/static\/2023\/03\/26062645\/https___repsolmedia.com_repsolmedia_wp-content_uploads_2023_03_X-Trial23_r3_REPSOL_03390_ps-scaled-1.jpg\" data-index=\"3\" class=\"br-slide\"><img decoding=\"async\" src=\"https:\/\/bxrepsol.s3.eu-west-1.amazonaws.com\/static\/2023\/03\/26062645\/https___repsolmedia.com_repsolmedia_wp-content_uploads_2023_03_X-Trial23_r3_REPSOL_03390_ps-scaled-1.jpg\"\/><\/a><a href=\"https:\/\/bxrepsol.s3.eu-west-1.amazonaws.com\/static\/2023\/03\/26062648\/https___repsolmedia.com_repsolmedia_wp-content_uploads_2023_03_X-Trial23_r3_PODIUM_04063_ps-scaled-1.jpg\" data-index=\"4\" class=\"br-slide\"><img decoding=\"async\" src=\"https:\/\/bxrepsol.s3.eu-west-1.amazonaws.com\/static\/2023\/03\/26062648\/https___repsolmedia.com_repsolmedia_wp-content_uploads_2023_03_X-Trial23_r3_PODIUM_04063_ps-scaled-1.jpg\"\/><\/a><\/div><div class=\"br-slider-buttons\"><button class=\"arrow rds-icon arrow--left rds-icon-Arrow_left\"><\/button><button class=\"arrow rds-icon arrow--right rds-icon-Arrow_right\"><\/button><\/div><\/div>\n\n\n\n<h3 class=\"wp-block-heading\"><strong>Declaraciones de los pilotos<\/strong><\/h3>\n\n\n\n<p><a href=\"https:\/\/www.boxrepsol.com\/es\/tag\/toni-bou\/\">Toni Bou<\/a><\/p>\n\n\n\n<p>\u00abHa sido complicado mentalmente, estaba todo muy apretado. En la final ha llegado mi mejor versi\u00f3n y estoy muy contento, los rivales han apretado, es una victoria con much\u00edsimo valor. Sab\u00eda que en la final hab\u00eda que empezar muy fuerte, apretando desde el inicio y eso es lo que hemos intentado; hemos sido agresivos y nos ha salido muy bien. Tambi\u00e9n muy contento de correr en una nueva ciudad que ha estado llena de un p\u00fablico entregad\u00edsimo y contento de sumar en mi palmar\u00e9s un nuevo sitio con una victoria\u00bb.<\/p>\n\n\n\n<p><a href=\"https:\/\/www.boxrepsol.com\/es\/tag\/gabri-marcelli\/\">Gabriel Marcelli<\/a><\/p>\n\n\n\n<p>\u00abHe sido muy constante durante toda la noche y estoy muy contento con el trabajo que hemos hecho. Hemos cumplido con los objetivos y me he encontrado muy bien durante toda la carrera. Nos llevamos una segunda plaza, que son puntos para el campeonato y es fant\u00e1stico. Ahora mismo estamos terceros en la general del campeonato y recortando puntos. El objetivo para la siguiente carrera ser\u00e1 luchar por la victoria\u00bb. <\/p>\n","protected":false},"excerpt":{"rendered":"<p>Toni Bou se hace con la victoria en la tercera cita del Mundial de Trial Indoor, acompa\u00f1ado por su compa\u00f1ero de equipo, Gabriel Marcelli<\/p>\n","protected":false},"author":43146,"featured_media":100057,"comment_status":"open","ping_status":"open","sticky":false,"template":"","format":"standard","meta":{"footnotes":""},"categories":[23],"tags":[269,203,21,26],"class_list":["post-100056","post","type-post","status-publish","format-standard","hentry","category-trial","tag-269","tag-gabri-marcelli","tag-toni-bou","tag-trial"],"yoast_head":"<!-- This site is optimized with the Yoast SEO plugin v27.3 - https:\/\/yoast.com\/product\/yoast-seo-wordpress\/ -->\n<title>Nuevo doblete para el equipo Repsol Honda en el X-Trial de Pamplona - Box Repsol<\/title>\n<meta name=\"description\" content=\"Toni Bou se hace con la victoria en la tercera cita del Mundial de Trial Indoor, acompa\u00f1ado por su compa\u00f1ero de equipo, Gabriel Marcelli.\" \/>\n<link rel=\"canonical\" href=\"https:\/\/www.boxrepsol.com\/es\/trial\/nuevo-doblete-para-el-equipo-repsol-honda-en-el-x-trial-de-pamplona\/\" \/>\n<meta property=\"og:locale\" content=\"es_ES\" \/>\n<meta property=\"og:type\" content=\"article\" \/>\n<meta property=\"og:title\" content=\"Nuevo doblete para el equipo Repsol Honda en el X-Trial de Pamplona - Box Repsol\" \/>\n<meta property=\"og:description\" content=\"Toni Bou se hace con la victoria en la tercera cita del Mundial de Trial Indoor, acompa\u00f1ado por su compa\u00f1ero de equipo, Gabriel Marcelli.\" \/>\n<meta property=\"og:url\" content=\"https:\/\/www.boxrepsol.com\/es\/trial\/nuevo-doblete-para-el-equipo-repsol-honda-en-el-x-trial-de-pamplona\/\" \/>\n<meta property=\"og:site_name\" content=\"Box Repsol\" \/>\n<meta property=\"article:publisher\" content=\"https:\/\/www.facebook.com\/BoxRepsol\" \/>\n<meta property=\"article:author\" content=\"https:\/\/www.facebook.com\/BoxRepsol\/\" \/>\n<meta property=\"article:published_time\" content=\"2023-03-26T08:29:36+00:00\" \/>\n<meta property=\"article:modified_time\" content=\"2024-04-08T10:08:44+00:00\" \/>\n<meta property=\"og:image\" content=\"https:\/\/bxrepsol.s3.eu-west-1.amazonaws.com\/static\/2023\/03\/26062440\/https___repsolmedia.com_repsolmedia_wp-content_uploads_2023_03_X-Trial23_r3_PODIUM_04239_ps-scaled1.jpg\" \/>\n\t<meta property=\"og:image:width\" content=\"1279\" \/>\n\t<meta property=\"og:image:height\" content=\"600\" \/>\n\t<meta property=\"og:image:type\" content=\"image\/jpeg\" \/>\n<meta name=\"author\" content=\"Redacci\u00f3n Box Repsol\" \/>\n<meta name=\"twitter:card\" content=\"summary_large_image\" \/>\n<meta name=\"twitter:creator\" content=\"@https:\/\/twitter.com\/box_repsol\" \/>\n<meta name=\"twitter:site\" content=\"@box_repsol\" \/>\n<meta name=\"twitter:label1\" content=\"Written by\" \/>\n\t<meta name=\"twitter:data1\" content=\"Redacci\u00f3n Box Repsol\" \/>\n\t<meta name=\"twitter:label2\" content=\"Est. reading time\" \/>\n\t<meta name=\"twitter:data2\" content=\"2 minutos\" \/>\n<script type=\"application\/ld+json\" class=\"yoast-schema-graph\">{\"@context\":\"https:\\\/\\\/schema.org\",\"@graph\":[{\"@type\":\"Article\",\"@id\":\"https:\\\/\\\/www.boxrepsol.com\\\/es\\\/trial\\\/nuevo-doblete-para-el-equipo-repsol-honda-en-el-x-trial-de-pamplona\\\/#article\",\"isPartOf\":{\"@id\":\"https:\\\/\\\/www.boxrepsol.com\\\/es\\\/trial\\\/nuevo-doblete-para-el-equipo-repsol-honda-en-el-x-trial-de-pamplona\\\/\"},\"author\":{\"name\":\"Redacci\u00f3n Box Repsol\",\"@id\":\"https:\\\/\\\/www.boxrepsol.com\\\/es\\\/#\\\/schema\\\/person\\\/c5c2138f2cca251b0ad92b7086bb60b7\"},\"headline\":\"Nuevo doblete para el equipo Repsol Honda en el X-Trial de Pamplona\",\"datePublished\":\"2023-03-26T08:29:36+00:00\",\"dateModified\":\"2024-04-08T10:08:44+00:00\",\"mainEntityOfPage\":{\"@id\":\"https:\\\/\\\/www.boxrepsol.com\\\/es\\\/trial\\\/nuevo-doblete-para-el-equipo-repsol-honda-en-el-x-trial-de-pamplona\\\/\"},\"wordCount\":463,\"commentCount\":0,\"publisher\":{\"@id\":\"https:\\\/\\\/www.boxrepsol.com\\\/es\\\/#organization\"},\"image\":{\"@id\":\"https:\\\/\\\/www.boxrepsol.com\\\/es\\\/trial\\\/nuevo-doblete-para-el-equipo-repsol-honda-en-el-x-trial-de-pamplona\\\/#primaryimage\"},\"thumbnailUrl\":\"https:\\\/\\\/bxrepsol.s3.eu-west-1.amazonaws.com\\\/static\\\/2023\\\/03\\\/26062440\\\/https___repsolmedia.com_repsolmedia_wp-content_uploads_2023_03_X-Trial23_r3_PODIUM_04239_ps-scaled1.jpg\",\"keywords\":[\"2023\",\"Gabri Marcelli\",\"Toni Bou\",\"trial\"],\"articleSection\":[\"Trial\"],\"inLanguage\":\"es\",\"potentialAction\":[{\"@type\":\"CommentAction\",\"name\":\"Comment\",\"target\":[\"https:\\\/\\\/www.boxrepsol.com\\\/es\\\/trial\\\/nuevo-doblete-para-el-equipo-repsol-honda-en-el-x-trial-de-pamplona\\\/#respond\"]}]},{\"@type\":\"WebPage\",\"@id\":\"https:\\\/\\\/www.boxrepsol.com\\\/es\\\/trial\\\/nuevo-doblete-para-el-equipo-repsol-honda-en-el-x-trial-de-pamplona\\\/\",\"url\":\"https:\\\/\\\/www.boxrepsol.com\\\/es\\\/trial\\\/nuevo-doblete-para-el-equipo-repsol-honda-en-el-x-trial-de-pamplona\\\/\",\"name\":\"Nuevo doblete para el equipo Repsol Honda en el X-Trial de Pamplona - Box Repsol\",\"isPartOf\":{\"@id\":\"https:\\\/\\\/www.boxrepsol.com\\\/es\\\/#website\"},\"primaryImageOfPage\":{\"@id\":\"https:\\\/\\\/www.boxrepsol.com\\\/es\\\/trial\\\/nuevo-doblete-para-el-equipo-repsol-honda-en-el-x-trial-de-pamplona\\\/#primaryimage\"},\"image\":{\"@id\":\"https:\\\/\\\/www.boxrepsol.com\\\/es\\\/trial\\\/nuevo-doblete-para-el-equipo-repsol-honda-en-el-x-trial-de-pamplona\\\/#primaryimage\"},\"thumbnailUrl\":\"https:\\\/\\\/bxrepsol.s3.eu-west-1.amazonaws.com\\\/static\\\/2023\\\/03\\\/26062440\\\/https___repsolmedia.com_repsolmedia_wp-content_uploads_2023_03_X-Trial23_r3_PODIUM_04239_ps-scaled1.jpg\",\"datePublished\":\"2023-03-26T08:29:36+00:00\",\"dateModified\":\"2024-04-08T10:08:44+00:00\",\"description\":\"Toni Bou se hace con la victoria en la tercera cita del Mundial de Trial Indoor, acompa\u00f1ado por su compa\u00f1ero de equipo, Gabriel Marcelli.\",\"breadcrumb\":{\"@id\":\"https:\\\/\\\/www.boxrepsol.com\\\/es\\\/trial\\\/nuevo-doblete-para-el-equipo-repsol-honda-en-el-x-trial-de-pamplona\\\/#breadcrumb\"},\"inLanguage\":\"es\",\"potentialAction\":[{\"@type\":\"ReadAction\",\"target\":[\"https:\\\/\\\/www.boxrepsol.com\\\/es\\\/trial\\\/nuevo-doblete-para-el-equipo-repsol-honda-en-el-x-trial-de-pamplona\\\/\"]}]},{\"@type\":\"ImageObject\",\"inLanguage\":\"es\",\"@id\":\"https:\\\/\\\/www.boxrepsol.com\\\/es\\\/trial\\\/nuevo-doblete-para-el-equipo-repsol-honda-en-el-x-trial-de-pamplona\\\/#primaryimage\",\"url\":\"https:\\\/\\\/bxrepsol.s3.eu-west-1.amazonaws.com\\\/static\\\/2023\\\/03\\\/26062440\\\/https___repsolmedia.com_repsolmedia_wp-content_uploads_2023_03_X-Trial23_r3_PODIUM_04239_ps-scaled1.jpg\",\"contentUrl\":\"https:\\\/\\\/bxrepsol.s3.eu-west-1.amazonaws.com\\\/static\\\/2023\\\/03\\\/26062440\\\/https___repsolmedia.com_repsolmedia_wp-content_uploads_2023_03_X-Trial23_r3_PODIUM_04239_ps-scaled1.jpg\",\"width\":1279,\"height\":600},{\"@type\":\"BreadcrumbList\",\"@id\":\"https:\\\/\\\/www.boxrepsol.com\\\/es\\\/trial\\\/nuevo-doblete-para-el-equipo-repsol-honda-en-el-x-trial-de-pamplona\\\/#breadcrumb\",\"itemListElement\":[{\"@type\":\"ListItem\",\"position\":1,\"name\":\"Home\",\"item\":\"https:\\\/\\\/www.boxrepsol.com\\\/es\\\/\"},{\"@type\":\"ListItem\",\"position\":2,\"name\":\"Nuevo doblete para el equipo Repsol Honda en el X-Trial de Pamplona\"}]},{\"@type\":\"WebSite\",\"@id\":\"https:\\\/\\\/www.boxrepsol.com\\\/es\\\/#website\",\"url\":\"https:\\\/\\\/www.boxrepsol.com\\\/es\\\/\",\"name\":\"Box Repsol\",\"description\":\"Box Repsol Site\",\"publisher\":{\"@id\":\"https:\\\/\\\/www.boxrepsol.com\\\/es\\\/#organization\"},\"potentialAction\":[{\"@type\":\"SearchAction\",\"target\":{\"@type\":\"EntryPoint\",\"urlTemplate\":\"https:\\\/\\\/www.boxrepsol.com\\\/es\\\/?s={search_term_string}\"},\"query-input\":{\"@type\":\"PropertyValueSpecification\",\"valueRequired\":true,\"valueName\":\"search_term_string\"}}],\"inLanguage\":\"es\"},{\"@type\":\"Organization\",\"@id\":\"https:\\\/\\\/www.boxrepsol.com\\\/es\\\/#organization\",\"name\":\"Box Repsol\",\"url\":\"https:\\\/\\\/www.boxrepsol.com\\\/es\\\/\",\"logo\":{\"@type\":\"ImageObject\",\"inLanguage\":\"es\",\"@id\":\"https:\\\/\\\/www.boxrepsol.com\\\/es\\\/#\\\/schema\\\/logo\\\/image\\\/\",\"url\":\"https:\\\/\\\/bxrepsol.s3.eu-west-1.amazonaws.com\\\/static\\\/2025\\\/07\\\/30083337\\\/favicon-96x96-1.png\",\"contentUrl\":\"https:\\\/\\\/bxrepsol.s3.eu-west-1.amazonaws.com\\\/static\\\/2025\\\/07\\\/30083337\\\/favicon-96x96-1.png\",\"width\":96,\"height\":96,\"caption\":\"Box Repsol\"},\"image\":{\"@id\":\"https:\\\/\\\/www.boxrepsol.com\\\/es\\\/#\\\/schema\\\/logo\\\/image\\\/\"},\"sameAs\":[\"https:\\\/\\\/www.facebook.com\\\/BoxRepsol\",\"https:\\\/\\\/x.com\\\/box_repsol\",\"http:\\\/\\\/instagram.com\\\/box_repsol\",\"https:\\\/\\\/www.youtube.com\\\/user\\\/RepsolCompeticion\",\"https:\\\/\\\/www.flickr.com\\\/photos\\\/box_repsol\\\/\"]},{\"@type\":\"Person\",\"@id\":\"https:\\\/\\\/www.boxrepsol.com\\\/es\\\/#\\\/schema\\\/person\\\/c5c2138f2cca251b0ad92b7086bb60b7\",\"name\":\"Redacci\u00f3n Box Repsol\",\"image\":{\"@type\":\"ImageObject\",\"inLanguage\":\"es\",\"@id\":\"https:\\\/\\\/secure.gravatar.com\\\/avatar\\\/adf7b77e38b4419baf32c7e9c21dde01f4e40df611f0978e3006fc4ba0aaab7e?s=96&d=mm&r=g\",\"url\":\"https:\\\/\\\/secure.gravatar.com\\\/avatar\\\/adf7b77e38b4419baf32c7e9c21dde01f4e40df611f0978e3006fc4ba0aaab7e?s=96&d=mm&r=g\",\"contentUrl\":\"https:\\\/\\\/secure.gravatar.com\\\/avatar\\\/adf7b77e38b4419baf32c7e9c21dde01f4e40df611f0978e3006fc4ba0aaab7e?s=96&d=mm&r=g\",\"caption\":\"Redacci\u00f3n Box Repsol\"},\"description\":\"Box Repsol lo forma un equipo de periodistas, community managers, dise\u00f1adores y fot\u00f3grafos con m\u00e1s de 20 a\u00f1os de experiencia en el mundo del motorsport. Hemos vivido el primer mundial de un espa\u00f1ol en la categor\u00eda reina de motociclismo con \u00c1lex Crivill\u00e9, estuvimos en las victorias de Pedrosa y los t\u00edtulos de M\u00e1rquez, acompa\u00f1amos en \u00c1frica a Nani Roma y Marc Coma en sus conquistas del Dakar y hemos vibrado con los t\u00edtulos de Toni Bou en Trial. Adem\u00e1s, en nuestro equipo contamos con expertos en el mundo de las dos y cuatro ruedas tanto de la calle y las carreteras, como de los circuitos. Periodistas que han trabajado en revistas y publicaciones para hacerte llegar desde rutas y consejos de mantenimiento, a curiosidades y trucos de pilotaje.\",\"sameAs\":[\"https:\\\/\\\/www.facebook.com\\\/BoxRepsol\\\/\",\"https:\\\/\\\/www.instagram.com\\\/box_repsol\\\/\",\"https:\\\/\\\/x.com\\\/https:\\\/\\\/twitter.com\\\/box_repsol\",\"https:\\\/\\\/www.youtube.com\\\/@Boxrepsol\"],\"url\":\"https:\\\/\\\/www.boxrepsol.com\\\/es\\\/author\\\/redaccion-box-repsol\\\/\"}]}<\/script>\n<!-- \/ Yoast SEO plugin. -->","yoast_head_json":{"title":"Nuevo doblete para el equipo Repsol Honda en el X-Trial de Pamplona - Box Repsol","description":"Toni Bou se hace con la victoria en la tercera cita del Mundial de Trial Indoor, acompa\u00f1ado por su compa\u00f1ero de equipo, Gabriel Marcelli.","canonical":"https:\/\/www.boxrepsol.com\/es\/trial\/nuevo-doblete-para-el-equipo-repsol-honda-en-el-x-trial-de-pamplona\/","og_locale":"es_ES","og_type":"article","og_title":"Nuevo doblete para el equipo Repsol Honda en el X-Trial de Pamplona - Box Repsol","og_description":"Toni Bou se hace con la victoria en la tercera cita del Mundial de Trial Indoor, acompa\u00f1ado por su compa\u00f1ero de equipo, Gabriel Marcelli.","og_url":"https:\/\/www.boxrepsol.com\/es\/trial\/nuevo-doblete-para-el-equipo-repsol-honda-en-el-x-trial-de-pamplona\/","og_site_name":"Box Repsol","article_publisher":"https:\/\/www.facebook.com\/BoxRepsol","article_author":"https:\/\/www.facebook.com\/BoxRepsol\/","article_published_time":"2023-03-26T08:29:36+00:00","article_modified_time":"2024-04-08T10:08:44+00:00","og_image":[{"width":1279,"height":600,"url":"https:\/\/bxrepsol.s3.eu-west-1.amazonaws.com\/static\/2023\/03\/26062440\/https___repsolmedia.com_repsolmedia_wp-content_uploads_2023_03_X-Trial23_r3_PODIUM_04239_ps-scaled1.jpg","type":"image\/jpeg"}],"author":"Redacci\u00f3n Box Repsol","twitter_card":"summary_large_image","twitter_creator":"@https:\/\/twitter.com\/box_repsol","twitter_site":"@box_repsol","twitter_misc":{"Written by":"Redacci\u00f3n Box Repsol","Est. reading time":"2 minutos"},"schema":{"@context":"https:\/\/schema.org","@graph":[{"@type":"Article","@id":"https:\/\/www.boxrepsol.com\/es\/trial\/nuevo-doblete-para-el-equipo-repsol-honda-en-el-x-trial-de-pamplona\/#article","isPartOf":{"@id":"https:\/\/www.boxrepsol.com\/es\/trial\/nuevo-doblete-para-el-equipo-repsol-honda-en-el-x-trial-de-pamplona\/"},"author":{"name":"Redacci\u00f3n Box Repsol","@id":"https:\/\/www.boxrepsol.com\/es\/#\/schema\/person\/c5c2138f2cca251b0ad92b7086bb60b7"},"headline":"Nuevo doblete para el equipo Repsol Honda en el X-Trial de Pamplona","datePublished":"2023-03-26T08:29:36+00:00","dateModified":"2024-04-08T10:08:44+00:00","mainEntityOfPage":{"@id":"https:\/\/www.boxrepsol.com\/es\/trial\/nuevo-doblete-para-el-equipo-repsol-honda-en-el-x-trial-de-pamplona\/"},"wordCount":463,"commentCount":0,"publisher":{"@id":"https:\/\/www.boxrepsol.com\/es\/#organization"},"image":{"@id":"https:\/\/www.boxrepsol.com\/es\/trial\/nuevo-doblete-para-el-equipo-repsol-honda-en-el-x-trial-de-pamplona\/#primaryimage"},"thumbnailUrl":"https:\/\/bxrepsol.s3.eu-west-1.amazonaws.com\/static\/2023\/03\/26062440\/https___repsolmedia.com_repsolmedia_wp-content_uploads_2023_03_X-Trial23_r3_PODIUM_04239_ps-scaled1.jpg","keywords":["2023","Gabri Marcelli","Toni Bou","trial"],"articleSection":["Trial"],"inLanguage":"es","potentialAction":[{"@type":"CommentAction","name":"Comment","target":["https:\/\/www.boxrepsol.com\/es\/trial\/nuevo-doblete-para-el-equipo-repsol-honda-en-el-x-trial-de-pamplona\/#respond"]}]},{"@type":"WebPage","@id":"https:\/\/www.boxrepsol.com\/es\/trial\/nuevo-doblete-para-el-equipo-repsol-honda-en-el-x-trial-de-pamplona\/","url":"https:\/\/www.boxrepsol.com\/es\/trial\/nuevo-doblete-para-el-equipo-repsol-honda-en-el-x-trial-de-pamplona\/","name":"Nuevo doblete para el equipo Repsol Honda en el X-Trial de Pamplona - Box Repsol","isPartOf":{"@id":"https:\/\/www.boxrepsol.com\/es\/#website"},"primaryImageOfPage":{"@id":"https:\/\/www.boxrepsol.com\/es\/trial\/nuevo-doblete-para-el-equipo-repsol-honda-en-el-x-trial-de-pamplona\/#primaryimage"},"image":{"@id":"https:\/\/www.boxrepsol.com\/es\/trial\/nuevo-doblete-para-el-equipo-repsol-honda-en-el-x-trial-de-pamplona\/#primaryimage"},"thumbnailUrl":"https:\/\/bxrepsol.s3.eu-west-1.amazonaws.com\/static\/2023\/03\/26062440\/https___repsolmedia.com_repsolmedia_wp-content_uploads_2023_03_X-Trial23_r3_PODIUM_04239_ps-scaled1.jpg","datePublished":"2023-03-26T08:29:36+00:00","dateModified":"2024-04-08T10:08:44+00:00","description":"Toni Bou se hace con la victoria en la tercera cita del Mundial de Trial Indoor, acompa\u00f1ado por su compa\u00f1ero de equipo, Gabriel Marcelli.","breadcrumb":{"@id":"https:\/\/www.boxrepsol.com\/es\/trial\/nuevo-doblete-para-el-equipo-repsol-honda-en-el-x-trial-de-pamplona\/#breadcrumb"},"inLanguage":"es","potentialAction":[{"@type":"ReadAction","target":["https:\/\/www.boxrepsol.com\/es\/trial\/nuevo-doblete-para-el-equipo-repsol-honda-en-el-x-trial-de-pamplona\/"]}]},{"@type":"ImageObject","inLanguage":"es","@id":"https:\/\/www.boxrepsol.com\/es\/trial\/nuevo-doblete-para-el-equipo-repsol-honda-en-el-x-trial-de-pamplona\/#primaryimage","url":"https:\/\/bxrepsol.s3.eu-west-1.amazonaws.com\/static\/2023\/03\/26062440\/https___repsolmedia.com_repsolmedia_wp-content_uploads_2023_03_X-Trial23_r3_PODIUM_04239_ps-scaled1.jpg","contentUrl":"https:\/\/bxrepsol.s3.eu-west-1.amazonaws.com\/static\/2023\/03\/26062440\/https___repsolmedia.com_repsolmedia_wp-content_uploads_2023_03_X-Trial23_r3_PODIUM_04239_ps-scaled1.jpg","width":1279,"height":600},{"@type":"BreadcrumbList","@id":"https:\/\/www.boxrepsol.com\/es\/trial\/nuevo-doblete-para-el-equipo-repsol-honda-en-el-x-trial-de-pamplona\/#breadcrumb","itemListElement":[{"@type":"ListItem","position":1,"name":"Home","item":"https:\/\/www.boxrepsol.com\/es\/"},{"@type":"ListItem","position":2,"name":"Nuevo doblete para el equipo Repsol Honda en el X-Trial de Pamplona"}]},{"@type":"WebSite","@id":"https:\/\/www.boxrepsol.com\/es\/#website","url":"https:\/\/www.boxrepsol.com\/es\/","name":"Box Repsol","description":"Box Repsol Site","publisher":{"@id":"https:\/\/www.boxrepsol.com\/es\/#organization"},"potentialAction":[{"@type":"SearchAction","target":{"@type":"EntryPoint","urlTemplate":"https:\/\/www.boxrepsol.com\/es\/?s={search_term_string}"},"query-input":{"@type":"PropertyValueSpecification","valueRequired":true,"valueName":"search_term_string"}}],"inLanguage":"es"},{"@type":"Organization","@id":"https:\/\/www.boxrepsol.com\/es\/#organization","name":"Box Repsol","url":"https:\/\/www.boxrepsol.com\/es\/","logo":{"@type":"ImageObject","inLanguage":"es","@id":"https:\/\/www.boxrepsol.com\/es\/#\/schema\/logo\/image\/","url":"https:\/\/bxrepsol.s3.eu-west-1.amazonaws.com\/static\/2025\/07\/30083337\/favicon-96x96-1.png","contentUrl":"https:\/\/bxrepsol.s3.eu-west-1.amazonaws.com\/static\/2025\/07\/30083337\/favicon-96x96-1.png","width":96,"height":96,"caption":"Box Repsol"},"image":{"@id":"https:\/\/www.boxrepsol.com\/es\/#\/schema\/logo\/image\/"},"sameAs":["https:\/\/www.facebook.com\/BoxRepsol","https:\/\/x.com\/box_repsol","http:\/\/instagram.com\/box_repsol","https:\/\/www.youtube.com\/user\/RepsolCompeticion","https:\/\/www.flickr.com\/photos\/box_repsol\/"]},{"@type":"Person","@id":"https:\/\/www.boxrepsol.com\/es\/#\/schema\/person\/c5c2138f2cca251b0ad92b7086bb60b7","name":"Redacci\u00f3n Box Repsol","image":{"@type":"ImageObject","inLanguage":"es","@id":"https:\/\/secure.gravatar.com\/avatar\/adf7b77e38b4419baf32c7e9c21dde01f4e40df611f0978e3006fc4ba0aaab7e?s=96&d=mm&r=g","url":"https:\/\/secure.gravatar.com\/avatar\/adf7b77e38b4419baf32c7e9c21dde01f4e40df611f0978e3006fc4ba0aaab7e?s=96&d=mm&r=g","contentUrl":"https:\/\/secure.gravatar.com\/avatar\/adf7b77e38b4419baf32c7e9c21dde01f4e40df611f0978e3006fc4ba0aaab7e?s=96&d=mm&r=g","caption":"Redacci\u00f3n Box Repsol"},"description":"Box Repsol lo forma un equipo de periodistas, community managers, dise\u00f1adores y fot\u00f3grafos con m\u00e1s de 20 a\u00f1os de experiencia en el mundo del motorsport. Hemos vivido el primer mundial de un espa\u00f1ol en la categor\u00eda reina de motociclismo con \u00c1lex Crivill\u00e9, estuvimos en las victorias de Pedrosa y los t\u00edtulos de M\u00e1rquez, acompa\u00f1amos en \u00c1frica a Nani Roma y Marc Coma en sus conquistas del Dakar y hemos vibrado con los t\u00edtulos de Toni Bou en Trial. Adem\u00e1s, en nuestro equipo contamos con expertos en el mundo de las dos y cuatro ruedas tanto de la calle y las carreteras, como de los circuitos. Periodistas que han trabajado en revistas y publicaciones para hacerte llegar desde rutas y consejos de mantenimiento, a curiosidades y trucos de pilotaje.","sameAs":["https:\/\/www.facebook.com\/BoxRepsol\/","https:\/\/www.instagram.com\/box_repsol\/","https:\/\/x.com\/https:\/\/twitter.com\/box_repsol","https:\/\/www.youtube.com\/@Boxrepsol"],"url":"https:\/\/www.boxrepsol.com\/es\/author\/redaccion-box-repsol\/"}]}},"_links":{"self":[{"href":"https:\/\/www.boxrepsol.com\/es\/wp-json\/wp\/v2\/posts\/100056","targetHints":{"allow":["GET"]}}],"collection":[{"href":"https:\/\/www.boxrepsol.com\/es\/wp-json\/wp\/v2\/posts"}],"about":[{"href":"https:\/\/www.boxrepsol.com\/es\/wp-json\/wp\/v2\/types\/post"}],"author":[{"embeddable":true,"href":"https:\/\/www.boxrepsol.com\/es\/wp-json\/wp\/v2\/users\/43146"}],"replies":[{"embeddable":true,"href":"https:\/\/www.boxrepsol.com\/es\/wp-json\/wp\/v2\/comments?post=100056"}],"version-history":[{"count":1,"href":"https:\/\/www.boxrepsol.com\/es\/wp-json\/wp\/v2\/posts\/100056\/revisions"}],"predecessor-version":[{"id":100069,"href":"https:\/\/www.boxrepsol.com\/es\/wp-json\/wp\/v2\/posts\/100056\/revisions\/100069"}],"wp:featuredmedia":[{"embeddable":true,"href":"https:\/\/www.boxrepsol.com\/es\/wp-json\/wp\/v2\/media\/100057"}],"wp:attachment":[{"href":"https:\/\/www.boxrepsol.com\/es\/wp-json\/wp\/v2\/media?parent=100056"}],"wp:term":[{"taxonomy":"category","embeddable":true,"href":"https:\/\/www.boxrepsol.com\/es\/wp-json\/wp\/v2\/categories?post=100056"},{"taxonomy":"post_tag","embeddable":true,"href":"https:\/\/www.boxrepsol.com\/es\/wp-json\/wp\/v2\/tags?post=100056"}],"curies":[{"name":"wp","href":"https:\/\/api.w.org\/{rel}","templated":true}]}}