{"id":99275,"date":"2023-03-11T17:56:25","date_gmt":"2023-03-11T19:56:25","guid":{"rendered":"https:\/\/www.boxrepsol.com\/?p=99275"},"modified":"2023-03-13T07:13:57","modified_gmt":"2023-03-13T09:13:57","slug":"results-of-the-first-day-of-the-motogp-test-in-portimao","status":"publish","type":"post","link":"https:\/\/www.boxrepsol.com\/en\/motogp-en\/results-of-the-first-day-of-the-motogp-test-in-portimao\/","title":{"rendered":"Results of the first day of the MotoGP test in Portimao"},"content":{"rendered":"<figure class=\"wp-block-post-featured-image\"><img loading=\"lazy\" decoding=\"async\" width=\"2560\" height=\"1201\" src=\"https:\/\/bxrepsol.s3.eu-west-1.amazonaws.com\/static\/2023\/03\/11170116\/JRB2164-scaled.jpg\" class=\"attachment-post-thumbnail size-post-thumbnail wp-post-image\" alt=\"\" style=\"object-fit:cover;\" srcset=\"https:\/\/bxrepsol.s3.eu-west-1.amazonaws.com\/static\/2023\/03\/11170116\/JRB2164-scaled.jpg 2560w, https:\/\/bxrepsol.s3.eu-west-1.amazonaws.com\/static\/2023\/03\/11170116\/JRB2164-300x141.jpg 300w, https:\/\/bxrepsol.s3.eu-west-1.amazonaws.com\/static\/2023\/03\/11170116\/JRB2164-1024x480.jpg 1024w, https:\/\/bxrepsol.s3.eu-west-1.amazonaws.com\/static\/2023\/03\/11170116\/JRB2164-768x360.jpg 768w, https:\/\/bxrepsol.s3.eu-west-1.amazonaws.com\/static\/2023\/03\/11170116\/JRB2164-1536x720.jpg 1536w, https:\/\/bxrepsol.s3.eu-west-1.amazonaws.com\/static\/2023\/03\/11170116\/JRB2164-2048x960.jpg 2048w\" sizes=\"auto, (max-width: 2560px) 100vw, 2560px\" \/><\/figure>\n\n\n<p><strong>Pecco Bagnaia<\/strong> (Ducati) closed the first day of the <strong>MotoGP test<\/strong> at the <strong>Aut\u00f3dromo Internacional del Algarve<\/strong> fastest with a time of <strong>1:38.771<\/strong>. The Top 3 was completed by <strong>Luca Marini <\/strong>(Ducati), more than two tenths behind. <strong>Maverick Vi\u00f1ales <\/strong>(Aprilia) was third, closely following him, +0.020 behind. <\/p>\n\n\n\n<p>As had already happened during the<a href=\"https:\/\/www.boxrepsol.com\/en\/motogp-en\/results-of-the-third-day-of-the-sepang-test\/\" target=\"_blank\" rel=\"noreferrer noopener\"> tests in Sepang <\/a>in February, the times between the different factories were close; 13 riders lapping less than a second apart. \u00c1lex M\u00e1rquez (Ducati), Ra\u00fal Fern\u00e1ndez (Aprilia), Miguel Oliveira (Aprilia), Marco Bezzecchi (Ducati), Fabio Quartararo (Yamaha), Fabio Di Giannantonio (Ducati) and Jorge Mart\u00edn (Ducati) rounded off the Top 10.<\/p>\n\n\n\n<h3 class=\"wp-block-heading\"><strong>The Repsol Honda Team continue their work at the Portimao test<\/strong><\/h3>\n\n\n\n<p><strong>Marc M\u00e1rquez <\/strong>and <strong><a href=\"https:\/\/www.boxrepsol.com\/en\/motogp-en\/joan-mir-repsol-honda-teams-latest-recruit\/\" target=\"_blank\" rel=\"noreferrer noopener\">Joan Mir <\/a><\/strong>completed a total of 152 laps at the Aut\u00f3dromo Internacional do Algarve. Mir, with 74 laps, set the 14th best time, one second off the top spot. M\u00e1rquez, who crashed but escaped unhurt, finished 19th, 1.399 slower than Bagnaia.<\/p>\n\n\n\n<h3 class=\"wp-block-heading\"><strong>Saturday standings<\/strong><\/h3>\n\n\n<p><strong>1. Francesco Bagnaia (Ducati) \u2013 1:38.771<\/strong><br>2. Luca Marini (Ducati) +0.234<br>3. Maverick Vi\u00f1ales (Aprilia) +0.254<br>4. \u00c1lex M\u00e1rquez (Ducati) +0.565<br>5. Ra\u00fal Fern\u00e1ndez (Aprilia) +0.689<br>6. Miguel Oliveira (Aprilia) +0.695<br>7. Marco Bezzecchi (Ducati) +0.837<br>8. Fabio Quartararo (Yamaha) +0.843<br>9. Fabio Di Giannantonio (Ducati) +0.870<br>10. Jorge Mart\u00edn (Ducati) +0.872<br><strong>14. Joan Mir (Repsol Honda) +1.005<\/strong><br><strong>19. Marc M\u00e1rquez (Repsol Honda) +1.399<\/strong><\/p>","protected":false},"excerpt":{"rendered":"<p>Pecco Bagnaia sets the fastest time at the Aut\u00f3dromo Internacional do Algarve, Portugal<\/p>\n","protected":false},"author":419,"featured_media":99271,"comment_status":"open","ping_status":"open","sticky":false,"template":"","format":"standard","meta":{"footnotes":""},"categories":[4,146],"tags":[210],"class_list":["post-99275","post","type-post","status-publish","format-standard","hentry","category-motogp","category-motogp-en","tag-motocycling-world-championship"],"yoast_head":"<!-- This site is optimized with the Yoast SEO plugin v27.3 - https:\/\/yoast.com\/product\/yoast-seo-wordpress\/ -->\n<title>Results of the first day of the MotoGP test in Portimao - Box Repsol<\/title>\n<meta name=\"description\" content=\"Test de MotoGP en Portimao: Pecco Bagnaia marca el mejor tiempo en el Aut\u00f3dromo Internacional del Algarve, Portugal\" \/>\n<link rel=\"canonical\" href=\"https:\/\/www.boxrepsol.com\/en\/motogp-en\/results-of-the-first-day-of-the-motogp-test-in-portimao\/\" \/>\n<meta property=\"og:locale\" content=\"en_US\" \/>\n<meta property=\"og:type\" content=\"article\" \/>\n<meta property=\"og:title\" content=\"Results of the first day of the MotoGP test in Portimao - Box Repsol\" \/>\n<meta property=\"og:description\" content=\"Test de MotoGP en Portimao: Pecco Bagnaia marca el mejor tiempo en el Aut\u00f3dromo Internacional del Algarve, Portugal\" \/>\n<meta property=\"og:url\" content=\"https:\/\/www.boxrepsol.com\/en\/motogp-en\/results-of-the-first-day-of-the-motogp-test-in-portimao\/\" \/>\n<meta property=\"og:site_name\" content=\"Box Repsol\" \/>\n<meta property=\"article:publisher\" content=\"https:\/\/www.facebook.com\/BoxRepsol\" \/>\n<meta property=\"article:published_time\" content=\"2023-03-11T19:56:25+00:00\" \/>\n<meta property=\"article:modified_time\" content=\"2023-03-13T09:13:57+00:00\" \/>\n<meta property=\"og:image\" content=\"https:\/\/bxrepsol.s3.eu-west-1.amazonaws.com\/static\/2023\/03\/11170116\/JRB2164-scaled.jpg\" \/>\n\t<meta property=\"og:image:width\" content=\"2560\" \/>\n\t<meta property=\"og:image:height\" content=\"1201\" \/>\n\t<meta property=\"og:image:type\" content=\"image\/jpeg\" \/>\n<meta name=\"author\" content=\"Box Repsol\" \/>\n<meta name=\"twitter:card\" content=\"summary_large_image\" \/>\n<meta name=\"twitter:creator\" content=\"@box_repsol\" \/>\n<meta name=\"twitter:site\" content=\"@box_repsol\" \/>\n<meta name=\"twitter:label1\" content=\"Written by\" \/>\n\t<meta name=\"twitter:data1\" content=\"Box Repsol\" \/>\n\t<meta name=\"twitter:label2\" content=\"Est. reading time\" \/>\n\t<meta name=\"twitter:data2\" content=\"1 minute\" \/>\n<script type=\"application\/ld+json\" class=\"yoast-schema-graph\">{\"@context\":\"https:\\\/\\\/schema.org\",\"@graph\":[{\"@type\":\"Article\",\"@id\":\"https:\\\/\\\/www.boxrepsol.com\\\/en\\\/motogp-en\\\/results-of-the-first-day-of-the-motogp-test-in-portimao\\\/#article\",\"isPartOf\":{\"@id\":\"https:\\\/\\\/www.boxrepsol.com\\\/en\\\/motogp-en\\\/results-of-the-first-day-of-the-motogp-test-in-portimao\\\/\"},\"author\":{\"name\":\"Box Repsol\",\"@id\":\"https:\\\/\\\/www.boxrepsol.com\\\/en\\\/#\\\/schema\\\/person\\\/687089a4be7b5131fc9d1b17e522c47b\"},\"headline\":\"Results of the first day of the MotoGP test in Portimao\",\"datePublished\":\"2023-03-11T19:56:25+00:00\",\"dateModified\":\"2023-03-13T09:13:57+00:00\",\"mainEntityOfPage\":{\"@id\":\"https:\\\/\\\/www.boxrepsol.com\\\/en\\\/motogp-en\\\/results-of-the-first-day-of-the-motogp-test-in-portimao\\\/\"},\"wordCount\":216,\"commentCount\":0,\"publisher\":{\"@id\":\"https:\\\/\\\/www.boxrepsol.com\\\/en\\\/#organization\"},\"image\":{\"@id\":\"https:\\\/\\\/www.boxrepsol.com\\\/en\\\/motogp-en\\\/results-of-the-first-day-of-the-motogp-test-in-portimao\\\/#primaryimage\"},\"thumbnailUrl\":\"https:\\\/\\\/bxrepsol.s3.eu-west-1.amazonaws.com\\\/static\\\/2023\\\/03\\\/11170116\\\/JRB2164-scaled.jpg\",\"keywords\":[\"Motocycling World Championship\"],\"articleSection\":[\"MotoGP\",\"MotoGP\"],\"inLanguage\":\"en-US\",\"potentialAction\":[{\"@type\":\"CommentAction\",\"name\":\"Comment\",\"target\":[\"https:\\\/\\\/www.boxrepsol.com\\\/en\\\/motogp-en\\\/results-of-the-first-day-of-the-motogp-test-in-portimao\\\/#respond\"]}]},{\"@type\":\"WebPage\",\"@id\":\"https:\\\/\\\/www.boxrepsol.com\\\/en\\\/motogp-en\\\/results-of-the-first-day-of-the-motogp-test-in-portimao\\\/\",\"url\":\"https:\\\/\\\/www.boxrepsol.com\\\/en\\\/motogp-en\\\/results-of-the-first-day-of-the-motogp-test-in-portimao\\\/\",\"name\":\"Results of the first day of the MotoGP test in Portimao - Box Repsol\",\"isPartOf\":{\"@id\":\"https:\\\/\\\/www.boxrepsol.com\\\/en\\\/#website\"},\"primaryImageOfPage\":{\"@id\":\"https:\\\/\\\/www.boxrepsol.com\\\/en\\\/motogp-en\\\/results-of-the-first-day-of-the-motogp-test-in-portimao\\\/#primaryimage\"},\"image\":{\"@id\":\"https:\\\/\\\/www.boxrepsol.com\\\/en\\\/motogp-en\\\/results-of-the-first-day-of-the-motogp-test-in-portimao\\\/#primaryimage\"},\"thumbnailUrl\":\"https:\\\/\\\/bxrepsol.s3.eu-west-1.amazonaws.com\\\/static\\\/2023\\\/03\\\/11170116\\\/JRB2164-scaled.jpg\",\"datePublished\":\"2023-03-11T19:56:25+00:00\",\"dateModified\":\"2023-03-13T09:13:57+00:00\",\"description\":\"Test de MotoGP en Portimao: Pecco Bagnaia marca el mejor tiempo en el Aut\u00f3dromo Internacional del Algarve, Portugal\",\"breadcrumb\":{\"@id\":\"https:\\\/\\\/www.boxrepsol.com\\\/en\\\/motogp-en\\\/results-of-the-first-day-of-the-motogp-test-in-portimao\\\/#breadcrumb\"},\"inLanguage\":\"en-US\",\"potentialAction\":[{\"@type\":\"ReadAction\",\"target\":[\"https:\\\/\\\/www.boxrepsol.com\\\/en\\\/motogp-en\\\/results-of-the-first-day-of-the-motogp-test-in-portimao\\\/\"]}]},{\"@type\":\"ImageObject\",\"inLanguage\":\"en-US\",\"@id\":\"https:\\\/\\\/www.boxrepsol.com\\\/en\\\/motogp-en\\\/results-of-the-first-day-of-the-motogp-test-in-portimao\\\/#primaryimage\",\"url\":\"https:\\\/\\\/bxrepsol.s3.eu-west-1.amazonaws.com\\\/static\\\/2023\\\/03\\\/11170116\\\/JRB2164-scaled.jpg\",\"contentUrl\":\"https:\\\/\\\/bxrepsol.s3.eu-west-1.amazonaws.com\\\/static\\\/2023\\\/03\\\/11170116\\\/JRB2164-scaled.jpg\",\"width\":2560,\"height\":1201},{\"@type\":\"BreadcrumbList\",\"@id\":\"https:\\\/\\\/www.boxrepsol.com\\\/en\\\/motogp-en\\\/results-of-the-first-day-of-the-motogp-test-in-portimao\\\/#breadcrumb\",\"itemListElement\":[{\"@type\":\"ListItem\",\"position\":1,\"name\":\"Home\",\"item\":\"https:\\\/\\\/www.boxrepsol.com\\\/en\\\/\"},{\"@type\":\"ListItem\",\"position\":2,\"name\":\"Results of the first day of the MotoGP test in Portimao\"}]},{\"@type\":\"WebSite\",\"@id\":\"https:\\\/\\\/www.boxrepsol.com\\\/en\\\/#website\",\"url\":\"https:\\\/\\\/www.boxrepsol.com\\\/en\\\/\",\"name\":\"Box Repsol\",\"description\":\"Box Repsol Site\",\"publisher\":{\"@id\":\"https:\\\/\\\/www.boxrepsol.com\\\/en\\\/#organization\"},\"potentialAction\":[{\"@type\":\"SearchAction\",\"target\":{\"@type\":\"EntryPoint\",\"urlTemplate\":\"https:\\\/\\\/www.boxrepsol.com\\\/en\\\/?s={search_term_string}\"},\"query-input\":{\"@type\":\"PropertyValueSpecification\",\"valueRequired\":true,\"valueName\":\"search_term_string\"}}],\"inLanguage\":\"en-US\"},{\"@type\":\"Organization\",\"@id\":\"https:\\\/\\\/www.boxrepsol.com\\\/en\\\/#organization\",\"name\":\"Box Repsol\",\"url\":\"https:\\\/\\\/www.boxrepsol.com\\\/en\\\/\",\"logo\":{\"@type\":\"ImageObject\",\"inLanguage\":\"en-US\",\"@id\":\"https:\\\/\\\/www.boxrepsol.com\\\/en\\\/#\\\/schema\\\/logo\\\/image\\\/\",\"url\":\"https:\\\/\\\/bxrepsol.s3.eu-west-1.amazonaws.com\\\/static\\\/2025\\\/07\\\/30083337\\\/favicon-96x96-1.png\",\"contentUrl\":\"https:\\\/\\\/bxrepsol.s3.eu-west-1.amazonaws.com\\\/static\\\/2025\\\/07\\\/30083337\\\/favicon-96x96-1.png\",\"width\":96,\"height\":96,\"caption\":\"Box Repsol\"},\"image\":{\"@id\":\"https:\\\/\\\/www.boxrepsol.com\\\/en\\\/#\\\/schema\\\/logo\\\/image\\\/\"},\"sameAs\":[\"https:\\\/\\\/www.facebook.com\\\/BoxRepsol\",\"https:\\\/\\\/x.com\\\/box_repsol\",\"http:\\\/\\\/instagram.com\\\/box_repsol\",\"https:\\\/\\\/www.youtube.com\\\/user\\\/RepsolCompeticion\",\"https:\\\/\\\/www.flickr.com\\\/photos\\\/box_repsol\\\/\"]},{\"@type\":\"Person\",\"@id\":\"https:\\\/\\\/www.boxrepsol.com\\\/en\\\/#\\\/schema\\\/person\\\/687089a4be7b5131fc9d1b17e522c47b\",\"name\":\"Box Repsol\",\"image\":{\"@type\":\"ImageObject\",\"inLanguage\":\"en-US\",\"@id\":\"https:\\\/\\\/secure.gravatar.com\\\/avatar\\\/85cbe61b650aa4efbc4717e1b5d6cbb7596952c94a4bc114020b9b00a198c94e?s=96&d=mm&r=g\",\"url\":\"https:\\\/\\\/secure.gravatar.com\\\/avatar\\\/85cbe61b650aa4efbc4717e1b5d6cbb7596952c94a4bc114020b9b00a198c94e?s=96&d=mm&r=g\",\"contentUrl\":\"https:\\\/\\\/secure.gravatar.com\\\/avatar\\\/85cbe61b650aa4efbc4717e1b5d6cbb7596952c94a4bc114020b9b00a198c94e?s=96&d=mm&r=g\",\"caption\":\"Box Repsol\"},\"sameAs\":[\"https:\\\/\\\/www.boxrepsol.com\\\/es\\\/\"],\"url\":\"https:\\\/\\\/www.boxrepsol.com\\\/en\\\/author\\\/mromero\\\/\"}]}<\/script>\n<!-- \/ Yoast SEO plugin. -->","yoast_head_json":{"title":"Results of the first day of the MotoGP test in Portimao - Box Repsol","description":"Test de MotoGP en Portimao: Pecco Bagnaia marca el mejor tiempo en el Aut\u00f3dromo Internacional del Algarve, Portugal","canonical":"https:\/\/www.boxrepsol.com\/en\/motogp-en\/results-of-the-first-day-of-the-motogp-test-in-portimao\/","og_locale":"en_US","og_type":"article","og_title":"Results of the first day of the MotoGP test in Portimao - Box Repsol","og_description":"Test de MotoGP en Portimao: Pecco Bagnaia marca el mejor tiempo en el Aut\u00f3dromo Internacional del Algarve, Portugal","og_url":"https:\/\/www.boxrepsol.com\/en\/motogp-en\/results-of-the-first-day-of-the-motogp-test-in-portimao\/","og_site_name":"Box Repsol","article_publisher":"https:\/\/www.facebook.com\/BoxRepsol","article_published_time":"2023-03-11T19:56:25+00:00","article_modified_time":"2023-03-13T09:13:57+00:00","og_image":[{"width":2560,"height":1201,"url":"https:\/\/bxrepsol.s3.eu-west-1.amazonaws.com\/static\/2023\/03\/11170116\/JRB2164-scaled.jpg","type":"image\/jpeg"}],"author":"Box Repsol","twitter_card":"summary_large_image","twitter_creator":"@box_repsol","twitter_site":"@box_repsol","twitter_misc":{"Written by":"Box Repsol","Est. reading time":"1 minute"},"schema":{"@context":"https:\/\/schema.org","@graph":[{"@type":"Article","@id":"https:\/\/www.boxrepsol.com\/en\/motogp-en\/results-of-the-first-day-of-the-motogp-test-in-portimao\/#article","isPartOf":{"@id":"https:\/\/www.boxrepsol.com\/en\/motogp-en\/results-of-the-first-day-of-the-motogp-test-in-portimao\/"},"author":{"name":"Box Repsol","@id":"https:\/\/www.boxrepsol.com\/en\/#\/schema\/person\/687089a4be7b5131fc9d1b17e522c47b"},"headline":"Results of the first day of the MotoGP test in Portimao","datePublished":"2023-03-11T19:56:25+00:00","dateModified":"2023-03-13T09:13:57+00:00","mainEntityOfPage":{"@id":"https:\/\/www.boxrepsol.com\/en\/motogp-en\/results-of-the-first-day-of-the-motogp-test-in-portimao\/"},"wordCount":216,"commentCount":0,"publisher":{"@id":"https:\/\/www.boxrepsol.com\/en\/#organization"},"image":{"@id":"https:\/\/www.boxrepsol.com\/en\/motogp-en\/results-of-the-first-day-of-the-motogp-test-in-portimao\/#primaryimage"},"thumbnailUrl":"https:\/\/bxrepsol.s3.eu-west-1.amazonaws.com\/static\/2023\/03\/11170116\/JRB2164-scaled.jpg","keywords":["Motocycling World Championship"],"articleSection":["MotoGP","MotoGP"],"inLanguage":"en-US","potentialAction":[{"@type":"CommentAction","name":"Comment","target":["https:\/\/www.boxrepsol.com\/en\/motogp-en\/results-of-the-first-day-of-the-motogp-test-in-portimao\/#respond"]}]},{"@type":"WebPage","@id":"https:\/\/www.boxrepsol.com\/en\/motogp-en\/results-of-the-first-day-of-the-motogp-test-in-portimao\/","url":"https:\/\/www.boxrepsol.com\/en\/motogp-en\/results-of-the-first-day-of-the-motogp-test-in-portimao\/","name":"Results of the first day of the MotoGP test in Portimao - Box Repsol","isPartOf":{"@id":"https:\/\/www.boxrepsol.com\/en\/#website"},"primaryImageOfPage":{"@id":"https:\/\/www.boxrepsol.com\/en\/motogp-en\/results-of-the-first-day-of-the-motogp-test-in-portimao\/#primaryimage"},"image":{"@id":"https:\/\/www.boxrepsol.com\/en\/motogp-en\/results-of-the-first-day-of-the-motogp-test-in-portimao\/#primaryimage"},"thumbnailUrl":"https:\/\/bxrepsol.s3.eu-west-1.amazonaws.com\/static\/2023\/03\/11170116\/JRB2164-scaled.jpg","datePublished":"2023-03-11T19:56:25+00:00","dateModified":"2023-03-13T09:13:57+00:00","description":"Test de MotoGP en Portimao: Pecco Bagnaia marca el mejor tiempo en el Aut\u00f3dromo Internacional del Algarve, Portugal","breadcrumb":{"@id":"https:\/\/www.boxrepsol.com\/en\/motogp-en\/results-of-the-first-day-of-the-motogp-test-in-portimao\/#breadcrumb"},"inLanguage":"en-US","potentialAction":[{"@type":"ReadAction","target":["https:\/\/www.boxrepsol.com\/en\/motogp-en\/results-of-the-first-day-of-the-motogp-test-in-portimao\/"]}]},{"@type":"ImageObject","inLanguage":"en-US","@id":"https:\/\/www.boxrepsol.com\/en\/motogp-en\/results-of-the-first-day-of-the-motogp-test-in-portimao\/#primaryimage","url":"https:\/\/bxrepsol.s3.eu-west-1.amazonaws.com\/static\/2023\/03\/11170116\/JRB2164-scaled.jpg","contentUrl":"https:\/\/bxrepsol.s3.eu-west-1.amazonaws.com\/static\/2023\/03\/11170116\/JRB2164-scaled.jpg","width":2560,"height":1201},{"@type":"BreadcrumbList","@id":"https:\/\/www.boxrepsol.com\/en\/motogp-en\/results-of-the-first-day-of-the-motogp-test-in-portimao\/#breadcrumb","itemListElement":[{"@type":"ListItem","position":1,"name":"Home","item":"https:\/\/www.boxrepsol.com\/en\/"},{"@type":"ListItem","position":2,"name":"Results of the first day of the MotoGP test in Portimao"}]},{"@type":"WebSite","@id":"https:\/\/www.boxrepsol.com\/en\/#website","url":"https:\/\/www.boxrepsol.com\/en\/","name":"Box Repsol","description":"Box Repsol Site","publisher":{"@id":"https:\/\/www.boxrepsol.com\/en\/#organization"},"potentialAction":[{"@type":"SearchAction","target":{"@type":"EntryPoint","urlTemplate":"https:\/\/www.boxrepsol.com\/en\/?s={search_term_string}"},"query-input":{"@type":"PropertyValueSpecification","valueRequired":true,"valueName":"search_term_string"}}],"inLanguage":"en-US"},{"@type":"Organization","@id":"https:\/\/www.boxrepsol.com\/en\/#organization","name":"Box Repsol","url":"https:\/\/www.boxrepsol.com\/en\/","logo":{"@type":"ImageObject","inLanguage":"en-US","@id":"https:\/\/www.boxrepsol.com\/en\/#\/schema\/logo\/image\/","url":"https:\/\/bxrepsol.s3.eu-west-1.amazonaws.com\/static\/2025\/07\/30083337\/favicon-96x96-1.png","contentUrl":"https:\/\/bxrepsol.s3.eu-west-1.amazonaws.com\/static\/2025\/07\/30083337\/favicon-96x96-1.png","width":96,"height":96,"caption":"Box Repsol"},"image":{"@id":"https:\/\/www.boxrepsol.com\/en\/#\/schema\/logo\/image\/"},"sameAs":["https:\/\/www.facebook.com\/BoxRepsol","https:\/\/x.com\/box_repsol","http:\/\/instagram.com\/box_repsol","https:\/\/www.youtube.com\/user\/RepsolCompeticion","https:\/\/www.flickr.com\/photos\/box_repsol\/"]},{"@type":"Person","@id":"https:\/\/www.boxrepsol.com\/en\/#\/schema\/person\/687089a4be7b5131fc9d1b17e522c47b","name":"Box Repsol","image":{"@type":"ImageObject","inLanguage":"en-US","@id":"https:\/\/secure.gravatar.com\/avatar\/85cbe61b650aa4efbc4717e1b5d6cbb7596952c94a4bc114020b9b00a198c94e?s=96&d=mm&r=g","url":"https:\/\/secure.gravatar.com\/avatar\/85cbe61b650aa4efbc4717e1b5d6cbb7596952c94a4bc114020b9b00a198c94e?s=96&d=mm&r=g","contentUrl":"https:\/\/secure.gravatar.com\/avatar\/85cbe61b650aa4efbc4717e1b5d6cbb7596952c94a4bc114020b9b00a198c94e?s=96&d=mm&r=g","caption":"Box Repsol"},"sameAs":["https:\/\/www.boxrepsol.com\/es\/"],"url":"https:\/\/www.boxrepsol.com\/en\/author\/mromero\/"}]}},"_links":{"self":[{"href":"https:\/\/www.boxrepsol.com\/en\/wp-json\/wp\/v2\/posts\/99275","targetHints":{"allow":["GET"]}}],"collection":[{"href":"https:\/\/www.boxrepsol.com\/en\/wp-json\/wp\/v2\/posts"}],"about":[{"href":"https:\/\/www.boxrepsol.com\/en\/wp-json\/wp\/v2\/types\/post"}],"author":[{"embeddable":true,"href":"https:\/\/www.boxrepsol.com\/en\/wp-json\/wp\/v2\/users\/419"}],"replies":[{"embeddable":true,"href":"https:\/\/www.boxrepsol.com\/en\/wp-json\/wp\/v2\/comments?post=99275"}],"version-history":[{"count":3,"href":"https:\/\/www.boxrepsol.com\/en\/wp-json\/wp\/v2\/posts\/99275\/revisions"}],"predecessor-version":[{"id":99318,"href":"https:\/\/www.boxrepsol.com\/en\/wp-json\/wp\/v2\/posts\/99275\/revisions\/99318"}],"wp:featuredmedia":[{"embeddable":true,"href":"https:\/\/www.boxrepsol.com\/en\/wp-json\/wp\/v2\/media\/99271"}],"wp:attachment":[{"href":"https:\/\/www.boxrepsol.com\/en\/wp-json\/wp\/v2\/media?parent=99275"}],"wp:term":[{"taxonomy":"category","embeddable":true,"href":"https:\/\/www.boxrepsol.com\/en\/wp-json\/wp\/v2\/categories?post=99275"},{"taxonomy":"post_tag","embeddable":true,"href":"https:\/\/www.boxrepsol.com\/en\/wp-json\/wp\/v2\/tags?post=99275"}],"curies":[{"name":"wp","href":"https:\/\/api.w.org\/{rel}","templated":true}]}}