{"id":99138,"date":"2023-03-07T10:05:30","date_gmt":"2023-03-07T12:05:30","guid":{"rendered":"https:\/\/www.boxrepsol.com\/uncategorized\/el-equipo-repsol-honda-de-trial-listo-para-la-temporada-2023\/"},"modified":"2023-03-07T10:07:47","modified_gmt":"2023-03-07T12:07:47","slug":"repsol-honda-trial-team-show-off-2023-colours-ahead-of-austrian-round","status":"publish","type":"post","link":"https:\/\/www.boxrepsol.com\/en\/trial-en\/repsol-honda-trial-team-show-off-2023-colours-ahead-of-austrian-round\/","title":{"rendered":"Repsol Honda Trial Team show off 2023 colours ahead of Austrian round"},"content":{"rendered":"<figure class=\"wp-block-post-featured-image\"><img loading=\"lazy\" decoding=\"async\" width=\"1280\" height=\"600\" src=\"https:\/\/bxrepsol.s3.eu-west-1.amazonaws.com\/static\/2023\/03\/07095717\/webtr.jpg\" class=\"attachment-post-thumbnail size-post-thumbnail wp-post-image\" alt=\"\" style=\"object-fit:cover;\" srcset=\"https:\/\/bxrepsol.s3.eu-west-1.amazonaws.com\/static\/2023\/03\/07095717\/webtr.jpg 1280w, https:\/\/bxrepsol.s3.eu-west-1.amazonaws.com\/static\/2023\/03\/07095717\/webtr-300x141.jpg 300w, https:\/\/bxrepsol.s3.eu-west-1.amazonaws.com\/static\/2023\/03\/07095717\/webtr-1024x480.jpg 1024w, https:\/\/bxrepsol.s3.eu-west-1.amazonaws.com\/static\/2023\/03\/07095717\/webtr-768x360.jpg 768w\" sizes=\"auto, (max-width: 1280px) 100vw, 1280px\" \/><\/figure>\n\n\n<p>After the first round of the X-Trial series was held on February 5th in Barcelona -in which Bou and Marcelli placed first and second, respectively, the Repsol Honda Team have presented the colours they will run in both the 2023 X-Trial and TrialGP series.<\/p>\n\n\n\n<figure class=\"wp-block-embed is-type-video is-provider-youtube wp-block-embed-youtube wp-embed-aspect-16-9 wp-has-aspect-ratio\"><div class=\"wp-block-embed__wrapper\">\n<iframe loading=\"lazy\" title=\"El equipo Repsol Honda de Trial, listo para la temporada 2023\" width=\"500\" height=\"281\" src=\"https:\/\/www.youtube.com\/embed\/6p-nQCr28T8?feature=oembed\" frameborder=\"0\" allow=\"accelerometer; autoplay; clipboard-write; encrypted-media; gyroscope; picture-in-picture; web-share\" referrerpolicy=\"strict-origin-when-cross-origin\" allowfullscreen><\/iframe>\n<\/div><\/figure>\n\n\n\n<p>The 32-time world champion, Toni Bou starts the year defending the titles won in both disciplines and looking to increase the 206 victories he has to date in X-Trial and TrialGP. The greatest ever Trials rider is attempting to have double success once again in 2023.<\/p>\n\n\n\n<p>Accompanying Bou is Gabriel Marcelli, in his second year with the Repsol Honda Team. After his podium at the Barcelona event, he is confident of maintaining his progress and achieving his first GP win this season.<\/p>\n\n\n\n<p>Takahisa Fujinami will continue to be in charge of the team, and his experience in the sport will play a fundamental role as head of the most successful team in the discipline. Bou and Marcelli will be back in action this coming weekend at the X-Trial in Austria. Subsequently, the first outdoor event will take place on April 15th with the Spanish TrialGP in Arteixo.<\/p>\n","protected":false},"excerpt":{"rendered":"<p>Toni Bou and Gabriel Marcelli, accompanied by their entire team, reveal the colours and designs of the team uniform with which they will compete in the X-Trial and TrialGP competitions. <\/p>\n","protected":false},"author":418,"featured_media":99119,"comment_status":"open","ping_status":"open","sticky":false,"template":"","format":"standard","meta":{"footnotes":""},"categories":[260],"tags":[275,276,277,278],"class_list":["post-99138","post","type-post","status-publish","format-standard","hentry","category-trial-en","tag-2023-en","tag-gabri-marcelli-en","tag-otros-eventos-y-competiciones-en","tag-toni-bou-en"],"yoast_head":"<!-- This site is optimized with the Yoast SEO plugin v27.3 - https:\/\/yoast.com\/product\/yoast-seo-wordpress\/ -->\n<title>Repsol Honda Trial Team show off 2023 colours ahead of Austrian round - Box Repsol<\/title>\n<meta name=\"description\" content=\"Toni Bou y Gabriel Marcelli lucen los colores y dise\u00f1os de la equipaci\u00f3n con la que disputar\u00e1n los cert\u00e1menes de X-Trial y TrialGP en 2023.\" \/>\n<link rel=\"canonical\" href=\"https:\/\/www.boxrepsol.com\/en\/trial-en\/repsol-honda-trial-team-show-off-2023-colours-ahead-of-austrian-round\/\" \/>\n<meta property=\"og:locale\" content=\"en_US\" \/>\n<meta property=\"og:type\" content=\"article\" \/>\n<meta property=\"og:title\" content=\"Repsol Honda Trial Team show off 2023 colours ahead of Austrian round - Box Repsol\" \/>\n<meta property=\"og:description\" content=\"Toni Bou y Gabriel Marcelli lucen los colores y dise\u00f1os de la equipaci\u00f3n con la que disputar\u00e1n los cert\u00e1menes de X-Trial y TrialGP en 2023.\" \/>\n<meta property=\"og:url\" content=\"https:\/\/www.boxrepsol.com\/en\/trial-en\/repsol-honda-trial-team-show-off-2023-colours-ahead-of-austrian-round\/\" \/>\n<meta property=\"og:site_name\" content=\"Box Repsol\" \/>\n<meta property=\"article:publisher\" content=\"https:\/\/www.facebook.com\/BoxRepsol\" \/>\n<meta property=\"article:published_time\" content=\"2023-03-07T12:05:30+00:00\" \/>\n<meta property=\"article:modified_time\" content=\"2023-03-07T12:07:47+00:00\" \/>\n<meta property=\"og:image\" content=\"https:\/\/bxrepsol.s3.eu-west-1.amazonaws.com\/static\/2023\/03\/07095717\/webtr.jpg\" \/>\n\t<meta property=\"og:image:width\" content=\"1280\" \/>\n\t<meta property=\"og:image:height\" content=\"600\" \/>\n\t<meta property=\"og:image:type\" content=\"image\/jpeg\" \/>\n<meta name=\"author\" content=\"Box Repsol\" \/>\n<meta name=\"twitter:card\" content=\"summary_large_image\" \/>\n<meta name=\"twitter:creator\" content=\"@box_repsol\" \/>\n<meta name=\"twitter:site\" content=\"@box_repsol\" \/>\n<meta name=\"twitter:label1\" content=\"Written by\" \/>\n\t<meta name=\"twitter:data1\" content=\"Box Repsol\" \/>\n\t<meta name=\"twitter:label2\" content=\"Est. reading time\" \/>\n\t<meta name=\"twitter:data2\" content=\"1 minute\" \/>\n<script type=\"application\/ld+json\" class=\"yoast-schema-graph\">{\"@context\":\"https:\\\/\\\/schema.org\",\"@graph\":[{\"@type\":\"Article\",\"@id\":\"https:\\\/\\\/www.boxrepsol.com\\\/en\\\/trial-en\\\/repsol-honda-trial-team-show-off-2023-colours-ahead-of-austrian-round\\\/#article\",\"isPartOf\":{\"@id\":\"https:\\\/\\\/www.boxrepsol.com\\\/en\\\/trial-en\\\/repsol-honda-trial-team-show-off-2023-colours-ahead-of-austrian-round\\\/\"},\"author\":{\"name\":\"Box Repsol\",\"@id\":\"https:\\\/\\\/www.boxrepsol.com\\\/en\\\/#\\\/schema\\\/person\\\/aa498d48db051c539a1f518ddd6de860\"},\"headline\":\"Repsol Honda Trial Team show off 2023 colours ahead of Austrian round\",\"datePublished\":\"2023-03-07T12:05:30+00:00\",\"dateModified\":\"2023-03-07T12:07:47+00:00\",\"mainEntityOfPage\":{\"@id\":\"https:\\\/\\\/www.boxrepsol.com\\\/en\\\/trial-en\\\/repsol-honda-trial-team-show-off-2023-colours-ahead-of-austrian-round\\\/\"},\"wordCount\":204,\"commentCount\":0,\"publisher\":{\"@id\":\"https:\\\/\\\/www.boxrepsol.com\\\/en\\\/#organization\"},\"image\":{\"@id\":\"https:\\\/\\\/www.boxrepsol.com\\\/en\\\/trial-en\\\/repsol-honda-trial-team-show-off-2023-colours-ahead-of-austrian-round\\\/#primaryimage\"},\"thumbnailUrl\":\"https:\\\/\\\/bxrepsol.s3.eu-west-1.amazonaws.com\\\/static\\\/2023\\\/03\\\/07095717\\\/webtr.jpg\",\"keywords\":[\"2023\",\"Gabri Marcelli\",\"otros eventos y competiciones\",\"Toni Bou\"],\"articleSection\":[\"Trial\"],\"inLanguage\":\"en-US\",\"potentialAction\":[{\"@type\":\"CommentAction\",\"name\":\"Comment\",\"target\":[\"https:\\\/\\\/www.boxrepsol.com\\\/en\\\/trial-en\\\/repsol-honda-trial-team-show-off-2023-colours-ahead-of-austrian-round\\\/#respond\"]}]},{\"@type\":\"WebPage\",\"@id\":\"https:\\\/\\\/www.boxrepsol.com\\\/en\\\/trial-en\\\/repsol-honda-trial-team-show-off-2023-colours-ahead-of-austrian-round\\\/\",\"url\":\"https:\\\/\\\/www.boxrepsol.com\\\/en\\\/trial-en\\\/repsol-honda-trial-team-show-off-2023-colours-ahead-of-austrian-round\\\/\",\"name\":\"Repsol Honda Trial Team show off 2023 colours ahead of Austrian round - Box Repsol\",\"isPartOf\":{\"@id\":\"https:\\\/\\\/www.boxrepsol.com\\\/en\\\/#website\"},\"primaryImageOfPage\":{\"@id\":\"https:\\\/\\\/www.boxrepsol.com\\\/en\\\/trial-en\\\/repsol-honda-trial-team-show-off-2023-colours-ahead-of-austrian-round\\\/#primaryimage\"},\"image\":{\"@id\":\"https:\\\/\\\/www.boxrepsol.com\\\/en\\\/trial-en\\\/repsol-honda-trial-team-show-off-2023-colours-ahead-of-austrian-round\\\/#primaryimage\"},\"thumbnailUrl\":\"https:\\\/\\\/bxrepsol.s3.eu-west-1.amazonaws.com\\\/static\\\/2023\\\/03\\\/07095717\\\/webtr.jpg\",\"datePublished\":\"2023-03-07T12:05:30+00:00\",\"dateModified\":\"2023-03-07T12:07:47+00:00\",\"description\":\"Toni Bou y Gabriel Marcelli lucen los colores y dise\u00f1os de la equipaci\u00f3n con la que disputar\u00e1n los cert\u00e1menes de X-Trial y TrialGP en 2023.\",\"breadcrumb\":{\"@id\":\"https:\\\/\\\/www.boxrepsol.com\\\/en\\\/trial-en\\\/repsol-honda-trial-team-show-off-2023-colours-ahead-of-austrian-round\\\/#breadcrumb\"},\"inLanguage\":\"en-US\",\"potentialAction\":[{\"@type\":\"ReadAction\",\"target\":[\"https:\\\/\\\/www.boxrepsol.com\\\/en\\\/trial-en\\\/repsol-honda-trial-team-show-off-2023-colours-ahead-of-austrian-round\\\/\"]}]},{\"@type\":\"ImageObject\",\"inLanguage\":\"en-US\",\"@id\":\"https:\\\/\\\/www.boxrepsol.com\\\/en\\\/trial-en\\\/repsol-honda-trial-team-show-off-2023-colours-ahead-of-austrian-round\\\/#primaryimage\",\"url\":\"https:\\\/\\\/bxrepsol.s3.eu-west-1.amazonaws.com\\\/static\\\/2023\\\/03\\\/07095717\\\/webtr.jpg\",\"contentUrl\":\"https:\\\/\\\/bxrepsol.s3.eu-west-1.amazonaws.com\\\/static\\\/2023\\\/03\\\/07095717\\\/webtr.jpg\",\"width\":1280,\"height\":600},{\"@type\":\"BreadcrumbList\",\"@id\":\"https:\\\/\\\/www.boxrepsol.com\\\/en\\\/trial-en\\\/repsol-honda-trial-team-show-off-2023-colours-ahead-of-austrian-round\\\/#breadcrumb\",\"itemListElement\":[{\"@type\":\"ListItem\",\"position\":1,\"name\":\"Home\",\"item\":\"https:\\\/\\\/www.boxrepsol.com\\\/en\\\/\"},{\"@type\":\"ListItem\",\"position\":2,\"name\":\"Repsol Honda Trial Team show off 2023 colours ahead of Austrian round\"}]},{\"@type\":\"WebSite\",\"@id\":\"https:\\\/\\\/www.boxrepsol.com\\\/en\\\/#website\",\"url\":\"https:\\\/\\\/www.boxrepsol.com\\\/en\\\/\",\"name\":\"Box Repsol\",\"description\":\"Box Repsol Site\",\"publisher\":{\"@id\":\"https:\\\/\\\/www.boxrepsol.com\\\/en\\\/#organization\"},\"potentialAction\":[{\"@type\":\"SearchAction\",\"target\":{\"@type\":\"EntryPoint\",\"urlTemplate\":\"https:\\\/\\\/www.boxrepsol.com\\\/en\\\/?s={search_term_string}\"},\"query-input\":{\"@type\":\"PropertyValueSpecification\",\"valueRequired\":true,\"valueName\":\"search_term_string\"}}],\"inLanguage\":\"en-US\"},{\"@type\":\"Organization\",\"@id\":\"https:\\\/\\\/www.boxrepsol.com\\\/en\\\/#organization\",\"name\":\"Box Repsol\",\"url\":\"https:\\\/\\\/www.boxrepsol.com\\\/en\\\/\",\"logo\":{\"@type\":\"ImageObject\",\"inLanguage\":\"en-US\",\"@id\":\"https:\\\/\\\/www.boxrepsol.com\\\/en\\\/#\\\/schema\\\/logo\\\/image\\\/\",\"url\":\"https:\\\/\\\/bxrepsol.s3.eu-west-1.amazonaws.com\\\/static\\\/2025\\\/07\\\/30083337\\\/favicon-96x96-1.png\",\"contentUrl\":\"https:\\\/\\\/bxrepsol.s3.eu-west-1.amazonaws.com\\\/static\\\/2025\\\/07\\\/30083337\\\/favicon-96x96-1.png\",\"width\":96,\"height\":96,\"caption\":\"Box Repsol\"},\"image\":{\"@id\":\"https:\\\/\\\/www.boxrepsol.com\\\/en\\\/#\\\/schema\\\/logo\\\/image\\\/\"},\"sameAs\":[\"https:\\\/\\\/www.facebook.com\\\/BoxRepsol\",\"https:\\\/\\\/x.com\\\/box_repsol\",\"http:\\\/\\\/instagram.com\\\/box_repsol\",\"https:\\\/\\\/www.youtube.com\\\/user\\\/RepsolCompeticion\",\"https:\\\/\\\/www.flickr.com\\\/photos\\\/box_repsol\\\/\"]},{\"@type\":\"Person\",\"@id\":\"https:\\\/\\\/www.boxrepsol.com\\\/en\\\/#\\\/schema\\\/person\\\/aa498d48db051c539a1f518ddd6de860\",\"name\":\"Box Repsol\",\"image\":{\"@type\":\"ImageObject\",\"inLanguage\":\"en-US\",\"@id\":\"https:\\\/\\\/secure.gravatar.com\\\/avatar\\\/54bfb4a27a6bb661b4cc0ffba912cc7819a923aea750897b4ac44b8d0a5a5dfd?s=96&d=mm&r=g\",\"url\":\"https:\\\/\\\/secure.gravatar.com\\\/avatar\\\/54bfb4a27a6bb661b4cc0ffba912cc7819a923aea750897b4ac44b8d0a5a5dfd?s=96&d=mm&r=g\",\"contentUrl\":\"https:\\\/\\\/secure.gravatar.com\\\/avatar\\\/54bfb4a27a6bb661b4cc0ffba912cc7819a923aea750897b4ac44b8d0a5a5dfd?s=96&d=mm&r=g\",\"caption\":\"Box Repsol\"},\"sameAs\":[\"https:\\\/\\\/www.boxrepsol.com\\\/es\\\/sorteopizarrarepsolhonda\\\/\"],\"url\":\"https:\\\/\\\/www.boxrepsol.com\\\/en\\\/author\\\/jcobo\\\/\"}]}<\/script>\n<!-- \/ Yoast SEO plugin. -->","yoast_head_json":{"title":"Repsol Honda Trial Team show off 2023 colours ahead of Austrian round - Box Repsol","description":"Toni Bou y Gabriel Marcelli lucen los colores y dise\u00f1os de la equipaci\u00f3n con la que disputar\u00e1n los cert\u00e1menes de X-Trial y TrialGP en 2023.","canonical":"https:\/\/www.boxrepsol.com\/en\/trial-en\/repsol-honda-trial-team-show-off-2023-colours-ahead-of-austrian-round\/","og_locale":"en_US","og_type":"article","og_title":"Repsol Honda Trial Team show off 2023 colours ahead of Austrian round - Box Repsol","og_description":"Toni Bou y Gabriel Marcelli lucen los colores y dise\u00f1os de la equipaci\u00f3n con la que disputar\u00e1n los cert\u00e1menes de X-Trial y TrialGP en 2023.","og_url":"https:\/\/www.boxrepsol.com\/en\/trial-en\/repsol-honda-trial-team-show-off-2023-colours-ahead-of-austrian-round\/","og_site_name":"Box Repsol","article_publisher":"https:\/\/www.facebook.com\/BoxRepsol","article_published_time":"2023-03-07T12:05:30+00:00","article_modified_time":"2023-03-07T12:07:47+00:00","og_image":[{"width":1280,"height":600,"url":"https:\/\/bxrepsol.s3.eu-west-1.amazonaws.com\/static\/2023\/03\/07095717\/webtr.jpg","type":"image\/jpeg"}],"author":"Box Repsol","twitter_card":"summary_large_image","twitter_creator":"@box_repsol","twitter_site":"@box_repsol","twitter_misc":{"Written by":"Box Repsol","Est. reading time":"1 minute"},"schema":{"@context":"https:\/\/schema.org","@graph":[{"@type":"Article","@id":"https:\/\/www.boxrepsol.com\/en\/trial-en\/repsol-honda-trial-team-show-off-2023-colours-ahead-of-austrian-round\/#article","isPartOf":{"@id":"https:\/\/www.boxrepsol.com\/en\/trial-en\/repsol-honda-trial-team-show-off-2023-colours-ahead-of-austrian-round\/"},"author":{"name":"Box Repsol","@id":"https:\/\/www.boxrepsol.com\/en\/#\/schema\/person\/aa498d48db051c539a1f518ddd6de860"},"headline":"Repsol Honda Trial Team show off 2023 colours ahead of Austrian round","datePublished":"2023-03-07T12:05:30+00:00","dateModified":"2023-03-07T12:07:47+00:00","mainEntityOfPage":{"@id":"https:\/\/www.boxrepsol.com\/en\/trial-en\/repsol-honda-trial-team-show-off-2023-colours-ahead-of-austrian-round\/"},"wordCount":204,"commentCount":0,"publisher":{"@id":"https:\/\/www.boxrepsol.com\/en\/#organization"},"image":{"@id":"https:\/\/www.boxrepsol.com\/en\/trial-en\/repsol-honda-trial-team-show-off-2023-colours-ahead-of-austrian-round\/#primaryimage"},"thumbnailUrl":"https:\/\/bxrepsol.s3.eu-west-1.amazonaws.com\/static\/2023\/03\/07095717\/webtr.jpg","keywords":["2023","Gabri Marcelli","otros eventos y competiciones","Toni Bou"],"articleSection":["Trial"],"inLanguage":"en-US","potentialAction":[{"@type":"CommentAction","name":"Comment","target":["https:\/\/www.boxrepsol.com\/en\/trial-en\/repsol-honda-trial-team-show-off-2023-colours-ahead-of-austrian-round\/#respond"]}]},{"@type":"WebPage","@id":"https:\/\/www.boxrepsol.com\/en\/trial-en\/repsol-honda-trial-team-show-off-2023-colours-ahead-of-austrian-round\/","url":"https:\/\/www.boxrepsol.com\/en\/trial-en\/repsol-honda-trial-team-show-off-2023-colours-ahead-of-austrian-round\/","name":"Repsol Honda Trial Team show off 2023 colours ahead of Austrian round - Box Repsol","isPartOf":{"@id":"https:\/\/www.boxrepsol.com\/en\/#website"},"primaryImageOfPage":{"@id":"https:\/\/www.boxrepsol.com\/en\/trial-en\/repsol-honda-trial-team-show-off-2023-colours-ahead-of-austrian-round\/#primaryimage"},"image":{"@id":"https:\/\/www.boxrepsol.com\/en\/trial-en\/repsol-honda-trial-team-show-off-2023-colours-ahead-of-austrian-round\/#primaryimage"},"thumbnailUrl":"https:\/\/bxrepsol.s3.eu-west-1.amazonaws.com\/static\/2023\/03\/07095717\/webtr.jpg","datePublished":"2023-03-07T12:05:30+00:00","dateModified":"2023-03-07T12:07:47+00:00","description":"Toni Bou y Gabriel Marcelli lucen los colores y dise\u00f1os de la equipaci\u00f3n con la que disputar\u00e1n los cert\u00e1menes de X-Trial y TrialGP en 2023.","breadcrumb":{"@id":"https:\/\/www.boxrepsol.com\/en\/trial-en\/repsol-honda-trial-team-show-off-2023-colours-ahead-of-austrian-round\/#breadcrumb"},"inLanguage":"en-US","potentialAction":[{"@type":"ReadAction","target":["https:\/\/www.boxrepsol.com\/en\/trial-en\/repsol-honda-trial-team-show-off-2023-colours-ahead-of-austrian-round\/"]}]},{"@type":"ImageObject","inLanguage":"en-US","@id":"https:\/\/www.boxrepsol.com\/en\/trial-en\/repsol-honda-trial-team-show-off-2023-colours-ahead-of-austrian-round\/#primaryimage","url":"https:\/\/bxrepsol.s3.eu-west-1.amazonaws.com\/static\/2023\/03\/07095717\/webtr.jpg","contentUrl":"https:\/\/bxrepsol.s3.eu-west-1.amazonaws.com\/static\/2023\/03\/07095717\/webtr.jpg","width":1280,"height":600},{"@type":"BreadcrumbList","@id":"https:\/\/www.boxrepsol.com\/en\/trial-en\/repsol-honda-trial-team-show-off-2023-colours-ahead-of-austrian-round\/#breadcrumb","itemListElement":[{"@type":"ListItem","position":1,"name":"Home","item":"https:\/\/www.boxrepsol.com\/en\/"},{"@type":"ListItem","position":2,"name":"Repsol Honda Trial Team show off 2023 colours ahead of Austrian round"}]},{"@type":"WebSite","@id":"https:\/\/www.boxrepsol.com\/en\/#website","url":"https:\/\/www.boxrepsol.com\/en\/","name":"Box Repsol","description":"Box Repsol Site","publisher":{"@id":"https:\/\/www.boxrepsol.com\/en\/#organization"},"potentialAction":[{"@type":"SearchAction","target":{"@type":"EntryPoint","urlTemplate":"https:\/\/www.boxrepsol.com\/en\/?s={search_term_string}"},"query-input":{"@type":"PropertyValueSpecification","valueRequired":true,"valueName":"search_term_string"}}],"inLanguage":"en-US"},{"@type":"Organization","@id":"https:\/\/www.boxrepsol.com\/en\/#organization","name":"Box Repsol","url":"https:\/\/www.boxrepsol.com\/en\/","logo":{"@type":"ImageObject","inLanguage":"en-US","@id":"https:\/\/www.boxrepsol.com\/en\/#\/schema\/logo\/image\/","url":"https:\/\/bxrepsol.s3.eu-west-1.amazonaws.com\/static\/2025\/07\/30083337\/favicon-96x96-1.png","contentUrl":"https:\/\/bxrepsol.s3.eu-west-1.amazonaws.com\/static\/2025\/07\/30083337\/favicon-96x96-1.png","width":96,"height":96,"caption":"Box Repsol"},"image":{"@id":"https:\/\/www.boxrepsol.com\/en\/#\/schema\/logo\/image\/"},"sameAs":["https:\/\/www.facebook.com\/BoxRepsol","https:\/\/x.com\/box_repsol","http:\/\/instagram.com\/box_repsol","https:\/\/www.youtube.com\/user\/RepsolCompeticion","https:\/\/www.flickr.com\/photos\/box_repsol\/"]},{"@type":"Person","@id":"https:\/\/www.boxrepsol.com\/en\/#\/schema\/person\/aa498d48db051c539a1f518ddd6de860","name":"Box Repsol","image":{"@type":"ImageObject","inLanguage":"en-US","@id":"https:\/\/secure.gravatar.com\/avatar\/54bfb4a27a6bb661b4cc0ffba912cc7819a923aea750897b4ac44b8d0a5a5dfd?s=96&d=mm&r=g","url":"https:\/\/secure.gravatar.com\/avatar\/54bfb4a27a6bb661b4cc0ffba912cc7819a923aea750897b4ac44b8d0a5a5dfd?s=96&d=mm&r=g","contentUrl":"https:\/\/secure.gravatar.com\/avatar\/54bfb4a27a6bb661b4cc0ffba912cc7819a923aea750897b4ac44b8d0a5a5dfd?s=96&d=mm&r=g","caption":"Box Repsol"},"sameAs":["https:\/\/www.boxrepsol.com\/es\/sorteopizarrarepsolhonda\/"],"url":"https:\/\/www.boxrepsol.com\/en\/author\/jcobo\/"}]}},"_links":{"self":[{"href":"https:\/\/www.boxrepsol.com\/en\/wp-json\/wp\/v2\/posts\/99138","targetHints":{"allow":["GET"]}}],"collection":[{"href":"https:\/\/www.boxrepsol.com\/en\/wp-json\/wp\/v2\/posts"}],"about":[{"href":"https:\/\/www.boxrepsol.com\/en\/wp-json\/wp\/v2\/types\/post"}],"author":[{"embeddable":true,"href":"https:\/\/www.boxrepsol.com\/en\/wp-json\/wp\/v2\/users\/418"}],"replies":[{"embeddable":true,"href":"https:\/\/www.boxrepsol.com\/en\/wp-json\/wp\/v2\/comments?post=99138"}],"version-history":[{"count":1,"href":"https:\/\/www.boxrepsol.com\/en\/wp-json\/wp\/v2\/posts\/99138\/revisions"}],"predecessor-version":[{"id":99139,"href":"https:\/\/www.boxrepsol.com\/en\/wp-json\/wp\/v2\/posts\/99138\/revisions\/99139"}],"wp:featuredmedia":[{"embeddable":true,"href":"https:\/\/www.boxrepsol.com\/en\/wp-json\/wp\/v2\/media\/99119"}],"wp:attachment":[{"href":"https:\/\/www.boxrepsol.com\/en\/wp-json\/wp\/v2\/media?parent=99138"}],"wp:term":[{"taxonomy":"category","embeddable":true,"href":"https:\/\/www.boxrepsol.com\/en\/wp-json\/wp\/v2\/categories?post=99138"},{"taxonomy":"post_tag","embeddable":true,"href":"https:\/\/www.boxrepsol.com\/en\/wp-json\/wp\/v2\/tags?post=99138"}],"curies":[{"name":"wp","href":"https:\/\/api.w.org\/{rel}","templated":true}]}}