{"id":98719,"date":"2022-10-23T00:00:00","date_gmt":"2022-10-23T02:00:00","guid":{"rendered":"http:\/\/pre.boxrepsol.com\/uncategorized\/marquez-finishes-seventh-at-sepang\/"},"modified":"2023-02-27T08:23:29","modified_gmt":"2023-02-27T10:23:29","slug":"marquez-finishes-seventh-at-sepang","status":"publish","type":"post","link":"https:\/\/www.boxrepsol.com\/en\/motogp-en\/marquez-finishes-seventh-at-sepang\/","title":{"rendered":"M\u00e1rquez finishes seventh at Sepang"},"content":{"rendered":"<p>The <strong>Sepang International Circuit<\/strong> rounded off the flyaway rounds with a race without surprises in terms of weather and with the <strong>Repsol Honda Team<\/strong> riders scoring points.<\/p>\n<p>Starting from third on the grid, <strong>Marc M\u00e1rquez<\/strong> remained in the Top 7 throughout the race, at one of the least favourable tracks for the Honda RC213-V. M\u00e1rquez finally crossed the finish line seventh.<\/p>\n<p><strong>Pol Espargar\u00f3<\/strong> made progress after a difficult weekend in Malaysia. The <strong>Repsol Honda Team<\/strong> rider, who started twentieth on the grid after a penalty he received on Friday, ran a good pace and finished fourteenth, picking up 2 points.<\/p>\n<p>After the <strong>Malaysian Grand Prix,<\/strong> Marc M\u00e1rquez is 12th in the overall standings with 113 points, whilst Pol Espargar\u00f3 is 16th with 56 points.<\/p>\n<p>                    <a\n                        href=\"https:\/\/bxrepsol.s3.eu-west-1.amazonaws.com\/static\/2022\/11\/07082842\/https___repsolmedia.com_repsolmedia_wp-content_uploads_2022_10_JRB8727-scaled-1.jpg\"\n                        data-index=\"0\"\n                    ><br \/>\n                        <img decoding=\"async\"\n                            src=\"https:\/\/bxrepsol.s3.eu-west-1.amazonaws.com\/static\/2022\/11\/07082842\/https___repsolmedia.com_repsolmedia_wp-content_uploads_2022_10_JRB8727-scaled-1.jpg\"\n                            srcset=\"https:\/\/bxrepsol.s3.eu-west-1.amazonaws.com\/static\/2022\/11\/07082842\/https___repsolmedia.com_repsolmedia_wp-content_uploads_2022_10_JRB8727-scaled-1.jpg 2560w, https:\/\/bxrepsol.s3.eu-west-1.amazonaws.com\/static\/2022\/11\/07082842\/https___repsolmedia.com_repsolmedia_wp-content_uploads_2022_10_JRB8727-scaled-1.jpg 1280w, https:\/\/bxrepsol.s3.eu-west-1.amazonaws.com\/static\/2022\/11\/07082842\/https___repsolmedia.com_repsolmedia_wp-content_uploads_2022_10_JRB8727-scaled-1.jpg 900w, https:\/\/bxrepsol.s3.eu-west-1.amazonaws.com\/static\/2022\/11\/07082842\/https___repsolmedia.com_repsolmedia_wp-content_uploads_2022_10_JRB8727-scaled-1.jpg 600w, https:\/\/bxrepsol.s3.eu-west-1.amazonaws.com\/static\/2022\/11\/07082842\/https___repsolmedia.com_repsolmedia_wp-content_uploads_2022_10_JRB8727-scaled-1.jpg 480w, https:\/\/bxrepsol.s3.eu-west-1.amazonaws.com\/static\/2022\/11\/07082842\/https___repsolmedia.com_repsolmedia_wp-content_uploads_2022_10_JRB8727-scaled-1.jpg 32w\"\n                            title=\"https___repsolmedia.com_repsolmedia_wp-content_uploads_2022_10_JRB8727-scaled\"\n                            alt=\"\"\n                            data-title=\"\"><br \/>\n                    <\/a><br \/>\n                    <a\n                        href=\"https:\/\/bxrepsol.s3.eu-west-1.amazonaws.com\/static\/2022\/11\/07082845\/https___repsolmedia.com_repsolmedia_wp-content_uploads_2022_10_JRB9764-1-scaled-1.jpg\"\n                        data-index=\"1\"\n                    ><br \/>\n                        <img decoding=\"async\"\n                            src=\"https:\/\/bxrepsol.s3.eu-west-1.amazonaws.com\/static\/2022\/11\/07082845\/https___repsolmedia.com_repsolmedia_wp-content_uploads_2022_10_JRB9764-1-scaled-1.jpg\"\n                            srcset=\"https:\/\/bxrepsol.s3.eu-west-1.amazonaws.com\/static\/2022\/11\/07082845\/https___repsolmedia.com_repsolmedia_wp-content_uploads_2022_10_JRB9764-1-scaled-1.jpg 2560w, https:\/\/bxrepsol.s3.eu-west-1.amazonaws.com\/static\/2022\/11\/07082845\/https___repsolmedia.com_repsolmedia_wp-content_uploads_2022_10_JRB9764-1-scaled-1.jpg 1280w, https:\/\/bxrepsol.s3.eu-west-1.amazonaws.com\/static\/2022\/11\/07082845\/https___repsolmedia.com_repsolmedia_wp-content_uploads_2022_10_JRB9764-1-scaled-1.jpg 900w, https:\/\/bxrepsol.s3.eu-west-1.amazonaws.com\/static\/2022\/11\/07082845\/https___repsolmedia.com_repsolmedia_wp-content_uploads_2022_10_JRB9764-1-scaled-1.jpg 600w, https:\/\/bxrepsol.s3.eu-west-1.amazonaws.com\/static\/2022\/11\/07082845\/https___repsolmedia.com_repsolmedia_wp-content_uploads_2022_10_JRB9764-1-scaled-1.jpg 480w, https:\/\/bxrepsol.s3.eu-west-1.amazonaws.com\/static\/2022\/11\/07082845\/https___repsolmedia.com_repsolmedia_wp-content_uploads_2022_10_JRB9764-1-scaled-1.jpg 32w\"\n                            title=\"https___repsolmedia.com_repsolmedia_wp-content_uploads_2022_10_JRB9764-1-scaled\"\n                            alt=\"\"\n                            data-title=\"\"><br \/>\n                    <\/a><br \/>\n                    <a\n                        href=\"https:\/\/bxrepsol.s3.eu-west-1.amazonaws.com\/static\/2022\/11\/07082848\/https___repsolmedia.com_repsolmedia_wp-content_uploads_2022_10_JRB0168-scaled-1.jpg\"\n                        data-index=\"2\"\n                    ><br \/>\n                        <img decoding=\"async\"\n                            src=\"https:\/\/bxrepsol.s3.eu-west-1.amazonaws.com\/static\/2022\/11\/07082848\/https___repsolmedia.com_repsolmedia_wp-content_uploads_2022_10_JRB0168-scaled-1.jpg\"\n                            srcset=\"https:\/\/bxrepsol.s3.eu-west-1.amazonaws.com\/static\/2022\/11\/07082848\/https___repsolmedia.com_repsolmedia_wp-content_uploads_2022_10_JRB0168-scaled-1.jpg 2560w, https:\/\/bxrepsol.s3.eu-west-1.amazonaws.com\/static\/2022\/11\/07082848\/https___repsolmedia.com_repsolmedia_wp-content_uploads_2022_10_JRB0168-scaled-1.jpg 1280w, https:\/\/bxrepsol.s3.eu-west-1.amazonaws.com\/static\/2022\/11\/07082848\/https___repsolmedia.com_repsolmedia_wp-content_uploads_2022_10_JRB0168-scaled-1.jpg 900w, https:\/\/bxrepsol.s3.eu-west-1.amazonaws.com\/static\/2022\/11\/07082848\/https___repsolmedia.com_repsolmedia_wp-content_uploads_2022_10_JRB0168-scaled-1.jpg 600w, https:\/\/bxrepsol.s3.eu-west-1.amazonaws.com\/static\/2022\/11\/07082848\/https___repsolmedia.com_repsolmedia_wp-content_uploads_2022_10_JRB0168-scaled-1.jpg 480w, https:\/\/bxrepsol.s3.eu-west-1.amazonaws.com\/static\/2022\/11\/07082848\/https___repsolmedia.com_repsolmedia_wp-content_uploads_2022_10_JRB0168-scaled-1.jpg 32w\"\n                            title=\"https___repsolmedia.com_repsolmedia_wp-content_uploads_2022_10_JRB0168-scaled\"\n                            alt=\"\"\n                            data-title=\"\"><br \/>\n                    <\/a><br \/>\n                    <a\n                        href=\"https:\/\/bxrepsol.s3.eu-west-1.amazonaws.com\/static\/2022\/11\/07082852\/https___repsolmedia.com_repsolmedia_wp-content_uploads_2022_10_JRB7947-scaled-1.jpg\"\n                        data-index=\"3\"\n                    ><br \/>\n                        <img decoding=\"async\"\n                            src=\"https:\/\/bxrepsol.s3.eu-west-1.amazonaws.com\/static\/2022\/11\/07082852\/https___repsolmedia.com_repsolmedia_wp-content_uploads_2022_10_JRB7947-scaled-1.jpg\"\n                            srcset=\"https:\/\/bxrepsol.s3.eu-west-1.amazonaws.com\/static\/2022\/11\/07082852\/https___repsolmedia.com_repsolmedia_wp-content_uploads_2022_10_JRB7947-scaled-1.jpg 2560w, https:\/\/bxrepsol.s3.eu-west-1.amazonaws.com\/static\/2022\/11\/07082852\/https___repsolmedia.com_repsolmedia_wp-content_uploads_2022_10_JRB7947-scaled-1.jpg 1280w, https:\/\/bxrepsol.s3.eu-west-1.amazonaws.com\/static\/2022\/11\/07082852\/https___repsolmedia.com_repsolmedia_wp-content_uploads_2022_10_JRB7947-scaled-1.jpg 900w, https:\/\/bxrepsol.s3.eu-west-1.amazonaws.com\/static\/2022\/11\/07082852\/https___repsolmedia.com_repsolmedia_wp-content_uploads_2022_10_JRB7947-scaled-1.jpg 600w, https:\/\/bxrepsol.s3.eu-west-1.amazonaws.com\/static\/2022\/11\/07082852\/https___repsolmedia.com_repsolmedia_wp-content_uploads_2022_10_JRB7947-scaled-1.jpg 480w, https:\/\/bxrepsol.s3.eu-west-1.amazonaws.com\/static\/2022\/11\/07082852\/https___repsolmedia.com_repsolmedia_wp-content_uploads_2022_10_JRB7947-scaled-1.jpg 32w\"\n                            title=\"https___repsolmedia.com_repsolmedia_wp-content_uploads_2022_10_JRB7947-scaled\"\n                            alt=\"\"\n                            data-title=\"\"><br \/>\n                    <\/a><br \/>\n                    <a\n                        href=\"https:\/\/bxrepsol.s3.eu-west-1.amazonaws.com\/static\/2022\/11\/07082855\/https___repsolmedia.com_repsolmedia_wp-content_uploads_2022_10_JRB8341-scaled-1.jpg\"\n                        data-index=\"4\"\n                    ><br \/>\n                        <img decoding=\"async\"\n                            src=\"https:\/\/bxrepsol.s3.eu-west-1.amazonaws.com\/static\/2022\/11\/07082855\/https___repsolmedia.com_repsolmedia_wp-content_uploads_2022_10_JRB8341-scaled-1.jpg\"\n                            srcset=\"https:\/\/bxrepsol.s3.eu-west-1.amazonaws.com\/static\/2022\/11\/07082855\/https___repsolmedia.com_repsolmedia_wp-content_uploads_2022_10_JRB8341-scaled-1.jpg 2560w, https:\/\/bxrepsol.s3.eu-west-1.amazonaws.com\/static\/2022\/11\/07082855\/https___repsolmedia.com_repsolmedia_wp-content_uploads_2022_10_JRB8341-scaled-1.jpg 1280w, https:\/\/bxrepsol.s3.eu-west-1.amazonaws.com\/static\/2022\/11\/07082855\/https___repsolmedia.com_repsolmedia_wp-content_uploads_2022_10_JRB8341-scaled-1.jpg 900w, https:\/\/bxrepsol.s3.eu-west-1.amazonaws.com\/static\/2022\/11\/07082855\/https___repsolmedia.com_repsolmedia_wp-content_uploads_2022_10_JRB8341-scaled-1.jpg 600w, https:\/\/bxrepsol.s3.eu-west-1.amazonaws.com\/static\/2022\/11\/07082855\/https___repsolmedia.com_repsolmedia_wp-content_uploads_2022_10_JRB8341-scaled-1.jpg 480w, https:\/\/bxrepsol.s3.eu-west-1.amazonaws.com\/static\/2022\/11\/07082855\/https___repsolmedia.com_repsolmedia_wp-content_uploads_2022_10_JRB8341-scaled-1.jpg 32w\"\n                            title=\"https___repsolmedia.com_repsolmedia_wp-content_uploads_2022_10_JRB8341-scaled\"\n                            alt=\"\"\n                            data-title=\"\"><br \/>\n                    <\/a><br \/>\n        <button data-glide-dir=\"<\"><br \/>\n            <svg role=\"img\"  viewBox=\"0 0 256 512\">\n                <path fill=\"currentColor\" d=\"M238.475 475.535l7.071-7.07c4.686-4.686 4.686-12.284 0-16.971L50.053 256 245.546 60.506c4.686-4.686 4.686-12.284 0-16.971l-7.071-7.07c-4.686-4.686-12.284-4.686-16.97 0L10.454 247.515c-4.686 4.686-4.686 12.284 0 16.971l211.051 211.05c4.686 4.686 12.284 4.686 16.97-.001z\"><\/path>\n            <\/svg><br \/>\n        <\/button><br \/>\n        <button data-glide-dir=\">&#8220;><br \/>\n            <svg role=\"img\"  viewBox=\"0 0 256 512\">\n                <path fill=\"currentColor\" d=\"M17.525 36.465l-7.071 7.07c-4.686 4.686-4.686 12.284 0 16.971L205.947 256 10.454 451.494c-4.686 4.686-4.686 12.284 0 16.971l7.071 7.07c4.686 4.686 12.284 4.686 16.97 0l211.051-211.05c4.686-4.686 4.686-12.284 0-16.971L34.495 36.465c-4.686-4.687-12.284-4.687-16.97 0z\"><\/path>\n            <\/svg><br \/>\n        <\/button><\/p>\n<p><strong>Rider Statements<\/strong><\/p>\n<p><a href=\"https:\/\/twitter.com\/hashtag\/MM93?src=hashtag_click\">#MM93<\/a><\/p>\n<p>&#8220;As I said yesterday, what we did in Qualifying was above and beyond and this is more or less what I was expecting from our race. We gave our 100% all race to achieve the best possible result, we started really well but I saw I didn\u2019t have the speed to stay with the leaders. I tried to find my place and avoid taking any unneeded risks and get some good information from the race. I did everything that Honda asked me so I am optimistic they will use this information to improve in the future. Now we can start to prepare for Valencia after a difficult weekend, because here we could see the level of our bike. I think we can be closer in Valencia.&#8221;<\/p>\n<p><a href=\"https:\/\/twitter.com\/hashtag\/POL44?src=hashtag_click\">#POL44<\/a><\/p>\n<p>&#8220;It was a hard one today, especially with the temperature. It was not as hot as in previous years but the humidity was really high all the same. We started in P20 and had to be aggressive in the first laps to make up some ground. Finally we were able to get two points here, gaining six places. Now the attention turns to Valencia where I have been strong in the past and I think it will suit our bike better.&#8221;<\/p>\n","protected":false},"excerpt":{"rendered":"<p>The Repsol Honda Team rider scores nine points at the Malaysian Grand Prix, the penultimate round of the season. Pol Espargar\u00f3 is fourteenth, earning 2 points.<\/p>\n","protected":false},"author":1,"featured_media":75971,"comment_status":"open","ping_status":"open","sticky":false,"template":"","format":"standard","meta":{"footnotes":""},"categories":[146],"tags":[147,6,283,211,128],"class_list":["post-98719","post","type-post","status-publish","format-standard","hentry","category-motogp-en","tag-2022-en","tag-marc-marquez","tag-marc-marquez-en","tag-motogp-malaysia","tag-pol-espargaro"],"yoast_head":"<!-- This site is optimized with the Yoast SEO plugin v27.3 - https:\/\/yoast.com\/product\/yoast-seo-wordpress\/ -->\n<title>M\u00e1rquez finishes seventh at Sepang - Box Repsol<\/title>\n<link rel=\"canonical\" href=\"https:\/\/www.boxrepsol.com\/en\/motogp-en\/marquez-finishes-seventh-at-sepang\/\" \/>\n<meta property=\"og:locale\" content=\"en_US\" \/>\n<meta property=\"og:type\" content=\"article\" \/>\n<meta property=\"og:title\" content=\"M\u00e1rquez finishes seventh at Sepang - Box Repsol\" \/>\n<meta property=\"og:description\" content=\"The Repsol Honda Team rider scores nine points at the Malaysian Grand Prix, the penultimate round of the season. Pol Espargar\u00f3 is fourteenth, earning 2 points.\" \/>\n<meta property=\"og:url\" content=\"https:\/\/www.boxrepsol.com\/en\/motogp-en\/marquez-finishes-seventh-at-sepang\/\" \/>\n<meta property=\"og:site_name\" content=\"Box Repsol\" \/>\n<meta property=\"article:publisher\" content=\"https:\/\/www.facebook.com\/BoxRepsol\" \/>\n<meta property=\"article:published_time\" content=\"2022-10-23T02:00:00+00:00\" \/>\n<meta property=\"article:modified_time\" content=\"2023-02-27T10:23:29+00:00\" \/>\n<meta property=\"og:image\" content=\"https:\/\/bxrepsol.s3.eu-west-1.amazonaws.com\/static\/2022\/11\/07082900\/https___repsolmedia.com_repsolmedia_wp-content_uploads_2022_10_JRB8824-scaled-1.jpg\" \/>\n\t<meta property=\"og:image:width\" content=\"2560\" \/>\n\t<meta property=\"og:image:height\" content=\"1200\" \/>\n\t<meta property=\"og:image:type\" content=\"image\/jpeg\" \/>\n<meta name=\"author\" content=\"bx_ayesa\" \/>\n<meta name=\"twitter:card\" content=\"summary_large_image\" \/>\n<meta name=\"twitter:creator\" content=\"@box_repsol\" \/>\n<meta name=\"twitter:site\" content=\"@box_repsol\" \/>\n<meta name=\"twitter:label1\" content=\"Written by\" \/>\n\t<meta name=\"twitter:data1\" content=\"bx_ayesa\" \/>\n\t<meta name=\"twitter:label2\" content=\"Est. reading time\" \/>\n\t<meta name=\"twitter:data2\" content=\"2 minutes\" \/>\n<script type=\"application\/ld+json\" class=\"yoast-schema-graph\">{\"@context\":\"https:\\\/\\\/schema.org\",\"@graph\":[{\"@type\":\"Article\",\"@id\":\"https:\\\/\\\/www.boxrepsol.com\\\/en\\\/motogp-en\\\/marquez-finishes-seventh-at-sepang\\\/#article\",\"isPartOf\":{\"@id\":\"https:\\\/\\\/www.boxrepsol.com\\\/en\\\/motogp-en\\\/marquez-finishes-seventh-at-sepang\\\/\"},\"author\":{\"name\":\"bx_ayesa\",\"@id\":\"https:\\\/\\\/www.boxrepsol.com\\\/en\\\/#\\\/schema\\\/person\\\/d9d0f442a4332c7d099d31ffda4747a0\"},\"headline\":\"M\u00e1rquez finishes seventh at Sepang\",\"datePublished\":\"2022-10-23T02:00:00+00:00\",\"dateModified\":\"2023-02-27T10:23:29+00:00\",\"mainEntityOfPage\":{\"@id\":\"https:\\\/\\\/www.boxrepsol.com\\\/en\\\/motogp-en\\\/marquez-finishes-seventh-at-sepang\\\/\"},\"wordCount\":341,\"commentCount\":1,\"publisher\":{\"@id\":\"https:\\\/\\\/www.boxrepsol.com\\\/en\\\/#organization\"},\"image\":{\"@id\":\"https:\\\/\\\/www.boxrepsol.com\\\/en\\\/motogp-en\\\/marquez-finishes-seventh-at-sepang\\\/#primaryimage\"},\"thumbnailUrl\":\"https:\\\/\\\/bxrepsol.s3.eu-west-1.amazonaws.com\\\/static\\\/2022\\\/11\\\/07082900\\\/https___repsolmedia.com_repsolmedia_wp-content_uploads_2022_10_JRB8824-scaled-1.jpg\",\"keywords\":[\"2022\",\"Marc M\u00e1rquez\",\"Marc M\u00e1rquez\",\"MotoGP Malaysia\",\"Pol Espargar\u00f3\"],\"articleSection\":[\"MotoGP\"],\"inLanguage\":\"en-US\",\"potentialAction\":[{\"@type\":\"CommentAction\",\"name\":\"Comment\",\"target\":[\"https:\\\/\\\/www.boxrepsol.com\\\/en\\\/motogp-en\\\/marquez-finishes-seventh-at-sepang\\\/#respond\"]}]},{\"@type\":\"WebPage\",\"@id\":\"https:\\\/\\\/www.boxrepsol.com\\\/en\\\/motogp-en\\\/marquez-finishes-seventh-at-sepang\\\/\",\"url\":\"https:\\\/\\\/www.boxrepsol.com\\\/en\\\/motogp-en\\\/marquez-finishes-seventh-at-sepang\\\/\",\"name\":\"M\u00e1rquez finishes seventh at Sepang - Box Repsol\",\"isPartOf\":{\"@id\":\"https:\\\/\\\/www.boxrepsol.com\\\/en\\\/#website\"},\"primaryImageOfPage\":{\"@id\":\"https:\\\/\\\/www.boxrepsol.com\\\/en\\\/motogp-en\\\/marquez-finishes-seventh-at-sepang\\\/#primaryimage\"},\"image\":{\"@id\":\"https:\\\/\\\/www.boxrepsol.com\\\/en\\\/motogp-en\\\/marquez-finishes-seventh-at-sepang\\\/#primaryimage\"},\"thumbnailUrl\":\"https:\\\/\\\/bxrepsol.s3.eu-west-1.amazonaws.com\\\/static\\\/2022\\\/11\\\/07082900\\\/https___repsolmedia.com_repsolmedia_wp-content_uploads_2022_10_JRB8824-scaled-1.jpg\",\"datePublished\":\"2022-10-23T02:00:00+00:00\",\"dateModified\":\"2023-02-27T10:23:29+00:00\",\"breadcrumb\":{\"@id\":\"https:\\\/\\\/www.boxrepsol.com\\\/en\\\/motogp-en\\\/marquez-finishes-seventh-at-sepang\\\/#breadcrumb\"},\"inLanguage\":\"en-US\",\"potentialAction\":[{\"@type\":\"ReadAction\",\"target\":[\"https:\\\/\\\/www.boxrepsol.com\\\/en\\\/motogp-en\\\/marquez-finishes-seventh-at-sepang\\\/\"]}]},{\"@type\":\"ImageObject\",\"inLanguage\":\"en-US\",\"@id\":\"https:\\\/\\\/www.boxrepsol.com\\\/en\\\/motogp-en\\\/marquez-finishes-seventh-at-sepang\\\/#primaryimage\",\"url\":\"https:\\\/\\\/bxrepsol.s3.eu-west-1.amazonaws.com\\\/static\\\/2022\\\/11\\\/07082900\\\/https___repsolmedia.com_repsolmedia_wp-content_uploads_2022_10_JRB8824-scaled-1.jpg\",\"contentUrl\":\"https:\\\/\\\/bxrepsol.s3.eu-west-1.amazonaws.com\\\/static\\\/2022\\\/11\\\/07082900\\\/https___repsolmedia.com_repsolmedia_wp-content_uploads_2022_10_JRB8824-scaled-1.jpg\",\"width\":2560,\"height\":1200},{\"@type\":\"BreadcrumbList\",\"@id\":\"https:\\\/\\\/www.boxrepsol.com\\\/en\\\/motogp-en\\\/marquez-finishes-seventh-at-sepang\\\/#breadcrumb\",\"itemListElement\":[{\"@type\":\"ListItem\",\"position\":1,\"name\":\"Home\",\"item\":\"https:\\\/\\\/www.boxrepsol.com\\\/en\\\/\"},{\"@type\":\"ListItem\",\"position\":2,\"name\":\"M\u00e1rquez finishes seventh at Sepang\"}]},{\"@type\":\"WebSite\",\"@id\":\"https:\\\/\\\/www.boxrepsol.com\\\/en\\\/#website\",\"url\":\"https:\\\/\\\/www.boxrepsol.com\\\/en\\\/\",\"name\":\"Box Repsol\",\"description\":\"Box Repsol Site\",\"publisher\":{\"@id\":\"https:\\\/\\\/www.boxrepsol.com\\\/en\\\/#organization\"},\"potentialAction\":[{\"@type\":\"SearchAction\",\"target\":{\"@type\":\"EntryPoint\",\"urlTemplate\":\"https:\\\/\\\/www.boxrepsol.com\\\/en\\\/?s={search_term_string}\"},\"query-input\":{\"@type\":\"PropertyValueSpecification\",\"valueRequired\":true,\"valueName\":\"search_term_string\"}}],\"inLanguage\":\"en-US\"},{\"@type\":\"Organization\",\"@id\":\"https:\\\/\\\/www.boxrepsol.com\\\/en\\\/#organization\",\"name\":\"Box Repsol\",\"url\":\"https:\\\/\\\/www.boxrepsol.com\\\/en\\\/\",\"logo\":{\"@type\":\"ImageObject\",\"inLanguage\":\"en-US\",\"@id\":\"https:\\\/\\\/www.boxrepsol.com\\\/en\\\/#\\\/schema\\\/logo\\\/image\\\/\",\"url\":\"https:\\\/\\\/bxrepsol.s3.eu-west-1.amazonaws.com\\\/static\\\/2025\\\/07\\\/30083337\\\/favicon-96x96-1.png\",\"contentUrl\":\"https:\\\/\\\/bxrepsol.s3.eu-west-1.amazonaws.com\\\/static\\\/2025\\\/07\\\/30083337\\\/favicon-96x96-1.png\",\"width\":96,\"height\":96,\"caption\":\"Box Repsol\"},\"image\":{\"@id\":\"https:\\\/\\\/www.boxrepsol.com\\\/en\\\/#\\\/schema\\\/logo\\\/image\\\/\"},\"sameAs\":[\"https:\\\/\\\/www.facebook.com\\\/BoxRepsol\",\"https:\\\/\\\/x.com\\\/box_repsol\",\"http:\\\/\\\/instagram.com\\\/box_repsol\",\"https:\\\/\\\/www.youtube.com\\\/user\\\/RepsolCompeticion\",\"https:\\\/\\\/www.flickr.com\\\/photos\\\/box_repsol\\\/\"]},{\"@type\":\"Person\",\"@id\":\"https:\\\/\\\/www.boxrepsol.com\\\/en\\\/#\\\/schema\\\/person\\\/d9d0f442a4332c7d099d31ffda4747a0\",\"name\":\"bx_ayesa\",\"image\":{\"@type\":\"ImageObject\",\"inLanguage\":\"en-US\",\"@id\":\"https:\\\/\\\/secure.gravatar.com\\\/avatar\\\/059e1b9d3585083708845ba70e8dd968f143ff35f5e0e10cf2d1e7afe2c6a878?s=96&d=mm&r=g\",\"url\":\"https:\\\/\\\/secure.gravatar.com\\\/avatar\\\/059e1b9d3585083708845ba70e8dd968f143ff35f5e0e10cf2d1e7afe2c6a878?s=96&d=mm&r=g\",\"contentUrl\":\"https:\\\/\\\/secure.gravatar.com\\\/avatar\\\/059e1b9d3585083708845ba70e8dd968f143ff35f5e0e10cf2d1e7afe2c6a878?s=96&d=mm&r=g\",\"caption\":\"bx_ayesa\"},\"sameAs\":[\"http:\\\/\\\/54.155.157.200\"],\"url\":\"https:\\\/\\\/www.boxrepsol.com\\\/en\\\/author\\\/bx_ayesa\\\/\"}]}<\/script>\n<!-- \/ Yoast SEO plugin. -->","yoast_head_json":{"title":"M\u00e1rquez finishes seventh at Sepang - Box Repsol","canonical":"https:\/\/www.boxrepsol.com\/en\/motogp-en\/marquez-finishes-seventh-at-sepang\/","og_locale":"en_US","og_type":"article","og_title":"M\u00e1rquez finishes seventh at Sepang - Box Repsol","og_description":"The Repsol Honda Team rider scores nine points at the Malaysian Grand Prix, the penultimate round of the season. Pol Espargar\u00f3 is fourteenth, earning 2 points.","og_url":"https:\/\/www.boxrepsol.com\/en\/motogp-en\/marquez-finishes-seventh-at-sepang\/","og_site_name":"Box Repsol","article_publisher":"https:\/\/www.facebook.com\/BoxRepsol","article_published_time":"2022-10-23T02:00:00+00:00","article_modified_time":"2023-02-27T10:23:29+00:00","og_image":[{"width":2560,"height":1200,"url":"https:\/\/bxrepsol.s3.eu-west-1.amazonaws.com\/static\/2022\/11\/07082900\/https___repsolmedia.com_repsolmedia_wp-content_uploads_2022_10_JRB8824-scaled-1.jpg","type":"image\/jpeg"}],"author":"bx_ayesa","twitter_card":"summary_large_image","twitter_creator":"@box_repsol","twitter_site":"@box_repsol","twitter_misc":{"Written by":"bx_ayesa","Est. reading time":"2 minutes"},"schema":{"@context":"https:\/\/schema.org","@graph":[{"@type":"Article","@id":"https:\/\/www.boxrepsol.com\/en\/motogp-en\/marquez-finishes-seventh-at-sepang\/#article","isPartOf":{"@id":"https:\/\/www.boxrepsol.com\/en\/motogp-en\/marquez-finishes-seventh-at-sepang\/"},"author":{"name":"bx_ayesa","@id":"https:\/\/www.boxrepsol.com\/en\/#\/schema\/person\/d9d0f442a4332c7d099d31ffda4747a0"},"headline":"M\u00e1rquez finishes seventh at Sepang","datePublished":"2022-10-23T02:00:00+00:00","dateModified":"2023-02-27T10:23:29+00:00","mainEntityOfPage":{"@id":"https:\/\/www.boxrepsol.com\/en\/motogp-en\/marquez-finishes-seventh-at-sepang\/"},"wordCount":341,"commentCount":1,"publisher":{"@id":"https:\/\/www.boxrepsol.com\/en\/#organization"},"image":{"@id":"https:\/\/www.boxrepsol.com\/en\/motogp-en\/marquez-finishes-seventh-at-sepang\/#primaryimage"},"thumbnailUrl":"https:\/\/bxrepsol.s3.eu-west-1.amazonaws.com\/static\/2022\/11\/07082900\/https___repsolmedia.com_repsolmedia_wp-content_uploads_2022_10_JRB8824-scaled-1.jpg","keywords":["2022","Marc M\u00e1rquez","Marc M\u00e1rquez","MotoGP Malaysia","Pol Espargar\u00f3"],"articleSection":["MotoGP"],"inLanguage":"en-US","potentialAction":[{"@type":"CommentAction","name":"Comment","target":["https:\/\/www.boxrepsol.com\/en\/motogp-en\/marquez-finishes-seventh-at-sepang\/#respond"]}]},{"@type":"WebPage","@id":"https:\/\/www.boxrepsol.com\/en\/motogp-en\/marquez-finishes-seventh-at-sepang\/","url":"https:\/\/www.boxrepsol.com\/en\/motogp-en\/marquez-finishes-seventh-at-sepang\/","name":"M\u00e1rquez finishes seventh at Sepang - Box Repsol","isPartOf":{"@id":"https:\/\/www.boxrepsol.com\/en\/#website"},"primaryImageOfPage":{"@id":"https:\/\/www.boxrepsol.com\/en\/motogp-en\/marquez-finishes-seventh-at-sepang\/#primaryimage"},"image":{"@id":"https:\/\/www.boxrepsol.com\/en\/motogp-en\/marquez-finishes-seventh-at-sepang\/#primaryimage"},"thumbnailUrl":"https:\/\/bxrepsol.s3.eu-west-1.amazonaws.com\/static\/2022\/11\/07082900\/https___repsolmedia.com_repsolmedia_wp-content_uploads_2022_10_JRB8824-scaled-1.jpg","datePublished":"2022-10-23T02:00:00+00:00","dateModified":"2023-02-27T10:23:29+00:00","breadcrumb":{"@id":"https:\/\/www.boxrepsol.com\/en\/motogp-en\/marquez-finishes-seventh-at-sepang\/#breadcrumb"},"inLanguage":"en-US","potentialAction":[{"@type":"ReadAction","target":["https:\/\/www.boxrepsol.com\/en\/motogp-en\/marquez-finishes-seventh-at-sepang\/"]}]},{"@type":"ImageObject","inLanguage":"en-US","@id":"https:\/\/www.boxrepsol.com\/en\/motogp-en\/marquez-finishes-seventh-at-sepang\/#primaryimage","url":"https:\/\/bxrepsol.s3.eu-west-1.amazonaws.com\/static\/2022\/11\/07082900\/https___repsolmedia.com_repsolmedia_wp-content_uploads_2022_10_JRB8824-scaled-1.jpg","contentUrl":"https:\/\/bxrepsol.s3.eu-west-1.amazonaws.com\/static\/2022\/11\/07082900\/https___repsolmedia.com_repsolmedia_wp-content_uploads_2022_10_JRB8824-scaled-1.jpg","width":2560,"height":1200},{"@type":"BreadcrumbList","@id":"https:\/\/www.boxrepsol.com\/en\/motogp-en\/marquez-finishes-seventh-at-sepang\/#breadcrumb","itemListElement":[{"@type":"ListItem","position":1,"name":"Home","item":"https:\/\/www.boxrepsol.com\/en\/"},{"@type":"ListItem","position":2,"name":"M\u00e1rquez finishes seventh at Sepang"}]},{"@type":"WebSite","@id":"https:\/\/www.boxrepsol.com\/en\/#website","url":"https:\/\/www.boxrepsol.com\/en\/","name":"Box Repsol","description":"Box Repsol Site","publisher":{"@id":"https:\/\/www.boxrepsol.com\/en\/#organization"},"potentialAction":[{"@type":"SearchAction","target":{"@type":"EntryPoint","urlTemplate":"https:\/\/www.boxrepsol.com\/en\/?s={search_term_string}"},"query-input":{"@type":"PropertyValueSpecification","valueRequired":true,"valueName":"search_term_string"}}],"inLanguage":"en-US"},{"@type":"Organization","@id":"https:\/\/www.boxrepsol.com\/en\/#organization","name":"Box Repsol","url":"https:\/\/www.boxrepsol.com\/en\/","logo":{"@type":"ImageObject","inLanguage":"en-US","@id":"https:\/\/www.boxrepsol.com\/en\/#\/schema\/logo\/image\/","url":"https:\/\/bxrepsol.s3.eu-west-1.amazonaws.com\/static\/2025\/07\/30083337\/favicon-96x96-1.png","contentUrl":"https:\/\/bxrepsol.s3.eu-west-1.amazonaws.com\/static\/2025\/07\/30083337\/favicon-96x96-1.png","width":96,"height":96,"caption":"Box Repsol"},"image":{"@id":"https:\/\/www.boxrepsol.com\/en\/#\/schema\/logo\/image\/"},"sameAs":["https:\/\/www.facebook.com\/BoxRepsol","https:\/\/x.com\/box_repsol","http:\/\/instagram.com\/box_repsol","https:\/\/www.youtube.com\/user\/RepsolCompeticion","https:\/\/www.flickr.com\/photos\/box_repsol\/"]},{"@type":"Person","@id":"https:\/\/www.boxrepsol.com\/en\/#\/schema\/person\/d9d0f442a4332c7d099d31ffda4747a0","name":"bx_ayesa","image":{"@type":"ImageObject","inLanguage":"en-US","@id":"https:\/\/secure.gravatar.com\/avatar\/059e1b9d3585083708845ba70e8dd968f143ff35f5e0e10cf2d1e7afe2c6a878?s=96&d=mm&r=g","url":"https:\/\/secure.gravatar.com\/avatar\/059e1b9d3585083708845ba70e8dd968f143ff35f5e0e10cf2d1e7afe2c6a878?s=96&d=mm&r=g","contentUrl":"https:\/\/secure.gravatar.com\/avatar\/059e1b9d3585083708845ba70e8dd968f143ff35f5e0e10cf2d1e7afe2c6a878?s=96&d=mm&r=g","caption":"bx_ayesa"},"sameAs":["http:\/\/54.155.157.200"],"url":"https:\/\/www.boxrepsol.com\/en\/author\/bx_ayesa\/"}]}},"_links":{"self":[{"href":"https:\/\/www.boxrepsol.com\/en\/wp-json\/wp\/v2\/posts\/98719","targetHints":{"allow":["GET"]}}],"collection":[{"href":"https:\/\/www.boxrepsol.com\/en\/wp-json\/wp\/v2\/posts"}],"about":[{"href":"https:\/\/www.boxrepsol.com\/en\/wp-json\/wp\/v2\/types\/post"}],"author":[{"embeddable":true,"href":"https:\/\/www.boxrepsol.com\/en\/wp-json\/wp\/v2\/users\/1"}],"replies":[{"embeddable":true,"href":"https:\/\/www.boxrepsol.com\/en\/wp-json\/wp\/v2\/comments?post=98719"}],"version-history":[{"count":1,"href":"https:\/\/www.boxrepsol.com\/en\/wp-json\/wp\/v2\/posts\/98719\/revisions"}],"predecessor-version":[{"id":98720,"href":"https:\/\/www.boxrepsol.com\/en\/wp-json\/wp\/v2\/posts\/98719\/revisions\/98720"}],"wp:featuredmedia":[{"embeddable":true,"href":"https:\/\/www.boxrepsol.com\/en\/wp-json\/wp\/v2\/media\/75971"}],"wp:attachment":[{"href":"https:\/\/www.boxrepsol.com\/en\/wp-json\/wp\/v2\/media?parent=98719"}],"wp:term":[{"taxonomy":"category","embeddable":true,"href":"https:\/\/www.boxrepsol.com\/en\/wp-json\/wp\/v2\/categories?post=98719"},{"taxonomy":"post_tag","embeddable":true,"href":"https:\/\/www.boxrepsol.com\/en\/wp-json\/wp\/v2\/tags?post=98719"}],"curies":[{"name":"wp","href":"https:\/\/api.w.org\/{rel}","templated":true}]}}