{"id":98705,"date":"2022-10-15T00:00:00","date_gmt":"2022-10-15T02:00:00","guid":{"rendered":"http:\/\/pre.boxrepsol.com\/uncategorized\/marquez-to-start-second-at-phillip-island\/"},"modified":"2023-02-27T08:23:04","modified_gmt":"2023-02-27T10:23:04","slug":"marquez-to-start-second-at-phillip-island","status":"publish","type":"post","link":"https:\/\/www.boxrepsol.com\/en\/motogp-en\/marquez-to-start-second-at-phillip-island\/","title":{"rendered":"M\u00e1rquez to start second at Phillip Island"},"content":{"rendered":"<p>Rain again stayed away at <strong>Phillip Island<\/strong> on Saturday, and this allowed the circuit record -set by Jorge Lorenzo in 2013- to be broken.<\/p>\n<p><strong>Marc M\u00e1rquez<\/strong> had a positive day at the Australian track. The <strong>Repsol Honda Team<\/strong> rider went directly through to Q2 after being the fastest rider in the third Free Practice session of the Grand Prix.<\/p>\n<p>In the qualifying session that would define the starting grid, M\u00e1rquez set a best time of 1:27.780, which allowed him to secure second and a place on the front row.<\/p>\n<p><strong>Pol Espargar\u00f3<\/strong> had to go through Q1 and, after leading much of the session, saw his move into Q2 slip away a few seconds from the end. The <strong>Repsol Honda Team<\/strong> rider clocked a best time of 1:28.392, putting him thirteenth and on the fifth row on the grid.<\/p>\n<p>                    <a\n                        href=\"https:\/\/bxrepsol.s3.eu-west-1.amazonaws.com\/static\/2022\/11\/07082155\/https___repsolmedia.com_repsolmedia_wp-content_uploads_2022_10_JRB7079-scaled-1.jpg\"\n                        data-index=\"0\"\n                    ><br \/>\n                        <img decoding=\"async\"\n                            src=\"https:\/\/bxrepsol.s3.eu-west-1.amazonaws.com\/static\/2022\/11\/07082155\/https___repsolmedia.com_repsolmedia_wp-content_uploads_2022_10_JRB7079-scaled-1.jpg\"\n                            srcset=\"https:\/\/bxrepsol.s3.eu-west-1.amazonaws.com\/static\/2022\/11\/07082155\/https___repsolmedia.com_repsolmedia_wp-content_uploads_2022_10_JRB7079-scaled-1.jpg 2560w, https:\/\/bxrepsol.s3.eu-west-1.amazonaws.com\/static\/2022\/11\/07082155\/https___repsolmedia.com_repsolmedia_wp-content_uploads_2022_10_JRB7079-scaled-1.jpg 1280w, https:\/\/bxrepsol.s3.eu-west-1.amazonaws.com\/static\/2022\/11\/07082155\/https___repsolmedia.com_repsolmedia_wp-content_uploads_2022_10_JRB7079-scaled-1.jpg 900w, https:\/\/bxrepsol.s3.eu-west-1.amazonaws.com\/static\/2022\/11\/07082155\/https___repsolmedia.com_repsolmedia_wp-content_uploads_2022_10_JRB7079-scaled-1.jpg 600w, https:\/\/bxrepsol.s3.eu-west-1.amazonaws.com\/static\/2022\/11\/07082155\/https___repsolmedia.com_repsolmedia_wp-content_uploads_2022_10_JRB7079-scaled-1.jpg 480w, https:\/\/bxrepsol.s3.eu-west-1.amazonaws.com\/static\/2022\/11\/07082155\/https___repsolmedia.com_repsolmedia_wp-content_uploads_2022_10_JRB7079-scaled-1.jpg 32w\"\n                            title=\"https___repsolmedia.com_repsolmedia_wp-content_uploads_2022_10_JRB7079-scaled\"\n                            alt=\"\"\n                            data-title=\"\"><br \/>\n                    <\/a><br \/>\n                    <a\n                        href=\"https:\/\/bxrepsol.s3.eu-west-1.amazonaws.com\/static\/2022\/11\/07082158\/https___repsolmedia.com_repsolmedia_wp-content_uploads_2022_10_JRB7516-scaled-1.jpg\"\n                        data-index=\"1\"\n                    ><br \/>\n                        <img decoding=\"async\"\n                            src=\"https:\/\/bxrepsol.s3.eu-west-1.amazonaws.com\/static\/2022\/11\/07082158\/https___repsolmedia.com_repsolmedia_wp-content_uploads_2022_10_JRB7516-scaled-1.jpg\"\n                            srcset=\"https:\/\/bxrepsol.s3.eu-west-1.amazonaws.com\/static\/2022\/11\/07082158\/https___repsolmedia.com_repsolmedia_wp-content_uploads_2022_10_JRB7516-scaled-1.jpg 2560w, https:\/\/bxrepsol.s3.eu-west-1.amazonaws.com\/static\/2022\/11\/07082158\/https___repsolmedia.com_repsolmedia_wp-content_uploads_2022_10_JRB7516-scaled-1.jpg 1280w, https:\/\/bxrepsol.s3.eu-west-1.amazonaws.com\/static\/2022\/11\/07082158\/https___repsolmedia.com_repsolmedia_wp-content_uploads_2022_10_JRB7516-scaled-1.jpg 900w, https:\/\/bxrepsol.s3.eu-west-1.amazonaws.com\/static\/2022\/11\/07082158\/https___repsolmedia.com_repsolmedia_wp-content_uploads_2022_10_JRB7516-scaled-1.jpg 600w, https:\/\/bxrepsol.s3.eu-west-1.amazonaws.com\/static\/2022\/11\/07082158\/https___repsolmedia.com_repsolmedia_wp-content_uploads_2022_10_JRB7516-scaled-1.jpg 480w, https:\/\/bxrepsol.s3.eu-west-1.amazonaws.com\/static\/2022\/11\/07082158\/https___repsolmedia.com_repsolmedia_wp-content_uploads_2022_10_JRB7516-scaled-1.jpg 32w\"\n                            title=\"https___repsolmedia.com_repsolmedia_wp-content_uploads_2022_10_JRB7516-scaled\"\n                            alt=\"\"\n                            data-title=\"\"><br \/>\n                    <\/a><br \/>\n                    <a\n                        href=\"https:\/\/bxrepsol.s3.eu-west-1.amazonaws.com\/static\/2022\/11\/07082203\/https___repsolmedia.com_repsolmedia_wp-content_uploads_2022_10_JRB0676-scaled-1.jpg\"\n                        data-index=\"2\"\n                    ><br \/>\n                        <img decoding=\"async\"\n                            src=\"https:\/\/bxrepsol.s3.eu-west-1.amazonaws.com\/static\/2022\/11\/07082203\/https___repsolmedia.com_repsolmedia_wp-content_uploads_2022_10_JRB0676-scaled-1.jpg\"\n                            srcset=\"https:\/\/bxrepsol.s3.eu-west-1.amazonaws.com\/static\/2022\/11\/07082203\/https___repsolmedia.com_repsolmedia_wp-content_uploads_2022_10_JRB0676-scaled-1.jpg 2560w, https:\/\/bxrepsol.s3.eu-west-1.amazonaws.com\/static\/2022\/11\/07082203\/https___repsolmedia.com_repsolmedia_wp-content_uploads_2022_10_JRB0676-scaled-1.jpg 1280w, https:\/\/bxrepsol.s3.eu-west-1.amazonaws.com\/static\/2022\/11\/07082203\/https___repsolmedia.com_repsolmedia_wp-content_uploads_2022_10_JRB0676-scaled-1.jpg 900w, https:\/\/bxrepsol.s3.eu-west-1.amazonaws.com\/static\/2022\/11\/07082203\/https___repsolmedia.com_repsolmedia_wp-content_uploads_2022_10_JRB0676-scaled-1.jpg 600w, https:\/\/bxrepsol.s3.eu-west-1.amazonaws.com\/static\/2022\/11\/07082203\/https___repsolmedia.com_repsolmedia_wp-content_uploads_2022_10_JRB0676-scaled-1.jpg 480w, https:\/\/bxrepsol.s3.eu-west-1.amazonaws.com\/static\/2022\/11\/07082203\/https___repsolmedia.com_repsolmedia_wp-content_uploads_2022_10_JRB0676-scaled-1.jpg 32w\"\n                            title=\"https___repsolmedia.com_repsolmedia_wp-content_uploads_2022_10_JRB0676-scaled\"\n                            alt=\"\"\n                            data-title=\"\"><br \/>\n                    <\/a><br \/>\n                    <a\n                        href=\"https:\/\/bxrepsol.s3.eu-west-1.amazonaws.com\/static\/2022\/11\/07082206\/https___repsolmedia.com_repsolmedia_wp-content_uploads_2022_10_JRB6513-scaled-1.jpg\"\n                        data-index=\"3\"\n                    ><br \/>\n                        <img decoding=\"async\"\n                            src=\"https:\/\/bxrepsol.s3.eu-west-1.amazonaws.com\/static\/2022\/11\/07082206\/https___repsolmedia.com_repsolmedia_wp-content_uploads_2022_10_JRB6513-scaled-1.jpg\"\n                            srcset=\"https:\/\/bxrepsol.s3.eu-west-1.amazonaws.com\/static\/2022\/11\/07082206\/https___repsolmedia.com_repsolmedia_wp-content_uploads_2022_10_JRB6513-scaled-1.jpg 2560w, https:\/\/bxrepsol.s3.eu-west-1.amazonaws.com\/static\/2022\/11\/07082206\/https___repsolmedia.com_repsolmedia_wp-content_uploads_2022_10_JRB6513-scaled-1.jpg 1280w, https:\/\/bxrepsol.s3.eu-west-1.amazonaws.com\/static\/2022\/11\/07082206\/https___repsolmedia.com_repsolmedia_wp-content_uploads_2022_10_JRB6513-scaled-1.jpg 900w, https:\/\/bxrepsol.s3.eu-west-1.amazonaws.com\/static\/2022\/11\/07082206\/https___repsolmedia.com_repsolmedia_wp-content_uploads_2022_10_JRB6513-scaled-1.jpg 600w, https:\/\/bxrepsol.s3.eu-west-1.amazonaws.com\/static\/2022\/11\/07082206\/https___repsolmedia.com_repsolmedia_wp-content_uploads_2022_10_JRB6513-scaled-1.jpg 480w, https:\/\/bxrepsol.s3.eu-west-1.amazonaws.com\/static\/2022\/11\/07082206\/https___repsolmedia.com_repsolmedia_wp-content_uploads_2022_10_JRB6513-scaled-1.jpg 32w\"\n                            title=\"https___repsolmedia.com_repsolmedia_wp-content_uploads_2022_10_JRB6513-scaled\"\n                            alt=\"\"\n                            data-title=\"\"><br \/>\n                    <\/a><br \/>\n                    <a\n                        href=\"https:\/\/bxrepsol.s3.eu-west-1.amazonaws.com\/static\/2022\/11\/07082210\/https___repsolmedia.com_repsolmedia_wp-content_uploads_2022_10_JRB6158-1-scaled-1.jpg\"\n                        data-index=\"4\"\n                    ><br \/>\n                        <img decoding=\"async\"\n                            src=\"https:\/\/bxrepsol.s3.eu-west-1.amazonaws.com\/static\/2022\/11\/07082210\/https___repsolmedia.com_repsolmedia_wp-content_uploads_2022_10_JRB6158-1-scaled-1.jpg\"\n                            srcset=\"https:\/\/bxrepsol.s3.eu-west-1.amazonaws.com\/static\/2022\/11\/07082210\/https___repsolmedia.com_repsolmedia_wp-content_uploads_2022_10_JRB6158-1-scaled-1.jpg 2560w, https:\/\/bxrepsol.s3.eu-west-1.amazonaws.com\/static\/2022\/11\/07082210\/https___repsolmedia.com_repsolmedia_wp-content_uploads_2022_10_JRB6158-1-scaled-1.jpg 1280w, https:\/\/bxrepsol.s3.eu-west-1.amazonaws.com\/static\/2022\/11\/07082210\/https___repsolmedia.com_repsolmedia_wp-content_uploads_2022_10_JRB6158-1-scaled-1.jpg 900w, https:\/\/bxrepsol.s3.eu-west-1.amazonaws.com\/static\/2022\/11\/07082210\/https___repsolmedia.com_repsolmedia_wp-content_uploads_2022_10_JRB6158-1-scaled-1.jpg 600w, https:\/\/bxrepsol.s3.eu-west-1.amazonaws.com\/static\/2022\/11\/07082210\/https___repsolmedia.com_repsolmedia_wp-content_uploads_2022_10_JRB6158-1-scaled-1.jpg 480w, https:\/\/bxrepsol.s3.eu-west-1.amazonaws.com\/static\/2022\/11\/07082210\/https___repsolmedia.com_repsolmedia_wp-content_uploads_2022_10_JRB6158-1-scaled-1.jpg 32w\"\n                            title=\"https___repsolmedia.com_repsolmedia_wp-content_uploads_2022_10_JRB6158-1-scaled\"\n                            alt=\"\"\n                            data-title=\"\"><br \/>\n                    <\/a><br \/>\n        <button data-glide-dir=\"<\"><br \/>\n            <svg role=\"img\"  viewBox=\"0 0 256 512\">\n                <path fill=\"currentColor\" d=\"M238.475 475.535l7.071-7.07c4.686-4.686 4.686-12.284 0-16.971L50.053 256 245.546 60.506c4.686-4.686 4.686-12.284 0-16.971l-7.071-7.07c-4.686-4.686-12.284-4.686-16.97 0L10.454 247.515c-4.686 4.686-4.686 12.284 0 16.971l211.051 211.05c4.686 4.686 12.284 4.686 16.97-.001z\"><\/path>\n            <\/svg><br \/>\n        <\/button><br \/>\n        <button data-glide-dir=\">&#8220;><br \/>\n            <svg role=\"img\"  viewBox=\"0 0 256 512\">\n                <path fill=\"currentColor\" d=\"M17.525 36.465l-7.071 7.07c-4.686 4.686-4.686 12.284 0 16.971L205.947 256 10.454 451.494c-4.686 4.686-4.686 12.284 0 16.971l7.071 7.07c4.686 4.686 12.284 4.686 16.97 0l211.051-211.05c4.686-4.686 4.686-12.284 0-16.971L34.495 36.465c-4.686-4.687-12.284-4.687-16.97 0z\"><\/path>\n            <\/svg><br \/>\n        <\/button><\/p>\n<p><strong>Rider Statements<\/strong><\/p>\n<p><a href=\"https:\/\/twitter.com\/hashtag\/MM93?src=hashtag_click\">#MM93<\/a><\/p>\n<p>&#8220;Here it\u2019s really important to take profit from the slipstream, I was able to get a good position on track for my fastest lap and this helped us gain some time. Tyre choice will be really important for the race, especially on the rear. I myself am also making improvements and feeling better and better each time out. I think this is closest we have been to the top guys. We\u2019ve been working well this weekend, working for the future and for the present \u2013 I think we found a good balance. Things are improving. As for the save, it was exactly like 2019! Same movement, same image and it\u2019s good to see that I can now make some saves again on the right side.&#8221;<\/p>\n<p><a href=\"https:\/\/twitter.com\/hashtag\/POL44?src=hashtag_click\">#POL44<\/a><\/p>\n<p>&#8220;We were really close to improving and going to Q2, less than a tenth of a second. But I was sleeping in Free Practice 3 and that\u2019s how this situation has happened. I should have been faster than what I was in the session. I was losing a lot of time in a couple of places on track and it took me too long to find out how to improve in this area. On the positive side, we have figured it out and we were able to set a decent lap time in Qualifying, even if it wasn\u2019t enough. I think we can make some improvements in the race; the last ten laps will be very important with rear tyre life. It\u2019s been a long time since we\u2019ve had a strong rhythm like this.&#8221;<\/p>\n","protected":false},"excerpt":{"rendered":"<p>The Repsol Honda Team rider goes 0.013 off pole. Pol Espargar\u00f3 is thirteenth on the grid.<\/p>\n","protected":false},"author":1,"featured_media":75785,"comment_status":"open","ping_status":"open","sticky":false,"template":"","format":"standard","meta":{"footnotes":""},"categories":[146],"tags":[147,6,283,139,128],"class_list":["post-98705","post","type-post","status-publish","format-standard","hentry","category-motogp-en","tag-2022-en","tag-marc-marquez","tag-marc-marquez-en","tag-motogp-australia","tag-pol-espargaro"],"yoast_head":"<!-- This site is optimized with the Yoast SEO plugin v27.3 - https:\/\/yoast.com\/product\/yoast-seo-wordpress\/ -->\n<title>M\u00e1rquez to start second at Phillip Island - Box Repsol<\/title>\n<link rel=\"canonical\" href=\"https:\/\/www.boxrepsol.com\/en\/motogp-en\/marquez-to-start-second-at-phillip-island\/\" \/>\n<meta property=\"og:locale\" content=\"en_US\" \/>\n<meta property=\"og:type\" content=\"article\" \/>\n<meta property=\"og:title\" content=\"M\u00e1rquez to start second at Phillip Island - Box Repsol\" \/>\n<meta property=\"og:description\" content=\"The Repsol Honda Team rider goes 0.013 off pole. Pol Espargar\u00f3 is thirteenth on the grid.\" \/>\n<meta property=\"og:url\" content=\"https:\/\/www.boxrepsol.com\/en\/motogp-en\/marquez-to-start-second-at-phillip-island\/\" \/>\n<meta property=\"og:site_name\" content=\"Box Repsol\" \/>\n<meta property=\"article:publisher\" content=\"https:\/\/www.facebook.com\/BoxRepsol\" \/>\n<meta property=\"article:published_time\" content=\"2022-10-15T02:00:00+00:00\" \/>\n<meta property=\"article:modified_time\" content=\"2023-02-27T10:23:04+00:00\" \/>\n<meta property=\"og:image\" content=\"https:\/\/bxrepsol.s3.eu-west-1.amazonaws.com\/static\/2022\/11\/07082215\/https___repsolmedia.com_repsolmedia_wp-content_uploads_2022_10_JRB0907-scaled-1.jpg\" \/>\n\t<meta property=\"og:image:width\" content=\"2560\" \/>\n\t<meta property=\"og:image:height\" content=\"1200\" \/>\n\t<meta property=\"og:image:type\" content=\"image\/jpeg\" \/>\n<meta name=\"author\" content=\"bx_ayesa\" \/>\n<meta name=\"twitter:card\" content=\"summary_large_image\" \/>\n<meta name=\"twitter:creator\" content=\"@box_repsol\" \/>\n<meta name=\"twitter:site\" content=\"@box_repsol\" \/>\n<meta name=\"twitter:label1\" content=\"Written by\" \/>\n\t<meta name=\"twitter:data1\" content=\"bx_ayesa\" \/>\n\t<meta name=\"twitter:label2\" content=\"Est. reading time\" \/>\n\t<meta name=\"twitter:data2\" content=\"2 minutes\" \/>\n<script type=\"application\/ld+json\" class=\"yoast-schema-graph\">{\"@context\":\"https:\\\/\\\/schema.org\",\"@graph\":[{\"@type\":\"Article\",\"@id\":\"https:\\\/\\\/www.boxrepsol.com\\\/en\\\/motogp-en\\\/marquez-to-start-second-at-phillip-island\\\/#article\",\"isPartOf\":{\"@id\":\"https:\\\/\\\/www.boxrepsol.com\\\/en\\\/motogp-en\\\/marquez-to-start-second-at-phillip-island\\\/\"},\"author\":{\"name\":\"bx_ayesa\",\"@id\":\"https:\\\/\\\/www.boxrepsol.com\\\/en\\\/#\\\/schema\\\/person\\\/d9d0f442a4332c7d099d31ffda4747a0\"},\"headline\":\"M\u00e1rquez to start second at Phillip Island\",\"datePublished\":\"2022-10-15T02:00:00+00:00\",\"dateModified\":\"2023-02-27T10:23:04+00:00\",\"mainEntityOfPage\":{\"@id\":\"https:\\\/\\\/www.boxrepsol.com\\\/en\\\/motogp-en\\\/marquez-to-start-second-at-phillip-island\\\/\"},\"wordCount\":413,\"commentCount\":0,\"publisher\":{\"@id\":\"https:\\\/\\\/www.boxrepsol.com\\\/en\\\/#organization\"},\"image\":{\"@id\":\"https:\\\/\\\/www.boxrepsol.com\\\/en\\\/motogp-en\\\/marquez-to-start-second-at-phillip-island\\\/#primaryimage\"},\"thumbnailUrl\":\"https:\\\/\\\/bxrepsol.s3.eu-west-1.amazonaws.com\\\/static\\\/2022\\\/11\\\/07082215\\\/https___repsolmedia.com_repsolmedia_wp-content_uploads_2022_10_JRB0907-scaled-1.jpg\",\"keywords\":[\"2022\",\"Marc M\u00e1rquez\",\"Marc M\u00e1rquez\",\"MotoGP Australia\",\"Pol Espargar\u00f3\"],\"articleSection\":[\"MotoGP\"],\"inLanguage\":\"en-US\",\"potentialAction\":[{\"@type\":\"CommentAction\",\"name\":\"Comment\",\"target\":[\"https:\\\/\\\/www.boxrepsol.com\\\/en\\\/motogp-en\\\/marquez-to-start-second-at-phillip-island\\\/#respond\"]}]},{\"@type\":\"WebPage\",\"@id\":\"https:\\\/\\\/www.boxrepsol.com\\\/en\\\/motogp-en\\\/marquez-to-start-second-at-phillip-island\\\/\",\"url\":\"https:\\\/\\\/www.boxrepsol.com\\\/en\\\/motogp-en\\\/marquez-to-start-second-at-phillip-island\\\/\",\"name\":\"M\u00e1rquez to start second at Phillip Island - Box Repsol\",\"isPartOf\":{\"@id\":\"https:\\\/\\\/www.boxrepsol.com\\\/en\\\/#website\"},\"primaryImageOfPage\":{\"@id\":\"https:\\\/\\\/www.boxrepsol.com\\\/en\\\/motogp-en\\\/marquez-to-start-second-at-phillip-island\\\/#primaryimage\"},\"image\":{\"@id\":\"https:\\\/\\\/www.boxrepsol.com\\\/en\\\/motogp-en\\\/marquez-to-start-second-at-phillip-island\\\/#primaryimage\"},\"thumbnailUrl\":\"https:\\\/\\\/bxrepsol.s3.eu-west-1.amazonaws.com\\\/static\\\/2022\\\/11\\\/07082215\\\/https___repsolmedia.com_repsolmedia_wp-content_uploads_2022_10_JRB0907-scaled-1.jpg\",\"datePublished\":\"2022-10-15T02:00:00+00:00\",\"dateModified\":\"2023-02-27T10:23:04+00:00\",\"breadcrumb\":{\"@id\":\"https:\\\/\\\/www.boxrepsol.com\\\/en\\\/motogp-en\\\/marquez-to-start-second-at-phillip-island\\\/#breadcrumb\"},\"inLanguage\":\"en-US\",\"potentialAction\":[{\"@type\":\"ReadAction\",\"target\":[\"https:\\\/\\\/www.boxrepsol.com\\\/en\\\/motogp-en\\\/marquez-to-start-second-at-phillip-island\\\/\"]}]},{\"@type\":\"ImageObject\",\"inLanguage\":\"en-US\",\"@id\":\"https:\\\/\\\/www.boxrepsol.com\\\/en\\\/motogp-en\\\/marquez-to-start-second-at-phillip-island\\\/#primaryimage\",\"url\":\"https:\\\/\\\/bxrepsol.s3.eu-west-1.amazonaws.com\\\/static\\\/2022\\\/11\\\/07082215\\\/https___repsolmedia.com_repsolmedia_wp-content_uploads_2022_10_JRB0907-scaled-1.jpg\",\"contentUrl\":\"https:\\\/\\\/bxrepsol.s3.eu-west-1.amazonaws.com\\\/static\\\/2022\\\/11\\\/07082215\\\/https___repsolmedia.com_repsolmedia_wp-content_uploads_2022_10_JRB0907-scaled-1.jpg\",\"width\":2560,\"height\":1200},{\"@type\":\"BreadcrumbList\",\"@id\":\"https:\\\/\\\/www.boxrepsol.com\\\/en\\\/motogp-en\\\/marquez-to-start-second-at-phillip-island\\\/#breadcrumb\",\"itemListElement\":[{\"@type\":\"ListItem\",\"position\":1,\"name\":\"Home\",\"item\":\"https:\\\/\\\/www.boxrepsol.com\\\/en\\\/\"},{\"@type\":\"ListItem\",\"position\":2,\"name\":\"M\u00e1rquez to start second at Phillip Island\"}]},{\"@type\":\"WebSite\",\"@id\":\"https:\\\/\\\/www.boxrepsol.com\\\/en\\\/#website\",\"url\":\"https:\\\/\\\/www.boxrepsol.com\\\/en\\\/\",\"name\":\"Box Repsol\",\"description\":\"Box Repsol Site\",\"publisher\":{\"@id\":\"https:\\\/\\\/www.boxrepsol.com\\\/en\\\/#organization\"},\"potentialAction\":[{\"@type\":\"SearchAction\",\"target\":{\"@type\":\"EntryPoint\",\"urlTemplate\":\"https:\\\/\\\/www.boxrepsol.com\\\/en\\\/?s={search_term_string}\"},\"query-input\":{\"@type\":\"PropertyValueSpecification\",\"valueRequired\":true,\"valueName\":\"search_term_string\"}}],\"inLanguage\":\"en-US\"},{\"@type\":\"Organization\",\"@id\":\"https:\\\/\\\/www.boxrepsol.com\\\/en\\\/#organization\",\"name\":\"Box Repsol\",\"url\":\"https:\\\/\\\/www.boxrepsol.com\\\/en\\\/\",\"logo\":{\"@type\":\"ImageObject\",\"inLanguage\":\"en-US\",\"@id\":\"https:\\\/\\\/www.boxrepsol.com\\\/en\\\/#\\\/schema\\\/logo\\\/image\\\/\",\"url\":\"https:\\\/\\\/bxrepsol.s3.eu-west-1.amazonaws.com\\\/static\\\/2025\\\/07\\\/30083337\\\/favicon-96x96-1.png\",\"contentUrl\":\"https:\\\/\\\/bxrepsol.s3.eu-west-1.amazonaws.com\\\/static\\\/2025\\\/07\\\/30083337\\\/favicon-96x96-1.png\",\"width\":96,\"height\":96,\"caption\":\"Box Repsol\"},\"image\":{\"@id\":\"https:\\\/\\\/www.boxrepsol.com\\\/en\\\/#\\\/schema\\\/logo\\\/image\\\/\"},\"sameAs\":[\"https:\\\/\\\/www.facebook.com\\\/BoxRepsol\",\"https:\\\/\\\/x.com\\\/box_repsol\",\"http:\\\/\\\/instagram.com\\\/box_repsol\",\"https:\\\/\\\/www.youtube.com\\\/user\\\/RepsolCompeticion\",\"https:\\\/\\\/www.flickr.com\\\/photos\\\/box_repsol\\\/\"]},{\"@type\":\"Person\",\"@id\":\"https:\\\/\\\/www.boxrepsol.com\\\/en\\\/#\\\/schema\\\/person\\\/d9d0f442a4332c7d099d31ffda4747a0\",\"name\":\"bx_ayesa\",\"image\":{\"@type\":\"ImageObject\",\"inLanguage\":\"en-US\",\"@id\":\"https:\\\/\\\/secure.gravatar.com\\\/avatar\\\/059e1b9d3585083708845ba70e8dd968f143ff35f5e0e10cf2d1e7afe2c6a878?s=96&d=mm&r=g\",\"url\":\"https:\\\/\\\/secure.gravatar.com\\\/avatar\\\/059e1b9d3585083708845ba70e8dd968f143ff35f5e0e10cf2d1e7afe2c6a878?s=96&d=mm&r=g\",\"contentUrl\":\"https:\\\/\\\/secure.gravatar.com\\\/avatar\\\/059e1b9d3585083708845ba70e8dd968f143ff35f5e0e10cf2d1e7afe2c6a878?s=96&d=mm&r=g\",\"caption\":\"bx_ayesa\"},\"sameAs\":[\"http:\\\/\\\/54.155.157.200\"],\"url\":\"https:\\\/\\\/www.boxrepsol.com\\\/en\\\/author\\\/bx_ayesa\\\/\"}]}<\/script>\n<!-- \/ Yoast SEO plugin. -->","yoast_head_json":{"title":"M\u00e1rquez to start second at Phillip Island - Box Repsol","canonical":"https:\/\/www.boxrepsol.com\/en\/motogp-en\/marquez-to-start-second-at-phillip-island\/","og_locale":"en_US","og_type":"article","og_title":"M\u00e1rquez to start second at Phillip Island - Box Repsol","og_description":"The Repsol Honda Team rider goes 0.013 off pole. Pol Espargar\u00f3 is thirteenth on the grid.","og_url":"https:\/\/www.boxrepsol.com\/en\/motogp-en\/marquez-to-start-second-at-phillip-island\/","og_site_name":"Box Repsol","article_publisher":"https:\/\/www.facebook.com\/BoxRepsol","article_published_time":"2022-10-15T02:00:00+00:00","article_modified_time":"2023-02-27T10:23:04+00:00","og_image":[{"width":2560,"height":1200,"url":"https:\/\/bxrepsol.s3.eu-west-1.amazonaws.com\/static\/2022\/11\/07082215\/https___repsolmedia.com_repsolmedia_wp-content_uploads_2022_10_JRB0907-scaled-1.jpg","type":"image\/jpeg"}],"author":"bx_ayesa","twitter_card":"summary_large_image","twitter_creator":"@box_repsol","twitter_site":"@box_repsol","twitter_misc":{"Written by":"bx_ayesa","Est. reading time":"2 minutes"},"schema":{"@context":"https:\/\/schema.org","@graph":[{"@type":"Article","@id":"https:\/\/www.boxrepsol.com\/en\/motogp-en\/marquez-to-start-second-at-phillip-island\/#article","isPartOf":{"@id":"https:\/\/www.boxrepsol.com\/en\/motogp-en\/marquez-to-start-second-at-phillip-island\/"},"author":{"name":"bx_ayesa","@id":"https:\/\/www.boxrepsol.com\/en\/#\/schema\/person\/d9d0f442a4332c7d099d31ffda4747a0"},"headline":"M\u00e1rquez to start second at Phillip Island","datePublished":"2022-10-15T02:00:00+00:00","dateModified":"2023-02-27T10:23:04+00:00","mainEntityOfPage":{"@id":"https:\/\/www.boxrepsol.com\/en\/motogp-en\/marquez-to-start-second-at-phillip-island\/"},"wordCount":413,"commentCount":0,"publisher":{"@id":"https:\/\/www.boxrepsol.com\/en\/#organization"},"image":{"@id":"https:\/\/www.boxrepsol.com\/en\/motogp-en\/marquez-to-start-second-at-phillip-island\/#primaryimage"},"thumbnailUrl":"https:\/\/bxrepsol.s3.eu-west-1.amazonaws.com\/static\/2022\/11\/07082215\/https___repsolmedia.com_repsolmedia_wp-content_uploads_2022_10_JRB0907-scaled-1.jpg","keywords":["2022","Marc M\u00e1rquez","Marc M\u00e1rquez","MotoGP Australia","Pol Espargar\u00f3"],"articleSection":["MotoGP"],"inLanguage":"en-US","potentialAction":[{"@type":"CommentAction","name":"Comment","target":["https:\/\/www.boxrepsol.com\/en\/motogp-en\/marquez-to-start-second-at-phillip-island\/#respond"]}]},{"@type":"WebPage","@id":"https:\/\/www.boxrepsol.com\/en\/motogp-en\/marquez-to-start-second-at-phillip-island\/","url":"https:\/\/www.boxrepsol.com\/en\/motogp-en\/marquez-to-start-second-at-phillip-island\/","name":"M\u00e1rquez to start second at Phillip Island - Box Repsol","isPartOf":{"@id":"https:\/\/www.boxrepsol.com\/en\/#website"},"primaryImageOfPage":{"@id":"https:\/\/www.boxrepsol.com\/en\/motogp-en\/marquez-to-start-second-at-phillip-island\/#primaryimage"},"image":{"@id":"https:\/\/www.boxrepsol.com\/en\/motogp-en\/marquez-to-start-second-at-phillip-island\/#primaryimage"},"thumbnailUrl":"https:\/\/bxrepsol.s3.eu-west-1.amazonaws.com\/static\/2022\/11\/07082215\/https___repsolmedia.com_repsolmedia_wp-content_uploads_2022_10_JRB0907-scaled-1.jpg","datePublished":"2022-10-15T02:00:00+00:00","dateModified":"2023-02-27T10:23:04+00:00","breadcrumb":{"@id":"https:\/\/www.boxrepsol.com\/en\/motogp-en\/marquez-to-start-second-at-phillip-island\/#breadcrumb"},"inLanguage":"en-US","potentialAction":[{"@type":"ReadAction","target":["https:\/\/www.boxrepsol.com\/en\/motogp-en\/marquez-to-start-second-at-phillip-island\/"]}]},{"@type":"ImageObject","inLanguage":"en-US","@id":"https:\/\/www.boxrepsol.com\/en\/motogp-en\/marquez-to-start-second-at-phillip-island\/#primaryimage","url":"https:\/\/bxrepsol.s3.eu-west-1.amazonaws.com\/static\/2022\/11\/07082215\/https___repsolmedia.com_repsolmedia_wp-content_uploads_2022_10_JRB0907-scaled-1.jpg","contentUrl":"https:\/\/bxrepsol.s3.eu-west-1.amazonaws.com\/static\/2022\/11\/07082215\/https___repsolmedia.com_repsolmedia_wp-content_uploads_2022_10_JRB0907-scaled-1.jpg","width":2560,"height":1200},{"@type":"BreadcrumbList","@id":"https:\/\/www.boxrepsol.com\/en\/motogp-en\/marquez-to-start-second-at-phillip-island\/#breadcrumb","itemListElement":[{"@type":"ListItem","position":1,"name":"Home","item":"https:\/\/www.boxrepsol.com\/en\/"},{"@type":"ListItem","position":2,"name":"M\u00e1rquez to start second at Phillip Island"}]},{"@type":"WebSite","@id":"https:\/\/www.boxrepsol.com\/en\/#website","url":"https:\/\/www.boxrepsol.com\/en\/","name":"Box Repsol","description":"Box Repsol Site","publisher":{"@id":"https:\/\/www.boxrepsol.com\/en\/#organization"},"potentialAction":[{"@type":"SearchAction","target":{"@type":"EntryPoint","urlTemplate":"https:\/\/www.boxrepsol.com\/en\/?s={search_term_string}"},"query-input":{"@type":"PropertyValueSpecification","valueRequired":true,"valueName":"search_term_string"}}],"inLanguage":"en-US"},{"@type":"Organization","@id":"https:\/\/www.boxrepsol.com\/en\/#organization","name":"Box Repsol","url":"https:\/\/www.boxrepsol.com\/en\/","logo":{"@type":"ImageObject","inLanguage":"en-US","@id":"https:\/\/www.boxrepsol.com\/en\/#\/schema\/logo\/image\/","url":"https:\/\/bxrepsol.s3.eu-west-1.amazonaws.com\/static\/2025\/07\/30083337\/favicon-96x96-1.png","contentUrl":"https:\/\/bxrepsol.s3.eu-west-1.amazonaws.com\/static\/2025\/07\/30083337\/favicon-96x96-1.png","width":96,"height":96,"caption":"Box Repsol"},"image":{"@id":"https:\/\/www.boxrepsol.com\/en\/#\/schema\/logo\/image\/"},"sameAs":["https:\/\/www.facebook.com\/BoxRepsol","https:\/\/x.com\/box_repsol","http:\/\/instagram.com\/box_repsol","https:\/\/www.youtube.com\/user\/RepsolCompeticion","https:\/\/www.flickr.com\/photos\/box_repsol\/"]},{"@type":"Person","@id":"https:\/\/www.boxrepsol.com\/en\/#\/schema\/person\/d9d0f442a4332c7d099d31ffda4747a0","name":"bx_ayesa","image":{"@type":"ImageObject","inLanguage":"en-US","@id":"https:\/\/secure.gravatar.com\/avatar\/059e1b9d3585083708845ba70e8dd968f143ff35f5e0e10cf2d1e7afe2c6a878?s=96&d=mm&r=g","url":"https:\/\/secure.gravatar.com\/avatar\/059e1b9d3585083708845ba70e8dd968f143ff35f5e0e10cf2d1e7afe2c6a878?s=96&d=mm&r=g","contentUrl":"https:\/\/secure.gravatar.com\/avatar\/059e1b9d3585083708845ba70e8dd968f143ff35f5e0e10cf2d1e7afe2c6a878?s=96&d=mm&r=g","caption":"bx_ayesa"},"sameAs":["http:\/\/54.155.157.200"],"url":"https:\/\/www.boxrepsol.com\/en\/author\/bx_ayesa\/"}]}},"_links":{"self":[{"href":"https:\/\/www.boxrepsol.com\/en\/wp-json\/wp\/v2\/posts\/98705","targetHints":{"allow":["GET"]}}],"collection":[{"href":"https:\/\/www.boxrepsol.com\/en\/wp-json\/wp\/v2\/posts"}],"about":[{"href":"https:\/\/www.boxrepsol.com\/en\/wp-json\/wp\/v2\/types\/post"}],"author":[{"embeddable":true,"href":"https:\/\/www.boxrepsol.com\/en\/wp-json\/wp\/v2\/users\/1"}],"replies":[{"embeddable":true,"href":"https:\/\/www.boxrepsol.com\/en\/wp-json\/wp\/v2\/comments?post=98705"}],"version-history":[{"count":1,"href":"https:\/\/www.boxrepsol.com\/en\/wp-json\/wp\/v2\/posts\/98705\/revisions"}],"predecessor-version":[{"id":98706,"href":"https:\/\/www.boxrepsol.com\/en\/wp-json\/wp\/v2\/posts\/98705\/revisions\/98706"}],"wp:featuredmedia":[{"embeddable":true,"href":"https:\/\/www.boxrepsol.com\/en\/wp-json\/wp\/v2\/media\/75785"}],"wp:attachment":[{"href":"https:\/\/www.boxrepsol.com\/en\/wp-json\/wp\/v2\/media?parent=98705"}],"wp:term":[{"taxonomy":"category","embeddable":true,"href":"https:\/\/www.boxrepsol.com\/en\/wp-json\/wp\/v2\/categories?post=98705"},{"taxonomy":"post_tag","embeddable":true,"href":"https:\/\/www.boxrepsol.com\/en\/wp-json\/wp\/v2\/tags?post=98705"}],"curies":[{"name":"wp","href":"https:\/\/api.w.org\/{rel}","templated":true}]}}