{"id":98680,"date":"2022-09-23T00:00:00","date_gmt":"2022-09-23T02:00:00","guid":{"rendered":"http:\/\/pre.boxrepsol.com\/uncategorized\/sixth-and-seventh-for-marquez-and-espargaro-on-first-day-at-motegi\/"},"modified":"2023-02-27T08:22:15","modified_gmt":"2023-02-27T10:22:15","slug":"sixth-and-seventh-for-marquez-and-espargaro-on-first-day-at-motegi","status":"publish","type":"post","link":"https:\/\/www.boxrepsol.com\/en\/motogp-en\/sixth-and-seventh-for-marquez-and-espargaro-on-first-day-at-motegi\/","title":{"rendered":"Sixth and seventh for M\u00e1rquez and Espargar\u00f3 on first day at Motegi"},"content":{"rendered":"<p>A revised schedule due to the short turnover for logistical tasks between the Aragon Grand Prix and the <strong>Japanese Grand Prix<\/strong> meant that a single Free Practice session was held at Motegi on Sunday for the MotoGP riders. The premier class FP1 lasted 1 hour and 15 minutes.<\/p>\n<p><strong>Marc M\u00e1rquez<\/strong> completed 26 laps in a fully dry session. Spitting rain fell midway through the session but did not prevent the <strong>Repsol Honda Team<\/strong> rider from lowering his times, and he finished the day as the sixth fastest rider, with a best time of 1:44.656, just over 1 tenth off the best lap of the day.<\/p>\n<p><strong>Pol Espargar\u00f3<\/strong> was also able to take advantage of the 75-minute session, putting in 26 laps and improving his pace as FP1 progressed. He was seventh, with a fastest time of 1:44.678.<\/p>\n<p>                    <a\n                        href=\"https:\/\/bxrepsol.s3.eu-west-1.amazonaws.com\/static\/2022\/11\/07080513\/https___repsolmedia.com_repsolmedia_wp-content_uploads_2022_09_JRB3178-scaled-1.jpg\"\n                        data-index=\"0\"\n                    ><br \/>\n                        <img decoding=\"async\"\n                            src=\"https:\/\/bxrepsol.s3.eu-west-1.amazonaws.com\/static\/2022\/11\/07080513\/https___repsolmedia.com_repsolmedia_wp-content_uploads_2022_09_JRB3178-scaled-1.jpg\"\n                            srcset=\"https:\/\/bxrepsol.s3.eu-west-1.amazonaws.com\/static\/2022\/11\/07080513\/https___repsolmedia.com_repsolmedia_wp-content_uploads_2022_09_JRB3178-scaled-1.jpg 2560w, https:\/\/bxrepsol.s3.eu-west-1.amazonaws.com\/static\/2022\/11\/07080513\/https___repsolmedia.com_repsolmedia_wp-content_uploads_2022_09_JRB3178-scaled-1.jpg 1280w, https:\/\/bxrepsol.s3.eu-west-1.amazonaws.com\/static\/2022\/11\/07080513\/https___repsolmedia.com_repsolmedia_wp-content_uploads_2022_09_JRB3178-scaled-1.jpg 900w, https:\/\/bxrepsol.s3.eu-west-1.amazonaws.com\/static\/2022\/11\/07080513\/https___repsolmedia.com_repsolmedia_wp-content_uploads_2022_09_JRB3178-scaled-1.jpg 600w, https:\/\/bxrepsol.s3.eu-west-1.amazonaws.com\/static\/2022\/11\/07080513\/https___repsolmedia.com_repsolmedia_wp-content_uploads_2022_09_JRB3178-scaled-1.jpg 480w, https:\/\/bxrepsol.s3.eu-west-1.amazonaws.com\/static\/2022\/11\/07080513\/https___repsolmedia.com_repsolmedia_wp-content_uploads_2022_09_JRB3178-scaled-1.jpg 32w\"\n                            title=\"https___repsolmedia.com_repsolmedia_wp-content_uploads_2022_09_JRB3178-scaled\"\n                            alt=\"\"\n                            data-title=\"\"><br \/>\n                    <\/a><br \/>\n                    <a\n                        href=\"https:\/\/bxrepsol.s3.eu-west-1.amazonaws.com\/static\/2022\/11\/07080516\/https___repsolmedia.com_repsolmedia_wp-content_uploads_2022_09_JRB9518-scaled-1.jpg\"\n                        data-index=\"1\"\n                    ><br \/>\n                        <img decoding=\"async\"\n                            src=\"https:\/\/bxrepsol.s3.eu-west-1.amazonaws.com\/static\/2022\/11\/07080516\/https___repsolmedia.com_repsolmedia_wp-content_uploads_2022_09_JRB9518-scaled-1.jpg\"\n                            srcset=\"https:\/\/bxrepsol.s3.eu-west-1.amazonaws.com\/static\/2022\/11\/07080516\/https___repsolmedia.com_repsolmedia_wp-content_uploads_2022_09_JRB9518-scaled-1.jpg 2560w, https:\/\/bxrepsol.s3.eu-west-1.amazonaws.com\/static\/2022\/11\/07080516\/https___repsolmedia.com_repsolmedia_wp-content_uploads_2022_09_JRB9518-scaled-1.jpg 1280w, https:\/\/bxrepsol.s3.eu-west-1.amazonaws.com\/static\/2022\/11\/07080516\/https___repsolmedia.com_repsolmedia_wp-content_uploads_2022_09_JRB9518-scaled-1.jpg 900w, https:\/\/bxrepsol.s3.eu-west-1.amazonaws.com\/static\/2022\/11\/07080516\/https___repsolmedia.com_repsolmedia_wp-content_uploads_2022_09_JRB9518-scaled-1.jpg 600w, https:\/\/bxrepsol.s3.eu-west-1.amazonaws.com\/static\/2022\/11\/07080516\/https___repsolmedia.com_repsolmedia_wp-content_uploads_2022_09_JRB9518-scaled-1.jpg 480w, https:\/\/bxrepsol.s3.eu-west-1.amazonaws.com\/static\/2022\/11\/07080516\/https___repsolmedia.com_repsolmedia_wp-content_uploads_2022_09_JRB9518-scaled-1.jpg 32w\"\n                            title=\"https___repsolmedia.com_repsolmedia_wp-content_uploads_2022_09_JRB9518-scaled\"\n                            alt=\"\"\n                            data-title=\"\"><br \/>\n                    <\/a><br \/>\n                    <a\n                        href=\"https:\/\/bxrepsol.s3.eu-west-1.amazonaws.com\/static\/2022\/11\/07080519\/https___repsolmedia.com_repsolmedia_wp-content_uploads_2022_09_JRB9792-scaled-1.jpg\"\n                        data-index=\"2\"\n                    ><br \/>\n                        <img decoding=\"async\"\n                            src=\"https:\/\/bxrepsol.s3.eu-west-1.amazonaws.com\/static\/2022\/11\/07080519\/https___repsolmedia.com_repsolmedia_wp-content_uploads_2022_09_JRB9792-scaled-1.jpg\"\n                            srcset=\"https:\/\/bxrepsol.s3.eu-west-1.amazonaws.com\/static\/2022\/11\/07080519\/https___repsolmedia.com_repsolmedia_wp-content_uploads_2022_09_JRB9792-scaled-1.jpg 2560w, https:\/\/bxrepsol.s3.eu-west-1.amazonaws.com\/static\/2022\/11\/07080519\/https___repsolmedia.com_repsolmedia_wp-content_uploads_2022_09_JRB9792-scaled-1.jpg 1280w, https:\/\/bxrepsol.s3.eu-west-1.amazonaws.com\/static\/2022\/11\/07080519\/https___repsolmedia.com_repsolmedia_wp-content_uploads_2022_09_JRB9792-scaled-1.jpg 900w, https:\/\/bxrepsol.s3.eu-west-1.amazonaws.com\/static\/2022\/11\/07080519\/https___repsolmedia.com_repsolmedia_wp-content_uploads_2022_09_JRB9792-scaled-1.jpg 600w, https:\/\/bxrepsol.s3.eu-west-1.amazonaws.com\/static\/2022\/11\/07080519\/https___repsolmedia.com_repsolmedia_wp-content_uploads_2022_09_JRB9792-scaled-1.jpg 480w, https:\/\/bxrepsol.s3.eu-west-1.amazonaws.com\/static\/2022\/11\/07080519\/https___repsolmedia.com_repsolmedia_wp-content_uploads_2022_09_JRB9792-scaled-1.jpg 32w\"\n                            title=\"https___repsolmedia.com_repsolmedia_wp-content_uploads_2022_09_JRB9792-scaled\"\n                            alt=\"\"\n                            data-title=\"\"><br \/>\n                    <\/a><br \/>\n                    <a\n                        href=\"https:\/\/bxrepsol.s3.eu-west-1.amazonaws.com\/static\/2022\/11\/07080523\/https___repsolmedia.com_repsolmedia_wp-content_uploads_2022_09_JRB1360-scaled-1.jpg\"\n                        data-index=\"3\"\n                    ><br \/>\n                        <img decoding=\"async\"\n                            src=\"https:\/\/bxrepsol.s3.eu-west-1.amazonaws.com\/static\/2022\/11\/07080523\/https___repsolmedia.com_repsolmedia_wp-content_uploads_2022_09_JRB1360-scaled-1.jpg\"\n                            srcset=\"https:\/\/bxrepsol.s3.eu-west-1.amazonaws.com\/static\/2022\/11\/07080523\/https___repsolmedia.com_repsolmedia_wp-content_uploads_2022_09_JRB1360-scaled-1.jpg 2560w, https:\/\/bxrepsol.s3.eu-west-1.amazonaws.com\/static\/2022\/11\/07080523\/https___repsolmedia.com_repsolmedia_wp-content_uploads_2022_09_JRB1360-scaled-1.jpg 1280w, https:\/\/bxrepsol.s3.eu-west-1.amazonaws.com\/static\/2022\/11\/07080523\/https___repsolmedia.com_repsolmedia_wp-content_uploads_2022_09_JRB1360-scaled-1.jpg 900w, https:\/\/bxrepsol.s3.eu-west-1.amazonaws.com\/static\/2022\/11\/07080523\/https___repsolmedia.com_repsolmedia_wp-content_uploads_2022_09_JRB1360-scaled-1.jpg 600w, https:\/\/bxrepsol.s3.eu-west-1.amazonaws.com\/static\/2022\/11\/07080523\/https___repsolmedia.com_repsolmedia_wp-content_uploads_2022_09_JRB1360-scaled-1.jpg 480w, https:\/\/bxrepsol.s3.eu-west-1.amazonaws.com\/static\/2022\/11\/07080523\/https___repsolmedia.com_repsolmedia_wp-content_uploads_2022_09_JRB1360-scaled-1.jpg 32w\"\n                            title=\"https___repsolmedia.com_repsolmedia_wp-content_uploads_2022_09_JRB1360-scaled\"\n                            alt=\"\"\n                            data-title=\"\"><br \/>\n                    <\/a><br \/>\n                    <a\n                        href=\"https:\/\/bxrepsol.s3.eu-west-1.amazonaws.com\/static\/2022\/11\/07080525\/https___repsolmedia.com_repsolmedia_wp-content_uploads_2022_09_JRB0776-scaled-1.jpg\"\n                        data-index=\"4\"\n                    ><br \/>\n                        <img decoding=\"async\"\n                            src=\"https:\/\/bxrepsol.s3.eu-west-1.amazonaws.com\/static\/2022\/11\/07080525\/https___repsolmedia.com_repsolmedia_wp-content_uploads_2022_09_JRB0776-scaled-1.jpg\"\n                            srcset=\"https:\/\/bxrepsol.s3.eu-west-1.amazonaws.com\/static\/2022\/11\/07080525\/https___repsolmedia.com_repsolmedia_wp-content_uploads_2022_09_JRB0776-scaled-1.jpg 2560w, https:\/\/bxrepsol.s3.eu-west-1.amazonaws.com\/static\/2022\/11\/07080525\/https___repsolmedia.com_repsolmedia_wp-content_uploads_2022_09_JRB0776-scaled-1.jpg 1280w, https:\/\/bxrepsol.s3.eu-west-1.amazonaws.com\/static\/2022\/11\/07080525\/https___repsolmedia.com_repsolmedia_wp-content_uploads_2022_09_JRB0776-scaled-1.jpg 900w, https:\/\/bxrepsol.s3.eu-west-1.amazonaws.com\/static\/2022\/11\/07080525\/https___repsolmedia.com_repsolmedia_wp-content_uploads_2022_09_JRB0776-scaled-1.jpg 600w, https:\/\/bxrepsol.s3.eu-west-1.amazonaws.com\/static\/2022\/11\/07080525\/https___repsolmedia.com_repsolmedia_wp-content_uploads_2022_09_JRB0776-scaled-1.jpg 480w, https:\/\/bxrepsol.s3.eu-west-1.amazonaws.com\/static\/2022\/11\/07080525\/https___repsolmedia.com_repsolmedia_wp-content_uploads_2022_09_JRB0776-scaled-1.jpg 32w\"\n                            title=\"https___repsolmedia.com_repsolmedia_wp-content_uploads_2022_09_JRB0776-scaled\"\n                            alt=\"\"\n                            data-title=\"\"><br \/>\n                    <\/a><br \/>\n        <button data-glide-dir=\"<\"><br \/>\n            <svg role=\"img\"  viewBox=\"0 0 256 512\">\n                <path fill=\"currentColor\" d=\"M238.475 475.535l7.071-7.07c4.686-4.686 4.686-12.284 0-16.971L50.053 256 245.546 60.506c4.686-4.686 4.686-12.284 0-16.971l-7.071-7.07c-4.686-4.686-12.284-4.686-16.97 0L10.454 247.515c-4.686 4.686-4.686 12.284 0 16.971l211.051 211.05c4.686 4.686 12.284 4.686 16.97-.001z\"><\/path>\n            <\/svg><br \/>\n        <\/button><br \/>\n        <button data-glide-dir=\">&#8220;><br \/>\n            <svg role=\"img\"  viewBox=\"0 0 256 512\">\n                <path fill=\"currentColor\" d=\"M17.525 36.465l-7.071 7.07c-4.686 4.686-4.686 12.284 0 16.971L205.947 256 10.454 451.494c-4.686 4.686-4.686 12.284 0 16.971l7.071 7.07c4.686 4.686 12.284 4.686 16.97 0l211.051-211.05c4.686-4.686 4.686-12.284 0-16.971L34.495 36.465c-4.686-4.687-12.284-4.687-16.97 0z\"><\/path>\n            <\/svg><br \/>\n        <\/button><\/p>\n<p><strong>Rider Statements<\/strong><\/p>\n<p><a href=\"https:\/\/twitter.com\/hashtag\/MM93?src=hashtag_click\">#MM93<\/a><\/p>\n<p>&#8220;From when I first went out I was feeling quite good. It seems the areas where we are usually suffering a bit and less here and we can manage everything. Today I went full attack because there was just one session and I knew it might rain tomorrow so getting into the top ten was important. Let\u2019s see what happens tomorrow but I am hoping for rain honestly because then we are already in the top ten. I am feeling very good with the new tyre, but also my feeling with the old tyre is quite good.&#8221;<\/p>\n<p><a href=\"https:\/\/twitter.com\/hashtag\/POL44?src=hashtag_click\">#POL44<\/a><\/p>\n<p>&#8220;I am quite surprised because with the medium at other tracks, we were suffering a lot but here we are able to take a lot of profit from it. Everything worked really well with a lot of edge grip and traction and I was able to ride how I want. Today has been very good and with the weather that is predicted for the rest of the weekend, I think we can keep this speed up. It is a really nice boost to be back to feeling competitive again, and to do it in front of Honda\u2019s home fans is even better. Let\u2019s analyse everything well and come back ready tomorrow.&#8221;<\/p>\n","protected":false},"excerpt":{"rendered":"<p>Good start to the Japanese Grand Prix for Repsol Honda Team riders in the only Friday session.<\/p>\n","protected":false},"author":1,"featured_media":75365,"comment_status":"open","ping_status":"open","sticky":false,"template":"","format":"standard","meta":{"footnotes":""},"categories":[146],"tags":[147,6,283,212,332,128],"class_list":["post-98680","post","type-post","status-publish","format-standard","hentry","category-motogp-en","tag-2022-en","tag-marc-marquez","tag-marc-marquez-en","tag-motogp-japan","tag-motogp-japon-en","tag-pol-espargaro"],"yoast_head":"<!-- This site is optimized with the Yoast SEO plugin v27.3 - https:\/\/yoast.com\/product\/yoast-seo-wordpress\/ -->\n<title>Sixth and seventh for M\u00e1rquez and Espargar\u00f3 on first day at Motegi - Box Repsol<\/title>\n<link rel=\"canonical\" href=\"https:\/\/www.boxrepsol.com\/en\/motogp-en\/sixth-and-seventh-for-marquez-and-espargaro-on-first-day-at-motegi\/\" \/>\n<meta property=\"og:locale\" content=\"en_US\" \/>\n<meta property=\"og:type\" content=\"article\" \/>\n<meta property=\"og:title\" content=\"Sixth and seventh for M\u00e1rquez and Espargar\u00f3 on first day at Motegi - Box Repsol\" \/>\n<meta property=\"og:description\" content=\"Good start to the Japanese Grand Prix for Repsol Honda Team riders in the only Friday session.\" \/>\n<meta property=\"og:url\" content=\"https:\/\/www.boxrepsol.com\/en\/motogp-en\/sixth-and-seventh-for-marquez-and-espargaro-on-first-day-at-motegi\/\" \/>\n<meta property=\"og:site_name\" content=\"Box Repsol\" \/>\n<meta property=\"article:publisher\" content=\"https:\/\/www.facebook.com\/BoxRepsol\" \/>\n<meta property=\"article:published_time\" content=\"2022-09-23T02:00:00+00:00\" \/>\n<meta property=\"article:modified_time\" content=\"2023-02-27T10:22:15+00:00\" \/>\n<meta property=\"og:image\" content=\"https:\/\/bxrepsol.s3.eu-west-1.amazonaws.com\/static\/2022\/11\/07080531\/https___repsolmedia.com_repsolmedia_wp-content_uploads_2022_09_JRB2908-scaled-1.jpg\" \/>\n\t<meta property=\"og:image:width\" content=\"1280\" \/>\n\t<meta property=\"og:image:height\" content=\"600\" \/>\n\t<meta property=\"og:image:type\" content=\"image\/jpeg\" \/>\n<meta name=\"author\" content=\"bx_ayesa\" \/>\n<meta name=\"twitter:card\" content=\"summary_large_image\" \/>\n<meta name=\"twitter:creator\" content=\"@box_repsol\" \/>\n<meta name=\"twitter:site\" content=\"@box_repsol\" \/>\n<meta name=\"twitter:label1\" content=\"Written by\" \/>\n\t<meta name=\"twitter:data1\" content=\"bx_ayesa\" \/>\n\t<meta name=\"twitter:label2\" content=\"Est. reading time\" \/>\n\t<meta name=\"twitter:data2\" content=\"2 minutes\" \/>\n<script type=\"application\/ld+json\" class=\"yoast-schema-graph\">{\"@context\":\"https:\\\/\\\/schema.org\",\"@graph\":[{\"@type\":\"Article\",\"@id\":\"https:\\\/\\\/www.boxrepsol.com\\\/en\\\/motogp-en\\\/sixth-and-seventh-for-marquez-and-espargaro-on-first-day-at-motegi\\\/#article\",\"isPartOf\":{\"@id\":\"https:\\\/\\\/www.boxrepsol.com\\\/en\\\/motogp-en\\\/sixth-and-seventh-for-marquez-and-espargaro-on-first-day-at-motegi\\\/\"},\"author\":{\"name\":\"bx_ayesa\",\"@id\":\"https:\\\/\\\/www.boxrepsol.com\\\/en\\\/#\\\/schema\\\/person\\\/d9d0f442a4332c7d099d31ffda4747a0\"},\"headline\":\"Sixth and seventh for M\u00e1rquez and Espargar\u00f3 on first day at Motegi\",\"datePublished\":\"2022-09-23T02:00:00+00:00\",\"dateModified\":\"2023-02-27T10:22:15+00:00\",\"mainEntityOfPage\":{\"@id\":\"https:\\\/\\\/www.boxrepsol.com\\\/en\\\/motogp-en\\\/sixth-and-seventh-for-marquez-and-espargaro-on-first-day-at-motegi\\\/\"},\"wordCount\":359,\"commentCount\":0,\"publisher\":{\"@id\":\"https:\\\/\\\/www.boxrepsol.com\\\/en\\\/#organization\"},\"image\":{\"@id\":\"https:\\\/\\\/www.boxrepsol.com\\\/en\\\/motogp-en\\\/sixth-and-seventh-for-marquez-and-espargaro-on-first-day-at-motegi\\\/#primaryimage\"},\"thumbnailUrl\":\"https:\\\/\\\/bxrepsol.s3.eu-west-1.amazonaws.com\\\/static\\\/2022\\\/11\\\/07080531\\\/https___repsolmedia.com_repsolmedia_wp-content_uploads_2022_09_JRB2908-scaled-1.jpg\",\"keywords\":[\"2022\",\"Marc M\u00e1rquez\",\"Marc M\u00e1rquez\",\"MotoGP Japan\",\"MotoGP Jap\u00f3n\",\"Pol Espargar\u00f3\"],\"articleSection\":[\"MotoGP\"],\"inLanguage\":\"en-US\",\"potentialAction\":[{\"@type\":\"CommentAction\",\"name\":\"Comment\",\"target\":[\"https:\\\/\\\/www.boxrepsol.com\\\/en\\\/motogp-en\\\/sixth-and-seventh-for-marquez-and-espargaro-on-first-day-at-motegi\\\/#respond\"]}]},{\"@type\":\"WebPage\",\"@id\":\"https:\\\/\\\/www.boxrepsol.com\\\/en\\\/motogp-en\\\/sixth-and-seventh-for-marquez-and-espargaro-on-first-day-at-motegi\\\/\",\"url\":\"https:\\\/\\\/www.boxrepsol.com\\\/en\\\/motogp-en\\\/sixth-and-seventh-for-marquez-and-espargaro-on-first-day-at-motegi\\\/\",\"name\":\"Sixth and seventh for M\u00e1rquez and Espargar\u00f3 on first day at Motegi - Box Repsol\",\"isPartOf\":{\"@id\":\"https:\\\/\\\/www.boxrepsol.com\\\/en\\\/#website\"},\"primaryImageOfPage\":{\"@id\":\"https:\\\/\\\/www.boxrepsol.com\\\/en\\\/motogp-en\\\/sixth-and-seventh-for-marquez-and-espargaro-on-first-day-at-motegi\\\/#primaryimage\"},\"image\":{\"@id\":\"https:\\\/\\\/www.boxrepsol.com\\\/en\\\/motogp-en\\\/sixth-and-seventh-for-marquez-and-espargaro-on-first-day-at-motegi\\\/#primaryimage\"},\"thumbnailUrl\":\"https:\\\/\\\/bxrepsol.s3.eu-west-1.amazonaws.com\\\/static\\\/2022\\\/11\\\/07080531\\\/https___repsolmedia.com_repsolmedia_wp-content_uploads_2022_09_JRB2908-scaled-1.jpg\",\"datePublished\":\"2022-09-23T02:00:00+00:00\",\"dateModified\":\"2023-02-27T10:22:15+00:00\",\"breadcrumb\":{\"@id\":\"https:\\\/\\\/www.boxrepsol.com\\\/en\\\/motogp-en\\\/sixth-and-seventh-for-marquez-and-espargaro-on-first-day-at-motegi\\\/#breadcrumb\"},\"inLanguage\":\"en-US\",\"potentialAction\":[{\"@type\":\"ReadAction\",\"target\":[\"https:\\\/\\\/www.boxrepsol.com\\\/en\\\/motogp-en\\\/sixth-and-seventh-for-marquez-and-espargaro-on-first-day-at-motegi\\\/\"]}]},{\"@type\":\"ImageObject\",\"inLanguage\":\"en-US\",\"@id\":\"https:\\\/\\\/www.boxrepsol.com\\\/en\\\/motogp-en\\\/sixth-and-seventh-for-marquez-and-espargaro-on-first-day-at-motegi\\\/#primaryimage\",\"url\":\"https:\\\/\\\/bxrepsol.s3.eu-west-1.amazonaws.com\\\/static\\\/2022\\\/11\\\/07080531\\\/https___repsolmedia.com_repsolmedia_wp-content_uploads_2022_09_JRB2908-scaled-1.jpg\",\"contentUrl\":\"https:\\\/\\\/bxrepsol.s3.eu-west-1.amazonaws.com\\\/static\\\/2022\\\/11\\\/07080531\\\/https___repsolmedia.com_repsolmedia_wp-content_uploads_2022_09_JRB2908-scaled-1.jpg\",\"width\":1280,\"height\":600},{\"@type\":\"BreadcrumbList\",\"@id\":\"https:\\\/\\\/www.boxrepsol.com\\\/en\\\/motogp-en\\\/sixth-and-seventh-for-marquez-and-espargaro-on-first-day-at-motegi\\\/#breadcrumb\",\"itemListElement\":[{\"@type\":\"ListItem\",\"position\":1,\"name\":\"Home\",\"item\":\"https:\\\/\\\/www.boxrepsol.com\\\/en\\\/\"},{\"@type\":\"ListItem\",\"position\":2,\"name\":\"Sixth and seventh for M\u00e1rquez and Espargar\u00f3 on first day at Motegi\"}]},{\"@type\":\"WebSite\",\"@id\":\"https:\\\/\\\/www.boxrepsol.com\\\/en\\\/#website\",\"url\":\"https:\\\/\\\/www.boxrepsol.com\\\/en\\\/\",\"name\":\"Box Repsol\",\"description\":\"Box Repsol Site\",\"publisher\":{\"@id\":\"https:\\\/\\\/www.boxrepsol.com\\\/en\\\/#organization\"},\"potentialAction\":[{\"@type\":\"SearchAction\",\"target\":{\"@type\":\"EntryPoint\",\"urlTemplate\":\"https:\\\/\\\/www.boxrepsol.com\\\/en\\\/?s={search_term_string}\"},\"query-input\":{\"@type\":\"PropertyValueSpecification\",\"valueRequired\":true,\"valueName\":\"search_term_string\"}}],\"inLanguage\":\"en-US\"},{\"@type\":\"Organization\",\"@id\":\"https:\\\/\\\/www.boxrepsol.com\\\/en\\\/#organization\",\"name\":\"Box Repsol\",\"url\":\"https:\\\/\\\/www.boxrepsol.com\\\/en\\\/\",\"logo\":{\"@type\":\"ImageObject\",\"inLanguage\":\"en-US\",\"@id\":\"https:\\\/\\\/www.boxrepsol.com\\\/en\\\/#\\\/schema\\\/logo\\\/image\\\/\",\"url\":\"https:\\\/\\\/bxrepsol.s3.eu-west-1.amazonaws.com\\\/static\\\/2025\\\/07\\\/30083337\\\/favicon-96x96-1.png\",\"contentUrl\":\"https:\\\/\\\/bxrepsol.s3.eu-west-1.amazonaws.com\\\/static\\\/2025\\\/07\\\/30083337\\\/favicon-96x96-1.png\",\"width\":96,\"height\":96,\"caption\":\"Box Repsol\"},\"image\":{\"@id\":\"https:\\\/\\\/www.boxrepsol.com\\\/en\\\/#\\\/schema\\\/logo\\\/image\\\/\"},\"sameAs\":[\"https:\\\/\\\/www.facebook.com\\\/BoxRepsol\",\"https:\\\/\\\/x.com\\\/box_repsol\",\"http:\\\/\\\/instagram.com\\\/box_repsol\",\"https:\\\/\\\/www.youtube.com\\\/user\\\/RepsolCompeticion\",\"https:\\\/\\\/www.flickr.com\\\/photos\\\/box_repsol\\\/\"]},{\"@type\":\"Person\",\"@id\":\"https:\\\/\\\/www.boxrepsol.com\\\/en\\\/#\\\/schema\\\/person\\\/d9d0f442a4332c7d099d31ffda4747a0\",\"name\":\"bx_ayesa\",\"image\":{\"@type\":\"ImageObject\",\"inLanguage\":\"en-US\",\"@id\":\"https:\\\/\\\/secure.gravatar.com\\\/avatar\\\/059e1b9d3585083708845ba70e8dd968f143ff35f5e0e10cf2d1e7afe2c6a878?s=96&d=mm&r=g\",\"url\":\"https:\\\/\\\/secure.gravatar.com\\\/avatar\\\/059e1b9d3585083708845ba70e8dd968f143ff35f5e0e10cf2d1e7afe2c6a878?s=96&d=mm&r=g\",\"contentUrl\":\"https:\\\/\\\/secure.gravatar.com\\\/avatar\\\/059e1b9d3585083708845ba70e8dd968f143ff35f5e0e10cf2d1e7afe2c6a878?s=96&d=mm&r=g\",\"caption\":\"bx_ayesa\"},\"sameAs\":[\"http:\\\/\\\/54.155.157.200\"],\"url\":\"https:\\\/\\\/www.boxrepsol.com\\\/en\\\/author\\\/bx_ayesa\\\/\"}]}<\/script>\n<!-- \/ Yoast SEO plugin. -->","yoast_head_json":{"title":"Sixth and seventh for M\u00e1rquez and Espargar\u00f3 on first day at Motegi - Box Repsol","canonical":"https:\/\/www.boxrepsol.com\/en\/motogp-en\/sixth-and-seventh-for-marquez-and-espargaro-on-first-day-at-motegi\/","og_locale":"en_US","og_type":"article","og_title":"Sixth and seventh for M\u00e1rquez and Espargar\u00f3 on first day at Motegi - Box Repsol","og_description":"Good start to the Japanese Grand Prix for Repsol Honda Team riders in the only Friday session.","og_url":"https:\/\/www.boxrepsol.com\/en\/motogp-en\/sixth-and-seventh-for-marquez-and-espargaro-on-first-day-at-motegi\/","og_site_name":"Box Repsol","article_publisher":"https:\/\/www.facebook.com\/BoxRepsol","article_published_time":"2022-09-23T02:00:00+00:00","article_modified_time":"2023-02-27T10:22:15+00:00","og_image":[{"width":1280,"height":600,"url":"https:\/\/bxrepsol.s3.eu-west-1.amazonaws.com\/static\/2022\/11\/07080531\/https___repsolmedia.com_repsolmedia_wp-content_uploads_2022_09_JRB2908-scaled-1.jpg","type":"image\/jpeg"}],"author":"bx_ayesa","twitter_card":"summary_large_image","twitter_creator":"@box_repsol","twitter_site":"@box_repsol","twitter_misc":{"Written by":"bx_ayesa","Est. reading time":"2 minutes"},"schema":{"@context":"https:\/\/schema.org","@graph":[{"@type":"Article","@id":"https:\/\/www.boxrepsol.com\/en\/motogp-en\/sixth-and-seventh-for-marquez-and-espargaro-on-first-day-at-motegi\/#article","isPartOf":{"@id":"https:\/\/www.boxrepsol.com\/en\/motogp-en\/sixth-and-seventh-for-marquez-and-espargaro-on-first-day-at-motegi\/"},"author":{"name":"bx_ayesa","@id":"https:\/\/www.boxrepsol.com\/en\/#\/schema\/person\/d9d0f442a4332c7d099d31ffda4747a0"},"headline":"Sixth and seventh for M\u00e1rquez and Espargar\u00f3 on first day at Motegi","datePublished":"2022-09-23T02:00:00+00:00","dateModified":"2023-02-27T10:22:15+00:00","mainEntityOfPage":{"@id":"https:\/\/www.boxrepsol.com\/en\/motogp-en\/sixth-and-seventh-for-marquez-and-espargaro-on-first-day-at-motegi\/"},"wordCount":359,"commentCount":0,"publisher":{"@id":"https:\/\/www.boxrepsol.com\/en\/#organization"},"image":{"@id":"https:\/\/www.boxrepsol.com\/en\/motogp-en\/sixth-and-seventh-for-marquez-and-espargaro-on-first-day-at-motegi\/#primaryimage"},"thumbnailUrl":"https:\/\/bxrepsol.s3.eu-west-1.amazonaws.com\/static\/2022\/11\/07080531\/https___repsolmedia.com_repsolmedia_wp-content_uploads_2022_09_JRB2908-scaled-1.jpg","keywords":["2022","Marc M\u00e1rquez","Marc M\u00e1rquez","MotoGP Japan","MotoGP Jap\u00f3n","Pol Espargar\u00f3"],"articleSection":["MotoGP"],"inLanguage":"en-US","potentialAction":[{"@type":"CommentAction","name":"Comment","target":["https:\/\/www.boxrepsol.com\/en\/motogp-en\/sixth-and-seventh-for-marquez-and-espargaro-on-first-day-at-motegi\/#respond"]}]},{"@type":"WebPage","@id":"https:\/\/www.boxrepsol.com\/en\/motogp-en\/sixth-and-seventh-for-marquez-and-espargaro-on-first-day-at-motegi\/","url":"https:\/\/www.boxrepsol.com\/en\/motogp-en\/sixth-and-seventh-for-marquez-and-espargaro-on-first-day-at-motegi\/","name":"Sixth and seventh for M\u00e1rquez and Espargar\u00f3 on first day at Motegi - Box Repsol","isPartOf":{"@id":"https:\/\/www.boxrepsol.com\/en\/#website"},"primaryImageOfPage":{"@id":"https:\/\/www.boxrepsol.com\/en\/motogp-en\/sixth-and-seventh-for-marquez-and-espargaro-on-first-day-at-motegi\/#primaryimage"},"image":{"@id":"https:\/\/www.boxrepsol.com\/en\/motogp-en\/sixth-and-seventh-for-marquez-and-espargaro-on-first-day-at-motegi\/#primaryimage"},"thumbnailUrl":"https:\/\/bxrepsol.s3.eu-west-1.amazonaws.com\/static\/2022\/11\/07080531\/https___repsolmedia.com_repsolmedia_wp-content_uploads_2022_09_JRB2908-scaled-1.jpg","datePublished":"2022-09-23T02:00:00+00:00","dateModified":"2023-02-27T10:22:15+00:00","breadcrumb":{"@id":"https:\/\/www.boxrepsol.com\/en\/motogp-en\/sixth-and-seventh-for-marquez-and-espargaro-on-first-day-at-motegi\/#breadcrumb"},"inLanguage":"en-US","potentialAction":[{"@type":"ReadAction","target":["https:\/\/www.boxrepsol.com\/en\/motogp-en\/sixth-and-seventh-for-marquez-and-espargaro-on-first-day-at-motegi\/"]}]},{"@type":"ImageObject","inLanguage":"en-US","@id":"https:\/\/www.boxrepsol.com\/en\/motogp-en\/sixth-and-seventh-for-marquez-and-espargaro-on-first-day-at-motegi\/#primaryimage","url":"https:\/\/bxrepsol.s3.eu-west-1.amazonaws.com\/static\/2022\/11\/07080531\/https___repsolmedia.com_repsolmedia_wp-content_uploads_2022_09_JRB2908-scaled-1.jpg","contentUrl":"https:\/\/bxrepsol.s3.eu-west-1.amazonaws.com\/static\/2022\/11\/07080531\/https___repsolmedia.com_repsolmedia_wp-content_uploads_2022_09_JRB2908-scaled-1.jpg","width":1280,"height":600},{"@type":"BreadcrumbList","@id":"https:\/\/www.boxrepsol.com\/en\/motogp-en\/sixth-and-seventh-for-marquez-and-espargaro-on-first-day-at-motegi\/#breadcrumb","itemListElement":[{"@type":"ListItem","position":1,"name":"Home","item":"https:\/\/www.boxrepsol.com\/en\/"},{"@type":"ListItem","position":2,"name":"Sixth and seventh for M\u00e1rquez and Espargar\u00f3 on first day at Motegi"}]},{"@type":"WebSite","@id":"https:\/\/www.boxrepsol.com\/en\/#website","url":"https:\/\/www.boxrepsol.com\/en\/","name":"Box Repsol","description":"Box Repsol Site","publisher":{"@id":"https:\/\/www.boxrepsol.com\/en\/#organization"},"potentialAction":[{"@type":"SearchAction","target":{"@type":"EntryPoint","urlTemplate":"https:\/\/www.boxrepsol.com\/en\/?s={search_term_string}"},"query-input":{"@type":"PropertyValueSpecification","valueRequired":true,"valueName":"search_term_string"}}],"inLanguage":"en-US"},{"@type":"Organization","@id":"https:\/\/www.boxrepsol.com\/en\/#organization","name":"Box Repsol","url":"https:\/\/www.boxrepsol.com\/en\/","logo":{"@type":"ImageObject","inLanguage":"en-US","@id":"https:\/\/www.boxrepsol.com\/en\/#\/schema\/logo\/image\/","url":"https:\/\/bxrepsol.s3.eu-west-1.amazonaws.com\/static\/2025\/07\/30083337\/favicon-96x96-1.png","contentUrl":"https:\/\/bxrepsol.s3.eu-west-1.amazonaws.com\/static\/2025\/07\/30083337\/favicon-96x96-1.png","width":96,"height":96,"caption":"Box Repsol"},"image":{"@id":"https:\/\/www.boxrepsol.com\/en\/#\/schema\/logo\/image\/"},"sameAs":["https:\/\/www.facebook.com\/BoxRepsol","https:\/\/x.com\/box_repsol","http:\/\/instagram.com\/box_repsol","https:\/\/www.youtube.com\/user\/RepsolCompeticion","https:\/\/www.flickr.com\/photos\/box_repsol\/"]},{"@type":"Person","@id":"https:\/\/www.boxrepsol.com\/en\/#\/schema\/person\/d9d0f442a4332c7d099d31ffda4747a0","name":"bx_ayesa","image":{"@type":"ImageObject","inLanguage":"en-US","@id":"https:\/\/secure.gravatar.com\/avatar\/059e1b9d3585083708845ba70e8dd968f143ff35f5e0e10cf2d1e7afe2c6a878?s=96&d=mm&r=g","url":"https:\/\/secure.gravatar.com\/avatar\/059e1b9d3585083708845ba70e8dd968f143ff35f5e0e10cf2d1e7afe2c6a878?s=96&d=mm&r=g","contentUrl":"https:\/\/secure.gravatar.com\/avatar\/059e1b9d3585083708845ba70e8dd968f143ff35f5e0e10cf2d1e7afe2c6a878?s=96&d=mm&r=g","caption":"bx_ayesa"},"sameAs":["http:\/\/54.155.157.200"],"url":"https:\/\/www.boxrepsol.com\/en\/author\/bx_ayesa\/"}]}},"_links":{"self":[{"href":"https:\/\/www.boxrepsol.com\/en\/wp-json\/wp\/v2\/posts\/98680","targetHints":{"allow":["GET"]}}],"collection":[{"href":"https:\/\/www.boxrepsol.com\/en\/wp-json\/wp\/v2\/posts"}],"about":[{"href":"https:\/\/www.boxrepsol.com\/en\/wp-json\/wp\/v2\/types\/post"}],"author":[{"embeddable":true,"href":"https:\/\/www.boxrepsol.com\/en\/wp-json\/wp\/v2\/users\/1"}],"replies":[{"embeddable":true,"href":"https:\/\/www.boxrepsol.com\/en\/wp-json\/wp\/v2\/comments?post=98680"}],"version-history":[{"count":1,"href":"https:\/\/www.boxrepsol.com\/en\/wp-json\/wp\/v2\/posts\/98680\/revisions"}],"predecessor-version":[{"id":98681,"href":"https:\/\/www.boxrepsol.com\/en\/wp-json\/wp\/v2\/posts\/98680\/revisions\/98681"}],"wp:featuredmedia":[{"embeddable":true,"href":"https:\/\/www.boxrepsol.com\/en\/wp-json\/wp\/v2\/media\/75365"}],"wp:attachment":[{"href":"https:\/\/www.boxrepsol.com\/en\/wp-json\/wp\/v2\/media?parent=98680"}],"wp:term":[{"taxonomy":"category","embeddable":true,"href":"https:\/\/www.boxrepsol.com\/en\/wp-json\/wp\/v2\/categories?post=98680"},{"taxonomy":"post_tag","embeddable":true,"href":"https:\/\/www.boxrepsol.com\/en\/wp-json\/wp\/v2\/tags?post=98680"}],"curies":[{"name":"wp","href":"https:\/\/api.w.org\/{rel}","templated":true}]}}