{"id":98535,"date":"2022-05-24T00:00:00","date_gmt":"2022-05-24T02:00:00","guid":{"rendered":"http:\/\/pre.boxrepsol.com\/uncategorized\/marquez-and-espargaro-start-second-third-of-2022-season-at-mugello\/"},"modified":"2023-02-27T08:17:33","modified_gmt":"2023-02-27T10:17:33","slug":"marquez-and-espargaro-start-second-third-of-2022-season-at-mugello","status":"publish","type":"post","link":"https:\/\/www.boxrepsol.com\/en\/motogp-en\/marquez-and-espargaro-start-second-third-of-2022-season-at-mugello\/","title":{"rendered":"M\u00e1rquez and Espargar\u00f3 start second third of 2022 season at Mugello"},"content":{"rendered":"<p>The <strong>Autodromo Internazionale del Mugello<\/strong> will host its 28th <strong>Italian Motorcycle Grand Prix<\/strong> this weekend. On a track that has the second longest straight in the world \u2013 1.14km\u2013 the <strong>MotoGP<\/strong> riders will once again enjoy the legendary Italian track and the unique atmosphere offered by the &#8216;tifosi.&#8217;<\/p>\n<p><strong>Marc M\u00e1rquez<\/strong> arrives in Italy inside the Top 10 in the standings, and with the aim of continuing to score points. The <strong>Repsol Honda Team<\/strong> rider has been on the podium at Mugello five times, achieving 3 victories \u2013 across 125cc, Moto2 and MotoGP \u2013 and 2 second places in MotoGP.<\/p>\n<p><strong>Pol Espargar\u00f3<\/strong> continues to work on solving problems with his Honda RC213V, and on getting back to racing at the front of the field. He also has podium history at Mugello, with two third places from his time in 125cc and a second place in 2012 in Moto2.<\/p>\n<p>                    <a\n                        href=\"https:\/\/bxrepsol.s3.eu-west-1.amazonaws.com\/static\/2022\/08\/05095237\/http___repsolmedia.com_repsolmedia_wp-content_uploads_2022_05_http___repsolmedia.com_repsolmedia_wp-content_uploads_2022_05_JRB1724-scaled-2.jpg\"\n                        data-index=\"0\"\n                    ><br \/>\n                        <img decoding=\"async\"\n                            src=\"https:\/\/bxrepsol.s3.eu-west-1.amazonaws.com\/static\/2022\/08\/05095237\/http___repsolmedia.com_repsolmedia_wp-content_uploads_2022_05_http___repsolmedia.com_repsolmedia_wp-content_uploads_2022_05_JRB1724-scaled-2.jpg\"\n                            srcset=\"https:\/\/bxrepsol.s3.eu-west-1.amazonaws.com\/static\/2022\/08\/05095237\/http___repsolmedia.com_repsolmedia_wp-content_uploads_2022_05_http___repsolmedia.com_repsolmedia_wp-content_uploads_2022_05_JRB1724-scaled-2.jpg 2560w, https:\/\/bxrepsol.s3.eu-west-1.amazonaws.com\/static\/2022\/08\/05095237\/http___repsolmedia.com_repsolmedia_wp-content_uploads_2022_05_http___repsolmedia.com_repsolmedia_wp-content_uploads_2022_05_JRB1724-scaled-2.jpg 1280w, https:\/\/bxrepsol.s3.eu-west-1.amazonaws.com\/static\/2022\/08\/05095237\/http___repsolmedia.com_repsolmedia_wp-content_uploads_2022_05_http___repsolmedia.com_repsolmedia_wp-content_uploads_2022_05_JRB1724-scaled-2.jpg 900w, https:\/\/bxrepsol.s3.eu-west-1.amazonaws.com\/static\/2022\/08\/05095237\/http___repsolmedia.com_repsolmedia_wp-content_uploads_2022_05_http___repsolmedia.com_repsolmedia_wp-content_uploads_2022_05_JRB1724-scaled-2.jpg 600w, https:\/\/bxrepsol.s3.eu-west-1.amazonaws.com\/static\/2022\/08\/05095237\/http___repsolmedia.com_repsolmedia_wp-content_uploads_2022_05_http___repsolmedia.com_repsolmedia_wp-content_uploads_2022_05_JRB1724-scaled-2.jpg 480w, https:\/\/bxrepsol.s3.eu-west-1.amazonaws.com\/static\/2022\/08\/05095237\/http___repsolmedia.com_repsolmedia_wp-content_uploads_2022_05_http___repsolmedia.com_repsolmedia_wp-content_uploads_2022_05_JRB1724-scaled-2.jpg 32w\"\n                            title=\"http___repsolmedia.com_repsolmedia_wp-content_uploads_2022_05_http___repsolmedia.com_repsolmedia_wp-content_uploads_2022_05_JRB1724-scaled-2\"\n                            alt=\"\"\n                            data-title=\"\"><br \/>\n                    <\/a><br \/>\n                    <a\n                        href=\"https:\/\/bxrepsol.s3.eu-west-1.amazonaws.com\/static\/2022\/08\/05095240\/http___repsolmedia.com_repsolmedia_wp-content_uploads_2022_05_http___repsolmedia.com_repsolmedia_wp-content_uploads_2022_05_JRB4426-scaled-1.jpg\"\n                        data-index=\"1\"\n                    ><br \/>\n                        <img decoding=\"async\"\n                            src=\"https:\/\/bxrepsol.s3.eu-west-1.amazonaws.com\/static\/2022\/08\/05095240\/http___repsolmedia.com_repsolmedia_wp-content_uploads_2022_05_http___repsolmedia.com_repsolmedia_wp-content_uploads_2022_05_JRB4426-scaled-1.jpg\"\n                            srcset=\"https:\/\/bxrepsol.s3.eu-west-1.amazonaws.com\/static\/2022\/08\/05095240\/http___repsolmedia.com_repsolmedia_wp-content_uploads_2022_05_http___repsolmedia.com_repsolmedia_wp-content_uploads_2022_05_JRB4426-scaled-1.jpg 2560w, https:\/\/bxrepsol.s3.eu-west-1.amazonaws.com\/static\/2022\/08\/05095240\/http___repsolmedia.com_repsolmedia_wp-content_uploads_2022_05_http___repsolmedia.com_repsolmedia_wp-content_uploads_2022_05_JRB4426-scaled-1.jpg 1280w, https:\/\/bxrepsol.s3.eu-west-1.amazonaws.com\/static\/2022\/08\/05095240\/http___repsolmedia.com_repsolmedia_wp-content_uploads_2022_05_http___repsolmedia.com_repsolmedia_wp-content_uploads_2022_05_JRB4426-scaled-1.jpg 900w, https:\/\/bxrepsol.s3.eu-west-1.amazonaws.com\/static\/2022\/08\/05095240\/http___repsolmedia.com_repsolmedia_wp-content_uploads_2022_05_http___repsolmedia.com_repsolmedia_wp-content_uploads_2022_05_JRB4426-scaled-1.jpg 600w, https:\/\/bxrepsol.s3.eu-west-1.amazonaws.com\/static\/2022\/08\/05095240\/http___repsolmedia.com_repsolmedia_wp-content_uploads_2022_05_http___repsolmedia.com_repsolmedia_wp-content_uploads_2022_05_JRB4426-scaled-1.jpg 480w, https:\/\/bxrepsol.s3.eu-west-1.amazonaws.com\/static\/2022\/08\/05095240\/http___repsolmedia.com_repsolmedia_wp-content_uploads_2022_05_http___repsolmedia.com_repsolmedia_wp-content_uploads_2022_05_JRB4426-scaled-1.jpg 32w\"\n                            title=\"http___repsolmedia.com_repsolmedia_wp-content_uploads_2022_05_http___repsolmedia.com_repsolmedia_wp-content_uploads_2022_05_JRB4426-scaled-1\"\n                            alt=\"\"\n                            data-title=\"\"><br \/>\n                    <\/a><br \/>\n                    <a\n                        href=\"https:\/\/bxrepsol.s3.eu-west-1.amazonaws.com\/static\/2022\/08\/05095243\/http___repsolmedia.com_repsolmedia_wp-content_uploads_2022_05_http___repsolmedia.com_repsolmedia_wp-content_uploads_2022_05_JRB5295-scaled-1.jpg\"\n                        data-index=\"2\"\n                    ><br \/>\n                        <img decoding=\"async\"\n                            src=\"https:\/\/bxrepsol.s3.eu-west-1.amazonaws.com\/static\/2022\/08\/05095243\/http___repsolmedia.com_repsolmedia_wp-content_uploads_2022_05_http___repsolmedia.com_repsolmedia_wp-content_uploads_2022_05_JRB5295-scaled-1.jpg\"\n                            srcset=\"https:\/\/bxrepsol.s3.eu-west-1.amazonaws.com\/static\/2022\/08\/05095243\/http___repsolmedia.com_repsolmedia_wp-content_uploads_2022_05_http___repsolmedia.com_repsolmedia_wp-content_uploads_2022_05_JRB5295-scaled-1.jpg 2560w, https:\/\/bxrepsol.s3.eu-west-1.amazonaws.com\/static\/2022\/08\/05095243\/http___repsolmedia.com_repsolmedia_wp-content_uploads_2022_05_http___repsolmedia.com_repsolmedia_wp-content_uploads_2022_05_JRB5295-scaled-1.jpg 1280w, https:\/\/bxrepsol.s3.eu-west-1.amazonaws.com\/static\/2022\/08\/05095243\/http___repsolmedia.com_repsolmedia_wp-content_uploads_2022_05_http___repsolmedia.com_repsolmedia_wp-content_uploads_2022_05_JRB5295-scaled-1.jpg 900w, https:\/\/bxrepsol.s3.eu-west-1.amazonaws.com\/static\/2022\/08\/05095243\/http___repsolmedia.com_repsolmedia_wp-content_uploads_2022_05_http___repsolmedia.com_repsolmedia_wp-content_uploads_2022_05_JRB5295-scaled-1.jpg 600w, https:\/\/bxrepsol.s3.eu-west-1.amazonaws.com\/static\/2022\/08\/05095243\/http___repsolmedia.com_repsolmedia_wp-content_uploads_2022_05_http___repsolmedia.com_repsolmedia_wp-content_uploads_2022_05_JRB5295-scaled-1.jpg 480w, https:\/\/bxrepsol.s3.eu-west-1.amazonaws.com\/static\/2022\/08\/05095243\/http___repsolmedia.com_repsolmedia_wp-content_uploads_2022_05_http___repsolmedia.com_repsolmedia_wp-content_uploads_2022_05_JRB5295-scaled-1.jpg 32w\"\n                            title=\"http___repsolmedia.com_repsolmedia_wp-content_uploads_2022_05_http___repsolmedia.com_repsolmedia_wp-content_uploads_2022_05_JRB5295-scaled-1\"\n                            alt=\"\"\n                            data-title=\"\"><br \/>\n                    <\/a><br \/>\n                    <a\n                        href=\"https:\/\/bxrepsol.s3.eu-west-1.amazonaws.com\/static\/2022\/08\/05095245\/http___repsolmedia.com_repsolmedia_wp-content_uploads_2022_05_http___repsolmedia.com_repsolmedia_wp-content_uploads_2022_05_JRB6649-scaled-1.jpg\"\n                        data-index=\"3\"\n                    ><br \/>\n                        <img decoding=\"async\"\n                            src=\"https:\/\/bxrepsol.s3.eu-west-1.amazonaws.com\/static\/2022\/08\/05095245\/http___repsolmedia.com_repsolmedia_wp-content_uploads_2022_05_http___repsolmedia.com_repsolmedia_wp-content_uploads_2022_05_JRB6649-scaled-1.jpg\"\n                            srcset=\"https:\/\/bxrepsol.s3.eu-west-1.amazonaws.com\/static\/2022\/08\/05095245\/http___repsolmedia.com_repsolmedia_wp-content_uploads_2022_05_http___repsolmedia.com_repsolmedia_wp-content_uploads_2022_05_JRB6649-scaled-1.jpg 2560w, https:\/\/bxrepsol.s3.eu-west-1.amazonaws.com\/static\/2022\/08\/05095245\/http___repsolmedia.com_repsolmedia_wp-content_uploads_2022_05_http___repsolmedia.com_repsolmedia_wp-content_uploads_2022_05_JRB6649-scaled-1.jpg 1280w, https:\/\/bxrepsol.s3.eu-west-1.amazonaws.com\/static\/2022\/08\/05095245\/http___repsolmedia.com_repsolmedia_wp-content_uploads_2022_05_http___repsolmedia.com_repsolmedia_wp-content_uploads_2022_05_JRB6649-scaled-1.jpg 900w, https:\/\/bxrepsol.s3.eu-west-1.amazonaws.com\/static\/2022\/08\/05095245\/http___repsolmedia.com_repsolmedia_wp-content_uploads_2022_05_http___repsolmedia.com_repsolmedia_wp-content_uploads_2022_05_JRB6649-scaled-1.jpg 600w, https:\/\/bxrepsol.s3.eu-west-1.amazonaws.com\/static\/2022\/08\/05095245\/http___repsolmedia.com_repsolmedia_wp-content_uploads_2022_05_http___repsolmedia.com_repsolmedia_wp-content_uploads_2022_05_JRB6649-scaled-1.jpg 480w, https:\/\/bxrepsol.s3.eu-west-1.amazonaws.com\/static\/2022\/08\/05095245\/http___repsolmedia.com_repsolmedia_wp-content_uploads_2022_05_http___repsolmedia.com_repsolmedia_wp-content_uploads_2022_05_JRB6649-scaled-1.jpg 32w\"\n                            title=\"http___repsolmedia.com_repsolmedia_wp-content_uploads_2022_05_http___repsolmedia.com_repsolmedia_wp-content_uploads_2022_05_JRB6649-scaled-1\"\n                            alt=\"\"\n                            data-title=\"\"><br \/>\n                    <\/a><br \/>\n                    <a\n                        href=\"https:\/\/bxrepsol.s3.eu-west-1.amazonaws.com\/static\/2022\/08\/05095248\/http___repsolmedia.com_repsolmedia_wp-content_uploads_2022_05_http___repsolmedia.com_repsolmedia_wp-content_uploads_2022_05_JRB9326-scaled-1.jpg\"\n                        data-index=\"4\"\n                    ><br \/>\n                        <img decoding=\"async\"\n                            src=\"https:\/\/bxrepsol.s3.eu-west-1.amazonaws.com\/static\/2022\/08\/05095248\/http___repsolmedia.com_repsolmedia_wp-content_uploads_2022_05_http___repsolmedia.com_repsolmedia_wp-content_uploads_2022_05_JRB9326-scaled-1.jpg\"\n                            srcset=\"https:\/\/bxrepsol.s3.eu-west-1.amazonaws.com\/static\/2022\/08\/05095248\/http___repsolmedia.com_repsolmedia_wp-content_uploads_2022_05_http___repsolmedia.com_repsolmedia_wp-content_uploads_2022_05_JRB9326-scaled-1.jpg 2560w, https:\/\/bxrepsol.s3.eu-west-1.amazonaws.com\/static\/2022\/08\/05095248\/http___repsolmedia.com_repsolmedia_wp-content_uploads_2022_05_http___repsolmedia.com_repsolmedia_wp-content_uploads_2022_05_JRB9326-scaled-1.jpg 1280w, https:\/\/bxrepsol.s3.eu-west-1.amazonaws.com\/static\/2022\/08\/05095248\/http___repsolmedia.com_repsolmedia_wp-content_uploads_2022_05_http___repsolmedia.com_repsolmedia_wp-content_uploads_2022_05_JRB9326-scaled-1.jpg 900w, https:\/\/bxrepsol.s3.eu-west-1.amazonaws.com\/static\/2022\/08\/05095248\/http___repsolmedia.com_repsolmedia_wp-content_uploads_2022_05_http___repsolmedia.com_repsolmedia_wp-content_uploads_2022_05_JRB9326-scaled-1.jpg 600w, https:\/\/bxrepsol.s3.eu-west-1.amazonaws.com\/static\/2022\/08\/05095248\/http___repsolmedia.com_repsolmedia_wp-content_uploads_2022_05_http___repsolmedia.com_repsolmedia_wp-content_uploads_2022_05_JRB9326-scaled-1.jpg 480w, https:\/\/bxrepsol.s3.eu-west-1.amazonaws.com\/static\/2022\/08\/05095248\/http___repsolmedia.com_repsolmedia_wp-content_uploads_2022_05_http___repsolmedia.com_repsolmedia_wp-content_uploads_2022_05_JRB9326-scaled-1.jpg 32w\"\n                            title=\"http___repsolmedia.com_repsolmedia_wp-content_uploads_2022_05_http___repsolmedia.com_repsolmedia_wp-content_uploads_2022_05_JRB9326-scaled-1\"\n                            alt=\"\"\n                            data-title=\"\"><br \/>\n                    <\/a><br \/>\n        <button data-glide-dir=\"<\"><br \/>\n            <svg role=\"img\"  viewBox=\"0 0 256 512\">\n                <path fill=\"currentColor\" d=\"M238.475 475.535l7.071-7.07c4.686-4.686 4.686-12.284 0-16.971L50.053 256 245.546 60.506c4.686-4.686 4.686-12.284 0-16.971l-7.071-7.07c-4.686-4.686-12.284-4.686-16.97 0L10.454 247.515c-4.686 4.686-4.686 12.284 0 16.971l211.051 211.05c4.686 4.686 12.284 4.686 16.97-.001z\"><\/path>\n            <\/svg><br \/>\n        <\/button><br \/>\n        <button data-glide-dir=\">&#8220;><br \/>\n            <svg role=\"img\"  viewBox=\"0 0 256 512\">\n                <path fill=\"currentColor\" d=\"M17.525 36.465l-7.071 7.07c-4.686 4.686-4.686 12.284 0 16.971L205.947 256 10.454 451.494c-4.686 4.686-4.686 12.284 0 16.971l7.071 7.07c4.686 4.686 12.284 4.686 16.97 0l211.051-211.05c4.686-4.686 4.686-12.284 0-16.971L34.495 36.465c-4.686-4.687-12.284-4.687-16.97 0z\"><\/path>\n            <\/svg><br \/>\n        <\/button><\/p>\n<p><strong>Rider Statements<\/strong><\/p>\n<p><a href=\"https:\/\/twitter.com\/hashtag\/MM93?src=hashtag_click\">#MM93<\/a><\/p>\n<p>&#8220;Mugello is always a great circuit to ride, it\u2019s very fast and when you are pushing down the straight on a MotoGP bike, it\u2019s a great feeling. We will see what\u2019s possible this weekend, we need to arrive and see what the situation is and where we are. I know that by continuing to work with my team, with Honda, we can return to being where we know our potential is.&#8221;<\/p>\n<p><a href=\"https:\/\/twitter.com\/hashtag\/POL44?src=hashtag_click\">#POL44<\/a><\/p>\n<p>&#8220;Last year at Mugello we had a bit of a difficult race, so this year I hope we can have a more straight forward Italian GP. I have been continuing to train to my maximum at home to be ready. We couldn&#8217;t achieve what we wanted last time in France, so the objective is of course to come back stronger here in Italy. We have two races and a test in two weeks, there will be a lot of bike time for us, which is good. Let&#8217;s get to work&#8221;.<\/p>\n","protected":false},"excerpt":{"rendered":"<p>The Repsol Honda Team riders will compete in the Italian Grand Prix this weekend, in Round 8 of the campaign<\/p>\n","protected":false},"author":1,"featured_media":46078,"comment_status":"open","ping_status":"open","sticky":false,"template":"","format":"standard","meta":{"footnotes":""},"categories":[146],"tags":[147,6,283,304,218,128],"class_list":["post-98535","post","type-post","status-publish","format-standard","hentry","category-motogp-en","tag-2022-en","tag-marc-marquez","tag-marc-marquez-en","tag-motogp-italia-en","tag-motogp-italy","tag-pol-espargaro"],"yoast_head":"<!-- This site is optimized with the Yoast SEO plugin v27.3 - https:\/\/yoast.com\/product\/yoast-seo-wordpress\/ -->\n<title>M\u00e1rquez and Espargar\u00f3 start second third of 2022 season at Mugello - Box Repsol<\/title>\n<link rel=\"canonical\" href=\"https:\/\/www.boxrepsol.com\/en\/motogp-en\/marquez-and-espargaro-start-second-third-of-2022-season-at-mugello\/\" \/>\n<meta property=\"og:locale\" content=\"en_US\" \/>\n<meta property=\"og:type\" content=\"article\" \/>\n<meta property=\"og:title\" content=\"M\u00e1rquez and Espargar\u00f3 start second third of 2022 season at Mugello - Box Repsol\" \/>\n<meta property=\"og:description\" content=\"The Repsol Honda Team riders will compete in the Italian Grand Prix this weekend, in Round 8 of the campaign\" \/>\n<meta property=\"og:url\" content=\"https:\/\/www.boxrepsol.com\/en\/motogp-en\/marquez-and-espargaro-start-second-third-of-2022-season-at-mugello\/\" \/>\n<meta property=\"og:site_name\" content=\"Box Repsol\" \/>\n<meta property=\"article:publisher\" content=\"https:\/\/www.facebook.com\/BoxRepsol\" \/>\n<meta property=\"article:published_time\" content=\"2022-05-24T02:00:00+00:00\" \/>\n<meta property=\"article:modified_time\" content=\"2023-02-27T10:17:33+00:00\" \/>\n<meta property=\"og:image\" content=\"https:\/\/bxrepsol.s3.eu-west-1.amazonaws.com\/static\/2022\/08\/10042525\/http___repsolmedia.com_repsolmedia_wp-content_uploads_2022_05_http___repsolmedia.com_repsolmedia_wp-content_uploads_2022_04_JRB4055-scaled-1.jpg\" \/>\n\t<meta property=\"og:image:width\" content=\"1280\" \/>\n\t<meta property=\"og:image:height\" content=\"600\" \/>\n\t<meta property=\"og:image:type\" content=\"image\/jpeg\" \/>\n<meta name=\"author\" content=\"bx_ayesa\" \/>\n<meta name=\"twitter:card\" content=\"summary_large_image\" \/>\n<meta name=\"twitter:creator\" content=\"@box_repsol\" \/>\n<meta name=\"twitter:site\" content=\"@box_repsol\" \/>\n<meta name=\"twitter:label1\" content=\"Written by\" \/>\n\t<meta name=\"twitter:data1\" content=\"bx_ayesa\" \/>\n\t<meta name=\"twitter:label2\" content=\"Est. reading time\" \/>\n\t<meta name=\"twitter:data2\" content=\"2 minutes\" \/>\n<script type=\"application\/ld+json\" class=\"yoast-schema-graph\">{\"@context\":\"https:\\\/\\\/schema.org\",\"@graph\":[{\"@type\":\"Article\",\"@id\":\"https:\\\/\\\/www.boxrepsol.com\\\/en\\\/motogp-en\\\/marquez-and-espargaro-start-second-third-of-2022-season-at-mugello\\\/#article\",\"isPartOf\":{\"@id\":\"https:\\\/\\\/www.boxrepsol.com\\\/en\\\/motogp-en\\\/marquez-and-espargaro-start-second-third-of-2022-season-at-mugello\\\/\"},\"author\":{\"name\":\"bx_ayesa\",\"@id\":\"https:\\\/\\\/www.boxrepsol.com\\\/en\\\/#\\\/schema\\\/person\\\/d9d0f442a4332c7d099d31ffda4747a0\"},\"headline\":\"M\u00e1rquez and Espargar\u00f3 start second third of 2022 season at Mugello\",\"datePublished\":\"2022-05-24T02:00:00+00:00\",\"dateModified\":\"2023-02-27T10:17:33+00:00\",\"mainEntityOfPage\":{\"@id\":\"https:\\\/\\\/www.boxrepsol.com\\\/en\\\/motogp-en\\\/marquez-and-espargaro-start-second-third-of-2022-season-at-mugello\\\/\"},\"wordCount\":323,\"commentCount\":0,\"publisher\":{\"@id\":\"https:\\\/\\\/www.boxrepsol.com\\\/en\\\/#organization\"},\"image\":{\"@id\":\"https:\\\/\\\/www.boxrepsol.com\\\/en\\\/motogp-en\\\/marquez-and-espargaro-start-second-third-of-2022-season-at-mugello\\\/#primaryimage\"},\"thumbnailUrl\":\"https:\\\/\\\/bxrepsol.s3.eu-west-1.amazonaws.com\\\/static\\\/2022\\\/08\\\/10042525\\\/http___repsolmedia.com_repsolmedia_wp-content_uploads_2022_05_http___repsolmedia.com_repsolmedia_wp-content_uploads_2022_04_JRB4055-scaled-1.jpg\",\"keywords\":[\"2022\",\"Marc M\u00e1rquez\",\"Marc M\u00e1rquez\",\"MotoGP Italia\",\"MotoGP Italy\",\"Pol Espargar\u00f3\"],\"articleSection\":[\"MotoGP\"],\"inLanguage\":\"en-US\",\"potentialAction\":[{\"@type\":\"CommentAction\",\"name\":\"Comment\",\"target\":[\"https:\\\/\\\/www.boxrepsol.com\\\/en\\\/motogp-en\\\/marquez-and-espargaro-start-second-third-of-2022-season-at-mugello\\\/#respond\"]}]},{\"@type\":\"WebPage\",\"@id\":\"https:\\\/\\\/www.boxrepsol.com\\\/en\\\/motogp-en\\\/marquez-and-espargaro-start-second-third-of-2022-season-at-mugello\\\/\",\"url\":\"https:\\\/\\\/www.boxrepsol.com\\\/en\\\/motogp-en\\\/marquez-and-espargaro-start-second-third-of-2022-season-at-mugello\\\/\",\"name\":\"M\u00e1rquez and Espargar\u00f3 start second third of 2022 season at Mugello - Box Repsol\",\"isPartOf\":{\"@id\":\"https:\\\/\\\/www.boxrepsol.com\\\/en\\\/#website\"},\"primaryImageOfPage\":{\"@id\":\"https:\\\/\\\/www.boxrepsol.com\\\/en\\\/motogp-en\\\/marquez-and-espargaro-start-second-third-of-2022-season-at-mugello\\\/#primaryimage\"},\"image\":{\"@id\":\"https:\\\/\\\/www.boxrepsol.com\\\/en\\\/motogp-en\\\/marquez-and-espargaro-start-second-third-of-2022-season-at-mugello\\\/#primaryimage\"},\"thumbnailUrl\":\"https:\\\/\\\/bxrepsol.s3.eu-west-1.amazonaws.com\\\/static\\\/2022\\\/08\\\/10042525\\\/http___repsolmedia.com_repsolmedia_wp-content_uploads_2022_05_http___repsolmedia.com_repsolmedia_wp-content_uploads_2022_04_JRB4055-scaled-1.jpg\",\"datePublished\":\"2022-05-24T02:00:00+00:00\",\"dateModified\":\"2023-02-27T10:17:33+00:00\",\"breadcrumb\":{\"@id\":\"https:\\\/\\\/www.boxrepsol.com\\\/en\\\/motogp-en\\\/marquez-and-espargaro-start-second-third-of-2022-season-at-mugello\\\/#breadcrumb\"},\"inLanguage\":\"en-US\",\"potentialAction\":[{\"@type\":\"ReadAction\",\"target\":[\"https:\\\/\\\/www.boxrepsol.com\\\/en\\\/motogp-en\\\/marquez-and-espargaro-start-second-third-of-2022-season-at-mugello\\\/\"]}]},{\"@type\":\"ImageObject\",\"inLanguage\":\"en-US\",\"@id\":\"https:\\\/\\\/www.boxrepsol.com\\\/en\\\/motogp-en\\\/marquez-and-espargaro-start-second-third-of-2022-season-at-mugello\\\/#primaryimage\",\"url\":\"https:\\\/\\\/bxrepsol.s3.eu-west-1.amazonaws.com\\\/static\\\/2022\\\/08\\\/10042525\\\/http___repsolmedia.com_repsolmedia_wp-content_uploads_2022_05_http___repsolmedia.com_repsolmedia_wp-content_uploads_2022_04_JRB4055-scaled-1.jpg\",\"contentUrl\":\"https:\\\/\\\/bxrepsol.s3.eu-west-1.amazonaws.com\\\/static\\\/2022\\\/08\\\/10042525\\\/http___repsolmedia.com_repsolmedia_wp-content_uploads_2022_05_http___repsolmedia.com_repsolmedia_wp-content_uploads_2022_04_JRB4055-scaled-1.jpg\",\"width\":1280,\"height\":600},{\"@type\":\"BreadcrumbList\",\"@id\":\"https:\\\/\\\/www.boxrepsol.com\\\/en\\\/motogp-en\\\/marquez-and-espargaro-start-second-third-of-2022-season-at-mugello\\\/#breadcrumb\",\"itemListElement\":[{\"@type\":\"ListItem\",\"position\":1,\"name\":\"Home\",\"item\":\"https:\\\/\\\/www.boxrepsol.com\\\/en\\\/\"},{\"@type\":\"ListItem\",\"position\":2,\"name\":\"M\u00e1rquez and Espargar\u00f3 start second third of 2022 season at Mugello\"}]},{\"@type\":\"WebSite\",\"@id\":\"https:\\\/\\\/www.boxrepsol.com\\\/en\\\/#website\",\"url\":\"https:\\\/\\\/www.boxrepsol.com\\\/en\\\/\",\"name\":\"Box Repsol\",\"description\":\"Box Repsol Site\",\"publisher\":{\"@id\":\"https:\\\/\\\/www.boxrepsol.com\\\/en\\\/#organization\"},\"potentialAction\":[{\"@type\":\"SearchAction\",\"target\":{\"@type\":\"EntryPoint\",\"urlTemplate\":\"https:\\\/\\\/www.boxrepsol.com\\\/en\\\/?s={search_term_string}\"},\"query-input\":{\"@type\":\"PropertyValueSpecification\",\"valueRequired\":true,\"valueName\":\"search_term_string\"}}],\"inLanguage\":\"en-US\"},{\"@type\":\"Organization\",\"@id\":\"https:\\\/\\\/www.boxrepsol.com\\\/en\\\/#organization\",\"name\":\"Box Repsol\",\"url\":\"https:\\\/\\\/www.boxrepsol.com\\\/en\\\/\",\"logo\":{\"@type\":\"ImageObject\",\"inLanguage\":\"en-US\",\"@id\":\"https:\\\/\\\/www.boxrepsol.com\\\/en\\\/#\\\/schema\\\/logo\\\/image\\\/\",\"url\":\"https:\\\/\\\/bxrepsol.s3.eu-west-1.amazonaws.com\\\/static\\\/2025\\\/07\\\/30083337\\\/favicon-96x96-1.png\",\"contentUrl\":\"https:\\\/\\\/bxrepsol.s3.eu-west-1.amazonaws.com\\\/static\\\/2025\\\/07\\\/30083337\\\/favicon-96x96-1.png\",\"width\":96,\"height\":96,\"caption\":\"Box Repsol\"},\"image\":{\"@id\":\"https:\\\/\\\/www.boxrepsol.com\\\/en\\\/#\\\/schema\\\/logo\\\/image\\\/\"},\"sameAs\":[\"https:\\\/\\\/www.facebook.com\\\/BoxRepsol\",\"https:\\\/\\\/x.com\\\/box_repsol\",\"http:\\\/\\\/instagram.com\\\/box_repsol\",\"https:\\\/\\\/www.youtube.com\\\/user\\\/RepsolCompeticion\",\"https:\\\/\\\/www.flickr.com\\\/photos\\\/box_repsol\\\/\"]},{\"@type\":\"Person\",\"@id\":\"https:\\\/\\\/www.boxrepsol.com\\\/en\\\/#\\\/schema\\\/person\\\/d9d0f442a4332c7d099d31ffda4747a0\",\"name\":\"bx_ayesa\",\"image\":{\"@type\":\"ImageObject\",\"inLanguage\":\"en-US\",\"@id\":\"https:\\\/\\\/secure.gravatar.com\\\/avatar\\\/059e1b9d3585083708845ba70e8dd968f143ff35f5e0e10cf2d1e7afe2c6a878?s=96&d=mm&r=g\",\"url\":\"https:\\\/\\\/secure.gravatar.com\\\/avatar\\\/059e1b9d3585083708845ba70e8dd968f143ff35f5e0e10cf2d1e7afe2c6a878?s=96&d=mm&r=g\",\"contentUrl\":\"https:\\\/\\\/secure.gravatar.com\\\/avatar\\\/059e1b9d3585083708845ba70e8dd968f143ff35f5e0e10cf2d1e7afe2c6a878?s=96&d=mm&r=g\",\"caption\":\"bx_ayesa\"},\"sameAs\":[\"http:\\\/\\\/54.155.157.200\"],\"url\":\"https:\\\/\\\/www.boxrepsol.com\\\/en\\\/author\\\/bx_ayesa\\\/\"}]}<\/script>\n<!-- \/ Yoast SEO plugin. -->","yoast_head_json":{"title":"M\u00e1rquez and Espargar\u00f3 start second third of 2022 season at Mugello - Box Repsol","canonical":"https:\/\/www.boxrepsol.com\/en\/motogp-en\/marquez-and-espargaro-start-second-third-of-2022-season-at-mugello\/","og_locale":"en_US","og_type":"article","og_title":"M\u00e1rquez and Espargar\u00f3 start second third of 2022 season at Mugello - Box Repsol","og_description":"The Repsol Honda Team riders will compete in the Italian Grand Prix this weekend, in Round 8 of the campaign","og_url":"https:\/\/www.boxrepsol.com\/en\/motogp-en\/marquez-and-espargaro-start-second-third-of-2022-season-at-mugello\/","og_site_name":"Box Repsol","article_publisher":"https:\/\/www.facebook.com\/BoxRepsol","article_published_time":"2022-05-24T02:00:00+00:00","article_modified_time":"2023-02-27T10:17:33+00:00","og_image":[{"width":1280,"height":600,"url":"https:\/\/bxrepsol.s3.eu-west-1.amazonaws.com\/static\/2022\/08\/10042525\/http___repsolmedia.com_repsolmedia_wp-content_uploads_2022_05_http___repsolmedia.com_repsolmedia_wp-content_uploads_2022_04_JRB4055-scaled-1.jpg","type":"image\/jpeg"}],"author":"bx_ayesa","twitter_card":"summary_large_image","twitter_creator":"@box_repsol","twitter_site":"@box_repsol","twitter_misc":{"Written by":"bx_ayesa","Est. reading time":"2 minutes"},"schema":{"@context":"https:\/\/schema.org","@graph":[{"@type":"Article","@id":"https:\/\/www.boxrepsol.com\/en\/motogp-en\/marquez-and-espargaro-start-second-third-of-2022-season-at-mugello\/#article","isPartOf":{"@id":"https:\/\/www.boxrepsol.com\/en\/motogp-en\/marquez-and-espargaro-start-second-third-of-2022-season-at-mugello\/"},"author":{"name":"bx_ayesa","@id":"https:\/\/www.boxrepsol.com\/en\/#\/schema\/person\/d9d0f442a4332c7d099d31ffda4747a0"},"headline":"M\u00e1rquez and Espargar\u00f3 start second third of 2022 season at Mugello","datePublished":"2022-05-24T02:00:00+00:00","dateModified":"2023-02-27T10:17:33+00:00","mainEntityOfPage":{"@id":"https:\/\/www.boxrepsol.com\/en\/motogp-en\/marquez-and-espargaro-start-second-third-of-2022-season-at-mugello\/"},"wordCount":323,"commentCount":0,"publisher":{"@id":"https:\/\/www.boxrepsol.com\/en\/#organization"},"image":{"@id":"https:\/\/www.boxrepsol.com\/en\/motogp-en\/marquez-and-espargaro-start-second-third-of-2022-season-at-mugello\/#primaryimage"},"thumbnailUrl":"https:\/\/bxrepsol.s3.eu-west-1.amazonaws.com\/static\/2022\/08\/10042525\/http___repsolmedia.com_repsolmedia_wp-content_uploads_2022_05_http___repsolmedia.com_repsolmedia_wp-content_uploads_2022_04_JRB4055-scaled-1.jpg","keywords":["2022","Marc M\u00e1rquez","Marc M\u00e1rquez","MotoGP Italia","MotoGP Italy","Pol Espargar\u00f3"],"articleSection":["MotoGP"],"inLanguage":"en-US","potentialAction":[{"@type":"CommentAction","name":"Comment","target":["https:\/\/www.boxrepsol.com\/en\/motogp-en\/marquez-and-espargaro-start-second-third-of-2022-season-at-mugello\/#respond"]}]},{"@type":"WebPage","@id":"https:\/\/www.boxrepsol.com\/en\/motogp-en\/marquez-and-espargaro-start-second-third-of-2022-season-at-mugello\/","url":"https:\/\/www.boxrepsol.com\/en\/motogp-en\/marquez-and-espargaro-start-second-third-of-2022-season-at-mugello\/","name":"M\u00e1rquez and Espargar\u00f3 start second third of 2022 season at Mugello - Box Repsol","isPartOf":{"@id":"https:\/\/www.boxrepsol.com\/en\/#website"},"primaryImageOfPage":{"@id":"https:\/\/www.boxrepsol.com\/en\/motogp-en\/marquez-and-espargaro-start-second-third-of-2022-season-at-mugello\/#primaryimage"},"image":{"@id":"https:\/\/www.boxrepsol.com\/en\/motogp-en\/marquez-and-espargaro-start-second-third-of-2022-season-at-mugello\/#primaryimage"},"thumbnailUrl":"https:\/\/bxrepsol.s3.eu-west-1.amazonaws.com\/static\/2022\/08\/10042525\/http___repsolmedia.com_repsolmedia_wp-content_uploads_2022_05_http___repsolmedia.com_repsolmedia_wp-content_uploads_2022_04_JRB4055-scaled-1.jpg","datePublished":"2022-05-24T02:00:00+00:00","dateModified":"2023-02-27T10:17:33+00:00","breadcrumb":{"@id":"https:\/\/www.boxrepsol.com\/en\/motogp-en\/marquez-and-espargaro-start-second-third-of-2022-season-at-mugello\/#breadcrumb"},"inLanguage":"en-US","potentialAction":[{"@type":"ReadAction","target":["https:\/\/www.boxrepsol.com\/en\/motogp-en\/marquez-and-espargaro-start-second-third-of-2022-season-at-mugello\/"]}]},{"@type":"ImageObject","inLanguage":"en-US","@id":"https:\/\/www.boxrepsol.com\/en\/motogp-en\/marquez-and-espargaro-start-second-third-of-2022-season-at-mugello\/#primaryimage","url":"https:\/\/bxrepsol.s3.eu-west-1.amazonaws.com\/static\/2022\/08\/10042525\/http___repsolmedia.com_repsolmedia_wp-content_uploads_2022_05_http___repsolmedia.com_repsolmedia_wp-content_uploads_2022_04_JRB4055-scaled-1.jpg","contentUrl":"https:\/\/bxrepsol.s3.eu-west-1.amazonaws.com\/static\/2022\/08\/10042525\/http___repsolmedia.com_repsolmedia_wp-content_uploads_2022_05_http___repsolmedia.com_repsolmedia_wp-content_uploads_2022_04_JRB4055-scaled-1.jpg","width":1280,"height":600},{"@type":"BreadcrumbList","@id":"https:\/\/www.boxrepsol.com\/en\/motogp-en\/marquez-and-espargaro-start-second-third-of-2022-season-at-mugello\/#breadcrumb","itemListElement":[{"@type":"ListItem","position":1,"name":"Home","item":"https:\/\/www.boxrepsol.com\/en\/"},{"@type":"ListItem","position":2,"name":"M\u00e1rquez and Espargar\u00f3 start second third of 2022 season at Mugello"}]},{"@type":"WebSite","@id":"https:\/\/www.boxrepsol.com\/en\/#website","url":"https:\/\/www.boxrepsol.com\/en\/","name":"Box Repsol","description":"Box Repsol Site","publisher":{"@id":"https:\/\/www.boxrepsol.com\/en\/#organization"},"potentialAction":[{"@type":"SearchAction","target":{"@type":"EntryPoint","urlTemplate":"https:\/\/www.boxrepsol.com\/en\/?s={search_term_string}"},"query-input":{"@type":"PropertyValueSpecification","valueRequired":true,"valueName":"search_term_string"}}],"inLanguage":"en-US"},{"@type":"Organization","@id":"https:\/\/www.boxrepsol.com\/en\/#organization","name":"Box Repsol","url":"https:\/\/www.boxrepsol.com\/en\/","logo":{"@type":"ImageObject","inLanguage":"en-US","@id":"https:\/\/www.boxrepsol.com\/en\/#\/schema\/logo\/image\/","url":"https:\/\/bxrepsol.s3.eu-west-1.amazonaws.com\/static\/2025\/07\/30083337\/favicon-96x96-1.png","contentUrl":"https:\/\/bxrepsol.s3.eu-west-1.amazonaws.com\/static\/2025\/07\/30083337\/favicon-96x96-1.png","width":96,"height":96,"caption":"Box Repsol"},"image":{"@id":"https:\/\/www.boxrepsol.com\/en\/#\/schema\/logo\/image\/"},"sameAs":["https:\/\/www.facebook.com\/BoxRepsol","https:\/\/x.com\/box_repsol","http:\/\/instagram.com\/box_repsol","https:\/\/www.youtube.com\/user\/RepsolCompeticion","https:\/\/www.flickr.com\/photos\/box_repsol\/"]},{"@type":"Person","@id":"https:\/\/www.boxrepsol.com\/en\/#\/schema\/person\/d9d0f442a4332c7d099d31ffda4747a0","name":"bx_ayesa","image":{"@type":"ImageObject","inLanguage":"en-US","@id":"https:\/\/secure.gravatar.com\/avatar\/059e1b9d3585083708845ba70e8dd968f143ff35f5e0e10cf2d1e7afe2c6a878?s=96&d=mm&r=g","url":"https:\/\/secure.gravatar.com\/avatar\/059e1b9d3585083708845ba70e8dd968f143ff35f5e0e10cf2d1e7afe2c6a878?s=96&d=mm&r=g","contentUrl":"https:\/\/secure.gravatar.com\/avatar\/059e1b9d3585083708845ba70e8dd968f143ff35f5e0e10cf2d1e7afe2c6a878?s=96&d=mm&r=g","caption":"bx_ayesa"},"sameAs":["http:\/\/54.155.157.200"],"url":"https:\/\/www.boxrepsol.com\/en\/author\/bx_ayesa\/"}]}},"_links":{"self":[{"href":"https:\/\/www.boxrepsol.com\/en\/wp-json\/wp\/v2\/posts\/98535","targetHints":{"allow":["GET"]}}],"collection":[{"href":"https:\/\/www.boxrepsol.com\/en\/wp-json\/wp\/v2\/posts"}],"about":[{"href":"https:\/\/www.boxrepsol.com\/en\/wp-json\/wp\/v2\/types\/post"}],"author":[{"embeddable":true,"href":"https:\/\/www.boxrepsol.com\/en\/wp-json\/wp\/v2\/users\/1"}],"replies":[{"embeddable":true,"href":"https:\/\/www.boxrepsol.com\/en\/wp-json\/wp\/v2\/comments?post=98535"}],"version-history":[{"count":1,"href":"https:\/\/www.boxrepsol.com\/en\/wp-json\/wp\/v2\/posts\/98535\/revisions"}],"predecessor-version":[{"id":98536,"href":"https:\/\/www.boxrepsol.com\/en\/wp-json\/wp\/v2\/posts\/98535\/revisions\/98536"}],"wp:featuredmedia":[{"embeddable":true,"href":"https:\/\/www.boxrepsol.com\/en\/wp-json\/wp\/v2\/media\/46078"}],"wp:attachment":[{"href":"https:\/\/www.boxrepsol.com\/en\/wp-json\/wp\/v2\/media?parent=98535"}],"wp:term":[{"taxonomy":"category","embeddable":true,"href":"https:\/\/www.boxrepsol.com\/en\/wp-json\/wp\/v2\/categories?post=98535"},{"taxonomy":"post_tag","embeddable":true,"href":"https:\/\/www.boxrepsol.com\/en\/wp-json\/wp\/v2\/tags?post=98535"}],"curies":[{"name":"wp","href":"https:\/\/api.w.org\/{rel}","templated":true}]}}