{"id":98520,"date":"2022-05-01T00:00:00","date_gmt":"2022-05-01T02:00:00","guid":{"rendered":"http:\/\/pre.boxrepsol.com\/uncategorized\/marquez-finishes-fourth-at-jerez\/"},"modified":"2023-02-27T08:17:04","modified_gmt":"2023-02-27T10:17:04","slug":"marquez-finishes-fourth-at-jerez","status":"publish","type":"post","link":"https:\/\/www.boxrepsol.com\/en\/motogp-en\/marquez-finishes-fourth-at-jerez\/","title":{"rendered":"M\u00e1rquez finishes fourth at Jerez"},"content":{"rendered":"<p>The <strong>Spanish Grand Prix<\/strong> ended with <strong>Marc M\u00e1rquez<\/strong> and <strong>Pol Espargar\u00f3<\/strong> taking 13 and 5 points, respectively. M\u00e1rquez had a great performance at the Circuito de Jerez- \u00c1ngel Nieto, starting in fifth and being continually inside the Top 5 during the contest.<\/p>\n<p>With five laps to go, <strong>M\u00e1rquez<\/strong> moved into the podium positions, but needed to make another incredible\u00a0save when practically on the ground when he lost the front of his bike. That pushed him back to fifth place, from which he was able to overtake Jack Miller on the last lap and cross the finish line in fourth.<\/p>\n<p><strong>Pol Espargar\u00f3,<\/strong> who started from thirteenth on the grid, gained several positions early on. However, he did not find the necessary pace to cut the gap to the frontrunners. He would conclude the race eleventh. Tomorrow, during the day of testing scheduled at Jerez, he will try to continue improving his feeling onboard the Honda RC213V.<\/p>\n<p>After the Spanish Grand Prix, <strong>M\u00e1rquez<\/strong> is in ninth position in the standings with a total of 44 points. <strong>Espargar\u00f3<\/strong> is twelfth with 35.<\/p>\n<p>                    <a\n                        href=\"https:\/\/bxrepsol.s3.eu-west-1.amazonaws.com\/static\/2022\/08\/05094524\/http___repsolmedia.com_repsolmedia_wp-content_uploads_2022_05_JRB0286-scaled-1.jpg\"\n                        data-index=\"0\"\n                    ><br \/>\n                        <img decoding=\"async\"\n                            src=\"https:\/\/bxrepsol.s3.eu-west-1.amazonaws.com\/static\/2022\/08\/05094524\/http___repsolmedia.com_repsolmedia_wp-content_uploads_2022_05_JRB0286-scaled-1.jpg\"\n                            srcset=\"https:\/\/bxrepsol.s3.eu-west-1.amazonaws.com\/static\/2022\/08\/05094524\/http___repsolmedia.com_repsolmedia_wp-content_uploads_2022_05_JRB0286-scaled-1.jpg 2560w, https:\/\/bxrepsol.s3.eu-west-1.amazonaws.com\/static\/2022\/08\/05094524\/http___repsolmedia.com_repsolmedia_wp-content_uploads_2022_05_JRB0286-scaled-1.jpg 1280w, https:\/\/bxrepsol.s3.eu-west-1.amazonaws.com\/static\/2022\/08\/05094524\/http___repsolmedia.com_repsolmedia_wp-content_uploads_2022_05_JRB0286-scaled-1.jpg 900w, https:\/\/bxrepsol.s3.eu-west-1.amazonaws.com\/static\/2022\/08\/05094524\/http___repsolmedia.com_repsolmedia_wp-content_uploads_2022_05_JRB0286-scaled-1.jpg 600w, https:\/\/bxrepsol.s3.eu-west-1.amazonaws.com\/static\/2022\/08\/05094524\/http___repsolmedia.com_repsolmedia_wp-content_uploads_2022_05_JRB0286-scaled-1.jpg 480w, https:\/\/bxrepsol.s3.eu-west-1.amazonaws.com\/static\/2022\/08\/05094524\/http___repsolmedia.com_repsolmedia_wp-content_uploads_2022_05_JRB0286-scaled-1.jpg 32w\"\n                            title=\"http___repsolmedia.com_repsolmedia_wp-content_uploads_2022_05_JRB0286-scaled\"\n                            alt=\"\"\n                            data-title=\"\"><br \/>\n                    <\/a><br \/>\n                    <a\n                        href=\"https:\/\/bxrepsol.s3.eu-west-1.amazonaws.com\/static\/2022\/08\/05094527\/http___repsolmedia.com_repsolmedia_wp-content_uploads_2022_05_JRB0044-scaled-1.jpg\"\n                        data-index=\"1\"\n                    ><br \/>\n                        <img decoding=\"async\"\n                            src=\"https:\/\/bxrepsol.s3.eu-west-1.amazonaws.com\/static\/2022\/08\/05094527\/http___repsolmedia.com_repsolmedia_wp-content_uploads_2022_05_JRB0044-scaled-1.jpg\"\n                            srcset=\"https:\/\/bxrepsol.s3.eu-west-1.amazonaws.com\/static\/2022\/08\/05094527\/http___repsolmedia.com_repsolmedia_wp-content_uploads_2022_05_JRB0044-scaled-1.jpg 2560w, https:\/\/bxrepsol.s3.eu-west-1.amazonaws.com\/static\/2022\/08\/05094527\/http___repsolmedia.com_repsolmedia_wp-content_uploads_2022_05_JRB0044-scaled-1.jpg 1280w, https:\/\/bxrepsol.s3.eu-west-1.amazonaws.com\/static\/2022\/08\/05094527\/http___repsolmedia.com_repsolmedia_wp-content_uploads_2022_05_JRB0044-scaled-1.jpg 900w, https:\/\/bxrepsol.s3.eu-west-1.amazonaws.com\/static\/2022\/08\/05094527\/http___repsolmedia.com_repsolmedia_wp-content_uploads_2022_05_JRB0044-scaled-1.jpg 600w, https:\/\/bxrepsol.s3.eu-west-1.amazonaws.com\/static\/2022\/08\/05094527\/http___repsolmedia.com_repsolmedia_wp-content_uploads_2022_05_JRB0044-scaled-1.jpg 480w, https:\/\/bxrepsol.s3.eu-west-1.amazonaws.com\/static\/2022\/08\/05094527\/http___repsolmedia.com_repsolmedia_wp-content_uploads_2022_05_JRB0044-scaled-1.jpg 32w\"\n                            title=\"http___repsolmedia.com_repsolmedia_wp-content_uploads_2022_05_JRB0044-scaled\"\n                            alt=\"\"\n                            data-title=\"\"><br \/>\n                    <\/a><br \/>\n                    <a\n                        href=\"https:\/\/bxrepsol.s3.eu-west-1.amazonaws.com\/static\/2022\/08\/05094530\/http___repsolmedia.com_repsolmedia_wp-content_uploads_2022_05_JRB1462-scaled-1.jpg\"\n                        data-index=\"2\"\n                    ><br \/>\n                        <img decoding=\"async\"\n                            src=\"https:\/\/bxrepsol.s3.eu-west-1.amazonaws.com\/static\/2022\/08\/05094530\/http___repsolmedia.com_repsolmedia_wp-content_uploads_2022_05_JRB1462-scaled-1.jpg\"\n                            srcset=\"https:\/\/bxrepsol.s3.eu-west-1.amazonaws.com\/static\/2022\/08\/05094530\/http___repsolmedia.com_repsolmedia_wp-content_uploads_2022_05_JRB1462-scaled-1.jpg 2560w, https:\/\/bxrepsol.s3.eu-west-1.amazonaws.com\/static\/2022\/08\/05094530\/http___repsolmedia.com_repsolmedia_wp-content_uploads_2022_05_JRB1462-scaled-1.jpg 1280w, https:\/\/bxrepsol.s3.eu-west-1.amazonaws.com\/static\/2022\/08\/05094530\/http___repsolmedia.com_repsolmedia_wp-content_uploads_2022_05_JRB1462-scaled-1.jpg 900w, https:\/\/bxrepsol.s3.eu-west-1.amazonaws.com\/static\/2022\/08\/05094530\/http___repsolmedia.com_repsolmedia_wp-content_uploads_2022_05_JRB1462-scaled-1.jpg 600w, https:\/\/bxrepsol.s3.eu-west-1.amazonaws.com\/static\/2022\/08\/05094530\/http___repsolmedia.com_repsolmedia_wp-content_uploads_2022_05_JRB1462-scaled-1.jpg 480w, https:\/\/bxrepsol.s3.eu-west-1.amazonaws.com\/static\/2022\/08\/05094530\/http___repsolmedia.com_repsolmedia_wp-content_uploads_2022_05_JRB1462-scaled-1.jpg 32w\"\n                            title=\"http___repsolmedia.com_repsolmedia_wp-content_uploads_2022_05_JRB1462-scaled\"\n                            alt=\"\"\n                            data-title=\"\"><br \/>\n                    <\/a><br \/>\n                    <a\n                        href=\"https:\/\/bxrepsol.s3.eu-west-1.amazonaws.com\/static\/2022\/08\/05094533\/http___repsolmedia.com_repsolmedia_wp-content_uploads_2022_05_JRB0852-scaled-1.jpg\"\n                        data-index=\"3\"\n                    ><br \/>\n                        <img decoding=\"async\"\n                            src=\"https:\/\/bxrepsol.s3.eu-west-1.amazonaws.com\/static\/2022\/08\/05094533\/http___repsolmedia.com_repsolmedia_wp-content_uploads_2022_05_JRB0852-scaled-1.jpg\"\n                            srcset=\"https:\/\/bxrepsol.s3.eu-west-1.amazonaws.com\/static\/2022\/08\/05094533\/http___repsolmedia.com_repsolmedia_wp-content_uploads_2022_05_JRB0852-scaled-1.jpg 2560w, https:\/\/bxrepsol.s3.eu-west-1.amazonaws.com\/static\/2022\/08\/05094533\/http___repsolmedia.com_repsolmedia_wp-content_uploads_2022_05_JRB0852-scaled-1.jpg 1280w, https:\/\/bxrepsol.s3.eu-west-1.amazonaws.com\/static\/2022\/08\/05094533\/http___repsolmedia.com_repsolmedia_wp-content_uploads_2022_05_JRB0852-scaled-1.jpg 900w, https:\/\/bxrepsol.s3.eu-west-1.amazonaws.com\/static\/2022\/08\/05094533\/http___repsolmedia.com_repsolmedia_wp-content_uploads_2022_05_JRB0852-scaled-1.jpg 600w, https:\/\/bxrepsol.s3.eu-west-1.amazonaws.com\/static\/2022\/08\/05094533\/http___repsolmedia.com_repsolmedia_wp-content_uploads_2022_05_JRB0852-scaled-1.jpg 480w, https:\/\/bxrepsol.s3.eu-west-1.amazonaws.com\/static\/2022\/08\/05094533\/http___repsolmedia.com_repsolmedia_wp-content_uploads_2022_05_JRB0852-scaled-1.jpg 32w\"\n                            title=\"http___repsolmedia.com_repsolmedia_wp-content_uploads_2022_05_JRB0852-scaled\"\n                            alt=\"\"\n                            data-title=\"\"><br \/>\n                    <\/a><br \/>\n                    <a\n                        href=\"https:\/\/bxrepsol.s3.eu-west-1.amazonaws.com\/static\/2022\/08\/05094536\/http___repsolmedia.com_repsolmedia_wp-content_uploads_2022_05_JRB2449-1-scaled-1.jpg\"\n                        data-index=\"4\"\n                    ><br \/>\n                        <img decoding=\"async\"\n                            src=\"https:\/\/bxrepsol.s3.eu-west-1.amazonaws.com\/static\/2022\/08\/05094536\/http___repsolmedia.com_repsolmedia_wp-content_uploads_2022_05_JRB2449-1-scaled-1.jpg\"\n                            srcset=\"https:\/\/bxrepsol.s3.eu-west-1.amazonaws.com\/static\/2022\/08\/05094536\/http___repsolmedia.com_repsolmedia_wp-content_uploads_2022_05_JRB2449-1-scaled-1.jpg 2560w, https:\/\/bxrepsol.s3.eu-west-1.amazonaws.com\/static\/2022\/08\/05094536\/http___repsolmedia.com_repsolmedia_wp-content_uploads_2022_05_JRB2449-1-scaled-1.jpg 1280w, https:\/\/bxrepsol.s3.eu-west-1.amazonaws.com\/static\/2022\/08\/05094536\/http___repsolmedia.com_repsolmedia_wp-content_uploads_2022_05_JRB2449-1-scaled-1.jpg 900w, https:\/\/bxrepsol.s3.eu-west-1.amazonaws.com\/static\/2022\/08\/05094536\/http___repsolmedia.com_repsolmedia_wp-content_uploads_2022_05_JRB2449-1-scaled-1.jpg 600w, https:\/\/bxrepsol.s3.eu-west-1.amazonaws.com\/static\/2022\/08\/05094536\/http___repsolmedia.com_repsolmedia_wp-content_uploads_2022_05_JRB2449-1-scaled-1.jpg 480w, https:\/\/bxrepsol.s3.eu-west-1.amazonaws.com\/static\/2022\/08\/05094536\/http___repsolmedia.com_repsolmedia_wp-content_uploads_2022_05_JRB2449-1-scaled-1.jpg 32w\"\n                            title=\"http___repsolmedia.com_repsolmedia_wp-content_uploads_2022_05_JRB2449-1-scaled\"\n                            alt=\"\"\n                            data-title=\"\"><br \/>\n                    <\/a><br \/>\n        <button data-glide-dir=\"<\"><br \/>\n            <svg role=\"img\"  viewBox=\"0 0 256 512\">\n                <path fill=\"currentColor\" d=\"M238.475 475.535l7.071-7.07c4.686-4.686 4.686-12.284 0-16.971L50.053 256 245.546 60.506c4.686-4.686 4.686-12.284 0-16.971l-7.071-7.07c-4.686-4.686-12.284-4.686-16.97 0L10.454 247.515c-4.686 4.686-4.686 12.284 0 16.971l211.051 211.05c4.686 4.686 12.284 4.686 16.97-.001z\"><\/path>\n            <\/svg><br \/>\n        <\/button><br \/>\n        <button data-glide-dir=\">&#8220;><br \/>\n            <svg role=\"img\"  viewBox=\"0 0 256 512\">\n                <path fill=\"currentColor\" d=\"M17.525 36.465l-7.071 7.07c-4.686 4.686-4.686 12.284 0 16.971L205.947 256 10.454 451.494c-4.686 4.686-4.686 12.284 0 16.971l7.071 7.07c4.686 4.686 12.284 4.686 16.97 0l211.051-211.05c4.686-4.686 4.686-12.284 0-16.971L34.495 36.465c-4.686-4.687-12.284-4.687-16.97 0z\"><\/path>\n            <\/svg><br \/>\n        <\/button><\/p>\n<h3>Rider Statements<\/h3>\n<p><a href=\"https:\/\/twitter.com\/hashtag\/MM93?src=hashtag_click\">#MM93<\/a><\/p>\n<p>&#8220;Today I gave my maximum and achieved the maximum. I saved my energy through the whole weekend to be ready for Sunday because I\u2019m still not in the condition to do a whole weekend at 100%. It\u2019s the Spanish GP, I had to give it everything on race day. At one point in the race, I thought maybe the podium was possible, the key point was overtaking Miller and stopping Aleix because he was faster than us. This is what I tried to do but then at the last corner I lost the front and the rear but fortunately the Spanish crowd were there to pick me up and save the crash! We don\u2019t give up; we keep pushing and now we prepare for an important Monday test.&#8221;<\/p>\n<p><a href=\"https:\/\/twitter.com\/hashtag\/POL44?src=hashtag_click\">#POL44<\/a><\/p>\n<p>&#8220;The grip was really low today with the temperature and in conditions like this I suffer a lot more, more than my teammate and more than other riders. In the first lap I almost high sided at Turn 5 and I lost some positions, but to recover in MotoGP is really difficult. Fortunately, we have a test tomorrow and we need to get to work to return to what we found during winter. We have to work from the moment we are in and find solutions to the problems we are having. Patience is key here, the good times will come but we need to keep our heads down and work.&#8221;<\/p>\n","protected":false},"excerpt":{"rendered":"<p>The Repsol Honda Team rider challenges for the podium and makes an unbelievable save at the Spanish Grand Prix. Pol Espargar\u00f3 places eleventh.<\/p>\n","protected":false},"author":1,"featured_media":45882,"comment_status":"open","ping_status":"open","sticky":false,"template":"","format":"standard","meta":{"footnotes":""},"categories":[146],"tags":[147,6,283,294,220,128],"class_list":["post-98520","post","type-post","status-publish","format-standard","hentry","category-motogp-en","tag-2022-en","tag-marc-marquez","tag-marc-marquez-en","tag-motogp-espana-en","tag-motogp-spain","tag-pol-espargaro"],"yoast_head":"<!-- This site is optimized with the Yoast SEO plugin v27.3 - https:\/\/yoast.com\/product\/yoast-seo-wordpress\/ -->\n<title>M\u00e1rquez finishes fourth at Jerez - Box Repsol<\/title>\n<link rel=\"canonical\" href=\"https:\/\/www.boxrepsol.com\/en\/motogp-en\/marquez-finishes-fourth-at-jerez\/\" \/>\n<meta property=\"og:locale\" content=\"en_US\" \/>\n<meta property=\"og:type\" content=\"article\" \/>\n<meta property=\"og:title\" content=\"M\u00e1rquez finishes fourth at Jerez - Box Repsol\" \/>\n<meta property=\"og:description\" content=\"The Repsol Honda Team rider challenges for the podium and makes an unbelievable save at the Spanish Grand Prix. Pol Espargar\u00f3 places eleventh.\" \/>\n<meta property=\"og:url\" content=\"https:\/\/www.boxrepsol.com\/en\/motogp-en\/marquez-finishes-fourth-at-jerez\/\" \/>\n<meta property=\"og:site_name\" content=\"Box Repsol\" \/>\n<meta property=\"article:publisher\" content=\"https:\/\/www.facebook.com\/BoxRepsol\" \/>\n<meta property=\"article:published_time\" content=\"2022-05-01T02:00:00+00:00\" \/>\n<meta property=\"article:modified_time\" content=\"2023-02-27T10:17:04+00:00\" \/>\n<meta property=\"og:image\" content=\"https:\/\/bxrepsol.s3.eu-west-1.amazonaws.com\/static\/2022\/08\/10041955\/http___repsolmedia.com_repsolmedia_wp-content_uploads_2022_05_TIN7156-scaled-1.jpg\" \/>\n\t<meta property=\"og:image:width\" content=\"1280\" \/>\n\t<meta property=\"og:image:height\" content=\"600\" \/>\n\t<meta property=\"og:image:type\" content=\"image\/jpeg\" \/>\n<meta name=\"author\" content=\"bx_ayesa\" \/>\n<meta name=\"twitter:card\" content=\"summary_large_image\" \/>\n<meta name=\"twitter:creator\" content=\"@box_repsol\" \/>\n<meta name=\"twitter:site\" content=\"@box_repsol\" \/>\n<meta name=\"twitter:label1\" content=\"Written by\" \/>\n\t<meta name=\"twitter:data1\" content=\"bx_ayesa\" \/>\n\t<meta name=\"twitter:label2\" content=\"Est. reading time\" \/>\n\t<meta name=\"twitter:data2\" content=\"2 minutes\" \/>\n<script type=\"application\/ld+json\" class=\"yoast-schema-graph\">{\"@context\":\"https:\\\/\\\/schema.org\",\"@graph\":[{\"@type\":\"Article\",\"@id\":\"https:\\\/\\\/www.boxrepsol.com\\\/en\\\/motogp-en\\\/marquez-finishes-fourth-at-jerez\\\/#article\",\"isPartOf\":{\"@id\":\"https:\\\/\\\/www.boxrepsol.com\\\/en\\\/motogp-en\\\/marquez-finishes-fourth-at-jerez\\\/\"},\"author\":{\"name\":\"bx_ayesa\",\"@id\":\"https:\\\/\\\/www.boxrepsol.com\\\/en\\\/#\\\/schema\\\/person\\\/d9d0f442a4332c7d099d31ffda4747a0\"},\"headline\":\"M\u00e1rquez finishes fourth at Jerez\",\"datePublished\":\"2022-05-01T02:00:00+00:00\",\"dateModified\":\"2023-02-27T10:17:04+00:00\",\"mainEntityOfPage\":{\"@id\":\"https:\\\/\\\/www.boxrepsol.com\\\/en\\\/motogp-en\\\/marquez-finishes-fourth-at-jerez\\\/\"},\"wordCount\":430,\"commentCount\":0,\"publisher\":{\"@id\":\"https:\\\/\\\/www.boxrepsol.com\\\/en\\\/#organization\"},\"image\":{\"@id\":\"https:\\\/\\\/www.boxrepsol.com\\\/en\\\/motogp-en\\\/marquez-finishes-fourth-at-jerez\\\/#primaryimage\"},\"thumbnailUrl\":\"https:\\\/\\\/bxrepsol.s3.eu-west-1.amazonaws.com\\\/static\\\/2022\\\/08\\\/10041955\\\/http___repsolmedia.com_repsolmedia_wp-content_uploads_2022_05_TIN7156-scaled-1.jpg\",\"keywords\":[\"2022\",\"Marc M\u00e1rquez\",\"Marc M\u00e1rquez\",\"MotoGP Espa\u00f1a\",\"MotoGP Spain\",\"Pol Espargar\u00f3\"],\"articleSection\":[\"MotoGP\"],\"inLanguage\":\"en-US\",\"potentialAction\":[{\"@type\":\"CommentAction\",\"name\":\"Comment\",\"target\":[\"https:\\\/\\\/www.boxrepsol.com\\\/en\\\/motogp-en\\\/marquez-finishes-fourth-at-jerez\\\/#respond\"]}]},{\"@type\":\"WebPage\",\"@id\":\"https:\\\/\\\/www.boxrepsol.com\\\/en\\\/motogp-en\\\/marquez-finishes-fourth-at-jerez\\\/\",\"url\":\"https:\\\/\\\/www.boxrepsol.com\\\/en\\\/motogp-en\\\/marquez-finishes-fourth-at-jerez\\\/\",\"name\":\"M\u00e1rquez finishes fourth at Jerez - Box Repsol\",\"isPartOf\":{\"@id\":\"https:\\\/\\\/www.boxrepsol.com\\\/en\\\/#website\"},\"primaryImageOfPage\":{\"@id\":\"https:\\\/\\\/www.boxrepsol.com\\\/en\\\/motogp-en\\\/marquez-finishes-fourth-at-jerez\\\/#primaryimage\"},\"image\":{\"@id\":\"https:\\\/\\\/www.boxrepsol.com\\\/en\\\/motogp-en\\\/marquez-finishes-fourth-at-jerez\\\/#primaryimage\"},\"thumbnailUrl\":\"https:\\\/\\\/bxrepsol.s3.eu-west-1.amazonaws.com\\\/static\\\/2022\\\/08\\\/10041955\\\/http___repsolmedia.com_repsolmedia_wp-content_uploads_2022_05_TIN7156-scaled-1.jpg\",\"datePublished\":\"2022-05-01T02:00:00+00:00\",\"dateModified\":\"2023-02-27T10:17:04+00:00\",\"breadcrumb\":{\"@id\":\"https:\\\/\\\/www.boxrepsol.com\\\/en\\\/motogp-en\\\/marquez-finishes-fourth-at-jerez\\\/#breadcrumb\"},\"inLanguage\":\"en-US\",\"potentialAction\":[{\"@type\":\"ReadAction\",\"target\":[\"https:\\\/\\\/www.boxrepsol.com\\\/en\\\/motogp-en\\\/marquez-finishes-fourth-at-jerez\\\/\"]}]},{\"@type\":\"ImageObject\",\"inLanguage\":\"en-US\",\"@id\":\"https:\\\/\\\/www.boxrepsol.com\\\/en\\\/motogp-en\\\/marquez-finishes-fourth-at-jerez\\\/#primaryimage\",\"url\":\"https:\\\/\\\/bxrepsol.s3.eu-west-1.amazonaws.com\\\/static\\\/2022\\\/08\\\/10041955\\\/http___repsolmedia.com_repsolmedia_wp-content_uploads_2022_05_TIN7156-scaled-1.jpg\",\"contentUrl\":\"https:\\\/\\\/bxrepsol.s3.eu-west-1.amazonaws.com\\\/static\\\/2022\\\/08\\\/10041955\\\/http___repsolmedia.com_repsolmedia_wp-content_uploads_2022_05_TIN7156-scaled-1.jpg\",\"width\":1280,\"height\":600},{\"@type\":\"BreadcrumbList\",\"@id\":\"https:\\\/\\\/www.boxrepsol.com\\\/en\\\/motogp-en\\\/marquez-finishes-fourth-at-jerez\\\/#breadcrumb\",\"itemListElement\":[{\"@type\":\"ListItem\",\"position\":1,\"name\":\"Home\",\"item\":\"https:\\\/\\\/www.boxrepsol.com\\\/en\\\/\"},{\"@type\":\"ListItem\",\"position\":2,\"name\":\"M\u00e1rquez finishes fourth at Jerez\"}]},{\"@type\":\"WebSite\",\"@id\":\"https:\\\/\\\/www.boxrepsol.com\\\/en\\\/#website\",\"url\":\"https:\\\/\\\/www.boxrepsol.com\\\/en\\\/\",\"name\":\"Box Repsol\",\"description\":\"Box Repsol Site\",\"publisher\":{\"@id\":\"https:\\\/\\\/www.boxrepsol.com\\\/en\\\/#organization\"},\"potentialAction\":[{\"@type\":\"SearchAction\",\"target\":{\"@type\":\"EntryPoint\",\"urlTemplate\":\"https:\\\/\\\/www.boxrepsol.com\\\/en\\\/?s={search_term_string}\"},\"query-input\":{\"@type\":\"PropertyValueSpecification\",\"valueRequired\":true,\"valueName\":\"search_term_string\"}}],\"inLanguage\":\"en-US\"},{\"@type\":\"Organization\",\"@id\":\"https:\\\/\\\/www.boxrepsol.com\\\/en\\\/#organization\",\"name\":\"Box Repsol\",\"url\":\"https:\\\/\\\/www.boxrepsol.com\\\/en\\\/\",\"logo\":{\"@type\":\"ImageObject\",\"inLanguage\":\"en-US\",\"@id\":\"https:\\\/\\\/www.boxrepsol.com\\\/en\\\/#\\\/schema\\\/logo\\\/image\\\/\",\"url\":\"https:\\\/\\\/bxrepsol.s3.eu-west-1.amazonaws.com\\\/static\\\/2025\\\/07\\\/30083337\\\/favicon-96x96-1.png\",\"contentUrl\":\"https:\\\/\\\/bxrepsol.s3.eu-west-1.amazonaws.com\\\/static\\\/2025\\\/07\\\/30083337\\\/favicon-96x96-1.png\",\"width\":96,\"height\":96,\"caption\":\"Box Repsol\"},\"image\":{\"@id\":\"https:\\\/\\\/www.boxrepsol.com\\\/en\\\/#\\\/schema\\\/logo\\\/image\\\/\"},\"sameAs\":[\"https:\\\/\\\/www.facebook.com\\\/BoxRepsol\",\"https:\\\/\\\/x.com\\\/box_repsol\",\"http:\\\/\\\/instagram.com\\\/box_repsol\",\"https:\\\/\\\/www.youtube.com\\\/user\\\/RepsolCompeticion\",\"https:\\\/\\\/www.flickr.com\\\/photos\\\/box_repsol\\\/\"]},{\"@type\":\"Person\",\"@id\":\"https:\\\/\\\/www.boxrepsol.com\\\/en\\\/#\\\/schema\\\/person\\\/d9d0f442a4332c7d099d31ffda4747a0\",\"name\":\"bx_ayesa\",\"image\":{\"@type\":\"ImageObject\",\"inLanguage\":\"en-US\",\"@id\":\"https:\\\/\\\/secure.gravatar.com\\\/avatar\\\/059e1b9d3585083708845ba70e8dd968f143ff35f5e0e10cf2d1e7afe2c6a878?s=96&d=mm&r=g\",\"url\":\"https:\\\/\\\/secure.gravatar.com\\\/avatar\\\/059e1b9d3585083708845ba70e8dd968f143ff35f5e0e10cf2d1e7afe2c6a878?s=96&d=mm&r=g\",\"contentUrl\":\"https:\\\/\\\/secure.gravatar.com\\\/avatar\\\/059e1b9d3585083708845ba70e8dd968f143ff35f5e0e10cf2d1e7afe2c6a878?s=96&d=mm&r=g\",\"caption\":\"bx_ayesa\"},\"sameAs\":[\"http:\\\/\\\/54.155.157.200\"],\"url\":\"https:\\\/\\\/www.boxrepsol.com\\\/en\\\/author\\\/bx_ayesa\\\/\"}]}<\/script>\n<!-- \/ Yoast SEO plugin. -->","yoast_head_json":{"title":"M\u00e1rquez finishes fourth at Jerez - Box Repsol","canonical":"https:\/\/www.boxrepsol.com\/en\/motogp-en\/marquez-finishes-fourth-at-jerez\/","og_locale":"en_US","og_type":"article","og_title":"M\u00e1rquez finishes fourth at Jerez - Box Repsol","og_description":"The Repsol Honda Team rider challenges for the podium and makes an unbelievable save at the Spanish Grand Prix. Pol Espargar\u00f3 places eleventh.","og_url":"https:\/\/www.boxrepsol.com\/en\/motogp-en\/marquez-finishes-fourth-at-jerez\/","og_site_name":"Box Repsol","article_publisher":"https:\/\/www.facebook.com\/BoxRepsol","article_published_time":"2022-05-01T02:00:00+00:00","article_modified_time":"2023-02-27T10:17:04+00:00","og_image":[{"width":1280,"height":600,"url":"https:\/\/bxrepsol.s3.eu-west-1.amazonaws.com\/static\/2022\/08\/10041955\/http___repsolmedia.com_repsolmedia_wp-content_uploads_2022_05_TIN7156-scaled-1.jpg","type":"image\/jpeg"}],"author":"bx_ayesa","twitter_card":"summary_large_image","twitter_creator":"@box_repsol","twitter_site":"@box_repsol","twitter_misc":{"Written by":"bx_ayesa","Est. reading time":"2 minutes"},"schema":{"@context":"https:\/\/schema.org","@graph":[{"@type":"Article","@id":"https:\/\/www.boxrepsol.com\/en\/motogp-en\/marquez-finishes-fourth-at-jerez\/#article","isPartOf":{"@id":"https:\/\/www.boxrepsol.com\/en\/motogp-en\/marquez-finishes-fourth-at-jerez\/"},"author":{"name":"bx_ayesa","@id":"https:\/\/www.boxrepsol.com\/en\/#\/schema\/person\/d9d0f442a4332c7d099d31ffda4747a0"},"headline":"M\u00e1rquez finishes fourth at Jerez","datePublished":"2022-05-01T02:00:00+00:00","dateModified":"2023-02-27T10:17:04+00:00","mainEntityOfPage":{"@id":"https:\/\/www.boxrepsol.com\/en\/motogp-en\/marquez-finishes-fourth-at-jerez\/"},"wordCount":430,"commentCount":0,"publisher":{"@id":"https:\/\/www.boxrepsol.com\/en\/#organization"},"image":{"@id":"https:\/\/www.boxrepsol.com\/en\/motogp-en\/marquez-finishes-fourth-at-jerez\/#primaryimage"},"thumbnailUrl":"https:\/\/bxrepsol.s3.eu-west-1.amazonaws.com\/static\/2022\/08\/10041955\/http___repsolmedia.com_repsolmedia_wp-content_uploads_2022_05_TIN7156-scaled-1.jpg","keywords":["2022","Marc M\u00e1rquez","Marc M\u00e1rquez","MotoGP Espa\u00f1a","MotoGP Spain","Pol Espargar\u00f3"],"articleSection":["MotoGP"],"inLanguage":"en-US","potentialAction":[{"@type":"CommentAction","name":"Comment","target":["https:\/\/www.boxrepsol.com\/en\/motogp-en\/marquez-finishes-fourth-at-jerez\/#respond"]}]},{"@type":"WebPage","@id":"https:\/\/www.boxrepsol.com\/en\/motogp-en\/marquez-finishes-fourth-at-jerez\/","url":"https:\/\/www.boxrepsol.com\/en\/motogp-en\/marquez-finishes-fourth-at-jerez\/","name":"M\u00e1rquez finishes fourth at Jerez - Box Repsol","isPartOf":{"@id":"https:\/\/www.boxrepsol.com\/en\/#website"},"primaryImageOfPage":{"@id":"https:\/\/www.boxrepsol.com\/en\/motogp-en\/marquez-finishes-fourth-at-jerez\/#primaryimage"},"image":{"@id":"https:\/\/www.boxrepsol.com\/en\/motogp-en\/marquez-finishes-fourth-at-jerez\/#primaryimage"},"thumbnailUrl":"https:\/\/bxrepsol.s3.eu-west-1.amazonaws.com\/static\/2022\/08\/10041955\/http___repsolmedia.com_repsolmedia_wp-content_uploads_2022_05_TIN7156-scaled-1.jpg","datePublished":"2022-05-01T02:00:00+00:00","dateModified":"2023-02-27T10:17:04+00:00","breadcrumb":{"@id":"https:\/\/www.boxrepsol.com\/en\/motogp-en\/marquez-finishes-fourth-at-jerez\/#breadcrumb"},"inLanguage":"en-US","potentialAction":[{"@type":"ReadAction","target":["https:\/\/www.boxrepsol.com\/en\/motogp-en\/marquez-finishes-fourth-at-jerez\/"]}]},{"@type":"ImageObject","inLanguage":"en-US","@id":"https:\/\/www.boxrepsol.com\/en\/motogp-en\/marquez-finishes-fourth-at-jerez\/#primaryimage","url":"https:\/\/bxrepsol.s3.eu-west-1.amazonaws.com\/static\/2022\/08\/10041955\/http___repsolmedia.com_repsolmedia_wp-content_uploads_2022_05_TIN7156-scaled-1.jpg","contentUrl":"https:\/\/bxrepsol.s3.eu-west-1.amazonaws.com\/static\/2022\/08\/10041955\/http___repsolmedia.com_repsolmedia_wp-content_uploads_2022_05_TIN7156-scaled-1.jpg","width":1280,"height":600},{"@type":"BreadcrumbList","@id":"https:\/\/www.boxrepsol.com\/en\/motogp-en\/marquez-finishes-fourth-at-jerez\/#breadcrumb","itemListElement":[{"@type":"ListItem","position":1,"name":"Home","item":"https:\/\/www.boxrepsol.com\/en\/"},{"@type":"ListItem","position":2,"name":"M\u00e1rquez finishes fourth at Jerez"}]},{"@type":"WebSite","@id":"https:\/\/www.boxrepsol.com\/en\/#website","url":"https:\/\/www.boxrepsol.com\/en\/","name":"Box Repsol","description":"Box Repsol Site","publisher":{"@id":"https:\/\/www.boxrepsol.com\/en\/#organization"},"potentialAction":[{"@type":"SearchAction","target":{"@type":"EntryPoint","urlTemplate":"https:\/\/www.boxrepsol.com\/en\/?s={search_term_string}"},"query-input":{"@type":"PropertyValueSpecification","valueRequired":true,"valueName":"search_term_string"}}],"inLanguage":"en-US"},{"@type":"Organization","@id":"https:\/\/www.boxrepsol.com\/en\/#organization","name":"Box Repsol","url":"https:\/\/www.boxrepsol.com\/en\/","logo":{"@type":"ImageObject","inLanguage":"en-US","@id":"https:\/\/www.boxrepsol.com\/en\/#\/schema\/logo\/image\/","url":"https:\/\/bxrepsol.s3.eu-west-1.amazonaws.com\/static\/2025\/07\/30083337\/favicon-96x96-1.png","contentUrl":"https:\/\/bxrepsol.s3.eu-west-1.amazonaws.com\/static\/2025\/07\/30083337\/favicon-96x96-1.png","width":96,"height":96,"caption":"Box Repsol"},"image":{"@id":"https:\/\/www.boxrepsol.com\/en\/#\/schema\/logo\/image\/"},"sameAs":["https:\/\/www.facebook.com\/BoxRepsol","https:\/\/x.com\/box_repsol","http:\/\/instagram.com\/box_repsol","https:\/\/www.youtube.com\/user\/RepsolCompeticion","https:\/\/www.flickr.com\/photos\/box_repsol\/"]},{"@type":"Person","@id":"https:\/\/www.boxrepsol.com\/en\/#\/schema\/person\/d9d0f442a4332c7d099d31ffda4747a0","name":"bx_ayesa","image":{"@type":"ImageObject","inLanguage":"en-US","@id":"https:\/\/secure.gravatar.com\/avatar\/059e1b9d3585083708845ba70e8dd968f143ff35f5e0e10cf2d1e7afe2c6a878?s=96&d=mm&r=g","url":"https:\/\/secure.gravatar.com\/avatar\/059e1b9d3585083708845ba70e8dd968f143ff35f5e0e10cf2d1e7afe2c6a878?s=96&d=mm&r=g","contentUrl":"https:\/\/secure.gravatar.com\/avatar\/059e1b9d3585083708845ba70e8dd968f143ff35f5e0e10cf2d1e7afe2c6a878?s=96&d=mm&r=g","caption":"bx_ayesa"},"sameAs":["http:\/\/54.155.157.200"],"url":"https:\/\/www.boxrepsol.com\/en\/author\/bx_ayesa\/"}]}},"_links":{"self":[{"href":"https:\/\/www.boxrepsol.com\/en\/wp-json\/wp\/v2\/posts\/98520","targetHints":{"allow":["GET"]}}],"collection":[{"href":"https:\/\/www.boxrepsol.com\/en\/wp-json\/wp\/v2\/posts"}],"about":[{"href":"https:\/\/www.boxrepsol.com\/en\/wp-json\/wp\/v2\/types\/post"}],"author":[{"embeddable":true,"href":"https:\/\/www.boxrepsol.com\/en\/wp-json\/wp\/v2\/users\/1"}],"replies":[{"embeddable":true,"href":"https:\/\/www.boxrepsol.com\/en\/wp-json\/wp\/v2\/comments?post=98520"}],"version-history":[{"count":1,"href":"https:\/\/www.boxrepsol.com\/en\/wp-json\/wp\/v2\/posts\/98520\/revisions"}],"predecessor-version":[{"id":98521,"href":"https:\/\/www.boxrepsol.com\/en\/wp-json\/wp\/v2\/posts\/98520\/revisions\/98521"}],"wp:featuredmedia":[{"embeddable":true,"href":"https:\/\/www.boxrepsol.com\/en\/wp-json\/wp\/v2\/media\/45882"}],"wp:attachment":[{"href":"https:\/\/www.boxrepsol.com\/en\/wp-json\/wp\/v2\/media?parent=98520"}],"wp:term":[{"taxonomy":"category","embeddable":true,"href":"https:\/\/www.boxrepsol.com\/en\/wp-json\/wp\/v2\/categories?post=98520"},{"taxonomy":"post_tag","embeddable":true,"href":"https:\/\/www.boxrepsol.com\/en\/wp-json\/wp\/v2\/tags?post=98520"}],"curies":[{"name":"wp","href":"https:\/\/api.w.org\/{rel}","templated":true}]}}