{"id":98507,"date":"2022-04-19T00:00:00","date_gmt":"2022-04-19T02:00:00","guid":{"rendered":"http:\/\/pre.boxrepsol.com\/uncategorized\/repsol-honda-team-ready-for-first-european-grand-prix-of-the-year-in-europe\/"},"modified":"2023-02-27T08:16:37","modified_gmt":"2023-02-27T10:16:37","slug":"repsol-honda-team-ready-for-first-european-grand-prix-of-the-year-in-europe","status":"publish","type":"post","link":"https:\/\/www.boxrepsol.com\/en\/motogp-en\/repsol-honda-team-ready-for-first-european-grand-prix-of-the-year-in-europe\/","title":{"rendered":"Repsol Honda Team ready for first European Grand Prix of the year in Europe"},"content":{"rendered":"<p>After Marc M\u00e1rquez&#8217; return to action in Austin a fortnight ago, the <strong>Repsol Honda Team<\/strong> rider moves on to the Autodromo Internacional do Algarve to compete in what will be his third race of the season.<\/p>\n<p><strong>M\u00e1rquez<\/strong> has only contested one race at the track, in which he finished seventh, as in 2021 he missed both the Portuguese and Algarve Grands Prix due to injury.<\/p>\n<p><strong>Pol Espargar\u00f3<\/strong> comes to Portugal as the top Honda rider in the overall standings -in 11th- and with the aim of continuing to score points to move higher up the table. The Repsol Honda Team rider has already taken a podium this year in Qatar and hopes to keep progressing in his adaptation to the Honda RC213V.<\/p>\n<p>Espargar\u00f3 has only contested three Grands Prix at Portimao -all in the premier class- achieving fourth place in 2020 and sixth in 2021.<\/p>\n<p>                    <a\n                        href=\"https:\/\/bxrepsol.s3.eu-west-1.amazonaws.com\/static\/2022\/08\/05093416\/http___repsolmedia.com_repsolmedia_wp-content_uploads_2022_04_JRB3829-scaled-2.jpg\"\n                        data-index=\"0\"\n                    ><br \/>\n                        <img decoding=\"async\"\n                            src=\"https:\/\/bxrepsol.s3.eu-west-1.amazonaws.com\/static\/2022\/08\/05093416\/http___repsolmedia.com_repsolmedia_wp-content_uploads_2022_04_JRB3829-scaled-2.jpg\"\n                            srcset=\"https:\/\/bxrepsol.s3.eu-west-1.amazonaws.com\/static\/2022\/08\/05093416\/http___repsolmedia.com_repsolmedia_wp-content_uploads_2022_04_JRB3829-scaled-2.jpg 2560w, https:\/\/bxrepsol.s3.eu-west-1.amazonaws.com\/static\/2022\/08\/05093416\/http___repsolmedia.com_repsolmedia_wp-content_uploads_2022_04_JRB3829-scaled-2.jpg 1280w, https:\/\/bxrepsol.s3.eu-west-1.amazonaws.com\/static\/2022\/08\/05093416\/http___repsolmedia.com_repsolmedia_wp-content_uploads_2022_04_JRB3829-scaled-2.jpg 900w, https:\/\/bxrepsol.s3.eu-west-1.amazonaws.com\/static\/2022\/08\/05093416\/http___repsolmedia.com_repsolmedia_wp-content_uploads_2022_04_JRB3829-scaled-2.jpg 600w, https:\/\/bxrepsol.s3.eu-west-1.amazonaws.com\/static\/2022\/08\/05093416\/http___repsolmedia.com_repsolmedia_wp-content_uploads_2022_04_JRB3829-scaled-2.jpg 480w, https:\/\/bxrepsol.s3.eu-west-1.amazonaws.com\/static\/2022\/08\/05093416\/http___repsolmedia.com_repsolmedia_wp-content_uploads_2022_04_JRB3829-scaled-2.jpg 32w\"\n                            title=\"http___repsolmedia.com_repsolmedia_wp-content_uploads_2022_04_JRB3829-scaled-2\"\n                            alt=\"\"\n                            data-title=\"\"><br \/>\n                    <\/a><br \/>\n                    <a\n                        href=\"https:\/\/bxrepsol.s3.eu-west-1.amazonaws.com\/static\/2022\/08\/05093419\/http___repsolmedia.com_repsolmedia_wp-content_uploads_2022_04_JRB4245-1-scaled-1-1.jpg\"\n                        data-index=\"1\"\n                    ><br \/>\n                        <img decoding=\"async\"\n                            src=\"https:\/\/bxrepsol.s3.eu-west-1.amazonaws.com\/static\/2022\/08\/05093419\/http___repsolmedia.com_repsolmedia_wp-content_uploads_2022_04_JRB4245-1-scaled-1-1.jpg\"\n                            srcset=\"https:\/\/bxrepsol.s3.eu-west-1.amazonaws.com\/static\/2022\/08\/05093419\/http___repsolmedia.com_repsolmedia_wp-content_uploads_2022_04_JRB4245-1-scaled-1-1.jpg 2560w, https:\/\/bxrepsol.s3.eu-west-1.amazonaws.com\/static\/2022\/08\/05093419\/http___repsolmedia.com_repsolmedia_wp-content_uploads_2022_04_JRB4245-1-scaled-1-1.jpg 1280w, https:\/\/bxrepsol.s3.eu-west-1.amazonaws.com\/static\/2022\/08\/05093419\/http___repsolmedia.com_repsolmedia_wp-content_uploads_2022_04_JRB4245-1-scaled-1-1.jpg 900w, https:\/\/bxrepsol.s3.eu-west-1.amazonaws.com\/static\/2022\/08\/05093419\/http___repsolmedia.com_repsolmedia_wp-content_uploads_2022_04_JRB4245-1-scaled-1-1.jpg 600w, https:\/\/bxrepsol.s3.eu-west-1.amazonaws.com\/static\/2022\/08\/05093419\/http___repsolmedia.com_repsolmedia_wp-content_uploads_2022_04_JRB4245-1-scaled-1-1.jpg 480w, https:\/\/bxrepsol.s3.eu-west-1.amazonaws.com\/static\/2022\/08\/05093419\/http___repsolmedia.com_repsolmedia_wp-content_uploads_2022_04_JRB4245-1-scaled-1-1.jpg 32w\"\n                            title=\"http___repsolmedia.com_repsolmedia_wp-content_uploads_2022_04_JRB4245-1-scaled-1\"\n                            alt=\"\"\n                            data-title=\"\"><br \/>\n                    <\/a><br \/>\n                    <a\n                        href=\"https:\/\/bxrepsol.s3.eu-west-1.amazonaws.com\/static\/2022\/08\/05093422\/http___repsolmedia.com_repsolmedia_wp-content_uploads_2022_04_JRB4083-1-scaled-1.jpg\"\n                        data-index=\"2\"\n                    ><br \/>\n                        <img decoding=\"async\"\n                            src=\"https:\/\/bxrepsol.s3.eu-west-1.amazonaws.com\/static\/2022\/08\/05093422\/http___repsolmedia.com_repsolmedia_wp-content_uploads_2022_04_JRB4083-1-scaled-1.jpg\"\n                            srcset=\"https:\/\/bxrepsol.s3.eu-west-1.amazonaws.com\/static\/2022\/08\/05093422\/http___repsolmedia.com_repsolmedia_wp-content_uploads_2022_04_JRB4083-1-scaled-1.jpg 2560w, https:\/\/bxrepsol.s3.eu-west-1.amazonaws.com\/static\/2022\/08\/05093422\/http___repsolmedia.com_repsolmedia_wp-content_uploads_2022_04_JRB4083-1-scaled-1.jpg 1280w, https:\/\/bxrepsol.s3.eu-west-1.amazonaws.com\/static\/2022\/08\/05093422\/http___repsolmedia.com_repsolmedia_wp-content_uploads_2022_04_JRB4083-1-scaled-1.jpg 900w, https:\/\/bxrepsol.s3.eu-west-1.amazonaws.com\/static\/2022\/08\/05093422\/http___repsolmedia.com_repsolmedia_wp-content_uploads_2022_04_JRB4083-1-scaled-1.jpg 600w, https:\/\/bxrepsol.s3.eu-west-1.amazonaws.com\/static\/2022\/08\/05093422\/http___repsolmedia.com_repsolmedia_wp-content_uploads_2022_04_JRB4083-1-scaled-1.jpg 480w, https:\/\/bxrepsol.s3.eu-west-1.amazonaws.com\/static\/2022\/08\/05093422\/http___repsolmedia.com_repsolmedia_wp-content_uploads_2022_04_JRB4083-1-scaled-1.jpg 32w\"\n                            title=\"http___repsolmedia.com_repsolmedia_wp-content_uploads_2022_04_JRB4083-1-scaled-1\"\n                            alt=\"\"\n                            data-title=\"\"><br \/>\n                    <\/a><br \/>\n                    <a\n                        href=\"https:\/\/bxrepsol.s3.eu-west-1.amazonaws.com\/static\/2022\/08\/05093425\/http___repsolmedia.com_repsolmedia_wp-content_uploads_2022_04_A9X0586-scaled-1-1.jpg\"\n                        data-index=\"3\"\n                    ><br \/>\n                        <img decoding=\"async\"\n                            src=\"https:\/\/bxrepsol.s3.eu-west-1.amazonaws.com\/static\/2022\/08\/05093425\/http___repsolmedia.com_repsolmedia_wp-content_uploads_2022_04_A9X0586-scaled-1-1.jpg\"\n                            srcset=\"https:\/\/bxrepsol.s3.eu-west-1.amazonaws.com\/static\/2022\/08\/05093425\/http___repsolmedia.com_repsolmedia_wp-content_uploads_2022_04_A9X0586-scaled-1-1.jpg 2560w, https:\/\/bxrepsol.s3.eu-west-1.amazonaws.com\/static\/2022\/08\/05093425\/http___repsolmedia.com_repsolmedia_wp-content_uploads_2022_04_A9X0586-scaled-1-1.jpg 1280w, https:\/\/bxrepsol.s3.eu-west-1.amazonaws.com\/static\/2022\/08\/05093425\/http___repsolmedia.com_repsolmedia_wp-content_uploads_2022_04_A9X0586-scaled-1-1.jpg 900w, https:\/\/bxrepsol.s3.eu-west-1.amazonaws.com\/static\/2022\/08\/05093425\/http___repsolmedia.com_repsolmedia_wp-content_uploads_2022_04_A9X0586-scaled-1-1.jpg 600w, https:\/\/bxrepsol.s3.eu-west-1.amazonaws.com\/static\/2022\/08\/05093425\/http___repsolmedia.com_repsolmedia_wp-content_uploads_2022_04_A9X0586-scaled-1-1.jpg 480w, https:\/\/bxrepsol.s3.eu-west-1.amazonaws.com\/static\/2022\/08\/05093425\/http___repsolmedia.com_repsolmedia_wp-content_uploads_2022_04_A9X0586-scaled-1-1.jpg 32w\"\n                            title=\"http___repsolmedia.com_repsolmedia_wp-content_uploads_2022_04_A9X0586-scaled-1\"\n                            alt=\"\"\n                            data-title=\"\"><br \/>\n                    <\/a><br \/>\n                    <a\n                        href=\"https:\/\/bxrepsol.s3.eu-west-1.amazonaws.com\/static\/2022\/08\/05093428\/http___repsolmedia.com_repsolmedia_wp-content_uploads_2022_04_JRB4503-1-scaled-1.jpg\"\n                        data-index=\"4\"\n                    ><br \/>\n                        <img decoding=\"async\"\n                            src=\"https:\/\/bxrepsol.s3.eu-west-1.amazonaws.com\/static\/2022\/08\/05093428\/http___repsolmedia.com_repsolmedia_wp-content_uploads_2022_04_JRB4503-1-scaled-1.jpg\"\n                            srcset=\"https:\/\/bxrepsol.s3.eu-west-1.amazonaws.com\/static\/2022\/08\/05093428\/http___repsolmedia.com_repsolmedia_wp-content_uploads_2022_04_JRB4503-1-scaled-1.jpg 2560w, https:\/\/bxrepsol.s3.eu-west-1.amazonaws.com\/static\/2022\/08\/05093428\/http___repsolmedia.com_repsolmedia_wp-content_uploads_2022_04_JRB4503-1-scaled-1.jpg 1280w, https:\/\/bxrepsol.s3.eu-west-1.amazonaws.com\/static\/2022\/08\/05093428\/http___repsolmedia.com_repsolmedia_wp-content_uploads_2022_04_JRB4503-1-scaled-1.jpg 900w, https:\/\/bxrepsol.s3.eu-west-1.amazonaws.com\/static\/2022\/08\/05093428\/http___repsolmedia.com_repsolmedia_wp-content_uploads_2022_04_JRB4503-1-scaled-1.jpg 600w, https:\/\/bxrepsol.s3.eu-west-1.amazonaws.com\/static\/2022\/08\/05093428\/http___repsolmedia.com_repsolmedia_wp-content_uploads_2022_04_JRB4503-1-scaled-1.jpg 480w, https:\/\/bxrepsol.s3.eu-west-1.amazonaws.com\/static\/2022\/08\/05093428\/http___repsolmedia.com_repsolmedia_wp-content_uploads_2022_04_JRB4503-1-scaled-1.jpg 32w\"\n                            title=\"http___repsolmedia.com_repsolmedia_wp-content_uploads_2022_04_JRB4503-1-scaled-1\"\n                            alt=\"\"\n                            data-title=\"\"><br \/>\n                    <\/a><br \/>\n        <button data-glide-dir=\"<\"><br \/>\n            <svg role=\"img\"  viewBox=\"0 0 256 512\">\n                <path fill=\"currentColor\" d=\"M238.475 475.535l7.071-7.07c4.686-4.686 4.686-12.284 0-16.971L50.053 256 245.546 60.506c4.686-4.686 4.686-12.284 0-16.971l-7.071-7.07c-4.686-4.686-12.284-4.686-16.97 0L10.454 247.515c-4.686 4.686-4.686 12.284 0 16.971l211.051 211.05c4.686 4.686 12.284 4.686 16.97-.001z\"><\/path>\n            <\/svg><br \/>\n        <\/button><br \/>\n        <button data-glide-dir=\">&#8220;><br \/>\n            <svg role=\"img\"  viewBox=\"0 0 256 512\">\n                <path fill=\"currentColor\" d=\"M17.525 36.465l-7.071 7.07c-4.686 4.686-4.686 12.284 0 16.971L205.947 256 10.454 451.494c-4.686 4.686-4.686 12.284 0 16.971l7.071 7.07c4.686 4.686 12.284 4.686 16.97 0l211.051-211.05c4.686-4.686 4.686-12.284 0-16.971L34.495 36.465c-4.686-4.687-12.284-4.687-16.97 0z\"><\/path>\n            <\/svg><br \/>\n        <\/button><\/p>\n<h3>Rider statements<\/h3>\n<p><a href=\"https:\/\/twitter.com\/hashtag\/MM93?src=hashtag_click\">#MM93<\/a><\/p>\n<p>&#8220;I am looking forward to riding in Portugal, it\u2019s a demanding circuit that\u2019s very physical but a lot of fun to ride. In America we showed our speed and what we are capable of, even if everything did not go perfectly. I want to again be fighting at the front and getting good points after not the best start to the year. We have to keep working on ourselves and the bike to be able to achieve our maximum, but I know myself and Honda are working hard.\u201d<\/p>\n<p><a href=\"https:\/\/twitter.com\/hashtag\/POL44?src=hashtag_click\">#POL44<\/a><\/p>\n<p>&#8220;With the come back to Europe I\u2019m hoping to reset a bit and find what we had at the start of the year. After Qatar it seems things have been against us a little bit, but there are still plenty of races left and a lot of work to be done. Portimao is a circuit I have always enjoyed so with the new Honda I have some good hopes for the weekend.\u201d<\/p>\n","protected":false},"excerpt":{"rendered":"<p>Marc M\u00e1rquez and Pol Espargar\u00f3 travel to Portugal this week to contest the fifth round of the MotoGP World Championship.<\/p>\n","protected":false},"author":1,"featured_media":45759,"comment_status":"open","ping_status":"open","sticky":false,"template":"","format":"standard","meta":{"footnotes":""},"categories":[146],"tags":[147,6,283,208,287,128],"class_list":["post-98507","post","type-post","status-publish","format-standard","hentry","category-motogp-en","tag-2022-en","tag-marc-marquez","tag-marc-marquez-en","tag-motogp-portugal","tag-motogp-portugal-en","tag-pol-espargaro"],"yoast_head":"<!-- This site is optimized with the Yoast SEO plugin v27.3 - https:\/\/yoast.com\/product\/yoast-seo-wordpress\/ -->\n<title>Repsol Honda Team ready for first European Grand Prix of the year in Europe - Box Repsol<\/title>\n<link rel=\"canonical\" href=\"https:\/\/www.boxrepsol.com\/en\/motogp-en\/repsol-honda-team-ready-for-first-european-grand-prix-of-the-year-in-europe\/\" \/>\n<meta property=\"og:locale\" content=\"en_US\" \/>\n<meta property=\"og:type\" content=\"article\" \/>\n<meta property=\"og:title\" content=\"Repsol Honda Team ready for first European Grand Prix of the year in Europe - Box Repsol\" \/>\n<meta property=\"og:description\" content=\"Marc M\u00e1rquez and Pol Espargar\u00f3 travel to Portugal this week to contest the fifth round of the MotoGP World Championship.\" \/>\n<meta property=\"og:url\" content=\"https:\/\/www.boxrepsol.com\/en\/motogp-en\/repsol-honda-team-ready-for-first-european-grand-prix-of-the-year-in-europe\/\" \/>\n<meta property=\"og:site_name\" content=\"Box Repsol\" \/>\n<meta property=\"article:publisher\" content=\"https:\/\/www.facebook.com\/BoxRepsol\" \/>\n<meta property=\"article:published_time\" content=\"2022-04-19T02:00:00+00:00\" \/>\n<meta property=\"article:modified_time\" content=\"2023-02-27T10:16:37+00:00\" \/>\n<meta property=\"og:image\" content=\"https:\/\/bxrepsol.s3.eu-west-1.amazonaws.com\/static\/2022\/08\/10041633\/http___repsolmedia.com_repsolmedia_wp-content_uploads_2022_04_JRB4862-scaled-1-1.jpg\" \/>\n\t<meta property=\"og:image:width\" content=\"2560\" \/>\n\t<meta property=\"og:image:height\" content=\"1200\" \/>\n\t<meta property=\"og:image:type\" content=\"image\/jpeg\" \/>\n<meta name=\"author\" content=\"bx_ayesa\" \/>\n<meta name=\"twitter:card\" content=\"summary_large_image\" \/>\n<meta name=\"twitter:creator\" content=\"@box_repsol\" \/>\n<meta name=\"twitter:site\" content=\"@box_repsol\" \/>\n<meta name=\"twitter:label1\" content=\"Written by\" \/>\n\t<meta name=\"twitter:data1\" content=\"bx_ayesa\" \/>\n\t<meta name=\"twitter:label2\" content=\"Est. reading time\" \/>\n\t<meta name=\"twitter:data2\" content=\"2 minutes\" \/>\n<script type=\"application\/ld+json\" class=\"yoast-schema-graph\">{\"@context\":\"https:\\\/\\\/schema.org\",\"@graph\":[{\"@type\":\"Article\",\"@id\":\"https:\\\/\\\/www.boxrepsol.com\\\/en\\\/motogp-en\\\/repsol-honda-team-ready-for-first-european-grand-prix-of-the-year-in-europe\\\/#article\",\"isPartOf\":{\"@id\":\"https:\\\/\\\/www.boxrepsol.com\\\/en\\\/motogp-en\\\/repsol-honda-team-ready-for-first-european-grand-prix-of-the-year-in-europe\\\/\"},\"author\":{\"name\":\"bx_ayesa\",\"@id\":\"https:\\\/\\\/www.boxrepsol.com\\\/en\\\/#\\\/schema\\\/person\\\/d9d0f442a4332c7d099d31ffda4747a0\"},\"headline\":\"Repsol Honda Team ready for first European Grand Prix of the year in Europe\",\"datePublished\":\"2022-04-19T02:00:00+00:00\",\"dateModified\":\"2023-02-27T10:16:37+00:00\",\"mainEntityOfPage\":{\"@id\":\"https:\\\/\\\/www.boxrepsol.com\\\/en\\\/motogp-en\\\/repsol-honda-team-ready-for-first-european-grand-prix-of-the-year-in-europe\\\/\"},\"wordCount\":326,\"commentCount\":0,\"publisher\":{\"@id\":\"https:\\\/\\\/www.boxrepsol.com\\\/en\\\/#organization\"},\"image\":{\"@id\":\"https:\\\/\\\/www.boxrepsol.com\\\/en\\\/motogp-en\\\/repsol-honda-team-ready-for-first-european-grand-prix-of-the-year-in-europe\\\/#primaryimage\"},\"thumbnailUrl\":\"https:\\\/\\\/bxrepsol.s3.eu-west-1.amazonaws.com\\\/static\\\/2022\\\/08\\\/10041633\\\/http___repsolmedia.com_repsolmedia_wp-content_uploads_2022_04_JRB4862-scaled-1-1.jpg\",\"keywords\":[\"2022\",\"Marc M\u00e1rquez\",\"Marc M\u00e1rquez\",\"MotoGP Portugal\",\"MotoGP Portugal\",\"Pol Espargar\u00f3\"],\"articleSection\":[\"MotoGP\"],\"inLanguage\":\"en-US\",\"potentialAction\":[{\"@type\":\"CommentAction\",\"name\":\"Comment\",\"target\":[\"https:\\\/\\\/www.boxrepsol.com\\\/en\\\/motogp-en\\\/repsol-honda-team-ready-for-first-european-grand-prix-of-the-year-in-europe\\\/#respond\"]}]},{\"@type\":\"WebPage\",\"@id\":\"https:\\\/\\\/www.boxrepsol.com\\\/en\\\/motogp-en\\\/repsol-honda-team-ready-for-first-european-grand-prix-of-the-year-in-europe\\\/\",\"url\":\"https:\\\/\\\/www.boxrepsol.com\\\/en\\\/motogp-en\\\/repsol-honda-team-ready-for-first-european-grand-prix-of-the-year-in-europe\\\/\",\"name\":\"Repsol Honda Team ready for first European Grand Prix of the year in Europe - Box Repsol\",\"isPartOf\":{\"@id\":\"https:\\\/\\\/www.boxrepsol.com\\\/en\\\/#website\"},\"primaryImageOfPage\":{\"@id\":\"https:\\\/\\\/www.boxrepsol.com\\\/en\\\/motogp-en\\\/repsol-honda-team-ready-for-first-european-grand-prix-of-the-year-in-europe\\\/#primaryimage\"},\"image\":{\"@id\":\"https:\\\/\\\/www.boxrepsol.com\\\/en\\\/motogp-en\\\/repsol-honda-team-ready-for-first-european-grand-prix-of-the-year-in-europe\\\/#primaryimage\"},\"thumbnailUrl\":\"https:\\\/\\\/bxrepsol.s3.eu-west-1.amazonaws.com\\\/static\\\/2022\\\/08\\\/10041633\\\/http___repsolmedia.com_repsolmedia_wp-content_uploads_2022_04_JRB4862-scaled-1-1.jpg\",\"datePublished\":\"2022-04-19T02:00:00+00:00\",\"dateModified\":\"2023-02-27T10:16:37+00:00\",\"breadcrumb\":{\"@id\":\"https:\\\/\\\/www.boxrepsol.com\\\/en\\\/motogp-en\\\/repsol-honda-team-ready-for-first-european-grand-prix-of-the-year-in-europe\\\/#breadcrumb\"},\"inLanguage\":\"en-US\",\"potentialAction\":[{\"@type\":\"ReadAction\",\"target\":[\"https:\\\/\\\/www.boxrepsol.com\\\/en\\\/motogp-en\\\/repsol-honda-team-ready-for-first-european-grand-prix-of-the-year-in-europe\\\/\"]}]},{\"@type\":\"ImageObject\",\"inLanguage\":\"en-US\",\"@id\":\"https:\\\/\\\/www.boxrepsol.com\\\/en\\\/motogp-en\\\/repsol-honda-team-ready-for-first-european-grand-prix-of-the-year-in-europe\\\/#primaryimage\",\"url\":\"https:\\\/\\\/bxrepsol.s3.eu-west-1.amazonaws.com\\\/static\\\/2022\\\/08\\\/10041633\\\/http___repsolmedia.com_repsolmedia_wp-content_uploads_2022_04_JRB4862-scaled-1-1.jpg\",\"contentUrl\":\"https:\\\/\\\/bxrepsol.s3.eu-west-1.amazonaws.com\\\/static\\\/2022\\\/08\\\/10041633\\\/http___repsolmedia.com_repsolmedia_wp-content_uploads_2022_04_JRB4862-scaled-1-1.jpg\",\"width\":2560,\"height\":1200},{\"@type\":\"BreadcrumbList\",\"@id\":\"https:\\\/\\\/www.boxrepsol.com\\\/en\\\/motogp-en\\\/repsol-honda-team-ready-for-first-european-grand-prix-of-the-year-in-europe\\\/#breadcrumb\",\"itemListElement\":[{\"@type\":\"ListItem\",\"position\":1,\"name\":\"Home\",\"item\":\"https:\\\/\\\/www.boxrepsol.com\\\/en\\\/\"},{\"@type\":\"ListItem\",\"position\":2,\"name\":\"Repsol Honda Team ready for first European Grand Prix of the year in Europe\"}]},{\"@type\":\"WebSite\",\"@id\":\"https:\\\/\\\/www.boxrepsol.com\\\/en\\\/#website\",\"url\":\"https:\\\/\\\/www.boxrepsol.com\\\/en\\\/\",\"name\":\"Box Repsol\",\"description\":\"Box Repsol Site\",\"publisher\":{\"@id\":\"https:\\\/\\\/www.boxrepsol.com\\\/en\\\/#organization\"},\"potentialAction\":[{\"@type\":\"SearchAction\",\"target\":{\"@type\":\"EntryPoint\",\"urlTemplate\":\"https:\\\/\\\/www.boxrepsol.com\\\/en\\\/?s={search_term_string}\"},\"query-input\":{\"@type\":\"PropertyValueSpecification\",\"valueRequired\":true,\"valueName\":\"search_term_string\"}}],\"inLanguage\":\"en-US\"},{\"@type\":\"Organization\",\"@id\":\"https:\\\/\\\/www.boxrepsol.com\\\/en\\\/#organization\",\"name\":\"Box Repsol\",\"url\":\"https:\\\/\\\/www.boxrepsol.com\\\/en\\\/\",\"logo\":{\"@type\":\"ImageObject\",\"inLanguage\":\"en-US\",\"@id\":\"https:\\\/\\\/www.boxrepsol.com\\\/en\\\/#\\\/schema\\\/logo\\\/image\\\/\",\"url\":\"https:\\\/\\\/bxrepsol.s3.eu-west-1.amazonaws.com\\\/static\\\/2025\\\/07\\\/30083337\\\/favicon-96x96-1.png\",\"contentUrl\":\"https:\\\/\\\/bxrepsol.s3.eu-west-1.amazonaws.com\\\/static\\\/2025\\\/07\\\/30083337\\\/favicon-96x96-1.png\",\"width\":96,\"height\":96,\"caption\":\"Box Repsol\"},\"image\":{\"@id\":\"https:\\\/\\\/www.boxrepsol.com\\\/en\\\/#\\\/schema\\\/logo\\\/image\\\/\"},\"sameAs\":[\"https:\\\/\\\/www.facebook.com\\\/BoxRepsol\",\"https:\\\/\\\/x.com\\\/box_repsol\",\"http:\\\/\\\/instagram.com\\\/box_repsol\",\"https:\\\/\\\/www.youtube.com\\\/user\\\/RepsolCompeticion\",\"https:\\\/\\\/www.flickr.com\\\/photos\\\/box_repsol\\\/\"]},{\"@type\":\"Person\",\"@id\":\"https:\\\/\\\/www.boxrepsol.com\\\/en\\\/#\\\/schema\\\/person\\\/d9d0f442a4332c7d099d31ffda4747a0\",\"name\":\"bx_ayesa\",\"image\":{\"@type\":\"ImageObject\",\"inLanguage\":\"en-US\",\"@id\":\"https:\\\/\\\/secure.gravatar.com\\\/avatar\\\/059e1b9d3585083708845ba70e8dd968f143ff35f5e0e10cf2d1e7afe2c6a878?s=96&d=mm&r=g\",\"url\":\"https:\\\/\\\/secure.gravatar.com\\\/avatar\\\/059e1b9d3585083708845ba70e8dd968f143ff35f5e0e10cf2d1e7afe2c6a878?s=96&d=mm&r=g\",\"contentUrl\":\"https:\\\/\\\/secure.gravatar.com\\\/avatar\\\/059e1b9d3585083708845ba70e8dd968f143ff35f5e0e10cf2d1e7afe2c6a878?s=96&d=mm&r=g\",\"caption\":\"bx_ayesa\"},\"sameAs\":[\"http:\\\/\\\/54.155.157.200\"],\"url\":\"https:\\\/\\\/www.boxrepsol.com\\\/en\\\/author\\\/bx_ayesa\\\/\"}]}<\/script>\n<!-- \/ Yoast SEO plugin. -->","yoast_head_json":{"title":"Repsol Honda Team ready for first European Grand Prix of the year in Europe - Box Repsol","canonical":"https:\/\/www.boxrepsol.com\/en\/motogp-en\/repsol-honda-team-ready-for-first-european-grand-prix-of-the-year-in-europe\/","og_locale":"en_US","og_type":"article","og_title":"Repsol Honda Team ready for first European Grand Prix of the year in Europe - Box Repsol","og_description":"Marc M\u00e1rquez and Pol Espargar\u00f3 travel to Portugal this week to contest the fifth round of the MotoGP World Championship.","og_url":"https:\/\/www.boxrepsol.com\/en\/motogp-en\/repsol-honda-team-ready-for-first-european-grand-prix-of-the-year-in-europe\/","og_site_name":"Box Repsol","article_publisher":"https:\/\/www.facebook.com\/BoxRepsol","article_published_time":"2022-04-19T02:00:00+00:00","article_modified_time":"2023-02-27T10:16:37+00:00","og_image":[{"width":2560,"height":1200,"url":"https:\/\/bxrepsol.s3.eu-west-1.amazonaws.com\/static\/2022\/08\/10041633\/http___repsolmedia.com_repsolmedia_wp-content_uploads_2022_04_JRB4862-scaled-1-1.jpg","type":"image\/jpeg"}],"author":"bx_ayesa","twitter_card":"summary_large_image","twitter_creator":"@box_repsol","twitter_site":"@box_repsol","twitter_misc":{"Written by":"bx_ayesa","Est. reading time":"2 minutes"},"schema":{"@context":"https:\/\/schema.org","@graph":[{"@type":"Article","@id":"https:\/\/www.boxrepsol.com\/en\/motogp-en\/repsol-honda-team-ready-for-first-european-grand-prix-of-the-year-in-europe\/#article","isPartOf":{"@id":"https:\/\/www.boxrepsol.com\/en\/motogp-en\/repsol-honda-team-ready-for-first-european-grand-prix-of-the-year-in-europe\/"},"author":{"name":"bx_ayesa","@id":"https:\/\/www.boxrepsol.com\/en\/#\/schema\/person\/d9d0f442a4332c7d099d31ffda4747a0"},"headline":"Repsol Honda Team ready for first European Grand Prix of the year in Europe","datePublished":"2022-04-19T02:00:00+00:00","dateModified":"2023-02-27T10:16:37+00:00","mainEntityOfPage":{"@id":"https:\/\/www.boxrepsol.com\/en\/motogp-en\/repsol-honda-team-ready-for-first-european-grand-prix-of-the-year-in-europe\/"},"wordCount":326,"commentCount":0,"publisher":{"@id":"https:\/\/www.boxrepsol.com\/en\/#organization"},"image":{"@id":"https:\/\/www.boxrepsol.com\/en\/motogp-en\/repsol-honda-team-ready-for-first-european-grand-prix-of-the-year-in-europe\/#primaryimage"},"thumbnailUrl":"https:\/\/bxrepsol.s3.eu-west-1.amazonaws.com\/static\/2022\/08\/10041633\/http___repsolmedia.com_repsolmedia_wp-content_uploads_2022_04_JRB4862-scaled-1-1.jpg","keywords":["2022","Marc M\u00e1rquez","Marc M\u00e1rquez","MotoGP Portugal","MotoGP Portugal","Pol Espargar\u00f3"],"articleSection":["MotoGP"],"inLanguage":"en-US","potentialAction":[{"@type":"CommentAction","name":"Comment","target":["https:\/\/www.boxrepsol.com\/en\/motogp-en\/repsol-honda-team-ready-for-first-european-grand-prix-of-the-year-in-europe\/#respond"]}]},{"@type":"WebPage","@id":"https:\/\/www.boxrepsol.com\/en\/motogp-en\/repsol-honda-team-ready-for-first-european-grand-prix-of-the-year-in-europe\/","url":"https:\/\/www.boxrepsol.com\/en\/motogp-en\/repsol-honda-team-ready-for-first-european-grand-prix-of-the-year-in-europe\/","name":"Repsol Honda Team ready for first European Grand Prix of the year in Europe - Box Repsol","isPartOf":{"@id":"https:\/\/www.boxrepsol.com\/en\/#website"},"primaryImageOfPage":{"@id":"https:\/\/www.boxrepsol.com\/en\/motogp-en\/repsol-honda-team-ready-for-first-european-grand-prix-of-the-year-in-europe\/#primaryimage"},"image":{"@id":"https:\/\/www.boxrepsol.com\/en\/motogp-en\/repsol-honda-team-ready-for-first-european-grand-prix-of-the-year-in-europe\/#primaryimage"},"thumbnailUrl":"https:\/\/bxrepsol.s3.eu-west-1.amazonaws.com\/static\/2022\/08\/10041633\/http___repsolmedia.com_repsolmedia_wp-content_uploads_2022_04_JRB4862-scaled-1-1.jpg","datePublished":"2022-04-19T02:00:00+00:00","dateModified":"2023-02-27T10:16:37+00:00","breadcrumb":{"@id":"https:\/\/www.boxrepsol.com\/en\/motogp-en\/repsol-honda-team-ready-for-first-european-grand-prix-of-the-year-in-europe\/#breadcrumb"},"inLanguage":"en-US","potentialAction":[{"@type":"ReadAction","target":["https:\/\/www.boxrepsol.com\/en\/motogp-en\/repsol-honda-team-ready-for-first-european-grand-prix-of-the-year-in-europe\/"]}]},{"@type":"ImageObject","inLanguage":"en-US","@id":"https:\/\/www.boxrepsol.com\/en\/motogp-en\/repsol-honda-team-ready-for-first-european-grand-prix-of-the-year-in-europe\/#primaryimage","url":"https:\/\/bxrepsol.s3.eu-west-1.amazonaws.com\/static\/2022\/08\/10041633\/http___repsolmedia.com_repsolmedia_wp-content_uploads_2022_04_JRB4862-scaled-1-1.jpg","contentUrl":"https:\/\/bxrepsol.s3.eu-west-1.amazonaws.com\/static\/2022\/08\/10041633\/http___repsolmedia.com_repsolmedia_wp-content_uploads_2022_04_JRB4862-scaled-1-1.jpg","width":2560,"height":1200},{"@type":"BreadcrumbList","@id":"https:\/\/www.boxrepsol.com\/en\/motogp-en\/repsol-honda-team-ready-for-first-european-grand-prix-of-the-year-in-europe\/#breadcrumb","itemListElement":[{"@type":"ListItem","position":1,"name":"Home","item":"https:\/\/www.boxrepsol.com\/en\/"},{"@type":"ListItem","position":2,"name":"Repsol Honda Team ready for first European Grand Prix of the year in Europe"}]},{"@type":"WebSite","@id":"https:\/\/www.boxrepsol.com\/en\/#website","url":"https:\/\/www.boxrepsol.com\/en\/","name":"Box Repsol","description":"Box Repsol Site","publisher":{"@id":"https:\/\/www.boxrepsol.com\/en\/#organization"},"potentialAction":[{"@type":"SearchAction","target":{"@type":"EntryPoint","urlTemplate":"https:\/\/www.boxrepsol.com\/en\/?s={search_term_string}"},"query-input":{"@type":"PropertyValueSpecification","valueRequired":true,"valueName":"search_term_string"}}],"inLanguage":"en-US"},{"@type":"Organization","@id":"https:\/\/www.boxrepsol.com\/en\/#organization","name":"Box Repsol","url":"https:\/\/www.boxrepsol.com\/en\/","logo":{"@type":"ImageObject","inLanguage":"en-US","@id":"https:\/\/www.boxrepsol.com\/en\/#\/schema\/logo\/image\/","url":"https:\/\/bxrepsol.s3.eu-west-1.amazonaws.com\/static\/2025\/07\/30083337\/favicon-96x96-1.png","contentUrl":"https:\/\/bxrepsol.s3.eu-west-1.amazonaws.com\/static\/2025\/07\/30083337\/favicon-96x96-1.png","width":96,"height":96,"caption":"Box Repsol"},"image":{"@id":"https:\/\/www.boxrepsol.com\/en\/#\/schema\/logo\/image\/"},"sameAs":["https:\/\/www.facebook.com\/BoxRepsol","https:\/\/x.com\/box_repsol","http:\/\/instagram.com\/box_repsol","https:\/\/www.youtube.com\/user\/RepsolCompeticion","https:\/\/www.flickr.com\/photos\/box_repsol\/"]},{"@type":"Person","@id":"https:\/\/www.boxrepsol.com\/en\/#\/schema\/person\/d9d0f442a4332c7d099d31ffda4747a0","name":"bx_ayesa","image":{"@type":"ImageObject","inLanguage":"en-US","@id":"https:\/\/secure.gravatar.com\/avatar\/059e1b9d3585083708845ba70e8dd968f143ff35f5e0e10cf2d1e7afe2c6a878?s=96&d=mm&r=g","url":"https:\/\/secure.gravatar.com\/avatar\/059e1b9d3585083708845ba70e8dd968f143ff35f5e0e10cf2d1e7afe2c6a878?s=96&d=mm&r=g","contentUrl":"https:\/\/secure.gravatar.com\/avatar\/059e1b9d3585083708845ba70e8dd968f143ff35f5e0e10cf2d1e7afe2c6a878?s=96&d=mm&r=g","caption":"bx_ayesa"},"sameAs":["http:\/\/54.155.157.200"],"url":"https:\/\/www.boxrepsol.com\/en\/author\/bx_ayesa\/"}]}},"_links":{"self":[{"href":"https:\/\/www.boxrepsol.com\/en\/wp-json\/wp\/v2\/posts\/98507","targetHints":{"allow":["GET"]}}],"collection":[{"href":"https:\/\/www.boxrepsol.com\/en\/wp-json\/wp\/v2\/posts"}],"about":[{"href":"https:\/\/www.boxrepsol.com\/en\/wp-json\/wp\/v2\/types\/post"}],"author":[{"embeddable":true,"href":"https:\/\/www.boxrepsol.com\/en\/wp-json\/wp\/v2\/users\/1"}],"replies":[{"embeddable":true,"href":"https:\/\/www.boxrepsol.com\/en\/wp-json\/wp\/v2\/comments?post=98507"}],"version-history":[{"count":1,"href":"https:\/\/www.boxrepsol.com\/en\/wp-json\/wp\/v2\/posts\/98507\/revisions"}],"predecessor-version":[{"id":98508,"href":"https:\/\/www.boxrepsol.com\/en\/wp-json\/wp\/v2\/posts\/98507\/revisions\/98508"}],"wp:featuredmedia":[{"embeddable":true,"href":"https:\/\/www.boxrepsol.com\/en\/wp-json\/wp\/v2\/media\/45759"}],"wp:attachment":[{"href":"https:\/\/www.boxrepsol.com\/en\/wp-json\/wp\/v2\/media?parent=98507"}],"wp:term":[{"taxonomy":"category","embeddable":true,"href":"https:\/\/www.boxrepsol.com\/en\/wp-json\/wp\/v2\/categories?post=98507"},{"taxonomy":"post_tag","embeddable":true,"href":"https:\/\/www.boxrepsol.com\/en\/wp-json\/wp\/v2\/tags?post=98507"}],"curies":[{"name":"wp","href":"https:\/\/api.w.org\/{rel}","templated":true}]}}