{"id":98468,"date":"2022-03-05T00:00:00","date_gmt":"2022-03-05T02:00:00","guid":{"rendered":"http:\/\/pre.boxrepsol.com\/uncategorized\/marquez-third-and-espargaro-sixth-in-first-qualifying-session-of-the-year\/"},"modified":"2022-03-05T00:00:00","modified_gmt":"2022-03-05T02:00:00","slug":"marquez-third-and-espargaro-sixth-in-first-qualifying-session-of-the-year","status":"publish","type":"post","link":"https:\/\/www.boxrepsol.com\/en\/motogp-en\/marquez-third-and-espargaro-sixth-in-first-qualifying-session-of-the-year\/","title":{"rendered":"M\u00e1rquez third and Espargar\u00f3 sixth in first qualifying session of the year"},"content":{"rendered":"<p><strong>Marc M\u00e1rquez<\/strong> once again had a positive day in Doha, <strong>Qatar,<\/strong> this Saturday. The eight-time World Champion will start the first race of the season from third position -thanks to a best time of 1:53.283. He was just 0.0272s off pole position.<\/p>\n<p>The <strong>Repsol Honda Team<\/strong> rider will occupy a spot on the third row for the first round of the MotoGP World Championship, held at the <strong>Lusail International Circuit.<\/strong><\/p>\n<p>His teammate, <strong>Pol Espargar\u00f3,<\/strong> will begin the <strong>Qatar Grand Prix<\/strong> from sixth. The <strong>Repsol Honda Team<\/strong> rider enjoyed a solid Saturday, and for most of the day was amongst the Top 5 fastest competitors.<\/p>\n<p>On his last flying lap, <strong>Espargar\u00f3<\/strong> set a 1:53.346, earning him a place on Row 2 of the grid.<\/p>\n<h3>Rider Statements<\/h3>\n<p><a href=\"https:\/\/twitter.com\/hashtag\/MM93?src=hashtag_click\">#MM93<\/a><\/p>\n<p>&#8220;It\u2019s important to start in the front in the front two rows of the grid and this was the goal for today. Qatar is not one of the best circuits for my style but thanks to a step we made in Free Practice 4 I have been feeling better. I\u2019m happy but tomorrow is the most important day and we are not the fastest guy out there at the moment. Of course there\u2019s still time to work and we will try to manage everything well. Our FP4 pace is close and the track can change a lot here with the wind, the sand and humidity. Let\u2019s see what happens on Sunday, I am excited!&#8221;<\/p>\n<p><a href=\"https:\/\/twitter.com\/hashtag\/POL44?src=hashtag_click\">#POL44<\/a><\/p>\n<p>&#8220;Speaking honestly, it\u2019s a shame to be so close to the front row and just miss out. But we have to look at the bigger picture, I made a mistake and still we are this close to the front row still. It shows the progress we are making but starting on the front two rows is good. These top six positions are where you need to be at the start of the race. Apart from this it was a very good day, I was calm and didn\u2019t get too excited with how we were feeling on the bike. We\u2019ve made the first step of the year and tomorrow we will see what will unfold in the race, anything can still happen.&#8221;<\/p>\n","protected":false},"excerpt":{"rendered":"<p>The Repsol Honda Team riders will start the opening race of the season from the front and second rows.<\/p>\n","protected":false},"author":1,"featured_media":45254,"comment_status":"open","ping_status":"open","sticky":false,"template":"","format":"standard","meta":{"footnotes":""},"categories":[146],"tags":[147,6,283,410,222,128],"class_list":["post-98468","post","type-post","status-publish","format-standard","hentry","category-motogp-en","tag-2022-en","tag-marc-marquez","tag-marc-marquez-en","tag-motogp-catar-en","tag-motogp-qatar","tag-pol-espargaro"],"yoast_head":"<!-- This site is optimized with the Yoast SEO plugin v27.3 - https:\/\/yoast.com\/product\/yoast-seo-wordpress\/ -->\n<title>M\u00e1rquez third and Espargar\u00f3 sixth in first qualifying session of the year - Box Repsol<\/title>\n<link rel=\"canonical\" href=\"https:\/\/www.boxrepsol.com\/en\/motogp-en\/marquez-third-and-espargaro-sixth-in-first-qualifying-session-of-the-year\/\" \/>\n<meta property=\"og:locale\" content=\"en_US\" \/>\n<meta property=\"og:type\" content=\"article\" \/>\n<meta property=\"og:title\" content=\"M\u00e1rquez third and Espargar\u00f3 sixth in first qualifying session of the year - Box Repsol\" \/>\n<meta property=\"og:description\" content=\"The Repsol Honda Team riders will start the opening race of the season from the front and second rows.\" \/>\n<meta property=\"og:url\" content=\"https:\/\/www.boxrepsol.com\/en\/motogp-en\/marquez-third-and-espargaro-sixth-in-first-qualifying-session-of-the-year\/\" \/>\n<meta property=\"og:site_name\" content=\"Box Repsol\" \/>\n<meta property=\"article:publisher\" content=\"https:\/\/www.facebook.com\/BoxRepsol\" \/>\n<meta property=\"article:published_time\" content=\"2022-03-05T02:00:00+00:00\" \/>\n<meta property=\"og:image\" content=\"https:\/\/bxrepsol.s3.eu-west-1.amazonaws.com\/static\/2022\/08\/10040437\/http___repsolmedia.com_repsolmedia_wp-content_uploads_2022_03_RD1_Qatar_Marc_2022-07011-scaled-1.jpg\" \/>\n\t<meta property=\"og:image:width\" content=\"2560\" \/>\n\t<meta property=\"og:image:height\" content=\"1706\" \/>\n\t<meta property=\"og:image:type\" content=\"image\/jpeg\" \/>\n<meta name=\"author\" content=\"bx_ayesa\" \/>\n<meta name=\"twitter:card\" content=\"summary_large_image\" \/>\n<meta name=\"twitter:creator\" content=\"@box_repsol\" \/>\n<meta name=\"twitter:site\" content=\"@box_repsol\" \/>\n<meta name=\"twitter:label1\" content=\"Written by\" \/>\n\t<meta name=\"twitter:data1\" content=\"bx_ayesa\" \/>\n\t<meta name=\"twitter:label2\" content=\"Est. reading time\" \/>\n\t<meta name=\"twitter:data2\" content=\"2 minutes\" \/>\n<script type=\"application\/ld+json\" class=\"yoast-schema-graph\">{\"@context\":\"https:\\\/\\\/schema.org\",\"@graph\":[{\"@type\":\"Article\",\"@id\":\"https:\\\/\\\/www.boxrepsol.com\\\/en\\\/motogp-en\\\/marquez-third-and-espargaro-sixth-in-first-qualifying-session-of-the-year\\\/#article\",\"isPartOf\":{\"@id\":\"https:\\\/\\\/www.boxrepsol.com\\\/en\\\/motogp-en\\\/marquez-third-and-espargaro-sixth-in-first-qualifying-session-of-the-year\\\/\"},\"author\":{\"name\":\"bx_ayesa\",\"@id\":\"https:\\\/\\\/www.boxrepsol.com\\\/en\\\/#\\\/schema\\\/person\\\/d9d0f442a4332c7d099d31ffda4747a0\"},\"headline\":\"M\u00e1rquez third and Espargar\u00f3 sixth in first qualifying session of the year\",\"datePublished\":\"2022-03-05T02:00:00+00:00\",\"mainEntityOfPage\":{\"@id\":\"https:\\\/\\\/www.boxrepsol.com\\\/en\\\/motogp-en\\\/marquez-third-and-espargaro-sixth-in-first-qualifying-session-of-the-year\\\/\"},\"wordCount\":378,\"commentCount\":0,\"publisher\":{\"@id\":\"https:\\\/\\\/www.boxrepsol.com\\\/en\\\/#organization\"},\"image\":{\"@id\":\"https:\\\/\\\/www.boxrepsol.com\\\/en\\\/motogp-en\\\/marquez-third-and-espargaro-sixth-in-first-qualifying-session-of-the-year\\\/#primaryimage\"},\"thumbnailUrl\":\"https:\\\/\\\/bxrepsol.s3.eu-west-1.amazonaws.com\\\/static\\\/2022\\\/08\\\/10040437\\\/http___repsolmedia.com_repsolmedia_wp-content_uploads_2022_03_RD1_Qatar_Marc_2022-07011-scaled-1.jpg\",\"keywords\":[\"2022\",\"Marc M\u00e1rquez\",\"Marc M\u00e1rquez\",\"MotoGP Catar\",\"MotoGP Qatar\",\"Pol Espargar\u00f3\"],\"articleSection\":[\"MotoGP\"],\"inLanguage\":\"en-US\",\"potentialAction\":[{\"@type\":\"CommentAction\",\"name\":\"Comment\",\"target\":[\"https:\\\/\\\/www.boxrepsol.com\\\/en\\\/motogp-en\\\/marquez-third-and-espargaro-sixth-in-first-qualifying-session-of-the-year\\\/#respond\"]}]},{\"@type\":\"WebPage\",\"@id\":\"https:\\\/\\\/www.boxrepsol.com\\\/en\\\/motogp-en\\\/marquez-third-and-espargaro-sixth-in-first-qualifying-session-of-the-year\\\/\",\"url\":\"https:\\\/\\\/www.boxrepsol.com\\\/en\\\/motogp-en\\\/marquez-third-and-espargaro-sixth-in-first-qualifying-session-of-the-year\\\/\",\"name\":\"M\u00e1rquez third and Espargar\u00f3 sixth in first qualifying session of the year - Box Repsol\",\"isPartOf\":{\"@id\":\"https:\\\/\\\/www.boxrepsol.com\\\/en\\\/#website\"},\"primaryImageOfPage\":{\"@id\":\"https:\\\/\\\/www.boxrepsol.com\\\/en\\\/motogp-en\\\/marquez-third-and-espargaro-sixth-in-first-qualifying-session-of-the-year\\\/#primaryimage\"},\"image\":{\"@id\":\"https:\\\/\\\/www.boxrepsol.com\\\/en\\\/motogp-en\\\/marquez-third-and-espargaro-sixth-in-first-qualifying-session-of-the-year\\\/#primaryimage\"},\"thumbnailUrl\":\"https:\\\/\\\/bxrepsol.s3.eu-west-1.amazonaws.com\\\/static\\\/2022\\\/08\\\/10040437\\\/http___repsolmedia.com_repsolmedia_wp-content_uploads_2022_03_RD1_Qatar_Marc_2022-07011-scaled-1.jpg\",\"datePublished\":\"2022-03-05T02:00:00+00:00\",\"breadcrumb\":{\"@id\":\"https:\\\/\\\/www.boxrepsol.com\\\/en\\\/motogp-en\\\/marquez-third-and-espargaro-sixth-in-first-qualifying-session-of-the-year\\\/#breadcrumb\"},\"inLanguage\":\"en-US\",\"potentialAction\":[{\"@type\":\"ReadAction\",\"target\":[\"https:\\\/\\\/www.boxrepsol.com\\\/en\\\/motogp-en\\\/marquez-third-and-espargaro-sixth-in-first-qualifying-session-of-the-year\\\/\"]}]},{\"@type\":\"ImageObject\",\"inLanguage\":\"en-US\",\"@id\":\"https:\\\/\\\/www.boxrepsol.com\\\/en\\\/motogp-en\\\/marquez-third-and-espargaro-sixth-in-first-qualifying-session-of-the-year\\\/#primaryimage\",\"url\":\"https:\\\/\\\/bxrepsol.s3.eu-west-1.amazonaws.com\\\/static\\\/2022\\\/08\\\/10040437\\\/http___repsolmedia.com_repsolmedia_wp-content_uploads_2022_03_RD1_Qatar_Marc_2022-07011-scaled-1.jpg\",\"contentUrl\":\"https:\\\/\\\/bxrepsol.s3.eu-west-1.amazonaws.com\\\/static\\\/2022\\\/08\\\/10040437\\\/http___repsolmedia.com_repsolmedia_wp-content_uploads_2022_03_RD1_Qatar_Marc_2022-07011-scaled-1.jpg\",\"width\":2560,\"height\":1706},{\"@type\":\"BreadcrumbList\",\"@id\":\"https:\\\/\\\/www.boxrepsol.com\\\/en\\\/motogp-en\\\/marquez-third-and-espargaro-sixth-in-first-qualifying-session-of-the-year\\\/#breadcrumb\",\"itemListElement\":[{\"@type\":\"ListItem\",\"position\":1,\"name\":\"Home\",\"item\":\"https:\\\/\\\/www.boxrepsol.com\\\/en\\\/\"},{\"@type\":\"ListItem\",\"position\":2,\"name\":\"M\u00e1rquez third and Espargar\u00f3 sixth in first qualifying session of the year\"}]},{\"@type\":\"WebSite\",\"@id\":\"https:\\\/\\\/www.boxrepsol.com\\\/en\\\/#website\",\"url\":\"https:\\\/\\\/www.boxrepsol.com\\\/en\\\/\",\"name\":\"Box Repsol\",\"description\":\"Box Repsol Site\",\"publisher\":{\"@id\":\"https:\\\/\\\/www.boxrepsol.com\\\/en\\\/#organization\"},\"potentialAction\":[{\"@type\":\"SearchAction\",\"target\":{\"@type\":\"EntryPoint\",\"urlTemplate\":\"https:\\\/\\\/www.boxrepsol.com\\\/en\\\/?s={search_term_string}\"},\"query-input\":{\"@type\":\"PropertyValueSpecification\",\"valueRequired\":true,\"valueName\":\"search_term_string\"}}],\"inLanguage\":\"en-US\"},{\"@type\":\"Organization\",\"@id\":\"https:\\\/\\\/www.boxrepsol.com\\\/en\\\/#organization\",\"name\":\"Box Repsol\",\"url\":\"https:\\\/\\\/www.boxrepsol.com\\\/en\\\/\",\"logo\":{\"@type\":\"ImageObject\",\"inLanguage\":\"en-US\",\"@id\":\"https:\\\/\\\/www.boxrepsol.com\\\/en\\\/#\\\/schema\\\/logo\\\/image\\\/\",\"url\":\"https:\\\/\\\/bxrepsol.s3.eu-west-1.amazonaws.com\\\/static\\\/2025\\\/07\\\/30083337\\\/favicon-96x96-1.png\",\"contentUrl\":\"https:\\\/\\\/bxrepsol.s3.eu-west-1.amazonaws.com\\\/static\\\/2025\\\/07\\\/30083337\\\/favicon-96x96-1.png\",\"width\":96,\"height\":96,\"caption\":\"Box Repsol\"},\"image\":{\"@id\":\"https:\\\/\\\/www.boxrepsol.com\\\/en\\\/#\\\/schema\\\/logo\\\/image\\\/\"},\"sameAs\":[\"https:\\\/\\\/www.facebook.com\\\/BoxRepsol\",\"https:\\\/\\\/x.com\\\/box_repsol\",\"http:\\\/\\\/instagram.com\\\/box_repsol\",\"https:\\\/\\\/www.youtube.com\\\/user\\\/RepsolCompeticion\",\"https:\\\/\\\/www.flickr.com\\\/photos\\\/box_repsol\\\/\"]},{\"@type\":\"Person\",\"@id\":\"https:\\\/\\\/www.boxrepsol.com\\\/en\\\/#\\\/schema\\\/person\\\/d9d0f442a4332c7d099d31ffda4747a0\",\"name\":\"bx_ayesa\",\"image\":{\"@type\":\"ImageObject\",\"inLanguage\":\"en-US\",\"@id\":\"https:\\\/\\\/secure.gravatar.com\\\/avatar\\\/059e1b9d3585083708845ba70e8dd968f143ff35f5e0e10cf2d1e7afe2c6a878?s=96&d=mm&r=g\",\"url\":\"https:\\\/\\\/secure.gravatar.com\\\/avatar\\\/059e1b9d3585083708845ba70e8dd968f143ff35f5e0e10cf2d1e7afe2c6a878?s=96&d=mm&r=g\",\"contentUrl\":\"https:\\\/\\\/secure.gravatar.com\\\/avatar\\\/059e1b9d3585083708845ba70e8dd968f143ff35f5e0e10cf2d1e7afe2c6a878?s=96&d=mm&r=g\",\"caption\":\"bx_ayesa\"},\"sameAs\":[\"http:\\\/\\\/54.155.157.200\"],\"url\":\"https:\\\/\\\/www.boxrepsol.com\\\/en\\\/author\\\/bx_ayesa\\\/\"}]}<\/script>\n<!-- \/ Yoast SEO plugin. -->","yoast_head_json":{"title":"M\u00e1rquez third and Espargar\u00f3 sixth in first qualifying session of the year - Box Repsol","canonical":"https:\/\/www.boxrepsol.com\/en\/motogp-en\/marquez-third-and-espargaro-sixth-in-first-qualifying-session-of-the-year\/","og_locale":"en_US","og_type":"article","og_title":"M\u00e1rquez third and Espargar\u00f3 sixth in first qualifying session of the year - Box Repsol","og_description":"The Repsol Honda Team riders will start the opening race of the season from the front and second rows.","og_url":"https:\/\/www.boxrepsol.com\/en\/motogp-en\/marquez-third-and-espargaro-sixth-in-first-qualifying-session-of-the-year\/","og_site_name":"Box Repsol","article_publisher":"https:\/\/www.facebook.com\/BoxRepsol","article_published_time":"2022-03-05T02:00:00+00:00","og_image":[{"width":2560,"height":1706,"url":"https:\/\/bxrepsol.s3.eu-west-1.amazonaws.com\/static\/2022\/08\/10040437\/http___repsolmedia.com_repsolmedia_wp-content_uploads_2022_03_RD1_Qatar_Marc_2022-07011-scaled-1.jpg","type":"image\/jpeg"}],"author":"bx_ayesa","twitter_card":"summary_large_image","twitter_creator":"@box_repsol","twitter_site":"@box_repsol","twitter_misc":{"Written by":"bx_ayesa","Est. reading time":"2 minutes"},"schema":{"@context":"https:\/\/schema.org","@graph":[{"@type":"Article","@id":"https:\/\/www.boxrepsol.com\/en\/motogp-en\/marquez-third-and-espargaro-sixth-in-first-qualifying-session-of-the-year\/#article","isPartOf":{"@id":"https:\/\/www.boxrepsol.com\/en\/motogp-en\/marquez-third-and-espargaro-sixth-in-first-qualifying-session-of-the-year\/"},"author":{"name":"bx_ayesa","@id":"https:\/\/www.boxrepsol.com\/en\/#\/schema\/person\/d9d0f442a4332c7d099d31ffda4747a0"},"headline":"M\u00e1rquez third and Espargar\u00f3 sixth in first qualifying session of the year","datePublished":"2022-03-05T02:00:00+00:00","mainEntityOfPage":{"@id":"https:\/\/www.boxrepsol.com\/en\/motogp-en\/marquez-third-and-espargaro-sixth-in-first-qualifying-session-of-the-year\/"},"wordCount":378,"commentCount":0,"publisher":{"@id":"https:\/\/www.boxrepsol.com\/en\/#organization"},"image":{"@id":"https:\/\/www.boxrepsol.com\/en\/motogp-en\/marquez-third-and-espargaro-sixth-in-first-qualifying-session-of-the-year\/#primaryimage"},"thumbnailUrl":"https:\/\/bxrepsol.s3.eu-west-1.amazonaws.com\/static\/2022\/08\/10040437\/http___repsolmedia.com_repsolmedia_wp-content_uploads_2022_03_RD1_Qatar_Marc_2022-07011-scaled-1.jpg","keywords":["2022","Marc M\u00e1rquez","Marc M\u00e1rquez","MotoGP Catar","MotoGP Qatar","Pol Espargar\u00f3"],"articleSection":["MotoGP"],"inLanguage":"en-US","potentialAction":[{"@type":"CommentAction","name":"Comment","target":["https:\/\/www.boxrepsol.com\/en\/motogp-en\/marquez-third-and-espargaro-sixth-in-first-qualifying-session-of-the-year\/#respond"]}]},{"@type":"WebPage","@id":"https:\/\/www.boxrepsol.com\/en\/motogp-en\/marquez-third-and-espargaro-sixth-in-first-qualifying-session-of-the-year\/","url":"https:\/\/www.boxrepsol.com\/en\/motogp-en\/marquez-third-and-espargaro-sixth-in-first-qualifying-session-of-the-year\/","name":"M\u00e1rquez third and Espargar\u00f3 sixth in first qualifying session of the year - Box Repsol","isPartOf":{"@id":"https:\/\/www.boxrepsol.com\/en\/#website"},"primaryImageOfPage":{"@id":"https:\/\/www.boxrepsol.com\/en\/motogp-en\/marquez-third-and-espargaro-sixth-in-first-qualifying-session-of-the-year\/#primaryimage"},"image":{"@id":"https:\/\/www.boxrepsol.com\/en\/motogp-en\/marquez-third-and-espargaro-sixth-in-first-qualifying-session-of-the-year\/#primaryimage"},"thumbnailUrl":"https:\/\/bxrepsol.s3.eu-west-1.amazonaws.com\/static\/2022\/08\/10040437\/http___repsolmedia.com_repsolmedia_wp-content_uploads_2022_03_RD1_Qatar_Marc_2022-07011-scaled-1.jpg","datePublished":"2022-03-05T02:00:00+00:00","breadcrumb":{"@id":"https:\/\/www.boxrepsol.com\/en\/motogp-en\/marquez-third-and-espargaro-sixth-in-first-qualifying-session-of-the-year\/#breadcrumb"},"inLanguage":"en-US","potentialAction":[{"@type":"ReadAction","target":["https:\/\/www.boxrepsol.com\/en\/motogp-en\/marquez-third-and-espargaro-sixth-in-first-qualifying-session-of-the-year\/"]}]},{"@type":"ImageObject","inLanguage":"en-US","@id":"https:\/\/www.boxrepsol.com\/en\/motogp-en\/marquez-third-and-espargaro-sixth-in-first-qualifying-session-of-the-year\/#primaryimage","url":"https:\/\/bxrepsol.s3.eu-west-1.amazonaws.com\/static\/2022\/08\/10040437\/http___repsolmedia.com_repsolmedia_wp-content_uploads_2022_03_RD1_Qatar_Marc_2022-07011-scaled-1.jpg","contentUrl":"https:\/\/bxrepsol.s3.eu-west-1.amazonaws.com\/static\/2022\/08\/10040437\/http___repsolmedia.com_repsolmedia_wp-content_uploads_2022_03_RD1_Qatar_Marc_2022-07011-scaled-1.jpg","width":2560,"height":1706},{"@type":"BreadcrumbList","@id":"https:\/\/www.boxrepsol.com\/en\/motogp-en\/marquez-third-and-espargaro-sixth-in-first-qualifying-session-of-the-year\/#breadcrumb","itemListElement":[{"@type":"ListItem","position":1,"name":"Home","item":"https:\/\/www.boxrepsol.com\/en\/"},{"@type":"ListItem","position":2,"name":"M\u00e1rquez third and Espargar\u00f3 sixth in first qualifying session of the year"}]},{"@type":"WebSite","@id":"https:\/\/www.boxrepsol.com\/en\/#website","url":"https:\/\/www.boxrepsol.com\/en\/","name":"Box Repsol","description":"Box Repsol Site","publisher":{"@id":"https:\/\/www.boxrepsol.com\/en\/#organization"},"potentialAction":[{"@type":"SearchAction","target":{"@type":"EntryPoint","urlTemplate":"https:\/\/www.boxrepsol.com\/en\/?s={search_term_string}"},"query-input":{"@type":"PropertyValueSpecification","valueRequired":true,"valueName":"search_term_string"}}],"inLanguage":"en-US"},{"@type":"Organization","@id":"https:\/\/www.boxrepsol.com\/en\/#organization","name":"Box Repsol","url":"https:\/\/www.boxrepsol.com\/en\/","logo":{"@type":"ImageObject","inLanguage":"en-US","@id":"https:\/\/www.boxrepsol.com\/en\/#\/schema\/logo\/image\/","url":"https:\/\/bxrepsol.s3.eu-west-1.amazonaws.com\/static\/2025\/07\/30083337\/favicon-96x96-1.png","contentUrl":"https:\/\/bxrepsol.s3.eu-west-1.amazonaws.com\/static\/2025\/07\/30083337\/favicon-96x96-1.png","width":96,"height":96,"caption":"Box Repsol"},"image":{"@id":"https:\/\/www.boxrepsol.com\/en\/#\/schema\/logo\/image\/"},"sameAs":["https:\/\/www.facebook.com\/BoxRepsol","https:\/\/x.com\/box_repsol","http:\/\/instagram.com\/box_repsol","https:\/\/www.youtube.com\/user\/RepsolCompeticion","https:\/\/www.flickr.com\/photos\/box_repsol\/"]},{"@type":"Person","@id":"https:\/\/www.boxrepsol.com\/en\/#\/schema\/person\/d9d0f442a4332c7d099d31ffda4747a0","name":"bx_ayesa","image":{"@type":"ImageObject","inLanguage":"en-US","@id":"https:\/\/secure.gravatar.com\/avatar\/059e1b9d3585083708845ba70e8dd968f143ff35f5e0e10cf2d1e7afe2c6a878?s=96&d=mm&r=g","url":"https:\/\/secure.gravatar.com\/avatar\/059e1b9d3585083708845ba70e8dd968f143ff35f5e0e10cf2d1e7afe2c6a878?s=96&d=mm&r=g","contentUrl":"https:\/\/secure.gravatar.com\/avatar\/059e1b9d3585083708845ba70e8dd968f143ff35f5e0e10cf2d1e7afe2c6a878?s=96&d=mm&r=g","caption":"bx_ayesa"},"sameAs":["http:\/\/54.155.157.200"],"url":"https:\/\/www.boxrepsol.com\/en\/author\/bx_ayesa\/"}]}},"_links":{"self":[{"href":"https:\/\/www.boxrepsol.com\/en\/wp-json\/wp\/v2\/posts\/98468","targetHints":{"allow":["GET"]}}],"collection":[{"href":"https:\/\/www.boxrepsol.com\/en\/wp-json\/wp\/v2\/posts"}],"about":[{"href":"https:\/\/www.boxrepsol.com\/en\/wp-json\/wp\/v2\/types\/post"}],"author":[{"embeddable":true,"href":"https:\/\/www.boxrepsol.com\/en\/wp-json\/wp\/v2\/users\/1"}],"replies":[{"embeddable":true,"href":"https:\/\/www.boxrepsol.com\/en\/wp-json\/wp\/v2\/comments?post=98468"}],"version-history":[{"count":0,"href":"https:\/\/www.boxrepsol.com\/en\/wp-json\/wp\/v2\/posts\/98468\/revisions"}],"wp:featuredmedia":[{"embeddable":true,"href":"https:\/\/www.boxrepsol.com\/en\/wp-json\/wp\/v2\/media\/45254"}],"wp:attachment":[{"href":"https:\/\/www.boxrepsol.com\/en\/wp-json\/wp\/v2\/media?parent=98468"}],"wp:term":[{"taxonomy":"category","embeddable":true,"href":"https:\/\/www.boxrepsol.com\/en\/wp-json\/wp\/v2\/categories?post=98468"},{"taxonomy":"post_tag","embeddable":true,"href":"https:\/\/www.boxrepsol.com\/en\/wp-json\/wp\/v2\/tags?post=98468"}],"curies":[{"name":"wp","href":"https:\/\/api.w.org\/{rel}","templated":true}]}}