{"id":98439,"date":"2022-01-12T00:00:00","date_gmt":"2022-01-12T02:00:00","guid":{"rendered":"http:\/\/pre.boxrepsol.com\/uncategorized\/what-do-marc-marquez-and-pol-espargaro-do-over-the-winter\/"},"modified":"2023-02-27T08:14:35","modified_gmt":"2023-02-27T10:14:35","slug":"what-do-marc-marquez-and-pol-espargaro-do-over-the-winter","status":"publish","type":"post","link":"https:\/\/www.boxrepsol.com\/en\/motogp-en\/what-do-marc-marquez-and-pol-espargaro-do-over-the-winter\/","title":{"rendered":"What do Marc M\u00e1rquez and Pol Espargar\u00f3 do over the winter?"},"content":{"rendered":"<p>When the competition calendars weren&#8217;t as intense as they are today, winter meant a few months of <strong>vacation<\/strong> for riders. They could disconnect and relax. It was a long period away from their motorcycles, where they looked for a well-deserved rest and took the opportunity to disconnect from the competition and recharge their batteries in far-flung locations, or simply get away from the stress of racing, which prevents them from leading a normal life.<\/p>\n<blockquote style=\"background: #FFF; border: 0; border-radius: 3px; box-shadow: 0 0 1px 0 rgba(0,0,0,0.5),0 1px 10px 0 rgba(0,0,0,0.15); margin: 1px; max-width: 540px; min-width: 326px; padding: 0; width: calc(100% - 2px);\" data-instgrm-captioned=\"\" data-instgrm-permalink=\"https:\/\/www.instagram.com\/p\/CYWRG20o1l6\/?utm_source=ig_embed&amp;utm_campaign=loading\" data-instgrm-version=\"14\">\n<p>&nbsp;<\/p>\n<p>Ver esta publicaci\u00f3n en Instagram<\/p>\n<p>&nbsp;<\/p>\n<p style=\"color: #c9c8cd; font-family: Arial,sans-serif; font-size: 14px; line-height: 17px; margin-bottom: 0; margin-top: 8px; overflow: hidden; padding: 8px 0 7px; text-align: center; text-overflow: ellipsis; white-space: nowrap;\"><a style=\"color: #c9c8cd; font-family: Arial,sans-serif; font-size: 14px; font-style: normal; font-weight: normal; line-height: 17px; text-decoration: none;\" href=\"https:\/\/www.instagram.com\/p\/CYWRG20o1l6\/?utm_source=ig_embed&amp;utm_campaign=loading\" target=\"_blank\" rel=\"noopener\">Una publicaci\u00f3n compartida de Marc Ma\u0301rquez (@marcmarquez93)<\/a><\/p>\n<\/blockquote>\n<p>That is now a thing of the past, part of the prehistory of motorcycling we could say, because although it is true there is no track time in December and January: no competitions, no training sessions, or races of any kind as they are prohibited due to MotoGP regulations, riders cannot rest on their laurels or neglect their <strong>physical condition<\/strong>. Some take advantage of December to take a little vacation, the real kind, and not worry about schedules, or meals, or training.<\/p>\n<p>Although, given the top physical condition MotoGP riders are currently in, even during these moments of rest, few decide not to carry on exercising, not quite at the same intensity as their usual preparation, but they try to stay on top of things.<\/p>\n<p>There are those who, come winter, still have a tight schedule, for various reasons. For example, the season champions have commitments that run over into December, due to sponsors or the media, and that forces them to give up some of their days off. Riders&#8217; schedules are not as flexible as they used to be when ceremonies, celebrations, and galas could get in the way of physical preparation.<\/p>\n<p><strong>Heal the body<\/strong><\/p>\n<p>Something very different happens when this time for rest has be spent at the hands of doctors, which happens quite often. With such a long season\u2014last year there were 18 races, and in 2022 there will be 20\u2014it\u2019s rare for a driver to not get injured, no matter how minor, and they sometimes end up carrying this injury throughout the championship until, come December, they can finally get a doctor to sort it out. Others, who have had to undergo surgery during the season, take advantage of this time to get plates and casts, put in place to fix fractures, removed. In general, they are not overly complex <strong>surgeries<\/strong>, but they do end up on the operating table, and this implies a lot of recovery time.<\/p>\n<p>A recent example is Marc M\u00e1rquez, who spent the last few winters busy recovering due to various injuries. Since the winter of 2018, M\u00e1rquez has been undergoing medical treatment. First to fix a chronic shoulder problem, with was a total success, as he then went on to win the MotoGP title. And then, a serious injury to his right humerus in Jerez in 2020 forced him out with a long recovery. Currently, <a href=\"https:\/\/www.boxrepsol.com\/es\/motogp\/marc-marquez-progresa-adecuadamente-de-su-diplopia\/\">M\u00e1rquez is recovering well<\/a> from an episode of diplopia after suffering a fall in training. These are prices that sometimes have to be paid, but as we saw in 2012, when M\u00e1rquez suffered a similar problem, that period of rest allowed him to get ready and be fully fit for the start of the championship.<\/p>\n<p><img loading=\"lazy\" decoding=\"async\" src=\"https:\/\/bxrepsol.s3.eu-west-1.amazonaws.com\/static\/2022\/08\/05083325\/http___repsolmedia.com_repsolmedia_wp-content_uploads_2019_02_MM93_Cervera-20-scaled.jpg\" alt=\"\" width=\"3000\" height=\"1500\" \/><\/p>\n<p>December is generally a quiet month, but in January things start to pick up again. Lately, physical preparation is more important than ever, because riders face a ten-month schedule. There are races from March to November, but also before and after the championship, the riders are go through some important <strong>training sessions<\/strong> that are essential for their performance over the course of the season.<\/p>\n<p><strong>Work intensifies at HRC in December and January<\/strong><\/p>\n<p>In the<strong> tests<\/strong> carried out in the weeks after the last Grand Prix of the season, in November, riders test the prototypes for the following campaign. Modifications and adjustments are made in order to improve the available equipment and make it more competitive. With all the information gathered during those intense days of testing, while the riders take a break before starting their physical preparation, the engineers, in December and January, get to work on developing the new bikes.<\/p>\n<p><img loading=\"lazy\" decoding=\"async\" src=\"https:\/\/bxrepsol.s3.eu-west-1.amazonaws.com\/static\/2022\/08\/05083327\/Copy-of-RD18.1_JerezTest_2021-9.jpg\" alt=\"\" width=\"2500\" height=\"1668\" \/><\/p>\n<p>They usually start by <strong>improving<\/strong> on the previous year\u2019s model. But it is also very common for bold engineers to make substantial changes that result in completely new bikes. And they don\u2019t just do it on a whim, most of the time, it\u2019s the riders who encourage them to make these radical changes. In general, the engineer is open-minded, willing to try new things, but there is technical manager mediating between the rider\u2019s wishes and the new material available to the engineer. They are usually pragmatic and decisive, driven by the motto: \u2018if ain\u2019t broke, don\u2019t fix it\u2019.<\/p>\n<p>The factory builds the new motorcycles in December and finishes them off in January. At the end of the month, before the riders test the bikes again in February, they are put through their paces by the <strong>test riders<\/strong> . They are in charge of making sure that everything is in order, that the bikes work properly, and there are no problems.<\/p>\n<p>Before the first tests, while the riders get training, the team technicians also go to the factories to learn about the new motorcycles and do what is called \u201cschooling\u201d, which is nothing more than a technical course in which factory engineers teach them all the new features and learn how to assemble and disassemble the new motorcycles. They are all seasoned technicians, but these sessions are a must to familiarize themselves with the new material.<\/p>\n<p><strong>Top physical condition <\/strong><\/p>\n<p>By January, riders have done everything they can to get themselves in\u00a0 <strong>top physical condition<\/strong>. The season is long, and demands are higher than ever on an athlete&#8217;s physical condition, which is achieved with intense and varied training. A lot of work is done to gain physical strength, and it is common to do cross-country skiing and cycling\u2014the truth is that many riders never get off their bike in the whole year\u2014as well as a lot of work in the gym.<\/p>\n<blockquote style=\"background: #FFF; border: 0; border-radius: 3px; box-shadow: 0 0 1px 0 rgba(0,0,0,0.5),0 1px 10px 0 rgba(0,0,0,0.15); margin: 1px; max-width: 540px; min-width: 326px; padding: 0; width: calc(100% - 2px);\" data-instgrm-captioned=\"\" data-instgrm-permalink=\"https:\/\/www.instagram.com\/p\/CXdlOTRLIry\/?utm_source=ig_embed&amp;utm_campaign=loading\" data-instgrm-version=\"14\">\n<p>&nbsp;<\/p>\n<p>Ver esta publicaci\u00f3n en Instagram<\/p>\n<p>&nbsp;<\/p>\n<p style=\"color: #c9c8cd; font-family: Arial,sans-serif; font-size: 14px; line-height: 17px; margin-bottom: 0; margin-top: 8px; overflow: hidden; padding: 8px 0 7px; text-align: center; text-overflow: ellipsis; white-space: nowrap;\"><a style=\"color: #c9c8cd; font-family: Arial,sans-serif; font-size: 14px; font-style: normal; font-weight: normal; line-height: 17px; text-decoration: none;\" href=\"https:\/\/www.instagram.com\/p\/CXdlOTRLIry\/?utm_source=ig_embed&amp;utm_campaign=loading\" target=\"_blank\" rel=\"noopener\">Una publicaci\u00f3n compartida de Pol Espargaro\u0301 (@polespargaro)<\/a><\/p>\n<\/blockquote>\n<p>Each rider has a physical trainer who creates a specific plan for them according to their characteristics and needs. The old myth that riders in the old days never stepped foot inside a gym, isn\u2019t entirely true. Their physical condition might not have been as impressive as it is today, as there is no other way to handle the high physical demands of a MotoGP bike, but the great champions of the 500s era also worked hard to tame those wild beasts . We would have to go back to before color TV to see a real difference in physique, but the competition was different back then. It was another world.<\/p>\n<p><img loading=\"lazy\" decoding=\"async\" src=\"https:\/\/bxrepsol.s3.eu-west-1.amazonaws.com\/static\/2022\/08\/05083332\/http___repsolmedia.com_repsolmedia_wp-content_uploads_1976_05_angel_nieto_6_1976-scaled.jpg\" alt=\"\" width=\"3568\" height=\"2536\" \/><\/p>\n<p>Of course, <strong>practice on the track<\/strong> cannot be neglected either. Although they cannot ride their racing bikes, all riders train with motocross or<a href=\"https:\/\/www.boxrepsol.com\/es\/motogp\/el-dirt-track-en-5-claves\/\"> dirt track<\/a> bikes, or a sports bike on the track, to not lose their touch and continue to improve skid control and different riding techniques. There is always a risk with motorcycle training, because of how Moto GP riders are wired, they can never go out for quiet ride. If not, they wouldn&#8217;t be professional riders! Whether jumping or skidding, or at full speed in a MotoGP, the riders always give their all. They can spend many hours on the bike, and this can sometimes lead to expensive mistakes. Many riders\u00a0 have been injured while training with motorcycles and they have ended up missing preseason tests, or having to do them while carrying an injury, and that can be a costly handicap.<\/p>\n<p><img loading=\"lazy\" decoding=\"async\" src=\"https:\/\/bxrepsol.s3.eu-west-1.amazonaws.com\/static\/2022\/08\/05083336\/DT-10.jpg\" alt=\"\" width=\"1888\" height=\"1259\" \/><\/p>\n<p>In the end, the success or failure of a rider does not depend exclusively on them. It is a combination of a good motorcycle, a good technical team, and a rider who knows how to respond to the demands of the competition. And, sometimes, in such a <a href=\"https:\/\/www.boxrepsol.com\/es\/motogp\/motogp-el-campeonato-mas-igualado-de-la-historia\/\">tightly fought<\/a> competition as it is today, success depends more on what has been done over the winter than on what can be done during the season. If in they haven\u2019t put in the hard work in December and January, it will be very difficult to make this up in during the intense competition schedule. This is why <strong>winter<\/strong> is so important.<\/p>\n","protected":false},"excerpt":{"rendered":"<p>Gone are the days when winter was the season to rest and relax ahead of the the Motorcycle World Championship. There aren\u2019t actually any races and everything is less hectic, but no one is on vacation.<\/p>\n","protected":false},"author":1,"featured_media":44910,"comment_status":"open","ping_status":"open","sticky":false,"template":"","format":"standard","meta":{"footnotes":""},"categories":[146],"tags":[279,6,283,210,128,8],"class_list":["post-98439","post","type-post","status-publish","format-standard","hentry","category-motogp-en","tag-campeonato-del-mundo-de-motociclismo-en","tag-marc-marquez","tag-marc-marquez-en","tag-motocycling-world-championship","tag-pol-espargaro","tag-repsol-honda-team"],"yoast_head":"<!-- This site is optimized with the Yoast SEO plugin v27.3 - https:\/\/yoast.com\/product\/yoast-seo-wordpress\/ -->\n<title>What do Marc M\u00e1rquez and Pol Espargar\u00f3 do over the winter? - Box Repsol<\/title>\n<link rel=\"canonical\" href=\"https:\/\/www.boxrepsol.com\/en\/motogp-en\/what-do-marc-marquez-and-pol-espargaro-do-over-the-winter\/\" \/>\n<meta property=\"og:locale\" content=\"en_US\" \/>\n<meta property=\"og:type\" content=\"article\" \/>\n<meta property=\"og:title\" content=\"What do Marc M\u00e1rquez and Pol Espargar\u00f3 do over the winter? - Box Repsol\" \/>\n<meta property=\"og:description\" content=\"Gone are the days when winter was the season to rest and relax ahead of the the Motorcycle World Championship. There aren\u2019t actually any races and everything is less hectic, but no one is on vacation.\" \/>\n<meta property=\"og:url\" content=\"https:\/\/www.boxrepsol.com\/en\/motogp-en\/what-do-marc-marquez-and-pol-espargaro-do-over-the-winter\/\" \/>\n<meta property=\"og:site_name\" content=\"Box Repsol\" \/>\n<meta property=\"article:publisher\" content=\"https:\/\/www.facebook.com\/BoxRepsol\" \/>\n<meta property=\"article:published_time\" content=\"2022-01-12T02:00:00+00:00\" \/>\n<meta property=\"article:modified_time\" content=\"2023-02-27T10:14:35+00:00\" \/>\n<meta property=\"og:image\" content=\"https:\/\/bxrepsol.s3.eu-west-1.amazonaws.com\/static\/2022\/08\/09142124\/APERTURA-scaled.jpg\" \/>\n\t<meta property=\"og:image:width\" content=\"2560\" \/>\n\t<meta property=\"og:image:height\" content=\"1708\" \/>\n\t<meta property=\"og:image:type\" content=\"image\/jpeg\" \/>\n<meta name=\"author\" content=\"bx_ayesa\" \/>\n<meta name=\"twitter:card\" content=\"summary_large_image\" \/>\n<meta name=\"twitter:creator\" content=\"@box_repsol\" \/>\n<meta name=\"twitter:site\" content=\"@box_repsol\" \/>\n<meta name=\"twitter:label1\" content=\"Written by\" \/>\n\t<meta name=\"twitter:data1\" content=\"bx_ayesa\" \/>\n\t<meta name=\"twitter:label2\" content=\"Est. reading time\" \/>\n\t<meta name=\"twitter:data2\" content=\"7 minutes\" \/>\n<script type=\"application\/ld+json\" class=\"yoast-schema-graph\">{\"@context\":\"https:\\\/\\\/schema.org\",\"@graph\":[{\"@type\":\"Article\",\"@id\":\"https:\\\/\\\/www.boxrepsol.com\\\/en\\\/motogp-en\\\/what-do-marc-marquez-and-pol-espargaro-do-over-the-winter\\\/#article\",\"isPartOf\":{\"@id\":\"https:\\\/\\\/www.boxrepsol.com\\\/en\\\/motogp-en\\\/what-do-marc-marquez-and-pol-espargaro-do-over-the-winter\\\/\"},\"author\":{\"name\":\"bx_ayesa\",\"@id\":\"https:\\\/\\\/www.boxrepsol.com\\\/en\\\/#\\\/schema\\\/person\\\/d9d0f442a4332c7d099d31ffda4747a0\"},\"headline\":\"What do Marc M\u00e1rquez and Pol Espargar\u00f3 do over the winter?\",\"datePublished\":\"2022-01-12T02:00:00+00:00\",\"dateModified\":\"2023-02-27T10:14:35+00:00\",\"mainEntityOfPage\":{\"@id\":\"https:\\\/\\\/www.boxrepsol.com\\\/en\\\/motogp-en\\\/what-do-marc-marquez-and-pol-espargaro-do-over-the-winter\\\/\"},\"wordCount\":1415,\"commentCount\":0,\"publisher\":{\"@id\":\"https:\\\/\\\/www.boxrepsol.com\\\/en\\\/#organization\"},\"image\":{\"@id\":\"https:\\\/\\\/www.boxrepsol.com\\\/en\\\/motogp-en\\\/what-do-marc-marquez-and-pol-espargaro-do-over-the-winter\\\/#primaryimage\"},\"thumbnailUrl\":\"https:\\\/\\\/bxrepsol.s3.eu-west-1.amazonaws.com\\\/static\\\/2022\\\/08\\\/09142124\\\/APERTURA-scaled.jpg\",\"keywords\":[\"Campeonato del Mundo de Motociclismo\",\"Marc M\u00e1rquez\",\"Marc M\u00e1rquez\",\"Motocycling World Championship\",\"Pol Espargar\u00f3\",\"Repsol Honda Team\"],\"articleSection\":[\"MotoGP\"],\"inLanguage\":\"en-US\",\"potentialAction\":[{\"@type\":\"CommentAction\",\"name\":\"Comment\",\"target\":[\"https:\\\/\\\/www.boxrepsol.com\\\/en\\\/motogp-en\\\/what-do-marc-marquez-and-pol-espargaro-do-over-the-winter\\\/#respond\"]}]},{\"@type\":\"WebPage\",\"@id\":\"https:\\\/\\\/www.boxrepsol.com\\\/en\\\/motogp-en\\\/what-do-marc-marquez-and-pol-espargaro-do-over-the-winter\\\/\",\"url\":\"https:\\\/\\\/www.boxrepsol.com\\\/en\\\/motogp-en\\\/what-do-marc-marquez-and-pol-espargaro-do-over-the-winter\\\/\",\"name\":\"What do Marc M\u00e1rquez and Pol Espargar\u00f3 do over the winter? - Box Repsol\",\"isPartOf\":{\"@id\":\"https:\\\/\\\/www.boxrepsol.com\\\/en\\\/#website\"},\"primaryImageOfPage\":{\"@id\":\"https:\\\/\\\/www.boxrepsol.com\\\/en\\\/motogp-en\\\/what-do-marc-marquez-and-pol-espargaro-do-over-the-winter\\\/#primaryimage\"},\"image\":{\"@id\":\"https:\\\/\\\/www.boxrepsol.com\\\/en\\\/motogp-en\\\/what-do-marc-marquez-and-pol-espargaro-do-over-the-winter\\\/#primaryimage\"},\"thumbnailUrl\":\"https:\\\/\\\/bxrepsol.s3.eu-west-1.amazonaws.com\\\/static\\\/2022\\\/08\\\/09142124\\\/APERTURA-scaled.jpg\",\"datePublished\":\"2022-01-12T02:00:00+00:00\",\"dateModified\":\"2023-02-27T10:14:35+00:00\",\"breadcrumb\":{\"@id\":\"https:\\\/\\\/www.boxrepsol.com\\\/en\\\/motogp-en\\\/what-do-marc-marquez-and-pol-espargaro-do-over-the-winter\\\/#breadcrumb\"},\"inLanguage\":\"en-US\",\"potentialAction\":[{\"@type\":\"ReadAction\",\"target\":[\"https:\\\/\\\/www.boxrepsol.com\\\/en\\\/motogp-en\\\/what-do-marc-marquez-and-pol-espargaro-do-over-the-winter\\\/\"]}]},{\"@type\":\"ImageObject\",\"inLanguage\":\"en-US\",\"@id\":\"https:\\\/\\\/www.boxrepsol.com\\\/en\\\/motogp-en\\\/what-do-marc-marquez-and-pol-espargaro-do-over-the-winter\\\/#primaryimage\",\"url\":\"https:\\\/\\\/bxrepsol.s3.eu-west-1.amazonaws.com\\\/static\\\/2022\\\/08\\\/09142124\\\/APERTURA-scaled.jpg\",\"contentUrl\":\"https:\\\/\\\/bxrepsol.s3.eu-west-1.amazonaws.com\\\/static\\\/2022\\\/08\\\/09142124\\\/APERTURA-scaled.jpg\",\"width\":2560,\"height\":1708,\"caption\":\"Honda\u2019s iconic Africa Twin and Africa Twin Adventure Sport receive striking new looks and updates for 2022.\"},{\"@type\":\"BreadcrumbList\",\"@id\":\"https:\\\/\\\/www.boxrepsol.com\\\/en\\\/motogp-en\\\/what-do-marc-marquez-and-pol-espargaro-do-over-the-winter\\\/#breadcrumb\",\"itemListElement\":[{\"@type\":\"ListItem\",\"position\":1,\"name\":\"Home\",\"item\":\"https:\\\/\\\/www.boxrepsol.com\\\/en\\\/\"},{\"@type\":\"ListItem\",\"position\":2,\"name\":\"What do Marc M\u00e1rquez and Pol Espargar\u00f3 do over the winter?\"}]},{\"@type\":\"WebSite\",\"@id\":\"https:\\\/\\\/www.boxrepsol.com\\\/en\\\/#website\",\"url\":\"https:\\\/\\\/www.boxrepsol.com\\\/en\\\/\",\"name\":\"Box Repsol\",\"description\":\"Box Repsol Site\",\"publisher\":{\"@id\":\"https:\\\/\\\/www.boxrepsol.com\\\/en\\\/#organization\"},\"potentialAction\":[{\"@type\":\"SearchAction\",\"target\":{\"@type\":\"EntryPoint\",\"urlTemplate\":\"https:\\\/\\\/www.boxrepsol.com\\\/en\\\/?s={search_term_string}\"},\"query-input\":{\"@type\":\"PropertyValueSpecification\",\"valueRequired\":true,\"valueName\":\"search_term_string\"}}],\"inLanguage\":\"en-US\"},{\"@type\":\"Organization\",\"@id\":\"https:\\\/\\\/www.boxrepsol.com\\\/en\\\/#organization\",\"name\":\"Box Repsol\",\"url\":\"https:\\\/\\\/www.boxrepsol.com\\\/en\\\/\",\"logo\":{\"@type\":\"ImageObject\",\"inLanguage\":\"en-US\",\"@id\":\"https:\\\/\\\/www.boxrepsol.com\\\/en\\\/#\\\/schema\\\/logo\\\/image\\\/\",\"url\":\"https:\\\/\\\/bxrepsol.s3.eu-west-1.amazonaws.com\\\/static\\\/2025\\\/07\\\/30083337\\\/favicon-96x96-1.png\",\"contentUrl\":\"https:\\\/\\\/bxrepsol.s3.eu-west-1.amazonaws.com\\\/static\\\/2025\\\/07\\\/30083337\\\/favicon-96x96-1.png\",\"width\":96,\"height\":96,\"caption\":\"Box Repsol\"},\"image\":{\"@id\":\"https:\\\/\\\/www.boxrepsol.com\\\/en\\\/#\\\/schema\\\/logo\\\/image\\\/\"},\"sameAs\":[\"https:\\\/\\\/www.facebook.com\\\/BoxRepsol\",\"https:\\\/\\\/x.com\\\/box_repsol\",\"http:\\\/\\\/instagram.com\\\/box_repsol\",\"https:\\\/\\\/www.youtube.com\\\/user\\\/RepsolCompeticion\",\"https:\\\/\\\/www.flickr.com\\\/photos\\\/box_repsol\\\/\"]},{\"@type\":\"Person\",\"@id\":\"https:\\\/\\\/www.boxrepsol.com\\\/en\\\/#\\\/schema\\\/person\\\/d9d0f442a4332c7d099d31ffda4747a0\",\"name\":\"bx_ayesa\",\"image\":{\"@type\":\"ImageObject\",\"inLanguage\":\"en-US\",\"@id\":\"https:\\\/\\\/secure.gravatar.com\\\/avatar\\\/059e1b9d3585083708845ba70e8dd968f143ff35f5e0e10cf2d1e7afe2c6a878?s=96&d=mm&r=g\",\"url\":\"https:\\\/\\\/secure.gravatar.com\\\/avatar\\\/059e1b9d3585083708845ba70e8dd968f143ff35f5e0e10cf2d1e7afe2c6a878?s=96&d=mm&r=g\",\"contentUrl\":\"https:\\\/\\\/secure.gravatar.com\\\/avatar\\\/059e1b9d3585083708845ba70e8dd968f143ff35f5e0e10cf2d1e7afe2c6a878?s=96&d=mm&r=g\",\"caption\":\"bx_ayesa\"},\"sameAs\":[\"http:\\\/\\\/54.155.157.200\"],\"url\":\"https:\\\/\\\/www.boxrepsol.com\\\/en\\\/author\\\/bx_ayesa\\\/\"}]}<\/script>\n<!-- \/ Yoast SEO plugin. -->","yoast_head_json":{"title":"What do Marc M\u00e1rquez and Pol Espargar\u00f3 do over the winter? - Box Repsol","canonical":"https:\/\/www.boxrepsol.com\/en\/motogp-en\/what-do-marc-marquez-and-pol-espargaro-do-over-the-winter\/","og_locale":"en_US","og_type":"article","og_title":"What do Marc M\u00e1rquez and Pol Espargar\u00f3 do over the winter? - Box Repsol","og_description":"Gone are the days when winter was the season to rest and relax ahead of the the Motorcycle World Championship. There aren\u2019t actually any races and everything is less hectic, but no one is on vacation.","og_url":"https:\/\/www.boxrepsol.com\/en\/motogp-en\/what-do-marc-marquez-and-pol-espargaro-do-over-the-winter\/","og_site_name":"Box Repsol","article_publisher":"https:\/\/www.facebook.com\/BoxRepsol","article_published_time":"2022-01-12T02:00:00+00:00","article_modified_time":"2023-02-27T10:14:35+00:00","og_image":[{"width":2560,"height":1708,"url":"https:\/\/bxrepsol.s3.eu-west-1.amazonaws.com\/static\/2022\/08\/09142124\/APERTURA-scaled.jpg","type":"image\/jpeg"}],"author":"bx_ayesa","twitter_card":"summary_large_image","twitter_creator":"@box_repsol","twitter_site":"@box_repsol","twitter_misc":{"Written by":"bx_ayesa","Est. reading time":"7 minutes"},"schema":{"@context":"https:\/\/schema.org","@graph":[{"@type":"Article","@id":"https:\/\/www.boxrepsol.com\/en\/motogp-en\/what-do-marc-marquez-and-pol-espargaro-do-over-the-winter\/#article","isPartOf":{"@id":"https:\/\/www.boxrepsol.com\/en\/motogp-en\/what-do-marc-marquez-and-pol-espargaro-do-over-the-winter\/"},"author":{"name":"bx_ayesa","@id":"https:\/\/www.boxrepsol.com\/en\/#\/schema\/person\/d9d0f442a4332c7d099d31ffda4747a0"},"headline":"What do Marc M\u00e1rquez and Pol Espargar\u00f3 do over the winter?","datePublished":"2022-01-12T02:00:00+00:00","dateModified":"2023-02-27T10:14:35+00:00","mainEntityOfPage":{"@id":"https:\/\/www.boxrepsol.com\/en\/motogp-en\/what-do-marc-marquez-and-pol-espargaro-do-over-the-winter\/"},"wordCount":1415,"commentCount":0,"publisher":{"@id":"https:\/\/www.boxrepsol.com\/en\/#organization"},"image":{"@id":"https:\/\/www.boxrepsol.com\/en\/motogp-en\/what-do-marc-marquez-and-pol-espargaro-do-over-the-winter\/#primaryimage"},"thumbnailUrl":"https:\/\/bxrepsol.s3.eu-west-1.amazonaws.com\/static\/2022\/08\/09142124\/APERTURA-scaled.jpg","keywords":["Campeonato del Mundo de Motociclismo","Marc M\u00e1rquez","Marc M\u00e1rquez","Motocycling World Championship","Pol Espargar\u00f3","Repsol Honda Team"],"articleSection":["MotoGP"],"inLanguage":"en-US","potentialAction":[{"@type":"CommentAction","name":"Comment","target":["https:\/\/www.boxrepsol.com\/en\/motogp-en\/what-do-marc-marquez-and-pol-espargaro-do-over-the-winter\/#respond"]}]},{"@type":"WebPage","@id":"https:\/\/www.boxrepsol.com\/en\/motogp-en\/what-do-marc-marquez-and-pol-espargaro-do-over-the-winter\/","url":"https:\/\/www.boxrepsol.com\/en\/motogp-en\/what-do-marc-marquez-and-pol-espargaro-do-over-the-winter\/","name":"What do Marc M\u00e1rquez and Pol Espargar\u00f3 do over the winter? - Box Repsol","isPartOf":{"@id":"https:\/\/www.boxrepsol.com\/en\/#website"},"primaryImageOfPage":{"@id":"https:\/\/www.boxrepsol.com\/en\/motogp-en\/what-do-marc-marquez-and-pol-espargaro-do-over-the-winter\/#primaryimage"},"image":{"@id":"https:\/\/www.boxrepsol.com\/en\/motogp-en\/what-do-marc-marquez-and-pol-espargaro-do-over-the-winter\/#primaryimage"},"thumbnailUrl":"https:\/\/bxrepsol.s3.eu-west-1.amazonaws.com\/static\/2022\/08\/09142124\/APERTURA-scaled.jpg","datePublished":"2022-01-12T02:00:00+00:00","dateModified":"2023-02-27T10:14:35+00:00","breadcrumb":{"@id":"https:\/\/www.boxrepsol.com\/en\/motogp-en\/what-do-marc-marquez-and-pol-espargaro-do-over-the-winter\/#breadcrumb"},"inLanguage":"en-US","potentialAction":[{"@type":"ReadAction","target":["https:\/\/www.boxrepsol.com\/en\/motogp-en\/what-do-marc-marquez-and-pol-espargaro-do-over-the-winter\/"]}]},{"@type":"ImageObject","inLanguage":"en-US","@id":"https:\/\/www.boxrepsol.com\/en\/motogp-en\/what-do-marc-marquez-and-pol-espargaro-do-over-the-winter\/#primaryimage","url":"https:\/\/bxrepsol.s3.eu-west-1.amazonaws.com\/static\/2022\/08\/09142124\/APERTURA-scaled.jpg","contentUrl":"https:\/\/bxrepsol.s3.eu-west-1.amazonaws.com\/static\/2022\/08\/09142124\/APERTURA-scaled.jpg","width":2560,"height":1708,"caption":"Honda\u2019s iconic Africa Twin and Africa Twin Adventure Sport receive striking new looks and updates for 2022."},{"@type":"BreadcrumbList","@id":"https:\/\/www.boxrepsol.com\/en\/motogp-en\/what-do-marc-marquez-and-pol-espargaro-do-over-the-winter\/#breadcrumb","itemListElement":[{"@type":"ListItem","position":1,"name":"Home","item":"https:\/\/www.boxrepsol.com\/en\/"},{"@type":"ListItem","position":2,"name":"What do Marc M\u00e1rquez and Pol Espargar\u00f3 do over the winter?"}]},{"@type":"WebSite","@id":"https:\/\/www.boxrepsol.com\/en\/#website","url":"https:\/\/www.boxrepsol.com\/en\/","name":"Box Repsol","description":"Box Repsol Site","publisher":{"@id":"https:\/\/www.boxrepsol.com\/en\/#organization"},"potentialAction":[{"@type":"SearchAction","target":{"@type":"EntryPoint","urlTemplate":"https:\/\/www.boxrepsol.com\/en\/?s={search_term_string}"},"query-input":{"@type":"PropertyValueSpecification","valueRequired":true,"valueName":"search_term_string"}}],"inLanguage":"en-US"},{"@type":"Organization","@id":"https:\/\/www.boxrepsol.com\/en\/#organization","name":"Box Repsol","url":"https:\/\/www.boxrepsol.com\/en\/","logo":{"@type":"ImageObject","inLanguage":"en-US","@id":"https:\/\/www.boxrepsol.com\/en\/#\/schema\/logo\/image\/","url":"https:\/\/bxrepsol.s3.eu-west-1.amazonaws.com\/static\/2025\/07\/30083337\/favicon-96x96-1.png","contentUrl":"https:\/\/bxrepsol.s3.eu-west-1.amazonaws.com\/static\/2025\/07\/30083337\/favicon-96x96-1.png","width":96,"height":96,"caption":"Box Repsol"},"image":{"@id":"https:\/\/www.boxrepsol.com\/en\/#\/schema\/logo\/image\/"},"sameAs":["https:\/\/www.facebook.com\/BoxRepsol","https:\/\/x.com\/box_repsol","http:\/\/instagram.com\/box_repsol","https:\/\/www.youtube.com\/user\/RepsolCompeticion","https:\/\/www.flickr.com\/photos\/box_repsol\/"]},{"@type":"Person","@id":"https:\/\/www.boxrepsol.com\/en\/#\/schema\/person\/d9d0f442a4332c7d099d31ffda4747a0","name":"bx_ayesa","image":{"@type":"ImageObject","inLanguage":"en-US","@id":"https:\/\/secure.gravatar.com\/avatar\/059e1b9d3585083708845ba70e8dd968f143ff35f5e0e10cf2d1e7afe2c6a878?s=96&d=mm&r=g","url":"https:\/\/secure.gravatar.com\/avatar\/059e1b9d3585083708845ba70e8dd968f143ff35f5e0e10cf2d1e7afe2c6a878?s=96&d=mm&r=g","contentUrl":"https:\/\/secure.gravatar.com\/avatar\/059e1b9d3585083708845ba70e8dd968f143ff35f5e0e10cf2d1e7afe2c6a878?s=96&d=mm&r=g","caption":"bx_ayesa"},"sameAs":["http:\/\/54.155.157.200"],"url":"https:\/\/www.boxrepsol.com\/en\/author\/bx_ayesa\/"}]}},"_links":{"self":[{"href":"https:\/\/www.boxrepsol.com\/en\/wp-json\/wp\/v2\/posts\/98439","targetHints":{"allow":["GET"]}}],"collection":[{"href":"https:\/\/www.boxrepsol.com\/en\/wp-json\/wp\/v2\/posts"}],"about":[{"href":"https:\/\/www.boxrepsol.com\/en\/wp-json\/wp\/v2\/types\/post"}],"author":[{"embeddable":true,"href":"https:\/\/www.boxrepsol.com\/en\/wp-json\/wp\/v2\/users\/1"}],"replies":[{"embeddable":true,"href":"https:\/\/www.boxrepsol.com\/en\/wp-json\/wp\/v2\/comments?post=98439"}],"version-history":[{"count":1,"href":"https:\/\/www.boxrepsol.com\/en\/wp-json\/wp\/v2\/posts\/98439\/revisions"}],"predecessor-version":[{"id":98440,"href":"https:\/\/www.boxrepsol.com\/en\/wp-json\/wp\/v2\/posts\/98439\/revisions\/98440"}],"wp:featuredmedia":[{"embeddable":true,"href":"https:\/\/www.boxrepsol.com\/en\/wp-json\/wp\/v2\/media\/44910"}],"wp:attachment":[{"href":"https:\/\/www.boxrepsol.com\/en\/wp-json\/wp\/v2\/media?parent=98439"}],"wp:term":[{"taxonomy":"category","embeddable":true,"href":"https:\/\/www.boxrepsol.com\/en\/wp-json\/wp\/v2\/categories?post=98439"},{"taxonomy":"post_tag","embeddable":true,"href":"https:\/\/www.boxrepsol.com\/en\/wp-json\/wp\/v2\/tags?post=98439"}],"curies":[{"name":"wp","href":"https:\/\/api.w.org\/{rel}","templated":true}]}}