{"id":98397,"date":"2021-10-24T00:00:00","date_gmt":"2021-10-24T02:00:00","guid":{"rendered":"http:\/\/pre.boxrepsol.com\/uncategorized\/victory-and-second-place-for-repsol-honda-team-at-misano\/"},"modified":"2021-10-24T00:00:00","modified_gmt":"2021-10-24T02:00:00","slug":"victory-and-second-place-for-repsol-honda-team-at-misano","status":"publish","type":"post","link":"https:\/\/www.boxrepsol.com\/en\/motogp-en\/victory-and-second-place-for-repsol-honda-team-at-misano\/","title":{"rendered":"Victory and second place for Repsol Honda Team at Misano"},"content":{"rendered":"<p>The <strong>Misano World Circuit Marco Simoncelli<\/strong> was the scene for the <strong>Repsol Honda Team&#8217;s<\/strong> first one-two finish with their <strong>M\u00e1rquez Espargar\u00f3<\/strong> pairing.<\/p>\n<p><strong>Marc M\u00e1rquez<\/strong> started seventh on the grid and got off the line well, moving into the Top 3. He was in second place for much of the race and, with five laps remaining, a crash by Francesco Bagnaia allowed him to take the victory. His second consecutive win was his first back-to-back triumphs since Japan and Australia in 2019.<\/p>\n<p><strong>Pol Espargar\u00f3<\/strong> achieved his first podium as a Repsol Honda Team rider. After a good weekend and his qualifying fourth on the grid, Espargar\u00f3 maintained a consistent pace that allowed him to occupy the podium spots from start to finish.<\/p>\n<p>The <strong>Repsol Honda Team<\/strong> earned a one-two finish for the first time since the 2017 Aragon GP.<\/p>\n<p>With two rounds remaining, <strong>Marc M\u00e1rquez<\/strong> occupies sixth place in the overall standings with 142 points. Pol Espargar\u00f3 the twelfth, with 90 points. Fabio Quartararo was proclaimed 2021 MotoGP World Champion at the Misano round.<\/p>\n<h3><strong>Rider Statements<\/strong><\/h3>\n<p><a href=\"https:\/\/twitter.com\/search?q=%23MM93&amp;src=hashtag_click\" target=\"_blank\" rel=\"noopener\">#MM93<\/a><\/p>\n<p>&#8220;This is a much more important victory than Austin. My target was to be on the podium here or in Portimao, on a clockwise circuit to finish the season. And we won. We won here in Misano where usually we are not strong and today we had a race pace that was super-fast. When Pecco started to push, honestly speaking I said \u2018ok\u2019 and I relaxed a bit but he crashed. Fortunately, he\u2019s ok and we were able to take profit because he had the edge. We keep improving and this is the best way to finish the 2021 season as we prepare for 2022. When you look at the gap compared to the first race here, we\u2019ve made a step. I also want to say a big congratulations to Fabio for his title, he has been incredible this year and he really deserves it. Today is his day but I look forward to fighting with him again next year.&#8221;<\/p>\n<p><a href=\"https:\/\/twitter.com\/search?q=%23POL44&amp;src=hashtag_click\" target=\"_blank\" rel=\"noopener\">#POL44<\/a><\/p>\n<p>&#8220;An incredible race and result, beyond just myself I am so happy and pleased for the team. They\u2019ve worked so hard this year, and especially the Japanese staff in our team have lived a hard year away from home, so this result is for them. It\u2019s a team result and shows the work and progress that we have made and are making. I was quite tense during the race, to make sure we could achieve this result for the team but on the final laps \u2013 everything happened, Pecco crashed, Miguel crashed, I had a track limits warning on the bike. Today is a day to enjoy as a team, as a group. It\u2019s been a rollercoaster this year but this result shows what we can do with more knowledge of the bike and I was feeling strong after the test. Congratulations also to Quartararo on his World Championship, he has been the reference all year and put together a great season.&#8221;<\/p>\n","protected":false},"excerpt":{"rendered":"<p>Marc M\u00e1rquez wins the Grand Prix dell\u2019Emilia &#8211; Romagna, followed by Pol Espargar\u00f3 in second.<\/p>\n","protected":false},"author":1,"featured_media":44434,"comment_status":"open","ping_status":"open","sticky":false,"template":"","format":"standard","meta":{"footnotes":""},"categories":[146],"tags":[194,6,283,142,326,128],"class_list":["post-98397","post","type-post","status-publish","format-standard","hentry","category-motogp-en","tag-194","tag-marc-marquez","tag-marc-marquez-en","tag-motogp-misano","tag-motogp-misano-en","tag-pol-espargaro"],"yoast_head":"<!-- This site is optimized with the Yoast SEO plugin v27.3 - https:\/\/yoast.com\/product\/yoast-seo-wordpress\/ -->\n<title>Victory and second place for Repsol Honda Team at Misano - Box Repsol<\/title>\n<link rel=\"canonical\" href=\"https:\/\/www.boxrepsol.com\/en\/motogp-en\/victory-and-second-place-for-repsol-honda-team-at-misano\/\" \/>\n<meta property=\"og:locale\" content=\"en_US\" \/>\n<meta property=\"og:type\" content=\"article\" \/>\n<meta property=\"og:title\" content=\"Victory and second place for Repsol Honda Team at Misano - Box Repsol\" \/>\n<meta property=\"og:description\" content=\"Marc M\u00e1rquez wins the Grand Prix dell\u2019Emilia - Romagna, followed by Pol Espargar\u00f3 in second.\" \/>\n<meta property=\"og:url\" content=\"https:\/\/www.boxrepsol.com\/en\/motogp-en\/victory-and-second-place-for-repsol-honda-team-at-misano\/\" \/>\n<meta property=\"og:site_name\" content=\"Box Repsol\" \/>\n<meta property=\"article:publisher\" content=\"https:\/\/www.facebook.com\/BoxRepsol\" \/>\n<meta property=\"article:published_time\" content=\"2021-10-24T02:00:00+00:00\" \/>\n<meta property=\"og:image\" content=\"https:\/\/bxrepsol.s3.eu-west-1.amazonaws.com\/static\/2022\/08\/09140832\/http___repsolmedia.com_repsolmedia_wp-content_uploads_2021_10_Copy-of-RD16_EmiliaRomagna_2021-05519.jpg\" \/>\n\t<meta property=\"og:image:width\" content=\"2500\" \/>\n\t<meta property=\"og:image:height\" content=\"1668\" \/>\n\t<meta property=\"og:image:type\" content=\"image\/jpeg\" \/>\n<meta name=\"author\" content=\"bx_ayesa\" \/>\n<meta name=\"twitter:card\" content=\"summary_large_image\" \/>\n<meta name=\"twitter:creator\" content=\"@box_repsol\" \/>\n<meta name=\"twitter:site\" content=\"@box_repsol\" \/>\n<meta name=\"twitter:label1\" content=\"Written by\" \/>\n\t<meta name=\"twitter:data1\" content=\"bx_ayesa\" \/>\n\t<meta name=\"twitter:label2\" content=\"Est. reading time\" \/>\n\t<meta name=\"twitter:data2\" content=\"2 minutes\" \/>\n<script type=\"application\/ld+json\" class=\"yoast-schema-graph\">{\"@context\":\"https:\\\/\\\/schema.org\",\"@graph\":[{\"@type\":\"Article\",\"@id\":\"https:\\\/\\\/www.boxrepsol.com\\\/en\\\/motogp-en\\\/victory-and-second-place-for-repsol-honda-team-at-misano\\\/#article\",\"isPartOf\":{\"@id\":\"https:\\\/\\\/www.boxrepsol.com\\\/en\\\/motogp-en\\\/victory-and-second-place-for-repsol-honda-team-at-misano\\\/\"},\"author\":{\"name\":\"bx_ayesa\",\"@id\":\"https:\\\/\\\/www.boxrepsol.com\\\/en\\\/#\\\/schema\\\/person\\\/d9d0f442a4332c7d099d31ffda4747a0\"},\"headline\":\"Victory and second place for Repsol Honda Team at Misano\",\"datePublished\":\"2021-10-24T02:00:00+00:00\",\"mainEntityOfPage\":{\"@id\":\"https:\\\/\\\/www.boxrepsol.com\\\/en\\\/motogp-en\\\/victory-and-second-place-for-repsol-honda-team-at-misano\\\/\"},\"wordCount\":509,\"commentCount\":0,\"publisher\":{\"@id\":\"https:\\\/\\\/www.boxrepsol.com\\\/en\\\/#organization\"},\"image\":{\"@id\":\"https:\\\/\\\/www.boxrepsol.com\\\/en\\\/motogp-en\\\/victory-and-second-place-for-repsol-honda-team-at-misano\\\/#primaryimage\"},\"thumbnailUrl\":\"https:\\\/\\\/bxrepsol.s3.eu-west-1.amazonaws.com\\\/static\\\/2022\\\/08\\\/09140832\\\/http___repsolmedia.com_repsolmedia_wp-content_uploads_2021_10_Copy-of-RD16_EmiliaRomagna_2021-05519.jpg\",\"keywords\":[\"2021\",\"Marc M\u00e1rquez\",\"Marc M\u00e1rquez\",\"MotoGP Misano\",\"MotoGP Misano\",\"Pol Espargar\u00f3\"],\"articleSection\":[\"MotoGP\"],\"inLanguage\":\"en-US\",\"potentialAction\":[{\"@type\":\"CommentAction\",\"name\":\"Comment\",\"target\":[\"https:\\\/\\\/www.boxrepsol.com\\\/en\\\/motogp-en\\\/victory-and-second-place-for-repsol-honda-team-at-misano\\\/#respond\"]}]},{\"@type\":\"WebPage\",\"@id\":\"https:\\\/\\\/www.boxrepsol.com\\\/en\\\/motogp-en\\\/victory-and-second-place-for-repsol-honda-team-at-misano\\\/\",\"url\":\"https:\\\/\\\/www.boxrepsol.com\\\/en\\\/motogp-en\\\/victory-and-second-place-for-repsol-honda-team-at-misano\\\/\",\"name\":\"Victory and second place for Repsol Honda Team at Misano - Box Repsol\",\"isPartOf\":{\"@id\":\"https:\\\/\\\/www.boxrepsol.com\\\/en\\\/#website\"},\"primaryImageOfPage\":{\"@id\":\"https:\\\/\\\/www.boxrepsol.com\\\/en\\\/motogp-en\\\/victory-and-second-place-for-repsol-honda-team-at-misano\\\/#primaryimage\"},\"image\":{\"@id\":\"https:\\\/\\\/www.boxrepsol.com\\\/en\\\/motogp-en\\\/victory-and-second-place-for-repsol-honda-team-at-misano\\\/#primaryimage\"},\"thumbnailUrl\":\"https:\\\/\\\/bxrepsol.s3.eu-west-1.amazonaws.com\\\/static\\\/2022\\\/08\\\/09140832\\\/http___repsolmedia.com_repsolmedia_wp-content_uploads_2021_10_Copy-of-RD16_EmiliaRomagna_2021-05519.jpg\",\"datePublished\":\"2021-10-24T02:00:00+00:00\",\"breadcrumb\":{\"@id\":\"https:\\\/\\\/www.boxrepsol.com\\\/en\\\/motogp-en\\\/victory-and-second-place-for-repsol-honda-team-at-misano\\\/#breadcrumb\"},\"inLanguage\":\"en-US\",\"potentialAction\":[{\"@type\":\"ReadAction\",\"target\":[\"https:\\\/\\\/www.boxrepsol.com\\\/en\\\/motogp-en\\\/victory-and-second-place-for-repsol-honda-team-at-misano\\\/\"]}]},{\"@type\":\"ImageObject\",\"inLanguage\":\"en-US\",\"@id\":\"https:\\\/\\\/www.boxrepsol.com\\\/en\\\/motogp-en\\\/victory-and-second-place-for-repsol-honda-team-at-misano\\\/#primaryimage\",\"url\":\"https:\\\/\\\/bxrepsol.s3.eu-west-1.amazonaws.com\\\/static\\\/2022\\\/08\\\/09140832\\\/http___repsolmedia.com_repsolmedia_wp-content_uploads_2021_10_Copy-of-RD16_EmiliaRomagna_2021-05519.jpg\",\"contentUrl\":\"https:\\\/\\\/bxrepsol.s3.eu-west-1.amazonaws.com\\\/static\\\/2022\\\/08\\\/09140832\\\/http___repsolmedia.com_repsolmedia_wp-content_uploads_2021_10_Copy-of-RD16_EmiliaRomagna_2021-05519.jpg\",\"width\":2500,\"height\":1668},{\"@type\":\"BreadcrumbList\",\"@id\":\"https:\\\/\\\/www.boxrepsol.com\\\/en\\\/motogp-en\\\/victory-and-second-place-for-repsol-honda-team-at-misano\\\/#breadcrumb\",\"itemListElement\":[{\"@type\":\"ListItem\",\"position\":1,\"name\":\"Home\",\"item\":\"https:\\\/\\\/www.boxrepsol.com\\\/en\\\/\"},{\"@type\":\"ListItem\",\"position\":2,\"name\":\"Victory and second place for Repsol Honda Team at Misano\"}]},{\"@type\":\"WebSite\",\"@id\":\"https:\\\/\\\/www.boxrepsol.com\\\/en\\\/#website\",\"url\":\"https:\\\/\\\/www.boxrepsol.com\\\/en\\\/\",\"name\":\"Box Repsol\",\"description\":\"Box Repsol Site\",\"publisher\":{\"@id\":\"https:\\\/\\\/www.boxrepsol.com\\\/en\\\/#organization\"},\"potentialAction\":[{\"@type\":\"SearchAction\",\"target\":{\"@type\":\"EntryPoint\",\"urlTemplate\":\"https:\\\/\\\/www.boxrepsol.com\\\/en\\\/?s={search_term_string}\"},\"query-input\":{\"@type\":\"PropertyValueSpecification\",\"valueRequired\":true,\"valueName\":\"search_term_string\"}}],\"inLanguage\":\"en-US\"},{\"@type\":\"Organization\",\"@id\":\"https:\\\/\\\/www.boxrepsol.com\\\/en\\\/#organization\",\"name\":\"Box Repsol\",\"url\":\"https:\\\/\\\/www.boxrepsol.com\\\/en\\\/\",\"logo\":{\"@type\":\"ImageObject\",\"inLanguage\":\"en-US\",\"@id\":\"https:\\\/\\\/www.boxrepsol.com\\\/en\\\/#\\\/schema\\\/logo\\\/image\\\/\",\"url\":\"https:\\\/\\\/bxrepsol.s3.eu-west-1.amazonaws.com\\\/static\\\/2025\\\/07\\\/30083337\\\/favicon-96x96-1.png\",\"contentUrl\":\"https:\\\/\\\/bxrepsol.s3.eu-west-1.amazonaws.com\\\/static\\\/2025\\\/07\\\/30083337\\\/favicon-96x96-1.png\",\"width\":96,\"height\":96,\"caption\":\"Box Repsol\"},\"image\":{\"@id\":\"https:\\\/\\\/www.boxrepsol.com\\\/en\\\/#\\\/schema\\\/logo\\\/image\\\/\"},\"sameAs\":[\"https:\\\/\\\/www.facebook.com\\\/BoxRepsol\",\"https:\\\/\\\/x.com\\\/box_repsol\",\"http:\\\/\\\/instagram.com\\\/box_repsol\",\"https:\\\/\\\/www.youtube.com\\\/user\\\/RepsolCompeticion\",\"https:\\\/\\\/www.flickr.com\\\/photos\\\/box_repsol\\\/\"]},{\"@type\":\"Person\",\"@id\":\"https:\\\/\\\/www.boxrepsol.com\\\/en\\\/#\\\/schema\\\/person\\\/d9d0f442a4332c7d099d31ffda4747a0\",\"name\":\"bx_ayesa\",\"image\":{\"@type\":\"ImageObject\",\"inLanguage\":\"en-US\",\"@id\":\"https:\\\/\\\/secure.gravatar.com\\\/avatar\\\/059e1b9d3585083708845ba70e8dd968f143ff35f5e0e10cf2d1e7afe2c6a878?s=96&d=mm&r=g\",\"url\":\"https:\\\/\\\/secure.gravatar.com\\\/avatar\\\/059e1b9d3585083708845ba70e8dd968f143ff35f5e0e10cf2d1e7afe2c6a878?s=96&d=mm&r=g\",\"contentUrl\":\"https:\\\/\\\/secure.gravatar.com\\\/avatar\\\/059e1b9d3585083708845ba70e8dd968f143ff35f5e0e10cf2d1e7afe2c6a878?s=96&d=mm&r=g\",\"caption\":\"bx_ayesa\"},\"sameAs\":[\"http:\\\/\\\/54.155.157.200\"],\"url\":\"https:\\\/\\\/www.boxrepsol.com\\\/en\\\/author\\\/bx_ayesa\\\/\"}]}<\/script>\n<!-- \/ Yoast SEO plugin. -->","yoast_head_json":{"title":"Victory and second place for Repsol Honda Team at Misano - Box Repsol","canonical":"https:\/\/www.boxrepsol.com\/en\/motogp-en\/victory-and-second-place-for-repsol-honda-team-at-misano\/","og_locale":"en_US","og_type":"article","og_title":"Victory and second place for Repsol Honda Team at Misano - Box Repsol","og_description":"Marc M\u00e1rquez wins the Grand Prix dell\u2019Emilia - Romagna, followed by Pol Espargar\u00f3 in second.","og_url":"https:\/\/www.boxrepsol.com\/en\/motogp-en\/victory-and-second-place-for-repsol-honda-team-at-misano\/","og_site_name":"Box Repsol","article_publisher":"https:\/\/www.facebook.com\/BoxRepsol","article_published_time":"2021-10-24T02:00:00+00:00","og_image":[{"width":2500,"height":1668,"url":"https:\/\/bxrepsol.s3.eu-west-1.amazonaws.com\/static\/2022\/08\/09140832\/http___repsolmedia.com_repsolmedia_wp-content_uploads_2021_10_Copy-of-RD16_EmiliaRomagna_2021-05519.jpg","type":"image\/jpeg"}],"author":"bx_ayesa","twitter_card":"summary_large_image","twitter_creator":"@box_repsol","twitter_site":"@box_repsol","twitter_misc":{"Written by":"bx_ayesa","Est. reading time":"2 minutes"},"schema":{"@context":"https:\/\/schema.org","@graph":[{"@type":"Article","@id":"https:\/\/www.boxrepsol.com\/en\/motogp-en\/victory-and-second-place-for-repsol-honda-team-at-misano\/#article","isPartOf":{"@id":"https:\/\/www.boxrepsol.com\/en\/motogp-en\/victory-and-second-place-for-repsol-honda-team-at-misano\/"},"author":{"name":"bx_ayesa","@id":"https:\/\/www.boxrepsol.com\/en\/#\/schema\/person\/d9d0f442a4332c7d099d31ffda4747a0"},"headline":"Victory and second place for Repsol Honda Team at Misano","datePublished":"2021-10-24T02:00:00+00:00","mainEntityOfPage":{"@id":"https:\/\/www.boxrepsol.com\/en\/motogp-en\/victory-and-second-place-for-repsol-honda-team-at-misano\/"},"wordCount":509,"commentCount":0,"publisher":{"@id":"https:\/\/www.boxrepsol.com\/en\/#organization"},"image":{"@id":"https:\/\/www.boxrepsol.com\/en\/motogp-en\/victory-and-second-place-for-repsol-honda-team-at-misano\/#primaryimage"},"thumbnailUrl":"https:\/\/bxrepsol.s3.eu-west-1.amazonaws.com\/static\/2022\/08\/09140832\/http___repsolmedia.com_repsolmedia_wp-content_uploads_2021_10_Copy-of-RD16_EmiliaRomagna_2021-05519.jpg","keywords":["2021","Marc M\u00e1rquez","Marc M\u00e1rquez","MotoGP Misano","MotoGP Misano","Pol Espargar\u00f3"],"articleSection":["MotoGP"],"inLanguage":"en-US","potentialAction":[{"@type":"CommentAction","name":"Comment","target":["https:\/\/www.boxrepsol.com\/en\/motogp-en\/victory-and-second-place-for-repsol-honda-team-at-misano\/#respond"]}]},{"@type":"WebPage","@id":"https:\/\/www.boxrepsol.com\/en\/motogp-en\/victory-and-second-place-for-repsol-honda-team-at-misano\/","url":"https:\/\/www.boxrepsol.com\/en\/motogp-en\/victory-and-second-place-for-repsol-honda-team-at-misano\/","name":"Victory and second place for Repsol Honda Team at Misano - Box Repsol","isPartOf":{"@id":"https:\/\/www.boxrepsol.com\/en\/#website"},"primaryImageOfPage":{"@id":"https:\/\/www.boxrepsol.com\/en\/motogp-en\/victory-and-second-place-for-repsol-honda-team-at-misano\/#primaryimage"},"image":{"@id":"https:\/\/www.boxrepsol.com\/en\/motogp-en\/victory-and-second-place-for-repsol-honda-team-at-misano\/#primaryimage"},"thumbnailUrl":"https:\/\/bxrepsol.s3.eu-west-1.amazonaws.com\/static\/2022\/08\/09140832\/http___repsolmedia.com_repsolmedia_wp-content_uploads_2021_10_Copy-of-RD16_EmiliaRomagna_2021-05519.jpg","datePublished":"2021-10-24T02:00:00+00:00","breadcrumb":{"@id":"https:\/\/www.boxrepsol.com\/en\/motogp-en\/victory-and-second-place-for-repsol-honda-team-at-misano\/#breadcrumb"},"inLanguage":"en-US","potentialAction":[{"@type":"ReadAction","target":["https:\/\/www.boxrepsol.com\/en\/motogp-en\/victory-and-second-place-for-repsol-honda-team-at-misano\/"]}]},{"@type":"ImageObject","inLanguage":"en-US","@id":"https:\/\/www.boxrepsol.com\/en\/motogp-en\/victory-and-second-place-for-repsol-honda-team-at-misano\/#primaryimage","url":"https:\/\/bxrepsol.s3.eu-west-1.amazonaws.com\/static\/2022\/08\/09140832\/http___repsolmedia.com_repsolmedia_wp-content_uploads_2021_10_Copy-of-RD16_EmiliaRomagna_2021-05519.jpg","contentUrl":"https:\/\/bxrepsol.s3.eu-west-1.amazonaws.com\/static\/2022\/08\/09140832\/http___repsolmedia.com_repsolmedia_wp-content_uploads_2021_10_Copy-of-RD16_EmiliaRomagna_2021-05519.jpg","width":2500,"height":1668},{"@type":"BreadcrumbList","@id":"https:\/\/www.boxrepsol.com\/en\/motogp-en\/victory-and-second-place-for-repsol-honda-team-at-misano\/#breadcrumb","itemListElement":[{"@type":"ListItem","position":1,"name":"Home","item":"https:\/\/www.boxrepsol.com\/en\/"},{"@type":"ListItem","position":2,"name":"Victory and second place for Repsol Honda Team at Misano"}]},{"@type":"WebSite","@id":"https:\/\/www.boxrepsol.com\/en\/#website","url":"https:\/\/www.boxrepsol.com\/en\/","name":"Box Repsol","description":"Box Repsol Site","publisher":{"@id":"https:\/\/www.boxrepsol.com\/en\/#organization"},"potentialAction":[{"@type":"SearchAction","target":{"@type":"EntryPoint","urlTemplate":"https:\/\/www.boxrepsol.com\/en\/?s={search_term_string}"},"query-input":{"@type":"PropertyValueSpecification","valueRequired":true,"valueName":"search_term_string"}}],"inLanguage":"en-US"},{"@type":"Organization","@id":"https:\/\/www.boxrepsol.com\/en\/#organization","name":"Box Repsol","url":"https:\/\/www.boxrepsol.com\/en\/","logo":{"@type":"ImageObject","inLanguage":"en-US","@id":"https:\/\/www.boxrepsol.com\/en\/#\/schema\/logo\/image\/","url":"https:\/\/bxrepsol.s3.eu-west-1.amazonaws.com\/static\/2025\/07\/30083337\/favicon-96x96-1.png","contentUrl":"https:\/\/bxrepsol.s3.eu-west-1.amazonaws.com\/static\/2025\/07\/30083337\/favicon-96x96-1.png","width":96,"height":96,"caption":"Box Repsol"},"image":{"@id":"https:\/\/www.boxrepsol.com\/en\/#\/schema\/logo\/image\/"},"sameAs":["https:\/\/www.facebook.com\/BoxRepsol","https:\/\/x.com\/box_repsol","http:\/\/instagram.com\/box_repsol","https:\/\/www.youtube.com\/user\/RepsolCompeticion","https:\/\/www.flickr.com\/photos\/box_repsol\/"]},{"@type":"Person","@id":"https:\/\/www.boxrepsol.com\/en\/#\/schema\/person\/d9d0f442a4332c7d099d31ffda4747a0","name":"bx_ayesa","image":{"@type":"ImageObject","inLanguage":"en-US","@id":"https:\/\/secure.gravatar.com\/avatar\/059e1b9d3585083708845ba70e8dd968f143ff35f5e0e10cf2d1e7afe2c6a878?s=96&d=mm&r=g","url":"https:\/\/secure.gravatar.com\/avatar\/059e1b9d3585083708845ba70e8dd968f143ff35f5e0e10cf2d1e7afe2c6a878?s=96&d=mm&r=g","contentUrl":"https:\/\/secure.gravatar.com\/avatar\/059e1b9d3585083708845ba70e8dd968f143ff35f5e0e10cf2d1e7afe2c6a878?s=96&d=mm&r=g","caption":"bx_ayesa"},"sameAs":["http:\/\/54.155.157.200"],"url":"https:\/\/www.boxrepsol.com\/en\/author\/bx_ayesa\/"}]}},"_links":{"self":[{"href":"https:\/\/www.boxrepsol.com\/en\/wp-json\/wp\/v2\/posts\/98397","targetHints":{"allow":["GET"]}}],"collection":[{"href":"https:\/\/www.boxrepsol.com\/en\/wp-json\/wp\/v2\/posts"}],"about":[{"href":"https:\/\/www.boxrepsol.com\/en\/wp-json\/wp\/v2\/types\/post"}],"author":[{"embeddable":true,"href":"https:\/\/www.boxrepsol.com\/en\/wp-json\/wp\/v2\/users\/1"}],"replies":[{"embeddable":true,"href":"https:\/\/www.boxrepsol.com\/en\/wp-json\/wp\/v2\/comments?post=98397"}],"version-history":[{"count":0,"href":"https:\/\/www.boxrepsol.com\/en\/wp-json\/wp\/v2\/posts\/98397\/revisions"}],"wp:featuredmedia":[{"embeddable":true,"href":"https:\/\/www.boxrepsol.com\/en\/wp-json\/wp\/v2\/media\/44434"}],"wp:attachment":[{"href":"https:\/\/www.boxrepsol.com\/en\/wp-json\/wp\/v2\/media?parent=98397"}],"wp:term":[{"taxonomy":"category","embeddable":true,"href":"https:\/\/www.boxrepsol.com\/en\/wp-json\/wp\/v2\/categories?post=98397"},{"taxonomy":"post_tag","embeddable":true,"href":"https:\/\/www.boxrepsol.com\/en\/wp-json\/wp\/v2\/tags?post=98397"}],"curies":[{"name":"wp","href":"https:\/\/api.w.org\/{rel}","templated":true}]}}